{"id":9987,"date":"2016-09-09T15:00:03","date_gmt":"2016-09-09T13:00:03","guid":{"rendered":"http:\/\/www.jazzzeitung.de\/cms\/?p=9987"},"modified":"2016-09-08T11:28:00","modified_gmt":"2016-09-08T09:28:00","slug":"klangschoene-friedensreferenz-und-nachtdunkle-intensitaet","status":"publish","type":"post","link":"https:\/\/www.jazzzeitung.de\/cms\/2016\/09\/klangschoene-friedensreferenz-und-nachtdunkle-intensitaet\/","title":{"rendered":"Klangsch\u00f6ne Friedensreferenz und nachtdunkle Intensit\u00e4t \u2013 aktuelle CD von Carlo Mombelli"},"content":{"rendered":"<figure id=\"attachment_9988\" aria-describedby=\"caption-attachment-9988\" style=\"width: 150px\" class=\"wp-caption alignright\"><a href=\"https:\/\/i0.wp.com\/www.jazzzeitung.de\/cms\/wp-content\/uploads\/2016\/09\/Mombelli-Ipressmy.png\"><img data-recalc-dims=\"1\" loading=\"lazy\" decoding=\"async\" data-attachment-id=\"9988\" data-permalink=\"https:\/\/www.jazzzeitung.de\/cms\/2016\/09\/klangschoene-friedensreferenz-und-nachtdunkle-intensitaet\/mombelli-ipressmy\/\" data-orig-file=\"https:\/\/i0.wp.com\/www.jazzzeitung.de\/cms\/wp-content\/uploads\/2016\/09\/Mombelli-Ipressmy.png?fit=482%2C486&amp;ssl=1\" data-orig-size=\"482,486\" data-comments-opened=\"1\" data-image-meta=\"{&quot;aperture&quot;:&quot;0&quot;,&quot;credit&quot;:&quot;&quot;,&quot;camera&quot;:&quot;&quot;,&quot;caption&quot;:&quot;&quot;,&quot;created_timestamp&quot;:&quot;0&quot;,&quot;copyright&quot;:&quot;&quot;,&quot;focal_length&quot;:&quot;0&quot;,&quot;iso&quot;:&quot;0&quot;,&quot;shutter_speed&quot;:&quot;0&quot;,&quot;title&quot;:&quot;&quot;,&quot;orientation&quot;:&quot;0&quot;}\" data-image-title=\"Mombelli-Ipressmy\" data-image-description=\"\" data-image-caption=\"\" data-large-file=\"https:\/\/i0.wp.com\/www.jazzzeitung.de\/cms\/wp-content\/uploads\/2016\/09\/Mombelli-Ipressmy.png?fit=482%2C486&amp;ssl=1\" class=\"wp-image-9988 size-thumbnail\" src=\"https:\/\/i0.wp.com\/www.jazzzeitung.de\/cms\/wp-content\/uploads\/2016\/09\/Mombelli-Ipressmy-150x150.png?resize=150%2C150\" alt=\"Mombelli-Ipressmy\" width=\"150\" height=\"150\" srcset=\"https:\/\/i0.wp.com\/www.jazzzeitung.de\/cms\/wp-content\/uploads\/2016\/09\/Mombelli-Ipressmy.png?resize=150%2C150&amp;ssl=1 150w, https:\/\/i0.wp.com\/www.jazzzeitung.de\/cms\/wp-content\/uploads\/2016\/09\/Mombelli-Ipressmy.png?resize=298%2C300&amp;ssl=1 298w, https:\/\/i0.wp.com\/www.jazzzeitung.de\/cms\/wp-content\/uploads\/2016\/09\/Mombelli-Ipressmy.png?resize=144%2C144&amp;ssl=1 144w, https:\/\/i0.wp.com\/www.jazzzeitung.de\/cms\/wp-content\/uploads\/2016\/09\/Mombelli-Ipressmy.png?resize=96%2C96&amp;ssl=1 96w, https:\/\/i0.wp.com\/www.jazzzeitung.de\/cms\/wp-content\/uploads\/2016\/09\/Mombelli-Ipressmy.png?resize=24%2C24&amp;ssl=1 24w, https:\/\/i0.wp.com\/www.jazzzeitung.de\/cms\/wp-content\/uploads\/2016\/09\/Mombelli-Ipressmy.png?resize=36%2C36&amp;ssl=1 36w, https:\/\/i0.wp.com\/www.jazzzeitung.de\/cms\/wp-content\/uploads\/2016\/09\/Mombelli-Ipressmy.png?resize=48%2C48&amp;ssl=1 48w, https:\/\/i0.wp.com\/www.jazzzeitung.de\/cms\/wp-content\/uploads\/2016\/09\/Mombelli-Ipressmy.png?resize=64%2C64&amp;ssl=1 64w, https:\/\/i0.wp.com\/www.jazzzeitung.de\/cms\/wp-content\/uploads\/2016\/09\/Mombelli-Ipressmy.png?resize=32%2C32&amp;ssl=1 32w, https:\/\/i0.wp.com\/www.jazzzeitung.de\/cms\/wp-content\/uploads\/2016\/09\/Mombelli-Ipressmy.png?resize=50%2C50&amp;ssl=1 50w, https:\/\/i0.wp.com\/www.jazzzeitung.de\/cms\/wp-content\/uploads\/2016\/09\/Mombelli-Ipressmy.png?resize=128%2C128&amp;ssl=1 128w, https:\/\/i0.wp.com\/www.jazzzeitung.de\/cms\/wp-content\/uploads\/2016\/09\/Mombelli-Ipressmy.png?w=482&amp;ssl=1 482w\" sizes=\"auto, (max-width: 150px) 100vw, 150px\" \/><\/a><figcaption id=\"caption-attachment-9988\" class=\"wp-caption-text\">Carlo Mombelli &#8211; I Press My Spine to the Ground<\/figcaption><\/figure>\n<p>Auf dem R\u00fccken einer nachtblauen Katze schl\u00e4ft ein gr\u00fcn-gelber Mann. Er tr\u00e4gt eine Augenlarve und ist mit einer blauen Decke bedeckt. Das surreale Bild des s\u00fcdafrikanischen K\u00fcnstlers Norman Catherine bezieht sich auf den Titelsong von Carlo Mombellis neuem Album\u00a0 &#8222;I Press My Spine to the Ground&#8220;. Gleichzeitig korrespondiert es auf geheimnisvolle Weise mit der dunklen, stark vom Sound gepr\u00e4gten Musik des Bassisten. Orakelhaft lenkt Glockengel\u00e4ut in der einleitenden Kollektivimprovisation (Bells of Gitschenen) die Ohren auf einen Klangpfad voller Uneindeutigkeit und tastend-versponnener Voodoo-Sinnlichkeit. Almvieh-Abtrieb im Gebirge? Der Ruf zum Gebet? Oder Warnung vor der abgr\u00fcndigen Intensit\u00e4t kreativer Freigeisterei? Es bleibt offen, auch wenn der Dreiklang am Schluss des Sechs-Minuten-St\u00fccks zum titelgebenden, nachdenklichen Song \u00fcberleitet. Brenda Sisane steuert darin als Gastmusikerin ein stark spirituell gef\u00e4rbtes, poetisches Spoken-Word-St\u00fcck bei. Auch wenn musikalisch scheinbar wenig passiert, das Quartett mit Mombellis langj\u00e4hrigen Partnern Kyle Shepherd (piano), Kesivan Naidoo (drums) und Mabuso Khoza (voice) verhalten, fast somnambul kurze Klangeruptionen, melancholisch-vertr\u00e4umte melodische Schnipsel und afrikanische Erhabenheit erzeugt, gelingt mit dem Wenigen ein kaum fassbare Intensit\u00e4t und emotionale Dichte. Hymnische Kraft und dunkel leuchtendes Pathos gipfeln in \u201ePicasso\u00b4s Dove\u201c, eine musikalische Referenz an die weltweit verbreitete Zeichnung mit dem Friedenssymbol von Pablo Picasso. Mit dem federleichten, klangmalerischen \u201eHymn\/Joni\u201c erinnert der S\u00fcdafrikaner mit dem gro\u00dfen Ton auf seinem Instrument an die gro\u00dfe Singer-Songwriterin Joni Mitchell.<\/p>\n<p>Der gro\u00dfartige Bassspieler und h\u00f6chst elegante Stilist hat eine Professur an der Uni in Johannisburg, wo er 2009 seinen Doktor in Komposition erwarb. Wenn er nicht gerade Musik f\u00fcr Ballette oder\u00a0 Auftragswerke f\u00fcr das \u201eStockholm Saxophone Quartet\u201c oder das amerikanische Streichquartett \u201eEthel\u201c schreibt oder unterrichtet, tourt er durch seine Heimat oder ist in Europa, wo er lange lebte, mit befreundeten Musikern unterwegs. W\u00e4hrend seiner Jahre in Europa \u2013 lange Zeit in M\u00fcnchen \u2013 hat Mombelli mit Egberto Gismonti, Charlie Mariano, Mick Goodrick, Jeroen van Vliet und Lee Konitz gespielt und aufgenommen. 1989 war er an einem Tribut-Album f\u00fcr Jaco Pastorius beteiligt. Die Bewunderung f\u00fcr diesen Ausnahmemusiker ist bis heute in Mombellis virtuosem Spiel zu erkennen. Dreimal war er f\u00fcr dem South African Musik Award (SAMA) nominiert. Mit \u201eI Press My Spine to the Ground\u201c hat er beste Voraussetzungen die dem Grammy vergleichbare Auszeichnung endlich auch zu erhalten. In den ber\u00fchrenden Kompositionen fliessen eine Art freier Improvisation, Spurenelemente elektronischer Sounds, melodische Momente und eindringliche Klangformen ineinander. Sie verbinden sich mit Einfl\u00fcssen afrikanischer Musik, Poesie und freiem Puls, weitab gewohnter Grooves, zu einer Intensit\u00e4t, die manchmal an Dollar Brand\/Abdullah Ibrahim erinnert. Eines der interessantesten und sch\u00f6nsten Alben aus Afrika der letzten Jahre.<\/p>\n<p>Michael Scheiner<\/p>\n<p>&nbsp;<\/p>\n<p>Carlo Mombelli<\/p>\n<p><strong>I Press My Spine to the Ground<\/strong><\/p>\n<p>Mombelli Music<\/p>\n<p>Infos \/ Bestellungen: <a href=\"http:\/\/www.carlomombelli.com\/\">www.carlomombelli.com\/<\/a> \u00a0oder Amazon<\/p>\n","protected":false},"excerpt":{"rendered":"<p>Auf dem R\u00fccken einer nachtblauen Katze schl\u00e4ft ein gr\u00fcn-gelber Mann. Er tr\u00e4gt eine Augenlarve und ist mit einer blauen Decke bedeckt. Das surreale Bild des s\u00fcdafrikanischen K\u00fcnstlers Norman Catherine bezieht sich auf den Titelsong von Carlo Mombellis neuem Album\u00a0 &#8222;I Press My Spine to the Ground&#8220;. Gleichzeitig korrespondiert es auf geheimnisvolle Weise mit der dunklen, stark vom Sound gepr\u00e4gten Musik des Bassisten. Orakelhaft lenkt Glockengel\u00e4ut in der einleitenden Kollektivimprovisation (Bells of Gitschenen) die Ohren auf einen Klangpfad voller Uneindeutigkeit und tastend-versponnener Voodoo-Sinnlichkeit. Almvieh-Abtrieb im Gebirge? Der Ruf zum Gebet? Oder Warnung vor der abgr\u00fcndigen Intensit\u00e4t kreativer Freigeisterei? Es bleibt offen, auch wenn der Dreiklang am Schluss des Sechs-Minuten-St\u00fccks zum titelgebenden, nachdenklichen Song \u00fcberleitet. Brenda Sisane steuert darin als Gastmusikerin ein stark spirituell gef\u00e4rbtes, poetisches Spoken-Word-St\u00fcck bei. Auch wenn musikalisch scheinbar wenig passiert, das Quartett mit Mombellis langj\u00e4hrigen Partnern Kyle Shepherd (piano), Kesivan Naidoo (drums) und Mabuso Khoza (voice) verhalten, fast somnambul kurze Klangeruptionen, melancholisch-vertr\u00e4umte melodische Schnipsel und afrikanische Erhabenheit erzeugt, gelingt mit dem Wenigen ein kaum fassbare Intensit\u00e4t und emotionale Dichte. Hymnische Kraft und dunkel leuchtendes Pathos gipfeln in \u201ePicasso\u00b4s Dove\u201c, eine musikalische Referenz an &hellip;<\/p>\n","protected":false},"author":18,"featured_media":0,"comment_status":"open","ping_status":"closed","sticky":false,"template":"","format":"standard","meta":{"_jetpack_memberships_contains_paid_content":false,"footnotes":"","jetpack_publicize_message":"","jetpack_publicize_feature_enabled":true,"jetpack_social_post_already_shared":false,"jetpack_social_options":{"image_generator_settings":{"template":"highway","default_image_id":0,"font":"","enabled":false},"version":2}},"categories":[1152],"tags":[26,34,109,1007,347,387,401,442],"coauthors":[695],"class_list":["post-9987","post","type-post","status-publish","format-standard","hentry","category-rezension","tag-abdullah-ibrahim","tag-album","tag-cd","tag-improvisation","tag-lee-konitz","tag-michael-scheiner","tag-muenchen","tag-piano"],"yoast_head":"<!-- This site is optimized with the Yoast SEO plugin v27.5 - https:\/\/yoast.com\/product\/yoast-seo-wordpress\/ -->\n<title>Klangsch\u00f6ne Friedensreferenz und nachtdunkle Intensit\u00e4t \u2013 aktuelle CD von Carlo Mombelli - JazzZeitung<\/title>\n<meta name=\"robots\" content=\"index, follow, max-snippet:-1, max-image-preview:large, max-video-preview:-1\" \/>\n<link rel=\"canonical\" href=\"https:\/\/www.jazzzeitung.de\/cms\/2016\/09\/klangschoene-friedensreferenz-und-nachtdunkle-intensitaet\/\" \/>\n<meta property=\"og:locale\" content=\"de_DE\" \/>\n<meta property=\"og:type\" content=\"article\" \/>\n<meta property=\"og:title\" content=\"Klangsch\u00f6ne Friedensreferenz und nachtdunkle Intensit\u00e4t \u2013 aktuelle CD von Carlo Mombelli - JazzZeitung\" \/>\n<meta property=\"og:description\" content=\"Auf dem R\u00fccken einer nachtblauen Katze schl\u00e4ft ein gr\u00fcn-gelber Mann. Er tr\u00e4gt eine Augenlarve und ist mit einer blauen Decke bedeckt. Das surreale Bild des s\u00fcdafrikanischen K\u00fcnstlers Norman Catherine bezieht sich auf den Titelsong von Carlo Mombellis neuem Album\u00a0 &#8222;I Press My Spine to the Ground&#8220;. Gleichzeitig korrespondiert es auf geheimnisvolle Weise mit der dunklen, stark vom Sound gepr\u00e4gten Musik des Bassisten. Orakelhaft lenkt Glockengel\u00e4ut in der einleitenden Kollektivimprovisation (Bells of Gitschenen) die Ohren auf einen Klangpfad voller Uneindeutigkeit und tastend-versponnener Voodoo-Sinnlichkeit. Almvieh-Abtrieb im Gebirge? Der Ruf zum Gebet? Oder Warnung vor der abgr\u00fcndigen Intensit\u00e4t kreativer Freigeisterei? Es bleibt offen, auch wenn der Dreiklang am Schluss des Sechs-Minuten-St\u00fccks zum titelgebenden, nachdenklichen Song \u00fcberleitet. Brenda Sisane steuert darin als Gastmusikerin ein stark spirituell gef\u00e4rbtes, poetisches Spoken-Word-St\u00fcck bei. Auch wenn musikalisch scheinbar wenig passiert, das Quartett mit Mombellis langj\u00e4hrigen Partnern Kyle Shepherd (piano), Kesivan Naidoo (drums) und Mabuso Khoza (voice) verhalten, fast somnambul kurze Klangeruptionen, melancholisch-vertr\u00e4umte melodische Schnipsel und afrikanische Erhabenheit erzeugt, gelingt mit dem Wenigen ein kaum fassbare Intensit\u00e4t und emotionale Dichte. Hymnische Kraft und dunkel leuchtendes Pathos gipfeln in \u201ePicasso\u00b4s Dove\u201c, eine musikalische Referenz an &hellip;\" \/>\n<meta property=\"og:url\" content=\"https:\/\/www.jazzzeitung.de\/cms\/2016\/09\/klangschoene-friedensreferenz-und-nachtdunkle-intensitaet\/\" \/>\n<meta property=\"og:site_name\" content=\"JazzZeitung\" \/>\n<meta property=\"article:publisher\" content=\"https:\/\/www.facebook.com\/JazzZeitung\/\" \/>\n<meta property=\"article:published_time\" content=\"2016-09-09T13:00:03+00:00\" \/>\n<meta property=\"og:image\" content=\"http:\/\/www.jazzzeitung.de\/cms\/wp-content\/uploads\/2016\/09\/Mombelli-Ipressmy-150x150.png\" \/>\n<meta name=\"author\" content=\"Redaktion JazzZeitung\" \/>\n<script type=\"application\/ld+json\" class=\"yoast-schema-graph\">{\"@context\":\"https:\\\/\\\/schema.org\",\"@graph\":[{\"@type\":\"Article\",\"@id\":\"https:\\\/\\\/www.jazzzeitung.de\\\/cms\\\/2016\\\/09\\\/klangschoene-friedensreferenz-und-nachtdunkle-intensitaet\\\/#article\",\"isPartOf\":{\"@id\":\"https:\\\/\\\/www.jazzzeitung.de\\\/cms\\\/2016\\\/09\\\/klangschoene-friedensreferenz-und-nachtdunkle-intensitaet\\\/\"},\"author\":{\"name\":\"Redaktion JazzZeitung\",\"@id\":\"https:\\\/\\\/www.jazzzeitung.de\\\/cms\\\/#\\\/schema\\\/person\\\/2245b36b9cd1d24cea10f01c031fb92b\"},\"headline\":\"Klangsch\u00f6ne Friedensreferenz und nachtdunkle Intensit\u00e4t \u2013 aktuelle CD von Carlo Mombelli\",\"datePublished\":\"2016-09-09T13:00:03+00:00\",\"mainEntityOfPage\":{\"@id\":\"https:\\\/\\\/www.jazzzeitung.de\\\/cms\\\/2016\\\/09\\\/klangschoene-friedensreferenz-und-nachtdunkle-intensitaet\\\/\"},\"wordCount\":497,\"commentCount\":0,\"publisher\":{\"@id\":\"https:\\\/\\\/www.jazzzeitung.de\\\/cms\\\/#organization\"},\"image\":{\"@id\":\"https:\\\/\\\/www.jazzzeitung.de\\\/cms\\\/2016\\\/09\\\/klangschoene-friedensreferenz-und-nachtdunkle-intensitaet\\\/#primaryimage\"},\"thumbnailUrl\":\"http:\\\/\\\/www.jazzzeitung.de\\\/cms\\\/wp-content\\\/uploads\\\/2016\\\/09\\\/Mombelli-Ipressmy-150x150.png\",\"keywords\":[\"Abdullah Ibrahim\",\"Album\",\"CD\",\"Improvisation\",\"Lee Konitz\",\"Michael Scheiner\",\"M\u00fcnchen\",\"Piano\"],\"articleSection\":[\"Rezension\"],\"inLanguage\":\"de\",\"potentialAction\":[{\"@type\":\"CommentAction\",\"name\":\"Comment\",\"target\":[\"https:\\\/\\\/www.jazzzeitung.de\\\/cms\\\/2016\\\/09\\\/klangschoene-friedensreferenz-und-nachtdunkle-intensitaet\\\/#respond\"]}]},{\"@type\":\"WebPage\",\"@id\":\"https:\\\/\\\/www.jazzzeitung.de\\\/cms\\\/2016\\\/09\\\/klangschoene-friedensreferenz-und-nachtdunkle-intensitaet\\\/\",\"url\":\"https:\\\/\\\/www.jazzzeitung.de\\\/cms\\\/2016\\\/09\\\/klangschoene-friedensreferenz-und-nachtdunkle-intensitaet\\\/\",\"name\":\"Klangsch\u00f6ne Friedensreferenz und nachtdunkle Intensit\u00e4t \u2013 aktuelle CD von Carlo Mombelli - JazzZeitung\",\"isPartOf\":{\"@id\":\"https:\\\/\\\/www.jazzzeitung.de\\\/cms\\\/#website\"},\"primaryImageOfPage\":{\"@id\":\"https:\\\/\\\/www.jazzzeitung.de\\\/cms\\\/2016\\\/09\\\/klangschoene-friedensreferenz-und-nachtdunkle-intensitaet\\\/#primaryimage\"},\"image\":{\"@id\":\"https:\\\/\\\/www.jazzzeitung.de\\\/cms\\\/2016\\\/09\\\/klangschoene-friedensreferenz-und-nachtdunkle-intensitaet\\\/#primaryimage\"},\"thumbnailUrl\":\"http:\\\/\\\/www.jazzzeitung.de\\\/cms\\\/wp-content\\\/uploads\\\/2016\\\/09\\\/Mombelli-Ipressmy-150x150.png\",\"datePublished\":\"2016-09-09T13:00:03+00:00\",\"breadcrumb\":{\"@id\":\"https:\\\/\\\/www.jazzzeitung.de\\\/cms\\\/2016\\\/09\\\/klangschoene-friedensreferenz-und-nachtdunkle-intensitaet\\\/#breadcrumb\"},\"inLanguage\":\"de\",\"potentialAction\":[{\"@type\":\"ReadAction\",\"target\":[\"https:\\\/\\\/www.jazzzeitung.de\\\/cms\\\/2016\\\/09\\\/klangschoene-friedensreferenz-und-nachtdunkle-intensitaet\\\/\"]}]},{\"@type\":\"ImageObject\",\"inLanguage\":\"de\",\"@id\":\"https:\\\/\\\/www.jazzzeitung.de\\\/cms\\\/2016\\\/09\\\/klangschoene-friedensreferenz-und-nachtdunkle-intensitaet\\\/#primaryimage\",\"url\":\"http:\\\/\\\/www.jazzzeitung.de\\\/cms\\\/wp-content\\\/uploads\\\/2016\\\/09\\\/Mombelli-Ipressmy-150x150.png\",\"contentUrl\":\"http:\\\/\\\/www.jazzzeitung.de\\\/cms\\\/wp-content\\\/uploads\\\/2016\\\/09\\\/Mombelli-Ipressmy-150x150.png\"},{\"@type\":\"BreadcrumbList\",\"@id\":\"https:\\\/\\\/www.jazzzeitung.de\\\/cms\\\/2016\\\/09\\\/klangschoene-friedensreferenz-und-nachtdunkle-intensitaet\\\/#breadcrumb\",\"itemListElement\":[{\"@type\":\"ListItem\",\"position\":1,\"name\":\"Startseite\",\"item\":\"https:\\\/\\\/www.jazzzeitung.de\\\/cms\\\/\"},{\"@type\":\"ListItem\",\"position\":2,\"name\":\"Klangsch\u00f6ne Friedensreferenz und nachtdunkle Intensit\u00e4t \u2013 aktuelle CD von Carlo Mombelli\"}]},{\"@type\":\"WebSite\",\"@id\":\"https:\\\/\\\/www.jazzzeitung.de\\\/cms\\\/#website\",\"url\":\"https:\\\/\\\/www.jazzzeitung.de\\\/cms\\\/\",\"name\":\"JazzZeitung\",\"description\":\"Jazz-News und Jazz-Kontroverses\",\"publisher\":{\"@id\":\"https:\\\/\\\/www.jazzzeitung.de\\\/cms\\\/#organization\"},\"potentialAction\":[{\"@type\":\"SearchAction\",\"target\":{\"@type\":\"EntryPoint\",\"urlTemplate\":\"https:\\\/\\\/www.jazzzeitung.de\\\/cms\\\/?s={search_term_string}\"},\"query-input\":{\"@type\":\"PropertyValueSpecification\",\"valueRequired\":true,\"valueName\":\"search_term_string\"}}],\"inLanguage\":\"de\"},{\"@type\":\"Organization\",\"@id\":\"https:\\\/\\\/www.jazzzeitung.de\\\/cms\\\/#organization\",\"name\":\"JazzZeitung online\",\"url\":\"https:\\\/\\\/www.jazzzeitung.de\\\/cms\\\/\",\"logo\":{\"@type\":\"ImageObject\",\"inLanguage\":\"de\",\"@id\":\"https:\\\/\\\/www.jazzzeitung.de\\\/cms\\\/#\\\/schema\\\/logo\\\/image\\\/\",\"url\":\"https:\\\/\\\/i0.wp.com\\\/www.jazzzeitung.de\\\/cms\\\/wp-content\\\/uploads\\\/2015\\\/08\\\/JAZZZEITUNGDE_Logo_Neu.png?fit=499%2C200&ssl=1\",\"contentUrl\":\"https:\\\/\\\/i0.wp.com\\\/www.jazzzeitung.de\\\/cms\\\/wp-content\\\/uploads\\\/2015\\\/08\\\/JAZZZEITUNGDE_Logo_Neu.png?fit=499%2C200&ssl=1\",\"width\":499,\"height\":200,\"caption\":\"JazzZeitung online\"},\"image\":{\"@id\":\"https:\\\/\\\/www.jazzzeitung.de\\\/cms\\\/#\\\/schema\\\/logo\\\/image\\\/\"},\"sameAs\":[\"https:\\\/\\\/www.facebook.com\\\/JazzZeitung\\\/\"]},{\"@type\":\"Person\",\"@id\":\"https:\\\/\\\/www.jazzzeitung.de\\\/cms\\\/#\\\/schema\\\/person\\\/2245b36b9cd1d24cea10f01c031fb92b\",\"name\":\"Redaktion JazzZeitung\",\"image\":{\"@type\":\"ImageObject\",\"inLanguage\":\"de\",\"@id\":\"https:\\\/\\\/i0.wp.com\\\/www.jazzzeitung.de\\\/cms\\\/wp-content\\\/uploads\\\/2015\\\/08\\\/JAZZZEITUNGDE_Logo_Neu.png?resize=96%2C96&ssl=159975dcacb611b5700bd619b5daf0a7a\",\"url\":\"https:\\\/\\\/i0.wp.com\\\/www.jazzzeitung.de\\\/cms\\\/wp-content\\\/uploads\\\/2015\\\/08\\\/JAZZZEITUNGDE_Logo_Neu.png?resize=96%2C96&ssl=1\",\"contentUrl\":\"https:\\\/\\\/i0.wp.com\\\/www.jazzzeitung.de\\\/cms\\\/wp-content\\\/uploads\\\/2015\\\/08\\\/JAZZZEITUNGDE_Logo_Neu.png?resize=96%2C96&ssl=1\",\"caption\":\"Redaktion JazzZeitung\"},\"description\":\"Artikel der Redaktion der JazzZeitung.\",\"sameAs\":[\"http:\\\/\\\/www.jazzzeitung.de\\\/cms\\\/\"],\"url\":\"https:\\\/\\\/www.jazzzeitung.de\\\/cms\\\/author\\\/redaktion\\\/\"}]}<\/script>\n<!-- \/ Yoast SEO plugin. -->","yoast_head_json":{"title":"Klangsch\u00f6ne Friedensreferenz und nachtdunkle Intensit\u00e4t \u2013 aktuelle CD von Carlo Mombelli - JazzZeitung","robots":{"index":"index","follow":"follow","max-snippet":"max-snippet:-1","max-image-preview":"max-image-preview:large","max-video-preview":"max-video-preview:-1"},"canonical":"https:\/\/www.jazzzeitung.de\/cms\/2016\/09\/klangschoene-friedensreferenz-und-nachtdunkle-intensitaet\/","og_locale":"de_DE","og_type":"article","og_title":"Klangsch\u00f6ne Friedensreferenz und nachtdunkle Intensit\u00e4t \u2013 aktuelle CD von Carlo Mombelli - JazzZeitung","og_description":"Auf dem R\u00fccken einer nachtblauen Katze schl\u00e4ft ein gr\u00fcn-gelber Mann. Er tr\u00e4gt eine Augenlarve und ist mit einer blauen Decke bedeckt. Das surreale Bild des s\u00fcdafrikanischen K\u00fcnstlers Norman Catherine bezieht sich auf den Titelsong von Carlo Mombellis neuem Album\u00a0 &#8222;I Press My Spine to the Ground&#8220;. Gleichzeitig korrespondiert es auf geheimnisvolle Weise mit der dunklen, stark vom Sound gepr\u00e4gten Musik des Bassisten. Orakelhaft lenkt Glockengel\u00e4ut in der einleitenden Kollektivimprovisation (Bells of Gitschenen) die Ohren auf einen Klangpfad voller Uneindeutigkeit und tastend-versponnener Voodoo-Sinnlichkeit. Almvieh-Abtrieb im Gebirge? Der Ruf zum Gebet? Oder Warnung vor der abgr\u00fcndigen Intensit\u00e4t kreativer Freigeisterei? Es bleibt offen, auch wenn der Dreiklang am Schluss des Sechs-Minuten-St\u00fccks zum titelgebenden, nachdenklichen Song \u00fcberleitet. Brenda Sisane steuert darin als Gastmusikerin ein stark spirituell gef\u00e4rbtes, poetisches Spoken-Word-St\u00fcck bei. Auch wenn musikalisch scheinbar wenig passiert, das Quartett mit Mombellis langj\u00e4hrigen Partnern Kyle Shepherd (piano), Kesivan Naidoo (drums) und Mabuso Khoza (voice) verhalten, fast somnambul kurze Klangeruptionen, melancholisch-vertr\u00e4umte melodische Schnipsel und afrikanische Erhabenheit erzeugt, gelingt mit dem Wenigen ein kaum fassbare Intensit\u00e4t und emotionale Dichte. Hymnische Kraft und dunkel leuchtendes Pathos gipfeln in \u201ePicasso\u00b4s Dove\u201c, eine musikalische Referenz an &hellip;","og_url":"https:\/\/www.jazzzeitung.de\/cms\/2016\/09\/klangschoene-friedensreferenz-und-nachtdunkle-intensitaet\/","og_site_name":"JazzZeitung","article_publisher":"https:\/\/www.facebook.com\/JazzZeitung\/","article_published_time":"2016-09-09T13:00:03+00:00","og_image":[{"url":"http:\/\/www.jazzzeitung.de\/cms\/wp-content\/uploads\/2016\/09\/Mombelli-Ipressmy-150x150.png","type":"","width":"","height":""}],"author":"Redaktion JazzZeitung","schema":{"@context":"https:\/\/schema.org","@graph":[{"@type":"Article","@id":"https:\/\/www.jazzzeitung.de\/cms\/2016\/09\/klangschoene-friedensreferenz-und-nachtdunkle-intensitaet\/#article","isPartOf":{"@id":"https:\/\/www.jazzzeitung.de\/cms\/2016\/09\/klangschoene-friedensreferenz-und-nachtdunkle-intensitaet\/"},"author":{"name":"Redaktion JazzZeitung","@id":"https:\/\/www.jazzzeitung.de\/cms\/#\/schema\/person\/2245b36b9cd1d24cea10f01c031fb92b"},"headline":"Klangsch\u00f6ne Friedensreferenz und nachtdunkle Intensit\u00e4t \u2013 aktuelle CD von Carlo Mombelli","datePublished":"2016-09-09T13:00:03+00:00","mainEntityOfPage":{"@id":"https:\/\/www.jazzzeitung.de\/cms\/2016\/09\/klangschoene-friedensreferenz-und-nachtdunkle-intensitaet\/"},"wordCount":497,"commentCount":0,"publisher":{"@id":"https:\/\/www.jazzzeitung.de\/cms\/#organization"},"image":{"@id":"https:\/\/www.jazzzeitung.de\/cms\/2016\/09\/klangschoene-friedensreferenz-und-nachtdunkle-intensitaet\/#primaryimage"},"thumbnailUrl":"http:\/\/www.jazzzeitung.de\/cms\/wp-content\/uploads\/2016\/09\/Mombelli-Ipressmy-150x150.png","keywords":["Abdullah Ibrahim","Album","CD","Improvisation","Lee Konitz","Michael Scheiner","M\u00fcnchen","Piano"],"articleSection":["Rezension"],"inLanguage":"de","potentialAction":[{"@type":"CommentAction","name":"Comment","target":["https:\/\/www.jazzzeitung.de\/cms\/2016\/09\/klangschoene-friedensreferenz-und-nachtdunkle-intensitaet\/#respond"]}]},{"@type":"WebPage","@id":"https:\/\/www.jazzzeitung.de\/cms\/2016\/09\/klangschoene-friedensreferenz-und-nachtdunkle-intensitaet\/","url":"https:\/\/www.jazzzeitung.de\/cms\/2016\/09\/klangschoene-friedensreferenz-und-nachtdunkle-intensitaet\/","name":"Klangsch\u00f6ne Friedensreferenz und nachtdunkle Intensit\u00e4t \u2013 aktuelle CD von Carlo Mombelli - JazzZeitung","isPartOf":{"@id":"https:\/\/www.jazzzeitung.de\/cms\/#website"},"primaryImageOfPage":{"@id":"https:\/\/www.jazzzeitung.de\/cms\/2016\/09\/klangschoene-friedensreferenz-und-nachtdunkle-intensitaet\/#primaryimage"},"image":{"@id":"https:\/\/www.jazzzeitung.de\/cms\/2016\/09\/klangschoene-friedensreferenz-und-nachtdunkle-intensitaet\/#primaryimage"},"thumbnailUrl":"http:\/\/www.jazzzeitung.de\/cms\/wp-content\/uploads\/2016\/09\/Mombelli-Ipressmy-150x150.png","datePublished":"2016-09-09T13:00:03+00:00","breadcrumb":{"@id":"https:\/\/www.jazzzeitung.de\/cms\/2016\/09\/klangschoene-friedensreferenz-und-nachtdunkle-intensitaet\/#breadcrumb"},"inLanguage":"de","potentialAction":[{"@type":"ReadAction","target":["https:\/\/www.jazzzeitung.de\/cms\/2016\/09\/klangschoene-friedensreferenz-und-nachtdunkle-intensitaet\/"]}]},{"@type":"ImageObject","inLanguage":"de","@id":"https:\/\/www.jazzzeitung.de\/cms\/2016\/09\/klangschoene-friedensreferenz-und-nachtdunkle-intensitaet\/#primaryimage","url":"http:\/\/www.jazzzeitung.de\/cms\/wp-content\/uploads\/2016\/09\/Mombelli-Ipressmy-150x150.png","contentUrl":"http:\/\/www.jazzzeitung.de\/cms\/wp-content\/uploads\/2016\/09\/Mombelli-Ipressmy-150x150.png"},{"@type":"BreadcrumbList","@id":"https:\/\/www.jazzzeitung.de\/cms\/2016\/09\/klangschoene-friedensreferenz-und-nachtdunkle-intensitaet\/#breadcrumb","itemListElement":[{"@type":"ListItem","position":1,"name":"Startseite","item":"https:\/\/www.jazzzeitung.de\/cms\/"},{"@type":"ListItem","position":2,"name":"Klangsch\u00f6ne Friedensreferenz und nachtdunkle Intensit\u00e4t \u2013 aktuelle CD von Carlo Mombelli"}]},{"@type":"WebSite","@id":"https:\/\/www.jazzzeitung.de\/cms\/#website","url":"https:\/\/www.jazzzeitung.de\/cms\/","name":"JazzZeitung","description":"Jazz-News und Jazz-Kontroverses","publisher":{"@id":"https:\/\/www.jazzzeitung.de\/cms\/#organization"},"potentialAction":[{"@type":"SearchAction","target":{"@type":"EntryPoint","urlTemplate":"https:\/\/www.jazzzeitung.de\/cms\/?s={search_term_string}"},"query-input":{"@type":"PropertyValueSpecification","valueRequired":true,"valueName":"search_term_string"}}],"inLanguage":"de"},{"@type":"Organization","@id":"https:\/\/www.jazzzeitung.de\/cms\/#organization","name":"JazzZeitung online","url":"https:\/\/www.jazzzeitung.de\/cms\/","logo":{"@type":"ImageObject","inLanguage":"de","@id":"https:\/\/www.jazzzeitung.de\/cms\/#\/schema\/logo\/image\/","url":"https:\/\/i0.wp.com\/www.jazzzeitung.de\/cms\/wp-content\/uploads\/2015\/08\/JAZZZEITUNGDE_Logo_Neu.png?fit=499%2C200&ssl=1","contentUrl":"https:\/\/i0.wp.com\/www.jazzzeitung.de\/cms\/wp-content\/uploads\/2015\/08\/JAZZZEITUNGDE_Logo_Neu.png?fit=499%2C200&ssl=1","width":499,"height":200,"caption":"JazzZeitung online"},"image":{"@id":"https:\/\/www.jazzzeitung.de\/cms\/#\/schema\/logo\/image\/"},"sameAs":["https:\/\/www.facebook.com\/JazzZeitung\/"]},{"@type":"Person","@id":"https:\/\/www.jazzzeitung.de\/cms\/#\/schema\/person\/2245b36b9cd1d24cea10f01c031fb92b","name":"Redaktion JazzZeitung","image":{"@type":"ImageObject","inLanguage":"de","@id":"https:\/\/i0.wp.com\/www.jazzzeitung.de\/cms\/wp-content\/uploads\/2015\/08\/JAZZZEITUNGDE_Logo_Neu.png?resize=96%2C96&ssl=159975dcacb611b5700bd619b5daf0a7a","url":"https:\/\/i0.wp.com\/www.jazzzeitung.de\/cms\/wp-content\/uploads\/2015\/08\/JAZZZEITUNGDE_Logo_Neu.png?resize=96%2C96&ssl=1","contentUrl":"https:\/\/i0.wp.com\/www.jazzzeitung.de\/cms\/wp-content\/uploads\/2015\/08\/JAZZZEITUNGDE_Logo_Neu.png?resize=96%2C96&ssl=1","caption":"Redaktion JazzZeitung"},"description":"Artikel der Redaktion der JazzZeitung.","sameAs":["http:\/\/www.jazzzeitung.de\/cms\/"],"url":"https:\/\/www.jazzzeitung.de\/cms\/author\/redaktion\/"}]}},"wp-worthy-pixel":{"ignored":false,"public":null,"server":null,"url":null},"wp-worthy-type":"normal","jetpack_publicize_connections":[],"cc_featured_image_caption":{"caption_text":false,"source_text":false,"source_url":false},"jetpack_featured_media_url":"","jetpack_shortlink":"https:\/\/wp.me\/p3KEcT-2B5","jetpack-related-posts":[{"id":18231,"url":"https:\/\/www.jazzzeitung.de\/cms\/2019\/01\/spiritualitaet-aus-schoenheit-und-daemonie-cd-von-carlo-mobelli\/","url_meta":{"origin":9987,"position":0},"title":"Spiritualit\u00e4t aus Sch\u00f6nheit und D\u00e4monie &#8211; CD von Carlo Mobelli\u00a0\u00a0\u00a0\u00a0 \u00a0","author":"Michael Scheiner","date":"8. Januar 2019","format":false,"excerpt":"\u201eIn The End We All Belong\u201c \u2013 vers\u00f6hnlich und auf ber\u00fchrende Weise heroisch klingt Carlo Mombellis neues Album \u201eAngels & Demons\u201c nahezu kammermusikalisch aus. Das warme melodische Thema, vom E-Bass eingef\u00fchrt, wird vom Piano (Kyle Shephard) \u00fcbernommen, vom Cello gespiegelt (Susan Mouton), entwickelt sich mit onomatopoetisch eingesetzten Stimmen zu einem\u2026","rel":"","context":"In &quot;Rezension&quot;","block_context":{"text":"Rezension","link":"https:\/\/www.jazzzeitung.de\/cms\/thema\/rezension\/"},"img":{"alt_text":"","src":"https:\/\/i0.wp.com\/www.jazzzeitung.de\/cms\/wp-content\/uploads\/2019\/01\/Mombelli-Angels.jpg?fit=709%2C719&ssl=1&resize=350%2C200","width":350,"height":200,"srcset":"https:\/\/i0.wp.com\/www.jazzzeitung.de\/cms\/wp-content\/uploads\/2019\/01\/Mombelli-Angels.jpg?fit=709%2C719&ssl=1&resize=350%2C200 1x, https:\/\/i0.wp.com\/www.jazzzeitung.de\/cms\/wp-content\/uploads\/2019\/01\/Mombelli-Angels.jpg?fit=709%2C719&ssl=1&resize=525%2C300 1.5x, https:\/\/i0.wp.com\/www.jazzzeitung.de\/cms\/wp-content\/uploads\/2019\/01\/Mombelli-Angels.jpg?fit=709%2C719&ssl=1&resize=700%2C400 2x"},"classes":[]},{"id":10906,"url":"https:\/\/www.jazzzeitung.de\/cms\/2016\/11\/carlo-keep-swingin-ist-ab-9-dezember-auf-dvd-und-als-vod-erhaeltlich\/","url_meta":{"origin":9987,"position":1},"title":"\u201eCarlo, Keep Swingin\u2019\u201c ist ab 9. Dezember auf DVD und als VoD erh\u00e4ltlich","author":"Redaktion JazzZeitung","date":"9. November 2016","format":false,"excerpt":"\u201eCarlo, Keep Swingin\u2019\u201c ist das mitrei\u00dfende Portr\u00e4t von\u00a0Carlo Bohl\u00e4nder, der\u00a0mit dem Frankfurter Jazzkeller nicht weniger als die Keimzelle f\u00fcr den Jazz in Deutschland geschaffen hat. Eine Hymne an die Musik der Freiheit nach der schmerzvollen Erfahrung des Nationalsozialismus. Nach dem Zweiten Weltkrieg gr\u00fcndete der Trompeter und Musiktheoretiker Carlo Bohl\u00e4nder im\u2026","rel":"","context":"In &quot;Rezension&quot;","block_context":{"text":"Rezension","link":"https:\/\/www.jazzzeitung.de\/cms\/thema\/rezension\/"},"img":{"alt_text":"","src":"https:\/\/i0.wp.com\/www.jazzzeitung.de\/cms\/wp-content\/uploads\/2016\/11\/09_wfilm_carlokeepswingin_filmstill.jpg?resize=350%2C200","width":350,"height":200,"srcset":"https:\/\/i0.wp.com\/www.jazzzeitung.de\/cms\/wp-content\/uploads\/2016\/11\/09_wfilm_carlokeepswingin_filmstill.jpg?resize=350%2C200 1x, https:\/\/i0.wp.com\/www.jazzzeitung.de\/cms\/wp-content\/uploads\/2016\/11\/09_wfilm_carlokeepswingin_filmstill.jpg?resize=525%2C300 1.5x, https:\/\/i0.wp.com\/www.jazzzeitung.de\/cms\/wp-content\/uploads\/2016\/11\/09_wfilm_carlokeepswingin_filmstill.jpg?resize=700%2C400 2x, https:\/\/i0.wp.com\/www.jazzzeitung.de\/cms\/wp-content\/uploads\/2016\/11\/09_wfilm_carlokeepswingin_filmstill.jpg?resize=1050%2C600 3x, https:\/\/i0.wp.com\/www.jazzzeitung.de\/cms\/wp-content\/uploads\/2016\/11\/09_wfilm_carlokeepswingin_filmstill.jpg?resize=1400%2C800 4x"},"classes":[]},{"id":5759,"url":"https:\/\/www.jazzzeitung.de\/cms\/2015\/03\/film-ueber-jazz-legende-carlo-bohlaender-uraufgefuehrt\/","url_meta":{"origin":9987,"position":2},"title":"Film \u00fcber Jazz-Legende Carlo Bohl\u00e4nder uraufgef\u00fchrt","author":"Redaktion JazzZeitung","date":"23. M\u00e4rz 2015","format":false,"excerpt":"Von Dietrich Schlegel - Vom vollen Haus mit gro\u00dfem Beifall bedacht wurde der Film \u201eCarlo, Keep Swingin'\" \u00fcber Carlo Bohl\u00e4nder (1919-2004), die Frankfurter Jazz-Legende aus den 50er- und 60er-Jahren, im Rahmen des\u00a0 8. Lichter Filmfest Frankfurt International uraufgef\u00fchrt. Bisher war der biographische Dokumentarfilm nur im Herbst einer Jury des Hessischen\u2026","rel":"","context":"In &quot;Bericht&quot;","block_context":{"text":"Bericht","link":"https:\/\/www.jazzzeitung.de\/cms\/thema\/bericht\/"},"img":{"alt_text":"Eindrucksvolles Zeitdokument: Der Film \u00fcber Carlo Bohl\u00e4nder. Foto: http:\/\/www.carlokeepswingin. okfilm.de\/","src":"https:\/\/i0.wp.com\/www.jazzzeitung.de\/cms\/wp-content\/uploads\/2015\/03\/Carlo-Bohl%C3%A4nder-150x150.jpg?resize=350%2C200","width":350,"height":200},"classes":[]},{"id":6061,"url":"https:\/\/www.jazzzeitung.de\/cms\/2015\/05\/wolfgang-sauer-gestorben\/","url_meta":{"origin":9987,"position":3},"title":"Wolfgang Sauer gestorben","author":"Redaktion JazzZeitung","date":"4. Mai 2015","format":false,"excerpt":"Von Dietrich Schlegel - Dass der am 26. April im Alter von 87 Jahren in K\u00f6ln verstorbene S\u00e4nger und Pianist Wolfgang Sauer seine gr\u00f6\u00dften Erfolge und eine breite Popularit\u00e4t mit Schlagern wie \u201eGlaube mir\u201c und \u201eTr\u00e4nen in den Augen\u201c zu verdanken hatte, sollte nicht vergessen lassen, dass auch er, wie\u2026","rel":"","context":"In &quot;News&quot;","block_context":{"text":"News","link":"https:\/\/www.jazzzeitung.de\/cms\/thema\/nachrichten\/"},"img":{"alt_text":"cover_sauer","src":"https:\/\/i0.wp.com\/www.jazzzeitung.de\/cms\/wp-content\/uploads\/2015\/05\/cover_sauer-150x150.jpg?resize=350%2C200","width":350,"height":200},"classes":[]},{"id":17526,"url":"https:\/\/www.jazzzeitung.de\/cms\/2018\/11\/kenny-werner-the-space\/","url_meta":{"origin":9987,"position":4},"title":"Kenny Werner &#8211; &#8222;The Space&#8220;","author":"Redaktion JazzZeitung","date":"2. November 2018","format":false,"excerpt":"Was f\u00fcr eine Freude! Endlich erscheint das lang erwartete Piano-Solo-Album von Kenny Werner \u201eThe Space\u201c. Der Titel der Aufnahme ist Programm und l\u00e4sst beim H\u00f6ren der CD Raum f\u00fcr Klang und Assoziationen. Aufgenommen wurde sie im Mai 2016 im Oberhachinger Kyberg Studio \u2013 da kommt dann doch gleich wieder Wehmut\u2026","rel":"","context":"In &quot;Abgeh\u00f6rt&quot;","block_context":{"text":"Abgeh\u00f6rt","link":"https:\/\/www.jazzzeitung.de\/cms\/thema\/abgehoert\/"},"img":{"alt_text":"","src":"https:\/\/i0.wp.com\/www.jazzzeitung.de\/cms\/wp-content\/uploads\/2018\/10\/Werner-The-Space-Cover-e1540219459133.jpg?fit=1200%2C916&ssl=1&resize=350%2C200","width":350,"height":200,"srcset":"https:\/\/i0.wp.com\/www.jazzzeitung.de\/cms\/wp-content\/uploads\/2018\/10\/Werner-The-Space-Cover-e1540219459133.jpg?fit=1200%2C916&ssl=1&resize=350%2C200 1x, https:\/\/i0.wp.com\/www.jazzzeitung.de\/cms\/wp-content\/uploads\/2018\/10\/Werner-The-Space-Cover-e1540219459133.jpg?fit=1200%2C916&ssl=1&resize=525%2C300 1.5x, https:\/\/i0.wp.com\/www.jazzzeitung.de\/cms\/wp-content\/uploads\/2018\/10\/Werner-The-Space-Cover-e1540219459133.jpg?fit=1200%2C916&ssl=1&resize=700%2C400 2x, https:\/\/i0.wp.com\/www.jazzzeitung.de\/cms\/wp-content\/uploads\/2018\/10\/Werner-The-Space-Cover-e1540219459133.jpg?fit=1200%2C916&ssl=1&resize=1050%2C600 3x"},"classes":[]},{"id":29494,"url":"https:\/\/www.jazzzeitung.de\/cms\/2023\/06\/cd-rezension-burkard-kunkel-bob-degen-two-geese-by-the-river\/","url_meta":{"origin":9987,"position":5},"title":"CD-Rezension: Burkard Kunkel &#038; Bob Degen \u2013 Two Geese By The River","author":"Michael Scheiner","date":"6. Juni 2023","format":false,"excerpt":"F\u00fcr die beiden Protagonisten war es wohl eine noch gr\u00f6\u00dfere \u00dcberraschung als f\u00fcr ihr musikalisches und Publikumsumfeld. F\u00fcr ihr im Selbstverlag produziertes und vertriebenes Album \"Two Geese by the River\" haben der im Spessart lebende Holzbl\u00e4ser Burkard Kunkel und der Wahl-Frankfurter Bob Degen am Piano einen Platz auf der Bestenliste\u2026","rel":"","context":"In &quot;Rezension&quot;","block_context":{"text":"Rezension","link":"https:\/\/www.jazzzeitung.de\/cms\/thema\/rezension\/"},"img":{"alt_text":"","src":"https:\/\/i0.wp.com\/www.jazzzeitung.de\/cms\/wp-content\/uploads\/2023\/05\/800_63b563842e0e0.webp?fit=800%2C533&ssl=1&resize=350%2C200","width":350,"height":200,"srcset":"https:\/\/i0.wp.com\/www.jazzzeitung.de\/cms\/wp-content\/uploads\/2023\/05\/800_63b563842e0e0.webp?fit=800%2C533&ssl=1&resize=350%2C200 1x, https:\/\/i0.wp.com\/www.jazzzeitung.de\/cms\/wp-content\/uploads\/2023\/05\/800_63b563842e0e0.webp?fit=800%2C533&ssl=1&resize=525%2C300 1.5x, https:\/\/i0.wp.com\/www.jazzzeitung.de\/cms\/wp-content\/uploads\/2023\/05\/800_63b563842e0e0.webp?fit=800%2C533&ssl=1&resize=700%2C400 2x"},"classes":[]}],"jetpack_sharing_enabled":true,"_links":{"self":[{"href":"https:\/\/www.jazzzeitung.de\/cms\/wp-json\/wp\/v2\/posts\/9987","targetHints":{"allow":["GET"]}}],"collection":[{"href":"https:\/\/www.jazzzeitung.de\/cms\/wp-json\/wp\/v2\/posts"}],"about":[{"href":"https:\/\/www.jazzzeitung.de\/cms\/wp-json\/wp\/v2\/types\/post"}],"author":[{"embeddable":true,"href":"https:\/\/www.jazzzeitung.de\/cms\/wp-json\/wp\/v2\/users\/18"}],"replies":[{"embeddable":true,"href":"https:\/\/www.jazzzeitung.de\/cms\/wp-json\/wp\/v2\/comments?post=9987"}],"version-history":[{"count":4,"href":"https:\/\/www.jazzzeitung.de\/cms\/wp-json\/wp\/v2\/posts\/9987\/revisions"}],"predecessor-version":[{"id":9995,"href":"https:\/\/www.jazzzeitung.de\/cms\/wp-json\/wp\/v2\/posts\/9987\/revisions\/9995"}],"wp:attachment":[{"href":"https:\/\/www.jazzzeitung.de\/cms\/wp-json\/wp\/v2\/media?parent=9987"}],"wp:term":[{"taxonomy":"category","embeddable":true,"href":"https:\/\/www.jazzzeitung.de\/cms\/wp-json\/wp\/v2\/categories?post=9987"},{"taxonomy":"post_tag","embeddable":true,"href":"https:\/\/www.jazzzeitung.de\/cms\/wp-json\/wp\/v2\/tags?post=9987"},{"taxonomy":"author","embeddable":true,"href":"https:\/\/www.jazzzeitung.de\/cms\/wp-json\/wp\/v2\/coauthors?post=9987"}],"curies":[{"name":"wp","href":"https:\/\/api.w.org\/{rel}","templated":true}]}}