{"id":9965,"date":"2016-09-05T09:00:46","date_gmt":"2016-09-05T07:00:46","guid":{"rendered":"http:\/\/www.jazzzeitung.de\/cms\/?p=9965"},"modified":"2016-09-02T14:13:33","modified_gmt":"2016-09-02T12:13:33","slug":"newscharles-gayle-trio-der-manufakturjaffrika-der-bayreuther-jazz-november","status":"publish","type":"post","link":"https:\/\/www.jazzzeitung.de\/cms\/2016\/09\/newscharles-gayle-trio-der-manufakturjaffrika-der-bayreuther-jazz-november\/","title":{"rendered":"+++News+++Charles Gayle Trio in der Manufaktur+++Jaffrika &#8211; Der Bayreuther Jazz-November"},"content":{"rendered":"<figure id=\"attachment_9968\" aria-describedby=\"caption-attachment-9968\" style=\"width: 150px\" class=\"wp-caption alignright\"><a href=\"https:\/\/i0.wp.com\/www.jazzzeitung.de\/cms\/wp-content\/uploads\/2016\/09\/collage_5316.jpeg\"><img data-recalc-dims=\"1\" loading=\"lazy\" decoding=\"async\" data-attachment-id=\"9968\" data-permalink=\"https:\/\/www.jazzzeitung.de\/cms\/2016\/09\/newscharles-gayle-trio-der-manufakturjaffrika-der-bayreuther-jazz-november\/collage_5316\/\" data-orig-file=\"https:\/\/i0.wp.com\/www.jazzzeitung.de\/cms\/wp-content\/uploads\/2016\/09\/collage_5316.jpeg?fit=1191%2C298&amp;ssl=1\" data-orig-size=\"1191,298\" data-comments-opened=\"1\" data-image-meta=\"{&quot;aperture&quot;:&quot;0&quot;,&quot;credit&quot;:&quot;&quot;,&quot;camera&quot;:&quot;&quot;,&quot;caption&quot;:&quot;&quot;,&quot;created_timestamp&quot;:&quot;0&quot;,&quot;copyright&quot;:&quot;&quot;,&quot;focal_length&quot;:&quot;0&quot;,&quot;iso&quot;:&quot;0&quot;,&quot;shutter_speed&quot;:&quot;0&quot;,&quot;title&quot;:&quot;&quot;,&quot;orientation&quot;:&quot;0&quot;}\" data-image-title=\"Charles Gayle\" data-image-description=\"\" data-image-caption=\"\" data-large-file=\"https:\/\/i0.wp.com\/www.jazzzeitung.de\/cms\/wp-content\/uploads\/2016\/09\/collage_5316.jpeg?fit=840%2C210&amp;ssl=1\" class=\"wp-image-9968 size-thumbnail\" src=\"https:\/\/i0.wp.com\/www.jazzzeitung.de\/cms\/wp-content\/uploads\/2016\/09\/collage_5316-150x150.jpeg?resize=150%2C150\" width=\"150\" height=\"150\" srcset=\"https:\/\/i0.wp.com\/www.jazzzeitung.de\/cms\/wp-content\/uploads\/2016\/09\/collage_5316.jpeg?resize=150%2C150&amp;ssl=1 150w, https:\/\/i0.wp.com\/www.jazzzeitung.de\/cms\/wp-content\/uploads\/2016\/09\/collage_5316.jpeg?resize=144%2C144&amp;ssl=1 144w, https:\/\/i0.wp.com\/www.jazzzeitung.de\/cms\/wp-content\/uploads\/2016\/09\/collage_5316.jpeg?resize=96%2C96&amp;ssl=1 96w, https:\/\/i0.wp.com\/www.jazzzeitung.de\/cms\/wp-content\/uploads\/2016\/09\/collage_5316.jpeg?resize=24%2C24&amp;ssl=1 24w, https:\/\/i0.wp.com\/www.jazzzeitung.de\/cms\/wp-content\/uploads\/2016\/09\/collage_5316.jpeg?resize=36%2C36&amp;ssl=1 36w, https:\/\/i0.wp.com\/www.jazzzeitung.de\/cms\/wp-content\/uploads\/2016\/09\/collage_5316.jpeg?resize=48%2C48&amp;ssl=1 48w, https:\/\/i0.wp.com\/www.jazzzeitung.de\/cms\/wp-content\/uploads\/2016\/09\/collage_5316.jpeg?resize=64%2C64&amp;ssl=1 64w, https:\/\/i0.wp.com\/www.jazzzeitung.de\/cms\/wp-content\/uploads\/2016\/09\/collage_5316.jpeg?resize=32%2C32&amp;ssl=1 32w, https:\/\/i0.wp.com\/www.jazzzeitung.de\/cms\/wp-content\/uploads\/2016\/09\/collage_5316.jpeg?resize=50%2C50&amp;ssl=1 50w, https:\/\/i0.wp.com\/www.jazzzeitung.de\/cms\/wp-content\/uploads\/2016\/09\/collage_5316.jpeg?resize=128%2C128&amp;ssl=1 128w, https:\/\/i0.wp.com\/www.jazzzeitung.de\/cms\/wp-content\/uploads\/2016\/09\/collage_5316.jpeg?zoom=2&amp;resize=150%2C150&amp;ssl=1 300w, https:\/\/i0.wp.com\/www.jazzzeitung.de\/cms\/wp-content\/uploads\/2016\/09\/collage_5316.jpeg?zoom=3&amp;resize=150%2C150&amp;ssl=1 450w\" sizes=\"auto, (max-width: 150px) 100vw, 150px\" \/><\/a><figcaption id=\"caption-attachment-9968\" class=\"wp-caption-text\">Charles Gayle<\/figcaption><\/figure>\n<p><strong>Charles Gayle Trio in der Manufaktur Schorndorf<\/strong><br \/>\nAm 21.10.16 um 20:30 gibt das Charles Gayle Trio ein Konzert in der <a href=\"http:\/\/www.club-manufaktur.de\/programm\/jazz.html\" target=\"_blank\">Manufaktur Schorndorf<\/a>. F\u00fcr den einstigen Stra\u00dfenk\u00fcnstler Charles Gayle w\u00e4hrte der von permanenter sozialer Not gepr\u00e4gte Zustand fast ein halbes Leben. Geboren 1939 in Buffalo im US-Bundesstaat New York, bekommt Gayle als Kind zun\u00e4chst Klavierunterricht. Das Saxophonspiel bringt er sich sp\u00e4ter selbst bei. Ab Ende der 1950er-Jahre tritt er regelm\u00e4\u00dfig in seiner Heimatstadt auf. Bei gelegentlichen Aufenthalten in New York City kommt es zu Begegnungen mit Archie Shepp, Pharoah Sanders und Anderen. Sein Spiel ver\u00e4ndert sich, wird radikaler, unerbittlicher. Ekstatisch, frei und kompromisslos, geschult an Albert Ayler und der Gospeltradition, bl\u00e4st er sich in New York, wohin er Anfang der 1970er-Jahre endg\u00fcltig \u00fcbergesiedelt ist, die Seele aus dem Leib. Best\u00e4ndig in finanziellen Schwierigkeiten, ist er rund 15 Jahre obdachlos. Eine sp\u00fcrbare Wendung trat ein, als in den 1980er-Jahren der deutsche Bassist Peter Kowald (1944\u20132002) auf Gayle aufmerksam wurde und gemeinsame Auftritte in den USA und Europa organisiert. Aber es sollte noch bis 1992 dauern, dass es tats\u00e4chlich zu so etwas wie einem Durchbruch kam: Mit Hilfe der New Yorker Knitting Factory erschien das Album \u201eRepent\u201c. Gayle wurde \u201e\u00fcber Nacht zum Bannertr\u00e4ger der neu boomenden Free-Jazz-Szene und tourte fortan rund um die Welt\u201c, schreibt der mit dem letztj\u00e4hrigen Preis f\u00fcr deutschen Jazzjournalismus gew\u00fcrdigte Wolf Kampmann: \u201eMit zahllosen Produktionen, einige davon als Solopianist, holte der Saxofonist in kurzer Zeit nach, was ihm \u00fcber Jahrzehnte verwehrt war.\u201c Im Februar ist Charles Gayle 77 Jahre alt geworden. War seine Musik in den 1990er-Jahren in puncto Energie und Verausgabung kaum noch zu \u00fcberbieten, ist er mit zunehmendem Alter etwas ruhiger, vers\u00f6hnlicher geworden, m\u00fcder offenkundig aber nicht In der Manufaktur begleiten ihn der polnische Bassist Ksawery W\u00f3jci\u0144ski und der deutsche Schlagzeuger Max Andrzejewski.<\/p>\n<p>Charles Gayle &#8211; Tenorsaxophon &amp; Klavier<br \/>\nKsawery W\u00f3jci\u0144ski &#8211; Kontrabass<br \/>\nMax Andrzejewski &#8211; Schlagzeug<\/p>\n<p>&nbsp;<\/p>\n<p><strong>Jaffrika \u2013 Der Bayreuther Jazz-November 2016 vom 10. bis 13.11.<\/strong><br \/>\nIm Jahr 2016 ist in Bayreuth eine musikalische Weltmacht zu Gast: Afrika! Der <a href=\"https:\/\/www.jazz-bayreuth.de\/jazz-november\/bayreuther-jazz-november-2016\/\" target=\"_blank\">Jazz-November unter dem Motto \u201eJaffrika\u201c<\/a> soll vor allem eines zeigen: Es entsteht Neues in Afrika. Virtuosen des zeitgen\u00f6ssischen afrikanischen Jazz treffen hier auf Meister alter Instrumente. Vom 10. bis 13.11.16 pr\u00e4sentieren sich Aline Fraz\u00e3o, Biboul Darouiche\u2019s Soleil Bantu feat. Majid Bekkas, Kalo Yele sowie B\u00e4nz Oester &amp; The Rainmakers Die Veranstaltungen finden im Saal des Becher-Br\u00e4u statt.<\/p>\n<p>Aline Fraz\u00e3o<br \/>\nMit Aline Fraz\u00e3o erscheint eine junge Vertreterin des Jazz portugiesischer Stimme und Stimmung. Zwischen Bossa Nova und Fado segelt sie hin und her \u2013 mit Abstechern in den Rock und die elektronische Musik. Aline Fraz\u00e3o \u00e4u\u00dfert sich in ihrer Kunst oft zu den Missst\u00e4nden in ihrer Heimat Angola. Jedoch verpackt sie das immer in pure Poesie.<br \/>\nBiboul Darouiche\u2019s Soleil Bantu feat. Majid Bekkas<br \/>\nAm Abend darauf sind zwei Gro\u00dfmeister traditioneller afrikanischer Instrumente auf der B\u00fchne. Aus Kamerun kommt Biboul Darouiche. Der Wahl-M\u00fcnchener bespielt die Holztrommeln der Bantu \u2013 unter anderem bei Klaus Doldingers Band Passport. \u00dcberhaupt steht an diesem Abend fast die ganze Besetzung von Passport auf der B\u00fchne. Dazu kommt mit Majid Bekkas ein weiterer Meister. Der Marokkaner spielt die Gimbri, Gitarre und die Oud \u2013 unter anderem mit Joachim K\u00fchn.<\/p>\n<p>Kalo Yele<br \/>\nMit Westafrika geht es am Samstag weiter: Die Schweizer Jan Galega Br\u00f6nnimann und Lucas Niggli sind beide in Kamerun geboren \u2013 und dort zu besten Freunden geworden. Der Ivorer Aly Ke\u00efta gesellt sich als Dritter im Bunde zu ihnen. Da trifft ein Saxophonist des Free Jazz und Elektro-Jazz Schlagzeuger auf die Traditionen der Elfenbeink\u00fcste \u2013 und Malis. Dort hat Aly Ke\u00efta Balafon studiert, ein Xylophon mit Flaschenk\u00fcrbissen als Resonanzk\u00f6rpern. Faszinierend dabei: Um eine Stimmung zu erreichen, mit der er Jazz spielen kann, baut sich Ke\u00efta seine Instrumente kurzerhand selbst.<br \/>\nProf. Al Coda &amp; die Jazzganoven<\/p>\n<p>DerJazz-Nachmittag am Sonntag richtet sich an Kinder ab vier Jahren. Er hat, zugegebenerma\u00dfen, nicht direkt etwas mit dem Motto Jaffrika zu tun: Prof. Al Coda und die Jazzganoven reden, singen und swingen auf Deutsch. Die Truppe um Prof. Al Coda zeigt kleinen Jazz-Neulingen, wie eine Jazzband funktioniert \u2013 und woher der Jazz eigentlich kommt.<br \/>\nB\u00e4nz Oester &amp; The Rainmakers<br \/>\nZum Abschluss des diesj\u00e4hrigen Jazz-Novembers geht es vor allem um Verst\u00e4ndigung, um Kommunikation: Denn nicht anderes passiert auf der B\u00fchne, wenn Musiker improvisieren:<br \/>\nsie kommunizieren \u00fcber ihre Instrumente. Gr\u00f6\u00dfen dieser Kunst sind B\u00e4nz Oester &amp; The Rainmakers. Der Bassist B\u00e4nz Oester hat mit Ganesh Geymeier am Tenorsaxophon, Afrika Mkhize (Piano) und Schlagzeuger Ayanda Sikade auch drei Musiker gefunden, mit denen er sich blind versteht.<\/p>\n","protected":false},"excerpt":{"rendered":"<p>Charles Gayle Trio in der Manufaktur Schorndorf Am 21.10.16 um 20:30 gibt das Charles Gayle Trio ein Konzert in der Manufaktur Schorndorf. F\u00fcr den einstigen Stra\u00dfenk\u00fcnstler Charles Gayle w\u00e4hrte der von permanenter sozialer Not gepr\u00e4gte Zustand fast ein halbes Leben. Geboren 1939 in Buffalo im US-Bundesstaat New York, bekommt Gayle als Kind zun\u00e4chst Klavierunterricht. Das Saxophonspiel bringt er sich sp\u00e4ter selbst bei. Ab Ende der 1950er-Jahre tritt er regelm\u00e4\u00dfig in seiner Heimatstadt auf. Bei gelegentlichen Aufenthalten in New York City kommt es zu Begegnungen mit Archie Shepp, Pharoah Sanders und Anderen. Sein Spiel ver\u00e4ndert sich, wird radikaler, unerbittlicher. Ekstatisch, frei und kompromisslos, geschult an Albert Ayler und der Gospeltradition, bl\u00e4st er sich in New York, wohin er Anfang der 1970er-Jahre endg\u00fcltig \u00fcbergesiedelt ist, die Seele aus dem Leib. Best\u00e4ndig in finanziellen Schwierigkeiten, ist er rund 15 Jahre obdachlos. Eine sp\u00fcrbare Wendung trat ein, als in den 1980er-Jahren der deutsche Bassist Peter Kowald (1944\u20132002) auf Gayle aufmerksam wurde und gemeinsame Auftritte in den USA und Europa organisiert. Aber es sollte noch bis 1992 dauern, dass es tats\u00e4chlich zu so etwas wie einem Durchbruch kam: Mit Hilfe &hellip;<\/p>\n","protected":false},"author":18,"featured_media":0,"comment_status":"open","ping_status":"closed","sticky":false,"template":"","format":"standard","meta":{"_jetpack_memberships_contains_paid_content":false,"footnotes":"","jetpack_publicize_message":"","jetpack_publicize_feature_enabled":true,"jetpack_social_post_already_shared":false,"jetpack_social_options":{"image_generator_settings":{"template":"highway","default_image_id":0,"font":"","enabled":false},"version":2}},"categories":[633],"tags":[34,876,754,753,314,322,904,859,442,1250],"coauthors":[695],"class_list":["post-9965","post","type-post","status-publish","format-standard","hentry","category-nachrichten","tag-album","tag-archie-shepp","tag-free-jazz","tag-joachim-kuehn","tag-kinder","tag-konzert-2","tag-new-york","tag-passport","tag-piano","tag-rock"],"yoast_head":"<!-- This site is optimized with the Yoast SEO plugin v27.5 - https:\/\/yoast.com\/product\/yoast-seo-wordpress\/ -->\n<title>+++News+++Charles Gayle Trio in der Manufaktur+++Jaffrika - Der Bayreuther Jazz-November - JazzZeitung<\/title>\n<meta name=\"robots\" content=\"index, follow, max-snippet:-1, max-image-preview:large, max-video-preview:-1\" \/>\n<link rel=\"canonical\" href=\"https:\/\/www.jazzzeitung.de\/cms\/2016\/09\/newscharles-gayle-trio-der-manufakturjaffrika-der-bayreuther-jazz-november\/\" \/>\n<meta property=\"og:locale\" content=\"de_DE\" \/>\n<meta property=\"og:type\" content=\"article\" \/>\n<meta property=\"og:title\" content=\"+++News+++Charles Gayle Trio in der Manufaktur+++Jaffrika - Der Bayreuther Jazz-November - JazzZeitung\" \/>\n<meta property=\"og:description\" content=\"Charles Gayle Trio in der Manufaktur Schorndorf Am 21.10.16 um 20:30 gibt das Charles Gayle Trio ein Konzert in der Manufaktur Schorndorf. F\u00fcr den einstigen Stra\u00dfenk\u00fcnstler Charles Gayle w\u00e4hrte der von permanenter sozialer Not gepr\u00e4gte Zustand fast ein halbes Leben. Geboren 1939 in Buffalo im US-Bundesstaat New York, bekommt Gayle als Kind zun\u00e4chst Klavierunterricht. Das Saxophonspiel bringt er sich sp\u00e4ter selbst bei. Ab Ende der 1950er-Jahre tritt er regelm\u00e4\u00dfig in seiner Heimatstadt auf. Bei gelegentlichen Aufenthalten in New York City kommt es zu Begegnungen mit Archie Shepp, Pharoah Sanders und Anderen. Sein Spiel ver\u00e4ndert sich, wird radikaler, unerbittlicher. Ekstatisch, frei und kompromisslos, geschult an Albert Ayler und der Gospeltradition, bl\u00e4st er sich in New York, wohin er Anfang der 1970er-Jahre endg\u00fcltig \u00fcbergesiedelt ist, die Seele aus dem Leib. Best\u00e4ndig in finanziellen Schwierigkeiten, ist er rund 15 Jahre obdachlos. Eine sp\u00fcrbare Wendung trat ein, als in den 1980er-Jahren der deutsche Bassist Peter Kowald (1944\u20132002) auf Gayle aufmerksam wurde und gemeinsame Auftritte in den USA und Europa organisiert. Aber es sollte noch bis 1992 dauern, dass es tats\u00e4chlich zu so etwas wie einem Durchbruch kam: Mit Hilfe &hellip;\" \/>\n<meta property=\"og:url\" content=\"https:\/\/www.jazzzeitung.de\/cms\/2016\/09\/newscharles-gayle-trio-der-manufakturjaffrika-der-bayreuther-jazz-november\/\" \/>\n<meta property=\"og:site_name\" content=\"JazzZeitung\" \/>\n<meta property=\"article:publisher\" content=\"https:\/\/www.facebook.com\/JazzZeitung\/\" \/>\n<meta property=\"article:published_time\" content=\"2016-09-05T07:00:46+00:00\" \/>\n<meta property=\"og:image\" content=\"http:\/\/www.jazzzeitung.de\/cms\/wp-content\/uploads\/2016\/09\/collage_5316-150x150.jpeg\" \/>\n<meta name=\"author\" content=\"Redaktion JazzZeitung\" \/>\n<script type=\"application\/ld+json\" class=\"yoast-schema-graph\">{\"@context\":\"https:\\\/\\\/schema.org\",\"@graph\":[{\"@type\":\"Article\",\"@id\":\"https:\\\/\\\/www.jazzzeitung.de\\\/cms\\\/2016\\\/09\\\/newscharles-gayle-trio-der-manufakturjaffrika-der-bayreuther-jazz-november\\\/#article\",\"isPartOf\":{\"@id\":\"https:\\\/\\\/www.jazzzeitung.de\\\/cms\\\/2016\\\/09\\\/newscharles-gayle-trio-der-manufakturjaffrika-der-bayreuther-jazz-november\\\/\"},\"author\":{\"name\":\"Redaktion JazzZeitung\",\"@id\":\"https:\\\/\\\/www.jazzzeitung.de\\\/cms\\\/#\\\/schema\\\/person\\\/2245b36b9cd1d24cea10f01c031fb92b\"},\"headline\":\"+++News+++Charles Gayle Trio in der Manufaktur+++Jaffrika &#8211; Der Bayreuther Jazz-November\",\"datePublished\":\"2016-09-05T07:00:46+00:00\",\"mainEntityOfPage\":{\"@id\":\"https:\\\/\\\/www.jazzzeitung.de\\\/cms\\\/2016\\\/09\\\/newscharles-gayle-trio-der-manufakturjaffrika-der-bayreuther-jazz-november\\\/\"},\"wordCount\":802,\"commentCount\":0,\"publisher\":{\"@id\":\"https:\\\/\\\/www.jazzzeitung.de\\\/cms\\\/#organization\"},\"image\":{\"@id\":\"https:\\\/\\\/www.jazzzeitung.de\\\/cms\\\/2016\\\/09\\\/newscharles-gayle-trio-der-manufakturjaffrika-der-bayreuther-jazz-november\\\/#primaryimage\"},\"thumbnailUrl\":\"http:\\\/\\\/www.jazzzeitung.de\\\/cms\\\/wp-content\\\/uploads\\\/2016\\\/09\\\/collage_5316-150x150.jpeg\",\"keywords\":[\"Album\",\"Archie Shepp\",\"Free Jazz\",\"Joachim K\u00fchn\",\"Kinder\",\"Konzert\",\"New York\",\"Passport\",\"Piano\",\"Rock\"],\"articleSection\":[\"News\"],\"inLanguage\":\"de\",\"potentialAction\":[{\"@type\":\"CommentAction\",\"name\":\"Comment\",\"target\":[\"https:\\\/\\\/www.jazzzeitung.de\\\/cms\\\/2016\\\/09\\\/newscharles-gayle-trio-der-manufakturjaffrika-der-bayreuther-jazz-november\\\/#respond\"]}]},{\"@type\":\"WebPage\",\"@id\":\"https:\\\/\\\/www.jazzzeitung.de\\\/cms\\\/2016\\\/09\\\/newscharles-gayle-trio-der-manufakturjaffrika-der-bayreuther-jazz-november\\\/\",\"url\":\"https:\\\/\\\/www.jazzzeitung.de\\\/cms\\\/2016\\\/09\\\/newscharles-gayle-trio-der-manufakturjaffrika-der-bayreuther-jazz-november\\\/\",\"name\":\"+++News+++Charles Gayle Trio in der Manufaktur+++Jaffrika - Der Bayreuther Jazz-November - JazzZeitung\",\"isPartOf\":{\"@id\":\"https:\\\/\\\/www.jazzzeitung.de\\\/cms\\\/#website\"},\"primaryImageOfPage\":{\"@id\":\"https:\\\/\\\/www.jazzzeitung.de\\\/cms\\\/2016\\\/09\\\/newscharles-gayle-trio-der-manufakturjaffrika-der-bayreuther-jazz-november\\\/#primaryimage\"},\"image\":{\"@id\":\"https:\\\/\\\/www.jazzzeitung.de\\\/cms\\\/2016\\\/09\\\/newscharles-gayle-trio-der-manufakturjaffrika-der-bayreuther-jazz-november\\\/#primaryimage\"},\"thumbnailUrl\":\"http:\\\/\\\/www.jazzzeitung.de\\\/cms\\\/wp-content\\\/uploads\\\/2016\\\/09\\\/collage_5316-150x150.jpeg\",\"datePublished\":\"2016-09-05T07:00:46+00:00\",\"breadcrumb\":{\"@id\":\"https:\\\/\\\/www.jazzzeitung.de\\\/cms\\\/2016\\\/09\\\/newscharles-gayle-trio-der-manufakturjaffrika-der-bayreuther-jazz-november\\\/#breadcrumb\"},\"inLanguage\":\"de\",\"potentialAction\":[{\"@type\":\"ReadAction\",\"target\":[\"https:\\\/\\\/www.jazzzeitung.de\\\/cms\\\/2016\\\/09\\\/newscharles-gayle-trio-der-manufakturjaffrika-der-bayreuther-jazz-november\\\/\"]}]},{\"@type\":\"ImageObject\",\"inLanguage\":\"de\",\"@id\":\"https:\\\/\\\/www.jazzzeitung.de\\\/cms\\\/2016\\\/09\\\/newscharles-gayle-trio-der-manufakturjaffrika-der-bayreuther-jazz-november\\\/#primaryimage\",\"url\":\"http:\\\/\\\/www.jazzzeitung.de\\\/cms\\\/wp-content\\\/uploads\\\/2016\\\/09\\\/collage_5316-150x150.jpeg\",\"contentUrl\":\"http:\\\/\\\/www.jazzzeitung.de\\\/cms\\\/wp-content\\\/uploads\\\/2016\\\/09\\\/collage_5316-150x150.jpeg\"},{\"@type\":\"BreadcrumbList\",\"@id\":\"https:\\\/\\\/www.jazzzeitung.de\\\/cms\\\/2016\\\/09\\\/newscharles-gayle-trio-der-manufakturjaffrika-der-bayreuther-jazz-november\\\/#breadcrumb\",\"itemListElement\":[{\"@type\":\"ListItem\",\"position\":1,\"name\":\"Startseite\",\"item\":\"https:\\\/\\\/www.jazzzeitung.de\\\/cms\\\/\"},{\"@type\":\"ListItem\",\"position\":2,\"name\":\"+++News+++Charles Gayle Trio in der Manufaktur+++Jaffrika &#8211; Der Bayreuther Jazz-November\"}]},{\"@type\":\"WebSite\",\"@id\":\"https:\\\/\\\/www.jazzzeitung.de\\\/cms\\\/#website\",\"url\":\"https:\\\/\\\/www.jazzzeitung.de\\\/cms\\\/\",\"name\":\"JazzZeitung\",\"description\":\"Jazz-News und Jazz-Kontroverses\",\"publisher\":{\"@id\":\"https:\\\/\\\/www.jazzzeitung.de\\\/cms\\\/#organization\"},\"potentialAction\":[{\"@type\":\"SearchAction\",\"target\":{\"@type\":\"EntryPoint\",\"urlTemplate\":\"https:\\\/\\\/www.jazzzeitung.de\\\/cms\\\/?s={search_term_string}\"},\"query-input\":{\"@type\":\"PropertyValueSpecification\",\"valueRequired\":true,\"valueName\":\"search_term_string\"}}],\"inLanguage\":\"de\"},{\"@type\":\"Organization\",\"@id\":\"https:\\\/\\\/www.jazzzeitung.de\\\/cms\\\/#organization\",\"name\":\"JazzZeitung online\",\"url\":\"https:\\\/\\\/www.jazzzeitung.de\\\/cms\\\/\",\"logo\":{\"@type\":\"ImageObject\",\"inLanguage\":\"de\",\"@id\":\"https:\\\/\\\/www.jazzzeitung.de\\\/cms\\\/#\\\/schema\\\/logo\\\/image\\\/\",\"url\":\"https:\\\/\\\/i0.wp.com\\\/www.jazzzeitung.de\\\/cms\\\/wp-content\\\/uploads\\\/2015\\\/08\\\/JAZZZEITUNGDE_Logo_Neu.png?fit=499%2C200&ssl=1\",\"contentUrl\":\"https:\\\/\\\/i0.wp.com\\\/www.jazzzeitung.de\\\/cms\\\/wp-content\\\/uploads\\\/2015\\\/08\\\/JAZZZEITUNGDE_Logo_Neu.png?fit=499%2C200&ssl=1\",\"width\":499,\"height\":200,\"caption\":\"JazzZeitung online\"},\"image\":{\"@id\":\"https:\\\/\\\/www.jazzzeitung.de\\\/cms\\\/#\\\/schema\\\/logo\\\/image\\\/\"},\"sameAs\":[\"https:\\\/\\\/www.facebook.com\\\/JazzZeitung\\\/\"]},{\"@type\":\"Person\",\"@id\":\"https:\\\/\\\/www.jazzzeitung.de\\\/cms\\\/#\\\/schema\\\/person\\\/2245b36b9cd1d24cea10f01c031fb92b\",\"name\":\"Redaktion JazzZeitung\",\"image\":{\"@type\":\"ImageObject\",\"inLanguage\":\"de\",\"@id\":\"https:\\\/\\\/i0.wp.com\\\/www.jazzzeitung.de\\\/cms\\\/wp-content\\\/uploads\\\/2015\\\/08\\\/JAZZZEITUNGDE_Logo_Neu.png?resize=96%2C96&ssl=159975dcacb611b5700bd619b5daf0a7a\",\"url\":\"https:\\\/\\\/i0.wp.com\\\/www.jazzzeitung.de\\\/cms\\\/wp-content\\\/uploads\\\/2015\\\/08\\\/JAZZZEITUNGDE_Logo_Neu.png?resize=96%2C96&ssl=1\",\"contentUrl\":\"https:\\\/\\\/i0.wp.com\\\/www.jazzzeitung.de\\\/cms\\\/wp-content\\\/uploads\\\/2015\\\/08\\\/JAZZZEITUNGDE_Logo_Neu.png?resize=96%2C96&ssl=1\",\"caption\":\"Redaktion JazzZeitung\"},\"description\":\"Artikel der Redaktion der JazzZeitung.\",\"sameAs\":[\"http:\\\/\\\/www.jazzzeitung.de\\\/cms\\\/\"],\"url\":\"https:\\\/\\\/www.jazzzeitung.de\\\/cms\\\/author\\\/redaktion\\\/\"}]}<\/script>\n<!-- \/ Yoast SEO plugin. -->","yoast_head_json":{"title":"+++News+++Charles Gayle Trio in der Manufaktur+++Jaffrika - Der Bayreuther Jazz-November - JazzZeitung","robots":{"index":"index","follow":"follow","max-snippet":"max-snippet:-1","max-image-preview":"max-image-preview:large","max-video-preview":"max-video-preview:-1"},"canonical":"https:\/\/www.jazzzeitung.de\/cms\/2016\/09\/newscharles-gayle-trio-der-manufakturjaffrika-der-bayreuther-jazz-november\/","og_locale":"de_DE","og_type":"article","og_title":"+++News+++Charles Gayle Trio in der Manufaktur+++Jaffrika - Der Bayreuther Jazz-November - JazzZeitung","og_description":"Charles Gayle Trio in der Manufaktur Schorndorf Am 21.10.16 um 20:30 gibt das Charles Gayle Trio ein Konzert in der Manufaktur Schorndorf. F\u00fcr den einstigen Stra\u00dfenk\u00fcnstler Charles Gayle w\u00e4hrte der von permanenter sozialer Not gepr\u00e4gte Zustand fast ein halbes Leben. Geboren 1939 in Buffalo im US-Bundesstaat New York, bekommt Gayle als Kind zun\u00e4chst Klavierunterricht. Das Saxophonspiel bringt er sich sp\u00e4ter selbst bei. Ab Ende der 1950er-Jahre tritt er regelm\u00e4\u00dfig in seiner Heimatstadt auf. Bei gelegentlichen Aufenthalten in New York City kommt es zu Begegnungen mit Archie Shepp, Pharoah Sanders und Anderen. Sein Spiel ver\u00e4ndert sich, wird radikaler, unerbittlicher. Ekstatisch, frei und kompromisslos, geschult an Albert Ayler und der Gospeltradition, bl\u00e4st er sich in New York, wohin er Anfang der 1970er-Jahre endg\u00fcltig \u00fcbergesiedelt ist, die Seele aus dem Leib. Best\u00e4ndig in finanziellen Schwierigkeiten, ist er rund 15 Jahre obdachlos. Eine sp\u00fcrbare Wendung trat ein, als in den 1980er-Jahren der deutsche Bassist Peter Kowald (1944\u20132002) auf Gayle aufmerksam wurde und gemeinsame Auftritte in den USA und Europa organisiert. Aber es sollte noch bis 1992 dauern, dass es tats\u00e4chlich zu so etwas wie einem Durchbruch kam: Mit Hilfe &hellip;","og_url":"https:\/\/www.jazzzeitung.de\/cms\/2016\/09\/newscharles-gayle-trio-der-manufakturjaffrika-der-bayreuther-jazz-november\/","og_site_name":"JazzZeitung","article_publisher":"https:\/\/www.facebook.com\/JazzZeitung\/","article_published_time":"2016-09-05T07:00:46+00:00","og_image":[{"url":"http:\/\/www.jazzzeitung.de\/cms\/wp-content\/uploads\/2016\/09\/collage_5316-150x150.jpeg","type":"","width":"","height":""}],"author":"Redaktion JazzZeitung","schema":{"@context":"https:\/\/schema.org","@graph":[{"@type":"Article","@id":"https:\/\/www.jazzzeitung.de\/cms\/2016\/09\/newscharles-gayle-trio-der-manufakturjaffrika-der-bayreuther-jazz-november\/#article","isPartOf":{"@id":"https:\/\/www.jazzzeitung.de\/cms\/2016\/09\/newscharles-gayle-trio-der-manufakturjaffrika-der-bayreuther-jazz-november\/"},"author":{"name":"Redaktion JazzZeitung","@id":"https:\/\/www.jazzzeitung.de\/cms\/#\/schema\/person\/2245b36b9cd1d24cea10f01c031fb92b"},"headline":"+++News+++Charles Gayle Trio in der Manufaktur+++Jaffrika &#8211; Der Bayreuther Jazz-November","datePublished":"2016-09-05T07:00:46+00:00","mainEntityOfPage":{"@id":"https:\/\/www.jazzzeitung.de\/cms\/2016\/09\/newscharles-gayle-trio-der-manufakturjaffrika-der-bayreuther-jazz-november\/"},"wordCount":802,"commentCount":0,"publisher":{"@id":"https:\/\/www.jazzzeitung.de\/cms\/#organization"},"image":{"@id":"https:\/\/www.jazzzeitung.de\/cms\/2016\/09\/newscharles-gayle-trio-der-manufakturjaffrika-der-bayreuther-jazz-november\/#primaryimage"},"thumbnailUrl":"http:\/\/www.jazzzeitung.de\/cms\/wp-content\/uploads\/2016\/09\/collage_5316-150x150.jpeg","keywords":["Album","Archie Shepp","Free Jazz","Joachim K\u00fchn","Kinder","Konzert","New York","Passport","Piano","Rock"],"articleSection":["News"],"inLanguage":"de","potentialAction":[{"@type":"CommentAction","name":"Comment","target":["https:\/\/www.jazzzeitung.de\/cms\/2016\/09\/newscharles-gayle-trio-der-manufakturjaffrika-der-bayreuther-jazz-november\/#respond"]}]},{"@type":"WebPage","@id":"https:\/\/www.jazzzeitung.de\/cms\/2016\/09\/newscharles-gayle-trio-der-manufakturjaffrika-der-bayreuther-jazz-november\/","url":"https:\/\/www.jazzzeitung.de\/cms\/2016\/09\/newscharles-gayle-trio-der-manufakturjaffrika-der-bayreuther-jazz-november\/","name":"+++News+++Charles Gayle Trio in der Manufaktur+++Jaffrika - Der Bayreuther Jazz-November - JazzZeitung","isPartOf":{"@id":"https:\/\/www.jazzzeitung.de\/cms\/#website"},"primaryImageOfPage":{"@id":"https:\/\/www.jazzzeitung.de\/cms\/2016\/09\/newscharles-gayle-trio-der-manufakturjaffrika-der-bayreuther-jazz-november\/#primaryimage"},"image":{"@id":"https:\/\/www.jazzzeitung.de\/cms\/2016\/09\/newscharles-gayle-trio-der-manufakturjaffrika-der-bayreuther-jazz-november\/#primaryimage"},"thumbnailUrl":"http:\/\/www.jazzzeitung.de\/cms\/wp-content\/uploads\/2016\/09\/collage_5316-150x150.jpeg","datePublished":"2016-09-05T07:00:46+00:00","breadcrumb":{"@id":"https:\/\/www.jazzzeitung.de\/cms\/2016\/09\/newscharles-gayle-trio-der-manufakturjaffrika-der-bayreuther-jazz-november\/#breadcrumb"},"inLanguage":"de","potentialAction":[{"@type":"ReadAction","target":["https:\/\/www.jazzzeitung.de\/cms\/2016\/09\/newscharles-gayle-trio-der-manufakturjaffrika-der-bayreuther-jazz-november\/"]}]},{"@type":"ImageObject","inLanguage":"de","@id":"https:\/\/www.jazzzeitung.de\/cms\/2016\/09\/newscharles-gayle-trio-der-manufakturjaffrika-der-bayreuther-jazz-november\/#primaryimage","url":"http:\/\/www.jazzzeitung.de\/cms\/wp-content\/uploads\/2016\/09\/collage_5316-150x150.jpeg","contentUrl":"http:\/\/www.jazzzeitung.de\/cms\/wp-content\/uploads\/2016\/09\/collage_5316-150x150.jpeg"},{"@type":"BreadcrumbList","@id":"https:\/\/www.jazzzeitung.de\/cms\/2016\/09\/newscharles-gayle-trio-der-manufakturjaffrika-der-bayreuther-jazz-november\/#breadcrumb","itemListElement":[{"@type":"ListItem","position":1,"name":"Startseite","item":"https:\/\/www.jazzzeitung.de\/cms\/"},{"@type":"ListItem","position":2,"name":"+++News+++Charles Gayle Trio in der Manufaktur+++Jaffrika &#8211; Der Bayreuther Jazz-November"}]},{"@type":"WebSite","@id":"https:\/\/www.jazzzeitung.de\/cms\/#website","url":"https:\/\/www.jazzzeitung.de\/cms\/","name":"JazzZeitung","description":"Jazz-News und Jazz-Kontroverses","publisher":{"@id":"https:\/\/www.jazzzeitung.de\/cms\/#organization"},"potentialAction":[{"@type":"SearchAction","target":{"@type":"EntryPoint","urlTemplate":"https:\/\/www.jazzzeitung.de\/cms\/?s={search_term_string}"},"query-input":{"@type":"PropertyValueSpecification","valueRequired":true,"valueName":"search_term_string"}}],"inLanguage":"de"},{"@type":"Organization","@id":"https:\/\/www.jazzzeitung.de\/cms\/#organization","name":"JazzZeitung online","url":"https:\/\/www.jazzzeitung.de\/cms\/","logo":{"@type":"ImageObject","inLanguage":"de","@id":"https:\/\/www.jazzzeitung.de\/cms\/#\/schema\/logo\/image\/","url":"https:\/\/i0.wp.com\/www.jazzzeitung.de\/cms\/wp-content\/uploads\/2015\/08\/JAZZZEITUNGDE_Logo_Neu.png?fit=499%2C200&ssl=1","contentUrl":"https:\/\/i0.wp.com\/www.jazzzeitung.de\/cms\/wp-content\/uploads\/2015\/08\/JAZZZEITUNGDE_Logo_Neu.png?fit=499%2C200&ssl=1","width":499,"height":200,"caption":"JazzZeitung online"},"image":{"@id":"https:\/\/www.jazzzeitung.de\/cms\/#\/schema\/logo\/image\/"},"sameAs":["https:\/\/www.facebook.com\/JazzZeitung\/"]},{"@type":"Person","@id":"https:\/\/www.jazzzeitung.de\/cms\/#\/schema\/person\/2245b36b9cd1d24cea10f01c031fb92b","name":"Redaktion JazzZeitung","image":{"@type":"ImageObject","inLanguage":"de","@id":"https:\/\/i0.wp.com\/www.jazzzeitung.de\/cms\/wp-content\/uploads\/2015\/08\/JAZZZEITUNGDE_Logo_Neu.png?resize=96%2C96&ssl=159975dcacb611b5700bd619b5daf0a7a","url":"https:\/\/i0.wp.com\/www.jazzzeitung.de\/cms\/wp-content\/uploads\/2015\/08\/JAZZZEITUNGDE_Logo_Neu.png?resize=96%2C96&ssl=1","contentUrl":"https:\/\/i0.wp.com\/www.jazzzeitung.de\/cms\/wp-content\/uploads\/2015\/08\/JAZZZEITUNGDE_Logo_Neu.png?resize=96%2C96&ssl=1","caption":"Redaktion JazzZeitung"},"description":"Artikel der Redaktion der JazzZeitung.","sameAs":["http:\/\/www.jazzzeitung.de\/cms\/"],"url":"https:\/\/www.jazzzeitung.de\/cms\/author\/redaktion\/"}]}},"wp-worthy-pixel":{"ignored":false,"public":null,"server":null,"url":null},"wp-worthy-type":"normal","jetpack_publicize_connections":[],"cc_featured_image_caption":{"caption_text":false,"source_text":false,"source_url":false},"jetpack_featured_media_url":"","jetpack_shortlink":"https:\/\/wp.me\/p3KEcT-2AJ","jetpack-related-posts":[{"id":9816,"url":"https:\/\/www.jazzzeitung.de\/cms\/2016\/08\/roscoe-mitchelljazz-pott-2016-preistraeger-jochen-rueckertjazzfruehstueck-mit-alexander-buehlensemblejazzjoy-festival\/","url_meta":{"origin":9965,"position":0},"title":"News +++ Roscoe Mitchell +++ Jazz&#038;Joy-Festival +++ Jazz-Pott 2016 Preistr\u00e4ger Jochen R\u00fcckert +++","author":"Redaktion JazzZeitung","date":"9. August 2016","format":false,"excerpt":"+++ Roscoe Mitchell im Konzert +++ Am Freitag den 30.9.16 um 20.30 gibt der amerikanische Saxophonist Roscoe Mitchell ein Konzert in der Manufaktur Schorndorf. 1966 schuf Roscoe Mitchell mit seinem ersten Solo-Album \u201eSound\u201c ein Manifest der AACM-(Association fort he Advancement of Creative Musicians) \u00c4sthetik. Stille und Pausen wurden pl\u00f6tzlich ebenso\u2026","rel":"","context":"In &quot;News&quot;","block_context":{"text":"News","link":"https:\/\/www.jazzzeitung.de\/cms\/thema\/nachrichten\/"},"img":{"alt_text":"Roscoe_Mitchell","src":"https:\/\/i0.wp.com\/www.jazzzeitung.de\/cms\/wp-content\/uploads\/2016\/08\/Roscoe_Mitchell-150x150.jpeg?resize=350%2C200","width":350,"height":200},"classes":[]},{"id":8867,"url":"https:\/\/www.jazzzeitung.de\/cms\/2016\/04\/joachim-kuehn-der-naechste-kuehne-schritt-des-giganten\/","url_meta":{"origin":9965,"position":1},"title":"Joachim K\u00fchn: Der n\u00e4chste k\u00fchne Schritt des Giganten","author":"Redaktion JazzZeitung","date":"7. April 2016","format":false,"excerpt":"1966 verschafften dem 22-j\u00e4hrigen sein Bruder und der \u00f6sterreichische Pianist Friedrich Gulda die M\u00f6glichkeit zur Flucht aus der DDR, deren gesellschaftliches Klima ihn k\u00fcnstlerisch beengte. Schnell wurde Joachim K\u00fchn zu einer festen Gr\u00f6\u00dfe im europ\u00e4ischen und internationalen Jazz. Seine aktuelle Tournee f\u00fchrt den Giganten des Jazzpianos nun wieder nach Deutschland.\u2026","rel":"","context":"In &quot;Bericht&quot;","block_context":{"text":"Bericht","link":"https:\/\/www.jazzzeitung.de\/cms\/thema\/bericht\/"},"img":{"alt_text":"Joachim K\u00fchn Trio mit Chris Jennigs und Eric Schaefer. Foto Tonstudio Bauer ","src":"https:\/\/i0.wp.com\/www.jazzzeitung.de\/cms\/wp-content\/uploads\/2016\/04\/K%C3%BChn-Jennings-Schaefer-by-Tonstudio-Bauer-1-150x150.jpg?resize=350%2C200","width":350,"height":200},"classes":[]},{"id":7627,"url":"https:\/\/www.jazzzeitung.de\/cms\/2015\/11\/jazzfest-berlin-2015-tigran-hamasyan-trio-charles-lloyd\/","url_meta":{"origin":9965,"position":2},"title":"Jazzfest Berlin 2015 \u2013 Tigran Hamasyan Trio, Charles Lloyd","author":"Huflaikhan","date":"8. November 2015","format":false,"excerpt":"Nach dem spr\u00f6d-abstrakten Konzert am Freitag, folgte irgendwie genau das gleiche Konzert, nur ganz anders: Tief ges\u00e4ttigt bis hinter die Ohrl\u00e4ppchen. Das Tigran Hamasyan Trio und Charles Lloyd mit seinem \u201eWild Man Dance Project\u201c enterten die B\u00fchne des Hauses der Berliner Festspiele. Das Auditorium war restlos gef\u00fcllt, der Samstag ist\u2026","rel":"","context":"In &quot;Bericht&quot;","block_context":{"text":"Bericht","link":"https:\/\/www.jazzzeitung.de\/cms\/thema\/bericht\/"},"img":{"alt_text":"Tigran Hamasyan Trio (Jazzfest Berlin 2015). Foto: Petra Basche","src":"https:\/\/i0.wp.com\/www.jazzzeitung.de\/cms\/wp-content\/uploads\/2015\/11\/jazzfest2015_pepa_hamasyan_074.jpg?resize=350%2C200","width":350,"height":200,"srcset":"https:\/\/i0.wp.com\/www.jazzzeitung.de\/cms\/wp-content\/uploads\/2015\/11\/jazzfest2015_pepa_hamasyan_074.jpg?resize=350%2C200 1x, https:\/\/i0.wp.com\/www.jazzzeitung.de\/cms\/wp-content\/uploads\/2015\/11\/jazzfest2015_pepa_hamasyan_074.jpg?resize=525%2C300 1.5x, https:\/\/i0.wp.com\/www.jazzzeitung.de\/cms\/wp-content\/uploads\/2015\/11\/jazzfest2015_pepa_hamasyan_074.jpg?resize=700%2C400 2x, https:\/\/i0.wp.com\/www.jazzzeitung.de\/cms\/wp-content\/uploads\/2015\/11\/jazzfest2015_pepa_hamasyan_074.jpg?resize=1050%2C600 3x, https:\/\/i0.wp.com\/www.jazzzeitung.de\/cms\/wp-content\/uploads\/2015\/11\/jazzfest2015_pepa_hamasyan_074.jpg?resize=1400%2C800 4x"},"classes":[]},{"id":7540,"url":"https:\/\/www.jazzzeitung.de\/cms\/2015\/11\/7540\/","url_meta":{"origin":9965,"position":3},"title":"Neue Galerie Berlin mit Jazzfotos von Detlev Schilke","author":"Redaktion JazzZeitung","date":"5. November 2015","format":false,"excerpt":"Was ist Jazz und wohin geht seine Reise? Unter dieser Fragestellung beginnt heute das 51. Jazzfest Berlin. Die NEUE GALERIE BERLIN nimmt das Jazzfest als Anlass f\u00fcr eine Sonderausstellung mit Fotografien von Detlev Schilke aus den Jahren 1987 bis 2014. Die R\u00e4ume in der Ludwigkirchstra\u00dfe 11 sind in unmittelbarer N\u00e4hes\u2026","rel":"","context":"In &quot;News&quot;","block_context":{"text":"News","link":"https:\/\/www.jazzzeitung.de\/cms\/thema\/nachrichten\/"},"img":{"alt_text":"Flyer_Jazzfest_Schilke (002)","src":"https:\/\/i0.wp.com\/www.jazzzeitung.de\/cms\/wp-content\/uploads\/2015\/11\/Flyer_Jazzfest_Schilke-002-150x150.jpg?resize=350%2C200","width":350,"height":200},"classes":[]},{"id":9876,"url":"https:\/\/www.jazzzeitung.de\/cms\/2016\/08\/news30-jahre-stadtgartenjazzthe-citydas-47-deutsche-jazzfestival-frankfurt-2016\/","url_meta":{"origin":9965,"position":4},"title":"+++ News +++ Das 47. Deutsche Jazzfestival Frankfurt 2016 +++ 30 Jahre Stadtgarten +++ Jazz&#038;The City +++","author":"Redaktion JazzZeitung","date":"16. August 2016","format":false,"excerpt":"+++ F\u00fcnf Tage, drei B\u00fchnen, ein Festival - Das 47. Deutsche Jazzfestival Frankfurt 2016 +++ Vom 26. bis 30. Oktober laden 12 Musikformationen zu verschiedenen Konzerten in Frankfurt. In der 47. Ausgabe wagt das Deutsche Jazzfestival den Sprung in die City. Das Auftaktkonzert in der Alten Oper, Elektro-Sounds und Clubmusik\u2026","rel":"","context":"In &quot;News&quot;","block_context":{"text":"News","link":"https:\/\/www.jazzzeitung.de\/cms\/thema\/nachrichten\/"},"img":{"alt_text":"frankfurt","src":"https:\/\/i0.wp.com\/www.jazzzeitung.de\/cms\/wp-content\/uploads\/2016\/08\/frankfurt-150x150.jpg?resize=350%2C200","width":350,"height":200},"classes":[]},{"id":11744,"url":"https:\/\/www.jazzzeitung.de\/cms\/2017\/02\/bmw-welt-jazz-award-das-4-konzert-mir-renaud-garcia-fons\/","url_meta":{"origin":9965,"position":5},"title":"Konzert Nummer 4 des BMW Welt Jazz Award: Renaud Garcia-Fons mit Revoir Paris","author":"Redaktion JazzZeitung","date":"21. Februar 2017","format":false,"excerpt":"Im neuen Trio mit dem Akkordeonisten David Ventucci und dem Vibraphonisten und Perkussionisten Stephan Caracci kehrt\u00a0Renaud Garcia-Fons\u00a0 zum Urbanen seiner Geburtsstadt Paris zur\u00fcck. Das Trio war vergangenen Sonntag zum BMW Welt Jazz Award eingeladen und begeisterte das Publikum mit einem \u201eRevoir Paris\u201c \u00fcberschriebenen Programm. Von Musette zu Hot Jazz, von\u2026","rel":"","context":"In &quot;Bericht&quot;","block_context":{"text":"Bericht","link":"https:\/\/www.jazzzeitung.de\/cms\/thema\/bericht\/"},"img":{"alt_text":"","src":"https:\/\/i0.wp.com\/www.jazzzeitung.de\/cms\/wp-content\/uploads\/2017\/02\/Bass-Garcia-Fons-P1200769-Foto-TJ-Krebs.jpg?resize=350%2C200","width":350,"height":200,"srcset":"https:\/\/i0.wp.com\/www.jazzzeitung.de\/cms\/wp-content\/uploads\/2017\/02\/Bass-Garcia-Fons-P1200769-Foto-TJ-Krebs.jpg?resize=350%2C200 1x, https:\/\/i0.wp.com\/www.jazzzeitung.de\/cms\/wp-content\/uploads\/2017\/02\/Bass-Garcia-Fons-P1200769-Foto-TJ-Krebs.jpg?resize=525%2C300 1.5x, https:\/\/i0.wp.com\/www.jazzzeitung.de\/cms\/wp-content\/uploads\/2017\/02\/Bass-Garcia-Fons-P1200769-Foto-TJ-Krebs.jpg?resize=700%2C400 2x, https:\/\/i0.wp.com\/www.jazzzeitung.de\/cms\/wp-content\/uploads\/2017\/02\/Bass-Garcia-Fons-P1200769-Foto-TJ-Krebs.jpg?resize=1050%2C600 3x"},"classes":[]}],"jetpack_sharing_enabled":true,"_links":{"self":[{"href":"https:\/\/www.jazzzeitung.de\/cms\/wp-json\/wp\/v2\/posts\/9965","targetHints":{"allow":["GET"]}}],"collection":[{"href":"https:\/\/www.jazzzeitung.de\/cms\/wp-json\/wp\/v2\/posts"}],"about":[{"href":"https:\/\/www.jazzzeitung.de\/cms\/wp-json\/wp\/v2\/types\/post"}],"author":[{"embeddable":true,"href":"https:\/\/www.jazzzeitung.de\/cms\/wp-json\/wp\/v2\/users\/18"}],"replies":[{"embeddable":true,"href":"https:\/\/www.jazzzeitung.de\/cms\/wp-json\/wp\/v2\/comments?post=9965"}],"version-history":[{"count":10,"href":"https:\/\/www.jazzzeitung.de\/cms\/wp-json\/wp\/v2\/posts\/9965\/revisions"}],"predecessor-version":[{"id":9978,"href":"https:\/\/www.jazzzeitung.de\/cms\/wp-json\/wp\/v2\/posts\/9965\/revisions\/9978"}],"wp:attachment":[{"href":"https:\/\/www.jazzzeitung.de\/cms\/wp-json\/wp\/v2\/media?parent=9965"}],"wp:term":[{"taxonomy":"category","embeddable":true,"href":"https:\/\/www.jazzzeitung.de\/cms\/wp-json\/wp\/v2\/categories?post=9965"},{"taxonomy":"post_tag","embeddable":true,"href":"https:\/\/www.jazzzeitung.de\/cms\/wp-json\/wp\/v2\/tags?post=9965"},{"taxonomy":"author","embeddable":true,"href":"https:\/\/www.jazzzeitung.de\/cms\/wp-json\/wp\/v2\/coauthors?post=9965"}],"curies":[{"name":"wp","href":"https:\/\/api.w.org\/{rel}","templated":true}]}}