{"id":9927,"date":"2016-08-23T11:00:22","date_gmt":"2016-08-23T09:00:22","guid":{"rendered":"http:\/\/www.jazzzeitung.de\/cms\/?p=9927"},"modified":"2016-09-13T09:52:43","modified_gmt":"2016-09-13T07:52:43","slug":"michel-portal-mit-neuer-cd-radar-live-theater-guetersloh","status":"publish","type":"post","link":"https:\/\/www.jazzzeitung.de\/cms\/2016\/08\/michel-portal-mit-neuer-cd-radar-live-theater-guetersloh\/","title":{"rendered":"Michel Portal mit neuer CD: Radar &#8211; Live at Theater G\u00fctersloh"},"content":{"rendered":"<p>Von Stefan Pieper &#8211; Das Theater G\u00fctersloh bietet als moderne Spielst\u00e4tte auch f\u00fcr Jazz optimale Bedingungen \u2013 mittlerweile geh\u00f6rt der im Jahr 2010 fertiggestellte Bau zu den \u201eLieblingslocations\u201c des WDR f\u00fcr das Aufnehmen hochkar\u00e4tiger Konzerte. Der j\u00fcngste Wurf der CD-Edition \u201eEuropean Jazz Legends\u201c legt die Messlatte noch einmal weiter nach oben: Michel Portal und Richie Beirach f\u00fcr eine Konzertaufnahme im Fr\u00fchjahr 2016 zum ersten Mal aufeinander \u2013 hinzu kam die WDR-Bigband als in jeder Hinsicht flexibler Klangk\u00f6rper.<\/p>\n<figure id=\"attachment_9928\" aria-describedby=\"caption-attachment-9928\" style=\"width: 150px\" class=\"wp-caption alignright\"><a href=\"https:\/\/i0.wp.com\/www.jazzzeitung.de\/cms\/wp-content\/uploads\/2016\/08\/csm_05711541_e011036716.jpg\"><img data-recalc-dims=\"1\" loading=\"lazy\" decoding=\"async\" data-attachment-id=\"9928\" data-permalink=\"https:\/\/www.jazzzeitung.de\/cms\/2016\/08\/michel-portal-mit-neuer-cd-radar-live-theater-guetersloh\/csm_05711541_e011036716\/\" data-orig-file=\"https:\/\/i0.wp.com\/www.jazzzeitung.de\/cms\/wp-content\/uploads\/2016\/08\/csm_05711541_e011036716.jpg?fit=400%2C400&amp;ssl=1\" data-orig-size=\"400,400\" data-comments-opened=\"1\" data-image-meta=\"{&quot;aperture&quot;:&quot;0&quot;,&quot;credit&quot;:&quot;&quot;,&quot;camera&quot;:&quot;&quot;,&quot;caption&quot;:&quot;&quot;,&quot;created_timestamp&quot;:&quot;0&quot;,&quot;copyright&quot;:&quot;&quot;,&quot;focal_length&quot;:&quot;0&quot;,&quot;iso&quot;:&quot;0&quot;,&quot;shutter_speed&quot;:&quot;0&quot;,&quot;title&quot;:&quot;&quot;,&quot;orientation&quot;:&quot;0&quot;}\" data-image-title=\"csm_05711541_e011036716\" data-image-description=\"\" data-image-caption=\"&lt;p&gt;Michel Portal mit neuer CD: Radar&lt;\/p&gt;\n\" data-large-file=\"https:\/\/i0.wp.com\/www.jazzzeitung.de\/cms\/wp-content\/uploads\/2016\/08\/csm_05711541_e011036716.jpg?fit=400%2C400&amp;ssl=1\" class=\"size-thumbnail wp-image-9928\" src=\"https:\/\/i0.wp.com\/www.jazzzeitung.de\/cms\/wp-content\/uploads\/2016\/08\/csm_05711541_e011036716-150x150.jpg?resize=150%2C150\" alt=\"Michel Portal mit neuer CD: Radar\" width=\"150\" height=\"150\" srcset=\"https:\/\/i0.wp.com\/www.jazzzeitung.de\/cms\/wp-content\/uploads\/2016\/08\/csm_05711541_e011036716.jpg?resize=150%2C150&amp;ssl=1 150w, https:\/\/i0.wp.com\/www.jazzzeitung.de\/cms\/wp-content\/uploads\/2016\/08\/csm_05711541_e011036716.jpg?resize=300%2C300&amp;ssl=1 300w, https:\/\/i0.wp.com\/www.jazzzeitung.de\/cms\/wp-content\/uploads\/2016\/08\/csm_05711541_e011036716.jpg?resize=144%2C144&amp;ssl=1 144w, https:\/\/i0.wp.com\/www.jazzzeitung.de\/cms\/wp-content\/uploads\/2016\/08\/csm_05711541_e011036716.jpg?resize=96%2C96&amp;ssl=1 96w, https:\/\/i0.wp.com\/www.jazzzeitung.de\/cms\/wp-content\/uploads\/2016\/08\/csm_05711541_e011036716.jpg?resize=24%2C24&amp;ssl=1 24w, https:\/\/i0.wp.com\/www.jazzzeitung.de\/cms\/wp-content\/uploads\/2016\/08\/csm_05711541_e011036716.jpg?resize=36%2C36&amp;ssl=1 36w, https:\/\/i0.wp.com\/www.jazzzeitung.de\/cms\/wp-content\/uploads\/2016\/08\/csm_05711541_e011036716.jpg?resize=48%2C48&amp;ssl=1 48w, https:\/\/i0.wp.com\/www.jazzzeitung.de\/cms\/wp-content\/uploads\/2016\/08\/csm_05711541_e011036716.jpg?resize=64%2C64&amp;ssl=1 64w, https:\/\/i0.wp.com\/www.jazzzeitung.de\/cms\/wp-content\/uploads\/2016\/08\/csm_05711541_e011036716.jpg?resize=32%2C32&amp;ssl=1 32w, https:\/\/i0.wp.com\/www.jazzzeitung.de\/cms\/wp-content\/uploads\/2016\/08\/csm_05711541_e011036716.jpg?resize=50%2C50&amp;ssl=1 50w, https:\/\/i0.wp.com\/www.jazzzeitung.de\/cms\/wp-content\/uploads\/2016\/08\/csm_05711541_e011036716.jpg?resize=128%2C128&amp;ssl=1 128w, https:\/\/i0.wp.com\/www.jazzzeitung.de\/cms\/wp-content\/uploads\/2016\/08\/csm_05711541_e011036716.jpg?w=400&amp;ssl=1 400w\" sizes=\"auto, (max-width: 150px) 100vw, 150px\" \/><\/a><figcaption id=\"caption-attachment-9928\" class=\"wp-caption-text\">Michel Portal mit neuer CD: Radar<\/figcaption><\/figure>\n<p>\u00dcber drei lange St\u00fccke, die zusammen eine Suite namens \u201eEsquisse\u201c bilden, geh\u00f6rt die B\u00fchne allein dem franz\u00f6sischen, aus dem Baskenland stammenden Reeds-Spieler und dem heute in Deutschland lebenden US-Pianisten. Man f\u00fchlt sich vom ersten Ton an erhoben auf ein erhabenes Plateau von musikalischer Reife! Da lebt traumwandlerisch ausgeschlafene Kommunikation zwischen zwei Spielern, die sich nichts mehr zu beweisen, aber daf\u00fcr umso mehr zu sagen zu haben. Geschichten erz\u00e4hlen, Traumsequenzen abbilden und sich im angeregten Dialog reiben und messen\u2013 darum geht es. Die drei St\u00fccke transportieren jeweils andere Grundstimmungen bzw. haben jeweils eine ganz spezifische \u201eErz\u00e4hlstruktur\u201c. Im ersten Teil geht es betont rezitativisch zur Sache. Wenn Portal dann im Part 2 zum Sopransax wechselt, wird es sp\u00fcrbar ekstatischer, ja manchmal regelrecht \u201ecoltranesker.\u201c Der letzte Part dieser Trilogie b\u00fcndelt umso mehr die motorische Sogkraft, jetzt werden satte Ostinato-Figuren des Pianos zum Motor f\u00fcr den niemals versiegenden Ideenfluss dieses Duos. Die Symbiose zwischen den beiden ist unersch\u00fctterlich. Beirach legt eine kraftvolle Pranke auf dem Fl\u00fcgel an den Tag &#8211; wohl wissend, dass Portals Spiel so viel druckvolle Energie bestens vertr\u00e4gt. Beide k\u00f6nnten stundenlang so weitermachen und doch w\u00e4re es nie eine Sekunde zu viel&#8230;<\/p>\n<p>Im Grunde genommen sind sich diese beiden Ausnahmespieler im besten Sinne selbst genug auf dieser Platte. Aber die sp\u00e4tere Ausweitung des Rahmens kann nur bereichernd wirken: Zusammen mit der WDR-Bigband zeigt sich der legend\u00e4re franz\u00f6sische Klarinettist und Saxofonist als ausgeschlafener Teamplayer &#8211; wenn sein Spiel andere Solisten befeuert und er so ganz uneitel in einer organischen Band-Chemie aufgeht. Portal kann eben auch ein gener\u00f6ser Teamplayer im gro\u00dfformatigen Klangk\u00f6rper sein, um \u2013 hier gerne auch mit sattem funkigen Biss \u2013 die eigene Spielfreude mit vielen zu teilen.<\/p>\n<p>Mit einem weiteren, charmanten Extra wartet dieser Tontr\u00e4ger auf: Ein Interview-Mitschnitt wirft Schlaglichter auf den Menschen hinter dieser Musik. Portal ist ein humorvoller Gespr\u00e4chspartner, der unterhaltsam von seinen Pr\u00e4gungen, Schl\u00fcsselerlebnissen, Leidenschaften erz\u00e4hlt. Soviel ist klar: Jazz ist f\u00fcr den Franzosen ein gro\u00dfes tolerantes Sammelbecken f\u00fcr Kl\u00e4nge, Ideen und Lebensgef\u00fchl &#8211; getreu dem eigenen Credo: \u201eWenn ich Brahms spiele, hei\u00dft dies nicht, dass ich Charlie Parker dabei vergessen w\u00fcrde.\u201c<\/p>\n<p style=\"margin-bottom: .0001pt;\"><b>CD: Michel Portal: Radar \u2013 live at Theater G\u00fctersloh<\/b><\/p>\n<p style=\"margin-bottom: .0001pt;\"><b>(Double Moon Records) <\/b><\/p>\n<p><span style=\"border-radius: 2px; text-indent: 20px; width: auto; padding: 0px 4px 0px 0px; text-align: center; font: bold 11px\/20px 'Helvetica Neue',Helvetica,sans-serif; color: #ffffff; background: #bd081c  no-repeat scroll 3px 50% \/ 14px 14px; position: absolute; opacity: 1; z-index: 8675309; display: none; cursor: pointer;\">Merken<\/span><\/p>\n","protected":false},"excerpt":{"rendered":"<p>Von Stefan Pieper &#8211; Das Theater G\u00fctersloh bietet als moderne Spielst\u00e4tte auch f\u00fcr Jazz optimale Bedingungen \u2013 mittlerweile geh\u00f6rt der im Jahr 2010 fertiggestellte Bau zu den \u201eLieblingslocations\u201c des WDR f\u00fcr das Aufnehmen hochkar\u00e4tiger Konzerte. Der j\u00fcngste Wurf der CD-Edition \u201eEuropean Jazz Legends\u201c legt die Messlatte noch einmal weiter nach oben: Michel Portal und Richie Beirach f\u00fcr eine Konzertaufnahme im Fr\u00fchjahr 2016 zum ersten Mal aufeinander \u2013 hinzu kam die WDR-Bigband als in jeder Hinsicht flexibler Klangk\u00f6rper. \u00dcber drei lange St\u00fccke, die zusammen eine Suite namens \u201eEsquisse\u201c bilden, geh\u00f6rt die B\u00fchne allein dem franz\u00f6sischen, aus dem Baskenland stammenden Reeds-Spieler und dem heute in Deutschland lebenden US-Pianisten. Man f\u00fchlt sich vom ersten Ton an erhoben auf ein erhabenes Plateau von musikalischer Reife! Da lebt traumwandlerisch ausgeschlafene Kommunikation zwischen zwei Spielern, die sich nichts mehr zu beweisen, aber daf\u00fcr umso mehr zu sagen zu haben. Geschichten erz\u00e4hlen, Traumsequenzen abbilden und sich im angeregten Dialog reiben und messen\u2013 darum geht es. Die drei St\u00fccke transportieren jeweils andere Grundstimmungen bzw. haben jeweils eine ganz spezifische \u201eErz\u00e4hlstruktur\u201c. Im ersten Teil geht es betont rezitativisch zur Sache. Wenn Portal dann im &hellip;<\/p>\n","protected":false},"author":18,"featured_media":0,"comment_status":"open","ping_status":"closed","sticky":false,"template":"","format":"standard","meta":{"_jetpack_memberships_contains_paid_content":false,"footnotes":"","jetpack_publicize_message":"","jetpack_publicize_feature_enabled":true,"jetpack_social_post_already_shared":false,"jetpack_social_options":{"image_generator_settings":{"template":"highway","default_image_id":0,"font":"","enabled":false},"version":2}},"categories":[1152],"tags":[73,109,111,1059,137,245,323,1129,589],"coauthors":[695],"class_list":["post-9927","post","type-post","status-publish","format-standard","hentry","category-rezension","tag-bigband","tag-cd","tag-charlie-parker","tag-chemie","tag-deutschland","tag-interview-2","tag-konzerte","tag-stefan-pieper","tag-wdr"],"yoast_head":"<!-- This site is optimized with the Yoast SEO plugin v27.5 - https:\/\/yoast.com\/product\/yoast-seo-wordpress\/ -->\n<title>Michel Portal mit neuer CD: Radar - Live at Theater G\u00fctersloh - JazzZeitung<\/title>\n<meta name=\"robots\" content=\"index, follow, max-snippet:-1, max-image-preview:large, max-video-preview:-1\" \/>\n<link rel=\"canonical\" href=\"https:\/\/www.jazzzeitung.de\/cms\/2016\/08\/michel-portal-mit-neuer-cd-radar-live-theater-guetersloh\/\" \/>\n<meta property=\"og:locale\" content=\"de_DE\" \/>\n<meta property=\"og:type\" content=\"article\" \/>\n<meta property=\"og:title\" content=\"Michel Portal mit neuer CD: Radar - Live at Theater G\u00fctersloh - JazzZeitung\" \/>\n<meta property=\"og:description\" content=\"Von Stefan Pieper &#8211; Das Theater G\u00fctersloh bietet als moderne Spielst\u00e4tte auch f\u00fcr Jazz optimale Bedingungen \u2013 mittlerweile geh\u00f6rt der im Jahr 2010 fertiggestellte Bau zu den \u201eLieblingslocations\u201c des WDR f\u00fcr das Aufnehmen hochkar\u00e4tiger Konzerte. Der j\u00fcngste Wurf der CD-Edition \u201eEuropean Jazz Legends\u201c legt die Messlatte noch einmal weiter nach oben: Michel Portal und Richie Beirach f\u00fcr eine Konzertaufnahme im Fr\u00fchjahr 2016 zum ersten Mal aufeinander \u2013 hinzu kam die WDR-Bigband als in jeder Hinsicht flexibler Klangk\u00f6rper. \u00dcber drei lange St\u00fccke, die zusammen eine Suite namens \u201eEsquisse\u201c bilden, geh\u00f6rt die B\u00fchne allein dem franz\u00f6sischen, aus dem Baskenland stammenden Reeds-Spieler und dem heute in Deutschland lebenden US-Pianisten. Man f\u00fchlt sich vom ersten Ton an erhoben auf ein erhabenes Plateau von musikalischer Reife! Da lebt traumwandlerisch ausgeschlafene Kommunikation zwischen zwei Spielern, die sich nichts mehr zu beweisen, aber daf\u00fcr umso mehr zu sagen zu haben. Geschichten erz\u00e4hlen, Traumsequenzen abbilden und sich im angeregten Dialog reiben und messen\u2013 darum geht es. Die drei St\u00fccke transportieren jeweils andere Grundstimmungen bzw. haben jeweils eine ganz spezifische \u201eErz\u00e4hlstruktur\u201c. Im ersten Teil geht es betont rezitativisch zur Sache. Wenn Portal dann im &hellip;\" \/>\n<meta property=\"og:url\" content=\"https:\/\/www.jazzzeitung.de\/cms\/2016\/08\/michel-portal-mit-neuer-cd-radar-live-theater-guetersloh\/\" \/>\n<meta property=\"og:site_name\" content=\"JazzZeitung\" \/>\n<meta property=\"article:publisher\" content=\"https:\/\/www.facebook.com\/JazzZeitung\/\" \/>\n<meta property=\"article:published_time\" content=\"2016-08-23T09:00:22+00:00\" \/>\n<meta property=\"article:modified_time\" content=\"2016-09-13T07:52:43+00:00\" \/>\n<meta property=\"og:image\" content=\"http:\/\/www.jazzzeitung.de\/cms\/wp-content\/uploads\/2016\/08\/csm_05711541_e011036716-150x150.jpg\" \/>\n<meta name=\"author\" content=\"Redaktion JazzZeitung\" \/>\n<script type=\"application\/ld+json\" class=\"yoast-schema-graph\">{\"@context\":\"https:\\\/\\\/schema.org\",\"@graph\":[{\"@type\":\"Article\",\"@id\":\"https:\\\/\\\/www.jazzzeitung.de\\\/cms\\\/2016\\\/08\\\/michel-portal-mit-neuer-cd-radar-live-theater-guetersloh\\\/#article\",\"isPartOf\":{\"@id\":\"https:\\\/\\\/www.jazzzeitung.de\\\/cms\\\/2016\\\/08\\\/michel-portal-mit-neuer-cd-radar-live-theater-guetersloh\\\/\"},\"author\":{\"name\":\"Redaktion JazzZeitung\",\"@id\":\"https:\\\/\\\/www.jazzzeitung.de\\\/cms\\\/#\\\/schema\\\/person\\\/2245b36b9cd1d24cea10f01c031fb92b\"},\"headline\":\"Michel Portal mit neuer CD: Radar &#8211; Live at Theater G\u00fctersloh\",\"datePublished\":\"2016-08-23T09:00:22+00:00\",\"dateModified\":\"2016-09-13T07:52:43+00:00\",\"mainEntityOfPage\":{\"@id\":\"https:\\\/\\\/www.jazzzeitung.de\\\/cms\\\/2016\\\/08\\\/michel-portal-mit-neuer-cd-radar-live-theater-guetersloh\\\/\"},\"wordCount\":498,\"commentCount\":0,\"publisher\":{\"@id\":\"https:\\\/\\\/www.jazzzeitung.de\\\/cms\\\/#organization\"},\"image\":{\"@id\":\"https:\\\/\\\/www.jazzzeitung.de\\\/cms\\\/2016\\\/08\\\/michel-portal-mit-neuer-cd-radar-live-theater-guetersloh\\\/#primaryimage\"},\"thumbnailUrl\":\"http:\\\/\\\/www.jazzzeitung.de\\\/cms\\\/wp-content\\\/uploads\\\/2016\\\/08\\\/csm_05711541_e011036716-150x150.jpg\",\"keywords\":[\"Bigband\",\"CD\",\"Charlie Parker\",\"Chemie\",\"Deutschland\",\"Interview\",\"Konzerte\",\"Stefan Pieper\",\"WDR\"],\"articleSection\":[\"Rezension\"],\"inLanguage\":\"de\",\"potentialAction\":[{\"@type\":\"CommentAction\",\"name\":\"Comment\",\"target\":[\"https:\\\/\\\/www.jazzzeitung.de\\\/cms\\\/2016\\\/08\\\/michel-portal-mit-neuer-cd-radar-live-theater-guetersloh\\\/#respond\"]}]},{\"@type\":\"WebPage\",\"@id\":\"https:\\\/\\\/www.jazzzeitung.de\\\/cms\\\/2016\\\/08\\\/michel-portal-mit-neuer-cd-radar-live-theater-guetersloh\\\/\",\"url\":\"https:\\\/\\\/www.jazzzeitung.de\\\/cms\\\/2016\\\/08\\\/michel-portal-mit-neuer-cd-radar-live-theater-guetersloh\\\/\",\"name\":\"Michel Portal mit neuer CD: Radar - Live at Theater G\u00fctersloh - JazzZeitung\",\"isPartOf\":{\"@id\":\"https:\\\/\\\/www.jazzzeitung.de\\\/cms\\\/#website\"},\"primaryImageOfPage\":{\"@id\":\"https:\\\/\\\/www.jazzzeitung.de\\\/cms\\\/2016\\\/08\\\/michel-portal-mit-neuer-cd-radar-live-theater-guetersloh\\\/#primaryimage\"},\"image\":{\"@id\":\"https:\\\/\\\/www.jazzzeitung.de\\\/cms\\\/2016\\\/08\\\/michel-portal-mit-neuer-cd-radar-live-theater-guetersloh\\\/#primaryimage\"},\"thumbnailUrl\":\"http:\\\/\\\/www.jazzzeitung.de\\\/cms\\\/wp-content\\\/uploads\\\/2016\\\/08\\\/csm_05711541_e011036716-150x150.jpg\",\"datePublished\":\"2016-08-23T09:00:22+00:00\",\"dateModified\":\"2016-09-13T07:52:43+00:00\",\"breadcrumb\":{\"@id\":\"https:\\\/\\\/www.jazzzeitung.de\\\/cms\\\/2016\\\/08\\\/michel-portal-mit-neuer-cd-radar-live-theater-guetersloh\\\/#breadcrumb\"},\"inLanguage\":\"de\",\"potentialAction\":[{\"@type\":\"ReadAction\",\"target\":[\"https:\\\/\\\/www.jazzzeitung.de\\\/cms\\\/2016\\\/08\\\/michel-portal-mit-neuer-cd-radar-live-theater-guetersloh\\\/\"]}]},{\"@type\":\"ImageObject\",\"inLanguage\":\"de\",\"@id\":\"https:\\\/\\\/www.jazzzeitung.de\\\/cms\\\/2016\\\/08\\\/michel-portal-mit-neuer-cd-radar-live-theater-guetersloh\\\/#primaryimage\",\"url\":\"http:\\\/\\\/www.jazzzeitung.de\\\/cms\\\/wp-content\\\/uploads\\\/2016\\\/08\\\/csm_05711541_e011036716-150x150.jpg\",\"contentUrl\":\"http:\\\/\\\/www.jazzzeitung.de\\\/cms\\\/wp-content\\\/uploads\\\/2016\\\/08\\\/csm_05711541_e011036716-150x150.jpg\"},{\"@type\":\"BreadcrumbList\",\"@id\":\"https:\\\/\\\/www.jazzzeitung.de\\\/cms\\\/2016\\\/08\\\/michel-portal-mit-neuer-cd-radar-live-theater-guetersloh\\\/#breadcrumb\",\"itemListElement\":[{\"@type\":\"ListItem\",\"position\":1,\"name\":\"Startseite\",\"item\":\"https:\\\/\\\/www.jazzzeitung.de\\\/cms\\\/\"},{\"@type\":\"ListItem\",\"position\":2,\"name\":\"Michel Portal mit neuer CD: Radar &#8211; Live at Theater G\u00fctersloh\"}]},{\"@type\":\"WebSite\",\"@id\":\"https:\\\/\\\/www.jazzzeitung.de\\\/cms\\\/#website\",\"url\":\"https:\\\/\\\/www.jazzzeitung.de\\\/cms\\\/\",\"name\":\"JazzZeitung\",\"description\":\"Jazz-News und Jazz-Kontroverses\",\"publisher\":{\"@id\":\"https:\\\/\\\/www.jazzzeitung.de\\\/cms\\\/#organization\"},\"potentialAction\":[{\"@type\":\"SearchAction\",\"target\":{\"@type\":\"EntryPoint\",\"urlTemplate\":\"https:\\\/\\\/www.jazzzeitung.de\\\/cms\\\/?s={search_term_string}\"},\"query-input\":{\"@type\":\"PropertyValueSpecification\",\"valueRequired\":true,\"valueName\":\"search_term_string\"}}],\"inLanguage\":\"de\"},{\"@type\":\"Organization\",\"@id\":\"https:\\\/\\\/www.jazzzeitung.de\\\/cms\\\/#organization\",\"name\":\"JazzZeitung online\",\"url\":\"https:\\\/\\\/www.jazzzeitung.de\\\/cms\\\/\",\"logo\":{\"@type\":\"ImageObject\",\"inLanguage\":\"de\",\"@id\":\"https:\\\/\\\/www.jazzzeitung.de\\\/cms\\\/#\\\/schema\\\/logo\\\/image\\\/\",\"url\":\"https:\\\/\\\/i0.wp.com\\\/www.jazzzeitung.de\\\/cms\\\/wp-content\\\/uploads\\\/2015\\\/08\\\/JAZZZEITUNGDE_Logo_Neu.png?fit=499%2C200&ssl=1\",\"contentUrl\":\"https:\\\/\\\/i0.wp.com\\\/www.jazzzeitung.de\\\/cms\\\/wp-content\\\/uploads\\\/2015\\\/08\\\/JAZZZEITUNGDE_Logo_Neu.png?fit=499%2C200&ssl=1\",\"width\":499,\"height\":200,\"caption\":\"JazzZeitung online\"},\"image\":{\"@id\":\"https:\\\/\\\/www.jazzzeitung.de\\\/cms\\\/#\\\/schema\\\/logo\\\/image\\\/\"},\"sameAs\":[\"https:\\\/\\\/www.facebook.com\\\/JazzZeitung\\\/\"]},{\"@type\":\"Person\",\"@id\":\"https:\\\/\\\/www.jazzzeitung.de\\\/cms\\\/#\\\/schema\\\/person\\\/2245b36b9cd1d24cea10f01c031fb92b\",\"name\":\"Redaktion JazzZeitung\",\"image\":{\"@type\":\"ImageObject\",\"inLanguage\":\"de\",\"@id\":\"https:\\\/\\\/i0.wp.com\\\/www.jazzzeitung.de\\\/cms\\\/wp-content\\\/uploads\\\/2015\\\/08\\\/JAZZZEITUNGDE_Logo_Neu.png?resize=96%2C96&ssl=159975dcacb611b5700bd619b5daf0a7a\",\"url\":\"https:\\\/\\\/i0.wp.com\\\/www.jazzzeitung.de\\\/cms\\\/wp-content\\\/uploads\\\/2015\\\/08\\\/JAZZZEITUNGDE_Logo_Neu.png?resize=96%2C96&ssl=1\",\"contentUrl\":\"https:\\\/\\\/i0.wp.com\\\/www.jazzzeitung.de\\\/cms\\\/wp-content\\\/uploads\\\/2015\\\/08\\\/JAZZZEITUNGDE_Logo_Neu.png?resize=96%2C96&ssl=1\",\"caption\":\"Redaktion JazzZeitung\"},\"description\":\"Artikel der Redaktion der JazzZeitung.\",\"sameAs\":[\"http:\\\/\\\/www.jazzzeitung.de\\\/cms\\\/\"],\"url\":\"https:\\\/\\\/www.jazzzeitung.de\\\/cms\\\/author\\\/redaktion\\\/\"}]}<\/script>\n<!-- \/ Yoast SEO plugin. -->","yoast_head_json":{"title":"Michel Portal mit neuer CD: Radar - Live at Theater G\u00fctersloh - JazzZeitung","robots":{"index":"index","follow":"follow","max-snippet":"max-snippet:-1","max-image-preview":"max-image-preview:large","max-video-preview":"max-video-preview:-1"},"canonical":"https:\/\/www.jazzzeitung.de\/cms\/2016\/08\/michel-portal-mit-neuer-cd-radar-live-theater-guetersloh\/","og_locale":"de_DE","og_type":"article","og_title":"Michel Portal mit neuer CD: Radar - Live at Theater G\u00fctersloh - JazzZeitung","og_description":"Von Stefan Pieper &#8211; Das Theater G\u00fctersloh bietet als moderne Spielst\u00e4tte auch f\u00fcr Jazz optimale Bedingungen \u2013 mittlerweile geh\u00f6rt der im Jahr 2010 fertiggestellte Bau zu den \u201eLieblingslocations\u201c des WDR f\u00fcr das Aufnehmen hochkar\u00e4tiger Konzerte. Der j\u00fcngste Wurf der CD-Edition \u201eEuropean Jazz Legends\u201c legt die Messlatte noch einmal weiter nach oben: Michel Portal und Richie Beirach f\u00fcr eine Konzertaufnahme im Fr\u00fchjahr 2016 zum ersten Mal aufeinander \u2013 hinzu kam die WDR-Bigband als in jeder Hinsicht flexibler Klangk\u00f6rper. \u00dcber drei lange St\u00fccke, die zusammen eine Suite namens \u201eEsquisse\u201c bilden, geh\u00f6rt die B\u00fchne allein dem franz\u00f6sischen, aus dem Baskenland stammenden Reeds-Spieler und dem heute in Deutschland lebenden US-Pianisten. Man f\u00fchlt sich vom ersten Ton an erhoben auf ein erhabenes Plateau von musikalischer Reife! Da lebt traumwandlerisch ausgeschlafene Kommunikation zwischen zwei Spielern, die sich nichts mehr zu beweisen, aber daf\u00fcr umso mehr zu sagen zu haben. Geschichten erz\u00e4hlen, Traumsequenzen abbilden und sich im angeregten Dialog reiben und messen\u2013 darum geht es. Die drei St\u00fccke transportieren jeweils andere Grundstimmungen bzw. haben jeweils eine ganz spezifische \u201eErz\u00e4hlstruktur\u201c. Im ersten Teil geht es betont rezitativisch zur Sache. Wenn Portal dann im &hellip;","og_url":"https:\/\/www.jazzzeitung.de\/cms\/2016\/08\/michel-portal-mit-neuer-cd-radar-live-theater-guetersloh\/","og_site_name":"JazzZeitung","article_publisher":"https:\/\/www.facebook.com\/JazzZeitung\/","article_published_time":"2016-08-23T09:00:22+00:00","article_modified_time":"2016-09-13T07:52:43+00:00","og_image":[{"url":"http:\/\/www.jazzzeitung.de\/cms\/wp-content\/uploads\/2016\/08\/csm_05711541_e011036716-150x150.jpg","type":"","width":"","height":""}],"author":"Redaktion JazzZeitung","schema":{"@context":"https:\/\/schema.org","@graph":[{"@type":"Article","@id":"https:\/\/www.jazzzeitung.de\/cms\/2016\/08\/michel-portal-mit-neuer-cd-radar-live-theater-guetersloh\/#article","isPartOf":{"@id":"https:\/\/www.jazzzeitung.de\/cms\/2016\/08\/michel-portal-mit-neuer-cd-radar-live-theater-guetersloh\/"},"author":{"name":"Redaktion JazzZeitung","@id":"https:\/\/www.jazzzeitung.de\/cms\/#\/schema\/person\/2245b36b9cd1d24cea10f01c031fb92b"},"headline":"Michel Portal mit neuer CD: Radar &#8211; Live at Theater G\u00fctersloh","datePublished":"2016-08-23T09:00:22+00:00","dateModified":"2016-09-13T07:52:43+00:00","mainEntityOfPage":{"@id":"https:\/\/www.jazzzeitung.de\/cms\/2016\/08\/michel-portal-mit-neuer-cd-radar-live-theater-guetersloh\/"},"wordCount":498,"commentCount":0,"publisher":{"@id":"https:\/\/www.jazzzeitung.de\/cms\/#organization"},"image":{"@id":"https:\/\/www.jazzzeitung.de\/cms\/2016\/08\/michel-portal-mit-neuer-cd-radar-live-theater-guetersloh\/#primaryimage"},"thumbnailUrl":"http:\/\/www.jazzzeitung.de\/cms\/wp-content\/uploads\/2016\/08\/csm_05711541_e011036716-150x150.jpg","keywords":["Bigband","CD","Charlie Parker","Chemie","Deutschland","Interview","Konzerte","Stefan Pieper","WDR"],"articleSection":["Rezension"],"inLanguage":"de","potentialAction":[{"@type":"CommentAction","name":"Comment","target":["https:\/\/www.jazzzeitung.de\/cms\/2016\/08\/michel-portal-mit-neuer-cd-radar-live-theater-guetersloh\/#respond"]}]},{"@type":"WebPage","@id":"https:\/\/www.jazzzeitung.de\/cms\/2016\/08\/michel-portal-mit-neuer-cd-radar-live-theater-guetersloh\/","url":"https:\/\/www.jazzzeitung.de\/cms\/2016\/08\/michel-portal-mit-neuer-cd-radar-live-theater-guetersloh\/","name":"Michel Portal mit neuer CD: Radar - Live at Theater G\u00fctersloh - JazzZeitung","isPartOf":{"@id":"https:\/\/www.jazzzeitung.de\/cms\/#website"},"primaryImageOfPage":{"@id":"https:\/\/www.jazzzeitung.de\/cms\/2016\/08\/michel-portal-mit-neuer-cd-radar-live-theater-guetersloh\/#primaryimage"},"image":{"@id":"https:\/\/www.jazzzeitung.de\/cms\/2016\/08\/michel-portal-mit-neuer-cd-radar-live-theater-guetersloh\/#primaryimage"},"thumbnailUrl":"http:\/\/www.jazzzeitung.de\/cms\/wp-content\/uploads\/2016\/08\/csm_05711541_e011036716-150x150.jpg","datePublished":"2016-08-23T09:00:22+00:00","dateModified":"2016-09-13T07:52:43+00:00","breadcrumb":{"@id":"https:\/\/www.jazzzeitung.de\/cms\/2016\/08\/michel-portal-mit-neuer-cd-radar-live-theater-guetersloh\/#breadcrumb"},"inLanguage":"de","potentialAction":[{"@type":"ReadAction","target":["https:\/\/www.jazzzeitung.de\/cms\/2016\/08\/michel-portal-mit-neuer-cd-radar-live-theater-guetersloh\/"]}]},{"@type":"ImageObject","inLanguage":"de","@id":"https:\/\/www.jazzzeitung.de\/cms\/2016\/08\/michel-portal-mit-neuer-cd-radar-live-theater-guetersloh\/#primaryimage","url":"http:\/\/www.jazzzeitung.de\/cms\/wp-content\/uploads\/2016\/08\/csm_05711541_e011036716-150x150.jpg","contentUrl":"http:\/\/www.jazzzeitung.de\/cms\/wp-content\/uploads\/2016\/08\/csm_05711541_e011036716-150x150.jpg"},{"@type":"BreadcrumbList","@id":"https:\/\/www.jazzzeitung.de\/cms\/2016\/08\/michel-portal-mit-neuer-cd-radar-live-theater-guetersloh\/#breadcrumb","itemListElement":[{"@type":"ListItem","position":1,"name":"Startseite","item":"https:\/\/www.jazzzeitung.de\/cms\/"},{"@type":"ListItem","position":2,"name":"Michel Portal mit neuer CD: Radar &#8211; Live at Theater G\u00fctersloh"}]},{"@type":"WebSite","@id":"https:\/\/www.jazzzeitung.de\/cms\/#website","url":"https:\/\/www.jazzzeitung.de\/cms\/","name":"JazzZeitung","description":"Jazz-News und Jazz-Kontroverses","publisher":{"@id":"https:\/\/www.jazzzeitung.de\/cms\/#organization"},"potentialAction":[{"@type":"SearchAction","target":{"@type":"EntryPoint","urlTemplate":"https:\/\/www.jazzzeitung.de\/cms\/?s={search_term_string}"},"query-input":{"@type":"PropertyValueSpecification","valueRequired":true,"valueName":"search_term_string"}}],"inLanguage":"de"},{"@type":"Organization","@id":"https:\/\/www.jazzzeitung.de\/cms\/#organization","name":"JazzZeitung online","url":"https:\/\/www.jazzzeitung.de\/cms\/","logo":{"@type":"ImageObject","inLanguage":"de","@id":"https:\/\/www.jazzzeitung.de\/cms\/#\/schema\/logo\/image\/","url":"https:\/\/i0.wp.com\/www.jazzzeitung.de\/cms\/wp-content\/uploads\/2015\/08\/JAZZZEITUNGDE_Logo_Neu.png?fit=499%2C200&ssl=1","contentUrl":"https:\/\/i0.wp.com\/www.jazzzeitung.de\/cms\/wp-content\/uploads\/2015\/08\/JAZZZEITUNGDE_Logo_Neu.png?fit=499%2C200&ssl=1","width":499,"height":200,"caption":"JazzZeitung online"},"image":{"@id":"https:\/\/www.jazzzeitung.de\/cms\/#\/schema\/logo\/image\/"},"sameAs":["https:\/\/www.facebook.com\/JazzZeitung\/"]},{"@type":"Person","@id":"https:\/\/www.jazzzeitung.de\/cms\/#\/schema\/person\/2245b36b9cd1d24cea10f01c031fb92b","name":"Redaktion JazzZeitung","image":{"@type":"ImageObject","inLanguage":"de","@id":"https:\/\/i0.wp.com\/www.jazzzeitung.de\/cms\/wp-content\/uploads\/2015\/08\/JAZZZEITUNGDE_Logo_Neu.png?resize=96%2C96&ssl=159975dcacb611b5700bd619b5daf0a7a","url":"https:\/\/i0.wp.com\/www.jazzzeitung.de\/cms\/wp-content\/uploads\/2015\/08\/JAZZZEITUNGDE_Logo_Neu.png?resize=96%2C96&ssl=1","contentUrl":"https:\/\/i0.wp.com\/www.jazzzeitung.de\/cms\/wp-content\/uploads\/2015\/08\/JAZZZEITUNGDE_Logo_Neu.png?resize=96%2C96&ssl=1","caption":"Redaktion JazzZeitung"},"description":"Artikel der Redaktion der JazzZeitung.","sameAs":["http:\/\/www.jazzzeitung.de\/cms\/"],"url":"https:\/\/www.jazzzeitung.de\/cms\/author\/redaktion\/"}]}},"wp-worthy-pixel":{"ignored":false,"public":null,"server":null,"url":null},"wp-worthy-type":"normal","jetpack_publicize_connections":[],"cc_featured_image_caption":{"caption_text":false,"source_text":false,"source_url":false},"jetpack_featured_media_url":"","jetpack_shortlink":"https:\/\/wp.me\/p3KEcT-2A7","jetpack-related-posts":[{"id":8290,"url":"https:\/\/www.jazzzeitung.de\/cms\/2016\/02\/wdr-vergibt-preise-fuer-jazz-nicht-nur-fuers-musikmachen\/","url_meta":{"origin":9927,"position":0},"title":"WDR vergibt Preise f\u00fcr Jazz \u2013 nicht nur f\u00fcrs Musikmachen","author":"Redaktion JazzZeitung","date":"2. Februar 2016","format":false,"excerpt":"Text und Fotos von Stefan Pieper - Seit 2004 w\u00fcrdigt der WDR Jazzpreis alle Jahre wieder herausragende Leistungen rund um den Jazz in seinen vielf\u00e4ltigen Facetten. Die Preisverleihung alle Jahre wieder hat sich mittlerweile zu einem mehrt\u00e4gigen Festival ausgeweitet, welches eben bewusst nicht in K\u00f6ln, der Heimatstadt des WDR, sondern\u2026","rel":"","context":"In &quot;Bericht&quot;","block_context":{"text":"Bericht","link":"https:\/\/www.jazzzeitung.de\/cms\/thema\/bericht\/"},"img":{"alt_text":"Trompeter der WDR Bigband ","src":"https:\/\/i0.wp.com\/www.jazzzeitung.de\/cms\/wp-content\/uploads\/2016\/02\/DSC01536-300x257.jpg?resize=350%2C200","width":350,"height":200},"classes":[]},{"id":519,"url":"https:\/\/www.jazzzeitung.de\/cms\/2010\/10\/jazzfestivals-bei-wdr-und-hr\/","url_meta":{"origin":9927,"position":1},"title":"Jazzfestivals bei WDR und hr \u2013 live on air und im Netz!","author":"J\u00f6rg Lichtinger","date":"28. Oktober 2010","format":false,"excerpt":"Zeitgleich starten heute in Frankfurt und K\u00f6ln die Jazz-Festivals der Sender HR (Deutsches Jazzfestival Frankfurt) und WDR (WDR3 jazz.cologne). Wer es nicht in die Funkh\u00e4user oder die entsprechenden Locations schafft, dem kann geholfen werden: 41. Deutsches Jazzfestival Frankfurt live im Netz und im H\u00f6rfunk In Frankfurt mit dabei: Tony Lakatos,\u2026","rel":"","context":"In &quot;Blog&quot;","block_context":{"text":"Blog","link":"https:\/\/www.jazzzeitung.de\/cms\/thema\/blog\/"},"img":{"alt_text":"hr-Bigband_by_Dirk_Ostermeier_quer_mit_Diri","src":"https:\/\/i0.wp.com\/www.jazzzeitung.de\/cms\/wp-content\/uploads\/2010\/10\/hr-Bigband_by_Dirk_Ostermeier_quer_mit_Diri-300x199.jpg?resize=350%2C200","width":350,"height":200},"classes":[]},{"id":26704,"url":"https:\/\/www.jazzzeitung.de\/cms\/2022\/02\/news-wdr-bigband-tutu-puoane-und-john-clayton-in-duisburg-crossover-jazz-in-oberhausen-jazzclub-minden-konzerte-im-maerz-erfurter-reihe-jazz-stream\/","url_meta":{"origin":9927,"position":2},"title":"+++ news  +++  WDR Bigband, Tutu Puoane und John Clayton in Duisburg +++ Crossover Jazz in Oberhausen +++Jazzclub Minden: Konzerte im M\u00e4rz +++ Erfurter Reihe &#8222;Jazz Stream&#8220; +++","author":"Redaktion JazzZeitung","date":"10. Februar 2022","format":false,"excerpt":"+++ WDR-Bigband mit Tutu Puoane und John Clayton in Duisburg +++ Im Rahmen des Duisburger AKZENTE-Festivals 2022 findet am 25. M\u00e4rz in der Philharmonie der Mercatorhalle Duisburg ein Konzert der WDR-Bigband mit Tutu Puoane statt. Die s\u00fcdafrikanische S\u00e4ngerin lebt seit 2004 in Belgien und begeistert mit ihrer au\u00dfergew\u00f6hnlichen Stimme und\u2026","rel":"","context":"In &quot;News&quot;","block_context":{"text":"News","link":"https:\/\/www.jazzzeitung.de\/cms\/thema\/nachrichten\/"},"img":{"alt_text":"","src":"https:\/\/i0.wp.com\/www.jazzzeitung.de\/cms\/wp-content\/uploads\/2022\/02\/Tutu-Puoane-c-Uli-Balss-kl.jpg?fit=1200%2C800&ssl=1&resize=350%2C200","width":350,"height":200,"srcset":"https:\/\/i0.wp.com\/www.jazzzeitung.de\/cms\/wp-content\/uploads\/2022\/02\/Tutu-Puoane-c-Uli-Balss-kl.jpg?fit=1200%2C800&ssl=1&resize=350%2C200 1x, https:\/\/i0.wp.com\/www.jazzzeitung.de\/cms\/wp-content\/uploads\/2022\/02\/Tutu-Puoane-c-Uli-Balss-kl.jpg?fit=1200%2C800&ssl=1&resize=525%2C300 1.5x, https:\/\/i0.wp.com\/www.jazzzeitung.de\/cms\/wp-content\/uploads\/2022\/02\/Tutu-Puoane-c-Uli-Balss-kl.jpg?fit=1200%2C800&ssl=1&resize=700%2C400 2x, https:\/\/i0.wp.com\/www.jazzzeitung.de\/cms\/wp-content\/uploads\/2022\/02\/Tutu-Puoane-c-Uli-Balss-kl.jpg?fit=1200%2C800&ssl=1&resize=1050%2C600 3x"},"classes":[]},{"id":15307,"url":"https:\/\/www.jazzzeitung.de\/cms\/2018\/03\/die-jazz-radiowoche-vom-19-03-bis-25-03-2018\/","url_meta":{"origin":9927,"position":3},"title":"Die Jazz-Radiowoche vom 19.03. bis 25.03.2018","author":"Martin Hufner","date":"18. M\u00e4rz 2018","format":false,"excerpt":"Ein subjektiver Blick in die Jazzwoche 12 im Radio. Unter anderem mit: Joe Henderson, 40 Jahre Jazzclub Unterfahrt, Marian McPartland, Ambrose Akinmusire, WDR Jazzpreis 2018, Bernd Konrad, Pianist Alan Pasqua, George Benson, Akkordeonist Vincent Peirani, KIM-Kollektiv in Berlin, Blume, Madeleine Peyroux, No Bebop, please!, Geschichte eines Jazzstandards (15) \u2013 Caravan,\u2026","rel":"","context":"In &quot;News&quot;","block_context":{"text":"News","link":"https:\/\/www.jazzzeitung.de\/cms\/thema\/nachrichten\/"},"img":{"alt_text":"Jazz im Radio","src":"https:\/\/i0.wp.com\/www.jazzzeitung.de\/cms\/wp-content\/uploads\/2017\/10\/radio-jazz-neu.jpg?fit=1200%2C900&ssl=1&resize=350%2C200","width":350,"height":200,"srcset":"https:\/\/i0.wp.com\/www.jazzzeitung.de\/cms\/wp-content\/uploads\/2017\/10\/radio-jazz-neu.jpg?fit=1200%2C900&ssl=1&resize=350%2C200 1x, https:\/\/i0.wp.com\/www.jazzzeitung.de\/cms\/wp-content\/uploads\/2017\/10\/radio-jazz-neu.jpg?fit=1200%2C900&ssl=1&resize=525%2C300 1.5x, https:\/\/i0.wp.com\/www.jazzzeitung.de\/cms\/wp-content\/uploads\/2017\/10\/radio-jazz-neu.jpg?fit=1200%2C900&ssl=1&resize=700%2C400 2x, https:\/\/i0.wp.com\/www.jazzzeitung.de\/cms\/wp-content\/uploads\/2017\/10\/radio-jazz-neu.jpg?fit=1200%2C900&ssl=1&resize=1050%2C600 3x"},"classes":[]},{"id":14831,"url":"https:\/\/www.jazzzeitung.de\/cms\/2018\/01\/die-jazz-radiowoche-vom-29-01-bis-04-02-2018\/","url_meta":{"origin":9927,"position":4},"title":"Die Jazz-Radiowoche vom 29.01. bis 04.02.2018","author":"Martin Hufner","date":"28. Januar 2018","format":false,"excerpt":"Ein subjektiver Blick in die Jazzwoche 4 im Radio. Unter anderem mit: Jamie Cullum, H\u00f6hepunkte vom Jazzfest Berlin, Buddy Tate, Rosset \u2013 Meyer \u2013 Geiger, Markus Stockhausen, Wes Montgomery, WDR Folkfestival 1976-89, NUEJazz Festival, WDR 3 Jazzfest 2018, Roberto Negro, Ambrose Akinmusire, ein historischer Jazz-Talk von Michael Naura mit Ekkehard\u2026","rel":"","context":"In &quot;News&quot;","block_context":{"text":"News","link":"https:\/\/www.jazzzeitung.de\/cms\/thema\/nachrichten\/"},"img":{"alt_text":"Jazz im Radio","src":"https:\/\/i0.wp.com\/www.jazzzeitung.de\/cms\/wp-content\/uploads\/2017\/10\/radio-jazz-neu.jpg?fit=1200%2C900&ssl=1&resize=350%2C200","width":350,"height":200,"srcset":"https:\/\/i0.wp.com\/www.jazzzeitung.de\/cms\/wp-content\/uploads\/2017\/10\/radio-jazz-neu.jpg?fit=1200%2C900&ssl=1&resize=350%2C200 1x, https:\/\/i0.wp.com\/www.jazzzeitung.de\/cms\/wp-content\/uploads\/2017\/10\/radio-jazz-neu.jpg?fit=1200%2C900&ssl=1&resize=525%2C300 1.5x, https:\/\/i0.wp.com\/www.jazzzeitung.de\/cms\/wp-content\/uploads\/2017\/10\/radio-jazz-neu.jpg?fit=1200%2C900&ssl=1&resize=700%2C400 2x, https:\/\/i0.wp.com\/www.jazzzeitung.de\/cms\/wp-content\/uploads\/2017\/10\/radio-jazz-neu.jpg?fit=1200%2C900&ssl=1&resize=1050%2C600 3x"},"classes":[]},{"id":13658,"url":"https:\/\/www.jazzzeitung.de\/cms\/2017\/10\/die-jazz-radio-woche-vom-10-10-bis-15-10-2017\/","url_meta":{"origin":9927,"position":5},"title":"Die Jazz-Radio-Woche vom 10.10. bis 15.10.2017","author":"Huflaikhan","date":"8. Oktober 2017","format":false,"excerpt":"Ein subjektiver Blick in die Jazzwoche im Radio. Schwerpunkt ist selbstverst\u00e4ndlich Thelonious Monks 100. Geburtstag. Weiters gibt es zum Beispiel: Michel Camilo & Tomatito, Babette Michel, Portr\u00e4t der Saxofonistin und Komponistin Angelika Niescier, Emile Parisien Quartet und das Trio Idioma, John Patitucci, Pianoduo Iana mit Christine Wodrascka und Betty Hovette,\u2026","rel":"","context":"In &quot;Radio&quot;","block_context":{"text":"Radio","link":"https:\/\/www.jazzzeitung.de\/cms\/thema\/radio\/"},"img":{"alt_text":"Jazz im Radio","src":"https:\/\/i0.wp.com\/www.jazzzeitung.de\/cms\/wp-content\/uploads\/2017\/10\/radio-jazz-neu.jpg?fit=1200%2C900&ssl=1&resize=350%2C200","width":350,"height":200,"srcset":"https:\/\/i0.wp.com\/www.jazzzeitung.de\/cms\/wp-content\/uploads\/2017\/10\/radio-jazz-neu.jpg?fit=1200%2C900&ssl=1&resize=350%2C200 1x, https:\/\/i0.wp.com\/www.jazzzeitung.de\/cms\/wp-content\/uploads\/2017\/10\/radio-jazz-neu.jpg?fit=1200%2C900&ssl=1&resize=525%2C300 1.5x, https:\/\/i0.wp.com\/www.jazzzeitung.de\/cms\/wp-content\/uploads\/2017\/10\/radio-jazz-neu.jpg?fit=1200%2C900&ssl=1&resize=700%2C400 2x, https:\/\/i0.wp.com\/www.jazzzeitung.de\/cms\/wp-content\/uploads\/2017\/10\/radio-jazz-neu.jpg?fit=1200%2C900&ssl=1&resize=1050%2C600 3x"},"classes":[]}],"jetpack_sharing_enabled":true,"_links":{"self":[{"href":"https:\/\/www.jazzzeitung.de\/cms\/wp-json\/wp\/v2\/posts\/9927","targetHints":{"allow":["GET"]}}],"collection":[{"href":"https:\/\/www.jazzzeitung.de\/cms\/wp-json\/wp\/v2\/posts"}],"about":[{"href":"https:\/\/www.jazzzeitung.de\/cms\/wp-json\/wp\/v2\/types\/post"}],"author":[{"embeddable":true,"href":"https:\/\/www.jazzzeitung.de\/cms\/wp-json\/wp\/v2\/users\/18"}],"replies":[{"embeddable":true,"href":"https:\/\/www.jazzzeitung.de\/cms\/wp-json\/wp\/v2\/comments?post=9927"}],"version-history":[{"count":3,"href":"https:\/\/www.jazzzeitung.de\/cms\/wp-json\/wp\/v2\/posts\/9927\/revisions"}],"predecessor-version":[{"id":10044,"href":"https:\/\/www.jazzzeitung.de\/cms\/wp-json\/wp\/v2\/posts\/9927\/revisions\/10044"}],"wp:attachment":[{"href":"https:\/\/www.jazzzeitung.de\/cms\/wp-json\/wp\/v2\/media?parent=9927"}],"wp:term":[{"taxonomy":"category","embeddable":true,"href":"https:\/\/www.jazzzeitung.de\/cms\/wp-json\/wp\/v2\/categories?post=9927"},{"taxonomy":"post_tag","embeddable":true,"href":"https:\/\/www.jazzzeitung.de\/cms\/wp-json\/wp\/v2\/tags?post=9927"},{"taxonomy":"author","embeddable":true,"href":"https:\/\/www.jazzzeitung.de\/cms\/wp-json\/wp\/v2\/coauthors?post=9927"}],"curies":[{"name":"wp","href":"https:\/\/api.w.org\/{rel}","templated":true}]}}