{"id":9916,"date":"2016-08-19T12:17:47","date_gmt":"2016-08-19T10:17:47","guid":{"rendered":"http:\/\/www.jazzzeitung.de\/cms\/?p=9916"},"modified":"2016-08-19T11:21:37","modified_gmt":"2016-08-19T09:21:37","slug":"art-chart-58-arbeitsphase-des-bundesjazzorchesters","status":"publish","type":"post","link":"https:\/\/www.jazzzeitung.de\/cms\/2016\/08\/art-chart-58-arbeitsphase-des-bundesjazzorchesters\/","title":{"rendered":"The Art Of The Chart &#8211; 58. Arbeitsphase des Bundesjazzorchesters"},"content":{"rendered":"<p>Am 3.9.16 um 19:30 findet das Abschlusskonzert der 58. Arbeitsphase des <a href=\"http:\/\/www.bundesjazzorchester.de\/\" target=\"_blank\">Bundesjazzorchesters<\/a> im Schlosstheater Rheinsberg statt.  Das Ensemble wird unter der Leitung von J\u00f6rg Achim Keller, Chefdirigent der NDR Bigband, ein Programm mit dem Titel \u201eThe Art Of The Chart\u201c pr\u00e4sentieren. Das Programm enth\u00e4lt sowohl Sch\u00e4tze aus J\u00f6rg Achim Kellers umfassendem Archiv, als auch eigene Arrangements, Seltenes und Kurioses.<br \/>\nDas Bundesjazzorchester (BuJazzO) ist das offizielle Jugendjazzorchester der Bundesrepublik Deutschland. Herausragende Nachwuchsmusiker formen gemeinsam mit renommierten Dirigenten und Dozenten einen Klangk\u00f6rper mit h\u00f6chstem musikalischem Anspruch. 1988 von Peter Herbolzheimer gegr\u00fcndet, gilt das Bundesjazzorchester unter der k\u00fcnstlerischen Leitung von Jiggs Whigham und Niels Klein heute als ausgezeichnete Talentschmiede f\u00fcr zuk\u00fcnftige Jazzmusikerinnen und- Musiker. Der junge Spitzennachwuchs des Jazz wird bei der Erarbeitung des Programms traditionell durch eine Auswahl von renommierten Dozenten unterst\u00fctzt. In der Musikakademie Rheinsberg werden die jungen Musiker in der 58. Arbeitsphase vom 28.8.16-3.9.16 das Programm unter anderem mit Axel Schlosser (tp), G\u00fcnter Bollmann (tb), Oliver Leicht (sax), Hans Vroomans  (p, rhythmus), Christian von Kaphengst (b, rhythmus) und Jeff Cascaro (voc) erarbeiten. Die Arbeitsphase wird zudem f\u00fcr die j\u00e4hrliche H\u00f6rfunkproduktion f\u00fcr den Westdeutschen Rundfunk genutzt, die auch in diesem Jahr von Tonmeisterstudenten des Erich-Thienhaus-Instituts Detmold unter der Leitung von Prof. Michael Schubert im Schlosstheater Rheinsberg durchgef\u00fchrt wird.<br \/>\n<figure id=\"attachment_9917\" aria-describedby=\"caption-attachment-9917\" style=\"width: 150px\" class=\"wp-caption alignright\"><a href=\"https:\/\/i0.wp.com\/www.jazzzeitung.de\/cms\/wp-content\/uploads\/2016\/08\/2016-9-3-Bundesjazzorchester-by-Henry-Mundt-1.jpg\"><img data-recalc-dims=\"1\" loading=\"lazy\" decoding=\"async\" data-attachment-id=\"9917\" data-permalink=\"https:\/\/www.jazzzeitung.de\/cms\/2016\/08\/art-chart-58-arbeitsphase-des-bundesjazzorchesters\/2016-9-3-bundesjazzorchester-by-henry-mundt-2\/\" data-orig-file=\"https:\/\/i0.wp.com\/www.jazzzeitung.de\/cms\/wp-content\/uploads\/2016\/08\/2016-9-3-Bundesjazzorchester-by-Henry-Mundt-1.jpg?fit=5472%2C3648&amp;ssl=1\" data-orig-size=\"5472,3648\" data-comments-opened=\"1\" data-image-meta=\"{&quot;aperture&quot;:&quot;0&quot;,&quot;credit&quot;:&quot;&quot;,&quot;camera&quot;:&quot;&quot;,&quot;caption&quot;:&quot;&quot;,&quot;created_timestamp&quot;:&quot;0&quot;,&quot;copyright&quot;:&quot;&quot;,&quot;focal_length&quot;:&quot;0&quot;,&quot;iso&quot;:&quot;0&quot;,&quot;shutter_speed&quot;:&quot;0&quot;,&quot;title&quot;:&quot;&quot;,&quot;orientation&quot;:&quot;0&quot;}\" data-image-title=\"2016-9-3 Bundesjazzorchester by Henry Mundt\" data-image-description=\"\" data-image-caption=\"&lt;p&gt;Bundesjazzorchester by Henry Mundt&lt;\/p&gt;\n\" data-large-file=\"https:\/\/i0.wp.com\/www.jazzzeitung.de\/cms\/wp-content\/uploads\/2016\/08\/2016-9-3-Bundesjazzorchester-by-Henry-Mundt-1.jpg?fit=840%2C560&amp;ssl=1\" src=\"https:\/\/i0.wp.com\/www.jazzzeitung.de\/cms\/wp-content\/uploads\/2016\/08\/2016-9-3-Bundesjazzorchester-by-Henry-Mundt-1-150x150.jpg?resize=150%2C150\" alt=\"Bundesjazzorchester by Henry Mundt\" width=\"150\" height=\"150\" class=\"size-thumbnail wp-image-9917\" srcset=\"https:\/\/i0.wp.com\/www.jazzzeitung.de\/cms\/wp-content\/uploads\/2016\/08\/2016-9-3-Bundesjazzorchester-by-Henry-Mundt-1.jpg?resize=150%2C150&amp;ssl=1 150w, https:\/\/i0.wp.com\/www.jazzzeitung.de\/cms\/wp-content\/uploads\/2016\/08\/2016-9-3-Bundesjazzorchester-by-Henry-Mundt-1.jpg?resize=144%2C144&amp;ssl=1 144w, https:\/\/i0.wp.com\/www.jazzzeitung.de\/cms\/wp-content\/uploads\/2016\/08\/2016-9-3-Bundesjazzorchester-by-Henry-Mundt-1.jpg?resize=96%2C96&amp;ssl=1 96w, https:\/\/i0.wp.com\/www.jazzzeitung.de\/cms\/wp-content\/uploads\/2016\/08\/2016-9-3-Bundesjazzorchester-by-Henry-Mundt-1.jpg?resize=24%2C24&amp;ssl=1 24w, https:\/\/i0.wp.com\/www.jazzzeitung.de\/cms\/wp-content\/uploads\/2016\/08\/2016-9-3-Bundesjazzorchester-by-Henry-Mundt-1.jpg?resize=36%2C36&amp;ssl=1 36w, https:\/\/i0.wp.com\/www.jazzzeitung.de\/cms\/wp-content\/uploads\/2016\/08\/2016-9-3-Bundesjazzorchester-by-Henry-Mundt-1.jpg?resize=48%2C48&amp;ssl=1 48w, https:\/\/i0.wp.com\/www.jazzzeitung.de\/cms\/wp-content\/uploads\/2016\/08\/2016-9-3-Bundesjazzorchester-by-Henry-Mundt-1.jpg?resize=64%2C64&amp;ssl=1 64w, https:\/\/i0.wp.com\/www.jazzzeitung.de\/cms\/wp-content\/uploads\/2016\/08\/2016-9-3-Bundesjazzorchester-by-Henry-Mundt-1.jpg?resize=32%2C32&amp;ssl=1 32w, https:\/\/i0.wp.com\/www.jazzzeitung.de\/cms\/wp-content\/uploads\/2016\/08\/2016-9-3-Bundesjazzorchester-by-Henry-Mundt-1.jpg?resize=50%2C50&amp;ssl=1 50w, https:\/\/i0.wp.com\/www.jazzzeitung.de\/cms\/wp-content\/uploads\/2016\/08\/2016-9-3-Bundesjazzorchester-by-Henry-Mundt-1.jpg?resize=128%2C128&amp;ssl=1 128w, https:\/\/i0.wp.com\/www.jazzzeitung.de\/cms\/wp-content\/uploads\/2016\/08\/2016-9-3-Bundesjazzorchester-by-Henry-Mundt-1.jpg?zoom=2&amp;resize=150%2C150&amp;ssl=1 300w, https:\/\/i0.wp.com\/www.jazzzeitung.de\/cms\/wp-content\/uploads\/2016\/08\/2016-9-3-Bundesjazzorchester-by-Henry-Mundt-1.jpg?zoom=3&amp;resize=150%2C150&amp;ssl=1 450w\" sizes=\"auto, (max-width: 150px) 100vw, 150px\" \/><\/a><figcaption id=\"caption-attachment-9917\" class=\"wp-caption-text\">Bundesjazzorchester by Henry Mundt<\/figcaption><\/figure><\/p>\n","protected":false},"excerpt":{"rendered":"<p>Am 3.9.16 um 19:30 findet das Abschlusskonzert der 58. Arbeitsphase des Bundesjazzorchesters im Schlosstheater Rheinsberg statt. Das Ensemble wird unter der Leitung von J\u00f6rg Achim Keller, Chefdirigent der NDR Bigband, ein Programm mit dem Titel \u201eThe Art Of The Chart\u201c pr\u00e4sentieren. Das Programm enth\u00e4lt sowohl Sch\u00e4tze aus J\u00f6rg Achim Kellers umfassendem Archiv, als auch eigene Arrangements, Seltenes und Kurioses. Das Bundesjazzorchester (BuJazzO) ist das offizielle Jugendjazzorchester der Bundesrepublik Deutschland. Herausragende Nachwuchsmusiker formen gemeinsam mit renommierten Dirigenten und Dozenten einen Klangk\u00f6rper mit h\u00f6chstem musikalischem Anspruch. 1988 von Peter Herbolzheimer gegr\u00fcndet, gilt das Bundesjazzorchester unter der k\u00fcnstlerischen Leitung von Jiggs Whigham und Niels Klein heute als ausgezeichnete Talentschmiede f\u00fcr zuk\u00fcnftige Jazzmusikerinnen und- Musiker. Der junge Spitzennachwuchs des Jazz wird bei der Erarbeitung des Programms traditionell durch eine Auswahl von renommierten Dozenten unterst\u00fctzt. In der Musikakademie Rheinsberg werden die jungen Musiker in der 58. Arbeitsphase vom 28.8.16-3.9.16 das Programm unter anderem mit Axel Schlosser (tp), G\u00fcnter Bollmann (tb), Oliver Leicht (sax), Hans Vroomans (p, rhythmus), Christian von Kaphengst (b, rhythmus) und Jeff Cascaro (voc) erarbeiten. Die Arbeitsphase wird zudem f\u00fcr die j\u00e4hrliche H\u00f6rfunkproduktion f\u00fcr den Westdeutschen Rundfunk genutzt, &hellip;<\/p>\n","protected":false},"author":18,"featured_media":0,"comment_status":"open","ping_status":"closed","sticky":false,"template":"","format":"standard","meta":{"_jetpack_memberships_contains_paid_content":false,"footnotes":"","jetpack_publicize_message":"","jetpack_publicize_feature_enabled":true,"jetpack_social_post_already_shared":false,"jetpack_social_options":{"image_generator_settings":{"template":"highway","default_image_id":0,"font":"","enabled":false},"version":2}},"categories":[633],"tags":[73,99,137,798,1169,410,438,15],"coauthors":[695],"class_list":["post-9916","post","type-post","status-publish","format-standard","hentry","category-nachrichten","tag-bigband","tag-bujazzo","tag-deutschland","tag-jazzmusikerinnen","tag-jiggs-whigham","tag-ndr","tag-peter-herbolzheimer","tag-rundfunk"],"yoast_head":"<!-- This site is optimized with the Yoast SEO plugin v27.5 - https:\/\/yoast.com\/product\/yoast-seo-wordpress\/ -->\n<title>The Art Of The Chart - 58. Arbeitsphase des Bundesjazzorchesters - JazzZeitung<\/title>\n<meta name=\"robots\" content=\"index, follow, max-snippet:-1, max-image-preview:large, max-video-preview:-1\" \/>\n<link rel=\"canonical\" href=\"https:\/\/www.jazzzeitung.de\/cms\/2016\/08\/art-chart-58-arbeitsphase-des-bundesjazzorchesters\/\" \/>\n<meta property=\"og:locale\" content=\"de_DE\" \/>\n<meta property=\"og:type\" content=\"article\" \/>\n<meta property=\"og:title\" content=\"The Art Of The Chart - 58. Arbeitsphase des Bundesjazzorchesters - JazzZeitung\" \/>\n<meta property=\"og:description\" content=\"Am 3.9.16 um 19:30 findet das Abschlusskonzert der 58. Arbeitsphase des Bundesjazzorchesters im Schlosstheater Rheinsberg statt. Das Ensemble wird unter der Leitung von J\u00f6rg Achim Keller, Chefdirigent der NDR Bigband, ein Programm mit dem Titel \u201eThe Art Of The Chart\u201c pr\u00e4sentieren. Das Programm enth\u00e4lt sowohl Sch\u00e4tze aus J\u00f6rg Achim Kellers umfassendem Archiv, als auch eigene Arrangements, Seltenes und Kurioses. Das Bundesjazzorchester (BuJazzO) ist das offizielle Jugendjazzorchester der Bundesrepublik Deutschland. Herausragende Nachwuchsmusiker formen gemeinsam mit renommierten Dirigenten und Dozenten einen Klangk\u00f6rper mit h\u00f6chstem musikalischem Anspruch. 1988 von Peter Herbolzheimer gegr\u00fcndet, gilt das Bundesjazzorchester unter der k\u00fcnstlerischen Leitung von Jiggs Whigham und Niels Klein heute als ausgezeichnete Talentschmiede f\u00fcr zuk\u00fcnftige Jazzmusikerinnen und- Musiker. Der junge Spitzennachwuchs des Jazz wird bei der Erarbeitung des Programms traditionell durch eine Auswahl von renommierten Dozenten unterst\u00fctzt. In der Musikakademie Rheinsberg werden die jungen Musiker in der 58. Arbeitsphase vom 28.8.16-3.9.16 das Programm unter anderem mit Axel Schlosser (tp), G\u00fcnter Bollmann (tb), Oliver Leicht (sax), Hans Vroomans (p, rhythmus), Christian von Kaphengst (b, rhythmus) und Jeff Cascaro (voc) erarbeiten. Die Arbeitsphase wird zudem f\u00fcr die j\u00e4hrliche H\u00f6rfunkproduktion f\u00fcr den Westdeutschen Rundfunk genutzt, &hellip;\" \/>\n<meta property=\"og:url\" content=\"https:\/\/www.jazzzeitung.de\/cms\/2016\/08\/art-chart-58-arbeitsphase-des-bundesjazzorchesters\/\" \/>\n<meta property=\"og:site_name\" content=\"JazzZeitung\" \/>\n<meta property=\"article:publisher\" content=\"https:\/\/www.facebook.com\/JazzZeitung\/\" \/>\n<meta property=\"article:published_time\" content=\"2016-08-19T10:17:47+00:00\" \/>\n<meta property=\"og:image\" content=\"http:\/\/www.jazzzeitung.de\/cms\/wp-content\/uploads\/2016\/08\/2016-9-3-Bundesjazzorchester-by-Henry-Mundt-1-150x150.jpg\" \/>\n<meta name=\"author\" content=\"Redaktion JazzZeitung\" \/>\n<script type=\"application\/ld+json\" class=\"yoast-schema-graph\">{\"@context\":\"https:\\\/\\\/schema.org\",\"@graph\":[{\"@type\":\"Article\",\"@id\":\"https:\\\/\\\/www.jazzzeitung.de\\\/cms\\\/2016\\\/08\\\/art-chart-58-arbeitsphase-des-bundesjazzorchesters\\\/#article\",\"isPartOf\":{\"@id\":\"https:\\\/\\\/www.jazzzeitung.de\\\/cms\\\/2016\\\/08\\\/art-chart-58-arbeitsphase-des-bundesjazzorchesters\\\/\"},\"author\":{\"name\":\"Redaktion JazzZeitung\",\"@id\":\"https:\\\/\\\/www.jazzzeitung.de\\\/cms\\\/#\\\/schema\\\/person\\\/2245b36b9cd1d24cea10f01c031fb92b\"},\"headline\":\"The Art Of The Chart &#8211; 58. Arbeitsphase des Bundesjazzorchesters\",\"datePublished\":\"2016-08-19T10:17:47+00:00\",\"mainEntityOfPage\":{\"@id\":\"https:\\\/\\\/www.jazzzeitung.de\\\/cms\\\/2016\\\/08\\\/art-chart-58-arbeitsphase-des-bundesjazzorchesters\\\/\"},\"wordCount\":240,\"commentCount\":0,\"publisher\":{\"@id\":\"https:\\\/\\\/www.jazzzeitung.de\\\/cms\\\/#organization\"},\"image\":{\"@id\":\"https:\\\/\\\/www.jazzzeitung.de\\\/cms\\\/2016\\\/08\\\/art-chart-58-arbeitsphase-des-bundesjazzorchesters\\\/#primaryimage\"},\"thumbnailUrl\":\"http:\\\/\\\/www.jazzzeitung.de\\\/cms\\\/wp-content\\\/uploads\\\/2016\\\/08\\\/2016-9-3-Bundesjazzorchester-by-Henry-Mundt-1-150x150.jpg\",\"keywords\":[\"Bigband\",\"Bujazzo\",\"Deutschland\",\"Jazzmusikerinnen\",\"Jiggs Whigham\",\"NDR\",\"Peter Herbolzheimer\",\"Rundfunk\"],\"articleSection\":[\"News\"],\"inLanguage\":\"de\",\"potentialAction\":[{\"@type\":\"CommentAction\",\"name\":\"Comment\",\"target\":[\"https:\\\/\\\/www.jazzzeitung.de\\\/cms\\\/2016\\\/08\\\/art-chart-58-arbeitsphase-des-bundesjazzorchesters\\\/#respond\"]}]},{\"@type\":\"WebPage\",\"@id\":\"https:\\\/\\\/www.jazzzeitung.de\\\/cms\\\/2016\\\/08\\\/art-chart-58-arbeitsphase-des-bundesjazzorchesters\\\/\",\"url\":\"https:\\\/\\\/www.jazzzeitung.de\\\/cms\\\/2016\\\/08\\\/art-chart-58-arbeitsphase-des-bundesjazzorchesters\\\/\",\"name\":\"The Art Of The Chart - 58. Arbeitsphase des Bundesjazzorchesters - JazzZeitung\",\"isPartOf\":{\"@id\":\"https:\\\/\\\/www.jazzzeitung.de\\\/cms\\\/#website\"},\"primaryImageOfPage\":{\"@id\":\"https:\\\/\\\/www.jazzzeitung.de\\\/cms\\\/2016\\\/08\\\/art-chart-58-arbeitsphase-des-bundesjazzorchesters\\\/#primaryimage\"},\"image\":{\"@id\":\"https:\\\/\\\/www.jazzzeitung.de\\\/cms\\\/2016\\\/08\\\/art-chart-58-arbeitsphase-des-bundesjazzorchesters\\\/#primaryimage\"},\"thumbnailUrl\":\"http:\\\/\\\/www.jazzzeitung.de\\\/cms\\\/wp-content\\\/uploads\\\/2016\\\/08\\\/2016-9-3-Bundesjazzorchester-by-Henry-Mundt-1-150x150.jpg\",\"datePublished\":\"2016-08-19T10:17:47+00:00\",\"breadcrumb\":{\"@id\":\"https:\\\/\\\/www.jazzzeitung.de\\\/cms\\\/2016\\\/08\\\/art-chart-58-arbeitsphase-des-bundesjazzorchesters\\\/#breadcrumb\"},\"inLanguage\":\"de\",\"potentialAction\":[{\"@type\":\"ReadAction\",\"target\":[\"https:\\\/\\\/www.jazzzeitung.de\\\/cms\\\/2016\\\/08\\\/art-chart-58-arbeitsphase-des-bundesjazzorchesters\\\/\"]}]},{\"@type\":\"ImageObject\",\"inLanguage\":\"de\",\"@id\":\"https:\\\/\\\/www.jazzzeitung.de\\\/cms\\\/2016\\\/08\\\/art-chart-58-arbeitsphase-des-bundesjazzorchesters\\\/#primaryimage\",\"url\":\"http:\\\/\\\/www.jazzzeitung.de\\\/cms\\\/wp-content\\\/uploads\\\/2016\\\/08\\\/2016-9-3-Bundesjazzorchester-by-Henry-Mundt-1-150x150.jpg\",\"contentUrl\":\"http:\\\/\\\/www.jazzzeitung.de\\\/cms\\\/wp-content\\\/uploads\\\/2016\\\/08\\\/2016-9-3-Bundesjazzorchester-by-Henry-Mundt-1-150x150.jpg\"},{\"@type\":\"BreadcrumbList\",\"@id\":\"https:\\\/\\\/www.jazzzeitung.de\\\/cms\\\/2016\\\/08\\\/art-chart-58-arbeitsphase-des-bundesjazzorchesters\\\/#breadcrumb\",\"itemListElement\":[{\"@type\":\"ListItem\",\"position\":1,\"name\":\"Startseite\",\"item\":\"https:\\\/\\\/www.jazzzeitung.de\\\/cms\\\/\"},{\"@type\":\"ListItem\",\"position\":2,\"name\":\"The Art Of The Chart &#8211; 58. Arbeitsphase des Bundesjazzorchesters\"}]},{\"@type\":\"WebSite\",\"@id\":\"https:\\\/\\\/www.jazzzeitung.de\\\/cms\\\/#website\",\"url\":\"https:\\\/\\\/www.jazzzeitung.de\\\/cms\\\/\",\"name\":\"JazzZeitung\",\"description\":\"Jazz-News und Jazz-Kontroverses\",\"publisher\":{\"@id\":\"https:\\\/\\\/www.jazzzeitung.de\\\/cms\\\/#organization\"},\"potentialAction\":[{\"@type\":\"SearchAction\",\"target\":{\"@type\":\"EntryPoint\",\"urlTemplate\":\"https:\\\/\\\/www.jazzzeitung.de\\\/cms\\\/?s={search_term_string}\"},\"query-input\":{\"@type\":\"PropertyValueSpecification\",\"valueRequired\":true,\"valueName\":\"search_term_string\"}}],\"inLanguage\":\"de\"},{\"@type\":\"Organization\",\"@id\":\"https:\\\/\\\/www.jazzzeitung.de\\\/cms\\\/#organization\",\"name\":\"JazzZeitung online\",\"url\":\"https:\\\/\\\/www.jazzzeitung.de\\\/cms\\\/\",\"logo\":{\"@type\":\"ImageObject\",\"inLanguage\":\"de\",\"@id\":\"https:\\\/\\\/www.jazzzeitung.de\\\/cms\\\/#\\\/schema\\\/logo\\\/image\\\/\",\"url\":\"https:\\\/\\\/i0.wp.com\\\/www.jazzzeitung.de\\\/cms\\\/wp-content\\\/uploads\\\/2015\\\/08\\\/JAZZZEITUNGDE_Logo_Neu.png?fit=499%2C200&ssl=1\",\"contentUrl\":\"https:\\\/\\\/i0.wp.com\\\/www.jazzzeitung.de\\\/cms\\\/wp-content\\\/uploads\\\/2015\\\/08\\\/JAZZZEITUNGDE_Logo_Neu.png?fit=499%2C200&ssl=1\",\"width\":499,\"height\":200,\"caption\":\"JazzZeitung online\"},\"image\":{\"@id\":\"https:\\\/\\\/www.jazzzeitung.de\\\/cms\\\/#\\\/schema\\\/logo\\\/image\\\/\"},\"sameAs\":[\"https:\\\/\\\/www.facebook.com\\\/JazzZeitung\\\/\"]},{\"@type\":\"Person\",\"@id\":\"https:\\\/\\\/www.jazzzeitung.de\\\/cms\\\/#\\\/schema\\\/person\\\/2245b36b9cd1d24cea10f01c031fb92b\",\"name\":\"Redaktion JazzZeitung\",\"image\":{\"@type\":\"ImageObject\",\"inLanguage\":\"de\",\"@id\":\"https:\\\/\\\/i0.wp.com\\\/www.jazzzeitung.de\\\/cms\\\/wp-content\\\/uploads\\\/2015\\\/08\\\/JAZZZEITUNGDE_Logo_Neu.png?resize=96%2C96&ssl=159975dcacb611b5700bd619b5daf0a7a\",\"url\":\"https:\\\/\\\/i0.wp.com\\\/www.jazzzeitung.de\\\/cms\\\/wp-content\\\/uploads\\\/2015\\\/08\\\/JAZZZEITUNGDE_Logo_Neu.png?resize=96%2C96&ssl=1\",\"contentUrl\":\"https:\\\/\\\/i0.wp.com\\\/www.jazzzeitung.de\\\/cms\\\/wp-content\\\/uploads\\\/2015\\\/08\\\/JAZZZEITUNGDE_Logo_Neu.png?resize=96%2C96&ssl=1\",\"caption\":\"Redaktion JazzZeitung\"},\"description\":\"Artikel der Redaktion der JazzZeitung.\",\"sameAs\":[\"http:\\\/\\\/www.jazzzeitung.de\\\/cms\\\/\"],\"url\":\"https:\\\/\\\/www.jazzzeitung.de\\\/cms\\\/author\\\/redaktion\\\/\"}]}<\/script>\n<!-- \/ Yoast SEO plugin. -->","yoast_head_json":{"title":"The Art Of The Chart - 58. Arbeitsphase des Bundesjazzorchesters - JazzZeitung","robots":{"index":"index","follow":"follow","max-snippet":"max-snippet:-1","max-image-preview":"max-image-preview:large","max-video-preview":"max-video-preview:-1"},"canonical":"https:\/\/www.jazzzeitung.de\/cms\/2016\/08\/art-chart-58-arbeitsphase-des-bundesjazzorchesters\/","og_locale":"de_DE","og_type":"article","og_title":"The Art Of The Chart - 58. Arbeitsphase des Bundesjazzorchesters - JazzZeitung","og_description":"Am 3.9.16 um 19:30 findet das Abschlusskonzert der 58. Arbeitsphase des Bundesjazzorchesters im Schlosstheater Rheinsberg statt. Das Ensemble wird unter der Leitung von J\u00f6rg Achim Keller, Chefdirigent der NDR Bigband, ein Programm mit dem Titel \u201eThe Art Of The Chart\u201c pr\u00e4sentieren. Das Programm enth\u00e4lt sowohl Sch\u00e4tze aus J\u00f6rg Achim Kellers umfassendem Archiv, als auch eigene Arrangements, Seltenes und Kurioses. Das Bundesjazzorchester (BuJazzO) ist das offizielle Jugendjazzorchester der Bundesrepublik Deutschland. Herausragende Nachwuchsmusiker formen gemeinsam mit renommierten Dirigenten und Dozenten einen Klangk\u00f6rper mit h\u00f6chstem musikalischem Anspruch. 1988 von Peter Herbolzheimer gegr\u00fcndet, gilt das Bundesjazzorchester unter der k\u00fcnstlerischen Leitung von Jiggs Whigham und Niels Klein heute als ausgezeichnete Talentschmiede f\u00fcr zuk\u00fcnftige Jazzmusikerinnen und- Musiker. Der junge Spitzennachwuchs des Jazz wird bei der Erarbeitung des Programms traditionell durch eine Auswahl von renommierten Dozenten unterst\u00fctzt. In der Musikakademie Rheinsberg werden die jungen Musiker in der 58. Arbeitsphase vom 28.8.16-3.9.16 das Programm unter anderem mit Axel Schlosser (tp), G\u00fcnter Bollmann (tb), Oliver Leicht (sax), Hans Vroomans (p, rhythmus), Christian von Kaphengst (b, rhythmus) und Jeff Cascaro (voc) erarbeiten. Die Arbeitsphase wird zudem f\u00fcr die j\u00e4hrliche H\u00f6rfunkproduktion f\u00fcr den Westdeutschen Rundfunk genutzt, &hellip;","og_url":"https:\/\/www.jazzzeitung.de\/cms\/2016\/08\/art-chart-58-arbeitsphase-des-bundesjazzorchesters\/","og_site_name":"JazzZeitung","article_publisher":"https:\/\/www.facebook.com\/JazzZeitung\/","article_published_time":"2016-08-19T10:17:47+00:00","og_image":[{"url":"http:\/\/www.jazzzeitung.de\/cms\/wp-content\/uploads\/2016\/08\/2016-9-3-Bundesjazzorchester-by-Henry-Mundt-1-150x150.jpg","type":"","width":"","height":""}],"author":"Redaktion JazzZeitung","schema":{"@context":"https:\/\/schema.org","@graph":[{"@type":"Article","@id":"https:\/\/www.jazzzeitung.de\/cms\/2016\/08\/art-chart-58-arbeitsphase-des-bundesjazzorchesters\/#article","isPartOf":{"@id":"https:\/\/www.jazzzeitung.de\/cms\/2016\/08\/art-chart-58-arbeitsphase-des-bundesjazzorchesters\/"},"author":{"name":"Redaktion JazzZeitung","@id":"https:\/\/www.jazzzeitung.de\/cms\/#\/schema\/person\/2245b36b9cd1d24cea10f01c031fb92b"},"headline":"The Art Of The Chart &#8211; 58. Arbeitsphase des Bundesjazzorchesters","datePublished":"2016-08-19T10:17:47+00:00","mainEntityOfPage":{"@id":"https:\/\/www.jazzzeitung.de\/cms\/2016\/08\/art-chart-58-arbeitsphase-des-bundesjazzorchesters\/"},"wordCount":240,"commentCount":0,"publisher":{"@id":"https:\/\/www.jazzzeitung.de\/cms\/#organization"},"image":{"@id":"https:\/\/www.jazzzeitung.de\/cms\/2016\/08\/art-chart-58-arbeitsphase-des-bundesjazzorchesters\/#primaryimage"},"thumbnailUrl":"http:\/\/www.jazzzeitung.de\/cms\/wp-content\/uploads\/2016\/08\/2016-9-3-Bundesjazzorchester-by-Henry-Mundt-1-150x150.jpg","keywords":["Bigband","Bujazzo","Deutschland","Jazzmusikerinnen","Jiggs Whigham","NDR","Peter Herbolzheimer","Rundfunk"],"articleSection":["News"],"inLanguage":"de","potentialAction":[{"@type":"CommentAction","name":"Comment","target":["https:\/\/www.jazzzeitung.de\/cms\/2016\/08\/art-chart-58-arbeitsphase-des-bundesjazzorchesters\/#respond"]}]},{"@type":"WebPage","@id":"https:\/\/www.jazzzeitung.de\/cms\/2016\/08\/art-chart-58-arbeitsphase-des-bundesjazzorchesters\/","url":"https:\/\/www.jazzzeitung.de\/cms\/2016\/08\/art-chart-58-arbeitsphase-des-bundesjazzorchesters\/","name":"The Art Of The Chart - 58. Arbeitsphase des Bundesjazzorchesters - JazzZeitung","isPartOf":{"@id":"https:\/\/www.jazzzeitung.de\/cms\/#website"},"primaryImageOfPage":{"@id":"https:\/\/www.jazzzeitung.de\/cms\/2016\/08\/art-chart-58-arbeitsphase-des-bundesjazzorchesters\/#primaryimage"},"image":{"@id":"https:\/\/www.jazzzeitung.de\/cms\/2016\/08\/art-chart-58-arbeitsphase-des-bundesjazzorchesters\/#primaryimage"},"thumbnailUrl":"http:\/\/www.jazzzeitung.de\/cms\/wp-content\/uploads\/2016\/08\/2016-9-3-Bundesjazzorchester-by-Henry-Mundt-1-150x150.jpg","datePublished":"2016-08-19T10:17:47+00:00","breadcrumb":{"@id":"https:\/\/www.jazzzeitung.de\/cms\/2016\/08\/art-chart-58-arbeitsphase-des-bundesjazzorchesters\/#breadcrumb"},"inLanguage":"de","potentialAction":[{"@type":"ReadAction","target":["https:\/\/www.jazzzeitung.de\/cms\/2016\/08\/art-chart-58-arbeitsphase-des-bundesjazzorchesters\/"]}]},{"@type":"ImageObject","inLanguage":"de","@id":"https:\/\/www.jazzzeitung.de\/cms\/2016\/08\/art-chart-58-arbeitsphase-des-bundesjazzorchesters\/#primaryimage","url":"http:\/\/www.jazzzeitung.de\/cms\/wp-content\/uploads\/2016\/08\/2016-9-3-Bundesjazzorchester-by-Henry-Mundt-1-150x150.jpg","contentUrl":"http:\/\/www.jazzzeitung.de\/cms\/wp-content\/uploads\/2016\/08\/2016-9-3-Bundesjazzorchester-by-Henry-Mundt-1-150x150.jpg"},{"@type":"BreadcrumbList","@id":"https:\/\/www.jazzzeitung.de\/cms\/2016\/08\/art-chart-58-arbeitsphase-des-bundesjazzorchesters\/#breadcrumb","itemListElement":[{"@type":"ListItem","position":1,"name":"Startseite","item":"https:\/\/www.jazzzeitung.de\/cms\/"},{"@type":"ListItem","position":2,"name":"The Art Of The Chart &#8211; 58. Arbeitsphase des Bundesjazzorchesters"}]},{"@type":"WebSite","@id":"https:\/\/www.jazzzeitung.de\/cms\/#website","url":"https:\/\/www.jazzzeitung.de\/cms\/","name":"JazzZeitung","description":"Jazz-News und Jazz-Kontroverses","publisher":{"@id":"https:\/\/www.jazzzeitung.de\/cms\/#organization"},"potentialAction":[{"@type":"SearchAction","target":{"@type":"EntryPoint","urlTemplate":"https:\/\/www.jazzzeitung.de\/cms\/?s={search_term_string}"},"query-input":{"@type":"PropertyValueSpecification","valueRequired":true,"valueName":"search_term_string"}}],"inLanguage":"de"},{"@type":"Organization","@id":"https:\/\/www.jazzzeitung.de\/cms\/#organization","name":"JazzZeitung online","url":"https:\/\/www.jazzzeitung.de\/cms\/","logo":{"@type":"ImageObject","inLanguage":"de","@id":"https:\/\/www.jazzzeitung.de\/cms\/#\/schema\/logo\/image\/","url":"https:\/\/i0.wp.com\/www.jazzzeitung.de\/cms\/wp-content\/uploads\/2015\/08\/JAZZZEITUNGDE_Logo_Neu.png?fit=499%2C200&ssl=1","contentUrl":"https:\/\/i0.wp.com\/www.jazzzeitung.de\/cms\/wp-content\/uploads\/2015\/08\/JAZZZEITUNGDE_Logo_Neu.png?fit=499%2C200&ssl=1","width":499,"height":200,"caption":"JazzZeitung online"},"image":{"@id":"https:\/\/www.jazzzeitung.de\/cms\/#\/schema\/logo\/image\/"},"sameAs":["https:\/\/www.facebook.com\/JazzZeitung\/"]},{"@type":"Person","@id":"https:\/\/www.jazzzeitung.de\/cms\/#\/schema\/person\/2245b36b9cd1d24cea10f01c031fb92b","name":"Redaktion JazzZeitung","image":{"@type":"ImageObject","inLanguage":"de","@id":"https:\/\/i0.wp.com\/www.jazzzeitung.de\/cms\/wp-content\/uploads\/2015\/08\/JAZZZEITUNGDE_Logo_Neu.png?resize=96%2C96&ssl=159975dcacb611b5700bd619b5daf0a7a","url":"https:\/\/i0.wp.com\/www.jazzzeitung.de\/cms\/wp-content\/uploads\/2015\/08\/JAZZZEITUNGDE_Logo_Neu.png?resize=96%2C96&ssl=1","contentUrl":"https:\/\/i0.wp.com\/www.jazzzeitung.de\/cms\/wp-content\/uploads\/2015\/08\/JAZZZEITUNGDE_Logo_Neu.png?resize=96%2C96&ssl=1","caption":"Redaktion JazzZeitung"},"description":"Artikel der Redaktion der JazzZeitung.","sameAs":["http:\/\/www.jazzzeitung.de\/cms\/"],"url":"https:\/\/www.jazzzeitung.de\/cms\/author\/redaktion\/"}]}},"wp-worthy-pixel":{"ignored":false,"public":null,"server":null,"url":null},"wp-worthy-type":"normal","jetpack_publicize_connections":[],"cc_featured_image_caption":{"caption_text":false,"source_text":false,"source_url":false},"jetpack_featured_media_url":"","jetpack_shortlink":"https:\/\/wp.me\/p3KEcT-2zW","jetpack-related-posts":[{"id":3117,"url":"https:\/\/www.jazzzeitung.de\/cms\/2013\/12\/auf-der-suche-nach-neuen-talenten-probespiele-des-bundesjazzorchesters-vom-6-bis-9-januar-bonn\/","url_meta":{"origin":9916,"position":0},"title":"Auf der Suche nach neuen Talenten &#8211; Probespiele des Bundesjazzorchesters vom 6. bis 9. Januar in Bonn","author":"Redaktion JazzZeitung","date":"11. Dezember 2013","format":false,"excerpt":"Das Bundesjazzorchester, das offizielle Jugendjazzorchester der Bundesrepublik Deutschland, sucht Nachwuchs. Vom 6. bis 9. Januar finden in Bonn Probespiele des Orchesters statt. Als Veranstaltungsort konnte das Ernst-Moritz-Arndt-Gymnasium in Bonn gewonnen werden, wo im Jahr 1988 das Bundesjazzorchester seinen ersten \u00f6ffentlichen Auftritt hatte. S\u00e4mtliche Bigband-Instrumente \u2013 Trompeten, Posaunen, Saxophone und Rhythmusgruppe\u2026","rel":"","context":"In &quot;News&quot;","block_context":{"text":"News","link":"https:\/\/www.jazzzeitung.de\/cms\/thema\/nachrichten\/"},"img":{"alt_text":"Foto: Jan Karow","src":"https:\/\/i0.wp.com\/www.jazzzeitung.de\/cms\/wp-content\/uploads\/2013\/12\/Bundesjazzorchester_mit_John_Ruocco_c_Jan_Karow-150x150.jpg?resize=350%2C200","width":350,"height":200},"classes":[]},{"id":15404,"url":"https:\/\/www.jazzzeitung.de\/cms\/2018\/03\/musikmesse-2018-frankfurter-musikpreis-geht-an-bundesjazzorchester-bujazzo\/","url_meta":{"origin":9916,"position":1},"title":"Musikmesse 2018: Frankfurter Musikpreis geht an Bundesjazzorchester (BuJazzO)","author":"Redaktion JazzZeitung","date":"20. M\u00e4rz 2018","format":false,"excerpt":"Das Bundesjazzorchester (BuJazzO) wird mit dem Frankfurter Musikpreis 2018 geehrt. Die Auszeichnung wird allj\u00e4hrlich im Rahmen der Musikmesse und des Musikmesse Festivals vergeben. Sie pr\u00e4miert Akteure, die durch ihr Wirken einen besonderen Beitrag f\u00fcr die Musikszene und -kultur geleistet haben. Bei der Preisverleihung am 13. April gibt das Bundesjazzorchester unter\u2026","rel":"","context":"In &quot;News&quot;","block_context":{"text":"News","link":"https:\/\/www.jazzzeitung.de\/cms\/thema\/nachrichten\/"},"img":{"alt_text":"","src":"https:\/\/i0.wp.com\/www.jazzzeitung.de\/cms\/wp-content\/uploads\/2018\/03\/Bundesjazzorchester-2018-c-Deutscher-Musikrat-Nico-Pudimat_small.jpg?fit=1200%2C800&ssl=1&resize=350%2C200","width":350,"height":200,"srcset":"https:\/\/i0.wp.com\/www.jazzzeitung.de\/cms\/wp-content\/uploads\/2018\/03\/Bundesjazzorchester-2018-c-Deutscher-Musikrat-Nico-Pudimat_small.jpg?fit=1200%2C800&ssl=1&resize=350%2C200 1x, https:\/\/i0.wp.com\/www.jazzzeitung.de\/cms\/wp-content\/uploads\/2018\/03\/Bundesjazzorchester-2018-c-Deutscher-Musikrat-Nico-Pudimat_small.jpg?fit=1200%2C800&ssl=1&resize=525%2C300 1.5x, https:\/\/i0.wp.com\/www.jazzzeitung.de\/cms\/wp-content\/uploads\/2018\/03\/Bundesjazzorchester-2018-c-Deutscher-Musikrat-Nico-Pudimat_small.jpg?fit=1200%2C800&ssl=1&resize=700%2C400 2x, https:\/\/i0.wp.com\/www.jazzzeitung.de\/cms\/wp-content\/uploads\/2018\/03\/Bundesjazzorchester-2018-c-Deutscher-Musikrat-Nico-Pudimat_small.jpg?fit=1200%2C800&ssl=1&resize=1050%2C600 3x"},"classes":[]},{"id":5107,"url":"https:\/\/www.jazzzeitung.de\/cms\/2014\/12\/peter-herbolzheimer-european-jazz-academy-ihrem-13-jahr-ein-rueckblick\/","url_meta":{"origin":9916,"position":2},"title":"Peter Herbolzheimer European Jazz Academy in ihrem 13. Jahr \u2013 ein R\u00fcckblick","author":"Redaktion JazzZeitung","date":"11. Dezember 2014","format":"gallery","excerpt":"In der Landesmusikakademie Hessen auf Schlo\u00df Hallenburg in Schlitz bei Fulda ging mit dem Abschlusskonzert am Abend des Nikolaustages die 13. Arbeitsphase der Peter Herbolzheimer European Jazz Academy zu Ende. F\u00fcnfundzwanzig Teilnehmerinnen und Teilnehmer aus ganz Deutschland hatten in den vorausgegangenen f\u00fcnf Tagen ein h\u00f6chst anspruchsvolles Programm erarbeitet, das sich\u2026","rel":"","context":"In &quot;Bericht&quot;","block_context":{"text":"Bericht","link":"https:\/\/www.jazzzeitung.de\/cms\/thema\/bericht\/"},"img":{"alt_text":"","src":"https:\/\/i0.wp.com\/www.jazzzeitung.de\/cms\/wp-content\/uploads\/2014\/12\/IMG-3578.jpg?resize=350%2C200","width":350,"height":200,"srcset":"https:\/\/i0.wp.com\/www.jazzzeitung.de\/cms\/wp-content\/uploads\/2014\/12\/IMG-3578.jpg?resize=350%2C200 1x, https:\/\/i0.wp.com\/www.jazzzeitung.de\/cms\/wp-content\/uploads\/2014\/12\/IMG-3578.jpg?resize=525%2C300 1.5x, https:\/\/i0.wp.com\/www.jazzzeitung.de\/cms\/wp-content\/uploads\/2014\/12\/IMG-3578.jpg?resize=700%2C400 2x, https:\/\/i0.wp.com\/www.jazzzeitung.de\/cms\/wp-content\/uploads\/2014\/12\/IMG-3578.jpg?resize=1050%2C600 3x, https:\/\/i0.wp.com\/www.jazzzeitung.de\/cms\/wp-content\/uploads\/2014\/12\/IMG-3578.jpg?resize=1400%2C800 4x"},"classes":[]},{"id":8473,"url":"https:\/\/www.jazzzeitung.de\/cms\/2016\/02\/ergebnisse-des-3-bujazzo-kompositionswettbewerbs-stehen-fest\/","url_meta":{"origin":9916,"position":3},"title":"Ergebnisse des 3. BuJazzO-Kompositionswettbewerbs stehen fest","author":"Redaktion JazzZeitung","date":"19. Februar 2016","format":false,"excerpt":"Sie stehen fest \u2013 die Gewinner des BuJazzO-Kompositionswettbewerbs 2016. Zum dritten Mal rief das Bundesjazzorchester junge Komponistinnen und Komponisten, Arrangeurinnen und Arrangeure bis zum Alter von 30 Jahren auf, Werke f\u00fcr Jazzorchester mit und ohne Vokalensemble einzureichen. Die Jury \u2013 bestehend aus dem k\u00fcnstlerischen Leiter des Bundesjazzorchesters Niels Klein, dem\u2026","rel":"","context":"In &quot;Redaktionelle Nachrichten&quot;","block_context":{"text":"Redaktionelle Nachrichten","link":"https:\/\/www.jazzzeitung.de\/cms\/thema\/redaktion\/"},"img":{"alt_text":"","src":"https:\/\/i0.wp.com\/www.jazzzeitung.de\/cms\/wp-content\/uploads\/2016\/02\/Tamara-Lukasheva.jpg?resize=350%2C200","width":350,"height":200,"srcset":"https:\/\/i0.wp.com\/www.jazzzeitung.de\/cms\/wp-content\/uploads\/2016\/02\/Tamara-Lukasheva.jpg?resize=350%2C200 1x, https:\/\/i0.wp.com\/www.jazzzeitung.de\/cms\/wp-content\/uploads\/2016\/02\/Tamara-Lukasheva.jpg?resize=525%2C300 1.5x, https:\/\/i0.wp.com\/www.jazzzeitung.de\/cms\/wp-content\/uploads\/2016\/02\/Tamara-Lukasheva.jpg?resize=700%2C400 2x, https:\/\/i0.wp.com\/www.jazzzeitung.de\/cms\/wp-content\/uploads\/2016\/02\/Tamara-Lukasheva.jpg?resize=1050%2C600 3x, https:\/\/i0.wp.com\/www.jazzzeitung.de\/cms\/wp-content\/uploads\/2016\/02\/Tamara-Lukasheva.jpg?resize=1400%2C800 4x"},"classes":[]},{"id":822,"url":"https:\/\/www.jazzzeitung.de\/cms\/2011\/02\/bujazzo-erstmals-unter-weiblicher-fuehrung\/","url_meta":{"origin":9916,"position":4},"title":"BuJazzO erstmals unter weiblicher F\u00fchrung","author":"J\u00f6rg Lichtinger","date":"24. Februar 2011","format":false,"excerpt":"Neuigkeiten zum Gender-Thema \"Frauen im Jazz\": Historisches tut sich beim BuJazzO. W\u00e4hrend seiner 47. Arbeitsphase (6.\u201313. M\u00e4rz) in Trossingen wird das Ensemble zum ersten Mal von einer Frau geleitet. Die Berliner Komponistin und Dirigentin Maria Baptist hat das Sagen bei der unter dem Titel \"City Grooves\" stehenden Probenwoche.","rel":"","context":"In &quot;Blog&quot;","block_context":{"text":"Blog","link":"https:\/\/www.jazzzeitung.de\/cms\/thema\/blog\/"},"img":{"alt_text":"Erste weibl. Leiterin des BuJazzO: Maria Baptist. Foto: MBM","src":"https:\/\/i0.wp.com\/www.jazzzeitung.de\/cms\/wp-content\/uploads\/2011\/02\/Baptist_Pressefoto_Foto_MBM-300x225.jpg?resize=350%2C200","width":350,"height":200},"classes":[]},{"id":12008,"url":"https:\/\/www.jazzzeitung.de\/cms\/2017\/03\/three-nations-under-one-groove-uk-tour-2017-bundesjazzorchester-baut-partnerschaften-weiter-aus\/","url_meta":{"origin":9916,"position":5},"title":"Three Nations Under One Groove UK-Tour 2017: Bundesjazzorchester baut Partnerschaften weiter aus","author":"Redaktion JazzZeitung","date":"23. M\u00e4rz 2017","format":false,"excerpt":"Vom 26. M\u00e4rz bis 2. April 2017 findet das erfolgreiche Bigband-Projekt THREE NATIONS UNDER ONE GROOVE in Gro\u00dfbritannien seine Fortsetzung. Gemeinsam mit den niederl\u00e4ndischen Kollegen des Nationaal Jeugd Jazz Orkest (NJJO, Niederlande) und den britischen Musikern des National Youth Jazz Orchestra (NYJO, United Kingdom) wird das Bundesjazzorchester eine intensive Probenphase\u2026","rel":"","context":"In &quot;News&quot;","block_context":{"text":"News","link":"https:\/\/www.jazzzeitung.de\/cms\/thema\/nachrichten\/"},"img":{"alt_text":"","src":"https:\/\/i0.wp.com\/www.jazzzeitung.de\/cms\/wp-content\/uploads\/2017\/03\/Three-Nations-Under-One-Groove-Bimhuis-Amsterdam-c-Seehund-Media-150x150.jpg?resize=350%2C200","width":350,"height":200},"classes":[]}],"jetpack_sharing_enabled":true,"_links":{"self":[{"href":"https:\/\/www.jazzzeitung.de\/cms\/wp-json\/wp\/v2\/posts\/9916","targetHints":{"allow":["GET"]}}],"collection":[{"href":"https:\/\/www.jazzzeitung.de\/cms\/wp-json\/wp\/v2\/posts"}],"about":[{"href":"https:\/\/www.jazzzeitung.de\/cms\/wp-json\/wp\/v2\/types\/post"}],"author":[{"embeddable":true,"href":"https:\/\/www.jazzzeitung.de\/cms\/wp-json\/wp\/v2\/users\/18"}],"replies":[{"embeddable":true,"href":"https:\/\/www.jazzzeitung.de\/cms\/wp-json\/wp\/v2\/comments?post=9916"}],"version-history":[{"count":3,"href":"https:\/\/www.jazzzeitung.de\/cms\/wp-json\/wp\/v2\/posts\/9916\/revisions"}],"predecessor-version":[{"id":9920,"href":"https:\/\/www.jazzzeitung.de\/cms\/wp-json\/wp\/v2\/posts\/9916\/revisions\/9920"}],"wp:attachment":[{"href":"https:\/\/www.jazzzeitung.de\/cms\/wp-json\/wp\/v2\/media?parent=9916"}],"wp:term":[{"taxonomy":"category","embeddable":true,"href":"https:\/\/www.jazzzeitung.de\/cms\/wp-json\/wp\/v2\/categories?post=9916"},{"taxonomy":"post_tag","embeddable":true,"href":"https:\/\/www.jazzzeitung.de\/cms\/wp-json\/wp\/v2\/tags?post=9916"},{"taxonomy":"author","embeddable":true,"href":"https:\/\/www.jazzzeitung.de\/cms\/wp-json\/wp\/v2\/coauthors?post=9916"}],"curies":[{"name":"wp","href":"https:\/\/api.w.org\/{rel}","templated":true}]}}