{"id":9681,"date":"2016-07-19T09:05:03","date_gmt":"2016-07-19T07:05:03","guid":{"rendered":"http:\/\/www.jazzzeitung.de\/cms\/?p=9681"},"modified":"2016-07-19T09:05:03","modified_gmt":"2016-07-19T07:05:03","slug":"von-schraegen-heiligen-und-musikalischen-goetterspeisen-shoot-moon-mit-album-nr-4","status":"publish","type":"post","link":"https:\/\/www.jazzzeitung.de\/cms\/2016\/07\/von-schraegen-heiligen-und-musikalischen-goetterspeisen-shoot-moon-mit-album-nr-4\/","title":{"rendered":"Von schr\u00e4gen Heiligen und musikalischen G\u00f6tterspeisen &#8211; Shoot The Moon mit Album Nr. 4"},"content":{"rendered":"<p><a href=\"https:\/\/i0.wp.com\/www.jazzzeitung.de\/cms\/wp-content\/uploads\/2016\/07\/Shoot-Saints_tmr002.jpg\"><img data-recalc-dims=\"1\" loading=\"lazy\" decoding=\"async\" data-attachment-id=\"9682\" data-permalink=\"https:\/\/www.jazzzeitung.de\/cms\/2016\/07\/von-schraegen-heiligen-und-musikalischen-goetterspeisen-shoot-moon-mit-album-nr-4\/shoot-saints_tmr002\/\" data-orig-file=\"https:\/\/i0.wp.com\/www.jazzzeitung.de\/cms\/wp-content\/uploads\/2016\/07\/Shoot-Saints_tmr002.jpg?fit=600%2C546&amp;ssl=1\" data-orig-size=\"600,546\" data-comments-opened=\"1\" data-image-meta=\"{&quot;aperture&quot;:&quot;0&quot;,&quot;credit&quot;:&quot;&quot;,&quot;camera&quot;:&quot;&quot;,&quot;caption&quot;:&quot;&quot;,&quot;created_timestamp&quot;:&quot;0&quot;,&quot;copyright&quot;:&quot;&quot;,&quot;focal_length&quot;:&quot;0&quot;,&quot;iso&quot;:&quot;0&quot;,&quot;shutter_speed&quot;:&quot;0&quot;,&quot;title&quot;:&quot;&quot;,&quot;orientation&quot;:&quot;1&quot;}\" data-image-title=\"Shoot-Saints_tmr002\" data-image-description=\"\" data-image-caption=\"\" data-large-file=\"https:\/\/i0.wp.com\/www.jazzzeitung.de\/cms\/wp-content\/uploads\/2016\/07\/Shoot-Saints_tmr002.jpg?fit=600%2C546&amp;ssl=1\" class=\"alignright size-thumbnail wp-image-9682\" src=\"https:\/\/i0.wp.com\/www.jazzzeitung.de\/cms\/wp-content\/uploads\/2016\/07\/Shoot-Saints_tmr002-150x150.jpg?resize=150%2C150\" alt=\"Shoot-Saints_tmr002\" width=\"150\" height=\"150\" srcset=\"https:\/\/i0.wp.com\/www.jazzzeitung.de\/cms\/wp-content\/uploads\/2016\/07\/Shoot-Saints_tmr002.jpg?resize=150%2C150&amp;ssl=1 150w, https:\/\/i0.wp.com\/www.jazzzeitung.de\/cms\/wp-content\/uploads\/2016\/07\/Shoot-Saints_tmr002.jpg?resize=144%2C144&amp;ssl=1 144w, https:\/\/i0.wp.com\/www.jazzzeitung.de\/cms\/wp-content\/uploads\/2016\/07\/Shoot-Saints_tmr002.jpg?resize=96%2C96&amp;ssl=1 96w, https:\/\/i0.wp.com\/www.jazzzeitung.de\/cms\/wp-content\/uploads\/2016\/07\/Shoot-Saints_tmr002.jpg?resize=24%2C24&amp;ssl=1 24w, https:\/\/i0.wp.com\/www.jazzzeitung.de\/cms\/wp-content\/uploads\/2016\/07\/Shoot-Saints_tmr002.jpg?resize=36%2C36&amp;ssl=1 36w, https:\/\/i0.wp.com\/www.jazzzeitung.de\/cms\/wp-content\/uploads\/2016\/07\/Shoot-Saints_tmr002.jpg?resize=48%2C48&amp;ssl=1 48w, https:\/\/i0.wp.com\/www.jazzzeitung.de\/cms\/wp-content\/uploads\/2016\/07\/Shoot-Saints_tmr002.jpg?resize=64%2C64&amp;ssl=1 64w, https:\/\/i0.wp.com\/www.jazzzeitung.de\/cms\/wp-content\/uploads\/2016\/07\/Shoot-Saints_tmr002.jpg?resize=32%2C32&amp;ssl=1 32w, https:\/\/i0.wp.com\/www.jazzzeitung.de\/cms\/wp-content\/uploads\/2016\/07\/Shoot-Saints_tmr002.jpg?resize=50%2C50&amp;ssl=1 50w, https:\/\/i0.wp.com\/www.jazzzeitung.de\/cms\/wp-content\/uploads\/2016\/07\/Shoot-Saints_tmr002.jpg?resize=128%2C128&amp;ssl=1 128w, https:\/\/i0.wp.com\/www.jazzzeitung.de\/cms\/wp-content\/uploads\/2016\/07\/Shoot-Saints_tmr002.jpg?zoom=2&amp;resize=150%2C150&amp;ssl=1 300w, https:\/\/i0.wp.com\/www.jazzzeitung.de\/cms\/wp-content\/uploads\/2016\/07\/Shoot-Saints_tmr002.jpg?zoom=3&amp;resize=150%2C150&amp;ssl=1 450w\" sizes=\"auto, (max-width: 150px) 100vw, 150px\" \/><\/a>Da wiehert der Esel, kr\u00e4ht der Hahn, bruzzelt das Kaninchen. Ein Album mit tierischen Naturlauten hat die Berliner Komponistin Almut Schlichting (as) freilich nicht aufgenommen. Es geht um Heilige &amp; Narren, \u201eSaints &amp; Fools\u201c, die sich der zauberhaften Stimme von Winnie Br\u00fcckner und der Instrumentalisten der nicht weniger zauberhaften Band \u201eShoot the Moon\u201c f\u00fcr einen Reigen skurriler T\u00e4nze und grotesker Moritaten bedienen. Auf eine solche Idee muss man erst mal kommen. Eine Reise ins dunkle Mittelalter zu unternehmen, um mit gefundenen Liedfragmenten, Shakespeare-Texten und Kochanleitungen ein Album mit moderner Jazzmusik zu gestalten. Schlichting kam auf die Idee: Ausgestattet mit einem Stipendium des Berliner Senats st\u00f6berte sie in Archiven und einschl\u00e4gigen Sammlungen. Dabei stie\u00df sie auf weitgereiste Spielleute, muntere K\u00f6che, ein appetitliches Kaninchenrezept, Reden der englischen K\u00f6nigin Elisabeth I. und diverse weltliche Heilige. Deren flehentliche Anrufung formt Br\u00fcckner mit heiligem Ernst und glockenreiner Stimme \u2013 ein fantastischer Kontrast zu den schr\u00e4gen Inhalten. Manchmal steppt sie dabei spielerisch in Rapschritten. Oder sie scatted im Duett abwechselnd mit Tobias Dettbarns Bassklarinette und Schlichtings Altsaxofon. Sprachlich bewegt sie sich dabei zwischen englisch, franz\u00f6sisch und \u2013 ja, tats\u00e4chlich \u2013 einem altert\u00fcmlichen Deutsch.<\/p>\n<p>Musikalisch h\u00f6rt sich das manchmal an, als s\u00e4\u00dfen die Spielleut` r\u00fcckw\u00e4rts auf dem Esel und inszenierten ihre abwechslungsreiche musikalische Gaukelei zwischen modernem Jazz, t\u00e4nzerischen Mittelalteranleihen und improvisierten Passagen im bockigen Rhythmus ihres Lasttiers. Verschachtelt und vital, kraus und pr\u00e4chtig groovend birgt das, f\u00fcr das Genre Jazz ungewohnte Album, vielfach unerwartete Wendungen und Spr\u00fcnge. Diese zu entdecken und ihnen auch in stilistisch weniger eindeutige Ecken zu folgen, bereitet gro\u00dfes Vergn\u00fcgen. Von lyrischer W\u00e4rme bis\u00a0 zum treibenden Groove schl\u00e4gt das konzeptionell ausgebuffte Album einen Bogen zwischen Zeiten und Formen. Eine unwiderstehliche Einladung in die possenhaft-burleske Fantasiewelt von Schlichting und ihrer Band einzutauchen. Witzig, spannend, empfehlenswert!<\/p>\n<p>\u00a9 Michael Scheiner<\/p>\n<h1><\/h1>\n<p>Shoot The Moon: Saints &amp; Fools<\/p>\n<p>Tiger Moon records TMR 002<\/p>\n<p><em>Infos \/ Bestellungen: auf den bekannten Plattformen und in einschl\u00e4gigen Fachgesch\u00e4ften<\/em><\/p>\n<p>&nbsp;<\/p>\n","protected":false},"excerpt":{"rendered":"<p>Da wiehert der Esel, kr\u00e4ht der Hahn, bruzzelt das Kaninchen. Ein Album mit tierischen Naturlauten hat die Berliner Komponistin Almut Schlichting (as) freilich nicht aufgenommen. Es geht um Heilige &amp; Narren, \u201eSaints &amp; Fools\u201c, die sich der zauberhaften Stimme von Winnie Br\u00fcckner und der Instrumentalisten der nicht weniger zauberhaften Band \u201eShoot the Moon\u201c f\u00fcr einen Reigen skurriler T\u00e4nze und grotesker Moritaten bedienen. Auf eine solche Idee muss man erst mal kommen. Eine Reise ins dunkle Mittelalter zu unternehmen, um mit gefundenen Liedfragmenten, Shakespeare-Texten und Kochanleitungen ein Album mit moderner Jazzmusik zu gestalten. Schlichting kam auf die Idee: Ausgestattet mit einem Stipendium des Berliner Senats st\u00f6berte sie in Archiven und einschl\u00e4gigen Sammlungen. Dabei stie\u00df sie auf weitgereiste Spielleute, muntere K\u00f6che, ein appetitliches Kaninchenrezept, Reden der englischen K\u00f6nigin Elisabeth I. und diverse weltliche Heilige. Deren flehentliche Anrufung formt Br\u00fcckner mit heiligem Ernst und glockenreiner Stimme \u2013 ein fantastischer Kontrast zu den schr\u00e4gen Inhalten. Manchmal steppt sie dabei spielerisch in Rapschritten. Oder sie scatted im Duett abwechselnd mit Tobias Dettbarns Bassklarinette und Schlichtings Altsaxofon. Sprachlich bewegt sie sich dabei zwischen englisch, franz\u00f6sisch und \u2013 ja, tats\u00e4chlich \u2013 einem &hellip;<\/p>\n","protected":false},"author":18,"featured_media":0,"comment_status":"open","ping_status":"closed","sticky":false,"template":"","format":"standard","meta":{"_jetpack_memberships_contains_paid_content":false,"footnotes":"","jetpack_publicize_message":"","jetpack_publicize_feature_enabled":true,"jetpack_social_post_already_shared":false,"jetpack_social_options":{"image_generator_settings":{"template":"highway","default_image_id":0,"font":"","enabled":false},"version":2}},"categories":[1152],"tags":[34,387],"coauthors":[695],"class_list":["post-9681","post","type-post","status-publish","format-standard","hentry","category-rezension","tag-album","tag-michael-scheiner"],"yoast_head":"<!-- This site is optimized with the Yoast SEO plugin v27.4 - https:\/\/yoast.com\/product\/yoast-seo-wordpress\/ -->\n<title>Von schr\u00e4gen Heiligen und musikalischen G\u00f6tterspeisen - Shoot The Moon mit Album Nr. 4 - JazzZeitung<\/title>\n<meta name=\"robots\" content=\"index, follow, max-snippet:-1, max-image-preview:large, max-video-preview:-1\" \/>\n<link rel=\"canonical\" href=\"https:\/\/www.jazzzeitung.de\/cms\/2016\/07\/von-schraegen-heiligen-und-musikalischen-goetterspeisen-shoot-moon-mit-album-nr-4\/\" \/>\n<meta property=\"og:locale\" content=\"de_DE\" \/>\n<meta property=\"og:type\" content=\"article\" \/>\n<meta property=\"og:title\" content=\"Von schr\u00e4gen Heiligen und musikalischen G\u00f6tterspeisen - Shoot The Moon mit Album Nr. 4 - JazzZeitung\" \/>\n<meta property=\"og:description\" content=\"Da wiehert der Esel, kr\u00e4ht der Hahn, bruzzelt das Kaninchen. Ein Album mit tierischen Naturlauten hat die Berliner Komponistin Almut Schlichting (as) freilich nicht aufgenommen. Es geht um Heilige &amp; Narren, \u201eSaints &amp; Fools\u201c, die sich der zauberhaften Stimme von Winnie Br\u00fcckner und der Instrumentalisten der nicht weniger zauberhaften Band \u201eShoot the Moon\u201c f\u00fcr einen Reigen skurriler T\u00e4nze und grotesker Moritaten bedienen. Auf eine solche Idee muss man erst mal kommen. Eine Reise ins dunkle Mittelalter zu unternehmen, um mit gefundenen Liedfragmenten, Shakespeare-Texten und Kochanleitungen ein Album mit moderner Jazzmusik zu gestalten. Schlichting kam auf die Idee: Ausgestattet mit einem Stipendium des Berliner Senats st\u00f6berte sie in Archiven und einschl\u00e4gigen Sammlungen. Dabei stie\u00df sie auf weitgereiste Spielleute, muntere K\u00f6che, ein appetitliches Kaninchenrezept, Reden der englischen K\u00f6nigin Elisabeth I. und diverse weltliche Heilige. Deren flehentliche Anrufung formt Br\u00fcckner mit heiligem Ernst und glockenreiner Stimme \u2013 ein fantastischer Kontrast zu den schr\u00e4gen Inhalten. Manchmal steppt sie dabei spielerisch in Rapschritten. Oder sie scatted im Duett abwechselnd mit Tobias Dettbarns Bassklarinette und Schlichtings Altsaxofon. Sprachlich bewegt sie sich dabei zwischen englisch, franz\u00f6sisch und \u2013 ja, tats\u00e4chlich \u2013 einem &hellip;\" \/>\n<meta property=\"og:url\" content=\"https:\/\/www.jazzzeitung.de\/cms\/2016\/07\/von-schraegen-heiligen-und-musikalischen-goetterspeisen-shoot-moon-mit-album-nr-4\/\" \/>\n<meta property=\"og:site_name\" content=\"JazzZeitung\" \/>\n<meta property=\"article:publisher\" content=\"https:\/\/www.facebook.com\/JazzZeitung\/\" \/>\n<meta property=\"article:published_time\" content=\"2016-07-19T07:05:03+00:00\" \/>\n<meta property=\"og:image\" content=\"http:\/\/www.jazzzeitung.de\/cms\/wp-content\/uploads\/2016\/07\/Shoot-Saints_tmr002-150x150.jpg\" \/>\n<meta name=\"author\" content=\"Redaktion JazzZeitung\" \/>\n<script type=\"application\/ld+json\" class=\"yoast-schema-graph\">{\"@context\":\"https:\\\/\\\/schema.org\",\"@graph\":[{\"@type\":\"Article\",\"@id\":\"https:\\\/\\\/www.jazzzeitung.de\\\/cms\\\/2016\\\/07\\\/von-schraegen-heiligen-und-musikalischen-goetterspeisen-shoot-moon-mit-album-nr-4\\\/#article\",\"isPartOf\":{\"@id\":\"https:\\\/\\\/www.jazzzeitung.de\\\/cms\\\/2016\\\/07\\\/von-schraegen-heiligen-und-musikalischen-goetterspeisen-shoot-moon-mit-album-nr-4\\\/\"},\"author\":{\"name\":\"Redaktion JazzZeitung\",\"@id\":\"https:\\\/\\\/www.jazzzeitung.de\\\/cms\\\/#\\\/schema\\\/person\\\/2245b36b9cd1d24cea10f01c031fb92b\"},\"headline\":\"Von schr\u00e4gen Heiligen und musikalischen G\u00f6tterspeisen &#8211; Shoot The Moon mit Album Nr. 4\",\"datePublished\":\"2016-07-19T07:05:03+00:00\",\"mainEntityOfPage\":{\"@id\":\"https:\\\/\\\/www.jazzzeitung.de\\\/cms\\\/2016\\\/07\\\/von-schraegen-heiligen-und-musikalischen-goetterspeisen-shoot-moon-mit-album-nr-4\\\/\"},\"wordCount\":352,\"commentCount\":0,\"publisher\":{\"@id\":\"https:\\\/\\\/www.jazzzeitung.de\\\/cms\\\/#organization\"},\"image\":{\"@id\":\"https:\\\/\\\/www.jazzzeitung.de\\\/cms\\\/2016\\\/07\\\/von-schraegen-heiligen-und-musikalischen-goetterspeisen-shoot-moon-mit-album-nr-4\\\/#primaryimage\"},\"thumbnailUrl\":\"http:\\\/\\\/www.jazzzeitung.de\\\/cms\\\/wp-content\\\/uploads\\\/2016\\\/07\\\/Shoot-Saints_tmr002-150x150.jpg\",\"keywords\":[\"Album\",\"Michael Scheiner\"],\"articleSection\":[\"Rezension\"],\"inLanguage\":\"de\",\"potentialAction\":[{\"@type\":\"CommentAction\",\"name\":\"Comment\",\"target\":[\"https:\\\/\\\/www.jazzzeitung.de\\\/cms\\\/2016\\\/07\\\/von-schraegen-heiligen-und-musikalischen-goetterspeisen-shoot-moon-mit-album-nr-4\\\/#respond\"]}]},{\"@type\":\"WebPage\",\"@id\":\"https:\\\/\\\/www.jazzzeitung.de\\\/cms\\\/2016\\\/07\\\/von-schraegen-heiligen-und-musikalischen-goetterspeisen-shoot-moon-mit-album-nr-4\\\/\",\"url\":\"https:\\\/\\\/www.jazzzeitung.de\\\/cms\\\/2016\\\/07\\\/von-schraegen-heiligen-und-musikalischen-goetterspeisen-shoot-moon-mit-album-nr-4\\\/\",\"name\":\"Von schr\u00e4gen Heiligen und musikalischen G\u00f6tterspeisen - Shoot The Moon mit Album Nr. 4 - JazzZeitung\",\"isPartOf\":{\"@id\":\"https:\\\/\\\/www.jazzzeitung.de\\\/cms\\\/#website\"},\"primaryImageOfPage\":{\"@id\":\"https:\\\/\\\/www.jazzzeitung.de\\\/cms\\\/2016\\\/07\\\/von-schraegen-heiligen-und-musikalischen-goetterspeisen-shoot-moon-mit-album-nr-4\\\/#primaryimage\"},\"image\":{\"@id\":\"https:\\\/\\\/www.jazzzeitung.de\\\/cms\\\/2016\\\/07\\\/von-schraegen-heiligen-und-musikalischen-goetterspeisen-shoot-moon-mit-album-nr-4\\\/#primaryimage\"},\"thumbnailUrl\":\"http:\\\/\\\/www.jazzzeitung.de\\\/cms\\\/wp-content\\\/uploads\\\/2016\\\/07\\\/Shoot-Saints_tmr002-150x150.jpg\",\"datePublished\":\"2016-07-19T07:05:03+00:00\",\"breadcrumb\":{\"@id\":\"https:\\\/\\\/www.jazzzeitung.de\\\/cms\\\/2016\\\/07\\\/von-schraegen-heiligen-und-musikalischen-goetterspeisen-shoot-moon-mit-album-nr-4\\\/#breadcrumb\"},\"inLanguage\":\"de\",\"potentialAction\":[{\"@type\":\"ReadAction\",\"target\":[\"https:\\\/\\\/www.jazzzeitung.de\\\/cms\\\/2016\\\/07\\\/von-schraegen-heiligen-und-musikalischen-goetterspeisen-shoot-moon-mit-album-nr-4\\\/\"]}]},{\"@type\":\"ImageObject\",\"inLanguage\":\"de\",\"@id\":\"https:\\\/\\\/www.jazzzeitung.de\\\/cms\\\/2016\\\/07\\\/von-schraegen-heiligen-und-musikalischen-goetterspeisen-shoot-moon-mit-album-nr-4\\\/#primaryimage\",\"url\":\"http:\\\/\\\/www.jazzzeitung.de\\\/cms\\\/wp-content\\\/uploads\\\/2016\\\/07\\\/Shoot-Saints_tmr002-150x150.jpg\",\"contentUrl\":\"http:\\\/\\\/www.jazzzeitung.de\\\/cms\\\/wp-content\\\/uploads\\\/2016\\\/07\\\/Shoot-Saints_tmr002-150x150.jpg\"},{\"@type\":\"BreadcrumbList\",\"@id\":\"https:\\\/\\\/www.jazzzeitung.de\\\/cms\\\/2016\\\/07\\\/von-schraegen-heiligen-und-musikalischen-goetterspeisen-shoot-moon-mit-album-nr-4\\\/#breadcrumb\",\"itemListElement\":[{\"@type\":\"ListItem\",\"position\":1,\"name\":\"Startseite\",\"item\":\"https:\\\/\\\/www.jazzzeitung.de\\\/cms\\\/\"},{\"@type\":\"ListItem\",\"position\":2,\"name\":\"Von schr\u00e4gen Heiligen und musikalischen G\u00f6tterspeisen &#8211; Shoot The Moon mit Album Nr. 4\"}]},{\"@type\":\"WebSite\",\"@id\":\"https:\\\/\\\/www.jazzzeitung.de\\\/cms\\\/#website\",\"url\":\"https:\\\/\\\/www.jazzzeitung.de\\\/cms\\\/\",\"name\":\"JazzZeitung\",\"description\":\"Jazz-News und Jazz-Kontroverses\",\"publisher\":{\"@id\":\"https:\\\/\\\/www.jazzzeitung.de\\\/cms\\\/#organization\"},\"potentialAction\":[{\"@type\":\"SearchAction\",\"target\":{\"@type\":\"EntryPoint\",\"urlTemplate\":\"https:\\\/\\\/www.jazzzeitung.de\\\/cms\\\/?s={search_term_string}\"},\"query-input\":{\"@type\":\"PropertyValueSpecification\",\"valueRequired\":true,\"valueName\":\"search_term_string\"}}],\"inLanguage\":\"de\"},{\"@type\":\"Organization\",\"@id\":\"https:\\\/\\\/www.jazzzeitung.de\\\/cms\\\/#organization\",\"name\":\"JazzZeitung online\",\"url\":\"https:\\\/\\\/www.jazzzeitung.de\\\/cms\\\/\",\"logo\":{\"@type\":\"ImageObject\",\"inLanguage\":\"de\",\"@id\":\"https:\\\/\\\/www.jazzzeitung.de\\\/cms\\\/#\\\/schema\\\/logo\\\/image\\\/\",\"url\":\"https:\\\/\\\/i0.wp.com\\\/www.jazzzeitung.de\\\/cms\\\/wp-content\\\/uploads\\\/2015\\\/08\\\/JAZZZEITUNGDE_Logo_Neu.png?fit=499%2C200&ssl=1\",\"contentUrl\":\"https:\\\/\\\/i0.wp.com\\\/www.jazzzeitung.de\\\/cms\\\/wp-content\\\/uploads\\\/2015\\\/08\\\/JAZZZEITUNGDE_Logo_Neu.png?fit=499%2C200&ssl=1\",\"width\":499,\"height\":200,\"caption\":\"JazzZeitung online\"},\"image\":{\"@id\":\"https:\\\/\\\/www.jazzzeitung.de\\\/cms\\\/#\\\/schema\\\/logo\\\/image\\\/\"},\"sameAs\":[\"https:\\\/\\\/www.facebook.com\\\/JazzZeitung\\\/\"]},{\"@type\":\"Person\",\"@id\":\"https:\\\/\\\/www.jazzzeitung.de\\\/cms\\\/#\\\/schema\\\/person\\\/2245b36b9cd1d24cea10f01c031fb92b\",\"name\":\"Redaktion JazzZeitung\",\"image\":{\"@type\":\"ImageObject\",\"inLanguage\":\"de\",\"@id\":\"https:\\\/\\\/i0.wp.com\\\/www.jazzzeitung.de\\\/cms\\\/wp-content\\\/uploads\\\/2015\\\/08\\\/JAZZZEITUNGDE_Logo_Neu.png?resize=96%2C96&ssl=159975dcacb611b5700bd619b5daf0a7a\",\"url\":\"https:\\\/\\\/i0.wp.com\\\/www.jazzzeitung.de\\\/cms\\\/wp-content\\\/uploads\\\/2015\\\/08\\\/JAZZZEITUNGDE_Logo_Neu.png?resize=96%2C96&ssl=1\",\"contentUrl\":\"https:\\\/\\\/i0.wp.com\\\/www.jazzzeitung.de\\\/cms\\\/wp-content\\\/uploads\\\/2015\\\/08\\\/JAZZZEITUNGDE_Logo_Neu.png?resize=96%2C96&ssl=1\",\"caption\":\"Redaktion JazzZeitung\"},\"description\":\"Artikel der Redaktion der JazzZeitung.\",\"sameAs\":[\"http:\\\/\\\/www.jazzzeitung.de\\\/cms\\\/\"],\"url\":\"https:\\\/\\\/www.jazzzeitung.de\\\/cms\\\/author\\\/redaktion\\\/\"}]}<\/script>\n<!-- \/ Yoast SEO plugin. -->","yoast_head_json":{"title":"Von schr\u00e4gen Heiligen und musikalischen G\u00f6tterspeisen - Shoot The Moon mit Album Nr. 4 - JazzZeitung","robots":{"index":"index","follow":"follow","max-snippet":"max-snippet:-1","max-image-preview":"max-image-preview:large","max-video-preview":"max-video-preview:-1"},"canonical":"https:\/\/www.jazzzeitung.de\/cms\/2016\/07\/von-schraegen-heiligen-und-musikalischen-goetterspeisen-shoot-moon-mit-album-nr-4\/","og_locale":"de_DE","og_type":"article","og_title":"Von schr\u00e4gen Heiligen und musikalischen G\u00f6tterspeisen - Shoot The Moon mit Album Nr. 4 - JazzZeitung","og_description":"Da wiehert der Esel, kr\u00e4ht der Hahn, bruzzelt das Kaninchen. Ein Album mit tierischen Naturlauten hat die Berliner Komponistin Almut Schlichting (as) freilich nicht aufgenommen. Es geht um Heilige &amp; Narren, \u201eSaints &amp; Fools\u201c, die sich der zauberhaften Stimme von Winnie Br\u00fcckner und der Instrumentalisten der nicht weniger zauberhaften Band \u201eShoot the Moon\u201c f\u00fcr einen Reigen skurriler T\u00e4nze und grotesker Moritaten bedienen. Auf eine solche Idee muss man erst mal kommen. Eine Reise ins dunkle Mittelalter zu unternehmen, um mit gefundenen Liedfragmenten, Shakespeare-Texten und Kochanleitungen ein Album mit moderner Jazzmusik zu gestalten. Schlichting kam auf die Idee: Ausgestattet mit einem Stipendium des Berliner Senats st\u00f6berte sie in Archiven und einschl\u00e4gigen Sammlungen. Dabei stie\u00df sie auf weitgereiste Spielleute, muntere K\u00f6che, ein appetitliches Kaninchenrezept, Reden der englischen K\u00f6nigin Elisabeth I. und diverse weltliche Heilige. Deren flehentliche Anrufung formt Br\u00fcckner mit heiligem Ernst und glockenreiner Stimme \u2013 ein fantastischer Kontrast zu den schr\u00e4gen Inhalten. Manchmal steppt sie dabei spielerisch in Rapschritten. Oder sie scatted im Duett abwechselnd mit Tobias Dettbarns Bassklarinette und Schlichtings Altsaxofon. Sprachlich bewegt sie sich dabei zwischen englisch, franz\u00f6sisch und \u2013 ja, tats\u00e4chlich \u2013 einem &hellip;","og_url":"https:\/\/www.jazzzeitung.de\/cms\/2016\/07\/von-schraegen-heiligen-und-musikalischen-goetterspeisen-shoot-moon-mit-album-nr-4\/","og_site_name":"JazzZeitung","article_publisher":"https:\/\/www.facebook.com\/JazzZeitung\/","article_published_time":"2016-07-19T07:05:03+00:00","og_image":[{"url":"http:\/\/www.jazzzeitung.de\/cms\/wp-content\/uploads\/2016\/07\/Shoot-Saints_tmr002-150x150.jpg","type":"","width":"","height":""}],"author":"Redaktion JazzZeitung","schema":{"@context":"https:\/\/schema.org","@graph":[{"@type":"Article","@id":"https:\/\/www.jazzzeitung.de\/cms\/2016\/07\/von-schraegen-heiligen-und-musikalischen-goetterspeisen-shoot-moon-mit-album-nr-4\/#article","isPartOf":{"@id":"https:\/\/www.jazzzeitung.de\/cms\/2016\/07\/von-schraegen-heiligen-und-musikalischen-goetterspeisen-shoot-moon-mit-album-nr-4\/"},"author":{"name":"Redaktion JazzZeitung","@id":"https:\/\/www.jazzzeitung.de\/cms\/#\/schema\/person\/2245b36b9cd1d24cea10f01c031fb92b"},"headline":"Von schr\u00e4gen Heiligen und musikalischen G\u00f6tterspeisen &#8211; Shoot The Moon mit Album Nr. 4","datePublished":"2016-07-19T07:05:03+00:00","mainEntityOfPage":{"@id":"https:\/\/www.jazzzeitung.de\/cms\/2016\/07\/von-schraegen-heiligen-und-musikalischen-goetterspeisen-shoot-moon-mit-album-nr-4\/"},"wordCount":352,"commentCount":0,"publisher":{"@id":"https:\/\/www.jazzzeitung.de\/cms\/#organization"},"image":{"@id":"https:\/\/www.jazzzeitung.de\/cms\/2016\/07\/von-schraegen-heiligen-und-musikalischen-goetterspeisen-shoot-moon-mit-album-nr-4\/#primaryimage"},"thumbnailUrl":"http:\/\/www.jazzzeitung.de\/cms\/wp-content\/uploads\/2016\/07\/Shoot-Saints_tmr002-150x150.jpg","keywords":["Album","Michael Scheiner"],"articleSection":["Rezension"],"inLanguage":"de","potentialAction":[{"@type":"CommentAction","name":"Comment","target":["https:\/\/www.jazzzeitung.de\/cms\/2016\/07\/von-schraegen-heiligen-und-musikalischen-goetterspeisen-shoot-moon-mit-album-nr-4\/#respond"]}]},{"@type":"WebPage","@id":"https:\/\/www.jazzzeitung.de\/cms\/2016\/07\/von-schraegen-heiligen-und-musikalischen-goetterspeisen-shoot-moon-mit-album-nr-4\/","url":"https:\/\/www.jazzzeitung.de\/cms\/2016\/07\/von-schraegen-heiligen-und-musikalischen-goetterspeisen-shoot-moon-mit-album-nr-4\/","name":"Von schr\u00e4gen Heiligen und musikalischen G\u00f6tterspeisen - Shoot The Moon mit Album Nr. 4 - JazzZeitung","isPartOf":{"@id":"https:\/\/www.jazzzeitung.de\/cms\/#website"},"primaryImageOfPage":{"@id":"https:\/\/www.jazzzeitung.de\/cms\/2016\/07\/von-schraegen-heiligen-und-musikalischen-goetterspeisen-shoot-moon-mit-album-nr-4\/#primaryimage"},"image":{"@id":"https:\/\/www.jazzzeitung.de\/cms\/2016\/07\/von-schraegen-heiligen-und-musikalischen-goetterspeisen-shoot-moon-mit-album-nr-4\/#primaryimage"},"thumbnailUrl":"http:\/\/www.jazzzeitung.de\/cms\/wp-content\/uploads\/2016\/07\/Shoot-Saints_tmr002-150x150.jpg","datePublished":"2016-07-19T07:05:03+00:00","breadcrumb":{"@id":"https:\/\/www.jazzzeitung.de\/cms\/2016\/07\/von-schraegen-heiligen-und-musikalischen-goetterspeisen-shoot-moon-mit-album-nr-4\/#breadcrumb"},"inLanguage":"de","potentialAction":[{"@type":"ReadAction","target":["https:\/\/www.jazzzeitung.de\/cms\/2016\/07\/von-schraegen-heiligen-und-musikalischen-goetterspeisen-shoot-moon-mit-album-nr-4\/"]}]},{"@type":"ImageObject","inLanguage":"de","@id":"https:\/\/www.jazzzeitung.de\/cms\/2016\/07\/von-schraegen-heiligen-und-musikalischen-goetterspeisen-shoot-moon-mit-album-nr-4\/#primaryimage","url":"http:\/\/www.jazzzeitung.de\/cms\/wp-content\/uploads\/2016\/07\/Shoot-Saints_tmr002-150x150.jpg","contentUrl":"http:\/\/www.jazzzeitung.de\/cms\/wp-content\/uploads\/2016\/07\/Shoot-Saints_tmr002-150x150.jpg"},{"@type":"BreadcrumbList","@id":"https:\/\/www.jazzzeitung.de\/cms\/2016\/07\/von-schraegen-heiligen-und-musikalischen-goetterspeisen-shoot-moon-mit-album-nr-4\/#breadcrumb","itemListElement":[{"@type":"ListItem","position":1,"name":"Startseite","item":"https:\/\/www.jazzzeitung.de\/cms\/"},{"@type":"ListItem","position":2,"name":"Von schr\u00e4gen Heiligen und musikalischen G\u00f6tterspeisen &#8211; Shoot The Moon mit Album Nr. 4"}]},{"@type":"WebSite","@id":"https:\/\/www.jazzzeitung.de\/cms\/#website","url":"https:\/\/www.jazzzeitung.de\/cms\/","name":"JazzZeitung","description":"Jazz-News und Jazz-Kontroverses","publisher":{"@id":"https:\/\/www.jazzzeitung.de\/cms\/#organization"},"potentialAction":[{"@type":"SearchAction","target":{"@type":"EntryPoint","urlTemplate":"https:\/\/www.jazzzeitung.de\/cms\/?s={search_term_string}"},"query-input":{"@type":"PropertyValueSpecification","valueRequired":true,"valueName":"search_term_string"}}],"inLanguage":"de"},{"@type":"Organization","@id":"https:\/\/www.jazzzeitung.de\/cms\/#organization","name":"JazzZeitung online","url":"https:\/\/www.jazzzeitung.de\/cms\/","logo":{"@type":"ImageObject","inLanguage":"de","@id":"https:\/\/www.jazzzeitung.de\/cms\/#\/schema\/logo\/image\/","url":"https:\/\/i0.wp.com\/www.jazzzeitung.de\/cms\/wp-content\/uploads\/2015\/08\/JAZZZEITUNGDE_Logo_Neu.png?fit=499%2C200&ssl=1","contentUrl":"https:\/\/i0.wp.com\/www.jazzzeitung.de\/cms\/wp-content\/uploads\/2015\/08\/JAZZZEITUNGDE_Logo_Neu.png?fit=499%2C200&ssl=1","width":499,"height":200,"caption":"JazzZeitung online"},"image":{"@id":"https:\/\/www.jazzzeitung.de\/cms\/#\/schema\/logo\/image\/"},"sameAs":["https:\/\/www.facebook.com\/JazzZeitung\/"]},{"@type":"Person","@id":"https:\/\/www.jazzzeitung.de\/cms\/#\/schema\/person\/2245b36b9cd1d24cea10f01c031fb92b","name":"Redaktion JazzZeitung","image":{"@type":"ImageObject","inLanguage":"de","@id":"https:\/\/i0.wp.com\/www.jazzzeitung.de\/cms\/wp-content\/uploads\/2015\/08\/JAZZZEITUNGDE_Logo_Neu.png?resize=96%2C96&ssl=159975dcacb611b5700bd619b5daf0a7a","url":"https:\/\/i0.wp.com\/www.jazzzeitung.de\/cms\/wp-content\/uploads\/2015\/08\/JAZZZEITUNGDE_Logo_Neu.png?resize=96%2C96&ssl=1","contentUrl":"https:\/\/i0.wp.com\/www.jazzzeitung.de\/cms\/wp-content\/uploads\/2015\/08\/JAZZZEITUNGDE_Logo_Neu.png?resize=96%2C96&ssl=1","caption":"Redaktion JazzZeitung"},"description":"Artikel der Redaktion der JazzZeitung.","sameAs":["http:\/\/www.jazzzeitung.de\/cms\/"],"url":"https:\/\/www.jazzzeitung.de\/cms\/author\/redaktion\/"}]}},"wp-worthy-pixel":{"ignored":false,"public":null,"server":null,"url":null},"wp-worthy-type":"normal","jetpack_publicize_connections":[],"cc_featured_image_caption":{"caption_text":false,"source_text":false,"source_url":false},"jetpack_featured_media_url":"","jetpack_shortlink":"https:\/\/wp.me\/p3KEcT-2w9","jetpack-related-posts":[{"id":28899,"url":"https:\/\/www.jazzzeitung.de\/cms\/2023\/01\/insomnia-brass-band-mit-neuer-cd-road-works\/","url_meta":{"origin":9681,"position":0},"title":"Insomnia Brass Band mit neuer CD &#8222;Road Works&#8220;","author":"Redaktion JazzZeitung","date":"14. Januar 2023","format":false,"excerpt":"Vom n\u00e4chtlichen K\u00fcchenmeeting ihres Deb\u00fctalbums sind die Insomnia*stinnen auf die Strasse gewechselt. Vielmehr auf die ,Rail road\u2019, denn die drei Musikanten nutzen umwelttechnisch korrekt den Schienenverkehr, um zu ihren Auftrittsorten zu gelangen. Dort rollt das schwergewichtigen Trio dann seinen Klangteppich aus scheckigen, tanzbaren Rhythmen, feinen Melodien und verschlungenen Soundgeweben aus,\u2026","rel":"","context":"In &quot;Rezension&quot;","block_context":{"text":"Rezension","link":"https:\/\/www.jazzzeitung.de\/cms\/thema\/rezension\/"},"img":{"alt_text":"","src":"https:\/\/i0.wp.com\/www.jazzzeitung.de\/cms\/wp-content\/uploads\/2023\/01\/InsomniaBB_02_farbe_quer_copyright_Alexander_Beierbach-scaled.jpeg?fit=1200%2C800&ssl=1&resize=350%2C200","width":350,"height":200,"srcset":"https:\/\/i0.wp.com\/www.jazzzeitung.de\/cms\/wp-content\/uploads\/2023\/01\/InsomniaBB_02_farbe_quer_copyright_Alexander_Beierbach-scaled.jpeg?fit=1200%2C800&ssl=1&resize=350%2C200 1x, https:\/\/i0.wp.com\/www.jazzzeitung.de\/cms\/wp-content\/uploads\/2023\/01\/InsomniaBB_02_farbe_quer_copyright_Alexander_Beierbach-scaled.jpeg?fit=1200%2C800&ssl=1&resize=525%2C300 1.5x, https:\/\/i0.wp.com\/www.jazzzeitung.de\/cms\/wp-content\/uploads\/2023\/01\/InsomniaBB_02_farbe_quer_copyright_Alexander_Beierbach-scaled.jpeg?fit=1200%2C800&ssl=1&resize=700%2C400 2x, https:\/\/i0.wp.com\/www.jazzzeitung.de\/cms\/wp-content\/uploads\/2023\/01\/InsomniaBB_02_farbe_quer_copyright_Alexander_Beierbach-scaled.jpeg?fit=1200%2C800&ssl=1&resize=1050%2C600 3x"},"classes":[]},{"id":24011,"url":"https:\/\/www.jazzzeitung.de\/cms\/2020\/12\/wackelnde-waende-in-der-kueche\/","url_meta":{"origin":9681,"position":1},"title":"Wackelnde W\u00e4nde \u2013 in der K\u00fcche","author":"Michael Scheiner","date":"21. Dezember 2020","format":false,"excerpt":"Zeugnisse n\u00e4chtlicher Lebenslust verewigte der schweizerische K\u00fcnstler Daniel Spoerri ab den fr\u00fchen sechziger Jahren des letzten Jahrhunderts in seinen ber\u00fchmten Fallenbildern. Kippen, geleerte Flaschen und abgegessene Teller nebst verschmutztem Besteck und Aschenbechern wurden flu(gs)x auf der Tischplatte fixiert, um 90 Grad gedreht und an die Wand genagelt. Ob Almut Schlichtung,\u2026","rel":"","context":"In &quot;Rezension&quot;","block_context":{"text":"Rezension","link":"https:\/\/www.jazzzeitung.de\/cms\/thema\/rezension\/"},"img":{"alt_text":"","src":"https:\/\/i0.wp.com\/www.jazzzeitung.de\/cms\/wp-content\/uploads\/2020\/12\/InsomniaBB_02_farbe_quadrat_copyright_Alexander_Beierbach.jpeg?fit=960%2C960&ssl=1&resize=350%2C200","width":350,"height":200,"srcset":"https:\/\/i0.wp.com\/www.jazzzeitung.de\/cms\/wp-content\/uploads\/2020\/12\/InsomniaBB_02_farbe_quadrat_copyright_Alexander_Beierbach.jpeg?fit=960%2C960&ssl=1&resize=350%2C200 1x, https:\/\/i0.wp.com\/www.jazzzeitung.de\/cms\/wp-content\/uploads\/2020\/12\/InsomniaBB_02_farbe_quadrat_copyright_Alexander_Beierbach.jpeg?fit=960%2C960&ssl=1&resize=525%2C300 1.5x, https:\/\/i0.wp.com\/www.jazzzeitung.de\/cms\/wp-content\/uploads\/2020\/12\/InsomniaBB_02_farbe_quadrat_copyright_Alexander_Beierbach.jpeg?fit=960%2C960&ssl=1&resize=700%2C400 2x"},"classes":[]},{"id":30338,"url":"https:\/\/www.jazzzeitung.de\/cms\/2023\/11\/poetische-klangbilder-lorenz-kellhubers-low-intervention\/","url_meta":{"origin":9681,"position":2},"title":"Poetische Klangbilder: Lorenz Kellhubers &#8222;Low Intervention&#8220;","author":"Redaktion JazzZeitung","date":"29. November 2023","format":false,"excerpt":"Von Michael Scheiner.\u00a0Berlin\/Regensburg: Als \u201eeines der besten deutschen Piano-Trios\u201c ist Lorenz Kellhuber mit seinen beiden Mitstreitern Felix Henkelhausen (bass) und Moritz Baumg\u00e4rtner (drums) schon h\u00e4ufiger adressiert worden. Dabei muss man sich gar nicht auf einen Wettbewerb um die treffendste W\u00fcrdigung, den goldensten Orden einlassen. Es gen\u00fcgt einfach zu h\u00f6ren und\u2026","rel":"","context":"In &quot;Rezension&quot;","block_context":{"text":"Rezension","link":"https:\/\/www.jazzzeitung.de\/cms\/thema\/rezension\/"},"img":{"alt_text":"","src":"https:\/\/i0.wp.com\/www.jazzzeitung.de\/cms\/wp-content\/uploads\/2023\/11\/Lorenz-Kellhuber-Trio-6%C2%A9Holger-Riegel.jpg?fit=1200%2C758&ssl=1&resize=350%2C200","width":350,"height":200,"srcset":"https:\/\/i0.wp.com\/www.jazzzeitung.de\/cms\/wp-content\/uploads\/2023\/11\/Lorenz-Kellhuber-Trio-6%C2%A9Holger-Riegel.jpg?fit=1200%2C758&ssl=1&resize=350%2C200 1x, https:\/\/i0.wp.com\/www.jazzzeitung.de\/cms\/wp-content\/uploads\/2023\/11\/Lorenz-Kellhuber-Trio-6%C2%A9Holger-Riegel.jpg?fit=1200%2C758&ssl=1&resize=525%2C300 1.5x, https:\/\/i0.wp.com\/www.jazzzeitung.de\/cms\/wp-content\/uploads\/2023\/11\/Lorenz-Kellhuber-Trio-6%C2%A9Holger-Riegel.jpg?fit=1200%2C758&ssl=1&resize=700%2C400 2x, https:\/\/i0.wp.com\/www.jazzzeitung.de\/cms\/wp-content\/uploads\/2023\/11\/Lorenz-Kellhuber-Trio-6%C2%A9Holger-Riegel.jpg?fit=1200%2C758&ssl=1&resize=1050%2C600 3x"},"classes":[]},{"id":25854,"url":"https:\/\/www.jazzzeitung.de\/cms\/2021\/09\/facetten-eines-ausgewanderten-oberpfaelzers-david-plates-neues-album\/","url_meta":{"origin":9681,"position":3},"title":"Facetten eines ausgewanderten Oberpf\u00e4lzers &#8211; David Plates neues Album","author":"Michael Scheiner","date":"28. September 2021","format":false,"excerpt":"Die vermaledeite Zeit der Lockdowns hat auch der K\u00f6lner Gitarrist mit Oberpf\u00e4lzer Wurzeln David Plate genutzt und Musik f\u00fcr ein neues Album geschrieben. Modern Jazz und Fusion, Funk und sogar Flamenco, sowie Rockmusik in mehr oder weniger deutlichen Dosen sind die stilistischen S\u00e4ulen von \u201eBull's Eye\u201c. Eingespielt in einer Septettbesetzung\u2026","rel":"","context":"In &quot;Rezension&quot;","block_context":{"text":"Rezension","link":"https:\/\/www.jazzzeitung.de\/cms\/thema\/rezension\/"},"img":{"alt_text":"","src":"https:\/\/i0.wp.com\/www.jazzzeitung.de\/cms\/wp-content\/uploads\/2021\/09\/David-Plate-2021Gitarre-scaled.jpg?fit=1200%2C832&ssl=1&resize=350%2C200","width":350,"height":200,"srcset":"https:\/\/i0.wp.com\/www.jazzzeitung.de\/cms\/wp-content\/uploads\/2021\/09\/David-Plate-2021Gitarre-scaled.jpg?fit=1200%2C832&ssl=1&resize=350%2C200 1x, https:\/\/i0.wp.com\/www.jazzzeitung.de\/cms\/wp-content\/uploads\/2021\/09\/David-Plate-2021Gitarre-scaled.jpg?fit=1200%2C832&ssl=1&resize=525%2C300 1.5x, https:\/\/i0.wp.com\/www.jazzzeitung.de\/cms\/wp-content\/uploads\/2021\/09\/David-Plate-2021Gitarre-scaled.jpg?fit=1200%2C832&ssl=1&resize=700%2C400 2x, https:\/\/i0.wp.com\/www.jazzzeitung.de\/cms\/wp-content\/uploads\/2021\/09\/David-Plate-2021Gitarre-scaled.jpg?fit=1200%2C832&ssl=1&resize=1050%2C600 3x"},"classes":[]},{"id":30072,"url":"https:\/\/www.jazzzeitung.de\/cms\/2023\/09\/schatten-im-wechsel-der-gezeiten-twirls-duo-album-tides\/","url_meta":{"origin":9681,"position":4},"title":"Schatten im Wechsel der Gezeiten \u00a0&#8211; Twirls-Duo-Album \u201eTides\u201c","author":"Michael Scheiner","date":"26. September 2023","format":false,"excerpt":"Entspannt ist vermutlich das falsche Wort f\u00fcr das Twirls-Duo-Album \u201eTides\u201c. Konzentriert und scheinbar m\u00fchelos trifft die Stimmung der \u201eGezeiten\u201c- Aufnahmen von Pianist Nicolas Schulze und Alexander Beierbach am Saxofon um einiges besser. Erfasst ist die poetisch-dunkle Musik der zwei Improvisatoren als Ganzes damit lange noch nicht. Mal stupst Beierbach den\u2026","rel":"","context":"In &quot;Rezension&quot;","block_context":{"text":"Rezension","link":"https:\/\/www.jazzzeitung.de\/cms\/thema\/rezension\/"},"img":{"alt_text":"","src":"https:\/\/i0.wp.com\/www.jazzzeitung.de\/cms\/wp-content\/uploads\/2023\/09\/Beierbach-Alex_47.jpg?fit=1200%2C795&ssl=1&resize=350%2C200","width":350,"height":200,"srcset":"https:\/\/i0.wp.com\/www.jazzzeitung.de\/cms\/wp-content\/uploads\/2023\/09\/Beierbach-Alex_47.jpg?fit=1200%2C795&ssl=1&resize=350%2C200 1x, https:\/\/i0.wp.com\/www.jazzzeitung.de\/cms\/wp-content\/uploads\/2023\/09\/Beierbach-Alex_47.jpg?fit=1200%2C795&ssl=1&resize=525%2C300 1.5x, https:\/\/i0.wp.com\/www.jazzzeitung.de\/cms\/wp-content\/uploads\/2023\/09\/Beierbach-Alex_47.jpg?fit=1200%2C795&ssl=1&resize=700%2C400 2x, https:\/\/i0.wp.com\/www.jazzzeitung.de\/cms\/wp-content\/uploads\/2023\/09\/Beierbach-Alex_47.jpg?fit=1200%2C795&ssl=1&resize=1050%2C600 3x"},"classes":[]},{"id":18156,"url":"https:\/\/www.jazzzeitung.de\/cms\/2018\/12\/magnetische-sternstunde-der-musik-das-lorenz-kellhuber-new-trio-im-stadttheater-regensburg\/","url_meta":{"origin":9681,"position":5},"title":"Magnetische Sternstunde der Musik: Das Lorenz Kellhuber New Trio im Stadttheater Regensburg","author":"Redaktion JazzZeitung","date":"21. Dezember 2018","format":false,"excerpt":"Regensburg. Verpufft, beiseite geschoben, weggewischt. Jeglicher Vorbehalt, ob ein reines Instrumentalkonzert bei den Zuh\u00f6rern auch ankommt, war schlussendlich atomisiert. Anf\u00e4nglich sorgte sich Pianist Lorenz Kellhuber im Theater Regensburg noch, dass Besucher sein Konzert mit dem New Trio vorzeitig verlassen k\u00f6nnten. Am Ende konnte die euphorisierte Menge kaum noch mit Zugaben\u2026","rel":"","context":"In &quot;Bericht&quot;","block_context":{"text":"Bericht","link":"https:\/\/www.jazzzeitung.de\/cms\/thema\/bericht\/"},"img":{"alt_text":"","src":"https:\/\/i0.wp.com\/www.jazzzeitung.de\/cms\/wp-content\/uploads\/2018\/12\/Trio-Kellhuber_37.jpeg?fit=567%2C370&ssl=1&resize=350%2C200","width":350,"height":200,"srcset":"https:\/\/i0.wp.com\/www.jazzzeitung.de\/cms\/wp-content\/uploads\/2018\/12\/Trio-Kellhuber_37.jpeg?fit=567%2C370&ssl=1&resize=350%2C200 1x, https:\/\/i0.wp.com\/www.jazzzeitung.de\/cms\/wp-content\/uploads\/2018\/12\/Trio-Kellhuber_37.jpeg?fit=567%2C370&ssl=1&resize=525%2C300 1.5x"},"classes":[]}],"jetpack_sharing_enabled":true,"_links":{"self":[{"href":"https:\/\/www.jazzzeitung.de\/cms\/wp-json\/wp\/v2\/posts\/9681","targetHints":{"allow":["GET"]}}],"collection":[{"href":"https:\/\/www.jazzzeitung.de\/cms\/wp-json\/wp\/v2\/posts"}],"about":[{"href":"https:\/\/www.jazzzeitung.de\/cms\/wp-json\/wp\/v2\/types\/post"}],"author":[{"embeddable":true,"href":"https:\/\/www.jazzzeitung.de\/cms\/wp-json\/wp\/v2\/users\/18"}],"replies":[{"embeddable":true,"href":"https:\/\/www.jazzzeitung.de\/cms\/wp-json\/wp\/v2\/comments?post=9681"}],"version-history":[{"count":1,"href":"https:\/\/www.jazzzeitung.de\/cms\/wp-json\/wp\/v2\/posts\/9681\/revisions"}],"predecessor-version":[{"id":9683,"href":"https:\/\/www.jazzzeitung.de\/cms\/wp-json\/wp\/v2\/posts\/9681\/revisions\/9683"}],"wp:attachment":[{"href":"https:\/\/www.jazzzeitung.de\/cms\/wp-json\/wp\/v2\/media?parent=9681"}],"wp:term":[{"taxonomy":"category","embeddable":true,"href":"https:\/\/www.jazzzeitung.de\/cms\/wp-json\/wp\/v2\/categories?post=9681"},{"taxonomy":"post_tag","embeddable":true,"href":"https:\/\/www.jazzzeitung.de\/cms\/wp-json\/wp\/v2\/tags?post=9681"},{"taxonomy":"author","embeddable":true,"href":"https:\/\/www.jazzzeitung.de\/cms\/wp-json\/wp\/v2\/coauthors?post=9681"}],"curies":[{"name":"wp","href":"https:\/\/api.w.org\/{rel}","templated":true}]}}