{"id":9659,"date":"2016-07-15T13:37:21","date_gmt":"2016-07-15T11:37:21","guid":{"rendered":"http:\/\/www.jazzzeitung.de\/cms\/?p=9659"},"modified":"2016-07-15T13:37:21","modified_gmt":"2016-07-15T11:37:21","slug":"suedtirol-jazzfestival-alto-adige-2016-impulse-fuer-die-internationale-szene","status":"publish","type":"post","link":"https:\/\/www.jazzzeitung.de\/cms\/2016\/07\/suedtirol-jazzfestival-alto-adige-2016-impulse-fuer-die-internationale-szene\/","title":{"rendered":"S\u00fcdtirol Jazzfestival Alto Adige 2016 &#8211; \u201eImpulse f\u00fcr die internationale Szene\u201c"},"content":{"rendered":"<p><strong><a href=\"https:\/\/i0.wp.com\/www.jazzzeitung.de\/cms\/wp-content\/uploads\/2016\/07\/IMG_6938.jpg\"><img data-recalc-dims=\"1\" loading=\"lazy\" decoding=\"async\" data-attachment-id=\"9660\" data-permalink=\"https:\/\/www.jazzzeitung.de\/cms\/2016\/07\/suedtirol-jazzfestival-alto-adige-2016-impulse-fuer-die-internationale-szene\/img_6938\/\" data-orig-file=\"https:\/\/i0.wp.com\/www.jazzzeitung.de\/cms\/wp-content\/uploads\/2016\/07\/IMG_6938.jpg?fit=2000%2C1333&amp;ssl=1\" data-orig-size=\"2000,1333\" data-comments-opened=\"1\" data-image-meta=\"{&quot;aperture&quot;:&quot;6.3&quot;,&quot;credit&quot;:&quot;Guenther Pichler\\r+39 3471640211&quot;,&quot;camera&quot;:&quot;Canon EOS 5D Mark III&quot;,&quot;caption&quot;:&quot;&quot;,&quot;created_timestamp&quot;:&quot;1436110480&quot;,&quot;copyright&quot;:&quot;gpichler.com&quot;,&quot;focal_length&quot;:&quot;148&quot;,&quot;iso&quot;:&quot;250&quot;,&quot;shutter_speed&quot;:&quot;0.0008&quot;,&quot;title&quot;:&quot;&quot;,&quot;orientation&quot;:&quot;1&quot;}\" data-image-title=\"IMG_6938\" data-image-description=\"\" data-image-caption=\"\" data-large-file=\"https:\/\/i0.wp.com\/www.jazzzeitung.de\/cms\/wp-content\/uploads\/2016\/07\/IMG_6938.jpg?fit=840%2C560&amp;ssl=1\" class=\"alignright size-thumbnail wp-image-9660\" src=\"https:\/\/i0.wp.com\/www.jazzzeitung.de\/cms\/wp-content\/uploads\/2016\/07\/IMG_6938-150x150.jpg?resize=150%2C150\" alt=\"IMG_6938\" width=\"150\" height=\"150\" srcset=\"https:\/\/i0.wp.com\/www.jazzzeitung.de\/cms\/wp-content\/uploads\/2016\/07\/IMG_6938.jpg?resize=150%2C150&amp;ssl=1 150w, https:\/\/i0.wp.com\/www.jazzzeitung.de\/cms\/wp-content\/uploads\/2016\/07\/IMG_6938.jpg?resize=144%2C144&amp;ssl=1 144w, https:\/\/i0.wp.com\/www.jazzzeitung.de\/cms\/wp-content\/uploads\/2016\/07\/IMG_6938.jpg?resize=96%2C96&amp;ssl=1 96w, https:\/\/i0.wp.com\/www.jazzzeitung.de\/cms\/wp-content\/uploads\/2016\/07\/IMG_6938.jpg?resize=24%2C24&amp;ssl=1 24w, https:\/\/i0.wp.com\/www.jazzzeitung.de\/cms\/wp-content\/uploads\/2016\/07\/IMG_6938.jpg?resize=36%2C36&amp;ssl=1 36w, https:\/\/i0.wp.com\/www.jazzzeitung.de\/cms\/wp-content\/uploads\/2016\/07\/IMG_6938.jpg?resize=48%2C48&amp;ssl=1 48w, https:\/\/i0.wp.com\/www.jazzzeitung.de\/cms\/wp-content\/uploads\/2016\/07\/IMG_6938.jpg?resize=64%2C64&amp;ssl=1 64w, https:\/\/i0.wp.com\/www.jazzzeitung.de\/cms\/wp-content\/uploads\/2016\/07\/IMG_6938.jpg?resize=32%2C32&amp;ssl=1 32w, https:\/\/i0.wp.com\/www.jazzzeitung.de\/cms\/wp-content\/uploads\/2016\/07\/IMG_6938.jpg?resize=50%2C50&amp;ssl=1 50w, https:\/\/i0.wp.com\/www.jazzzeitung.de\/cms\/wp-content\/uploads\/2016\/07\/IMG_6938.jpg?resize=128%2C128&amp;ssl=1 128w, https:\/\/i0.wp.com\/www.jazzzeitung.de\/cms\/wp-content\/uploads\/2016\/07\/IMG_6938.jpg?zoom=2&amp;resize=150%2C150&amp;ssl=1 300w, https:\/\/i0.wp.com\/www.jazzzeitung.de\/cms\/wp-content\/uploads\/2016\/07\/IMG_6938.jpg?zoom=3&amp;resize=150%2C150&amp;ssl=1 450w\" sizes=\"auto, (max-width: 150px) 100vw, 150px\" \/><\/a>Das S\u00fcdtirol Jazzfestival Alto Adige wird immer mehr zu einer Werkstatt, von der neue Impulse f\u00fcr die internationale Musikszene ausgehen. Dies hat die 34. Ausgabe des Festivals erneut best\u00e4tigt, die am Wochenende zu Ende ging. Jazz-Pr\u00e4sident Klaus Widmann ist \u00fcberaus zufrieden mit den vergangenen 10 Tagen Jazzfestival mit L\u00e4nderschwerpunkt \u00d6sterreich\/Italien. <\/strong><\/p>\n<p>Mehr als 100 Musiker, 80 Konzerte, 60 besondere und zum Teil sehr ungew\u00f6hnliche Schaupl\u00e4tze, 10 Tage tolle Musik und gut 20.000 Besucher: Das sind die Eckzahlen des 34. Jazzfestivals, das von Freitag, 24. Juni bis Sonntag, 3. Juli S\u00fcdtirol landauf, landab erklingen lie\u00df.<\/p>\n<p>Was man an den blo\u00dfen Zahlen nicht ablesen kann: \u201eEs war von Anfang an eine sehr gro\u00dfe Begeisterung zu sp\u00fcren \u2013 beim Publikum, aber auch bei den Musikern und allen, die mit dem Festival zu tun hatten\u201c, stellt Widmann fest. Vor allem die Musiker und die Fachwelt erkennen an, dass das S\u00fcdtiroler Festival einzigartig ist. \u201eViele Musiker kommen auf uns zu und danken uns, weil es das tollste Festival ist das sie gesehen haben. Das sage nicht ich, das sagen die Musiker\u201c, freut sich Widmann. \u00c4hnlich \u00e4u\u00dfern sich Fachleute \u2013 Veranstalter wie Journalisten: viele sind der Meinung, dass es wenig andere Festivals gibt, von denen so viele Impulse f\u00fcr die internationale Szene ausgehen\u201c.<\/p>\n<p>Wie aber kommt es dazu, dass dieses Festival derart anders ist? Widmann: \u201eWir sind eigentlich eine Werkstatt, ein Ort der Begegnung. Wir bieten vielen jungen Nachwuchsk\u00fcnstlern eine B\u00fchne, die sie sich gemeinsam mit etablierten Musikern teilen. Auf diese Weise entstehen neue Sachen, neue Projekte und neue Ideen, die sich auf die Szene in Berlin, in Wien, in ganz Europa auswirken.\u201c<\/p>\n<p>Dazu kommt die einzigartige Atmosph\u00e4re au\u00dfergew\u00f6hnlicher Locations im ganzen Land \u2013 vom Konzertsaal aus Apfelgro\u00dfkisten in der Obstgenossenschaft Fruchthof \u00dcberetsch beim Er\u00f6ffnungskonzert bis hin zu Alm- und Berggasth\u00f6fen, Stadtpl\u00e4tzen und Parks, Firmengeb\u00e4uden, Gastlokalen, dem Museion, Seen und dem Planetarium in Gummer&#8230;.<\/p>\n<p>Viel Zuspruch gab es auch f\u00fcr den diesj\u00e4hrigen L\u00e4nderschwerpunkt \u00d6sterreich\/Italien: Gerade in Zeiten, in denen die Politik neue Grenzen aufbaut, bringt gemeinsames Musikmachen viel V\u00f6lkerverbindendes \u2013 erlebbar schon beim Er\u00f6ffnungskonzert mit \u00f6sterreichischer und neapolitanischer Besetzung, aber auch bei vielen anderen Konzerten.<\/p>\n<p>Indes hei\u00dft es: Nach dem Festival 2016 ist vor dem Festival 2017: Dieses beginnt am Freitag, 30. Juni und dauert bis Sonntag, 9. Juli 2017.<\/p>\n","protected":false},"excerpt":{"rendered":"<p>Das S\u00fcdtirol Jazzfestival Alto Adige wird immer mehr zu einer Werkstatt, von der neue Impulse f\u00fcr die internationale Musikszene ausgehen. Dies hat die 34. Ausgabe des Festivals erneut best\u00e4tigt, die am Wochenende zu Ende ging. Jazz-Pr\u00e4sident Klaus Widmann ist \u00fcberaus zufrieden mit den vergangenen 10 Tagen Jazzfestival mit L\u00e4nderschwerpunkt \u00d6sterreich\/Italien. Mehr als 100 Musiker, 80 Konzerte, 60 besondere und zum Teil sehr ungew\u00f6hnliche Schaupl\u00e4tze, 10 Tage tolle Musik und gut 20.000 Besucher: Das sind die Eckzahlen des 34. Jazzfestivals, das von Freitag, 24. Juni bis Sonntag, 3. Juli S\u00fcdtirol landauf, landab erklingen lie\u00df. Was man an den blo\u00dfen Zahlen nicht ablesen kann: \u201eEs war von Anfang an eine sehr gro\u00dfe Begeisterung zu sp\u00fcren \u2013 beim Publikum, aber auch bei den Musikern und allen, die mit dem Festival zu tun hatten\u201c, stellt Widmann fest. Vor allem die Musiker und die Fachwelt erkennen an, dass das S\u00fcdtiroler Festival einzigartig ist. \u201eViele Musiker kommen auf uns zu und danken uns, weil es das tollste Festival ist das sie gesehen haben. Das sage nicht ich, das sagen die Musiker\u201c, freut sich Widmann. \u00c4hnlich \u00e4u\u00dfern sich Fachleute \u2013 Veranstalter wie &hellip;<\/p>\n","protected":false},"author":18,"featured_media":0,"comment_status":"open","ping_status":"closed","sticky":false,"template":"","format":"standard","meta":{"_jetpack_memberships_contains_paid_content":false,"footnotes":"","jetpack_publicize_message":"","jetpack_publicize_feature_enabled":true,"jetpack_social_post_already_shared":false,"jetpack_social_options":{"image_generator_settings":{"template":"highway","default_image_id":0,"font":"","enabled":false},"version":2}},"categories":[633],"tags":[917,66,3,682,918,323,14,1009],"coauthors":[695],"class_list":["post-9659","post","type-post","status-publish","format-standard","hentry","category-nachrichten","tag-alto-adige","tag-berlin","tag-festival","tag-festivals","tag-jazzfestival","tag-konzerte","tag-politik","tag-suedtirol-jazzfestival"],"yoast_head":"<!-- This site is optimized with the Yoast SEO plugin v27.5 - https:\/\/yoast.com\/product\/yoast-seo-wordpress\/ -->\n<title>S\u00fcdtirol Jazzfestival Alto Adige 2016 - \u201eImpulse f\u00fcr die internationale Szene\u201c - JazzZeitung<\/title>\n<meta name=\"robots\" content=\"index, follow, max-snippet:-1, max-image-preview:large, max-video-preview:-1\" \/>\n<link rel=\"canonical\" href=\"https:\/\/www.jazzzeitung.de\/cms\/2016\/07\/suedtirol-jazzfestival-alto-adige-2016-impulse-fuer-die-internationale-szene\/\" \/>\n<meta property=\"og:locale\" content=\"de_DE\" \/>\n<meta property=\"og:type\" content=\"article\" \/>\n<meta property=\"og:title\" content=\"S\u00fcdtirol Jazzfestival Alto Adige 2016 - \u201eImpulse f\u00fcr die internationale Szene\u201c - JazzZeitung\" \/>\n<meta property=\"og:description\" content=\"Das S\u00fcdtirol Jazzfestival Alto Adige wird immer mehr zu einer Werkstatt, von der neue Impulse f\u00fcr die internationale Musikszene ausgehen. Dies hat die 34. Ausgabe des Festivals erneut best\u00e4tigt, die am Wochenende zu Ende ging. Jazz-Pr\u00e4sident Klaus Widmann ist \u00fcberaus zufrieden mit den vergangenen 10 Tagen Jazzfestival mit L\u00e4nderschwerpunkt \u00d6sterreich\/Italien. Mehr als 100 Musiker, 80 Konzerte, 60 besondere und zum Teil sehr ungew\u00f6hnliche Schaupl\u00e4tze, 10 Tage tolle Musik und gut 20.000 Besucher: Das sind die Eckzahlen des 34. Jazzfestivals, das von Freitag, 24. Juni bis Sonntag, 3. Juli S\u00fcdtirol landauf, landab erklingen lie\u00df. Was man an den blo\u00dfen Zahlen nicht ablesen kann: \u201eEs war von Anfang an eine sehr gro\u00dfe Begeisterung zu sp\u00fcren \u2013 beim Publikum, aber auch bei den Musikern und allen, die mit dem Festival zu tun hatten\u201c, stellt Widmann fest. Vor allem die Musiker und die Fachwelt erkennen an, dass das S\u00fcdtiroler Festival einzigartig ist. \u201eViele Musiker kommen auf uns zu und danken uns, weil es das tollste Festival ist das sie gesehen haben. Das sage nicht ich, das sagen die Musiker\u201c, freut sich Widmann. \u00c4hnlich \u00e4u\u00dfern sich Fachleute \u2013 Veranstalter wie &hellip;\" \/>\n<meta property=\"og:url\" content=\"https:\/\/www.jazzzeitung.de\/cms\/2016\/07\/suedtirol-jazzfestival-alto-adige-2016-impulse-fuer-die-internationale-szene\/\" \/>\n<meta property=\"og:site_name\" content=\"JazzZeitung\" \/>\n<meta property=\"article:publisher\" content=\"https:\/\/www.facebook.com\/JazzZeitung\/\" \/>\n<meta property=\"article:published_time\" content=\"2016-07-15T11:37:21+00:00\" \/>\n<meta property=\"og:image\" content=\"http:\/\/www.jazzzeitung.de\/cms\/wp-content\/uploads\/2016\/07\/IMG_6938-150x150.jpg\" \/>\n<meta name=\"author\" content=\"Redaktion JazzZeitung\" \/>\n<script type=\"application\/ld+json\" class=\"yoast-schema-graph\">{\"@context\":\"https:\\\/\\\/schema.org\",\"@graph\":[{\"@type\":\"Article\",\"@id\":\"https:\\\/\\\/www.jazzzeitung.de\\\/cms\\\/2016\\\/07\\\/suedtirol-jazzfestival-alto-adige-2016-impulse-fuer-die-internationale-szene\\\/#article\",\"isPartOf\":{\"@id\":\"https:\\\/\\\/www.jazzzeitung.de\\\/cms\\\/2016\\\/07\\\/suedtirol-jazzfestival-alto-adige-2016-impulse-fuer-die-internationale-szene\\\/\"},\"author\":{\"name\":\"Redaktion JazzZeitung\",\"@id\":\"https:\\\/\\\/www.jazzzeitung.de\\\/cms\\\/#\\\/schema\\\/person\\\/2245b36b9cd1d24cea10f01c031fb92b\"},\"headline\":\"S\u00fcdtirol Jazzfestival Alto Adige 2016 &#8211; \u201eImpulse f\u00fcr die internationale Szene\u201c\",\"datePublished\":\"2016-07-15T11:37:21+00:00\",\"mainEntityOfPage\":{\"@id\":\"https:\\\/\\\/www.jazzzeitung.de\\\/cms\\\/2016\\\/07\\\/suedtirol-jazzfestival-alto-adige-2016-impulse-fuer-die-internationale-szene\\\/\"},\"wordCount\":398,\"commentCount\":0,\"publisher\":{\"@id\":\"https:\\\/\\\/www.jazzzeitung.de\\\/cms\\\/#organization\"},\"image\":{\"@id\":\"https:\\\/\\\/www.jazzzeitung.de\\\/cms\\\/2016\\\/07\\\/suedtirol-jazzfestival-alto-adige-2016-impulse-fuer-die-internationale-szene\\\/#primaryimage\"},\"thumbnailUrl\":\"http:\\\/\\\/www.jazzzeitung.de\\\/cms\\\/wp-content\\\/uploads\\\/2016\\\/07\\\/IMG_6938-150x150.jpg\",\"keywords\":[\"Alto Adige\",\"Berlin\",\"Festival\",\"Festivals\",\"Jazzfestival\",\"Konzerte\",\"Politik\",\"S\u00fcdtirol Jazzfestival\"],\"articleSection\":[\"News\"],\"inLanguage\":\"de\",\"potentialAction\":[{\"@type\":\"CommentAction\",\"name\":\"Comment\",\"target\":[\"https:\\\/\\\/www.jazzzeitung.de\\\/cms\\\/2016\\\/07\\\/suedtirol-jazzfestival-alto-adige-2016-impulse-fuer-die-internationale-szene\\\/#respond\"]}]},{\"@type\":\"WebPage\",\"@id\":\"https:\\\/\\\/www.jazzzeitung.de\\\/cms\\\/2016\\\/07\\\/suedtirol-jazzfestival-alto-adige-2016-impulse-fuer-die-internationale-szene\\\/\",\"url\":\"https:\\\/\\\/www.jazzzeitung.de\\\/cms\\\/2016\\\/07\\\/suedtirol-jazzfestival-alto-adige-2016-impulse-fuer-die-internationale-szene\\\/\",\"name\":\"S\u00fcdtirol Jazzfestival Alto Adige 2016 - \u201eImpulse f\u00fcr die internationale Szene\u201c - JazzZeitung\",\"isPartOf\":{\"@id\":\"https:\\\/\\\/www.jazzzeitung.de\\\/cms\\\/#website\"},\"primaryImageOfPage\":{\"@id\":\"https:\\\/\\\/www.jazzzeitung.de\\\/cms\\\/2016\\\/07\\\/suedtirol-jazzfestival-alto-adige-2016-impulse-fuer-die-internationale-szene\\\/#primaryimage\"},\"image\":{\"@id\":\"https:\\\/\\\/www.jazzzeitung.de\\\/cms\\\/2016\\\/07\\\/suedtirol-jazzfestival-alto-adige-2016-impulse-fuer-die-internationale-szene\\\/#primaryimage\"},\"thumbnailUrl\":\"http:\\\/\\\/www.jazzzeitung.de\\\/cms\\\/wp-content\\\/uploads\\\/2016\\\/07\\\/IMG_6938-150x150.jpg\",\"datePublished\":\"2016-07-15T11:37:21+00:00\",\"breadcrumb\":{\"@id\":\"https:\\\/\\\/www.jazzzeitung.de\\\/cms\\\/2016\\\/07\\\/suedtirol-jazzfestival-alto-adige-2016-impulse-fuer-die-internationale-szene\\\/#breadcrumb\"},\"inLanguage\":\"de\",\"potentialAction\":[{\"@type\":\"ReadAction\",\"target\":[\"https:\\\/\\\/www.jazzzeitung.de\\\/cms\\\/2016\\\/07\\\/suedtirol-jazzfestival-alto-adige-2016-impulse-fuer-die-internationale-szene\\\/\"]}]},{\"@type\":\"ImageObject\",\"inLanguage\":\"de\",\"@id\":\"https:\\\/\\\/www.jazzzeitung.de\\\/cms\\\/2016\\\/07\\\/suedtirol-jazzfestival-alto-adige-2016-impulse-fuer-die-internationale-szene\\\/#primaryimage\",\"url\":\"http:\\\/\\\/www.jazzzeitung.de\\\/cms\\\/wp-content\\\/uploads\\\/2016\\\/07\\\/IMG_6938-150x150.jpg\",\"contentUrl\":\"http:\\\/\\\/www.jazzzeitung.de\\\/cms\\\/wp-content\\\/uploads\\\/2016\\\/07\\\/IMG_6938-150x150.jpg\"},{\"@type\":\"BreadcrumbList\",\"@id\":\"https:\\\/\\\/www.jazzzeitung.de\\\/cms\\\/2016\\\/07\\\/suedtirol-jazzfestival-alto-adige-2016-impulse-fuer-die-internationale-szene\\\/#breadcrumb\",\"itemListElement\":[{\"@type\":\"ListItem\",\"position\":1,\"name\":\"Startseite\",\"item\":\"https:\\\/\\\/www.jazzzeitung.de\\\/cms\\\/\"},{\"@type\":\"ListItem\",\"position\":2,\"name\":\"S\u00fcdtirol Jazzfestival Alto Adige 2016 &#8211; \u201eImpulse f\u00fcr die internationale Szene\u201c\"}]},{\"@type\":\"WebSite\",\"@id\":\"https:\\\/\\\/www.jazzzeitung.de\\\/cms\\\/#website\",\"url\":\"https:\\\/\\\/www.jazzzeitung.de\\\/cms\\\/\",\"name\":\"JazzZeitung\",\"description\":\"Jazz-News und Jazz-Kontroverses\",\"publisher\":{\"@id\":\"https:\\\/\\\/www.jazzzeitung.de\\\/cms\\\/#organization\"},\"potentialAction\":[{\"@type\":\"SearchAction\",\"target\":{\"@type\":\"EntryPoint\",\"urlTemplate\":\"https:\\\/\\\/www.jazzzeitung.de\\\/cms\\\/?s={search_term_string}\"},\"query-input\":{\"@type\":\"PropertyValueSpecification\",\"valueRequired\":true,\"valueName\":\"search_term_string\"}}],\"inLanguage\":\"de\"},{\"@type\":\"Organization\",\"@id\":\"https:\\\/\\\/www.jazzzeitung.de\\\/cms\\\/#organization\",\"name\":\"JazzZeitung online\",\"url\":\"https:\\\/\\\/www.jazzzeitung.de\\\/cms\\\/\",\"logo\":{\"@type\":\"ImageObject\",\"inLanguage\":\"de\",\"@id\":\"https:\\\/\\\/www.jazzzeitung.de\\\/cms\\\/#\\\/schema\\\/logo\\\/image\\\/\",\"url\":\"https:\\\/\\\/i0.wp.com\\\/www.jazzzeitung.de\\\/cms\\\/wp-content\\\/uploads\\\/2015\\\/08\\\/JAZZZEITUNGDE_Logo_Neu.png?fit=499%2C200&ssl=1\",\"contentUrl\":\"https:\\\/\\\/i0.wp.com\\\/www.jazzzeitung.de\\\/cms\\\/wp-content\\\/uploads\\\/2015\\\/08\\\/JAZZZEITUNGDE_Logo_Neu.png?fit=499%2C200&ssl=1\",\"width\":499,\"height\":200,\"caption\":\"JazzZeitung online\"},\"image\":{\"@id\":\"https:\\\/\\\/www.jazzzeitung.de\\\/cms\\\/#\\\/schema\\\/logo\\\/image\\\/\"},\"sameAs\":[\"https:\\\/\\\/www.facebook.com\\\/JazzZeitung\\\/\"]},{\"@type\":\"Person\",\"@id\":\"https:\\\/\\\/www.jazzzeitung.de\\\/cms\\\/#\\\/schema\\\/person\\\/2245b36b9cd1d24cea10f01c031fb92b\",\"name\":\"Redaktion JazzZeitung\",\"image\":{\"@type\":\"ImageObject\",\"inLanguage\":\"de\",\"@id\":\"https:\\\/\\\/i0.wp.com\\\/www.jazzzeitung.de\\\/cms\\\/wp-content\\\/uploads\\\/2015\\\/08\\\/JAZZZEITUNGDE_Logo_Neu.png?resize=96%2C96&ssl=159975dcacb611b5700bd619b5daf0a7a\",\"url\":\"https:\\\/\\\/i0.wp.com\\\/www.jazzzeitung.de\\\/cms\\\/wp-content\\\/uploads\\\/2015\\\/08\\\/JAZZZEITUNGDE_Logo_Neu.png?resize=96%2C96&ssl=1\",\"contentUrl\":\"https:\\\/\\\/i0.wp.com\\\/www.jazzzeitung.de\\\/cms\\\/wp-content\\\/uploads\\\/2015\\\/08\\\/JAZZZEITUNGDE_Logo_Neu.png?resize=96%2C96&ssl=1\",\"caption\":\"Redaktion JazzZeitung\"},\"description\":\"Artikel der Redaktion der JazzZeitung.\",\"sameAs\":[\"http:\\\/\\\/www.jazzzeitung.de\\\/cms\\\/\"],\"url\":\"https:\\\/\\\/www.jazzzeitung.de\\\/cms\\\/author\\\/redaktion\\\/\"}]}<\/script>\n<!-- \/ Yoast SEO plugin. -->","yoast_head_json":{"title":"S\u00fcdtirol Jazzfestival Alto Adige 2016 - \u201eImpulse f\u00fcr die internationale Szene\u201c - JazzZeitung","robots":{"index":"index","follow":"follow","max-snippet":"max-snippet:-1","max-image-preview":"max-image-preview:large","max-video-preview":"max-video-preview:-1"},"canonical":"https:\/\/www.jazzzeitung.de\/cms\/2016\/07\/suedtirol-jazzfestival-alto-adige-2016-impulse-fuer-die-internationale-szene\/","og_locale":"de_DE","og_type":"article","og_title":"S\u00fcdtirol Jazzfestival Alto Adige 2016 - \u201eImpulse f\u00fcr die internationale Szene\u201c - JazzZeitung","og_description":"Das S\u00fcdtirol Jazzfestival Alto Adige wird immer mehr zu einer Werkstatt, von der neue Impulse f\u00fcr die internationale Musikszene ausgehen. Dies hat die 34. Ausgabe des Festivals erneut best\u00e4tigt, die am Wochenende zu Ende ging. Jazz-Pr\u00e4sident Klaus Widmann ist \u00fcberaus zufrieden mit den vergangenen 10 Tagen Jazzfestival mit L\u00e4nderschwerpunkt \u00d6sterreich\/Italien. Mehr als 100 Musiker, 80 Konzerte, 60 besondere und zum Teil sehr ungew\u00f6hnliche Schaupl\u00e4tze, 10 Tage tolle Musik und gut 20.000 Besucher: Das sind die Eckzahlen des 34. Jazzfestivals, das von Freitag, 24. Juni bis Sonntag, 3. Juli S\u00fcdtirol landauf, landab erklingen lie\u00df. Was man an den blo\u00dfen Zahlen nicht ablesen kann: \u201eEs war von Anfang an eine sehr gro\u00dfe Begeisterung zu sp\u00fcren \u2013 beim Publikum, aber auch bei den Musikern und allen, die mit dem Festival zu tun hatten\u201c, stellt Widmann fest. Vor allem die Musiker und die Fachwelt erkennen an, dass das S\u00fcdtiroler Festival einzigartig ist. \u201eViele Musiker kommen auf uns zu und danken uns, weil es das tollste Festival ist das sie gesehen haben. Das sage nicht ich, das sagen die Musiker\u201c, freut sich Widmann. \u00c4hnlich \u00e4u\u00dfern sich Fachleute \u2013 Veranstalter wie &hellip;","og_url":"https:\/\/www.jazzzeitung.de\/cms\/2016\/07\/suedtirol-jazzfestival-alto-adige-2016-impulse-fuer-die-internationale-szene\/","og_site_name":"JazzZeitung","article_publisher":"https:\/\/www.facebook.com\/JazzZeitung\/","article_published_time":"2016-07-15T11:37:21+00:00","og_image":[{"url":"http:\/\/www.jazzzeitung.de\/cms\/wp-content\/uploads\/2016\/07\/IMG_6938-150x150.jpg","type":"","width":"","height":""}],"author":"Redaktion JazzZeitung","schema":{"@context":"https:\/\/schema.org","@graph":[{"@type":"Article","@id":"https:\/\/www.jazzzeitung.de\/cms\/2016\/07\/suedtirol-jazzfestival-alto-adige-2016-impulse-fuer-die-internationale-szene\/#article","isPartOf":{"@id":"https:\/\/www.jazzzeitung.de\/cms\/2016\/07\/suedtirol-jazzfestival-alto-adige-2016-impulse-fuer-die-internationale-szene\/"},"author":{"name":"Redaktion JazzZeitung","@id":"https:\/\/www.jazzzeitung.de\/cms\/#\/schema\/person\/2245b36b9cd1d24cea10f01c031fb92b"},"headline":"S\u00fcdtirol Jazzfestival Alto Adige 2016 &#8211; \u201eImpulse f\u00fcr die internationale Szene\u201c","datePublished":"2016-07-15T11:37:21+00:00","mainEntityOfPage":{"@id":"https:\/\/www.jazzzeitung.de\/cms\/2016\/07\/suedtirol-jazzfestival-alto-adige-2016-impulse-fuer-die-internationale-szene\/"},"wordCount":398,"commentCount":0,"publisher":{"@id":"https:\/\/www.jazzzeitung.de\/cms\/#organization"},"image":{"@id":"https:\/\/www.jazzzeitung.de\/cms\/2016\/07\/suedtirol-jazzfestival-alto-adige-2016-impulse-fuer-die-internationale-szene\/#primaryimage"},"thumbnailUrl":"http:\/\/www.jazzzeitung.de\/cms\/wp-content\/uploads\/2016\/07\/IMG_6938-150x150.jpg","keywords":["Alto Adige","Berlin","Festival","Festivals","Jazzfestival","Konzerte","Politik","S\u00fcdtirol Jazzfestival"],"articleSection":["News"],"inLanguage":"de","potentialAction":[{"@type":"CommentAction","name":"Comment","target":["https:\/\/www.jazzzeitung.de\/cms\/2016\/07\/suedtirol-jazzfestival-alto-adige-2016-impulse-fuer-die-internationale-szene\/#respond"]}]},{"@type":"WebPage","@id":"https:\/\/www.jazzzeitung.de\/cms\/2016\/07\/suedtirol-jazzfestival-alto-adige-2016-impulse-fuer-die-internationale-szene\/","url":"https:\/\/www.jazzzeitung.de\/cms\/2016\/07\/suedtirol-jazzfestival-alto-adige-2016-impulse-fuer-die-internationale-szene\/","name":"S\u00fcdtirol Jazzfestival Alto Adige 2016 - \u201eImpulse f\u00fcr die internationale Szene\u201c - JazzZeitung","isPartOf":{"@id":"https:\/\/www.jazzzeitung.de\/cms\/#website"},"primaryImageOfPage":{"@id":"https:\/\/www.jazzzeitung.de\/cms\/2016\/07\/suedtirol-jazzfestival-alto-adige-2016-impulse-fuer-die-internationale-szene\/#primaryimage"},"image":{"@id":"https:\/\/www.jazzzeitung.de\/cms\/2016\/07\/suedtirol-jazzfestival-alto-adige-2016-impulse-fuer-die-internationale-szene\/#primaryimage"},"thumbnailUrl":"http:\/\/www.jazzzeitung.de\/cms\/wp-content\/uploads\/2016\/07\/IMG_6938-150x150.jpg","datePublished":"2016-07-15T11:37:21+00:00","breadcrumb":{"@id":"https:\/\/www.jazzzeitung.de\/cms\/2016\/07\/suedtirol-jazzfestival-alto-adige-2016-impulse-fuer-die-internationale-szene\/#breadcrumb"},"inLanguage":"de","potentialAction":[{"@type":"ReadAction","target":["https:\/\/www.jazzzeitung.de\/cms\/2016\/07\/suedtirol-jazzfestival-alto-adige-2016-impulse-fuer-die-internationale-szene\/"]}]},{"@type":"ImageObject","inLanguage":"de","@id":"https:\/\/www.jazzzeitung.de\/cms\/2016\/07\/suedtirol-jazzfestival-alto-adige-2016-impulse-fuer-die-internationale-szene\/#primaryimage","url":"http:\/\/www.jazzzeitung.de\/cms\/wp-content\/uploads\/2016\/07\/IMG_6938-150x150.jpg","contentUrl":"http:\/\/www.jazzzeitung.de\/cms\/wp-content\/uploads\/2016\/07\/IMG_6938-150x150.jpg"},{"@type":"BreadcrumbList","@id":"https:\/\/www.jazzzeitung.de\/cms\/2016\/07\/suedtirol-jazzfestival-alto-adige-2016-impulse-fuer-die-internationale-szene\/#breadcrumb","itemListElement":[{"@type":"ListItem","position":1,"name":"Startseite","item":"https:\/\/www.jazzzeitung.de\/cms\/"},{"@type":"ListItem","position":2,"name":"S\u00fcdtirol Jazzfestival Alto Adige 2016 &#8211; \u201eImpulse f\u00fcr die internationale Szene\u201c"}]},{"@type":"WebSite","@id":"https:\/\/www.jazzzeitung.de\/cms\/#website","url":"https:\/\/www.jazzzeitung.de\/cms\/","name":"JazzZeitung","description":"Jazz-News und Jazz-Kontroverses","publisher":{"@id":"https:\/\/www.jazzzeitung.de\/cms\/#organization"},"potentialAction":[{"@type":"SearchAction","target":{"@type":"EntryPoint","urlTemplate":"https:\/\/www.jazzzeitung.de\/cms\/?s={search_term_string}"},"query-input":{"@type":"PropertyValueSpecification","valueRequired":true,"valueName":"search_term_string"}}],"inLanguage":"de"},{"@type":"Organization","@id":"https:\/\/www.jazzzeitung.de\/cms\/#organization","name":"JazzZeitung online","url":"https:\/\/www.jazzzeitung.de\/cms\/","logo":{"@type":"ImageObject","inLanguage":"de","@id":"https:\/\/www.jazzzeitung.de\/cms\/#\/schema\/logo\/image\/","url":"https:\/\/i0.wp.com\/www.jazzzeitung.de\/cms\/wp-content\/uploads\/2015\/08\/JAZZZEITUNGDE_Logo_Neu.png?fit=499%2C200&ssl=1","contentUrl":"https:\/\/i0.wp.com\/www.jazzzeitung.de\/cms\/wp-content\/uploads\/2015\/08\/JAZZZEITUNGDE_Logo_Neu.png?fit=499%2C200&ssl=1","width":499,"height":200,"caption":"JazzZeitung online"},"image":{"@id":"https:\/\/www.jazzzeitung.de\/cms\/#\/schema\/logo\/image\/"},"sameAs":["https:\/\/www.facebook.com\/JazzZeitung\/"]},{"@type":"Person","@id":"https:\/\/www.jazzzeitung.de\/cms\/#\/schema\/person\/2245b36b9cd1d24cea10f01c031fb92b","name":"Redaktion JazzZeitung","image":{"@type":"ImageObject","inLanguage":"de","@id":"https:\/\/i0.wp.com\/www.jazzzeitung.de\/cms\/wp-content\/uploads\/2015\/08\/JAZZZEITUNGDE_Logo_Neu.png?resize=96%2C96&ssl=159975dcacb611b5700bd619b5daf0a7a","url":"https:\/\/i0.wp.com\/www.jazzzeitung.de\/cms\/wp-content\/uploads\/2015\/08\/JAZZZEITUNGDE_Logo_Neu.png?resize=96%2C96&ssl=1","contentUrl":"https:\/\/i0.wp.com\/www.jazzzeitung.de\/cms\/wp-content\/uploads\/2015\/08\/JAZZZEITUNGDE_Logo_Neu.png?resize=96%2C96&ssl=1","caption":"Redaktion JazzZeitung"},"description":"Artikel der Redaktion der JazzZeitung.","sameAs":["http:\/\/www.jazzzeitung.de\/cms\/"],"url":"https:\/\/www.jazzzeitung.de\/cms\/author\/redaktion\/"}]}},"wp-worthy-pixel":{"ignored":false,"public":null,"server":null,"url":null},"wp-worthy-type":"normal","jetpack_publicize_connections":[],"cc_featured_image_caption":{"caption_text":false,"source_text":false,"source_url":false},"jetpack_featured_media_url":"","jetpack_shortlink":"https:\/\/wp.me\/p3KEcT-2vN","jetpack-related-posts":[{"id":8122,"url":"https:\/\/www.jazzzeitung.de\/cms\/2016\/01\/suedtirol-jazzfestival-alto-adige-2016-startet-die-naechste-runde\/","url_meta":{"origin":9659,"position":0},"title":"Save the Date: S\u00fcdtirol Jazzfestival Alto Adige 2016 startet in die n\u00e4chste Runde","author":"Redaktion JazzZeitung","date":"16. Januar 2016","format":false,"excerpt":"Nach dem Festival ist vor dem Festival: Die Vorbereitungen auf das S\u00fcdtirol Jazzfestival Alto Adige 2016 laufen bereits auf Hochtouren, die Er\u00f6ffnung ist am 24. Juni 2016. Dieses Jahr findet das S\u00fcdtirol Jazzfestival Alto Adige bereits in seiner 34. Auflage statt. Wie jedes Jahr sind auch f\u00fcr das bevorstehende Event\u2026","rel":"","context":"In &quot;News&quot;","block_context":{"text":"News","link":"https:\/\/www.jazzzeitung.de\/cms\/thema\/nachrichten\/"},"img":{"alt_text":"Das 34. S\u00fcdtirol Jazzfestival Alto Adige - dieses Jahr mit dem Schwerpunkt auf \u00d6sterreich und Italien. Foto: G. Pichler","src":"https:\/\/i0.wp.com\/www.jazzzeitung.de\/cms\/wp-content\/uploads\/2016\/01\/SJF15-0701-Waltherplatz-Three-Trapped-Tigers-c-GPichler-14-150x150.jpg?resize=350%2C200","width":350,"height":200},"classes":[]},{"id":22336,"url":"https:\/\/www.jazzzeitung.de\/cms\/2020\/04\/newssuedtirol-jazzfestival-alto-adige-2020-abgesagtmoers-jazzfestival-soll-stattfinden\/","url_meta":{"origin":9659,"position":1},"title":"news+++S\u00fcdtirol Jazzfestival Alto Adige 2020 abgesagt+++Moers Jazzfestival soll stattfinden+++","author":"Redaktion JazzZeitung","date":"11. April 2020","format":false,"excerpt":"Eine weitere Festival-Absage Das S\u00fcdtirol Jazzfestival Alto Adige findet dieses Jahr zum ersten Mal in 38 Jahren nicht statt. Die Pandemie hat auch die Veranstalter in S\u00fcdtirol gezwungen, Festivals, Konzerte usw. abzusagen. Das Programm des Festivals sollte eigentlich eine Reise in den osteurop\u00e4ischen Jazz sein, Name des Themas: \u201eGegen den\u2026","rel":"","context":"In &quot;News&quot;","block_context":{"text":"News","link":"https:\/\/www.jazzzeitung.de\/cms\/thema\/nachrichten\/"},"img":{"alt_text":"","src":"https:\/\/www.jazzzeitung.de\/cms\/wp-content\/uploads\/2020\/03\/Beitragsbild-beschnitten-e1583498329553.bmp","width":350,"height":200,"srcset":"https:\/\/www.jazzzeitung.de\/cms\/wp-content\/uploads\/2020\/03\/Beitragsbild-beschnitten-e1583498329553.bmp 1x, https:\/\/www.jazzzeitung.de\/cms\/wp-content\/uploads\/2020\/03\/Beitragsbild-beschnitten-e1583498329553.bmp 1.5x, https:\/\/www.jazzzeitung.de\/cms\/wp-content\/uploads\/2020\/03\/Beitragsbild-beschnitten-e1583498329553.bmp 2x, https:\/\/www.jazzzeitung.de\/cms\/wp-content\/uploads\/2020\/03\/Beitragsbild-beschnitten-e1583498329553.bmp 3x"},"classes":[]},{"id":8716,"url":"https:\/\/www.jazzzeitung.de\/cms\/2016\/03\/das-suedtirol-jazzfestival-alto-adige-kennt-keine-grenzen\/","url_meta":{"origin":9659,"position":2},"title":"Das S\u00fcdtirol Jazzfestival Alto Adige kennt keine Grenzen&#8230;","author":"Redaktion JazzZeitung","date":"17. M\u00e4rz 2016","format":false,"excerpt":"Zum 34. Mal wird das S\u00fcdtirol Jazzfestival Alto Adige auf die B\u00fchne(n) gebracht \u2013 und bespielt wie in den vergangenen Jahren wiederum ganz S\u00fcdtirol. Von der Er\u00f6ffnung am Freitag, 24. Juni bis zum Abschluss am Sonntag, 3. Juli, zieht der bunte Jazz-Tross auf knapp 60 Schaupl\u00e4tzen in 20 S\u00fcdtiroler Gemeinden\u2026","rel":"","context":"In &quot;News&quot;","block_context":{"text":"News","link":"https:\/\/www.jazzzeitung.de\/cms\/thema\/nachrichten\/"},"img":{"alt_text":"Perhaps Contraption - Ritten. Foto: G. Pichler","src":"https:\/\/i0.wp.com\/www.jazzzeitung.de\/cms\/wp-content\/uploads\/2016\/03\/Perhaps-Contraption-Ritten-c-G.-Pichler-150x150.jpg?resize=350%2C200","width":350,"height":200},"classes":[]},{"id":3508,"url":"https:\/\/www.jazzzeitung.de\/cms\/2014\/02\/suedtirol-jazzfestival-alto-adige-2014-mit-chickcorea\/","url_meta":{"origin":9659,"position":3},"title":"S\u00fcdtirol Jazzfestival Alto Adige 2014 \u2013 mit ChickCorea","author":"Redaktion JazzZeitung","date":"21. Februar 2014","format":false,"excerpt":"Vom Freitag, den 27. Juni bis Sonntag, 6. Juli 2014 wird in S\u00fcdtirol wieder der Jazz dominieren. Zum 32. Mal in Folge findet in diesem Jahr das beliebte S\u00fcdtirol Jazz Festival Alto Adige statt.\u00a0 So unterschiedlich wie die Musik der auftretenden K\u00fcnstler sind auch in jedem Jahr die Austragungsorte der\u2026","rel":"","context":"In &quot;News&quot;","block_context":{"text":"News","link":"https:\/\/www.jazzzeitung.de\/cms\/thema\/nachrichten\/"},"img":{"alt_text":"S\u00fcdtiroler Jazzfestival Alto Adige","src":"https:\/\/i0.wp.com\/www.jazzzeitung.de\/cms\/wp-content\/uploads\/2014\/02\/Jazz-Design-2014-2-150x150.jpg?resize=350%2C200","width":350,"height":200},"classes":[]},{"id":11947,"url":"https:\/\/www.jazzzeitung.de\/cms\/2017\/03\/11947\/","url_meta":{"origin":9659,"position":4},"title":"35 Jahre S\u00fcdtirol Jazzfestival Alto Adige: Start in vier Monaten","author":"Redaktion JazzZeitung","date":"19. M\u00e4rz 2017","format":false,"excerpt":"Musik zu Berge und im Tal, auf sch\u00f6nen Pl\u00e4tzen und an besonderen Orten in ganz S\u00fcdtirol, und das ganze 10 Tage lang: In knapp vier Monaten, am 30. Juni, f\u00e4llt der Startschuss f\u00fcr das S\u00fcdtirol Jazzfestival Alto Adige 2017. Zum diesj\u00e4hrigen 35-j\u00e4hrigen Jubil\u00e4um f\u00fchrt der L\u00e4nderschwerpunkt in die Benelux-Staaten \u2013\u2026","rel":"","context":"In &quot;News&quot;","block_context":{"text":"News","link":"https:\/\/www.jazzzeitung.de\/cms\/thema\/nachrichten\/"},"img":{"alt_text":"","src":"https:\/\/i0.wp.com\/www.jazzzeitung.de\/cms\/wp-content\/uploads\/2017\/03\/IMG_7299-150x150.jpg?resize=350%2C200","width":350,"height":200},"classes":[]},{"id":29703,"url":"https:\/\/www.jazzzeitung.de\/cms\/2023\/07\/das-suedtirol-jazzfestival-alto-adige-hat-begonnen\/","url_meta":{"origin":9659,"position":5},"title":"Vielfalt pur \u2013 das S\u00fcdtirol Jazzfestival Alto Adige hat begonnen","author":"Andreas Kolb","date":"4. Juli 2023","format":false,"excerpt":"Seit Jahrhunderten gibt es viele Gr\u00fcnde f\u00fcr einen Deutschen, die Alpen zu \u00fcberqueren. Seit 2004 einen weiteren: Das Jazzfestival S\u00fcdtirol Alto Adige. In diesem Jahr hatte der praktische Arzt, Bergsteiger und Gitarrenmusik- und Jazz-Liebhaber Klaus Widmann das S\u00fcdtirol Jazzfestival von Gr\u00fcnder Nicola Ciardi \u00fcbernommen und machte es \u00fcber die Jahre\u2026","rel":"","context":"In &quot;Bericht&quot;","block_context":{"text":"Bericht","link":"https:\/\/www.jazzzeitung.de\/cms\/thema\/bericht\/"},"img":{"alt_text":"","src":"https:\/\/i0.wp.com\/www.jazzzeitung.de\/cms\/wp-content\/uploads\/2023\/07\/Altoadige-Jazz-2023La-Litanie-des-Cimes.jpg?fit=1200%2C800&ssl=1&resize=350%2C200","width":350,"height":200,"srcset":"https:\/\/i0.wp.com\/www.jazzzeitung.de\/cms\/wp-content\/uploads\/2023\/07\/Altoadige-Jazz-2023La-Litanie-des-Cimes.jpg?fit=1200%2C800&ssl=1&resize=350%2C200 1x, https:\/\/i0.wp.com\/www.jazzzeitung.de\/cms\/wp-content\/uploads\/2023\/07\/Altoadige-Jazz-2023La-Litanie-des-Cimes.jpg?fit=1200%2C800&ssl=1&resize=525%2C300 1.5x, https:\/\/i0.wp.com\/www.jazzzeitung.de\/cms\/wp-content\/uploads\/2023\/07\/Altoadige-Jazz-2023La-Litanie-des-Cimes.jpg?fit=1200%2C800&ssl=1&resize=700%2C400 2x, https:\/\/i0.wp.com\/www.jazzzeitung.de\/cms\/wp-content\/uploads\/2023\/07\/Altoadige-Jazz-2023La-Litanie-des-Cimes.jpg?fit=1200%2C800&ssl=1&resize=1050%2C600 3x"},"classes":[]}],"jetpack_sharing_enabled":true,"_links":{"self":[{"href":"https:\/\/www.jazzzeitung.de\/cms\/wp-json\/wp\/v2\/posts\/9659","targetHints":{"allow":["GET"]}}],"collection":[{"href":"https:\/\/www.jazzzeitung.de\/cms\/wp-json\/wp\/v2\/posts"}],"about":[{"href":"https:\/\/www.jazzzeitung.de\/cms\/wp-json\/wp\/v2\/types\/post"}],"author":[{"embeddable":true,"href":"https:\/\/www.jazzzeitung.de\/cms\/wp-json\/wp\/v2\/users\/18"}],"replies":[{"embeddable":true,"href":"https:\/\/www.jazzzeitung.de\/cms\/wp-json\/wp\/v2\/comments?post=9659"}],"version-history":[{"count":1,"href":"https:\/\/www.jazzzeitung.de\/cms\/wp-json\/wp\/v2\/posts\/9659\/revisions"}],"predecessor-version":[{"id":9661,"href":"https:\/\/www.jazzzeitung.de\/cms\/wp-json\/wp\/v2\/posts\/9659\/revisions\/9661"}],"wp:attachment":[{"href":"https:\/\/www.jazzzeitung.de\/cms\/wp-json\/wp\/v2\/media?parent=9659"}],"wp:term":[{"taxonomy":"category","embeddable":true,"href":"https:\/\/www.jazzzeitung.de\/cms\/wp-json\/wp\/v2\/categories?post=9659"},{"taxonomy":"post_tag","embeddable":true,"href":"https:\/\/www.jazzzeitung.de\/cms\/wp-json\/wp\/v2\/tags?post=9659"},{"taxonomy":"author","embeddable":true,"href":"https:\/\/www.jazzzeitung.de\/cms\/wp-json\/wp\/v2\/coauthors?post=9659"}],"curies":[{"name":"wp","href":"https:\/\/api.w.org\/{rel}","templated":true}]}}