{"id":9652,"date":"2016-07-13T13:37:51","date_gmt":"2016-07-13T11:37:51","guid":{"rendered":"http:\/\/www.jazzzeitung.de\/cms\/?p=9652"},"modified":"2016-07-15T13:22:42","modified_gmt":"2016-07-15T11:22:42","slug":"das-bayerische-jazzweekend-ein-spaziergang-teil-1","status":"publish","type":"post","link":"https:\/\/www.jazzzeitung.de\/cms\/2016\/07\/das-bayerische-jazzweekend-ein-spaziergang-teil-1\/","title":{"rendered":"Das Bayerische Jazzweekend &#8211; ein Spaziergang"},"content":{"rendered":"<p><a href=\"https:\/\/i0.wp.com\/www.jazzzeitung.de\/cms\/wp-content\/uploads\/2016\/07\/aruan2.jpg\"><img data-recalc-dims=\"1\" loading=\"lazy\" decoding=\"async\" data-attachment-id=\"9653\" data-permalink=\"https:\/\/www.jazzzeitung.de\/cms\/2016\/07\/das-bayerische-jazzweekend-ein-spaziergang-teil-1\/aruan2\/\" data-orig-file=\"https:\/\/i0.wp.com\/www.jazzzeitung.de\/cms\/wp-content\/uploads\/2016\/07\/aruan2.jpg?fit=1890%2C1252&amp;ssl=1\" data-orig-size=\"1890,1252\" data-comments-opened=\"1\" data-image-meta=\"{&quot;aperture&quot;:&quot;5.3&quot;,&quot;credit&quot;:&quot;Michael Scheiner&quot;,&quot;camera&quot;:&quot;NIKON D7000&quot;,&quot;caption&quot;:&quot;&quot;,&quot;created_timestamp&quot;:&quot;1468012856&quot;,&quot;copyright&quot;:&quot;Michael Scheiner&quot;,&quot;focal_length&quot;:&quot;80&quot;,&quot;iso&quot;:&quot;800&quot;,&quot;shutter_speed&quot;:&quot;0.02&quot;,&quot;title&quot;:&quot;&quot;,&quot;orientation&quot;:&quot;1&quot;}\" data-image-title=\"aruan2\" data-image-description=\"\" data-image-caption=\"\" data-large-file=\"https:\/\/i0.wp.com\/www.jazzzeitung.de\/cms\/wp-content\/uploads\/2016\/07\/aruan2.jpg?fit=840%2C556&amp;ssl=1\" class=\"alignright size-thumbnail wp-image-9653\" src=\"https:\/\/i0.wp.com\/www.jazzzeitung.de\/cms\/wp-content\/uploads\/2016\/07\/aruan2-150x150.jpg?resize=150%2C150\" alt=\"aruan2\" width=\"150\" height=\"150\" srcset=\"https:\/\/i0.wp.com\/www.jazzzeitung.de\/cms\/wp-content\/uploads\/2016\/07\/aruan2.jpg?resize=150%2C150&amp;ssl=1 150w, https:\/\/i0.wp.com\/www.jazzzeitung.de\/cms\/wp-content\/uploads\/2016\/07\/aruan2.jpg?resize=144%2C144&amp;ssl=1 144w, https:\/\/i0.wp.com\/www.jazzzeitung.de\/cms\/wp-content\/uploads\/2016\/07\/aruan2.jpg?resize=96%2C96&amp;ssl=1 96w, https:\/\/i0.wp.com\/www.jazzzeitung.de\/cms\/wp-content\/uploads\/2016\/07\/aruan2.jpg?resize=24%2C24&amp;ssl=1 24w, https:\/\/i0.wp.com\/www.jazzzeitung.de\/cms\/wp-content\/uploads\/2016\/07\/aruan2.jpg?resize=36%2C36&amp;ssl=1 36w, https:\/\/i0.wp.com\/www.jazzzeitung.de\/cms\/wp-content\/uploads\/2016\/07\/aruan2.jpg?resize=48%2C48&amp;ssl=1 48w, https:\/\/i0.wp.com\/www.jazzzeitung.de\/cms\/wp-content\/uploads\/2016\/07\/aruan2.jpg?resize=64%2C64&amp;ssl=1 64w, https:\/\/i0.wp.com\/www.jazzzeitung.de\/cms\/wp-content\/uploads\/2016\/07\/aruan2.jpg?resize=32%2C32&amp;ssl=1 32w, https:\/\/i0.wp.com\/www.jazzzeitung.de\/cms\/wp-content\/uploads\/2016\/07\/aruan2.jpg?resize=50%2C50&amp;ssl=1 50w, https:\/\/i0.wp.com\/www.jazzzeitung.de\/cms\/wp-content\/uploads\/2016\/07\/aruan2.jpg?resize=128%2C128&amp;ssl=1 128w, https:\/\/i0.wp.com\/www.jazzzeitung.de\/cms\/wp-content\/uploads\/2016\/07\/aruan2.jpg?zoom=2&amp;resize=150%2C150&amp;ssl=1 300w, https:\/\/i0.wp.com\/www.jazzzeitung.de\/cms\/wp-content\/uploads\/2016\/07\/aruan2.jpg?zoom=3&amp;resize=150%2C150&amp;ssl=1 450w\" sizes=\"auto, (max-width: 150px) 100vw, 150px\" \/><\/a>Text und Foto: Michael Scheiner &#8211; Bei einem Streifzug durch das Bayerische Jazzweekend kann man einiges erleben. An einigen Stellen, meist \u00dcberg\u00e4ngen zwischen Pl\u00e4tzen und verschiedenen Spielorten hat man als Flaneur auf der einen Seite noch den launigen Dixieland der Berliner \u201eDizzy Birds\u201c im Ohr, w\u00e4hrend einem bereits die d\u00fcster-schweren Klavierkl\u00e4nge des in New York lebenden Kubaners Aru\u00e1n Ortiz in den Geh\u00f6rgang des anderen Ohres kriechen. Dazwischen schnappt man noch einige Takte eines funky Acidjazz-Groove auf, der aus dem Zelt eines Kartenverk\u00e4ufers quillt. Nur wenige Schritte weiter in einem Durchgang dann ein Saxofonsolist mit einem uns\u00e4glichen Popr\u00fchrst\u00fcck, der auch etwas vom gro\u00dfen Aufmerksamkeitskuchen abbekommen will.<\/p>\n<p>Neben der verbreiteten Kategorie der Jazzweekend-Flaneure, die sich drei oder vier St\u00fccke einer Band anh\u00f6ren, w\u00e4hrend des Applaus aufstehen und weiterziehen, gibt es ortsfeste Zuh\u00f6rer. Sie bleiben auf ihrem einmal ergatterten Platz sitzen und h\u00f6ren sich oft mehrere Bands hintereinander an. Im Hof des Thon-Dittmer-Palais er\u00f6ffnete heuer die Schlagzeugerin Eva Klasse mit ihrem Trio \u201eNo Kissing\u201c den Abend. Zusammen mit Alma Neumann am Kontrabass und E-Gitarrist Werner Neumann entfaltete sie einen hybriden Kosmos aus heftig grollenden Klangbrechern, leisen Stimmungen und wie gezirkelt wirkenden schwebenden Soundbildern. Ungew\u00f6hnlich ist nicht nur das weite spannungsreiche Spektrum von wilden, ungehemmten Soundgewittern, die in hohen Wellen durch den Hof schwappen, und innerer Ruhe. Ungew\u00f6hnlich ist auch (noch) ein Trio, das vor einer Musikerin geleitet, aus zwei Frauen und einem Mann besteht. Der Jazz ist lange noch nicht soweit gleichberechtigt, dass eine solche Konstellation selbstverst\u00e4ndlich w\u00e4re. Musikalisch auf jeden Fall ist das Trio mit Klesse, die eigentlich Klasse hei\u00dfen m\u00fcsste und eine ebensolche f\u00fcr sich ist, ein tierisches Erlebnis. Es h\u00e4tte gut und gern den gleichen Zuspruch verdient, wie das nachfolgende Ortiz Trio, bei dem kein Stuhl frei blieb. Die Reizworte \u201ckubanisch\u201c und \u201eTastenzauber\u201c \u2013 von dem der waghalsige Pianist meilenweit entfernt ist \u2013 in den Programmen haben ihre Wirkung offensichtlich aufs Beste entfaltet.<\/p>\n<p>Weg von den musikalisch und rhythmisch komplexen Ereignissen, boten \u201eFisches Brew\u201c und \u201eNote Azure\u201c entspanntes Vergn\u00fcgen auf je eigene Weise. Das junge Regensburger Saxophonquartett \u201eFisches Brew\u201c besteht aus altbekannten Gesichtern, wie dem Holz- und Tubabl\u00e4ser Bertl Wenzl, und den wenig bekannten Musikern Claudia Kr\u00f6ger (as), Franz Schnell (ss) und Baritongroover Markus Heinze. Fast 40 Jahre nach Gr\u00fcndung der ersten reinen Saxofonensembles bringen die vier einen spritzigen Retrosound auf die B\u00fchne, der Wumms und Lust verspr\u00fcht. Arrangements voller Witz, Charme und vor allem \u2013 einer hinrei\u00dfenden Anti-Coolness. Selbiges lie\u00df das M\u00fcnchner Trio \u201eNote Azure\u201c im Brauhaus am Schloss ein wenig vermissen. S\u00e4ngerin Stefanie Tornow, Bernhard Wimmer an der Jazzgitarre und Saxer Christoph Lehner, der auch mal Holzkiste Caj\u00f3n mit Besen trommelte, pflegen ein gepflegtes musikalisches Unterhaltungsprogramm. Ihr Mix aus mit geschmeidiger Stimme gesungener Mackie-Messer-Ballade, brasilianischem Bossa Nova und Jazzstandards wie \u201eFly Me To the Moon\u201c m\u00e4andert ziellos durch die popul\u00e4re Musikgeschichte. Anders gesagt, die sch\u00f6n gesungenen Nummern gehen zum einen Ohr rein, zum andern raus.<\/p>\n<p>Auch bei der Bandleaderin Angela Avetisyan mit ihrem Quartett dauerte es etwas, bis sich etwas im Ohr festzusetzen begann. Die aus Armenien stammende Trompeterin hat in Jekaterinenburg, Freiburg und zuletzt bei Claus Reichstaller in M\u00fcnchen studiert und ihren Master gemacht. Mit ihren drei M\u00e4nnern, Schlagzeuger Shinya Fukumori, Robin Jermer am funky E-Bass und Keyboarder Misha Antonov, spielte sie eigene Songs aus ihrer ersten, \u201eeiner alten CD\u201d, wie sie sich charmant verhaspelte, modernen Jazzstandards und knackigen Rapnummern von Massive Attack und Samy Deluxe. Nach einigen Balladen fragte sie, selbst leicht verunsichert, das eifrig lauschende Publikum. \u201eIst euch nicht langweilig?? Wir haben so viele Balladen geprobt\u2026\u201c. Entschiedene Nein-Rufe bewogen die, nicht nur wegen ihres geschmeidigen und superklaren Spiels angehimmelte Musikerin, doch zu einer schnelleren, sehr funkigen Gangart. Einer feinsinnigen Version von Coltranes \u201eNaima\u201c, bei dem Avetisyans dunkel leuchtende Trompete ein wenig an Chet Baker erinnerte,\u00a0 mischte Keyboarder Antonov zuviel Soundgeblubbere und \u2013blasen ein. Schade. Musikalisch noch unentschieden zwischen Fusion, harten Grooves, Funk und modernem, etwas zu gef\u00e4lligem Jazz, hat die technisch hervorragende Musikerin einige Menge Potential. Damit kann sie irgendwann auch Deutschlands Vorzeigestar Till Br\u00f6nner k\u00fcnstlerisch die Stirn bieten. Nach diesem groovebetonten \u201eSpectacle\u201c legte \u201eTom Tornados Club Edition\u201c noch eine ordentliche Schippe drauf und setzte den Leeren Beutel musikalisch in Brand.<\/p>\n<p><span style=\"border-radius: 2px; text-indent: 20px; width: auto; padding: 0px 4px 0px 0px; text-align: center; font: bold 11px\/20px 'Helvetica Neue',Helvetica,sans-serif; color: #ffffff; background: #bd081c no-repeat scroll 3px 50% \/ 14px 14px; position: absolute; opacity: 1; z-index: 8675309; display: none; cursor: pointer;\">Merken<\/span><\/p>\n<p><span style=\"border-radius: 2px; text-indent: 20px; width: auto; padding: 0px 4px 0px 0px; text-align: center; font: bold 11px\/20px 'Helvetica Neue',Helvetica,sans-serif; color: #ffffff; background: #bd081c  no-repeat scroll 3px 50% \/ 14px 14px; position: absolute; opacity: 1; z-index: 8675309; display: none; cursor: pointer;\">Merken<\/span><\/p>\n","protected":false},"excerpt":{"rendered":"<p>Text und Foto: Michael Scheiner &#8211; Bei einem Streifzug durch das Bayerische Jazzweekend kann man einiges erleben. An einigen Stellen, meist \u00dcberg\u00e4ngen zwischen Pl\u00e4tzen und verschiedenen Spielorten hat man als Flaneur auf der einen Seite noch den launigen Dixieland der Berliner \u201eDizzy Birds\u201c im Ohr, w\u00e4hrend einem bereits die d\u00fcster-schweren Klavierkl\u00e4nge des in New York lebenden Kubaners Aru\u00e1n Ortiz in den Geh\u00f6rgang des anderen Ohres kriechen. Dazwischen schnappt man noch einige Takte eines funky Acidjazz-Groove auf, der aus dem Zelt eines Kartenverk\u00e4ufers quillt. Nur wenige Schritte weiter in einem Durchgang dann ein Saxofonsolist mit einem uns\u00e4glichen Popr\u00fchrst\u00fcck, der auch etwas vom gro\u00dfen Aufmerksamkeitskuchen abbekommen will. Neben der verbreiteten Kategorie der Jazzweekend-Flaneure, die sich drei oder vier St\u00fccke einer Band anh\u00f6ren, w\u00e4hrend des Applaus aufstehen und weiterziehen, gibt es ortsfeste Zuh\u00f6rer. Sie bleiben auf ihrem einmal ergatterten Platz sitzen und h\u00f6ren sich oft mehrere Bands hintereinander an. Im Hof des Thon-Dittmer-Palais er\u00f6ffnete heuer die Schlagzeugerin Eva Klasse mit ihrem Trio \u201eNo Kissing\u201c den Abend. Zusammen mit Alma Neumann am Kontrabass und E-Gitarrist Werner Neumann entfaltete sie einen hybriden Kosmos aus heftig grollenden Klangbrechern, leisen Stimmungen und &hellip;<\/p>\n","protected":false},"author":18,"featured_media":0,"comment_status":"open","ping_status":"closed","sticky":false,"template":"","format":"standard","meta":{"_jetpack_memberships_contains_paid_content":false,"footnotes":"","jetpack_publicize_message":"","jetpack_publicize_feature_enabled":true,"jetpack_social_post_already_shared":false,"jetpack_social_options":{"image_generator_settings":{"template":"highway","default_image_id":0,"font":"","enabled":false},"version":2}},"categories":[1053],"tags":[109,953,119,120,291,387,401,904,549],"coauthors":[695],"class_list":["post-9652","post","type-post","status-publish","format-standard","hentry","category-bericht","tag-cd","tag-chet-baker","tag-claus-reichstaller","tag-club","tag-jazzweekend","tag-michael-scheiner","tag-muenchen","tag-new-york","tag-till-broenner"],"yoast_head":"<!-- This site is optimized with the Yoast SEO plugin v27.4 - https:\/\/yoast.com\/product\/yoast-seo-wordpress\/ -->\n<title>Das Bayerische Jazzweekend - ein Spaziergang - JazzZeitung<\/title>\n<meta name=\"robots\" content=\"index, follow, max-snippet:-1, max-image-preview:large, max-video-preview:-1\" \/>\n<link rel=\"canonical\" href=\"https:\/\/www.jazzzeitung.de\/cms\/2016\/07\/das-bayerische-jazzweekend-ein-spaziergang-teil-1\/\" \/>\n<meta property=\"og:locale\" content=\"de_DE\" \/>\n<meta property=\"og:type\" content=\"article\" \/>\n<meta property=\"og:title\" content=\"Das Bayerische Jazzweekend - ein Spaziergang - JazzZeitung\" \/>\n<meta property=\"og:description\" content=\"Text und Foto: Michael Scheiner &#8211; Bei einem Streifzug durch das Bayerische Jazzweekend kann man einiges erleben. An einigen Stellen, meist \u00dcberg\u00e4ngen zwischen Pl\u00e4tzen und verschiedenen Spielorten hat man als Flaneur auf der einen Seite noch den launigen Dixieland der Berliner \u201eDizzy Birds\u201c im Ohr, w\u00e4hrend einem bereits die d\u00fcster-schweren Klavierkl\u00e4nge des in New York lebenden Kubaners Aru\u00e1n Ortiz in den Geh\u00f6rgang des anderen Ohres kriechen. Dazwischen schnappt man noch einige Takte eines funky Acidjazz-Groove auf, der aus dem Zelt eines Kartenverk\u00e4ufers quillt. Nur wenige Schritte weiter in einem Durchgang dann ein Saxofonsolist mit einem uns\u00e4glichen Popr\u00fchrst\u00fcck, der auch etwas vom gro\u00dfen Aufmerksamkeitskuchen abbekommen will. Neben der verbreiteten Kategorie der Jazzweekend-Flaneure, die sich drei oder vier St\u00fccke einer Band anh\u00f6ren, w\u00e4hrend des Applaus aufstehen und weiterziehen, gibt es ortsfeste Zuh\u00f6rer. Sie bleiben auf ihrem einmal ergatterten Platz sitzen und h\u00f6ren sich oft mehrere Bands hintereinander an. Im Hof des Thon-Dittmer-Palais er\u00f6ffnete heuer die Schlagzeugerin Eva Klasse mit ihrem Trio \u201eNo Kissing\u201c den Abend. Zusammen mit Alma Neumann am Kontrabass und E-Gitarrist Werner Neumann entfaltete sie einen hybriden Kosmos aus heftig grollenden Klangbrechern, leisen Stimmungen und &hellip;\" \/>\n<meta property=\"og:url\" content=\"https:\/\/www.jazzzeitung.de\/cms\/2016\/07\/das-bayerische-jazzweekend-ein-spaziergang-teil-1\/\" \/>\n<meta property=\"og:site_name\" content=\"JazzZeitung\" \/>\n<meta property=\"article:publisher\" content=\"https:\/\/www.facebook.com\/JazzZeitung\/\" \/>\n<meta property=\"article:published_time\" content=\"2016-07-13T11:37:51+00:00\" \/>\n<meta property=\"article:modified_time\" content=\"2016-07-15T11:22:42+00:00\" \/>\n<meta property=\"og:image\" content=\"http:\/\/www.jazzzeitung.de\/cms\/wp-content\/uploads\/2016\/07\/aruan2-150x150.jpg\" \/>\n<meta name=\"author\" content=\"Redaktion JazzZeitung\" \/>\n<script type=\"application\/ld+json\" class=\"yoast-schema-graph\">{\"@context\":\"https:\\\/\\\/schema.org\",\"@graph\":[{\"@type\":\"Article\",\"@id\":\"https:\\\/\\\/www.jazzzeitung.de\\\/cms\\\/2016\\\/07\\\/das-bayerische-jazzweekend-ein-spaziergang-teil-1\\\/#article\",\"isPartOf\":{\"@id\":\"https:\\\/\\\/www.jazzzeitung.de\\\/cms\\\/2016\\\/07\\\/das-bayerische-jazzweekend-ein-spaziergang-teil-1\\\/\"},\"author\":{\"name\":\"Redaktion JazzZeitung\",\"@id\":\"https:\\\/\\\/www.jazzzeitung.de\\\/cms\\\/#\\\/schema\\\/person\\\/2245b36b9cd1d24cea10f01c031fb92b\"},\"headline\":\"Das Bayerische Jazzweekend &#8211; ein Spaziergang\",\"datePublished\":\"2016-07-13T11:37:51+00:00\",\"dateModified\":\"2016-07-15T11:22:42+00:00\",\"mainEntityOfPage\":{\"@id\":\"https:\\\/\\\/www.jazzzeitung.de\\\/cms\\\/2016\\\/07\\\/das-bayerische-jazzweekend-ein-spaziergang-teil-1\\\/\"},\"wordCount\":734,\"commentCount\":0,\"publisher\":{\"@id\":\"https:\\\/\\\/www.jazzzeitung.de\\\/cms\\\/#organization\"},\"image\":{\"@id\":\"https:\\\/\\\/www.jazzzeitung.de\\\/cms\\\/2016\\\/07\\\/das-bayerische-jazzweekend-ein-spaziergang-teil-1\\\/#primaryimage\"},\"thumbnailUrl\":\"http:\\\/\\\/www.jazzzeitung.de\\\/cms\\\/wp-content\\\/uploads\\\/2016\\\/07\\\/aruan2-150x150.jpg\",\"keywords\":[\"CD\",\"Chet Baker\",\"Claus Reichstaller\",\"Club\",\"Jazzweekend\",\"Michael Scheiner\",\"M\u00fcnchen\",\"New York\",\"Till Br\u00f6nner\"],\"articleSection\":[\"Bericht\"],\"inLanguage\":\"de\",\"potentialAction\":[{\"@type\":\"CommentAction\",\"name\":\"Comment\",\"target\":[\"https:\\\/\\\/www.jazzzeitung.de\\\/cms\\\/2016\\\/07\\\/das-bayerische-jazzweekend-ein-spaziergang-teil-1\\\/#respond\"]}]},{\"@type\":\"WebPage\",\"@id\":\"https:\\\/\\\/www.jazzzeitung.de\\\/cms\\\/2016\\\/07\\\/das-bayerische-jazzweekend-ein-spaziergang-teil-1\\\/\",\"url\":\"https:\\\/\\\/www.jazzzeitung.de\\\/cms\\\/2016\\\/07\\\/das-bayerische-jazzweekend-ein-spaziergang-teil-1\\\/\",\"name\":\"Das Bayerische Jazzweekend - ein Spaziergang - JazzZeitung\",\"isPartOf\":{\"@id\":\"https:\\\/\\\/www.jazzzeitung.de\\\/cms\\\/#website\"},\"primaryImageOfPage\":{\"@id\":\"https:\\\/\\\/www.jazzzeitung.de\\\/cms\\\/2016\\\/07\\\/das-bayerische-jazzweekend-ein-spaziergang-teil-1\\\/#primaryimage\"},\"image\":{\"@id\":\"https:\\\/\\\/www.jazzzeitung.de\\\/cms\\\/2016\\\/07\\\/das-bayerische-jazzweekend-ein-spaziergang-teil-1\\\/#primaryimage\"},\"thumbnailUrl\":\"http:\\\/\\\/www.jazzzeitung.de\\\/cms\\\/wp-content\\\/uploads\\\/2016\\\/07\\\/aruan2-150x150.jpg\",\"datePublished\":\"2016-07-13T11:37:51+00:00\",\"dateModified\":\"2016-07-15T11:22:42+00:00\",\"breadcrumb\":{\"@id\":\"https:\\\/\\\/www.jazzzeitung.de\\\/cms\\\/2016\\\/07\\\/das-bayerische-jazzweekend-ein-spaziergang-teil-1\\\/#breadcrumb\"},\"inLanguage\":\"de\",\"potentialAction\":[{\"@type\":\"ReadAction\",\"target\":[\"https:\\\/\\\/www.jazzzeitung.de\\\/cms\\\/2016\\\/07\\\/das-bayerische-jazzweekend-ein-spaziergang-teil-1\\\/\"]}]},{\"@type\":\"ImageObject\",\"inLanguage\":\"de\",\"@id\":\"https:\\\/\\\/www.jazzzeitung.de\\\/cms\\\/2016\\\/07\\\/das-bayerische-jazzweekend-ein-spaziergang-teil-1\\\/#primaryimage\",\"url\":\"http:\\\/\\\/www.jazzzeitung.de\\\/cms\\\/wp-content\\\/uploads\\\/2016\\\/07\\\/aruan2-150x150.jpg\",\"contentUrl\":\"http:\\\/\\\/www.jazzzeitung.de\\\/cms\\\/wp-content\\\/uploads\\\/2016\\\/07\\\/aruan2-150x150.jpg\"},{\"@type\":\"BreadcrumbList\",\"@id\":\"https:\\\/\\\/www.jazzzeitung.de\\\/cms\\\/2016\\\/07\\\/das-bayerische-jazzweekend-ein-spaziergang-teil-1\\\/#breadcrumb\",\"itemListElement\":[{\"@type\":\"ListItem\",\"position\":1,\"name\":\"Startseite\",\"item\":\"https:\\\/\\\/www.jazzzeitung.de\\\/cms\\\/\"},{\"@type\":\"ListItem\",\"position\":2,\"name\":\"Das Bayerische Jazzweekend &#8211; ein Spaziergang\"}]},{\"@type\":\"WebSite\",\"@id\":\"https:\\\/\\\/www.jazzzeitung.de\\\/cms\\\/#website\",\"url\":\"https:\\\/\\\/www.jazzzeitung.de\\\/cms\\\/\",\"name\":\"JazzZeitung\",\"description\":\"Jazz-News und Jazz-Kontroverses\",\"publisher\":{\"@id\":\"https:\\\/\\\/www.jazzzeitung.de\\\/cms\\\/#organization\"},\"potentialAction\":[{\"@type\":\"SearchAction\",\"target\":{\"@type\":\"EntryPoint\",\"urlTemplate\":\"https:\\\/\\\/www.jazzzeitung.de\\\/cms\\\/?s={search_term_string}\"},\"query-input\":{\"@type\":\"PropertyValueSpecification\",\"valueRequired\":true,\"valueName\":\"search_term_string\"}}],\"inLanguage\":\"de\"},{\"@type\":\"Organization\",\"@id\":\"https:\\\/\\\/www.jazzzeitung.de\\\/cms\\\/#organization\",\"name\":\"JazzZeitung online\",\"url\":\"https:\\\/\\\/www.jazzzeitung.de\\\/cms\\\/\",\"logo\":{\"@type\":\"ImageObject\",\"inLanguage\":\"de\",\"@id\":\"https:\\\/\\\/www.jazzzeitung.de\\\/cms\\\/#\\\/schema\\\/logo\\\/image\\\/\",\"url\":\"https:\\\/\\\/i0.wp.com\\\/www.jazzzeitung.de\\\/cms\\\/wp-content\\\/uploads\\\/2015\\\/08\\\/JAZZZEITUNGDE_Logo_Neu.png?fit=499%2C200&ssl=1\",\"contentUrl\":\"https:\\\/\\\/i0.wp.com\\\/www.jazzzeitung.de\\\/cms\\\/wp-content\\\/uploads\\\/2015\\\/08\\\/JAZZZEITUNGDE_Logo_Neu.png?fit=499%2C200&ssl=1\",\"width\":499,\"height\":200,\"caption\":\"JazzZeitung online\"},\"image\":{\"@id\":\"https:\\\/\\\/www.jazzzeitung.de\\\/cms\\\/#\\\/schema\\\/logo\\\/image\\\/\"},\"sameAs\":[\"https:\\\/\\\/www.facebook.com\\\/JazzZeitung\\\/\"]},{\"@type\":\"Person\",\"@id\":\"https:\\\/\\\/www.jazzzeitung.de\\\/cms\\\/#\\\/schema\\\/person\\\/2245b36b9cd1d24cea10f01c031fb92b\",\"name\":\"Redaktion JazzZeitung\",\"image\":{\"@type\":\"ImageObject\",\"inLanguage\":\"de\",\"@id\":\"https:\\\/\\\/i0.wp.com\\\/www.jazzzeitung.de\\\/cms\\\/wp-content\\\/uploads\\\/2015\\\/08\\\/JAZZZEITUNGDE_Logo_Neu.png?resize=96%2C96&ssl=159975dcacb611b5700bd619b5daf0a7a\",\"url\":\"https:\\\/\\\/i0.wp.com\\\/www.jazzzeitung.de\\\/cms\\\/wp-content\\\/uploads\\\/2015\\\/08\\\/JAZZZEITUNGDE_Logo_Neu.png?resize=96%2C96&ssl=1\",\"contentUrl\":\"https:\\\/\\\/i0.wp.com\\\/www.jazzzeitung.de\\\/cms\\\/wp-content\\\/uploads\\\/2015\\\/08\\\/JAZZZEITUNGDE_Logo_Neu.png?resize=96%2C96&ssl=1\",\"caption\":\"Redaktion JazzZeitung\"},\"description\":\"Artikel der Redaktion der JazzZeitung.\",\"sameAs\":[\"http:\\\/\\\/www.jazzzeitung.de\\\/cms\\\/\"],\"url\":\"https:\\\/\\\/www.jazzzeitung.de\\\/cms\\\/author\\\/redaktion\\\/\"}]}<\/script>\n<!-- \/ Yoast SEO plugin. -->","yoast_head_json":{"title":"Das Bayerische Jazzweekend - ein Spaziergang - JazzZeitung","robots":{"index":"index","follow":"follow","max-snippet":"max-snippet:-1","max-image-preview":"max-image-preview:large","max-video-preview":"max-video-preview:-1"},"canonical":"https:\/\/www.jazzzeitung.de\/cms\/2016\/07\/das-bayerische-jazzweekend-ein-spaziergang-teil-1\/","og_locale":"de_DE","og_type":"article","og_title":"Das Bayerische Jazzweekend - ein Spaziergang - JazzZeitung","og_description":"Text und Foto: Michael Scheiner &#8211; Bei einem Streifzug durch das Bayerische Jazzweekend kann man einiges erleben. An einigen Stellen, meist \u00dcberg\u00e4ngen zwischen Pl\u00e4tzen und verschiedenen Spielorten hat man als Flaneur auf der einen Seite noch den launigen Dixieland der Berliner \u201eDizzy Birds\u201c im Ohr, w\u00e4hrend einem bereits die d\u00fcster-schweren Klavierkl\u00e4nge des in New York lebenden Kubaners Aru\u00e1n Ortiz in den Geh\u00f6rgang des anderen Ohres kriechen. Dazwischen schnappt man noch einige Takte eines funky Acidjazz-Groove auf, der aus dem Zelt eines Kartenverk\u00e4ufers quillt. Nur wenige Schritte weiter in einem Durchgang dann ein Saxofonsolist mit einem uns\u00e4glichen Popr\u00fchrst\u00fcck, der auch etwas vom gro\u00dfen Aufmerksamkeitskuchen abbekommen will. Neben der verbreiteten Kategorie der Jazzweekend-Flaneure, die sich drei oder vier St\u00fccke einer Band anh\u00f6ren, w\u00e4hrend des Applaus aufstehen und weiterziehen, gibt es ortsfeste Zuh\u00f6rer. Sie bleiben auf ihrem einmal ergatterten Platz sitzen und h\u00f6ren sich oft mehrere Bands hintereinander an. Im Hof des Thon-Dittmer-Palais er\u00f6ffnete heuer die Schlagzeugerin Eva Klasse mit ihrem Trio \u201eNo Kissing\u201c den Abend. Zusammen mit Alma Neumann am Kontrabass und E-Gitarrist Werner Neumann entfaltete sie einen hybriden Kosmos aus heftig grollenden Klangbrechern, leisen Stimmungen und &hellip;","og_url":"https:\/\/www.jazzzeitung.de\/cms\/2016\/07\/das-bayerische-jazzweekend-ein-spaziergang-teil-1\/","og_site_name":"JazzZeitung","article_publisher":"https:\/\/www.facebook.com\/JazzZeitung\/","article_published_time":"2016-07-13T11:37:51+00:00","article_modified_time":"2016-07-15T11:22:42+00:00","og_image":[{"url":"http:\/\/www.jazzzeitung.de\/cms\/wp-content\/uploads\/2016\/07\/aruan2-150x150.jpg","type":"","width":"","height":""}],"author":"Redaktion JazzZeitung","schema":{"@context":"https:\/\/schema.org","@graph":[{"@type":"Article","@id":"https:\/\/www.jazzzeitung.de\/cms\/2016\/07\/das-bayerische-jazzweekend-ein-spaziergang-teil-1\/#article","isPartOf":{"@id":"https:\/\/www.jazzzeitung.de\/cms\/2016\/07\/das-bayerische-jazzweekend-ein-spaziergang-teil-1\/"},"author":{"name":"Redaktion JazzZeitung","@id":"https:\/\/www.jazzzeitung.de\/cms\/#\/schema\/person\/2245b36b9cd1d24cea10f01c031fb92b"},"headline":"Das Bayerische Jazzweekend &#8211; ein Spaziergang","datePublished":"2016-07-13T11:37:51+00:00","dateModified":"2016-07-15T11:22:42+00:00","mainEntityOfPage":{"@id":"https:\/\/www.jazzzeitung.de\/cms\/2016\/07\/das-bayerische-jazzweekend-ein-spaziergang-teil-1\/"},"wordCount":734,"commentCount":0,"publisher":{"@id":"https:\/\/www.jazzzeitung.de\/cms\/#organization"},"image":{"@id":"https:\/\/www.jazzzeitung.de\/cms\/2016\/07\/das-bayerische-jazzweekend-ein-spaziergang-teil-1\/#primaryimage"},"thumbnailUrl":"http:\/\/www.jazzzeitung.de\/cms\/wp-content\/uploads\/2016\/07\/aruan2-150x150.jpg","keywords":["CD","Chet Baker","Claus Reichstaller","Club","Jazzweekend","Michael Scheiner","M\u00fcnchen","New York","Till Br\u00f6nner"],"articleSection":["Bericht"],"inLanguage":"de","potentialAction":[{"@type":"CommentAction","name":"Comment","target":["https:\/\/www.jazzzeitung.de\/cms\/2016\/07\/das-bayerische-jazzweekend-ein-spaziergang-teil-1\/#respond"]}]},{"@type":"WebPage","@id":"https:\/\/www.jazzzeitung.de\/cms\/2016\/07\/das-bayerische-jazzweekend-ein-spaziergang-teil-1\/","url":"https:\/\/www.jazzzeitung.de\/cms\/2016\/07\/das-bayerische-jazzweekend-ein-spaziergang-teil-1\/","name":"Das Bayerische Jazzweekend - ein Spaziergang - JazzZeitung","isPartOf":{"@id":"https:\/\/www.jazzzeitung.de\/cms\/#website"},"primaryImageOfPage":{"@id":"https:\/\/www.jazzzeitung.de\/cms\/2016\/07\/das-bayerische-jazzweekend-ein-spaziergang-teil-1\/#primaryimage"},"image":{"@id":"https:\/\/www.jazzzeitung.de\/cms\/2016\/07\/das-bayerische-jazzweekend-ein-spaziergang-teil-1\/#primaryimage"},"thumbnailUrl":"http:\/\/www.jazzzeitung.de\/cms\/wp-content\/uploads\/2016\/07\/aruan2-150x150.jpg","datePublished":"2016-07-13T11:37:51+00:00","dateModified":"2016-07-15T11:22:42+00:00","breadcrumb":{"@id":"https:\/\/www.jazzzeitung.de\/cms\/2016\/07\/das-bayerische-jazzweekend-ein-spaziergang-teil-1\/#breadcrumb"},"inLanguage":"de","potentialAction":[{"@type":"ReadAction","target":["https:\/\/www.jazzzeitung.de\/cms\/2016\/07\/das-bayerische-jazzweekend-ein-spaziergang-teil-1\/"]}]},{"@type":"ImageObject","inLanguage":"de","@id":"https:\/\/www.jazzzeitung.de\/cms\/2016\/07\/das-bayerische-jazzweekend-ein-spaziergang-teil-1\/#primaryimage","url":"http:\/\/www.jazzzeitung.de\/cms\/wp-content\/uploads\/2016\/07\/aruan2-150x150.jpg","contentUrl":"http:\/\/www.jazzzeitung.de\/cms\/wp-content\/uploads\/2016\/07\/aruan2-150x150.jpg"},{"@type":"BreadcrumbList","@id":"https:\/\/www.jazzzeitung.de\/cms\/2016\/07\/das-bayerische-jazzweekend-ein-spaziergang-teil-1\/#breadcrumb","itemListElement":[{"@type":"ListItem","position":1,"name":"Startseite","item":"https:\/\/www.jazzzeitung.de\/cms\/"},{"@type":"ListItem","position":2,"name":"Das Bayerische Jazzweekend &#8211; ein Spaziergang"}]},{"@type":"WebSite","@id":"https:\/\/www.jazzzeitung.de\/cms\/#website","url":"https:\/\/www.jazzzeitung.de\/cms\/","name":"JazzZeitung","description":"Jazz-News und Jazz-Kontroverses","publisher":{"@id":"https:\/\/www.jazzzeitung.de\/cms\/#organization"},"potentialAction":[{"@type":"SearchAction","target":{"@type":"EntryPoint","urlTemplate":"https:\/\/www.jazzzeitung.de\/cms\/?s={search_term_string}"},"query-input":{"@type":"PropertyValueSpecification","valueRequired":true,"valueName":"search_term_string"}}],"inLanguage":"de"},{"@type":"Organization","@id":"https:\/\/www.jazzzeitung.de\/cms\/#organization","name":"JazzZeitung online","url":"https:\/\/www.jazzzeitung.de\/cms\/","logo":{"@type":"ImageObject","inLanguage":"de","@id":"https:\/\/www.jazzzeitung.de\/cms\/#\/schema\/logo\/image\/","url":"https:\/\/i0.wp.com\/www.jazzzeitung.de\/cms\/wp-content\/uploads\/2015\/08\/JAZZZEITUNGDE_Logo_Neu.png?fit=499%2C200&ssl=1","contentUrl":"https:\/\/i0.wp.com\/www.jazzzeitung.de\/cms\/wp-content\/uploads\/2015\/08\/JAZZZEITUNGDE_Logo_Neu.png?fit=499%2C200&ssl=1","width":499,"height":200,"caption":"JazzZeitung online"},"image":{"@id":"https:\/\/www.jazzzeitung.de\/cms\/#\/schema\/logo\/image\/"},"sameAs":["https:\/\/www.facebook.com\/JazzZeitung\/"]},{"@type":"Person","@id":"https:\/\/www.jazzzeitung.de\/cms\/#\/schema\/person\/2245b36b9cd1d24cea10f01c031fb92b","name":"Redaktion JazzZeitung","image":{"@type":"ImageObject","inLanguage":"de","@id":"https:\/\/i0.wp.com\/www.jazzzeitung.de\/cms\/wp-content\/uploads\/2015\/08\/JAZZZEITUNGDE_Logo_Neu.png?resize=96%2C96&ssl=159975dcacb611b5700bd619b5daf0a7a","url":"https:\/\/i0.wp.com\/www.jazzzeitung.de\/cms\/wp-content\/uploads\/2015\/08\/JAZZZEITUNGDE_Logo_Neu.png?resize=96%2C96&ssl=1","contentUrl":"https:\/\/i0.wp.com\/www.jazzzeitung.de\/cms\/wp-content\/uploads\/2015\/08\/JAZZZEITUNGDE_Logo_Neu.png?resize=96%2C96&ssl=1","caption":"Redaktion JazzZeitung"},"description":"Artikel der Redaktion der JazzZeitung.","sameAs":["http:\/\/www.jazzzeitung.de\/cms\/"],"url":"https:\/\/www.jazzzeitung.de\/cms\/author\/redaktion\/"}]}},"wp-worthy-pixel":{"ignored":false,"public":null,"server":null,"url":null},"wp-worthy-type":"normal","jetpack_publicize_connections":[],"cc_featured_image_caption":{"caption_text":false,"source_text":false,"source_url":false},"jetpack_featured_media_url":"","jetpack_shortlink":"https:\/\/wp.me\/p3KEcT-2vG","jetpack-related-posts":[{"id":12914,"url":"https:\/\/www.jazzzeitung.de\/cms\/2017\/07\/bildergalerie-das-bayerische-jazzweekend-2017\/","url_meta":{"origin":9652,"position":0},"title":"Bildergalerie: das Bayerische Jazzweekend 2017","author":"Redaktion JazzZeitung","date":"10. Juli 2017","format":false,"excerpt":"Vergangenes Wochenende erlebte Regensburg die 36. Ausgabe seines legend\u00e4ren Festivals Bayerisches Jazzweekend. Etwa 100 Bands bespielten den historischen Kern der Stadt mit Dixieland, Blues, Swing, Modern und Free Jazz. Die Fotografin Petra Basche lie\u00df sich von der widrigen Witterung nicht abschrecken, sondern von dem lebendigen Treiben auf den diversen\u00a0 B\u00fchnen\u2026","rel":"","context":"In &quot;Galerie&quot;","block_context":{"text":"Galerie","link":"https:\/\/www.jazzzeitung.de\/cms\/thema\/galerie\/"},"img":{"alt_text":"Gourmet-Drummer Max Andrzjewski. Foto: Petra Basche","src":"https:\/\/i0.wp.com\/www.jazzzeitung.de\/cms\/wp-content\/uploads\/2017\/07\/Jazzweekend_Regensburg_2017_Max-Andrz.Huette20170017.jpg?fit=1200%2C800&ssl=1&resize=350%2C200","width":350,"height":200,"srcset":"https:\/\/i0.wp.com\/www.jazzzeitung.de\/cms\/wp-content\/uploads\/2017\/07\/Jazzweekend_Regensburg_2017_Max-Andrz.Huette20170017.jpg?fit=1200%2C800&ssl=1&resize=350%2C200 1x, https:\/\/i0.wp.com\/www.jazzzeitung.de\/cms\/wp-content\/uploads\/2017\/07\/Jazzweekend_Regensburg_2017_Max-Andrz.Huette20170017.jpg?fit=1200%2C800&ssl=1&resize=525%2C300 1.5x, https:\/\/i0.wp.com\/www.jazzzeitung.de\/cms\/wp-content\/uploads\/2017\/07\/Jazzweekend_Regensburg_2017_Max-Andrz.Huette20170017.jpg?fit=1200%2C800&ssl=1&resize=700%2C400 2x, https:\/\/i0.wp.com\/www.jazzzeitung.de\/cms\/wp-content\/uploads\/2017\/07\/Jazzweekend_Regensburg_2017_Max-Andrz.Huette20170017.jpg?fit=1200%2C800&ssl=1&resize=1050%2C600 3x"},"classes":[]},{"id":16706,"url":"https:\/\/www.jazzzeitung.de\/cms\/2018\/07\/multikulturelle-atmosphaere-das-bayerische-jazzweekend-2018\/","url_meta":{"origin":9652,"position":1},"title":"Multikulturelle Atmosph\u00e4re: das Bayerische Jazzweekend 2018","author":"Michael Scheiner","date":"25. Juli 2018","format":false,"excerpt":"Ein Streifzug von Michael Scheiner (Text und Fotos) - Je genauer man hinschaut, desto l\u00e4nger wird die K\u00fcste eines Landes. Dieses Ph\u00e4nomen wendet das europ\u00e4ische Kollektiv \u201eCoastline Paradox 5\u201c um die beiden Bl\u00e4ser Richard K\u00f6ster (tp) und Damian Dalla Torre (ts, bcl) in einer Mischung aus langen Spannungsb\u00f6gen und subtilen,\u2026","rel":"","context":"In &quot;Bericht&quot;","block_context":{"text":"Bericht","link":"https:\/\/www.jazzzeitung.de\/cms\/thema\/bericht\/"},"img":{"alt_text":"","src":"https:\/\/i0.wp.com\/www.jazzzeitung.de\/cms\/wp-content\/uploads\/2018\/07\/Asgarian-Rouzbeh-band_082.jpg?fit=450%2C294&ssl=1&resize=350%2C200","width":350,"height":200},"classes":[]},{"id":690,"url":"https:\/\/www.jazzzeitung.de\/cms\/2011\/01\/ende-einer-aera-richard-wiedamann-gestorben\/","url_meta":{"origin":9652,"position":2},"title":"Ende einer \u00c4ra: Richard Wiedamann gestorben","author":"J\u00f6rg Lichtinger","date":"7. Januar 2011","format":false,"excerpt":"Wie das Bayerische Jazzinstitut gestern auf seiner Website meldete, ist der Gr\u00fcnder und langj\u00e4hrige Leiter des Instituts Richard Wiedamann am 6. Januar 2011 verstorben. Sein Tod bedeutet das Ende einer \u00c4ra, denn vieles, was den Jazz in Regensburg und Bayern betrifft, geht auf Wiedamanns Bem\u00fchungen zur\u00fcck. Als Leiter der St\u00e4dtischen\u2026","rel":"","context":"In &quot;Blog&quot;","block_context":{"text":"Blog","link":"https:\/\/www.jazzzeitung.de\/cms\/thema\/blog\/"},"img":{"alt_text":"Wiedamann im Jahr 2001. Foto: Michael Scheiner","src":"https:\/\/i0.wp.com\/www.jazzzeitung.de\/cms\/wp-content\/uploads\/2011\/01\/WiedamannR-507-3-300x228.jpg?resize=350%2C200","width":350,"height":200},"classes":[]},{"id":32827,"url":"https:\/\/www.jazzzeitung.de\/cms\/2025\/07\/ein-rundgang-ueber-das-44-bayerische-jazzweekend-in-regensburg\/","url_meta":{"origin":9652,"position":3},"title":"Ein Rundgang \u00fcber das 44. Bayerische Jazzweekend in Regensburg","author":"Redaktion JazzZeitung","date":"17. Juli 2025","format":false,"excerpt":"Rund 90.000 Musikbegeisterte lauschten vom 10. bis 13. Juli 2025 vier Tage lang den vielseitigen Spielarten des Jazz. An 14 Spielorten in Regensburg und weiteren 5 Spielorten in Kallm\u00fcnz erlebte das tanzfreudige, kritische und begeisterungsf\u00e4hige Publikum rund 110 unterschiedliche Formationen und deren Konzerte. International gefragte Gr\u00f6\u00dfen des Jazz trafen beim\u2026","rel":"","context":"In &quot;Galerie&quot;","block_context":{"text":"Galerie","link":"https:\/\/www.jazzzeitung.de\/cms\/thema\/galerie\/"},"img":{"alt_text":"","src":"https:\/\/i0.wp.com\/www.jazzzeitung.de\/cms\/wp-content\/uploads\/2025\/07\/SiEA-Antonia-Dering-c-JM-Koch.jpg?fit=1200%2C900&ssl=1&resize=350%2C200","width":350,"height":200,"srcset":"https:\/\/i0.wp.com\/www.jazzzeitung.de\/cms\/wp-content\/uploads\/2025\/07\/SiEA-Antonia-Dering-c-JM-Koch.jpg?fit=1200%2C900&ssl=1&resize=350%2C200 1x, https:\/\/i0.wp.com\/www.jazzzeitung.de\/cms\/wp-content\/uploads\/2025\/07\/SiEA-Antonia-Dering-c-JM-Koch.jpg?fit=1200%2C900&ssl=1&resize=525%2C300 1.5x, https:\/\/i0.wp.com\/www.jazzzeitung.de\/cms\/wp-content\/uploads\/2025\/07\/SiEA-Antonia-Dering-c-JM-Koch.jpg?fit=1200%2C900&ssl=1&resize=700%2C400 2x, https:\/\/i0.wp.com\/www.jazzzeitung.de\/cms\/wp-content\/uploads\/2025\/07\/SiEA-Antonia-Dering-c-JM-Koch.jpg?fit=1200%2C900&ssl=1&resize=1050%2C600 3x"},"classes":[]},{"id":29821,"url":"https:\/\/www.jazzzeitung.de\/cms\/2023\/07\/feuerwerk-an-energie-groove-und-modern-das-regensburger-jazzweekend-2023\/","url_meta":{"origin":9652,"position":4},"title":"Feuerwerk an Energie, Groove und Modern: das Regensburger Jazzweekend 2023","author":"Michael Scheiner","date":"20. Juli 2023","format":false,"excerpt":"Vier Tage dauerte das Regensburger Jazzweekend vom 13. bis zum 16. Juli 2023: \u00dcber 100 Bands spielten in mehr als 30 Locations. Auch im 42. Jahrgang war die ganze Stadt wieder einmal voller Jazzmusik und trotz tropischer Temperaturen voller neugieriger und musikgenusss\u00fcchtiger Menschen. Michael Scheiner berichtet vom Jazzweekend-Auftakt auf der\u2026","rel":"","context":"In &quot;Bericht&quot;","block_context":{"text":"Bericht","link":"https:\/\/www.jazzzeitung.de\/cms\/thema\/bericht\/"},"img":{"alt_text":"","src":"https:\/\/i0.wp.com\/www.jazzzeitung.de\/cms\/wp-content\/uploads\/2023\/07\/lobo-marco_309.jpg?fit=1200%2C800&ssl=1&resize=350%2C200","width":350,"height":200,"srcset":"https:\/\/i0.wp.com\/www.jazzzeitung.de\/cms\/wp-content\/uploads\/2023\/07\/lobo-marco_309.jpg?fit=1200%2C800&ssl=1&resize=350%2C200 1x, https:\/\/i0.wp.com\/www.jazzzeitung.de\/cms\/wp-content\/uploads\/2023\/07\/lobo-marco_309.jpg?fit=1200%2C800&ssl=1&resize=525%2C300 1.5x, https:\/\/i0.wp.com\/www.jazzzeitung.de\/cms\/wp-content\/uploads\/2023\/07\/lobo-marco_309.jpg?fit=1200%2C800&ssl=1&resize=700%2C400 2x, https:\/\/i0.wp.com\/www.jazzzeitung.de\/cms\/wp-content\/uploads\/2023\/07\/lobo-marco_309.jpg?fit=1200%2C800&ssl=1&resize=1050%2C600 3x"},"classes":[]},{"id":29554,"url":"https:\/\/www.jazzzeitung.de\/cms\/2023\/06\/regensburg-praesentiert-das-programm-fuer-das-42-bayerische-jazzweekend\/","url_meta":{"origin":9652,"position":5},"title":"Regensburg pr\u00e4sentiert das Programm f\u00fcr das 42. Bayerische Jazzweekend","author":"Redaktion JazzZeitung","date":"9. Juni 2023","format":false,"excerpt":"Das Programm des Jazzweekends 2023 steht fest. Vom 13. bis 16. Juli werden 105 kostenfreie Konzerte von 101 Bands, Combos und Einzelk\u00fcnstlerinnen und -k\u00fcnstlern \u00fcber die B\u00fchnen der Stadt gehen. Das Konzept gibt es seit 42 Jahren, dem seit 2022 wirkenden neuen k\u00fcnstlerischen Leiter, Christian Sommerer, gelingt es wie versprochen,\u2026","rel":"","context":"In &quot;Bericht&quot;","block_context":{"text":"Bericht","link":"https:\/\/www.jazzzeitung.de\/cms\/thema\/bericht\/"},"img":{"alt_text":"","src":"https:\/\/i0.wp.com\/www.jazzzeitung.de\/cms\/wp-content\/uploads\/2023\/06\/Monika-Roscher-Big-Band_Lukas-Diller-scaled.jpg?fit=1200%2C794&ssl=1&resize=350%2C200","width":350,"height":200,"srcset":"https:\/\/i0.wp.com\/www.jazzzeitung.de\/cms\/wp-content\/uploads\/2023\/06\/Monika-Roscher-Big-Band_Lukas-Diller-scaled.jpg?fit=1200%2C794&ssl=1&resize=350%2C200 1x, https:\/\/i0.wp.com\/www.jazzzeitung.de\/cms\/wp-content\/uploads\/2023\/06\/Monika-Roscher-Big-Band_Lukas-Diller-scaled.jpg?fit=1200%2C794&ssl=1&resize=525%2C300 1.5x, https:\/\/i0.wp.com\/www.jazzzeitung.de\/cms\/wp-content\/uploads\/2023\/06\/Monika-Roscher-Big-Band_Lukas-Diller-scaled.jpg?fit=1200%2C794&ssl=1&resize=700%2C400 2x, https:\/\/i0.wp.com\/www.jazzzeitung.de\/cms\/wp-content\/uploads\/2023\/06\/Monika-Roscher-Big-Band_Lukas-Diller-scaled.jpg?fit=1200%2C794&ssl=1&resize=1050%2C600 3x"},"classes":[]}],"jetpack_sharing_enabled":true,"_links":{"self":[{"href":"https:\/\/www.jazzzeitung.de\/cms\/wp-json\/wp\/v2\/posts\/9652","targetHints":{"allow":["GET"]}}],"collection":[{"href":"https:\/\/www.jazzzeitung.de\/cms\/wp-json\/wp\/v2\/posts"}],"about":[{"href":"https:\/\/www.jazzzeitung.de\/cms\/wp-json\/wp\/v2\/types\/post"}],"author":[{"embeddable":true,"href":"https:\/\/www.jazzzeitung.de\/cms\/wp-json\/wp\/v2\/users\/18"}],"replies":[{"embeddable":true,"href":"https:\/\/www.jazzzeitung.de\/cms\/wp-json\/wp\/v2\/comments?post=9652"}],"version-history":[{"count":3,"href":"https:\/\/www.jazzzeitung.de\/cms\/wp-json\/wp\/v2\/posts\/9652\/revisions"}],"predecessor-version":[{"id":9657,"href":"https:\/\/www.jazzzeitung.de\/cms\/wp-json\/wp\/v2\/posts\/9652\/revisions\/9657"}],"wp:attachment":[{"href":"https:\/\/www.jazzzeitung.de\/cms\/wp-json\/wp\/v2\/media?parent=9652"}],"wp:term":[{"taxonomy":"category","embeddable":true,"href":"https:\/\/www.jazzzeitung.de\/cms\/wp-json\/wp\/v2\/categories?post=9652"},{"taxonomy":"post_tag","embeddable":true,"href":"https:\/\/www.jazzzeitung.de\/cms\/wp-json\/wp\/v2\/tags?post=9652"},{"taxonomy":"author","embeddable":true,"href":"https:\/\/www.jazzzeitung.de\/cms\/wp-json\/wp\/v2\/coauthors?post=9652"}],"curies":[{"name":"wp","href":"https:\/\/api.w.org\/{rel}","templated":true}]}}