{"id":9642,"date":"2016-07-11T11:18:32","date_gmt":"2016-07-11T09:18:32","guid":{"rendered":"http:\/\/www.jazzzeitung.de\/cms\/?p=9642"},"modified":"2016-07-11T11:18:32","modified_gmt":"2016-07-11T09:18:32","slug":"balsam-fuer-die-ohren-mgt-muthspiel-grigoryan-towner-der-muenchner-unterfahrt","status":"publish","type":"post","link":"https:\/\/www.jazzzeitung.de\/cms\/2016\/07\/balsam-fuer-die-ohren-mgt-muthspiel-grigoryan-towner-der-muenchner-unterfahrt\/","title":{"rendered":"Balsam f\u00fcr die Ohren! MGT \u2013 Muthspiel &#8211; Grigoryan &#8211; Towner in der M\u00fcnchner Unterfahrt"},"content":{"rendered":"<p><a href=\"https:\/\/i0.wp.com\/www.jazzzeitung.de\/cms\/wp-content\/uploads\/2016\/07\/P1040339-Towner-Foto-TJ-Krebs.jpg\"><img data-recalc-dims=\"1\" loading=\"lazy\" decoding=\"async\" data-attachment-id=\"9646\" data-permalink=\"https:\/\/www.jazzzeitung.de\/cms\/2016\/07\/balsam-fuer-die-ohren-mgt-muthspiel-grigoryan-towner-der-muenchner-unterfahrt\/p1040339-towner-foto-tj-krebs\/\" data-orig-file=\"https:\/\/i0.wp.com\/www.jazzzeitung.de\/cms\/wp-content\/uploads\/2016\/07\/P1040339-Towner-Foto-TJ-Krebs.jpg?fit=1280%2C854&amp;ssl=1\" data-orig-size=\"1280,854\" data-comments-opened=\"1\" data-image-meta=\"{&quot;aperture&quot;:&quot;0&quot;,&quot;credit&quot;:&quot;&quot;,&quot;camera&quot;:&quot;&quot;,&quot;caption&quot;:&quot;&quot;,&quot;created_timestamp&quot;:&quot;0&quot;,&quot;copyright&quot;:&quot;&quot;,&quot;focal_length&quot;:&quot;0&quot;,&quot;iso&quot;:&quot;0&quot;,&quot;shutter_speed&quot;:&quot;0&quot;,&quot;title&quot;:&quot;&quot;,&quot;orientation&quot;:&quot;0&quot;}\" data-image-title=\"P1040339 Towner &amp;#8211; Foto TJ Krebs\" data-image-description=\"\" data-image-caption=\"\" data-large-file=\"https:\/\/i0.wp.com\/www.jazzzeitung.de\/cms\/wp-content\/uploads\/2016\/07\/P1040339-Towner-Foto-TJ-Krebs.jpg?fit=840%2C560&amp;ssl=1\" class=\"alignright size-thumbnail wp-image-9646\" src=\"https:\/\/i0.wp.com\/www.jazzzeitung.de\/cms\/wp-content\/uploads\/2016\/07\/P1040339-Towner-Foto-TJ-Krebs-150x150.jpg?resize=150%2C150\" alt=\"P1040339 Towner - Foto TJ Krebs\" width=\"150\" height=\"150\" srcset=\"https:\/\/i0.wp.com\/www.jazzzeitung.de\/cms\/wp-content\/uploads\/2016\/07\/P1040339-Towner-Foto-TJ-Krebs.jpg?resize=150%2C150&amp;ssl=1 150w, https:\/\/i0.wp.com\/www.jazzzeitung.de\/cms\/wp-content\/uploads\/2016\/07\/P1040339-Towner-Foto-TJ-Krebs.jpg?resize=144%2C144&amp;ssl=1 144w, https:\/\/i0.wp.com\/www.jazzzeitung.de\/cms\/wp-content\/uploads\/2016\/07\/P1040339-Towner-Foto-TJ-Krebs.jpg?resize=96%2C96&amp;ssl=1 96w, https:\/\/i0.wp.com\/www.jazzzeitung.de\/cms\/wp-content\/uploads\/2016\/07\/P1040339-Towner-Foto-TJ-Krebs.jpg?resize=24%2C24&amp;ssl=1 24w, https:\/\/i0.wp.com\/www.jazzzeitung.de\/cms\/wp-content\/uploads\/2016\/07\/P1040339-Towner-Foto-TJ-Krebs.jpg?resize=36%2C36&amp;ssl=1 36w, https:\/\/i0.wp.com\/www.jazzzeitung.de\/cms\/wp-content\/uploads\/2016\/07\/P1040339-Towner-Foto-TJ-Krebs.jpg?resize=48%2C48&amp;ssl=1 48w, https:\/\/i0.wp.com\/www.jazzzeitung.de\/cms\/wp-content\/uploads\/2016\/07\/P1040339-Towner-Foto-TJ-Krebs.jpg?resize=64%2C64&amp;ssl=1 64w, https:\/\/i0.wp.com\/www.jazzzeitung.de\/cms\/wp-content\/uploads\/2016\/07\/P1040339-Towner-Foto-TJ-Krebs.jpg?resize=32%2C32&amp;ssl=1 32w, https:\/\/i0.wp.com\/www.jazzzeitung.de\/cms\/wp-content\/uploads\/2016\/07\/P1040339-Towner-Foto-TJ-Krebs.jpg?resize=50%2C50&amp;ssl=1 50w, https:\/\/i0.wp.com\/www.jazzzeitung.de\/cms\/wp-content\/uploads\/2016\/07\/P1040339-Towner-Foto-TJ-Krebs.jpg?resize=128%2C128&amp;ssl=1 128w, https:\/\/i0.wp.com\/www.jazzzeitung.de\/cms\/wp-content\/uploads\/2016\/07\/P1040339-Towner-Foto-TJ-Krebs.jpg?zoom=2&amp;resize=150%2C150&amp;ssl=1 300w, https:\/\/i0.wp.com\/www.jazzzeitung.de\/cms\/wp-content\/uploads\/2016\/07\/P1040339-Towner-Foto-TJ-Krebs.jpg?zoom=3&amp;resize=150%2C150&amp;ssl=1 450w\" sizes=\"auto, (max-width: 150px) 100vw, 150px\" \/><\/a>Ein ganz besonderes Gitarren-Gastspiel fand am Freitag, den 8. Juli in der M\u00fcnchner Unterfahrt statt. Die Gitarristen Wolfgang Muthspiel, Slava Grigoryan und Ralph Towner, kurz MGT, gaben sich die Ehre und verwandelten den Club in ein kammermusikalisches Wohnzimmer. Seit fast einer Dekade spielen die drei nun zusammen. Drei Virtuosen aus drei Kontinenten mit unterschiedlichen Wurzeln musikalisch vereint auf h\u00f6chstem Niveau. Das Publikum konnte zuerst den Musikern und ihrem jeweiligen Stil solo lauschen, bevor dann alle drei gemeinsam die B\u00fchne betraten und ihr unglaublich intensives, individuell aufeinander abgestimmtes Spiel mit eigenen St\u00fccken pr\u00e4sentierten. Man sch\u00e4tzt sich, h\u00f6rt einander zu und gie\u00dft Kompositionen in eine Form, die so nur gemeinsam mit MGT funktioniert. Ein wirklich beeindruckender Trio-Abend!<\/p>\n<div class=\"tiled-gallery type-rectangular tiled-gallery-unresized\" data-original-width=\"840\" data-carousel-extra='{&quot;blog_id&quot;:1,&quot;permalink&quot;:&quot;https:\\\/\\\/www.jazzzeitung.de\\\/cms\\\/2016\\\/07\\\/balsam-fuer-die-ohren-mgt-muthspiel-grigoryan-towner-der-muenchner-unterfahrt\\\/&quot;,&quot;likes_blog_id&quot;:55446655}' itemscope itemtype=\"http:\/\/schema.org\/ImageGallery\" > <div class=\"gallery-row\" style=\"width: 840px; height: 194px;\" data-original-width=\"840\" data-original-height=\"194\" > <div class=\"gallery-group images-1\" style=\"width: 289px; height: 194px;\" data-original-width=\"289\" data-original-height=\"194\" > <div class=\"tiled-gallery-item tiled-gallery-item-large\" itemprop=\"associatedMedia\" itemscope itemtype=\"http:\/\/schema.org\/ImageObject\"> <a href=\"https:\/\/www.jazzzeitung.de\/cms\/2016\/07\/balsam-fuer-die-ohren-mgt-muthspiel-grigoryan-towner-der-muenchner-unterfahrt\/p1040349-m-g-t-foto-tj-krebs\/\" border=\"0\" itemprop=\"url\"> <meta itemprop=\"width\" content=\"285\"> <meta itemprop=\"height\" content=\"190\"> <img decoding=\"async\" class=\"\" data-attachment-id=\"9647\" data-orig-file=\"https:\/\/www.jazzzeitung.de\/cms\/wp-content\/uploads\/2016\/07\/P1040349-M-G-T-Foto-TJ-Krebs.jpg\" data-orig-size=\"1280,853\" data-comments-opened=\"1\" data-image-meta=\"{&quot;aperture&quot;:&quot;0&quot;,&quot;credit&quot;:&quot;&quot;,&quot;camera&quot;:&quot;&quot;,&quot;caption&quot;:&quot;&quot;,&quot;created_timestamp&quot;:&quot;0&quot;,&quot;copyright&quot;:&quot;&quot;,&quot;focal_length&quot;:&quot;0&quot;,&quot;iso&quot;:&quot;0&quot;,&quot;shutter_speed&quot;:&quot;0&quot;,&quot;title&quot;:&quot;&quot;,&quot;orientation&quot;:&quot;0&quot;}\" data-image-title=\"P1040349 M-G-T &amp;#8211; Foto TJ Krebs\" data-image-description=\"\" data-medium-file=\"https:\/\/i0.wp.com\/www.jazzzeitung.de\/cms\/wp-content\/uploads\/2016\/07\/P1040349-M-G-T-Foto-TJ-Krebs.jpg?fit=300%2C200&#038;ssl=1\" data-large-file=\"https:\/\/i0.wp.com\/www.jazzzeitung.de\/cms\/wp-content\/uploads\/2016\/07\/P1040349-M-G-T-Foto-TJ-Krebs.jpg?fit=840%2C560&#038;ssl=1\" src=\"https:\/\/i0.wp.com\/www.jazzzeitung.de\/cms\/wp-content\/uploads\/2016\/07\/P1040349-M-G-T-Foto-TJ-Krebs.jpg?w=285&#038;h=190&#038;ssl=1\" srcset=\"https:\/\/i0.wp.com\/www.jazzzeitung.de\/cms\/wp-content\/uploads\/2016\/07\/P1040349-M-G-T-Foto-TJ-Krebs.jpg?w=1280&amp;ssl=1 1280w, https:\/\/i0.wp.com\/www.jazzzeitung.de\/cms\/wp-content\/uploads\/2016\/07\/P1040349-M-G-T-Foto-TJ-Krebs.jpg?resize=300%2C200&amp;ssl=1 300w, https:\/\/i0.wp.com\/www.jazzzeitung.de\/cms\/wp-content\/uploads\/2016\/07\/P1040349-M-G-T-Foto-TJ-Krebs.jpg?resize=768%2C512&amp;ssl=1 768w, https:\/\/i0.wp.com\/www.jazzzeitung.de\/cms\/wp-content\/uploads\/2016\/07\/P1040349-M-G-T-Foto-TJ-Krebs.jpg?resize=900%2C600&amp;ssl=1 900w\" width=\"285\" height=\"190\" loading=\"lazy\" data-original-width=\"285\" data-original-height=\"190\" itemprop=\"http:\/\/schema.org\/image\" title=\"P1040349 M-G-T - Foto TJ Krebs\" alt=\"P1040349 M-G-T - Foto TJ Krebs\" style=\"width: 285px; height: 190px;\" \/> <\/a> <\/div> <\/div> <!-- close group --> <div class=\"gallery-group images-1\" style=\"width: 289px; height: 194px;\" data-original-width=\"289\" data-original-height=\"194\" > <div class=\"tiled-gallery-item tiled-gallery-item-large\" itemprop=\"associatedMedia\" itemscope itemtype=\"http:\/\/schema.org\/ImageObject\"> <a href=\"https:\/\/www.jazzzeitung.de\/cms\/2016\/07\/balsam-fuer-die-ohren-mgt-muthspiel-grigoryan-towner-der-muenchner-unterfahrt\/p1040258-muthspiel-hand-foto-tj-krebs\/\" border=\"0\" itemprop=\"url\"> <meta itemprop=\"width\" content=\"285\"> <meta itemprop=\"height\" content=\"190\"> <img decoding=\"async\" class=\"\" data-attachment-id=\"9645\" data-orig-file=\"https:\/\/www.jazzzeitung.de\/cms\/wp-content\/uploads\/2016\/07\/P1040258-Muthspiel-Hand-Foto-TJ-Krebs.jpg\" data-orig-size=\"1280,853\" data-comments-opened=\"1\" data-image-meta=\"{&quot;aperture&quot;:&quot;0&quot;,&quot;credit&quot;:&quot;&quot;,&quot;camera&quot;:&quot;&quot;,&quot;caption&quot;:&quot;&quot;,&quot;created_timestamp&quot;:&quot;0&quot;,&quot;copyright&quot;:&quot;&quot;,&quot;focal_length&quot;:&quot;0&quot;,&quot;iso&quot;:&quot;0&quot;,&quot;shutter_speed&quot;:&quot;0&quot;,&quot;title&quot;:&quot;&quot;,&quot;orientation&quot;:&quot;0&quot;}\" data-image-title=\"P1040258 Muthspiel Hand &amp;#8211; Foto TJ Krebs\" data-image-description=\"\" data-medium-file=\"https:\/\/i0.wp.com\/www.jazzzeitung.de\/cms\/wp-content\/uploads\/2016\/07\/P1040258-Muthspiel-Hand-Foto-TJ-Krebs.jpg?fit=300%2C200&#038;ssl=1\" data-large-file=\"https:\/\/i0.wp.com\/www.jazzzeitung.de\/cms\/wp-content\/uploads\/2016\/07\/P1040258-Muthspiel-Hand-Foto-TJ-Krebs.jpg?fit=840%2C560&#038;ssl=1\" src=\"https:\/\/i0.wp.com\/www.jazzzeitung.de\/cms\/wp-content\/uploads\/2016\/07\/P1040258-Muthspiel-Hand-Foto-TJ-Krebs.jpg?w=285&#038;h=190&#038;ssl=1\" srcset=\"https:\/\/i0.wp.com\/www.jazzzeitung.de\/cms\/wp-content\/uploads\/2016\/07\/P1040258-Muthspiel-Hand-Foto-TJ-Krebs.jpg?w=1280&amp;ssl=1 1280w, https:\/\/i0.wp.com\/www.jazzzeitung.de\/cms\/wp-content\/uploads\/2016\/07\/P1040258-Muthspiel-Hand-Foto-TJ-Krebs.jpg?resize=300%2C200&amp;ssl=1 300w, https:\/\/i0.wp.com\/www.jazzzeitung.de\/cms\/wp-content\/uploads\/2016\/07\/P1040258-Muthspiel-Hand-Foto-TJ-Krebs.jpg?resize=768%2C512&amp;ssl=1 768w, https:\/\/i0.wp.com\/www.jazzzeitung.de\/cms\/wp-content\/uploads\/2016\/07\/P1040258-Muthspiel-Hand-Foto-TJ-Krebs.jpg?resize=900%2C600&amp;ssl=1 900w\" width=\"285\" height=\"190\" loading=\"lazy\" data-original-width=\"285\" data-original-height=\"190\" itemprop=\"http:\/\/schema.org\/image\" title=\"P1040258 Muthspiel Hand - Foto TJ Krebs\" alt=\"P1040258 Muthspiel Hand - Foto TJ Krebs\" style=\"width: 285px; height: 190px;\" \/> <\/a> <\/div> <\/div> <!-- close group --> <div class=\"gallery-group images-1\" style=\"width: 131px; height: 194px;\" data-original-width=\"131\" data-original-height=\"194\" > <div class=\"tiled-gallery-item tiled-gallery-item-small\" itemprop=\"associatedMedia\" itemscope itemtype=\"http:\/\/schema.org\/ImageObject\"> <a href=\"https:\/\/www.jazzzeitung.de\/cms\/2016\/07\/balsam-fuer-die-ohren-mgt-muthspiel-grigoryan-towner-der-muenchner-unterfahrt\/p1040256-muthspiel-foto-tj-krebs\/\" border=\"0\" itemprop=\"url\"> <meta itemprop=\"width\" content=\"127\"> <meta itemprop=\"height\" content=\"190\"> <img decoding=\"async\" class=\"\" data-attachment-id=\"9644\" data-orig-file=\"https:\/\/www.jazzzeitung.de\/cms\/wp-content\/uploads\/2016\/07\/P1040256-Muthspiel-Foto-TJ-Krebs.jpg\" data-orig-size=\"683,1024\" data-comments-opened=\"1\" data-image-meta=\"{&quot;aperture&quot;:&quot;0&quot;,&quot;credit&quot;:&quot;&quot;,&quot;camera&quot;:&quot;&quot;,&quot;caption&quot;:&quot;&quot;,&quot;created_timestamp&quot;:&quot;0&quot;,&quot;copyright&quot;:&quot;&quot;,&quot;focal_length&quot;:&quot;0&quot;,&quot;iso&quot;:&quot;0&quot;,&quot;shutter_speed&quot;:&quot;0&quot;,&quot;title&quot;:&quot;&quot;,&quot;orientation&quot;:&quot;0&quot;}\" data-image-title=\"P1040256 Muthspiel &amp;#8211; Foto TJ Krebs\" data-image-description=\"\" data-medium-file=\"https:\/\/i0.wp.com\/www.jazzzeitung.de\/cms\/wp-content\/uploads\/2016\/07\/P1040256-Muthspiel-Foto-TJ-Krebs.jpg?fit=200%2C300&#038;ssl=1\" data-large-file=\"https:\/\/i0.wp.com\/www.jazzzeitung.de\/cms\/wp-content\/uploads\/2016\/07\/P1040256-Muthspiel-Foto-TJ-Krebs.jpg?fit=400%2C600&#038;ssl=1\" src=\"https:\/\/i0.wp.com\/www.jazzzeitung.de\/cms\/wp-content\/uploads\/2016\/07\/P1040256-Muthspiel-Foto-TJ-Krebs.jpg?w=127&#038;h=190&#038;ssl=1\" srcset=\"https:\/\/i0.wp.com\/www.jazzzeitung.de\/cms\/wp-content\/uploads\/2016\/07\/P1040256-Muthspiel-Foto-TJ-Krebs.jpg?w=683&amp;ssl=1 683w, https:\/\/i0.wp.com\/www.jazzzeitung.de\/cms\/wp-content\/uploads\/2016\/07\/P1040256-Muthspiel-Foto-TJ-Krebs.jpg?resize=200%2C300&amp;ssl=1 200w, https:\/\/i0.wp.com\/www.jazzzeitung.de\/cms\/wp-content\/uploads\/2016\/07\/P1040256-Muthspiel-Foto-TJ-Krebs.jpg?resize=400%2C600&amp;ssl=1 400w\" width=\"127\" height=\"190\" loading=\"lazy\" data-original-width=\"127\" data-original-height=\"190\" itemprop=\"http:\/\/schema.org\/image\" title=\"P1040256 Muthspiel - Foto TJ Krebs\" alt=\"P1040256 Muthspiel - Foto TJ Krebs\" style=\"width: 127px; height: 190px;\" \/> <\/a> <\/div> <\/div> <!-- close group --> <div class=\"gallery-group images-1\" style=\"width: 131px; height: 194px;\" data-original-width=\"131\" data-original-height=\"194\" > <div class=\"tiled-gallery-item tiled-gallery-item-small\" itemprop=\"associatedMedia\" itemscope itemtype=\"http:\/\/schema.org\/ImageObject\"> <a href=\"https:\/\/www.jazzzeitung.de\/cms\/2016\/07\/balsam-fuer-die-ohren-mgt-muthspiel-grigoryan-towner-der-muenchner-unterfahrt\/p1040192-grigoryan-foto-tj-krebs\/\" border=\"0\" itemprop=\"url\"> <meta itemprop=\"width\" content=\"127\"> <meta itemprop=\"height\" content=\"190\"> <img decoding=\"async\" class=\"\" data-attachment-id=\"9643\" data-orig-file=\"https:\/\/www.jazzzeitung.de\/cms\/wp-content\/uploads\/2016\/07\/P1040192-Grigoryan-Foto-TJ-Krebs.jpg\" data-orig-size=\"683,1024\" data-comments-opened=\"1\" data-image-meta=\"{&quot;aperture&quot;:&quot;0&quot;,&quot;credit&quot;:&quot;&quot;,&quot;camera&quot;:&quot;&quot;,&quot;caption&quot;:&quot;&quot;,&quot;created_timestamp&quot;:&quot;0&quot;,&quot;copyright&quot;:&quot;&quot;,&quot;focal_length&quot;:&quot;0&quot;,&quot;iso&quot;:&quot;0&quot;,&quot;shutter_speed&quot;:&quot;0&quot;,&quot;title&quot;:&quot;&quot;,&quot;orientation&quot;:&quot;0&quot;}\" data-image-title=\"P1040192 Grigoryan &amp;#8211; Foto TJ Krebs\" data-image-description=\"\" data-medium-file=\"https:\/\/i0.wp.com\/www.jazzzeitung.de\/cms\/wp-content\/uploads\/2016\/07\/P1040192-Grigoryan-Foto-TJ-Krebs.jpg?fit=200%2C300&#038;ssl=1\" data-large-file=\"https:\/\/i0.wp.com\/www.jazzzeitung.de\/cms\/wp-content\/uploads\/2016\/07\/P1040192-Grigoryan-Foto-TJ-Krebs.jpg?fit=400%2C600&#038;ssl=1\" src=\"https:\/\/i0.wp.com\/www.jazzzeitung.de\/cms\/wp-content\/uploads\/2016\/07\/P1040192-Grigoryan-Foto-TJ-Krebs.jpg?w=127&#038;h=190&#038;ssl=1\" srcset=\"https:\/\/i0.wp.com\/www.jazzzeitung.de\/cms\/wp-content\/uploads\/2016\/07\/P1040192-Grigoryan-Foto-TJ-Krebs.jpg?w=683&amp;ssl=1 683w, https:\/\/i0.wp.com\/www.jazzzeitung.de\/cms\/wp-content\/uploads\/2016\/07\/P1040192-Grigoryan-Foto-TJ-Krebs.jpg?resize=200%2C300&amp;ssl=1 200w, https:\/\/i0.wp.com\/www.jazzzeitung.de\/cms\/wp-content\/uploads\/2016\/07\/P1040192-Grigoryan-Foto-TJ-Krebs.jpg?resize=400%2C600&amp;ssl=1 400w\" width=\"127\" height=\"190\" loading=\"lazy\" data-original-width=\"127\" data-original-height=\"190\" itemprop=\"http:\/\/schema.org\/image\" title=\"P1040192 Grigoryan - Foto TJ Krebs\" alt=\"P1040192 Grigoryan - Foto TJ Krebs\" style=\"width: 127px; height: 190px;\" \/> <\/a> <\/div> <\/div> <!-- close group --> <\/div> <!-- close row --> <\/div>\n<p>Text &amp; Fotos: TJ Krebs<\/p>\n","protected":false},"excerpt":{"rendered":"<p>Ein ganz besonderes Gitarren-Gastspiel fand am Freitag, den 8. Juli in der M\u00fcnchner Unterfahrt statt. Die Gitarristen Wolfgang Muthspiel, Slava Grigoryan und Ralph Towner, kurz MGT, gaben sich die Ehre und verwandelten den Club in ein kammermusikalisches Wohnzimmer. Seit fast einer Dekade spielen die drei nun zusammen. Drei Virtuosen aus drei Kontinenten mit unterschiedlichen Wurzeln musikalisch vereint auf h\u00f6chstem Niveau. Das Publikum konnte zuerst den Musikern und ihrem jeweiligen Stil solo lauschen, bevor dann alle drei gemeinsam die B\u00fchne betraten und ihr unglaublich intensives, individuell aufeinander abgestimmtes Spiel mit eigenen St\u00fccken pr\u00e4sentierten. Man sch\u00e4tzt sich, h\u00f6rt einander zu und gie\u00dft Kompositionen in eine Form, die so nur gemeinsam mit MGT funktioniert. Ein wirklich beeindruckender Trio-Abend! Text &amp; Fotos: TJ Krebs<\/p>\n","protected":false},"author":18,"featured_media":0,"comment_status":"open","ping_status":"closed","sticky":false,"template":"","format":"standard","meta":{"_jetpack_memberships_contains_paid_content":false,"footnotes":"","jetpack_publicize_message":"","jetpack_publicize_feature_enabled":true,"jetpack_social_post_already_shared":false,"jetpack_social_options":{"image_generator_settings":{"template":"highway","default_image_id":0,"font":"","enabled":false},"version":2}},"categories":[652],"tags":[120,991,573],"coauthors":[695],"class_list":["post-9642","post","type-post","status-publish","format-standard","hentry","category-galerie","tag-club","tag-muthspiel","tag-unterfahrt"],"yoast_head":"<!-- This site is optimized with the Yoast SEO plugin v27.5 - https:\/\/yoast.com\/product\/yoast-seo-wordpress\/ -->\n<title>Balsam f\u00fcr die Ohren! MGT \u2013 Muthspiel - Grigoryan - Towner in der M\u00fcnchner Unterfahrt - JazzZeitung<\/title>\n<meta name=\"robots\" content=\"index, follow, max-snippet:-1, max-image-preview:large, max-video-preview:-1\" \/>\n<link rel=\"canonical\" href=\"https:\/\/www.jazzzeitung.de\/cms\/2016\/07\/balsam-fuer-die-ohren-mgt-muthspiel-grigoryan-towner-der-muenchner-unterfahrt\/\" \/>\n<meta property=\"og:locale\" content=\"de_DE\" \/>\n<meta property=\"og:type\" content=\"article\" \/>\n<meta property=\"og:title\" content=\"Balsam f\u00fcr die Ohren! MGT \u2013 Muthspiel - Grigoryan - Towner in der M\u00fcnchner Unterfahrt - JazzZeitung\" \/>\n<meta property=\"og:description\" content=\"Ein ganz besonderes Gitarren-Gastspiel fand am Freitag, den 8. Juli in der M\u00fcnchner Unterfahrt statt. Die Gitarristen Wolfgang Muthspiel, Slava Grigoryan und Ralph Towner, kurz MGT, gaben sich die Ehre und verwandelten den Club in ein kammermusikalisches Wohnzimmer. Seit fast einer Dekade spielen die drei nun zusammen. Drei Virtuosen aus drei Kontinenten mit unterschiedlichen Wurzeln musikalisch vereint auf h\u00f6chstem Niveau. Das Publikum konnte zuerst den Musikern und ihrem jeweiligen Stil solo lauschen, bevor dann alle drei gemeinsam die B\u00fchne betraten und ihr unglaublich intensives, individuell aufeinander abgestimmtes Spiel mit eigenen St\u00fccken pr\u00e4sentierten. Man sch\u00e4tzt sich, h\u00f6rt einander zu und gie\u00dft Kompositionen in eine Form, die so nur gemeinsam mit MGT funktioniert. Ein wirklich beeindruckender Trio-Abend! Text &amp; Fotos: TJ Krebs\" \/>\n<meta property=\"og:url\" content=\"https:\/\/www.jazzzeitung.de\/cms\/2016\/07\/balsam-fuer-die-ohren-mgt-muthspiel-grigoryan-towner-der-muenchner-unterfahrt\/\" \/>\n<meta property=\"og:site_name\" content=\"JazzZeitung\" \/>\n<meta property=\"article:publisher\" content=\"https:\/\/www.facebook.com\/JazzZeitung\/\" \/>\n<meta property=\"article:published_time\" content=\"2016-07-11T09:18:32+00:00\" \/>\n<meta property=\"og:image\" content=\"https:\/\/i0.wp.com\/www.jazzzeitung.de\/cms\/wp-content\/uploads\/2016\/07\/P1040349-M-G-T-Foto-TJ-Krebs.jpg?w=285&#038;h=190&#038;ssl=1\" \/>\n<meta name=\"author\" content=\"Redaktion JazzZeitung\" \/>\n<script type=\"application\/ld+json\" class=\"yoast-schema-graph\">{\"@context\":\"https:\\\/\\\/schema.org\",\"@graph\":[{\"@type\":\"Article\",\"@id\":\"https:\\\/\\\/www.jazzzeitung.de\\\/cms\\\/2016\\\/07\\\/balsam-fuer-die-ohren-mgt-muthspiel-grigoryan-towner-der-muenchner-unterfahrt\\\/#article\",\"isPartOf\":{\"@id\":\"https:\\\/\\\/www.jazzzeitung.de\\\/cms\\\/2016\\\/07\\\/balsam-fuer-die-ohren-mgt-muthspiel-grigoryan-towner-der-muenchner-unterfahrt\\\/\"},\"author\":{\"name\":\"Redaktion JazzZeitung\",\"@id\":\"https:\\\/\\\/www.jazzzeitung.de\\\/cms\\\/#\\\/schema\\\/person\\\/2245b36b9cd1d24cea10f01c031fb92b\"},\"headline\":\"Balsam f\u00fcr die Ohren! MGT \u2013 Muthspiel &#8211; Grigoryan &#8211; Towner in der M\u00fcnchner Unterfahrt\",\"datePublished\":\"2016-07-11T09:18:32+00:00\",\"mainEntityOfPage\":{\"@id\":\"https:\\\/\\\/www.jazzzeitung.de\\\/cms\\\/2016\\\/07\\\/balsam-fuer-die-ohren-mgt-muthspiel-grigoryan-towner-der-muenchner-unterfahrt\\\/\"},\"wordCount\":147,\"commentCount\":0,\"publisher\":{\"@id\":\"https:\\\/\\\/www.jazzzeitung.de\\\/cms\\\/#organization\"},\"image\":{\"@id\":\"https:\\\/\\\/www.jazzzeitung.de\\\/cms\\\/2016\\\/07\\\/balsam-fuer-die-ohren-mgt-muthspiel-grigoryan-towner-der-muenchner-unterfahrt\\\/#primaryimage\"},\"thumbnailUrl\":\"http:\\\/\\\/www.jazzzeitung.de\\\/cms\\\/wp-content\\\/uploads\\\/2016\\\/07\\\/P1040339-Towner-Foto-TJ-Krebs-150x150.jpg\",\"keywords\":[\"Club\",\"Muthspiel\",\"Unterfahrt\"],\"articleSection\":[\"Galerie\"],\"inLanguage\":\"de\",\"potentialAction\":[{\"@type\":\"CommentAction\",\"name\":\"Comment\",\"target\":[\"https:\\\/\\\/www.jazzzeitung.de\\\/cms\\\/2016\\\/07\\\/balsam-fuer-die-ohren-mgt-muthspiel-grigoryan-towner-der-muenchner-unterfahrt\\\/#respond\"]}]},{\"@type\":\"WebPage\",\"@id\":\"https:\\\/\\\/www.jazzzeitung.de\\\/cms\\\/2016\\\/07\\\/balsam-fuer-die-ohren-mgt-muthspiel-grigoryan-towner-der-muenchner-unterfahrt\\\/\",\"url\":\"https:\\\/\\\/www.jazzzeitung.de\\\/cms\\\/2016\\\/07\\\/balsam-fuer-die-ohren-mgt-muthspiel-grigoryan-towner-der-muenchner-unterfahrt\\\/\",\"name\":\"Balsam f\u00fcr die Ohren! MGT \u2013 Muthspiel - Grigoryan - Towner in der M\u00fcnchner Unterfahrt - JazzZeitung\",\"isPartOf\":{\"@id\":\"https:\\\/\\\/www.jazzzeitung.de\\\/cms\\\/#website\"},\"primaryImageOfPage\":{\"@id\":\"https:\\\/\\\/www.jazzzeitung.de\\\/cms\\\/2016\\\/07\\\/balsam-fuer-die-ohren-mgt-muthspiel-grigoryan-towner-der-muenchner-unterfahrt\\\/#primaryimage\"},\"image\":{\"@id\":\"https:\\\/\\\/www.jazzzeitung.de\\\/cms\\\/2016\\\/07\\\/balsam-fuer-die-ohren-mgt-muthspiel-grigoryan-towner-der-muenchner-unterfahrt\\\/#primaryimage\"},\"thumbnailUrl\":\"http:\\\/\\\/www.jazzzeitung.de\\\/cms\\\/wp-content\\\/uploads\\\/2016\\\/07\\\/P1040339-Towner-Foto-TJ-Krebs-150x150.jpg\",\"datePublished\":\"2016-07-11T09:18:32+00:00\",\"breadcrumb\":{\"@id\":\"https:\\\/\\\/www.jazzzeitung.de\\\/cms\\\/2016\\\/07\\\/balsam-fuer-die-ohren-mgt-muthspiel-grigoryan-towner-der-muenchner-unterfahrt\\\/#breadcrumb\"},\"inLanguage\":\"de\",\"potentialAction\":[{\"@type\":\"ReadAction\",\"target\":[\"https:\\\/\\\/www.jazzzeitung.de\\\/cms\\\/2016\\\/07\\\/balsam-fuer-die-ohren-mgt-muthspiel-grigoryan-towner-der-muenchner-unterfahrt\\\/\"]}]},{\"@type\":\"ImageObject\",\"inLanguage\":\"de\",\"@id\":\"https:\\\/\\\/www.jazzzeitung.de\\\/cms\\\/2016\\\/07\\\/balsam-fuer-die-ohren-mgt-muthspiel-grigoryan-towner-der-muenchner-unterfahrt\\\/#primaryimage\",\"url\":\"http:\\\/\\\/www.jazzzeitung.de\\\/cms\\\/wp-content\\\/uploads\\\/2016\\\/07\\\/P1040339-Towner-Foto-TJ-Krebs-150x150.jpg\",\"contentUrl\":\"http:\\\/\\\/www.jazzzeitung.de\\\/cms\\\/wp-content\\\/uploads\\\/2016\\\/07\\\/P1040339-Towner-Foto-TJ-Krebs-150x150.jpg\"},{\"@type\":\"BreadcrumbList\",\"@id\":\"https:\\\/\\\/www.jazzzeitung.de\\\/cms\\\/2016\\\/07\\\/balsam-fuer-die-ohren-mgt-muthspiel-grigoryan-towner-der-muenchner-unterfahrt\\\/#breadcrumb\",\"itemListElement\":[{\"@type\":\"ListItem\",\"position\":1,\"name\":\"Startseite\",\"item\":\"https:\\\/\\\/www.jazzzeitung.de\\\/cms\\\/\"},{\"@type\":\"ListItem\",\"position\":2,\"name\":\"Balsam f\u00fcr die Ohren! MGT \u2013 Muthspiel &#8211; Grigoryan &#8211; Towner in der M\u00fcnchner Unterfahrt\"}]},{\"@type\":\"WebSite\",\"@id\":\"https:\\\/\\\/www.jazzzeitung.de\\\/cms\\\/#website\",\"url\":\"https:\\\/\\\/www.jazzzeitung.de\\\/cms\\\/\",\"name\":\"JazzZeitung\",\"description\":\"Jazz-News und Jazz-Kontroverses\",\"publisher\":{\"@id\":\"https:\\\/\\\/www.jazzzeitung.de\\\/cms\\\/#organization\"},\"potentialAction\":[{\"@type\":\"SearchAction\",\"target\":{\"@type\":\"EntryPoint\",\"urlTemplate\":\"https:\\\/\\\/www.jazzzeitung.de\\\/cms\\\/?s={search_term_string}\"},\"query-input\":{\"@type\":\"PropertyValueSpecification\",\"valueRequired\":true,\"valueName\":\"search_term_string\"}}],\"inLanguage\":\"de\"},{\"@type\":\"Organization\",\"@id\":\"https:\\\/\\\/www.jazzzeitung.de\\\/cms\\\/#organization\",\"name\":\"JazzZeitung online\",\"url\":\"https:\\\/\\\/www.jazzzeitung.de\\\/cms\\\/\",\"logo\":{\"@type\":\"ImageObject\",\"inLanguage\":\"de\",\"@id\":\"https:\\\/\\\/www.jazzzeitung.de\\\/cms\\\/#\\\/schema\\\/logo\\\/image\\\/\",\"url\":\"https:\\\/\\\/i0.wp.com\\\/www.jazzzeitung.de\\\/cms\\\/wp-content\\\/uploads\\\/2015\\\/08\\\/JAZZZEITUNGDE_Logo_Neu.png?fit=499%2C200&ssl=1\",\"contentUrl\":\"https:\\\/\\\/i0.wp.com\\\/www.jazzzeitung.de\\\/cms\\\/wp-content\\\/uploads\\\/2015\\\/08\\\/JAZZZEITUNGDE_Logo_Neu.png?fit=499%2C200&ssl=1\",\"width\":499,\"height\":200,\"caption\":\"JazzZeitung online\"},\"image\":{\"@id\":\"https:\\\/\\\/www.jazzzeitung.de\\\/cms\\\/#\\\/schema\\\/logo\\\/image\\\/\"},\"sameAs\":[\"https:\\\/\\\/www.facebook.com\\\/JazzZeitung\\\/\"]},{\"@type\":\"Person\",\"@id\":\"https:\\\/\\\/www.jazzzeitung.de\\\/cms\\\/#\\\/schema\\\/person\\\/2245b36b9cd1d24cea10f01c031fb92b\",\"name\":\"Redaktion JazzZeitung\",\"image\":{\"@type\":\"ImageObject\",\"inLanguage\":\"de\",\"@id\":\"https:\\\/\\\/i0.wp.com\\\/www.jazzzeitung.de\\\/cms\\\/wp-content\\\/uploads\\\/2015\\\/08\\\/JAZZZEITUNGDE_Logo_Neu.png?resize=96%2C96&ssl=159975dcacb611b5700bd619b5daf0a7a\",\"url\":\"https:\\\/\\\/i0.wp.com\\\/www.jazzzeitung.de\\\/cms\\\/wp-content\\\/uploads\\\/2015\\\/08\\\/JAZZZEITUNGDE_Logo_Neu.png?resize=96%2C96&ssl=1\",\"contentUrl\":\"https:\\\/\\\/i0.wp.com\\\/www.jazzzeitung.de\\\/cms\\\/wp-content\\\/uploads\\\/2015\\\/08\\\/JAZZZEITUNGDE_Logo_Neu.png?resize=96%2C96&ssl=1\",\"caption\":\"Redaktion JazzZeitung\"},\"description\":\"Artikel der Redaktion der JazzZeitung.\",\"sameAs\":[\"http:\\\/\\\/www.jazzzeitung.de\\\/cms\\\/\"],\"url\":\"https:\\\/\\\/www.jazzzeitung.de\\\/cms\\\/author\\\/redaktion\\\/\"}]}<\/script>\n<!-- \/ Yoast SEO plugin. -->","yoast_head_json":{"title":"Balsam f\u00fcr die Ohren! MGT \u2013 Muthspiel - Grigoryan - Towner in der M\u00fcnchner Unterfahrt - JazzZeitung","robots":{"index":"index","follow":"follow","max-snippet":"max-snippet:-1","max-image-preview":"max-image-preview:large","max-video-preview":"max-video-preview:-1"},"canonical":"https:\/\/www.jazzzeitung.de\/cms\/2016\/07\/balsam-fuer-die-ohren-mgt-muthspiel-grigoryan-towner-der-muenchner-unterfahrt\/","og_locale":"de_DE","og_type":"article","og_title":"Balsam f\u00fcr die Ohren! MGT \u2013 Muthspiel - Grigoryan - Towner in der M\u00fcnchner Unterfahrt - JazzZeitung","og_description":"Ein ganz besonderes Gitarren-Gastspiel fand am Freitag, den 8. Juli in der M\u00fcnchner Unterfahrt statt. Die Gitarristen Wolfgang Muthspiel, Slava Grigoryan und Ralph Towner, kurz MGT, gaben sich die Ehre und verwandelten den Club in ein kammermusikalisches Wohnzimmer. Seit fast einer Dekade spielen die drei nun zusammen. Drei Virtuosen aus drei Kontinenten mit unterschiedlichen Wurzeln musikalisch vereint auf h\u00f6chstem Niveau. Das Publikum konnte zuerst den Musikern und ihrem jeweiligen Stil solo lauschen, bevor dann alle drei gemeinsam die B\u00fchne betraten und ihr unglaublich intensives, individuell aufeinander abgestimmtes Spiel mit eigenen St\u00fccken pr\u00e4sentierten. Man sch\u00e4tzt sich, h\u00f6rt einander zu und gie\u00dft Kompositionen in eine Form, die so nur gemeinsam mit MGT funktioniert. Ein wirklich beeindruckender Trio-Abend! Text &amp; Fotos: TJ Krebs","og_url":"https:\/\/www.jazzzeitung.de\/cms\/2016\/07\/balsam-fuer-die-ohren-mgt-muthspiel-grigoryan-towner-der-muenchner-unterfahrt\/","og_site_name":"JazzZeitung","article_publisher":"https:\/\/www.facebook.com\/JazzZeitung\/","article_published_time":"2016-07-11T09:18:32+00:00","og_image":[{"url":"https:\/\/i0.wp.com\/www.jazzzeitung.de\/cms\/wp-content\/uploads\/2016\/07\/P1040349-M-G-T-Foto-TJ-Krebs.jpg?w=285&#038;h=190&#038;ssl=1","type":"","width":"","height":""}],"author":"Redaktion JazzZeitung","schema":{"@context":"https:\/\/schema.org","@graph":[{"@type":"Article","@id":"https:\/\/www.jazzzeitung.de\/cms\/2016\/07\/balsam-fuer-die-ohren-mgt-muthspiel-grigoryan-towner-der-muenchner-unterfahrt\/#article","isPartOf":{"@id":"https:\/\/www.jazzzeitung.de\/cms\/2016\/07\/balsam-fuer-die-ohren-mgt-muthspiel-grigoryan-towner-der-muenchner-unterfahrt\/"},"author":{"name":"Redaktion JazzZeitung","@id":"https:\/\/www.jazzzeitung.de\/cms\/#\/schema\/person\/2245b36b9cd1d24cea10f01c031fb92b"},"headline":"Balsam f\u00fcr die Ohren! MGT \u2013 Muthspiel &#8211; Grigoryan &#8211; Towner in der M\u00fcnchner Unterfahrt","datePublished":"2016-07-11T09:18:32+00:00","mainEntityOfPage":{"@id":"https:\/\/www.jazzzeitung.de\/cms\/2016\/07\/balsam-fuer-die-ohren-mgt-muthspiel-grigoryan-towner-der-muenchner-unterfahrt\/"},"wordCount":147,"commentCount":0,"publisher":{"@id":"https:\/\/www.jazzzeitung.de\/cms\/#organization"},"image":{"@id":"https:\/\/www.jazzzeitung.de\/cms\/2016\/07\/balsam-fuer-die-ohren-mgt-muthspiel-grigoryan-towner-der-muenchner-unterfahrt\/#primaryimage"},"thumbnailUrl":"http:\/\/www.jazzzeitung.de\/cms\/wp-content\/uploads\/2016\/07\/P1040339-Towner-Foto-TJ-Krebs-150x150.jpg","keywords":["Club","Muthspiel","Unterfahrt"],"articleSection":["Galerie"],"inLanguage":"de","potentialAction":[{"@type":"CommentAction","name":"Comment","target":["https:\/\/www.jazzzeitung.de\/cms\/2016\/07\/balsam-fuer-die-ohren-mgt-muthspiel-grigoryan-towner-der-muenchner-unterfahrt\/#respond"]}]},{"@type":"WebPage","@id":"https:\/\/www.jazzzeitung.de\/cms\/2016\/07\/balsam-fuer-die-ohren-mgt-muthspiel-grigoryan-towner-der-muenchner-unterfahrt\/","url":"https:\/\/www.jazzzeitung.de\/cms\/2016\/07\/balsam-fuer-die-ohren-mgt-muthspiel-grigoryan-towner-der-muenchner-unterfahrt\/","name":"Balsam f\u00fcr die Ohren! MGT \u2013 Muthspiel - Grigoryan - Towner in der M\u00fcnchner Unterfahrt - JazzZeitung","isPartOf":{"@id":"https:\/\/www.jazzzeitung.de\/cms\/#website"},"primaryImageOfPage":{"@id":"https:\/\/www.jazzzeitung.de\/cms\/2016\/07\/balsam-fuer-die-ohren-mgt-muthspiel-grigoryan-towner-der-muenchner-unterfahrt\/#primaryimage"},"image":{"@id":"https:\/\/www.jazzzeitung.de\/cms\/2016\/07\/balsam-fuer-die-ohren-mgt-muthspiel-grigoryan-towner-der-muenchner-unterfahrt\/#primaryimage"},"thumbnailUrl":"http:\/\/www.jazzzeitung.de\/cms\/wp-content\/uploads\/2016\/07\/P1040339-Towner-Foto-TJ-Krebs-150x150.jpg","datePublished":"2016-07-11T09:18:32+00:00","breadcrumb":{"@id":"https:\/\/www.jazzzeitung.de\/cms\/2016\/07\/balsam-fuer-die-ohren-mgt-muthspiel-grigoryan-towner-der-muenchner-unterfahrt\/#breadcrumb"},"inLanguage":"de","potentialAction":[{"@type":"ReadAction","target":["https:\/\/www.jazzzeitung.de\/cms\/2016\/07\/balsam-fuer-die-ohren-mgt-muthspiel-grigoryan-towner-der-muenchner-unterfahrt\/"]}]},{"@type":"ImageObject","inLanguage":"de","@id":"https:\/\/www.jazzzeitung.de\/cms\/2016\/07\/balsam-fuer-die-ohren-mgt-muthspiel-grigoryan-towner-der-muenchner-unterfahrt\/#primaryimage","url":"http:\/\/www.jazzzeitung.de\/cms\/wp-content\/uploads\/2016\/07\/P1040339-Towner-Foto-TJ-Krebs-150x150.jpg","contentUrl":"http:\/\/www.jazzzeitung.de\/cms\/wp-content\/uploads\/2016\/07\/P1040339-Towner-Foto-TJ-Krebs-150x150.jpg"},{"@type":"BreadcrumbList","@id":"https:\/\/www.jazzzeitung.de\/cms\/2016\/07\/balsam-fuer-die-ohren-mgt-muthspiel-grigoryan-towner-der-muenchner-unterfahrt\/#breadcrumb","itemListElement":[{"@type":"ListItem","position":1,"name":"Startseite","item":"https:\/\/www.jazzzeitung.de\/cms\/"},{"@type":"ListItem","position":2,"name":"Balsam f\u00fcr die Ohren! MGT \u2013 Muthspiel &#8211; Grigoryan &#8211; Towner in der M\u00fcnchner Unterfahrt"}]},{"@type":"WebSite","@id":"https:\/\/www.jazzzeitung.de\/cms\/#website","url":"https:\/\/www.jazzzeitung.de\/cms\/","name":"JazzZeitung","description":"Jazz-News und Jazz-Kontroverses","publisher":{"@id":"https:\/\/www.jazzzeitung.de\/cms\/#organization"},"potentialAction":[{"@type":"SearchAction","target":{"@type":"EntryPoint","urlTemplate":"https:\/\/www.jazzzeitung.de\/cms\/?s={search_term_string}"},"query-input":{"@type":"PropertyValueSpecification","valueRequired":true,"valueName":"search_term_string"}}],"inLanguage":"de"},{"@type":"Organization","@id":"https:\/\/www.jazzzeitung.de\/cms\/#organization","name":"JazzZeitung online","url":"https:\/\/www.jazzzeitung.de\/cms\/","logo":{"@type":"ImageObject","inLanguage":"de","@id":"https:\/\/www.jazzzeitung.de\/cms\/#\/schema\/logo\/image\/","url":"https:\/\/i0.wp.com\/www.jazzzeitung.de\/cms\/wp-content\/uploads\/2015\/08\/JAZZZEITUNGDE_Logo_Neu.png?fit=499%2C200&ssl=1","contentUrl":"https:\/\/i0.wp.com\/www.jazzzeitung.de\/cms\/wp-content\/uploads\/2015\/08\/JAZZZEITUNGDE_Logo_Neu.png?fit=499%2C200&ssl=1","width":499,"height":200,"caption":"JazzZeitung online"},"image":{"@id":"https:\/\/www.jazzzeitung.de\/cms\/#\/schema\/logo\/image\/"},"sameAs":["https:\/\/www.facebook.com\/JazzZeitung\/"]},{"@type":"Person","@id":"https:\/\/www.jazzzeitung.de\/cms\/#\/schema\/person\/2245b36b9cd1d24cea10f01c031fb92b","name":"Redaktion JazzZeitung","image":{"@type":"ImageObject","inLanguage":"de","@id":"https:\/\/i0.wp.com\/www.jazzzeitung.de\/cms\/wp-content\/uploads\/2015\/08\/JAZZZEITUNGDE_Logo_Neu.png?resize=96%2C96&ssl=159975dcacb611b5700bd619b5daf0a7a","url":"https:\/\/i0.wp.com\/www.jazzzeitung.de\/cms\/wp-content\/uploads\/2015\/08\/JAZZZEITUNGDE_Logo_Neu.png?resize=96%2C96&ssl=1","contentUrl":"https:\/\/i0.wp.com\/www.jazzzeitung.de\/cms\/wp-content\/uploads\/2015\/08\/JAZZZEITUNGDE_Logo_Neu.png?resize=96%2C96&ssl=1","caption":"Redaktion JazzZeitung"},"description":"Artikel der Redaktion der JazzZeitung.","sameAs":["http:\/\/www.jazzzeitung.de\/cms\/"],"url":"https:\/\/www.jazzzeitung.de\/cms\/author\/redaktion\/"}]}},"wp-worthy-pixel":{"ignored":false,"public":null,"server":null,"url":null},"wp-worthy-type":"normal","jetpack_publicize_connections":[],"cc_featured_image_caption":{"caption_text":false,"source_text":false,"source_url":false},"jetpack_featured_media_url":"","jetpack_shortlink":"https:\/\/wp.me\/p3KEcT-2vw","jetpack-related-posts":[{"id":5632,"url":"https:\/\/www.jazzzeitung.de\/cms\/2015\/03\/german-jazz-trophy-fuer-ralph-towner\/","url_meta":{"origin":9642,"position":0},"title":"German Jazz Trophy f\u00fcr Ralph Towner","author":"Redaktion JazzZeitung","date":"4. M\u00e4rz 2015","format":false,"excerpt":"Jazzgitarrist und \u201eOregon\u201c-Bandmitglied Ralph Towner erh\u00e4lt f\u00fcr sein musikalisches Lebenswerk die German Jazz Trophy. Der Preis ging 2001 erstmals an Erwin Lehn, Leiter der SDR-Bigband, und wir bis heute j\u00e4hrlich vergeben. Zum Auftakt der jazzopen stuttgart \u00fcbergibt J\u00fcrgen Walter, Staatssekret\u00e4r im baden-w\u00fcrttembergischem Ministerium f\u00fcr Wissenschaft, Forschung und Kunst, am Freitag,\u2026","rel":"","context":"In &quot;Bericht&quot;","block_context":{"text":"Bericht","link":"https:\/\/www.jazzzeitung.de\/cms\/thema\/bericht\/"},"img":{"alt_text":"Ralph Towner an der Gitarre. Foto: Paolo Soriani\/ECM Records","src":"https:\/\/i0.wp.com\/www.jazzzeitung.de\/cms\/wp-content\/uploads\/2015\/03\/Paolo-Soriani-ECM-Records-3-402x600.jpg?resize=350%2C200","width":350,"height":200},"classes":[]},{"id":6502,"url":"https:\/\/www.jazzzeitung.de\/cms\/2015\/07\/jazzopen-stuttgart-erwarten-fuer-2015-besucherrekord\/","url_meta":{"origin":9642,"position":1},"title":"jazzopen stuttgart erwarten f\u00fcr 2015 Besucherrekord","author":"Redaktion JazzZeitung","date":"1. Juli 2015","format":false,"excerpt":"Vom 3. bis 12. Juli 2015 pr\u00e4sentieren die jazzopen stuttgart Stars der internationalen Jazz-, Blues-, Soul- und Pop-Szene auf sechs B\u00fchnen \u2013 darunter Gregory Porter & Dianne Reeves, Jamie Cullum, Zaz & SWR Big Band, Max Herre, Caro Emerald, Mariza und viele mehr. Diesen Freitag, den 3. Juli beginnt die\u2026","rel":"","context":"In &quot;News&quot;","block_context":{"text":"News","link":"https:\/\/www.jazzzeitung.de\/cms\/thema\/nachrichten\/"},"img":{"alt_text":"Mercedes Benz  Museum: Laue Sommern\u00e4chte - hei\u00dfer Jazz. Foto: jazzopen","src":"https:\/\/i0.wp.com\/www.jazzzeitung.de\/cms\/wp-content\/uploads\/2015\/07\/MercedesBenz-Museum-150x150.jpg?resize=350%2C200","width":350,"height":200},"classes":[]},{"id":3998,"url":"https:\/\/www.jazzzeitung.de\/cms\/2014\/06\/bildergalerie-muthspiel-blade-grenadier-der-unterfahrt\/","url_meta":{"origin":9642,"position":2},"title":"Bildergalerie: Muthspiel, Blade &#038; Grenadier in der Unterfahrt","author":"Redaktion JazzZeitung","date":"3. Juni 2014","format":false,"excerpt":"Sonntag, den 25. Mai in der M\u00fcnchner Unterfahrt, Fotos von Ralf Dombrowski, merci vielmals!","rel":"","context":"In &quot;Galerie&quot;","block_context":{"text":"Galerie","link":"https:\/\/www.jazzzeitung.de\/cms\/thema\/galerie\/"},"img":{"alt_text":"","src":"https:\/\/i0.wp.com\/www.jazzzeitung.de\/cms\/wp-content\/uploads\/2014\/06\/Blade-Muthspiel-1-dombr.jpg?resize=350%2C200","width":350,"height":200,"srcset":"https:\/\/i0.wp.com\/www.jazzzeitung.de\/cms\/wp-content\/uploads\/2014\/06\/Blade-Muthspiel-1-dombr.jpg?resize=350%2C200 1x, https:\/\/i0.wp.com\/www.jazzzeitung.de\/cms\/wp-content\/uploads\/2014\/06\/Blade-Muthspiel-1-dombr.jpg?resize=525%2C300 1.5x, https:\/\/i0.wp.com\/www.jazzzeitung.de\/cms\/wp-content\/uploads\/2014\/06\/Blade-Muthspiel-1-dombr.jpg?resize=700%2C400 2x, https:\/\/i0.wp.com\/www.jazzzeitung.de\/cms\/wp-content\/uploads\/2014\/06\/Blade-Muthspiel-1-dombr.jpg?resize=1050%2C600 3x, https:\/\/i0.wp.com\/www.jazzzeitung.de\/cms\/wp-content\/uploads\/2014\/06\/Blade-Muthspiel-1-dombr.jpg?resize=1400%2C800 4x"},"classes":[]},{"id":9437,"url":"https:\/\/www.jazzzeitung.de\/cms\/2016\/06\/1-juli-endet-der-bewerbungsschluss-fuer-den-jungen-muenchner-jazzpreis-2016\/","url_meta":{"origin":9642,"position":3},"title":"Am 1. Juli endet der Bewerbungsschluss f\u00fcr den &#8222;Jungen M\u00fcnchner Jazzpreis 2016\u201c","author":"Redaktion JazzZeitung","date":"1. Juni 2016","format":false,"excerpt":"Mit der Verleihung des Jungen M\u00fcnchner Jazzpreises 2016 unterst\u00fctzt der M\u00fcnchner Verein zur F\u00f6rderung von Jazz e.V. - mucjazz auch in diesem Jahr wieder junge Nachwuchs-K\u00fcnstler und -Bands aus Deutschland. Bewerbungen k\u00f6nnen bis zum 1. Juli 2016 in Form von Unterlagen einschlie\u00dflich Tonproben der eigenen Musik eingereicht werden. Vorrausetzung f\u00fcr\u2026","rel":"","context":"In &quot;News&quot;","block_context":{"text":"News","link":"https:\/\/www.jazzzeitung.de\/cms\/thema\/nachrichten\/"},"img":{"alt_text":"","src":"","width":0,"height":0},"classes":[]},{"id":22636,"url":"https:\/\/www.jazzzeitung.de\/cms\/2020\/06\/news-hannah-weiss-und-vincent-rein-als-local-heroes-in-der-unterfahrtbewerben-fuer-den-jungen-muenchner-jazzpreis\/","url_meta":{"origin":9642,"position":4},"title":"+++News: +++Hannah Weiss und Vincent Rein als Local Heroes in der Unterfahrt+++Bewerben f\u00fcr den Jungen M\u00fcnchner Jazzpreis+++","author":"Redaktion JazzZeitung","date":"10. Juni 2020","format":false,"excerpt":"+++Local Heroes: Die Jazz-Streams aus M\u00fcnchen+++ \u201eLocal Heroes Live\u201c\u00a0 ist eine Live-Stream-Serie des M\u00fcnchener Jazzclub Unterfahrt. Die Tipps der JazzZeitung.de im Folgenden: \u00a0 Local Heroes Live #12 + 13 Abschlusskonzerte des Jazz-Instituts der Hochschule f\u00fcr Musik und Theater M\u00fcnchen Freitag, 12.06.2020 20.00 Uhr: Ganzenm\u00fcller\u2019s Bed & Breakbeat Besetzung: Julian Hesse\u2026","rel":"","context":"In &quot;News&quot;","block_context":{"text":"News","link":"https:\/\/www.jazzzeitung.de\/cms\/thema\/nachrichten\/"},"img":{"alt_text":"","src":"https:\/\/i0.wp.com\/www.jazzzeitung.de\/cms\/wp-content\/uploads\/2020\/06\/weiss.jpg?fit=709%2C1063&ssl=1&resize=350%2C200","width":350,"height":200,"srcset":"https:\/\/i0.wp.com\/www.jazzzeitung.de\/cms\/wp-content\/uploads\/2020\/06\/weiss.jpg?fit=709%2C1063&ssl=1&resize=350%2C200 1x, https:\/\/i0.wp.com\/www.jazzzeitung.de\/cms\/wp-content\/uploads\/2020\/06\/weiss.jpg?fit=709%2C1063&ssl=1&resize=525%2C300 1.5x, https:\/\/i0.wp.com\/www.jazzzeitung.de\/cms\/wp-content\/uploads\/2020\/06\/weiss.jpg?fit=709%2C1063&ssl=1&resize=700%2C400 2x"},"classes":[]},{"id":28638,"url":"https:\/\/www.jazzzeitung.de\/cms\/2022\/11\/junger-muenchner-jazzpreis-2022-mit-anna-emmersberger-jakob-baensch-und-shuteen-erbenebaatar\/","url_meta":{"origin":9642,"position":5},"title":"+++ Junger M\u00fcnchner Jazzpreis 2022 mit Anna Emmersberger, Jakob B\u00e4nsch und Shuteen Erbenebaatar +++","author":"Redaktion JazzZeitung","date":"15. November 2022","format":false,"excerpt":"MucJazz kann stolz sein. Der M\u00fcnchner Verein zur F\u00f6rderung von Jazz e.V. hat es zum zehnten Mal geschafft, den Jungen M\u00fcnchner Jazzpreis nicht nur auszuloben und anst\u00e4ndig zu dotieren, sondern auch ein Finale mit hervorragenden Solist:innen auf die B\u00fchne der M\u00fcnchner Unterfahrt zu bringen. Der Club war ausverkauft, die Reden\u2026","rel":"","context":"In &quot;News&quot;","block_context":{"text":"News","link":"https:\/\/www.jazzzeitung.de\/cms\/thema\/nachrichten\/"},"img":{"alt_text":"","src":"https:\/\/i0.wp.com\/www.jazzzeitung.de\/cms\/wp-content\/uploads\/2022\/11\/DSC03571-Shuteen-Erbenebaatar-Quartett-c-Ralf-Dombrowski-scaled-e1668425961657.jpg?fit=1200%2C801&ssl=1&resize=350%2C200","width":350,"height":200,"srcset":"https:\/\/i0.wp.com\/www.jazzzeitung.de\/cms\/wp-content\/uploads\/2022\/11\/DSC03571-Shuteen-Erbenebaatar-Quartett-c-Ralf-Dombrowski-scaled-e1668425961657.jpg?fit=1200%2C801&ssl=1&resize=350%2C200 1x, https:\/\/i0.wp.com\/www.jazzzeitung.de\/cms\/wp-content\/uploads\/2022\/11\/DSC03571-Shuteen-Erbenebaatar-Quartett-c-Ralf-Dombrowski-scaled-e1668425961657.jpg?fit=1200%2C801&ssl=1&resize=525%2C300 1.5x, https:\/\/i0.wp.com\/www.jazzzeitung.de\/cms\/wp-content\/uploads\/2022\/11\/DSC03571-Shuteen-Erbenebaatar-Quartett-c-Ralf-Dombrowski-scaled-e1668425961657.jpg?fit=1200%2C801&ssl=1&resize=700%2C400 2x, https:\/\/i0.wp.com\/www.jazzzeitung.de\/cms\/wp-content\/uploads\/2022\/11\/DSC03571-Shuteen-Erbenebaatar-Quartett-c-Ralf-Dombrowski-scaled-e1668425961657.jpg?fit=1200%2C801&ssl=1&resize=1050%2C600 3x"},"classes":[]}],"jetpack_sharing_enabled":true,"_links":{"self":[{"href":"https:\/\/www.jazzzeitung.de\/cms\/wp-json\/wp\/v2\/posts\/9642","targetHints":{"allow":["GET"]}}],"collection":[{"href":"https:\/\/www.jazzzeitung.de\/cms\/wp-json\/wp\/v2\/posts"}],"about":[{"href":"https:\/\/www.jazzzeitung.de\/cms\/wp-json\/wp\/v2\/types\/post"}],"author":[{"embeddable":true,"href":"https:\/\/www.jazzzeitung.de\/cms\/wp-json\/wp\/v2\/users\/18"}],"replies":[{"embeddable":true,"href":"https:\/\/www.jazzzeitung.de\/cms\/wp-json\/wp\/v2\/comments?post=9642"}],"version-history":[{"count":1,"href":"https:\/\/www.jazzzeitung.de\/cms\/wp-json\/wp\/v2\/posts\/9642\/revisions"}],"predecessor-version":[{"id":9649,"href":"https:\/\/www.jazzzeitung.de\/cms\/wp-json\/wp\/v2\/posts\/9642\/revisions\/9649"}],"wp:attachment":[{"href":"https:\/\/www.jazzzeitung.de\/cms\/wp-json\/wp\/v2\/media?parent=9642"}],"wp:term":[{"taxonomy":"category","embeddable":true,"href":"https:\/\/www.jazzzeitung.de\/cms\/wp-json\/wp\/v2\/categories?post=9642"},{"taxonomy":"post_tag","embeddable":true,"href":"https:\/\/www.jazzzeitung.de\/cms\/wp-json\/wp\/v2\/tags?post=9642"},{"taxonomy":"author","embeddable":true,"href":"https:\/\/www.jazzzeitung.de\/cms\/wp-json\/wp\/v2\/coauthors?post=9642"}],"curies":[{"name":"wp","href":"https:\/\/api.w.org\/{rel}","templated":true}]}}