{"id":9638,"date":"2016-07-11T09:33:53","date_gmt":"2016-07-11T07:33:53","guid":{"rendered":"http:\/\/www.jazzzeitung.de\/cms\/?p=9638"},"modified":"2016-07-11T09:35:21","modified_gmt":"2016-07-11T07:35:21","slug":"der-jazz-pott-2016-geht-jochen-rueckert","status":"publish","type":"post","link":"https:\/\/www.jazzzeitung.de\/cms\/2016\/07\/der-jazz-pott-2016-geht-jochen-rueckert\/","title":{"rendered":"Der \u201eJazz Pott\u201c 2016 geht an Jochen R\u00fcckert"},"content":{"rendered":"<p><a href=\"https:\/\/i0.wp.com\/www.jazzzeitung.de\/cms\/wp-content\/uploads\/2016\/07\/Jochen_Rueckert_by_Konstantin_Kern_klein.jpg\"><img data-recalc-dims=\"1\" loading=\"lazy\" decoding=\"async\" data-attachment-id=\"9640\" data-permalink=\"https:\/\/www.jazzzeitung.de\/cms\/2016\/07\/der-jazz-pott-2016-geht-jochen-rueckert\/jochen-rueckert\/\" data-orig-file=\"https:\/\/i0.wp.com\/www.jazzzeitung.de\/cms\/wp-content\/uploads\/2016\/07\/Jochen_Rueckert_by_Konstantin_Kern_klein.jpg?fit=1535%2C1018&amp;ssl=1\" data-orig-size=\"1535,1018\" data-comments-opened=\"1\" data-image-meta=\"{&quot;aperture&quot;:&quot;2.8&quot;,&quot;credit&quot;:&quot;Konstantin Kern&quot;,&quot;camera&quot;:&quot;NIKON D90&quot;,&quot;caption&quot;:&quot;&quot;,&quot;created_timestamp&quot;:&quot;1286876644&quot;,&quot;copyright&quot;:&quot;\\u00a9 copyright 2010 by Konstantin Kern&quot;,&quot;focal_length&quot;:&quot;28&quot;,&quot;iso&quot;:&quot;1600&quot;,&quot;shutter_speed&quot;:&quot;0.00625&quot;,&quot;title&quot;:&quot;Jochen Rueckert&quot;,&quot;orientation&quot;:&quot;1&quot;}\" data-image-title=\"Jochen Rueckert\" data-image-description=\"\" data-image-caption=\"\" data-large-file=\"https:\/\/i0.wp.com\/www.jazzzeitung.de\/cms\/wp-content\/uploads\/2016\/07\/Jochen_Rueckert_by_Konstantin_Kern_klein.jpg?fit=840%2C557&amp;ssl=1\" class=\"alignright size-thumbnail wp-image-9640\" src=\"https:\/\/i0.wp.com\/www.jazzzeitung.de\/cms\/wp-content\/uploads\/2016\/07\/Jochen_Rueckert_by_Konstantin_Kern_klein-150x150.jpg?resize=150%2C150\" alt=\"Jochen Rueckert\" width=\"150\" height=\"150\" srcset=\"https:\/\/i0.wp.com\/www.jazzzeitung.de\/cms\/wp-content\/uploads\/2016\/07\/Jochen_Rueckert_by_Konstantin_Kern_klein.jpg?resize=150%2C150&amp;ssl=1 150w, https:\/\/i0.wp.com\/www.jazzzeitung.de\/cms\/wp-content\/uploads\/2016\/07\/Jochen_Rueckert_by_Konstantin_Kern_klein.jpg?resize=144%2C144&amp;ssl=1 144w, https:\/\/i0.wp.com\/www.jazzzeitung.de\/cms\/wp-content\/uploads\/2016\/07\/Jochen_Rueckert_by_Konstantin_Kern_klein.jpg?resize=96%2C96&amp;ssl=1 96w, https:\/\/i0.wp.com\/www.jazzzeitung.de\/cms\/wp-content\/uploads\/2016\/07\/Jochen_Rueckert_by_Konstantin_Kern_klein.jpg?resize=24%2C24&amp;ssl=1 24w, https:\/\/i0.wp.com\/www.jazzzeitung.de\/cms\/wp-content\/uploads\/2016\/07\/Jochen_Rueckert_by_Konstantin_Kern_klein.jpg?resize=36%2C36&amp;ssl=1 36w, https:\/\/i0.wp.com\/www.jazzzeitung.de\/cms\/wp-content\/uploads\/2016\/07\/Jochen_Rueckert_by_Konstantin_Kern_klein.jpg?resize=48%2C48&amp;ssl=1 48w, https:\/\/i0.wp.com\/www.jazzzeitung.de\/cms\/wp-content\/uploads\/2016\/07\/Jochen_Rueckert_by_Konstantin_Kern_klein.jpg?resize=64%2C64&amp;ssl=1 64w, https:\/\/i0.wp.com\/www.jazzzeitung.de\/cms\/wp-content\/uploads\/2016\/07\/Jochen_Rueckert_by_Konstantin_Kern_klein.jpg?resize=32%2C32&amp;ssl=1 32w, https:\/\/i0.wp.com\/www.jazzzeitung.de\/cms\/wp-content\/uploads\/2016\/07\/Jochen_Rueckert_by_Konstantin_Kern_klein.jpg?resize=50%2C50&amp;ssl=1 50w, https:\/\/i0.wp.com\/www.jazzzeitung.de\/cms\/wp-content\/uploads\/2016\/07\/Jochen_Rueckert_by_Konstantin_Kern_klein.jpg?resize=128%2C128&amp;ssl=1 128w, https:\/\/i0.wp.com\/www.jazzzeitung.de\/cms\/wp-content\/uploads\/2016\/07\/Jochen_Rueckert_by_Konstantin_Kern_klein.jpg?zoom=2&amp;resize=150%2C150&amp;ssl=1 300w, https:\/\/i0.wp.com\/www.jazzzeitung.de\/cms\/wp-content\/uploads\/2016\/07\/Jochen_Rueckert_by_Konstantin_Kern_klein.jpg?zoom=3&amp;resize=150%2C150&amp;ssl=1 450w\" sizes=\"auto, (max-width: 150px) 100vw, 150px\" \/><\/a>Auch in diesem Herbst beginnt die \u201eJazz in Essen\u201c-Saison mit der traditionellen \u201eJazz Pott\u201c-Verleihung. Der diesj\u00e4hrige Preistr\u00e4ger ist einer der wenigen deutschen Musiker, die auch in der Jazzmetropole New York Fu\u00df fassen konnten: der Schlagzeuger <strong>Jochen R\u00fcckert.<\/strong><\/p>\n<p>1975 in D\u00fcren bei K\u00f6ln geboren, begann R\u00fcckert im Alter von sechs Jahren Schlagzeug zu spielen. Er studierte von 1993 bis 1995 an der Hochschule f\u00fcr Musik in K\u00f6ln und zog direkt nach seinem Abschluss nach Brooklyn, wo er 1998 sein Deb\u00fctalbum \u201eIntroduction\u201c mit Hayden Chisholm, Ben Monder, Kurt Rosenwinkel, Chris Potter und Johannes Weidenm\u00fcller ver\u00f6ffentlichte. 2000 erhielt er den F\u00f6rderpreis f\u00fcr Musik des Landes Nordrhein-Westfalen. Bislang hat er an etwa 80 Alben mitgewirkt und unternahm Tourneen durch Europa, Nord- und S\u00fcdamerika, Asien und Australien. Er arbeitet(e) mit Bands und Musikern wie Marc Copland Trio, Nils Wogram&#8217;s Root 70, Kurt Rosenwinkel Group, Mark Turner Band sowie Chris Cheek, Jason Seizer, John Abercrombie, Kevin Hays, Madeleine Peyroux, Thomas R\u00fcckert, Tim Hagans und Sam Yahel. Au\u00dferdem leitet er selbst ein international besetztes Quartett aus Top-Musikern der New Yorker Szene. Mit ihnen realisiert er sein Ideal eines zeitgem\u00e4\u00dfen Jazz, der auch bei vertrackten Rhythmen und komplexen Harmonien nie aufh\u00f6rt zu swingen.<\/p>\n<p>Neben seiner T\u00e4tigkeit als Jazzmusiker spielte er zudem mit Rockbands wie Bonnie Lundy und Seems So Bright sowie auf dem Gebiet der elektronischen Musik mit Marcus Schmickler, Jochen Bohnes und Burnt Friedman zusammen. Unter seinem Pseudonym <strong>Wolff Parkinson White, <\/strong>benannt nach einem Herzfehler, der bei ihm im Alter von 18 Jahren festgestellt und operativ behoben wurde, programmiert, mixt und produziert er zudem im Elektrobereich.<\/p>\n<p><strong>Zum Preistr\u00e4ger-Konzert am Samstag, dem 24. September ab 20 Uhr im Essener Grillo-Theater<\/strong> <strong>begleiten ihn Walter Smith III (Saxophon), Lage Lund (Gitarre) und Orlando LeFleming (Bass).<\/strong><\/p>\n<p>Mit dem von Viktor Seroneit (\u2020 2011) und Niklaus Troxler f\u00fcr den \u201ePlakat Kunst Hof R\u00fcttenscheid\u201c initiierten Essener \u201eJazz Pott\u201c werden seit 1998 unter dem Motto \u201ebest progressive artist\u201c innovative Jazzmusiker ausgezeichnet. Bisherige \u201eJazz Pott\u201c-Preistr\u00e4ger sind Musiker\/-innen wie Uri Caine, Dieter Ilg, Julia H\u00fclsmann, Christof Lauer, Nils Wogram, Elina Duni oder Angelika Niescier. Im vergangenen Jahr erhielt Peter Herborn, der 1984 die Reihe \u201eJazz in Essen\u201c aus der Taufe gehoben und dann sieben Jahre lang geleitet hat, den \u201ePott\u201c. Jochen R\u00fcckert wird der 19. Preistr\u00e4ger sein.<\/p>\n<p><strong>Eintritt: \u20ac 22,00.<br \/>\nKartenvorverkauf: TicketCenter, Tel.: 0201\/81 22-200, sowie online \u00fcber <a href=\"http:\/\/www.schauspiel-essen.de\/\">www.schauspiel-essen.de<\/a> <\/strong><\/p>\n<p>&nbsp;<\/p>\n<p><em>Die Reihe \u201eJazz in Essen\u201c wird realisiert in Kooperation mit dem Kulturb\u00fcro der Stadt Essen und gef\u00f6rdert von der Alfried Krupp von Bohlen und Halbach-Stiftung.<\/em><\/p>\n","protected":false},"excerpt":{"rendered":"<p>Auch in diesem Herbst beginnt die \u201eJazz in Essen\u201c-Saison mit der traditionellen \u201eJazz Pott\u201c-Verleihung. Der diesj\u00e4hrige Preistr\u00e4ger ist einer der wenigen deutschen Musiker, die auch in der Jazzmetropole New York Fu\u00df fassen konnten: der Schlagzeuger Jochen R\u00fcckert. 1975 in D\u00fcren bei K\u00f6ln geboren, begann R\u00fcckert im Alter von sechs Jahren Schlagzeug zu spielen. Er studierte von 1993 bis 1995 an der Hochschule f\u00fcr Musik in K\u00f6ln und zog direkt nach seinem Abschluss nach Brooklyn, wo er 1998 sein Deb\u00fctalbum \u201eIntroduction\u201c mit Hayden Chisholm, Ben Monder, Kurt Rosenwinkel, Chris Potter und Johannes Weidenm\u00fcller ver\u00f6ffentlichte. 2000 erhielt er den F\u00f6rderpreis f\u00fcr Musik des Landes Nordrhein-Westfalen. Bislang hat er an etwa 80 Alben mitgewirkt und unternahm Tourneen durch Europa, Nord- und S\u00fcdamerika, Asien und Australien. Er arbeitet(e) mit Bands und Musikern wie Marc Copland Trio, Nils Wogram&#8217;s Root 70, Kurt Rosenwinkel Group, Mark Turner Band sowie Chris Cheek, Jason Seizer, John Abercrombie, Kevin Hays, Madeleine Peyroux, Thomas R\u00fcckert, Tim Hagans und Sam Yahel. Au\u00dferdem leitet er selbst ein international besetztes Quartett aus Top-Musikern der New Yorker Szene. Mit ihnen realisiert er sein Ideal eines zeitgem\u00e4\u00dfen Jazz, der auch &hellip;<\/p>\n","protected":false},"author":18,"featured_media":0,"comment_status":"open","ping_status":"closed","sticky":false,"template":"","format":"standard","meta":{"_jetpack_memberships_contains_paid_content":false,"footnotes":"","jetpack_publicize_message":"","jetpack_publicize_feature_enabled":true,"jetpack_social_post_already_shared":false,"jetpack_social_options":{"image_generator_settings":{"template":"highway","default_image_id":0,"font":"","enabled":false},"version":2}},"categories":[633],"tags":[1082,42,691,690,281,877,306,852,322,706,904,420,818,1170,475],"coauthors":[695],"class_list":["post-9638","post","type-post","status-publish","format-standard","hentry","category-nachrichten","tag-abercrombie","tag-angelika-niescier","tag-essen","tag-jazz-pott","tag-jazzmusiker","tag-john-abercrombie","tag-julia-huelsmann","tag-koeln","tag-konzert-2","tag-kurt-rosenwinkel","tag-new-york","tag-nils-wogram","tag-nordrhein-westfalen","tag-preistraeger","tag-root-70"],"yoast_head":"<!-- This site is optimized with the Yoast SEO plugin v27.5 - https:\/\/yoast.com\/product\/yoast-seo-wordpress\/ -->\n<title>Der \u201eJazz Pott\u201c 2016 geht an Jochen R\u00fcckert - JazzZeitung<\/title>\n<meta name=\"robots\" content=\"index, follow, max-snippet:-1, max-image-preview:large, max-video-preview:-1\" \/>\n<link rel=\"canonical\" href=\"https:\/\/www.jazzzeitung.de\/cms\/2016\/07\/der-jazz-pott-2016-geht-jochen-rueckert\/\" \/>\n<meta property=\"og:locale\" content=\"de_DE\" \/>\n<meta property=\"og:type\" content=\"article\" \/>\n<meta property=\"og:title\" content=\"Der \u201eJazz Pott\u201c 2016 geht an Jochen R\u00fcckert - JazzZeitung\" \/>\n<meta property=\"og:description\" content=\"Auch in diesem Herbst beginnt die \u201eJazz in Essen\u201c-Saison mit der traditionellen \u201eJazz Pott\u201c-Verleihung. Der diesj\u00e4hrige Preistr\u00e4ger ist einer der wenigen deutschen Musiker, die auch in der Jazzmetropole New York Fu\u00df fassen konnten: der Schlagzeuger Jochen R\u00fcckert. 1975 in D\u00fcren bei K\u00f6ln geboren, begann R\u00fcckert im Alter von sechs Jahren Schlagzeug zu spielen. Er studierte von 1993 bis 1995 an der Hochschule f\u00fcr Musik in K\u00f6ln und zog direkt nach seinem Abschluss nach Brooklyn, wo er 1998 sein Deb\u00fctalbum \u201eIntroduction\u201c mit Hayden Chisholm, Ben Monder, Kurt Rosenwinkel, Chris Potter und Johannes Weidenm\u00fcller ver\u00f6ffentlichte. 2000 erhielt er den F\u00f6rderpreis f\u00fcr Musik des Landes Nordrhein-Westfalen. Bislang hat er an etwa 80 Alben mitgewirkt und unternahm Tourneen durch Europa, Nord- und S\u00fcdamerika, Asien und Australien. Er arbeitet(e) mit Bands und Musikern wie Marc Copland Trio, Nils Wogram&#8217;s Root 70, Kurt Rosenwinkel Group, Mark Turner Band sowie Chris Cheek, Jason Seizer, John Abercrombie, Kevin Hays, Madeleine Peyroux, Thomas R\u00fcckert, Tim Hagans und Sam Yahel. Au\u00dferdem leitet er selbst ein international besetztes Quartett aus Top-Musikern der New Yorker Szene. Mit ihnen realisiert er sein Ideal eines zeitgem\u00e4\u00dfen Jazz, der auch &hellip;\" \/>\n<meta property=\"og:url\" content=\"https:\/\/www.jazzzeitung.de\/cms\/2016\/07\/der-jazz-pott-2016-geht-jochen-rueckert\/\" \/>\n<meta property=\"og:site_name\" content=\"JazzZeitung\" \/>\n<meta property=\"article:publisher\" content=\"https:\/\/www.facebook.com\/JazzZeitung\/\" \/>\n<meta property=\"article:published_time\" content=\"2016-07-11T07:33:53+00:00\" \/>\n<meta property=\"article:modified_time\" content=\"2016-07-11T07:35:21+00:00\" \/>\n<meta property=\"og:image\" content=\"http:\/\/www.jazzzeitung.de\/cms\/wp-content\/uploads\/2016\/07\/Jochen_Rueckert_by_Konstantin_Kern_klein-150x150.jpg\" \/>\n<meta name=\"author\" content=\"Redaktion JazzZeitung\" \/>\n<script type=\"application\/ld+json\" class=\"yoast-schema-graph\">{\"@context\":\"https:\\\/\\\/schema.org\",\"@graph\":[{\"@type\":\"Article\",\"@id\":\"https:\\\/\\\/www.jazzzeitung.de\\\/cms\\\/2016\\\/07\\\/der-jazz-pott-2016-geht-jochen-rueckert\\\/#article\",\"isPartOf\":{\"@id\":\"https:\\\/\\\/www.jazzzeitung.de\\\/cms\\\/2016\\\/07\\\/der-jazz-pott-2016-geht-jochen-rueckert\\\/\"},\"author\":{\"name\":\"Redaktion JazzZeitung\",\"@id\":\"https:\\\/\\\/www.jazzzeitung.de\\\/cms\\\/#\\\/schema\\\/person\\\/2245b36b9cd1d24cea10f01c031fb92b\"},\"headline\":\"Der \u201eJazz Pott\u201c 2016 geht an Jochen R\u00fcckert\",\"datePublished\":\"2016-07-11T07:33:53+00:00\",\"dateModified\":\"2016-07-11T07:35:21+00:00\",\"mainEntityOfPage\":{\"@id\":\"https:\\\/\\\/www.jazzzeitung.de\\\/cms\\\/2016\\\/07\\\/der-jazz-pott-2016-geht-jochen-rueckert\\\/\"},\"wordCount\":435,\"commentCount\":0,\"publisher\":{\"@id\":\"https:\\\/\\\/www.jazzzeitung.de\\\/cms\\\/#organization\"},\"image\":{\"@id\":\"https:\\\/\\\/www.jazzzeitung.de\\\/cms\\\/2016\\\/07\\\/der-jazz-pott-2016-geht-jochen-rueckert\\\/#primaryimage\"},\"thumbnailUrl\":\"http:\\\/\\\/www.jazzzeitung.de\\\/cms\\\/wp-content\\\/uploads\\\/2016\\\/07\\\/Jochen_Rueckert_by_Konstantin_Kern_klein-150x150.jpg\",\"keywords\":[\"Abercrombie\",\"Angelika Niescier\",\"Essen\",\"Jazz Pott\",\"Jazzmusiker\",\"John Abercrombie\",\"Julia H\u00fclsmann\",\"K\u00f6ln\",\"Konzert\",\"Kurt Rosenwinkel\",\"New York\",\"Nils Wogram\",\"Nordrhein-Westfalen\",\"Preistr\u00e4ger\",\"root 70\"],\"articleSection\":[\"News\"],\"inLanguage\":\"de\",\"potentialAction\":[{\"@type\":\"CommentAction\",\"name\":\"Comment\",\"target\":[\"https:\\\/\\\/www.jazzzeitung.de\\\/cms\\\/2016\\\/07\\\/der-jazz-pott-2016-geht-jochen-rueckert\\\/#respond\"]}]},{\"@type\":\"WebPage\",\"@id\":\"https:\\\/\\\/www.jazzzeitung.de\\\/cms\\\/2016\\\/07\\\/der-jazz-pott-2016-geht-jochen-rueckert\\\/\",\"url\":\"https:\\\/\\\/www.jazzzeitung.de\\\/cms\\\/2016\\\/07\\\/der-jazz-pott-2016-geht-jochen-rueckert\\\/\",\"name\":\"Der \u201eJazz Pott\u201c 2016 geht an Jochen R\u00fcckert - JazzZeitung\",\"isPartOf\":{\"@id\":\"https:\\\/\\\/www.jazzzeitung.de\\\/cms\\\/#website\"},\"primaryImageOfPage\":{\"@id\":\"https:\\\/\\\/www.jazzzeitung.de\\\/cms\\\/2016\\\/07\\\/der-jazz-pott-2016-geht-jochen-rueckert\\\/#primaryimage\"},\"image\":{\"@id\":\"https:\\\/\\\/www.jazzzeitung.de\\\/cms\\\/2016\\\/07\\\/der-jazz-pott-2016-geht-jochen-rueckert\\\/#primaryimage\"},\"thumbnailUrl\":\"http:\\\/\\\/www.jazzzeitung.de\\\/cms\\\/wp-content\\\/uploads\\\/2016\\\/07\\\/Jochen_Rueckert_by_Konstantin_Kern_klein-150x150.jpg\",\"datePublished\":\"2016-07-11T07:33:53+00:00\",\"dateModified\":\"2016-07-11T07:35:21+00:00\",\"breadcrumb\":{\"@id\":\"https:\\\/\\\/www.jazzzeitung.de\\\/cms\\\/2016\\\/07\\\/der-jazz-pott-2016-geht-jochen-rueckert\\\/#breadcrumb\"},\"inLanguage\":\"de\",\"potentialAction\":[{\"@type\":\"ReadAction\",\"target\":[\"https:\\\/\\\/www.jazzzeitung.de\\\/cms\\\/2016\\\/07\\\/der-jazz-pott-2016-geht-jochen-rueckert\\\/\"]}]},{\"@type\":\"ImageObject\",\"inLanguage\":\"de\",\"@id\":\"https:\\\/\\\/www.jazzzeitung.de\\\/cms\\\/2016\\\/07\\\/der-jazz-pott-2016-geht-jochen-rueckert\\\/#primaryimage\",\"url\":\"http:\\\/\\\/www.jazzzeitung.de\\\/cms\\\/wp-content\\\/uploads\\\/2016\\\/07\\\/Jochen_Rueckert_by_Konstantin_Kern_klein-150x150.jpg\",\"contentUrl\":\"http:\\\/\\\/www.jazzzeitung.de\\\/cms\\\/wp-content\\\/uploads\\\/2016\\\/07\\\/Jochen_Rueckert_by_Konstantin_Kern_klein-150x150.jpg\"},{\"@type\":\"BreadcrumbList\",\"@id\":\"https:\\\/\\\/www.jazzzeitung.de\\\/cms\\\/2016\\\/07\\\/der-jazz-pott-2016-geht-jochen-rueckert\\\/#breadcrumb\",\"itemListElement\":[{\"@type\":\"ListItem\",\"position\":1,\"name\":\"Startseite\",\"item\":\"https:\\\/\\\/www.jazzzeitung.de\\\/cms\\\/\"},{\"@type\":\"ListItem\",\"position\":2,\"name\":\"Der \u201eJazz Pott\u201c 2016 geht an Jochen R\u00fcckert\"}]},{\"@type\":\"WebSite\",\"@id\":\"https:\\\/\\\/www.jazzzeitung.de\\\/cms\\\/#website\",\"url\":\"https:\\\/\\\/www.jazzzeitung.de\\\/cms\\\/\",\"name\":\"JazzZeitung\",\"description\":\"Jazz-News und Jazz-Kontroverses\",\"publisher\":{\"@id\":\"https:\\\/\\\/www.jazzzeitung.de\\\/cms\\\/#organization\"},\"potentialAction\":[{\"@type\":\"SearchAction\",\"target\":{\"@type\":\"EntryPoint\",\"urlTemplate\":\"https:\\\/\\\/www.jazzzeitung.de\\\/cms\\\/?s={search_term_string}\"},\"query-input\":{\"@type\":\"PropertyValueSpecification\",\"valueRequired\":true,\"valueName\":\"search_term_string\"}}],\"inLanguage\":\"de\"},{\"@type\":\"Organization\",\"@id\":\"https:\\\/\\\/www.jazzzeitung.de\\\/cms\\\/#organization\",\"name\":\"JazzZeitung online\",\"url\":\"https:\\\/\\\/www.jazzzeitung.de\\\/cms\\\/\",\"logo\":{\"@type\":\"ImageObject\",\"inLanguage\":\"de\",\"@id\":\"https:\\\/\\\/www.jazzzeitung.de\\\/cms\\\/#\\\/schema\\\/logo\\\/image\\\/\",\"url\":\"https:\\\/\\\/i0.wp.com\\\/www.jazzzeitung.de\\\/cms\\\/wp-content\\\/uploads\\\/2015\\\/08\\\/JAZZZEITUNGDE_Logo_Neu.png?fit=499%2C200&ssl=1\",\"contentUrl\":\"https:\\\/\\\/i0.wp.com\\\/www.jazzzeitung.de\\\/cms\\\/wp-content\\\/uploads\\\/2015\\\/08\\\/JAZZZEITUNGDE_Logo_Neu.png?fit=499%2C200&ssl=1\",\"width\":499,\"height\":200,\"caption\":\"JazzZeitung online\"},\"image\":{\"@id\":\"https:\\\/\\\/www.jazzzeitung.de\\\/cms\\\/#\\\/schema\\\/logo\\\/image\\\/\"},\"sameAs\":[\"https:\\\/\\\/www.facebook.com\\\/JazzZeitung\\\/\"]},{\"@type\":\"Person\",\"@id\":\"https:\\\/\\\/www.jazzzeitung.de\\\/cms\\\/#\\\/schema\\\/person\\\/2245b36b9cd1d24cea10f01c031fb92b\",\"name\":\"Redaktion JazzZeitung\",\"image\":{\"@type\":\"ImageObject\",\"inLanguage\":\"de\",\"@id\":\"https:\\\/\\\/i0.wp.com\\\/www.jazzzeitung.de\\\/cms\\\/wp-content\\\/uploads\\\/2015\\\/08\\\/JAZZZEITUNGDE_Logo_Neu.png?resize=96%2C96&ssl=159975dcacb611b5700bd619b5daf0a7a\",\"url\":\"https:\\\/\\\/i0.wp.com\\\/www.jazzzeitung.de\\\/cms\\\/wp-content\\\/uploads\\\/2015\\\/08\\\/JAZZZEITUNGDE_Logo_Neu.png?resize=96%2C96&ssl=1\",\"contentUrl\":\"https:\\\/\\\/i0.wp.com\\\/www.jazzzeitung.de\\\/cms\\\/wp-content\\\/uploads\\\/2015\\\/08\\\/JAZZZEITUNGDE_Logo_Neu.png?resize=96%2C96&ssl=1\",\"caption\":\"Redaktion JazzZeitung\"},\"description\":\"Artikel der Redaktion der JazzZeitung.\",\"sameAs\":[\"http:\\\/\\\/www.jazzzeitung.de\\\/cms\\\/\"],\"url\":\"https:\\\/\\\/www.jazzzeitung.de\\\/cms\\\/author\\\/redaktion\\\/\"}]}<\/script>\n<!-- \/ Yoast SEO plugin. -->","yoast_head_json":{"title":"Der \u201eJazz Pott\u201c 2016 geht an Jochen R\u00fcckert - JazzZeitung","robots":{"index":"index","follow":"follow","max-snippet":"max-snippet:-1","max-image-preview":"max-image-preview:large","max-video-preview":"max-video-preview:-1"},"canonical":"https:\/\/www.jazzzeitung.de\/cms\/2016\/07\/der-jazz-pott-2016-geht-jochen-rueckert\/","og_locale":"de_DE","og_type":"article","og_title":"Der \u201eJazz Pott\u201c 2016 geht an Jochen R\u00fcckert - JazzZeitung","og_description":"Auch in diesem Herbst beginnt die \u201eJazz in Essen\u201c-Saison mit der traditionellen \u201eJazz Pott\u201c-Verleihung. Der diesj\u00e4hrige Preistr\u00e4ger ist einer der wenigen deutschen Musiker, die auch in der Jazzmetropole New York Fu\u00df fassen konnten: der Schlagzeuger Jochen R\u00fcckert. 1975 in D\u00fcren bei K\u00f6ln geboren, begann R\u00fcckert im Alter von sechs Jahren Schlagzeug zu spielen. Er studierte von 1993 bis 1995 an der Hochschule f\u00fcr Musik in K\u00f6ln und zog direkt nach seinem Abschluss nach Brooklyn, wo er 1998 sein Deb\u00fctalbum \u201eIntroduction\u201c mit Hayden Chisholm, Ben Monder, Kurt Rosenwinkel, Chris Potter und Johannes Weidenm\u00fcller ver\u00f6ffentlichte. 2000 erhielt er den F\u00f6rderpreis f\u00fcr Musik des Landes Nordrhein-Westfalen. Bislang hat er an etwa 80 Alben mitgewirkt und unternahm Tourneen durch Europa, Nord- und S\u00fcdamerika, Asien und Australien. Er arbeitet(e) mit Bands und Musikern wie Marc Copland Trio, Nils Wogram&#8217;s Root 70, Kurt Rosenwinkel Group, Mark Turner Band sowie Chris Cheek, Jason Seizer, John Abercrombie, Kevin Hays, Madeleine Peyroux, Thomas R\u00fcckert, Tim Hagans und Sam Yahel. Au\u00dferdem leitet er selbst ein international besetztes Quartett aus Top-Musikern der New Yorker Szene. Mit ihnen realisiert er sein Ideal eines zeitgem\u00e4\u00dfen Jazz, der auch &hellip;","og_url":"https:\/\/www.jazzzeitung.de\/cms\/2016\/07\/der-jazz-pott-2016-geht-jochen-rueckert\/","og_site_name":"JazzZeitung","article_publisher":"https:\/\/www.facebook.com\/JazzZeitung\/","article_published_time":"2016-07-11T07:33:53+00:00","article_modified_time":"2016-07-11T07:35:21+00:00","og_image":[{"url":"http:\/\/www.jazzzeitung.de\/cms\/wp-content\/uploads\/2016\/07\/Jochen_Rueckert_by_Konstantin_Kern_klein-150x150.jpg","type":"","width":"","height":""}],"author":"Redaktion JazzZeitung","schema":{"@context":"https:\/\/schema.org","@graph":[{"@type":"Article","@id":"https:\/\/www.jazzzeitung.de\/cms\/2016\/07\/der-jazz-pott-2016-geht-jochen-rueckert\/#article","isPartOf":{"@id":"https:\/\/www.jazzzeitung.de\/cms\/2016\/07\/der-jazz-pott-2016-geht-jochen-rueckert\/"},"author":{"name":"Redaktion JazzZeitung","@id":"https:\/\/www.jazzzeitung.de\/cms\/#\/schema\/person\/2245b36b9cd1d24cea10f01c031fb92b"},"headline":"Der \u201eJazz Pott\u201c 2016 geht an Jochen R\u00fcckert","datePublished":"2016-07-11T07:33:53+00:00","dateModified":"2016-07-11T07:35:21+00:00","mainEntityOfPage":{"@id":"https:\/\/www.jazzzeitung.de\/cms\/2016\/07\/der-jazz-pott-2016-geht-jochen-rueckert\/"},"wordCount":435,"commentCount":0,"publisher":{"@id":"https:\/\/www.jazzzeitung.de\/cms\/#organization"},"image":{"@id":"https:\/\/www.jazzzeitung.de\/cms\/2016\/07\/der-jazz-pott-2016-geht-jochen-rueckert\/#primaryimage"},"thumbnailUrl":"http:\/\/www.jazzzeitung.de\/cms\/wp-content\/uploads\/2016\/07\/Jochen_Rueckert_by_Konstantin_Kern_klein-150x150.jpg","keywords":["Abercrombie","Angelika Niescier","Essen","Jazz Pott","Jazzmusiker","John Abercrombie","Julia H\u00fclsmann","K\u00f6ln","Konzert","Kurt Rosenwinkel","New York","Nils Wogram","Nordrhein-Westfalen","Preistr\u00e4ger","root 70"],"articleSection":["News"],"inLanguage":"de","potentialAction":[{"@type":"CommentAction","name":"Comment","target":["https:\/\/www.jazzzeitung.de\/cms\/2016\/07\/der-jazz-pott-2016-geht-jochen-rueckert\/#respond"]}]},{"@type":"WebPage","@id":"https:\/\/www.jazzzeitung.de\/cms\/2016\/07\/der-jazz-pott-2016-geht-jochen-rueckert\/","url":"https:\/\/www.jazzzeitung.de\/cms\/2016\/07\/der-jazz-pott-2016-geht-jochen-rueckert\/","name":"Der \u201eJazz Pott\u201c 2016 geht an Jochen R\u00fcckert - JazzZeitung","isPartOf":{"@id":"https:\/\/www.jazzzeitung.de\/cms\/#website"},"primaryImageOfPage":{"@id":"https:\/\/www.jazzzeitung.de\/cms\/2016\/07\/der-jazz-pott-2016-geht-jochen-rueckert\/#primaryimage"},"image":{"@id":"https:\/\/www.jazzzeitung.de\/cms\/2016\/07\/der-jazz-pott-2016-geht-jochen-rueckert\/#primaryimage"},"thumbnailUrl":"http:\/\/www.jazzzeitung.de\/cms\/wp-content\/uploads\/2016\/07\/Jochen_Rueckert_by_Konstantin_Kern_klein-150x150.jpg","datePublished":"2016-07-11T07:33:53+00:00","dateModified":"2016-07-11T07:35:21+00:00","breadcrumb":{"@id":"https:\/\/www.jazzzeitung.de\/cms\/2016\/07\/der-jazz-pott-2016-geht-jochen-rueckert\/#breadcrumb"},"inLanguage":"de","potentialAction":[{"@type":"ReadAction","target":["https:\/\/www.jazzzeitung.de\/cms\/2016\/07\/der-jazz-pott-2016-geht-jochen-rueckert\/"]}]},{"@type":"ImageObject","inLanguage":"de","@id":"https:\/\/www.jazzzeitung.de\/cms\/2016\/07\/der-jazz-pott-2016-geht-jochen-rueckert\/#primaryimage","url":"http:\/\/www.jazzzeitung.de\/cms\/wp-content\/uploads\/2016\/07\/Jochen_Rueckert_by_Konstantin_Kern_klein-150x150.jpg","contentUrl":"http:\/\/www.jazzzeitung.de\/cms\/wp-content\/uploads\/2016\/07\/Jochen_Rueckert_by_Konstantin_Kern_klein-150x150.jpg"},{"@type":"BreadcrumbList","@id":"https:\/\/www.jazzzeitung.de\/cms\/2016\/07\/der-jazz-pott-2016-geht-jochen-rueckert\/#breadcrumb","itemListElement":[{"@type":"ListItem","position":1,"name":"Startseite","item":"https:\/\/www.jazzzeitung.de\/cms\/"},{"@type":"ListItem","position":2,"name":"Der \u201eJazz Pott\u201c 2016 geht an Jochen R\u00fcckert"}]},{"@type":"WebSite","@id":"https:\/\/www.jazzzeitung.de\/cms\/#website","url":"https:\/\/www.jazzzeitung.de\/cms\/","name":"JazzZeitung","description":"Jazz-News und Jazz-Kontroverses","publisher":{"@id":"https:\/\/www.jazzzeitung.de\/cms\/#organization"},"potentialAction":[{"@type":"SearchAction","target":{"@type":"EntryPoint","urlTemplate":"https:\/\/www.jazzzeitung.de\/cms\/?s={search_term_string}"},"query-input":{"@type":"PropertyValueSpecification","valueRequired":true,"valueName":"search_term_string"}}],"inLanguage":"de"},{"@type":"Organization","@id":"https:\/\/www.jazzzeitung.de\/cms\/#organization","name":"JazzZeitung online","url":"https:\/\/www.jazzzeitung.de\/cms\/","logo":{"@type":"ImageObject","inLanguage":"de","@id":"https:\/\/www.jazzzeitung.de\/cms\/#\/schema\/logo\/image\/","url":"https:\/\/i0.wp.com\/www.jazzzeitung.de\/cms\/wp-content\/uploads\/2015\/08\/JAZZZEITUNGDE_Logo_Neu.png?fit=499%2C200&ssl=1","contentUrl":"https:\/\/i0.wp.com\/www.jazzzeitung.de\/cms\/wp-content\/uploads\/2015\/08\/JAZZZEITUNGDE_Logo_Neu.png?fit=499%2C200&ssl=1","width":499,"height":200,"caption":"JazzZeitung online"},"image":{"@id":"https:\/\/www.jazzzeitung.de\/cms\/#\/schema\/logo\/image\/"},"sameAs":["https:\/\/www.facebook.com\/JazzZeitung\/"]},{"@type":"Person","@id":"https:\/\/www.jazzzeitung.de\/cms\/#\/schema\/person\/2245b36b9cd1d24cea10f01c031fb92b","name":"Redaktion JazzZeitung","image":{"@type":"ImageObject","inLanguage":"de","@id":"https:\/\/i0.wp.com\/www.jazzzeitung.de\/cms\/wp-content\/uploads\/2015\/08\/JAZZZEITUNGDE_Logo_Neu.png?resize=96%2C96&ssl=159975dcacb611b5700bd619b5daf0a7a","url":"https:\/\/i0.wp.com\/www.jazzzeitung.de\/cms\/wp-content\/uploads\/2015\/08\/JAZZZEITUNGDE_Logo_Neu.png?resize=96%2C96&ssl=1","contentUrl":"https:\/\/i0.wp.com\/www.jazzzeitung.de\/cms\/wp-content\/uploads\/2015\/08\/JAZZZEITUNGDE_Logo_Neu.png?resize=96%2C96&ssl=1","caption":"Redaktion JazzZeitung"},"description":"Artikel der Redaktion der JazzZeitung.","sameAs":["http:\/\/www.jazzzeitung.de\/cms\/"],"url":"https:\/\/www.jazzzeitung.de\/cms\/author\/redaktion\/"}]}},"wp-worthy-pixel":{"ignored":false,"public":null,"server":null,"url":null},"wp-worthy-type":"normal","jetpack_publicize_connections":[],"cc_featured_image_caption":{"caption_text":false,"source_text":false,"source_url":false},"jetpack_featured_media_url":"","jetpack_shortlink":"https:\/\/wp.me\/p3KEcT-2vs","jetpack-related-posts":[{"id":9816,"url":"https:\/\/www.jazzzeitung.de\/cms\/2016\/08\/roscoe-mitchelljazz-pott-2016-preistraeger-jochen-rueckertjazzfruehstueck-mit-alexander-buehlensemblejazzjoy-festival\/","url_meta":{"origin":9638,"position":0},"title":"News +++ Roscoe Mitchell +++ Jazz&#038;Joy-Festival +++ Jazz-Pott 2016 Preistr\u00e4ger Jochen R\u00fcckert +++","author":"Redaktion JazzZeitung","date":"9. August 2016","format":false,"excerpt":"+++ Roscoe Mitchell im Konzert +++ Am Freitag den 30.9.16 um 20.30 gibt der amerikanische Saxophonist Roscoe Mitchell ein Konzert in der Manufaktur Schorndorf. 1966 schuf Roscoe Mitchell mit seinem ersten Solo-Album \u201eSound\u201c ein Manifest der AACM-(Association fort he Advancement of Creative Musicians) \u00c4sthetik. Stille und Pausen wurden pl\u00f6tzlich ebenso\u2026","rel":"","context":"In &quot;News&quot;","block_context":{"text":"News","link":"https:\/\/www.jazzzeitung.de\/cms\/thema\/nachrichten\/"},"img":{"alt_text":"Roscoe_Mitchell","src":"https:\/\/i0.wp.com\/www.jazzzeitung.de\/cms\/wp-content\/uploads\/2016\/08\/Roscoe_Mitchell-150x150.jpeg?resize=350%2C200","width":350,"height":200},"classes":[]},{"id":7117,"url":"https:\/\/www.jazzzeitung.de\/cms\/2015\/09\/peter-herborn-erhaelt-jazz-pott-2015\/","url_meta":{"origin":9638,"position":1},"title":"Peter Herborn erh\u00e4lt \u201eJazz Pott\u201c 2015","author":"Redaktion JazzZeitung","date":"20. September 2015","format":false,"excerpt":"Wenn der Komponist Peter Herborn am Samstag, dem 26. September, um 20 Uhr im Essener Grillo-Theater die B\u00fchne betritt, dann aus doppeltem Anlass: Zum einen erh\u00e4lt er eine der renommiertesten Jazz-Auszeichnungen des Ruhrgebiets, den \u201eJazz Pott\u201c 2015. Zum anderen gestaltet er einmal mehr ein Konzert der Reihe \u201eJazz in Essen\u201c,\u2026","rel":"","context":"In &quot;News&quot;","block_context":{"text":"News","link":"https:\/\/www.jazzzeitung.de\/cms\/thema\/nachrichten\/"},"img":{"alt_text":"Peter Herborn. Foto: Volker Beushausen","src":"https:\/\/i0.wp.com\/www.jazzzeitung.de\/cms\/wp-content\/uploads\/2015\/09\/Peter-Herborn_Foto_Volker-Beushausen-400x600.jpg?resize=350%2C200","width":350,"height":200},"classes":[]},{"id":20779,"url":"https:\/\/www.jazzzeitung.de\/cms\/2019\/10\/news-brazooka-im-raven-in-straubing-jazz-pott-preistraeger-mit-heimspiel\/","url_meta":{"origin":9638,"position":2},"title":"+++ News +++ Brazooka im Raven in Straubing +++ \u201eJazz Pott\u201c-Preistr\u00e4ger mit Heimspiel +++","author":"Redaktion JazzZeitung","date":"2. Oktober 2019","format":false,"excerpt":"+++ Brazooka im Raven in Straubing +++ BRAZZOOKA \u2013 das sind kraftvolle Rhythmen und raffinierte Harmonien mit Elementen aus Funk, Jazz und Soul, die zu einem elektrisierenden Klangerlebnis verschmelzen. Die neunk\u00f6pfige Combo aus dem Raum Regensburg bewegt sich stilsicher durch mehr als f\u00fcnf Jahrzehnte einschl\u00e4giger Musikgeschichte: Im Repertoire finden sich\u2026","rel":"","context":"In &quot;News&quot;","block_context":{"text":"News","link":"https:\/\/www.jazzzeitung.de\/cms\/thema\/nachrichten\/"},"img":{"alt_text":"","src":"https:\/\/i0.wp.com\/www.jazzzeitung.de\/cms\/wp-content\/uploads\/2019\/10\/P1180005.jpg?fit=1200%2C800&ssl=1&resize=350%2C200","width":350,"height":200,"srcset":"https:\/\/i0.wp.com\/www.jazzzeitung.de\/cms\/wp-content\/uploads\/2019\/10\/P1180005.jpg?fit=1200%2C800&ssl=1&resize=350%2C200 1x, https:\/\/i0.wp.com\/www.jazzzeitung.de\/cms\/wp-content\/uploads\/2019\/10\/P1180005.jpg?fit=1200%2C800&ssl=1&resize=525%2C300 1.5x, https:\/\/i0.wp.com\/www.jazzzeitung.de\/cms\/wp-content\/uploads\/2019\/10\/P1180005.jpg?fit=1200%2C800&ssl=1&resize=700%2C400 2x, https:\/\/i0.wp.com\/www.jazzzeitung.de\/cms\/wp-content\/uploads\/2019\/10\/P1180005.jpg?fit=1200%2C800&ssl=1&resize=1050%2C600 3x"},"classes":[]},{"id":20685,"url":"https:\/\/www.jazzzeitung.de\/cms\/2019\/09\/news-13-bayreuther-jazz-november-2019-das-essen-jazz-orchestra-erhaelt-den-jazz-pott-2019\/","url_meta":{"origin":9638,"position":3},"title":"+++ News +++ 13. Bayreuther Jazz-November 2019 +++ Das Essen Jazz Orchestra erh\u00e4lt den \u201eJazz Pott\u201c 2019 +++","author":"Redaktion JazzZeitung","date":"16. September 2019","format":false,"excerpt":"+++ 13. Bayreuther Jazz-November 2019 +++ Der 13. Bayreuther Jazznovember zeigt vom 7. bis zum 10. November viele Facetten: Die Spannweite reicht vom Pianoabend im gro\u00dfen Konzertsaal \u00fcber die Tanzparty im Frisco bis zum experimentellen Crossover auf der Kellerb\u00fchne. Die auftretenden K\u00fcnstler sehen aus ganz unterschiedlichen Blickwinkeln aufs Leben, und\u2026","rel":"","context":"In &quot;News&quot;","block_context":{"text":"News","link":"https:\/\/www.jazzzeitung.de\/cms\/thema\/nachrichten\/"},"img":{"alt_text":"","src":"https:\/\/i0.wp.com\/www.jazzzeitung.de\/cms\/wp-content\/uploads\/2019\/09\/Wallace-Roney-by-H-J-Maquet.jpg?fit=1200%2C866&ssl=1&resize=350%2C200","width":350,"height":200,"srcset":"https:\/\/i0.wp.com\/www.jazzzeitung.de\/cms\/wp-content\/uploads\/2019\/09\/Wallace-Roney-by-H-J-Maquet.jpg?fit=1200%2C866&ssl=1&resize=350%2C200 1x, https:\/\/i0.wp.com\/www.jazzzeitung.de\/cms\/wp-content\/uploads\/2019\/09\/Wallace-Roney-by-H-J-Maquet.jpg?fit=1200%2C866&ssl=1&resize=525%2C300 1.5x, https:\/\/i0.wp.com\/www.jazzzeitung.de\/cms\/wp-content\/uploads\/2019\/09\/Wallace-Roney-by-H-J-Maquet.jpg?fit=1200%2C866&ssl=1&resize=700%2C400 2x, https:\/\/i0.wp.com\/www.jazzzeitung.de\/cms\/wp-content\/uploads\/2019\/09\/Wallace-Roney-by-H-J-Maquet.jpg?fit=1200%2C866&ssl=1&resize=1050%2C600 3x"},"classes":[]},{"id":4520,"url":"https:\/\/www.jazzzeitung.de\/cms\/2014\/09\/der-jazz-pott-2014-geht-georg-graewe\/","url_meta":{"origin":9638,"position":4},"title":"Der \u201eJazz Pott\u201c 2014 geht an Georg Graewe","author":"Andreas Kolb","date":"4. September 2014","format":"image","excerpt":"Essen. Zum Auftakt jeder neuen \u201eJazz in Essen\u201c-Saison wird traditionell der \u201eJazz Pott\u201c verliehen. In diesem Jahr geht der Preis, der von Viktor Seroneit (\u2020) und Niklaus Troxler initiiert wurde und mit dem seit 1998 unter dem Motto \u201ebest progressive artist\u201c innovative Jazzmusiker ausgezeichnet werden, an Georg Graewe. Womit sich\u2026","rel":"","context":"In &quot;News&quot;","block_context":{"text":"News","link":"https:\/\/www.jazzzeitung.de\/cms\/thema\/nachrichten\/"},"img":{"alt_text":"Georg Gr\u00e4we mit Ernst Reijseger und Gerry Hemingway.  Foto: Helmut Rizy","src":"https:\/\/i0.wp.com\/www.jazzzeitung.de\/cms\/wp-content\/uploads\/2014\/09\/GRH-2011-Foto_Helmut-Rizy_2-300x199.jpg?resize=350%2C200","width":350,"height":200},"classes":[]},{"id":23209,"url":"https:\/\/www.jazzzeitung.de\/cms\/2020\/08\/julia-kadel-erhaelt-den-essener-jazz-pott-2020\/","url_meta":{"origin":9638,"position":5},"title":"Julia Kadel erh\u00e4lt den Essener \u201eJazz Pott\u201c 2020","author":"Redaktion JazzZeitung","date":"19. August 2020","format":false,"excerpt":"Die Auswahljury der Reihe \u201eJazz in Essen\u201c unter der Leitung von Dr. Berthold Klostermann verleiht in diesem Jahr den Preis f\u00fcr innovative Jazzmusiker \u2013 den \u201eJazz Pott\u201c \u2013 \u00a0an Julia Kadel. Das Preisgeld in H\u00f6he von 2.000 Euro wird von dem Essener Kabarettisten Hagen Rether gestiftet. Die 23. Preistr\u00e4gerin und\u2026","rel":"","context":"In &quot;News&quot;","block_context":{"text":"News","link":"https:\/\/www.jazzzeitung.de\/cms\/thema\/nachrichten\/"},"img":{"alt_text":"","src":"https:\/\/i0.wp.com\/www.jazzzeitung.de\/cms\/wp-content\/uploads\/2020\/08\/Julia-Kadel-c-Lisa-Wassmann_01_klein-scaled-e1597750365495.jpg?fit=1200%2C939&ssl=1&resize=350%2C200","width":350,"height":200,"srcset":"https:\/\/i0.wp.com\/www.jazzzeitung.de\/cms\/wp-content\/uploads\/2020\/08\/Julia-Kadel-c-Lisa-Wassmann_01_klein-scaled-e1597750365495.jpg?fit=1200%2C939&ssl=1&resize=350%2C200 1x, https:\/\/i0.wp.com\/www.jazzzeitung.de\/cms\/wp-content\/uploads\/2020\/08\/Julia-Kadel-c-Lisa-Wassmann_01_klein-scaled-e1597750365495.jpg?fit=1200%2C939&ssl=1&resize=525%2C300 1.5x, https:\/\/i0.wp.com\/www.jazzzeitung.de\/cms\/wp-content\/uploads\/2020\/08\/Julia-Kadel-c-Lisa-Wassmann_01_klein-scaled-e1597750365495.jpg?fit=1200%2C939&ssl=1&resize=700%2C400 2x, https:\/\/i0.wp.com\/www.jazzzeitung.de\/cms\/wp-content\/uploads\/2020\/08\/Julia-Kadel-c-Lisa-Wassmann_01_klein-scaled-e1597750365495.jpg?fit=1200%2C939&ssl=1&resize=1050%2C600 3x"},"classes":[]}],"jetpack_sharing_enabled":true,"_links":{"self":[{"href":"https:\/\/www.jazzzeitung.de\/cms\/wp-json\/wp\/v2\/posts\/9638","targetHints":{"allow":["GET"]}}],"collection":[{"href":"https:\/\/www.jazzzeitung.de\/cms\/wp-json\/wp\/v2\/posts"}],"about":[{"href":"https:\/\/www.jazzzeitung.de\/cms\/wp-json\/wp\/v2\/types\/post"}],"author":[{"embeddable":true,"href":"https:\/\/www.jazzzeitung.de\/cms\/wp-json\/wp\/v2\/users\/18"}],"replies":[{"embeddable":true,"href":"https:\/\/www.jazzzeitung.de\/cms\/wp-json\/wp\/v2\/comments?post=9638"}],"version-history":[{"count":2,"href":"https:\/\/www.jazzzeitung.de\/cms\/wp-json\/wp\/v2\/posts\/9638\/revisions"}],"predecessor-version":[{"id":9641,"href":"https:\/\/www.jazzzeitung.de\/cms\/wp-json\/wp\/v2\/posts\/9638\/revisions\/9641"}],"wp:attachment":[{"href":"https:\/\/www.jazzzeitung.de\/cms\/wp-json\/wp\/v2\/media?parent=9638"}],"wp:term":[{"taxonomy":"category","embeddable":true,"href":"https:\/\/www.jazzzeitung.de\/cms\/wp-json\/wp\/v2\/categories?post=9638"},{"taxonomy":"post_tag","embeddable":true,"href":"https:\/\/www.jazzzeitung.de\/cms\/wp-json\/wp\/v2\/tags?post=9638"},{"taxonomy":"author","embeddable":true,"href":"https:\/\/www.jazzzeitung.de\/cms\/wp-json\/wp\/v2\/coauthors?post=9638"}],"curies":[{"name":"wp","href":"https:\/\/api.w.org\/{rel}","templated":true}]}}