{"id":9625,"date":"2016-07-05T13:39:04","date_gmt":"2016-07-05T11:39:04","guid":{"rendered":"http:\/\/www.jazzzeitung.de\/cms\/?p=9625"},"modified":"2016-07-05T13:39:04","modified_gmt":"2016-07-05T11:39:04","slug":"schoene-kuenste-zum-40-jubilaeum-der-leipziger-jazztage","status":"publish","type":"post","link":"https:\/\/www.jazzzeitung.de\/cms\/2016\/07\/schoene-kuenste-zum-40-jubilaeum-der-leipziger-jazztage\/","title":{"rendered":"\u201eSch\u00f6ne K\u00fcnste\u201c zum 40. Jubil\u00e4um der Leipziger Jazztage"},"content":{"rendered":"<div data-canvas-width=\"123.97\"><a href=\"https:\/\/i0.wp.com\/www.jazzzeitung.de\/cms\/wp-content\/uploads\/2016\/07\/leipzig.jpg\"><img data-recalc-dims=\"1\" loading=\"lazy\" decoding=\"async\" data-attachment-id=\"9627\" data-permalink=\"https:\/\/www.jazzzeitung.de\/cms\/2016\/07\/schoene-kuenste-zum-40-jubilaeum-der-leipziger-jazztage\/leipzig\/\" data-orig-file=\"https:\/\/i0.wp.com\/www.jazzzeitung.de\/cms\/wp-content\/uploads\/2016\/07\/leipzig.jpg?fit=520%2C243&amp;ssl=1\" data-orig-size=\"520,243\" data-comments-opened=\"1\" data-image-meta=\"{&quot;aperture&quot;:&quot;0&quot;,&quot;credit&quot;:&quot;&quot;,&quot;camera&quot;:&quot;&quot;,&quot;caption&quot;:&quot;&quot;,&quot;created_timestamp&quot;:&quot;0&quot;,&quot;copyright&quot;:&quot;&quot;,&quot;focal_length&quot;:&quot;0&quot;,&quot;iso&quot;:&quot;0&quot;,&quot;shutter_speed&quot;:&quot;0&quot;,&quot;title&quot;:&quot;&quot;,&quot;orientation&quot;:&quot;0&quot;}\" data-image-title=\"leipzig\" data-image-description=\"\" data-image-caption=\"\" data-large-file=\"https:\/\/i0.wp.com\/www.jazzzeitung.de\/cms\/wp-content\/uploads\/2016\/07\/leipzig.jpg?fit=520%2C243&amp;ssl=1\" class=\"alignright size-thumbnail wp-image-9627\" src=\"https:\/\/i0.wp.com\/www.jazzzeitung.de\/cms\/wp-content\/uploads\/2016\/07\/leipzig-150x150.jpg?resize=150%2C150\" alt=\"leipzig\" width=\"150\" height=\"150\" srcset=\"https:\/\/i0.wp.com\/www.jazzzeitung.de\/cms\/wp-content\/uploads\/2016\/07\/leipzig.jpg?resize=150%2C150&amp;ssl=1 150w, https:\/\/i0.wp.com\/www.jazzzeitung.de\/cms\/wp-content\/uploads\/2016\/07\/leipzig.jpg?resize=144%2C144&amp;ssl=1 144w, https:\/\/i0.wp.com\/www.jazzzeitung.de\/cms\/wp-content\/uploads\/2016\/07\/leipzig.jpg?resize=96%2C96&amp;ssl=1 96w, https:\/\/i0.wp.com\/www.jazzzeitung.de\/cms\/wp-content\/uploads\/2016\/07\/leipzig.jpg?resize=24%2C24&amp;ssl=1 24w, https:\/\/i0.wp.com\/www.jazzzeitung.de\/cms\/wp-content\/uploads\/2016\/07\/leipzig.jpg?resize=36%2C36&amp;ssl=1 36w, https:\/\/i0.wp.com\/www.jazzzeitung.de\/cms\/wp-content\/uploads\/2016\/07\/leipzig.jpg?resize=48%2C48&amp;ssl=1 48w, https:\/\/i0.wp.com\/www.jazzzeitung.de\/cms\/wp-content\/uploads\/2016\/07\/leipzig.jpg?resize=64%2C64&amp;ssl=1 64w, https:\/\/i0.wp.com\/www.jazzzeitung.de\/cms\/wp-content\/uploads\/2016\/07\/leipzig.jpg?resize=32%2C32&amp;ssl=1 32w, https:\/\/i0.wp.com\/www.jazzzeitung.de\/cms\/wp-content\/uploads\/2016\/07\/leipzig.jpg?resize=50%2C50&amp;ssl=1 50w, https:\/\/i0.wp.com\/www.jazzzeitung.de\/cms\/wp-content\/uploads\/2016\/07\/leipzig.jpg?resize=128%2C128&amp;ssl=1 128w, https:\/\/i0.wp.com\/www.jazzzeitung.de\/cms\/wp-content\/uploads\/2016\/07\/leipzig.jpg?zoom=2&amp;resize=150%2C150&amp;ssl=1 300w, https:\/\/i0.wp.com\/www.jazzzeitung.de\/cms\/wp-content\/uploads\/2016\/07\/leipzig.jpg?zoom=3&amp;resize=150%2C150&amp;ssl=1 450w\" sizes=\"auto, (max-width: 150px) 100vw, 150px\" \/><\/a><strong>Jazz und Tanz \u2013 Jazz und Poesie \u2013 Jazz und Malerei: Die Leipziger Jazztage stehen in ihrer 40. Ausgabe vom 29. September bis 8. Oktober 2016 im Zeichen der \u201eSch\u00f6nen K\u00fcnste\u201c. Unter der Schirmherrschaft von Leipzigs Oberb\u00fcrgermeister Burkhard Jung pr\u00e4sentiert der Jazzclub Leipzig zahlreiche Eigenproduktionen und Auftragsarbeiten mit internationalen Stars, die verschiedene K\u00fcnste miteinander verbinden.<\/strong><\/div>\n<div data-canvas-width=\"123.97\"><\/div>\n<div data-canvas-width=\"123.97\"><\/div>\n<div data-canvas-width=\"123.97\">Mit dabei: Antonio Sanchez &amp; Mario Schr\u00f6der (Tanz), The Bad Plus, Nik B\u00e4rtsch\u2019s Mobile &amp; Lisa Ramstein (Tanz), Kurt Rosenwinkel, Meshell Ndegeocello, Julia H\u00fclsmann Quartett feat. Theo Bleckmann, Ketil Bj\u00f8rnstad, Rolf &amp; Joachim K\u00fchn \u201eHome again\u201c feat. Tomasz Sta\u0144ko &amp; Asja Valcic,Michael Wollny, Tamar Halperin &amp; hr-Bigband, Tord Gustavsen feat. Simin Tander &amp; Jarle Vespestad, G\u00fcnter Baby Sommer, Daniel Erdmann &amp; Samuel Rohrer feat. Jean Michel Hannecart (Malerei), Nora Gomringer (Text) &amp; Philipp Scholz u.a. Weit \u00fcber 100 K\u00fcnstler und K\u00fcnstlerinnen treten an den 10 Festivaltagen in \u00fcber 25 Konzerten auf \u2013 Jazztage- typisch an unterschiedlichsten Spielorten vom Opernhaus \u00fcbers Schauspiel Leipzig und Kirchen bis zu Szeneclubs der Stadt wie Moritzbastei und die naTo. Erstmals seit 1987 kehrt das Festival zudem an seinen fr\u00fcheren Hauptspielort, die historische Kongre\u00dfhalle am Zoo zur\u00fcck. Dort formieren die in Leipzig geborenen und mit dem Festival stets eng verbundenen Rolf und Joachim K\u00fchn eine Supergroup aus ihren aktuellen Bands UNIT und New Trio sowie den G\u00e4sten Tomasz Sta\u0144ko und Asja Valcic. Zudem stellt Free-Jazz-Ikone G\u00fcnter Baby Sommer dort sein neues Projekt \u201eVor der Mauer \u2013 Nach der Mauer\u201c vor, wie das K\u00fchn-Projekt eine Mischung aus \u201ealten Hasen\u201c (Sommer und Friedhelm Sch\u00f6nfeld) und \u201ejungen H\u00fcpfern\u201c (Julia Kadel und Walburga Walde).<\/div>\n<div data-canvas-width=\"756.2699999999991\">Der frisch gebackene Grammy-Preistr\u00e4ger und Komponist des \u201eBirdman\u201c-Soundtracks Antonio Sanchez wird mit Mario Schr\u00f6der, dem Direktor des Leipziger Balletts, ein exklusiv f\u00fcr die 40. Leipziger Jazztage erarbeitetes<\/div>\n<div data-canvas-width=\"756.2716666666656\">St\u00fcck f\u00fcr Solo-Schlagzeug und Tanz vorstellen. Dar\u00fcber hinaus spielt Sanchez mit seiner Band Migration. Der Schweizer Pianist Nik B\u00e4rtsch thematisiert seine Faszination f\u00fcr japanische Kultur und Kampfkunst mit seiner<\/div>\n<div data-canvas-width=\"756.2749999999997\">Band Mobile und eigens choreographiertem Tanz von Lisa Ramstein. Julia H\u00fclsmann und ihr Quartett mit Theo Bleckmann hingegen pr\u00e4sentieren erstmals \u201eThe Root \u2013 vertonte Lyrik aus vier Jahrhunderten von Dickinson<\/div>\n<div data-canvas-width=\"452.81666666666655\">\u00fcber Shakespeare bis Whitman\u201c. Beat Freisens Spelunkenorchester inszeniert zum ersten Mal \u201eDas Dschungelbuch\u201c als musikalische Theaterperformance. Ingeborg-Bachmann-Preistr\u00e4gerin Nora Gomringer und der Leipziger Schlagzeuger Philipp Scholz stellen das Jazz-Poetry-Projekt \u201eWort Drum&amp; Dran\u201c vor. Ketil Bj\u00f8rnstad spielt ein Solokonzert, in dem er seine Alben \u201eImages\u201c und \u201eCantata on Texts by Edvard Munch\u201c verbindet. Daniel Erdmann, Frank M\u00f6bus, Vincent Courtois und Samuel Rohrer stellen mit Live-Malerei von Jean Michael Hannecart ihre \u201eTen Pictures of real Utopia\u201c vor\/aus.<\/div>\n<div data-canvas-width=\"363.98999999999995\">\u00dcber den thematischen Schwerpunkt hinaus stehen international gefeierte Pianisten im Zentrum des diesj\u00e4hrigen Programms: aus den USA kommt das wohl wichtigste Klaviertrio der vergangenen 20 Jahre: The Bad Plus, aus Norwegen Tord Gustavsen (mit der bezaubernden S\u00e4ngerin Simin Tander, die er 2014 zu den Leipziger Jazztagen kennenlernte). Der aus Leipzig kaum noch wegzudenkende Michael Wollny l\u00e4dt mit Tamar Halperin und der hr-Bigband in die \u201eWunderkammer XXL\u201c. Der Schweizer Stefan Rusconi pr\u00e4sentiert mit Tobias Preisig sein Minimal-Projekt \u201eLevitation\u201c \u2013 an Kirchenorgel und Violine! Die US-Amerikanerin Meshell Ndegeocello stellt ihren Mix aus Soul, Spoken Word, R&amp;B, Jazz, HipHop und Rock vor. Ebenfalls aus den USA nach Leipzig kommen Gitarrist Kurt Rosenwinkel mit einem Soloprogramm sowie Zach Danziger &amp; Owen Biddle mit ihrem Bass-Drum-Video-Projekt \u201eEdit Bunker\u201c. Auch der traditionelle \u201eJazz f\u00fcr Kinder\u201c im gro\u00dfen Opernsaal wird im Jubil\u00e4umsjahr etwas ganz Besonderes: Gerhard Sch\u00f6ne tritt dort mit dem Leipziger Jazztrio LU:V und dem GewandhausKinderchor auf.<\/div>\n<div data-canvas-width=\"532.0416666666663\">Der Kartenvorverkauf startete am 5. Juli 2016 an allen bekannten VVK-Stellen. Mehr unter <a href=\"http:\/\/www.jazzclub-leipzig.de\">www.jazzclub-leipzig.de<\/a><\/div>\n<div class=\"canvasWrapper\"><\/div>\n","protected":false},"excerpt":{"rendered":"<p>Jazz und Tanz \u2013 Jazz und Poesie \u2013 Jazz und Malerei: Die Leipziger Jazztage stehen in ihrer 40. Ausgabe vom 29. September bis 8. Oktober 2016 im Zeichen der \u201eSch\u00f6nen K\u00fcnste\u201c. Unter der Schirmherrschaft von Leipzigs Oberb\u00fcrgermeister Burkhard Jung pr\u00e4sentiert der Jazzclub Leipzig zahlreiche Eigenproduktionen und Auftragsarbeiten mit internationalen Stars, die verschiedene K\u00fcnste miteinander verbinden. Mit dabei: Antonio Sanchez &amp; Mario Schr\u00f6der (Tanz), The Bad Plus, Nik B\u00e4rtsch\u2019s Mobile &amp; Lisa Ramstein (Tanz), Kurt Rosenwinkel, Meshell Ndegeocello, Julia H\u00fclsmann Quartett feat. Theo Bleckmann, Ketil Bj\u00f8rnstad, Rolf &amp; Joachim K\u00fchn \u201eHome again\u201c feat. Tomasz Sta\u0144ko &amp; Asja Valcic,Michael Wollny, Tamar Halperin &amp; hr-Bigband, Tord Gustavsen feat. Simin Tander &amp; Jarle Vespestad, G\u00fcnter Baby Sommer, Daniel Erdmann &amp; Samuel Rohrer feat. Jean Michel Hannecart (Malerei), Nora Gomringer (Text) &amp; Philipp Scholz u.a. Weit \u00fcber 100 K\u00fcnstler und K\u00fcnstlerinnen treten an den 10 Festivaltagen in \u00fcber 25 Konzerten auf \u2013 Jazztage- typisch an unterschiedlichsten Spielorten vom Opernhaus \u00fcbers Schauspiel Leipzig und Kirchen bis zu Szeneclubs der Stadt wie Moritzbastei und die naTo. Erstmals seit 1987 kehrt das Festival zudem an seinen fr\u00fcheren Hauptspielort, die historische Kongre\u00dfhalle am Zoo &hellip;<\/p>\n","protected":false},"author":18,"featured_media":0,"comment_status":"open","ping_status":"closed","sticky":false,"template":"","format":"standard","meta":{"_jetpack_memberships_contains_paid_content":false,"footnotes":"","jetpack_publicize_message":"","jetpack_publicize_feature_enabled":true,"jetpack_social_post_already_shared":false,"jetpack_social_options":{"image_generator_settings":{"template":"highway","default_image_id":0,"font":"","enabled":false},"version":2}},"categories":[633],"tags":[66,73,85,3,1200,214,1025,254,271,753,10,306,1204,314,322,327,706,349,350,388,420,1170,1250,962,1219,579],"coauthors":[695],"class_list":["post-9625","post","type-post","status-publish","format-standard","hentry","category-nachrichten","tag-berlin","tag-bigband","tag-bmw-welt","tag-festival","tag-guenter-baby-sommer","tag-halle","tag-hr-bigband","tag-jazz-award","tag-jazzclub","tag-joachim-kuehn","tag-jubilaeum","tag-julia-huelsmann","tag-julia-kadel","tag-kinder","tag-konzert-2","tag-kultur","tag-kurt-rosenwinkel","tag-leipzig","tag-leipziger-jazztage","tag-michael-wollny","tag-nils-wogram","tag-preistraeger","tag-rock","tag-the-bad-plus","tag-theo-bleckmann","tag-video"],"yoast_head":"<!-- This site is optimized with the Yoast SEO plugin v27.5 - https:\/\/yoast.com\/product\/yoast-seo-wordpress\/ -->\n<title>\u201eSch\u00f6ne K\u00fcnste\u201c zum 40. Jubil\u00e4um der Leipziger Jazztage - JazzZeitung<\/title>\n<meta name=\"robots\" content=\"index, follow, max-snippet:-1, max-image-preview:large, max-video-preview:-1\" \/>\n<link rel=\"canonical\" href=\"https:\/\/www.jazzzeitung.de\/cms\/2016\/07\/schoene-kuenste-zum-40-jubilaeum-der-leipziger-jazztage\/\" \/>\n<meta property=\"og:locale\" content=\"de_DE\" \/>\n<meta property=\"og:type\" content=\"article\" \/>\n<meta property=\"og:title\" content=\"\u201eSch\u00f6ne K\u00fcnste\u201c zum 40. Jubil\u00e4um der Leipziger Jazztage - JazzZeitung\" \/>\n<meta property=\"og:description\" content=\"Jazz und Tanz \u2013 Jazz und Poesie \u2013 Jazz und Malerei: Die Leipziger Jazztage stehen in ihrer 40. Ausgabe vom 29. September bis 8. Oktober 2016 im Zeichen der \u201eSch\u00f6nen K\u00fcnste\u201c. Unter der Schirmherrschaft von Leipzigs Oberb\u00fcrgermeister Burkhard Jung pr\u00e4sentiert der Jazzclub Leipzig zahlreiche Eigenproduktionen und Auftragsarbeiten mit internationalen Stars, die verschiedene K\u00fcnste miteinander verbinden. Mit dabei: Antonio Sanchez &amp; Mario Schr\u00f6der (Tanz), The Bad Plus, Nik B\u00e4rtsch\u2019s Mobile &amp; Lisa Ramstein (Tanz), Kurt Rosenwinkel, Meshell Ndegeocello, Julia H\u00fclsmann Quartett feat. Theo Bleckmann, Ketil Bj\u00f8rnstad, Rolf &amp; Joachim K\u00fchn \u201eHome again\u201c feat. Tomasz Sta\u0144ko &amp; Asja Valcic,Michael Wollny, Tamar Halperin &amp; hr-Bigband, Tord Gustavsen feat. Simin Tander &amp; Jarle Vespestad, G\u00fcnter Baby Sommer, Daniel Erdmann &amp; Samuel Rohrer feat. Jean Michel Hannecart (Malerei), Nora Gomringer (Text) &amp; Philipp Scholz u.a. Weit \u00fcber 100 K\u00fcnstler und K\u00fcnstlerinnen treten an den 10 Festivaltagen in \u00fcber 25 Konzerten auf \u2013 Jazztage- typisch an unterschiedlichsten Spielorten vom Opernhaus \u00fcbers Schauspiel Leipzig und Kirchen bis zu Szeneclubs der Stadt wie Moritzbastei und die naTo. Erstmals seit 1987 kehrt das Festival zudem an seinen fr\u00fcheren Hauptspielort, die historische Kongre\u00dfhalle am Zoo &hellip;\" \/>\n<meta property=\"og:url\" content=\"https:\/\/www.jazzzeitung.de\/cms\/2016\/07\/schoene-kuenste-zum-40-jubilaeum-der-leipziger-jazztage\/\" \/>\n<meta property=\"og:site_name\" content=\"JazzZeitung\" \/>\n<meta property=\"article:publisher\" content=\"https:\/\/www.facebook.com\/JazzZeitung\/\" \/>\n<meta property=\"article:published_time\" content=\"2016-07-05T11:39:04+00:00\" \/>\n<meta property=\"og:image\" content=\"http:\/\/www.jazzzeitung.de\/cms\/wp-content\/uploads\/2016\/07\/leipzig-150x150.jpg\" \/>\n<meta name=\"author\" content=\"Redaktion JazzZeitung\" \/>\n<script type=\"application\/ld+json\" class=\"yoast-schema-graph\">{\"@context\":\"https:\\\/\\\/schema.org\",\"@graph\":[{\"@type\":\"Article\",\"@id\":\"https:\\\/\\\/www.jazzzeitung.de\\\/cms\\\/2016\\\/07\\\/schoene-kuenste-zum-40-jubilaeum-der-leipziger-jazztage\\\/#article\",\"isPartOf\":{\"@id\":\"https:\\\/\\\/www.jazzzeitung.de\\\/cms\\\/2016\\\/07\\\/schoene-kuenste-zum-40-jubilaeum-der-leipziger-jazztage\\\/\"},\"author\":{\"name\":\"Redaktion JazzZeitung\",\"@id\":\"https:\\\/\\\/www.jazzzeitung.de\\\/cms\\\/#\\\/schema\\\/person\\\/2245b36b9cd1d24cea10f01c031fb92b\"},\"headline\":\"\u201eSch\u00f6ne K\u00fcnste\u201c zum 40. Jubil\u00e4um der Leipziger Jazztage\",\"datePublished\":\"2016-07-05T11:39:04+00:00\",\"mainEntityOfPage\":{\"@id\":\"https:\\\/\\\/www.jazzzeitung.de\\\/cms\\\/2016\\\/07\\\/schoene-kuenste-zum-40-jubilaeum-der-leipziger-jazztage\\\/\"},\"wordCount\":631,\"commentCount\":0,\"publisher\":{\"@id\":\"https:\\\/\\\/www.jazzzeitung.de\\\/cms\\\/#organization\"},\"image\":{\"@id\":\"https:\\\/\\\/www.jazzzeitung.de\\\/cms\\\/2016\\\/07\\\/schoene-kuenste-zum-40-jubilaeum-der-leipziger-jazztage\\\/#primaryimage\"},\"thumbnailUrl\":\"http:\\\/\\\/www.jazzzeitung.de\\\/cms\\\/wp-content\\\/uploads\\\/2016\\\/07\\\/leipzig-150x150.jpg\",\"keywords\":[\"Berlin\",\"Bigband\",\"bmw welt\",\"Festival\",\"G\u00fcnter Baby Sommer\",\"Halle\",\"hr-Bigband\",\"Jazz Award\",\"Jazzclub\",\"Joachim K\u00fchn\",\"Jubil\u00e4um\",\"Julia H\u00fclsmann\",\"Julia Kadel\",\"Kinder\",\"Konzert\",\"Kultur\",\"Kurt Rosenwinkel\",\"Leipzig\",\"Leipziger Jazztage\",\"Michael Wollny\",\"Nils Wogram\",\"Preistr\u00e4ger\",\"Rock\",\"The Bad Plus\",\"Theo Bleckmann\",\"Video\"],\"articleSection\":[\"News\"],\"inLanguage\":\"de\",\"potentialAction\":[{\"@type\":\"CommentAction\",\"name\":\"Comment\",\"target\":[\"https:\\\/\\\/www.jazzzeitung.de\\\/cms\\\/2016\\\/07\\\/schoene-kuenste-zum-40-jubilaeum-der-leipziger-jazztage\\\/#respond\"]}]},{\"@type\":\"WebPage\",\"@id\":\"https:\\\/\\\/www.jazzzeitung.de\\\/cms\\\/2016\\\/07\\\/schoene-kuenste-zum-40-jubilaeum-der-leipziger-jazztage\\\/\",\"url\":\"https:\\\/\\\/www.jazzzeitung.de\\\/cms\\\/2016\\\/07\\\/schoene-kuenste-zum-40-jubilaeum-der-leipziger-jazztage\\\/\",\"name\":\"\u201eSch\u00f6ne K\u00fcnste\u201c zum 40. Jubil\u00e4um der Leipziger Jazztage - JazzZeitung\",\"isPartOf\":{\"@id\":\"https:\\\/\\\/www.jazzzeitung.de\\\/cms\\\/#website\"},\"primaryImageOfPage\":{\"@id\":\"https:\\\/\\\/www.jazzzeitung.de\\\/cms\\\/2016\\\/07\\\/schoene-kuenste-zum-40-jubilaeum-der-leipziger-jazztage\\\/#primaryimage\"},\"image\":{\"@id\":\"https:\\\/\\\/www.jazzzeitung.de\\\/cms\\\/2016\\\/07\\\/schoene-kuenste-zum-40-jubilaeum-der-leipziger-jazztage\\\/#primaryimage\"},\"thumbnailUrl\":\"http:\\\/\\\/www.jazzzeitung.de\\\/cms\\\/wp-content\\\/uploads\\\/2016\\\/07\\\/leipzig-150x150.jpg\",\"datePublished\":\"2016-07-05T11:39:04+00:00\",\"breadcrumb\":{\"@id\":\"https:\\\/\\\/www.jazzzeitung.de\\\/cms\\\/2016\\\/07\\\/schoene-kuenste-zum-40-jubilaeum-der-leipziger-jazztage\\\/#breadcrumb\"},\"inLanguage\":\"de\",\"potentialAction\":[{\"@type\":\"ReadAction\",\"target\":[\"https:\\\/\\\/www.jazzzeitung.de\\\/cms\\\/2016\\\/07\\\/schoene-kuenste-zum-40-jubilaeum-der-leipziger-jazztage\\\/\"]}]},{\"@type\":\"ImageObject\",\"inLanguage\":\"de\",\"@id\":\"https:\\\/\\\/www.jazzzeitung.de\\\/cms\\\/2016\\\/07\\\/schoene-kuenste-zum-40-jubilaeum-der-leipziger-jazztage\\\/#primaryimage\",\"url\":\"http:\\\/\\\/www.jazzzeitung.de\\\/cms\\\/wp-content\\\/uploads\\\/2016\\\/07\\\/leipzig-150x150.jpg\",\"contentUrl\":\"http:\\\/\\\/www.jazzzeitung.de\\\/cms\\\/wp-content\\\/uploads\\\/2016\\\/07\\\/leipzig-150x150.jpg\"},{\"@type\":\"BreadcrumbList\",\"@id\":\"https:\\\/\\\/www.jazzzeitung.de\\\/cms\\\/2016\\\/07\\\/schoene-kuenste-zum-40-jubilaeum-der-leipziger-jazztage\\\/#breadcrumb\",\"itemListElement\":[{\"@type\":\"ListItem\",\"position\":1,\"name\":\"Startseite\",\"item\":\"https:\\\/\\\/www.jazzzeitung.de\\\/cms\\\/\"},{\"@type\":\"ListItem\",\"position\":2,\"name\":\"\u201eSch\u00f6ne K\u00fcnste\u201c zum 40. Jubil\u00e4um der Leipziger Jazztage\"}]},{\"@type\":\"WebSite\",\"@id\":\"https:\\\/\\\/www.jazzzeitung.de\\\/cms\\\/#website\",\"url\":\"https:\\\/\\\/www.jazzzeitung.de\\\/cms\\\/\",\"name\":\"JazzZeitung\",\"description\":\"Jazz-News und Jazz-Kontroverses\",\"publisher\":{\"@id\":\"https:\\\/\\\/www.jazzzeitung.de\\\/cms\\\/#organization\"},\"potentialAction\":[{\"@type\":\"SearchAction\",\"target\":{\"@type\":\"EntryPoint\",\"urlTemplate\":\"https:\\\/\\\/www.jazzzeitung.de\\\/cms\\\/?s={search_term_string}\"},\"query-input\":{\"@type\":\"PropertyValueSpecification\",\"valueRequired\":true,\"valueName\":\"search_term_string\"}}],\"inLanguage\":\"de\"},{\"@type\":\"Organization\",\"@id\":\"https:\\\/\\\/www.jazzzeitung.de\\\/cms\\\/#organization\",\"name\":\"JazzZeitung online\",\"url\":\"https:\\\/\\\/www.jazzzeitung.de\\\/cms\\\/\",\"logo\":{\"@type\":\"ImageObject\",\"inLanguage\":\"de\",\"@id\":\"https:\\\/\\\/www.jazzzeitung.de\\\/cms\\\/#\\\/schema\\\/logo\\\/image\\\/\",\"url\":\"https:\\\/\\\/i0.wp.com\\\/www.jazzzeitung.de\\\/cms\\\/wp-content\\\/uploads\\\/2015\\\/08\\\/JAZZZEITUNGDE_Logo_Neu.png?fit=499%2C200&ssl=1\",\"contentUrl\":\"https:\\\/\\\/i0.wp.com\\\/www.jazzzeitung.de\\\/cms\\\/wp-content\\\/uploads\\\/2015\\\/08\\\/JAZZZEITUNGDE_Logo_Neu.png?fit=499%2C200&ssl=1\",\"width\":499,\"height\":200,\"caption\":\"JazzZeitung online\"},\"image\":{\"@id\":\"https:\\\/\\\/www.jazzzeitung.de\\\/cms\\\/#\\\/schema\\\/logo\\\/image\\\/\"},\"sameAs\":[\"https:\\\/\\\/www.facebook.com\\\/JazzZeitung\\\/\"]},{\"@type\":\"Person\",\"@id\":\"https:\\\/\\\/www.jazzzeitung.de\\\/cms\\\/#\\\/schema\\\/person\\\/2245b36b9cd1d24cea10f01c031fb92b\",\"name\":\"Redaktion JazzZeitung\",\"image\":{\"@type\":\"ImageObject\",\"inLanguage\":\"de\",\"@id\":\"https:\\\/\\\/i0.wp.com\\\/www.jazzzeitung.de\\\/cms\\\/wp-content\\\/uploads\\\/2015\\\/08\\\/JAZZZEITUNGDE_Logo_Neu.png?resize=96%2C96&ssl=159975dcacb611b5700bd619b5daf0a7a\",\"url\":\"https:\\\/\\\/i0.wp.com\\\/www.jazzzeitung.de\\\/cms\\\/wp-content\\\/uploads\\\/2015\\\/08\\\/JAZZZEITUNGDE_Logo_Neu.png?resize=96%2C96&ssl=1\",\"contentUrl\":\"https:\\\/\\\/i0.wp.com\\\/www.jazzzeitung.de\\\/cms\\\/wp-content\\\/uploads\\\/2015\\\/08\\\/JAZZZEITUNGDE_Logo_Neu.png?resize=96%2C96&ssl=1\",\"caption\":\"Redaktion JazzZeitung\"},\"description\":\"Artikel der Redaktion der JazzZeitung.\",\"sameAs\":[\"http:\\\/\\\/www.jazzzeitung.de\\\/cms\\\/\"],\"url\":\"https:\\\/\\\/www.jazzzeitung.de\\\/cms\\\/author\\\/redaktion\\\/\"}]}<\/script>\n<!-- \/ Yoast SEO plugin. -->","yoast_head_json":{"title":"\u201eSch\u00f6ne K\u00fcnste\u201c zum 40. Jubil\u00e4um der Leipziger Jazztage - JazzZeitung","robots":{"index":"index","follow":"follow","max-snippet":"max-snippet:-1","max-image-preview":"max-image-preview:large","max-video-preview":"max-video-preview:-1"},"canonical":"https:\/\/www.jazzzeitung.de\/cms\/2016\/07\/schoene-kuenste-zum-40-jubilaeum-der-leipziger-jazztage\/","og_locale":"de_DE","og_type":"article","og_title":"\u201eSch\u00f6ne K\u00fcnste\u201c zum 40. Jubil\u00e4um der Leipziger Jazztage - JazzZeitung","og_description":"Jazz und Tanz \u2013 Jazz und Poesie \u2013 Jazz und Malerei: Die Leipziger Jazztage stehen in ihrer 40. Ausgabe vom 29. September bis 8. Oktober 2016 im Zeichen der \u201eSch\u00f6nen K\u00fcnste\u201c. Unter der Schirmherrschaft von Leipzigs Oberb\u00fcrgermeister Burkhard Jung pr\u00e4sentiert der Jazzclub Leipzig zahlreiche Eigenproduktionen und Auftragsarbeiten mit internationalen Stars, die verschiedene K\u00fcnste miteinander verbinden. Mit dabei: Antonio Sanchez &amp; Mario Schr\u00f6der (Tanz), The Bad Plus, Nik B\u00e4rtsch\u2019s Mobile &amp; Lisa Ramstein (Tanz), Kurt Rosenwinkel, Meshell Ndegeocello, Julia H\u00fclsmann Quartett feat. Theo Bleckmann, Ketil Bj\u00f8rnstad, Rolf &amp; Joachim K\u00fchn \u201eHome again\u201c feat. Tomasz Sta\u0144ko &amp; Asja Valcic,Michael Wollny, Tamar Halperin &amp; hr-Bigband, Tord Gustavsen feat. Simin Tander &amp; Jarle Vespestad, G\u00fcnter Baby Sommer, Daniel Erdmann &amp; Samuel Rohrer feat. Jean Michel Hannecart (Malerei), Nora Gomringer (Text) &amp; Philipp Scholz u.a. Weit \u00fcber 100 K\u00fcnstler und K\u00fcnstlerinnen treten an den 10 Festivaltagen in \u00fcber 25 Konzerten auf \u2013 Jazztage- typisch an unterschiedlichsten Spielorten vom Opernhaus \u00fcbers Schauspiel Leipzig und Kirchen bis zu Szeneclubs der Stadt wie Moritzbastei und die naTo. Erstmals seit 1987 kehrt das Festival zudem an seinen fr\u00fcheren Hauptspielort, die historische Kongre\u00dfhalle am Zoo &hellip;","og_url":"https:\/\/www.jazzzeitung.de\/cms\/2016\/07\/schoene-kuenste-zum-40-jubilaeum-der-leipziger-jazztage\/","og_site_name":"JazzZeitung","article_publisher":"https:\/\/www.facebook.com\/JazzZeitung\/","article_published_time":"2016-07-05T11:39:04+00:00","og_image":[{"url":"http:\/\/www.jazzzeitung.de\/cms\/wp-content\/uploads\/2016\/07\/leipzig-150x150.jpg","type":"","width":"","height":""}],"author":"Redaktion JazzZeitung","schema":{"@context":"https:\/\/schema.org","@graph":[{"@type":"Article","@id":"https:\/\/www.jazzzeitung.de\/cms\/2016\/07\/schoene-kuenste-zum-40-jubilaeum-der-leipziger-jazztage\/#article","isPartOf":{"@id":"https:\/\/www.jazzzeitung.de\/cms\/2016\/07\/schoene-kuenste-zum-40-jubilaeum-der-leipziger-jazztage\/"},"author":{"name":"Redaktion JazzZeitung","@id":"https:\/\/www.jazzzeitung.de\/cms\/#\/schema\/person\/2245b36b9cd1d24cea10f01c031fb92b"},"headline":"\u201eSch\u00f6ne K\u00fcnste\u201c zum 40. Jubil\u00e4um der Leipziger Jazztage","datePublished":"2016-07-05T11:39:04+00:00","mainEntityOfPage":{"@id":"https:\/\/www.jazzzeitung.de\/cms\/2016\/07\/schoene-kuenste-zum-40-jubilaeum-der-leipziger-jazztage\/"},"wordCount":631,"commentCount":0,"publisher":{"@id":"https:\/\/www.jazzzeitung.de\/cms\/#organization"},"image":{"@id":"https:\/\/www.jazzzeitung.de\/cms\/2016\/07\/schoene-kuenste-zum-40-jubilaeum-der-leipziger-jazztage\/#primaryimage"},"thumbnailUrl":"http:\/\/www.jazzzeitung.de\/cms\/wp-content\/uploads\/2016\/07\/leipzig-150x150.jpg","keywords":["Berlin","Bigband","bmw welt","Festival","G\u00fcnter Baby Sommer","Halle","hr-Bigband","Jazz Award","Jazzclub","Joachim K\u00fchn","Jubil\u00e4um","Julia H\u00fclsmann","Julia Kadel","Kinder","Konzert","Kultur","Kurt Rosenwinkel","Leipzig","Leipziger Jazztage","Michael Wollny","Nils Wogram","Preistr\u00e4ger","Rock","The Bad Plus","Theo Bleckmann","Video"],"articleSection":["News"],"inLanguage":"de","potentialAction":[{"@type":"CommentAction","name":"Comment","target":["https:\/\/www.jazzzeitung.de\/cms\/2016\/07\/schoene-kuenste-zum-40-jubilaeum-der-leipziger-jazztage\/#respond"]}]},{"@type":"WebPage","@id":"https:\/\/www.jazzzeitung.de\/cms\/2016\/07\/schoene-kuenste-zum-40-jubilaeum-der-leipziger-jazztage\/","url":"https:\/\/www.jazzzeitung.de\/cms\/2016\/07\/schoene-kuenste-zum-40-jubilaeum-der-leipziger-jazztage\/","name":"\u201eSch\u00f6ne K\u00fcnste\u201c zum 40. Jubil\u00e4um der Leipziger Jazztage - JazzZeitung","isPartOf":{"@id":"https:\/\/www.jazzzeitung.de\/cms\/#website"},"primaryImageOfPage":{"@id":"https:\/\/www.jazzzeitung.de\/cms\/2016\/07\/schoene-kuenste-zum-40-jubilaeum-der-leipziger-jazztage\/#primaryimage"},"image":{"@id":"https:\/\/www.jazzzeitung.de\/cms\/2016\/07\/schoene-kuenste-zum-40-jubilaeum-der-leipziger-jazztage\/#primaryimage"},"thumbnailUrl":"http:\/\/www.jazzzeitung.de\/cms\/wp-content\/uploads\/2016\/07\/leipzig-150x150.jpg","datePublished":"2016-07-05T11:39:04+00:00","breadcrumb":{"@id":"https:\/\/www.jazzzeitung.de\/cms\/2016\/07\/schoene-kuenste-zum-40-jubilaeum-der-leipziger-jazztage\/#breadcrumb"},"inLanguage":"de","potentialAction":[{"@type":"ReadAction","target":["https:\/\/www.jazzzeitung.de\/cms\/2016\/07\/schoene-kuenste-zum-40-jubilaeum-der-leipziger-jazztage\/"]}]},{"@type":"ImageObject","inLanguage":"de","@id":"https:\/\/www.jazzzeitung.de\/cms\/2016\/07\/schoene-kuenste-zum-40-jubilaeum-der-leipziger-jazztage\/#primaryimage","url":"http:\/\/www.jazzzeitung.de\/cms\/wp-content\/uploads\/2016\/07\/leipzig-150x150.jpg","contentUrl":"http:\/\/www.jazzzeitung.de\/cms\/wp-content\/uploads\/2016\/07\/leipzig-150x150.jpg"},{"@type":"BreadcrumbList","@id":"https:\/\/www.jazzzeitung.de\/cms\/2016\/07\/schoene-kuenste-zum-40-jubilaeum-der-leipziger-jazztage\/#breadcrumb","itemListElement":[{"@type":"ListItem","position":1,"name":"Startseite","item":"https:\/\/www.jazzzeitung.de\/cms\/"},{"@type":"ListItem","position":2,"name":"\u201eSch\u00f6ne K\u00fcnste\u201c zum 40. Jubil\u00e4um der Leipziger Jazztage"}]},{"@type":"WebSite","@id":"https:\/\/www.jazzzeitung.de\/cms\/#website","url":"https:\/\/www.jazzzeitung.de\/cms\/","name":"JazzZeitung","description":"Jazz-News und Jazz-Kontroverses","publisher":{"@id":"https:\/\/www.jazzzeitung.de\/cms\/#organization"},"potentialAction":[{"@type":"SearchAction","target":{"@type":"EntryPoint","urlTemplate":"https:\/\/www.jazzzeitung.de\/cms\/?s={search_term_string}"},"query-input":{"@type":"PropertyValueSpecification","valueRequired":true,"valueName":"search_term_string"}}],"inLanguage":"de"},{"@type":"Organization","@id":"https:\/\/www.jazzzeitung.de\/cms\/#organization","name":"JazzZeitung online","url":"https:\/\/www.jazzzeitung.de\/cms\/","logo":{"@type":"ImageObject","inLanguage":"de","@id":"https:\/\/www.jazzzeitung.de\/cms\/#\/schema\/logo\/image\/","url":"https:\/\/i0.wp.com\/www.jazzzeitung.de\/cms\/wp-content\/uploads\/2015\/08\/JAZZZEITUNGDE_Logo_Neu.png?fit=499%2C200&ssl=1","contentUrl":"https:\/\/i0.wp.com\/www.jazzzeitung.de\/cms\/wp-content\/uploads\/2015\/08\/JAZZZEITUNGDE_Logo_Neu.png?fit=499%2C200&ssl=1","width":499,"height":200,"caption":"JazzZeitung online"},"image":{"@id":"https:\/\/www.jazzzeitung.de\/cms\/#\/schema\/logo\/image\/"},"sameAs":["https:\/\/www.facebook.com\/JazzZeitung\/"]},{"@type":"Person","@id":"https:\/\/www.jazzzeitung.de\/cms\/#\/schema\/person\/2245b36b9cd1d24cea10f01c031fb92b","name":"Redaktion JazzZeitung","image":{"@type":"ImageObject","inLanguage":"de","@id":"https:\/\/i0.wp.com\/www.jazzzeitung.de\/cms\/wp-content\/uploads\/2015\/08\/JAZZZEITUNGDE_Logo_Neu.png?resize=96%2C96&ssl=159975dcacb611b5700bd619b5daf0a7a","url":"https:\/\/i0.wp.com\/www.jazzzeitung.de\/cms\/wp-content\/uploads\/2015\/08\/JAZZZEITUNGDE_Logo_Neu.png?resize=96%2C96&ssl=1","contentUrl":"https:\/\/i0.wp.com\/www.jazzzeitung.de\/cms\/wp-content\/uploads\/2015\/08\/JAZZZEITUNGDE_Logo_Neu.png?resize=96%2C96&ssl=1","caption":"Redaktion JazzZeitung"},"description":"Artikel der Redaktion der JazzZeitung.","sameAs":["http:\/\/www.jazzzeitung.de\/cms\/"],"url":"https:\/\/www.jazzzeitung.de\/cms\/author\/redaktion\/"}]}},"wp-worthy-pixel":{"ignored":false,"public":null,"server":null,"url":null},"wp-worthy-type":"normal","jetpack_publicize_connections":[],"cc_featured_image_caption":{"caption_text":false,"source_text":false,"source_url":false},"jetpack_featured_media_url":"","jetpack_shortlink":"https:\/\/wp.me\/p3KEcT-2vf","jetpack-related-posts":[{"id":9787,"url":"https:\/\/www.jazzzeitung.de\/cms\/2016\/08\/jazz-und-tanz-jazz-und-poesie-jazz-und-malerei-bei-den-leipziger-jazztagen\/","url_meta":{"origin":9625,"position":0},"title":"Jazz und Tanz \u2013 Jazz und Poesie \u2013 Jazz und Malerei bei den Leipziger Jazztagen","author":"Redaktion JazzZeitung","date":"8. August 2016","format":false,"excerpt":"Die 40. Ausgabe der Leipziger Jazztage steht im Zeichen der \u201eSch\u00f6nen K\u00fcnste\u201c und findet vom 29.9.16 bis zum 8.10.16 an verschiedenen Spielorten in Leipzig statt. Unter der Schirmherrschaft von Leipzigs Oberb\u00fcrgermeister Burkhard Jung pr\u00e4sentiert der Jazzclub Leipzig zahlreiche Eigenproduktionen und Auftragsarbeiten mit internationalen Stars, die verschiedene K\u00fcnste miteinander verbinden. \u00a0Neben\u2026","rel":"","context":"In &quot;News&quot;","block_context":{"text":"News","link":"https:\/\/www.jazzzeitung.de\/cms\/thema\/nachrichten\/"},"img":{"alt_text":"leipzig_logo_neu","src":"https:\/\/i0.wp.com\/www.jazzzeitung.de\/cms\/wp-content\/uploads\/2016\/08\/leipzig_logo_neu-150x150.jpg?resize=350%2C200","width":350,"height":200},"classes":[]},{"id":2268,"url":"https:\/\/www.jazzzeitung.de\/cms\/2013\/09\/einer-woche-gehts-los-37-leipziger-jazztage\/","url_meta":{"origin":9625,"position":1},"title":"In einer Woche geht&#8217;s los: 37. Leipziger Jazztage","author":"Redaktion JazzZeitung","date":"23. September 2013","format":false,"excerpt":"Die 37. Leipziger Jazztage blicken vom 27. September bis 6. Oktober 2013 mit einem musikalischen Augenzwinkern auf Richard Wagner. Anlass daf\u00fcr geben der 200. Geburtstag Wagners und der 20. Todestag Zappas, dessen parodistischer Umgang mit Wagner Ausgangspunkt f\u00fcr die Programmgestaltung war. So tritt hier der gr\u00f6\u00dfte Held der deutschen Sp\u00e4tromantik,\u2026","rel":"","context":"In &quot;News&quot;","block_context":{"text":"News","link":"https:\/\/www.jazzzeitung.de\/cms\/thema\/nachrichten\/"},"img":{"alt_text":"hai'leipzig","src":"https:\/\/i0.wp.com\/www.jazzzeitung.de\/cms\/wp-content\/uploads\/2013\/09\/haileipzig-150x150.jpg?resize=350%2C200","width":350,"height":200},"classes":[]},{"id":10199,"url":"https:\/\/www.jazzzeitung.de\/cms\/2016\/09\/40-ausgabe-der-leipziger-jazztage\/","url_meta":{"origin":9625,"position":2},"title":"Heute beginnt die 40. Ausgabe der Leipziger Jazztage","author":"Redaktion JazzZeitung","date":"29. September 2016","format":false,"excerpt":"Heute beginnt die 40. Ausgabe der Leipziger Jazztage, die in diesem Jahr unter dem Zeichen \u201eder sch\u00f6nen K\u00fcnste\" steht. Insgesamt treten an 10 Tagen \u00fcber 100 K\u00fcnstler\/-innen in mehr als 25 Konzerten auf, darunter Ensembles wie das Julia H\u00fclsmann Quartett feat. Theo Bleckmann oder Schlagzeuger Antonio Sanchez. Bei zahlreichen Eigenproduktionen\u2026","rel":"","context":"In &quot;News&quot;","block_context":{"text":"News","link":"https:\/\/www.jazzzeitung.de\/cms\/thema\/nachrichten\/"},"img":{"alt_text":"leipzig_logo_neu","src":"https:\/\/i0.wp.com\/www.jazzzeitung.de\/cms\/wp-content\/uploads\/2016\/09\/leipzig_logo_neu-150x150.jpg?resize=350%2C200","width":350,"height":200},"classes":[]},{"id":13235,"url":"https:\/\/www.jazzzeitung.de\/cms\/2017\/08\/bmw-welt-young-artist-jazz-award-bringt-roman-sladek-zweimal-auf-die-buehnen-des-landes\/","url_meta":{"origin":9625,"position":3},"title":"BMW Welt Young Artist Jazz Award bringt Roman Sladek zweimal auf die B\u00fchnen des Landes","author":"Redaktion JazzZeitung","date":"9. August 2017","format":false,"excerpt":"Leipzig\/M\u00fcnchen. Roman Sladek, Preistr\u00e4ger des BMW Welt Young Artist Jazz Award 2017, wird als Teil des Preises am 14. Oktober im Werk 2 w\u00e4hrend der Leipziger Jazztage und am 23. Oktober im M\u00fcnchner Jazzclub Unterfahrt mit der Jazzrausch Bigband auftreten. Dar\u00fcber hinaus erh\u00e4lt das Nachwuchstalent 3.000 Euro als Preisgeld. Ausgew\u00e4hlt\u2026","rel":"","context":"In &quot;News&quot;","block_context":{"text":"News","link":"https:\/\/www.jazzzeitung.de\/cms\/thema\/nachrichten\/"},"img":{"alt_text":"","src":"https:\/\/i0.wp.com\/www.jazzzeitung.de\/cms\/wp-content\/uploads\/2017\/06\/Sladek-Roman_52-150x150.jpg?resize=350%2C200&ssl=1","width":350,"height":200},"classes":[]},{"id":13769,"url":"https:\/\/www.jazzzeitung.de\/cms\/2017\/10\/gitarrengipfel-zu-den-41-leipziger-jazztagen\/","url_meta":{"origin":9625,"position":4},"title":"Gitarrengipfel zu den 41. Leipziger Jazztagen","author":"Redaktion JazzZeitung","date":"12. Oktober 2017","format":false,"excerpt":"In der 41. Ausgabe der Leipziger Jazztage bietet der Leipziger Jazzclub ein Programm mit 22 Konzerten, die um den vielseitigen Gitarrensound im zeitgen\u00f6ssischen Jazz kreisen. An zehn Spielorten vom Szeneclub bis zum Opernhaus gastieren Newcomer und Stars unter dem Motto \u201eGitarrengipfel\u201c. Zu erleben sind: Pat Metheny, Egberto Gismonti (mit Maria\u2026","rel":"","context":"In &quot;News&quot;","block_context":{"text":"News","link":"https:\/\/www.jazzzeitung.de\/cms\/thema\/nachrichten\/"},"img":{"alt_text":"Spielt bei den Leipziger Jazztagen: Monika Roscher. Foto: Hufner","src":"https:\/\/i0.wp.com\/www.jazzzeitung.de\/cms\/wp-content\/uploads\/2017\/10\/roscher_jazzfest_2014.jpg?fit=1200%2C890&ssl=1&resize=350%2C200","width":350,"height":200,"srcset":"https:\/\/i0.wp.com\/www.jazzzeitung.de\/cms\/wp-content\/uploads\/2017\/10\/roscher_jazzfest_2014.jpg?fit=1200%2C890&ssl=1&resize=350%2C200 1x, https:\/\/i0.wp.com\/www.jazzzeitung.de\/cms\/wp-content\/uploads\/2017\/10\/roscher_jazzfest_2014.jpg?fit=1200%2C890&ssl=1&resize=525%2C300 1.5x, https:\/\/i0.wp.com\/www.jazzzeitung.de\/cms\/wp-content\/uploads\/2017\/10\/roscher_jazzfest_2014.jpg?fit=1200%2C890&ssl=1&resize=700%2C400 2x, https:\/\/i0.wp.com\/www.jazzzeitung.de\/cms\/wp-content\/uploads\/2017\/10\/roscher_jazzfest_2014.jpg?fit=1200%2C890&ssl=1&resize=1050%2C600 3x"},"classes":[]},{"id":12667,"url":"https:\/\/www.jazzzeitung.de\/cms\/2017\/06\/roman-sladek-ist-preistraeger-des-bmw-welt-young-artist-jazz-award\/","url_meta":{"origin":9625,"position":5},"title":"Roman Sladek ist Preistr\u00e4ger des BMW Welt Young Artist Jazz Award","author":"Redaktion JazzZeitung","date":"14. Juni 2017","format":false,"excerpt":"In seinem zweiten Jahr ehrt der BMW Welt Young Artist Jazz Award den Posaunisten Roman Sladek. Seit 2016 k\u00fcrt die renommierte Jury des BMW Welt Jazz Award gezielt einmal im Jahr Nachwuchstalente aus dem Raum M\u00fcnchen. Die BMW AG und die Stadt M\u00fcnchen stiften neben den Konzerten im M\u00fcnchner Jazzclub\u2026","rel":"","context":"In &quot;News&quot;","block_context":{"text":"News","link":"https:\/\/www.jazzzeitung.de\/cms\/thema\/nachrichten\/"},"img":{"alt_text":"","src":"https:\/\/i0.wp.com\/www.jazzzeitung.de\/cms\/wp-content\/uploads\/2017\/06\/roman-150x150.jpg?resize=350%2C200&ssl=1","width":350,"height":200},"classes":[]}],"jetpack_sharing_enabled":true,"_links":{"self":[{"href":"https:\/\/www.jazzzeitung.de\/cms\/wp-json\/wp\/v2\/posts\/9625","targetHints":{"allow":["GET"]}}],"collection":[{"href":"https:\/\/www.jazzzeitung.de\/cms\/wp-json\/wp\/v2\/posts"}],"about":[{"href":"https:\/\/www.jazzzeitung.de\/cms\/wp-json\/wp\/v2\/types\/post"}],"author":[{"embeddable":true,"href":"https:\/\/www.jazzzeitung.de\/cms\/wp-json\/wp\/v2\/users\/18"}],"replies":[{"embeddable":true,"href":"https:\/\/www.jazzzeitung.de\/cms\/wp-json\/wp\/v2\/comments?post=9625"}],"version-history":[{"count":6,"href":"https:\/\/www.jazzzeitung.de\/cms\/wp-json\/wp\/v2\/posts\/9625\/revisions"}],"predecessor-version":[{"id":9632,"href":"https:\/\/www.jazzzeitung.de\/cms\/wp-json\/wp\/v2\/posts\/9625\/revisions\/9632"}],"wp:attachment":[{"href":"https:\/\/www.jazzzeitung.de\/cms\/wp-json\/wp\/v2\/media?parent=9625"}],"wp:term":[{"taxonomy":"category","embeddable":true,"href":"https:\/\/www.jazzzeitung.de\/cms\/wp-json\/wp\/v2\/categories?post=9625"},{"taxonomy":"post_tag","embeddable":true,"href":"https:\/\/www.jazzzeitung.de\/cms\/wp-json\/wp\/v2\/tags?post=9625"},{"taxonomy":"author","embeddable":true,"href":"https:\/\/www.jazzzeitung.de\/cms\/wp-json\/wp\/v2\/coauthors?post=9625"}],"curies":[{"name":"wp","href":"https:\/\/api.w.org\/{rel}","templated":true}]}}