{"id":9585,"date":"2016-06-29T17:30:22","date_gmt":"2016-06-29T15:30:22","guid":{"rendered":"http:\/\/www.jazzzeitung.de\/cms\/?p=9585"},"modified":"2016-07-04T10:28:51","modified_gmt":"2016-07-04T08:28:51","slug":"junger-muenchner-jazzpreis-2016-steht-bevor","status":"publish","type":"post","link":"https:\/\/www.jazzzeitung.de\/cms\/2016\/06\/junger-muenchner-jazzpreis-2016-steht-bevor\/","title":{"rendered":"Jetzt bewerben f\u00fcr den Jungen M\u00fcnchner Jazzpreis 2016"},"content":{"rendered":"<p><a href=\"https:\/\/i0.wp.com\/www.jazzzeitung.de\/cms\/wp-content\/uploads\/2016\/06\/Logo_Muc_Jazz-300x244.png\"><img data-recalc-dims=\"1\" loading=\"lazy\" decoding=\"async\" data-attachment-id=\"9586\" data-permalink=\"https:\/\/www.jazzzeitung.de\/cms\/2016\/06\/junger-muenchner-jazzpreis-2016-steht-bevor\/logo_muc_jazz-300x244-2\/\" data-orig-file=\"https:\/\/i0.wp.com\/www.jazzzeitung.de\/cms\/wp-content\/uploads\/2016\/06\/Logo_Muc_Jazz-300x244.png?fit=300%2C244&amp;ssl=1\" data-orig-size=\"300,244\" data-comments-opened=\"1\" data-image-meta=\"{&quot;aperture&quot;:&quot;0&quot;,&quot;credit&quot;:&quot;&quot;,&quot;camera&quot;:&quot;&quot;,&quot;caption&quot;:&quot;&quot;,&quot;created_timestamp&quot;:&quot;0&quot;,&quot;copyright&quot;:&quot;&quot;,&quot;focal_length&quot;:&quot;0&quot;,&quot;iso&quot;:&quot;0&quot;,&quot;shutter_speed&quot;:&quot;0&quot;,&quot;title&quot;:&quot;&quot;,&quot;orientation&quot;:&quot;0&quot;}\" data-image-title=\"Logo_Muc_Jazz-300&amp;#215;244\" data-image-description=\"\" data-image-caption=\"\" data-large-file=\"https:\/\/i0.wp.com\/www.jazzzeitung.de\/cms\/wp-content\/uploads\/2016\/06\/Logo_Muc_Jazz-300x244.png?fit=300%2C244&amp;ssl=1\" class=\"alignright size-thumbnail wp-image-9586\" src=\"https:\/\/i0.wp.com\/www.jazzzeitung.de\/cms\/wp-content\/uploads\/2016\/06\/Logo_Muc_Jazz-300x244-150x150.png?resize=150%2C150\" alt=\"Logo_Muc_Jazz-300x244\" width=\"150\" height=\"150\" srcset=\"https:\/\/i0.wp.com\/www.jazzzeitung.de\/cms\/wp-content\/uploads\/2016\/06\/Logo_Muc_Jazz-300x244.png?resize=150%2C150&amp;ssl=1 150w, https:\/\/i0.wp.com\/www.jazzzeitung.de\/cms\/wp-content\/uploads\/2016\/06\/Logo_Muc_Jazz-300x244.png?resize=144%2C144&amp;ssl=1 144w, https:\/\/i0.wp.com\/www.jazzzeitung.de\/cms\/wp-content\/uploads\/2016\/06\/Logo_Muc_Jazz-300x244.png?resize=96%2C96&amp;ssl=1 96w, https:\/\/i0.wp.com\/www.jazzzeitung.de\/cms\/wp-content\/uploads\/2016\/06\/Logo_Muc_Jazz-300x244.png?resize=24%2C24&amp;ssl=1 24w, https:\/\/i0.wp.com\/www.jazzzeitung.de\/cms\/wp-content\/uploads\/2016\/06\/Logo_Muc_Jazz-300x244.png?resize=36%2C36&amp;ssl=1 36w, https:\/\/i0.wp.com\/www.jazzzeitung.de\/cms\/wp-content\/uploads\/2016\/06\/Logo_Muc_Jazz-300x244.png?resize=48%2C48&amp;ssl=1 48w, https:\/\/i0.wp.com\/www.jazzzeitung.de\/cms\/wp-content\/uploads\/2016\/06\/Logo_Muc_Jazz-300x244.png?resize=64%2C64&amp;ssl=1 64w, https:\/\/i0.wp.com\/www.jazzzeitung.de\/cms\/wp-content\/uploads\/2016\/06\/Logo_Muc_Jazz-300x244.png?resize=32%2C32&amp;ssl=1 32w, https:\/\/i0.wp.com\/www.jazzzeitung.de\/cms\/wp-content\/uploads\/2016\/06\/Logo_Muc_Jazz-300x244.png?resize=50%2C50&amp;ssl=1 50w, https:\/\/i0.wp.com\/www.jazzzeitung.de\/cms\/wp-content\/uploads\/2016\/06\/Logo_Muc_Jazz-300x244.png?resize=128%2C128&amp;ssl=1 128w, https:\/\/i0.wp.com\/www.jazzzeitung.de\/cms\/wp-content\/uploads\/2016\/06\/Logo_Muc_Jazz-300x244.png?zoom=2&amp;resize=150%2C150&amp;ssl=1 300w\" sizes=\"auto, (max-width: 150px) 100vw, 150px\" \/><\/a>Am 11. November 2016 wird zum vierten Mal der Junge M\u00fcnchner Jazzpreis vergeben.\u00a0 Mit diesem Preis\u00a0 sollen junge K\u00fcnstler und Bands aus Deutschland gef\u00f6rdert werden. Bewerben k\u00f6nnen sich 1-6 Jazzmusiker(innen). Jede(r) Musiker(in) kann sich im selben Jahr nur einmal bewerben, insgesamt maximal dreimal. Alle Bewerber(innen) sollen zum Zeitpunkt der Bewerbungsfrist nicht \u00e4lter als 27 Jahre sein und ihren 1. Wohnsitz in Deutschland haben. Die Bewerber(innen) senden bitte per Post eine max. 2 Druckseiten umfassende Musiker- bzw. Bandinfo\u00a0 einschlie\u00dflich Kontaktdaten (Email und Telefon), 6 identische Exemplare einer anonymisierten CD (blank) mit insgesamt max. 20 min\u00fctigen Musikproben ein. Ende der Bewerbungsfrist ist 1. Juli 2016\u00a0 (Posteingang).<\/p>\n<p>Aus allen fristgerecht eingegangenen Bewerbungen w\u00e4hlt die von \u2018mucjazz \u2013 M\u00fcnchner Verein zur F\u00f6rderung von Jazz e.V.\u2019 eingesetzte Fachjury die 3 besten Bewerber im blindfold\u00a0 Verfahren aus. Die 3 ausgew\u00e4hlten Bewerber werden f\u00fcr den 11. November 2016 nach M\u00fcnchen in den Jazzclub Unterfahrt zum Finale eingeladen, bei dem sie im Rahmen eines Konzertes um den 1. Platz spielen. Die Gesamtdotation des Jungen M\u00fcnchner Jazzpreises betr\u00e4gt 6000,- \u20ac. Das Konzertfinale findet in Kooperation mit BR Klassik statt und wird vom BR aufgenommen.<\/p>\n<p>Bitte senden Sie Ihre Unterlagen an mucjazz \u2013 M\u00fcnchner Verein zur F\u00f6rderung von Jazz e.V.\u2013 Volkartstra\u00dfe 2c 80634 M\u00fcnchen<\/p>\n<p>Der Rechtsweg ist ausgeschlossen!<\/p>\n<p>Jury:<\/p>\n<ul>\n<li>Mitglieder der Jury \u201cJunger M\u00fcnchner Jazzpreis 2016\u2033:<\/li>\n<li>Michael St\u00fcckl,\u00a0 Jazzclub Unterfahrt, M\u00fcnchen<\/li>\n<li>\u00a0Andrea Hermenau, Musikerin, M\u00fcnchen<\/li>\n<li>\u00a0Ralf\u00a0 Dombrowski, freier Journalist, u.a. S\u00fcddeutsche Zeitung, Jazzthing u.a., M\u00fcnchen<\/li>\n<li>\u00a0Tizian Jost, Musiker, Professur f\u00fcr Jazz Piano an der Musikhochschule M\u00fcnchen<\/li>\n<li>\u00a0Andreas Heuck, Vorsitzender mucjazz \u2013 M\u00fcnchner Verein zur F\u00f6rderung von Jazz e.V., M\u00fcnchen<\/li>\n<\/ul>\n<p>mucjazz \u2013 M\u00fcnchner Verein zur F\u00f6rderung von Jazz e.V. \u2013 <a href=\"http:\/\/www.mucjazz.de\/\">http:\/\/www.mucjazz.de\/<\/a><\/p>\n<p><span style=\"border-radius: 2px; text-indent: 20px; width: auto; padding: 0px 4px 0px 0px; text-align: center; font: bold 11px\/20px 'Helvetica Neue',Helvetica,sans-serif; color: #ffffff; background: #bd081c no-repeat scroll 3px 50% \/ 14px 14px; position: absolute; opacity: 1; z-index: 8675309; display: none; cursor: pointer;\">Merken<\/span><\/p>\n<p><span style=\"border-radius: 2px; text-indent: 20px; width: auto; padding: 0px 4px 0px 0px; text-align: center; font: bold 11px\/20px 'Helvetica Neue',Helvetica,sans-serif; color: #ffffff; background: #bd081c  no-repeat scroll 3px 50% \/ 14px 14px; position: absolute; opacity: 1; z-index: 8675309; display: none; cursor: pointer;\">Merken<\/span><\/p>\n","protected":false},"excerpt":{"rendered":"<p>Am 11. November 2016 wird zum vierten Mal der Junge M\u00fcnchner Jazzpreis vergeben.\u00a0 Mit diesem Preis\u00a0 sollen junge K\u00fcnstler und Bands aus Deutschland gef\u00f6rdert werden. Bewerben k\u00f6nnen sich 1-6 Jazzmusiker(innen). Jede(r) Musiker(in) kann sich im selben Jahr nur einmal bewerben, insgesamt maximal dreimal. Alle Bewerber(innen) sollen zum Zeitpunkt der Bewerbungsfrist nicht \u00e4lter als 27 Jahre sein und ihren 1. Wohnsitz in Deutschland haben. Die Bewerber(innen) senden bitte per Post eine max. 2 Druckseiten umfassende Musiker- bzw. Bandinfo\u00a0 einschlie\u00dflich Kontaktdaten (Email und Telefon), 6 identische Exemplare einer anonymisierten CD (blank) mit insgesamt max. 20 min\u00fctigen Musikproben ein. Ende der Bewerbungsfrist ist 1. Juli 2016\u00a0 (Posteingang). Aus allen fristgerecht eingegangenen Bewerbungen w\u00e4hlt die von \u2018mucjazz \u2013 M\u00fcnchner Verein zur F\u00f6rderung von Jazz e.V.\u2019 eingesetzte Fachjury die 3 besten Bewerber im blindfold\u00a0 Verfahren aus. Die 3 ausgew\u00e4hlten Bewerber werden f\u00fcr den 11. November 2016 nach M\u00fcnchen in den Jazzclub Unterfahrt zum Finale eingeladen, bei dem sie im Rahmen eines Konzertes um den 1. Platz spielen. Die Gesamtdotation des Jungen M\u00fcnchner Jazzpreises betr\u00e4gt 6000,- \u20ac. Das Konzertfinale findet in Kooperation mit BR Klassik statt und wird vom BR aufgenommen. &hellip;<\/p>\n","protected":false},"author":18,"featured_media":0,"comment_status":"open","ping_status":"closed","sticky":false,"template":"","format":"standard","meta":{"_jetpack_memberships_contains_paid_content":false,"footnotes":"","jetpack_publicize_message":"","jetpack_publicize_feature_enabled":true,"jetpack_social_post_already_shared":false,"jetpack_social_options":{"image_generator_settings":{"template":"highway","default_image_id":0,"font":"","enabled":false},"version":2}},"categories":[633],"tags":[109,137,271,809,281,289,316,1116,401,442,530,552,573],"coauthors":[695],"class_list":["post-9585","post","type-post","status-publish","format-standard","hentry","category-nachrichten","tag-cd","tag-deutschland","tag-jazzclub","tag-jazzclub-unterfahrt","tag-jazzmusiker","tag-jazzthing","tag-klassik","tag-mucjazz","tag-muenchen","tag-piano","tag-sueddeutsche","tag-tizian-jost","tag-unterfahrt"],"yoast_head":"<!-- This site is optimized with the Yoast SEO plugin v27.5 - https:\/\/yoast.com\/product\/yoast-seo-wordpress\/ -->\n<title>Jetzt bewerben f\u00fcr den Jungen M\u00fcnchner Jazzpreis 2016 - JazzZeitung<\/title>\n<meta name=\"robots\" content=\"index, follow, max-snippet:-1, max-image-preview:large, max-video-preview:-1\" \/>\n<link rel=\"canonical\" href=\"https:\/\/www.jazzzeitung.de\/cms\/2016\/06\/junger-muenchner-jazzpreis-2016-steht-bevor\/\" \/>\n<meta property=\"og:locale\" content=\"de_DE\" \/>\n<meta property=\"og:type\" content=\"article\" \/>\n<meta property=\"og:title\" content=\"Jetzt bewerben f\u00fcr den Jungen M\u00fcnchner Jazzpreis 2016 - JazzZeitung\" \/>\n<meta property=\"og:description\" content=\"Am 11. November 2016 wird zum vierten Mal der Junge M\u00fcnchner Jazzpreis vergeben.\u00a0 Mit diesem Preis\u00a0 sollen junge K\u00fcnstler und Bands aus Deutschland gef\u00f6rdert werden. Bewerben k\u00f6nnen sich 1-6 Jazzmusiker(innen). Jede(r) Musiker(in) kann sich im selben Jahr nur einmal bewerben, insgesamt maximal dreimal. Alle Bewerber(innen) sollen zum Zeitpunkt der Bewerbungsfrist nicht \u00e4lter als 27 Jahre sein und ihren 1. Wohnsitz in Deutschland haben. Die Bewerber(innen) senden bitte per Post eine max. 2 Druckseiten umfassende Musiker- bzw. Bandinfo\u00a0 einschlie\u00dflich Kontaktdaten (Email und Telefon), 6 identische Exemplare einer anonymisierten CD (blank) mit insgesamt max. 20 min\u00fctigen Musikproben ein. Ende der Bewerbungsfrist ist 1. Juli 2016\u00a0 (Posteingang). Aus allen fristgerecht eingegangenen Bewerbungen w\u00e4hlt die von \u2018mucjazz \u2013 M\u00fcnchner Verein zur F\u00f6rderung von Jazz e.V.\u2019 eingesetzte Fachjury die 3 besten Bewerber im blindfold\u00a0 Verfahren aus. Die 3 ausgew\u00e4hlten Bewerber werden f\u00fcr den 11. November 2016 nach M\u00fcnchen in den Jazzclub Unterfahrt zum Finale eingeladen, bei dem sie im Rahmen eines Konzertes um den 1. Platz spielen. Die Gesamtdotation des Jungen M\u00fcnchner Jazzpreises betr\u00e4gt 6000,- \u20ac. Das Konzertfinale findet in Kooperation mit BR Klassik statt und wird vom BR aufgenommen. &hellip;\" \/>\n<meta property=\"og:url\" content=\"https:\/\/www.jazzzeitung.de\/cms\/2016\/06\/junger-muenchner-jazzpreis-2016-steht-bevor\/\" \/>\n<meta property=\"og:site_name\" content=\"JazzZeitung\" \/>\n<meta property=\"article:publisher\" content=\"https:\/\/www.facebook.com\/JazzZeitung\/\" \/>\n<meta property=\"article:published_time\" content=\"2016-06-29T15:30:22+00:00\" \/>\n<meta property=\"article:modified_time\" content=\"2016-07-04T08:28:51+00:00\" \/>\n<meta property=\"og:image\" content=\"http:\/\/www.jazzzeitung.de\/cms\/wp-content\/uploads\/2016\/06\/Logo_Muc_Jazz-300x244-150x150.png\" \/>\n<meta name=\"author\" content=\"Redaktion JazzZeitung\" \/>\n<script type=\"application\/ld+json\" class=\"yoast-schema-graph\">{\"@context\":\"https:\\\/\\\/schema.org\",\"@graph\":[{\"@type\":\"Article\",\"@id\":\"https:\\\/\\\/www.jazzzeitung.de\\\/cms\\\/2016\\\/06\\\/junger-muenchner-jazzpreis-2016-steht-bevor\\\/#article\",\"isPartOf\":{\"@id\":\"https:\\\/\\\/www.jazzzeitung.de\\\/cms\\\/2016\\\/06\\\/junger-muenchner-jazzpreis-2016-steht-bevor\\\/\"},\"author\":{\"name\":\"Redaktion JazzZeitung\",\"@id\":\"https:\\\/\\\/www.jazzzeitung.de\\\/cms\\\/#\\\/schema\\\/person\\\/2245b36b9cd1d24cea10f01c031fb92b\"},\"headline\":\"Jetzt bewerben f\u00fcr den Jungen M\u00fcnchner Jazzpreis 2016\",\"datePublished\":\"2016-06-29T15:30:22+00:00\",\"dateModified\":\"2016-07-04T08:28:51+00:00\",\"mainEntityOfPage\":{\"@id\":\"https:\\\/\\\/www.jazzzeitung.de\\\/cms\\\/2016\\\/06\\\/junger-muenchner-jazzpreis-2016-steht-bevor\\\/\"},\"wordCount\":304,\"commentCount\":0,\"publisher\":{\"@id\":\"https:\\\/\\\/www.jazzzeitung.de\\\/cms\\\/#organization\"},\"image\":{\"@id\":\"https:\\\/\\\/www.jazzzeitung.de\\\/cms\\\/2016\\\/06\\\/junger-muenchner-jazzpreis-2016-steht-bevor\\\/#primaryimage\"},\"thumbnailUrl\":\"http:\\\/\\\/www.jazzzeitung.de\\\/cms\\\/wp-content\\\/uploads\\\/2016\\\/06\\\/Logo_Muc_Jazz-300x244-150x150.png\",\"keywords\":[\"CD\",\"Deutschland\",\"Jazzclub\",\"Jazzclub Unterfahrt\",\"Jazzmusiker\",\"jazzthing\",\"Klassik\",\"mucjazz\",\"M\u00fcnchen\",\"Piano\",\"S\u00fcddeutsche\",\"Tizian Jost\",\"Unterfahrt\"],\"articleSection\":[\"News\"],\"inLanguage\":\"de\",\"potentialAction\":[{\"@type\":\"CommentAction\",\"name\":\"Comment\",\"target\":[\"https:\\\/\\\/www.jazzzeitung.de\\\/cms\\\/2016\\\/06\\\/junger-muenchner-jazzpreis-2016-steht-bevor\\\/#respond\"]}]},{\"@type\":\"WebPage\",\"@id\":\"https:\\\/\\\/www.jazzzeitung.de\\\/cms\\\/2016\\\/06\\\/junger-muenchner-jazzpreis-2016-steht-bevor\\\/\",\"url\":\"https:\\\/\\\/www.jazzzeitung.de\\\/cms\\\/2016\\\/06\\\/junger-muenchner-jazzpreis-2016-steht-bevor\\\/\",\"name\":\"Jetzt bewerben f\u00fcr den Jungen M\u00fcnchner Jazzpreis 2016 - JazzZeitung\",\"isPartOf\":{\"@id\":\"https:\\\/\\\/www.jazzzeitung.de\\\/cms\\\/#website\"},\"primaryImageOfPage\":{\"@id\":\"https:\\\/\\\/www.jazzzeitung.de\\\/cms\\\/2016\\\/06\\\/junger-muenchner-jazzpreis-2016-steht-bevor\\\/#primaryimage\"},\"image\":{\"@id\":\"https:\\\/\\\/www.jazzzeitung.de\\\/cms\\\/2016\\\/06\\\/junger-muenchner-jazzpreis-2016-steht-bevor\\\/#primaryimage\"},\"thumbnailUrl\":\"http:\\\/\\\/www.jazzzeitung.de\\\/cms\\\/wp-content\\\/uploads\\\/2016\\\/06\\\/Logo_Muc_Jazz-300x244-150x150.png\",\"datePublished\":\"2016-06-29T15:30:22+00:00\",\"dateModified\":\"2016-07-04T08:28:51+00:00\",\"breadcrumb\":{\"@id\":\"https:\\\/\\\/www.jazzzeitung.de\\\/cms\\\/2016\\\/06\\\/junger-muenchner-jazzpreis-2016-steht-bevor\\\/#breadcrumb\"},\"inLanguage\":\"de\",\"potentialAction\":[{\"@type\":\"ReadAction\",\"target\":[\"https:\\\/\\\/www.jazzzeitung.de\\\/cms\\\/2016\\\/06\\\/junger-muenchner-jazzpreis-2016-steht-bevor\\\/\"]}]},{\"@type\":\"ImageObject\",\"inLanguage\":\"de\",\"@id\":\"https:\\\/\\\/www.jazzzeitung.de\\\/cms\\\/2016\\\/06\\\/junger-muenchner-jazzpreis-2016-steht-bevor\\\/#primaryimage\",\"url\":\"http:\\\/\\\/www.jazzzeitung.de\\\/cms\\\/wp-content\\\/uploads\\\/2016\\\/06\\\/Logo_Muc_Jazz-300x244-150x150.png\",\"contentUrl\":\"http:\\\/\\\/www.jazzzeitung.de\\\/cms\\\/wp-content\\\/uploads\\\/2016\\\/06\\\/Logo_Muc_Jazz-300x244-150x150.png\"},{\"@type\":\"BreadcrumbList\",\"@id\":\"https:\\\/\\\/www.jazzzeitung.de\\\/cms\\\/2016\\\/06\\\/junger-muenchner-jazzpreis-2016-steht-bevor\\\/#breadcrumb\",\"itemListElement\":[{\"@type\":\"ListItem\",\"position\":1,\"name\":\"Startseite\",\"item\":\"https:\\\/\\\/www.jazzzeitung.de\\\/cms\\\/\"},{\"@type\":\"ListItem\",\"position\":2,\"name\":\"Jetzt bewerben f\u00fcr den Jungen M\u00fcnchner Jazzpreis 2016\"}]},{\"@type\":\"WebSite\",\"@id\":\"https:\\\/\\\/www.jazzzeitung.de\\\/cms\\\/#website\",\"url\":\"https:\\\/\\\/www.jazzzeitung.de\\\/cms\\\/\",\"name\":\"JazzZeitung\",\"description\":\"Jazz-News und Jazz-Kontroverses\",\"publisher\":{\"@id\":\"https:\\\/\\\/www.jazzzeitung.de\\\/cms\\\/#organization\"},\"potentialAction\":[{\"@type\":\"SearchAction\",\"target\":{\"@type\":\"EntryPoint\",\"urlTemplate\":\"https:\\\/\\\/www.jazzzeitung.de\\\/cms\\\/?s={search_term_string}\"},\"query-input\":{\"@type\":\"PropertyValueSpecification\",\"valueRequired\":true,\"valueName\":\"search_term_string\"}}],\"inLanguage\":\"de\"},{\"@type\":\"Organization\",\"@id\":\"https:\\\/\\\/www.jazzzeitung.de\\\/cms\\\/#organization\",\"name\":\"JazzZeitung online\",\"url\":\"https:\\\/\\\/www.jazzzeitung.de\\\/cms\\\/\",\"logo\":{\"@type\":\"ImageObject\",\"inLanguage\":\"de\",\"@id\":\"https:\\\/\\\/www.jazzzeitung.de\\\/cms\\\/#\\\/schema\\\/logo\\\/image\\\/\",\"url\":\"https:\\\/\\\/i0.wp.com\\\/www.jazzzeitung.de\\\/cms\\\/wp-content\\\/uploads\\\/2015\\\/08\\\/JAZZZEITUNGDE_Logo_Neu.png?fit=499%2C200&ssl=1\",\"contentUrl\":\"https:\\\/\\\/i0.wp.com\\\/www.jazzzeitung.de\\\/cms\\\/wp-content\\\/uploads\\\/2015\\\/08\\\/JAZZZEITUNGDE_Logo_Neu.png?fit=499%2C200&ssl=1\",\"width\":499,\"height\":200,\"caption\":\"JazzZeitung online\"},\"image\":{\"@id\":\"https:\\\/\\\/www.jazzzeitung.de\\\/cms\\\/#\\\/schema\\\/logo\\\/image\\\/\"},\"sameAs\":[\"https:\\\/\\\/www.facebook.com\\\/JazzZeitung\\\/\"]},{\"@type\":\"Person\",\"@id\":\"https:\\\/\\\/www.jazzzeitung.de\\\/cms\\\/#\\\/schema\\\/person\\\/2245b36b9cd1d24cea10f01c031fb92b\",\"name\":\"Redaktion JazzZeitung\",\"image\":{\"@type\":\"ImageObject\",\"inLanguage\":\"de\",\"@id\":\"https:\\\/\\\/i0.wp.com\\\/www.jazzzeitung.de\\\/cms\\\/wp-content\\\/uploads\\\/2015\\\/08\\\/JAZZZEITUNGDE_Logo_Neu.png?resize=96%2C96&ssl=159975dcacb611b5700bd619b5daf0a7a\",\"url\":\"https:\\\/\\\/i0.wp.com\\\/www.jazzzeitung.de\\\/cms\\\/wp-content\\\/uploads\\\/2015\\\/08\\\/JAZZZEITUNGDE_Logo_Neu.png?resize=96%2C96&ssl=1\",\"contentUrl\":\"https:\\\/\\\/i0.wp.com\\\/www.jazzzeitung.de\\\/cms\\\/wp-content\\\/uploads\\\/2015\\\/08\\\/JAZZZEITUNGDE_Logo_Neu.png?resize=96%2C96&ssl=1\",\"caption\":\"Redaktion JazzZeitung\"},\"description\":\"Artikel der Redaktion der JazzZeitung.\",\"sameAs\":[\"http:\\\/\\\/www.jazzzeitung.de\\\/cms\\\/\"],\"url\":\"https:\\\/\\\/www.jazzzeitung.de\\\/cms\\\/author\\\/redaktion\\\/\"}]}<\/script>\n<!-- \/ Yoast SEO plugin. -->","yoast_head_json":{"title":"Jetzt bewerben f\u00fcr den Jungen M\u00fcnchner Jazzpreis 2016 - JazzZeitung","robots":{"index":"index","follow":"follow","max-snippet":"max-snippet:-1","max-image-preview":"max-image-preview:large","max-video-preview":"max-video-preview:-1"},"canonical":"https:\/\/www.jazzzeitung.de\/cms\/2016\/06\/junger-muenchner-jazzpreis-2016-steht-bevor\/","og_locale":"de_DE","og_type":"article","og_title":"Jetzt bewerben f\u00fcr den Jungen M\u00fcnchner Jazzpreis 2016 - JazzZeitung","og_description":"Am 11. November 2016 wird zum vierten Mal der Junge M\u00fcnchner Jazzpreis vergeben.\u00a0 Mit diesem Preis\u00a0 sollen junge K\u00fcnstler und Bands aus Deutschland gef\u00f6rdert werden. Bewerben k\u00f6nnen sich 1-6 Jazzmusiker(innen). Jede(r) Musiker(in) kann sich im selben Jahr nur einmal bewerben, insgesamt maximal dreimal. Alle Bewerber(innen) sollen zum Zeitpunkt der Bewerbungsfrist nicht \u00e4lter als 27 Jahre sein und ihren 1. Wohnsitz in Deutschland haben. Die Bewerber(innen) senden bitte per Post eine max. 2 Druckseiten umfassende Musiker- bzw. Bandinfo\u00a0 einschlie\u00dflich Kontaktdaten (Email und Telefon), 6 identische Exemplare einer anonymisierten CD (blank) mit insgesamt max. 20 min\u00fctigen Musikproben ein. Ende der Bewerbungsfrist ist 1. Juli 2016\u00a0 (Posteingang). Aus allen fristgerecht eingegangenen Bewerbungen w\u00e4hlt die von \u2018mucjazz \u2013 M\u00fcnchner Verein zur F\u00f6rderung von Jazz e.V.\u2019 eingesetzte Fachjury die 3 besten Bewerber im blindfold\u00a0 Verfahren aus. Die 3 ausgew\u00e4hlten Bewerber werden f\u00fcr den 11. November 2016 nach M\u00fcnchen in den Jazzclub Unterfahrt zum Finale eingeladen, bei dem sie im Rahmen eines Konzertes um den 1. Platz spielen. Die Gesamtdotation des Jungen M\u00fcnchner Jazzpreises betr\u00e4gt 6000,- \u20ac. Das Konzertfinale findet in Kooperation mit BR Klassik statt und wird vom BR aufgenommen. &hellip;","og_url":"https:\/\/www.jazzzeitung.de\/cms\/2016\/06\/junger-muenchner-jazzpreis-2016-steht-bevor\/","og_site_name":"JazzZeitung","article_publisher":"https:\/\/www.facebook.com\/JazzZeitung\/","article_published_time":"2016-06-29T15:30:22+00:00","article_modified_time":"2016-07-04T08:28:51+00:00","og_image":[{"url":"http:\/\/www.jazzzeitung.de\/cms\/wp-content\/uploads\/2016\/06\/Logo_Muc_Jazz-300x244-150x150.png","type":"","width":"","height":""}],"author":"Redaktion JazzZeitung","schema":{"@context":"https:\/\/schema.org","@graph":[{"@type":"Article","@id":"https:\/\/www.jazzzeitung.de\/cms\/2016\/06\/junger-muenchner-jazzpreis-2016-steht-bevor\/#article","isPartOf":{"@id":"https:\/\/www.jazzzeitung.de\/cms\/2016\/06\/junger-muenchner-jazzpreis-2016-steht-bevor\/"},"author":{"name":"Redaktion JazzZeitung","@id":"https:\/\/www.jazzzeitung.de\/cms\/#\/schema\/person\/2245b36b9cd1d24cea10f01c031fb92b"},"headline":"Jetzt bewerben f\u00fcr den Jungen M\u00fcnchner Jazzpreis 2016","datePublished":"2016-06-29T15:30:22+00:00","dateModified":"2016-07-04T08:28:51+00:00","mainEntityOfPage":{"@id":"https:\/\/www.jazzzeitung.de\/cms\/2016\/06\/junger-muenchner-jazzpreis-2016-steht-bevor\/"},"wordCount":304,"commentCount":0,"publisher":{"@id":"https:\/\/www.jazzzeitung.de\/cms\/#organization"},"image":{"@id":"https:\/\/www.jazzzeitung.de\/cms\/2016\/06\/junger-muenchner-jazzpreis-2016-steht-bevor\/#primaryimage"},"thumbnailUrl":"http:\/\/www.jazzzeitung.de\/cms\/wp-content\/uploads\/2016\/06\/Logo_Muc_Jazz-300x244-150x150.png","keywords":["CD","Deutschland","Jazzclub","Jazzclub Unterfahrt","Jazzmusiker","jazzthing","Klassik","mucjazz","M\u00fcnchen","Piano","S\u00fcddeutsche","Tizian Jost","Unterfahrt"],"articleSection":["News"],"inLanguage":"de","potentialAction":[{"@type":"CommentAction","name":"Comment","target":["https:\/\/www.jazzzeitung.de\/cms\/2016\/06\/junger-muenchner-jazzpreis-2016-steht-bevor\/#respond"]}]},{"@type":"WebPage","@id":"https:\/\/www.jazzzeitung.de\/cms\/2016\/06\/junger-muenchner-jazzpreis-2016-steht-bevor\/","url":"https:\/\/www.jazzzeitung.de\/cms\/2016\/06\/junger-muenchner-jazzpreis-2016-steht-bevor\/","name":"Jetzt bewerben f\u00fcr den Jungen M\u00fcnchner Jazzpreis 2016 - JazzZeitung","isPartOf":{"@id":"https:\/\/www.jazzzeitung.de\/cms\/#website"},"primaryImageOfPage":{"@id":"https:\/\/www.jazzzeitung.de\/cms\/2016\/06\/junger-muenchner-jazzpreis-2016-steht-bevor\/#primaryimage"},"image":{"@id":"https:\/\/www.jazzzeitung.de\/cms\/2016\/06\/junger-muenchner-jazzpreis-2016-steht-bevor\/#primaryimage"},"thumbnailUrl":"http:\/\/www.jazzzeitung.de\/cms\/wp-content\/uploads\/2016\/06\/Logo_Muc_Jazz-300x244-150x150.png","datePublished":"2016-06-29T15:30:22+00:00","dateModified":"2016-07-04T08:28:51+00:00","breadcrumb":{"@id":"https:\/\/www.jazzzeitung.de\/cms\/2016\/06\/junger-muenchner-jazzpreis-2016-steht-bevor\/#breadcrumb"},"inLanguage":"de","potentialAction":[{"@type":"ReadAction","target":["https:\/\/www.jazzzeitung.de\/cms\/2016\/06\/junger-muenchner-jazzpreis-2016-steht-bevor\/"]}]},{"@type":"ImageObject","inLanguage":"de","@id":"https:\/\/www.jazzzeitung.de\/cms\/2016\/06\/junger-muenchner-jazzpreis-2016-steht-bevor\/#primaryimage","url":"http:\/\/www.jazzzeitung.de\/cms\/wp-content\/uploads\/2016\/06\/Logo_Muc_Jazz-300x244-150x150.png","contentUrl":"http:\/\/www.jazzzeitung.de\/cms\/wp-content\/uploads\/2016\/06\/Logo_Muc_Jazz-300x244-150x150.png"},{"@type":"BreadcrumbList","@id":"https:\/\/www.jazzzeitung.de\/cms\/2016\/06\/junger-muenchner-jazzpreis-2016-steht-bevor\/#breadcrumb","itemListElement":[{"@type":"ListItem","position":1,"name":"Startseite","item":"https:\/\/www.jazzzeitung.de\/cms\/"},{"@type":"ListItem","position":2,"name":"Jetzt bewerben f\u00fcr den Jungen M\u00fcnchner Jazzpreis 2016"}]},{"@type":"WebSite","@id":"https:\/\/www.jazzzeitung.de\/cms\/#website","url":"https:\/\/www.jazzzeitung.de\/cms\/","name":"JazzZeitung","description":"Jazz-News und Jazz-Kontroverses","publisher":{"@id":"https:\/\/www.jazzzeitung.de\/cms\/#organization"},"potentialAction":[{"@type":"SearchAction","target":{"@type":"EntryPoint","urlTemplate":"https:\/\/www.jazzzeitung.de\/cms\/?s={search_term_string}"},"query-input":{"@type":"PropertyValueSpecification","valueRequired":true,"valueName":"search_term_string"}}],"inLanguage":"de"},{"@type":"Organization","@id":"https:\/\/www.jazzzeitung.de\/cms\/#organization","name":"JazzZeitung online","url":"https:\/\/www.jazzzeitung.de\/cms\/","logo":{"@type":"ImageObject","inLanguage":"de","@id":"https:\/\/www.jazzzeitung.de\/cms\/#\/schema\/logo\/image\/","url":"https:\/\/i0.wp.com\/www.jazzzeitung.de\/cms\/wp-content\/uploads\/2015\/08\/JAZZZEITUNGDE_Logo_Neu.png?fit=499%2C200&ssl=1","contentUrl":"https:\/\/i0.wp.com\/www.jazzzeitung.de\/cms\/wp-content\/uploads\/2015\/08\/JAZZZEITUNGDE_Logo_Neu.png?fit=499%2C200&ssl=1","width":499,"height":200,"caption":"JazzZeitung online"},"image":{"@id":"https:\/\/www.jazzzeitung.de\/cms\/#\/schema\/logo\/image\/"},"sameAs":["https:\/\/www.facebook.com\/JazzZeitung\/"]},{"@type":"Person","@id":"https:\/\/www.jazzzeitung.de\/cms\/#\/schema\/person\/2245b36b9cd1d24cea10f01c031fb92b","name":"Redaktion JazzZeitung","image":{"@type":"ImageObject","inLanguage":"de","@id":"https:\/\/i0.wp.com\/www.jazzzeitung.de\/cms\/wp-content\/uploads\/2015\/08\/JAZZZEITUNGDE_Logo_Neu.png?resize=96%2C96&ssl=159975dcacb611b5700bd619b5daf0a7a","url":"https:\/\/i0.wp.com\/www.jazzzeitung.de\/cms\/wp-content\/uploads\/2015\/08\/JAZZZEITUNGDE_Logo_Neu.png?resize=96%2C96&ssl=1","contentUrl":"https:\/\/i0.wp.com\/www.jazzzeitung.de\/cms\/wp-content\/uploads\/2015\/08\/JAZZZEITUNGDE_Logo_Neu.png?resize=96%2C96&ssl=1","caption":"Redaktion JazzZeitung"},"description":"Artikel der Redaktion der JazzZeitung.","sameAs":["http:\/\/www.jazzzeitung.de\/cms\/"],"url":"https:\/\/www.jazzzeitung.de\/cms\/author\/redaktion\/"}]}},"wp-worthy-pixel":{"ignored":false,"public":null,"server":null,"url":null},"wp-worthy-type":"normal","jetpack_publicize_connections":[],"cc_featured_image_caption":{"caption_text":false,"source_text":false,"source_url":false},"jetpack_featured_media_url":"","jetpack_shortlink":"https:\/\/wp.me\/p3KEcT-2uB","jetpack-related-posts":[{"id":11998,"url":"https:\/\/www.jazzzeitung.de\/cms\/2017\/03\/junger-muenchner-jazzpreis-2017-jetzt-bewerben\/","url_meta":{"origin":9585,"position":0},"title":"Junger M\u00fcnchner Jazzpreis 2017 &#8211; jetzt bewerben!","author":"Redaktion JazzZeitung","date":"20. M\u00e4rz 2017","format":false,"excerpt":"F\u00fcr den Jungen M\u00fcnchner Jazzpreis 2017 sind Bewerbungen von Bands bzw. Musiker(inn)en bis 28 Jahre sind bis zum 1. Juli 2017 (Eingang) herzlich willkommen. Junger M\u00fcnchner Jazzpreis Der Junge M\u00fcnchner Jazzpreis (JMJP) wird 2017 das 5. Mal vergeben. Es ist ein F\u00f6rderpreis von \u201amucjazz - M\u00fcnchner Verein zur F\u00f6rderung von\u2026","rel":"","context":"In &quot;News&quot;","block_context":{"text":"News","link":"https:\/\/www.jazzzeitung.de\/cms\/thema\/nachrichten\/"},"img":{"alt_text":"","src":"","width":0,"height":0},"classes":[]},{"id":15379,"url":"https:\/\/www.jazzzeitung.de\/cms\/2018\/03\/newssuedtirol-jazzfestival-2018junger-muenchner-jazzpreis-2018\/","url_meta":{"origin":9585,"position":1},"title":"+++News+++Axel Zwingenberger und Martin Schmitt auf der Piano-B\u00fchne+++S\u00fcdtirol Jazzfestival 2018+++Junger M\u00fcnchner Jazzpreis 2018+++","author":"Redaktion JazzZeitung","date":"24. M\u00e4rz 2018","format":false,"excerpt":"+++Axel Zwingenberger und Martin Schmitt auf der Piano-B\u00fchne+++ Am Freitag, den 4. Mai 2018 ist auf der Piano-B\u00fchne Kleinhenz ein ganz besonderes Programm geboten. Deutschlands namhaftester Blues & Boogie-Pianist, Axel Zwingenberger, zeigt zusammen mit dem bayerischen Piano-Entertainer Martin Schmitt Blues und Boogie & Woogie Piano-Unterhaltung auf zwei Konzert-Fl\u00fcgeln: ein Steinway\u2026","rel":"","context":"In &quot;News&quot;","block_context":{"text":"News","link":"https:\/\/www.jazzzeitung.de\/cms\/thema\/nachrichten\/"},"img":{"alt_text":"","src":"https:\/\/i0.wp.com\/www.jazzzeitung.de\/cms\/wp-content\/uploads\/2018\/03\/3.jpg?fit=1200%2C800&ssl=1&resize=350%2C200","width":350,"height":200,"srcset":"https:\/\/i0.wp.com\/www.jazzzeitung.de\/cms\/wp-content\/uploads\/2018\/03\/3.jpg?fit=1200%2C800&ssl=1&resize=350%2C200 1x, https:\/\/i0.wp.com\/www.jazzzeitung.de\/cms\/wp-content\/uploads\/2018\/03\/3.jpg?fit=1200%2C800&ssl=1&resize=525%2C300 1.5x, https:\/\/i0.wp.com\/www.jazzzeitung.de\/cms\/wp-content\/uploads\/2018\/03\/3.jpg?fit=1200%2C800&ssl=1&resize=700%2C400 2x, https:\/\/i0.wp.com\/www.jazzzeitung.de\/cms\/wp-content\/uploads\/2018\/03\/3.jpg?fit=1200%2C800&ssl=1&resize=1050%2C600 3x"},"classes":[]},{"id":3904,"url":"https:\/\/www.jazzzeitung.de\/cms\/2014\/05\/junger-muenchner-jazzpreis-2014\/","url_meta":{"origin":9585,"position":2},"title":"Junger M\u00fcnchner Jazzpreis 2014","author":"Andreas Kolb","date":"21. Mai 2014","format":false,"excerpt":"Junger M\u00fcnchner Jazzpreis Nachdem die Premiere des ersten Jungen M\u00fcnchner Jazzpreises im letzten Jahr erfolgreich \u00fcber die B\u00fchne ging, hat man Wettbewerb auch f\u00fcr 2014 wieder ausgeschrieben. Bis zum 11. Juli k\u00f6nnen junge Jazzer ihre maximal 20-min\u00fctigen H\u00f6rproben nebst Musikerinfo beim M\u00fcnchner Verein zur F\u00f6rderung von Jazz e.V. (mucjazz) einschicken.\u2026","rel":"","context":"In &quot;News&quot;","block_context":{"text":"News","link":"https:\/\/www.jazzzeitung.de\/cms\/thema\/nachrichten\/"},"img":{"alt_text":"","src":"https:\/\/i0.wp.com\/www.jazzzeitung.de\/cms\/wp-content\/uploads\/2014\/05\/Logo_Muc_Jazz-300x244.png?fit=300%2C244&ssl=1&resize=350%2C200","width":350,"height":200},"classes":[]},{"id":9437,"url":"https:\/\/www.jazzzeitung.de\/cms\/2016\/06\/1-juli-endet-der-bewerbungsschluss-fuer-den-jungen-muenchner-jazzpreis-2016\/","url_meta":{"origin":9585,"position":3},"title":"Am 1. Juli endet der Bewerbungsschluss f\u00fcr den &#8222;Jungen M\u00fcnchner Jazzpreis 2016\u201c","author":"Redaktion JazzZeitung","date":"1. Juni 2016","format":false,"excerpt":"Mit der Verleihung des Jungen M\u00fcnchner Jazzpreises 2016 unterst\u00fctzt der M\u00fcnchner Verein zur F\u00f6rderung von Jazz e.V. - mucjazz auch in diesem Jahr wieder junge Nachwuchs-K\u00fcnstler und -Bands aus Deutschland. Bewerbungen k\u00f6nnen bis zum 1. Juli 2016 in Form von Unterlagen einschlie\u00dflich Tonproben der eigenen Musik eingereicht werden. Vorrausetzung f\u00fcr\u2026","rel":"","context":"In &quot;News&quot;","block_context":{"text":"News","link":"https:\/\/www.jazzzeitung.de\/cms\/thema\/nachrichten\/"},"img":{"alt_text":"","src":"","width":0,"height":0},"classes":[]},{"id":7756,"url":"https:\/\/www.jazzzeitung.de\/cms\/2015\/11\/junger-muenchner-jazzpreis-im-jazzclub-unterfahrt-vergeben\/","url_meta":{"origin":9585,"position":4},"title":"Junger M\u00fcnchner Jazzpreis im Jazzclub Unterfahrt vergeben","author":"Redaktion JazzZeitung","date":"16. November 2015","format":"gallery","excerpt":"Es war die dritte Runde f\u00fcr den Jungen M\u00fcnchner Jazzpreis, den der Verein Muc Jazz seit 2013 auf die Beine stellt. Musiker unter 27 Jahren aus ganz Deutschland duften sich bewerben, am Ende schaffte es die beiden K\u00f6lner Formationen Just Another Foundry, Marius Peters Rearranged und das Quartett um den\u2026","rel":"","context":"In &quot;Bericht&quot;","block_context":{"text":"Bericht","link":"https:\/\/www.jazzzeitung.de\/cms\/thema\/bericht\/"},"img":{"alt_text":"","src":"https:\/\/i0.wp.com\/www.jazzzeitung.de\/cms\/wp-content\/uploads\/2015\/11\/0K3A6208-Just-Another-Foundry-dombr.jpg?resize=350%2C200","width":350,"height":200,"srcset":"https:\/\/i0.wp.com\/www.jazzzeitung.de\/cms\/wp-content\/uploads\/2015\/11\/0K3A6208-Just-Another-Foundry-dombr.jpg?resize=350%2C200 1x, https:\/\/i0.wp.com\/www.jazzzeitung.de\/cms\/wp-content\/uploads\/2015\/11\/0K3A6208-Just-Another-Foundry-dombr.jpg?resize=525%2C300 1.5x, https:\/\/i0.wp.com\/www.jazzzeitung.de\/cms\/wp-content\/uploads\/2015\/11\/0K3A6208-Just-Another-Foundry-dombr.jpg?resize=700%2C400 2x, https:\/\/i0.wp.com\/www.jazzzeitung.de\/cms\/wp-content\/uploads\/2015\/11\/0K3A6208-Just-Another-Foundry-dombr.jpg?resize=1050%2C600 3x"},"classes":[]},{"id":22636,"url":"https:\/\/www.jazzzeitung.de\/cms\/2020\/06\/news-hannah-weiss-und-vincent-rein-als-local-heroes-in-der-unterfahrtbewerben-fuer-den-jungen-muenchner-jazzpreis\/","url_meta":{"origin":9585,"position":5},"title":"+++News: +++Hannah Weiss und Vincent Rein als Local Heroes in der Unterfahrt+++Bewerben f\u00fcr den Jungen M\u00fcnchner Jazzpreis+++","author":"Redaktion JazzZeitung","date":"10. Juni 2020","format":false,"excerpt":"+++Local Heroes: Die Jazz-Streams aus M\u00fcnchen+++ \u201eLocal Heroes Live\u201c\u00a0 ist eine Live-Stream-Serie des M\u00fcnchener Jazzclub Unterfahrt. Die Tipps der JazzZeitung.de im Folgenden: \u00a0 Local Heroes Live #12 + 13 Abschlusskonzerte des Jazz-Instituts der Hochschule f\u00fcr Musik und Theater M\u00fcnchen Freitag, 12.06.2020 20.00 Uhr: Ganzenm\u00fcller\u2019s Bed & Breakbeat Besetzung: Julian Hesse\u2026","rel":"","context":"In &quot;News&quot;","block_context":{"text":"News","link":"https:\/\/www.jazzzeitung.de\/cms\/thema\/nachrichten\/"},"img":{"alt_text":"","src":"https:\/\/i0.wp.com\/www.jazzzeitung.de\/cms\/wp-content\/uploads\/2020\/06\/weiss.jpg?fit=709%2C1063&ssl=1&resize=350%2C200","width":350,"height":200,"srcset":"https:\/\/i0.wp.com\/www.jazzzeitung.de\/cms\/wp-content\/uploads\/2020\/06\/weiss.jpg?fit=709%2C1063&ssl=1&resize=350%2C200 1x, https:\/\/i0.wp.com\/www.jazzzeitung.de\/cms\/wp-content\/uploads\/2020\/06\/weiss.jpg?fit=709%2C1063&ssl=1&resize=525%2C300 1.5x, https:\/\/i0.wp.com\/www.jazzzeitung.de\/cms\/wp-content\/uploads\/2020\/06\/weiss.jpg?fit=709%2C1063&ssl=1&resize=700%2C400 2x"},"classes":[]}],"jetpack_sharing_enabled":true,"_links":{"self":[{"href":"https:\/\/www.jazzzeitung.de\/cms\/wp-json\/wp\/v2\/posts\/9585","targetHints":{"allow":["GET"]}}],"collection":[{"href":"https:\/\/www.jazzzeitung.de\/cms\/wp-json\/wp\/v2\/posts"}],"about":[{"href":"https:\/\/www.jazzzeitung.de\/cms\/wp-json\/wp\/v2\/types\/post"}],"author":[{"embeddable":true,"href":"https:\/\/www.jazzzeitung.de\/cms\/wp-json\/wp\/v2\/users\/18"}],"replies":[{"embeddable":true,"href":"https:\/\/www.jazzzeitung.de\/cms\/wp-json\/wp\/v2\/comments?post=9585"}],"version-history":[{"count":16,"href":"https:\/\/www.jazzzeitung.de\/cms\/wp-json\/wp\/v2\/posts\/9585\/revisions"}],"predecessor-version":[{"id":9608,"href":"https:\/\/www.jazzzeitung.de\/cms\/wp-json\/wp\/v2\/posts\/9585\/revisions\/9608"}],"wp:attachment":[{"href":"https:\/\/www.jazzzeitung.de\/cms\/wp-json\/wp\/v2\/media?parent=9585"}],"wp:term":[{"taxonomy":"category","embeddable":true,"href":"https:\/\/www.jazzzeitung.de\/cms\/wp-json\/wp\/v2\/categories?post=9585"},{"taxonomy":"post_tag","embeddable":true,"href":"https:\/\/www.jazzzeitung.de\/cms\/wp-json\/wp\/v2\/tags?post=9585"},{"taxonomy":"author","embeddable":true,"href":"https:\/\/www.jazzzeitung.de\/cms\/wp-json\/wp\/v2\/coauthors?post=9585"}],"curies":[{"name":"wp","href":"https:\/\/api.w.org\/{rel}","templated":true}]}}