{"id":9576,"date":"2016-06-27T17:36:13","date_gmt":"2016-06-27T15:36:13","guid":{"rendered":"http:\/\/www.jazzzeitung.de\/cms\/?p=9576"},"modified":"2016-06-28T09:11:10","modified_gmt":"2016-06-28T07:11:10","slug":"news-andreras-hertel-trio-mit-goykovich-und-lakatos","status":"publish","type":"post","link":"https:\/\/www.jazzzeitung.de\/cms\/2016\/06\/news-andreras-hertel-trio-mit-goykovich-und-lakatos\/","title":{"rendered":"+++ News +++ Andreas Hertel Trio mit Goykovich und Lakatos +++ Zehn Jahre Jazz im Musikinstrumentenmuseum Berlin +++ 13. Internationalen Jazztage Bad Elster+++"},"content":{"rendered":"<figure id=\"attachment_9578\" aria-describedby=\"caption-attachment-9578\" style=\"width: 150px\" class=\"wp-caption alignright\"><a href=\"https:\/\/i0.wp.com\/www.jazzzeitung.de\/cms\/wp-content\/uploads\/2016\/06\/Hertel.jpg\"><img data-recalc-dims=\"1\" loading=\"lazy\" decoding=\"async\" data-attachment-id=\"9578\" data-permalink=\"https:\/\/www.jazzzeitung.de\/cms\/2016\/06\/news-andreras-hertel-trio-mit-goykovich-und-lakatos\/hertel-2\/\" data-orig-file=\"https:\/\/i0.wp.com\/www.jazzzeitung.de\/cms\/wp-content\/uploads\/2016\/06\/Hertel.jpg?fit=1600%2C1200&amp;ssl=1\" data-orig-size=\"1600,1200\" data-comments-opened=\"1\" data-image-meta=\"{&quot;aperture&quot;:&quot;0&quot;,&quot;credit&quot;:&quot;&quot;,&quot;camera&quot;:&quot;&quot;,&quot;caption&quot;:&quot;&quot;,&quot;created_timestamp&quot;:&quot;0&quot;,&quot;copyright&quot;:&quot;&quot;,&quot;focal_length&quot;:&quot;0&quot;,&quot;iso&quot;:&quot;0&quot;,&quot;shutter_speed&quot;:&quot;0&quot;,&quot;title&quot;:&quot;&quot;,&quot;orientation&quot;:&quot;0&quot;}\" data-image-title=\"Hertel\" data-image-description=\"\" data-image-caption=\"&lt;p&gt;Die Band live am 15.05.16 bei der Jazzrally D\u00fcsseldorf&lt;\/p&gt;\n\" data-large-file=\"https:\/\/i0.wp.com\/www.jazzzeitung.de\/cms\/wp-content\/uploads\/2016\/06\/Hertel.jpg?fit=800%2C600&amp;ssl=1\" class=\"wp-image-9578 size-thumbnail\" src=\"https:\/\/i0.wp.com\/www.jazzzeitung.de\/cms\/wp-content\/uploads\/2016\/06\/Hertel-150x150.jpg?resize=150%2C150\" alt=\"Das Dusko Goykovich und Tony Lakatos mit dem Andreas Hertel Trio live am 15.05.16 bei der Jazzrally D\u00fcsseldorf\" width=\"150\" height=\"150\" srcset=\"https:\/\/i0.wp.com\/www.jazzzeitung.de\/cms\/wp-content\/uploads\/2016\/06\/Hertel.jpg?resize=150%2C150&amp;ssl=1 150w, https:\/\/i0.wp.com\/www.jazzzeitung.de\/cms\/wp-content\/uploads\/2016\/06\/Hertel.jpg?resize=144%2C144&amp;ssl=1 144w, https:\/\/i0.wp.com\/www.jazzzeitung.de\/cms\/wp-content\/uploads\/2016\/06\/Hertel.jpg?resize=96%2C96&amp;ssl=1 96w, https:\/\/i0.wp.com\/www.jazzzeitung.de\/cms\/wp-content\/uploads\/2016\/06\/Hertel.jpg?resize=24%2C24&amp;ssl=1 24w, https:\/\/i0.wp.com\/www.jazzzeitung.de\/cms\/wp-content\/uploads\/2016\/06\/Hertel.jpg?resize=36%2C36&amp;ssl=1 36w, https:\/\/i0.wp.com\/www.jazzzeitung.de\/cms\/wp-content\/uploads\/2016\/06\/Hertel.jpg?resize=48%2C48&amp;ssl=1 48w, https:\/\/i0.wp.com\/www.jazzzeitung.de\/cms\/wp-content\/uploads\/2016\/06\/Hertel.jpg?resize=64%2C64&amp;ssl=1 64w, https:\/\/i0.wp.com\/www.jazzzeitung.de\/cms\/wp-content\/uploads\/2016\/06\/Hertel.jpg?resize=32%2C32&amp;ssl=1 32w, https:\/\/i0.wp.com\/www.jazzzeitung.de\/cms\/wp-content\/uploads\/2016\/06\/Hertel.jpg?resize=50%2C50&amp;ssl=1 50w, https:\/\/i0.wp.com\/www.jazzzeitung.de\/cms\/wp-content\/uploads\/2016\/06\/Hertel.jpg?resize=128%2C128&amp;ssl=1 128w, https:\/\/i0.wp.com\/www.jazzzeitung.de\/cms\/wp-content\/uploads\/2016\/06\/Hertel.jpg?zoom=2&amp;resize=150%2C150&amp;ssl=1 300w, https:\/\/i0.wp.com\/www.jazzzeitung.de\/cms\/wp-content\/uploads\/2016\/06\/Hertel.jpg?zoom=3&amp;resize=150%2C150&amp;ssl=1 450w\" sizes=\"auto, (max-width: 150px) 100vw, 150px\" \/><\/a><figcaption id=\"caption-attachment-9578\" class=\"wp-caption-text\">Die Band live am 15.05.16 bei der Jazzrally D\u00fcsseldorf<\/figcaption><\/figure>\n<p><strong>+++Andreas Hertel Trio mit Goykovich und Lakatos+++<\/strong><\/p>\n<p>Die aktuelle CD \u201eKeepin\u2019 The Spirit\u201c\u00a0 (Laika Records) des Andreas Hertel Trios mit Stargast Dusko Goykovich (tp), Tony Lakatos (sax)\u00a0 wurde nominiert f\u00fcr den Preis der deutschen Schallplattenkritik. Live kann man das Andreas Hertel Trio mit &#8222;Lady Bass&#8220; Lindy Huppertsberg (b), Jens Biehl (dr) und den Starg\u00e4sten an folgen Tagen h\u00f6ren: So., 10.07. bei Jazz im Hof Wiesbaden, 11-14 Uhr: Andreas Hertel Trio mit den Starg\u00e4sten der erfolgreichen CD &#8222;Keepin&#8216; The Spirit&#8220;! Dusko Goykovich (tp), Tony Lakatos (sax), A.H. (p), Er\u00f6ffnung um 11h: &#8222;Big Noise&#8220; &#8211; Big Band der Wiesbadener Musik- und Kunstschule mit T. Lakatos und A. Hertel als Feature-G\u00e4sten.<br \/>\nHessisches Ministerium f\u00fcr Wissenschaft und Kunst, Eingang Luisenstra\u00dfe 10-12, 65185 Wiesbaden, <a href=\"http:\/\/www.jazz-im-hof.de\">www.jazz-im-hof.de<\/a><br \/>\nZudem tritt zur Er\u00f6ffnung des Konzerts die Big Band &#8222;Big Noise&#8220; der Wiesbadener Musik-und Kunstschule auf. Im Rahmen des &#8222;Jazz-Dialogs&#8220; werden Tony Lakatos und Hertel mit den Sch\u00fclern zusammen St\u00fccke spielen.<\/p>\n<p><strong>Sa., 23.07. F\u00f6hr: <\/strong>Das Andreas Hertel Trio feat. Ingolf Burkhardt (tp) bei bei Jazz goes F\u00f6hr<br \/>\n<a href=\"http:\/\/jazz-goes-foehr.de\/\">http:\/\/jazz-goes-foehr.de\/<\/a><\/p>\n<p>&nbsp;<\/p>\n<p><strong>+++10 Jahre Jazz im MiM &#8211; Jubil\u00e4umskonzer+++ <\/strong><\/p>\n<p>JAZZ im MIM ist eine Konzertreihe des Staatlichen Instituts f\u00fcr Musikforschung in Zusammenarbeit mit dem Komponistenverband Berlin. Am\u00a0 28. Juli feiert &#8222;Jazz im MiM mit einem Summernight-Special sein 10-j\u00e4hriges Bestehen. Nach Auftritten von <strong>Field<\/strong> und <strong>The Ternion Quartet<\/strong> im <strong>Curt-Sachs-<\/strong> und <strong>Folklore-Saal<\/strong> wird das Berliner Trio <strong>Melody Lions<\/strong> im Philharmonischen Garten hinter dem MiM die Nacht mit Jazz-Klassikern zum Swingen bringen. Bis 24 Uhr werden neben Musik auch Getr\u00e4nke und ein kleiner Imbiss angeboten.<\/p>\n<p>&nbsp;<\/p>\n<ol start=\"25\">\n<li><strong> August: <\/strong><strong>Schlippenbach \/ Walsdorff-Quartett<\/strong><\/li>\n<\/ol>\n<p>Das Schlippenbach-Walsdorff Quartett spielt freie Improvisationen durchsetzt von Kompositionen der Jazzlegenden Thelonious Monk, Eric Dolphy und Herbie Nichols.<\/p>\n<ol start=\"29\">\n<li><strong> September:<\/strong><strong>Schwingenschl\u00f6gl \/ Forsthoff-Quartett<\/strong><\/li>\n<\/ol>\n<p>Der Hauptteil des Repertoires besteht aus Kompositionen von Forsthoff und Schwingenschl\u00f6gl, alle anderen Werke sind Standards oder freie St\u00fccke, die speziell auf das Quartett zugeschnitten sind. Mit dem Verzicht auf Piano oder Gitarre \u00f6ffnet sich ein gro\u00dfer harmonischer Freiraum f\u00fcr spontane Experimente.<\/p>\n<ol start=\"27\">\n<li><strong> Oktober: <\/strong><strong>Abisko Lights<\/strong><\/li>\n<\/ol>\n<p>Fernab des Mainstreams streunen die Abisko Lights zwischen den musikalischen Welten und erz\u00e4hlen Geschichten von unterwegs, die fremd und seltsam vertraut zugleich klingen. Es entsteht Musik aus dem Niemandsland zwischen Kammermusik, Jazz, Soundtrack und orientalischer Folklore.<\/p>\n<ol start=\"24\">\n<li><strong> November:<\/strong><strong>Hannes Zerbe Jazz Orchester Berlin<\/strong><\/li>\n<\/ol>\n<p>Dieses Jazzorchester wurde vom Pianisten und Komponisten Hannes Zerbe 2011 zusammen mit 16 gestandenen Jazzmusikanten Berlins gegr\u00fcndet. Mittlerweile sind zwei CDs erschienen, \u00bbEisleriana\u00ab im Jahr 2012 und \u00bbErlk\u00f6nig\u00ab im Jahr darauf. Die Kompositionen Zerbes lassen seine Affinit\u00e4t von Gil Evans bis zur modernen Sinfonik erkennen.<\/p>\n<p><strong>15. Dezember: Jazz im MiM Jahresendspezial &#8211; Octopuzzle<\/strong><\/p>\n<p>\u00bbRisk is the heart of jazz, every note we play is a risk\u00ab. Das Zitat der Jazzlegende Steve Lacy hat sich das seit 2010 bestehende Berliner Ensemble Oktopuzzle zum Motto gemacht. Die unter der Leitung des Berliner Jazzers Horst Nonnenmacher stehende junge Band zeichnet sich durch energetische Improvisationen und kommunikatives Zusammenspiel aus.<\/p>\n<p><strong>Duo Almut K\u00fchne \u2013 Gebhard Ullmann<\/strong><\/p>\n<p>Hier haben sich zwei Solisten internationalen Formats gefunden. Gebhard Ullmann spielt hier diverse Blasinstrumente und erstmals elektronische Verfremder, Klangerzeuger, Sampler und andere Ger\u00e4te. Almut K\u00fchne bewegt sich in einem Spektrum von Improvisation bis zu Neuer Musik.<\/p>\n<p><strong>Trionauts \u2013 Above &amp; Beyond<\/strong><\/p>\n<p>Einer Filmmusik gleich setzt die Band ihre St\u00fccke, Themen und Variationen solistisch in Szene, um sich neuen Wegen in der Musik zu \u00f6ffnen. Die Kompositionen stammen von Tino Dorado, Emanuel Hauptmann und Roland Neffe.<\/p>\n<p>&nbsp;<\/p>\n<p><strong>+++13. Internationalen Jazztage in der Kultur- und Festspielstadt Bad Elster+++<\/strong><\/p>\n<p>Am dritten Augustwochenende finden die 1<a href=\"http:\/\/chursaechsische.de\/de\/veranstaltungen\/festivals\/internationale-jazztage.html\">3. Internationalen Jazztage<\/a> in der Kultur- und Festspielstadt Bad Elster statt. Damit wird die historische \u201eFestspielmeile der kurzen Wege&#8220; in Bad Elster in sommerliche Jazz-Farben eingetaucht und es entfalten sich \u201eJazzy Feelings&#8220; inmitten des S\u00e4chsischen Staatsbades.<\/p>\n<p>Am Abend dieses Oldtimertages er\u00f6ffnet dann <strong>Andrej Hermlin mit seinem Swing Dance Orchestra<\/strong> um 19.30 Uhr im NaturTheater passend musikalisch die strahlenden Jazztage Bad Elsters. Am darauffolgenden Samstag, den 20. August widmet sich <strong>Max Greger Jr. <\/strong>gemeinsam mit <strong>Rainer Sander <\/strong>und Band um 19.30 Uhr in einer schillernden Hommage zwei gro\u00dfen deutsche Swinglegenden, denn dieses Konzert war urspr\u00fcnglich noch mit Hugo Strasser und Max Greger geplant. Nun ehrt Bad Elster die von uns gegangenen Grandseigneurs des deutschen Jazz mit einem <strong>festlichen Gedenkkonzert<\/strong> im K\u00f6nig Albert Theater. Beendet werden diese glanzvollen Jazztage am Sonntag, den 21. August um 10.00 Uhr mit einer <strong>Klaviermatinee<\/strong> in klangvollen <strong>\u201eMorning Moments in Jazz\u201c<\/strong> des tschechischen Pianisten Radim Vojir (CZ) in der KunstWandelhalle Bad Elster.<\/p>\n<p><span style=\"border-radius: 2px; text-indent: 20px; width: auto; padding: 0px 4px 0px 0px; text-align: center; font: bold 11px\/20px 'Helvetica Neue',Helvetica,sans-serif; color: #ffffff; background: #bd081c  no-repeat scroll 3px 50% \/ 14px 14px; position: absolute; opacity: 1; z-index: 8675309; display: none; cursor: pointer;\">Merken<\/span><\/p>\n","protected":false},"excerpt":{"rendered":"<p>+++Andreas Hertel Trio mit Goykovich und Lakatos+++ Die aktuelle CD \u201eKeepin\u2019 The Spirit\u201c\u00a0 (Laika Records) des Andreas Hertel Trios mit Stargast Dusko Goykovich (tp), Tony Lakatos (sax)\u00a0 wurde nominiert f\u00fcr den Preis der deutschen Schallplattenkritik. Live kann man das Andreas Hertel Trio mit &#8222;Lady Bass&#8220; Lindy Huppertsberg (b), Jens Biehl (dr) und den Starg\u00e4sten an folgen Tagen h\u00f6ren: So., 10.07. bei Jazz im Hof Wiesbaden, 11-14 Uhr: Andreas Hertel Trio mit den Starg\u00e4sten der erfolgreichen CD &#8222;Keepin&#8216; The Spirit&#8220;! Dusko Goykovich (tp), Tony Lakatos (sax), A.H. (p), Er\u00f6ffnung um 11h: &#8222;Big Noise&#8220; &#8211; Big Band der Wiesbadener Musik- und Kunstschule mit T. Lakatos und A. Hertel als Feature-G\u00e4sten. Hessisches Ministerium f\u00fcr Wissenschaft und Kunst, Eingang Luisenstra\u00dfe 10-12, 65185 Wiesbaden, www.jazz-im-hof.de Zudem tritt zur Er\u00f6ffnung des Konzerts die Big Band &#8222;Big Noise&#8220; der Wiesbadener Musik-und Kunstschule auf. Im Rahmen des &#8222;Jazz-Dialogs&#8220; werden Tony Lakatos und Hertel mit den Sch\u00fclern zusammen St\u00fccke spielen. Sa., 23.07. F\u00f6hr: Das Andreas Hertel Trio feat. Ingolf Burkhardt (tp) bei bei Jazz goes F\u00f6hr http:\/\/jazz-goes-foehr.de\/ &nbsp; +++10 Jahre Jazz im MiM &#8211; Jubil\u00e4umskonzer+++ JAZZ im MIM ist eine Konzertreihe des Staatlichen Instituts &hellip;<\/p>\n","protected":false},"author":18,"featured_media":0,"comment_status":"open","ping_status":"closed","sticky":false,"template":"","format":"standard","meta":{"_jetpack_memberships_contains_paid_content":false,"footnotes":"","jetpack_publicize_message":"","jetpack_publicize_feature_enabled":true,"jetpack_social_post_already_shared":false,"jetpack_social_options":{"image_generator_settings":{"template":"highway","default_image_id":0,"font":"","enabled":false},"version":2}},"categories":[633],"tags":[1167,66,71,109,155,801,1007,282,322,327,442,793,485,535,542,557],"coauthors":[695],"class_list":["post-9576","post","type-post","status-publish","format-standard","hentry","category-nachrichten","tag-almut-kuehne","tag-berlin","tag-big-band","tag-cd","tag-dusko-goykovich","tag-gebhard-ullmann","tag-improvisation","tag-jazzorchester","tag-konzert-2","tag-kultur","tag-piano","tag-preis-der-deutschen-schallplattenkritik","tag-sampler","tag-swing","tag-thelonious-monk","tag-tony-lakatos"],"yoast_head":"<!-- This site is optimized with the Yoast SEO plugin v27.5 - https:\/\/yoast.com\/product\/yoast-seo-wordpress\/ -->\n<title>+++ News +++ Andreas Hertel Trio mit Goykovich und Lakatos +++ Zehn Jahre Jazz im Musikinstrumentenmuseum Berlin +++ 13. Internationalen Jazztage Bad Elster+++ - JazzZeitung<\/title>\n<meta name=\"robots\" content=\"index, follow, max-snippet:-1, max-image-preview:large, max-video-preview:-1\" \/>\n<link rel=\"canonical\" href=\"https:\/\/www.jazzzeitung.de\/cms\/2016\/06\/news-andreras-hertel-trio-mit-goykovich-und-lakatos\/\" \/>\n<meta property=\"og:locale\" content=\"de_DE\" \/>\n<meta property=\"og:type\" content=\"article\" \/>\n<meta property=\"og:title\" content=\"+++ News +++ Andreas Hertel Trio mit Goykovich und Lakatos +++ Zehn Jahre Jazz im Musikinstrumentenmuseum Berlin +++ 13. Internationalen Jazztage Bad Elster+++ - JazzZeitung\" \/>\n<meta property=\"og:description\" content=\"+++Andreas Hertel Trio mit Goykovich und Lakatos+++ Die aktuelle CD \u201eKeepin\u2019 The Spirit\u201c\u00a0 (Laika Records) des Andreas Hertel Trios mit Stargast Dusko Goykovich (tp), Tony Lakatos (sax)\u00a0 wurde nominiert f\u00fcr den Preis der deutschen Schallplattenkritik. Live kann man das Andreas Hertel Trio mit &#8222;Lady Bass&#8220; Lindy Huppertsberg (b), Jens Biehl (dr) und den Starg\u00e4sten an folgen Tagen h\u00f6ren: So., 10.07. bei Jazz im Hof Wiesbaden, 11-14 Uhr: Andreas Hertel Trio mit den Starg\u00e4sten der erfolgreichen CD &#8222;Keepin&#8216; The Spirit&#8220;! Dusko Goykovich (tp), Tony Lakatos (sax), A.H. (p), Er\u00f6ffnung um 11h: &#8222;Big Noise&#8220; &#8211; Big Band der Wiesbadener Musik- und Kunstschule mit T. Lakatos und A. Hertel als Feature-G\u00e4sten. Hessisches Ministerium f\u00fcr Wissenschaft und Kunst, Eingang Luisenstra\u00dfe 10-12, 65185 Wiesbaden, www.jazz-im-hof.de Zudem tritt zur Er\u00f6ffnung des Konzerts die Big Band &#8222;Big Noise&#8220; der Wiesbadener Musik-und Kunstschule auf. Im Rahmen des &#8222;Jazz-Dialogs&#8220; werden Tony Lakatos und Hertel mit den Sch\u00fclern zusammen St\u00fccke spielen. Sa., 23.07. F\u00f6hr: Das Andreas Hertel Trio feat. Ingolf Burkhardt (tp) bei bei Jazz goes F\u00f6hr http:\/\/jazz-goes-foehr.de\/ &nbsp; +++10 Jahre Jazz im MiM &#8211; Jubil\u00e4umskonzer+++ JAZZ im MIM ist eine Konzertreihe des Staatlichen Instituts &hellip;\" \/>\n<meta property=\"og:url\" content=\"https:\/\/www.jazzzeitung.de\/cms\/2016\/06\/news-andreras-hertel-trio-mit-goykovich-und-lakatos\/\" \/>\n<meta property=\"og:site_name\" content=\"JazzZeitung\" \/>\n<meta property=\"article:publisher\" content=\"https:\/\/www.facebook.com\/JazzZeitung\/\" \/>\n<meta property=\"article:published_time\" content=\"2016-06-27T15:36:13+00:00\" \/>\n<meta property=\"article:modified_time\" content=\"2016-06-28T07:11:10+00:00\" \/>\n<meta property=\"og:image\" content=\"http:\/\/www.jazzzeitung.de\/cms\/wp-content\/uploads\/2016\/06\/Hertel-150x150.jpg\" \/>\n<meta name=\"author\" content=\"Redaktion JazzZeitung\" \/>\n<script type=\"application\/ld+json\" class=\"yoast-schema-graph\">{\"@context\":\"https:\\\/\\\/schema.org\",\"@graph\":[{\"@type\":\"Article\",\"@id\":\"https:\\\/\\\/www.jazzzeitung.de\\\/cms\\\/2016\\\/06\\\/news-andreras-hertel-trio-mit-goykovich-und-lakatos\\\/#article\",\"isPartOf\":{\"@id\":\"https:\\\/\\\/www.jazzzeitung.de\\\/cms\\\/2016\\\/06\\\/news-andreras-hertel-trio-mit-goykovich-und-lakatos\\\/\"},\"author\":{\"name\":\"Redaktion JazzZeitung\",\"@id\":\"https:\\\/\\\/www.jazzzeitung.de\\\/cms\\\/#\\\/schema\\\/person\\\/2245b36b9cd1d24cea10f01c031fb92b\"},\"headline\":\"+++ News +++ Andreas Hertel Trio mit Goykovich und Lakatos +++ Zehn Jahre Jazz im Musikinstrumentenmuseum Berlin +++ 13. Internationalen Jazztage Bad Elster+++\",\"datePublished\":\"2016-06-27T15:36:13+00:00\",\"dateModified\":\"2016-06-28T07:11:10+00:00\",\"mainEntityOfPage\":{\"@id\":\"https:\\\/\\\/www.jazzzeitung.de\\\/cms\\\/2016\\\/06\\\/news-andreras-hertel-trio-mit-goykovich-und-lakatos\\\/\"},\"wordCount\":774,\"commentCount\":0,\"publisher\":{\"@id\":\"https:\\\/\\\/www.jazzzeitung.de\\\/cms\\\/#organization\"},\"image\":{\"@id\":\"https:\\\/\\\/www.jazzzeitung.de\\\/cms\\\/2016\\\/06\\\/news-andreras-hertel-trio-mit-goykovich-und-lakatos\\\/#primaryimage\"},\"thumbnailUrl\":\"http:\\\/\\\/www.jazzzeitung.de\\\/cms\\\/wp-content\\\/uploads\\\/2016\\\/06\\\/Hertel-150x150.jpg\",\"keywords\":[\"Almut K\u00fchne\",\"Berlin\",\"Big Band\",\"CD\",\"Dusko Goykovich\",\"Gebhard Ullmann\",\"Improvisation\",\"Jazzorchester\",\"Konzert\",\"Kultur\",\"Piano\",\"Preis der deutschen Schallplattenkritik\",\"Sampler\",\"Swing\",\"Thelonious Monk\",\"Tony Lakatos\"],\"articleSection\":[\"News\"],\"inLanguage\":\"de\",\"potentialAction\":[{\"@type\":\"CommentAction\",\"name\":\"Comment\",\"target\":[\"https:\\\/\\\/www.jazzzeitung.de\\\/cms\\\/2016\\\/06\\\/news-andreras-hertel-trio-mit-goykovich-und-lakatos\\\/#respond\"]}]},{\"@type\":\"WebPage\",\"@id\":\"https:\\\/\\\/www.jazzzeitung.de\\\/cms\\\/2016\\\/06\\\/news-andreras-hertel-trio-mit-goykovich-und-lakatos\\\/\",\"url\":\"https:\\\/\\\/www.jazzzeitung.de\\\/cms\\\/2016\\\/06\\\/news-andreras-hertel-trio-mit-goykovich-und-lakatos\\\/\",\"name\":\"+++ News +++ Andreas Hertel Trio mit Goykovich und Lakatos +++ Zehn Jahre Jazz im Musikinstrumentenmuseum Berlin +++ 13. Internationalen Jazztage Bad Elster+++ - JazzZeitung\",\"isPartOf\":{\"@id\":\"https:\\\/\\\/www.jazzzeitung.de\\\/cms\\\/#website\"},\"primaryImageOfPage\":{\"@id\":\"https:\\\/\\\/www.jazzzeitung.de\\\/cms\\\/2016\\\/06\\\/news-andreras-hertel-trio-mit-goykovich-und-lakatos\\\/#primaryimage\"},\"image\":{\"@id\":\"https:\\\/\\\/www.jazzzeitung.de\\\/cms\\\/2016\\\/06\\\/news-andreras-hertel-trio-mit-goykovich-und-lakatos\\\/#primaryimage\"},\"thumbnailUrl\":\"http:\\\/\\\/www.jazzzeitung.de\\\/cms\\\/wp-content\\\/uploads\\\/2016\\\/06\\\/Hertel-150x150.jpg\",\"datePublished\":\"2016-06-27T15:36:13+00:00\",\"dateModified\":\"2016-06-28T07:11:10+00:00\",\"breadcrumb\":{\"@id\":\"https:\\\/\\\/www.jazzzeitung.de\\\/cms\\\/2016\\\/06\\\/news-andreras-hertel-trio-mit-goykovich-und-lakatos\\\/#breadcrumb\"},\"inLanguage\":\"de\",\"potentialAction\":[{\"@type\":\"ReadAction\",\"target\":[\"https:\\\/\\\/www.jazzzeitung.de\\\/cms\\\/2016\\\/06\\\/news-andreras-hertel-trio-mit-goykovich-und-lakatos\\\/\"]}]},{\"@type\":\"ImageObject\",\"inLanguage\":\"de\",\"@id\":\"https:\\\/\\\/www.jazzzeitung.de\\\/cms\\\/2016\\\/06\\\/news-andreras-hertel-trio-mit-goykovich-und-lakatos\\\/#primaryimage\",\"url\":\"http:\\\/\\\/www.jazzzeitung.de\\\/cms\\\/wp-content\\\/uploads\\\/2016\\\/06\\\/Hertel-150x150.jpg\",\"contentUrl\":\"http:\\\/\\\/www.jazzzeitung.de\\\/cms\\\/wp-content\\\/uploads\\\/2016\\\/06\\\/Hertel-150x150.jpg\"},{\"@type\":\"BreadcrumbList\",\"@id\":\"https:\\\/\\\/www.jazzzeitung.de\\\/cms\\\/2016\\\/06\\\/news-andreras-hertel-trio-mit-goykovich-und-lakatos\\\/#breadcrumb\",\"itemListElement\":[{\"@type\":\"ListItem\",\"position\":1,\"name\":\"Startseite\",\"item\":\"https:\\\/\\\/www.jazzzeitung.de\\\/cms\\\/\"},{\"@type\":\"ListItem\",\"position\":2,\"name\":\"+++ News +++ Andreas Hertel Trio mit Goykovich und Lakatos +++ Zehn Jahre Jazz im Musikinstrumentenmuseum Berlin +++ 13. Internationalen Jazztage Bad Elster+++\"}]},{\"@type\":\"WebSite\",\"@id\":\"https:\\\/\\\/www.jazzzeitung.de\\\/cms\\\/#website\",\"url\":\"https:\\\/\\\/www.jazzzeitung.de\\\/cms\\\/\",\"name\":\"JazzZeitung\",\"description\":\"Jazz-News und Jazz-Kontroverses\",\"publisher\":{\"@id\":\"https:\\\/\\\/www.jazzzeitung.de\\\/cms\\\/#organization\"},\"potentialAction\":[{\"@type\":\"SearchAction\",\"target\":{\"@type\":\"EntryPoint\",\"urlTemplate\":\"https:\\\/\\\/www.jazzzeitung.de\\\/cms\\\/?s={search_term_string}\"},\"query-input\":{\"@type\":\"PropertyValueSpecification\",\"valueRequired\":true,\"valueName\":\"search_term_string\"}}],\"inLanguage\":\"de\"},{\"@type\":\"Organization\",\"@id\":\"https:\\\/\\\/www.jazzzeitung.de\\\/cms\\\/#organization\",\"name\":\"JazzZeitung online\",\"url\":\"https:\\\/\\\/www.jazzzeitung.de\\\/cms\\\/\",\"logo\":{\"@type\":\"ImageObject\",\"inLanguage\":\"de\",\"@id\":\"https:\\\/\\\/www.jazzzeitung.de\\\/cms\\\/#\\\/schema\\\/logo\\\/image\\\/\",\"url\":\"https:\\\/\\\/i0.wp.com\\\/www.jazzzeitung.de\\\/cms\\\/wp-content\\\/uploads\\\/2015\\\/08\\\/JAZZZEITUNGDE_Logo_Neu.png?fit=499%2C200&ssl=1\",\"contentUrl\":\"https:\\\/\\\/i0.wp.com\\\/www.jazzzeitung.de\\\/cms\\\/wp-content\\\/uploads\\\/2015\\\/08\\\/JAZZZEITUNGDE_Logo_Neu.png?fit=499%2C200&ssl=1\",\"width\":499,\"height\":200,\"caption\":\"JazzZeitung online\"},\"image\":{\"@id\":\"https:\\\/\\\/www.jazzzeitung.de\\\/cms\\\/#\\\/schema\\\/logo\\\/image\\\/\"},\"sameAs\":[\"https:\\\/\\\/www.facebook.com\\\/JazzZeitung\\\/\"]},{\"@type\":\"Person\",\"@id\":\"https:\\\/\\\/www.jazzzeitung.de\\\/cms\\\/#\\\/schema\\\/person\\\/2245b36b9cd1d24cea10f01c031fb92b\",\"name\":\"Redaktion JazzZeitung\",\"image\":{\"@type\":\"ImageObject\",\"inLanguage\":\"de\",\"@id\":\"https:\\\/\\\/i0.wp.com\\\/www.jazzzeitung.de\\\/cms\\\/wp-content\\\/uploads\\\/2015\\\/08\\\/JAZZZEITUNGDE_Logo_Neu.png?resize=96%2C96&ssl=159975dcacb611b5700bd619b5daf0a7a\",\"url\":\"https:\\\/\\\/i0.wp.com\\\/www.jazzzeitung.de\\\/cms\\\/wp-content\\\/uploads\\\/2015\\\/08\\\/JAZZZEITUNGDE_Logo_Neu.png?resize=96%2C96&ssl=1\",\"contentUrl\":\"https:\\\/\\\/i0.wp.com\\\/www.jazzzeitung.de\\\/cms\\\/wp-content\\\/uploads\\\/2015\\\/08\\\/JAZZZEITUNGDE_Logo_Neu.png?resize=96%2C96&ssl=1\",\"caption\":\"Redaktion JazzZeitung\"},\"description\":\"Artikel der Redaktion der JazzZeitung.\",\"sameAs\":[\"http:\\\/\\\/www.jazzzeitung.de\\\/cms\\\/\"],\"url\":\"https:\\\/\\\/www.jazzzeitung.de\\\/cms\\\/author\\\/redaktion\\\/\"}]}<\/script>\n<!-- \/ Yoast SEO plugin. -->","yoast_head_json":{"title":"+++ News +++ Andreas Hertel Trio mit Goykovich und Lakatos +++ Zehn Jahre Jazz im Musikinstrumentenmuseum Berlin +++ 13. Internationalen Jazztage Bad Elster+++ - JazzZeitung","robots":{"index":"index","follow":"follow","max-snippet":"max-snippet:-1","max-image-preview":"max-image-preview:large","max-video-preview":"max-video-preview:-1"},"canonical":"https:\/\/www.jazzzeitung.de\/cms\/2016\/06\/news-andreras-hertel-trio-mit-goykovich-und-lakatos\/","og_locale":"de_DE","og_type":"article","og_title":"+++ News +++ Andreas Hertel Trio mit Goykovich und Lakatos +++ Zehn Jahre Jazz im Musikinstrumentenmuseum Berlin +++ 13. Internationalen Jazztage Bad Elster+++ - JazzZeitung","og_description":"+++Andreas Hertel Trio mit Goykovich und Lakatos+++ Die aktuelle CD \u201eKeepin\u2019 The Spirit\u201c\u00a0 (Laika Records) des Andreas Hertel Trios mit Stargast Dusko Goykovich (tp), Tony Lakatos (sax)\u00a0 wurde nominiert f\u00fcr den Preis der deutschen Schallplattenkritik. Live kann man das Andreas Hertel Trio mit &#8222;Lady Bass&#8220; Lindy Huppertsberg (b), Jens Biehl (dr) und den Starg\u00e4sten an folgen Tagen h\u00f6ren: So., 10.07. bei Jazz im Hof Wiesbaden, 11-14 Uhr: Andreas Hertel Trio mit den Starg\u00e4sten der erfolgreichen CD &#8222;Keepin&#8216; The Spirit&#8220;! Dusko Goykovich (tp), Tony Lakatos (sax), A.H. (p), Er\u00f6ffnung um 11h: &#8222;Big Noise&#8220; &#8211; Big Band der Wiesbadener Musik- und Kunstschule mit T. Lakatos und A. Hertel als Feature-G\u00e4sten. Hessisches Ministerium f\u00fcr Wissenschaft und Kunst, Eingang Luisenstra\u00dfe 10-12, 65185 Wiesbaden, www.jazz-im-hof.de Zudem tritt zur Er\u00f6ffnung des Konzerts die Big Band &#8222;Big Noise&#8220; der Wiesbadener Musik-und Kunstschule auf. Im Rahmen des &#8222;Jazz-Dialogs&#8220; werden Tony Lakatos und Hertel mit den Sch\u00fclern zusammen St\u00fccke spielen. Sa., 23.07. F\u00f6hr: Das Andreas Hertel Trio feat. Ingolf Burkhardt (tp) bei bei Jazz goes F\u00f6hr http:\/\/jazz-goes-foehr.de\/ &nbsp; +++10 Jahre Jazz im MiM &#8211; Jubil\u00e4umskonzer+++ JAZZ im MIM ist eine Konzertreihe des Staatlichen Instituts &hellip;","og_url":"https:\/\/www.jazzzeitung.de\/cms\/2016\/06\/news-andreras-hertel-trio-mit-goykovich-und-lakatos\/","og_site_name":"JazzZeitung","article_publisher":"https:\/\/www.facebook.com\/JazzZeitung\/","article_published_time":"2016-06-27T15:36:13+00:00","article_modified_time":"2016-06-28T07:11:10+00:00","og_image":[{"url":"http:\/\/www.jazzzeitung.de\/cms\/wp-content\/uploads\/2016\/06\/Hertel-150x150.jpg","type":"","width":"","height":""}],"author":"Redaktion JazzZeitung","schema":{"@context":"https:\/\/schema.org","@graph":[{"@type":"Article","@id":"https:\/\/www.jazzzeitung.de\/cms\/2016\/06\/news-andreras-hertel-trio-mit-goykovich-und-lakatos\/#article","isPartOf":{"@id":"https:\/\/www.jazzzeitung.de\/cms\/2016\/06\/news-andreras-hertel-trio-mit-goykovich-und-lakatos\/"},"author":{"name":"Redaktion JazzZeitung","@id":"https:\/\/www.jazzzeitung.de\/cms\/#\/schema\/person\/2245b36b9cd1d24cea10f01c031fb92b"},"headline":"+++ News +++ Andreas Hertel Trio mit Goykovich und Lakatos +++ Zehn Jahre Jazz im Musikinstrumentenmuseum Berlin +++ 13. Internationalen Jazztage Bad Elster+++","datePublished":"2016-06-27T15:36:13+00:00","dateModified":"2016-06-28T07:11:10+00:00","mainEntityOfPage":{"@id":"https:\/\/www.jazzzeitung.de\/cms\/2016\/06\/news-andreras-hertel-trio-mit-goykovich-und-lakatos\/"},"wordCount":774,"commentCount":0,"publisher":{"@id":"https:\/\/www.jazzzeitung.de\/cms\/#organization"},"image":{"@id":"https:\/\/www.jazzzeitung.de\/cms\/2016\/06\/news-andreras-hertel-trio-mit-goykovich-und-lakatos\/#primaryimage"},"thumbnailUrl":"http:\/\/www.jazzzeitung.de\/cms\/wp-content\/uploads\/2016\/06\/Hertel-150x150.jpg","keywords":["Almut K\u00fchne","Berlin","Big Band","CD","Dusko Goykovich","Gebhard Ullmann","Improvisation","Jazzorchester","Konzert","Kultur","Piano","Preis der deutschen Schallplattenkritik","Sampler","Swing","Thelonious Monk","Tony Lakatos"],"articleSection":["News"],"inLanguage":"de","potentialAction":[{"@type":"CommentAction","name":"Comment","target":["https:\/\/www.jazzzeitung.de\/cms\/2016\/06\/news-andreras-hertel-trio-mit-goykovich-und-lakatos\/#respond"]}]},{"@type":"WebPage","@id":"https:\/\/www.jazzzeitung.de\/cms\/2016\/06\/news-andreras-hertel-trio-mit-goykovich-und-lakatos\/","url":"https:\/\/www.jazzzeitung.de\/cms\/2016\/06\/news-andreras-hertel-trio-mit-goykovich-und-lakatos\/","name":"+++ News +++ Andreas Hertel Trio mit Goykovich und Lakatos +++ Zehn Jahre Jazz im Musikinstrumentenmuseum Berlin +++ 13. Internationalen Jazztage Bad Elster+++ - JazzZeitung","isPartOf":{"@id":"https:\/\/www.jazzzeitung.de\/cms\/#website"},"primaryImageOfPage":{"@id":"https:\/\/www.jazzzeitung.de\/cms\/2016\/06\/news-andreras-hertel-trio-mit-goykovich-und-lakatos\/#primaryimage"},"image":{"@id":"https:\/\/www.jazzzeitung.de\/cms\/2016\/06\/news-andreras-hertel-trio-mit-goykovich-und-lakatos\/#primaryimage"},"thumbnailUrl":"http:\/\/www.jazzzeitung.de\/cms\/wp-content\/uploads\/2016\/06\/Hertel-150x150.jpg","datePublished":"2016-06-27T15:36:13+00:00","dateModified":"2016-06-28T07:11:10+00:00","breadcrumb":{"@id":"https:\/\/www.jazzzeitung.de\/cms\/2016\/06\/news-andreras-hertel-trio-mit-goykovich-und-lakatos\/#breadcrumb"},"inLanguage":"de","potentialAction":[{"@type":"ReadAction","target":["https:\/\/www.jazzzeitung.de\/cms\/2016\/06\/news-andreras-hertel-trio-mit-goykovich-und-lakatos\/"]}]},{"@type":"ImageObject","inLanguage":"de","@id":"https:\/\/www.jazzzeitung.de\/cms\/2016\/06\/news-andreras-hertel-trio-mit-goykovich-und-lakatos\/#primaryimage","url":"http:\/\/www.jazzzeitung.de\/cms\/wp-content\/uploads\/2016\/06\/Hertel-150x150.jpg","contentUrl":"http:\/\/www.jazzzeitung.de\/cms\/wp-content\/uploads\/2016\/06\/Hertel-150x150.jpg"},{"@type":"BreadcrumbList","@id":"https:\/\/www.jazzzeitung.de\/cms\/2016\/06\/news-andreras-hertel-trio-mit-goykovich-und-lakatos\/#breadcrumb","itemListElement":[{"@type":"ListItem","position":1,"name":"Startseite","item":"https:\/\/www.jazzzeitung.de\/cms\/"},{"@type":"ListItem","position":2,"name":"+++ News +++ Andreas Hertel Trio mit Goykovich und Lakatos +++ Zehn Jahre Jazz im Musikinstrumentenmuseum Berlin +++ 13. Internationalen Jazztage Bad Elster+++"}]},{"@type":"WebSite","@id":"https:\/\/www.jazzzeitung.de\/cms\/#website","url":"https:\/\/www.jazzzeitung.de\/cms\/","name":"JazzZeitung","description":"Jazz-News und Jazz-Kontroverses","publisher":{"@id":"https:\/\/www.jazzzeitung.de\/cms\/#organization"},"potentialAction":[{"@type":"SearchAction","target":{"@type":"EntryPoint","urlTemplate":"https:\/\/www.jazzzeitung.de\/cms\/?s={search_term_string}"},"query-input":{"@type":"PropertyValueSpecification","valueRequired":true,"valueName":"search_term_string"}}],"inLanguage":"de"},{"@type":"Organization","@id":"https:\/\/www.jazzzeitung.de\/cms\/#organization","name":"JazzZeitung online","url":"https:\/\/www.jazzzeitung.de\/cms\/","logo":{"@type":"ImageObject","inLanguage":"de","@id":"https:\/\/www.jazzzeitung.de\/cms\/#\/schema\/logo\/image\/","url":"https:\/\/i0.wp.com\/www.jazzzeitung.de\/cms\/wp-content\/uploads\/2015\/08\/JAZZZEITUNGDE_Logo_Neu.png?fit=499%2C200&ssl=1","contentUrl":"https:\/\/i0.wp.com\/www.jazzzeitung.de\/cms\/wp-content\/uploads\/2015\/08\/JAZZZEITUNGDE_Logo_Neu.png?fit=499%2C200&ssl=1","width":499,"height":200,"caption":"JazzZeitung online"},"image":{"@id":"https:\/\/www.jazzzeitung.de\/cms\/#\/schema\/logo\/image\/"},"sameAs":["https:\/\/www.facebook.com\/JazzZeitung\/"]},{"@type":"Person","@id":"https:\/\/www.jazzzeitung.de\/cms\/#\/schema\/person\/2245b36b9cd1d24cea10f01c031fb92b","name":"Redaktion JazzZeitung","image":{"@type":"ImageObject","inLanguage":"de","@id":"https:\/\/i0.wp.com\/www.jazzzeitung.de\/cms\/wp-content\/uploads\/2015\/08\/JAZZZEITUNGDE_Logo_Neu.png?resize=96%2C96&ssl=159975dcacb611b5700bd619b5daf0a7a","url":"https:\/\/i0.wp.com\/www.jazzzeitung.de\/cms\/wp-content\/uploads\/2015\/08\/JAZZZEITUNGDE_Logo_Neu.png?resize=96%2C96&ssl=1","contentUrl":"https:\/\/i0.wp.com\/www.jazzzeitung.de\/cms\/wp-content\/uploads\/2015\/08\/JAZZZEITUNGDE_Logo_Neu.png?resize=96%2C96&ssl=1","caption":"Redaktion JazzZeitung"},"description":"Artikel der Redaktion der JazzZeitung.","sameAs":["http:\/\/www.jazzzeitung.de\/cms\/"],"url":"https:\/\/www.jazzzeitung.de\/cms\/author\/redaktion\/"}]}},"wp-worthy-pixel":{"ignored":false,"public":null,"server":null,"url":null},"wp-worthy-type":"normal","jetpack_publicize_connections":[],"cc_featured_image_caption":{"caption_text":false,"source_text":false,"source_url":false},"jetpack_featured_media_url":"","jetpack_shortlink":"https:\/\/wp.me\/p3KEcT-2us","jetpack-related-posts":[{"id":8516,"url":"https:\/\/www.jazzzeitung.de\/cms\/2016\/02\/york-jazz-reihe-im-muenchner-bayerischen-hof\/","url_meta":{"origin":9576,"position":0},"title":"New York Jazz Reihe im M\u00fcnchner Bayerischen Hof goes on \u2026","author":"Redaktion JazzZeitung","date":"26. Februar 2016","format":false,"excerpt":"Die seit nunmehr \u00fcber 20 Jahren etablierte Konzertreihe \u201eNew York im Bayerischen Hof\u201c in M\u00fcnchen geht auch dieses Fr\u00fchjahr mit einem Top-Programm in eine neue Runde mit Jazz, Jazz-Rock-Fusion & Blues. Wieder ist es Bookerin Katarina Ehmki gelungen, ein hochkar\u00e4tiges, musikalisch abwechslungsreiches Programm, fernab des Mainstream, zu gestalten und nicht\u2026","rel":"","context":"In &quot;News&quot;","block_context":{"text":"News","link":"https:\/\/www.jazzzeitung.de\/cms\/thema\/nachrichten\/"},"img":{"alt_text":"","src":"https:\/\/i0.wp.com\/www.jazzzeitung.de\/cms\/wp-content\/uploads\/2016\/02\/P1040230-Dave-Holland-Foto-TJ-Krebs.jpg?resize=350%2C200","width":350,"height":200,"srcset":"https:\/\/i0.wp.com\/www.jazzzeitung.de\/cms\/wp-content\/uploads\/2016\/02\/P1040230-Dave-Holland-Foto-TJ-Krebs.jpg?resize=350%2C200 1x, https:\/\/i0.wp.com\/www.jazzzeitung.de\/cms\/wp-content\/uploads\/2016\/02\/P1040230-Dave-Holland-Foto-TJ-Krebs.jpg?resize=525%2C300 1.5x, https:\/\/i0.wp.com\/www.jazzzeitung.de\/cms\/wp-content\/uploads\/2016\/02\/P1040230-Dave-Holland-Foto-TJ-Krebs.jpg?resize=700%2C400 2x, https:\/\/i0.wp.com\/www.jazzzeitung.de\/cms\/wp-content\/uploads\/2016\/02\/P1040230-Dave-Holland-Foto-TJ-Krebs.jpg?resize=1050%2C600 3x, https:\/\/i0.wp.com\/www.jazzzeitung.de\/cms\/wp-content\/uploads\/2016\/02\/P1040230-Dave-Holland-Foto-TJ-Krebs.jpg?resize=1400%2C800 4x"},"classes":[]},{"id":3889,"url":"https:\/\/www.jazzzeitung.de\/cms\/2014\/05\/echo-fuer-lebenswerk-2014-geht-dusko-goykovich\/","url_meta":{"origin":9576,"position":1},"title":"ECHO f\u00fcr Lebenswerk 2014 geht an Dusko Goykovich","author":"Redaktion JazzZeitung","date":"15. Mai 2014","format":false,"excerpt":"Wir gratulieren ganz herzlich mit einem Artikel aus unserem Archiv, den Ursula Gaisa anl\u00e4sslich des Erscheinens seines Albums \"Samba do Mar\" 2004 verfasste: F\u00fcr jemanden, der sich bereits seit \u00fcber 50 Jahren mit seinem Instrument und dem Jazz auseinandersetzt, noch t\u00e4glich ein paar Stunden \u00fcbt \u2013 Geburtstage, Feiertage und Silvester\u2026","rel":"","context":"In &quot;Archiv&quot;","block_context":{"text":"Archiv","link":"https:\/\/www.jazzzeitung.de\/cms\/thema\/archiv\/"},"img":{"alt_text":"dusko","src":"https:\/\/i0.wp.com\/www.jazzzeitung.de\/cms\/wp-content\/uploads\/2014\/05\/dusko-150x150.jpg?resize=350%2C200","width":350,"height":200},"classes":[]},{"id":5701,"url":"https:\/\/www.jazzzeitung.de\/cms\/2015\/03\/musikpreis-der-landeshauptstadt-muenchen-2015-dusko-goykovich\/","url_meta":{"origin":9576,"position":2},"title":"Musikpreis der Landeshauptstadt M\u00fcnchen 2015 an Dusko Goykovich","author":"Redaktion JazzZeitung","date":"12. M\u00e4rz 2015","format":false,"excerpt":"Der Stadtrat der Landeshauptstadt M\u00fcnchen hat in seiner heutigen Kulturausschuss- Sitzung das Votum der Jury best\u00e4tigt, den mit 10.000 Euro dotierten Musikpreis der Landeshauptstadt M\u00fcnchen 2015 an Dusko Goykovich zu vergeben. Der Musikpreis wird alle drei Jahre verliehen. Ausgezeichnet wird eine herausragende Gesamtleistung im Bereich Musik bzw. eine Pers\u00f6nlichkeit, die\u2026","rel":"","context":"In &quot;News&quot;","block_context":{"text":"News","link":"https:\/\/www.jazzzeitung.de\/cms\/thema\/nachrichten\/"},"img":{"alt_text":"","src":"https:\/\/i0.wp.com\/www.jazzzeitung.de\/cms\/wp-content\/uploads\/2014\/05\/dusko.jpg?fit=734%2C1200&ssl=1&resize=350%2C200","width":350,"height":200,"srcset":"https:\/\/i0.wp.com\/www.jazzzeitung.de\/cms\/wp-content\/uploads\/2014\/05\/dusko.jpg?fit=734%2C1200&ssl=1&resize=350%2C200 1x, https:\/\/i0.wp.com\/www.jazzzeitung.de\/cms\/wp-content\/uploads\/2014\/05\/dusko.jpg?fit=734%2C1200&ssl=1&resize=525%2C300 1.5x, https:\/\/i0.wp.com\/www.jazzzeitung.de\/cms\/wp-content\/uploads\/2014\/05\/dusko.jpg?fit=734%2C1200&ssl=1&resize=700%2C400 2x"},"classes":[]},{"id":24252,"url":"https:\/\/www.jazzzeitung.de\/cms\/2021\/01\/verleihung-des-berklee-master-of-global-jazz-award-an-dusko-goykovich-jazz-trompeter-und-ehrenmitglied-des-jazz-instituts-livestream-auf-youtube\/","url_meta":{"origin":9576,"position":3},"title":"Verleihung des &#8222;Berklee Master of Global Jazz Award&#8220; an Dusko Goykovich, Jazz-Trompeter und Ehrenmitglied des Jazz Instituts Livestream auf Youtube","author":"Redaktion JazzZeitung","date":"20. Januar 2021","format":false,"excerpt":"Die drei Gewinner des 5. Kurt Maas Jazz Award bestreiten am Freitag, 22. Januar 2021 um 19:00 Uhr gemeinsam mit Kolleginnen und Kollegen des Jazz Instituts der Hochschule f\u00fcr Musik und Theater M\u00fcnchen (HMTM) das Preistr\u00e4gerkonzert des Wettbewerbs als Livestream auf dem Youtube-Kanal des Jazz Instituts. Besonderer H\u00f6hepunkt ist au\u00dferdem\u2026","rel":"","context":"In &quot;News&quot;","block_context":{"text":"News","link":"https:\/\/www.jazzzeitung.de\/cms\/thema\/nachrichten\/"},"img":{"alt_text":"","src":"https:\/\/i0.wp.com\/www.jazzzeitung.de\/cms\/wp-content\/uploads\/2021\/01\/Goykovich_Dusko_c_Jan-Scheffner-scaled.jpg?fit=1200%2C798&ssl=1&resize=350%2C200","width":350,"height":200,"srcset":"https:\/\/i0.wp.com\/www.jazzzeitung.de\/cms\/wp-content\/uploads\/2021\/01\/Goykovich_Dusko_c_Jan-Scheffner-scaled.jpg?fit=1200%2C798&ssl=1&resize=350%2C200 1x, https:\/\/i0.wp.com\/www.jazzzeitung.de\/cms\/wp-content\/uploads\/2021\/01\/Goykovich_Dusko_c_Jan-Scheffner-scaled.jpg?fit=1200%2C798&ssl=1&resize=525%2C300 1.5x, https:\/\/i0.wp.com\/www.jazzzeitung.de\/cms\/wp-content\/uploads\/2021\/01\/Goykovich_Dusko_c_Jan-Scheffner-scaled.jpg?fit=1200%2C798&ssl=1&resize=700%2C400 2x, https:\/\/i0.wp.com\/www.jazzzeitung.de\/cms\/wp-content\/uploads\/2021\/01\/Goykovich_Dusko_c_Jan-Scheffner-scaled.jpg?fit=1200%2C798&ssl=1&resize=1050%2C600 3x"},"classes":[]},{"id":6433,"url":"https:\/\/www.jazzzeitung.de\/cms\/2015\/06\/6433\/","url_meta":{"origin":9576,"position":4},"title":"Dusko Goykovich erh\u00e4lt Musikpreis der Landeshauptstadt M\u00fcnchen","author":"Redaktion JazzZeitung","date":"19. Juni 2015","format":false,"excerpt":"Gestern Abend wurde der Trompeter Dusko Goykovich im Alten Rathaussaal in M\u00fcnchen mit dem mit 10.000 Euro dotierten Musikpreis der Landeshauptstadt M\u00fcnchen ausgezeichnet. In der Begr\u00fcndung der Jury hie\u00df es: \u201eEr gilt als Souver\u00e4n aller Spielklassen, dem es bei aller Virtuosit\u00e4t und musikalischer Kompetenz trotzdem niemals wichtig war, als der\u2026","rel":"","context":"In &quot;News&quot;","block_context":{"text":"News","link":"https:\/\/www.jazzzeitung.de\/cms\/thema\/nachrichten\/"},"img":{"alt_text":"","src":"https:\/\/i0.wp.com\/www.jazzzeitung.de\/cms\/wp-content\/uploads\/2015\/06\/0K3A6250-Duskos-Platzschild-dombr.jpg?resize=350%2C200","width":350,"height":200,"srcset":"https:\/\/i0.wp.com\/www.jazzzeitung.de\/cms\/wp-content\/uploads\/2015\/06\/0K3A6250-Duskos-Platzschild-dombr.jpg?resize=350%2C200 1x, https:\/\/i0.wp.com\/www.jazzzeitung.de\/cms\/wp-content\/uploads\/2015\/06\/0K3A6250-Duskos-Platzschild-dombr.jpg?resize=525%2C300 1.5x, https:\/\/i0.wp.com\/www.jazzzeitung.de\/cms\/wp-content\/uploads\/2015\/06\/0K3A6250-Duskos-Platzschild-dombr.jpg?resize=700%2C400 2x, https:\/\/i0.wp.com\/www.jazzzeitung.de\/cms\/wp-content\/uploads\/2015\/06\/0K3A6250-Duskos-Platzschild-dombr.jpg?resize=1050%2C600 3x"},"classes":[]},{"id":9390,"url":"https:\/\/www.jazzzeitung.de\/cms\/2016\/05\/freisinger-jazzfest-startet-3-juni\/","url_meta":{"origin":9576,"position":5},"title":"Freisinger Jazzfest startet am 3. Juni","author":"Redaktion JazzZeitung","date":"25. Mai 2016","format":false,"excerpt":"Am Freitag den 3. Juni l\u00e4dt der Freisinger Kulturverein 3klang e.V. im Rahmen seines Geburtstagsfestes zum Freisinger Jazz Fest in das 3klang-Kulturzelt auf dem alten Schulhof St. Georg zwischen Christopher-Paudi\u00df-Platz und der Angerbadergasse ein. Ab 18.30 Uhr\u00a0sind in dieser Jazz Nacht \u201eLive on Stage\u201c Roman\u2019s Elefantentanz, ein Projekt des Freisinger\u2026","rel":"","context":"In &quot;News&quot;","block_context":{"text":"News","link":"https:\/\/www.jazzzeitung.de\/cms\/thema\/nachrichten\/"},"img":{"alt_text":"","src":"https:\/\/i0.wp.com\/www.jazzzeitung.de\/cms\/wp-content\/uploads\/2016\/05\/Dusko-Goykovich.jpg?resize=350%2C200","width":350,"height":200},"classes":[]}],"jetpack_sharing_enabled":true,"_links":{"self":[{"href":"https:\/\/www.jazzzeitung.de\/cms\/wp-json\/wp\/v2\/posts\/9576","targetHints":{"allow":["GET"]}}],"collection":[{"href":"https:\/\/www.jazzzeitung.de\/cms\/wp-json\/wp\/v2\/posts"}],"about":[{"href":"https:\/\/www.jazzzeitung.de\/cms\/wp-json\/wp\/v2\/types\/post"}],"author":[{"embeddable":true,"href":"https:\/\/www.jazzzeitung.de\/cms\/wp-json\/wp\/v2\/users\/18"}],"replies":[{"embeddable":true,"href":"https:\/\/www.jazzzeitung.de\/cms\/wp-json\/wp\/v2\/comments?post=9576"}],"version-history":[{"count":6,"href":"https:\/\/www.jazzzeitung.de\/cms\/wp-json\/wp\/v2\/posts\/9576\/revisions"}],"predecessor-version":[{"id":9583,"href":"https:\/\/www.jazzzeitung.de\/cms\/wp-json\/wp\/v2\/posts\/9576\/revisions\/9583"}],"wp:attachment":[{"href":"https:\/\/www.jazzzeitung.de\/cms\/wp-json\/wp\/v2\/media?parent=9576"}],"wp:term":[{"taxonomy":"category","embeddable":true,"href":"https:\/\/www.jazzzeitung.de\/cms\/wp-json\/wp\/v2\/categories?post=9576"},{"taxonomy":"post_tag","embeddable":true,"href":"https:\/\/www.jazzzeitung.de\/cms\/wp-json\/wp\/v2\/tags?post=9576"},{"taxonomy":"author","embeddable":true,"href":"https:\/\/www.jazzzeitung.de\/cms\/wp-json\/wp\/v2\/coauthors?post=9576"}],"curies":[{"name":"wp","href":"https:\/\/api.w.org\/{rel}","templated":true}]}}