{"id":9499,"date":"2016-06-14T17:00:09","date_gmt":"2016-06-14T15:00:09","guid":{"rendered":"http:\/\/www.jazzzeitung.de\/cms\/?p=9499"},"modified":"2016-06-14T16:39:22","modified_gmt":"2016-06-14T14:39:22","slug":"dresdner-drum-bass-festival-2016-10th-anniversary","status":"publish","type":"post","link":"https:\/\/www.jazzzeitung.de\/cms\/2016\/06\/dresdner-drum-bass-festival-2016-10th-anniversary\/","title":{"rendered":"Dresdner Drum &#038; Bass Festival 2016 &#8211; 10th Anniversary"},"content":{"rendered":"<figure id=\"attachment_9506\" aria-describedby=\"caption-attachment-9506\" style=\"width: 150px\" class=\"wp-caption alignleft\"><a href=\"https:\/\/i0.wp.com\/www.jazzzeitung.de\/cms\/wp-content\/uploads\/2016\/06\/virgil_DC2.jpg\"><img data-recalc-dims=\"1\" loading=\"lazy\" decoding=\"async\" data-attachment-id=\"9506\" data-permalink=\"https:\/\/www.jazzzeitung.de\/cms\/2016\/06\/dresdner-drum-bass-festival-2016-10th-anniversary\/virgil_dc2\/\" data-orig-file=\"https:\/\/i0.wp.com\/www.jazzzeitung.de\/cms\/wp-content\/uploads\/2016\/06\/virgil_DC2.jpg?fit=5760%2C3840&amp;ssl=1\" data-orig-size=\"5760,3840\" data-comments-opened=\"1\" data-image-meta=\"{&quot;aperture&quot;:&quot;0&quot;,&quot;credit&quot;:&quot;&quot;,&quot;camera&quot;:&quot;&quot;,&quot;caption&quot;:&quot;&quot;,&quot;created_timestamp&quot;:&quot;0&quot;,&quot;copyright&quot;:&quot;&quot;,&quot;focal_length&quot;:&quot;0&quot;,&quot;iso&quot;:&quot;0&quot;,&quot;shutter_speed&quot;:&quot;0&quot;,&quot;title&quot;:&quot;&quot;,&quot;orientation&quot;:&quot;0&quot;}\" data-image-title=\"virgil_DC2\" data-image-description=\"\" data-image-caption=\"\" data-large-file=\"https:\/\/i0.wp.com\/www.jazzzeitung.de\/cms\/wp-content\/uploads\/2016\/06\/virgil_DC2.jpg?fit=840%2C560&amp;ssl=1\" class=\"wp-image-9506 size-thumbnail\" src=\"https:\/\/i0.wp.com\/www.jazzzeitung.de\/cms\/wp-content\/uploads\/2016\/06\/virgil_DC2-150x150.jpg?resize=150%2C150\" width=\"150\" height=\"150\" srcset=\"https:\/\/i0.wp.com\/www.jazzzeitung.de\/cms\/wp-content\/uploads\/2016\/06\/virgil_DC2.jpg?resize=150%2C150&amp;ssl=1 150w, https:\/\/i0.wp.com\/www.jazzzeitung.de\/cms\/wp-content\/uploads\/2016\/06\/virgil_DC2.jpg?resize=144%2C144&amp;ssl=1 144w, https:\/\/i0.wp.com\/www.jazzzeitung.de\/cms\/wp-content\/uploads\/2016\/06\/virgil_DC2.jpg?resize=96%2C96&amp;ssl=1 96w, https:\/\/i0.wp.com\/www.jazzzeitung.de\/cms\/wp-content\/uploads\/2016\/06\/virgil_DC2.jpg?resize=24%2C24&amp;ssl=1 24w, https:\/\/i0.wp.com\/www.jazzzeitung.de\/cms\/wp-content\/uploads\/2016\/06\/virgil_DC2.jpg?resize=36%2C36&amp;ssl=1 36w, https:\/\/i0.wp.com\/www.jazzzeitung.de\/cms\/wp-content\/uploads\/2016\/06\/virgil_DC2.jpg?resize=48%2C48&amp;ssl=1 48w, https:\/\/i0.wp.com\/www.jazzzeitung.de\/cms\/wp-content\/uploads\/2016\/06\/virgil_DC2.jpg?resize=64%2C64&amp;ssl=1 64w, https:\/\/i0.wp.com\/www.jazzzeitung.de\/cms\/wp-content\/uploads\/2016\/06\/virgil_DC2.jpg?resize=32%2C32&amp;ssl=1 32w, https:\/\/i0.wp.com\/www.jazzzeitung.de\/cms\/wp-content\/uploads\/2016\/06\/virgil_DC2.jpg?resize=50%2C50&amp;ssl=1 50w, https:\/\/i0.wp.com\/www.jazzzeitung.de\/cms\/wp-content\/uploads\/2016\/06\/virgil_DC2.jpg?resize=128%2C128&amp;ssl=1 128w, https:\/\/i0.wp.com\/www.jazzzeitung.de\/cms\/wp-content\/uploads\/2016\/06\/virgil_DC2.jpg?zoom=2&amp;resize=150%2C150&amp;ssl=1 300w, https:\/\/i0.wp.com\/www.jazzzeitung.de\/cms\/wp-content\/uploads\/2016\/06\/virgil_DC2.jpg?zoom=3&amp;resize=150%2C150&amp;ssl=1 450w\" sizes=\"auto, (max-width: 150px) 100vw, 150px\" \/><\/a><figcaption id=\"caption-attachment-9506\" class=\"wp-caption-text\">Auch dabei: Virgil Donati.<\/figcaption><\/figure>\n<p style=\"text-align: left;\">Was haben Planet X, Fanta 4, Sarah Connor und die Heavytones gemeinsam?<br \/>\nSie alle k\u00f6nnen am 17. und 18. September leider nicht live spielen, jedenfalls nicht in Bestbesetzung.<br \/>\nDenn an diesem Wochenende befinden sich ihre Drummer oder Bassisten beim <strong>10. Dresdner Drum &amp; Bass Festival! <\/strong>Neben dem Who&#8217;s who der deutschen Rhythmus-Szene haben die Dresdner auch jede Menge internationale Interpr\u00e4ten am Start: Matt Halpern, Virgil Donati, Dom Famularo, Gary Willis, Larnell Lewis, Gergo Bolai, Marcel van Cleef, Flo Mounier und viele mehr.<\/p>\n<p>Die tragende Rolle des Basses im Gesamtsound einer Band ist kein Geheimnis mehr. In jeder Musikrichtung sind Drums und Basslines die Grundbausteine der Rhythmik und geh\u00f6ren auf Konzerten l\u00e4ngst zum festen Solo-Play-Repertoire. <strong>Benny Greb<\/strong> und <strong>Felix Lehrmann<\/strong> waren 2007 die Stars des 1. Dresdner Drumfestivals. Trotzt steil verlaufenden Karrieren haben sie immer wieder den Weg nach Dresden gefunden und d\u00fcrfen zum 10. keinesfalls fehlen. Mit <strong>Larnell Lewis<\/strong>, der mit Snarky Puppy eben erst einen Grammy gewonnen hat, ist auch f\u00fcr international erfolgreiches K\u00fcnstlerrepertoire gesorgt.<\/p>\n<p>Am Mittag des 17. September 2016 startet im Kulturzentrum Scheune ein Rhythmus-Programm, welches sich im Verlauf der kommenden 40 Stunden und 5 B\u00fchnen in die Clubs Groove Station, Lofthouse und die Stra\u00dfen der Dresdner Neustadt ausbreiten wird, um am sp\u00e4ten Abend des 18.09. mit einer gemeinsamen Jamsession einiger K\u00fcnstler auszudrummen. Und was nicht mehr ins regul\u00e4re Programm passt, findet reichlich Platz auf den Fl\u00e4chen und Stra\u00dfen rund um die Veranstaltungsorte.<br \/>\nBeim Dresdner Drum &amp; Bass Festival ist alles inklusive. Einzig die Aftershow-Party in der Groove Station bittet die Uners\u00e4ttlichen f\u00fcr Live-Electro der tanzbarsten Sorte noch einmal zur Kasse.<\/p>\n<p><a href=\"http:\/\/www.dresdner-drum-bass-festival.de\">Hier gehts zur offiziellen Homepage<\/a><br \/>\n<a href=\"http:\/\/www.facebook.com\/dresdner.drumfestival\">Hier gehts zur offiziellen Facebook-Seite<\/a><\/p>\n<p>&nbsp;<\/p>\n","protected":false},"excerpt":{"rendered":"<p>Was haben Planet X, Fanta 4, Sarah Connor und die Heavytones gemeinsam? Sie alle k\u00f6nnen am 17. und 18. September leider nicht live spielen, jedenfalls nicht in Bestbesetzung. Denn an diesem Wochenende befinden sich ihre Drummer oder Bassisten beim 10. Dresdner Drum &amp; Bass Festival! Neben dem Who&#8217;s who der deutschen Rhythmus-Szene haben die Dresdner auch jede Menge internationale Interpr\u00e4ten am Start: Matt Halpern, Virgil Donati, Dom Famularo, Gary Willis, Larnell Lewis, Gergo Bolai, Marcel van Cleef, Flo Mounier und viele mehr. Die tragende Rolle des Basses im Gesamtsound einer Band ist kein Geheimnis mehr. In jeder Musikrichtung sind Drums und Basslines die Grundbausteine der Rhythmik und geh\u00f6ren auf Konzerten l\u00e4ngst zum festen Solo-Play-Repertoire. Benny Greb und Felix Lehrmann waren 2007 die Stars des 1. Dresdner Drumfestivals. Trotzt steil verlaufenden Karrieren haben sie immer wieder den Weg nach Dresden gefunden und d\u00fcrfen zum 10. keinesfalls fehlen. Mit Larnell Lewis, der mit Snarky Puppy eben erst einen Grammy gewonnen hat, ist auch f\u00fcr international erfolgreiches K\u00fcnstlerrepertoire gesorgt. Am Mittag des 17. September 2016 startet im Kulturzentrum Scheune ein Rhythmus-Programm, welches sich im Verlauf der kommenden 40 &hellip;<\/p>\n","protected":false},"author":18,"featured_media":0,"comment_status":"open","ping_status":"closed","sticky":false,"template":"","format":"standard","meta":{"_jetpack_memberships_contains_paid_content":false,"footnotes":"","jetpack_publicize_message":"","jetpack_publicize_feature_enabled":true,"jetpack_social_post_already_shared":false,"jetpack_social_options":{"image_generator_settings":{"template":"highway","default_image_id":0,"font":"","enabled":false},"version":2}},"categories":[633],"tags":[1192,154,171,3],"coauthors":[695],"class_list":["post-9499","post","type-post","status-publish","format-standard","hentry","category-nachrichten","tag-clubs","tag-dresden","tag-facebook","tag-festival"],"yoast_head":"<!-- This site is optimized with the Yoast SEO plugin v27.5 - https:\/\/yoast.com\/product\/yoast-seo-wordpress\/ -->\n<title>Dresdner Drum &amp; Bass Festival 2016 - 10th Anniversary - JazzZeitung<\/title>\n<meta name=\"robots\" content=\"index, follow, max-snippet:-1, max-image-preview:large, max-video-preview:-1\" \/>\n<link rel=\"canonical\" href=\"https:\/\/www.jazzzeitung.de\/cms\/2016\/06\/dresdner-drum-bass-festival-2016-10th-anniversary\/\" \/>\n<meta property=\"og:locale\" content=\"de_DE\" \/>\n<meta property=\"og:type\" content=\"article\" \/>\n<meta property=\"og:title\" content=\"Dresdner Drum &amp; Bass Festival 2016 - 10th Anniversary - JazzZeitung\" \/>\n<meta property=\"og:description\" content=\"Was haben Planet X, Fanta 4, Sarah Connor und die Heavytones gemeinsam? Sie alle k\u00f6nnen am 17. und 18. September leider nicht live spielen, jedenfalls nicht in Bestbesetzung. Denn an diesem Wochenende befinden sich ihre Drummer oder Bassisten beim 10. Dresdner Drum &amp; Bass Festival! Neben dem Who&#8217;s who der deutschen Rhythmus-Szene haben die Dresdner auch jede Menge internationale Interpr\u00e4ten am Start: Matt Halpern, Virgil Donati, Dom Famularo, Gary Willis, Larnell Lewis, Gergo Bolai, Marcel van Cleef, Flo Mounier und viele mehr. Die tragende Rolle des Basses im Gesamtsound einer Band ist kein Geheimnis mehr. In jeder Musikrichtung sind Drums und Basslines die Grundbausteine der Rhythmik und geh\u00f6ren auf Konzerten l\u00e4ngst zum festen Solo-Play-Repertoire. Benny Greb und Felix Lehrmann waren 2007 die Stars des 1. Dresdner Drumfestivals. Trotzt steil verlaufenden Karrieren haben sie immer wieder den Weg nach Dresden gefunden und d\u00fcrfen zum 10. keinesfalls fehlen. Mit Larnell Lewis, der mit Snarky Puppy eben erst einen Grammy gewonnen hat, ist auch f\u00fcr international erfolgreiches K\u00fcnstlerrepertoire gesorgt. Am Mittag des 17. September 2016 startet im Kulturzentrum Scheune ein Rhythmus-Programm, welches sich im Verlauf der kommenden 40 &hellip;\" \/>\n<meta property=\"og:url\" content=\"https:\/\/www.jazzzeitung.de\/cms\/2016\/06\/dresdner-drum-bass-festival-2016-10th-anniversary\/\" \/>\n<meta property=\"og:site_name\" content=\"JazzZeitung\" \/>\n<meta property=\"article:publisher\" content=\"https:\/\/www.facebook.com\/JazzZeitung\/\" \/>\n<meta property=\"article:published_time\" content=\"2016-06-14T15:00:09+00:00\" \/>\n<meta property=\"og:image\" content=\"http:\/\/www.jazzzeitung.de\/cms\/wp-content\/uploads\/2016\/06\/virgil_DC2-150x150.jpg\" \/>\n<meta name=\"author\" content=\"Redaktion JazzZeitung\" \/>\n<script type=\"application\/ld+json\" class=\"yoast-schema-graph\">{\"@context\":\"https:\\\/\\\/schema.org\",\"@graph\":[{\"@type\":\"Article\",\"@id\":\"https:\\\/\\\/www.jazzzeitung.de\\\/cms\\\/2016\\\/06\\\/dresdner-drum-bass-festival-2016-10th-anniversary\\\/#article\",\"isPartOf\":{\"@id\":\"https:\\\/\\\/www.jazzzeitung.de\\\/cms\\\/2016\\\/06\\\/dresdner-drum-bass-festival-2016-10th-anniversary\\\/\"},\"author\":{\"name\":\"Redaktion JazzZeitung\",\"@id\":\"https:\\\/\\\/www.jazzzeitung.de\\\/cms\\\/#\\\/schema\\\/person\\\/2245b36b9cd1d24cea10f01c031fb92b\"},\"headline\":\"Dresdner Drum &#038; Bass Festival 2016 &#8211; 10th Anniversary\",\"datePublished\":\"2016-06-14T15:00:09+00:00\",\"mainEntityOfPage\":{\"@id\":\"https:\\\/\\\/www.jazzzeitung.de\\\/cms\\\/2016\\\/06\\\/dresdner-drum-bass-festival-2016-10th-anniversary\\\/\"},\"wordCount\":298,\"commentCount\":0,\"publisher\":{\"@id\":\"https:\\\/\\\/www.jazzzeitung.de\\\/cms\\\/#organization\"},\"image\":{\"@id\":\"https:\\\/\\\/www.jazzzeitung.de\\\/cms\\\/2016\\\/06\\\/dresdner-drum-bass-festival-2016-10th-anniversary\\\/#primaryimage\"},\"thumbnailUrl\":\"http:\\\/\\\/www.jazzzeitung.de\\\/cms\\\/wp-content\\\/uploads\\\/2016\\\/06\\\/virgil_DC2-150x150.jpg\",\"keywords\":[\"Clubs\",\"Dresden\",\"facebook\",\"Festival\"],\"articleSection\":[\"News\"],\"inLanguage\":\"de\",\"potentialAction\":[{\"@type\":\"CommentAction\",\"name\":\"Comment\",\"target\":[\"https:\\\/\\\/www.jazzzeitung.de\\\/cms\\\/2016\\\/06\\\/dresdner-drum-bass-festival-2016-10th-anniversary\\\/#respond\"]}]},{\"@type\":\"WebPage\",\"@id\":\"https:\\\/\\\/www.jazzzeitung.de\\\/cms\\\/2016\\\/06\\\/dresdner-drum-bass-festival-2016-10th-anniversary\\\/\",\"url\":\"https:\\\/\\\/www.jazzzeitung.de\\\/cms\\\/2016\\\/06\\\/dresdner-drum-bass-festival-2016-10th-anniversary\\\/\",\"name\":\"Dresdner Drum & Bass Festival 2016 - 10th Anniversary - JazzZeitung\",\"isPartOf\":{\"@id\":\"https:\\\/\\\/www.jazzzeitung.de\\\/cms\\\/#website\"},\"primaryImageOfPage\":{\"@id\":\"https:\\\/\\\/www.jazzzeitung.de\\\/cms\\\/2016\\\/06\\\/dresdner-drum-bass-festival-2016-10th-anniversary\\\/#primaryimage\"},\"image\":{\"@id\":\"https:\\\/\\\/www.jazzzeitung.de\\\/cms\\\/2016\\\/06\\\/dresdner-drum-bass-festival-2016-10th-anniversary\\\/#primaryimage\"},\"thumbnailUrl\":\"http:\\\/\\\/www.jazzzeitung.de\\\/cms\\\/wp-content\\\/uploads\\\/2016\\\/06\\\/virgil_DC2-150x150.jpg\",\"datePublished\":\"2016-06-14T15:00:09+00:00\",\"breadcrumb\":{\"@id\":\"https:\\\/\\\/www.jazzzeitung.de\\\/cms\\\/2016\\\/06\\\/dresdner-drum-bass-festival-2016-10th-anniversary\\\/#breadcrumb\"},\"inLanguage\":\"de\",\"potentialAction\":[{\"@type\":\"ReadAction\",\"target\":[\"https:\\\/\\\/www.jazzzeitung.de\\\/cms\\\/2016\\\/06\\\/dresdner-drum-bass-festival-2016-10th-anniversary\\\/\"]}]},{\"@type\":\"ImageObject\",\"inLanguage\":\"de\",\"@id\":\"https:\\\/\\\/www.jazzzeitung.de\\\/cms\\\/2016\\\/06\\\/dresdner-drum-bass-festival-2016-10th-anniversary\\\/#primaryimage\",\"url\":\"http:\\\/\\\/www.jazzzeitung.de\\\/cms\\\/wp-content\\\/uploads\\\/2016\\\/06\\\/virgil_DC2-150x150.jpg\",\"contentUrl\":\"http:\\\/\\\/www.jazzzeitung.de\\\/cms\\\/wp-content\\\/uploads\\\/2016\\\/06\\\/virgil_DC2-150x150.jpg\"},{\"@type\":\"BreadcrumbList\",\"@id\":\"https:\\\/\\\/www.jazzzeitung.de\\\/cms\\\/2016\\\/06\\\/dresdner-drum-bass-festival-2016-10th-anniversary\\\/#breadcrumb\",\"itemListElement\":[{\"@type\":\"ListItem\",\"position\":1,\"name\":\"Startseite\",\"item\":\"https:\\\/\\\/www.jazzzeitung.de\\\/cms\\\/\"},{\"@type\":\"ListItem\",\"position\":2,\"name\":\"Dresdner Drum &#038; Bass Festival 2016 &#8211; 10th Anniversary\"}]},{\"@type\":\"WebSite\",\"@id\":\"https:\\\/\\\/www.jazzzeitung.de\\\/cms\\\/#website\",\"url\":\"https:\\\/\\\/www.jazzzeitung.de\\\/cms\\\/\",\"name\":\"JazzZeitung\",\"description\":\"Jazz-News und Jazz-Kontroverses\",\"publisher\":{\"@id\":\"https:\\\/\\\/www.jazzzeitung.de\\\/cms\\\/#organization\"},\"potentialAction\":[{\"@type\":\"SearchAction\",\"target\":{\"@type\":\"EntryPoint\",\"urlTemplate\":\"https:\\\/\\\/www.jazzzeitung.de\\\/cms\\\/?s={search_term_string}\"},\"query-input\":{\"@type\":\"PropertyValueSpecification\",\"valueRequired\":true,\"valueName\":\"search_term_string\"}}],\"inLanguage\":\"de\"},{\"@type\":\"Organization\",\"@id\":\"https:\\\/\\\/www.jazzzeitung.de\\\/cms\\\/#organization\",\"name\":\"JazzZeitung online\",\"url\":\"https:\\\/\\\/www.jazzzeitung.de\\\/cms\\\/\",\"logo\":{\"@type\":\"ImageObject\",\"inLanguage\":\"de\",\"@id\":\"https:\\\/\\\/www.jazzzeitung.de\\\/cms\\\/#\\\/schema\\\/logo\\\/image\\\/\",\"url\":\"https:\\\/\\\/i0.wp.com\\\/www.jazzzeitung.de\\\/cms\\\/wp-content\\\/uploads\\\/2015\\\/08\\\/JAZZZEITUNGDE_Logo_Neu.png?fit=499%2C200&ssl=1\",\"contentUrl\":\"https:\\\/\\\/i0.wp.com\\\/www.jazzzeitung.de\\\/cms\\\/wp-content\\\/uploads\\\/2015\\\/08\\\/JAZZZEITUNGDE_Logo_Neu.png?fit=499%2C200&ssl=1\",\"width\":499,\"height\":200,\"caption\":\"JazzZeitung online\"},\"image\":{\"@id\":\"https:\\\/\\\/www.jazzzeitung.de\\\/cms\\\/#\\\/schema\\\/logo\\\/image\\\/\"},\"sameAs\":[\"https:\\\/\\\/www.facebook.com\\\/JazzZeitung\\\/\"]},{\"@type\":\"Person\",\"@id\":\"https:\\\/\\\/www.jazzzeitung.de\\\/cms\\\/#\\\/schema\\\/person\\\/2245b36b9cd1d24cea10f01c031fb92b\",\"name\":\"Redaktion JazzZeitung\",\"image\":{\"@type\":\"ImageObject\",\"inLanguage\":\"de\",\"@id\":\"https:\\\/\\\/i0.wp.com\\\/www.jazzzeitung.de\\\/cms\\\/wp-content\\\/uploads\\\/2015\\\/08\\\/JAZZZEITUNGDE_Logo_Neu.png?resize=96%2C96&ssl=159975dcacb611b5700bd619b5daf0a7a\",\"url\":\"https:\\\/\\\/i0.wp.com\\\/www.jazzzeitung.de\\\/cms\\\/wp-content\\\/uploads\\\/2015\\\/08\\\/JAZZZEITUNGDE_Logo_Neu.png?resize=96%2C96&ssl=1\",\"contentUrl\":\"https:\\\/\\\/i0.wp.com\\\/www.jazzzeitung.de\\\/cms\\\/wp-content\\\/uploads\\\/2015\\\/08\\\/JAZZZEITUNGDE_Logo_Neu.png?resize=96%2C96&ssl=1\",\"caption\":\"Redaktion JazzZeitung\"},\"description\":\"Artikel der Redaktion der JazzZeitung.\",\"sameAs\":[\"http:\\\/\\\/www.jazzzeitung.de\\\/cms\\\/\"],\"url\":\"https:\\\/\\\/www.jazzzeitung.de\\\/cms\\\/author\\\/redaktion\\\/\"}]}<\/script>\n<!-- \/ Yoast SEO plugin. -->","yoast_head_json":{"title":"Dresdner Drum & Bass Festival 2016 - 10th Anniversary - JazzZeitung","robots":{"index":"index","follow":"follow","max-snippet":"max-snippet:-1","max-image-preview":"max-image-preview:large","max-video-preview":"max-video-preview:-1"},"canonical":"https:\/\/www.jazzzeitung.de\/cms\/2016\/06\/dresdner-drum-bass-festival-2016-10th-anniversary\/","og_locale":"de_DE","og_type":"article","og_title":"Dresdner Drum & Bass Festival 2016 - 10th Anniversary - JazzZeitung","og_description":"Was haben Planet X, Fanta 4, Sarah Connor und die Heavytones gemeinsam? Sie alle k\u00f6nnen am 17. und 18. September leider nicht live spielen, jedenfalls nicht in Bestbesetzung. Denn an diesem Wochenende befinden sich ihre Drummer oder Bassisten beim 10. Dresdner Drum &amp; Bass Festival! Neben dem Who&#8217;s who der deutschen Rhythmus-Szene haben die Dresdner auch jede Menge internationale Interpr\u00e4ten am Start: Matt Halpern, Virgil Donati, Dom Famularo, Gary Willis, Larnell Lewis, Gergo Bolai, Marcel van Cleef, Flo Mounier und viele mehr. Die tragende Rolle des Basses im Gesamtsound einer Band ist kein Geheimnis mehr. In jeder Musikrichtung sind Drums und Basslines die Grundbausteine der Rhythmik und geh\u00f6ren auf Konzerten l\u00e4ngst zum festen Solo-Play-Repertoire. Benny Greb und Felix Lehrmann waren 2007 die Stars des 1. Dresdner Drumfestivals. Trotzt steil verlaufenden Karrieren haben sie immer wieder den Weg nach Dresden gefunden und d\u00fcrfen zum 10. keinesfalls fehlen. Mit Larnell Lewis, der mit Snarky Puppy eben erst einen Grammy gewonnen hat, ist auch f\u00fcr international erfolgreiches K\u00fcnstlerrepertoire gesorgt. Am Mittag des 17. September 2016 startet im Kulturzentrum Scheune ein Rhythmus-Programm, welches sich im Verlauf der kommenden 40 &hellip;","og_url":"https:\/\/www.jazzzeitung.de\/cms\/2016\/06\/dresdner-drum-bass-festival-2016-10th-anniversary\/","og_site_name":"JazzZeitung","article_publisher":"https:\/\/www.facebook.com\/JazzZeitung\/","article_published_time":"2016-06-14T15:00:09+00:00","og_image":[{"url":"http:\/\/www.jazzzeitung.de\/cms\/wp-content\/uploads\/2016\/06\/virgil_DC2-150x150.jpg","type":"","width":"","height":""}],"author":"Redaktion JazzZeitung","schema":{"@context":"https:\/\/schema.org","@graph":[{"@type":"Article","@id":"https:\/\/www.jazzzeitung.de\/cms\/2016\/06\/dresdner-drum-bass-festival-2016-10th-anniversary\/#article","isPartOf":{"@id":"https:\/\/www.jazzzeitung.de\/cms\/2016\/06\/dresdner-drum-bass-festival-2016-10th-anniversary\/"},"author":{"name":"Redaktion JazzZeitung","@id":"https:\/\/www.jazzzeitung.de\/cms\/#\/schema\/person\/2245b36b9cd1d24cea10f01c031fb92b"},"headline":"Dresdner Drum &#038; Bass Festival 2016 &#8211; 10th Anniversary","datePublished":"2016-06-14T15:00:09+00:00","mainEntityOfPage":{"@id":"https:\/\/www.jazzzeitung.de\/cms\/2016\/06\/dresdner-drum-bass-festival-2016-10th-anniversary\/"},"wordCount":298,"commentCount":0,"publisher":{"@id":"https:\/\/www.jazzzeitung.de\/cms\/#organization"},"image":{"@id":"https:\/\/www.jazzzeitung.de\/cms\/2016\/06\/dresdner-drum-bass-festival-2016-10th-anniversary\/#primaryimage"},"thumbnailUrl":"http:\/\/www.jazzzeitung.de\/cms\/wp-content\/uploads\/2016\/06\/virgil_DC2-150x150.jpg","keywords":["Clubs","Dresden","facebook","Festival"],"articleSection":["News"],"inLanguage":"de","potentialAction":[{"@type":"CommentAction","name":"Comment","target":["https:\/\/www.jazzzeitung.de\/cms\/2016\/06\/dresdner-drum-bass-festival-2016-10th-anniversary\/#respond"]}]},{"@type":"WebPage","@id":"https:\/\/www.jazzzeitung.de\/cms\/2016\/06\/dresdner-drum-bass-festival-2016-10th-anniversary\/","url":"https:\/\/www.jazzzeitung.de\/cms\/2016\/06\/dresdner-drum-bass-festival-2016-10th-anniversary\/","name":"Dresdner Drum & Bass Festival 2016 - 10th Anniversary - JazzZeitung","isPartOf":{"@id":"https:\/\/www.jazzzeitung.de\/cms\/#website"},"primaryImageOfPage":{"@id":"https:\/\/www.jazzzeitung.de\/cms\/2016\/06\/dresdner-drum-bass-festival-2016-10th-anniversary\/#primaryimage"},"image":{"@id":"https:\/\/www.jazzzeitung.de\/cms\/2016\/06\/dresdner-drum-bass-festival-2016-10th-anniversary\/#primaryimage"},"thumbnailUrl":"http:\/\/www.jazzzeitung.de\/cms\/wp-content\/uploads\/2016\/06\/virgil_DC2-150x150.jpg","datePublished":"2016-06-14T15:00:09+00:00","breadcrumb":{"@id":"https:\/\/www.jazzzeitung.de\/cms\/2016\/06\/dresdner-drum-bass-festival-2016-10th-anniversary\/#breadcrumb"},"inLanguage":"de","potentialAction":[{"@type":"ReadAction","target":["https:\/\/www.jazzzeitung.de\/cms\/2016\/06\/dresdner-drum-bass-festival-2016-10th-anniversary\/"]}]},{"@type":"ImageObject","inLanguage":"de","@id":"https:\/\/www.jazzzeitung.de\/cms\/2016\/06\/dresdner-drum-bass-festival-2016-10th-anniversary\/#primaryimage","url":"http:\/\/www.jazzzeitung.de\/cms\/wp-content\/uploads\/2016\/06\/virgil_DC2-150x150.jpg","contentUrl":"http:\/\/www.jazzzeitung.de\/cms\/wp-content\/uploads\/2016\/06\/virgil_DC2-150x150.jpg"},{"@type":"BreadcrumbList","@id":"https:\/\/www.jazzzeitung.de\/cms\/2016\/06\/dresdner-drum-bass-festival-2016-10th-anniversary\/#breadcrumb","itemListElement":[{"@type":"ListItem","position":1,"name":"Startseite","item":"https:\/\/www.jazzzeitung.de\/cms\/"},{"@type":"ListItem","position":2,"name":"Dresdner Drum &#038; Bass Festival 2016 &#8211; 10th Anniversary"}]},{"@type":"WebSite","@id":"https:\/\/www.jazzzeitung.de\/cms\/#website","url":"https:\/\/www.jazzzeitung.de\/cms\/","name":"JazzZeitung","description":"Jazz-News und Jazz-Kontroverses","publisher":{"@id":"https:\/\/www.jazzzeitung.de\/cms\/#organization"},"potentialAction":[{"@type":"SearchAction","target":{"@type":"EntryPoint","urlTemplate":"https:\/\/www.jazzzeitung.de\/cms\/?s={search_term_string}"},"query-input":{"@type":"PropertyValueSpecification","valueRequired":true,"valueName":"search_term_string"}}],"inLanguage":"de"},{"@type":"Organization","@id":"https:\/\/www.jazzzeitung.de\/cms\/#organization","name":"JazzZeitung online","url":"https:\/\/www.jazzzeitung.de\/cms\/","logo":{"@type":"ImageObject","inLanguage":"de","@id":"https:\/\/www.jazzzeitung.de\/cms\/#\/schema\/logo\/image\/","url":"https:\/\/i0.wp.com\/www.jazzzeitung.de\/cms\/wp-content\/uploads\/2015\/08\/JAZZZEITUNGDE_Logo_Neu.png?fit=499%2C200&ssl=1","contentUrl":"https:\/\/i0.wp.com\/www.jazzzeitung.de\/cms\/wp-content\/uploads\/2015\/08\/JAZZZEITUNGDE_Logo_Neu.png?fit=499%2C200&ssl=1","width":499,"height":200,"caption":"JazzZeitung online"},"image":{"@id":"https:\/\/www.jazzzeitung.de\/cms\/#\/schema\/logo\/image\/"},"sameAs":["https:\/\/www.facebook.com\/JazzZeitung\/"]},{"@type":"Person","@id":"https:\/\/www.jazzzeitung.de\/cms\/#\/schema\/person\/2245b36b9cd1d24cea10f01c031fb92b","name":"Redaktion JazzZeitung","image":{"@type":"ImageObject","inLanguage":"de","@id":"https:\/\/i0.wp.com\/www.jazzzeitung.de\/cms\/wp-content\/uploads\/2015\/08\/JAZZZEITUNGDE_Logo_Neu.png?resize=96%2C96&ssl=159975dcacb611b5700bd619b5daf0a7a","url":"https:\/\/i0.wp.com\/www.jazzzeitung.de\/cms\/wp-content\/uploads\/2015\/08\/JAZZZEITUNGDE_Logo_Neu.png?resize=96%2C96&ssl=1","contentUrl":"https:\/\/i0.wp.com\/www.jazzzeitung.de\/cms\/wp-content\/uploads\/2015\/08\/JAZZZEITUNGDE_Logo_Neu.png?resize=96%2C96&ssl=1","caption":"Redaktion JazzZeitung"},"description":"Artikel der Redaktion der JazzZeitung.","sameAs":["http:\/\/www.jazzzeitung.de\/cms\/"],"url":"https:\/\/www.jazzzeitung.de\/cms\/author\/redaktion\/"}]}},"wp-worthy-pixel":{"ignored":false,"public":null,"server":null,"url":null},"wp-worthy-type":"normal","jetpack_publicize_connections":[],"cc_featured_image_caption":{"caption_text":false,"source_text":false,"source_url":false},"jetpack_featured_media_url":"","jetpack_shortlink":"https:\/\/wp.me\/p3KEcT-2td","jetpack-related-posts":[{"id":13292,"url":"https:\/\/www.jazzzeitung.de\/cms\/2017\/08\/news-trio-kitsch-dresdner-drum-bass-festival\/","url_meta":{"origin":9499,"position":0},"title":"+++ news +++ Trio Kitsch in Kaufbeuren+++ Dresdner Drum &#038; Bass Festival +++","author":"Redaktion JazzZeitung","date":"14. August 2017","format":false,"excerpt":"+++ Trio Kitsch in Kaufbeuren +++ Westerngitarre und Texte auf Deutsch? Wo die meisten Zuh\u00f6rer schon die Singer\/Songwriter-Schublade \u00f6ffnen, groovt das Kaufbeurer Trio Kitsch gegen die Klischees. Mal funky, mal bequem \u201epushen\u201c Simon Kerler an den Drums und Niklas Rehle am Bass die Songs von S\u00e4nger und Gitarristen Martin Schenk\u2026","rel":"","context":"In &quot;News&quot;","block_context":{"text":"News","link":"https:\/\/www.jazzzeitung.de\/cms\/thema\/nachrichten\/"},"img":{"alt_text":"","src":"https:\/\/i0.wp.com\/www.jazzzeitung.de\/cms\/wp-content\/uploads\/2017\/08\/kitsch-by-Jana-Gautier-3-150x150.jpg?resize=350%2C200&ssl=1","width":350,"height":200},"classes":[]},{"id":17003,"url":"https:\/\/www.jazzzeitung.de\/cms\/2018\/08\/dresdner-drum-bass-festival-stellt-programm-vor\/","url_meta":{"origin":9499,"position":1},"title":"Dresdner Drum &#038; Bass Festival stellt Programm vor","author":"Redaktion JazzZeitung","date":"23. August 2018","format":false,"excerpt":"Am 15. September 2018 geht das Dresdner Drum & Bass Festival in seine zw\u00f6lfte Runde und r\u00fcckt traditionsgem\u00e4\u00df wieder Taktgeber und Tieft\u00f6ner in seinen Fokus. Von 12 Uhr mittags bis in den sp\u00e4ten Abend bieten die Spielfreunde der Rhythmusgruppe auf f\u00fcnf B\u00fchnen - darunter Spielst\u00e4tten wie \"Scheune Saal\" und \"Katy's\u2026","rel":"","context":"In &quot;News&quot;","block_context":{"text":"News","link":"https:\/\/www.jazzzeitung.de\/cms\/thema\/nachrichten\/"},"img":{"alt_text":"","src":"https:\/\/i0.wp.com\/www.jazzzeitung.de\/cms\/wp-content\/uploads\/2018\/08\/poogie-bell.jpg?fit=1140%2C797&ssl=1&resize=350%2C200","width":350,"height":200,"srcset":"https:\/\/i0.wp.com\/www.jazzzeitung.de\/cms\/wp-content\/uploads\/2018\/08\/poogie-bell.jpg?fit=1140%2C797&ssl=1&resize=350%2C200 1x, https:\/\/i0.wp.com\/www.jazzzeitung.de\/cms\/wp-content\/uploads\/2018\/08\/poogie-bell.jpg?fit=1140%2C797&ssl=1&resize=525%2C300 1.5x, https:\/\/i0.wp.com\/www.jazzzeitung.de\/cms\/wp-content\/uploads\/2018\/08\/poogie-bell.jpg?fit=1140%2C797&ssl=1&resize=700%2C400 2x, https:\/\/i0.wp.com\/www.jazzzeitung.de\/cms\/wp-content\/uploads\/2018\/08\/poogie-bell.jpg?fit=1140%2C797&ssl=1&resize=1050%2C600 3x"},"classes":[]},{"id":6587,"url":"https:\/\/www.jazzzeitung.de\/cms\/2015\/07\/news-dresdner-drum-bass-festival-2015-fotograf-christian-wurm-verstorben-stingray-rising-star-award-fuer-florian-hoefner\/","url_meta":{"origin":9499,"position":2},"title":"+++ News +++ Dresdner Drum &#038; Bass Festival 2015 +++ Fotograf Christian Wurm verstorben +++ Stingray Rising Star Award f\u00fcr Florian Hoefner","author":"Redaktion JazzZeitung","date":"14. Juli 2015","format":false,"excerpt":"+++ Dresdner Drum & Bass Festival 2015 +++ Auch nach neun Jahren wird das Dresdner Drum & Bass Festival seinem fr\u00fch entstandenen Ruf, zu den innovativsten und coolsten Festivals seiner Art in Europa zu geh\u00f6ren, gerecht. Mehr als 30 K\u00fcnstler aus acht Nationen, darunter fast ausschlie\u00dflich Festival-Erstlinge, gestalten am 19.\u2026","rel":"","context":"In &quot;News&quot;","block_context":{"text":"News","link":"https:\/\/www.jazzzeitung.de\/cms\/thema\/nachrichten\/"},"img":{"alt_text":"Amir_Bresler","src":"https:\/\/i0.wp.com\/www.jazzzeitung.de\/cms\/wp-content\/uploads\/2015\/07\/Amir_Bresler-150x150.jpg?resize=350%2C200","width":350,"height":200},"classes":[]},{"id":11913,"url":"https:\/\/www.jazzzeitung.de\/cms\/2017\/03\/unikat-auf-der-ostdeutschen-jazzlandschaft-40-jahre-jazzclub-tonne-dresden\/","url_meta":{"origin":9499,"position":3},"title":"Unikat auf der ostdeutschen Jazzlandschaft &#8211; 40 Jahre Jazzclub Tonne Dresden","author":"Redaktion JazzZeitung","date":"18. M\u00e4rz 2017","format":false,"excerpt":"Er geh\u00f6rt zu den angesehensten Jazzclubs in Deutschland, ist auf der internationalen Szene bestens bekannt, hatte im Oktober 2015 zum dritten Mal in Folge den renommierten Spielst\u00e4ttenprogrammpreis der Initiative Musik \u2013 der F\u00f6rdereinrichtung f\u00fcr aktuelle Musik der Bundesregierung \u2013 erhalten: der Dresdner Jazzclub Tonne. Vor 40 Jahren, am 18. M\u00e4rz\u2026","rel":"","context":"In &quot;Bericht&quot;","block_context":{"text":"Bericht","link":"https:\/\/www.jazzzeitung.de\/cms\/thema\/bericht\/"},"img":{"alt_text":"","src":"https:\/\/i0.wp.com\/www.jazzzeitung.de\/cms\/wp-content\/uploads\/2017\/03\/Tonne_Bierdeckel_einzeln-150x150.jpg?resize=350%2C200","width":350,"height":200},"classes":[]},{"id":13275,"url":"https:\/\/www.jazzzeitung.de\/cms\/2017\/08\/das-martin-auer-quintett-mit-dem-jjo-im-dresdner-jazzclub-tonne\/","url_meta":{"origin":9499,"position":4},"title":"Das Martin Auer Quintett mit dem JJO im Dresdner Jazzclub Tonne","author":"Redaktion JazzZeitung","date":"11. August 2017","format":false,"excerpt":"Martin Auer im Quintett mit Florian Tr\u00fcbsbach an den Reeds, dem Bassisten Andreas Kurz, Bastian J\u00fctte am Schlagzeug und dem Pianisten Rolf Langhals unter Leitung des Trompeters im \u201eSommercamp\u201c mit dem Jugend-Jazzorchester Sachsen. Ein Woche lang probte und musizierte das JJO zusammen gemeinsam mit dem Quintett, um dann durch die\u2026","rel":"","context":"In &quot;Bericht&quot;","block_context":{"text":"Bericht","link":"https:\/\/www.jazzzeitung.de\/cms\/thema\/bericht\/"},"img":{"alt_text":"","src":"https:\/\/i0.wp.com\/www.jazzzeitung.de\/cms\/wp-content\/uploads\/2017\/08\/P1500335-Kellner-Foto-TJ-Krebs-jazzphotoagency%40web.de_.jpg?resize=350%2C200","width":350,"height":200,"srcset":"https:\/\/i0.wp.com\/www.jazzzeitung.de\/cms\/wp-content\/uploads\/2017\/08\/P1500335-Kellner-Foto-TJ-Krebs-jazzphotoagency%40web.de_.jpg?resize=350%2C200 1x, https:\/\/i0.wp.com\/www.jazzzeitung.de\/cms\/wp-content\/uploads\/2017\/08\/P1500335-Kellner-Foto-TJ-Krebs-jazzphotoagency%40web.de_.jpg?resize=525%2C300 1.5x, https:\/\/i0.wp.com\/www.jazzzeitung.de\/cms\/wp-content\/uploads\/2017\/08\/P1500335-Kellner-Foto-TJ-Krebs-jazzphotoagency%40web.de_.jpg?resize=700%2C400 2x, https:\/\/i0.wp.com\/www.jazzzeitung.de\/cms\/wp-content\/uploads\/2017\/08\/P1500335-Kellner-Foto-TJ-Krebs-jazzphotoagency%40web.de_.jpg?resize=1050%2C600 3x"},"classes":[]},{"id":24378,"url":"https:\/\/www.jazzzeitung.de\/cms\/2021\/02\/das-karoline-weidt-quartett-veroeffentlicht-am-13-februar-2021-online-ihre-erste-ep\/","url_meta":{"origin":9499,"position":5},"title":"Das Karoline Weidt Quartett ver\u00f6ffentlicht am 13. Februar 2021 online ihre erste EP","author":"Redaktion JazzZeitung","date":"8. Februar 2021","format":false,"excerpt":"Oha! Die Melodien erinnern mich an etwas: An die melodischen B\u00f6gen einer Cassandra Wilson. Nicht vom Timbre der Stimme her, aber im Hinblick auf die Art, komplex Jazziges mit liedhafter Popmusik zu verbinden. Die Musik, die die Dresdner S\u00e4ngerin Karoline Weidt im Quartett mit Mikolaj Suchanek (Piano), Loreen Sima (Bass)\u2026","rel":"","context":"In &quot;News&quot;","block_context":{"text":"News","link":"https:\/\/www.jazzzeitung.de\/cms\/thema\/nachrichten\/"},"img":{"alt_text":"","src":"https:\/\/i0.wp.com\/www.jazzzeitung.de\/cms\/wp-content\/uploads\/2021\/02\/Karoline-Emanuel-Uch03.2020-6400259-1-scaled-1.jpg?fit=1200%2C800&ssl=1&resize=350%2C200","width":350,"height":200,"srcset":"https:\/\/i0.wp.com\/www.jazzzeitung.de\/cms\/wp-content\/uploads\/2021\/02\/Karoline-Emanuel-Uch03.2020-6400259-1-scaled-1.jpg?fit=1200%2C800&ssl=1&resize=350%2C200 1x, https:\/\/i0.wp.com\/www.jazzzeitung.de\/cms\/wp-content\/uploads\/2021\/02\/Karoline-Emanuel-Uch03.2020-6400259-1-scaled-1.jpg?fit=1200%2C800&ssl=1&resize=525%2C300 1.5x, https:\/\/i0.wp.com\/www.jazzzeitung.de\/cms\/wp-content\/uploads\/2021\/02\/Karoline-Emanuel-Uch03.2020-6400259-1-scaled-1.jpg?fit=1200%2C800&ssl=1&resize=700%2C400 2x, https:\/\/i0.wp.com\/www.jazzzeitung.de\/cms\/wp-content\/uploads\/2021\/02\/Karoline-Emanuel-Uch03.2020-6400259-1-scaled-1.jpg?fit=1200%2C800&ssl=1&resize=1050%2C600 3x"},"classes":[]}],"jetpack_sharing_enabled":true,"_links":{"self":[{"href":"https:\/\/www.jazzzeitung.de\/cms\/wp-json\/wp\/v2\/posts\/9499","targetHints":{"allow":["GET"]}}],"collection":[{"href":"https:\/\/www.jazzzeitung.de\/cms\/wp-json\/wp\/v2\/posts"}],"about":[{"href":"https:\/\/www.jazzzeitung.de\/cms\/wp-json\/wp\/v2\/types\/post"}],"author":[{"embeddable":true,"href":"https:\/\/www.jazzzeitung.de\/cms\/wp-json\/wp\/v2\/users\/18"}],"replies":[{"embeddable":true,"href":"https:\/\/www.jazzzeitung.de\/cms\/wp-json\/wp\/v2\/comments?post=9499"}],"version-history":[{"count":8,"href":"https:\/\/www.jazzzeitung.de\/cms\/wp-json\/wp\/v2\/posts\/9499\/revisions"}],"predecessor-version":[{"id":9507,"href":"https:\/\/www.jazzzeitung.de\/cms\/wp-json\/wp\/v2\/posts\/9499\/revisions\/9507"}],"wp:attachment":[{"href":"https:\/\/www.jazzzeitung.de\/cms\/wp-json\/wp\/v2\/media?parent=9499"}],"wp:term":[{"taxonomy":"category","embeddable":true,"href":"https:\/\/www.jazzzeitung.de\/cms\/wp-json\/wp\/v2\/categories?post=9499"},{"taxonomy":"post_tag","embeddable":true,"href":"https:\/\/www.jazzzeitung.de\/cms\/wp-json\/wp\/v2\/tags?post=9499"},{"taxonomy":"author","embeddable":true,"href":"https:\/\/www.jazzzeitung.de\/cms\/wp-json\/wp\/v2\/coauthors?post=9499"}],"curies":[{"name":"wp","href":"https:\/\/api.w.org\/{rel}","templated":true}]}}