{"id":9487,"date":"2016-06-12T12:00:09","date_gmt":"2016-06-12T10:00:09","guid":{"rendered":"http:\/\/www.jazzzeitung.de\/cms\/?p=9487"},"modified":"2016-06-10T14:54:59","modified_gmt":"2016-06-10T12:54:59","slug":"der-sommer-naht-im-bayerischen-hof-zum-diesjaehrigen-jazz-sommer","status":"publish","type":"post","link":"https:\/\/www.jazzzeitung.de\/cms\/2016\/06\/der-sommer-naht-im-bayerischen-hof-zum-diesjaehrigen-jazz-sommer\/","title":{"rendered":"Live im Bayerischen Hof: Der Jazz Sommer 2016 naht mit sonnigem Funk und st\u00fcrmischen Soundgewittern"},"content":{"rendered":"<figure id=\"attachment_9488\" aria-describedby=\"caption-attachment-9488\" style=\"width: 150px\" class=\"wp-caption alignleft\"><img data-recalc-dims=\"1\" loading=\"lazy\" decoding=\"async\" data-attachment-id=\"9488\" data-permalink=\"https:\/\/www.jazzzeitung.de\/cms\/2016\/06\/der-sommer-naht-im-bayerischen-hof-zum-diesjaehrigen-jazz-sommer\/marcus-miller-foto-tj-krebs\/\" data-orig-file=\"https:\/\/i0.wp.com\/www.jazzzeitung.de\/cms\/wp-content\/uploads\/2016\/06\/Marcus-Miller-Foto-TJ-Krebs.jpg?fit=1356%2C2037&amp;ssl=1\" data-orig-size=\"1356,2037\" data-comments-opened=\"1\" data-image-meta=\"{&quot;aperture&quot;:&quot;0&quot;,&quot;credit&quot;:&quot;&quot;,&quot;camera&quot;:&quot;&quot;,&quot;caption&quot;:&quot;&quot;,&quot;created_timestamp&quot;:&quot;0&quot;,&quot;copyright&quot;:&quot;&quot;,&quot;focal_length&quot;:&quot;0&quot;,&quot;iso&quot;:&quot;0&quot;,&quot;shutter_speed&quot;:&quot;0&quot;,&quot;title&quot;:&quot;&quot;,&quot;orientation&quot;:&quot;0&quot;}\" data-image-title=\"Marcus Miller &amp;#8211; Foto TJ Krebs\" data-image-description=\"\" data-image-caption=\"\" data-large-file=\"https:\/\/i0.wp.com\/www.jazzzeitung.de\/cms\/wp-content\/uploads\/2016\/06\/Marcus-Miller-Foto-TJ-Krebs.jpg?fit=399%2C600&amp;ssl=1\" class=\"wp-image-9488 size-thumbnail\" src=\"https:\/\/i0.wp.com\/www.jazzzeitung.de\/cms\/wp-content\/uploads\/2016\/06\/Marcus-Miller-Foto-TJ-Krebs-150x150.jpg?resize=150%2C150\" width=\"150\" height=\"150\" srcset=\"https:\/\/i0.wp.com\/www.jazzzeitung.de\/cms\/wp-content\/uploads\/2016\/06\/Marcus-Miller-Foto-TJ-Krebs.jpg?resize=150%2C150&amp;ssl=1 150w, https:\/\/i0.wp.com\/www.jazzzeitung.de\/cms\/wp-content\/uploads\/2016\/06\/Marcus-Miller-Foto-TJ-Krebs.jpg?resize=144%2C144&amp;ssl=1 144w, https:\/\/i0.wp.com\/www.jazzzeitung.de\/cms\/wp-content\/uploads\/2016\/06\/Marcus-Miller-Foto-TJ-Krebs.jpg?resize=96%2C96&amp;ssl=1 96w, https:\/\/i0.wp.com\/www.jazzzeitung.de\/cms\/wp-content\/uploads\/2016\/06\/Marcus-Miller-Foto-TJ-Krebs.jpg?resize=24%2C24&amp;ssl=1 24w, https:\/\/i0.wp.com\/www.jazzzeitung.de\/cms\/wp-content\/uploads\/2016\/06\/Marcus-Miller-Foto-TJ-Krebs.jpg?resize=36%2C36&amp;ssl=1 36w, https:\/\/i0.wp.com\/www.jazzzeitung.de\/cms\/wp-content\/uploads\/2016\/06\/Marcus-Miller-Foto-TJ-Krebs.jpg?resize=48%2C48&amp;ssl=1 48w, https:\/\/i0.wp.com\/www.jazzzeitung.de\/cms\/wp-content\/uploads\/2016\/06\/Marcus-Miller-Foto-TJ-Krebs.jpg?resize=64%2C64&amp;ssl=1 64w, https:\/\/i0.wp.com\/www.jazzzeitung.de\/cms\/wp-content\/uploads\/2016\/06\/Marcus-Miller-Foto-TJ-Krebs.jpg?resize=32%2C32&amp;ssl=1 32w, https:\/\/i0.wp.com\/www.jazzzeitung.de\/cms\/wp-content\/uploads\/2016\/06\/Marcus-Miller-Foto-TJ-Krebs.jpg?resize=50%2C50&amp;ssl=1 50w, https:\/\/i0.wp.com\/www.jazzzeitung.de\/cms\/wp-content\/uploads\/2016\/06\/Marcus-Miller-Foto-TJ-Krebs.jpg?resize=128%2C128&amp;ssl=1 128w, https:\/\/i0.wp.com\/www.jazzzeitung.de\/cms\/wp-content\/uploads\/2016\/06\/Marcus-Miller-Foto-TJ-Krebs.jpg?zoom=2&amp;resize=150%2C150&amp;ssl=1 300w, https:\/\/i0.wp.com\/www.jazzzeitung.de\/cms\/wp-content\/uploads\/2016\/06\/Marcus-Miller-Foto-TJ-Krebs.jpg?zoom=3&amp;resize=150%2C150&amp;ssl=1 450w\" sizes=\"auto, (max-width: 150px) 100vw, 150px\" \/><figcaption id=\"caption-attachment-9488\" class=\"wp-caption-text\">Marcus Miller &#8211; Foto: TJ Krebs<\/figcaption><\/figure>\n<p>Wann wird es endlich wieder Sommer? Definitiv ab dem 18.07. im M\u00fcnchner Hotel Bayerischer Hof! Dieses Jahr findet dort zum 25. (!) Mal der traditionelle \u201eJazz Sommer\u201c statt.<\/p>\n<p><em>Die Hintergrundgeschichte dazu ist schnell erz\u00e4hlt:<\/em><br \/>\nVor genau 25 Jahren stieg das Hotel Bayerischer Hof mit seiner Location in den 1981 von Friedrich Gulda begr\u00fcndeten \u201eM\u00fcnchner Klaviersommer\u201c als Mitveranstalter ein. Als das Festival dann 2001 kurz vor dem Aus stand, wurde der Bayerische Hof zweimal alleiniger Veranstalter und f\u00fchrte das Festival schlie\u00dflich ab dem Jahr 2007 als \u201eJazz Sommer im Bayerischen Hof\u201c komplett in eigener Regie erfolgreich weiter. Damit ist der Stadt M\u00fcnchen ein wichtiges wie renommiertes Festival erhalten geblieben\u2026Dank des Engagements des Bayerischen Hofes, der f\u00fcr Jazz-Impulse und Innovationen stets seine Pforten \u00f6ffnet.<\/p>\n<p>Abgesehen vom silbernen Jubil\u00e4um des Jazz Sommers findet auch dieses Jahr wieder ein abwechslungsreiches, interessantes, hochkar\u00e4tig besetztes Festival mit allem \u201eDrum und Dran\u201c statt:<\/p>\n<p>Traditionell eingel\u00e4utet wird der \u201eJazz Sommer\u201c bereits am Vorabend, Sonntag den <strong>17.07.<\/strong>, mit der Band <strong>\u201eM\u00fcnchner Musik-Kritiker machen Musik\u201c<\/strong>. Danach folgt am <strong>18.07.<\/strong> der offizielle Er\u00f6ffnungsabend im Festsaal mit keinem Geringeren als <strong>Marcus Miller<\/strong>, der gerade mit seiner aktuellen CD \u201eAfrodeezia\u201c im Gep\u00e4ck tourt. Beginn ist bereits um 19:30h! Den Abschluss des Abends bestreitet dann <strong>Robben Ford<\/strong> mit seiner Band ab 22:00h im Night Club des Hotels.<\/p>\n<p>Tags darauf, am <strong>19.07.,<\/strong> tritt die <strong>Nils Petter Molvaer<\/strong> Group im Night Club auf, am <strong>20.07.<\/strong> folgt dort <strong>Enrico Rava<\/strong> mit seinem New Quartett, den <strong>21.07.<\/strong> bestreitet, ebenfalls im Club, das <strong>Volcan Trio<\/strong> mit Gonzalo Rubalcaba, Horacio Hernandez und Armando Gola. Als weiteres Highlight wird <strong>Kenny Barron<\/strong> mit seinem Trio am <strong>22.07.<\/strong>, wiederum im Night Club, gastieren. Am Samstag den <strong>23.07.<\/strong> stellen die <strong>Brooklyn Funk Essentials<\/strong> dann im Festsaal unter Beweis, dass \u201eFunk ain\u2019t ova\u201c ist, und danach wird schlie\u00dflich <strong>Ma\u00efa<\/strong><strong> Barough<\/strong> (ein Geheimtipp aus Japan) mit ihrer Band das Festival ausklingen lassen.<\/p>\n<p>Begleitend zum Jazz Sommer findet im Atrium des Hotels eine Fotoausstellung <strong>\u201eVIEW Of JAZZ\u201c,<\/strong> eine Retrospektive 25 Jahre K\u00fcnstlerportraits, statt, und in der <strong>astor@CINEMA LOUNGE<\/strong> werden ausgew\u00e4hlte Musikfilme \u00fcber und mit B.B. King, Till Br\u00f6nner, Jonathan Jeremiah, Keith Richards, Amy Winehouse, Gilberto Gil sowie Miriam Makeba zu sehen sein.<\/p>\n<p>Zumindest eine Woche Jazz-Hochsommer werden wir dieses Jahr also wieder genie\u00dfen k\u00f6nnen!<\/p>\n<p><em>Die weitere Prognose des Jazzwetteramtes:<\/em><br \/>\nSonniger Funk mit st\u00fcrmischen Soundgewittern, entspannten Grooves und mitrei\u00dfenden Improvisationen. Gewarnt wird vor heftigem Notenregen und tropisch hei\u00dfen, jazzigen Temperaturen. Zum Abk\u00fchlen, Chillen und Relaxen laden diverse Bars und Tresen im Bayerischen Hof ein. Ansonsten bleibt die Lage musikalisch \u00e4u\u00dferst spannungsgeladen und bietet abwechslungsreiche \u00dcberraschungen sowie neue Musikimpulse!<\/p>\n<p>Thomas J. Krebs<\/p>\n<p>Weitere Informationen unter: <a href=\"http:\/\/www.bayerischerhof.de\">www.bayerischerhof.de<\/a><br \/>\nKarten sind an allen bekannten VVK-Stellen erh\u00e4ltlich<\/p>\n","protected":false},"excerpt":{"rendered":"<p>Wann wird es endlich wieder Sommer? Definitiv ab dem 18.07. im M\u00fcnchner Hotel Bayerischer Hof! Dieses Jahr findet dort zum 25. (!) Mal der traditionelle \u201eJazz Sommer\u201c statt. Die Hintergrundgeschichte dazu ist schnell erz\u00e4hlt: Vor genau 25 Jahren stieg das Hotel Bayerischer Hof mit seiner Location in den 1981 von Friedrich Gulda begr\u00fcndeten \u201eM\u00fcnchner Klaviersommer\u201c als Mitveranstalter ein. Als das Festival dann 2001 kurz vor dem Aus stand, wurde der Bayerische Hof zweimal alleiniger Veranstalter und f\u00fchrte das Festival schlie\u00dflich ab dem Jahr 2007 als \u201eJazz Sommer im Bayerischen Hof\u201c komplett in eigener Regie erfolgreich weiter. Damit ist der Stadt M\u00fcnchen ein wichtiges wie renommiertes Festival erhalten geblieben\u2026Dank des Engagements des Bayerischen Hofes, der f\u00fcr Jazz-Impulse und Innovationen stets seine Pforten \u00f6ffnet. Abgesehen vom silbernen Jubil\u00e4um des Jazz Sommers findet auch dieses Jahr wieder ein abwechslungsreiches, interessantes, hochkar\u00e4tig besetztes Festival mit allem \u201eDrum und Dran\u201c statt: Traditionell eingel\u00e4utet wird der \u201eJazz Sommer\u201c bereits am Vorabend, Sonntag den 17.07., mit der Band \u201eM\u00fcnchner Musik-Kritiker machen Musik\u201c. Danach folgt am 18.07. der offizielle Er\u00f6ffnungsabend im Festsaal mit keinem Geringeren als Marcus Miller, der gerade mit seiner aktuellen &hellip;<\/p>\n","protected":false},"author":18,"featured_media":0,"comment_status":"open","ping_status":"closed","sticky":false,"template":"","format":"standard","meta":{"_jetpack_memberships_contains_paid_content":false,"footnotes":"","jetpack_publicize_message":"","jetpack_publicize_feature_enabled":true,"jetpack_social_post_already_shared":false,"jetpack_social_options":{"image_generator_settings":{"template":"highway","default_image_id":0,"font":"","enabled":false},"version":2}},"categories":[1053,633],"tags":[40,50,55,109,115,120,3,251,1003,10,318,401,416,419,549],"coauthors":[695],"class_list":["post-9487","post","type-post","status-publish","format-standard","hentry","category-bericht","category-nachrichten","tag-amy-winehouse","tag-b-b-king","tag-bayerischer-hof","tag-cd","tag-cinema-lounge","tag-club","tag-festival","tag-japan","tag-jazz-sommer","tag-jubilaeum","tag-klaviersommer","tag-muenchen","tag-night-club","tag-nils-petter-molvaer","tag-till-broenner"],"yoast_head":"<!-- This site is optimized with the Yoast SEO plugin v27.5 - https:\/\/yoast.com\/product\/yoast-seo-wordpress\/ -->\n<title>Live im Bayerischen Hof: Der Jazz Sommer 2016 naht mit sonnigem Funk und st\u00fcrmischen Soundgewittern - JazzZeitung<\/title>\n<meta name=\"robots\" content=\"index, follow, max-snippet:-1, max-image-preview:large, max-video-preview:-1\" \/>\n<link rel=\"canonical\" href=\"https:\/\/www.jazzzeitung.de\/cms\/2016\/06\/der-sommer-naht-im-bayerischen-hof-zum-diesjaehrigen-jazz-sommer\/\" \/>\n<meta property=\"og:locale\" content=\"de_DE\" \/>\n<meta property=\"og:type\" content=\"article\" \/>\n<meta property=\"og:title\" content=\"Live im Bayerischen Hof: Der Jazz Sommer 2016 naht mit sonnigem Funk und st\u00fcrmischen Soundgewittern - JazzZeitung\" \/>\n<meta property=\"og:description\" content=\"Wann wird es endlich wieder Sommer? Definitiv ab dem 18.07. im M\u00fcnchner Hotel Bayerischer Hof! Dieses Jahr findet dort zum 25. (!) Mal der traditionelle \u201eJazz Sommer\u201c statt. Die Hintergrundgeschichte dazu ist schnell erz\u00e4hlt: Vor genau 25 Jahren stieg das Hotel Bayerischer Hof mit seiner Location in den 1981 von Friedrich Gulda begr\u00fcndeten \u201eM\u00fcnchner Klaviersommer\u201c als Mitveranstalter ein. Als das Festival dann 2001 kurz vor dem Aus stand, wurde der Bayerische Hof zweimal alleiniger Veranstalter und f\u00fchrte das Festival schlie\u00dflich ab dem Jahr 2007 als \u201eJazz Sommer im Bayerischen Hof\u201c komplett in eigener Regie erfolgreich weiter. Damit ist der Stadt M\u00fcnchen ein wichtiges wie renommiertes Festival erhalten geblieben\u2026Dank des Engagements des Bayerischen Hofes, der f\u00fcr Jazz-Impulse und Innovationen stets seine Pforten \u00f6ffnet. Abgesehen vom silbernen Jubil\u00e4um des Jazz Sommers findet auch dieses Jahr wieder ein abwechslungsreiches, interessantes, hochkar\u00e4tig besetztes Festival mit allem \u201eDrum und Dran\u201c statt: Traditionell eingel\u00e4utet wird der \u201eJazz Sommer\u201c bereits am Vorabend, Sonntag den 17.07., mit der Band \u201eM\u00fcnchner Musik-Kritiker machen Musik\u201c. Danach folgt am 18.07. der offizielle Er\u00f6ffnungsabend im Festsaal mit keinem Geringeren als Marcus Miller, der gerade mit seiner aktuellen &hellip;\" \/>\n<meta property=\"og:url\" content=\"https:\/\/www.jazzzeitung.de\/cms\/2016\/06\/der-sommer-naht-im-bayerischen-hof-zum-diesjaehrigen-jazz-sommer\/\" \/>\n<meta property=\"og:site_name\" content=\"JazzZeitung\" \/>\n<meta property=\"article:publisher\" content=\"https:\/\/www.facebook.com\/JazzZeitung\/\" \/>\n<meta property=\"article:published_time\" content=\"2016-06-12T10:00:09+00:00\" \/>\n<meta property=\"og:image\" content=\"http:\/\/www.jazzzeitung.de\/cms\/wp-content\/uploads\/2016\/06\/Marcus-Miller-Foto-TJ-Krebs-150x150.jpg\" \/>\n<meta name=\"author\" content=\"Redaktion JazzZeitung\" \/>\n<script type=\"application\/ld+json\" class=\"yoast-schema-graph\">{\"@context\":\"https:\\\/\\\/schema.org\",\"@graph\":[{\"@type\":\"Article\",\"@id\":\"https:\\\/\\\/www.jazzzeitung.de\\\/cms\\\/2016\\\/06\\\/der-sommer-naht-im-bayerischen-hof-zum-diesjaehrigen-jazz-sommer\\\/#article\",\"isPartOf\":{\"@id\":\"https:\\\/\\\/www.jazzzeitung.de\\\/cms\\\/2016\\\/06\\\/der-sommer-naht-im-bayerischen-hof-zum-diesjaehrigen-jazz-sommer\\\/\"},\"author\":{\"name\":\"Redaktion JazzZeitung\",\"@id\":\"https:\\\/\\\/www.jazzzeitung.de\\\/cms\\\/#\\\/schema\\\/person\\\/2245b36b9cd1d24cea10f01c031fb92b\"},\"headline\":\"Live im Bayerischen Hof: Der Jazz Sommer 2016 naht mit sonnigem Funk und st\u00fcrmischen Soundgewittern\",\"datePublished\":\"2016-06-12T10:00:09+00:00\",\"mainEntityOfPage\":{\"@id\":\"https:\\\/\\\/www.jazzzeitung.de\\\/cms\\\/2016\\\/06\\\/der-sommer-naht-im-bayerischen-hof-zum-diesjaehrigen-jazz-sommer\\\/\"},\"wordCount\":480,\"commentCount\":0,\"publisher\":{\"@id\":\"https:\\\/\\\/www.jazzzeitung.de\\\/cms\\\/#organization\"},\"image\":{\"@id\":\"https:\\\/\\\/www.jazzzeitung.de\\\/cms\\\/2016\\\/06\\\/der-sommer-naht-im-bayerischen-hof-zum-diesjaehrigen-jazz-sommer\\\/#primaryimage\"},\"thumbnailUrl\":\"http:\\\/\\\/www.jazzzeitung.de\\\/cms\\\/wp-content\\\/uploads\\\/2016\\\/06\\\/Marcus-Miller-Foto-TJ-Krebs-150x150.jpg\",\"keywords\":[\"Amy Winehouse\",\"B.B. King\",\"Bayerischer Hof\",\"CD\",\"Cinema Lounge\",\"Club\",\"Festival\",\"Japan\",\"Jazz Sommer\",\"Jubil\u00e4um\",\"Klaviersommer\",\"M\u00fcnchen\",\"night club\",\"Nils Petter Molvaer\",\"Till Br\u00f6nner\"],\"articleSection\":[\"Bericht\",\"News\"],\"inLanguage\":\"de\",\"potentialAction\":[{\"@type\":\"CommentAction\",\"name\":\"Comment\",\"target\":[\"https:\\\/\\\/www.jazzzeitung.de\\\/cms\\\/2016\\\/06\\\/der-sommer-naht-im-bayerischen-hof-zum-diesjaehrigen-jazz-sommer\\\/#respond\"]}]},{\"@type\":\"WebPage\",\"@id\":\"https:\\\/\\\/www.jazzzeitung.de\\\/cms\\\/2016\\\/06\\\/der-sommer-naht-im-bayerischen-hof-zum-diesjaehrigen-jazz-sommer\\\/\",\"url\":\"https:\\\/\\\/www.jazzzeitung.de\\\/cms\\\/2016\\\/06\\\/der-sommer-naht-im-bayerischen-hof-zum-diesjaehrigen-jazz-sommer\\\/\",\"name\":\"Live im Bayerischen Hof: Der Jazz Sommer 2016 naht mit sonnigem Funk und st\u00fcrmischen Soundgewittern - JazzZeitung\",\"isPartOf\":{\"@id\":\"https:\\\/\\\/www.jazzzeitung.de\\\/cms\\\/#website\"},\"primaryImageOfPage\":{\"@id\":\"https:\\\/\\\/www.jazzzeitung.de\\\/cms\\\/2016\\\/06\\\/der-sommer-naht-im-bayerischen-hof-zum-diesjaehrigen-jazz-sommer\\\/#primaryimage\"},\"image\":{\"@id\":\"https:\\\/\\\/www.jazzzeitung.de\\\/cms\\\/2016\\\/06\\\/der-sommer-naht-im-bayerischen-hof-zum-diesjaehrigen-jazz-sommer\\\/#primaryimage\"},\"thumbnailUrl\":\"http:\\\/\\\/www.jazzzeitung.de\\\/cms\\\/wp-content\\\/uploads\\\/2016\\\/06\\\/Marcus-Miller-Foto-TJ-Krebs-150x150.jpg\",\"datePublished\":\"2016-06-12T10:00:09+00:00\",\"breadcrumb\":{\"@id\":\"https:\\\/\\\/www.jazzzeitung.de\\\/cms\\\/2016\\\/06\\\/der-sommer-naht-im-bayerischen-hof-zum-diesjaehrigen-jazz-sommer\\\/#breadcrumb\"},\"inLanguage\":\"de\",\"potentialAction\":[{\"@type\":\"ReadAction\",\"target\":[\"https:\\\/\\\/www.jazzzeitung.de\\\/cms\\\/2016\\\/06\\\/der-sommer-naht-im-bayerischen-hof-zum-diesjaehrigen-jazz-sommer\\\/\"]}]},{\"@type\":\"ImageObject\",\"inLanguage\":\"de\",\"@id\":\"https:\\\/\\\/www.jazzzeitung.de\\\/cms\\\/2016\\\/06\\\/der-sommer-naht-im-bayerischen-hof-zum-diesjaehrigen-jazz-sommer\\\/#primaryimage\",\"url\":\"http:\\\/\\\/www.jazzzeitung.de\\\/cms\\\/wp-content\\\/uploads\\\/2016\\\/06\\\/Marcus-Miller-Foto-TJ-Krebs-150x150.jpg\",\"contentUrl\":\"http:\\\/\\\/www.jazzzeitung.de\\\/cms\\\/wp-content\\\/uploads\\\/2016\\\/06\\\/Marcus-Miller-Foto-TJ-Krebs-150x150.jpg\"},{\"@type\":\"BreadcrumbList\",\"@id\":\"https:\\\/\\\/www.jazzzeitung.de\\\/cms\\\/2016\\\/06\\\/der-sommer-naht-im-bayerischen-hof-zum-diesjaehrigen-jazz-sommer\\\/#breadcrumb\",\"itemListElement\":[{\"@type\":\"ListItem\",\"position\":1,\"name\":\"Startseite\",\"item\":\"https:\\\/\\\/www.jazzzeitung.de\\\/cms\\\/\"},{\"@type\":\"ListItem\",\"position\":2,\"name\":\"Live im Bayerischen Hof: Der Jazz Sommer 2016 naht mit sonnigem Funk und st\u00fcrmischen Soundgewittern\"}]},{\"@type\":\"WebSite\",\"@id\":\"https:\\\/\\\/www.jazzzeitung.de\\\/cms\\\/#website\",\"url\":\"https:\\\/\\\/www.jazzzeitung.de\\\/cms\\\/\",\"name\":\"JazzZeitung\",\"description\":\"Jazz-News und Jazz-Kontroverses\",\"publisher\":{\"@id\":\"https:\\\/\\\/www.jazzzeitung.de\\\/cms\\\/#organization\"},\"potentialAction\":[{\"@type\":\"SearchAction\",\"target\":{\"@type\":\"EntryPoint\",\"urlTemplate\":\"https:\\\/\\\/www.jazzzeitung.de\\\/cms\\\/?s={search_term_string}\"},\"query-input\":{\"@type\":\"PropertyValueSpecification\",\"valueRequired\":true,\"valueName\":\"search_term_string\"}}],\"inLanguage\":\"de\"},{\"@type\":\"Organization\",\"@id\":\"https:\\\/\\\/www.jazzzeitung.de\\\/cms\\\/#organization\",\"name\":\"JazzZeitung online\",\"url\":\"https:\\\/\\\/www.jazzzeitung.de\\\/cms\\\/\",\"logo\":{\"@type\":\"ImageObject\",\"inLanguage\":\"de\",\"@id\":\"https:\\\/\\\/www.jazzzeitung.de\\\/cms\\\/#\\\/schema\\\/logo\\\/image\\\/\",\"url\":\"https:\\\/\\\/i0.wp.com\\\/www.jazzzeitung.de\\\/cms\\\/wp-content\\\/uploads\\\/2015\\\/08\\\/JAZZZEITUNGDE_Logo_Neu.png?fit=499%2C200&ssl=1\",\"contentUrl\":\"https:\\\/\\\/i0.wp.com\\\/www.jazzzeitung.de\\\/cms\\\/wp-content\\\/uploads\\\/2015\\\/08\\\/JAZZZEITUNGDE_Logo_Neu.png?fit=499%2C200&ssl=1\",\"width\":499,\"height\":200,\"caption\":\"JazzZeitung online\"},\"image\":{\"@id\":\"https:\\\/\\\/www.jazzzeitung.de\\\/cms\\\/#\\\/schema\\\/logo\\\/image\\\/\"},\"sameAs\":[\"https:\\\/\\\/www.facebook.com\\\/JazzZeitung\\\/\"]},{\"@type\":\"Person\",\"@id\":\"https:\\\/\\\/www.jazzzeitung.de\\\/cms\\\/#\\\/schema\\\/person\\\/2245b36b9cd1d24cea10f01c031fb92b\",\"name\":\"Redaktion JazzZeitung\",\"image\":{\"@type\":\"ImageObject\",\"inLanguage\":\"de\",\"@id\":\"https:\\\/\\\/i0.wp.com\\\/www.jazzzeitung.de\\\/cms\\\/wp-content\\\/uploads\\\/2015\\\/08\\\/JAZZZEITUNGDE_Logo_Neu.png?resize=96%2C96&ssl=159975dcacb611b5700bd619b5daf0a7a\",\"url\":\"https:\\\/\\\/i0.wp.com\\\/www.jazzzeitung.de\\\/cms\\\/wp-content\\\/uploads\\\/2015\\\/08\\\/JAZZZEITUNGDE_Logo_Neu.png?resize=96%2C96&ssl=1\",\"contentUrl\":\"https:\\\/\\\/i0.wp.com\\\/www.jazzzeitung.de\\\/cms\\\/wp-content\\\/uploads\\\/2015\\\/08\\\/JAZZZEITUNGDE_Logo_Neu.png?resize=96%2C96&ssl=1\",\"caption\":\"Redaktion JazzZeitung\"},\"description\":\"Artikel der Redaktion der JazzZeitung.\",\"sameAs\":[\"http:\\\/\\\/www.jazzzeitung.de\\\/cms\\\/\"],\"url\":\"https:\\\/\\\/www.jazzzeitung.de\\\/cms\\\/author\\\/redaktion\\\/\"}]}<\/script>\n<!-- \/ Yoast SEO plugin. -->","yoast_head_json":{"title":"Live im Bayerischen Hof: Der Jazz Sommer 2016 naht mit sonnigem Funk und st\u00fcrmischen Soundgewittern - JazzZeitung","robots":{"index":"index","follow":"follow","max-snippet":"max-snippet:-1","max-image-preview":"max-image-preview:large","max-video-preview":"max-video-preview:-1"},"canonical":"https:\/\/www.jazzzeitung.de\/cms\/2016\/06\/der-sommer-naht-im-bayerischen-hof-zum-diesjaehrigen-jazz-sommer\/","og_locale":"de_DE","og_type":"article","og_title":"Live im Bayerischen Hof: Der Jazz Sommer 2016 naht mit sonnigem Funk und st\u00fcrmischen Soundgewittern - JazzZeitung","og_description":"Wann wird es endlich wieder Sommer? Definitiv ab dem 18.07. im M\u00fcnchner Hotel Bayerischer Hof! Dieses Jahr findet dort zum 25. (!) Mal der traditionelle \u201eJazz Sommer\u201c statt. Die Hintergrundgeschichte dazu ist schnell erz\u00e4hlt: Vor genau 25 Jahren stieg das Hotel Bayerischer Hof mit seiner Location in den 1981 von Friedrich Gulda begr\u00fcndeten \u201eM\u00fcnchner Klaviersommer\u201c als Mitveranstalter ein. Als das Festival dann 2001 kurz vor dem Aus stand, wurde der Bayerische Hof zweimal alleiniger Veranstalter und f\u00fchrte das Festival schlie\u00dflich ab dem Jahr 2007 als \u201eJazz Sommer im Bayerischen Hof\u201c komplett in eigener Regie erfolgreich weiter. Damit ist der Stadt M\u00fcnchen ein wichtiges wie renommiertes Festival erhalten geblieben\u2026Dank des Engagements des Bayerischen Hofes, der f\u00fcr Jazz-Impulse und Innovationen stets seine Pforten \u00f6ffnet. Abgesehen vom silbernen Jubil\u00e4um des Jazz Sommers findet auch dieses Jahr wieder ein abwechslungsreiches, interessantes, hochkar\u00e4tig besetztes Festival mit allem \u201eDrum und Dran\u201c statt: Traditionell eingel\u00e4utet wird der \u201eJazz Sommer\u201c bereits am Vorabend, Sonntag den 17.07., mit der Band \u201eM\u00fcnchner Musik-Kritiker machen Musik\u201c. Danach folgt am 18.07. der offizielle Er\u00f6ffnungsabend im Festsaal mit keinem Geringeren als Marcus Miller, der gerade mit seiner aktuellen &hellip;","og_url":"https:\/\/www.jazzzeitung.de\/cms\/2016\/06\/der-sommer-naht-im-bayerischen-hof-zum-diesjaehrigen-jazz-sommer\/","og_site_name":"JazzZeitung","article_publisher":"https:\/\/www.facebook.com\/JazzZeitung\/","article_published_time":"2016-06-12T10:00:09+00:00","og_image":[{"url":"http:\/\/www.jazzzeitung.de\/cms\/wp-content\/uploads\/2016\/06\/Marcus-Miller-Foto-TJ-Krebs-150x150.jpg","type":"","width":"","height":""}],"author":"Redaktion JazzZeitung","schema":{"@context":"https:\/\/schema.org","@graph":[{"@type":"Article","@id":"https:\/\/www.jazzzeitung.de\/cms\/2016\/06\/der-sommer-naht-im-bayerischen-hof-zum-diesjaehrigen-jazz-sommer\/#article","isPartOf":{"@id":"https:\/\/www.jazzzeitung.de\/cms\/2016\/06\/der-sommer-naht-im-bayerischen-hof-zum-diesjaehrigen-jazz-sommer\/"},"author":{"name":"Redaktion JazzZeitung","@id":"https:\/\/www.jazzzeitung.de\/cms\/#\/schema\/person\/2245b36b9cd1d24cea10f01c031fb92b"},"headline":"Live im Bayerischen Hof: Der Jazz Sommer 2016 naht mit sonnigem Funk und st\u00fcrmischen Soundgewittern","datePublished":"2016-06-12T10:00:09+00:00","mainEntityOfPage":{"@id":"https:\/\/www.jazzzeitung.de\/cms\/2016\/06\/der-sommer-naht-im-bayerischen-hof-zum-diesjaehrigen-jazz-sommer\/"},"wordCount":480,"commentCount":0,"publisher":{"@id":"https:\/\/www.jazzzeitung.de\/cms\/#organization"},"image":{"@id":"https:\/\/www.jazzzeitung.de\/cms\/2016\/06\/der-sommer-naht-im-bayerischen-hof-zum-diesjaehrigen-jazz-sommer\/#primaryimage"},"thumbnailUrl":"http:\/\/www.jazzzeitung.de\/cms\/wp-content\/uploads\/2016\/06\/Marcus-Miller-Foto-TJ-Krebs-150x150.jpg","keywords":["Amy Winehouse","B.B. King","Bayerischer Hof","CD","Cinema Lounge","Club","Festival","Japan","Jazz Sommer","Jubil\u00e4um","Klaviersommer","M\u00fcnchen","night club","Nils Petter Molvaer","Till Br\u00f6nner"],"articleSection":["Bericht","News"],"inLanguage":"de","potentialAction":[{"@type":"CommentAction","name":"Comment","target":["https:\/\/www.jazzzeitung.de\/cms\/2016\/06\/der-sommer-naht-im-bayerischen-hof-zum-diesjaehrigen-jazz-sommer\/#respond"]}]},{"@type":"WebPage","@id":"https:\/\/www.jazzzeitung.de\/cms\/2016\/06\/der-sommer-naht-im-bayerischen-hof-zum-diesjaehrigen-jazz-sommer\/","url":"https:\/\/www.jazzzeitung.de\/cms\/2016\/06\/der-sommer-naht-im-bayerischen-hof-zum-diesjaehrigen-jazz-sommer\/","name":"Live im Bayerischen Hof: Der Jazz Sommer 2016 naht mit sonnigem Funk und st\u00fcrmischen Soundgewittern - JazzZeitung","isPartOf":{"@id":"https:\/\/www.jazzzeitung.de\/cms\/#website"},"primaryImageOfPage":{"@id":"https:\/\/www.jazzzeitung.de\/cms\/2016\/06\/der-sommer-naht-im-bayerischen-hof-zum-diesjaehrigen-jazz-sommer\/#primaryimage"},"image":{"@id":"https:\/\/www.jazzzeitung.de\/cms\/2016\/06\/der-sommer-naht-im-bayerischen-hof-zum-diesjaehrigen-jazz-sommer\/#primaryimage"},"thumbnailUrl":"http:\/\/www.jazzzeitung.de\/cms\/wp-content\/uploads\/2016\/06\/Marcus-Miller-Foto-TJ-Krebs-150x150.jpg","datePublished":"2016-06-12T10:00:09+00:00","breadcrumb":{"@id":"https:\/\/www.jazzzeitung.de\/cms\/2016\/06\/der-sommer-naht-im-bayerischen-hof-zum-diesjaehrigen-jazz-sommer\/#breadcrumb"},"inLanguage":"de","potentialAction":[{"@type":"ReadAction","target":["https:\/\/www.jazzzeitung.de\/cms\/2016\/06\/der-sommer-naht-im-bayerischen-hof-zum-diesjaehrigen-jazz-sommer\/"]}]},{"@type":"ImageObject","inLanguage":"de","@id":"https:\/\/www.jazzzeitung.de\/cms\/2016\/06\/der-sommer-naht-im-bayerischen-hof-zum-diesjaehrigen-jazz-sommer\/#primaryimage","url":"http:\/\/www.jazzzeitung.de\/cms\/wp-content\/uploads\/2016\/06\/Marcus-Miller-Foto-TJ-Krebs-150x150.jpg","contentUrl":"http:\/\/www.jazzzeitung.de\/cms\/wp-content\/uploads\/2016\/06\/Marcus-Miller-Foto-TJ-Krebs-150x150.jpg"},{"@type":"BreadcrumbList","@id":"https:\/\/www.jazzzeitung.de\/cms\/2016\/06\/der-sommer-naht-im-bayerischen-hof-zum-diesjaehrigen-jazz-sommer\/#breadcrumb","itemListElement":[{"@type":"ListItem","position":1,"name":"Startseite","item":"https:\/\/www.jazzzeitung.de\/cms\/"},{"@type":"ListItem","position":2,"name":"Live im Bayerischen Hof: Der Jazz Sommer 2016 naht mit sonnigem Funk und st\u00fcrmischen Soundgewittern"}]},{"@type":"WebSite","@id":"https:\/\/www.jazzzeitung.de\/cms\/#website","url":"https:\/\/www.jazzzeitung.de\/cms\/","name":"JazzZeitung","description":"Jazz-News und Jazz-Kontroverses","publisher":{"@id":"https:\/\/www.jazzzeitung.de\/cms\/#organization"},"potentialAction":[{"@type":"SearchAction","target":{"@type":"EntryPoint","urlTemplate":"https:\/\/www.jazzzeitung.de\/cms\/?s={search_term_string}"},"query-input":{"@type":"PropertyValueSpecification","valueRequired":true,"valueName":"search_term_string"}}],"inLanguage":"de"},{"@type":"Organization","@id":"https:\/\/www.jazzzeitung.de\/cms\/#organization","name":"JazzZeitung online","url":"https:\/\/www.jazzzeitung.de\/cms\/","logo":{"@type":"ImageObject","inLanguage":"de","@id":"https:\/\/www.jazzzeitung.de\/cms\/#\/schema\/logo\/image\/","url":"https:\/\/i0.wp.com\/www.jazzzeitung.de\/cms\/wp-content\/uploads\/2015\/08\/JAZZZEITUNGDE_Logo_Neu.png?fit=499%2C200&ssl=1","contentUrl":"https:\/\/i0.wp.com\/www.jazzzeitung.de\/cms\/wp-content\/uploads\/2015\/08\/JAZZZEITUNGDE_Logo_Neu.png?fit=499%2C200&ssl=1","width":499,"height":200,"caption":"JazzZeitung online"},"image":{"@id":"https:\/\/www.jazzzeitung.de\/cms\/#\/schema\/logo\/image\/"},"sameAs":["https:\/\/www.facebook.com\/JazzZeitung\/"]},{"@type":"Person","@id":"https:\/\/www.jazzzeitung.de\/cms\/#\/schema\/person\/2245b36b9cd1d24cea10f01c031fb92b","name":"Redaktion JazzZeitung","image":{"@type":"ImageObject","inLanguage":"de","@id":"https:\/\/i0.wp.com\/www.jazzzeitung.de\/cms\/wp-content\/uploads\/2015\/08\/JAZZZEITUNGDE_Logo_Neu.png?resize=96%2C96&ssl=159975dcacb611b5700bd619b5daf0a7a","url":"https:\/\/i0.wp.com\/www.jazzzeitung.de\/cms\/wp-content\/uploads\/2015\/08\/JAZZZEITUNGDE_Logo_Neu.png?resize=96%2C96&ssl=1","contentUrl":"https:\/\/i0.wp.com\/www.jazzzeitung.de\/cms\/wp-content\/uploads\/2015\/08\/JAZZZEITUNGDE_Logo_Neu.png?resize=96%2C96&ssl=1","caption":"Redaktion JazzZeitung"},"description":"Artikel der Redaktion der JazzZeitung.","sameAs":["http:\/\/www.jazzzeitung.de\/cms\/"],"url":"https:\/\/www.jazzzeitung.de\/cms\/author\/redaktion\/"}]}},"wp-worthy-pixel":{"ignored":false,"public":null,"server":null,"url":null},"wp-worthy-type":"normal","jetpack_publicize_connections":[],"cc_featured_image_caption":{"caption_text":false,"source_text":false,"source_url":false},"jetpack_featured_media_url":"","jetpack_shortlink":"https:\/\/wp.me\/p3KEcT-2t1","jetpack-related-posts":[{"id":9610,"url":"https:\/\/www.jazzzeitung.de\/cms\/2016\/07\/news-25-jahre-jazz-sommer-im-bayerischen-hof-loerrach-singt-konzerte-oldenburg\/","url_meta":{"origin":9487,"position":0},"title":"+++ News +++ 25 Jahre Jazz Sommer im Bayerischen Hof +++ L\u00f6rrach singt +++ Konzerte in Oldenburg +++","author":"Redaktion JazzZeitung","date":"5. Juli 2016","format":false,"excerpt":"+++ 25 Jahre Jazz Sommer im Bayerischen Hof in M\u00fcnchen +++ Vor 25 Jahren stieg das Hotel Bayerischer Hof als Mitveranstalter in das vom Pianisten Friedrich Gulda 1981 mitbegr\u00fcndete Traditionsfestival \u201eM\u00fcnchner Klaviersommer\u201c ein. Dies war das Startzeichen f\u00fcr den Jazz im F\u00fcnf-Sterne-Hotel, wobei das Hotel Bayerischer Hof am Anfang nur\u2026","rel":"","context":"In &quot;News&quot;","block_context":{"text":"News","link":"https:\/\/www.jazzzeitung.de\/cms\/thema\/nachrichten\/"},"img":{"alt_text":"miller2","src":"https:\/\/i0.wp.com\/www.jazzzeitung.de\/cms\/wp-content\/uploads\/2016\/07\/miller2-150x150.jpg?resize=350%2C200","width":350,"height":200},"classes":[]},{"id":9720,"url":"https:\/\/www.jazzzeitung.de\/cms\/2016\/07\/der-jazz-sommer-im-bayerischen-hof-eine-fotografische-nachlese\/","url_meta":{"origin":9487,"position":1},"title":"Der Jazz Sommer im Bayerischen Hof &#8211; eine fotografische Nachlese","author":"Redaktion JazzZeitung","date":"26. Juli 2016","format":false,"excerpt":"Text und Fotos: TJ Krebs - Gut eine Woche gaben sich internationale Jazz Gr\u00f6\u00dfen die Klinke in die Hand und verwandelten das M\u00fcnchner Hotel Bayerischer Hof in ein Jazz-Mekka zu dem die Fans pilgerten. Angefangen von Marcus Miller, der den Festsaal zum Kochen brachte, \u00fcber bluesige Kl\u00e4nge von Robben Ford\u2026","rel":"","context":"In &quot;Galerie&quot;","block_context":{"text":"Galerie","link":"https:\/\/www.jazzzeitung.de\/cms\/thema\/galerie\/"},"img":{"alt_text":"","src":"https:\/\/i0.wp.com\/www.jazzzeitung.de\/cms\/wp-content\/uploads\/2016\/07\/01-P1130165-Marcus-Miller-Foto-TJ-Krebs-1.jpg?resize=350%2C200","width":350,"height":200,"srcset":"https:\/\/i0.wp.com\/www.jazzzeitung.de\/cms\/wp-content\/uploads\/2016\/07\/01-P1130165-Marcus-Miller-Foto-TJ-Krebs-1.jpg?resize=350%2C200 1x, https:\/\/i0.wp.com\/www.jazzzeitung.de\/cms\/wp-content\/uploads\/2016\/07\/01-P1130165-Marcus-Miller-Foto-TJ-Krebs-1.jpg?resize=525%2C300 1.5x"},"classes":[]},{"id":4033,"url":"https:\/\/www.jazzzeitung.de\/cms\/2014\/06\/jazz-sommer-im-bayerischen-hof-mit-verlosung-gewinnen-sie-eine-uebernachtung\/","url_meta":{"origin":9487,"position":2},"title":"Jazz Sommer im Bayerischen Hof &#8211; mit Verlosung: gewinnen Sie eine \u00dcbernachtung!","author":"Redaktion JazzZeitung","date":"11. Juni 2014","format":false,"excerpt":"Von Oliver Hochkeppel. Man kann es Innegrit Volkhardt, der Chefin des Hotels Bayerischer Hof, und ihrer Programm-Macherin Katarina Ehmki nicht hoch genug anrechnen, dass sie das einzige kontinuierliche Jazzfestival M\u00fcnchens stemmen. Doch war der ohne einen Cent Subventionen in Eigenregie veranstaltete \u201eJazz Sommer\u201c beim Spagat zwischen Zug- und Aussagekraft zuletzt\u2026","rel":"","context":"In &quot;JazzZeitung (print)&quot;","block_context":{"text":"JazzZeitung (print)","link":"https:\/\/www.jazzzeitung.de\/cms\/thema\/archiv\/jazzzeitung-print\/"},"img":{"alt_text":"Meshell Ndegeocello. Foto: Susanne van Loon","src":"https:\/\/i0.wp.com\/www.jazzzeitung.de\/cms\/wp-content\/uploads\/2014\/06\/Meshell-Ndegeocello-300x230.jpg?resize=350%2C200","width":350,"height":200},"classes":[]},{"id":16301,"url":"https:\/\/www.jazzzeitung.de\/cms\/2018\/06\/jazz-sommer-im-bayerischen-hof-23-28-juli-2018\/","url_meta":{"origin":9487,"position":3},"title":"Gewinnen Sie Tickets! JAZZ SOMMER 2018 im Bayerischen Hof","author":"Redaktion JazzZeitung","date":"25. Juni 2018","format":false,"excerpt":"Als Medienpartner des Jazz Sommers im Bayerischen Hof verlosen wir 15 mal 2 Tickets. Versuchen Sie Ihr Gl\u00fcck \u2013 Postkarte oder E-Mail gen\u00fcgen! Das Festival \u201eJazz Sommer im Bayerischen Hof\u201c gilt als offizieller Nachfolger des M\u00fcnchner Klaviersommers, der bis Ende der 90er Jahre Weltstars wie Miles Davis, Sonny Rollins, Keith\u2026","rel":"","context":"In &quot;News&quot;","block_context":{"text":"News","link":"https:\/\/www.jazzzeitung.de\/cms\/thema\/nachrichten\/"},"img":{"alt_text":"","src":"https:\/\/i0.wp.com\/www.jazzzeitung.de\/cms\/wp-content\/uploads\/2018\/06\/manou-gallo-2011-800x500.jpg?fit=800%2C500&ssl=1&resize=350%2C200","width":350,"height":200,"srcset":"https:\/\/i0.wp.com\/www.jazzzeitung.de\/cms\/wp-content\/uploads\/2018\/06\/manou-gallo-2011-800x500.jpg?fit=800%2C500&ssl=1&resize=350%2C200 1x, https:\/\/i0.wp.com\/www.jazzzeitung.de\/cms\/wp-content\/uploads\/2018\/06\/manou-gallo-2011-800x500.jpg?fit=800%2C500&ssl=1&resize=525%2C300 1.5x, https:\/\/i0.wp.com\/www.jazzzeitung.de\/cms\/wp-content\/uploads\/2018\/06\/manou-gallo-2011-800x500.jpg?fit=800%2C500&ssl=1&resize=700%2C400 2x"},"classes":[]},{"id":1146,"url":"https:\/\/www.jazzzeitung.de\/cms\/2011\/07\/20-jahre-jazzsommer-im-bayerischen-hof-muenchen\/","url_meta":{"origin":9487,"position":4},"title":"20 Jahre Jazzsommer im Bayerischen Hof M\u00fcnchen","author":"J\u00f6rg Lichtinger","date":"18. Juli 2011","format":false,"excerpt":"Mit dem Konzert von Al Jarreau startet heute der Jazzsommer im Bayerischen Hof in M\u00fcnchen. Als Nachfolger des 1981 gestarteten Vorg\u00e4ngermodells M\u00fcnchner Klaviersommer ist der Jazzsommer zwar erst 2007 an den Start gegangen. Aber bereits seit 1991 ist das Hotel am Promenadenplatz ein Spielort des Klaviersommers gewesen. Das weitere Programm\u2026","rel":"","context":"In &quot;Blog&quot;","block_context":{"text":"Blog","link":"https:\/\/www.jazzzeitung.de\/cms\/thema\/blog\/"},"img":{"alt_text":"Al_Jarreau","src":"https:\/\/i0.wp.com\/www.jazzzeitung.de\/cms\/wp-content\/uploads\/2011\/07\/Al_Jarreau-1023x678.jpg?resize=350%2C200","width":350,"height":200},"classes":[]},{"id":6579,"url":"https:\/\/www.jazzzeitung.de\/cms\/2015\/07\/jazz-sommer-im-bayerischen-hof-muenchen\/","url_meta":{"origin":9487,"position":5},"title":"Jazz Sommer im Bayerischen Hof &#8211; M\u00fcnchen","author":"Redaktion JazzZeitung","date":"13. Juli 2015","format":false,"excerpt":"Von Thomas J. Krebs - Der Countdown l\u00e4uft! Das einzigartige Hotel Bayerischer Hof in M\u00fcnchen ist der \u201eKeeper of the Flame\u201c, was die Fortf\u00fchrung des M\u00fcnchner Klaviersommers betrifft. Seit nunmehr 9 Jahren veranstaltet das Hotel, das als Mitveranstalter seit 1991mit an Bord ist, nun in Eigenregie den Jazz Sommer und\u2026","rel":"","context":"In &quot;News&quot;","block_context":{"text":"News","link":"https:\/\/www.jazzzeitung.de\/cms\/thema\/nachrichten\/"},"img":{"alt_text":"Al Jarreau. Foto: Krebs","src":"https:\/\/i0.wp.com\/www.jazzzeitung.de\/cms\/wp-content\/uploads\/2015\/07\/Jarreau-Al-119-Copyright-by-TJ-Krebs-jazzphotoagency%40web.de-001-150x150.jpg?resize=350%2C200","width":350,"height":200},"classes":[]}],"jetpack_sharing_enabled":true,"_links":{"self":[{"href":"https:\/\/www.jazzzeitung.de\/cms\/wp-json\/wp\/v2\/posts\/9487","targetHints":{"allow":["GET"]}}],"collection":[{"href":"https:\/\/www.jazzzeitung.de\/cms\/wp-json\/wp\/v2\/posts"}],"about":[{"href":"https:\/\/www.jazzzeitung.de\/cms\/wp-json\/wp\/v2\/types\/post"}],"author":[{"embeddable":true,"href":"https:\/\/www.jazzzeitung.de\/cms\/wp-json\/wp\/v2\/users\/18"}],"replies":[{"embeddable":true,"href":"https:\/\/www.jazzzeitung.de\/cms\/wp-json\/wp\/v2\/comments?post=9487"}],"version-history":[{"count":3,"href":"https:\/\/www.jazzzeitung.de\/cms\/wp-json\/wp\/v2\/posts\/9487\/revisions"}],"predecessor-version":[{"id":9495,"href":"https:\/\/www.jazzzeitung.de\/cms\/wp-json\/wp\/v2\/posts\/9487\/revisions\/9495"}],"wp:attachment":[{"href":"https:\/\/www.jazzzeitung.de\/cms\/wp-json\/wp\/v2\/media?parent=9487"}],"wp:term":[{"taxonomy":"category","embeddable":true,"href":"https:\/\/www.jazzzeitung.de\/cms\/wp-json\/wp\/v2\/categories?post=9487"},{"taxonomy":"post_tag","embeddable":true,"href":"https:\/\/www.jazzzeitung.de\/cms\/wp-json\/wp\/v2\/tags?post=9487"},{"taxonomy":"author","embeddable":true,"href":"https:\/\/www.jazzzeitung.de\/cms\/wp-json\/wp\/v2\/coauthors?post=9487"}],"curies":[{"name":"wp","href":"https:\/\/api.w.org\/{rel}","templated":true}]}}