{"id":9472,"date":"2016-06-08T09:47:07","date_gmt":"2016-06-08T07:47:07","guid":{"rendered":"http:\/\/www.jazzzeitung.de\/cms\/?p=9472"},"modified":"2016-06-08T09:48:00","modified_gmt":"2016-06-08T07:48:00","slug":"news-hr-bigband-saison-20162017-applaus-workshops-trio-rosenrot-braucht-unterstuetzung","status":"publish","type":"post","link":"https:\/\/www.jazzzeitung.de\/cms\/2016\/06\/news-hr-bigband-saison-20162017-applaus-workshops-trio-rosenrot-braucht-unterstuetzung\/","title":{"rendered":"+++ News +++ hr-Bigband Saison 2016\/2017 +++ Applaus-Workshops +++ trio Rosenrot braucht Unterst\u00fctzung +++"},"content":{"rendered":"<figure id=\"attachment_9473\" aria-describedby=\"caption-attachment-9473\" style=\"width: 150px\" class=\"wp-caption alignright\"><a href=\"https:\/\/i0.wp.com\/www.jazzzeitung.de\/cms\/wp-content\/uploads\/2016\/06\/hr.cms_.servlet.IMS_.jpg\"><img data-recalc-dims=\"1\" loading=\"lazy\" decoding=\"async\" data-attachment-id=\"9473\" data-permalink=\"https:\/\/www.jazzzeitung.de\/cms\/2016\/06\/news-hr-bigband-saison-20162017-applaus-workshops-trio-rosenrot-braucht-unterstuetzung\/hr-cms-servlet-ims\/\" data-orig-file=\"https:\/\/i0.wp.com\/www.jazzzeitung.de\/cms\/wp-content\/uploads\/2016\/06\/hr.cms_.servlet.IMS_.jpg?fit=2000%2C1333&amp;ssl=1\" data-orig-size=\"2000,1333\" data-comments-opened=\"1\" data-image-meta=\"{&quot;aperture&quot;:&quot;0&quot;,&quot;credit&quot;:&quot;&quot;,&quot;camera&quot;:&quot;&quot;,&quot;caption&quot;:&quot;&quot;,&quot;created_timestamp&quot;:&quot;0&quot;,&quot;copyright&quot;:&quot;(C)2014 Dirk Ostermeier, all rights reserved&quot;,&quot;focal_length&quot;:&quot;0&quot;,&quot;iso&quot;:&quot;0&quot;,&quot;shutter_speed&quot;:&quot;0&quot;,&quot;title&quot;:&quot;&quot;,&quot;orientation&quot;:&quot;0&quot;}\" data-image-title=\"hr.cms.servlet.IMS\" data-image-description=\"\" data-image-caption=\"&lt;p&gt;Foto: hr\/Dirk Ostermeier&lt;\/p&gt;\n\" data-large-file=\"https:\/\/i0.wp.com\/www.jazzzeitung.de\/cms\/wp-content\/uploads\/2016\/06\/hr.cms_.servlet.IMS_.jpg?fit=840%2C560&amp;ssl=1\" class=\"size-thumbnail wp-image-9473\" src=\"https:\/\/i0.wp.com\/www.jazzzeitung.de\/cms\/wp-content\/uploads\/2016\/06\/hr.cms_.servlet.IMS_-150x150.jpg?resize=150%2C150\" alt=\"Foto: hr\/Dirk Ostermeier\" width=\"150\" height=\"150\" srcset=\"https:\/\/i0.wp.com\/www.jazzzeitung.de\/cms\/wp-content\/uploads\/2016\/06\/hr.cms_.servlet.IMS_.jpg?resize=150%2C150&amp;ssl=1 150w, https:\/\/i0.wp.com\/www.jazzzeitung.de\/cms\/wp-content\/uploads\/2016\/06\/hr.cms_.servlet.IMS_.jpg?resize=144%2C144&amp;ssl=1 144w, https:\/\/i0.wp.com\/www.jazzzeitung.de\/cms\/wp-content\/uploads\/2016\/06\/hr.cms_.servlet.IMS_.jpg?resize=96%2C96&amp;ssl=1 96w, https:\/\/i0.wp.com\/www.jazzzeitung.de\/cms\/wp-content\/uploads\/2016\/06\/hr.cms_.servlet.IMS_.jpg?resize=24%2C24&amp;ssl=1 24w, https:\/\/i0.wp.com\/www.jazzzeitung.de\/cms\/wp-content\/uploads\/2016\/06\/hr.cms_.servlet.IMS_.jpg?resize=36%2C36&amp;ssl=1 36w, https:\/\/i0.wp.com\/www.jazzzeitung.de\/cms\/wp-content\/uploads\/2016\/06\/hr.cms_.servlet.IMS_.jpg?resize=48%2C48&amp;ssl=1 48w, https:\/\/i0.wp.com\/www.jazzzeitung.de\/cms\/wp-content\/uploads\/2016\/06\/hr.cms_.servlet.IMS_.jpg?resize=64%2C64&amp;ssl=1 64w, https:\/\/i0.wp.com\/www.jazzzeitung.de\/cms\/wp-content\/uploads\/2016\/06\/hr.cms_.servlet.IMS_.jpg?resize=32%2C32&amp;ssl=1 32w, https:\/\/i0.wp.com\/www.jazzzeitung.de\/cms\/wp-content\/uploads\/2016\/06\/hr.cms_.servlet.IMS_.jpg?resize=50%2C50&amp;ssl=1 50w, https:\/\/i0.wp.com\/www.jazzzeitung.de\/cms\/wp-content\/uploads\/2016\/06\/hr.cms_.servlet.IMS_.jpg?resize=128%2C128&amp;ssl=1 128w, https:\/\/i0.wp.com\/www.jazzzeitung.de\/cms\/wp-content\/uploads\/2016\/06\/hr.cms_.servlet.IMS_.jpg?zoom=2&amp;resize=150%2C150&amp;ssl=1 300w, https:\/\/i0.wp.com\/www.jazzzeitung.de\/cms\/wp-content\/uploads\/2016\/06\/hr.cms_.servlet.IMS_.jpg?zoom=3&amp;resize=150%2C150&amp;ssl=1 450w\" sizes=\"auto, (max-width: 150px) 100vw, 150px\" \/><\/a><figcaption id=\"caption-attachment-9473\" class=\"wp-caption-text\">Foto: hr\/Dirk Ostermeier<\/figcaption><\/figure>\n<h3>+++ hr-Bigband in der Saison 2016\/2017 +++<\/h3>\n<p>\u201eEine Reise von Louis Armstrong bis Nik B\u00e4rtsch mit einigen faszinierenden Zwischenstopps \u2013 das wird eine gro\u00dfartige Saison\u201c, sagt Jim McNeely voller Vorfreude auf seine sechste Spielzeit bei der hr-Bigband. \u201eEs ist eine der besten Nebeneffekte als Chefdirigent der hr-Bigband, dass ich eine best\u00e4ndige und langfristige Beziehung mit diesem Weltklasse-Ensemble f\u00fchren darf\u201c, so der New Yorker Komponist, Arrangeur und Bandleader weiter. Zu den vielen spannenden K\u00fcnstlern, die in der neuen Saison 2016\/17 bei der hr-Bigband zu Gast sein werden, geh\u00f6ren Ed Motta, Dave Holland und Gretchen Parlato.<\/p>\n<p><strong>Preisgekr\u00f6nt, l\u00e4ssig und weltgewandt<\/strong><strong><br \/>\n<\/strong>Gerade erst wurde eine Produktion der hr-Bigband und Julian Arg\u00fcelles mit dem britischen Parliamentary Jazz Award im Westminster Palace geehrt. Solche Auszeichnungen und immer zahlreicher werdende Einladungen von etablierten Festivals und Konzerth\u00e4usern spiegeln das auch \u00fcberregional steigende Interesse an der hr-Bigband wieder. In der Saison 2016\/17 geh\u00f6rt eine Wiederaufnahme der \u201eWunderkammer XXL\u201c mit dem Pianisten Michael Wollny bei den Leipziger Jazztagen und bei der von ihm selbst kuratierten \u201eZeitinsel Michael Wollny\u201c im Konzerthaus Dortmund dazu, au\u00dferdem der Auftritt mit Nik B\u00e4rtschs Ronin beim Jazzfest Berlin und die Interpretation von Werken des \u201eGreat American Songbook\u201c mit Michael Feinstein in der Hamburger Elbphilharmonie. Die hr-Bigband wird selbstverst\u00e4ndlich auch ihr gewohntes \u201eRevier\u201c bespielen: Sie tritt mit Paquito D\u2019Rivera in der Alten Oper Frankfurt auf, mit Dave Holland in Darmstadt, mit Robben Ford in Heppenheim, mit Simone Zanchini in Gie\u00dfen und Oberursel, mit Lisa Simone in R\u00fcsselsheim und mit Juanjo Mosalini in Weilburg und Dreieich.<\/p>\n<p><strong>Projekte des Chefdirigenten Jim McNeely<\/strong><br \/>\n2016\/17 wird Jim McNeely sechs Projekte mit der hr-Bigband pr\u00e4sentieren und ist sehr gl\u00fccklich, mit den vielen kreativen Solisten der hr-Bigband zusammenarbeiten zu k\u00f6nnen, \u201edie alle ihre eigene, erkennbare \u201aStimme\u2018 besitzen\u201c, wie er sagt. Mit dem Schweizer Komponisten und Pianisten Nik B\u00e4rtsch, dessen Zen-inspirierte \u201eRitual Groove Music\u201c Elemente des Funk und der neuen Musik vereint, gibt Jim McNeely ein Gastspiel in Berlin. Au\u00dferdem gibt es ein Wiedersehen mit dem libanesisch-franz\u00f6sischen Trompeter Ibrahim Maalouf, dessen Auftritt beim Deutschen Jazzfestival 2013 als H\u00f6hepunkt gefeiert wurde. Einer von McNeelys pers\u00f6nlichen musikalischen Helden ist der legend\u00e4re Bassist, Komponist und Bandleader Dave Holland, der zum ersten Mal in seiner langen Karriere bei einem Jazzorchester gastiert, das nicht von ihm selbst geleitet wird. Au\u00dferdem wird die US-Amerikanerin Gretchen Parlato zu Gast sein: \u201eSie ist nicht nur eine gro\u00dfartige S\u00e4ngerin, Gretchen gibt jedem ihrer Songs eine sehr pers\u00f6nliche Perspektive\u201c, sagt Jim McNeely. Ferner freut sich der Chefdirigent auf die beiden Projekte, die er ausschlie\u00dflich mit der hr-Bigband verwirklichen wird. Unter dem Titel \u201eColtrane, Zawinul, Marsalis &amp; More\u201d pr\u00e4sentiert er Highlights seiner Projekte, die den Bassisten Thomas Heidepriem in einer prominenten Rolle pr\u00e4sentieren werden. Und die Band ist bei der \u201eLangen Nacht\u201c der Alten Oper Frankfurt dabei: Daf\u00fcr gehen die Musiker weit zur\u00fcck in die Geschichte des Jazz und spielen Musik von Louis Armstrong aus seiner Zeit mit Fletcher Henderson. \u201eLouis hat erst der Henderson Band, und dann der ganzen Welt den Swing gelehrt. Unser Trompeter Axel Schlosser wird uns zeigen, wie er das getan hat\u201c, verspricht McNeely.<\/p>\n<p><strong>Die hr-Bigband beim 47. Deutschen Jazzfestival Frankfurt<\/strong><strong><br \/>\n<\/strong>Bei der diesj\u00e4hrigen Ausgabe des Deutschen Jazzfestivals Frankfurt werden neue Zeiten eingel\u00e4utet: Eine der Neuerungen ist, dass das Festival dieses Jahr mit einem spektakul\u00e4ren Konzert in der Alten Oper beginnt, bei dem die hr-Bigband das epochale Beatles-Album \u201eSgt. Pepper\u2019s Lonely Hearts Club Band\u201c feiert. Entstanden ab November 1966 gilt es bis heute als \u201eun\u00fcbertroffenes Abenteuer in Sachen Konzept, Songwriting, Covergestaltung und Aufnahmetechnik\u201c sagt der \u201eRolling Stone\u201c, der es zum wichtigsten Rockalbum aller Zeiten erhebt. Django Bates stellt sich der Herausforderung, es 50 Jahre nach seiner Entstehung zu dekonstruieren und aus der Jazzperspektive wieder neu zusammenzusetzen.<\/p>\n<p><strong>Den Nachwuchs im Blick<\/strong><strong><br \/>\n<\/strong>Allseits beliebt und etabliert ist die mittlerweile seit elf Jahren bestehende Hessen-Schultour der hr-Bigband. Um Jugendlichen zu zeigen, wie facettenreich und spannend handgemachter Jazz sein kann, gibt die Band im Januar 2017 exklusive Schulkonzerte in Hanau, Gro\u00df-Gerau, Bad Schwalbach, Wiesbaden, Hofgeismar und Schl\u00fcchtern.<\/p>\n<p>\u201eFresh Sound \u2013 New Talent\u201c, die Reihe feiert ihren dritten Geburtstag und gibt dieses Jahr dem jungen Komponisten Lars Seniuk die Gelegenheit, eigene Werke sowie St\u00fccke von Maria Schneider mit der hr-Bigband umzusetzen.<\/p>\n<p>Au\u00dferdem engagiert sich die hr-Bigband beim \u201eVivaldi-Experiment\u201c, einem ARD-weiten Konzertprojekt, bei dem sich Sch\u00fcler sprachlich und musikalisch ausf\u00fchrlich mit dem Thema \u201eJahreszeiten\u201c besch\u00e4ftigen und die Ergebnisse im hr-Sendesaal vorstellen werden. Gefl\u00fcchtete Jugendliche werden ihre Erfahrungen mit den Jahreszeiten in einer Percussion-Performance ausdr\u00fccken.<\/p>\n<p><strong>Konzertbrosch\u00fcre 2016\/17<\/strong><br \/>\nDie Konzertbrosch\u00fcre 2016\/17 der hr-Bigband kann beim Hessischen Rundfunk, hr-Ticketcenter, Bertramstra\u00dfe 8, 60320 Frankfurt, Telefon: (069) 155-4111, angefordert oder auf <a href=\"http:\/\/www.hr-bigband.de\">www.hr-bigband.de<\/a> heruntergeladen werden. Abonnements k\u00f6nnen von jetzt an vorbestellt werden. Der Einzelkarten-Verkauf beginnt am 1. Juli. Abo-Pakete von je neun, sechs oder drei Konzerten bieten f\u00fcr jeden Geschmack die richtige Auswahl; genauere Informationen dazu sind unter Telefon (069) 155-4111 oder per E-Mail unter <a href=\"mailto:abo@hr-ticketcenter.de\">abo@hr-ticketcenter.de<\/a> zu erhalten.<\/p>\n<p><strong>Weitere Informationen<\/strong>:<br \/>\n<a href=\"http:\/\/www.hr-bigband.de\">www.hr-bigband.de<\/a><br \/>\n<a href=\"http:\/\/www.facebook.com\/hrbigband\">www.facebook.com\/hrbigband<\/a><br \/>\n<a href=\"http:\/\/www.youtube.com\/hrbigband\">www.youtube.com\/hrbigband<\/a><\/p>\n<p>&nbsp;<\/p>\n<h3>+++ Zwei Workshops, in der die Initiative musik die Antr\u00e4ge zum Applaus erkl\u00e4rt und Hilfe gibt +++<\/h3>\n<p><strong>Hamburg: Do. 9.06, 12Uhr<\/strong>\u00a0Gesch\u00e4ftsstelle des Clubkombinat (Kastanienallee 9,<strong>\u00a0<\/strong>Versammlungsraum<strong>\u00a0<\/strong>der Tanzschule La Yumba\/ EG). Anmeldungen an: <a href=\"mailto:kontakt@clubkombinat.de\">kontakt@clubkombinat.de<\/a><\/p>\n<p><strong>Berlin: Mi 15.6. um 17 Uhr<\/strong>, Clubcommission, Br\u00fcckenstr. 1, 1.OG.<\/p>\n<p>Anmeldungen bei\u00a0Petra Sitzenstock,\u00a0<a href=\"mailto:ps@clubcommission.de\">ps@clubcommission.de<\/a><\/p>\n<p>&nbsp;<\/p>\n<h3>+++ trio Rosenrot braucht Unterst\u00fctzung +++<\/h3>\n<p>Am 12. April 2013 war das erste \u00f6ffentliche Konzert von trio Rosenrot in der Genezareth Kirche, Berlin. Das Projekt hatte ich \u00fcber ein Jahr lang vorbereitet. Volkslieder recherchiert, zu Hintergr\u00fcnden geforscht, das Volksliedarchiv in Freiburg besucht, bearbeitet, arrangiert. Wir konnten sehr schnell einige Erfolge verzeichnen, so haben wir u.a. auf dem Folk Baltica und dem TransVOKALE Festival konzertiert, den \u201elisten to Berlin 2013\/14\u201c Compilation-CD Wettbewerb mitgewonnen, wir haben eine Booking Agentur (Kultur in der Landschaft) gefunden und eine CD (\u201eLenz\u201c) bei Westpark Music ver\u00f6ffentlicht. Im November 2015 mu\u00dften wir uns dann von unserer S\u00e4ngerin Jennifer Kothe trennen. Sie hatte in dem Acapella Projekt \u201eOnAir\u201c gro\u00dfen Erfolg und das stand nun h\u00e4ufig in terminlichen Konflikten mit Rosenrot. Die Entscheidung fiel nicht leicht. OnAir erwartete ihre v\u00f6llige Verf\u00fcgbarkeit und trio Rosenrot spielte eben mehr kunstorientierte Musik und war weniger kommerziell vermarktbar. Wir gingen im Guten auseinander. Die Nachfolgerinnensuche war extrem schwierig. Es zeichnete sich ab, dass die Suche nach einem Klon unm\u00f6glich war. Nach vielen Auditions wurde mir klar, dass die Neue auch eine Andere sein m\u00fcsse. Ich wollte das Projekt mit einer neuen S\u00e4ngerin auch auf eine andere Stufe stellen und hatte die Idee mit einer klassischen S\u00e4ngerin zusammen zu arbeiten. Das war eine neue Herausforderung und die inspirierte mich. Als ich Dana Hoffmann nach langem Suchen fand, kam eins zum anderen. Sie hatte bereits vom trio Rosenrot geh\u00f6rt und brachte von vorn herein ein gro\u00dfes Interesse mit, sich mit deutschen Volksliedern auseinander zu setzen. Ihren klaren, warmen Sopran konnte sie auch ohne das in der Klassik \u00fcbliche Vibrato zum Strahlen bringen, und sie hatte Lust darauf! Ihre Intonationssicherheit beeindruckte und hinzu kam eine gro\u00dfe Freude, sich auch der Herausforderung der Improvisation zu stellen.<\/p>\n<p>Wir sind nun an einer weiteren Station der Reise angelangt. Es sieht gut aus, doch nicht nur. Wir brauchen nun dringend eine neue CD vom trio Rosenrot mit Dana Hoffmann, um weiterhin auf hohem professionellen Niveau arbeiten zu k\u00f6nnen, um auf uns aufmerksam zu machen und das Projekt trio Rosenrot einen guten Schritt nach vorne zu bringen. Eine CD ist ja nicht nur ein Verkaufsobjekt, sondern bietet auch mit CD-Besprechungen die M\u00f6glichkeit Presse-Resonanz zu sammeln, au\u00dferdem ist sie existenziell wichtig um Konzerte zu organisieren \u2013 ein Veranstalter braucht einfach gutes Klangmaterial um sich ein Bild machen zu k\u00f6nnen.<\/p>\n<p>Nach vielen gemeinsamen Konzerten sind wir nun richtig eingespielt. Wir konnten wirklich zusammen wachsen und sind nun an dem Punkt, die zweite CD aufzunehmen. Wir spielen auf unseren Konzerten auch bereits viele Lieder, die noch nicht auf der ersten CD erschienen sind, und die nun auf die zweite CD sollen:<\/p>\n<p>Wei\u00dft du, wieviel Sternlein stehen<br \/>\nAbend wird es wieder<br \/>\nBr\u00fcderchen komm tanz mit mir<br \/>\nEs fiel ein Reif in der Fr\u00fchlingnacht<br \/>\nSah ein Knab ein R\u00f6slein stehn<br \/>\nAbends will ich schlafen gehen<br \/>\nWenn ich ein V\u00f6glein w\u00e4r<br \/>\nIch wei\u00df nicht, was soll es bedeuten (Lorelei)<br \/>\nLeise zieht durch mein Gem\u00fct<br \/>\nGuten Abend, gut Nacht<br \/>\nWillkommen, liebes junges Jahr<br \/>\nStille Nacht<\/p>\n<p>Um diese CD realisieren zu k\u00f6nnen, brauchen wir nun eure Hilfe!<br \/>\nIn der angepeilten Summe von mindestens 5000 Euro sind bereits alle Kosten drin, die wir brauchen, um das Projekt realisieren zu k\u00f6nnen:<\/p>\n<p>Aufnahme<br \/>\nMischung<br \/>\nMastering<br \/>\nRaummiete<br \/>\nFotoshooting<br \/>\nGrafik, Layout<br \/>\nCD-Herstellung<\/p>\n<p>Wir haben unser Projekt: <strong>\u201etrio Rosenrot \/ CD-Produktion: Volkslieder Vol.2\u201c auf Startnext <\/strong>gestellt und wollen nun mittels Crowdfunding, also eurer Unterst\u00fctzung, die CD realisieren.<\/p>\n<p>Schaut doch mal auf <a href=\"https:\/\/www.startnext.com\/trio-rosenrot\">https:\/\/www.startnext.com\/trio-rosenrot<\/a>! Dort k\u00f6nnt ihr euch informieren, unser Video zur Projektvorstellung anschauen (mit Ausschnitten aus unseren bisherigen Konzerten) und wenn ihr uns unterst\u00fctzen wollt, k\u00f6nnt ihr auch unter den Dankesch\u00f6ns w\u00e4hlen. So bekommt ihr bei einer Spende von 25 Euro bereits unsere CD, wenn sie dann fertig ist! Wird das Fundingsziel nicht erreicht, bekommt ihr euer Geld wieder zur\u00fcck, tragt also kein Risiko.<\/p>\n<p>Im Namen von Dana und Denis also hier nocheinmal die ausdr\u00fcckliche Bitte um eure finanzielle Unterst\u00fctzung, damit wir unsere zweite CD mit neuen Interpretationen der alten deutschen Volkslieder machen k\u00f6nnen!<\/p>\n<p>PS: Auf unserer neuen Webseite: <a href=\"http:\/\/www.triorosenrot.de\">www.triorosenrot.de<\/a> k\u00f6nnt ihr euch eingehender mit unserem Trio besch\u00e4ftigen.<br \/>\n&nbsp;<\/p>\n","protected":false},"excerpt":{"rendered":"<p>+++ hr-Bigband in der Saison 2016\/2017 +++ \u201eEine Reise von Louis Armstrong bis Nik B\u00e4rtsch mit einigen faszinierenden Zwischenstopps \u2013 das wird eine gro\u00dfartige Saison\u201c, sagt Jim McNeely voller Vorfreude auf seine sechste Spielzeit bei der hr-Bigband. \u201eEs ist eine der besten Nebeneffekte als Chefdirigent der hr-Bigband, dass ich eine best\u00e4ndige und langfristige Beziehung mit diesem Weltklasse-Ensemble f\u00fchren darf\u201c, so der New Yorker Komponist, Arrangeur und Bandleader weiter. Zu den vielen spannenden K\u00fcnstlern, die in der neuen Saison 2016\/17 bei der hr-Bigband zu Gast sein werden, geh\u00f6ren Ed Motta, Dave Holland und Gretchen Parlato. Preisgekr\u00f6nt, l\u00e4ssig und weltgewandt Gerade erst wurde eine Produktion der hr-Bigband und Julian Arg\u00fcelles mit dem britischen Parliamentary Jazz Award im Westminster Palace geehrt. Solche Auszeichnungen und immer zahlreicher werdende Einladungen von etablierten Festivals und Konzerth\u00e4usern spiegeln das auch \u00fcberregional steigende Interesse an der hr-Bigband wieder. In der Saison 2016\/17 geh\u00f6rt eine Wiederaufnahme der \u201eWunderkammer XXL\u201c mit dem Pianisten Michael Wollny bei den Leipziger Jazztagen und bei der von ihm selbst kuratierten \u201eZeitinsel Michael Wollny\u201c im Konzerthaus Dortmund dazu, au\u00dferdem der Auftritt mit Nik B\u00e4rtschs Ronin beim Jazzfest Berlin und die &hellip;<\/p>\n","protected":false},"author":18,"featured_media":0,"comment_status":"open","ping_status":"closed","sticky":false,"template":"","format":"standard","meta":{"_jetpack_memberships_contains_paid_content":false,"footnotes":"","jetpack_publicize_message":"","jetpack_publicize_feature_enabled":true,"jetpack_social_post_already_shared":false,"jetpack_social_options":{"image_generator_settings":{"template":"highway","default_image_id":0,"font":"","enabled":false},"version":2}},"categories":[633],"tags":[34,46,66,73,109,120,127,145,171,3,682,184,790,198,215,1025,1007,241,254,751,272,918,282,316,322,323,327,1185,773,1225,388,15,535,579,19,608],"coauthors":[695],"class_list":["post-9472","post","type-post","status-publish","format-standard","hentry","category-nachrichten","tag-album","tag-ard","tag-berlin","tag-bigband","tag-cd","tag-club","tag-dave-holland","tag-django-bates","tag-facebook","tag-festival","tag-festivals","tag-frankfurt","tag-geburtstag","tag-geschichte","tag-hamburg","tag-hr-bigband","tag-improvisation","tag-initiative-musik","tag-jazz-award","tag-jazzfest","tag-jazzfest-berlin","tag-jazzfestival","tag-jazzorchester","tag-klassik","tag-konzert-2","tag-konzerte","tag-kultur","tag-lars-seniuk","tag-mail","tag-maria-schneider","tag-michael-wollny","tag-rundfunk","tag-swing","tag-video","tag-wettbewerb","tag-youtube"],"yoast_head":"<!-- This site is optimized with the Yoast SEO plugin v27.5 - https:\/\/yoast.com\/product\/yoast-seo-wordpress\/ -->\n<title>+++ News +++ hr-Bigband Saison 2016\/2017 +++ Applaus-Workshops +++ trio Rosenrot braucht Unterst\u00fctzung +++ - JazzZeitung<\/title>\n<meta name=\"robots\" content=\"index, follow, max-snippet:-1, max-image-preview:large, max-video-preview:-1\" \/>\n<link rel=\"canonical\" href=\"https:\/\/www.jazzzeitung.de\/cms\/2016\/06\/news-hr-bigband-saison-20162017-applaus-workshops-trio-rosenrot-braucht-unterstuetzung\/\" \/>\n<meta property=\"og:locale\" content=\"de_DE\" \/>\n<meta property=\"og:type\" content=\"article\" \/>\n<meta property=\"og:title\" content=\"+++ News +++ hr-Bigband Saison 2016\/2017 +++ Applaus-Workshops +++ trio Rosenrot braucht Unterst\u00fctzung +++ - JazzZeitung\" \/>\n<meta property=\"og:description\" content=\"+++ hr-Bigband in der Saison 2016\/2017 +++ \u201eEine Reise von Louis Armstrong bis Nik B\u00e4rtsch mit einigen faszinierenden Zwischenstopps \u2013 das wird eine gro\u00dfartige Saison\u201c, sagt Jim McNeely voller Vorfreude auf seine sechste Spielzeit bei der hr-Bigband. \u201eEs ist eine der besten Nebeneffekte als Chefdirigent der hr-Bigband, dass ich eine best\u00e4ndige und langfristige Beziehung mit diesem Weltklasse-Ensemble f\u00fchren darf\u201c, so der New Yorker Komponist, Arrangeur und Bandleader weiter. Zu den vielen spannenden K\u00fcnstlern, die in der neuen Saison 2016\/17 bei der hr-Bigband zu Gast sein werden, geh\u00f6ren Ed Motta, Dave Holland und Gretchen Parlato. Preisgekr\u00f6nt, l\u00e4ssig und weltgewandt Gerade erst wurde eine Produktion der hr-Bigband und Julian Arg\u00fcelles mit dem britischen Parliamentary Jazz Award im Westminster Palace geehrt. Solche Auszeichnungen und immer zahlreicher werdende Einladungen von etablierten Festivals und Konzerth\u00e4usern spiegeln das auch \u00fcberregional steigende Interesse an der hr-Bigband wieder. In der Saison 2016\/17 geh\u00f6rt eine Wiederaufnahme der \u201eWunderkammer XXL\u201c mit dem Pianisten Michael Wollny bei den Leipziger Jazztagen und bei der von ihm selbst kuratierten \u201eZeitinsel Michael Wollny\u201c im Konzerthaus Dortmund dazu, au\u00dferdem der Auftritt mit Nik B\u00e4rtschs Ronin beim Jazzfest Berlin und die &hellip;\" \/>\n<meta property=\"og:url\" content=\"https:\/\/www.jazzzeitung.de\/cms\/2016\/06\/news-hr-bigband-saison-20162017-applaus-workshops-trio-rosenrot-braucht-unterstuetzung\/\" \/>\n<meta property=\"og:site_name\" content=\"JazzZeitung\" \/>\n<meta property=\"article:publisher\" content=\"https:\/\/www.facebook.com\/JazzZeitung\/\" \/>\n<meta property=\"article:published_time\" content=\"2016-06-08T07:47:07+00:00\" \/>\n<meta property=\"article:modified_time\" content=\"2016-06-08T07:48:00+00:00\" \/>\n<meta property=\"og:image\" content=\"http:\/\/www.jazzzeitung.de\/cms\/wp-content\/uploads\/2016\/06\/hr.cms_.servlet.IMS_-150x150.jpg\" \/>\n<meta name=\"author\" content=\"Redaktion JazzZeitung\" \/>\n<script type=\"application\/ld+json\" class=\"yoast-schema-graph\">{\"@context\":\"https:\\\/\\\/schema.org\",\"@graph\":[{\"@type\":\"Article\",\"@id\":\"https:\\\/\\\/www.jazzzeitung.de\\\/cms\\\/2016\\\/06\\\/news-hr-bigband-saison-20162017-applaus-workshops-trio-rosenrot-braucht-unterstuetzung\\\/#article\",\"isPartOf\":{\"@id\":\"https:\\\/\\\/www.jazzzeitung.de\\\/cms\\\/2016\\\/06\\\/news-hr-bigband-saison-20162017-applaus-workshops-trio-rosenrot-braucht-unterstuetzung\\\/\"},\"author\":{\"name\":\"Redaktion JazzZeitung\",\"@id\":\"https:\\\/\\\/www.jazzzeitung.de\\\/cms\\\/#\\\/schema\\\/person\\\/2245b36b9cd1d24cea10f01c031fb92b\"},\"headline\":\"+++ News +++ hr-Bigband Saison 2016\\\/2017 +++ Applaus-Workshops +++ trio Rosenrot braucht Unterst\u00fctzung +++\",\"datePublished\":\"2016-06-08T07:47:07+00:00\",\"dateModified\":\"2016-06-08T07:48:00+00:00\",\"mainEntityOfPage\":{\"@id\":\"https:\\\/\\\/www.jazzzeitung.de\\\/cms\\\/2016\\\/06\\\/news-hr-bigband-saison-20162017-applaus-workshops-trio-rosenrot-braucht-unterstuetzung\\\/\"},\"wordCount\":1631,\"commentCount\":0,\"publisher\":{\"@id\":\"https:\\\/\\\/www.jazzzeitung.de\\\/cms\\\/#organization\"},\"image\":{\"@id\":\"https:\\\/\\\/www.jazzzeitung.de\\\/cms\\\/2016\\\/06\\\/news-hr-bigband-saison-20162017-applaus-workshops-trio-rosenrot-braucht-unterstuetzung\\\/#primaryimage\"},\"thumbnailUrl\":\"http:\\\/\\\/www.jazzzeitung.de\\\/cms\\\/wp-content\\\/uploads\\\/2016\\\/06\\\/hr.cms_.servlet.IMS_-150x150.jpg\",\"keywords\":[\"Album\",\"ARD\",\"Berlin\",\"Bigband\",\"CD\",\"Club\",\"dave holland\",\"Django Bates\",\"facebook\",\"Festival\",\"Festivals\",\"Frankfurt\",\"Geburtstag\",\"Geschichte\",\"Hamburg\",\"hr-Bigband\",\"Improvisation\",\"Initiative Musik\",\"Jazz Award\",\"Jazzfest\",\"Jazzfest Berlin\",\"Jazzfestival\",\"Jazzorchester\",\"Klassik\",\"Konzert\",\"Konzerte\",\"Kultur\",\"Lars Seniuk\",\"mail\",\"Maria Schneider\",\"Michael Wollny\",\"Rundfunk\",\"Swing\",\"Video\",\"Wettbewerb\",\"Youtube\"],\"articleSection\":[\"News\"],\"inLanguage\":\"de\",\"potentialAction\":[{\"@type\":\"CommentAction\",\"name\":\"Comment\",\"target\":[\"https:\\\/\\\/www.jazzzeitung.de\\\/cms\\\/2016\\\/06\\\/news-hr-bigband-saison-20162017-applaus-workshops-trio-rosenrot-braucht-unterstuetzung\\\/#respond\"]}]},{\"@type\":\"WebPage\",\"@id\":\"https:\\\/\\\/www.jazzzeitung.de\\\/cms\\\/2016\\\/06\\\/news-hr-bigband-saison-20162017-applaus-workshops-trio-rosenrot-braucht-unterstuetzung\\\/\",\"url\":\"https:\\\/\\\/www.jazzzeitung.de\\\/cms\\\/2016\\\/06\\\/news-hr-bigband-saison-20162017-applaus-workshops-trio-rosenrot-braucht-unterstuetzung\\\/\",\"name\":\"+++ News +++ hr-Bigband Saison 2016\\\/2017 +++ Applaus-Workshops +++ trio Rosenrot braucht Unterst\u00fctzung +++ - JazzZeitung\",\"isPartOf\":{\"@id\":\"https:\\\/\\\/www.jazzzeitung.de\\\/cms\\\/#website\"},\"primaryImageOfPage\":{\"@id\":\"https:\\\/\\\/www.jazzzeitung.de\\\/cms\\\/2016\\\/06\\\/news-hr-bigband-saison-20162017-applaus-workshops-trio-rosenrot-braucht-unterstuetzung\\\/#primaryimage\"},\"image\":{\"@id\":\"https:\\\/\\\/www.jazzzeitung.de\\\/cms\\\/2016\\\/06\\\/news-hr-bigband-saison-20162017-applaus-workshops-trio-rosenrot-braucht-unterstuetzung\\\/#primaryimage\"},\"thumbnailUrl\":\"http:\\\/\\\/www.jazzzeitung.de\\\/cms\\\/wp-content\\\/uploads\\\/2016\\\/06\\\/hr.cms_.servlet.IMS_-150x150.jpg\",\"datePublished\":\"2016-06-08T07:47:07+00:00\",\"dateModified\":\"2016-06-08T07:48:00+00:00\",\"breadcrumb\":{\"@id\":\"https:\\\/\\\/www.jazzzeitung.de\\\/cms\\\/2016\\\/06\\\/news-hr-bigband-saison-20162017-applaus-workshops-trio-rosenrot-braucht-unterstuetzung\\\/#breadcrumb\"},\"inLanguage\":\"de\",\"potentialAction\":[{\"@type\":\"ReadAction\",\"target\":[\"https:\\\/\\\/www.jazzzeitung.de\\\/cms\\\/2016\\\/06\\\/news-hr-bigband-saison-20162017-applaus-workshops-trio-rosenrot-braucht-unterstuetzung\\\/\"]}]},{\"@type\":\"ImageObject\",\"inLanguage\":\"de\",\"@id\":\"https:\\\/\\\/www.jazzzeitung.de\\\/cms\\\/2016\\\/06\\\/news-hr-bigband-saison-20162017-applaus-workshops-trio-rosenrot-braucht-unterstuetzung\\\/#primaryimage\",\"url\":\"http:\\\/\\\/www.jazzzeitung.de\\\/cms\\\/wp-content\\\/uploads\\\/2016\\\/06\\\/hr.cms_.servlet.IMS_-150x150.jpg\",\"contentUrl\":\"http:\\\/\\\/www.jazzzeitung.de\\\/cms\\\/wp-content\\\/uploads\\\/2016\\\/06\\\/hr.cms_.servlet.IMS_-150x150.jpg\"},{\"@type\":\"BreadcrumbList\",\"@id\":\"https:\\\/\\\/www.jazzzeitung.de\\\/cms\\\/2016\\\/06\\\/news-hr-bigband-saison-20162017-applaus-workshops-trio-rosenrot-braucht-unterstuetzung\\\/#breadcrumb\",\"itemListElement\":[{\"@type\":\"ListItem\",\"position\":1,\"name\":\"Startseite\",\"item\":\"https:\\\/\\\/www.jazzzeitung.de\\\/cms\\\/\"},{\"@type\":\"ListItem\",\"position\":2,\"name\":\"+++ News +++ hr-Bigband Saison 2016\\\/2017 +++ Applaus-Workshops +++ trio Rosenrot braucht Unterst\u00fctzung +++\"}]},{\"@type\":\"WebSite\",\"@id\":\"https:\\\/\\\/www.jazzzeitung.de\\\/cms\\\/#website\",\"url\":\"https:\\\/\\\/www.jazzzeitung.de\\\/cms\\\/\",\"name\":\"JazzZeitung\",\"description\":\"Jazz-News und Jazz-Kontroverses\",\"publisher\":{\"@id\":\"https:\\\/\\\/www.jazzzeitung.de\\\/cms\\\/#organization\"},\"potentialAction\":[{\"@type\":\"SearchAction\",\"target\":{\"@type\":\"EntryPoint\",\"urlTemplate\":\"https:\\\/\\\/www.jazzzeitung.de\\\/cms\\\/?s={search_term_string}\"},\"query-input\":{\"@type\":\"PropertyValueSpecification\",\"valueRequired\":true,\"valueName\":\"search_term_string\"}}],\"inLanguage\":\"de\"},{\"@type\":\"Organization\",\"@id\":\"https:\\\/\\\/www.jazzzeitung.de\\\/cms\\\/#organization\",\"name\":\"JazzZeitung online\",\"url\":\"https:\\\/\\\/www.jazzzeitung.de\\\/cms\\\/\",\"logo\":{\"@type\":\"ImageObject\",\"inLanguage\":\"de\",\"@id\":\"https:\\\/\\\/www.jazzzeitung.de\\\/cms\\\/#\\\/schema\\\/logo\\\/image\\\/\",\"url\":\"https:\\\/\\\/i0.wp.com\\\/www.jazzzeitung.de\\\/cms\\\/wp-content\\\/uploads\\\/2015\\\/08\\\/JAZZZEITUNGDE_Logo_Neu.png?fit=499%2C200&ssl=1\",\"contentUrl\":\"https:\\\/\\\/i0.wp.com\\\/www.jazzzeitung.de\\\/cms\\\/wp-content\\\/uploads\\\/2015\\\/08\\\/JAZZZEITUNGDE_Logo_Neu.png?fit=499%2C200&ssl=1\",\"width\":499,\"height\":200,\"caption\":\"JazzZeitung online\"},\"image\":{\"@id\":\"https:\\\/\\\/www.jazzzeitung.de\\\/cms\\\/#\\\/schema\\\/logo\\\/image\\\/\"},\"sameAs\":[\"https:\\\/\\\/www.facebook.com\\\/JazzZeitung\\\/\"]},{\"@type\":\"Person\",\"@id\":\"https:\\\/\\\/www.jazzzeitung.de\\\/cms\\\/#\\\/schema\\\/person\\\/2245b36b9cd1d24cea10f01c031fb92b\",\"name\":\"Redaktion JazzZeitung\",\"image\":{\"@type\":\"ImageObject\",\"inLanguage\":\"de\",\"@id\":\"https:\\\/\\\/i0.wp.com\\\/www.jazzzeitung.de\\\/cms\\\/wp-content\\\/uploads\\\/2015\\\/08\\\/JAZZZEITUNGDE_Logo_Neu.png?resize=96%2C96&ssl=159975dcacb611b5700bd619b5daf0a7a\",\"url\":\"https:\\\/\\\/i0.wp.com\\\/www.jazzzeitung.de\\\/cms\\\/wp-content\\\/uploads\\\/2015\\\/08\\\/JAZZZEITUNGDE_Logo_Neu.png?resize=96%2C96&ssl=1\",\"contentUrl\":\"https:\\\/\\\/i0.wp.com\\\/www.jazzzeitung.de\\\/cms\\\/wp-content\\\/uploads\\\/2015\\\/08\\\/JAZZZEITUNGDE_Logo_Neu.png?resize=96%2C96&ssl=1\",\"caption\":\"Redaktion JazzZeitung\"},\"description\":\"Artikel der Redaktion der JazzZeitung.\",\"sameAs\":[\"http:\\\/\\\/www.jazzzeitung.de\\\/cms\\\/\"],\"url\":\"https:\\\/\\\/www.jazzzeitung.de\\\/cms\\\/author\\\/redaktion\\\/\"}]}<\/script>\n<!-- \/ Yoast SEO plugin. -->","yoast_head_json":{"title":"+++ News +++ hr-Bigband Saison 2016\/2017 +++ Applaus-Workshops +++ trio Rosenrot braucht Unterst\u00fctzung +++ - JazzZeitung","robots":{"index":"index","follow":"follow","max-snippet":"max-snippet:-1","max-image-preview":"max-image-preview:large","max-video-preview":"max-video-preview:-1"},"canonical":"https:\/\/www.jazzzeitung.de\/cms\/2016\/06\/news-hr-bigband-saison-20162017-applaus-workshops-trio-rosenrot-braucht-unterstuetzung\/","og_locale":"de_DE","og_type":"article","og_title":"+++ News +++ hr-Bigband Saison 2016\/2017 +++ Applaus-Workshops +++ trio Rosenrot braucht Unterst\u00fctzung +++ - JazzZeitung","og_description":"+++ hr-Bigband in der Saison 2016\/2017 +++ \u201eEine Reise von Louis Armstrong bis Nik B\u00e4rtsch mit einigen faszinierenden Zwischenstopps \u2013 das wird eine gro\u00dfartige Saison\u201c, sagt Jim McNeely voller Vorfreude auf seine sechste Spielzeit bei der hr-Bigband. \u201eEs ist eine der besten Nebeneffekte als Chefdirigent der hr-Bigband, dass ich eine best\u00e4ndige und langfristige Beziehung mit diesem Weltklasse-Ensemble f\u00fchren darf\u201c, so der New Yorker Komponist, Arrangeur und Bandleader weiter. Zu den vielen spannenden K\u00fcnstlern, die in der neuen Saison 2016\/17 bei der hr-Bigband zu Gast sein werden, geh\u00f6ren Ed Motta, Dave Holland und Gretchen Parlato. Preisgekr\u00f6nt, l\u00e4ssig und weltgewandt Gerade erst wurde eine Produktion der hr-Bigband und Julian Arg\u00fcelles mit dem britischen Parliamentary Jazz Award im Westminster Palace geehrt. Solche Auszeichnungen und immer zahlreicher werdende Einladungen von etablierten Festivals und Konzerth\u00e4usern spiegeln das auch \u00fcberregional steigende Interesse an der hr-Bigband wieder. In der Saison 2016\/17 geh\u00f6rt eine Wiederaufnahme der \u201eWunderkammer XXL\u201c mit dem Pianisten Michael Wollny bei den Leipziger Jazztagen und bei der von ihm selbst kuratierten \u201eZeitinsel Michael Wollny\u201c im Konzerthaus Dortmund dazu, au\u00dferdem der Auftritt mit Nik B\u00e4rtschs Ronin beim Jazzfest Berlin und die &hellip;","og_url":"https:\/\/www.jazzzeitung.de\/cms\/2016\/06\/news-hr-bigband-saison-20162017-applaus-workshops-trio-rosenrot-braucht-unterstuetzung\/","og_site_name":"JazzZeitung","article_publisher":"https:\/\/www.facebook.com\/JazzZeitung\/","article_published_time":"2016-06-08T07:47:07+00:00","article_modified_time":"2016-06-08T07:48:00+00:00","og_image":[{"url":"http:\/\/www.jazzzeitung.de\/cms\/wp-content\/uploads\/2016\/06\/hr.cms_.servlet.IMS_-150x150.jpg","type":"","width":"","height":""}],"author":"Redaktion JazzZeitung","schema":{"@context":"https:\/\/schema.org","@graph":[{"@type":"Article","@id":"https:\/\/www.jazzzeitung.de\/cms\/2016\/06\/news-hr-bigband-saison-20162017-applaus-workshops-trio-rosenrot-braucht-unterstuetzung\/#article","isPartOf":{"@id":"https:\/\/www.jazzzeitung.de\/cms\/2016\/06\/news-hr-bigband-saison-20162017-applaus-workshops-trio-rosenrot-braucht-unterstuetzung\/"},"author":{"name":"Redaktion JazzZeitung","@id":"https:\/\/www.jazzzeitung.de\/cms\/#\/schema\/person\/2245b36b9cd1d24cea10f01c031fb92b"},"headline":"+++ News +++ hr-Bigband Saison 2016\/2017 +++ Applaus-Workshops +++ trio Rosenrot braucht Unterst\u00fctzung +++","datePublished":"2016-06-08T07:47:07+00:00","dateModified":"2016-06-08T07:48:00+00:00","mainEntityOfPage":{"@id":"https:\/\/www.jazzzeitung.de\/cms\/2016\/06\/news-hr-bigband-saison-20162017-applaus-workshops-trio-rosenrot-braucht-unterstuetzung\/"},"wordCount":1631,"commentCount":0,"publisher":{"@id":"https:\/\/www.jazzzeitung.de\/cms\/#organization"},"image":{"@id":"https:\/\/www.jazzzeitung.de\/cms\/2016\/06\/news-hr-bigband-saison-20162017-applaus-workshops-trio-rosenrot-braucht-unterstuetzung\/#primaryimage"},"thumbnailUrl":"http:\/\/www.jazzzeitung.de\/cms\/wp-content\/uploads\/2016\/06\/hr.cms_.servlet.IMS_-150x150.jpg","keywords":["Album","ARD","Berlin","Bigband","CD","Club","dave holland","Django Bates","facebook","Festival","Festivals","Frankfurt","Geburtstag","Geschichte","Hamburg","hr-Bigband","Improvisation","Initiative Musik","Jazz Award","Jazzfest","Jazzfest Berlin","Jazzfestival","Jazzorchester","Klassik","Konzert","Konzerte","Kultur","Lars Seniuk","mail","Maria Schneider","Michael Wollny","Rundfunk","Swing","Video","Wettbewerb","Youtube"],"articleSection":["News"],"inLanguage":"de","potentialAction":[{"@type":"CommentAction","name":"Comment","target":["https:\/\/www.jazzzeitung.de\/cms\/2016\/06\/news-hr-bigband-saison-20162017-applaus-workshops-trio-rosenrot-braucht-unterstuetzung\/#respond"]}]},{"@type":"WebPage","@id":"https:\/\/www.jazzzeitung.de\/cms\/2016\/06\/news-hr-bigband-saison-20162017-applaus-workshops-trio-rosenrot-braucht-unterstuetzung\/","url":"https:\/\/www.jazzzeitung.de\/cms\/2016\/06\/news-hr-bigband-saison-20162017-applaus-workshops-trio-rosenrot-braucht-unterstuetzung\/","name":"+++ News +++ hr-Bigband Saison 2016\/2017 +++ Applaus-Workshops +++ trio Rosenrot braucht Unterst\u00fctzung +++ - JazzZeitung","isPartOf":{"@id":"https:\/\/www.jazzzeitung.de\/cms\/#website"},"primaryImageOfPage":{"@id":"https:\/\/www.jazzzeitung.de\/cms\/2016\/06\/news-hr-bigband-saison-20162017-applaus-workshops-trio-rosenrot-braucht-unterstuetzung\/#primaryimage"},"image":{"@id":"https:\/\/www.jazzzeitung.de\/cms\/2016\/06\/news-hr-bigband-saison-20162017-applaus-workshops-trio-rosenrot-braucht-unterstuetzung\/#primaryimage"},"thumbnailUrl":"http:\/\/www.jazzzeitung.de\/cms\/wp-content\/uploads\/2016\/06\/hr.cms_.servlet.IMS_-150x150.jpg","datePublished":"2016-06-08T07:47:07+00:00","dateModified":"2016-06-08T07:48:00+00:00","breadcrumb":{"@id":"https:\/\/www.jazzzeitung.de\/cms\/2016\/06\/news-hr-bigband-saison-20162017-applaus-workshops-trio-rosenrot-braucht-unterstuetzung\/#breadcrumb"},"inLanguage":"de","potentialAction":[{"@type":"ReadAction","target":["https:\/\/www.jazzzeitung.de\/cms\/2016\/06\/news-hr-bigband-saison-20162017-applaus-workshops-trio-rosenrot-braucht-unterstuetzung\/"]}]},{"@type":"ImageObject","inLanguage":"de","@id":"https:\/\/www.jazzzeitung.de\/cms\/2016\/06\/news-hr-bigband-saison-20162017-applaus-workshops-trio-rosenrot-braucht-unterstuetzung\/#primaryimage","url":"http:\/\/www.jazzzeitung.de\/cms\/wp-content\/uploads\/2016\/06\/hr.cms_.servlet.IMS_-150x150.jpg","contentUrl":"http:\/\/www.jazzzeitung.de\/cms\/wp-content\/uploads\/2016\/06\/hr.cms_.servlet.IMS_-150x150.jpg"},{"@type":"BreadcrumbList","@id":"https:\/\/www.jazzzeitung.de\/cms\/2016\/06\/news-hr-bigband-saison-20162017-applaus-workshops-trio-rosenrot-braucht-unterstuetzung\/#breadcrumb","itemListElement":[{"@type":"ListItem","position":1,"name":"Startseite","item":"https:\/\/www.jazzzeitung.de\/cms\/"},{"@type":"ListItem","position":2,"name":"+++ News +++ hr-Bigband Saison 2016\/2017 +++ Applaus-Workshops +++ trio Rosenrot braucht Unterst\u00fctzung +++"}]},{"@type":"WebSite","@id":"https:\/\/www.jazzzeitung.de\/cms\/#website","url":"https:\/\/www.jazzzeitung.de\/cms\/","name":"JazzZeitung","description":"Jazz-News und Jazz-Kontroverses","publisher":{"@id":"https:\/\/www.jazzzeitung.de\/cms\/#organization"},"potentialAction":[{"@type":"SearchAction","target":{"@type":"EntryPoint","urlTemplate":"https:\/\/www.jazzzeitung.de\/cms\/?s={search_term_string}"},"query-input":{"@type":"PropertyValueSpecification","valueRequired":true,"valueName":"search_term_string"}}],"inLanguage":"de"},{"@type":"Organization","@id":"https:\/\/www.jazzzeitung.de\/cms\/#organization","name":"JazzZeitung online","url":"https:\/\/www.jazzzeitung.de\/cms\/","logo":{"@type":"ImageObject","inLanguage":"de","@id":"https:\/\/www.jazzzeitung.de\/cms\/#\/schema\/logo\/image\/","url":"https:\/\/i0.wp.com\/www.jazzzeitung.de\/cms\/wp-content\/uploads\/2015\/08\/JAZZZEITUNGDE_Logo_Neu.png?fit=499%2C200&ssl=1","contentUrl":"https:\/\/i0.wp.com\/www.jazzzeitung.de\/cms\/wp-content\/uploads\/2015\/08\/JAZZZEITUNGDE_Logo_Neu.png?fit=499%2C200&ssl=1","width":499,"height":200,"caption":"JazzZeitung online"},"image":{"@id":"https:\/\/www.jazzzeitung.de\/cms\/#\/schema\/logo\/image\/"},"sameAs":["https:\/\/www.facebook.com\/JazzZeitung\/"]},{"@type":"Person","@id":"https:\/\/www.jazzzeitung.de\/cms\/#\/schema\/person\/2245b36b9cd1d24cea10f01c031fb92b","name":"Redaktion JazzZeitung","image":{"@type":"ImageObject","inLanguage":"de","@id":"https:\/\/i0.wp.com\/www.jazzzeitung.de\/cms\/wp-content\/uploads\/2015\/08\/JAZZZEITUNGDE_Logo_Neu.png?resize=96%2C96&ssl=159975dcacb611b5700bd619b5daf0a7a","url":"https:\/\/i0.wp.com\/www.jazzzeitung.de\/cms\/wp-content\/uploads\/2015\/08\/JAZZZEITUNGDE_Logo_Neu.png?resize=96%2C96&ssl=1","contentUrl":"https:\/\/i0.wp.com\/www.jazzzeitung.de\/cms\/wp-content\/uploads\/2015\/08\/JAZZZEITUNGDE_Logo_Neu.png?resize=96%2C96&ssl=1","caption":"Redaktion JazzZeitung"},"description":"Artikel der Redaktion der JazzZeitung.","sameAs":["http:\/\/www.jazzzeitung.de\/cms\/"],"url":"https:\/\/www.jazzzeitung.de\/cms\/author\/redaktion\/"}]}},"wp-worthy-pixel":{"ignored":false,"public":null,"server":null,"url":null},"wp-worthy-type":"normal","jetpack_publicize_connections":[],"cc_featured_image_caption":{"caption_text":false,"source_text":false,"source_url":false},"jetpack_featured_media_url":"","jetpack_shortlink":"https:\/\/wp.me\/p3KEcT-2sM","jetpack-related-posts":[{"id":10815,"url":"https:\/\/www.jazzzeitung.de\/cms\/2016\/11\/jazzfest-berlin-2016-3-unter-groovekillern-spielen-und-kaputtspielen\/","url_meta":{"origin":9472,"position":0},"title":"Jazzfest Berlin 2016 (3) \u2013 Unter Groovekillern: Spielen und kaputtspielen","author":"Huflaikhan","date":"6. November 2016","format":false,"excerpt":"Eigentlich eine Dom\u00e4ne des europ\u00e4ischen Jazz, das Kaputtspielen \u2013 ganz aus den sp\u00e4ten 68ern heraus. So wie vorgestern beim Globe Unity Orchestra. Man kann die Dinge aber auch anders kaputtspielen: entweder wegen \u00dcberforderung oder durch ein aneinander vorbeispielen. Wird ja schon keiner merken \u2013 bei Profis oder gar Superstars der\u2026","rel":"","context":"In &quot;Bericht&quot;","block_context":{"text":"Bericht","link":"https:\/\/www.jazzzeitung.de\/cms\/thema\/bericht\/"},"img":{"alt_text":"Angelika Niescier \u2013 Florian Weber Quintet. Angelika Niescier. Foto: Petra Basche","src":"https:\/\/i0.wp.com\/www.jazzzeitung.de\/cms\/wp-content\/uploads\/2016\/11\/jazzfest_2016_Niescier_0030t2016.jpg?fit=1200%2C800&ssl=1&resize=350%2C200","width":350,"height":200,"srcset":"https:\/\/i0.wp.com\/www.jazzzeitung.de\/cms\/wp-content\/uploads\/2016\/11\/jazzfest_2016_Niescier_0030t2016.jpg?fit=1200%2C800&ssl=1&resize=350%2C200 1x, https:\/\/i0.wp.com\/www.jazzzeitung.de\/cms\/wp-content\/uploads\/2016\/11\/jazzfest_2016_Niescier_0030t2016.jpg?fit=1200%2C800&ssl=1&resize=525%2C300 1.5x, https:\/\/i0.wp.com\/www.jazzzeitung.de\/cms\/wp-content\/uploads\/2016\/11\/jazzfest_2016_Niescier_0030t2016.jpg?fit=1200%2C800&ssl=1&resize=700%2C400 2x, https:\/\/i0.wp.com\/www.jazzzeitung.de\/cms\/wp-content\/uploads\/2016\/11\/jazzfest_2016_Niescier_0030t2016.jpg?fit=1200%2C800&ssl=1&resize=1050%2C600 3x"},"classes":[]},{"id":2777,"url":"https:\/\/www.jazzzeitung.de\/cms\/2013\/11\/jazzfest-2013-michael-wollny-und-abraham-strenge-extase-und-kraftsuppe\/","url_meta":{"origin":9472,"position":1},"title":"Jazzfest 2013 \u2013 Michael Wollny und Abraham Inc. \u2013 Strenge Extase vom Main und New Yorker Kraftschmelze","author":"Huflaikhan","date":"3. November 2013","format":false,"excerpt":"Ein musikalischer H\u00f6hepunkt des diesj\u00e4hrigen Festes. Denkbar verschieden die beiden Auftritte, packend waren sie auf beide Weisen. Die Wunderkammer XXL des Michael Wollny mit Tamar Halperin & der hr-BigBand kochte kompositorische Konstruktion hoch, Abraham Inc. feat. David Kracauer, Fred Wesley, socalled and others, schmolz sie im Party-Tiegel ein und lie\u00df\u2026","rel":"","context":"In &quot;Blog&quot;","block_context":{"text":"Blog","link":"https:\/\/www.jazzzeitung.de\/cms\/thema\/blog\/"},"img":{"alt_text":"Michael Wollny, Tamar Halperin, hr-BigBand. Foto: P. Basche","src":"https:\/\/i0.wp.com\/www.jazzzeitung.de\/cms\/wp-content\/uploads\/2013\/11\/jf13-03-2356.jpg?resize=350%2C200","width":350,"height":200,"srcset":"https:\/\/i0.wp.com\/www.jazzzeitung.de\/cms\/wp-content\/uploads\/2013\/11\/jf13-03-2356.jpg?resize=350%2C200 1x, https:\/\/i0.wp.com\/www.jazzzeitung.de\/cms\/wp-content\/uploads\/2013\/11\/jf13-03-2356.jpg?resize=525%2C300 1.5x, https:\/\/i0.wp.com\/www.jazzzeitung.de\/cms\/wp-content\/uploads\/2013\/11\/jf13-03-2356.jpg?resize=700%2C400 2x, https:\/\/i0.wp.com\/www.jazzzeitung.de\/cms\/wp-content\/uploads\/2013\/11\/jf13-03-2356.jpg?resize=1050%2C600 3x"},"classes":[]},{"id":20852,"url":"https:\/\/www.jazzzeitung.de\/cms\/2019\/10\/die-hr-bigband-im-november-2019-mit-donny-mccaslin\/","url_meta":{"origin":9472,"position":2},"title":"Die hr-Bigband im November 2019 &#8211; mit Donny McCaslin","author":"Redaktion JazzZeitung","date":"8. Oktober 2019","format":false,"excerpt":"Nach einem Ausflug zum Berliner Jazzfest l\u00e4dt sich die hr-Bigband den ber\u00fchmten Saxofonisten Donny McCaslin ein. HR-BIGBAND im November Donnerstag, 7., und Freitag, 8. November, 20 Uhr: Jazzclub im Studio II Oliver Leicht (Acht.);\u00a0Paul H\u00f6chst\u00e4dter Energy Quintet Zwei Abende f\u00fcr die pers\u00f6nlichen Projekte einzelner hr-Bigband-Mitglieder. Schlagzeuger Jean Paul H\u00f6chst\u00e4dter pr\u00e4sentiert\u2026","rel":"","context":"In &quot;News&quot;","block_context":{"text":"News","link":"https:\/\/www.jazzzeitung.de\/cms\/thema\/nachrichten\/"},"img":{"alt_text":"","src":"https:\/\/i0.wp.com\/www.jazzzeitung.de\/cms\/wp-content\/uploads\/2019\/10\/hr-bigband-122.jpg?fit=1200%2C800&ssl=1&resize=350%2C200","width":350,"height":200,"srcset":"https:\/\/i0.wp.com\/www.jazzzeitung.de\/cms\/wp-content\/uploads\/2019\/10\/hr-bigband-122.jpg?fit=1200%2C800&ssl=1&resize=350%2C200 1x, https:\/\/i0.wp.com\/www.jazzzeitung.de\/cms\/wp-content\/uploads\/2019\/10\/hr-bigband-122.jpg?fit=1200%2C800&ssl=1&resize=525%2C300 1.5x, https:\/\/i0.wp.com\/www.jazzzeitung.de\/cms\/wp-content\/uploads\/2019\/10\/hr-bigband-122.jpg?fit=1200%2C800&ssl=1&resize=700%2C400 2x, https:\/\/i0.wp.com\/www.jazzzeitung.de\/cms\/wp-content\/uploads\/2019\/10\/hr-bigband-122.jpg?fit=1200%2C800&ssl=1&resize=1050%2C600 3x"},"classes":[]},{"id":19512,"url":"https:\/\/www.jazzzeitung.de\/cms\/2019\/05\/news-hr-bigband-mit-cuba-2-0-gaststar-till-broenner-und-weiteren-hoehepunkten-spanien-und-portugal-schwerpunktlaender-beim-suedtirol-jazzfestival\/","url_meta":{"origin":9472,"position":3},"title":"+++ news +++ hr-Bigband mit \u201eCuba 2.0\u201c, Gaststar Till Br\u00f6nner und weiteren H\u00f6hepunkten +++ Spanien und Portugal Schwerpunktl\u00e4nder beim S\u00fcdtirol Jazzfestival +++","author":"Redaktion JazzZeitung","date":"23. Mai 2019","format":false,"excerpt":"\u201eDen eigenen Gef\u00fchlen und Assoziationen freien Lauf lassen und aus der Musik das sch\u00f6pfen, was man von ihr will oder was man von ihr braucht.\u201c Das legt Orchestermanager Olaf St\u00f6tzler in seinem Vorwort zur neuen Saison den Zuh\u00f6rerinnen und Zuh\u00f6rern der hr-Bigband ans Herz. Die neue Spielzeit birgt mit ihren\u2026","rel":"","context":"In &quot;News&quot;","block_context":{"text":"News","link":"https:\/\/www.jazzzeitung.de\/cms\/thema\/nachrichten\/"},"img":{"alt_text":"","src":"https:\/\/i0.wp.com\/www.jazzzeitung.de\/cms\/wp-content\/uploads\/2019\/04\/hr-bigband-118.jpg?fit=1200%2C800&ssl=1&resize=350%2C200","width":350,"height":200,"srcset":"https:\/\/i0.wp.com\/www.jazzzeitung.de\/cms\/wp-content\/uploads\/2019\/04\/hr-bigband-118.jpg?fit=1200%2C800&ssl=1&resize=350%2C200 1x, https:\/\/i0.wp.com\/www.jazzzeitung.de\/cms\/wp-content\/uploads\/2019\/04\/hr-bigband-118.jpg?fit=1200%2C800&ssl=1&resize=525%2C300 1.5x, https:\/\/i0.wp.com\/www.jazzzeitung.de\/cms\/wp-content\/uploads\/2019\/04\/hr-bigband-118.jpg?fit=1200%2C800&ssl=1&resize=700%2C400 2x, https:\/\/i0.wp.com\/www.jazzzeitung.de\/cms\/wp-content\/uploads\/2019\/04\/hr-bigband-118.jpg?fit=1200%2C800&ssl=1&resize=1050%2C600 3x"},"classes":[]},{"id":12556,"url":"https:\/\/www.jazzzeitung.de\/cms\/2017\/06\/46-moers-festival-2-5-juni-2017\/","url_meta":{"origin":9472,"position":4},"title":"+++ 46. moers festival 2.-5. Juni 2017 +++ Gospel, Monk und Golden Twenties: Die hr-Bigband in der Saison 2017\/18 +++ Stadtgarten-Team zum &#8222;Kulturmanager des Jahres&#8220; gew\u00e4hlt +++","author":"Redaktion JazzZeitung","date":"1. Juni 2017","format":false,"excerpt":"+++ moers festival 2017 +++ Das moers festival 2017 l\u00e4dt dieses Jahr mit einer spannenden Mischung zum Genu\u00df ein: Julien Baker ist die neue gro\u00dfe Liebe der internationalen Indie-Szene und wird f\u00fcr ihre eindringlichen und intimen Konzerte gefeiert. Die 21-J\u00e4hrige ber\u00fchrt aber nicht nur mit einer wundersch\u00f6nen Stimme und profundem\u2026","rel":"","context":"In &quot;News&quot;","block_context":{"text":"News","link":"https:\/\/www.jazzzeitung.de\/cms\/thema\/nachrichten\/"},"img":{"alt_text":"","src":"https:\/\/i0.wp.com\/www.jazzzeitung.de\/cms\/wp-content\/uploads\/2017\/06\/moers-festival-plakat-150x150.jpg?resize=350%2C200&ssl=1","width":350,"height":200},"classes":[]},{"id":12974,"url":"https:\/\/www.jazzzeitung.de\/cms\/2017\/07\/neue-cd-von-django-bates-und-hr-bigband-saluting-sgt-pepper\/","url_meta":{"origin":9472,"position":5},"title":"Neue CD von Django Bates und hr-Bigband: &#8222;Saluting Sgt. Pepper&#8220;","author":"Redaktion JazzZeitung","date":"11. Juli 2017","format":false,"excerpt":"Im Juni 1967 erschien das wohl einflussreichste Rockalbum aller Zeiten: \u201eSgt. Pepper\u2019s Lonely Hearts Club Band\u201c von den Beatles. Django Bates schenkte es damals seiner Schwester: \u201eDurch die geschlossene T\u00fcr ihres Zimmers h\u00f6rte ich diese unglaubliche Vielfalt der Kl\u00e4nge, Genres, Effekte und \u00dcberraschungen.\" Zum 50. Geburtstag dieses Meilensteins der Popgeschichte\u2026","rel":"","context":"In &quot;Rezension&quot;","block_context":{"text":"Rezension","link":"https:\/\/www.jazzzeitung.de\/cms\/thema\/rezension\/"},"img":{"alt_text":"","src":"https:\/\/i0.wp.com\/www.jazzzeitung.de\/cms\/wp-content\/uploads\/2017\/07\/salutingsgtpepper_cdcover-100_story-salutingsgtpepper__cd-100-150x150.jpg?resize=350%2C200&ssl=1","width":350,"height":200},"classes":[]}],"jetpack_sharing_enabled":true,"_links":{"self":[{"href":"https:\/\/www.jazzzeitung.de\/cms\/wp-json\/wp\/v2\/posts\/9472","targetHints":{"allow":["GET"]}}],"collection":[{"href":"https:\/\/www.jazzzeitung.de\/cms\/wp-json\/wp\/v2\/posts"}],"about":[{"href":"https:\/\/www.jazzzeitung.de\/cms\/wp-json\/wp\/v2\/types\/post"}],"author":[{"embeddable":true,"href":"https:\/\/www.jazzzeitung.de\/cms\/wp-json\/wp\/v2\/users\/18"}],"replies":[{"embeddable":true,"href":"https:\/\/www.jazzzeitung.de\/cms\/wp-json\/wp\/v2\/comments?post=9472"}],"version-history":[{"count":2,"href":"https:\/\/www.jazzzeitung.de\/cms\/wp-json\/wp\/v2\/posts\/9472\/revisions"}],"predecessor-version":[{"id":9475,"href":"https:\/\/www.jazzzeitung.de\/cms\/wp-json\/wp\/v2\/posts\/9472\/revisions\/9475"}],"wp:attachment":[{"href":"https:\/\/www.jazzzeitung.de\/cms\/wp-json\/wp\/v2\/media?parent=9472"}],"wp:term":[{"taxonomy":"category","embeddable":true,"href":"https:\/\/www.jazzzeitung.de\/cms\/wp-json\/wp\/v2\/categories?post=9472"},{"taxonomy":"post_tag","embeddable":true,"href":"https:\/\/www.jazzzeitung.de\/cms\/wp-json\/wp\/v2\/tags?post=9472"},{"taxonomy":"author","embeddable":true,"href":"https:\/\/www.jazzzeitung.de\/cms\/wp-json\/wp\/v2\/coauthors?post=9472"}],"curies":[{"name":"wp","href":"https:\/\/api.w.org\/{rel}","templated":true}]}}