{"id":9415,"date":"2016-05-30T12:00:10","date_gmt":"2016-05-30T10:00:10","guid":{"rendered":"http:\/\/www.jazzzeitung.de\/cms\/?p=9415"},"modified":"2016-05-30T11:52:07","modified_gmt":"2016-05-30T09:52:07","slug":"zwei-festivals-laeuten-den-juni-ein-events-berlin-und-salzburg","status":"publish","type":"post","link":"https:\/\/www.jazzzeitung.de\/cms\/2016\/05\/zwei-festivals-laeuten-den-juni-ein-events-berlin-und-salzburg\/","title":{"rendered":"Zwei Festivals l\u00e4uten den Juni ein: Events in Berlin und Salzburg"},"content":{"rendered":"<figure id=\"attachment_9425\" aria-describedby=\"caption-attachment-9425\" style=\"width: 260px\" class=\"wp-caption alignleft\"><a href=\"https:\/\/i0.wp.com\/www.jazzzeitung.de\/cms\/wp-content\/uploads\/2016\/05\/01.06._%C3%89mile-Parisien_1-c_SylvainGripoix.jpg\"><img data-recalc-dims=\"1\" loading=\"lazy\" decoding=\"async\" data-attachment-id=\"9425\" data-permalink=\"https:\/\/www.jazzzeitung.de\/cms\/2016\/05\/zwei-festivals-laeuten-den-juni-ein-events-berlin-und-salzburg\/emile-parisien\/\" data-orig-file=\"https:\/\/i0.wp.com\/www.jazzzeitung.de\/cms\/wp-content\/uploads\/2016\/05\/01.06._%C3%89mile-Parisien_1-c_SylvainGripoix.jpg?fit=1500%2C2254&amp;ssl=1\" data-orig-size=\"1500,2254\" data-comments-opened=\"1\" data-image-meta=\"{&quot;aperture&quot;:&quot;0&quot;,&quot;credit&quot;:&quot;Sylvain GRIPOIX&quot;,&quot;camera&quot;:&quot;&quot;,&quot;caption&quot;:&quot;&quot;,&quot;created_timestamp&quot;:&quot;1349973518&quot;,&quot;copyright&quot;:&quot;Sylvain GRIPOIX\\rwww.gripoix.com\\rcontact@gripoix.com&quot;,&quot;focal_length&quot;:&quot;0&quot;,&quot;iso&quot;:&quot;0&quot;,&quot;shutter_speed&quot;:&quot;0&quot;,&quot;title&quot;:&quot;EMILE PARISIEN&quot;,&quot;orientation&quot;:&quot;1&quot;}\" data-image-title=\"EMILE PARISIEN\" data-image-description=\"\" data-image-caption=\"\" data-large-file=\"https:\/\/i0.wp.com\/www.jazzzeitung.de\/cms\/wp-content\/uploads\/2016\/05\/01.06._%C3%89mile-Parisien_1-c_SylvainGripoix.jpg?fit=399%2C600&amp;ssl=1\" class=\"wp-image-9425\" src=\"https:\/\/i0.wp.com\/www.jazzzeitung.de\/cms\/wp-content\/uploads\/2016\/05\/01.06._%C3%89mile-Parisien_1-c_SylvainGripoix.jpg?resize=260%2C390\" width=\"260\" height=\"390\" srcset=\"https:\/\/i0.wp.com\/www.jazzzeitung.de\/cms\/wp-content\/uploads\/2016\/05\/01.06._%C3%89mile-Parisien_1-c_SylvainGripoix.jpg?w=1500&amp;ssl=1 1500w, https:\/\/i0.wp.com\/www.jazzzeitung.de\/cms\/wp-content\/uploads\/2016\/05\/01.06._%C3%89mile-Parisien_1-c_SylvainGripoix.jpg?resize=200%2C300&amp;ssl=1 200w, https:\/\/i0.wp.com\/www.jazzzeitung.de\/cms\/wp-content\/uploads\/2016\/05\/01.06._%C3%89mile-Parisien_1-c_SylvainGripoix.jpg?resize=768%2C1154&amp;ssl=1 768w, https:\/\/i0.wp.com\/www.jazzzeitung.de\/cms\/wp-content\/uploads\/2016\/05\/01.06._%C3%89mile-Parisien_1-c_SylvainGripoix.jpg?resize=399%2C600&amp;ssl=1 399w, https:\/\/i0.wp.com\/www.jazzzeitung.de\/cms\/wp-content\/uploads\/2016\/05\/01.06._%C3%89mile-Parisien_1-c_SylvainGripoix.jpg?resize=900%2C1352&amp;ssl=1 900w\" sizes=\"auto, (max-width: 260px) 100vw, 260px\" \/><\/a><figcaption id=\"caption-attachment-9425\" class=\"wp-caption-text\">Sopransaxophonist Emile Parisien spielt auf der Jazzdor. Foto: Sylvain Gripoix<\/figcaption><\/figure>\n<p><strong>Den Anfang macht am 31. Mai Berlin mit dem Festival Jazzdor im Kesselhaus.<\/strong><\/p>\n<p>Und es feiert Geburtstag: Zehn Jahre deutsch-franz\u00f6sische Musikabenteuer! Auch die Jubil\u00e4ums-Ausgabe bleibt dem Festival-Credo treu: Zu h\u00f6ren gibt es wieder einige Premieren deutsch-franz\u00f6sischer Projekte und das Neueste aus der franz\u00f6sischen Jazzszene. Ganz in der Tradition von Jazzdor steht die Premiere des Duos von Joachim K\u00fchn und dem jungen Sopransaxofonisten \u00c9mile Parisien. Der Schlagzeuger Dejan Terzic\u00a0 stellt sein neues, mit Bojan Z., Matt Penman und Chris Speed besetztes, internationales Quartett AXIOM vor. Die Vitalit\u00e4t des franz\u00f6sischen Jazz zeigt sich unter anderem bei den Auftritten des neuen Quartetts des Geigers\u00a0 Dominique Pifar\u00e9ly, Sylvain Rifflet, Na\u00efssam Jalal &amp; Rhythms of Resistence und der Band Electric Vocuhila.<\/p>\n<p>Am Anfang im Jahre 2007 stand die Idee, der vielf\u00e4ltigen Jazzszene Frankreichs eine Plattform in Deutschland zu geben. Mittlerweile hat sich das Festival zur wichtigsten Drehscheibe f\u00fcr Jazz aus Frankreich etabliert.<\/p>\n<p>Das Festival pr\u00e4sentiert allj\u00e4hrlich deutschfranz\u00f6sische, teilweise vom Festival initiierte, Bandprojekte, wie z.B. das Duo von Nils Wogram und Bojan Z., die inzwischen ihr erstes gemeinsames Album aufgenommen haben. Seit zwei Jahren gibt es mit Jazzdor Series auch ein eigenes Label, auf dem bereits drei Alben erschienen sind.<\/p>\n<p>Es gibt also viele Gr\u00fcnde zu Feiern. Und kein Geburtstag ohne Party: Die gro\u00dfartigen Musiker von Le Bal des Faux Fr\u00e8res bitten am Freitag 3. Juni zum Tanz bis in den Morgen.<\/p>\n<p><strong> Salzburg zieht dann am 2. Juni nach, mit dem internationalen Pianofestival im Odeion.<\/strong><\/p>\n<p>Bis zum 4. Juni findet &#8211; in der Reihe \u201eklangschaf(f)t&#8220; &#8211; ein internationales Piano-Festival im Ode\u00efon Salzburg statt.<\/p>\n<figure id=\"attachment_9426\" aria-describedby=\"caption-attachment-9426\" style=\"width: 459px\" class=\"wp-caption alignright\"><a href=\"https:\/\/i0.wp.com\/www.jazzzeitung.de\/cms\/wp-content\/uploads\/2016\/05\/Fred-HerschcMartin-Zeman.jpg\"><img data-recalc-dims=\"1\" loading=\"lazy\" decoding=\"async\" data-attachment-id=\"9426\" data-permalink=\"https:\/\/www.jazzzeitung.de\/cms\/2016\/05\/zwei-festivals-laeuten-den-juni-ein-events-berlin-und-salzburg\/fred-herschcmartin-zeman\/\" data-orig-file=\"https:\/\/i0.wp.com\/www.jazzzeitung.de\/cms\/wp-content\/uploads\/2016\/05\/Fred-HerschcMartin-Zeman.jpg?fit=3000%2C2000&amp;ssl=1\" data-orig-size=\"3000,2000\" data-comments-opened=\"1\" data-image-meta=\"{&quot;aperture&quot;:&quot;0&quot;,&quot;credit&quot;:&quot;&quot;,&quot;camera&quot;:&quot;&quot;,&quot;caption&quot;:&quot;&quot;,&quot;created_timestamp&quot;:&quot;0&quot;,&quot;copyright&quot;:&quot;Foto: MARTIN ZEMAN DAtelier.cz&quot;,&quot;focal_length&quot;:&quot;0&quot;,&quot;iso&quot;:&quot;0&quot;,&quot;shutter_speed&quot;:&quot;0&quot;,&quot;title&quot;:&quot;&quot;,&quot;orientation&quot;:&quot;0&quot;}\" data-image-title=\"Fred Hersch(c)Martin Zeman\" data-image-description=\"\" data-image-caption=\"\" data-large-file=\"https:\/\/i0.wp.com\/www.jazzzeitung.de\/cms\/wp-content\/uploads\/2016\/05\/Fred-HerschcMartin-Zeman.jpg?fit=840%2C560&amp;ssl=1\" class=\"wp-image-9426\" src=\"https:\/\/i0.wp.com\/www.jazzzeitung.de\/cms\/wp-content\/uploads\/2016\/05\/Fred-HerschcMartin-Zeman.jpg?resize=459%2C306\" width=\"459\" height=\"306\" srcset=\"https:\/\/i0.wp.com\/www.jazzzeitung.de\/cms\/wp-content\/uploads\/2016\/05\/Fred-HerschcMartin-Zeman.jpg?w=3000&amp;ssl=1 3000w, https:\/\/i0.wp.com\/www.jazzzeitung.de\/cms\/wp-content\/uploads\/2016\/05\/Fred-HerschcMartin-Zeman.jpg?resize=300%2C200&amp;ssl=1 300w, https:\/\/i0.wp.com\/www.jazzzeitung.de\/cms\/wp-content\/uploads\/2016\/05\/Fred-HerschcMartin-Zeman.jpg?resize=768%2C512&amp;ssl=1 768w, https:\/\/i0.wp.com\/www.jazzzeitung.de\/cms\/wp-content\/uploads\/2016\/05\/Fred-HerschcMartin-Zeman.jpg?resize=900%2C600&amp;ssl=1 900w, https:\/\/i0.wp.com\/www.jazzzeitung.de\/cms\/wp-content\/uploads\/2016\/05\/Fred-HerschcMartin-Zeman.jpg?w=1680&amp;ssl=1 1680w, https:\/\/i0.wp.com\/www.jazzzeitung.de\/cms\/wp-content\/uploads\/2016\/05\/Fred-HerschcMartin-Zeman.jpg?w=2520&amp;ssl=1 2520w\" sizes=\"auto, (max-width: 459px) 100vw, 459px\" \/><\/a><figcaption id=\"caption-attachment-9426\" class=\"wp-caption-text\">Fred Hersch. Foto: Martin Zeman<\/figcaption><\/figure>\n<p>Unter dem Titel \u201eRemembering John Taylor&#8220; gedenken nationale und internationale Gr\u00f6\u00dfen des Jazz-Pianos dem Mitte 2015 verstorbenen Briten, der eigentlich im Rahmen dieses Festivals h\u00e4tte auftreten und erstmals gemeinsam mit seinem amerikanischen Kollegen Fred Hersch spielen h\u00e4tte sollen.<\/p>\n<p>Er\u00f6ffnet wird das Piano-Festival mit \u201e3 Fl\u00fcgel &#8211; 6 H\u00e4nde&#8220;. Es spielen Martin Reiter, Martin Gasselsberger und Lukas Kletzander einen Abend in Erinnerung an John Taylor.<\/p>\n<p>Fred Hersch spielt am 3. Juni gemeinsam mit seinem Trio am 4. Juni begeben sich Bernd Lhotzky und Louis Mazetier auf einen musikalischen Drahtseilakt.<\/p>\n","protected":false},"excerpt":{"rendered":"<p>Den Anfang macht am 31. Mai Berlin mit dem Festival Jazzdor im Kesselhaus. Und es feiert Geburtstag: Zehn Jahre deutsch-franz\u00f6sische Musikabenteuer! Auch die Jubil\u00e4ums-Ausgabe bleibt dem Festival-Credo treu: Zu h\u00f6ren gibt es wieder einige Premieren deutsch-franz\u00f6sischer Projekte und das Neueste aus der franz\u00f6sischen Jazzszene. Ganz in der Tradition von Jazzdor steht die Premiere des Duos von Joachim K\u00fchn und dem jungen Sopransaxofonisten \u00c9mile Parisien. Der Schlagzeuger Dejan Terzic\u00a0 stellt sein neues, mit Bojan Z., Matt Penman und Chris Speed besetztes, internationales Quartett AXIOM vor. Die Vitalit\u00e4t des franz\u00f6sischen Jazz zeigt sich unter anderem bei den Auftritten des neuen Quartetts des Geigers\u00a0 Dominique Pifar\u00e9ly, Sylvain Rifflet, Na\u00efssam Jalal &amp; Rhythms of Resistence und der Band Electric Vocuhila. Am Anfang im Jahre 2007 stand die Idee, der vielf\u00e4ltigen Jazzszene Frankreichs eine Plattform in Deutschland zu geben. Mittlerweile hat sich das Festival zur wichtigsten Drehscheibe f\u00fcr Jazz aus Frankreich etabliert. Das Festival pr\u00e4sentiert allj\u00e4hrlich deutschfranz\u00f6sische, teilweise vom Festival initiierte, Bandprojekte, wie z.B. das Duo von Nils Wogram und Bojan Z., die inzwischen ihr erstes gemeinsames Album aufgenommen haben. Seit zwei Jahren gibt es mit Jazzdor Series auch ein &hellip;<\/p>\n","protected":false},"author":18,"featured_media":0,"comment_status":"open","ping_status":"closed","sticky":false,"template":"","format":"standard","meta":{"_jetpack_memberships_contains_paid_content":false,"footnotes":"","jetpack_publicize_message":"","jetpack_publicize_feature_enabled":true,"jetpack_social_post_already_shared":false,"jetpack_social_options":{"image_generator_settings":{"template":"highway","default_image_id":0,"font":"","enabled":false},"version":2}},"categories":[1053,633],"tags":[34,66,137,3,682,790,753,339,420,442],"coauthors":[695],"class_list":["post-9415","post","type-post","status-publish","format-standard","hentry","category-bericht","category-nachrichten","tag-album","tag-berlin","tag-deutschland","tag-festival","tag-festivals","tag-geburtstag","tag-joachim-kuehn","tag-label","tag-nils-wogram","tag-piano"],"yoast_head":"<!-- This site is optimized with the Yoast SEO plugin v27.5 - https:\/\/yoast.com\/product\/yoast-seo-wordpress\/ -->\n<title>Zwei Festivals l\u00e4uten den Juni ein: Events in Berlin und Salzburg - JazzZeitung<\/title>\n<meta name=\"robots\" content=\"index, follow, max-snippet:-1, max-image-preview:large, max-video-preview:-1\" \/>\n<link rel=\"canonical\" href=\"https:\/\/www.jazzzeitung.de\/cms\/2016\/05\/zwei-festivals-laeuten-den-juni-ein-events-berlin-und-salzburg\/\" \/>\n<meta property=\"og:locale\" content=\"de_DE\" \/>\n<meta property=\"og:type\" content=\"article\" \/>\n<meta property=\"og:title\" content=\"Zwei Festivals l\u00e4uten den Juni ein: Events in Berlin und Salzburg - JazzZeitung\" \/>\n<meta property=\"og:description\" content=\"Den Anfang macht am 31. Mai Berlin mit dem Festival Jazzdor im Kesselhaus. Und es feiert Geburtstag: Zehn Jahre deutsch-franz\u00f6sische Musikabenteuer! Auch die Jubil\u00e4ums-Ausgabe bleibt dem Festival-Credo treu: Zu h\u00f6ren gibt es wieder einige Premieren deutsch-franz\u00f6sischer Projekte und das Neueste aus der franz\u00f6sischen Jazzszene. Ganz in der Tradition von Jazzdor steht die Premiere des Duos von Joachim K\u00fchn und dem jungen Sopransaxofonisten \u00c9mile Parisien. Der Schlagzeuger Dejan Terzic\u00a0 stellt sein neues, mit Bojan Z., Matt Penman und Chris Speed besetztes, internationales Quartett AXIOM vor. Die Vitalit\u00e4t des franz\u00f6sischen Jazz zeigt sich unter anderem bei den Auftritten des neuen Quartetts des Geigers\u00a0 Dominique Pifar\u00e9ly, Sylvain Rifflet, Na\u00efssam Jalal &amp; Rhythms of Resistence und der Band Electric Vocuhila. Am Anfang im Jahre 2007 stand die Idee, der vielf\u00e4ltigen Jazzszene Frankreichs eine Plattform in Deutschland zu geben. Mittlerweile hat sich das Festival zur wichtigsten Drehscheibe f\u00fcr Jazz aus Frankreich etabliert. Das Festival pr\u00e4sentiert allj\u00e4hrlich deutschfranz\u00f6sische, teilweise vom Festival initiierte, Bandprojekte, wie z.B. das Duo von Nils Wogram und Bojan Z., die inzwischen ihr erstes gemeinsames Album aufgenommen haben. Seit zwei Jahren gibt es mit Jazzdor Series auch ein &hellip;\" \/>\n<meta property=\"og:url\" content=\"https:\/\/www.jazzzeitung.de\/cms\/2016\/05\/zwei-festivals-laeuten-den-juni-ein-events-berlin-und-salzburg\/\" \/>\n<meta property=\"og:site_name\" content=\"JazzZeitung\" \/>\n<meta property=\"article:publisher\" content=\"https:\/\/www.facebook.com\/JazzZeitung\/\" \/>\n<meta property=\"article:published_time\" content=\"2016-05-30T10:00:10+00:00\" \/>\n<meta property=\"og:image\" content=\"http:\/\/www.jazzzeitung.de\/cms\/wp-content\/uploads\/2016\/05\/Fred-HerschcMartin-Zeman.jpg\" \/>\n<meta name=\"author\" content=\"Redaktion JazzZeitung\" \/>\n<script type=\"application\/ld+json\" class=\"yoast-schema-graph\">{\"@context\":\"https:\\\/\\\/schema.org\",\"@graph\":[{\"@type\":\"Article\",\"@id\":\"https:\\\/\\\/www.jazzzeitung.de\\\/cms\\\/2016\\\/05\\\/zwei-festivals-laeuten-den-juni-ein-events-berlin-und-salzburg\\\/#article\",\"isPartOf\":{\"@id\":\"https:\\\/\\\/www.jazzzeitung.de\\\/cms\\\/2016\\\/05\\\/zwei-festivals-laeuten-den-juni-ein-events-berlin-und-salzburg\\\/\"},\"author\":{\"name\":\"Redaktion JazzZeitung\",\"@id\":\"https:\\\/\\\/www.jazzzeitung.de\\\/cms\\\/#\\\/schema\\\/person\\\/2245b36b9cd1d24cea10f01c031fb92b\"},\"headline\":\"Zwei Festivals l\u00e4uten den Juni ein: Events in Berlin und Salzburg\",\"datePublished\":\"2016-05-30T10:00:10+00:00\",\"mainEntityOfPage\":{\"@id\":\"https:\\\/\\\/www.jazzzeitung.de\\\/cms\\\/2016\\\/05\\\/zwei-festivals-laeuten-den-juni-ein-events-berlin-und-salzburg\\\/\"},\"wordCount\":404,\"commentCount\":0,\"publisher\":{\"@id\":\"https:\\\/\\\/www.jazzzeitung.de\\\/cms\\\/#organization\"},\"image\":{\"@id\":\"https:\\\/\\\/www.jazzzeitung.de\\\/cms\\\/2016\\\/05\\\/zwei-festivals-laeuten-den-juni-ein-events-berlin-und-salzburg\\\/#primaryimage\"},\"thumbnailUrl\":\"http:\\\/\\\/www.jazzzeitung.de\\\/cms\\\/wp-content\\\/uploads\\\/2016\\\/05\\\/Fred-HerschcMartin-Zeman.jpg\",\"keywords\":[\"Album\",\"Berlin\",\"Deutschland\",\"Festival\",\"Festivals\",\"Geburtstag\",\"Joachim K\u00fchn\",\"Label\",\"Nils Wogram\",\"Piano\"],\"articleSection\":[\"Bericht\",\"News\"],\"inLanguage\":\"de\",\"potentialAction\":[{\"@type\":\"CommentAction\",\"name\":\"Comment\",\"target\":[\"https:\\\/\\\/www.jazzzeitung.de\\\/cms\\\/2016\\\/05\\\/zwei-festivals-laeuten-den-juni-ein-events-berlin-und-salzburg\\\/#respond\"]}]},{\"@type\":\"WebPage\",\"@id\":\"https:\\\/\\\/www.jazzzeitung.de\\\/cms\\\/2016\\\/05\\\/zwei-festivals-laeuten-den-juni-ein-events-berlin-und-salzburg\\\/\",\"url\":\"https:\\\/\\\/www.jazzzeitung.de\\\/cms\\\/2016\\\/05\\\/zwei-festivals-laeuten-den-juni-ein-events-berlin-und-salzburg\\\/\",\"name\":\"Zwei Festivals l\u00e4uten den Juni ein: Events in Berlin und Salzburg - JazzZeitung\",\"isPartOf\":{\"@id\":\"https:\\\/\\\/www.jazzzeitung.de\\\/cms\\\/#website\"},\"primaryImageOfPage\":{\"@id\":\"https:\\\/\\\/www.jazzzeitung.de\\\/cms\\\/2016\\\/05\\\/zwei-festivals-laeuten-den-juni-ein-events-berlin-und-salzburg\\\/#primaryimage\"},\"image\":{\"@id\":\"https:\\\/\\\/www.jazzzeitung.de\\\/cms\\\/2016\\\/05\\\/zwei-festivals-laeuten-den-juni-ein-events-berlin-und-salzburg\\\/#primaryimage\"},\"thumbnailUrl\":\"http:\\\/\\\/www.jazzzeitung.de\\\/cms\\\/wp-content\\\/uploads\\\/2016\\\/05\\\/Fred-HerschcMartin-Zeman.jpg\",\"datePublished\":\"2016-05-30T10:00:10+00:00\",\"breadcrumb\":{\"@id\":\"https:\\\/\\\/www.jazzzeitung.de\\\/cms\\\/2016\\\/05\\\/zwei-festivals-laeuten-den-juni-ein-events-berlin-und-salzburg\\\/#breadcrumb\"},\"inLanguage\":\"de\",\"potentialAction\":[{\"@type\":\"ReadAction\",\"target\":[\"https:\\\/\\\/www.jazzzeitung.de\\\/cms\\\/2016\\\/05\\\/zwei-festivals-laeuten-den-juni-ein-events-berlin-und-salzburg\\\/\"]}]},{\"@type\":\"ImageObject\",\"inLanguage\":\"de\",\"@id\":\"https:\\\/\\\/www.jazzzeitung.de\\\/cms\\\/2016\\\/05\\\/zwei-festivals-laeuten-den-juni-ein-events-berlin-und-salzburg\\\/#primaryimage\",\"url\":\"http:\\\/\\\/www.jazzzeitung.de\\\/cms\\\/wp-content\\\/uploads\\\/2016\\\/05\\\/Fred-HerschcMartin-Zeman.jpg\",\"contentUrl\":\"http:\\\/\\\/www.jazzzeitung.de\\\/cms\\\/wp-content\\\/uploads\\\/2016\\\/05\\\/Fred-HerschcMartin-Zeman.jpg\"},{\"@type\":\"BreadcrumbList\",\"@id\":\"https:\\\/\\\/www.jazzzeitung.de\\\/cms\\\/2016\\\/05\\\/zwei-festivals-laeuten-den-juni-ein-events-berlin-und-salzburg\\\/#breadcrumb\",\"itemListElement\":[{\"@type\":\"ListItem\",\"position\":1,\"name\":\"Startseite\",\"item\":\"https:\\\/\\\/www.jazzzeitung.de\\\/cms\\\/\"},{\"@type\":\"ListItem\",\"position\":2,\"name\":\"Zwei Festivals l\u00e4uten den Juni ein: Events in Berlin und Salzburg\"}]},{\"@type\":\"WebSite\",\"@id\":\"https:\\\/\\\/www.jazzzeitung.de\\\/cms\\\/#website\",\"url\":\"https:\\\/\\\/www.jazzzeitung.de\\\/cms\\\/\",\"name\":\"JazzZeitung\",\"description\":\"Jazz-News und Jazz-Kontroverses\",\"publisher\":{\"@id\":\"https:\\\/\\\/www.jazzzeitung.de\\\/cms\\\/#organization\"},\"potentialAction\":[{\"@type\":\"SearchAction\",\"target\":{\"@type\":\"EntryPoint\",\"urlTemplate\":\"https:\\\/\\\/www.jazzzeitung.de\\\/cms\\\/?s={search_term_string}\"},\"query-input\":{\"@type\":\"PropertyValueSpecification\",\"valueRequired\":true,\"valueName\":\"search_term_string\"}}],\"inLanguage\":\"de\"},{\"@type\":\"Organization\",\"@id\":\"https:\\\/\\\/www.jazzzeitung.de\\\/cms\\\/#organization\",\"name\":\"JazzZeitung online\",\"url\":\"https:\\\/\\\/www.jazzzeitung.de\\\/cms\\\/\",\"logo\":{\"@type\":\"ImageObject\",\"inLanguage\":\"de\",\"@id\":\"https:\\\/\\\/www.jazzzeitung.de\\\/cms\\\/#\\\/schema\\\/logo\\\/image\\\/\",\"url\":\"https:\\\/\\\/i0.wp.com\\\/www.jazzzeitung.de\\\/cms\\\/wp-content\\\/uploads\\\/2015\\\/08\\\/JAZZZEITUNGDE_Logo_Neu.png?fit=499%2C200&ssl=1\",\"contentUrl\":\"https:\\\/\\\/i0.wp.com\\\/www.jazzzeitung.de\\\/cms\\\/wp-content\\\/uploads\\\/2015\\\/08\\\/JAZZZEITUNGDE_Logo_Neu.png?fit=499%2C200&ssl=1\",\"width\":499,\"height\":200,\"caption\":\"JazzZeitung online\"},\"image\":{\"@id\":\"https:\\\/\\\/www.jazzzeitung.de\\\/cms\\\/#\\\/schema\\\/logo\\\/image\\\/\"},\"sameAs\":[\"https:\\\/\\\/www.facebook.com\\\/JazzZeitung\\\/\"]},{\"@type\":\"Person\",\"@id\":\"https:\\\/\\\/www.jazzzeitung.de\\\/cms\\\/#\\\/schema\\\/person\\\/2245b36b9cd1d24cea10f01c031fb92b\",\"name\":\"Redaktion JazzZeitung\",\"image\":{\"@type\":\"ImageObject\",\"inLanguage\":\"de\",\"@id\":\"https:\\\/\\\/i0.wp.com\\\/www.jazzzeitung.de\\\/cms\\\/wp-content\\\/uploads\\\/2015\\\/08\\\/JAZZZEITUNGDE_Logo_Neu.png?resize=96%2C96&ssl=159975dcacb611b5700bd619b5daf0a7a\",\"url\":\"https:\\\/\\\/i0.wp.com\\\/www.jazzzeitung.de\\\/cms\\\/wp-content\\\/uploads\\\/2015\\\/08\\\/JAZZZEITUNGDE_Logo_Neu.png?resize=96%2C96&ssl=1\",\"contentUrl\":\"https:\\\/\\\/i0.wp.com\\\/www.jazzzeitung.de\\\/cms\\\/wp-content\\\/uploads\\\/2015\\\/08\\\/JAZZZEITUNGDE_Logo_Neu.png?resize=96%2C96&ssl=1\",\"caption\":\"Redaktion JazzZeitung\"},\"description\":\"Artikel der Redaktion der JazzZeitung.\",\"sameAs\":[\"http:\\\/\\\/www.jazzzeitung.de\\\/cms\\\/\"],\"url\":\"https:\\\/\\\/www.jazzzeitung.de\\\/cms\\\/author\\\/redaktion\\\/\"}]}<\/script>\n<!-- \/ Yoast SEO plugin. -->","yoast_head_json":{"title":"Zwei Festivals l\u00e4uten den Juni ein: Events in Berlin und Salzburg - JazzZeitung","robots":{"index":"index","follow":"follow","max-snippet":"max-snippet:-1","max-image-preview":"max-image-preview:large","max-video-preview":"max-video-preview:-1"},"canonical":"https:\/\/www.jazzzeitung.de\/cms\/2016\/05\/zwei-festivals-laeuten-den-juni-ein-events-berlin-und-salzburg\/","og_locale":"de_DE","og_type":"article","og_title":"Zwei Festivals l\u00e4uten den Juni ein: Events in Berlin und Salzburg - JazzZeitung","og_description":"Den Anfang macht am 31. Mai Berlin mit dem Festival Jazzdor im Kesselhaus. Und es feiert Geburtstag: Zehn Jahre deutsch-franz\u00f6sische Musikabenteuer! Auch die Jubil\u00e4ums-Ausgabe bleibt dem Festival-Credo treu: Zu h\u00f6ren gibt es wieder einige Premieren deutsch-franz\u00f6sischer Projekte und das Neueste aus der franz\u00f6sischen Jazzszene. Ganz in der Tradition von Jazzdor steht die Premiere des Duos von Joachim K\u00fchn und dem jungen Sopransaxofonisten \u00c9mile Parisien. Der Schlagzeuger Dejan Terzic\u00a0 stellt sein neues, mit Bojan Z., Matt Penman und Chris Speed besetztes, internationales Quartett AXIOM vor. Die Vitalit\u00e4t des franz\u00f6sischen Jazz zeigt sich unter anderem bei den Auftritten des neuen Quartetts des Geigers\u00a0 Dominique Pifar\u00e9ly, Sylvain Rifflet, Na\u00efssam Jalal &amp; Rhythms of Resistence und der Band Electric Vocuhila. Am Anfang im Jahre 2007 stand die Idee, der vielf\u00e4ltigen Jazzszene Frankreichs eine Plattform in Deutschland zu geben. Mittlerweile hat sich das Festival zur wichtigsten Drehscheibe f\u00fcr Jazz aus Frankreich etabliert. Das Festival pr\u00e4sentiert allj\u00e4hrlich deutschfranz\u00f6sische, teilweise vom Festival initiierte, Bandprojekte, wie z.B. das Duo von Nils Wogram und Bojan Z., die inzwischen ihr erstes gemeinsames Album aufgenommen haben. Seit zwei Jahren gibt es mit Jazzdor Series auch ein &hellip;","og_url":"https:\/\/www.jazzzeitung.de\/cms\/2016\/05\/zwei-festivals-laeuten-den-juni-ein-events-berlin-und-salzburg\/","og_site_name":"JazzZeitung","article_publisher":"https:\/\/www.facebook.com\/JazzZeitung\/","article_published_time":"2016-05-30T10:00:10+00:00","og_image":[{"url":"http:\/\/www.jazzzeitung.de\/cms\/wp-content\/uploads\/2016\/05\/Fred-HerschcMartin-Zeman.jpg","type":"","width":"","height":""}],"author":"Redaktion JazzZeitung","schema":{"@context":"https:\/\/schema.org","@graph":[{"@type":"Article","@id":"https:\/\/www.jazzzeitung.de\/cms\/2016\/05\/zwei-festivals-laeuten-den-juni-ein-events-berlin-und-salzburg\/#article","isPartOf":{"@id":"https:\/\/www.jazzzeitung.de\/cms\/2016\/05\/zwei-festivals-laeuten-den-juni-ein-events-berlin-und-salzburg\/"},"author":{"name":"Redaktion JazzZeitung","@id":"https:\/\/www.jazzzeitung.de\/cms\/#\/schema\/person\/2245b36b9cd1d24cea10f01c031fb92b"},"headline":"Zwei Festivals l\u00e4uten den Juni ein: Events in Berlin und Salzburg","datePublished":"2016-05-30T10:00:10+00:00","mainEntityOfPage":{"@id":"https:\/\/www.jazzzeitung.de\/cms\/2016\/05\/zwei-festivals-laeuten-den-juni-ein-events-berlin-und-salzburg\/"},"wordCount":404,"commentCount":0,"publisher":{"@id":"https:\/\/www.jazzzeitung.de\/cms\/#organization"},"image":{"@id":"https:\/\/www.jazzzeitung.de\/cms\/2016\/05\/zwei-festivals-laeuten-den-juni-ein-events-berlin-und-salzburg\/#primaryimage"},"thumbnailUrl":"http:\/\/www.jazzzeitung.de\/cms\/wp-content\/uploads\/2016\/05\/Fred-HerschcMartin-Zeman.jpg","keywords":["Album","Berlin","Deutschland","Festival","Festivals","Geburtstag","Joachim K\u00fchn","Label","Nils Wogram","Piano"],"articleSection":["Bericht","News"],"inLanguage":"de","potentialAction":[{"@type":"CommentAction","name":"Comment","target":["https:\/\/www.jazzzeitung.de\/cms\/2016\/05\/zwei-festivals-laeuten-den-juni-ein-events-berlin-und-salzburg\/#respond"]}]},{"@type":"WebPage","@id":"https:\/\/www.jazzzeitung.de\/cms\/2016\/05\/zwei-festivals-laeuten-den-juni-ein-events-berlin-und-salzburg\/","url":"https:\/\/www.jazzzeitung.de\/cms\/2016\/05\/zwei-festivals-laeuten-den-juni-ein-events-berlin-und-salzburg\/","name":"Zwei Festivals l\u00e4uten den Juni ein: Events in Berlin und Salzburg - JazzZeitung","isPartOf":{"@id":"https:\/\/www.jazzzeitung.de\/cms\/#website"},"primaryImageOfPage":{"@id":"https:\/\/www.jazzzeitung.de\/cms\/2016\/05\/zwei-festivals-laeuten-den-juni-ein-events-berlin-und-salzburg\/#primaryimage"},"image":{"@id":"https:\/\/www.jazzzeitung.de\/cms\/2016\/05\/zwei-festivals-laeuten-den-juni-ein-events-berlin-und-salzburg\/#primaryimage"},"thumbnailUrl":"http:\/\/www.jazzzeitung.de\/cms\/wp-content\/uploads\/2016\/05\/Fred-HerschcMartin-Zeman.jpg","datePublished":"2016-05-30T10:00:10+00:00","breadcrumb":{"@id":"https:\/\/www.jazzzeitung.de\/cms\/2016\/05\/zwei-festivals-laeuten-den-juni-ein-events-berlin-und-salzburg\/#breadcrumb"},"inLanguage":"de","potentialAction":[{"@type":"ReadAction","target":["https:\/\/www.jazzzeitung.de\/cms\/2016\/05\/zwei-festivals-laeuten-den-juni-ein-events-berlin-und-salzburg\/"]}]},{"@type":"ImageObject","inLanguage":"de","@id":"https:\/\/www.jazzzeitung.de\/cms\/2016\/05\/zwei-festivals-laeuten-den-juni-ein-events-berlin-und-salzburg\/#primaryimage","url":"http:\/\/www.jazzzeitung.de\/cms\/wp-content\/uploads\/2016\/05\/Fred-HerschcMartin-Zeman.jpg","contentUrl":"http:\/\/www.jazzzeitung.de\/cms\/wp-content\/uploads\/2016\/05\/Fred-HerschcMartin-Zeman.jpg"},{"@type":"BreadcrumbList","@id":"https:\/\/www.jazzzeitung.de\/cms\/2016\/05\/zwei-festivals-laeuten-den-juni-ein-events-berlin-und-salzburg\/#breadcrumb","itemListElement":[{"@type":"ListItem","position":1,"name":"Startseite","item":"https:\/\/www.jazzzeitung.de\/cms\/"},{"@type":"ListItem","position":2,"name":"Zwei Festivals l\u00e4uten den Juni ein: Events in Berlin und Salzburg"}]},{"@type":"WebSite","@id":"https:\/\/www.jazzzeitung.de\/cms\/#website","url":"https:\/\/www.jazzzeitung.de\/cms\/","name":"JazzZeitung","description":"Jazz-News und Jazz-Kontroverses","publisher":{"@id":"https:\/\/www.jazzzeitung.de\/cms\/#organization"},"potentialAction":[{"@type":"SearchAction","target":{"@type":"EntryPoint","urlTemplate":"https:\/\/www.jazzzeitung.de\/cms\/?s={search_term_string}"},"query-input":{"@type":"PropertyValueSpecification","valueRequired":true,"valueName":"search_term_string"}}],"inLanguage":"de"},{"@type":"Organization","@id":"https:\/\/www.jazzzeitung.de\/cms\/#organization","name":"JazzZeitung online","url":"https:\/\/www.jazzzeitung.de\/cms\/","logo":{"@type":"ImageObject","inLanguage":"de","@id":"https:\/\/www.jazzzeitung.de\/cms\/#\/schema\/logo\/image\/","url":"https:\/\/i0.wp.com\/www.jazzzeitung.de\/cms\/wp-content\/uploads\/2015\/08\/JAZZZEITUNGDE_Logo_Neu.png?fit=499%2C200&ssl=1","contentUrl":"https:\/\/i0.wp.com\/www.jazzzeitung.de\/cms\/wp-content\/uploads\/2015\/08\/JAZZZEITUNGDE_Logo_Neu.png?fit=499%2C200&ssl=1","width":499,"height":200,"caption":"JazzZeitung online"},"image":{"@id":"https:\/\/www.jazzzeitung.de\/cms\/#\/schema\/logo\/image\/"},"sameAs":["https:\/\/www.facebook.com\/JazzZeitung\/"]},{"@type":"Person","@id":"https:\/\/www.jazzzeitung.de\/cms\/#\/schema\/person\/2245b36b9cd1d24cea10f01c031fb92b","name":"Redaktion JazzZeitung","image":{"@type":"ImageObject","inLanguage":"de","@id":"https:\/\/i0.wp.com\/www.jazzzeitung.de\/cms\/wp-content\/uploads\/2015\/08\/JAZZZEITUNGDE_Logo_Neu.png?resize=96%2C96&ssl=159975dcacb611b5700bd619b5daf0a7a","url":"https:\/\/i0.wp.com\/www.jazzzeitung.de\/cms\/wp-content\/uploads\/2015\/08\/JAZZZEITUNGDE_Logo_Neu.png?resize=96%2C96&ssl=1","contentUrl":"https:\/\/i0.wp.com\/www.jazzzeitung.de\/cms\/wp-content\/uploads\/2015\/08\/JAZZZEITUNGDE_Logo_Neu.png?resize=96%2C96&ssl=1","caption":"Redaktion JazzZeitung"},"description":"Artikel der Redaktion der JazzZeitung.","sameAs":["http:\/\/www.jazzzeitung.de\/cms\/"],"url":"https:\/\/www.jazzzeitung.de\/cms\/author\/redaktion\/"}]}},"wp-worthy-pixel":{"ignored":false,"public":null,"server":null,"url":null},"wp-worthy-type":"normal","jetpack_publicize_connections":[],"cc_featured_image_caption":{"caption_text":false,"source_text":false,"source_url":false},"jetpack_featured_media_url":"","jetpack_shortlink":"https:\/\/wp.me\/p3KEcT-2rR","jetpack-related-posts":[{"id":6175,"url":"https:\/\/www.jazzzeitung.de\/cms\/2015\/05\/veranstaltungstipp-berlin-festival-jazzdor-vom-2-bis-5-juni\/","url_meta":{"origin":9415,"position":0},"title":"Veranstaltungstipp Berlin: Festival Jazzdor vom 2. bis 5. Juni","author":"Redaktion JazzZeitung","date":"18. Mai 2015","format":false,"excerpt":"Das Festival Jazzdor Berlin feiert vom 2. bis 5. Juni 2015 seine 9. Ausgabe und pr\u00e4sentiert erneut eine erlesene Auswahl aus bekannten Namen und Neuentdeckungen der deutsch-franz\u00f6sischen Jazzszene im Kesselhaus der Kulturbrauerei in Berlin. Er\u00f6ffnet wird das Festival gleich mit der Premiere \u201eThree Roads Home\u201c des neuformierten Trios des Berliner\u2026","rel":"","context":"In &quot;News&quot;","block_context":{"text":"News","link":"https:\/\/www.jazzzeitung.de\/cms\/thema\/nachrichten\/"},"img":{"alt_text":"03.06. Donkey_Monkey_\u00a9_Pauline_R\u00fchr_Saur","src":"https:\/\/i0.wp.com\/www.jazzzeitung.de\/cms\/wp-content\/uploads\/2015\/05\/03.06.-Donkey_Monkey_%C2%A9_Pauline_R%C3%BChr_Saur-150x150.jpg?resize=350%2C200","width":350,"height":200},"classes":[]},{"id":12029,"url":"https:\/\/www.jazzzeitung.de\/cms\/2017\/03\/isabella-lundgren-statt-camille-osullivan-bei-jazzopen-in-stuttgart\/","url_meta":{"origin":9415,"position":1},"title":"+++Julia H\u00fclsmann auf Deutschland-Tour+++Deutsch-franz\u00f6sischer Jazz-Gipfel+++Isabella Lundgren statt Camille O\u2018Sullivan bei jazzopen in Stuttgart","author":"Redaktion JazzZeitung","date":"30. M\u00e4rz 2017","format":false,"excerpt":"+++Julia H\u00fclsmann in der Unterfahrt und anderswo+++ Am 06.04.2017 um 21:00h gastiert Julia H\u00fclsmann mit ihrem Trio in der M\u00fcnchner Unterfahrt und pr\u00e4sentiert ihr aktuelles, gerade auf ECM erschienenes Album \u201eSooner Or Later\u201c. Nach \u201cEnd of Summer\u201c sowie dem Folgealbum \u201eImprint\u201c folgten zwei Quartett-Aufnahmen, jeweils mit dem Trompeter Tom Arthurs\u2026","rel":"","context":"In &quot;News&quot;","block_context":{"text":"News","link":"https:\/\/www.jazzzeitung.de\/cms\/thema\/nachrichten\/"},"img":{"alt_text":"","src":"https:\/\/i0.wp.com\/www.jazzzeitung.de\/cms\/wp-content\/uploads\/2017\/03\/P1120001-H%C3%BClsmann-Foto-TJ-Krebs-150x150.jpg?resize=350%2C200","width":350,"height":200},"classes":[]},{"id":19292,"url":"https:\/\/www.jazzzeitung.de\/cms\/2019\/04\/news-32-jazzfest-rottweil-startet-naechste-woche-13-festival-jazzdor-berlin-im-juni-wolfgang-haffner-bei-hildener-jazztagen\/","url_meta":{"origin":9415,"position":2},"title":"+++ news +++ 32. Jazzfest Rottweil startet n\u00e4chste Woche +++ 13. Festival Jazzdor Berlin im Juni +++ Wolfgang Haffner bei Hildener Jazztagen +++","author":"Redaktion JazzZeitung","date":"25. April 2019","format":false,"excerpt":"Nur noch knapp eine Woche - dann startet das 32. Jazzfest Rottweil 2019. Den traditionellen Auftakt bildet am 30. April die gro\u00dfe Musiknacht Jazz in Town. Genau 40 Live-Acts werden ab 17.00 Uhr auf der B\u00fchne Obere Hauptstra\u00dfe und abends in 36 Lokalit\u00e4ten die gesamte Innenstadt Rottweils bespielen. Das Jazzfest\u2026","rel":"","context":"In &quot;News&quot;","block_context":{"text":"News","link":"https:\/\/www.jazzzeitung.de\/cms\/thema\/nachrichten\/"},"img":{"alt_text":"","src":"https:\/\/i0.wp.com\/www.jazzzeitung.de\/cms\/wp-content\/uploads\/2019\/04\/Wolfgang-Haffner-1-photo-by-Antje-Wiech-kl-1.jpg?fit=1200%2C799&ssl=1&resize=350%2C200","width":350,"height":200,"srcset":"https:\/\/i0.wp.com\/www.jazzzeitung.de\/cms\/wp-content\/uploads\/2019\/04\/Wolfgang-Haffner-1-photo-by-Antje-Wiech-kl-1.jpg?fit=1200%2C799&ssl=1&resize=350%2C200 1x, https:\/\/i0.wp.com\/www.jazzzeitung.de\/cms\/wp-content\/uploads\/2019\/04\/Wolfgang-Haffner-1-photo-by-Antje-Wiech-kl-1.jpg?fit=1200%2C799&ssl=1&resize=525%2C300 1.5x, https:\/\/i0.wp.com\/www.jazzzeitung.de\/cms\/wp-content\/uploads\/2019\/04\/Wolfgang-Haffner-1-photo-by-Antje-Wiech-kl-1.jpg?fit=1200%2C799&ssl=1&resize=700%2C400 2x, https:\/\/i0.wp.com\/www.jazzzeitung.de\/cms\/wp-content\/uploads\/2019\/04\/Wolfgang-Haffner-1-photo-by-Antje-Wiech-kl-1.jpg?fit=1200%2C799&ssl=1&resize=1050%2C600 3x"},"classes":[]},{"id":28211,"url":"https:\/\/www.jazzzeitung.de\/cms\/2022\/08\/clarinet-bird-zum-tode-von-rolf-kuehn\/","url_meta":{"origin":9415,"position":3},"title":"\u201eClarinet Bird\u201c \u2013 Zum Tode von Rolf K\u00fchn","author":"Dietrich Schlegel","date":"22. August 2022","format":false,"excerpt":"Die Jazzwelt weit \u00fcber die deutsche Szene hinaus trauert um Rolf K\u00fchn, Klarinettist von internationalem Ruf, Komponist und Arrangeur, Bandleader sowie Musical Director. Er starb in der Nacht zum Freitag, dem 19. August, in seinem Wohnort Berlin nach vergeblicher Operation infolge eines Sturzes. Er w\u00e4re am 29. September 93 Jahre\u2026","rel":"","context":"In &quot;News&quot;","block_context":{"text":"News","link":"https:\/\/www.jazzzeitung.de\/cms\/thema\/nachrichten\/"},"img":{"alt_text":"","src":"https:\/\/i0.wp.com\/www.jazzzeitung.de\/cms\/wp-content\/uploads\/2022\/08\/huf-cmyk-np-2016-11-Joachim-Rolf-KuehnFotovanLoon845-1.jpg?fit=1200%2C800&ssl=1&resize=350%2C200","width":350,"height":200,"srcset":"https:\/\/i0.wp.com\/www.jazzzeitung.de\/cms\/wp-content\/uploads\/2022\/08\/huf-cmyk-np-2016-11-Joachim-Rolf-KuehnFotovanLoon845-1.jpg?fit=1200%2C800&ssl=1&resize=350%2C200 1x, https:\/\/i0.wp.com\/www.jazzzeitung.de\/cms\/wp-content\/uploads\/2022\/08\/huf-cmyk-np-2016-11-Joachim-Rolf-KuehnFotovanLoon845-1.jpg?fit=1200%2C800&ssl=1&resize=525%2C300 1.5x, https:\/\/i0.wp.com\/www.jazzzeitung.de\/cms\/wp-content\/uploads\/2022\/08\/huf-cmyk-np-2016-11-Joachim-Rolf-KuehnFotovanLoon845-1.jpg?fit=1200%2C800&ssl=1&resize=700%2C400 2x, https:\/\/i0.wp.com\/www.jazzzeitung.de\/cms\/wp-content\/uploads\/2022\/08\/huf-cmyk-np-2016-11-Joachim-Rolf-KuehnFotovanLoon845-1.jpg?fit=1200%2C800&ssl=1&resize=1050%2C600 3x"},"classes":[]},{"id":3758,"url":"https:\/\/www.jazzzeitung.de\/cms\/2014\/04\/joachim-kuehn-portraet-und-auftritt-im-leeren-beutel\/","url_meta":{"origin":9415,"position":4},"title":"Joachim K\u00fchn: Portr\u00e4t und Auftritt im Leeren Beutel","author":"Redaktion JazzZeitung","date":"17. April 2014","format":false,"excerpt":"Unten stehendes Portrait von Ssirus W. Pakazd erschien zuerst in der Printausgabe 2-14. Am 15. April gastierte Joachim K\u00fchn im Leeren Beutel in Regensburg. Juan Martin Koch fotografierte. In Trance: Joachim K\u00fchn feierte seinen 70. Geburtstag - von Ssirus W. Pakzad: Seinen 70. Geburtstag hat Joachim K\u00fchn in einem Berliner\u2026","rel":"","context":"In &quot;JazzZeitung (print)&quot;","block_context":{"text":"JazzZeitung (print)","link":"https:\/\/www.jazzzeitung.de\/cms\/thema\/archiv\/jazzzeitung-print\/"},"img":{"alt_text":"Joachim K\u00fchn 2014 web (c) Juan Martin Koch","src":"https:\/\/i0.wp.com\/www.jazzzeitung.de\/cms\/wp-content\/uploads\/2014\/04\/Joachim-K%C3%BChn-2014-web-c-Juan-Martin-Koch.jpg?fit=929%2C622&ssl=1&resize=350%2C200","width":350,"height":200,"srcset":"https:\/\/i0.wp.com\/www.jazzzeitung.de\/cms\/wp-content\/uploads\/2014\/04\/Joachim-K%C3%BChn-2014-web-c-Juan-Martin-Koch.jpg?fit=929%2C622&ssl=1&resize=350%2C200 1x, https:\/\/i0.wp.com\/www.jazzzeitung.de\/cms\/wp-content\/uploads\/2014\/04\/Joachim-K%C3%BChn-2014-web-c-Juan-Martin-Koch.jpg?fit=929%2C622&ssl=1&resize=525%2C300 1.5x, https:\/\/i0.wp.com\/www.jazzzeitung.de\/cms\/wp-content\/uploads\/2014\/04\/Joachim-K%C3%BChn-2014-web-c-Juan-Martin-Koch.jpg?fit=929%2C622&ssl=1&resize=700%2C400 2x"},"classes":[]},{"id":31839,"url":"https:\/\/www.jazzzeitung.de\/cms\/2024\/11\/zeiten-und-welten-verbinden-mit-toenen-das-jazzfest-berlin-feierte-60-jaehriges-bestehen\/","url_meta":{"origin":9415,"position":5},"title":"Zeiten und Welten verbinden mit T\u00f6nen: Das Jazzfest Berlin feierte 60-j\u00e4hriges Bestehen","author":"Redaktion JazzZeitung","date":"6. November 2024","format":false,"excerpt":"Auch so kann man feiern: Hochklassige Konzerte und Jazzprojekte mit Kindern schauten nicht nur in die Vergangenheit, sondern auch in die Zukunft. Ein \u201eResearch Lab\u201c arbeitete die Geschichte wissenschaftlich auf. Und die T\u00f6ne wetterleuchteten in allen Farben. \u201eStill Digging\u201c hie\u00df das Motto beim Jazzfest Berlin 2024, erg\u00e4nzt durch die Formel\u2026","rel":"","context":"In &quot;Bericht&quot;","block_context":{"text":"Bericht","link":"https:\/\/www.jazzzeitung.de\/cms\/thema\/bericht\/"},"img":{"alt_text":"","src":"https:\/\/i0.wp.com\/www.jazzzeitung.de\/cms\/wp-content\/uploads\/2024\/11\/JFB2024_Berliner-Festspiele_33487_jfb24_otomo_yoshihide_special_bigband_c_soshi_setani-2-scaled.jpeg?fit=1200%2C797&ssl=1&resize=350%2C200","width":350,"height":200,"srcset":"https:\/\/i0.wp.com\/www.jazzzeitung.de\/cms\/wp-content\/uploads\/2024\/11\/JFB2024_Berliner-Festspiele_33487_jfb24_otomo_yoshihide_special_bigband_c_soshi_setani-2-scaled.jpeg?fit=1200%2C797&ssl=1&resize=350%2C200 1x, https:\/\/i0.wp.com\/www.jazzzeitung.de\/cms\/wp-content\/uploads\/2024\/11\/JFB2024_Berliner-Festspiele_33487_jfb24_otomo_yoshihide_special_bigband_c_soshi_setani-2-scaled.jpeg?fit=1200%2C797&ssl=1&resize=525%2C300 1.5x, https:\/\/i0.wp.com\/www.jazzzeitung.de\/cms\/wp-content\/uploads\/2024\/11\/JFB2024_Berliner-Festspiele_33487_jfb24_otomo_yoshihide_special_bigband_c_soshi_setani-2-scaled.jpeg?fit=1200%2C797&ssl=1&resize=700%2C400 2x, https:\/\/i0.wp.com\/www.jazzzeitung.de\/cms\/wp-content\/uploads\/2024\/11\/JFB2024_Berliner-Festspiele_33487_jfb24_otomo_yoshihide_special_bigband_c_soshi_setani-2-scaled.jpeg?fit=1200%2C797&ssl=1&resize=1050%2C600 3x"},"classes":[]}],"jetpack_sharing_enabled":true,"_links":{"self":[{"href":"https:\/\/www.jazzzeitung.de\/cms\/wp-json\/wp\/v2\/posts\/9415","targetHints":{"allow":["GET"]}}],"collection":[{"href":"https:\/\/www.jazzzeitung.de\/cms\/wp-json\/wp\/v2\/posts"}],"about":[{"href":"https:\/\/www.jazzzeitung.de\/cms\/wp-json\/wp\/v2\/types\/post"}],"author":[{"embeddable":true,"href":"https:\/\/www.jazzzeitung.de\/cms\/wp-json\/wp\/v2\/users\/18"}],"replies":[{"embeddable":true,"href":"https:\/\/www.jazzzeitung.de\/cms\/wp-json\/wp\/v2\/comments?post=9415"}],"version-history":[{"count":5,"href":"https:\/\/www.jazzzeitung.de\/cms\/wp-json\/wp\/v2\/posts\/9415\/revisions"}],"predecessor-version":[{"id":9428,"href":"https:\/\/www.jazzzeitung.de\/cms\/wp-json\/wp\/v2\/posts\/9415\/revisions\/9428"}],"wp:attachment":[{"href":"https:\/\/www.jazzzeitung.de\/cms\/wp-json\/wp\/v2\/media?parent=9415"}],"wp:term":[{"taxonomy":"category","embeddable":true,"href":"https:\/\/www.jazzzeitung.de\/cms\/wp-json\/wp\/v2\/categories?post=9415"},{"taxonomy":"post_tag","embeddable":true,"href":"https:\/\/www.jazzzeitung.de\/cms\/wp-json\/wp\/v2\/tags?post=9415"},{"taxonomy":"author","embeddable":true,"href":"https:\/\/www.jazzzeitung.de\/cms\/wp-json\/wp\/v2\/coauthors?post=9415"}],"curies":[{"name":"wp","href":"https:\/\/api.w.org\/{rel}","templated":true}]}}