{"id":9381,"date":"2016-05-24T09:00:38","date_gmt":"2016-05-24T07:00:38","guid":{"rendered":"http:\/\/www.jazzzeitung.de\/cms\/?p=9381"},"modified":"2016-05-23T16:03:54","modified_gmt":"2016-05-23T14:03:54","slug":"news-adam-baldych-imaginary-quartet-groebenzell-und-starnberg-kartenvorverkauf-fuer-die-jazz-essen-saison-20162017-beginnt-tom-gaebel-wird-musikpate","status":"publish","type":"post","link":"https:\/\/www.jazzzeitung.de\/cms\/2016\/05\/news-adam-baldych-imaginary-quartet-groebenzell-und-starnberg-kartenvorverkauf-fuer-die-jazz-essen-saison-20162017-beginnt-tom-gaebel-wird-musikpate\/","title":{"rendered":"+++ News: +++ Adam Ba\u0142dych Imaginary Quartet in Gr\u00f6benzell und Starnberg +++ Kartenvorverkauf f\u00fcr die \u201eJazz in Essen\u201c-Saison 2016\/2017 beginnt +++ Tom Gaebel wird Musikpate +++"},"content":{"rendered":"<figure id=\"attachment_9385\" aria-describedby=\"caption-attachment-9385\" style=\"width: 190px\" class=\"wp-caption alignleft\"><a href=\"https:\/\/i0.wp.com\/www.jazzzeitung.de\/cms\/wp-content\/uploads\/2016\/05\/adam-baldych.jpg\"><img data-recalc-dims=\"1\" loading=\"lazy\" decoding=\"async\" data-attachment-id=\"9385\" data-permalink=\"https:\/\/www.jazzzeitung.de\/cms\/2016\/05\/news-adam-baldych-imaginary-quartet-groebenzell-und-starnberg-kartenvorverkauf-fuer-die-jazz-essen-saison-20162017-beginnt-tom-gaebel-wird-musikpate\/adam-baldych\/\" data-orig-file=\"https:\/\/i0.wp.com\/www.jazzzeitung.de\/cms\/wp-content\/uploads\/2016\/05\/adam-baldych.jpg?fit=3400%2C2246&amp;ssl=1\" data-orig-size=\"3400,2246\" data-comments-opened=\"1\" data-image-meta=\"{&quot;aperture&quot;:&quot;0&quot;,&quot;credit&quot;:&quot;&quot;,&quot;camera&quot;:&quot;&quot;,&quot;caption&quot;:&quot;&quot;,&quot;created_timestamp&quot;:&quot;0&quot;,&quot;copyright&quot;:&quot;&quot;,&quot;focal_length&quot;:&quot;0&quot;,&quot;iso&quot;:&quot;0&quot;,&quot;shutter_speed&quot;:&quot;0&quot;,&quot;title&quot;:&quot;&quot;,&quot;orientation&quot;:&quot;0&quot;}\" data-image-title=\"adam baldych\" data-image-description=\"\" data-image-caption=\"\" data-large-file=\"https:\/\/i0.wp.com\/www.jazzzeitung.de\/cms\/wp-content\/uploads\/2016\/05\/adam-baldych.jpg?fit=840%2C555&amp;ssl=1\" class=\"wp-image-9385\" src=\"https:\/\/i0.wp.com\/www.jazzzeitung.de\/cms\/wp-content\/uploads\/2016\/05\/adam-baldych.jpg?resize=190%2C125\" width=\"190\" height=\"125\" srcset=\"https:\/\/i0.wp.com\/www.jazzzeitung.de\/cms\/wp-content\/uploads\/2016\/05\/adam-baldych.jpg?w=3400&amp;ssl=1 3400w, https:\/\/i0.wp.com\/www.jazzzeitung.de\/cms\/wp-content\/uploads\/2016\/05\/adam-baldych.jpg?resize=300%2C198&amp;ssl=1 300w, https:\/\/i0.wp.com\/www.jazzzeitung.de\/cms\/wp-content\/uploads\/2016\/05\/adam-baldych.jpg?resize=768%2C507&amp;ssl=1 768w, https:\/\/i0.wp.com\/www.jazzzeitung.de\/cms\/wp-content\/uploads\/2016\/05\/adam-baldych.jpg?resize=900%2C595&amp;ssl=1 900w, https:\/\/i0.wp.com\/www.jazzzeitung.de\/cms\/wp-content\/uploads\/2016\/05\/adam-baldych.jpg?w=1680&amp;ssl=1 1680w, https:\/\/i0.wp.com\/www.jazzzeitung.de\/cms\/wp-content\/uploads\/2016\/05\/adam-baldych.jpg?w=2520&amp;ssl=1 2520w\" sizes=\"auto, (max-width: 190px) 100vw, 190px\" \/><\/a><figcaption id=\"caption-attachment-9385\" class=\"wp-caption-text\">Geschmackvolle Jazzt\u00f6ne von Adam Baldych erfreut den Freistaat!<\/figcaption><\/figure>\n<p style=\"text-align: left;\"><strong>Der polnische Star-Jazzgeiger Adam Ba\u0142dych kommt nach Bayern <\/strong><\/p>\n<p style=\"text-align: left;\">Am 2. Juni tritt er zuerst mit seiner Band, dem &#8222;Adam Ba\u0142dych Imaginary Quartet&#8220; in Gr\u00f6benzell auf. Tags drauf kann man sie in Starnberg im\u00a0 gro\u00dfen Saal der Schlossberghalle sehen und h\u00f6ren.<\/p>\n<p>Der 1986-geborene polnische Jazzer tourt immer wieder durch Europa, Amerika und Asien und macht nun, mit den besten Jazzmusikern die Polen zu bieten hat, in Bayern halt. Seine Band, bestehend aus Pawe\u0142 Tomaszewski am Piano, Micha\u0142 Kapczuk am Kontrabass und Pawe\u0142 Dobrowolski an den Drums, graduierten allesamt an der Karol Szymanowski Musikakademie in Katowice und erspielten sich bereits national und international einen Namen.<\/p>\n<p>Baldych, der von FAZ-Autor Ulrich Olshausen als \u201eZweifellos gr\u00f6\u00dften lebenden Geigentechniker des Jazz&#8220; geadelt wurde, absolvierte sein Jazzstudium an der Musikakademie Katowice und schloss dort mit Auszeichnung ab. Daraufhin erhielt er ein Stipendium f\u00fcr das Berklee College of Music in Boston.<\/p>\n<p>Tickets gibt es auf <a href=\"http:\/\/www.kultur-ticketshop.de\">www.kultur-ticketshop.de<\/a>. Am Abend des 3. Juni spielen sie im Rahmen von &#8222;All that Jazz @ Starnberg&#8220; . Tickets gibt es unter <a href=\"http:\/\/www.all-that-jazz-starnberg.de\">www.all-that-jazz-starnberg.de<\/a> und <a href=\"http:\/\/www.muenchenticket.de\">www.muenchenticket.de<\/a>.<\/p>\n<p>&nbsp;<\/p>\n<p><strong>Der Kartenvorverkauf f\u00fcr die \u201eJazz in Essen\u201c-Saison 2016\/2017 beginnt am 1. Juni<\/strong><\/p>\n<p>Bereits seit 1992 ist das Schauspielhaus im Herzen Essens auch das Zuhause einer renommierten Jazz-Reihe: Unter dem Label \u201eJazz in Essen\u201c steht die, diesmal aus f\u00fcnf Konzerten bestehende Saison, f\u00fcr Qualit\u00e4tsjazz mit Tradition. Seit 2012 beginnt die jazzige Spielzeit jeweils mit der Verleihung des Essener \u201eJazz Pott\u201c \u2013 einem Preis f\u00fcr innovative Jazzmusiker.<\/p>\n<p>Der Kartenvorverkauf f\u00fcr alle \u201eJazz in Essen\u201c-Konzerte der kommenden Saison beginnt am 1. Juni 2016: TicketCenter, Tel.: 0201\/81 22-200, oder <a href=\"mailto:tickets@theater-essen.de\">tickets@theater-essen.de<\/a> sowie online \u00fcber <a href=\"http:\/\/www.schauspiel-essen.de\">www.schauspiel-essen.de<\/a>.<\/p>\n<p>&nbsp;<\/p>\n<p><strong>Musiker Tom Gaebel unterst\u00fctzt als Musikpate die Initiative Deutschland macht Musik \u2013 spiel mit!<\/strong><\/p>\n<p>Tom Gaebel ist der zweite Musikpate f\u00fcr <a href=\"http:\/\/www.deutschland-macht-musik.eu\/aktionstag\/\">&#8222;Deutschland macht Musik \u2013 spiel mit!&#8220;<\/a> und unterst\u00fctzt als Botschafter die Initiative. Die Initiatoren und Kooperationspartner wollen mit ihrem ersten bundesweiten Aktionstag am 18. Juni 2016 Jung und Alt f\u00fcr Musikinstrumente begeistern. Prominente Musiker und Instrumentalisten stehen dabei Pate.<\/p>\n","protected":false},"excerpt":{"rendered":"<p>Der polnische Star-Jazzgeiger Adam Ba\u0142dych kommt nach Bayern Am 2. Juni tritt er zuerst mit seiner Band, dem &#8222;Adam Ba\u0142dych Imaginary Quartet&#8220; in Gr\u00f6benzell auf. Tags drauf kann man sie in Starnberg im\u00a0 gro\u00dfen Saal der Schlossberghalle sehen und h\u00f6ren. Der 1986-geborene polnische Jazzer tourt immer wieder durch Europa, Amerika und Asien und macht nun, mit den besten Jazzmusikern die Polen zu bieten hat, in Bayern halt. Seine Band, bestehend aus Pawe\u0142 Tomaszewski am Piano, Micha\u0142 Kapczuk am Kontrabass und Pawe\u0142 Dobrowolski an den Drums, graduierten allesamt an der Karol Szymanowski Musikakademie in Katowice und erspielten sich bereits national und international einen Namen. Baldych, der von FAZ-Autor Ulrich Olshausen als \u201eZweifellos gr\u00f6\u00dften lebenden Geigentechniker des Jazz&#8220; geadelt wurde, absolvierte sein Jazzstudium an der Musikakademie Katowice und schloss dort mit Auszeichnung ab. Daraufhin erhielt er ein Stipendium f\u00fcr das Berklee College of Music in Boston. Tickets gibt es auf www.kultur-ticketshop.de. Am Abend des 3. Juni spielen sie im Rahmen von &#8222;All that Jazz @ Starnberg&#8220; . Tickets gibt es unter www.all-that-jazz-starnberg.de und www.muenchenticket.de. &nbsp; Der Kartenvorverkauf f\u00fcr die \u201eJazz in Essen\u201c-Saison 2016\/2017 beginnt am 1. Juni &hellip;<\/p>\n","protected":false},"author":18,"featured_media":0,"comment_status":"open","ping_status":"closed","sticky":false,"template":"","format":"standard","meta":{"_jetpack_memberships_contains_paid_content":false,"footnotes":"","jetpack_publicize_message":"","jetpack_publicize_feature_enabled":true,"jetpack_social_post_already_shared":false,"jetpack_social_options":{"image_generator_settings":{"template":"highway","default_image_id":0,"font":"","enabled":false},"version":2}},"categories":[633],"tags":[137,691,172,690,281,1247,323,327,339,442,548,555],"coauthors":[695],"class_list":["post-9381","post","type-post","status-publish","format-standard","hentry","category-nachrichten","tag-deutschland","tag-essen","tag-faz","tag-jazz-pott","tag-jazzmusiker","tag-kalender","tag-konzerte","tag-kultur","tag-label","tag-piano","tag-tickets","tag-tom-gaebel"],"yoast_head":"<!-- This site is optimized with the Yoast SEO plugin v27.5 - https:\/\/yoast.com\/product\/yoast-seo-wordpress\/ -->\n<title>+++ News: +++ Adam Ba\u0142dych Imaginary Quartet in Gr\u00f6benzell und Starnberg +++ Kartenvorverkauf f\u00fcr die \u201eJazz in Essen\u201c-Saison 2016\/2017 beginnt +++ Tom Gaebel wird Musikpate +++ - JazzZeitung<\/title>\n<meta name=\"robots\" content=\"index, follow, max-snippet:-1, max-image-preview:large, max-video-preview:-1\" \/>\n<link rel=\"canonical\" href=\"https:\/\/www.jazzzeitung.de\/cms\/2016\/05\/news-adam-baldych-imaginary-quartet-groebenzell-und-starnberg-kartenvorverkauf-fuer-die-jazz-essen-saison-20162017-beginnt-tom-gaebel-wird-musikpate\/\" \/>\n<meta property=\"og:locale\" content=\"de_DE\" \/>\n<meta property=\"og:type\" content=\"article\" \/>\n<meta property=\"og:title\" content=\"+++ News: +++ Adam Ba\u0142dych Imaginary Quartet in Gr\u00f6benzell und Starnberg +++ Kartenvorverkauf f\u00fcr die \u201eJazz in Essen\u201c-Saison 2016\/2017 beginnt +++ Tom Gaebel wird Musikpate +++ - JazzZeitung\" \/>\n<meta property=\"og:description\" content=\"Der polnische Star-Jazzgeiger Adam Ba\u0142dych kommt nach Bayern Am 2. Juni tritt er zuerst mit seiner Band, dem &#8222;Adam Ba\u0142dych Imaginary Quartet&#8220; in Gr\u00f6benzell auf. Tags drauf kann man sie in Starnberg im\u00a0 gro\u00dfen Saal der Schlossberghalle sehen und h\u00f6ren. Der 1986-geborene polnische Jazzer tourt immer wieder durch Europa, Amerika und Asien und macht nun, mit den besten Jazzmusikern die Polen zu bieten hat, in Bayern halt. Seine Band, bestehend aus Pawe\u0142 Tomaszewski am Piano, Micha\u0142 Kapczuk am Kontrabass und Pawe\u0142 Dobrowolski an den Drums, graduierten allesamt an der Karol Szymanowski Musikakademie in Katowice und erspielten sich bereits national und international einen Namen. Baldych, der von FAZ-Autor Ulrich Olshausen als \u201eZweifellos gr\u00f6\u00dften lebenden Geigentechniker des Jazz&#8220; geadelt wurde, absolvierte sein Jazzstudium an der Musikakademie Katowice und schloss dort mit Auszeichnung ab. Daraufhin erhielt er ein Stipendium f\u00fcr das Berklee College of Music in Boston. Tickets gibt es auf www.kultur-ticketshop.de. Am Abend des 3. Juni spielen sie im Rahmen von &#8222;All that Jazz @ Starnberg&#8220; . Tickets gibt es unter www.all-that-jazz-starnberg.de und www.muenchenticket.de. &nbsp; Der Kartenvorverkauf f\u00fcr die \u201eJazz in Essen\u201c-Saison 2016\/2017 beginnt am 1. Juni &hellip;\" \/>\n<meta property=\"og:url\" content=\"https:\/\/www.jazzzeitung.de\/cms\/2016\/05\/news-adam-baldych-imaginary-quartet-groebenzell-und-starnberg-kartenvorverkauf-fuer-die-jazz-essen-saison-20162017-beginnt-tom-gaebel-wird-musikpate\/\" \/>\n<meta property=\"og:site_name\" content=\"JazzZeitung\" \/>\n<meta property=\"article:publisher\" content=\"https:\/\/www.facebook.com\/JazzZeitung\/\" \/>\n<meta property=\"article:published_time\" content=\"2016-05-24T07:00:38+00:00\" \/>\n<meta property=\"og:image\" content=\"http:\/\/www.jazzzeitung.de\/cms\/wp-content\/uploads\/2016\/05\/adam-baldych.jpg\" \/>\n<meta name=\"author\" content=\"Redaktion JazzZeitung\" \/>\n<script type=\"application\/ld+json\" class=\"yoast-schema-graph\">{\"@context\":\"https:\\\/\\\/schema.org\",\"@graph\":[{\"@type\":\"Article\",\"@id\":\"https:\\\/\\\/www.jazzzeitung.de\\\/cms\\\/2016\\\/05\\\/news-adam-baldych-imaginary-quartet-groebenzell-und-starnberg-kartenvorverkauf-fuer-die-jazz-essen-saison-20162017-beginnt-tom-gaebel-wird-musikpate\\\/#article\",\"isPartOf\":{\"@id\":\"https:\\\/\\\/www.jazzzeitung.de\\\/cms\\\/2016\\\/05\\\/news-adam-baldych-imaginary-quartet-groebenzell-und-starnberg-kartenvorverkauf-fuer-die-jazz-essen-saison-20162017-beginnt-tom-gaebel-wird-musikpate\\\/\"},\"author\":{\"name\":\"Redaktion JazzZeitung\",\"@id\":\"https:\\\/\\\/www.jazzzeitung.de\\\/cms\\\/#\\\/schema\\\/person\\\/2245b36b9cd1d24cea10f01c031fb92b\"},\"headline\":\"+++ News: +++ Adam Ba\u0142dych Imaginary Quartet in Gr\u00f6benzell und Starnberg +++ Kartenvorverkauf f\u00fcr die \u201eJazz in Essen\u201c-Saison 2016\\\/2017 beginnt +++ Tom Gaebel wird Musikpate +++\",\"datePublished\":\"2016-05-24T07:00:38+00:00\",\"mainEntityOfPage\":{\"@id\":\"https:\\\/\\\/www.jazzzeitung.de\\\/cms\\\/2016\\\/05\\\/news-adam-baldych-imaginary-quartet-groebenzell-und-starnberg-kartenvorverkauf-fuer-die-jazz-essen-saison-20162017-beginnt-tom-gaebel-wird-musikpate\\\/\"},\"wordCount\":377,\"commentCount\":0,\"publisher\":{\"@id\":\"https:\\\/\\\/www.jazzzeitung.de\\\/cms\\\/#organization\"},\"image\":{\"@id\":\"https:\\\/\\\/www.jazzzeitung.de\\\/cms\\\/2016\\\/05\\\/news-adam-baldych-imaginary-quartet-groebenzell-und-starnberg-kartenvorverkauf-fuer-die-jazz-essen-saison-20162017-beginnt-tom-gaebel-wird-musikpate\\\/#primaryimage\"},\"thumbnailUrl\":\"http:\\\/\\\/www.jazzzeitung.de\\\/cms\\\/wp-content\\\/uploads\\\/2016\\\/05\\\/adam-baldych.jpg\",\"keywords\":[\"Deutschland\",\"Essen\",\"faz\",\"Jazz Pott\",\"Jazzmusiker\",\"Kalender\",\"Konzerte\",\"Kultur\",\"Label\",\"Piano\",\"Tickets\",\"Tom Gaebel\"],\"articleSection\":[\"News\"],\"inLanguage\":\"de\",\"potentialAction\":[{\"@type\":\"CommentAction\",\"name\":\"Comment\",\"target\":[\"https:\\\/\\\/www.jazzzeitung.de\\\/cms\\\/2016\\\/05\\\/news-adam-baldych-imaginary-quartet-groebenzell-und-starnberg-kartenvorverkauf-fuer-die-jazz-essen-saison-20162017-beginnt-tom-gaebel-wird-musikpate\\\/#respond\"]}]},{\"@type\":\"WebPage\",\"@id\":\"https:\\\/\\\/www.jazzzeitung.de\\\/cms\\\/2016\\\/05\\\/news-adam-baldych-imaginary-quartet-groebenzell-und-starnberg-kartenvorverkauf-fuer-die-jazz-essen-saison-20162017-beginnt-tom-gaebel-wird-musikpate\\\/\",\"url\":\"https:\\\/\\\/www.jazzzeitung.de\\\/cms\\\/2016\\\/05\\\/news-adam-baldych-imaginary-quartet-groebenzell-und-starnberg-kartenvorverkauf-fuer-die-jazz-essen-saison-20162017-beginnt-tom-gaebel-wird-musikpate\\\/\",\"name\":\"+++ News: +++ Adam Ba\u0142dych Imaginary Quartet in Gr\u00f6benzell und Starnberg +++ Kartenvorverkauf f\u00fcr die \u201eJazz in Essen\u201c-Saison 2016\\\/2017 beginnt +++ Tom Gaebel wird Musikpate +++ - JazzZeitung\",\"isPartOf\":{\"@id\":\"https:\\\/\\\/www.jazzzeitung.de\\\/cms\\\/#website\"},\"primaryImageOfPage\":{\"@id\":\"https:\\\/\\\/www.jazzzeitung.de\\\/cms\\\/2016\\\/05\\\/news-adam-baldych-imaginary-quartet-groebenzell-und-starnberg-kartenvorverkauf-fuer-die-jazz-essen-saison-20162017-beginnt-tom-gaebel-wird-musikpate\\\/#primaryimage\"},\"image\":{\"@id\":\"https:\\\/\\\/www.jazzzeitung.de\\\/cms\\\/2016\\\/05\\\/news-adam-baldych-imaginary-quartet-groebenzell-und-starnberg-kartenvorverkauf-fuer-die-jazz-essen-saison-20162017-beginnt-tom-gaebel-wird-musikpate\\\/#primaryimage\"},\"thumbnailUrl\":\"http:\\\/\\\/www.jazzzeitung.de\\\/cms\\\/wp-content\\\/uploads\\\/2016\\\/05\\\/adam-baldych.jpg\",\"datePublished\":\"2016-05-24T07:00:38+00:00\",\"breadcrumb\":{\"@id\":\"https:\\\/\\\/www.jazzzeitung.de\\\/cms\\\/2016\\\/05\\\/news-adam-baldych-imaginary-quartet-groebenzell-und-starnberg-kartenvorverkauf-fuer-die-jazz-essen-saison-20162017-beginnt-tom-gaebel-wird-musikpate\\\/#breadcrumb\"},\"inLanguage\":\"de\",\"potentialAction\":[{\"@type\":\"ReadAction\",\"target\":[\"https:\\\/\\\/www.jazzzeitung.de\\\/cms\\\/2016\\\/05\\\/news-adam-baldych-imaginary-quartet-groebenzell-und-starnberg-kartenvorverkauf-fuer-die-jazz-essen-saison-20162017-beginnt-tom-gaebel-wird-musikpate\\\/\"]}]},{\"@type\":\"ImageObject\",\"inLanguage\":\"de\",\"@id\":\"https:\\\/\\\/www.jazzzeitung.de\\\/cms\\\/2016\\\/05\\\/news-adam-baldych-imaginary-quartet-groebenzell-und-starnberg-kartenvorverkauf-fuer-die-jazz-essen-saison-20162017-beginnt-tom-gaebel-wird-musikpate\\\/#primaryimage\",\"url\":\"http:\\\/\\\/www.jazzzeitung.de\\\/cms\\\/wp-content\\\/uploads\\\/2016\\\/05\\\/adam-baldych.jpg\",\"contentUrl\":\"http:\\\/\\\/www.jazzzeitung.de\\\/cms\\\/wp-content\\\/uploads\\\/2016\\\/05\\\/adam-baldych.jpg\"},{\"@type\":\"BreadcrumbList\",\"@id\":\"https:\\\/\\\/www.jazzzeitung.de\\\/cms\\\/2016\\\/05\\\/news-adam-baldych-imaginary-quartet-groebenzell-und-starnberg-kartenvorverkauf-fuer-die-jazz-essen-saison-20162017-beginnt-tom-gaebel-wird-musikpate\\\/#breadcrumb\",\"itemListElement\":[{\"@type\":\"ListItem\",\"position\":1,\"name\":\"Startseite\",\"item\":\"https:\\\/\\\/www.jazzzeitung.de\\\/cms\\\/\"},{\"@type\":\"ListItem\",\"position\":2,\"name\":\"+++ News: +++ Adam Ba\u0142dych Imaginary Quartet in Gr\u00f6benzell und Starnberg +++ Kartenvorverkauf f\u00fcr die \u201eJazz in Essen\u201c-Saison 2016\\\/2017 beginnt +++ Tom Gaebel wird Musikpate +++\"}]},{\"@type\":\"WebSite\",\"@id\":\"https:\\\/\\\/www.jazzzeitung.de\\\/cms\\\/#website\",\"url\":\"https:\\\/\\\/www.jazzzeitung.de\\\/cms\\\/\",\"name\":\"JazzZeitung\",\"description\":\"Jazz-News und Jazz-Kontroverses\",\"publisher\":{\"@id\":\"https:\\\/\\\/www.jazzzeitung.de\\\/cms\\\/#organization\"},\"potentialAction\":[{\"@type\":\"SearchAction\",\"target\":{\"@type\":\"EntryPoint\",\"urlTemplate\":\"https:\\\/\\\/www.jazzzeitung.de\\\/cms\\\/?s={search_term_string}\"},\"query-input\":{\"@type\":\"PropertyValueSpecification\",\"valueRequired\":true,\"valueName\":\"search_term_string\"}}],\"inLanguage\":\"de\"},{\"@type\":\"Organization\",\"@id\":\"https:\\\/\\\/www.jazzzeitung.de\\\/cms\\\/#organization\",\"name\":\"JazzZeitung online\",\"url\":\"https:\\\/\\\/www.jazzzeitung.de\\\/cms\\\/\",\"logo\":{\"@type\":\"ImageObject\",\"inLanguage\":\"de\",\"@id\":\"https:\\\/\\\/www.jazzzeitung.de\\\/cms\\\/#\\\/schema\\\/logo\\\/image\\\/\",\"url\":\"https:\\\/\\\/i0.wp.com\\\/www.jazzzeitung.de\\\/cms\\\/wp-content\\\/uploads\\\/2015\\\/08\\\/JAZZZEITUNGDE_Logo_Neu.png?fit=499%2C200&ssl=1\",\"contentUrl\":\"https:\\\/\\\/i0.wp.com\\\/www.jazzzeitung.de\\\/cms\\\/wp-content\\\/uploads\\\/2015\\\/08\\\/JAZZZEITUNGDE_Logo_Neu.png?fit=499%2C200&ssl=1\",\"width\":499,\"height\":200,\"caption\":\"JazzZeitung online\"},\"image\":{\"@id\":\"https:\\\/\\\/www.jazzzeitung.de\\\/cms\\\/#\\\/schema\\\/logo\\\/image\\\/\"},\"sameAs\":[\"https:\\\/\\\/www.facebook.com\\\/JazzZeitung\\\/\"]},{\"@type\":\"Person\",\"@id\":\"https:\\\/\\\/www.jazzzeitung.de\\\/cms\\\/#\\\/schema\\\/person\\\/2245b36b9cd1d24cea10f01c031fb92b\",\"name\":\"Redaktion JazzZeitung\",\"image\":{\"@type\":\"ImageObject\",\"inLanguage\":\"de\",\"@id\":\"https:\\\/\\\/i0.wp.com\\\/www.jazzzeitung.de\\\/cms\\\/wp-content\\\/uploads\\\/2015\\\/08\\\/JAZZZEITUNGDE_Logo_Neu.png?resize=96%2C96&ssl=159975dcacb611b5700bd619b5daf0a7a\",\"url\":\"https:\\\/\\\/i0.wp.com\\\/www.jazzzeitung.de\\\/cms\\\/wp-content\\\/uploads\\\/2015\\\/08\\\/JAZZZEITUNGDE_Logo_Neu.png?resize=96%2C96&ssl=1\",\"contentUrl\":\"https:\\\/\\\/i0.wp.com\\\/www.jazzzeitung.de\\\/cms\\\/wp-content\\\/uploads\\\/2015\\\/08\\\/JAZZZEITUNGDE_Logo_Neu.png?resize=96%2C96&ssl=1\",\"caption\":\"Redaktion JazzZeitung\"},\"description\":\"Artikel der Redaktion der JazzZeitung.\",\"sameAs\":[\"http:\\\/\\\/www.jazzzeitung.de\\\/cms\\\/\"],\"url\":\"https:\\\/\\\/www.jazzzeitung.de\\\/cms\\\/author\\\/redaktion\\\/\"}]}<\/script>\n<!-- \/ Yoast SEO plugin. -->","yoast_head_json":{"title":"+++ News: +++ Adam Ba\u0142dych Imaginary Quartet in Gr\u00f6benzell und Starnberg +++ Kartenvorverkauf f\u00fcr die \u201eJazz in Essen\u201c-Saison 2016\/2017 beginnt +++ Tom Gaebel wird Musikpate +++ - JazzZeitung","robots":{"index":"index","follow":"follow","max-snippet":"max-snippet:-1","max-image-preview":"max-image-preview:large","max-video-preview":"max-video-preview:-1"},"canonical":"https:\/\/www.jazzzeitung.de\/cms\/2016\/05\/news-adam-baldych-imaginary-quartet-groebenzell-und-starnberg-kartenvorverkauf-fuer-die-jazz-essen-saison-20162017-beginnt-tom-gaebel-wird-musikpate\/","og_locale":"de_DE","og_type":"article","og_title":"+++ News: +++ Adam Ba\u0142dych Imaginary Quartet in Gr\u00f6benzell und Starnberg +++ Kartenvorverkauf f\u00fcr die \u201eJazz in Essen\u201c-Saison 2016\/2017 beginnt +++ Tom Gaebel wird Musikpate +++ - JazzZeitung","og_description":"Der polnische Star-Jazzgeiger Adam Ba\u0142dych kommt nach Bayern Am 2. Juni tritt er zuerst mit seiner Band, dem &#8222;Adam Ba\u0142dych Imaginary Quartet&#8220; in Gr\u00f6benzell auf. Tags drauf kann man sie in Starnberg im\u00a0 gro\u00dfen Saal der Schlossberghalle sehen und h\u00f6ren. Der 1986-geborene polnische Jazzer tourt immer wieder durch Europa, Amerika und Asien und macht nun, mit den besten Jazzmusikern die Polen zu bieten hat, in Bayern halt. Seine Band, bestehend aus Pawe\u0142 Tomaszewski am Piano, Micha\u0142 Kapczuk am Kontrabass und Pawe\u0142 Dobrowolski an den Drums, graduierten allesamt an der Karol Szymanowski Musikakademie in Katowice und erspielten sich bereits national und international einen Namen. Baldych, der von FAZ-Autor Ulrich Olshausen als \u201eZweifellos gr\u00f6\u00dften lebenden Geigentechniker des Jazz&#8220; geadelt wurde, absolvierte sein Jazzstudium an der Musikakademie Katowice und schloss dort mit Auszeichnung ab. Daraufhin erhielt er ein Stipendium f\u00fcr das Berklee College of Music in Boston. Tickets gibt es auf www.kultur-ticketshop.de. Am Abend des 3. Juni spielen sie im Rahmen von &#8222;All that Jazz @ Starnberg&#8220; . Tickets gibt es unter www.all-that-jazz-starnberg.de und www.muenchenticket.de. &nbsp; Der Kartenvorverkauf f\u00fcr die \u201eJazz in Essen\u201c-Saison 2016\/2017 beginnt am 1. Juni &hellip;","og_url":"https:\/\/www.jazzzeitung.de\/cms\/2016\/05\/news-adam-baldych-imaginary-quartet-groebenzell-und-starnberg-kartenvorverkauf-fuer-die-jazz-essen-saison-20162017-beginnt-tom-gaebel-wird-musikpate\/","og_site_name":"JazzZeitung","article_publisher":"https:\/\/www.facebook.com\/JazzZeitung\/","article_published_time":"2016-05-24T07:00:38+00:00","og_image":[{"url":"http:\/\/www.jazzzeitung.de\/cms\/wp-content\/uploads\/2016\/05\/adam-baldych.jpg","type":"","width":"","height":""}],"author":"Redaktion JazzZeitung","schema":{"@context":"https:\/\/schema.org","@graph":[{"@type":"Article","@id":"https:\/\/www.jazzzeitung.de\/cms\/2016\/05\/news-adam-baldych-imaginary-quartet-groebenzell-und-starnberg-kartenvorverkauf-fuer-die-jazz-essen-saison-20162017-beginnt-tom-gaebel-wird-musikpate\/#article","isPartOf":{"@id":"https:\/\/www.jazzzeitung.de\/cms\/2016\/05\/news-adam-baldych-imaginary-quartet-groebenzell-und-starnberg-kartenvorverkauf-fuer-die-jazz-essen-saison-20162017-beginnt-tom-gaebel-wird-musikpate\/"},"author":{"name":"Redaktion JazzZeitung","@id":"https:\/\/www.jazzzeitung.de\/cms\/#\/schema\/person\/2245b36b9cd1d24cea10f01c031fb92b"},"headline":"+++ News: +++ Adam Ba\u0142dych Imaginary Quartet in Gr\u00f6benzell und Starnberg +++ Kartenvorverkauf f\u00fcr die \u201eJazz in Essen\u201c-Saison 2016\/2017 beginnt +++ Tom Gaebel wird Musikpate +++","datePublished":"2016-05-24T07:00:38+00:00","mainEntityOfPage":{"@id":"https:\/\/www.jazzzeitung.de\/cms\/2016\/05\/news-adam-baldych-imaginary-quartet-groebenzell-und-starnberg-kartenvorverkauf-fuer-die-jazz-essen-saison-20162017-beginnt-tom-gaebel-wird-musikpate\/"},"wordCount":377,"commentCount":0,"publisher":{"@id":"https:\/\/www.jazzzeitung.de\/cms\/#organization"},"image":{"@id":"https:\/\/www.jazzzeitung.de\/cms\/2016\/05\/news-adam-baldych-imaginary-quartet-groebenzell-und-starnberg-kartenvorverkauf-fuer-die-jazz-essen-saison-20162017-beginnt-tom-gaebel-wird-musikpate\/#primaryimage"},"thumbnailUrl":"http:\/\/www.jazzzeitung.de\/cms\/wp-content\/uploads\/2016\/05\/adam-baldych.jpg","keywords":["Deutschland","Essen","faz","Jazz Pott","Jazzmusiker","Kalender","Konzerte","Kultur","Label","Piano","Tickets","Tom Gaebel"],"articleSection":["News"],"inLanguage":"de","potentialAction":[{"@type":"CommentAction","name":"Comment","target":["https:\/\/www.jazzzeitung.de\/cms\/2016\/05\/news-adam-baldych-imaginary-quartet-groebenzell-und-starnberg-kartenvorverkauf-fuer-die-jazz-essen-saison-20162017-beginnt-tom-gaebel-wird-musikpate\/#respond"]}]},{"@type":"WebPage","@id":"https:\/\/www.jazzzeitung.de\/cms\/2016\/05\/news-adam-baldych-imaginary-quartet-groebenzell-und-starnberg-kartenvorverkauf-fuer-die-jazz-essen-saison-20162017-beginnt-tom-gaebel-wird-musikpate\/","url":"https:\/\/www.jazzzeitung.de\/cms\/2016\/05\/news-adam-baldych-imaginary-quartet-groebenzell-und-starnberg-kartenvorverkauf-fuer-die-jazz-essen-saison-20162017-beginnt-tom-gaebel-wird-musikpate\/","name":"+++ News: +++ Adam Ba\u0142dych Imaginary Quartet in Gr\u00f6benzell und Starnberg +++ Kartenvorverkauf f\u00fcr die \u201eJazz in Essen\u201c-Saison 2016\/2017 beginnt +++ Tom Gaebel wird Musikpate +++ - JazzZeitung","isPartOf":{"@id":"https:\/\/www.jazzzeitung.de\/cms\/#website"},"primaryImageOfPage":{"@id":"https:\/\/www.jazzzeitung.de\/cms\/2016\/05\/news-adam-baldych-imaginary-quartet-groebenzell-und-starnberg-kartenvorverkauf-fuer-die-jazz-essen-saison-20162017-beginnt-tom-gaebel-wird-musikpate\/#primaryimage"},"image":{"@id":"https:\/\/www.jazzzeitung.de\/cms\/2016\/05\/news-adam-baldych-imaginary-quartet-groebenzell-und-starnberg-kartenvorverkauf-fuer-die-jazz-essen-saison-20162017-beginnt-tom-gaebel-wird-musikpate\/#primaryimage"},"thumbnailUrl":"http:\/\/www.jazzzeitung.de\/cms\/wp-content\/uploads\/2016\/05\/adam-baldych.jpg","datePublished":"2016-05-24T07:00:38+00:00","breadcrumb":{"@id":"https:\/\/www.jazzzeitung.de\/cms\/2016\/05\/news-adam-baldych-imaginary-quartet-groebenzell-und-starnberg-kartenvorverkauf-fuer-die-jazz-essen-saison-20162017-beginnt-tom-gaebel-wird-musikpate\/#breadcrumb"},"inLanguage":"de","potentialAction":[{"@type":"ReadAction","target":["https:\/\/www.jazzzeitung.de\/cms\/2016\/05\/news-adam-baldych-imaginary-quartet-groebenzell-und-starnberg-kartenvorverkauf-fuer-die-jazz-essen-saison-20162017-beginnt-tom-gaebel-wird-musikpate\/"]}]},{"@type":"ImageObject","inLanguage":"de","@id":"https:\/\/www.jazzzeitung.de\/cms\/2016\/05\/news-adam-baldych-imaginary-quartet-groebenzell-und-starnberg-kartenvorverkauf-fuer-die-jazz-essen-saison-20162017-beginnt-tom-gaebel-wird-musikpate\/#primaryimage","url":"http:\/\/www.jazzzeitung.de\/cms\/wp-content\/uploads\/2016\/05\/adam-baldych.jpg","contentUrl":"http:\/\/www.jazzzeitung.de\/cms\/wp-content\/uploads\/2016\/05\/adam-baldych.jpg"},{"@type":"BreadcrumbList","@id":"https:\/\/www.jazzzeitung.de\/cms\/2016\/05\/news-adam-baldych-imaginary-quartet-groebenzell-und-starnberg-kartenvorverkauf-fuer-die-jazz-essen-saison-20162017-beginnt-tom-gaebel-wird-musikpate\/#breadcrumb","itemListElement":[{"@type":"ListItem","position":1,"name":"Startseite","item":"https:\/\/www.jazzzeitung.de\/cms\/"},{"@type":"ListItem","position":2,"name":"+++ News: +++ Adam Ba\u0142dych Imaginary Quartet in Gr\u00f6benzell und Starnberg +++ Kartenvorverkauf f\u00fcr die \u201eJazz in Essen\u201c-Saison 2016\/2017 beginnt +++ Tom Gaebel wird Musikpate +++"}]},{"@type":"WebSite","@id":"https:\/\/www.jazzzeitung.de\/cms\/#website","url":"https:\/\/www.jazzzeitung.de\/cms\/","name":"JazzZeitung","description":"Jazz-News und Jazz-Kontroverses","publisher":{"@id":"https:\/\/www.jazzzeitung.de\/cms\/#organization"},"potentialAction":[{"@type":"SearchAction","target":{"@type":"EntryPoint","urlTemplate":"https:\/\/www.jazzzeitung.de\/cms\/?s={search_term_string}"},"query-input":{"@type":"PropertyValueSpecification","valueRequired":true,"valueName":"search_term_string"}}],"inLanguage":"de"},{"@type":"Organization","@id":"https:\/\/www.jazzzeitung.de\/cms\/#organization","name":"JazzZeitung online","url":"https:\/\/www.jazzzeitung.de\/cms\/","logo":{"@type":"ImageObject","inLanguage":"de","@id":"https:\/\/www.jazzzeitung.de\/cms\/#\/schema\/logo\/image\/","url":"https:\/\/i0.wp.com\/www.jazzzeitung.de\/cms\/wp-content\/uploads\/2015\/08\/JAZZZEITUNGDE_Logo_Neu.png?fit=499%2C200&ssl=1","contentUrl":"https:\/\/i0.wp.com\/www.jazzzeitung.de\/cms\/wp-content\/uploads\/2015\/08\/JAZZZEITUNGDE_Logo_Neu.png?fit=499%2C200&ssl=1","width":499,"height":200,"caption":"JazzZeitung online"},"image":{"@id":"https:\/\/www.jazzzeitung.de\/cms\/#\/schema\/logo\/image\/"},"sameAs":["https:\/\/www.facebook.com\/JazzZeitung\/"]},{"@type":"Person","@id":"https:\/\/www.jazzzeitung.de\/cms\/#\/schema\/person\/2245b36b9cd1d24cea10f01c031fb92b","name":"Redaktion JazzZeitung","image":{"@type":"ImageObject","inLanguage":"de","@id":"https:\/\/i0.wp.com\/www.jazzzeitung.de\/cms\/wp-content\/uploads\/2015\/08\/JAZZZEITUNGDE_Logo_Neu.png?resize=96%2C96&ssl=159975dcacb611b5700bd619b5daf0a7a","url":"https:\/\/i0.wp.com\/www.jazzzeitung.de\/cms\/wp-content\/uploads\/2015\/08\/JAZZZEITUNGDE_Logo_Neu.png?resize=96%2C96&ssl=1","contentUrl":"https:\/\/i0.wp.com\/www.jazzzeitung.de\/cms\/wp-content\/uploads\/2015\/08\/JAZZZEITUNGDE_Logo_Neu.png?resize=96%2C96&ssl=1","caption":"Redaktion JazzZeitung"},"description":"Artikel der Redaktion der JazzZeitung.","sameAs":["http:\/\/www.jazzzeitung.de\/cms\/"],"url":"https:\/\/www.jazzzeitung.de\/cms\/author\/redaktion\/"}]}},"wp-worthy-pixel":{"ignored":false,"public":null,"server":null,"url":null},"wp-worthy-type":"normal","jetpack_publicize_connections":[],"cc_featured_image_caption":{"caption_text":false,"source_text":false,"source_url":false},"jetpack_featured_media_url":"","jetpack_shortlink":"https:\/\/wp.me\/p3KEcT-2rj","jetpack-related-posts":[{"id":24909,"url":"https:\/\/www.jazzzeitung.de\/cms\/2021\/06\/bmw-welt-jazz-award-finale-2020-findet-am-23-juli-2021-in-der-muenchener-philharmonie-statt\/","url_meta":{"origin":9381,"position":0},"title":"BMW Welt Jazz Award Finale 2020 findet am 23. Juli 2021 in der M\u00fcnchener Philharmonie statt","author":"Redaktion JazzZeitung","date":"1. Juni 2021","format":false,"excerpt":"Das durch die Pandemie um mehr als ein Jahr verschobene Finale des BMW Welt Jazz Award 2020 findet jetzt am 23. Juli 2021 um 19:00 Uhr in der Philharmonie im Gasteig statt. Adam Baldych Quartet und Peter Gall Quintet werden ihre Interpretationen des Award-Mottos \u201eThe Melody at Night\u201c im Gasteig\u2026","rel":"","context":"In &quot;News&quot;","block_context":{"text":"News","link":"https:\/\/www.jazzzeitung.de\/cms\/thema\/nachrichten\/"},"img":{"alt_text":"","src":"https:\/\/i0.wp.com\/www.jazzzeitung.de\/cms\/wp-content\/uploads\/2021\/06\/P90424674_highRes_bmw-welt-jazz-award--scaled.jpg?fit=1200%2C710&ssl=1&resize=350%2C200","width":350,"height":200,"srcset":"https:\/\/i0.wp.com\/www.jazzzeitung.de\/cms\/wp-content\/uploads\/2021\/06\/P90424674_highRes_bmw-welt-jazz-award--scaled.jpg?fit=1200%2C710&ssl=1&resize=350%2C200 1x, https:\/\/i0.wp.com\/www.jazzzeitung.de\/cms\/wp-content\/uploads\/2021\/06\/P90424674_highRes_bmw-welt-jazz-award--scaled.jpg?fit=1200%2C710&ssl=1&resize=525%2C300 1.5x, https:\/\/i0.wp.com\/www.jazzzeitung.de\/cms\/wp-content\/uploads\/2021\/06\/P90424674_highRes_bmw-welt-jazz-award--scaled.jpg?fit=1200%2C710&ssl=1&resize=700%2C400 2x, https:\/\/i0.wp.com\/www.jazzzeitung.de\/cms\/wp-content\/uploads\/2021\/06\/P90424674_highRes_bmw-welt-jazz-award--scaled.jpg?fit=1200%2C710&ssl=1&resize=1050%2C600 3x"},"classes":[]},{"id":25219,"url":"https:\/\/www.jazzzeitung.de\/cms\/2021\/08\/peter-gall-quintet-gewinnt-bmw-welt-jazz-award-2020\/","url_meta":{"origin":9381,"position":1},"title":"Sp\u00e4tes Finale: Das Peter Gall Quintet gewinnt den BMW Welt Jazz Award 2020","author":"Redaktion JazzZeitung","date":"4. August 2021","format":false,"excerpt":"M\u00fcnchen. Beim Finale des BMW Welt Jazz Award 2020 konnte das Peter Gall Quintet die Jury von sich \u00fcberzeugen. Zusammen mit Wanja Slavin am Saxophon, Reinier Baas an der Gitarre, Rainer B\u00f6hm am Piano sowie dem Bassisten Felix Henkelhausen setzte sich der Schlagzeuger Peter Gall gegen das Adam Baldych Quartet\u2026","rel":"","context":"In &quot;Bericht&quot;","block_context":{"text":"Bericht","link":"https:\/\/www.jazzzeitung.de\/cms\/thema\/bericht\/"},"img":{"alt_text":"","src":"https:\/\/i0.wp.com\/www.jazzzeitung.de\/cms\/wp-content\/uploads\/2021\/08\/P1166181-Peter-Gall-Quintett-Foto-TJ-Krebs-1.jpg?fit=907%2C605&ssl=1&resize=350%2C200","width":350,"height":200,"srcset":"https:\/\/i0.wp.com\/www.jazzzeitung.de\/cms\/wp-content\/uploads\/2021\/08\/P1166181-Peter-Gall-Quintett-Foto-TJ-Krebs-1.jpg?fit=907%2C605&ssl=1&resize=350%2C200 1x, https:\/\/i0.wp.com\/www.jazzzeitung.de\/cms\/wp-content\/uploads\/2021\/08\/P1166181-Peter-Gall-Quintett-Foto-TJ-Krebs-1.jpg?fit=907%2C605&ssl=1&resize=525%2C300 1.5x, https:\/\/i0.wp.com\/www.jazzzeitung.de\/cms\/wp-content\/uploads\/2021\/08\/P1166181-Peter-Gall-Quintett-Foto-TJ-Krebs-1.jpg?fit=907%2C605&ssl=1&resize=700%2C400 2x"},"classes":[]},{"id":9534,"url":"https:\/\/www.jazzzeitung.de\/cms\/2016\/06\/hohe-auszeichnungen-fuer-nils-landgren-und-adam-baldych\/","url_meta":{"origin":9381,"position":2},"title":"Hohe Auszeichnungen f\u00fcr Nils Landgren und Adam Ba\u0142dych","author":"Redaktion JazzZeitung","date":"20. Juni 2016","format":false,"excerpt":"Ende vergangener Woche wurde bekannt gegeben, dass der Posaunist und S\u00e4nger Nils Landgren den Kunstpreis 2016 des Landes Schleswig-Holstein erh\u00e4lt. A, 10. Juni wurde auch der Geiger Adam Ba\u0142dych\u00a0prominent, und gleich doppelt, ausgezeichnet: mit dem goldenen Verdienstkreuz und dem Verdienstorden f\u00fcr Kultur seines Heimatlandes Polen. (ACT News) Der Kunstpreis Schleswig-Holstein\u2026","rel":"","context":"In &quot;News&quot;","block_context":{"text":"News","link":"https:\/\/www.jazzzeitung.de\/cms\/thema\/nachrichten\/"},"img":{"alt_text":"Nils Landgren","src":"https:\/\/i0.wp.com\/www.jazzzeitung.de\/cms\/wp-content\/uploads\/2016\/06\/Landgren_by_StevenHaberland-150x150.jpg?resize=350%2C200","width":350,"height":200},"classes":[]},{"id":21904,"url":"https:\/\/www.jazzzeitung.de\/cms\/2020\/02\/bmw-welt-jazz-award-2020-das-quartett-von-jazzgeiger-adam-baldych-bestreitet-das-dritte-dienstagskonzert\/","url_meta":{"origin":9381,"position":3},"title":"BMW Welt Jazz Award 2020: Das Quartett von Jazzgeiger Adam Baldych bestreitet das dritte Dienstagskonzert","author":"Thomas J. Krebs","date":"13. Februar 2020","format":false,"excerpt":"Das Instrument Geige f\u00fchrte viele Jahre ein Schattendasein im Jazz. Das hat sich l\u00e4ngst ge\u00e4ndert, und immer neue Stimmen geben diesem Streichinstrument, das wie kein zweites f\u00fcr Klassik, Hochkultur und Virtuosit\u00e4t steht, eine Heimat im Bereich des modernen Jazz. Derzeit angesagtester Vertreter dieser Gattung ist der Pole Adam Baldych, der\u2026","rel":"","context":"In &quot;Galerie&quot;","block_context":{"text":"Galerie","link":"https:\/\/www.jazzzeitung.de\/cms\/thema\/galerie\/"},"img":{"alt_text":"","src":"https:\/\/i0.wp.com\/www.jazzzeitung.de\/cms\/wp-content\/uploads\/2020\/02\/P1694101-Baldych-Foto-TJ-Krebs.jpg?fit=1200%2C800&ssl=1&resize=350%2C200","width":350,"height":200,"srcset":"https:\/\/i0.wp.com\/www.jazzzeitung.de\/cms\/wp-content\/uploads\/2020\/02\/P1694101-Baldych-Foto-TJ-Krebs.jpg?fit=1200%2C800&ssl=1&resize=350%2C200 1x, https:\/\/i0.wp.com\/www.jazzzeitung.de\/cms\/wp-content\/uploads\/2020\/02\/P1694101-Baldych-Foto-TJ-Krebs.jpg?fit=1200%2C800&ssl=1&resize=525%2C300 1.5x, https:\/\/i0.wp.com\/www.jazzzeitung.de\/cms\/wp-content\/uploads\/2020\/02\/P1694101-Baldych-Foto-TJ-Krebs.jpg?fit=1200%2C800&ssl=1&resize=700%2C400 2x, https:\/\/i0.wp.com\/www.jazzzeitung.de\/cms\/wp-content\/uploads\/2020\/02\/P1694101-Baldych-Foto-TJ-Krebs.jpg?fit=1200%2C800&ssl=1&resize=1050%2C600 3x"},"classes":[]},{"id":22344,"url":"https:\/\/www.jazzzeitung.de\/cms\/2020\/04\/newsbmw-welt-jazz-award-finale-auf-anfang-2021-verschoben\/","url_meta":{"origin":9381,"position":4},"title":"news+++BMW Welt Jazz Award Finale auf Anfang 2021 verschoben+++","author":"Redaktion JazzZeitung","date":"14. April 2020","format":false,"excerpt":"M\u00fcnchen. Nach den spannenden Konzerten des diesj\u00e4hrigen BMW Welt Jazz Award im Doppelkegel der BMW Welt hat die Jury jetzt die Finalisten bekannt gegeben: Adam Ba\u0142dych Quartet und Peter Gall Quintet. Mit dem diesj\u00e4hrigen Motto \u201eThe Melody at Night\u201c besann sich der BMW Welt Jazz Award auf die Wurzeln des\u2026","rel":"","context":"In &quot;News&quot;","block_context":{"text":"News","link":"https:\/\/www.jazzzeitung.de\/cms\/thema\/nachrichten\/"},"img":{"alt_text":"","src":"https:\/\/i0.wp.com\/www.jazzzeitung.de\/cms\/wp-content\/uploads\/2020\/04\/P90332903_highRes_bmw-welt-jazz-award--scaled.jpg?fit=800%2C1200&ssl=1&resize=350%2C200","width":350,"height":200,"srcset":"https:\/\/i0.wp.com\/www.jazzzeitung.de\/cms\/wp-content\/uploads\/2020\/04\/P90332903_highRes_bmw-welt-jazz-award--scaled.jpg?fit=800%2C1200&ssl=1&resize=350%2C200 1x, https:\/\/i0.wp.com\/www.jazzzeitung.de\/cms\/wp-content\/uploads\/2020\/04\/P90332903_highRes_bmw-welt-jazz-award--scaled.jpg?fit=800%2C1200&ssl=1&resize=525%2C300 1.5x, https:\/\/i0.wp.com\/www.jazzzeitung.de\/cms\/wp-content\/uploads\/2020\/04\/P90332903_highRes_bmw-welt-jazz-award--scaled.jpg?fit=800%2C1200&ssl=1&resize=700%2C400 2x"},"classes":[]},{"id":13592,"url":"https:\/\/www.jazzzeitung.de\/cms\/2017\/09\/bildergalerie-in-der-unterfahrt-die-wasserfuhrs-helge-lien-und-adam-baldych\/","url_meta":{"origin":9381,"position":5},"title":"Bildergalerie: In der Unterfahrt &#8211; die Wasserfuhrs, Helge Lien und Adam Baldych","author":"Redaktion JazzZeitung","date":"26. September 2017","format":false,"excerpt":"Fotos: Ralf Dombrowski","rel":"","context":"In &quot;Galerie&quot;","block_context":{"text":"Galerie","link":"https:\/\/www.jazzzeitung.de\/cms\/thema\/galerie\/"},"img":{"alt_text":"Adam Baldych (vl), Helge Lien (p), Thomas Fonnesbaek (b), Per Oddvar Johansson (dr), Unterfahrt M\u00fcnchen, Foto Ralf Dombrowski","src":"https:\/\/i0.wp.com\/www.jazzzeitung.de\/cms\/wp-content\/uploads\/2017\/09\/DSC04225-Baldych-dombr.jpg?fit=1200%2C806&ssl=1&resize=350%2C200","width":350,"height":200,"srcset":"https:\/\/i0.wp.com\/www.jazzzeitung.de\/cms\/wp-content\/uploads\/2017\/09\/DSC04225-Baldych-dombr.jpg?fit=1200%2C806&ssl=1&resize=350%2C200 1x, https:\/\/i0.wp.com\/www.jazzzeitung.de\/cms\/wp-content\/uploads\/2017\/09\/DSC04225-Baldych-dombr.jpg?fit=1200%2C806&ssl=1&resize=525%2C300 1.5x, https:\/\/i0.wp.com\/www.jazzzeitung.de\/cms\/wp-content\/uploads\/2017\/09\/DSC04225-Baldych-dombr.jpg?fit=1200%2C806&ssl=1&resize=700%2C400 2x, https:\/\/i0.wp.com\/www.jazzzeitung.de\/cms\/wp-content\/uploads\/2017\/09\/DSC04225-Baldych-dombr.jpg?fit=1200%2C806&ssl=1&resize=1050%2C600 3x"},"classes":[]}],"jetpack_sharing_enabled":true,"_links":{"self":[{"href":"https:\/\/www.jazzzeitung.de\/cms\/wp-json\/wp\/v2\/posts\/9381","targetHints":{"allow":["GET"]}}],"collection":[{"href":"https:\/\/www.jazzzeitung.de\/cms\/wp-json\/wp\/v2\/posts"}],"about":[{"href":"https:\/\/www.jazzzeitung.de\/cms\/wp-json\/wp\/v2\/types\/post"}],"author":[{"embeddable":true,"href":"https:\/\/www.jazzzeitung.de\/cms\/wp-json\/wp\/v2\/users\/18"}],"replies":[{"embeddable":true,"href":"https:\/\/www.jazzzeitung.de\/cms\/wp-json\/wp\/v2\/comments?post=9381"}],"version-history":[{"count":7,"href":"https:\/\/www.jazzzeitung.de\/cms\/wp-json\/wp\/v2\/posts\/9381\/revisions"}],"predecessor-version":[{"id":9389,"href":"https:\/\/www.jazzzeitung.de\/cms\/wp-json\/wp\/v2\/posts\/9381\/revisions\/9389"}],"wp:attachment":[{"href":"https:\/\/www.jazzzeitung.de\/cms\/wp-json\/wp\/v2\/media?parent=9381"}],"wp:term":[{"taxonomy":"category","embeddable":true,"href":"https:\/\/www.jazzzeitung.de\/cms\/wp-json\/wp\/v2\/categories?post=9381"},{"taxonomy":"post_tag","embeddable":true,"href":"https:\/\/www.jazzzeitung.de\/cms\/wp-json\/wp\/v2\/tags?post=9381"},{"taxonomy":"author","embeddable":true,"href":"https:\/\/www.jazzzeitung.de\/cms\/wp-json\/wp\/v2\/coauthors?post=9381"}],"curies":[{"name":"wp","href":"https:\/\/api.w.org\/{rel}","templated":true}]}}