{"id":9350,"date":"2016-05-22T15:00:29","date_gmt":"2016-05-22T13:00:29","guid":{"rendered":"http:\/\/www.jazzzeitung.de\/cms\/?p=9350"},"modified":"2016-05-20T16:25:16","modified_gmt":"2016-05-20T14:25:16","slug":"vorstudium-jazz-1617-koeln","status":"publish","type":"post","link":"https:\/\/www.jazzzeitung.de\/cms\/2016\/05\/vorstudium-jazz-1617-koeln\/","title":{"rendered":"Vorstudium Jazz 16\/17 in K\u00f6ln: Es gibt noch Pl\u00e4tze"},"content":{"rendered":"<figure id=\"attachment_9352\" aria-describedby=\"caption-attachment-9352\" style=\"width: 267px\" class=\"wp-caption alignleft\"><a href=\"https:\/\/i0.wp.com\/www.jazzzeitung.de\/cms\/wp-content\/uploads\/2016\/05\/Foto-Nendza%40Bastian-Werner-1.jpeg\"><img data-recalc-dims=\"1\" loading=\"lazy\" decoding=\"async\" data-attachment-id=\"9352\" data-permalink=\"https:\/\/www.jazzzeitung.de\/cms\/2016\/05\/vorstudium-jazz-1617-koeln\/foto-nendzabastian-werner-2\/\" data-orig-file=\"https:\/\/i0.wp.com\/www.jazzzeitung.de\/cms\/wp-content\/uploads\/2016\/05\/Foto-Nendza%40Bastian-Werner-1.jpeg?fit=1772%2C1181&amp;ssl=1\" data-orig-size=\"1772,1181\" data-comments-opened=\"1\" data-image-meta=\"{&quot;aperture&quot;:&quot;3.2&quot;,&quot;credit&quot;:&quot;Bastian Werner&quot;,&quot;camera&quot;:&quot;Canon EOS-1Ds Mark III&quot;,&quot;caption&quot;:&quot;&quot;,&quot;created_timestamp&quot;:&quot;1316436088&quot;,&quot;copyright&quot;:&quot;Bastian Werner 2011&quot;,&quot;focal_length&quot;:&quot;50&quot;,&quot;iso&quot;:&quot;100&quot;,&quot;shutter_speed&quot;:&quot;0.01&quot;,&quot;title&quot;:&quot;&quot;,&quot;orientation&quot;:&quot;1&quot;}\" data-image-title=\"Foto Nendza@Bastian Werner\" data-image-description=\"\" data-image-caption=\"\" data-large-file=\"https:\/\/i0.wp.com\/www.jazzzeitung.de\/cms\/wp-content\/uploads\/2016\/05\/Foto-Nendza%40Bastian-Werner-1.jpeg?fit=840%2C560&amp;ssl=1\" class=\"wp-image-9352\" src=\"https:\/\/i0.wp.com\/www.jazzzeitung.de\/cms\/wp-content\/uploads\/2016\/05\/Foto-Nendza%40Bastian-Werner-1.jpeg?resize=267%2C178\" width=\"267\" height=\"178\" srcset=\"https:\/\/i0.wp.com\/www.jazzzeitung.de\/cms\/wp-content\/uploads\/2016\/05\/Foto-Nendza%40Bastian-Werner-1.jpeg?w=1772&amp;ssl=1 1772w, https:\/\/i0.wp.com\/www.jazzzeitung.de\/cms\/wp-content\/uploads\/2016\/05\/Foto-Nendza%40Bastian-Werner-1.jpeg?resize=300%2C200&amp;ssl=1 300w, https:\/\/i0.wp.com\/www.jazzzeitung.de\/cms\/wp-content\/uploads\/2016\/05\/Foto-Nendza%40Bastian-Werner-1.jpeg?resize=768%2C512&amp;ssl=1 768w, https:\/\/i0.wp.com\/www.jazzzeitung.de\/cms\/wp-content\/uploads\/2016\/05\/Foto-Nendza%40Bastian-Werner-1.jpeg?resize=900%2C600&amp;ssl=1 900w, https:\/\/i0.wp.com\/www.jazzzeitung.de\/cms\/wp-content\/uploads\/2016\/05\/Foto-Nendza%40Bastian-Werner-1.jpeg?w=1680&amp;ssl=1 1680w\" sizes=\"auto, (max-width: 267px) 100vw, 267px\" \/><\/a><figcaption id=\"caption-attachment-9352\" class=\"wp-caption-text\">Kursleiter Andr\u00e9 Nendza<\/figcaption><\/figure>\n<p>Ab August 2016 beginnt zum 19ten Mal der einj\u00e4hrige Fortbildungskurs\u00a0\u201eVorstudium Jazz\u201c der Offenen Jazzhaus Schule in K\u00f6ln.<\/p>\n<p>Dieser Kurs wendet sich an Musiker, die an einer zielgerichteten, intensiven Ausbildung unter Anleitung profilierter Dozenten interessiert sind. Es eignet sich insbesondere zur direkten Vorbereitung auf die Aufnahmepr\u00fcfung an einer Musikhochschule. Die Teilnehmer k\u00f6nnen bereits vorhandenes Wissen vertiefen und auffrischen oder Neues in kompakter und systematischer Weise erlernen. Das &#8222;Vorstudium Jazz&#8220; dient dar\u00fcber hinaus als Kontaktb\u00f6rse, bei der sich Musiker mit \u00e4hnlichen Zielen finden. Die Kursleitung hat Andr\u00e9 Nendza. Weitere Informationen unter\u00a0<a href=\"http:\/\/www.jazzhausschule.de\/j3\/angebot\/vorstudium-jazz\">http:\/\/www.jazzhausschule.de\/j3\/angebot\/vorstudium-jazz<\/a>\u00a0oder telefonisch unter: 0221\/13 05 65-25<\/p>\n","protected":false},"excerpt":{"rendered":"<p>Ab August 2016 beginnt zum 19ten Mal der einj\u00e4hrige Fortbildungskurs\u00a0\u201eVorstudium Jazz\u201c der Offenen Jazzhaus Schule in K\u00f6ln. Dieser Kurs wendet sich an Musiker, die an einer zielgerichteten, intensiven Ausbildung unter Anleitung profilierter Dozenten interessiert sind. Es eignet sich insbesondere zur direkten Vorbereitung auf die Aufnahmepr\u00fcfung an einer Musikhochschule. Die Teilnehmer k\u00f6nnen bereits vorhandenes Wissen vertiefen und auffrischen oder Neues in kompakter und systematischer Weise erlernen. Das &#8222;Vorstudium Jazz&#8220; dient dar\u00fcber hinaus als Kontaktb\u00f6rse, bei der sich Musiker mit \u00e4hnlichen Zielen finden. Die Kursleitung hat Andr\u00e9 Nendza. Weitere Informationen unter\u00a0http:\/\/www.jazzhausschule.de\/j3\/angebot\/vorstudium-jazz\u00a0oder telefonisch unter: 0221\/13 05 65-25<\/p>\n","protected":false},"author":18,"featured_media":0,"comment_status":"open","ping_status":"closed","sticky":false,"template":"","format":"standard","meta":{"_jetpack_memberships_contains_paid_content":false,"footnotes":"","jetpack_publicize_message":"","jetpack_publicize_feature_enabled":true,"jetpack_social_post_already_shared":false,"jetpack_social_options":{"image_generator_settings":{"template":"highway","default_image_id":0,"font":"","enabled":false},"version":2}},"categories":[633],"tags":[852],"coauthors":[695],"class_list":["post-9350","post","type-post","status-publish","format-standard","hentry","category-nachrichten","tag-koeln"],"yoast_head":"<!-- This site is optimized with the Yoast SEO plugin v27.4 - https:\/\/yoast.com\/product\/yoast-seo-wordpress\/ -->\n<title>Vorstudium Jazz 16\/17 in K\u00f6ln: Es gibt noch Pl\u00e4tze - JazzZeitung<\/title>\n<meta name=\"robots\" content=\"index, follow, max-snippet:-1, max-image-preview:large, max-video-preview:-1\" \/>\n<link rel=\"canonical\" href=\"https:\/\/www.jazzzeitung.de\/cms\/2016\/05\/vorstudium-jazz-1617-koeln\/\" \/>\n<meta property=\"og:locale\" content=\"de_DE\" \/>\n<meta property=\"og:type\" content=\"article\" \/>\n<meta property=\"og:title\" content=\"Vorstudium Jazz 16\/17 in K\u00f6ln: Es gibt noch Pl\u00e4tze - JazzZeitung\" \/>\n<meta property=\"og:description\" content=\"Ab August 2016 beginnt zum 19ten Mal der einj\u00e4hrige Fortbildungskurs\u00a0\u201eVorstudium Jazz\u201c der Offenen Jazzhaus Schule in K\u00f6ln. Dieser Kurs wendet sich an Musiker, die an einer zielgerichteten, intensiven Ausbildung unter Anleitung profilierter Dozenten interessiert sind. Es eignet sich insbesondere zur direkten Vorbereitung auf die Aufnahmepr\u00fcfung an einer Musikhochschule. Die Teilnehmer k\u00f6nnen bereits vorhandenes Wissen vertiefen und auffrischen oder Neues in kompakter und systematischer Weise erlernen. Das &#8222;Vorstudium Jazz&#8220; dient dar\u00fcber hinaus als Kontaktb\u00f6rse, bei der sich Musiker mit \u00e4hnlichen Zielen finden. Die Kursleitung hat Andr\u00e9 Nendza. Weitere Informationen unter\u00a0http:\/\/www.jazzhausschule.de\/j3\/angebot\/vorstudium-jazz\u00a0oder telefonisch unter: 0221\/13 05 65-25\" \/>\n<meta property=\"og:url\" content=\"https:\/\/www.jazzzeitung.de\/cms\/2016\/05\/vorstudium-jazz-1617-koeln\/\" \/>\n<meta property=\"og:site_name\" content=\"JazzZeitung\" \/>\n<meta property=\"article:publisher\" content=\"https:\/\/www.facebook.com\/JazzZeitung\/\" \/>\n<meta property=\"article:published_time\" content=\"2016-05-22T13:00:29+00:00\" \/>\n<meta property=\"og:image\" content=\"http:\/\/www.jazzzeitung.de\/cms\/wp-content\/uploads\/2016\/05\/Foto-Nendza@Bastian-Werner-1.jpeg\" \/>\n<meta name=\"author\" content=\"Redaktion JazzZeitung\" \/>\n<script type=\"application\/ld+json\" class=\"yoast-schema-graph\">{\"@context\":\"https:\\\/\\\/schema.org\",\"@graph\":[{\"@type\":\"Article\",\"@id\":\"https:\\\/\\\/www.jazzzeitung.de\\\/cms\\\/2016\\\/05\\\/vorstudium-jazz-1617-koeln\\\/#article\",\"isPartOf\":{\"@id\":\"https:\\\/\\\/www.jazzzeitung.de\\\/cms\\\/2016\\\/05\\\/vorstudium-jazz-1617-koeln\\\/\"},\"author\":{\"name\":\"Redaktion JazzZeitung\",\"@id\":\"https:\\\/\\\/www.jazzzeitung.de\\\/cms\\\/#\\\/schema\\\/person\\\/2245b36b9cd1d24cea10f01c031fb92b\"},\"headline\":\"Vorstudium Jazz 16\\\/17 in K\u00f6ln: Es gibt noch Pl\u00e4tze\",\"datePublished\":\"2016-05-22T13:00:29+00:00\",\"mainEntityOfPage\":{\"@id\":\"https:\\\/\\\/www.jazzzeitung.de\\\/cms\\\/2016\\\/05\\\/vorstudium-jazz-1617-koeln\\\/\"},\"wordCount\":126,\"commentCount\":0,\"publisher\":{\"@id\":\"https:\\\/\\\/www.jazzzeitung.de\\\/cms\\\/#organization\"},\"image\":{\"@id\":\"https:\\\/\\\/www.jazzzeitung.de\\\/cms\\\/2016\\\/05\\\/vorstudium-jazz-1617-koeln\\\/#primaryimage\"},\"thumbnailUrl\":\"http:\\\/\\\/www.jazzzeitung.de\\\/cms\\\/wp-content\\\/uploads\\\/2016\\\/05\\\/Foto-Nendza@Bastian-Werner-1.jpeg\",\"keywords\":[\"K\u00f6ln\"],\"articleSection\":[\"News\"],\"inLanguage\":\"de\",\"potentialAction\":[{\"@type\":\"CommentAction\",\"name\":\"Comment\",\"target\":[\"https:\\\/\\\/www.jazzzeitung.de\\\/cms\\\/2016\\\/05\\\/vorstudium-jazz-1617-koeln\\\/#respond\"]}]},{\"@type\":\"WebPage\",\"@id\":\"https:\\\/\\\/www.jazzzeitung.de\\\/cms\\\/2016\\\/05\\\/vorstudium-jazz-1617-koeln\\\/\",\"url\":\"https:\\\/\\\/www.jazzzeitung.de\\\/cms\\\/2016\\\/05\\\/vorstudium-jazz-1617-koeln\\\/\",\"name\":\"Vorstudium Jazz 16\\\/17 in K\u00f6ln: Es gibt noch Pl\u00e4tze - JazzZeitung\",\"isPartOf\":{\"@id\":\"https:\\\/\\\/www.jazzzeitung.de\\\/cms\\\/#website\"},\"primaryImageOfPage\":{\"@id\":\"https:\\\/\\\/www.jazzzeitung.de\\\/cms\\\/2016\\\/05\\\/vorstudium-jazz-1617-koeln\\\/#primaryimage\"},\"image\":{\"@id\":\"https:\\\/\\\/www.jazzzeitung.de\\\/cms\\\/2016\\\/05\\\/vorstudium-jazz-1617-koeln\\\/#primaryimage\"},\"thumbnailUrl\":\"http:\\\/\\\/www.jazzzeitung.de\\\/cms\\\/wp-content\\\/uploads\\\/2016\\\/05\\\/Foto-Nendza@Bastian-Werner-1.jpeg\",\"datePublished\":\"2016-05-22T13:00:29+00:00\",\"breadcrumb\":{\"@id\":\"https:\\\/\\\/www.jazzzeitung.de\\\/cms\\\/2016\\\/05\\\/vorstudium-jazz-1617-koeln\\\/#breadcrumb\"},\"inLanguage\":\"de\",\"potentialAction\":[{\"@type\":\"ReadAction\",\"target\":[\"https:\\\/\\\/www.jazzzeitung.de\\\/cms\\\/2016\\\/05\\\/vorstudium-jazz-1617-koeln\\\/\"]}]},{\"@type\":\"ImageObject\",\"inLanguage\":\"de\",\"@id\":\"https:\\\/\\\/www.jazzzeitung.de\\\/cms\\\/2016\\\/05\\\/vorstudium-jazz-1617-koeln\\\/#primaryimage\",\"url\":\"http:\\\/\\\/www.jazzzeitung.de\\\/cms\\\/wp-content\\\/uploads\\\/2016\\\/05\\\/Foto-Nendza@Bastian-Werner-1.jpeg\",\"contentUrl\":\"http:\\\/\\\/www.jazzzeitung.de\\\/cms\\\/wp-content\\\/uploads\\\/2016\\\/05\\\/Foto-Nendza@Bastian-Werner-1.jpeg\"},{\"@type\":\"BreadcrumbList\",\"@id\":\"https:\\\/\\\/www.jazzzeitung.de\\\/cms\\\/2016\\\/05\\\/vorstudium-jazz-1617-koeln\\\/#breadcrumb\",\"itemListElement\":[{\"@type\":\"ListItem\",\"position\":1,\"name\":\"Startseite\",\"item\":\"https:\\\/\\\/www.jazzzeitung.de\\\/cms\\\/\"},{\"@type\":\"ListItem\",\"position\":2,\"name\":\"Vorstudium Jazz 16\\\/17 in K\u00f6ln: Es gibt noch Pl\u00e4tze\"}]},{\"@type\":\"WebSite\",\"@id\":\"https:\\\/\\\/www.jazzzeitung.de\\\/cms\\\/#website\",\"url\":\"https:\\\/\\\/www.jazzzeitung.de\\\/cms\\\/\",\"name\":\"JazzZeitung\",\"description\":\"Jazz-News und Jazz-Kontroverses\",\"publisher\":{\"@id\":\"https:\\\/\\\/www.jazzzeitung.de\\\/cms\\\/#organization\"},\"potentialAction\":[{\"@type\":\"SearchAction\",\"target\":{\"@type\":\"EntryPoint\",\"urlTemplate\":\"https:\\\/\\\/www.jazzzeitung.de\\\/cms\\\/?s={search_term_string}\"},\"query-input\":{\"@type\":\"PropertyValueSpecification\",\"valueRequired\":true,\"valueName\":\"search_term_string\"}}],\"inLanguage\":\"de\"},{\"@type\":\"Organization\",\"@id\":\"https:\\\/\\\/www.jazzzeitung.de\\\/cms\\\/#organization\",\"name\":\"JazzZeitung online\",\"url\":\"https:\\\/\\\/www.jazzzeitung.de\\\/cms\\\/\",\"logo\":{\"@type\":\"ImageObject\",\"inLanguage\":\"de\",\"@id\":\"https:\\\/\\\/www.jazzzeitung.de\\\/cms\\\/#\\\/schema\\\/logo\\\/image\\\/\",\"url\":\"https:\\\/\\\/i0.wp.com\\\/www.jazzzeitung.de\\\/cms\\\/wp-content\\\/uploads\\\/2015\\\/08\\\/JAZZZEITUNGDE_Logo_Neu.png?fit=499%2C200&ssl=1\",\"contentUrl\":\"https:\\\/\\\/i0.wp.com\\\/www.jazzzeitung.de\\\/cms\\\/wp-content\\\/uploads\\\/2015\\\/08\\\/JAZZZEITUNGDE_Logo_Neu.png?fit=499%2C200&ssl=1\",\"width\":499,\"height\":200,\"caption\":\"JazzZeitung online\"},\"image\":{\"@id\":\"https:\\\/\\\/www.jazzzeitung.de\\\/cms\\\/#\\\/schema\\\/logo\\\/image\\\/\"},\"sameAs\":[\"https:\\\/\\\/www.facebook.com\\\/JazzZeitung\\\/\"]},{\"@type\":\"Person\",\"@id\":\"https:\\\/\\\/www.jazzzeitung.de\\\/cms\\\/#\\\/schema\\\/person\\\/2245b36b9cd1d24cea10f01c031fb92b\",\"name\":\"Redaktion JazzZeitung\",\"image\":{\"@type\":\"ImageObject\",\"inLanguage\":\"de\",\"@id\":\"https:\\\/\\\/i0.wp.com\\\/www.jazzzeitung.de\\\/cms\\\/wp-content\\\/uploads\\\/2015\\\/08\\\/JAZZZEITUNGDE_Logo_Neu.png?resize=96%2C96&ssl=159975dcacb611b5700bd619b5daf0a7a\",\"url\":\"https:\\\/\\\/i0.wp.com\\\/www.jazzzeitung.de\\\/cms\\\/wp-content\\\/uploads\\\/2015\\\/08\\\/JAZZZEITUNGDE_Logo_Neu.png?resize=96%2C96&ssl=1\",\"contentUrl\":\"https:\\\/\\\/i0.wp.com\\\/www.jazzzeitung.de\\\/cms\\\/wp-content\\\/uploads\\\/2015\\\/08\\\/JAZZZEITUNGDE_Logo_Neu.png?resize=96%2C96&ssl=1\",\"caption\":\"Redaktion JazzZeitung\"},\"description\":\"Artikel der Redaktion der JazzZeitung.\",\"sameAs\":[\"http:\\\/\\\/www.jazzzeitung.de\\\/cms\\\/\"],\"url\":\"https:\\\/\\\/www.jazzzeitung.de\\\/cms\\\/author\\\/redaktion\\\/\"}]}<\/script>\n<!-- \/ Yoast SEO plugin. -->","yoast_head_json":{"title":"Vorstudium Jazz 16\/17 in K\u00f6ln: Es gibt noch Pl\u00e4tze - JazzZeitung","robots":{"index":"index","follow":"follow","max-snippet":"max-snippet:-1","max-image-preview":"max-image-preview:large","max-video-preview":"max-video-preview:-1"},"canonical":"https:\/\/www.jazzzeitung.de\/cms\/2016\/05\/vorstudium-jazz-1617-koeln\/","og_locale":"de_DE","og_type":"article","og_title":"Vorstudium Jazz 16\/17 in K\u00f6ln: Es gibt noch Pl\u00e4tze - JazzZeitung","og_description":"Ab August 2016 beginnt zum 19ten Mal der einj\u00e4hrige Fortbildungskurs\u00a0\u201eVorstudium Jazz\u201c der Offenen Jazzhaus Schule in K\u00f6ln. Dieser Kurs wendet sich an Musiker, die an einer zielgerichteten, intensiven Ausbildung unter Anleitung profilierter Dozenten interessiert sind. Es eignet sich insbesondere zur direkten Vorbereitung auf die Aufnahmepr\u00fcfung an einer Musikhochschule. Die Teilnehmer k\u00f6nnen bereits vorhandenes Wissen vertiefen und auffrischen oder Neues in kompakter und systematischer Weise erlernen. Das &#8222;Vorstudium Jazz&#8220; dient dar\u00fcber hinaus als Kontaktb\u00f6rse, bei der sich Musiker mit \u00e4hnlichen Zielen finden. Die Kursleitung hat Andr\u00e9 Nendza. Weitere Informationen unter\u00a0http:\/\/www.jazzhausschule.de\/j3\/angebot\/vorstudium-jazz\u00a0oder telefonisch unter: 0221\/13 05 65-25","og_url":"https:\/\/www.jazzzeitung.de\/cms\/2016\/05\/vorstudium-jazz-1617-koeln\/","og_site_name":"JazzZeitung","article_publisher":"https:\/\/www.facebook.com\/JazzZeitung\/","article_published_time":"2016-05-22T13:00:29+00:00","og_image":[{"url":"http:\/\/www.jazzzeitung.de\/cms\/wp-content\/uploads\/2016\/05\/Foto-Nendza@Bastian-Werner-1.jpeg","type":"","width":"","height":""}],"author":"Redaktion JazzZeitung","schema":{"@context":"https:\/\/schema.org","@graph":[{"@type":"Article","@id":"https:\/\/www.jazzzeitung.de\/cms\/2016\/05\/vorstudium-jazz-1617-koeln\/#article","isPartOf":{"@id":"https:\/\/www.jazzzeitung.de\/cms\/2016\/05\/vorstudium-jazz-1617-koeln\/"},"author":{"name":"Redaktion JazzZeitung","@id":"https:\/\/www.jazzzeitung.de\/cms\/#\/schema\/person\/2245b36b9cd1d24cea10f01c031fb92b"},"headline":"Vorstudium Jazz 16\/17 in K\u00f6ln: Es gibt noch Pl\u00e4tze","datePublished":"2016-05-22T13:00:29+00:00","mainEntityOfPage":{"@id":"https:\/\/www.jazzzeitung.de\/cms\/2016\/05\/vorstudium-jazz-1617-koeln\/"},"wordCount":126,"commentCount":0,"publisher":{"@id":"https:\/\/www.jazzzeitung.de\/cms\/#organization"},"image":{"@id":"https:\/\/www.jazzzeitung.de\/cms\/2016\/05\/vorstudium-jazz-1617-koeln\/#primaryimage"},"thumbnailUrl":"http:\/\/www.jazzzeitung.de\/cms\/wp-content\/uploads\/2016\/05\/Foto-Nendza@Bastian-Werner-1.jpeg","keywords":["K\u00f6ln"],"articleSection":["News"],"inLanguage":"de","potentialAction":[{"@type":"CommentAction","name":"Comment","target":["https:\/\/www.jazzzeitung.de\/cms\/2016\/05\/vorstudium-jazz-1617-koeln\/#respond"]}]},{"@type":"WebPage","@id":"https:\/\/www.jazzzeitung.de\/cms\/2016\/05\/vorstudium-jazz-1617-koeln\/","url":"https:\/\/www.jazzzeitung.de\/cms\/2016\/05\/vorstudium-jazz-1617-koeln\/","name":"Vorstudium Jazz 16\/17 in K\u00f6ln: Es gibt noch Pl\u00e4tze - JazzZeitung","isPartOf":{"@id":"https:\/\/www.jazzzeitung.de\/cms\/#website"},"primaryImageOfPage":{"@id":"https:\/\/www.jazzzeitung.de\/cms\/2016\/05\/vorstudium-jazz-1617-koeln\/#primaryimage"},"image":{"@id":"https:\/\/www.jazzzeitung.de\/cms\/2016\/05\/vorstudium-jazz-1617-koeln\/#primaryimage"},"thumbnailUrl":"http:\/\/www.jazzzeitung.de\/cms\/wp-content\/uploads\/2016\/05\/Foto-Nendza@Bastian-Werner-1.jpeg","datePublished":"2016-05-22T13:00:29+00:00","breadcrumb":{"@id":"https:\/\/www.jazzzeitung.de\/cms\/2016\/05\/vorstudium-jazz-1617-koeln\/#breadcrumb"},"inLanguage":"de","potentialAction":[{"@type":"ReadAction","target":["https:\/\/www.jazzzeitung.de\/cms\/2016\/05\/vorstudium-jazz-1617-koeln\/"]}]},{"@type":"ImageObject","inLanguage":"de","@id":"https:\/\/www.jazzzeitung.de\/cms\/2016\/05\/vorstudium-jazz-1617-koeln\/#primaryimage","url":"http:\/\/www.jazzzeitung.de\/cms\/wp-content\/uploads\/2016\/05\/Foto-Nendza@Bastian-Werner-1.jpeg","contentUrl":"http:\/\/www.jazzzeitung.de\/cms\/wp-content\/uploads\/2016\/05\/Foto-Nendza@Bastian-Werner-1.jpeg"},{"@type":"BreadcrumbList","@id":"https:\/\/www.jazzzeitung.de\/cms\/2016\/05\/vorstudium-jazz-1617-koeln\/#breadcrumb","itemListElement":[{"@type":"ListItem","position":1,"name":"Startseite","item":"https:\/\/www.jazzzeitung.de\/cms\/"},{"@type":"ListItem","position":2,"name":"Vorstudium Jazz 16\/17 in K\u00f6ln: Es gibt noch Pl\u00e4tze"}]},{"@type":"WebSite","@id":"https:\/\/www.jazzzeitung.de\/cms\/#website","url":"https:\/\/www.jazzzeitung.de\/cms\/","name":"JazzZeitung","description":"Jazz-News und Jazz-Kontroverses","publisher":{"@id":"https:\/\/www.jazzzeitung.de\/cms\/#organization"},"potentialAction":[{"@type":"SearchAction","target":{"@type":"EntryPoint","urlTemplate":"https:\/\/www.jazzzeitung.de\/cms\/?s={search_term_string}"},"query-input":{"@type":"PropertyValueSpecification","valueRequired":true,"valueName":"search_term_string"}}],"inLanguage":"de"},{"@type":"Organization","@id":"https:\/\/www.jazzzeitung.de\/cms\/#organization","name":"JazzZeitung online","url":"https:\/\/www.jazzzeitung.de\/cms\/","logo":{"@type":"ImageObject","inLanguage":"de","@id":"https:\/\/www.jazzzeitung.de\/cms\/#\/schema\/logo\/image\/","url":"https:\/\/i0.wp.com\/www.jazzzeitung.de\/cms\/wp-content\/uploads\/2015\/08\/JAZZZEITUNGDE_Logo_Neu.png?fit=499%2C200&ssl=1","contentUrl":"https:\/\/i0.wp.com\/www.jazzzeitung.de\/cms\/wp-content\/uploads\/2015\/08\/JAZZZEITUNGDE_Logo_Neu.png?fit=499%2C200&ssl=1","width":499,"height":200,"caption":"JazzZeitung online"},"image":{"@id":"https:\/\/www.jazzzeitung.de\/cms\/#\/schema\/logo\/image\/"},"sameAs":["https:\/\/www.facebook.com\/JazzZeitung\/"]},{"@type":"Person","@id":"https:\/\/www.jazzzeitung.de\/cms\/#\/schema\/person\/2245b36b9cd1d24cea10f01c031fb92b","name":"Redaktion JazzZeitung","image":{"@type":"ImageObject","inLanguage":"de","@id":"https:\/\/i0.wp.com\/www.jazzzeitung.de\/cms\/wp-content\/uploads\/2015\/08\/JAZZZEITUNGDE_Logo_Neu.png?resize=96%2C96&ssl=159975dcacb611b5700bd619b5daf0a7a","url":"https:\/\/i0.wp.com\/www.jazzzeitung.de\/cms\/wp-content\/uploads\/2015\/08\/JAZZZEITUNGDE_Logo_Neu.png?resize=96%2C96&ssl=1","contentUrl":"https:\/\/i0.wp.com\/www.jazzzeitung.de\/cms\/wp-content\/uploads\/2015\/08\/JAZZZEITUNGDE_Logo_Neu.png?resize=96%2C96&ssl=1","caption":"Redaktion JazzZeitung"},"description":"Artikel der Redaktion der JazzZeitung.","sameAs":["http:\/\/www.jazzzeitung.de\/cms\/"],"url":"https:\/\/www.jazzzeitung.de\/cms\/author\/redaktion\/"}]}},"wp-worthy-pixel":{"ignored":false,"public":null,"server":null,"url":null},"wp-worthy-type":"normal","jetpack_publicize_connections":[],"cc_featured_image_caption":{"caption_text":false,"source_text":false,"source_url":false},"jetpack_featured_media_url":"","jetpack_shortlink":"https:\/\/wp.me\/p3KEcT-2qO","jetpack-related-posts":[{"id":6238,"url":"https:\/\/www.jazzzeitung.de\/cms\/2015\/05\/news-einhaldenfestival-2015-jahrespreis-der-deutschen-schallplattenkritik-summer-jazznight-burghausen-2015-vorstudium-jazz-koeln\/","url_meta":{"origin":9350,"position":0},"title":"News: +++ Einhaldenfestival 2015 +++ Jahrespreis der deutschen Schallplattenkritik +++ Summer-Jazznight Burghausen 2015 +++ Vorstudium Jazz in K\u00f6ln","author":"Redaktion JazzZeitung","date":"27. Mai 2015","format":false,"excerpt":"\u00a0 SWR Big Band er\u00f6ffnet Einhaldenfestival 2015 Vom 30. Juli bis 2. August 2015 wird der \u00fcber 850 Jahre alte Bauernhof Einhalden bei Ravensburg erneut zum Festivalgel\u00e4nde. F\u00fcr das B\u00fchnenprogramm konnten die Veranstalter rund um Bauer Bernhard Rauch wieder erstklassige Musiker und Kabarettisten gewinnen. Mit dabei sind diesmal u.a. Weltklasse-Trompeter\u2026","rel":"","context":"In &quot;News&quot;","block_context":{"text":"News","link":"https:\/\/www.jazzzeitung.de\/cms\/thema\/nachrichten\/"},"img":{"alt_text":"","src":"https:\/\/i0.wp.com\/www.jazzzeitung.de\/cms\/wp-content\/uploads\/2015\/05\/festivalgelaende2.jpg?resize=350%2C200","width":350,"height":200,"srcset":"https:\/\/i0.wp.com\/www.jazzzeitung.de\/cms\/wp-content\/uploads\/2015\/05\/festivalgelaende2.jpg?resize=350%2C200 1x, https:\/\/i0.wp.com\/www.jazzzeitung.de\/cms\/wp-content\/uploads\/2015\/05\/festivalgelaende2.jpg?resize=525%2C300 1.5x, https:\/\/i0.wp.com\/www.jazzzeitung.de\/cms\/wp-content\/uploads\/2015\/05\/festivalgelaende2.jpg?resize=700%2C400 2x, https:\/\/i0.wp.com\/www.jazzzeitung.de\/cms\/wp-content\/uploads\/2015\/05\/festivalgelaende2.jpg?resize=1050%2C600 3x, https:\/\/i0.wp.com\/www.jazzzeitung.de\/cms\/wp-content\/uploads\/2015\/05\/festivalgelaende2.jpg?resize=1400%2C800 4x"},"classes":[]},{"id":29544,"url":"https:\/\/www.jazzzeitung.de\/cms\/2023\/06\/news-jutta-hipp-preis-fuer-olga-reznichenko-und-matti-oehl-deutsche-jazzunion-feiert-50-jahre-mit-forum-und-marburger-jazzsommer-vorbereitung-auf-aufnahmepruefungen-mit-andre-nendza\/","url_meta":{"origin":9350,"position":1},"title":"News: +++ Jutta Hipp Preis f\u00fcr Olga Reznichenko und Matti Oehl +++ Deutsche Jazzunion feiert 50 Jahre mit Forum und Marburger Jazzsommer +++ Vorbereitung auf Aufnahmepr\u00fcfungen mit Andr\u00e9 Nendza +++","author":"Redaktion JazzZeitung","date":"7. Juni 2023","format":false,"excerpt":"+++ Jutta Hipp Preis f\u00fcr Olga Reznichenko und Matti Oehl +++ Hipp hipp, hurra: Am 15. Juni 2023 wird der erste Jutta Hipp Preis an Olga Reznichenko und Matti Oehl vergeben. Der Jazzverband Sachsen e.\u00a0V. zeichnet damit etablierte Jazzmusiker*innen aus, die im Leben und Wirken mit dem Freistaat verbunden sind.\u2026","rel":"","context":"In &quot;News&quot;","block_context":{"text":"News","link":"https:\/\/www.jazzzeitung.de\/cms\/thema\/nachrichten\/"},"img":{"alt_text":"","src":"https:\/\/i0.wp.com\/www.jazzzeitung.de\/cms\/wp-content\/uploads\/2023\/01\/Ausschnitt-Hipp.png?fit=1058%2C790&ssl=1&resize=350%2C200","width":350,"height":200,"srcset":"https:\/\/i0.wp.com\/www.jazzzeitung.de\/cms\/wp-content\/uploads\/2023\/01\/Ausschnitt-Hipp.png?fit=1058%2C790&ssl=1&resize=350%2C200 1x, https:\/\/i0.wp.com\/www.jazzzeitung.de\/cms\/wp-content\/uploads\/2023\/01\/Ausschnitt-Hipp.png?fit=1058%2C790&ssl=1&resize=525%2C300 1.5x, https:\/\/i0.wp.com\/www.jazzzeitung.de\/cms\/wp-content\/uploads\/2023\/01\/Ausschnitt-Hipp.png?fit=1058%2C790&ssl=1&resize=700%2C400 2x, https:\/\/i0.wp.com\/www.jazzzeitung.de\/cms\/wp-content\/uploads\/2023\/01\/Ausschnitt-Hipp.png?fit=1058%2C790&ssl=1&resize=1050%2C600 3x"},"classes":[]},{"id":12727,"url":"https:\/\/www.jazzzeitung.de\/cms\/2017\/06\/news-20-jahre-vorstudium-jazz-in-koeln-joe-zawinul-gedenk-konzert-in-steyrermuehl-ten-strings-duo-in-huerther\/","url_meta":{"origin":9350,"position":2},"title":"+++news +++ 20 Jahre Vorstudium Jazz in K\u00f6ln +++ Joe Zawinul-Gedenk-Konzert in Steyrerm\u00fchl +++ &#8222;Ten Strings Duo&#8220; in H\u00fcrther +++","author":"Redaktion JazzZeitung","date":"19. Juni 2017","format":false,"excerpt":"+++ Jubil\u00e4um: 20 Jahre Vorstudium Jazz in K\u00f6ln +++ Ab\u00a0September\u00a02017\u00a0beginnt der einj\u00e4hrige Fortbildungskurs \u201eVorstudium Jazz\u201c der Offenen Jazzhaus Schule in K\u00f6ln. Dieser Kurs wendet sich an Musiker, die an einer zielgerichteten, intensiven Ausbildung unter Anleitung profilierter Dozenten interessiert sind. Es eignet sich insbesondere zur direkten Vorbereitung auf die Aufnahmepr\u00fcfung an\u2026","rel":"","context":"In &quot;News&quot;","block_context":{"text":"News","link":"https:\/\/www.jazzzeitung.de\/cms\/thema\/nachrichten\/"},"img":{"alt_text":"","src":"https:\/\/i0.wp.com\/www.jazzzeitung.de\/cms\/wp-content\/uploads\/2017\/06\/Andre-Nendza-%40BastianWerner-150x150.jpeg?resize=350%2C200&ssl=1","width":350,"height":200},"classes":[]},{"id":16508,"url":"https:\/\/www.jazzzeitung.de\/cms\/2018\/06\/news-women-im-jazz-beim-suedtiroler-jazzfestivalvorstudium-jazz-der-offenen-jazzhaus-schule-beginnt-im-septemberkartenverkauf-fuer-jazzfestival-frankfurt-hat-begonnen\/","url_meta":{"origin":9350,"position":3},"title":"+++NEWS+++&#8220;Women in Jazz&#8220; beim S\u00fcdtiroler Jazzfestival+++&#8220;Vorstudium Jazz&#8220; der Offenen Jazzhaus Schule beginnt im September+++Kartenverkauf f\u00fcr Jazzfestival Frankfurt hat begonnen+++","author":"Redaktion JazzZeitung","date":"27. Juni 2018","format":false,"excerpt":"+++\"Women in Jazz\" beim S\u00fcdtiroler Jazzfestival+++ Neben dem Schwerpunkt auf die nordischen L\u00e4nder unter dem Motto \u201eExploring the North\u201c lockt das S\u00fcdtirol Jazzfestival dieses Jahr Wert mit einer reichlich weiblichen Programmierung. Das mit Musikerinnen besetzte franz\u00f6sische Trio Ikui Doki verarbeitet den Impressionismus der Jahrhundertwende und betritt dabei ekstatische Klanglandschaften, die\u2026","rel":"","context":"In &quot;News&quot;","block_context":{"text":"News","link":"https:\/\/www.jazzzeitung.de\/cms\/thema\/nachrichten\/"},"img":{"alt_text":"","src":"https:\/\/i0.wp.com\/www.jazzzeitung.de\/cms\/wp-content\/uploads\/2018\/06\/siea_harry_klein-80.jpg?fit=1200%2C800&ssl=1&resize=350%2C200","width":350,"height":200,"srcset":"https:\/\/i0.wp.com\/www.jazzzeitung.de\/cms\/wp-content\/uploads\/2018\/06\/siea_harry_klein-80.jpg?fit=1200%2C800&ssl=1&resize=350%2C200 1x, https:\/\/i0.wp.com\/www.jazzzeitung.de\/cms\/wp-content\/uploads\/2018\/06\/siea_harry_klein-80.jpg?fit=1200%2C800&ssl=1&resize=525%2C300 1.5x, https:\/\/i0.wp.com\/www.jazzzeitung.de\/cms\/wp-content\/uploads\/2018\/06\/siea_harry_klein-80.jpg?fit=1200%2C800&ssl=1&resize=700%2C400 2x, https:\/\/i0.wp.com\/www.jazzzeitung.de\/cms\/wp-content\/uploads\/2018\/06\/siea_harry_klein-80.jpg?fit=1200%2C800&ssl=1&resize=1050%2C600 3x"},"classes":[]},{"id":24958,"url":"https:\/\/www.jazzzeitung.de\/cms\/2021\/06\/save-the-date-suedtirol-jazzfestival\/","url_meta":{"origin":9350,"position":4},"title":"+++ Save the date: S\u00fcdtirol Jazzfestival +++ Vorstudium Jazz +++ Offene Ohren Konzerte +++","author":"Redaktion JazzZeitung","date":"9. Juni 2021","format":false,"excerpt":"+++ 50 Konzerte an zehn Veranstaltungstagen: Vom 25. Juni bis zum 4. Juli erkundet das S\u00fcdtirol Jazzfestival die junge Szene im S\u00fcdosten Europas +++ Das S\u00fcdtirol Jazzfestival 2021 findet statt und durchstreift mit seinem programmatischen Herzst\u00fcck das geographische Einzugsgebiet der Donau. In diesem interkulturellen Raum, der von Deutschland \u00fcber L\u00e4nder\u2026","rel":"","context":"In &quot;News&quot;","block_context":{"text":"News","link":"https:\/\/www.jazzzeitung.de\/cms\/thema\/nachrichten\/"},"img":{"alt_text":"","src":"https:\/\/i0.wp.com\/www.jazzzeitung.de\/cms\/wp-content\/uploads\/2021\/06\/Fatima-Spar-%C2%A9-Berkay-Sit.jpg?fit=567%2C378&ssl=1&resize=350%2C200","width":350,"height":200,"srcset":"https:\/\/i0.wp.com\/www.jazzzeitung.de\/cms\/wp-content\/uploads\/2021\/06\/Fatima-Spar-%C2%A9-Berkay-Sit.jpg?fit=567%2C378&ssl=1&resize=350%2C200 1x, https:\/\/i0.wp.com\/www.jazzzeitung.de\/cms\/wp-content\/uploads\/2021\/06\/Fatima-Spar-%C2%A9-Berkay-Sit.jpg?fit=567%2C378&ssl=1&resize=525%2C300 1.5x"},"classes":[]},{"id":25772,"url":"https:\/\/www.jazzzeitung.de\/cms\/2021\/09\/news-hoemma-21-krawall-de-cologne-bayreuther-jazz-november\/","url_meta":{"origin":9350,"position":5},"title":"+++ news +++ H\u00d6MMA 21 +++ Krawall de Cologne +++ Bayreuther Jazz-November +++","author":"Redaktion JazzZeitung","date":"15. September 2021","format":false,"excerpt":"H\u00d6MMA 21 \u2013 Das Jazzfestival in Oberhausen Der Ruhrpott swingt wieder: Zum f\u00fcnften Mal pr\u00e4sentiert das Oberhausener Jazzfestival H\u00d6MMA (hochdeutsch: \u201eh\u00f6r mal zu!\") im Herbst drei Tage lang Live-Acts an verschiedenen Locations im Stadtgebiet. Von Freitag, dem 8. Oktober 2021, bis Sonntag, dem 10. Oktober 2021, d\u00fcrfen sich Musikfans auf\u2026","rel":"","context":"In &quot;News&quot;","block_context":{"text":"News","link":"https:\/\/www.jazzzeitung.de\/cms\/thema\/nachrichten\/"},"img":{"alt_text":"","src":"https:\/\/i0.wp.com\/www.jazzzeitung.de\/cms\/wp-content\/uploads\/2021\/09\/P-JazzNov-2021-12-Huntertones-feat-Shayna-Steele-by-Shervin-Lainez.jpg?fit=1200%2C866&ssl=1&resize=350%2C200","width":350,"height":200,"srcset":"https:\/\/i0.wp.com\/www.jazzzeitung.de\/cms\/wp-content\/uploads\/2021\/09\/P-JazzNov-2021-12-Huntertones-feat-Shayna-Steele-by-Shervin-Lainez.jpg?fit=1200%2C866&ssl=1&resize=350%2C200 1x, https:\/\/i0.wp.com\/www.jazzzeitung.de\/cms\/wp-content\/uploads\/2021\/09\/P-JazzNov-2021-12-Huntertones-feat-Shayna-Steele-by-Shervin-Lainez.jpg?fit=1200%2C866&ssl=1&resize=525%2C300 1.5x, https:\/\/i0.wp.com\/www.jazzzeitung.de\/cms\/wp-content\/uploads\/2021\/09\/P-JazzNov-2021-12-Huntertones-feat-Shayna-Steele-by-Shervin-Lainez.jpg?fit=1200%2C866&ssl=1&resize=700%2C400 2x, https:\/\/i0.wp.com\/www.jazzzeitung.de\/cms\/wp-content\/uploads\/2021\/09\/P-JazzNov-2021-12-Huntertones-feat-Shayna-Steele-by-Shervin-Lainez.jpg?fit=1200%2C866&ssl=1&resize=1050%2C600 3x"},"classes":[]}],"jetpack_sharing_enabled":true,"_links":{"self":[{"href":"https:\/\/www.jazzzeitung.de\/cms\/wp-json\/wp\/v2\/posts\/9350","targetHints":{"allow":["GET"]}}],"collection":[{"href":"https:\/\/www.jazzzeitung.de\/cms\/wp-json\/wp\/v2\/posts"}],"about":[{"href":"https:\/\/www.jazzzeitung.de\/cms\/wp-json\/wp\/v2\/types\/post"}],"author":[{"embeddable":true,"href":"https:\/\/www.jazzzeitung.de\/cms\/wp-json\/wp\/v2\/users\/18"}],"replies":[{"embeddable":true,"href":"https:\/\/www.jazzzeitung.de\/cms\/wp-json\/wp\/v2\/comments?post=9350"}],"version-history":[{"count":5,"href":"https:\/\/www.jazzzeitung.de\/cms\/wp-json\/wp\/v2\/posts\/9350\/revisions"}],"predecessor-version":[{"id":9357,"href":"https:\/\/www.jazzzeitung.de\/cms\/wp-json\/wp\/v2\/posts\/9350\/revisions\/9357"}],"wp:attachment":[{"href":"https:\/\/www.jazzzeitung.de\/cms\/wp-json\/wp\/v2\/media?parent=9350"}],"wp:term":[{"taxonomy":"category","embeddable":true,"href":"https:\/\/www.jazzzeitung.de\/cms\/wp-json\/wp\/v2\/categories?post=9350"},{"taxonomy":"post_tag","embeddable":true,"href":"https:\/\/www.jazzzeitung.de\/cms\/wp-json\/wp\/v2\/tags?post=9350"},{"taxonomy":"author","embeddable":true,"href":"https:\/\/www.jazzzeitung.de\/cms\/wp-json\/wp\/v2\/coauthors?post=9350"}],"curies":[{"name":"wp","href":"https:\/\/api.w.org\/{rel}","templated":true}]}}