{"id":9321,"date":"2016-05-18T17:15:47","date_gmt":"2016-05-18T15:15:47","guid":{"rendered":"http:\/\/www.jazzzeitung.de\/cms\/?p=9321"},"modified":"2016-05-18T16:50:47","modified_gmt":"2016-05-18T14:50:47","slug":"vier-festivals-stehen-kurz-bevor-hilden-folkwang-augsburg-und-nockerberg-steppt-der-jazz","status":"publish","type":"post","link":"https:\/\/www.jazzzeitung.de\/cms\/2016\/05\/vier-festivals-stehen-kurz-bevor-hilden-folkwang-augsburg-und-nockerberg-steppt-der-jazz\/","title":{"rendered":"+++ News: Vier Festivals stehen vor der T\u00fcr +++ Der Jazz steppt in Hilden, Folkwang, Augsburg und am Nockerberg"},"content":{"rendered":"<div class=\"tiled-gallery type-rectangular tiled-gallery-unresized\" data-original-width=\"840\" data-carousel-extra='{&quot;blog_id&quot;:1,&quot;permalink&quot;:&quot;https:\\\/\\\/www.jazzzeitung.de\\\/cms\\\/2016\\\/05\\\/vier-festivals-stehen-kurz-bevor-hilden-folkwang-augsburg-und-nockerberg-steppt-der-jazz\\\/&quot;,&quot;likes_blog_id&quot;:55446655}' itemscope itemtype=\"http:\/\/schema.org\/ImageGallery\" > <div class=\"gallery-row\" style=\"width: 840px; height: 439px;\" data-original-width=\"840\" data-original-height=\"439\" > <div class=\"gallery-group images-1\" style=\"width: 629px; height: 439px;\" data-original-width=\"629\" data-original-height=\"439\" > <div class=\"tiled-gallery-item tiled-gallery-item-large\" itemprop=\"associatedMedia\" itemscope itemtype=\"http:\/\/schema.org\/ImageObject\"> <a href=\"https:\/\/www.jazzzeitung.de\/cms\/2016\/05\/vier-festivals-stehen-kurz-bevor-hilden-folkwang-augsburg-und-nockerberg-steppt-der-jazz\/bona-richard-ten5\/\" border=\"0\" itemprop=\"url\"> <meta itemprop=\"width\" content=\"625\"> <meta itemprop=\"height\" content=\"435\"> <img decoding=\"async\" class=\"\" data-attachment-id=\"9323\" data-orig-file=\"https:\/\/www.jazzzeitung.de\/cms\/wp-content\/uploads\/2016\/05\/Bona-Richard-Ten5.jpg\" data-orig-size=\"1920,1336\" data-comments-opened=\"1\" data-image-meta=\"{&quot;aperture&quot;:&quot;0&quot;,&quot;credit&quot;:&quot;&quot;,&quot;camera&quot;:&quot;&quot;,&quot;caption&quot;:&quot;&quot;,&quot;created_timestamp&quot;:&quot;0&quot;,&quot;copyright&quot;:&quot;&quot;,&quot;focal_length&quot;:&quot;0&quot;,&quot;iso&quot;:&quot;0&quot;,&quot;shutter_speed&quot;:&quot;0&quot;,&quot;title&quot;:&quot;&quot;,&quot;orientation&quot;:&quot;1&quot;}\" data-image-title=\"\" data-image-description=\"\" data-medium-file=\"https:\/\/i0.wp.com\/www.jazzzeitung.de\/cms\/wp-content\/uploads\/2016\/05\/Bona-Richard-Ten5.jpg?fit=300%2C209&#038;ssl=1\" data-large-file=\"https:\/\/i0.wp.com\/www.jazzzeitung.de\/cms\/wp-content\/uploads\/2016\/05\/Bona-Richard-Ten5.jpg?fit=840%2C585&#038;ssl=1\" src=\"https:\/\/i0.wp.com\/www.jazzzeitung.de\/cms\/wp-content\/uploads\/2016\/05\/Bona-Richard-Ten5.jpg?w=625&#038;h=435&#038;ssl=1\" srcset=\"https:\/\/i0.wp.com\/www.jazzzeitung.de\/cms\/wp-content\/uploads\/2016\/05\/Bona-Richard-Ten5.jpg?w=1920&amp;ssl=1 1920w, https:\/\/i0.wp.com\/www.jazzzeitung.de\/cms\/wp-content\/uploads\/2016\/05\/Bona-Richard-Ten5.jpg?resize=300%2C209&amp;ssl=1 300w, https:\/\/i0.wp.com\/www.jazzzeitung.de\/cms\/wp-content\/uploads\/2016\/05\/Bona-Richard-Ten5.jpg?resize=768%2C534&amp;ssl=1 768w, https:\/\/i0.wp.com\/www.jazzzeitung.de\/cms\/wp-content\/uploads\/2016\/05\/Bona-Richard-Ten5.jpg?resize=862%2C600&amp;ssl=1 862w, https:\/\/i0.wp.com\/www.jazzzeitung.de\/cms\/wp-content\/uploads\/2016\/05\/Bona-Richard-Ten5.jpg?resize=900%2C626&amp;ssl=1 900w, https:\/\/i0.wp.com\/www.jazzzeitung.de\/cms\/wp-content\/uploads\/2016\/05\/Bona-Richard-Ten5.jpg?w=1680&amp;ssl=1 1680w\" width=\"625\" height=\"435\" loading=\"lazy\" data-original-width=\"625\" data-original-height=\"435\" itemprop=\"http:\/\/schema.org\/image\" title=\"\" alt=\"Jazzbassist Richard Bona spielt in Hilden.\" style=\"width: 625px; height: 435px;\" \/> <\/a> <div class=\"tiled-gallery-caption\" itemprop=\"caption description\"> Jazzbassist Richard Bona spielt in Hilden. <\/div> <\/div> <\/div> <!-- close group --> <div class=\"gallery-group images-2\" style=\"width: 211px; height: 439px;\" data-original-width=\"211\" data-original-height=\"439\" > <div class=\"tiled-gallery-item tiled-gallery-item-small\" itemprop=\"associatedMedia\" itemscope itemtype=\"http:\/\/schema.org\/ImageObject\"> <a href=\"https:\/\/www.jazzzeitung.de\/cms\/2016\/05\/vier-festivals-stehen-kurz-bevor-hilden-folkwang-augsburg-und-nockerberg-steppt-der-jazz\/alita-moses\/\" border=\"0\" itemprop=\"url\"> <meta itemprop=\"width\" content=\"207\"> <meta itemprop=\"height\" content=\"224\"> <img decoding=\"async\" class=\"\" data-attachment-id=\"9322\" data-orig-file=\"https:\/\/www.jazzzeitung.de\/cms\/wp-content\/uploads\/2016\/05\/Alita-Moses.jpg\" data-orig-size=\"1024,1104\" data-comments-opened=\"1\" data-image-meta=\"{&quot;aperture&quot;:&quot;0&quot;,&quot;credit&quot;:&quot;&quot;,&quot;camera&quot;:&quot;&quot;,&quot;caption&quot;:&quot;&quot;,&quot;created_timestamp&quot;:&quot;0&quot;,&quot;copyright&quot;:&quot;&quot;,&quot;focal_length&quot;:&quot;0&quot;,&quot;iso&quot;:&quot;0&quot;,&quot;shutter_speed&quot;:&quot;0&quot;,&quot;title&quot;:&quot;&quot;,&quot;orientation&quot;:&quot;1&quot;}\" data-image-title=\"\" data-image-description=\"\" data-medium-file=\"https:\/\/i0.wp.com\/www.jazzzeitung.de\/cms\/wp-content\/uploads\/2016\/05\/Alita-Moses.jpg?fit=278%2C300&#038;ssl=1\" data-large-file=\"https:\/\/i0.wp.com\/www.jazzzeitung.de\/cms\/wp-content\/uploads\/2016\/05\/Alita-Moses.jpg?fit=557%2C600&#038;ssl=1\" src=\"https:\/\/i0.wp.com\/www.jazzzeitung.de\/cms\/wp-content\/uploads\/2016\/05\/Alita-Moses.jpg?w=207&#038;h=224&#038;ssl=1\" srcset=\"https:\/\/i0.wp.com\/www.jazzzeitung.de\/cms\/wp-content\/uploads\/2016\/05\/Alita-Moses.jpg?w=1024&amp;ssl=1 1024w, https:\/\/i0.wp.com\/www.jazzzeitung.de\/cms\/wp-content\/uploads\/2016\/05\/Alita-Moses.jpg?resize=278%2C300&amp;ssl=1 278w, https:\/\/i0.wp.com\/www.jazzzeitung.de\/cms\/wp-content\/uploads\/2016\/05\/Alita-Moses.jpg?resize=768%2C828&amp;ssl=1 768w, https:\/\/i0.wp.com\/www.jazzzeitung.de\/cms\/wp-content\/uploads\/2016\/05\/Alita-Moses.jpg?resize=557%2C600&amp;ssl=1 557w, https:\/\/i0.wp.com\/www.jazzzeitung.de\/cms\/wp-content\/uploads\/2016\/05\/Alita-Moses.jpg?resize=900%2C970&amp;ssl=1 900w\" width=\"207\" height=\"224\" loading=\"lazy\" data-original-width=\"207\" data-original-height=\"224\" itemprop=\"http:\/\/schema.org\/image\" title=\"\" alt=\"Auch Alita Moses kehrt nach Hilden ein.\" style=\"width: 207px; height: 224px;\" \/> <\/a> <div class=\"tiled-gallery-caption\" itemprop=\"caption description\"> Auch Alita Moses kehrt nach Hilden ein. <\/div> <\/div> <div class=\"tiled-gallery-item tiled-gallery-item-small\" itemprop=\"associatedMedia\" itemscope itemtype=\"http:\/\/schema.org\/ImageObject\"> <a href=\"https:\/\/www.jazzzeitung.de\/cms\/2016\/05\/vier-festivals-stehen-kurz-bevor-hilden-folkwang-augsburg-und-nockerberg-steppt-der-jazz\/lajos-dudas_1\/\" border=\"0\" itemprop=\"url\"> <meta itemprop=\"width\" content=\"207\"> <meta itemprop=\"height\" content=\"207\"> <img decoding=\"async\" class=\"\" data-attachment-id=\"9324\" data-orig-file=\"https:\/\/www.jazzzeitung.de\/cms\/wp-content\/uploads\/2016\/05\/Lajos-Dudas_1.jpg\" data-orig-size=\"2362,2362\" data-comments-opened=\"1\" data-image-meta=\"{&quot;aperture&quot;:&quot;4.5&quot;,&quot;credit&quot;:&quot;&quot;,&quot;camera&quot;:&quot;NIKON D4&quot;,&quot;caption&quot;:&quot;&quot;,&quot;created_timestamp&quot;:&quot;1345839457&quot;,&quot;copyright&quot;:&quot;&quot;,&quot;focal_length&quot;:&quot;85&quot;,&quot;iso&quot;:&quot;3200&quot;,&quot;shutter_speed&quot;:&quot;0.01&quot;,&quot;title&quot;:&quot;&quot;,&quot;orientation&quot;:&quot;1&quot;}\" data-image-title=\"\" data-image-description=\"\" data-medium-file=\"https:\/\/i0.wp.com\/www.jazzzeitung.de\/cms\/wp-content\/uploads\/2016\/05\/Lajos-Dudas_1.jpg?fit=300%2C300&#038;ssl=1\" data-large-file=\"https:\/\/i0.wp.com\/www.jazzzeitung.de\/cms\/wp-content\/uploads\/2016\/05\/Lajos-Dudas_1.jpg?fit=600%2C600&#038;ssl=1\" src=\"https:\/\/i0.wp.com\/www.jazzzeitung.de\/cms\/wp-content\/uploads\/2016\/05\/Lajos-Dudas_1.jpg?w=207&#038;h=207&#038;crop=1&#038;ssl=1\" srcset=\"https:\/\/i0.wp.com\/www.jazzzeitung.de\/cms\/wp-content\/uploads\/2016\/05\/Lajos-Dudas_1.jpg?w=2362&amp;ssl=1 2362w, https:\/\/i0.wp.com\/www.jazzzeitung.de\/cms\/wp-content\/uploads\/2016\/05\/Lajos-Dudas_1.jpg?resize=150%2C150&amp;ssl=1 150w, https:\/\/i0.wp.com\/www.jazzzeitung.de\/cms\/wp-content\/uploads\/2016\/05\/Lajos-Dudas_1.jpg?resize=300%2C300&amp;ssl=1 300w, https:\/\/i0.wp.com\/www.jazzzeitung.de\/cms\/wp-content\/uploads\/2016\/05\/Lajos-Dudas_1.jpg?resize=768%2C768&amp;ssl=1 768w, https:\/\/i0.wp.com\/www.jazzzeitung.de\/cms\/wp-content\/uploads\/2016\/05\/Lajos-Dudas_1.jpg?resize=600%2C600&amp;ssl=1 600w, https:\/\/i0.wp.com\/www.jazzzeitung.de\/cms\/wp-content\/uploads\/2016\/05\/Lajos-Dudas_1.jpg?resize=144%2C144&amp;ssl=1 144w, https:\/\/i0.wp.com\/www.jazzzeitung.de\/cms\/wp-content\/uploads\/2016\/05\/Lajos-Dudas_1.jpg?resize=96%2C96&amp;ssl=1 96w, https:\/\/i0.wp.com\/www.jazzzeitung.de\/cms\/wp-content\/uploads\/2016\/05\/Lajos-Dudas_1.jpg?resize=24%2C24&amp;ssl=1 24w, https:\/\/i0.wp.com\/www.jazzzeitung.de\/cms\/wp-content\/uploads\/2016\/05\/Lajos-Dudas_1.jpg?resize=36%2C36&amp;ssl=1 36w, https:\/\/i0.wp.com\/www.jazzzeitung.de\/cms\/wp-content\/uploads\/2016\/05\/Lajos-Dudas_1.jpg?resize=48%2C48&amp;ssl=1 48w, https:\/\/i0.wp.com\/www.jazzzeitung.de\/cms\/wp-content\/uploads\/2016\/05\/Lajos-Dudas_1.jpg?resize=64%2C64&amp;ssl=1 64w, https:\/\/i0.wp.com\/www.jazzzeitung.de\/cms\/wp-content\/uploads\/2016\/05\/Lajos-Dudas_1.jpg?resize=32%2C32&amp;ssl=1 32w, https:\/\/i0.wp.com\/www.jazzzeitung.de\/cms\/wp-content\/uploads\/2016\/05\/Lajos-Dudas_1.jpg?resize=128%2C128&amp;ssl=1 128w, https:\/\/i0.wp.com\/www.jazzzeitung.de\/cms\/wp-content\/uploads\/2016\/05\/Lajos-Dudas_1.jpg?resize=900%2C900&amp;ssl=1 900w, https:\/\/i0.wp.com\/www.jazzzeitung.de\/cms\/wp-content\/uploads\/2016\/05\/Lajos-Dudas_1.jpg?w=1680&amp;ssl=1 1680w\" width=\"207\" height=\"207\" loading=\"lazy\" data-original-width=\"207\" data-original-height=\"207\" itemprop=\"http:\/\/schema.org\/image\" title=\"\" alt=\"Lajos Dudas kommt am 3. Juni nach Augsburg in den Jazzclub..\" style=\"width: 207px; height: 207px;\" \/> <\/a> <div class=\"tiled-gallery-caption\" itemprop=\"caption description\"> Lajos Dudas kommt am 3. Juni nach Augsburg in den Jazzclub.. <\/div> <\/div> <\/div> <!-- close group --> <\/div> <!-- close row --> <div class=\"gallery-row\" style=\"width: 840px; height: 560px;\" data-original-width=\"840\" data-original-height=\"560\" > <div class=\"gallery-group images-1\" style=\"width: 840px; height: 560px;\" data-original-width=\"840\" data-original-height=\"560\" > <div class=\"tiled-gallery-item tiled-gallery-item-large\" itemprop=\"associatedMedia\" itemscope itemtype=\"http:\/\/schema.org\/ImageObject\"> <a href=\"https:\/\/www.jazzzeitung.de\/cms\/2016\/05\/vier-festivals-stehen-kurz-bevor-hilden-folkwang-augsburg-und-nockerberg-steppt-der-jazz\/the-cubops\/\" border=\"0\" itemprop=\"url\"> <meta itemprop=\"width\" content=\"836\"> <meta itemprop=\"height\" content=\"556\"> <img decoding=\"async\" class=\"\" data-attachment-id=\"9325\" data-orig-file=\"https:\/\/www.jazzzeitung.de\/cms\/wp-content\/uploads\/2016\/05\/The-Cubops.jpg\" data-orig-size=\"2929,1948\" data-comments-opened=\"1\" data-image-meta=\"{&quot;aperture&quot;:&quot;0&quot;,&quot;credit&quot;:&quot;&quot;,&quot;camera&quot;:&quot;&quot;,&quot;caption&quot;:&quot;&quot;,&quot;created_timestamp&quot;:&quot;0&quot;,&quot;copyright&quot;:&quot;&quot;,&quot;focal_length&quot;:&quot;0&quot;,&quot;iso&quot;:&quot;0&quot;,&quot;shutter_speed&quot;:&quot;0&quot;,&quot;title&quot;:&quot;&quot;,&quot;orientation&quot;:&quot;1&quot;}\" data-image-title=\"\" data-image-description=\"\" data-medium-file=\"https:\/\/i0.wp.com\/www.jazzzeitung.de\/cms\/wp-content\/uploads\/2016\/05\/The-Cubops.jpg?fit=300%2C200&#038;ssl=1\" data-large-file=\"https:\/\/i0.wp.com\/www.jazzzeitung.de\/cms\/wp-content\/uploads\/2016\/05\/The-Cubops.jpg?fit=840%2C560&#038;ssl=1\" src=\"https:\/\/i0.wp.com\/www.jazzzeitung.de\/cms\/wp-content\/uploads\/2016\/05\/The-Cubops.jpg?w=836&#038;h=556&#038;ssl=1\" srcset=\"https:\/\/i0.wp.com\/www.jazzzeitung.de\/cms\/wp-content\/uploads\/2016\/05\/The-Cubops.jpg?w=2929&amp;ssl=1 2929w, https:\/\/i0.wp.com\/www.jazzzeitung.de\/cms\/wp-content\/uploads\/2016\/05\/The-Cubops.jpg?resize=300%2C200&amp;ssl=1 300w, https:\/\/i0.wp.com\/www.jazzzeitung.de\/cms\/wp-content\/uploads\/2016\/05\/The-Cubops.jpg?resize=768%2C511&amp;ssl=1 768w, https:\/\/i0.wp.com\/www.jazzzeitung.de\/cms\/wp-content\/uploads\/2016\/05\/The-Cubops.jpg?resize=900%2C599&amp;ssl=1 900w, https:\/\/i0.wp.com\/www.jazzzeitung.de\/cms\/wp-content\/uploads\/2016\/05\/The-Cubops.jpg?w=1680&amp;ssl=1 1680w, https:\/\/i0.wp.com\/www.jazzzeitung.de\/cms\/wp-content\/uploads\/2016\/05\/The-Cubops.jpg?w=2520&amp;ssl=1 2520w\" width=\"836\" height=\"556\" loading=\"lazy\" data-original-width=\"836\" data-original-height=\"556\" itemprop=\"http:\/\/schema.org\/image\" title=\"\" alt=\"The Cubops geben am 9. Juni ein Konzert in Augsburg.\" style=\"width: 836px; height: 556px;\" \/> <\/a> <div class=\"tiled-gallery-caption\" itemprop=\"caption description\"> The Cubops geben am 9. Juni ein Konzert in Augsburg. <\/div> <\/div> <\/div> <!-- close group --> <\/div> <!-- close row --> <\/div>\n<p>Den Anfang machen die 21. Hildener Jazztage. Sie stehen unter dem Motto &#8222;Body &amp; Soul&#8220;. Highlight des Festivals ist der Auftritt des afrikanischen S\u00e4ngers und Bassisten Richard Bona am Samstag, dem 28. Mai 2016 in der Hildener Stadthalle (Fritz-Gressard-Platz 1) im Rahmen der \u201eInternational Jazznight\u201c. Fans nennen den in Kamerun geborenen Vollblutmusiker ehrf\u00fcrchtig den \u201eafrikanischen Sting\u201c. In seiner Musik, einer tanzbaren Mixtur aus Jazz und Ethno, finden sich immer auch afrikanische Rhythmen. Au\u00dferdem pr\u00e4sentiert der Gitarrist Axel Fischbacher an diesem Abend (Beginn: 19.30 Uhr)\u00a0 sein Projekt \u201eTHE WORLD IS NOT A DISC\u201c. Zum Ausklang der Jazznacht groovt dann die Band \u201eLittle Planet\u201c.<\/p>\n<p>Am 27. Mai geht die erste Folkwang Jazz Nacht in der Neuen Aula am Campus Essen-Werden an den Start \u2013 Studierende und Dozierende pr\u00e4sentieren die Ergebnisse ihrer Arbeit aus zwei Semestern. Konzertbeginn ist um 19.30 Uhr: Die Ensembles Sperie Karas (Leitung: Sperie Karas), The Fusion (Leitung: Frank Sichmann), Hugo Read (Leitung: Hugo Read) und das Folkwang Nonett (Leitung: Ryan Carniaux) spielen Werke vom swingenden Jazz bis zum kammermusikalischen Jazz.<\/p>\n<p>Einige bemerkenswerte Events briungen vom 3. bis zum 21. Juni viel Jazzspirit in den jazzclub augsburg e.V. Den Anfang macht der\u00a0 &#8222;Innovator der Klarinette im modernen\u00a0Jazz&#8220;, Lajos Dudas, mit Gitarrenbegleitung von Philipp van Endert am 3. Juni. Dann folgt am 4. Juni eine <a href=\"http:\/\/www.langekunstnacht.de\">lange Kunstnacht, <\/a>sowie am 7. Juni die erste Auxburg Jam Session mit Schlagzeuger\u00a0Tilman Herpichb\u00f6hm. Am 9. Juni gastieren die Cubops in der Besetzung Stephan Holstein (Sax, Clarinet), Robert Vogg (Sax, Flute), Tom Jahn (Piano), Josef Holzhauser (Guitar), Uli Fiedler (Bass), Walter Bittner (Drums) und Helmut Troendle (Congas, Percussion). Und zum Abschluss, am 21. Juni, die zweite Auxburg Jam Session um Saxophonist Tom Reinbrecht. Es wird Zeit f\u00fcr einen Abstecher ins bayerische Schwabenland!<\/p>\n<p>Auch am Nockerberg ist einiges los und zwar am 17. Juni: Vor der Sommerpause kehrt noch einmal der Jazz die Stufen des Polit-Schlachthofs. Die UNITED SYNCOPATORS treten um 20 Uhr mit ihrem klassischen New Orleans Jazz-Programm auf.<\/p>\n","protected":false},"excerpt":{"rendered":"<p>Den Anfang machen die 21. Hildener Jazztage. Sie stehen unter dem Motto &#8222;Body &amp; Soul&#8220;. Highlight des Festivals ist der Auftritt des afrikanischen S\u00e4ngers und Bassisten Richard Bona am Samstag, dem 28. Mai 2016 in der Hildener Stadthalle (Fritz-Gressard-Platz 1) im Rahmen der \u201eInternational Jazznight\u201c. Fans nennen den in Kamerun geborenen Vollblutmusiker ehrf\u00fcrchtig den \u201eafrikanischen Sting\u201c. In seiner Musik, einer tanzbaren Mixtur aus Jazz und Ethno, finden sich immer auch afrikanische Rhythmen. Au\u00dferdem pr\u00e4sentiert der Gitarrist Axel Fischbacher an diesem Abend (Beginn: 19.30 Uhr)\u00a0 sein Projekt \u201eTHE WORLD IS NOT A DISC\u201c. Zum Ausklang der Jazznacht groovt dann die Band \u201eLittle Planet\u201c. Am 27. Mai geht die erste Folkwang Jazz Nacht in der Neuen Aula am Campus Essen-Werden an den Start \u2013 Studierende und Dozierende pr\u00e4sentieren die Ergebnisse ihrer Arbeit aus zwei Semestern. Konzertbeginn ist um 19.30 Uhr: Die Ensembles Sperie Karas (Leitung: Sperie Karas), The Fusion (Leitung: Frank Sichmann), Hugo Read (Leitung: Hugo Read) und das Folkwang Nonett (Leitung: Ryan Carniaux) spielen Werke vom swingenden Jazz bis zum kammermusikalischen Jazz. Einige bemerkenswerte Events briungen vom 3. bis zum 21. Juni viel Jazzspirit in den &hellip;<\/p>\n","protected":false},"author":18,"featured_media":0,"comment_status":"open","ping_status":"closed","sticky":false,"template":"","format":"gallery","meta":{"_jetpack_memberships_contains_paid_content":false,"footnotes":"","jetpack_publicize_message":"","jetpack_publicize_feature_enabled":true,"jetpack_social_post_already_shared":false,"jetpack_social_options":{"image_generator_settings":{"template":"highway","default_image_id":0,"font":"","enabled":false},"version":2}},"categories":[633],"tags":[1203,691,682,271,322,442,522,556],"coauthors":[695],"class_list":["post-9321","post","type-post","status-publish","format-gallery","hentry","category-nachrichten","tag-augsburg","tag-essen","tag-festivals","tag-jazzclub","tag-konzert-2","tag-piano","tag-sting","tag-tom-reinbrecht","post_format-post-format-gallery"],"yoast_head":"<!-- This site is optimized with the Yoast SEO plugin v27.5 - https:\/\/yoast.com\/product\/yoast-seo-wordpress\/ -->\n<title>+++ News: Vier Festivals stehen vor der T\u00fcr +++ Der Jazz steppt in Hilden, Folkwang, Augsburg und am Nockerberg - JazzZeitung<\/title>\n<meta name=\"robots\" content=\"index, follow, max-snippet:-1, max-image-preview:large, max-video-preview:-1\" \/>\n<link rel=\"canonical\" href=\"https:\/\/www.jazzzeitung.de\/cms\/2016\/05\/vier-festivals-stehen-kurz-bevor-hilden-folkwang-augsburg-und-nockerberg-steppt-der-jazz\/\" \/>\n<meta property=\"og:locale\" content=\"de_DE\" \/>\n<meta property=\"og:type\" content=\"article\" \/>\n<meta property=\"og:title\" content=\"+++ News: Vier Festivals stehen vor der T\u00fcr +++ Der Jazz steppt in Hilden, Folkwang, Augsburg und am Nockerberg - JazzZeitung\" \/>\n<meta property=\"og:description\" content=\"Den Anfang machen die 21. Hildener Jazztage. Sie stehen unter dem Motto &#8222;Body &amp; Soul&#8220;. Highlight des Festivals ist der Auftritt des afrikanischen S\u00e4ngers und Bassisten Richard Bona am Samstag, dem 28. Mai 2016 in der Hildener Stadthalle (Fritz-Gressard-Platz 1) im Rahmen der \u201eInternational Jazznight\u201c. Fans nennen den in Kamerun geborenen Vollblutmusiker ehrf\u00fcrchtig den \u201eafrikanischen Sting\u201c. In seiner Musik, einer tanzbaren Mixtur aus Jazz und Ethno, finden sich immer auch afrikanische Rhythmen. Au\u00dferdem pr\u00e4sentiert der Gitarrist Axel Fischbacher an diesem Abend (Beginn: 19.30 Uhr)\u00a0 sein Projekt \u201eTHE WORLD IS NOT A DISC\u201c. Zum Ausklang der Jazznacht groovt dann die Band \u201eLittle Planet\u201c. Am 27. Mai geht die erste Folkwang Jazz Nacht in der Neuen Aula am Campus Essen-Werden an den Start \u2013 Studierende und Dozierende pr\u00e4sentieren die Ergebnisse ihrer Arbeit aus zwei Semestern. Konzertbeginn ist um 19.30 Uhr: Die Ensembles Sperie Karas (Leitung: Sperie Karas), The Fusion (Leitung: Frank Sichmann), Hugo Read (Leitung: Hugo Read) und das Folkwang Nonett (Leitung: Ryan Carniaux) spielen Werke vom swingenden Jazz bis zum kammermusikalischen Jazz. Einige bemerkenswerte Events briungen vom 3. bis zum 21. Juni viel Jazzspirit in den &hellip;\" \/>\n<meta property=\"og:url\" content=\"https:\/\/www.jazzzeitung.de\/cms\/2016\/05\/vier-festivals-stehen-kurz-bevor-hilden-folkwang-augsburg-und-nockerberg-steppt-der-jazz\/\" \/>\n<meta property=\"og:site_name\" content=\"JazzZeitung\" \/>\n<meta property=\"article:publisher\" content=\"https:\/\/www.facebook.com\/JazzZeitung\/\" \/>\n<meta property=\"article:published_time\" content=\"2016-05-18T15:15:47+00:00\" \/>\n<meta property=\"og:image\" content=\"https:\/\/i0.wp.com\/www.jazzzeitung.de\/cms\/wp-content\/uploads\/2016\/05\/Bona-Richard-Ten5.jpg?w=625&#038;h=435&#038;ssl=1\" \/>\n<meta name=\"author\" content=\"Redaktion JazzZeitung\" \/>\n<script type=\"application\/ld+json\" class=\"yoast-schema-graph\">{\"@context\":\"https:\\\/\\\/schema.org\",\"@graph\":[{\"@type\":\"Article\",\"@id\":\"https:\\\/\\\/www.jazzzeitung.de\\\/cms\\\/2016\\\/05\\\/vier-festivals-stehen-kurz-bevor-hilden-folkwang-augsburg-und-nockerberg-steppt-der-jazz\\\/#article\",\"isPartOf\":{\"@id\":\"https:\\\/\\\/www.jazzzeitung.de\\\/cms\\\/2016\\\/05\\\/vier-festivals-stehen-kurz-bevor-hilden-folkwang-augsburg-und-nockerberg-steppt-der-jazz\\\/\"},\"author\":{\"name\":\"Redaktion JazzZeitung\",\"@id\":\"https:\\\/\\\/www.jazzzeitung.de\\\/cms\\\/#\\\/schema\\\/person\\\/2245b36b9cd1d24cea10f01c031fb92b\"},\"headline\":\"+++ News: Vier Festivals stehen vor der T\u00fcr +++ Der Jazz steppt in Hilden, Folkwang, Augsburg und am Nockerberg\",\"datePublished\":\"2016-05-18T15:15:47+00:00\",\"mainEntityOfPage\":{\"@id\":\"https:\\\/\\\/www.jazzzeitung.de\\\/cms\\\/2016\\\/05\\\/vier-festivals-stehen-kurz-bevor-hilden-folkwang-augsburg-und-nockerberg-steppt-der-jazz\\\/\"},\"wordCount\":338,\"commentCount\":0,\"publisher\":{\"@id\":\"https:\\\/\\\/www.jazzzeitung.de\\\/cms\\\/#organization\"},\"keywords\":[\"Augsburg\",\"Essen\",\"Festivals\",\"Jazzclub\",\"Konzert\",\"Piano\",\"Sting\",\"Tom Reinbrecht\"],\"articleSection\":[\"News\"],\"inLanguage\":\"de\",\"potentialAction\":[{\"@type\":\"CommentAction\",\"name\":\"Comment\",\"target\":[\"https:\\\/\\\/www.jazzzeitung.de\\\/cms\\\/2016\\\/05\\\/vier-festivals-stehen-kurz-bevor-hilden-folkwang-augsburg-und-nockerberg-steppt-der-jazz\\\/#respond\"]}]},{\"@type\":\"WebPage\",\"@id\":\"https:\\\/\\\/www.jazzzeitung.de\\\/cms\\\/2016\\\/05\\\/vier-festivals-stehen-kurz-bevor-hilden-folkwang-augsburg-und-nockerberg-steppt-der-jazz\\\/\",\"url\":\"https:\\\/\\\/www.jazzzeitung.de\\\/cms\\\/2016\\\/05\\\/vier-festivals-stehen-kurz-bevor-hilden-folkwang-augsburg-und-nockerberg-steppt-der-jazz\\\/\",\"name\":\"+++ News: Vier Festivals stehen vor der T\u00fcr +++ Der Jazz steppt in Hilden, Folkwang, Augsburg und am Nockerberg - JazzZeitung\",\"isPartOf\":{\"@id\":\"https:\\\/\\\/www.jazzzeitung.de\\\/cms\\\/#website\"},\"datePublished\":\"2016-05-18T15:15:47+00:00\",\"breadcrumb\":{\"@id\":\"https:\\\/\\\/www.jazzzeitung.de\\\/cms\\\/2016\\\/05\\\/vier-festivals-stehen-kurz-bevor-hilden-folkwang-augsburg-und-nockerberg-steppt-der-jazz\\\/#breadcrumb\"},\"inLanguage\":\"de\",\"potentialAction\":[{\"@type\":\"ReadAction\",\"target\":[\"https:\\\/\\\/www.jazzzeitung.de\\\/cms\\\/2016\\\/05\\\/vier-festivals-stehen-kurz-bevor-hilden-folkwang-augsburg-und-nockerberg-steppt-der-jazz\\\/\"]}]},{\"@type\":\"BreadcrumbList\",\"@id\":\"https:\\\/\\\/www.jazzzeitung.de\\\/cms\\\/2016\\\/05\\\/vier-festivals-stehen-kurz-bevor-hilden-folkwang-augsburg-und-nockerberg-steppt-der-jazz\\\/#breadcrumb\",\"itemListElement\":[{\"@type\":\"ListItem\",\"position\":1,\"name\":\"Startseite\",\"item\":\"https:\\\/\\\/www.jazzzeitung.de\\\/cms\\\/\"},{\"@type\":\"ListItem\",\"position\":2,\"name\":\"+++ News: Vier Festivals stehen vor der T\u00fcr +++ Der Jazz steppt in Hilden, Folkwang, Augsburg und am Nockerberg\"}]},{\"@type\":\"WebSite\",\"@id\":\"https:\\\/\\\/www.jazzzeitung.de\\\/cms\\\/#website\",\"url\":\"https:\\\/\\\/www.jazzzeitung.de\\\/cms\\\/\",\"name\":\"JazzZeitung\",\"description\":\"Jazz-News und Jazz-Kontroverses\",\"publisher\":{\"@id\":\"https:\\\/\\\/www.jazzzeitung.de\\\/cms\\\/#organization\"},\"potentialAction\":[{\"@type\":\"SearchAction\",\"target\":{\"@type\":\"EntryPoint\",\"urlTemplate\":\"https:\\\/\\\/www.jazzzeitung.de\\\/cms\\\/?s={search_term_string}\"},\"query-input\":{\"@type\":\"PropertyValueSpecification\",\"valueRequired\":true,\"valueName\":\"search_term_string\"}}],\"inLanguage\":\"de\"},{\"@type\":\"Organization\",\"@id\":\"https:\\\/\\\/www.jazzzeitung.de\\\/cms\\\/#organization\",\"name\":\"JazzZeitung online\",\"url\":\"https:\\\/\\\/www.jazzzeitung.de\\\/cms\\\/\",\"logo\":{\"@type\":\"ImageObject\",\"inLanguage\":\"de\",\"@id\":\"https:\\\/\\\/www.jazzzeitung.de\\\/cms\\\/#\\\/schema\\\/logo\\\/image\\\/\",\"url\":\"https:\\\/\\\/i0.wp.com\\\/www.jazzzeitung.de\\\/cms\\\/wp-content\\\/uploads\\\/2015\\\/08\\\/JAZZZEITUNGDE_Logo_Neu.png?fit=499%2C200&ssl=1\",\"contentUrl\":\"https:\\\/\\\/i0.wp.com\\\/www.jazzzeitung.de\\\/cms\\\/wp-content\\\/uploads\\\/2015\\\/08\\\/JAZZZEITUNGDE_Logo_Neu.png?fit=499%2C200&ssl=1\",\"width\":499,\"height\":200,\"caption\":\"JazzZeitung online\"},\"image\":{\"@id\":\"https:\\\/\\\/www.jazzzeitung.de\\\/cms\\\/#\\\/schema\\\/logo\\\/image\\\/\"},\"sameAs\":[\"https:\\\/\\\/www.facebook.com\\\/JazzZeitung\\\/\"]},{\"@type\":\"Person\",\"@id\":\"https:\\\/\\\/www.jazzzeitung.de\\\/cms\\\/#\\\/schema\\\/person\\\/2245b36b9cd1d24cea10f01c031fb92b\",\"name\":\"Redaktion JazzZeitung\",\"image\":{\"@type\":\"ImageObject\",\"inLanguage\":\"de\",\"@id\":\"https:\\\/\\\/i0.wp.com\\\/www.jazzzeitung.de\\\/cms\\\/wp-content\\\/uploads\\\/2015\\\/08\\\/JAZZZEITUNGDE_Logo_Neu.png?resize=96%2C96&ssl=159975dcacb611b5700bd619b5daf0a7a\",\"url\":\"https:\\\/\\\/i0.wp.com\\\/www.jazzzeitung.de\\\/cms\\\/wp-content\\\/uploads\\\/2015\\\/08\\\/JAZZZEITUNGDE_Logo_Neu.png?resize=96%2C96&ssl=1\",\"contentUrl\":\"https:\\\/\\\/i0.wp.com\\\/www.jazzzeitung.de\\\/cms\\\/wp-content\\\/uploads\\\/2015\\\/08\\\/JAZZZEITUNGDE_Logo_Neu.png?resize=96%2C96&ssl=1\",\"caption\":\"Redaktion JazzZeitung\"},\"description\":\"Artikel der Redaktion der JazzZeitung.\",\"sameAs\":[\"http:\\\/\\\/www.jazzzeitung.de\\\/cms\\\/\"],\"url\":\"https:\\\/\\\/www.jazzzeitung.de\\\/cms\\\/author\\\/redaktion\\\/\"}]}<\/script>\n<!-- \/ Yoast SEO plugin. -->","yoast_head_json":{"title":"+++ News: Vier Festivals stehen vor der T\u00fcr +++ Der Jazz steppt in Hilden, Folkwang, Augsburg und am Nockerberg - JazzZeitung","robots":{"index":"index","follow":"follow","max-snippet":"max-snippet:-1","max-image-preview":"max-image-preview:large","max-video-preview":"max-video-preview:-1"},"canonical":"https:\/\/www.jazzzeitung.de\/cms\/2016\/05\/vier-festivals-stehen-kurz-bevor-hilden-folkwang-augsburg-und-nockerberg-steppt-der-jazz\/","og_locale":"de_DE","og_type":"article","og_title":"+++ News: Vier Festivals stehen vor der T\u00fcr +++ Der Jazz steppt in Hilden, Folkwang, Augsburg und am Nockerberg - JazzZeitung","og_description":"Den Anfang machen die 21. Hildener Jazztage. Sie stehen unter dem Motto &#8222;Body &amp; Soul&#8220;. Highlight des Festivals ist der Auftritt des afrikanischen S\u00e4ngers und Bassisten Richard Bona am Samstag, dem 28. Mai 2016 in der Hildener Stadthalle (Fritz-Gressard-Platz 1) im Rahmen der \u201eInternational Jazznight\u201c. Fans nennen den in Kamerun geborenen Vollblutmusiker ehrf\u00fcrchtig den \u201eafrikanischen Sting\u201c. In seiner Musik, einer tanzbaren Mixtur aus Jazz und Ethno, finden sich immer auch afrikanische Rhythmen. Au\u00dferdem pr\u00e4sentiert der Gitarrist Axel Fischbacher an diesem Abend (Beginn: 19.30 Uhr)\u00a0 sein Projekt \u201eTHE WORLD IS NOT A DISC\u201c. Zum Ausklang der Jazznacht groovt dann die Band \u201eLittle Planet\u201c. Am 27. Mai geht die erste Folkwang Jazz Nacht in der Neuen Aula am Campus Essen-Werden an den Start \u2013 Studierende und Dozierende pr\u00e4sentieren die Ergebnisse ihrer Arbeit aus zwei Semestern. Konzertbeginn ist um 19.30 Uhr: Die Ensembles Sperie Karas (Leitung: Sperie Karas), The Fusion (Leitung: Frank Sichmann), Hugo Read (Leitung: Hugo Read) und das Folkwang Nonett (Leitung: Ryan Carniaux) spielen Werke vom swingenden Jazz bis zum kammermusikalischen Jazz. Einige bemerkenswerte Events briungen vom 3. bis zum 21. Juni viel Jazzspirit in den &hellip;","og_url":"https:\/\/www.jazzzeitung.de\/cms\/2016\/05\/vier-festivals-stehen-kurz-bevor-hilden-folkwang-augsburg-und-nockerberg-steppt-der-jazz\/","og_site_name":"JazzZeitung","article_publisher":"https:\/\/www.facebook.com\/JazzZeitung\/","article_published_time":"2016-05-18T15:15:47+00:00","og_image":[{"url":"https:\/\/i0.wp.com\/www.jazzzeitung.de\/cms\/wp-content\/uploads\/2016\/05\/Bona-Richard-Ten5.jpg?w=625&#038;h=435&#038;ssl=1","type":"","width":"","height":""}],"author":"Redaktion JazzZeitung","schema":{"@context":"https:\/\/schema.org","@graph":[{"@type":"Article","@id":"https:\/\/www.jazzzeitung.de\/cms\/2016\/05\/vier-festivals-stehen-kurz-bevor-hilden-folkwang-augsburg-und-nockerberg-steppt-der-jazz\/#article","isPartOf":{"@id":"https:\/\/www.jazzzeitung.de\/cms\/2016\/05\/vier-festivals-stehen-kurz-bevor-hilden-folkwang-augsburg-und-nockerberg-steppt-der-jazz\/"},"author":{"name":"Redaktion JazzZeitung","@id":"https:\/\/www.jazzzeitung.de\/cms\/#\/schema\/person\/2245b36b9cd1d24cea10f01c031fb92b"},"headline":"+++ News: Vier Festivals stehen vor der T\u00fcr +++ Der Jazz steppt in Hilden, Folkwang, Augsburg und am Nockerberg","datePublished":"2016-05-18T15:15:47+00:00","mainEntityOfPage":{"@id":"https:\/\/www.jazzzeitung.de\/cms\/2016\/05\/vier-festivals-stehen-kurz-bevor-hilden-folkwang-augsburg-und-nockerberg-steppt-der-jazz\/"},"wordCount":338,"commentCount":0,"publisher":{"@id":"https:\/\/www.jazzzeitung.de\/cms\/#organization"},"keywords":["Augsburg","Essen","Festivals","Jazzclub","Konzert","Piano","Sting","Tom Reinbrecht"],"articleSection":["News"],"inLanguage":"de","potentialAction":[{"@type":"CommentAction","name":"Comment","target":["https:\/\/www.jazzzeitung.de\/cms\/2016\/05\/vier-festivals-stehen-kurz-bevor-hilden-folkwang-augsburg-und-nockerberg-steppt-der-jazz\/#respond"]}]},{"@type":"WebPage","@id":"https:\/\/www.jazzzeitung.de\/cms\/2016\/05\/vier-festivals-stehen-kurz-bevor-hilden-folkwang-augsburg-und-nockerberg-steppt-der-jazz\/","url":"https:\/\/www.jazzzeitung.de\/cms\/2016\/05\/vier-festivals-stehen-kurz-bevor-hilden-folkwang-augsburg-und-nockerberg-steppt-der-jazz\/","name":"+++ News: Vier Festivals stehen vor der T\u00fcr +++ Der Jazz steppt in Hilden, Folkwang, Augsburg und am Nockerberg - JazzZeitung","isPartOf":{"@id":"https:\/\/www.jazzzeitung.de\/cms\/#website"},"datePublished":"2016-05-18T15:15:47+00:00","breadcrumb":{"@id":"https:\/\/www.jazzzeitung.de\/cms\/2016\/05\/vier-festivals-stehen-kurz-bevor-hilden-folkwang-augsburg-und-nockerberg-steppt-der-jazz\/#breadcrumb"},"inLanguage":"de","potentialAction":[{"@type":"ReadAction","target":["https:\/\/www.jazzzeitung.de\/cms\/2016\/05\/vier-festivals-stehen-kurz-bevor-hilden-folkwang-augsburg-und-nockerberg-steppt-der-jazz\/"]}]},{"@type":"BreadcrumbList","@id":"https:\/\/www.jazzzeitung.de\/cms\/2016\/05\/vier-festivals-stehen-kurz-bevor-hilden-folkwang-augsburg-und-nockerberg-steppt-der-jazz\/#breadcrumb","itemListElement":[{"@type":"ListItem","position":1,"name":"Startseite","item":"https:\/\/www.jazzzeitung.de\/cms\/"},{"@type":"ListItem","position":2,"name":"+++ News: Vier Festivals stehen vor der T\u00fcr +++ Der Jazz steppt in Hilden, Folkwang, Augsburg und am Nockerberg"}]},{"@type":"WebSite","@id":"https:\/\/www.jazzzeitung.de\/cms\/#website","url":"https:\/\/www.jazzzeitung.de\/cms\/","name":"JazzZeitung","description":"Jazz-News und Jazz-Kontroverses","publisher":{"@id":"https:\/\/www.jazzzeitung.de\/cms\/#organization"},"potentialAction":[{"@type":"SearchAction","target":{"@type":"EntryPoint","urlTemplate":"https:\/\/www.jazzzeitung.de\/cms\/?s={search_term_string}"},"query-input":{"@type":"PropertyValueSpecification","valueRequired":true,"valueName":"search_term_string"}}],"inLanguage":"de"},{"@type":"Organization","@id":"https:\/\/www.jazzzeitung.de\/cms\/#organization","name":"JazzZeitung online","url":"https:\/\/www.jazzzeitung.de\/cms\/","logo":{"@type":"ImageObject","inLanguage":"de","@id":"https:\/\/www.jazzzeitung.de\/cms\/#\/schema\/logo\/image\/","url":"https:\/\/i0.wp.com\/www.jazzzeitung.de\/cms\/wp-content\/uploads\/2015\/08\/JAZZZEITUNGDE_Logo_Neu.png?fit=499%2C200&ssl=1","contentUrl":"https:\/\/i0.wp.com\/www.jazzzeitung.de\/cms\/wp-content\/uploads\/2015\/08\/JAZZZEITUNGDE_Logo_Neu.png?fit=499%2C200&ssl=1","width":499,"height":200,"caption":"JazzZeitung online"},"image":{"@id":"https:\/\/www.jazzzeitung.de\/cms\/#\/schema\/logo\/image\/"},"sameAs":["https:\/\/www.facebook.com\/JazzZeitung\/"]},{"@type":"Person","@id":"https:\/\/www.jazzzeitung.de\/cms\/#\/schema\/person\/2245b36b9cd1d24cea10f01c031fb92b","name":"Redaktion JazzZeitung","image":{"@type":"ImageObject","inLanguage":"de","@id":"https:\/\/i0.wp.com\/www.jazzzeitung.de\/cms\/wp-content\/uploads\/2015\/08\/JAZZZEITUNGDE_Logo_Neu.png?resize=96%2C96&ssl=159975dcacb611b5700bd619b5daf0a7a","url":"https:\/\/i0.wp.com\/www.jazzzeitung.de\/cms\/wp-content\/uploads\/2015\/08\/JAZZZEITUNGDE_Logo_Neu.png?resize=96%2C96&ssl=1","contentUrl":"https:\/\/i0.wp.com\/www.jazzzeitung.de\/cms\/wp-content\/uploads\/2015\/08\/JAZZZEITUNGDE_Logo_Neu.png?resize=96%2C96&ssl=1","caption":"Redaktion JazzZeitung"},"description":"Artikel der Redaktion der JazzZeitung.","sameAs":["http:\/\/www.jazzzeitung.de\/cms\/"],"url":"https:\/\/www.jazzzeitung.de\/cms\/author\/redaktion\/"}]}},"wp-worthy-pixel":{"ignored":false,"public":null,"server":null,"url":null},"wp-worthy-type":"normal","jetpack_publicize_connections":[],"cc_featured_image_caption":{"caption_text":false,"source_text":false,"source_url":false},"jetpack_featured_media_url":"","jetpack_shortlink":"https:\/\/wp.me\/p3KEcT-2ql","jetpack-related-posts":[{"id":29469,"url":"https:\/\/www.jazzzeitung.de\/cms\/2023\/05\/news-auftakt-des-festivalsommers-mit-der-jazz-rally-duesseldorf-hildener-jazztage-laden-ein-jazz-am-strand-bei-jazzbaltica\/","url_meta":{"origin":9321,"position":0},"title":"News: +++ Auftakt des Festivalsommers mit der Jazz Rally D\u00fcsseldorf +++ Hildener Jazztage laden ein +++ Jazz am Strand bei JazzBaltica +++","author":"Redaktion JazzZeitung","date":"26. Mai 2023","format":false,"excerpt":"+++ Auftakt des Festivalsommers mit der Jazz Rally D\u00fcsseldorf +++ \u00dcber 60 Konzerte beleben vom 26. bis 28. Mai im Rahmen der 29. schauinsland-reisen Jazz Rally die D\u00fcsseldorfer Innenstadt. Dreh- und Angelpunkt ist in diesem Jahr erstmalig die Rheinterrasse, wo insgesamt zehn Konzerte stattfinden. Dieser Standort \u00fcberzeugt mit zwei B\u00fchnen,\u2026","rel":"","context":"In &quot;News&quot;","block_context":{"text":"News","link":"https:\/\/www.jazzzeitung.de\/cms\/thema\/nachrichten\/"},"img":{"alt_text":"","src":"https:\/\/i0.wp.com\/www.jazzzeitung.de\/cms\/wp-content\/uploads\/2023\/05\/Culcha-Candela-1-Kopie-scaled.jpg?fit=1200%2C800&ssl=1&resize=350%2C200","width":350,"height":200,"srcset":"https:\/\/i0.wp.com\/www.jazzzeitung.de\/cms\/wp-content\/uploads\/2023\/05\/Culcha-Candela-1-Kopie-scaled.jpg?fit=1200%2C800&ssl=1&resize=350%2C200 1x, https:\/\/i0.wp.com\/www.jazzzeitung.de\/cms\/wp-content\/uploads\/2023\/05\/Culcha-Candela-1-Kopie-scaled.jpg?fit=1200%2C800&ssl=1&resize=525%2C300 1.5x, https:\/\/i0.wp.com\/www.jazzzeitung.de\/cms\/wp-content\/uploads\/2023\/05\/Culcha-Candela-1-Kopie-scaled.jpg?fit=1200%2C800&ssl=1&resize=700%2C400 2x, https:\/\/i0.wp.com\/www.jazzzeitung.de\/cms\/wp-content\/uploads\/2023\/05\/Culcha-Candela-1-Kopie-scaled.jpg?fit=1200%2C800&ssl=1&resize=1050%2C600 3x"},"classes":[]},{"id":4540,"url":"https:\/\/www.jazzzeitung.de\/cms\/2014\/09\/bericht-vom-smooth-jazz-festival-augsburg-2014\/","url_meta":{"origin":9321,"position":1},"title":"Bericht vom Smooth Jazz Festival Augsburg 2014","author":"Redaktion JazzZeitung","date":"16. September 2014","format":false,"excerpt":"Fotos und Text von Caro Kirsch. Zum f\u00fcnften Mal veranstaltete die smooth entertainment GmbH vom 11. bis 14. September das Smooth Jazz Festival in Augsburg. Das Team um Christian B\u00f6\u00dfner lud diesmal zu drei Konzertabenden mit insgesamt acht internationalen Stars der Jazz-, Soul- und Funkszene. Beherbergt wird das Festival wie\u2026","rel":"","context":"In &quot;Bericht&quot;","block_context":{"text":"Bericht","link":"https:\/\/www.jazzzeitung.de\/cms\/thema\/bericht\/"},"img":{"alt_text":"Logo","src":"https:\/\/i0.wp.com\/www.jazzzeitung.de\/cms\/wp-content\/uploads\/2014\/09\/Logo-150x150.jpg?resize=350%2C200","width":350,"height":200},"classes":[]},{"id":25627,"url":"https:\/\/www.jazzzeitung.de\/cms\/2021\/09\/festivalland-nrw-die-livekultur-ist-wieder-da\/","url_meta":{"origin":9321,"position":2},"title":"Festivalland NRW: Die Livekultur ist wieder da!","author":"Redaktion JazzZeitung","date":"3. September 2021","format":false,"excerpt":"Wenn es um Jazz geht, dann ist NRW ein Festivalland. Vor allem jenseits der Jazzmetropole K\u00f6ln sind sie ein starker Imagetr\u00e4ger und verschaffen oft kleinen oder strukturschwachen St\u00e4dten eine \u00fcberregionale Ausstrahlung. Das Moers-Festival ist hier das prominenteste Beispiel. Immerhin fanden zu Pfingsten im Moerser Freizeitpark die allerersten Konzerte vor Publikum\u2026","rel":"","context":"In &quot;Bericht&quot;","block_context":{"text":"Bericht","link":"https:\/\/www.jazzzeitung.de\/cms\/thema\/bericht\/"},"img":{"alt_text":"","src":"https:\/\/i0.wp.com\/www.jazzzeitung.de\/cms\/wp-content\/uploads\/2021\/08\/Jazz-an-einem-Sommerabend.jpg?fit=1200%2C428&ssl=1&resize=350%2C200","width":350,"height":200,"srcset":"https:\/\/i0.wp.com\/www.jazzzeitung.de\/cms\/wp-content\/uploads\/2021\/08\/Jazz-an-einem-Sommerabend.jpg?fit=1200%2C428&ssl=1&resize=350%2C200 1x, https:\/\/i0.wp.com\/www.jazzzeitung.de\/cms\/wp-content\/uploads\/2021\/08\/Jazz-an-einem-Sommerabend.jpg?fit=1200%2C428&ssl=1&resize=525%2C300 1.5x, https:\/\/i0.wp.com\/www.jazzzeitung.de\/cms\/wp-content\/uploads\/2021\/08\/Jazz-an-einem-Sommerabend.jpg?fit=1200%2C428&ssl=1&resize=700%2C400 2x, https:\/\/i0.wp.com\/www.jazzzeitung.de\/cms\/wp-content\/uploads\/2021\/08\/Jazz-an-einem-Sommerabend.jpg?fit=1200%2C428&ssl=1&resize=1050%2C600 3x"},"classes":[]},{"id":27347,"url":"https:\/\/www.jazzzeitung.de\/cms\/2022\/05\/augsburger-jazzsommer-jazz-beim-dulkhaeusle-konzerte-auf-schloss-hoefling\/","url_meta":{"origin":9321,"position":3},"title":"+++ Augsburger Jazzsommer +++ Jazz beim Dulkh\u00e4usle +++ Konzerte auf Schloss H\u00f6fling +++","author":"Redaktion JazzZeitung","date":"18. Mai 2022","format":false,"excerpt":"+++ 30. Internationaler Augsburger Jazzsommer +++ Der Internationale Augsburger Jazzsommer wird 30 und feiert vom 6. Juli bis 10. August 2022 mit einem Live-Jazz-Programm im Botanischen Garten und im Brunnenhof Jubil\u00e4um. US-Saxofonist Kenny Garrett (6.7.), der legend\u00e4re britische Jazz-Gitarrist John McLaughlin (13.7.), die in Brooklyn lebende franz\u00f6sische S\u00e4ngerin Cyrille Aim\u00e9e\u2026","rel":"","context":"In &quot;News&quot;","block_context":{"text":"News","link":"https:\/\/www.jazzzeitung.de\/cms\/thema\/nachrichten\/"},"img":{"alt_text":"","src":"https:\/\/i0.wp.com\/www.jazzzeitung.de\/cms\/wp-content\/uploads\/2022\/05\/Hermeto-Pascoal-Grupo-by-Gabriel-Quintao-scaled.jpg?fit=1200%2C679&ssl=1&resize=350%2C200","width":350,"height":200,"srcset":"https:\/\/i0.wp.com\/www.jazzzeitung.de\/cms\/wp-content\/uploads\/2022\/05\/Hermeto-Pascoal-Grupo-by-Gabriel-Quintao-scaled.jpg?fit=1200%2C679&ssl=1&resize=350%2C200 1x, https:\/\/i0.wp.com\/www.jazzzeitung.de\/cms\/wp-content\/uploads\/2022\/05\/Hermeto-Pascoal-Grupo-by-Gabriel-Quintao-scaled.jpg?fit=1200%2C679&ssl=1&resize=525%2C300 1.5x, https:\/\/i0.wp.com\/www.jazzzeitung.de\/cms\/wp-content\/uploads\/2022\/05\/Hermeto-Pascoal-Grupo-by-Gabriel-Quintao-scaled.jpg?fit=1200%2C679&ssl=1&resize=700%2C400 2x, https:\/\/i0.wp.com\/www.jazzzeitung.de\/cms\/wp-content\/uploads\/2022\/05\/Hermeto-Pascoal-Grupo-by-Gabriel-Quintao-scaled.jpg?fit=1200%2C679&ssl=1&resize=1050%2C600 3x"},"classes":[]},{"id":15346,"url":"https:\/\/www.jazzzeitung.de\/cms\/2018\/03\/news23-hildener-jazztage\/","url_meta":{"origin":9321,"position":4},"title":"+++ News +++ 23. Hildener Jazztage +++ Candy Dulfer und Stefanie Heinzmann bei \u201eWorms: Jazz &#038; Joy\u201d +++","author":"Redaktion JazzZeitung","date":"22. M\u00e4rz 2018","format":false,"excerpt":"+++23. Hildener Jazztage vom 29.5.\u20133.6.2018+++ Seit mehr als 20 Jahren stehen bei den Hildener Jazztagen hochtalentierte Newcomer, routinierte Meister ihres Fachs und internationale Stars auf der B\u00fchne, die dem Publikum ein breites Spektrum unterschiedlichster Klangwelten er\u00f6ffnen. Auch f\u00fcr dieses Jahr versprechen die Veranstalter wieder H\u00f6rgenuss pur. Im Folgenden eine Programm\u00fcbersicht:\u2026","rel":"","context":"In &quot;News&quot;","block_context":{"text":"News","link":"https:\/\/www.jazzzeitung.de\/cms\/thema\/nachrichten\/"},"img":{"alt_text":"","src":"https:\/\/i0.wp.com\/www.jazzzeitung.de\/cms\/wp-content\/uploads\/2018\/03\/Candy-Dulfer_Vesandgr_Foto_Carolien-Sikkenk_-Photoline-1.jpg?fit=1200%2C800&ssl=1&resize=350%2C200","width":350,"height":200,"srcset":"https:\/\/i0.wp.com\/www.jazzzeitung.de\/cms\/wp-content\/uploads\/2018\/03\/Candy-Dulfer_Vesandgr_Foto_Carolien-Sikkenk_-Photoline-1.jpg?fit=1200%2C800&ssl=1&resize=350%2C200 1x, https:\/\/i0.wp.com\/www.jazzzeitung.de\/cms\/wp-content\/uploads\/2018\/03\/Candy-Dulfer_Vesandgr_Foto_Carolien-Sikkenk_-Photoline-1.jpg?fit=1200%2C800&ssl=1&resize=525%2C300 1.5x, https:\/\/i0.wp.com\/www.jazzzeitung.de\/cms\/wp-content\/uploads\/2018\/03\/Candy-Dulfer_Vesandgr_Foto_Carolien-Sikkenk_-Photoline-1.jpg?fit=1200%2C800&ssl=1&resize=700%2C400 2x, https:\/\/i0.wp.com\/www.jazzzeitung.de\/cms\/wp-content\/uploads\/2018\/03\/Candy-Dulfer_Vesandgr_Foto_Carolien-Sikkenk_-Photoline-1.jpg?fit=1200%2C800&ssl=1&resize=1050%2C600 3x"},"classes":[]},{"id":19292,"url":"https:\/\/www.jazzzeitung.de\/cms\/2019\/04\/news-32-jazzfest-rottweil-startet-naechste-woche-13-festival-jazzdor-berlin-im-juni-wolfgang-haffner-bei-hildener-jazztagen\/","url_meta":{"origin":9321,"position":5},"title":"+++ news +++ 32. Jazzfest Rottweil startet n\u00e4chste Woche +++ 13. Festival Jazzdor Berlin im Juni +++ Wolfgang Haffner bei Hildener Jazztagen +++","author":"Redaktion JazzZeitung","date":"25. April 2019","format":false,"excerpt":"Nur noch knapp eine Woche - dann startet das 32. Jazzfest Rottweil 2019. Den traditionellen Auftakt bildet am 30. April die gro\u00dfe Musiknacht Jazz in Town. Genau 40 Live-Acts werden ab 17.00 Uhr auf der B\u00fchne Obere Hauptstra\u00dfe und abends in 36 Lokalit\u00e4ten die gesamte Innenstadt Rottweils bespielen. Das Jazzfest\u2026","rel":"","context":"In &quot;News&quot;","block_context":{"text":"News","link":"https:\/\/www.jazzzeitung.de\/cms\/thema\/nachrichten\/"},"img":{"alt_text":"","src":"https:\/\/i0.wp.com\/www.jazzzeitung.de\/cms\/wp-content\/uploads\/2019\/04\/Wolfgang-Haffner-1-photo-by-Antje-Wiech-kl-1.jpg?fit=1200%2C799&ssl=1&resize=350%2C200","width":350,"height":200,"srcset":"https:\/\/i0.wp.com\/www.jazzzeitung.de\/cms\/wp-content\/uploads\/2019\/04\/Wolfgang-Haffner-1-photo-by-Antje-Wiech-kl-1.jpg?fit=1200%2C799&ssl=1&resize=350%2C200 1x, https:\/\/i0.wp.com\/www.jazzzeitung.de\/cms\/wp-content\/uploads\/2019\/04\/Wolfgang-Haffner-1-photo-by-Antje-Wiech-kl-1.jpg?fit=1200%2C799&ssl=1&resize=525%2C300 1.5x, https:\/\/i0.wp.com\/www.jazzzeitung.de\/cms\/wp-content\/uploads\/2019\/04\/Wolfgang-Haffner-1-photo-by-Antje-Wiech-kl-1.jpg?fit=1200%2C799&ssl=1&resize=700%2C400 2x, https:\/\/i0.wp.com\/www.jazzzeitung.de\/cms\/wp-content\/uploads\/2019\/04\/Wolfgang-Haffner-1-photo-by-Antje-Wiech-kl-1.jpg?fit=1200%2C799&ssl=1&resize=1050%2C600 3x"},"classes":[]}],"jetpack_sharing_enabled":true,"_links":{"self":[{"href":"https:\/\/www.jazzzeitung.de\/cms\/wp-json\/wp\/v2\/posts\/9321","targetHints":{"allow":["GET"]}}],"collection":[{"href":"https:\/\/www.jazzzeitung.de\/cms\/wp-json\/wp\/v2\/posts"}],"about":[{"href":"https:\/\/www.jazzzeitung.de\/cms\/wp-json\/wp\/v2\/types\/post"}],"author":[{"embeddable":true,"href":"https:\/\/www.jazzzeitung.de\/cms\/wp-json\/wp\/v2\/users\/18"}],"replies":[{"embeddable":true,"href":"https:\/\/www.jazzzeitung.de\/cms\/wp-json\/wp\/v2\/comments?post=9321"}],"version-history":[{"count":12,"href":"https:\/\/www.jazzzeitung.de\/cms\/wp-json\/wp\/v2\/posts\/9321\/revisions"}],"predecessor-version":[{"id":9335,"href":"https:\/\/www.jazzzeitung.de\/cms\/wp-json\/wp\/v2\/posts\/9321\/revisions\/9335"}],"wp:attachment":[{"href":"https:\/\/www.jazzzeitung.de\/cms\/wp-json\/wp\/v2\/media?parent=9321"}],"wp:term":[{"taxonomy":"category","embeddable":true,"href":"https:\/\/www.jazzzeitung.de\/cms\/wp-json\/wp\/v2\/categories?post=9321"},{"taxonomy":"post_tag","embeddable":true,"href":"https:\/\/www.jazzzeitung.de\/cms\/wp-json\/wp\/v2\/tags?post=9321"},{"taxonomy":"author","embeddable":true,"href":"https:\/\/www.jazzzeitung.de\/cms\/wp-json\/wp\/v2\/coauthors?post=9321"}],"curies":[{"name":"wp","href":"https:\/\/api.w.org\/{rel}","templated":true}]}}