{"id":9311,"date":"2016-05-17T12:00:22","date_gmt":"2016-05-17T10:00:22","guid":{"rendered":"http:\/\/www.jazzzeitung.de\/cms\/?p=9311"},"modified":"2016-05-17T11:15:30","modified_gmt":"2016-05-17T09:15:30","slug":"der-brueckenschlag-zum-75-geburtstag-von-lajos-dudas","status":"publish","type":"post","link":"https:\/\/www.jazzzeitung.de\/cms\/2016\/05\/der-brueckenschlag-zum-75-geburtstag-von-lajos-dudas\/","title":{"rendered":"Anton Webern mit jazzigen Intermezzi: Lajos Dudas und die Neusser Kammerakademie"},"content":{"rendered":"<figure id=\"attachment_9312\" aria-describedby=\"caption-attachment-9312\" style=\"width: 150px\" class=\"wp-caption alignleft\"><a href=\"https:\/\/i0.wp.com\/www.jazzzeitung.de\/cms\/wp-content\/uploads\/2016\/05\/5088-JS-Dudas-Brueckenschlag.jpg\"><img data-recalc-dims=\"1\" loading=\"lazy\" decoding=\"async\" data-attachment-id=\"9312\" data-permalink=\"https:\/\/www.jazzzeitung.de\/cms\/2016\/05\/der-brueckenschlag-zum-75-geburtstag-von-lajos-dudas\/5088-js-dudas-brueckenschlag\/\" data-orig-file=\"https:\/\/i0.wp.com\/www.jazzzeitung.de\/cms\/wp-content\/uploads\/2016\/05\/5088-JS-Dudas-Brueckenschlag.jpg?fit=1632%2C1490&amp;ssl=1\" data-orig-size=\"1632,1490\" data-comments-opened=\"1\" data-image-meta=\"{&quot;aperture&quot;:&quot;0&quot;,&quot;credit&quot;:&quot;&quot;,&quot;camera&quot;:&quot;&quot;,&quot;caption&quot;:&quot;&quot;,&quot;created_timestamp&quot;:&quot;0&quot;,&quot;copyright&quot;:&quot;&quot;,&quot;focal_length&quot;:&quot;0&quot;,&quot;iso&quot;:&quot;0&quot;,&quot;shutter_speed&quot;:&quot;0&quot;,&quot;title&quot;:&quot;&quot;,&quot;orientation&quot;:&quot;0&quot;}\" data-image-title=\"5088-JS-Dudas-Brueckenschlag\" data-image-description=\"\" data-image-caption=\"\" data-large-file=\"https:\/\/i0.wp.com\/www.jazzzeitung.de\/cms\/wp-content\/uploads\/2016\/05\/5088-JS-Dudas-Brueckenschlag.jpg?fit=657%2C600&amp;ssl=1\" class=\"wp-image-9312 size-thumbnail\" src=\"https:\/\/i0.wp.com\/www.jazzzeitung.de\/cms\/wp-content\/uploads\/2016\/05\/5088-JS-Dudas-Brueckenschlag-150x150.jpg?resize=150%2C150\" width=\"150\" height=\"150\" srcset=\"https:\/\/i0.wp.com\/www.jazzzeitung.de\/cms\/wp-content\/uploads\/2016\/05\/5088-JS-Dudas-Brueckenschlag.jpg?resize=150%2C150&amp;ssl=1 150w, https:\/\/i0.wp.com\/www.jazzzeitung.de\/cms\/wp-content\/uploads\/2016\/05\/5088-JS-Dudas-Brueckenschlag.jpg?resize=144%2C144&amp;ssl=1 144w, https:\/\/i0.wp.com\/www.jazzzeitung.de\/cms\/wp-content\/uploads\/2016\/05\/5088-JS-Dudas-Brueckenschlag.jpg?resize=96%2C96&amp;ssl=1 96w, https:\/\/i0.wp.com\/www.jazzzeitung.de\/cms\/wp-content\/uploads\/2016\/05\/5088-JS-Dudas-Brueckenschlag.jpg?resize=24%2C24&amp;ssl=1 24w, https:\/\/i0.wp.com\/www.jazzzeitung.de\/cms\/wp-content\/uploads\/2016\/05\/5088-JS-Dudas-Brueckenschlag.jpg?resize=36%2C36&amp;ssl=1 36w, https:\/\/i0.wp.com\/www.jazzzeitung.de\/cms\/wp-content\/uploads\/2016\/05\/5088-JS-Dudas-Brueckenschlag.jpg?resize=48%2C48&amp;ssl=1 48w, https:\/\/i0.wp.com\/www.jazzzeitung.de\/cms\/wp-content\/uploads\/2016\/05\/5088-JS-Dudas-Brueckenschlag.jpg?resize=64%2C64&amp;ssl=1 64w, https:\/\/i0.wp.com\/www.jazzzeitung.de\/cms\/wp-content\/uploads\/2016\/05\/5088-JS-Dudas-Brueckenschlag.jpg?resize=32%2C32&amp;ssl=1 32w, https:\/\/i0.wp.com\/www.jazzzeitung.de\/cms\/wp-content\/uploads\/2016\/05\/5088-JS-Dudas-Brueckenschlag.jpg?resize=128%2C128&amp;ssl=1 128w, https:\/\/i0.wp.com\/www.jazzzeitung.de\/cms\/wp-content\/uploads\/2016\/05\/5088-JS-Dudas-Brueckenschlag.jpg?zoom=2&amp;resize=150%2C150&amp;ssl=1 300w, https:\/\/i0.wp.com\/www.jazzzeitung.de\/cms\/wp-content\/uploads\/2016\/05\/5088-JS-Dudas-Brueckenschlag.jpg?zoom=3&amp;resize=150%2C150&amp;ssl=1 450w\" sizes=\"auto, (max-width: 150px) 100vw, 150px\" \/><\/a><figcaption id=\"caption-attachment-9312\" class=\"wp-caption-text\"><strong>Lajos Dudas Quartet &#8211; Br\u00fcckenschlag &#8211; Jazzsick Records<br \/><\/strong><\/figcaption><\/figure>\n<p>F\u00fcr den Kulturphilosophen Theodor W. Adorno gab es -musikalisch gesehen \u2013 einerseits das Richtige (die k\u00fcnstlerische Avantgarde der zweiten Wiener Schule) und das Falsche (Jazz als \u201eInkarnation einer manipulierenden Kulturindustrie&#8220;). Bei aller zweifellos vorhandenen Genialit\u00e4t seiner Analysen, h\u00e4tte man den gro\u00dfen Denker des 20. Jahrhunderts vermutlich in eine von ihm selbst geschaffene Kategorie, n\u00e4mlich in die des \u201eRessentiment-H\u00f6rers\u201c stecken m\u00fcssen.<\/p>\n<p>Hier agieren der Klarinettist Lajos Dudas und die Neusser Kammerakademie wesentlich \u201eunverkrampfter\u201c: Hier tut die unmittelbare Konfrontation zwischen gegens\u00e4tzlichen Schubladen der Musik ausgesprochen gut. Dies zeigt eine neue CD auf dem Jazzsick-Label.<\/p>\n<p>Da werden zu Beginn Anton Weberns \u201eF\u00fcnf S\u00e4tze f\u00fcr Streichorchester\u201c mit drei sehr pers\u00f6nlich gehaltenen Intermezzi von Lajos Dudas kontrastiert. Blitzende Tremoli der Streicher atmen einen aufr\u00fchrerischen Fortschrittsgeist. Weberns F\u00fcnf Miniaturen lassen es nur so funkeln und knistern. In kurzen Miniaturen ein Maximum ein\u00a0 Ausdruckskraft zu b\u00fcndeln, darum geht es. Aber kreatives Musikmachen ist immer das \u201eBeantworten\u201c von etwas geh\u00f6rtem. Hier setzt der Jazz mit seinen Potenzialen an: In diesem Geiste interveniert Dudas mit drei Jazz-Intermezzi. Die bei Dudas immer so beseelt klingende Klarinette braucht nur wenige T\u00f6ne, um zu zeigen, was sie der Webern-Komposition voraus hat: N\u00e4mlich alles in sinnlich leuchtende Farben zu tauchen und das ganze Orchester in wenigen Minuten zu treibender rhythmischer Geste anzustacheln. Dann zeigen die Webern-St\u00fccke wieder, was sie dem Jazz geben k\u00f6nnen, n\u00e4mlich kompromisslose Ideen-Konzentrate zu liefern.<\/p>\n<p>Der \u201eBr\u00fcckenschlag\u201c dieser gleichnamigen CD gelingt so treffsicher, weil er eigentlich ein Heimspiel ist. Lajos Dudas, in Ungarn geboren, lebte und wirkte jahrzehntelang in Neuss und agierte immer wieder als musikalischer Partner der Kammerakademie. Auch hat er vielen j\u00fcngeren Talenten ma\u00dfgebliche k\u00fcnstlerische Anregungen geliefert, etwa dem viel j\u00fcngeren Gitarristen\u00a0 Philipp van Endert, der auf dieser CD eine ihm w\u00fcrdige musikalische Rolle beansprucht. Philipp van Enderts Saitenspiel zeugt von tiefempfundenem Unterstatement, das in seiner \u00d6konomie mit den T\u00f6nen jedem \u00fcberspannten \u201eZuviel\u201c eine Absage erteilt. L\u00e4ssig, cool, unaufgeregt aber hochpr\u00e4sent geben die Riffs, Licks und Improvisationen dem intensiven Klarinettenspiel von Lajos Dudas ein solides Fundament oder denken es auch in beredten solistischen Geschichten weiter.<\/p>\n<p>Nachdem das Er\u00f6ffnungsst\u00fcck einen ganzen Diskurs umspannt hat, liefert die folgende Komposition dieser CD einen lyrischen Ruhepool mit bestem Potenzial zum Seele streicheln.<\/p>\n<p>Sph\u00e4rische Flageolettt\u00f6ne auf den Saiten er\u00f6ffnen ein impressionistisches, sp\u00e4ter lyrisch romantisches Panorama in den \u201eHungarian Pictures\u201c, welche Lajos Dudas unmittelbar an Bela Bartok angelehnt hat.<\/p>\n<p>Am Ende dieses erstaunlichen Br\u00fcckenschlages steht eine viers\u00e4tzige Ballettmusik, welche noch einmal alle Gegenpole sinnlich und spielfreudig zur Synthese vereint: Maximale Flexibilit\u00e4t und gegenseitige Durchdringung sind angesagt, wenn das Orchester der Kammermusik in der Jazzideomatik aufgeht. Selten gelingt dies der \u201eklassischen\u201c Zunft so plausibel wie hier, mit viel dramatischer Geste und zugleich \u201eswingender\u201c Bewegung und ganz viel sinnlichem Farbenreichtum.<\/p>\n<p>Br\u00fcckenschlag ist ein Live-Mitschnitt aus dem Jahre 2005 mit der Deutschen Kammerakademie Neuss am Rhein unter Leitung von Leo Siberski, der jetzt anl\u00e4sslich des 75. Geburtstags von Lajos Dudas ver\u00f6ffentlicht wurde.<\/p>\n<p>Stefan Pieper<\/p>\n","protected":false},"excerpt":{"rendered":"<p>F\u00fcr den Kulturphilosophen Theodor W. Adorno gab es -musikalisch gesehen \u2013 einerseits das Richtige (die k\u00fcnstlerische Avantgarde der zweiten Wiener Schule) und das Falsche (Jazz als \u201eInkarnation einer manipulierenden Kulturindustrie&#8220;). Bei aller zweifellos vorhandenen Genialit\u00e4t seiner Analysen, h\u00e4tte man den gro\u00dfen Denker des 20. Jahrhunderts vermutlich in eine von ihm selbst geschaffene Kategorie, n\u00e4mlich in die des \u201eRessentiment-H\u00f6rers\u201c stecken m\u00fcssen. Hier agieren der Klarinettist Lajos Dudas und die Neusser Kammerakademie wesentlich \u201eunverkrampfter\u201c: Hier tut die unmittelbare Konfrontation zwischen gegens\u00e4tzlichen Schubladen der Musik ausgesprochen gut. Dies zeigt eine neue CD auf dem Jazzsick-Label. Da werden zu Beginn Anton Weberns \u201eF\u00fcnf S\u00e4tze f\u00fcr Streichorchester\u201c mit drei sehr pers\u00f6nlich gehaltenen Intermezzi von Lajos Dudas kontrastiert. Blitzende Tremoli der Streicher atmen einen aufr\u00fchrerischen Fortschrittsgeist. Weberns F\u00fcnf Miniaturen lassen es nur so funkeln und knistern. In kurzen Miniaturen ein Maximum ein\u00a0 Ausdruckskraft zu b\u00fcndeln, darum geht es. Aber kreatives Musikmachen ist immer das \u201eBeantworten\u201c von etwas geh\u00f6rtem. Hier setzt der Jazz mit seinen Potenzialen an: In diesem Geiste interveniert Dudas mit drei Jazz-Intermezzi. Die bei Dudas immer so beseelt klingende Klarinette braucht nur wenige T\u00f6ne, um zu zeigen, was sie &hellip;<\/p>\n","protected":false},"author":18,"featured_media":0,"comment_status":"open","ping_status":"closed","sticky":false,"template":"","format":"standard","meta":{"_jetpack_memberships_contains_paid_content":false,"footnotes":"","jetpack_publicize_message":"","jetpack_publicize_feature_enabled":true,"jetpack_social_post_already_shared":false,"jetpack_social_options":{"image_generator_settings":{"template":"highway","default_image_id":0,"font":"","enabled":false},"version":2}},"categories":[1152],"tags":[109,790,339,1129],"coauthors":[695],"class_list":["post-9311","post","type-post","status-publish","format-standard","hentry","category-rezension","tag-cd","tag-geburtstag","tag-label","tag-stefan-pieper"],"yoast_head":"<!-- This site is optimized with the Yoast SEO plugin v27.5 - https:\/\/yoast.com\/product\/yoast-seo-wordpress\/ -->\n<title>Anton Webern mit jazzigen Intermezzi: Lajos Dudas und die Neusser Kammerakademie - JazzZeitung<\/title>\n<meta name=\"robots\" content=\"index, follow, max-snippet:-1, max-image-preview:large, max-video-preview:-1\" \/>\n<link rel=\"canonical\" href=\"https:\/\/www.jazzzeitung.de\/cms\/2016\/05\/der-brueckenschlag-zum-75-geburtstag-von-lajos-dudas\/\" \/>\n<meta property=\"og:locale\" content=\"de_DE\" \/>\n<meta property=\"og:type\" content=\"article\" \/>\n<meta property=\"og:title\" content=\"Anton Webern mit jazzigen Intermezzi: Lajos Dudas und die Neusser Kammerakademie - JazzZeitung\" \/>\n<meta property=\"og:description\" content=\"F\u00fcr den Kulturphilosophen Theodor W. Adorno gab es -musikalisch gesehen \u2013 einerseits das Richtige (die k\u00fcnstlerische Avantgarde der zweiten Wiener Schule) und das Falsche (Jazz als \u201eInkarnation einer manipulierenden Kulturindustrie&#8220;). Bei aller zweifellos vorhandenen Genialit\u00e4t seiner Analysen, h\u00e4tte man den gro\u00dfen Denker des 20. Jahrhunderts vermutlich in eine von ihm selbst geschaffene Kategorie, n\u00e4mlich in die des \u201eRessentiment-H\u00f6rers\u201c stecken m\u00fcssen. Hier agieren der Klarinettist Lajos Dudas und die Neusser Kammerakademie wesentlich \u201eunverkrampfter\u201c: Hier tut die unmittelbare Konfrontation zwischen gegens\u00e4tzlichen Schubladen der Musik ausgesprochen gut. Dies zeigt eine neue CD auf dem Jazzsick-Label. Da werden zu Beginn Anton Weberns \u201eF\u00fcnf S\u00e4tze f\u00fcr Streichorchester\u201c mit drei sehr pers\u00f6nlich gehaltenen Intermezzi von Lajos Dudas kontrastiert. Blitzende Tremoli der Streicher atmen einen aufr\u00fchrerischen Fortschrittsgeist. Weberns F\u00fcnf Miniaturen lassen es nur so funkeln und knistern. In kurzen Miniaturen ein Maximum ein\u00a0 Ausdruckskraft zu b\u00fcndeln, darum geht es. Aber kreatives Musikmachen ist immer das \u201eBeantworten\u201c von etwas geh\u00f6rtem. Hier setzt der Jazz mit seinen Potenzialen an: In diesem Geiste interveniert Dudas mit drei Jazz-Intermezzi. Die bei Dudas immer so beseelt klingende Klarinette braucht nur wenige T\u00f6ne, um zu zeigen, was sie &hellip;\" \/>\n<meta property=\"og:url\" content=\"https:\/\/www.jazzzeitung.de\/cms\/2016\/05\/der-brueckenschlag-zum-75-geburtstag-von-lajos-dudas\/\" \/>\n<meta property=\"og:site_name\" content=\"JazzZeitung\" \/>\n<meta property=\"article:publisher\" content=\"https:\/\/www.facebook.com\/JazzZeitung\/\" \/>\n<meta property=\"article:published_time\" content=\"2016-05-17T10:00:22+00:00\" \/>\n<meta property=\"og:image\" content=\"http:\/\/www.jazzzeitung.de\/cms\/wp-content\/uploads\/2016\/05\/5088-JS-Dudas-Brueckenschlag-150x150.jpg\" \/>\n<meta name=\"author\" content=\"Redaktion JazzZeitung\" \/>\n<script type=\"application\/ld+json\" class=\"yoast-schema-graph\">{\"@context\":\"https:\\\/\\\/schema.org\",\"@graph\":[{\"@type\":\"Article\",\"@id\":\"https:\\\/\\\/www.jazzzeitung.de\\\/cms\\\/2016\\\/05\\\/der-brueckenschlag-zum-75-geburtstag-von-lajos-dudas\\\/#article\",\"isPartOf\":{\"@id\":\"https:\\\/\\\/www.jazzzeitung.de\\\/cms\\\/2016\\\/05\\\/der-brueckenschlag-zum-75-geburtstag-von-lajos-dudas\\\/\"},\"author\":{\"name\":\"Redaktion JazzZeitung\",\"@id\":\"https:\\\/\\\/www.jazzzeitung.de\\\/cms\\\/#\\\/schema\\\/person\\\/2245b36b9cd1d24cea10f01c031fb92b\"},\"headline\":\"Anton Webern mit jazzigen Intermezzi: Lajos Dudas und die Neusser Kammerakademie\",\"datePublished\":\"2016-05-17T10:00:22+00:00\",\"mainEntityOfPage\":{\"@id\":\"https:\\\/\\\/www.jazzzeitung.de\\\/cms\\\/2016\\\/05\\\/der-brueckenschlag-zum-75-geburtstag-von-lajos-dudas\\\/\"},\"wordCount\":543,\"commentCount\":0,\"publisher\":{\"@id\":\"https:\\\/\\\/www.jazzzeitung.de\\\/cms\\\/#organization\"},\"image\":{\"@id\":\"https:\\\/\\\/www.jazzzeitung.de\\\/cms\\\/2016\\\/05\\\/der-brueckenschlag-zum-75-geburtstag-von-lajos-dudas\\\/#primaryimage\"},\"thumbnailUrl\":\"http:\\\/\\\/www.jazzzeitung.de\\\/cms\\\/wp-content\\\/uploads\\\/2016\\\/05\\\/5088-JS-Dudas-Brueckenschlag-150x150.jpg\",\"keywords\":[\"CD\",\"Geburtstag\",\"Label\",\"Stefan Pieper\"],\"articleSection\":[\"Rezension\"],\"inLanguage\":\"de\",\"potentialAction\":[{\"@type\":\"CommentAction\",\"name\":\"Comment\",\"target\":[\"https:\\\/\\\/www.jazzzeitung.de\\\/cms\\\/2016\\\/05\\\/der-brueckenschlag-zum-75-geburtstag-von-lajos-dudas\\\/#respond\"]}]},{\"@type\":\"WebPage\",\"@id\":\"https:\\\/\\\/www.jazzzeitung.de\\\/cms\\\/2016\\\/05\\\/der-brueckenschlag-zum-75-geburtstag-von-lajos-dudas\\\/\",\"url\":\"https:\\\/\\\/www.jazzzeitung.de\\\/cms\\\/2016\\\/05\\\/der-brueckenschlag-zum-75-geburtstag-von-lajos-dudas\\\/\",\"name\":\"Anton Webern mit jazzigen Intermezzi: Lajos Dudas und die Neusser Kammerakademie - JazzZeitung\",\"isPartOf\":{\"@id\":\"https:\\\/\\\/www.jazzzeitung.de\\\/cms\\\/#website\"},\"primaryImageOfPage\":{\"@id\":\"https:\\\/\\\/www.jazzzeitung.de\\\/cms\\\/2016\\\/05\\\/der-brueckenschlag-zum-75-geburtstag-von-lajos-dudas\\\/#primaryimage\"},\"image\":{\"@id\":\"https:\\\/\\\/www.jazzzeitung.de\\\/cms\\\/2016\\\/05\\\/der-brueckenschlag-zum-75-geburtstag-von-lajos-dudas\\\/#primaryimage\"},\"thumbnailUrl\":\"http:\\\/\\\/www.jazzzeitung.de\\\/cms\\\/wp-content\\\/uploads\\\/2016\\\/05\\\/5088-JS-Dudas-Brueckenschlag-150x150.jpg\",\"datePublished\":\"2016-05-17T10:00:22+00:00\",\"breadcrumb\":{\"@id\":\"https:\\\/\\\/www.jazzzeitung.de\\\/cms\\\/2016\\\/05\\\/der-brueckenschlag-zum-75-geburtstag-von-lajos-dudas\\\/#breadcrumb\"},\"inLanguage\":\"de\",\"potentialAction\":[{\"@type\":\"ReadAction\",\"target\":[\"https:\\\/\\\/www.jazzzeitung.de\\\/cms\\\/2016\\\/05\\\/der-brueckenschlag-zum-75-geburtstag-von-lajos-dudas\\\/\"]}]},{\"@type\":\"ImageObject\",\"inLanguage\":\"de\",\"@id\":\"https:\\\/\\\/www.jazzzeitung.de\\\/cms\\\/2016\\\/05\\\/der-brueckenschlag-zum-75-geburtstag-von-lajos-dudas\\\/#primaryimage\",\"url\":\"http:\\\/\\\/www.jazzzeitung.de\\\/cms\\\/wp-content\\\/uploads\\\/2016\\\/05\\\/5088-JS-Dudas-Brueckenschlag-150x150.jpg\",\"contentUrl\":\"http:\\\/\\\/www.jazzzeitung.de\\\/cms\\\/wp-content\\\/uploads\\\/2016\\\/05\\\/5088-JS-Dudas-Brueckenschlag-150x150.jpg\"},{\"@type\":\"BreadcrumbList\",\"@id\":\"https:\\\/\\\/www.jazzzeitung.de\\\/cms\\\/2016\\\/05\\\/der-brueckenschlag-zum-75-geburtstag-von-lajos-dudas\\\/#breadcrumb\",\"itemListElement\":[{\"@type\":\"ListItem\",\"position\":1,\"name\":\"Startseite\",\"item\":\"https:\\\/\\\/www.jazzzeitung.de\\\/cms\\\/\"},{\"@type\":\"ListItem\",\"position\":2,\"name\":\"Anton Webern mit jazzigen Intermezzi: Lajos Dudas und die Neusser Kammerakademie\"}]},{\"@type\":\"WebSite\",\"@id\":\"https:\\\/\\\/www.jazzzeitung.de\\\/cms\\\/#website\",\"url\":\"https:\\\/\\\/www.jazzzeitung.de\\\/cms\\\/\",\"name\":\"JazzZeitung\",\"description\":\"Jazz-News und Jazz-Kontroverses\",\"publisher\":{\"@id\":\"https:\\\/\\\/www.jazzzeitung.de\\\/cms\\\/#organization\"},\"potentialAction\":[{\"@type\":\"SearchAction\",\"target\":{\"@type\":\"EntryPoint\",\"urlTemplate\":\"https:\\\/\\\/www.jazzzeitung.de\\\/cms\\\/?s={search_term_string}\"},\"query-input\":{\"@type\":\"PropertyValueSpecification\",\"valueRequired\":true,\"valueName\":\"search_term_string\"}}],\"inLanguage\":\"de\"},{\"@type\":\"Organization\",\"@id\":\"https:\\\/\\\/www.jazzzeitung.de\\\/cms\\\/#organization\",\"name\":\"JazzZeitung online\",\"url\":\"https:\\\/\\\/www.jazzzeitung.de\\\/cms\\\/\",\"logo\":{\"@type\":\"ImageObject\",\"inLanguage\":\"de\",\"@id\":\"https:\\\/\\\/www.jazzzeitung.de\\\/cms\\\/#\\\/schema\\\/logo\\\/image\\\/\",\"url\":\"https:\\\/\\\/i0.wp.com\\\/www.jazzzeitung.de\\\/cms\\\/wp-content\\\/uploads\\\/2015\\\/08\\\/JAZZZEITUNGDE_Logo_Neu.png?fit=499%2C200&ssl=1\",\"contentUrl\":\"https:\\\/\\\/i0.wp.com\\\/www.jazzzeitung.de\\\/cms\\\/wp-content\\\/uploads\\\/2015\\\/08\\\/JAZZZEITUNGDE_Logo_Neu.png?fit=499%2C200&ssl=1\",\"width\":499,\"height\":200,\"caption\":\"JazzZeitung online\"},\"image\":{\"@id\":\"https:\\\/\\\/www.jazzzeitung.de\\\/cms\\\/#\\\/schema\\\/logo\\\/image\\\/\"},\"sameAs\":[\"https:\\\/\\\/www.facebook.com\\\/JazzZeitung\\\/\"]},{\"@type\":\"Person\",\"@id\":\"https:\\\/\\\/www.jazzzeitung.de\\\/cms\\\/#\\\/schema\\\/person\\\/2245b36b9cd1d24cea10f01c031fb92b\",\"name\":\"Redaktion JazzZeitung\",\"image\":{\"@type\":\"ImageObject\",\"inLanguage\":\"de\",\"@id\":\"https:\\\/\\\/i0.wp.com\\\/www.jazzzeitung.de\\\/cms\\\/wp-content\\\/uploads\\\/2015\\\/08\\\/JAZZZEITUNGDE_Logo_Neu.png?resize=96%2C96&ssl=159975dcacb611b5700bd619b5daf0a7a\",\"url\":\"https:\\\/\\\/i0.wp.com\\\/www.jazzzeitung.de\\\/cms\\\/wp-content\\\/uploads\\\/2015\\\/08\\\/JAZZZEITUNGDE_Logo_Neu.png?resize=96%2C96&ssl=1\",\"contentUrl\":\"https:\\\/\\\/i0.wp.com\\\/www.jazzzeitung.de\\\/cms\\\/wp-content\\\/uploads\\\/2015\\\/08\\\/JAZZZEITUNGDE_Logo_Neu.png?resize=96%2C96&ssl=1\",\"caption\":\"Redaktion JazzZeitung\"},\"description\":\"Artikel der Redaktion der JazzZeitung.\",\"sameAs\":[\"http:\\\/\\\/www.jazzzeitung.de\\\/cms\\\/\"],\"url\":\"https:\\\/\\\/www.jazzzeitung.de\\\/cms\\\/author\\\/redaktion\\\/\"}]}<\/script>\n<!-- \/ Yoast SEO plugin. -->","yoast_head_json":{"title":"Anton Webern mit jazzigen Intermezzi: Lajos Dudas und die Neusser Kammerakademie - JazzZeitung","robots":{"index":"index","follow":"follow","max-snippet":"max-snippet:-1","max-image-preview":"max-image-preview:large","max-video-preview":"max-video-preview:-1"},"canonical":"https:\/\/www.jazzzeitung.de\/cms\/2016\/05\/der-brueckenschlag-zum-75-geburtstag-von-lajos-dudas\/","og_locale":"de_DE","og_type":"article","og_title":"Anton Webern mit jazzigen Intermezzi: Lajos Dudas und die Neusser Kammerakademie - JazzZeitung","og_description":"F\u00fcr den Kulturphilosophen Theodor W. Adorno gab es -musikalisch gesehen \u2013 einerseits das Richtige (die k\u00fcnstlerische Avantgarde der zweiten Wiener Schule) und das Falsche (Jazz als \u201eInkarnation einer manipulierenden Kulturindustrie&#8220;). Bei aller zweifellos vorhandenen Genialit\u00e4t seiner Analysen, h\u00e4tte man den gro\u00dfen Denker des 20. Jahrhunderts vermutlich in eine von ihm selbst geschaffene Kategorie, n\u00e4mlich in die des \u201eRessentiment-H\u00f6rers\u201c stecken m\u00fcssen. Hier agieren der Klarinettist Lajos Dudas und die Neusser Kammerakademie wesentlich \u201eunverkrampfter\u201c: Hier tut die unmittelbare Konfrontation zwischen gegens\u00e4tzlichen Schubladen der Musik ausgesprochen gut. Dies zeigt eine neue CD auf dem Jazzsick-Label. Da werden zu Beginn Anton Weberns \u201eF\u00fcnf S\u00e4tze f\u00fcr Streichorchester\u201c mit drei sehr pers\u00f6nlich gehaltenen Intermezzi von Lajos Dudas kontrastiert. Blitzende Tremoli der Streicher atmen einen aufr\u00fchrerischen Fortschrittsgeist. Weberns F\u00fcnf Miniaturen lassen es nur so funkeln und knistern. In kurzen Miniaturen ein Maximum ein\u00a0 Ausdruckskraft zu b\u00fcndeln, darum geht es. Aber kreatives Musikmachen ist immer das \u201eBeantworten\u201c von etwas geh\u00f6rtem. Hier setzt der Jazz mit seinen Potenzialen an: In diesem Geiste interveniert Dudas mit drei Jazz-Intermezzi. Die bei Dudas immer so beseelt klingende Klarinette braucht nur wenige T\u00f6ne, um zu zeigen, was sie &hellip;","og_url":"https:\/\/www.jazzzeitung.de\/cms\/2016\/05\/der-brueckenschlag-zum-75-geburtstag-von-lajos-dudas\/","og_site_name":"JazzZeitung","article_publisher":"https:\/\/www.facebook.com\/JazzZeitung\/","article_published_time":"2016-05-17T10:00:22+00:00","og_image":[{"url":"http:\/\/www.jazzzeitung.de\/cms\/wp-content\/uploads\/2016\/05\/5088-JS-Dudas-Brueckenschlag-150x150.jpg","type":"","width":"","height":""}],"author":"Redaktion JazzZeitung","schema":{"@context":"https:\/\/schema.org","@graph":[{"@type":"Article","@id":"https:\/\/www.jazzzeitung.de\/cms\/2016\/05\/der-brueckenschlag-zum-75-geburtstag-von-lajos-dudas\/#article","isPartOf":{"@id":"https:\/\/www.jazzzeitung.de\/cms\/2016\/05\/der-brueckenschlag-zum-75-geburtstag-von-lajos-dudas\/"},"author":{"name":"Redaktion JazzZeitung","@id":"https:\/\/www.jazzzeitung.de\/cms\/#\/schema\/person\/2245b36b9cd1d24cea10f01c031fb92b"},"headline":"Anton Webern mit jazzigen Intermezzi: Lajos Dudas und die Neusser Kammerakademie","datePublished":"2016-05-17T10:00:22+00:00","mainEntityOfPage":{"@id":"https:\/\/www.jazzzeitung.de\/cms\/2016\/05\/der-brueckenschlag-zum-75-geburtstag-von-lajos-dudas\/"},"wordCount":543,"commentCount":0,"publisher":{"@id":"https:\/\/www.jazzzeitung.de\/cms\/#organization"},"image":{"@id":"https:\/\/www.jazzzeitung.de\/cms\/2016\/05\/der-brueckenschlag-zum-75-geburtstag-von-lajos-dudas\/#primaryimage"},"thumbnailUrl":"http:\/\/www.jazzzeitung.de\/cms\/wp-content\/uploads\/2016\/05\/5088-JS-Dudas-Brueckenschlag-150x150.jpg","keywords":["CD","Geburtstag","Label","Stefan Pieper"],"articleSection":["Rezension"],"inLanguage":"de","potentialAction":[{"@type":"CommentAction","name":"Comment","target":["https:\/\/www.jazzzeitung.de\/cms\/2016\/05\/der-brueckenschlag-zum-75-geburtstag-von-lajos-dudas\/#respond"]}]},{"@type":"WebPage","@id":"https:\/\/www.jazzzeitung.de\/cms\/2016\/05\/der-brueckenschlag-zum-75-geburtstag-von-lajos-dudas\/","url":"https:\/\/www.jazzzeitung.de\/cms\/2016\/05\/der-brueckenschlag-zum-75-geburtstag-von-lajos-dudas\/","name":"Anton Webern mit jazzigen Intermezzi: Lajos Dudas und die Neusser Kammerakademie - JazzZeitung","isPartOf":{"@id":"https:\/\/www.jazzzeitung.de\/cms\/#website"},"primaryImageOfPage":{"@id":"https:\/\/www.jazzzeitung.de\/cms\/2016\/05\/der-brueckenschlag-zum-75-geburtstag-von-lajos-dudas\/#primaryimage"},"image":{"@id":"https:\/\/www.jazzzeitung.de\/cms\/2016\/05\/der-brueckenschlag-zum-75-geburtstag-von-lajos-dudas\/#primaryimage"},"thumbnailUrl":"http:\/\/www.jazzzeitung.de\/cms\/wp-content\/uploads\/2016\/05\/5088-JS-Dudas-Brueckenschlag-150x150.jpg","datePublished":"2016-05-17T10:00:22+00:00","breadcrumb":{"@id":"https:\/\/www.jazzzeitung.de\/cms\/2016\/05\/der-brueckenschlag-zum-75-geburtstag-von-lajos-dudas\/#breadcrumb"},"inLanguage":"de","potentialAction":[{"@type":"ReadAction","target":["https:\/\/www.jazzzeitung.de\/cms\/2016\/05\/der-brueckenschlag-zum-75-geburtstag-von-lajos-dudas\/"]}]},{"@type":"ImageObject","inLanguage":"de","@id":"https:\/\/www.jazzzeitung.de\/cms\/2016\/05\/der-brueckenschlag-zum-75-geburtstag-von-lajos-dudas\/#primaryimage","url":"http:\/\/www.jazzzeitung.de\/cms\/wp-content\/uploads\/2016\/05\/5088-JS-Dudas-Brueckenschlag-150x150.jpg","contentUrl":"http:\/\/www.jazzzeitung.de\/cms\/wp-content\/uploads\/2016\/05\/5088-JS-Dudas-Brueckenschlag-150x150.jpg"},{"@type":"BreadcrumbList","@id":"https:\/\/www.jazzzeitung.de\/cms\/2016\/05\/der-brueckenschlag-zum-75-geburtstag-von-lajos-dudas\/#breadcrumb","itemListElement":[{"@type":"ListItem","position":1,"name":"Startseite","item":"https:\/\/www.jazzzeitung.de\/cms\/"},{"@type":"ListItem","position":2,"name":"Anton Webern mit jazzigen Intermezzi: Lajos Dudas und die Neusser Kammerakademie"}]},{"@type":"WebSite","@id":"https:\/\/www.jazzzeitung.de\/cms\/#website","url":"https:\/\/www.jazzzeitung.de\/cms\/","name":"JazzZeitung","description":"Jazz-News und Jazz-Kontroverses","publisher":{"@id":"https:\/\/www.jazzzeitung.de\/cms\/#organization"},"potentialAction":[{"@type":"SearchAction","target":{"@type":"EntryPoint","urlTemplate":"https:\/\/www.jazzzeitung.de\/cms\/?s={search_term_string}"},"query-input":{"@type":"PropertyValueSpecification","valueRequired":true,"valueName":"search_term_string"}}],"inLanguage":"de"},{"@type":"Organization","@id":"https:\/\/www.jazzzeitung.de\/cms\/#organization","name":"JazzZeitung online","url":"https:\/\/www.jazzzeitung.de\/cms\/","logo":{"@type":"ImageObject","inLanguage":"de","@id":"https:\/\/www.jazzzeitung.de\/cms\/#\/schema\/logo\/image\/","url":"https:\/\/i0.wp.com\/www.jazzzeitung.de\/cms\/wp-content\/uploads\/2015\/08\/JAZZZEITUNGDE_Logo_Neu.png?fit=499%2C200&ssl=1","contentUrl":"https:\/\/i0.wp.com\/www.jazzzeitung.de\/cms\/wp-content\/uploads\/2015\/08\/JAZZZEITUNGDE_Logo_Neu.png?fit=499%2C200&ssl=1","width":499,"height":200,"caption":"JazzZeitung online"},"image":{"@id":"https:\/\/www.jazzzeitung.de\/cms\/#\/schema\/logo\/image\/"},"sameAs":["https:\/\/www.facebook.com\/JazzZeitung\/"]},{"@type":"Person","@id":"https:\/\/www.jazzzeitung.de\/cms\/#\/schema\/person\/2245b36b9cd1d24cea10f01c031fb92b","name":"Redaktion JazzZeitung","image":{"@type":"ImageObject","inLanguage":"de","@id":"https:\/\/i0.wp.com\/www.jazzzeitung.de\/cms\/wp-content\/uploads\/2015\/08\/JAZZZEITUNGDE_Logo_Neu.png?resize=96%2C96&ssl=159975dcacb611b5700bd619b5daf0a7a","url":"https:\/\/i0.wp.com\/www.jazzzeitung.de\/cms\/wp-content\/uploads\/2015\/08\/JAZZZEITUNGDE_Logo_Neu.png?resize=96%2C96&ssl=1","contentUrl":"https:\/\/i0.wp.com\/www.jazzzeitung.de\/cms\/wp-content\/uploads\/2015\/08\/JAZZZEITUNGDE_Logo_Neu.png?resize=96%2C96&ssl=1","caption":"Redaktion JazzZeitung"},"description":"Artikel der Redaktion der JazzZeitung.","sameAs":["http:\/\/www.jazzzeitung.de\/cms\/"],"url":"https:\/\/www.jazzzeitung.de\/cms\/author\/redaktion\/"}]}},"wp-worthy-pixel":{"ignored":false,"public":null,"server":null,"url":null},"wp-worthy-type":"normal","jetpack_publicize_connections":[],"cc_featured_image_caption":{"caption_text":false,"source_text":false,"source_url":false},"jetpack_featured_media_url":"","jetpack_shortlink":"https:\/\/wp.me\/p3KEcT-2qb","jetpack-related-posts":[{"id":22353,"url":"https:\/\/www.jazzzeitung.de\/cms\/2020\/04\/lajos-dudas-preziosen-eines-universalisten\/","url_meta":{"origin":9311,"position":0},"title":"Lajos Dudas &#8211; Preziosen eines Universalisten","author":"Michael Scheiner","date":"15. April 2020","format":false,"excerpt":"\u201eF\u00fcr mich ist eigentlich der Jazz alles\u201c, sagt der Klarinettist, Komponist und P\u00e4dagoge Lajos Dudas in einem Portr\u00e4tfilm, den ihm seine langj\u00e4hrige Heimatstadt Neuss gewidmet hat. \u201eF\u00fcr mich ist das Leben Jazz!\u201c lautet das Fazit des 79-j\u00e4hrigen K\u00fcnstlers. In Ungarn geboren, machte er sich nach seinem Studium am Bela-Bartok-Konservatorium und\u2026","rel":"","context":"In &quot;Rezension&quot;","block_context":{"text":"Rezension","link":"https:\/\/www.jazzzeitung.de\/cms\/thema\/rezension\/"},"img":{"alt_text":"","src":"https:\/\/i0.wp.com\/www.jazzzeitung.de\/cms\/wp-content\/uploads\/2020\/04\/dudas.jpg?fit=655%2C435&ssl=1&resize=350%2C200","width":350,"height":200,"srcset":"https:\/\/i0.wp.com\/www.jazzzeitung.de\/cms\/wp-content\/uploads\/2020\/04\/dudas.jpg?fit=655%2C435&ssl=1&resize=350%2C200 1x, https:\/\/i0.wp.com\/www.jazzzeitung.de\/cms\/wp-content\/uploads\/2020\/04\/dudas.jpg?fit=655%2C435&ssl=1&resize=525%2C300 1.5x"},"classes":[]},{"id":9321,"url":"https:\/\/www.jazzzeitung.de\/cms\/2016\/05\/vier-festivals-stehen-kurz-bevor-hilden-folkwang-augsburg-und-nockerberg-steppt-der-jazz\/","url_meta":{"origin":9311,"position":1},"title":"+++ News: Vier Festivals stehen vor der T\u00fcr +++ Der Jazz steppt in Hilden, Folkwang, Augsburg und am Nockerberg","author":"Redaktion JazzZeitung","date":"18. Mai 2016","format":"gallery","excerpt":"Den Anfang machen die 21. Hildener Jazztage. Sie stehen unter dem Motto \"Body & Soul\". Highlight des Festivals ist der Auftritt des afrikanischen S\u00e4ngers und Bassisten Richard Bona am Samstag, dem 28. Mai 2016 in der Hildener Stadthalle (Fritz-Gressard-Platz 1) im Rahmen der \u201eInternational Jazznight\u201c. Fans nennen den in Kamerun\u2026","rel":"","context":"In &quot;News&quot;","block_context":{"text":"News","link":"https:\/\/www.jazzzeitung.de\/cms\/thema\/nachrichten\/"},"img":{"alt_text":"","src":"https:\/\/i0.wp.com\/www.jazzzeitung.de\/cms\/wp-content\/uploads\/2016\/05\/Bona-Richard-Ten5.jpg?resize=350%2C200","width":350,"height":200,"srcset":"https:\/\/i0.wp.com\/www.jazzzeitung.de\/cms\/wp-content\/uploads\/2016\/05\/Bona-Richard-Ten5.jpg?resize=350%2C200 1x, https:\/\/i0.wp.com\/www.jazzzeitung.de\/cms\/wp-content\/uploads\/2016\/05\/Bona-Richard-Ten5.jpg?resize=525%2C300 1.5x, https:\/\/i0.wp.com\/www.jazzzeitung.de\/cms\/wp-content\/uploads\/2016\/05\/Bona-Richard-Ten5.jpg?resize=700%2C400 2x, https:\/\/i0.wp.com\/www.jazzzeitung.de\/cms\/wp-content\/uploads\/2016\/05\/Bona-Richard-Ten5.jpg?resize=1050%2C600 3x, https:\/\/i0.wp.com\/www.jazzzeitung.de\/cms\/wp-content\/uploads\/2016\/05\/Bona-Richard-Ten5.jpg?resize=1400%2C800 4x"},"classes":[]},{"id":32508,"url":"https:\/\/www.jazzzeitung.de\/cms\/2025\/05\/die-eingeschmolzene-jazz-radiowoche-vom-12-05-2025-bis-18-05-2025\/","url_meta":{"origin":9311,"position":2},"title":"Die eingeschmolzene Jazz-Radiowoche vom 12.05.2025 bis 18.05.2025","author":"Martin Hufner","date":"11. Mai 2025","format":false,"excerpt":"Jazz im Radio \u2013 Jeden Sonntag gibt es um 12 Uhr unsere \u00dcbersicht f\u00fcr die jeweils nachfolgende Woche. Die #Jazz-Radiowoche vom 12.05. bis 18.05.2025. Erheblich ausged\u00fcnnt. Auch als PDF zum Download \u2013 #Jazz #JazzZeitung #Radio #Radiowoche \u2013 Ein Service unserer Online-Redaktion.","rel":"","context":"In &quot;News&quot;","block_context":{"text":"News","link":"https:\/\/www.jazzzeitung.de\/cms\/thema\/nachrichten\/"},"img":{"alt_text":"Unterwegs. Foto: Hufner","src":"https:\/\/i0.wp.com\/www.jazzzeitung.de\/cms\/wp-content\/uploads\/2025\/05\/ice_2.jpg?fit=1086%2C724&ssl=1&resize=350%2C200","width":350,"height":200,"srcset":"https:\/\/i0.wp.com\/www.jazzzeitung.de\/cms\/wp-content\/uploads\/2025\/05\/ice_2.jpg?fit=1086%2C724&ssl=1&resize=350%2C200 1x, https:\/\/i0.wp.com\/www.jazzzeitung.de\/cms\/wp-content\/uploads\/2025\/05\/ice_2.jpg?fit=1086%2C724&ssl=1&resize=525%2C300 1.5x, https:\/\/i0.wp.com\/www.jazzzeitung.de\/cms\/wp-content\/uploads\/2025\/05\/ice_2.jpg?fit=1086%2C724&ssl=1&resize=700%2C400 2x, https:\/\/i0.wp.com\/www.jazzzeitung.de\/cms\/wp-content\/uploads\/2025\/05\/ice_2.jpg?fit=1086%2C724&ssl=1&resize=1050%2C600 3x"},"classes":[]},{"id":17813,"url":"https:\/\/www.jazzzeitung.de\/cms\/2018\/11\/junge-talente-der-erste-carl-bechstein-wettbewerb-jazz-klavier-solo-in-berlin\/","url_meta":{"origin":9311,"position":3},"title":"Junge Talente &#8211; der erste Carl-Bechstein-Wettbewerb \u201eJazz-Klavier solo\u201c in Berlin","author":"Redaktion JazzZeitung","date":"8. November 2018","format":false,"excerpt":"Von Godehard Lutz.\u00a0\u201eDer Jazz ist eine untersch\u00e4tzte Gr\u00f6\u00dfe und bedarf mehr F\u00f6rderung in unserem Land.\u201c So lautete das Bekenntnis von Professor Christian H\u00f6ppner, dem Generalsekret\u00e4r des Deutschen Musikrates und Vorsitzenden des Kuratoriums der Carl-Bechstein-Stiftung zum diesj\u00e4hrigen 5. Carl-Bechstein-Wettbewerb, der erstmals f\u00fcr junge Jazzpianisten stattfand. \u201eDer Carl-Bechstein-Wettbewerb f\u00fcr Kinder und Jugendliche\u2026","rel":"","context":"In &quot;Bericht&quot;","block_context":{"text":"Bericht","link":"https:\/\/www.jazzzeitung.de\/cms\/thema\/bericht\/"},"img":{"alt_text":"","src":"https:\/\/i0.wp.com\/www.jazzzeitung.de\/cms\/wp-content\/uploads\/2018\/11\/Bechstein-Preistr%C3%A4ger_WILLMES-Jury%C2%A9Godehard.Lutz%40bayern-mail.de_IMGP6561.jpg?fit=1200%2C795&ssl=1&resize=350%2C200","width":350,"height":200,"srcset":"https:\/\/i0.wp.com\/www.jazzzeitung.de\/cms\/wp-content\/uploads\/2018\/11\/Bechstein-Preistr%C3%A4ger_WILLMES-Jury%C2%A9Godehard.Lutz%40bayern-mail.de_IMGP6561.jpg?fit=1200%2C795&ssl=1&resize=350%2C200 1x, https:\/\/i0.wp.com\/www.jazzzeitung.de\/cms\/wp-content\/uploads\/2018\/11\/Bechstein-Preistr%C3%A4ger_WILLMES-Jury%C2%A9Godehard.Lutz%40bayern-mail.de_IMGP6561.jpg?fit=1200%2C795&ssl=1&resize=525%2C300 1.5x, https:\/\/i0.wp.com\/www.jazzzeitung.de\/cms\/wp-content\/uploads\/2018\/11\/Bechstein-Preistr%C3%A4ger_WILLMES-Jury%C2%A9Godehard.Lutz%40bayern-mail.de_IMGP6561.jpg?fit=1200%2C795&ssl=1&resize=700%2C400 2x, https:\/\/i0.wp.com\/www.jazzzeitung.de\/cms\/wp-content\/uploads\/2018\/11\/Bechstein-Preistr%C3%A4ger_WILLMES-Jury%C2%A9Godehard.Lutz%40bayern-mail.de_IMGP6561.jpg?fit=1200%2C795&ssl=1&resize=1050%2C600 3x"},"classes":[]},{"id":33675,"url":"https:\/\/www.jazzzeitung.de\/cms\/2026\/02\/die-weil-das-politische-in-allem-steckt-jazz-radiowoche-vom-23-02-2026-bis-01-03-2026\/","url_meta":{"origin":9311,"position":4},"title":"Die \u201eWeil-das-Politische-in-allem-steckt\u201c-Jazz-Radiowoche vom 23.02.2026 bis 01.03.2026","author":"Martin Hufner","date":"22. Februar 2026","format":false,"excerpt":"Jazz im Radio \u2013 Jeden Sonntag gibt es um 12 Uhr unsere \u00dcbersicht f\u00fcr die jeweils nachfolgende Woche. Die #Jazz-Radiowoche vom 23.02.26 bis zum 01.03.26. Erheblich d\u00fcnn! Auch als PDF zum Download \u2013 #Jazz #JazzZeitung #Radio #Radiowoche \u2013 Ein Service unserer Online-Redaktion.","rel":"","context":"In &quot;News&quot;","block_context":{"text":"News","link":"https:\/\/www.jazzzeitung.de\/cms\/thema\/nachrichten\/"},"img":{"alt_text":"Ostsee. Foto: Hufner","src":"https:\/\/i0.wp.com\/www.jazzzeitung.de\/cms\/wp-content\/uploads\/2026\/02\/ostsee_rothko_richter.jpg?fit=1200%2C900&ssl=1&resize=350%2C200","width":350,"height":200,"srcset":"https:\/\/i0.wp.com\/www.jazzzeitung.de\/cms\/wp-content\/uploads\/2026\/02\/ostsee_rothko_richter.jpg?fit=1200%2C900&ssl=1&resize=350%2C200 1x, https:\/\/i0.wp.com\/www.jazzzeitung.de\/cms\/wp-content\/uploads\/2026\/02\/ostsee_rothko_richter.jpg?fit=1200%2C900&ssl=1&resize=525%2C300 1.5x, https:\/\/i0.wp.com\/www.jazzzeitung.de\/cms\/wp-content\/uploads\/2026\/02\/ostsee_rothko_richter.jpg?fit=1200%2C900&ssl=1&resize=700%2C400 2x, https:\/\/i0.wp.com\/www.jazzzeitung.de\/cms\/wp-content\/uploads\/2026\/02\/ostsee_rothko_richter.jpg?fit=1200%2C900&ssl=1&resize=1050%2C600 3x"},"classes":[]},{"id":26195,"url":"https:\/\/www.jazzzeitung.de\/cms\/2021\/11\/die-radiowoche-vom-22-11-2128-11-2021\/","url_meta":{"origin":9311,"position":5},"title":"Die Radiowoche vom 22.11.21\u201328.11.2021","author":"Martin Hufner","date":"21. November 2021","format":false,"excerpt":"Ein kleiner Blick in die Radiowoche 47. Die \u00dcbersicht zum Download als PDF. Alle Angaben ohne Gew\u00e4hr. Inhalt mo \u2013 22.11.2021. 1 di \u2013 23.11.2021. 3 mi \u2013 24.11.2021. 6 do \u2013 25.11.2021. 7 fr \u2013 26.11.2021. 10 sa \u2013 27.11.2021. 13 so \u2013 28.11.2021. 16 mo \u2013 22.11.2021 01:05\u2026","rel":"","context":"In &quot;News&quot;","block_context":{"text":"News","link":"https:\/\/www.jazzzeitung.de\/cms\/thema\/nachrichten\/"},"img":{"alt_text":"Radiowoche","src":"https:\/\/i0.wp.com\/www.jazzzeitung.de\/cms\/wp-content\/uploads\/2021\/07\/radiowoche2021_gesamt.jpg?fit=1200%2C795&ssl=1&resize=350%2C200","width":350,"height":200,"srcset":"https:\/\/i0.wp.com\/www.jazzzeitung.de\/cms\/wp-content\/uploads\/2021\/07\/radiowoche2021_gesamt.jpg?fit=1200%2C795&ssl=1&resize=350%2C200 1x, https:\/\/i0.wp.com\/www.jazzzeitung.de\/cms\/wp-content\/uploads\/2021\/07\/radiowoche2021_gesamt.jpg?fit=1200%2C795&ssl=1&resize=525%2C300 1.5x, https:\/\/i0.wp.com\/www.jazzzeitung.de\/cms\/wp-content\/uploads\/2021\/07\/radiowoche2021_gesamt.jpg?fit=1200%2C795&ssl=1&resize=700%2C400 2x, https:\/\/i0.wp.com\/www.jazzzeitung.de\/cms\/wp-content\/uploads\/2021\/07\/radiowoche2021_gesamt.jpg?fit=1200%2C795&ssl=1&resize=1050%2C600 3x"},"classes":[]}],"jetpack_sharing_enabled":true,"_links":{"self":[{"href":"https:\/\/www.jazzzeitung.de\/cms\/wp-json\/wp\/v2\/posts\/9311","targetHints":{"allow":["GET"]}}],"collection":[{"href":"https:\/\/www.jazzzeitung.de\/cms\/wp-json\/wp\/v2\/posts"}],"about":[{"href":"https:\/\/www.jazzzeitung.de\/cms\/wp-json\/wp\/v2\/types\/post"}],"author":[{"embeddable":true,"href":"https:\/\/www.jazzzeitung.de\/cms\/wp-json\/wp\/v2\/users\/18"}],"replies":[{"embeddable":true,"href":"https:\/\/www.jazzzeitung.de\/cms\/wp-json\/wp\/v2\/comments?post=9311"}],"version-history":[{"count":7,"href":"https:\/\/www.jazzzeitung.de\/cms\/wp-json\/wp\/v2\/posts\/9311\/revisions"}],"predecessor-version":[{"id":9319,"href":"https:\/\/www.jazzzeitung.de\/cms\/wp-json\/wp\/v2\/posts\/9311\/revisions\/9319"}],"wp:attachment":[{"href":"https:\/\/www.jazzzeitung.de\/cms\/wp-json\/wp\/v2\/media?parent=9311"}],"wp:term":[{"taxonomy":"category","embeddable":true,"href":"https:\/\/www.jazzzeitung.de\/cms\/wp-json\/wp\/v2\/categories?post=9311"},{"taxonomy":"post_tag","embeddable":true,"href":"https:\/\/www.jazzzeitung.de\/cms\/wp-json\/wp\/v2\/tags?post=9311"},{"taxonomy":"author","embeddable":true,"href":"https:\/\/www.jazzzeitung.de\/cms\/wp-json\/wp\/v2\/coauthors?post=9311"}],"curies":[{"name":"wp","href":"https:\/\/api.w.org\/{rel}","templated":true}]}}