{"id":9199,"date":"2016-05-09T16:30:58","date_gmt":"2016-05-09T14:30:58","guid":{"rendered":"http:\/\/www.jazzzeitung.de\/cms\/?p=9199"},"modified":"2016-05-10T10:37:17","modified_gmt":"2016-05-10T08:37:17","slug":"bundesbegegnung-jugend-jazzt-big-band-preis-geht-nach-niedersachsen","status":"publish","type":"post","link":"https:\/\/www.jazzzeitung.de\/cms\/2016\/05\/bundesbegegnung-jugend-jazzt-big-band-preis-geht-nach-niedersachsen\/","title":{"rendered":"Bundesbegegnung Jugend jazzt beendet &#8211; Bigbandpreis geht nach Niedersachsen"},"content":{"rendered":"<figure id=\"attachment_9203\" aria-describedby=\"caption-attachment-9203\" style=\"width: 150px\" class=\"wp-caption alignleft\"><a href=\"https:\/\/i0.wp.com\/www.jazzzeitung.de\/cms\/wp-content\/uploads\/2016\/05\/IMG-1257.jpg\"><img data-recalc-dims=\"1\" loading=\"lazy\" decoding=\"async\" data-attachment-id=\"9203\" data-permalink=\"https:\/\/www.jazzzeitung.de\/cms\/2016\/05\/bundesbegegnung-jugend-jazzt-big-band-preis-geht-nach-niedersachsen\/img-1257\/\" data-orig-file=\"https:\/\/i0.wp.com\/www.jazzzeitung.de\/cms\/wp-content\/uploads\/2016\/05\/IMG-1257.jpg?fit=2757%2C2092&amp;ssl=1\" data-orig-size=\"2757,2092\" data-comments-opened=\"1\" data-image-meta=\"{&quot;aperture&quot;:&quot;5.6&quot;,&quot;credit&quot;:&quot;&quot;,&quot;camera&quot;:&quot;Canon EOS 400D DIGITAL&quot;,&quot;caption&quot;:&quot;&quot;,&quot;created_timestamp&quot;:&quot;1462483131&quot;,&quot;copyright&quot;:&quot;&quot;,&quot;focal_length&quot;:&quot;78&quot;,&quot;iso&quot;:&quot;1600&quot;,&quot;shutter_speed&quot;:&quot;0.033333333333333&quot;,&quot;title&quot;:&quot;&quot;,&quot;orientation&quot;:&quot;1&quot;}\" data-image-title=\"IMG- 1257\" data-image-description=\"\" data-image-caption=\"\" data-large-file=\"https:\/\/i0.wp.com\/www.jazzzeitung.de\/cms\/wp-content\/uploads\/2016\/05\/IMG-1257.jpg?fit=791%2C600&amp;ssl=1\" class=\"wp-image-9203 size-thumbnail\" src=\"https:\/\/i0.wp.com\/www.jazzzeitung.de\/cms\/wp-content\/uploads\/2016\/05\/IMG-1257-150x150.jpg?resize=150%2C150\" alt=\"Das Landesjugendjazzorchester Bayern\" width=\"150\" height=\"150\" srcset=\"https:\/\/i0.wp.com\/www.jazzzeitung.de\/cms\/wp-content\/uploads\/2016\/05\/IMG-1257.jpg?resize=150%2C150&amp;ssl=1 150w, https:\/\/i0.wp.com\/www.jazzzeitung.de\/cms\/wp-content\/uploads\/2016\/05\/IMG-1257.jpg?resize=144%2C144&amp;ssl=1 144w, https:\/\/i0.wp.com\/www.jazzzeitung.de\/cms\/wp-content\/uploads\/2016\/05\/IMG-1257.jpg?resize=96%2C96&amp;ssl=1 96w, https:\/\/i0.wp.com\/www.jazzzeitung.de\/cms\/wp-content\/uploads\/2016\/05\/IMG-1257.jpg?resize=24%2C24&amp;ssl=1 24w, https:\/\/i0.wp.com\/www.jazzzeitung.de\/cms\/wp-content\/uploads\/2016\/05\/IMG-1257.jpg?resize=36%2C36&amp;ssl=1 36w, https:\/\/i0.wp.com\/www.jazzzeitung.de\/cms\/wp-content\/uploads\/2016\/05\/IMG-1257.jpg?resize=48%2C48&amp;ssl=1 48w, https:\/\/i0.wp.com\/www.jazzzeitung.de\/cms\/wp-content\/uploads\/2016\/05\/IMG-1257.jpg?resize=64%2C64&amp;ssl=1 64w, https:\/\/i0.wp.com\/www.jazzzeitung.de\/cms\/wp-content\/uploads\/2016\/05\/IMG-1257.jpg?resize=32%2C32&amp;ssl=1 32w, https:\/\/i0.wp.com\/www.jazzzeitung.de\/cms\/wp-content\/uploads\/2016\/05\/IMG-1257.jpg?resize=128%2C128&amp;ssl=1 128w, https:\/\/i0.wp.com\/www.jazzzeitung.de\/cms\/wp-content\/uploads\/2016\/05\/IMG-1257.jpg?zoom=2&amp;resize=150%2C150&amp;ssl=1 300w, https:\/\/i0.wp.com\/www.jazzzeitung.de\/cms\/wp-content\/uploads\/2016\/05\/IMG-1257.jpg?zoom=3&amp;resize=150%2C150&amp;ssl=1 450w\" sizes=\"auto, (max-width: 150px) 100vw, 150px\" \/><\/a><figcaption id=\"caption-attachment-9203\" class=\"wp-caption-text\"><strong>Das LJJB beim Er\u00f6ffnungskonzert.<br \/> <\/strong><\/figcaption><\/figure>\n<p>Die Bundesbegegnung Jugend jazzt 2016 ist beendet. Das seit dem 5. Mai laufende Event in Kempten im Allg\u00e4u ist am Sonntag nun zuende gegangen. Die Bigband des Gymnasiums Berenbostel unter der Leitung von Bodo Schmidt aus Niedersachsen ist laut Expertenjury das beste Jugendbigbandorchester Deutschlands.<\/p>\n<p>Aus den Landesvorentscheiden waren die folgenden Bigbands zur Bundesbegegnung Jugend jazzt nach Kempten entsandt worden: die Bigband des Kepler-Gymnasiums Freudenstadt(BW, Ltg: Christof Ruetz), des Gymnasiums Weilheim(BY, Ltg: Arthur Lehman), des Konservatoriums Cottbus(BB, Ltg: Frank Petzold), Think Big!(HH, Ltg: Sven Kagelmann), SchulJazzO Schl\u00fcchtern(HE, Ltg: Franz-Josef Schwade &amp; Andreas Leibold), des Goethe-Gymnasium Schwerin \u2013 BAGGS(MV, Ltg: Michaela Geisler &amp; Matthias Strauch), des Curuba Jazzorchesters(NW, Ltg: Elmar Frey &amp; Michael Scheuermann), des Blueberry Jazzorchestras(RP, Ltg: Andreas Steffens), der Ricarda-Huch-Schule(SH, Ltg: Hans-Joachim Kempcke) sowie die freebirds bigband(TH, Ltg: Joseph Geyer).<\/p>\n<p>Unter der Leitung von J\u00f6rg Achim Keller pr\u00e4sentierte die NDR Bigband in Kempten ein Programm mit dem kubanischen Pianisten Omar Sosa. Folgende ausgew\u00e4hlte Teilnehmerinnen und Teilnehmer der Bundesbegegnung erhielten an diesem Abend die einmalige Gelegenheit, gemeinsam mit den Profis der NDR Bigband auf einer B\u00fchne zu stehen:<\/p>\n<ul>\n<li>Steffen Langenmeyer (Klavier, Big Band des Kepler-Gymnasiums Freudenstadt, Baden-W\u00fcrttemberg)<\/li>\n<li>Gregor Sperzel (Posaune, SchulJazzO Schl\u00fcchtern, Hessen)<\/li>\n<li>Manuel Scharf (Saxofon, Big Band des Gymnasiums Berenbostel, Niedersachsen)<\/li>\n<li>Alexander Barsch (Klavier, Big Band des Gymnasiums Berenbostel, Niedersachsen)<\/li>\n<li>Georg Demel (Posaune, freebirds Bigband, Th\u00fcringen)<\/li>\n<li>Leo Schmitz (Trompete, Curuba Jazzorchester, Nordrhein-Westfalen)<\/li>\n<\/ul>\n<p class=\"bodytext\"><span class=\"name-of-person\">Der Konzertpreis der Big Band der Bundeswehr, welcher mit einem <\/span>Konzertauftritt f\u00fcr vier ausgew\u00e4hlte Solisten im Rahmen der Tournee 2016 plus Reisekosten, \u00dcbernachtung und Verpflegung einhergeht, ging an diese vier Jungmusiker:<\/p>\n<ul>\n<li>Arthur Kohlhaas (Tenorsaxofon, freebirds Bigband, Th\u00fcringen)<\/li>\n<li>Alina van Alst (Gesang, Curuba Jazzorchester, Nordrhein Westfalen)<\/li>\n<li>Niklas Scharnhorst (Vibraphon, Big Band des Gymnasiums Berenbostel, Niedersachsen)<\/li>\n<li>Georg Demel (Posaune, freebirds Bigband, Th\u00fcringen)<\/li>\n<\/ul>\n<p>Genauere Informationen gibt es auf der <a href=\"http:\/\/www3.musikrat.de\/index.php?id=2788\">Website der Bundesbegegnung Jugend jazzt<\/a> und ein ausf\u00fchrlicher Artikel wird in der n\u00e4chsten Ausgabe der <a href=\"http:\/\/nmz.de\">nmz<\/a> zu lesen sein.<\/p>\n<p><strong> Foto: Johanna Lang<\/strong><\/p>\n","protected":false},"excerpt":{"rendered":"<p>Die Bundesbegegnung Jugend jazzt 2016 ist beendet. Das seit dem 5. Mai laufende Event in Kempten im Allg\u00e4u ist am Sonntag nun zuende gegangen. Die Bigband des Gymnasiums Berenbostel unter der Leitung von Bodo Schmidt aus Niedersachsen ist laut Expertenjury das beste Jugendbigbandorchester Deutschlands. Aus den Landesvorentscheiden waren die folgenden Bigbands zur Bundesbegegnung Jugend jazzt nach Kempten entsandt worden: die Bigband des Kepler-Gymnasiums Freudenstadt(BW, Ltg: Christof Ruetz), des Gymnasiums Weilheim(BY, Ltg: Arthur Lehman), des Konservatoriums Cottbus(BB, Ltg: Frank Petzold), Think Big!(HH, Ltg: Sven Kagelmann), SchulJazzO Schl\u00fcchtern(HE, Ltg: Franz-Josef Schwade &amp; Andreas Leibold), des Goethe-Gymnasium Schwerin \u2013 BAGGS(MV, Ltg: Michaela Geisler &amp; Matthias Strauch), des Curuba Jazzorchesters(NW, Ltg: Elmar Frey &amp; Michael Scheuermann), des Blueberry Jazzorchestras(RP, Ltg: Andreas Steffens), der Ricarda-Huch-Schule(SH, Ltg: Hans-Joachim Kempcke) sowie die freebirds bigband(TH, Ltg: Joseph Geyer). Unter der Leitung von J\u00f6rg Achim Keller pr\u00e4sentierte die NDR Bigband in Kempten ein Programm mit dem kubanischen Pianisten Omar Sosa. Folgende ausgew\u00e4hlte Teilnehmerinnen und Teilnehmer der Bundesbegegnung erhielten an diesem Abend die einmalige Gelegenheit, gemeinsam mit den Profis der NDR Bigband auf einer B\u00fchne zu stehen: Steffen Langenmeyer (Klavier, Big Band des Kepler-Gymnasiums Freudenstadt, &hellip;<\/p>\n","protected":false},"author":18,"featured_media":0,"comment_status":"open","ping_status":"closed","sticky":false,"template":"","format":"standard","meta":{"_jetpack_memberships_contains_paid_content":false,"footnotes":"","jetpack_publicize_message":"","jetpack_publicize_feature_enabled":true,"jetpack_social_post_already_shared":false,"jetpack_social_options":{"image_generator_settings":{"template":"highway","default_image_id":0,"font":"","enabled":false},"version":2}},"categories":[633],"tags":[71,72,73,74,100,282,305,729,410,421,818,1095],"coauthors":[695],"class_list":["post-9199","post","type-post","status-publish","format-standard","hentry","category-nachrichten","tag-big-band","tag-big-bands","tag-bigband","tag-bigbands","tag-bundesbegegnung","tag-jazzorchester","tag-jugend-jazzt","tag-kempten","tag-ndr","tag-nmz","tag-nordrhein-westfalen","tag-tournee"],"yoast_head":"<!-- This site is optimized with the Yoast SEO plugin v27.5 - https:\/\/yoast.com\/product\/yoast-seo-wordpress\/ -->\n<title>Bundesbegegnung Jugend jazzt beendet - Bigbandpreis geht nach Niedersachsen - JazzZeitung<\/title>\n<meta name=\"robots\" content=\"index, follow, max-snippet:-1, max-image-preview:large, max-video-preview:-1\" \/>\n<link rel=\"canonical\" href=\"https:\/\/www.jazzzeitung.de\/cms\/2016\/05\/bundesbegegnung-jugend-jazzt-big-band-preis-geht-nach-niedersachsen\/\" \/>\n<meta property=\"og:locale\" content=\"de_DE\" \/>\n<meta property=\"og:type\" content=\"article\" \/>\n<meta property=\"og:title\" content=\"Bundesbegegnung Jugend jazzt beendet - Bigbandpreis geht nach Niedersachsen - JazzZeitung\" \/>\n<meta property=\"og:description\" content=\"Die Bundesbegegnung Jugend jazzt 2016 ist beendet. Das seit dem 5. Mai laufende Event in Kempten im Allg\u00e4u ist am Sonntag nun zuende gegangen. Die Bigband des Gymnasiums Berenbostel unter der Leitung von Bodo Schmidt aus Niedersachsen ist laut Expertenjury das beste Jugendbigbandorchester Deutschlands. Aus den Landesvorentscheiden waren die folgenden Bigbands zur Bundesbegegnung Jugend jazzt nach Kempten entsandt worden: die Bigband des Kepler-Gymnasiums Freudenstadt(BW, Ltg: Christof Ruetz), des Gymnasiums Weilheim(BY, Ltg: Arthur Lehman), des Konservatoriums Cottbus(BB, Ltg: Frank Petzold), Think Big!(HH, Ltg: Sven Kagelmann), SchulJazzO Schl\u00fcchtern(HE, Ltg: Franz-Josef Schwade &amp; Andreas Leibold), des Goethe-Gymnasium Schwerin \u2013 BAGGS(MV, Ltg: Michaela Geisler &amp; Matthias Strauch), des Curuba Jazzorchesters(NW, Ltg: Elmar Frey &amp; Michael Scheuermann), des Blueberry Jazzorchestras(RP, Ltg: Andreas Steffens), der Ricarda-Huch-Schule(SH, Ltg: Hans-Joachim Kempcke) sowie die freebirds bigband(TH, Ltg: Joseph Geyer). Unter der Leitung von J\u00f6rg Achim Keller pr\u00e4sentierte die NDR Bigband in Kempten ein Programm mit dem kubanischen Pianisten Omar Sosa. Folgende ausgew\u00e4hlte Teilnehmerinnen und Teilnehmer der Bundesbegegnung erhielten an diesem Abend die einmalige Gelegenheit, gemeinsam mit den Profis der NDR Bigband auf einer B\u00fchne zu stehen: Steffen Langenmeyer (Klavier, Big Band des Kepler-Gymnasiums Freudenstadt, &hellip;\" \/>\n<meta property=\"og:url\" content=\"https:\/\/www.jazzzeitung.de\/cms\/2016\/05\/bundesbegegnung-jugend-jazzt-big-band-preis-geht-nach-niedersachsen\/\" \/>\n<meta property=\"og:site_name\" content=\"JazzZeitung\" \/>\n<meta property=\"article:publisher\" content=\"https:\/\/www.facebook.com\/JazzZeitung\/\" \/>\n<meta property=\"article:published_time\" content=\"2016-05-09T14:30:58+00:00\" \/>\n<meta property=\"article:modified_time\" content=\"2016-05-10T08:37:17+00:00\" \/>\n<meta property=\"og:image\" content=\"http:\/\/www.jazzzeitung.de\/cms\/wp-content\/uploads\/2016\/05\/IMG-1257-150x150.jpg\" \/>\n<meta name=\"author\" content=\"Redaktion JazzZeitung\" \/>\n<script type=\"application\/ld+json\" class=\"yoast-schema-graph\">{\"@context\":\"https:\\\/\\\/schema.org\",\"@graph\":[{\"@type\":\"Article\",\"@id\":\"https:\\\/\\\/www.jazzzeitung.de\\\/cms\\\/2016\\\/05\\\/bundesbegegnung-jugend-jazzt-big-band-preis-geht-nach-niedersachsen\\\/#article\",\"isPartOf\":{\"@id\":\"https:\\\/\\\/www.jazzzeitung.de\\\/cms\\\/2016\\\/05\\\/bundesbegegnung-jugend-jazzt-big-band-preis-geht-nach-niedersachsen\\\/\"},\"author\":{\"name\":\"Redaktion JazzZeitung\",\"@id\":\"https:\\\/\\\/www.jazzzeitung.de\\\/cms\\\/#\\\/schema\\\/person\\\/2245b36b9cd1d24cea10f01c031fb92b\"},\"headline\":\"Bundesbegegnung Jugend jazzt beendet &#8211; Bigbandpreis geht nach Niedersachsen\",\"datePublished\":\"2016-05-09T14:30:58+00:00\",\"dateModified\":\"2016-05-10T08:37:17+00:00\",\"mainEntityOfPage\":{\"@id\":\"https:\\\/\\\/www.jazzzeitung.de\\\/cms\\\/2016\\\/05\\\/bundesbegegnung-jugend-jazzt-big-band-preis-geht-nach-niedersachsen\\\/\"},\"wordCount\":352,\"commentCount\":0,\"publisher\":{\"@id\":\"https:\\\/\\\/www.jazzzeitung.de\\\/cms\\\/#organization\"},\"image\":{\"@id\":\"https:\\\/\\\/www.jazzzeitung.de\\\/cms\\\/2016\\\/05\\\/bundesbegegnung-jugend-jazzt-big-band-preis-geht-nach-niedersachsen\\\/#primaryimage\"},\"thumbnailUrl\":\"http:\\\/\\\/www.jazzzeitung.de\\\/cms\\\/wp-content\\\/uploads\\\/2016\\\/05\\\/IMG-1257-150x150.jpg\",\"keywords\":[\"Big Band\",\"Big Bands\",\"Bigband\",\"bigbands\",\"Bundesbegegnung\",\"Jazzorchester\",\"Jugend jazzt\",\"Kempten\",\"NDR\",\"nmz\",\"Nordrhein-Westfalen\",\"Tournee\"],\"articleSection\":[\"News\"],\"inLanguage\":\"de\",\"potentialAction\":[{\"@type\":\"CommentAction\",\"name\":\"Comment\",\"target\":[\"https:\\\/\\\/www.jazzzeitung.de\\\/cms\\\/2016\\\/05\\\/bundesbegegnung-jugend-jazzt-big-band-preis-geht-nach-niedersachsen\\\/#respond\"]}]},{\"@type\":\"WebPage\",\"@id\":\"https:\\\/\\\/www.jazzzeitung.de\\\/cms\\\/2016\\\/05\\\/bundesbegegnung-jugend-jazzt-big-band-preis-geht-nach-niedersachsen\\\/\",\"url\":\"https:\\\/\\\/www.jazzzeitung.de\\\/cms\\\/2016\\\/05\\\/bundesbegegnung-jugend-jazzt-big-band-preis-geht-nach-niedersachsen\\\/\",\"name\":\"Bundesbegegnung Jugend jazzt beendet - Bigbandpreis geht nach Niedersachsen - JazzZeitung\",\"isPartOf\":{\"@id\":\"https:\\\/\\\/www.jazzzeitung.de\\\/cms\\\/#website\"},\"primaryImageOfPage\":{\"@id\":\"https:\\\/\\\/www.jazzzeitung.de\\\/cms\\\/2016\\\/05\\\/bundesbegegnung-jugend-jazzt-big-band-preis-geht-nach-niedersachsen\\\/#primaryimage\"},\"image\":{\"@id\":\"https:\\\/\\\/www.jazzzeitung.de\\\/cms\\\/2016\\\/05\\\/bundesbegegnung-jugend-jazzt-big-band-preis-geht-nach-niedersachsen\\\/#primaryimage\"},\"thumbnailUrl\":\"http:\\\/\\\/www.jazzzeitung.de\\\/cms\\\/wp-content\\\/uploads\\\/2016\\\/05\\\/IMG-1257-150x150.jpg\",\"datePublished\":\"2016-05-09T14:30:58+00:00\",\"dateModified\":\"2016-05-10T08:37:17+00:00\",\"breadcrumb\":{\"@id\":\"https:\\\/\\\/www.jazzzeitung.de\\\/cms\\\/2016\\\/05\\\/bundesbegegnung-jugend-jazzt-big-band-preis-geht-nach-niedersachsen\\\/#breadcrumb\"},\"inLanguage\":\"de\",\"potentialAction\":[{\"@type\":\"ReadAction\",\"target\":[\"https:\\\/\\\/www.jazzzeitung.de\\\/cms\\\/2016\\\/05\\\/bundesbegegnung-jugend-jazzt-big-band-preis-geht-nach-niedersachsen\\\/\"]}]},{\"@type\":\"ImageObject\",\"inLanguage\":\"de\",\"@id\":\"https:\\\/\\\/www.jazzzeitung.de\\\/cms\\\/2016\\\/05\\\/bundesbegegnung-jugend-jazzt-big-band-preis-geht-nach-niedersachsen\\\/#primaryimage\",\"url\":\"http:\\\/\\\/www.jazzzeitung.de\\\/cms\\\/wp-content\\\/uploads\\\/2016\\\/05\\\/IMG-1257-150x150.jpg\",\"contentUrl\":\"http:\\\/\\\/www.jazzzeitung.de\\\/cms\\\/wp-content\\\/uploads\\\/2016\\\/05\\\/IMG-1257-150x150.jpg\"},{\"@type\":\"BreadcrumbList\",\"@id\":\"https:\\\/\\\/www.jazzzeitung.de\\\/cms\\\/2016\\\/05\\\/bundesbegegnung-jugend-jazzt-big-band-preis-geht-nach-niedersachsen\\\/#breadcrumb\",\"itemListElement\":[{\"@type\":\"ListItem\",\"position\":1,\"name\":\"Startseite\",\"item\":\"https:\\\/\\\/www.jazzzeitung.de\\\/cms\\\/\"},{\"@type\":\"ListItem\",\"position\":2,\"name\":\"Bundesbegegnung Jugend jazzt beendet &#8211; Bigbandpreis geht nach Niedersachsen\"}]},{\"@type\":\"WebSite\",\"@id\":\"https:\\\/\\\/www.jazzzeitung.de\\\/cms\\\/#website\",\"url\":\"https:\\\/\\\/www.jazzzeitung.de\\\/cms\\\/\",\"name\":\"JazzZeitung\",\"description\":\"Jazz-News und Jazz-Kontroverses\",\"publisher\":{\"@id\":\"https:\\\/\\\/www.jazzzeitung.de\\\/cms\\\/#organization\"},\"potentialAction\":[{\"@type\":\"SearchAction\",\"target\":{\"@type\":\"EntryPoint\",\"urlTemplate\":\"https:\\\/\\\/www.jazzzeitung.de\\\/cms\\\/?s={search_term_string}\"},\"query-input\":{\"@type\":\"PropertyValueSpecification\",\"valueRequired\":true,\"valueName\":\"search_term_string\"}}],\"inLanguage\":\"de\"},{\"@type\":\"Organization\",\"@id\":\"https:\\\/\\\/www.jazzzeitung.de\\\/cms\\\/#organization\",\"name\":\"JazzZeitung online\",\"url\":\"https:\\\/\\\/www.jazzzeitung.de\\\/cms\\\/\",\"logo\":{\"@type\":\"ImageObject\",\"inLanguage\":\"de\",\"@id\":\"https:\\\/\\\/www.jazzzeitung.de\\\/cms\\\/#\\\/schema\\\/logo\\\/image\\\/\",\"url\":\"https:\\\/\\\/i0.wp.com\\\/www.jazzzeitung.de\\\/cms\\\/wp-content\\\/uploads\\\/2015\\\/08\\\/JAZZZEITUNGDE_Logo_Neu.png?fit=499%2C200&ssl=1\",\"contentUrl\":\"https:\\\/\\\/i0.wp.com\\\/www.jazzzeitung.de\\\/cms\\\/wp-content\\\/uploads\\\/2015\\\/08\\\/JAZZZEITUNGDE_Logo_Neu.png?fit=499%2C200&ssl=1\",\"width\":499,\"height\":200,\"caption\":\"JazzZeitung online\"},\"image\":{\"@id\":\"https:\\\/\\\/www.jazzzeitung.de\\\/cms\\\/#\\\/schema\\\/logo\\\/image\\\/\"},\"sameAs\":[\"https:\\\/\\\/www.facebook.com\\\/JazzZeitung\\\/\"]},{\"@type\":\"Person\",\"@id\":\"https:\\\/\\\/www.jazzzeitung.de\\\/cms\\\/#\\\/schema\\\/person\\\/2245b36b9cd1d24cea10f01c031fb92b\",\"name\":\"Redaktion JazzZeitung\",\"image\":{\"@type\":\"ImageObject\",\"inLanguage\":\"de\",\"@id\":\"https:\\\/\\\/i0.wp.com\\\/www.jazzzeitung.de\\\/cms\\\/wp-content\\\/uploads\\\/2015\\\/08\\\/JAZZZEITUNGDE_Logo_Neu.png?resize=96%2C96&ssl=159975dcacb611b5700bd619b5daf0a7a\",\"url\":\"https:\\\/\\\/i0.wp.com\\\/www.jazzzeitung.de\\\/cms\\\/wp-content\\\/uploads\\\/2015\\\/08\\\/JAZZZEITUNGDE_Logo_Neu.png?resize=96%2C96&ssl=1\",\"contentUrl\":\"https:\\\/\\\/i0.wp.com\\\/www.jazzzeitung.de\\\/cms\\\/wp-content\\\/uploads\\\/2015\\\/08\\\/JAZZZEITUNGDE_Logo_Neu.png?resize=96%2C96&ssl=1\",\"caption\":\"Redaktion JazzZeitung\"},\"description\":\"Artikel der Redaktion der JazzZeitung.\",\"sameAs\":[\"http:\\\/\\\/www.jazzzeitung.de\\\/cms\\\/\"],\"url\":\"https:\\\/\\\/www.jazzzeitung.de\\\/cms\\\/author\\\/redaktion\\\/\"}]}<\/script>\n<!-- \/ Yoast SEO plugin. -->","yoast_head_json":{"title":"Bundesbegegnung Jugend jazzt beendet - Bigbandpreis geht nach Niedersachsen - JazzZeitung","robots":{"index":"index","follow":"follow","max-snippet":"max-snippet:-1","max-image-preview":"max-image-preview:large","max-video-preview":"max-video-preview:-1"},"canonical":"https:\/\/www.jazzzeitung.de\/cms\/2016\/05\/bundesbegegnung-jugend-jazzt-big-band-preis-geht-nach-niedersachsen\/","og_locale":"de_DE","og_type":"article","og_title":"Bundesbegegnung Jugend jazzt beendet - Bigbandpreis geht nach Niedersachsen - JazzZeitung","og_description":"Die Bundesbegegnung Jugend jazzt 2016 ist beendet. Das seit dem 5. Mai laufende Event in Kempten im Allg\u00e4u ist am Sonntag nun zuende gegangen. Die Bigband des Gymnasiums Berenbostel unter der Leitung von Bodo Schmidt aus Niedersachsen ist laut Expertenjury das beste Jugendbigbandorchester Deutschlands. Aus den Landesvorentscheiden waren die folgenden Bigbands zur Bundesbegegnung Jugend jazzt nach Kempten entsandt worden: die Bigband des Kepler-Gymnasiums Freudenstadt(BW, Ltg: Christof Ruetz), des Gymnasiums Weilheim(BY, Ltg: Arthur Lehman), des Konservatoriums Cottbus(BB, Ltg: Frank Petzold), Think Big!(HH, Ltg: Sven Kagelmann), SchulJazzO Schl\u00fcchtern(HE, Ltg: Franz-Josef Schwade &amp; Andreas Leibold), des Goethe-Gymnasium Schwerin \u2013 BAGGS(MV, Ltg: Michaela Geisler &amp; Matthias Strauch), des Curuba Jazzorchesters(NW, Ltg: Elmar Frey &amp; Michael Scheuermann), des Blueberry Jazzorchestras(RP, Ltg: Andreas Steffens), der Ricarda-Huch-Schule(SH, Ltg: Hans-Joachim Kempcke) sowie die freebirds bigband(TH, Ltg: Joseph Geyer). Unter der Leitung von J\u00f6rg Achim Keller pr\u00e4sentierte die NDR Bigband in Kempten ein Programm mit dem kubanischen Pianisten Omar Sosa. Folgende ausgew\u00e4hlte Teilnehmerinnen und Teilnehmer der Bundesbegegnung erhielten an diesem Abend die einmalige Gelegenheit, gemeinsam mit den Profis der NDR Bigband auf einer B\u00fchne zu stehen: Steffen Langenmeyer (Klavier, Big Band des Kepler-Gymnasiums Freudenstadt, &hellip;","og_url":"https:\/\/www.jazzzeitung.de\/cms\/2016\/05\/bundesbegegnung-jugend-jazzt-big-band-preis-geht-nach-niedersachsen\/","og_site_name":"JazzZeitung","article_publisher":"https:\/\/www.facebook.com\/JazzZeitung\/","article_published_time":"2016-05-09T14:30:58+00:00","article_modified_time":"2016-05-10T08:37:17+00:00","og_image":[{"url":"http:\/\/www.jazzzeitung.de\/cms\/wp-content\/uploads\/2016\/05\/IMG-1257-150x150.jpg","type":"","width":"","height":""}],"author":"Redaktion JazzZeitung","schema":{"@context":"https:\/\/schema.org","@graph":[{"@type":"Article","@id":"https:\/\/www.jazzzeitung.de\/cms\/2016\/05\/bundesbegegnung-jugend-jazzt-big-band-preis-geht-nach-niedersachsen\/#article","isPartOf":{"@id":"https:\/\/www.jazzzeitung.de\/cms\/2016\/05\/bundesbegegnung-jugend-jazzt-big-band-preis-geht-nach-niedersachsen\/"},"author":{"name":"Redaktion JazzZeitung","@id":"https:\/\/www.jazzzeitung.de\/cms\/#\/schema\/person\/2245b36b9cd1d24cea10f01c031fb92b"},"headline":"Bundesbegegnung Jugend jazzt beendet &#8211; Bigbandpreis geht nach Niedersachsen","datePublished":"2016-05-09T14:30:58+00:00","dateModified":"2016-05-10T08:37:17+00:00","mainEntityOfPage":{"@id":"https:\/\/www.jazzzeitung.de\/cms\/2016\/05\/bundesbegegnung-jugend-jazzt-big-band-preis-geht-nach-niedersachsen\/"},"wordCount":352,"commentCount":0,"publisher":{"@id":"https:\/\/www.jazzzeitung.de\/cms\/#organization"},"image":{"@id":"https:\/\/www.jazzzeitung.de\/cms\/2016\/05\/bundesbegegnung-jugend-jazzt-big-band-preis-geht-nach-niedersachsen\/#primaryimage"},"thumbnailUrl":"http:\/\/www.jazzzeitung.de\/cms\/wp-content\/uploads\/2016\/05\/IMG-1257-150x150.jpg","keywords":["Big Band","Big Bands","Bigband","bigbands","Bundesbegegnung","Jazzorchester","Jugend jazzt","Kempten","NDR","nmz","Nordrhein-Westfalen","Tournee"],"articleSection":["News"],"inLanguage":"de","potentialAction":[{"@type":"CommentAction","name":"Comment","target":["https:\/\/www.jazzzeitung.de\/cms\/2016\/05\/bundesbegegnung-jugend-jazzt-big-band-preis-geht-nach-niedersachsen\/#respond"]}]},{"@type":"WebPage","@id":"https:\/\/www.jazzzeitung.de\/cms\/2016\/05\/bundesbegegnung-jugend-jazzt-big-band-preis-geht-nach-niedersachsen\/","url":"https:\/\/www.jazzzeitung.de\/cms\/2016\/05\/bundesbegegnung-jugend-jazzt-big-band-preis-geht-nach-niedersachsen\/","name":"Bundesbegegnung Jugend jazzt beendet - Bigbandpreis geht nach Niedersachsen - JazzZeitung","isPartOf":{"@id":"https:\/\/www.jazzzeitung.de\/cms\/#website"},"primaryImageOfPage":{"@id":"https:\/\/www.jazzzeitung.de\/cms\/2016\/05\/bundesbegegnung-jugend-jazzt-big-band-preis-geht-nach-niedersachsen\/#primaryimage"},"image":{"@id":"https:\/\/www.jazzzeitung.de\/cms\/2016\/05\/bundesbegegnung-jugend-jazzt-big-band-preis-geht-nach-niedersachsen\/#primaryimage"},"thumbnailUrl":"http:\/\/www.jazzzeitung.de\/cms\/wp-content\/uploads\/2016\/05\/IMG-1257-150x150.jpg","datePublished":"2016-05-09T14:30:58+00:00","dateModified":"2016-05-10T08:37:17+00:00","breadcrumb":{"@id":"https:\/\/www.jazzzeitung.de\/cms\/2016\/05\/bundesbegegnung-jugend-jazzt-big-band-preis-geht-nach-niedersachsen\/#breadcrumb"},"inLanguage":"de","potentialAction":[{"@type":"ReadAction","target":["https:\/\/www.jazzzeitung.de\/cms\/2016\/05\/bundesbegegnung-jugend-jazzt-big-band-preis-geht-nach-niedersachsen\/"]}]},{"@type":"ImageObject","inLanguage":"de","@id":"https:\/\/www.jazzzeitung.de\/cms\/2016\/05\/bundesbegegnung-jugend-jazzt-big-band-preis-geht-nach-niedersachsen\/#primaryimage","url":"http:\/\/www.jazzzeitung.de\/cms\/wp-content\/uploads\/2016\/05\/IMG-1257-150x150.jpg","contentUrl":"http:\/\/www.jazzzeitung.de\/cms\/wp-content\/uploads\/2016\/05\/IMG-1257-150x150.jpg"},{"@type":"BreadcrumbList","@id":"https:\/\/www.jazzzeitung.de\/cms\/2016\/05\/bundesbegegnung-jugend-jazzt-big-band-preis-geht-nach-niedersachsen\/#breadcrumb","itemListElement":[{"@type":"ListItem","position":1,"name":"Startseite","item":"https:\/\/www.jazzzeitung.de\/cms\/"},{"@type":"ListItem","position":2,"name":"Bundesbegegnung Jugend jazzt beendet &#8211; Bigbandpreis geht nach Niedersachsen"}]},{"@type":"WebSite","@id":"https:\/\/www.jazzzeitung.de\/cms\/#website","url":"https:\/\/www.jazzzeitung.de\/cms\/","name":"JazzZeitung","description":"Jazz-News und Jazz-Kontroverses","publisher":{"@id":"https:\/\/www.jazzzeitung.de\/cms\/#organization"},"potentialAction":[{"@type":"SearchAction","target":{"@type":"EntryPoint","urlTemplate":"https:\/\/www.jazzzeitung.de\/cms\/?s={search_term_string}"},"query-input":{"@type":"PropertyValueSpecification","valueRequired":true,"valueName":"search_term_string"}}],"inLanguage":"de"},{"@type":"Organization","@id":"https:\/\/www.jazzzeitung.de\/cms\/#organization","name":"JazzZeitung online","url":"https:\/\/www.jazzzeitung.de\/cms\/","logo":{"@type":"ImageObject","inLanguage":"de","@id":"https:\/\/www.jazzzeitung.de\/cms\/#\/schema\/logo\/image\/","url":"https:\/\/i0.wp.com\/www.jazzzeitung.de\/cms\/wp-content\/uploads\/2015\/08\/JAZZZEITUNGDE_Logo_Neu.png?fit=499%2C200&ssl=1","contentUrl":"https:\/\/i0.wp.com\/www.jazzzeitung.de\/cms\/wp-content\/uploads\/2015\/08\/JAZZZEITUNGDE_Logo_Neu.png?fit=499%2C200&ssl=1","width":499,"height":200,"caption":"JazzZeitung online"},"image":{"@id":"https:\/\/www.jazzzeitung.de\/cms\/#\/schema\/logo\/image\/"},"sameAs":["https:\/\/www.facebook.com\/JazzZeitung\/"]},{"@type":"Person","@id":"https:\/\/www.jazzzeitung.de\/cms\/#\/schema\/person\/2245b36b9cd1d24cea10f01c031fb92b","name":"Redaktion JazzZeitung","image":{"@type":"ImageObject","inLanguage":"de","@id":"https:\/\/i0.wp.com\/www.jazzzeitung.de\/cms\/wp-content\/uploads\/2015\/08\/JAZZZEITUNGDE_Logo_Neu.png?resize=96%2C96&ssl=159975dcacb611b5700bd619b5daf0a7a","url":"https:\/\/i0.wp.com\/www.jazzzeitung.de\/cms\/wp-content\/uploads\/2015\/08\/JAZZZEITUNGDE_Logo_Neu.png?resize=96%2C96&ssl=1","contentUrl":"https:\/\/i0.wp.com\/www.jazzzeitung.de\/cms\/wp-content\/uploads\/2015\/08\/JAZZZEITUNGDE_Logo_Neu.png?resize=96%2C96&ssl=1","caption":"Redaktion JazzZeitung"},"description":"Artikel der Redaktion der JazzZeitung.","sameAs":["http:\/\/www.jazzzeitung.de\/cms\/"],"url":"https:\/\/www.jazzzeitung.de\/cms\/author\/redaktion\/"}]}},"wp-worthy-pixel":{"ignored":false,"public":null,"server":null,"url":null},"wp-worthy-type":"normal","jetpack_publicize_connections":[],"cc_featured_image_caption":{"caption_text":false,"source_text":false,"source_url":false},"jetpack_featured_media_url":"","jetpack_shortlink":"https:\/\/wp.me\/p3KEcT-2on","jetpack-related-posts":[{"id":8853,"url":"https:\/\/www.jazzzeitung.de\/cms\/2016\/03\/jazznachwuchs-zu-gast-kempten\/","url_meta":{"origin":9199,"position":0},"title":"Jazznachwuchs zu Gast in Kempten","author":"Redaktion JazzZeitung","date":"31. M\u00e4rz 2016","format":false,"excerpt":"Es ist wieder so weit: Vom 5. bis zum 8. Mai wird die Bundesbegegnung Jugend jazzt ausgetragen, 2016 zum ersten Mal in Bayern, in Kempten im Allg\u00e4u. Alle zwei Jahre treffen sich die besten Nachwuchs-Bigbands Deutschlands zur Bundesbegegnung Jugend jazzt, wo junge Jazzmusiker die Chance erhalten, ihr K\u00f6nnen vor einer\u2026","rel":"","context":"In &quot;News&quot;","block_context":{"text":"News","link":"https:\/\/www.jazzzeitung.de\/cms\/thema\/nachrichten\/"},"img":{"alt_text":"Das Landes-Jugendjazzorchester Bayern unter der Leitung von Harald R\u00fcschenbaum","src":"https:\/\/i0.wp.com\/www.jazzzeitung.de\/cms\/wp-content\/uploads\/2016\/03\/Landes-Jugendjazzorchester-Bayern-150x150.jpg?resize=350%2C200","width":350,"height":200},"classes":[]},{"id":21318,"url":"https:\/\/www.jazzzeitung.de\/cms\/2019\/11\/news-jugend-jazzt-landeswettbewerb-in-hamburg-2019jugend-jazzt-landeswettbewerb-in-bayern\/","url_meta":{"origin":9199,"position":1},"title":"News: +++Jugend jazzt Landeswettbewerb in Hamburg 2019+++Jugend jazzt Landeswettbewerb in Bayern+++","author":"Redaktion JazzZeitung","date":"16. November 2019","format":false,"excerpt":"Jugend jazzt in Hamburg Heute und morgen am 17. November 2019 ist es wieder soweit: Die Staatliche Jugendmusikschule Hamburg wird im Rahmen des Landeswettbewerbs \u201eJugend jazzt\u201c zum Treffpunkt des Hamburger Jazznachwuchses. Rund 400 Teilnehmer*innen aus Hamburg haben sich f\u00fcr den diesj\u00e4hrigen Landeswettbewerb \u201eJugend jazzt\u201c angemeldet und pr\u00e4sentieren im Rahmen von\u2026","rel":"","context":"In &quot;News&quot;","block_context":{"text":"News","link":"https:\/\/www.jazzzeitung.de\/cms\/thema\/nachrichten\/"},"img":{"alt_text":"","src":"https:\/\/i0.wp.com\/www.jazzzeitung.de\/cms\/wp-content\/uploads\/2019\/11\/Jugend-jazztDSCF9149-scaled.jpg?fit=1200%2C800&ssl=1&resize=350%2C200","width":350,"height":200,"srcset":"https:\/\/i0.wp.com\/www.jazzzeitung.de\/cms\/wp-content\/uploads\/2019\/11\/Jugend-jazztDSCF9149-scaled.jpg?fit=1200%2C800&ssl=1&resize=350%2C200 1x, https:\/\/i0.wp.com\/www.jazzzeitung.de\/cms\/wp-content\/uploads\/2019\/11\/Jugend-jazztDSCF9149-scaled.jpg?fit=1200%2C800&ssl=1&resize=525%2C300 1.5x, https:\/\/i0.wp.com\/www.jazzzeitung.de\/cms\/wp-content\/uploads\/2019\/11\/Jugend-jazztDSCF9149-scaled.jpg?fit=1200%2C800&ssl=1&resize=700%2C400 2x, https:\/\/i0.wp.com\/www.jazzzeitung.de\/cms\/wp-content\/uploads\/2019\/11\/Jugend-jazztDSCF9149-scaled.jpg?fit=1200%2C800&ssl=1&resize=1050%2C600 3x"},"classes":[]},{"id":9872,"url":"https:\/\/www.jazzzeitung.de\/cms\/2016\/08\/ausschreibung-landeswettbewerb-jugend-jazzt-fuer-combos-und-solisten-hamburg-november-2016\/","url_meta":{"origin":9199,"position":2},"title":"Ausschreibung: Landeswettbewerb \u201eJugend jazzt\u201c f\u00fcr Combos und Solisten Hamburg November 2016","author":"Redaktion JazzZeitung","date":"12. August 2016","format":false,"excerpt":"Am 12. und 13. November 2016 findet der n\u00e4chste Landeswettbewerb \u201eJugend jazzt\u201c in der Staatlichen Jugendmusikschule Hamburg statt und wird in diesem Jahr f\u00fcr Combos und Solisten ausgeschrieben. Ab 15. August 2016 k\u00f6nnen sich alle NachwuchsjazzerInnen mit ihren Combos oder als SolistIn anmelden.\u00a0Anmeldeschluss ist der 30. September 2016. \u201eJugend jazzt\u201c\u2026","rel":"","context":"In &quot;News&quot;","block_context":{"text":"News","link":"https:\/\/www.jazzzeitung.de\/cms\/thema\/nachrichten\/"},"img":{"alt_text":"","src":"","width":0,"height":0},"classes":[]},{"id":240,"url":"https:\/\/www.jazzzeitung.de\/cms\/2010\/07\/erste-bundesbegegnung-jugend-jazzt-fuer-big-bands\/","url_meta":{"origin":9199,"position":3},"title":"Erste Bundesbegegnung &#8222;Jugend jazzt&#8220; f\u00fcr Big Bands","author":"J\u00f6rg Lichtinger","date":"1. Juli 2010","format":false,"excerpt":"Die Jugend jazzt erfreulicherweise nach wie vor recht aktiv \u2013 seit 1997 auch unter fachm\u00e4nnischer Beobachtung des Deutschen Musikrats. In diesem Jahr gab es die Bundesbegegnung \"Jugend jazzt\" zum ersten Mal auch f\u00fcr Jazzorchester. Jugend-Bigbands aus ganz Deutschland, die sich bei den jeweiligen Landesausscheidungen durchgesetzt hatten, trafen am 26.\/27. Juni\u2026","rel":"","context":"In &quot;Blog&quot;","block_context":{"text":"Blog","link":"https:\/\/www.jazzzeitung.de\/cms\/thema\/blog\/"},"img":{"alt_text":"Die Teilnehmer bei \"Jugend jazzt\" 2010. Foto Bernadette Heim","src":"https:\/\/i0.wp.com\/www.jazzzeitung.de\/cms\/wp-content\/uploads\/2010\/06\/1aMusikrat1-300x172.jpg?resize=350%2C200","width":350,"height":200},"classes":[]},{"id":15922,"url":"https:\/\/www.jazzzeitung.de\/cms\/2018\/05\/jugend-jazzt-2018\/","url_meta":{"origin":9199,"position":4},"title":"16. Bundesbegegnung Jugend jazzt in Frankfurt am Main","author":"Redaktion JazzZeitung","date":"7. Mai 2018","format":false,"excerpt":"Diese Woche startet die 16. Bundesbegegnung Jugend jazzt (10.-12. Mai 2018) in Frankfurt am Main. Rund 350 junge Jazzmusikerinnen und -musiker werden aus der gesamten Republik nach Frankfurt reisen, um sich in Wertungsspielen, Konzerten, Sessions und Workshops zu begegnen, sich kennenzulernen und auszutauschen. Die Bundesbegegnung wird er\u00f6ffnet mit einem Konzert\u2026","rel":"","context":"In &quot;News&quot;","block_context":{"text":"News","link":"https:\/\/www.jazzzeitung.de\/cms\/thema\/nachrichten\/"},"img":{"alt_text":"","src":"https:\/\/i0.wp.com\/www.jazzzeitung.de\/cms\/wp-content\/uploads\/2018\/05\/Logo_Jugend_jazzt.jpg?fit=1200%2C802&ssl=1&resize=350%2C200","width":350,"height":200,"srcset":"https:\/\/i0.wp.com\/www.jazzzeitung.de\/cms\/wp-content\/uploads\/2018\/05\/Logo_Jugend_jazzt.jpg?fit=1200%2C802&ssl=1&resize=350%2C200 1x, https:\/\/i0.wp.com\/www.jazzzeitung.de\/cms\/wp-content\/uploads\/2018\/05\/Logo_Jugend_jazzt.jpg?fit=1200%2C802&ssl=1&resize=525%2C300 1.5x, https:\/\/i0.wp.com\/www.jazzzeitung.de\/cms\/wp-content\/uploads\/2018\/05\/Logo_Jugend_jazzt.jpg?fit=1200%2C802&ssl=1&resize=700%2C400 2x, https:\/\/i0.wp.com\/www.jazzzeitung.de\/cms\/wp-content\/uploads\/2018\/05\/Logo_Jugend_jazzt.jpg?fit=1200%2C802&ssl=1&resize=1050%2C600 3x"},"classes":[]},{"id":27170,"url":"https:\/\/www.jazzzeitung.de\/cms\/2022\/04\/digitale-konzertreihe-zur-bundesbegegnung-jugend-jazzt-gestartet\/","url_meta":{"origin":9199,"position":5},"title":"Digitale Konzertreihe zur Bundesbegegnung Jugend jazzt gestartet","author":"Redaktion JazzZeitung","date":"22. April 2022","format":false,"excerpt":"(Pressemeldung: Deutscher Musikrat) Ab sofort werden die Videos der Jazz-Combos, die sich f\u00fcr die Bundesbegegnung Jugend jazzt qualifiziert haben, ver\u00f6ffentlicht. Die digitale Konzertreihe ist auf dem YouTube-Kanal des Deutschen Musikrates\u00a0sowie auf der\u00a0Website\u00a0und in den Social Media-Kan\u00e4len von Jugend jazzt (Facebook\u00a0und\u00a0Instagram) zu finden. Die 18. Bundesbegegnung Jugend jazzt ist vom 26.\u2026","rel":"","context":"In &quot;News&quot;","block_context":{"text":"News","link":"https:\/\/www.jazzzeitung.de\/cms\/thema\/nachrichten\/"},"img":{"alt_text":"Quartertone (Hessen)","src":"https:\/\/i0.wp.com\/www.jazzzeitung.de\/cms\/wp-content\/uploads\/2022\/04\/jugend_jazz_1600t.jpg?fit=1200%2C676&ssl=1&resize=350%2C200","width":350,"height":200,"srcset":"https:\/\/i0.wp.com\/www.jazzzeitung.de\/cms\/wp-content\/uploads\/2022\/04\/jugend_jazz_1600t.jpg?fit=1200%2C676&ssl=1&resize=350%2C200 1x, https:\/\/i0.wp.com\/www.jazzzeitung.de\/cms\/wp-content\/uploads\/2022\/04\/jugend_jazz_1600t.jpg?fit=1200%2C676&ssl=1&resize=525%2C300 1.5x, https:\/\/i0.wp.com\/www.jazzzeitung.de\/cms\/wp-content\/uploads\/2022\/04\/jugend_jazz_1600t.jpg?fit=1200%2C676&ssl=1&resize=700%2C400 2x, https:\/\/i0.wp.com\/www.jazzzeitung.de\/cms\/wp-content\/uploads\/2022\/04\/jugend_jazz_1600t.jpg?fit=1200%2C676&ssl=1&resize=1050%2C600 3x"},"classes":[]}],"jetpack_sharing_enabled":true,"_links":{"self":[{"href":"https:\/\/www.jazzzeitung.de\/cms\/wp-json\/wp\/v2\/posts\/9199","targetHints":{"allow":["GET"]}}],"collection":[{"href":"https:\/\/www.jazzzeitung.de\/cms\/wp-json\/wp\/v2\/posts"}],"about":[{"href":"https:\/\/www.jazzzeitung.de\/cms\/wp-json\/wp\/v2\/types\/post"}],"author":[{"embeddable":true,"href":"https:\/\/www.jazzzeitung.de\/cms\/wp-json\/wp\/v2\/users\/18"}],"replies":[{"embeddable":true,"href":"https:\/\/www.jazzzeitung.de\/cms\/wp-json\/wp\/v2\/comments?post=9199"}],"version-history":[{"count":21,"href":"https:\/\/www.jazzzeitung.de\/cms\/wp-json\/wp\/v2\/posts\/9199\/revisions"}],"predecessor-version":[{"id":9247,"href":"https:\/\/www.jazzzeitung.de\/cms\/wp-json\/wp\/v2\/posts\/9199\/revisions\/9247"}],"wp:attachment":[{"href":"https:\/\/www.jazzzeitung.de\/cms\/wp-json\/wp\/v2\/media?parent=9199"}],"wp:term":[{"taxonomy":"category","embeddable":true,"href":"https:\/\/www.jazzzeitung.de\/cms\/wp-json\/wp\/v2\/categories?post=9199"},{"taxonomy":"post_tag","embeddable":true,"href":"https:\/\/www.jazzzeitung.de\/cms\/wp-json\/wp\/v2\/tags?post=9199"},{"taxonomy":"author","embeddable":true,"href":"https:\/\/www.jazzzeitung.de\/cms\/wp-json\/wp\/v2\/coauthors?post=9199"}],"curies":[{"name":"wp","href":"https:\/\/api.w.org\/{rel}","templated":true}]}}