{"id":915,"date":"2011-03-31T19:54:39","date_gmt":"2011-03-31T17:54:39","guid":{"rendered":"http:\/\/blogs.nmz.de\/jazz\/?p=915"},"modified":"2011-03-31T19:54:39","modified_gmt":"2011-03-31T17:54:39","slug":"malefiz-wo-ist-der-jazz-benefiz","status":"publish","type":"post","link":"https:\/\/www.jazzzeitung.de\/cms\/2011\/03\/malefiz-wo-ist-der-jazz-benefiz\/","title":{"rendered":"Malefiz, wo ist der Jazz-Benefiz?"},"content":{"rendered":"<p>Nach den Katastrophen in Japan r\u00fchren sich langsam die K\u00fcnstler der Welt und organisieren Benefizkonzerte, um den Erdbeben- und Tsunami-Opfern zu helfen. In New York wird am 9. April ein von John Zorn organisiertes Konzert stattfinden, bei dem auch Lou Reed auflaufen wird. Auch in anderen L\u00e4ndern und St\u00e4dten gibt es Konzerte, in Deutschland sind es vor allem Initiativen klassischer Konzerth\u00e4user, Ensembles und Musikhochschulen, die Geld f\u00fcr Hilfsorganisationen einspielen, die in Japan aktiv sind. Die Popbranche hat sich mit dem Charity-Album <a href=\"http:\/\/phobos.apple.com\/WebObjects\/MZStore.woa\/wa\/storeFront?storeFrontId=143443&amp;affId=1781472\" target=\"_blank\">&#8222;Songs for Japan&#8220;<\/a> in zahlreichen L\u00e4ndern an die Spitze der iTunes-Charts katapultiert. Der Erl\u00f6s geht an das japanische Rote Kreuz.<\/p>\n<p style=\"text-align: center\"><a href=\"https:\/\/i0.wp.com\/www.jazzzeitung.de\/cms\/wp-content\/uploads\/2011\/03\/Logo-Songs-for-Japan.jpg\"><img data-recalc-dims=\"1\" loading=\"lazy\" decoding=\"async\" data-attachment-id=\"935\" data-permalink=\"https:\/\/www.jazzzeitung.de\/cms\/2011\/03\/malefiz-wo-ist-der-jazz-benefiz\/logo-songs-for-japan\/\" data-orig-file=\"https:\/\/i0.wp.com\/www.jazzzeitung.de\/cms\/wp-content\/uploads\/2011\/03\/Logo-Songs-for-Japan.jpg?fit=227%2C170&amp;ssl=1\" data-orig-size=\"227,170\" data-comments-opened=\"1\" data-image-meta=\"{&quot;aperture&quot;:&quot;0&quot;,&quot;credit&quot;:&quot;&quot;,&quot;camera&quot;:&quot;&quot;,&quot;caption&quot;:&quot;&quot;,&quot;created_timestamp&quot;:&quot;0&quot;,&quot;copyright&quot;:&quot;&quot;,&quot;focal_length&quot;:&quot;0&quot;,&quot;iso&quot;:&quot;0&quot;,&quot;shutter_speed&quot;:&quot;0&quot;,&quot;title&quot;:&quot;&quot;}\" data-image-title=\"Logo-Songs-for-Japan\" data-image-description=\"\" data-image-caption=\"\" data-large-file=\"https:\/\/i0.wp.com\/www.jazzzeitung.de\/cms\/wp-content\/uploads\/2011\/03\/Logo-Songs-for-Japan.jpg?fit=227%2C170&amp;ssl=1\" class=\"size-full wp-image-935 aligncenter\" title=\"Logo-Songs-for-Japan\" src=\"https:\/\/i0.wp.com\/www.jazzzeitung.de\/cms\/wp-content\/uploads\/2011\/03\/Logo-Songs-for-Japan.jpg?resize=146%2C109\" alt=\"Logo-Songs-for-Japan\" width=\"146\" height=\"109\" \/><\/a><\/p>\n<p>Die Jazzszene steht dabei noch recht im Abseits, obwohl viele Jazzmusiker gerade in Japan gro\u00dfe Helden sind. Wahrscheinlich ist der Jazzmusiker an sich mit dem m\u00fchsamen Erwerb seines eigenen Lebensunterhalts absorbiert.<\/p>\n<p>In M\u00fcnchen hat die Jazzbar Vogler immerhin am 28. M\u00e4rz eine Benefiz-Session veranstaltet und die Hip-Hopper von Bluementopf spielen mit anderen K\u00fcnstlern am 1. April ein Konzert am Odeonsplatz. Auch in anderen St\u00e4dten wird es \u00e4hnliche kleinere Initiativen geben, das Gros der Clubs kommt ohne aus.<\/p>\n<p>Die\u00a0 Jazz-Funk-Band des Saxophonisten &#8222;Grosskopf&#8220; spendet die Einnahmen aus dem <a href=\"http:\/\/grosskopf.bandcamp.com\/\" target=\"_blank\">Download-Verkauf ihrer Platte &#8222;Live in Japan&#8220;<\/a> an das Deutsche Rote Kreuz.<\/p>\n<figure id=\"attachment_919\" aria-describedby=\"caption-attachment-919\" style=\"width: 100px\" class=\"wp-caption aligncenter\"><a href=\"https:\/\/i0.wp.com\/www.jazzzeitung.de\/cms\/wp-content\/uploads\/2011\/03\/3478113703-1.jpg\"><img data-recalc-dims=\"1\" loading=\"lazy\" decoding=\"async\" data-attachment-id=\"919\" data-permalink=\"https:\/\/www.jazzzeitung.de\/cms\/2011\/03\/malefiz-wo-ist-der-jazz-benefiz\/3478113703-1\/\" data-orig-file=\"https:\/\/i0.wp.com\/www.jazzzeitung.de\/cms\/wp-content\/uploads\/2011\/03\/3478113703-1.jpg?fit=100%2C100&amp;ssl=1\" data-orig-size=\"100,100\" data-comments-opened=\"1\" data-image-meta=\"{&quot;aperture&quot;:&quot;0&quot;,&quot;credit&quot;:&quot;&quot;,&quot;camera&quot;:&quot;&quot;,&quot;caption&quot;:&quot;&quot;,&quot;created_timestamp&quot;:&quot;0&quot;,&quot;copyright&quot;:&quot;&quot;,&quot;focal_length&quot;:&quot;0&quot;,&quot;iso&quot;:&quot;0&quot;,&quot;shutter_speed&quot;:&quot;0&quot;,&quot;title&quot;:&quot;&quot;}\" data-image-title=\"live in japan_cover\" data-image-description=\"\" data-image-caption=\"&lt;p&gt;Grosskopf \u2013 Live in Japan&lt;\/p&gt;\n\" data-large-file=\"https:\/\/i0.wp.com\/www.jazzzeitung.de\/cms\/wp-content\/uploads\/2011\/03\/3478113703-1.jpg?fit=100%2C100&amp;ssl=1\" class=\"size-full wp-image-919 \" title=\"live in japan_cover\" src=\"https:\/\/i0.wp.com\/www.jazzzeitung.de\/cms\/wp-content\/uploads\/2011\/03\/3478113703-1.jpg?resize=100%2C100\" alt=\"Grosskopf \u2013 Live in Japan\" width=\"100\" height=\"100\" \/><\/a><figcaption id=\"caption-attachment-919\" class=\"wp-caption-text\">Grosskopf \u2013 Live in Japan<\/figcaption><\/figure>\n<h6>Wladimir Klitschko, bitte helfen Sie!<\/h6>\n<p>Da k\u00f6nnte sich insgesamt mehr tun, aber der Jazz ist, wie gesagt, nicht der Kernbereich der Wohlt\u00e4tigkeits-Gesellschaft. W\u00e4re das nicht ein Fall f\u00fcr Till Br\u00f6nner? Da k\u00f6nnte er mal seine au\u00dferordentliche Stellung in der Mitte der Kulturgesellschaft ausspielen und irgendwo ein gro\u00dfes Philharmonie-Konzert geben. Auf Tour ist er sowieso gerade, dann macht er&#8217;s ja vielleicht noch&#8230;<\/p>\n<p>Oder es schaltet sich Wladimir Klitschko ein, wie im vergangenen Jahr bei der Spendengala &#8222;Ein Herz f\u00fcr Kinder&#8220;, und rundet die Spendensumme auf. W\u00e4ren in diesem Fall f\u00fcr ihn eh nur Peanuts&#8230;<\/p>\n<h6>Ganz nebenbei&#8230;<\/h6>\n<p>Aufmerksame Leser haben bestimmt entdeckt, dass der Autor auch heute wieder einen bekannten Jazztrompeter im Text versteckt hat. Man begreife dies als Hommage an den legend\u00e4ren Sepp Arnemann \u2013 Gott hab&#8216; ihn selig \u2013, dessen M\u00e4use der Autor lange Jahre in der TV H\u00f6ren und Sehen suchen durfte &#8230; Danke, Sepp!<\/p>\n","protected":false},"excerpt":{"rendered":"<p>Nach den Katastrophen in Japan r\u00fchren sich langsam die K\u00fcnstler der Welt und organisieren Benefizkonzerte, um den Erdbeben- und Tsunami-Opfern zu helfen. In New York wird am 9. April ein von John Zorn organisiertes Konzert stattfinden, bei dem auch Lou Reed auflaufen wird. Auch in anderen L\u00e4ndern und St\u00e4dten gibt es Konzerte, in Deutschland sind es vor allem Initiativen klassischer Konzerth\u00e4user, Ensembles und Musikhochschulen, die Geld f\u00fcr Hilfsorganisationen einspielen, die in Japan aktiv sind. Die Popbranche hat sich mit dem Charity-Album &#8222;Songs for Japan&#8220; in zahlreichen L\u00e4ndern an die Spitze der iTunes-Charts katapultiert. Der Erl\u00f6s geht an das japanische Rote Kreuz. Die Jazzszene steht dabei noch recht im Abseits, obwohl viele Jazzmusiker gerade in Japan gro\u00dfe Helden sind. Wahrscheinlich ist der Jazzmusiker an sich mit dem m\u00fchsamen Erwerb seines eigenen Lebensunterhalts absorbiert. In M\u00fcnchen hat die Jazzbar Vogler immerhin am 28. M\u00e4rz eine Benefiz-Session veranstaltet und die Hip-Hopper von Bluementopf spielen mit anderen K\u00fcnstlern am 1. April ein Konzert am Odeonsplatz. Auch in anderen St\u00e4dten wird es \u00e4hnliche kleinere Initiativen geben, das Gros der Clubs kommt ohne aus. Die\u00a0 Jazz-Funk-Band des Saxophonisten &#8222;Grosskopf&#8220; spendet die &hellip;<\/p>\n","protected":false},"author":4,"featured_media":0,"comment_status":"open","ping_status":"open","sticky":false,"template":"","format":"standard","meta":{"_jetpack_memberships_contains_paid_content":false,"footnotes":"","jetpack_publicize_message":"","jetpack_publicize_feature_enabled":true,"jetpack_social_post_already_shared":false,"jetpack_social_options":{"image_generator_settings":{"template":"highway","default_image_id":0,"font":"","enabled":false},"version":2}},"categories":[82],"tags":[34,1192,137,208,251,281,322,323,401,478,497,505,549,558,562],"coauthors":[],"class_list":["post-915","post","type-post","status-publish","format-standard","hentry","category-blog","tag-album","tag-clubs","tag-deutschland","tag-grosskopf","tag-japan","tag-jazzmusiker","tag-konzert-2","tag-konzerte","tag-muenchen","tag-rotes-kreuz","tag-sepp-arnemann","tag-songs-for-japan","tag-till-broenner","tag-tour","tag-tv"],"yoast_head":"<!-- This site is optimized with the Yoast SEO plugin v27.5 - https:\/\/yoast.com\/product\/yoast-seo-wordpress\/ -->\n<title>Malefiz, wo ist der Jazz-Benefiz? - JazzZeitung<\/title>\n<meta name=\"robots\" content=\"index, follow, max-snippet:-1, max-image-preview:large, max-video-preview:-1\" \/>\n<link rel=\"canonical\" href=\"https:\/\/www.jazzzeitung.de\/cms\/2011\/03\/malefiz-wo-ist-der-jazz-benefiz\/\" \/>\n<meta property=\"og:locale\" content=\"de_DE\" \/>\n<meta property=\"og:type\" content=\"article\" \/>\n<meta property=\"og:title\" content=\"Malefiz, wo ist der Jazz-Benefiz? - JazzZeitung\" \/>\n<meta property=\"og:description\" content=\"Nach den Katastrophen in Japan r\u00fchren sich langsam die K\u00fcnstler der Welt und organisieren Benefizkonzerte, um den Erdbeben- und Tsunami-Opfern zu helfen. In New York wird am 9. April ein von John Zorn organisiertes Konzert stattfinden, bei dem auch Lou Reed auflaufen wird. Auch in anderen L\u00e4ndern und St\u00e4dten gibt es Konzerte, in Deutschland sind es vor allem Initiativen klassischer Konzerth\u00e4user, Ensembles und Musikhochschulen, die Geld f\u00fcr Hilfsorganisationen einspielen, die in Japan aktiv sind. Die Popbranche hat sich mit dem Charity-Album &#8222;Songs for Japan&#8220; in zahlreichen L\u00e4ndern an die Spitze der iTunes-Charts katapultiert. Der Erl\u00f6s geht an das japanische Rote Kreuz. Die Jazzszene steht dabei noch recht im Abseits, obwohl viele Jazzmusiker gerade in Japan gro\u00dfe Helden sind. Wahrscheinlich ist der Jazzmusiker an sich mit dem m\u00fchsamen Erwerb seines eigenen Lebensunterhalts absorbiert. In M\u00fcnchen hat die Jazzbar Vogler immerhin am 28. M\u00e4rz eine Benefiz-Session veranstaltet und die Hip-Hopper von Bluementopf spielen mit anderen K\u00fcnstlern am 1. April ein Konzert am Odeonsplatz. Auch in anderen St\u00e4dten wird es \u00e4hnliche kleinere Initiativen geben, das Gros der Clubs kommt ohne aus. Die\u00a0 Jazz-Funk-Band des Saxophonisten &#8222;Grosskopf&#8220; spendet die &hellip;\" \/>\n<meta property=\"og:url\" content=\"https:\/\/www.jazzzeitung.de\/cms\/2011\/03\/malefiz-wo-ist-der-jazz-benefiz\/\" \/>\n<meta property=\"og:site_name\" content=\"JazzZeitung\" \/>\n<meta property=\"article:publisher\" content=\"https:\/\/www.facebook.com\/JazzZeitung\/\" \/>\n<meta property=\"article:published_time\" content=\"2011-03-31T17:54:39+00:00\" \/>\n<meta property=\"og:image\" content=\"http:\/\/www.jazzzeitung.de\/cms\/wp-content\/uploads\/2011\/03\/Logo-Songs-for-Japan.jpg\" \/>\n<meta name=\"author\" content=\"J\u00f6rg Lichtinger\" \/>\n<script type=\"application\/ld+json\" class=\"yoast-schema-graph\">{\"@context\":\"https:\\\/\\\/schema.org\",\"@graph\":[{\"@type\":\"Article\",\"@id\":\"https:\\\/\\\/www.jazzzeitung.de\\\/cms\\\/2011\\\/03\\\/malefiz-wo-ist-der-jazz-benefiz\\\/#article\",\"isPartOf\":{\"@id\":\"https:\\\/\\\/www.jazzzeitung.de\\\/cms\\\/2011\\\/03\\\/malefiz-wo-ist-der-jazz-benefiz\\\/\"},\"author\":{\"name\":\"J\u00f6rg Lichtinger\",\"@id\":\"https:\\\/\\\/www.jazzzeitung.de\\\/cms\\\/#\\\/schema\\\/person\\\/4c5aaf486bdcd85db94b9a8b9e026bad\"},\"headline\":\"Malefiz, wo ist der Jazz-Benefiz?\",\"datePublished\":\"2011-03-31T17:54:39+00:00\",\"mainEntityOfPage\":{\"@id\":\"https:\\\/\\\/www.jazzzeitung.de\\\/cms\\\/2011\\\/03\\\/malefiz-wo-ist-der-jazz-benefiz\\\/\"},\"wordCount\":385,\"commentCount\":0,\"publisher\":{\"@id\":\"https:\\\/\\\/www.jazzzeitung.de\\\/cms\\\/#organization\"},\"image\":{\"@id\":\"https:\\\/\\\/www.jazzzeitung.de\\\/cms\\\/2011\\\/03\\\/malefiz-wo-ist-der-jazz-benefiz\\\/#primaryimage\"},\"thumbnailUrl\":\"http:\\\/\\\/www.jazzzeitung.de\\\/cms\\\/wp-content\\\/uploads\\\/2011\\\/03\\\/Logo-Songs-for-Japan.jpg\",\"keywords\":[\"Album\",\"Clubs\",\"Deutschland\",\"Grosskopf\",\"Japan\",\"Jazzmusiker\",\"Konzert\",\"Konzerte\",\"M\u00fcnchen\",\"Rotes Kreuz\",\"Sepp Arnemann\",\"Songs for Japan\",\"Till Br\u00f6nner\",\"Tour\",\"TV\"],\"articleSection\":[\"Blog\"],\"inLanguage\":\"de\",\"potentialAction\":[{\"@type\":\"CommentAction\",\"name\":\"Comment\",\"target\":[\"https:\\\/\\\/www.jazzzeitung.de\\\/cms\\\/2011\\\/03\\\/malefiz-wo-ist-der-jazz-benefiz\\\/#respond\"]}]},{\"@type\":\"WebPage\",\"@id\":\"https:\\\/\\\/www.jazzzeitung.de\\\/cms\\\/2011\\\/03\\\/malefiz-wo-ist-der-jazz-benefiz\\\/\",\"url\":\"https:\\\/\\\/www.jazzzeitung.de\\\/cms\\\/2011\\\/03\\\/malefiz-wo-ist-der-jazz-benefiz\\\/\",\"name\":\"Malefiz, wo ist der Jazz-Benefiz? - JazzZeitung\",\"isPartOf\":{\"@id\":\"https:\\\/\\\/www.jazzzeitung.de\\\/cms\\\/#website\"},\"primaryImageOfPage\":{\"@id\":\"https:\\\/\\\/www.jazzzeitung.de\\\/cms\\\/2011\\\/03\\\/malefiz-wo-ist-der-jazz-benefiz\\\/#primaryimage\"},\"image\":{\"@id\":\"https:\\\/\\\/www.jazzzeitung.de\\\/cms\\\/2011\\\/03\\\/malefiz-wo-ist-der-jazz-benefiz\\\/#primaryimage\"},\"thumbnailUrl\":\"http:\\\/\\\/www.jazzzeitung.de\\\/cms\\\/wp-content\\\/uploads\\\/2011\\\/03\\\/Logo-Songs-for-Japan.jpg\",\"datePublished\":\"2011-03-31T17:54:39+00:00\",\"breadcrumb\":{\"@id\":\"https:\\\/\\\/www.jazzzeitung.de\\\/cms\\\/2011\\\/03\\\/malefiz-wo-ist-der-jazz-benefiz\\\/#breadcrumb\"},\"inLanguage\":\"de\",\"potentialAction\":[{\"@type\":\"ReadAction\",\"target\":[\"https:\\\/\\\/www.jazzzeitung.de\\\/cms\\\/2011\\\/03\\\/malefiz-wo-ist-der-jazz-benefiz\\\/\"]}]},{\"@type\":\"ImageObject\",\"inLanguage\":\"de\",\"@id\":\"https:\\\/\\\/www.jazzzeitung.de\\\/cms\\\/2011\\\/03\\\/malefiz-wo-ist-der-jazz-benefiz\\\/#primaryimage\",\"url\":\"http:\\\/\\\/www.jazzzeitung.de\\\/cms\\\/wp-content\\\/uploads\\\/2011\\\/03\\\/Logo-Songs-for-Japan.jpg\",\"contentUrl\":\"http:\\\/\\\/www.jazzzeitung.de\\\/cms\\\/wp-content\\\/uploads\\\/2011\\\/03\\\/Logo-Songs-for-Japan.jpg\"},{\"@type\":\"BreadcrumbList\",\"@id\":\"https:\\\/\\\/www.jazzzeitung.de\\\/cms\\\/2011\\\/03\\\/malefiz-wo-ist-der-jazz-benefiz\\\/#breadcrumb\",\"itemListElement\":[{\"@type\":\"ListItem\",\"position\":1,\"name\":\"Startseite\",\"item\":\"https:\\\/\\\/www.jazzzeitung.de\\\/cms\\\/\"},{\"@type\":\"ListItem\",\"position\":2,\"name\":\"Malefiz, wo ist der Jazz-Benefiz?\"}]},{\"@type\":\"WebSite\",\"@id\":\"https:\\\/\\\/www.jazzzeitung.de\\\/cms\\\/#website\",\"url\":\"https:\\\/\\\/www.jazzzeitung.de\\\/cms\\\/\",\"name\":\"JazzZeitung\",\"description\":\"Jazz-News und Jazz-Kontroverses\",\"publisher\":{\"@id\":\"https:\\\/\\\/www.jazzzeitung.de\\\/cms\\\/#organization\"},\"potentialAction\":[{\"@type\":\"SearchAction\",\"target\":{\"@type\":\"EntryPoint\",\"urlTemplate\":\"https:\\\/\\\/www.jazzzeitung.de\\\/cms\\\/?s={search_term_string}\"},\"query-input\":{\"@type\":\"PropertyValueSpecification\",\"valueRequired\":true,\"valueName\":\"search_term_string\"}}],\"inLanguage\":\"de\"},{\"@type\":\"Organization\",\"@id\":\"https:\\\/\\\/www.jazzzeitung.de\\\/cms\\\/#organization\",\"name\":\"JazzZeitung online\",\"url\":\"https:\\\/\\\/www.jazzzeitung.de\\\/cms\\\/\",\"logo\":{\"@type\":\"ImageObject\",\"inLanguage\":\"de\",\"@id\":\"https:\\\/\\\/www.jazzzeitung.de\\\/cms\\\/#\\\/schema\\\/logo\\\/image\\\/\",\"url\":\"https:\\\/\\\/i0.wp.com\\\/www.jazzzeitung.de\\\/cms\\\/wp-content\\\/uploads\\\/2015\\\/08\\\/JAZZZEITUNGDE_Logo_Neu.png?fit=499%2C200&ssl=1\",\"contentUrl\":\"https:\\\/\\\/i0.wp.com\\\/www.jazzzeitung.de\\\/cms\\\/wp-content\\\/uploads\\\/2015\\\/08\\\/JAZZZEITUNGDE_Logo_Neu.png?fit=499%2C200&ssl=1\",\"width\":499,\"height\":200,\"caption\":\"JazzZeitung online\"},\"image\":{\"@id\":\"https:\\\/\\\/www.jazzzeitung.de\\\/cms\\\/#\\\/schema\\\/logo\\\/image\\\/\"},\"sameAs\":[\"https:\\\/\\\/www.facebook.com\\\/JazzZeitung\\\/\"]},{\"@type\":\"Person\",\"@id\":\"https:\\\/\\\/www.jazzzeitung.de\\\/cms\\\/#\\\/schema\\\/person\\\/4c5aaf486bdcd85db94b9a8b9e026bad\",\"name\":\"J\u00f6rg Lichtinger\",\"image\":{\"@type\":\"ImageObject\",\"inLanguage\":\"de\",\"@id\":\"https:\\\/\\\/secure.gravatar.com\\\/avatar\\\/8d1d484eb77cf370a1620f9866681cdba540c9b8439ce96ea0c830dd3b59936c?s=96&d=wp_user_avatar&r=ge66dff7680db2349fb79ae0cb2d734e3\",\"url\":\"https:\\\/\\\/secure.gravatar.com\\\/avatar\\\/8d1d484eb77cf370a1620f9866681cdba540c9b8439ce96ea0c830dd3b59936c?s=96&d=wp_user_avatar&r=g\",\"contentUrl\":\"https:\\\/\\\/secure.gravatar.com\\\/avatar\\\/8d1d484eb77cf370a1620f9866681cdba540c9b8439ce96ea0c830dd3b59936c?s=96&d=wp_user_avatar&r=g\",\"caption\":\"J\u00f6rg Lichtinger\"},\"url\":\"https:\\\/\\\/www.jazzzeitung.de\\\/cms\\\/author\\\/lichtinger\\\/\"}]}<\/script>\n<!-- \/ Yoast SEO plugin. -->","yoast_head_json":{"title":"Malefiz, wo ist der Jazz-Benefiz? - JazzZeitung","robots":{"index":"index","follow":"follow","max-snippet":"max-snippet:-1","max-image-preview":"max-image-preview:large","max-video-preview":"max-video-preview:-1"},"canonical":"https:\/\/www.jazzzeitung.de\/cms\/2011\/03\/malefiz-wo-ist-der-jazz-benefiz\/","og_locale":"de_DE","og_type":"article","og_title":"Malefiz, wo ist der Jazz-Benefiz? - JazzZeitung","og_description":"Nach den Katastrophen in Japan r\u00fchren sich langsam die K\u00fcnstler der Welt und organisieren Benefizkonzerte, um den Erdbeben- und Tsunami-Opfern zu helfen. In New York wird am 9. April ein von John Zorn organisiertes Konzert stattfinden, bei dem auch Lou Reed auflaufen wird. Auch in anderen L\u00e4ndern und St\u00e4dten gibt es Konzerte, in Deutschland sind es vor allem Initiativen klassischer Konzerth\u00e4user, Ensembles und Musikhochschulen, die Geld f\u00fcr Hilfsorganisationen einspielen, die in Japan aktiv sind. Die Popbranche hat sich mit dem Charity-Album &#8222;Songs for Japan&#8220; in zahlreichen L\u00e4ndern an die Spitze der iTunes-Charts katapultiert. Der Erl\u00f6s geht an das japanische Rote Kreuz. Die Jazzszene steht dabei noch recht im Abseits, obwohl viele Jazzmusiker gerade in Japan gro\u00dfe Helden sind. Wahrscheinlich ist der Jazzmusiker an sich mit dem m\u00fchsamen Erwerb seines eigenen Lebensunterhalts absorbiert. In M\u00fcnchen hat die Jazzbar Vogler immerhin am 28. M\u00e4rz eine Benefiz-Session veranstaltet und die Hip-Hopper von Bluementopf spielen mit anderen K\u00fcnstlern am 1. April ein Konzert am Odeonsplatz. Auch in anderen St\u00e4dten wird es \u00e4hnliche kleinere Initiativen geben, das Gros der Clubs kommt ohne aus. Die\u00a0 Jazz-Funk-Band des Saxophonisten &#8222;Grosskopf&#8220; spendet die &hellip;","og_url":"https:\/\/www.jazzzeitung.de\/cms\/2011\/03\/malefiz-wo-ist-der-jazz-benefiz\/","og_site_name":"JazzZeitung","article_publisher":"https:\/\/www.facebook.com\/JazzZeitung\/","article_published_time":"2011-03-31T17:54:39+00:00","og_image":[{"url":"http:\/\/www.jazzzeitung.de\/cms\/wp-content\/uploads\/2011\/03\/Logo-Songs-for-Japan.jpg","type":"","width":"","height":""}],"author":"J\u00f6rg Lichtinger","schema":{"@context":"https:\/\/schema.org","@graph":[{"@type":"Article","@id":"https:\/\/www.jazzzeitung.de\/cms\/2011\/03\/malefiz-wo-ist-der-jazz-benefiz\/#article","isPartOf":{"@id":"https:\/\/www.jazzzeitung.de\/cms\/2011\/03\/malefiz-wo-ist-der-jazz-benefiz\/"},"author":{"name":"J\u00f6rg Lichtinger","@id":"https:\/\/www.jazzzeitung.de\/cms\/#\/schema\/person\/4c5aaf486bdcd85db94b9a8b9e026bad"},"headline":"Malefiz, wo ist der Jazz-Benefiz?","datePublished":"2011-03-31T17:54:39+00:00","mainEntityOfPage":{"@id":"https:\/\/www.jazzzeitung.de\/cms\/2011\/03\/malefiz-wo-ist-der-jazz-benefiz\/"},"wordCount":385,"commentCount":0,"publisher":{"@id":"https:\/\/www.jazzzeitung.de\/cms\/#organization"},"image":{"@id":"https:\/\/www.jazzzeitung.de\/cms\/2011\/03\/malefiz-wo-ist-der-jazz-benefiz\/#primaryimage"},"thumbnailUrl":"http:\/\/www.jazzzeitung.de\/cms\/wp-content\/uploads\/2011\/03\/Logo-Songs-for-Japan.jpg","keywords":["Album","Clubs","Deutschland","Grosskopf","Japan","Jazzmusiker","Konzert","Konzerte","M\u00fcnchen","Rotes Kreuz","Sepp Arnemann","Songs for Japan","Till Br\u00f6nner","Tour","TV"],"articleSection":["Blog"],"inLanguage":"de","potentialAction":[{"@type":"CommentAction","name":"Comment","target":["https:\/\/www.jazzzeitung.de\/cms\/2011\/03\/malefiz-wo-ist-der-jazz-benefiz\/#respond"]}]},{"@type":"WebPage","@id":"https:\/\/www.jazzzeitung.de\/cms\/2011\/03\/malefiz-wo-ist-der-jazz-benefiz\/","url":"https:\/\/www.jazzzeitung.de\/cms\/2011\/03\/malefiz-wo-ist-der-jazz-benefiz\/","name":"Malefiz, wo ist der Jazz-Benefiz? - JazzZeitung","isPartOf":{"@id":"https:\/\/www.jazzzeitung.de\/cms\/#website"},"primaryImageOfPage":{"@id":"https:\/\/www.jazzzeitung.de\/cms\/2011\/03\/malefiz-wo-ist-der-jazz-benefiz\/#primaryimage"},"image":{"@id":"https:\/\/www.jazzzeitung.de\/cms\/2011\/03\/malefiz-wo-ist-der-jazz-benefiz\/#primaryimage"},"thumbnailUrl":"http:\/\/www.jazzzeitung.de\/cms\/wp-content\/uploads\/2011\/03\/Logo-Songs-for-Japan.jpg","datePublished":"2011-03-31T17:54:39+00:00","breadcrumb":{"@id":"https:\/\/www.jazzzeitung.de\/cms\/2011\/03\/malefiz-wo-ist-der-jazz-benefiz\/#breadcrumb"},"inLanguage":"de","potentialAction":[{"@type":"ReadAction","target":["https:\/\/www.jazzzeitung.de\/cms\/2011\/03\/malefiz-wo-ist-der-jazz-benefiz\/"]}]},{"@type":"ImageObject","inLanguage":"de","@id":"https:\/\/www.jazzzeitung.de\/cms\/2011\/03\/malefiz-wo-ist-der-jazz-benefiz\/#primaryimage","url":"http:\/\/www.jazzzeitung.de\/cms\/wp-content\/uploads\/2011\/03\/Logo-Songs-for-Japan.jpg","contentUrl":"http:\/\/www.jazzzeitung.de\/cms\/wp-content\/uploads\/2011\/03\/Logo-Songs-for-Japan.jpg"},{"@type":"BreadcrumbList","@id":"https:\/\/www.jazzzeitung.de\/cms\/2011\/03\/malefiz-wo-ist-der-jazz-benefiz\/#breadcrumb","itemListElement":[{"@type":"ListItem","position":1,"name":"Startseite","item":"https:\/\/www.jazzzeitung.de\/cms\/"},{"@type":"ListItem","position":2,"name":"Malefiz, wo ist der Jazz-Benefiz?"}]},{"@type":"WebSite","@id":"https:\/\/www.jazzzeitung.de\/cms\/#website","url":"https:\/\/www.jazzzeitung.de\/cms\/","name":"JazzZeitung","description":"Jazz-News und Jazz-Kontroverses","publisher":{"@id":"https:\/\/www.jazzzeitung.de\/cms\/#organization"},"potentialAction":[{"@type":"SearchAction","target":{"@type":"EntryPoint","urlTemplate":"https:\/\/www.jazzzeitung.de\/cms\/?s={search_term_string}"},"query-input":{"@type":"PropertyValueSpecification","valueRequired":true,"valueName":"search_term_string"}}],"inLanguage":"de"},{"@type":"Organization","@id":"https:\/\/www.jazzzeitung.de\/cms\/#organization","name":"JazzZeitung online","url":"https:\/\/www.jazzzeitung.de\/cms\/","logo":{"@type":"ImageObject","inLanguage":"de","@id":"https:\/\/www.jazzzeitung.de\/cms\/#\/schema\/logo\/image\/","url":"https:\/\/i0.wp.com\/www.jazzzeitung.de\/cms\/wp-content\/uploads\/2015\/08\/JAZZZEITUNGDE_Logo_Neu.png?fit=499%2C200&ssl=1","contentUrl":"https:\/\/i0.wp.com\/www.jazzzeitung.de\/cms\/wp-content\/uploads\/2015\/08\/JAZZZEITUNGDE_Logo_Neu.png?fit=499%2C200&ssl=1","width":499,"height":200,"caption":"JazzZeitung online"},"image":{"@id":"https:\/\/www.jazzzeitung.de\/cms\/#\/schema\/logo\/image\/"},"sameAs":["https:\/\/www.facebook.com\/JazzZeitung\/"]},{"@type":"Person","@id":"https:\/\/www.jazzzeitung.de\/cms\/#\/schema\/person\/4c5aaf486bdcd85db94b9a8b9e026bad","name":"J\u00f6rg Lichtinger","image":{"@type":"ImageObject","inLanguage":"de","@id":"https:\/\/secure.gravatar.com\/avatar\/8d1d484eb77cf370a1620f9866681cdba540c9b8439ce96ea0c830dd3b59936c?s=96&d=wp_user_avatar&r=ge66dff7680db2349fb79ae0cb2d734e3","url":"https:\/\/secure.gravatar.com\/avatar\/8d1d484eb77cf370a1620f9866681cdba540c9b8439ce96ea0c830dd3b59936c?s=96&d=wp_user_avatar&r=g","contentUrl":"https:\/\/secure.gravatar.com\/avatar\/8d1d484eb77cf370a1620f9866681cdba540c9b8439ce96ea0c830dd3b59936c?s=96&d=wp_user_avatar&r=g","caption":"J\u00f6rg Lichtinger"},"url":"https:\/\/www.jazzzeitung.de\/cms\/author\/lichtinger\/"}]}},"wp-worthy-pixel":{"ignored":false,"public":null,"server":null,"url":null},"wp-worthy-type":"normal","jetpack_publicize_connections":[],"cc_featured_image_caption":{"caption_text":false,"source_text":false,"source_url":false},"jetpack_featured_media_url":"","jetpack_shortlink":"https:\/\/wp.me\/p3KEcT-eL","jetpack-related-posts":[{"id":13375,"url":"https:\/\/www.jazzzeitung.de\/cms\/2017\/08\/news-38-internationales-jazzfestival-saalfelden\/","url_meta":{"origin":915,"position":0},"title":"+++ news +++ 38. Internationales Jazzfestival Saalfelden +++ Meier-Budjana Group Europe Tour 2017 +++ Programm f\u00fcr den Jazz Club Minden +++","author":"Redaktion JazzZeitung","date":"22. August 2017","format":false,"excerpt":"+++ 38. Internationales Jazzfestival Saalfelden vom 24. bis 27. August +++ Das Internationale Jazzfestival j\u00e4hrt sich 2017 bereits zum 38. Mal. Das Festival Saalfelden beginnt bereits am Donnerstagabend mit den sogenannten City Stage Konzerten auf dem Rathausplatz, welche kostenlos zug\u00e4nglich sind. Offiziell er\u00f6ffnet wird das Event dann am Freitagabend auf\u2026","rel":"","context":"In &quot;News&quot;","block_context":{"text":"News","link":"https:\/\/www.jazzzeitung.de\/cms\/thema\/nachrichten\/"},"img":{"alt_text":"","src":"https:\/\/i0.wp.com\/www.jazzzeitung.de\/cms\/wp-content\/uploads\/2017\/08\/image001-1-150x150.jpg?resize=350%2C200&ssl=1","width":350,"height":200},"classes":[]},{"id":12314,"url":"https:\/\/www.jazzzeitung.de\/cms\/2017\/05\/news-konzertreihe-das-maria-baptist-orchestra-in-berlin-bundesjazzorchester-auf-konzerttournee-in-ecuador\/","url_meta":{"origin":915,"position":1},"title":"+++ News +++ Bundesjazzorchester auf Konzerttournee in Ecuador +++ Jasmin Tabatabai er\u00f6ffnet Jazzfest Bonn +++","author":"Redaktion JazzZeitung","date":"10. Mai 2017","format":false,"excerpt":"+++ Bundesjazzorchester auf Konzerttournee in Ecuador +++ Bundesjazzorchester zu Gast in Ecuador \u2013 Neun Konzerte unter der Leitung von Jiggs Whigham Das Bundesjazzorchester ist vom Deutschen Kulturverbund in Ecuador (\u201ekultura\u201c) zu einer Konzertreise nach Ecuador eingeladen. Im Zentrum der Reise stehen die beiden\u00a0 Jubil\u00e4en \u201e100 Jahre Colegio Alem\u00e1n Quito\u201c und\u2026","rel":"","context":"In &quot;News&quot;","block_context":{"text":"News","link":"https:\/\/www.jazzzeitung.de\/cms\/thema\/nachrichten\/"},"img":{"alt_text":"","src":"https:\/\/i0.wp.com\/www.jazzzeitung.de\/cms\/wp-content\/uploads\/2017\/05\/BuJazzO_Sommer_2016_%40DMR_Christian_Debus-1.jpg?fit=1200%2C800&ssl=1&resize=350%2C200","width":350,"height":200,"srcset":"https:\/\/i0.wp.com\/www.jazzzeitung.de\/cms\/wp-content\/uploads\/2017\/05\/BuJazzO_Sommer_2016_%40DMR_Christian_Debus-1.jpg?fit=1200%2C800&ssl=1&resize=350%2C200 1x, https:\/\/i0.wp.com\/www.jazzzeitung.de\/cms\/wp-content\/uploads\/2017\/05\/BuJazzO_Sommer_2016_%40DMR_Christian_Debus-1.jpg?fit=1200%2C800&ssl=1&resize=525%2C300 1.5x, https:\/\/i0.wp.com\/www.jazzzeitung.de\/cms\/wp-content\/uploads\/2017\/05\/BuJazzO_Sommer_2016_%40DMR_Christian_Debus-1.jpg?fit=1200%2C800&ssl=1&resize=700%2C400 2x, https:\/\/i0.wp.com\/www.jazzzeitung.de\/cms\/wp-content\/uploads\/2017\/05\/BuJazzO_Sommer_2016_%40DMR_Christian_Debus-1.jpg?fit=1200%2C800&ssl=1&resize=1050%2C600 3x"},"classes":[]},{"id":8423,"url":"https:\/\/www.jazzzeitung.de\/cms\/2016\/02\/jazzpraesentation-und-weltoffenheit-fehlanzeige\/","url_meta":{"origin":915,"position":2},"title":"Jazzpr\u00e4sentation und Weltoffenheit &#8211; Fehlanzeige?!","author":"Redaktion JazzZeitung","date":"16. Februar 2016","format":false,"excerpt":"Dimiter Panev (Labelchef und Promoter, Elen Music) zur Lage des Jazz in Deutschland: \"If music cannot change the world, what use does it have?\" (Hector Zazou) Als ich\u00a0Joachim-Ernst Berendt\u00a0in 1997 kennenlernte, unterhielten wir uns \u00fcber John Coltraine. Er erz\u00e4hlte mir, dass Coltraine fast s\u00fcchtig war, Musik aus fernen Welten zu\u2026","rel":"","context":"In &quot;Blog&quot;","block_context":{"text":"Blog","link":"https:\/\/www.jazzzeitung.de\/cms\/thema\/blog\/"},"img":{"alt_text":"belonoga_cover-111-460x460","src":"https:\/\/i0.wp.com\/www.jazzzeitung.de\/cms\/wp-content\/uploads\/2016\/02\/belonoga_cover-111-460x460-150x150.png?resize=350%2C200","width":350,"height":200},"classes":[]},{"id":28434,"url":"https:\/\/www.jazzzeitung.de\/cms\/2022\/10\/ellington-trio-im-jazz-club-huerth-konzerte-und-streams-im-jazz-club-king-georg\/","url_meta":{"origin":915,"position":3},"title":"+++ Ellington Trio im Jazz Club H\u00fcrth +++ Konzerte und Streams im Jazz Club King Georg +++","author":"Redaktion JazzZeitung","date":"6. Oktober 2022","format":false,"excerpt":"+++ Ellington Trio im Jazz Club H\u00fcrth +++ F\u00fcr kurzfristig entschlossene Jazzer gibt es noch die M\u00f6glichkeit, ein Konzert des Ellington Trios in H\u00fcrth wahrzunehmen. Am 7. Oktober 2022 sind S\u00e4ngerin Barbara Barth, Pianist Gero Koerner und Bassist Caspar van Meel zusammen mit einem besonderen Gast, dem Trompeter Frederik K\u00f6ster\u2026","rel":"","context":"In &quot;News&quot;","block_context":{"text":"News","link":"https:\/\/www.jazzzeitung.de\/cms\/thema\/nachrichten\/"},"img":{"alt_text":"","src":"https:\/\/i0.wp.com\/www.jazzzeitung.de\/cms\/wp-content\/uploads\/2022\/10\/IMG_6459.jpeg?fit=1200%2C800&ssl=1&resize=350%2C200","width":350,"height":200,"srcset":"https:\/\/i0.wp.com\/www.jazzzeitung.de\/cms\/wp-content\/uploads\/2022\/10\/IMG_6459.jpeg?fit=1200%2C800&ssl=1&resize=350%2C200 1x, https:\/\/i0.wp.com\/www.jazzzeitung.de\/cms\/wp-content\/uploads\/2022\/10\/IMG_6459.jpeg?fit=1200%2C800&ssl=1&resize=525%2C300 1.5x, https:\/\/i0.wp.com\/www.jazzzeitung.de\/cms\/wp-content\/uploads\/2022\/10\/IMG_6459.jpeg?fit=1200%2C800&ssl=1&resize=700%2C400 2x, https:\/\/i0.wp.com\/www.jazzzeitung.de\/cms\/wp-content\/uploads\/2022\/10\/IMG_6459.jpeg?fit=1200%2C800&ssl=1&resize=1050%2C600 3x"},"classes":[]},{"id":15379,"url":"https:\/\/www.jazzzeitung.de\/cms\/2018\/03\/newssuedtirol-jazzfestival-2018junger-muenchner-jazzpreis-2018\/","url_meta":{"origin":915,"position":4},"title":"+++News+++Axel Zwingenberger und Martin Schmitt auf der Piano-B\u00fchne+++S\u00fcdtirol Jazzfestival 2018+++Junger M\u00fcnchner Jazzpreis 2018+++","author":"Redaktion JazzZeitung","date":"24. M\u00e4rz 2018","format":false,"excerpt":"+++Axel Zwingenberger und Martin Schmitt auf der Piano-B\u00fchne+++ Am Freitag, den 4. Mai 2018 ist auf der Piano-B\u00fchne Kleinhenz ein ganz besonderes Programm geboten. Deutschlands namhaftester Blues & Boogie-Pianist, Axel Zwingenberger, zeigt zusammen mit dem bayerischen Piano-Entertainer Martin Schmitt Blues und Boogie & Woogie Piano-Unterhaltung auf zwei Konzert-Fl\u00fcgeln: ein Steinway\u2026","rel":"","context":"In &quot;News&quot;","block_context":{"text":"News","link":"https:\/\/www.jazzzeitung.de\/cms\/thema\/nachrichten\/"},"img":{"alt_text":"","src":"https:\/\/i0.wp.com\/www.jazzzeitung.de\/cms\/wp-content\/uploads\/2018\/03\/3.jpg?fit=1200%2C800&ssl=1&resize=350%2C200","width":350,"height":200,"srcset":"https:\/\/i0.wp.com\/www.jazzzeitung.de\/cms\/wp-content\/uploads\/2018\/03\/3.jpg?fit=1200%2C800&ssl=1&resize=350%2C200 1x, https:\/\/i0.wp.com\/www.jazzzeitung.de\/cms\/wp-content\/uploads\/2018\/03\/3.jpg?fit=1200%2C800&ssl=1&resize=525%2C300 1.5x, https:\/\/i0.wp.com\/www.jazzzeitung.de\/cms\/wp-content\/uploads\/2018\/03\/3.jpg?fit=1200%2C800&ssl=1&resize=700%2C400 2x, https:\/\/i0.wp.com\/www.jazzzeitung.de\/cms\/wp-content\/uploads\/2018\/03\/3.jpg?fit=1200%2C800&ssl=1&resize=1050%2C600 3x"},"classes":[]},{"id":33838,"url":"https:\/\/www.jazzzeitung.de\/cms\/2026\/04\/jazz-kommt-aus-afrika-zur-jazzahead-2026\/","url_meta":{"origin":915,"position":5},"title":"Jazz kommt aus Afrika &#8211; zur jazzahead! 2026","author":"Redaktion JazzZeitung","date":"28. April 2026","format":false,"excerpt":"(Von Kat Pfeiffer)\u00a0Ein paar T\u00f6ne \u2013 und klar ist: Das ist Jazz. Doch wie klingt eine Menge, die \u00fcber Jazz verhandelt? So wie auf der jazzahead! 2026. In Halle 6 summt es wie in einem Bienenhaus \u2013 etwas lauter als im Vorjahr. Die jazzahead! verbindet Showcase-Festival, Club-Night in der Stadt,\u2026","rel":"","context":"In &quot;Bericht&quot;","block_context":{"text":"Bericht","link":"https:\/\/www.jazzzeitung.de\/cms\/thema\/bericht\/"},"img":{"alt_text":"","src":"https:\/\/i0.wp.com\/www.jazzzeitung.de\/cms\/wp-content\/uploads\/2026\/04\/ja26_Sorvina-_%C2%A9-M3B-GmbH_Jens-Schlenker_001-scaled-1.jpg?fit=1200%2C800&ssl=1&resize=350%2C200","width":350,"height":200,"srcset":"https:\/\/i0.wp.com\/www.jazzzeitung.de\/cms\/wp-content\/uploads\/2026\/04\/ja26_Sorvina-_%C2%A9-M3B-GmbH_Jens-Schlenker_001-scaled-1.jpg?fit=1200%2C800&ssl=1&resize=350%2C200 1x, https:\/\/i0.wp.com\/www.jazzzeitung.de\/cms\/wp-content\/uploads\/2026\/04\/ja26_Sorvina-_%C2%A9-M3B-GmbH_Jens-Schlenker_001-scaled-1.jpg?fit=1200%2C800&ssl=1&resize=525%2C300 1.5x, https:\/\/i0.wp.com\/www.jazzzeitung.de\/cms\/wp-content\/uploads\/2026\/04\/ja26_Sorvina-_%C2%A9-M3B-GmbH_Jens-Schlenker_001-scaled-1.jpg?fit=1200%2C800&ssl=1&resize=700%2C400 2x, https:\/\/i0.wp.com\/www.jazzzeitung.de\/cms\/wp-content\/uploads\/2026\/04\/ja26_Sorvina-_%C2%A9-M3B-GmbH_Jens-Schlenker_001-scaled-1.jpg?fit=1200%2C800&ssl=1&resize=1050%2C600 3x"},"classes":[]}],"jetpack_sharing_enabled":true,"_links":{"self":[{"href":"https:\/\/www.jazzzeitung.de\/cms\/wp-json\/wp\/v2\/posts\/915","targetHints":{"allow":["GET"]}}],"collection":[{"href":"https:\/\/www.jazzzeitung.de\/cms\/wp-json\/wp\/v2\/posts"}],"about":[{"href":"https:\/\/www.jazzzeitung.de\/cms\/wp-json\/wp\/v2\/types\/post"}],"author":[{"embeddable":true,"href":"https:\/\/www.jazzzeitung.de\/cms\/wp-json\/wp\/v2\/users\/4"}],"replies":[{"embeddable":true,"href":"https:\/\/www.jazzzeitung.de\/cms\/wp-json\/wp\/v2\/comments?post=915"}],"version-history":[{"count":0,"href":"https:\/\/www.jazzzeitung.de\/cms\/wp-json\/wp\/v2\/posts\/915\/revisions"}],"wp:attachment":[{"href":"https:\/\/www.jazzzeitung.de\/cms\/wp-json\/wp\/v2\/media?parent=915"}],"wp:term":[{"taxonomy":"category","embeddable":true,"href":"https:\/\/www.jazzzeitung.de\/cms\/wp-json\/wp\/v2\/categories?post=915"},{"taxonomy":"post_tag","embeddable":true,"href":"https:\/\/www.jazzzeitung.de\/cms\/wp-json\/wp\/v2\/tags?post=915"},{"taxonomy":"author","embeddable":true,"href":"https:\/\/www.jazzzeitung.de\/cms\/wp-json\/wp\/v2\/coauthors?post=915"}],"curies":[{"name":"wp","href":"https:\/\/api.w.org\/{rel}","templated":true}]}}