{"id":898,"date":"2011-03-18T01:04:09","date_gmt":"2011-03-18T00:04:09","guid":{"rendered":"http:\/\/blogs.nmz.de\/jazz\/?p=898"},"modified":"2011-03-18T01:04:09","modified_gmt":"2011-03-18T00:04:09","slug":"die-finalisten-des-bmw-welt-jazz-award-2011","status":"publish","type":"post","link":"https:\/\/www.jazzzeitung.de\/cms\/2011\/03\/die-finalisten-des-bmw-welt-jazz-award-2011\/","title":{"rendered":"Die Finalisten des BMW Welt Jazz Award 2011"},"content":{"rendered":"<p>Die Jury hat entschieden.<\/p>\n<p>Die Wahl f\u00fcr die Finalisten des <a href=\"http:\/\/blogs.nmz.de\/jazz\/2011\/01\/23\/eintritt-frei-in-runde-drei-bmw-welt-jazz-award\/\" target=\"_blank\">BMW Welt Jazz Award 2011<\/a> ist auf <a href=\"http:\/\/www.nmz.de\/online\/das-loesen-aus-der-umarmung-wanja-slavins-lotus-eaters-eroeffnen-den-3-bmw-welt-jazz-award\" target=\"_blank\">Wanja Slavin Lotus Eaters<\/a> und <a href=\"http:\/\/www.nmz.de\/online\/bluespunkte-gesammelt-nils-wograms-root-70-beim-bmw-welt-jazz-award\" target=\"_blank\">Nils Wogram&#8217;s Root 70<\/a> gefallen.<\/p>\n<p>Sechs Bands haben zwischen Januar und M\u00e4rz 2011 mit jeweils einem Konzert im Doppelkegel der BMW Welt um den Finaleinzug gespielt. Dabei haben sich die beiden Ensembles durchgesetzt und werden nun am 9. April 2011 im Auditorium der BMW Welt gegeneinander antreten.<\/p>\n<figure id=\"attachment_901\" aria-describedby=\"caption-attachment-901\" style=\"width: 270px\" class=\"wp-caption aligncenter\"><a href=\"https:\/\/i0.wp.com\/www.jazzzeitung.de\/cms\/wp-content\/uploads\/2011\/03\/Wanja_Slavin.jpg\"><img data-recalc-dims=\"1\" loading=\"lazy\" decoding=\"async\" data-attachment-id=\"901\" data-permalink=\"https:\/\/www.jazzzeitung.de\/cms\/2011\/03\/die-finalisten-des-bmw-welt-jazz-award-2011\/p90068328\/\" data-orig-file=\"https:\/\/i0.wp.com\/www.jazzzeitung.de\/cms\/wp-content\/uploads\/2011\/03\/Wanja_Slavin.jpg?fit=400%2C400&amp;ssl=1\" data-orig-size=\"400,400\" data-comments-opened=\"1\" data-image-meta=\"{&quot;aperture&quot;:&quot;0&quot;,&quot;credit&quot;:&quot;an.niedermeyer&quot;,&quot;camera&quot;:&quot;&quot;,&quot;caption&quot;:&quot;BMW Welt Jazz Award 2011: ?Two horns and more?, Wanja Slavin Lotus Eaters, Wanja Slavin (saxophone\/clarinet) [not in this picture: Daniel Glatzel (wind instruments), Wolfgang Zechlin (piano) and Andreas Lang (drums)]. (10\/2010)&quot;,&quot;created_timestamp&quot;:&quot;0&quot;,&quot;copyright&quot;:&quot;This image is copyright free for editorial use. (c) BMW AG&quot;,&quot;focal_length&quot;:&quot;0&quot;,&quot;iso&quot;:&quot;0&quot;,&quot;shutter_speed&quot;:&quot;0&quot;,&quot;title&quot;:&quot;P90068328&quot;}\" data-image-title=\"Wanja Slavin\" data-image-description=\"&lt;p&gt;BMW Welt Jazz Award 2011: ?Two horns and more?, Wanja Slavin Lotus Eaters, Wanja Slavin (saxophone\/clarinet) [not in this picture: Daniel Glatzel (wind instruments), Wolfgang Zechlin (piano) and Andreas Lang (drums)]. (10\/2010)&lt;\/p&gt;\n\" data-image-caption=\"&lt;p&gt;Finalist Wanja Slavin. Foto: BMW Welt&lt;\/p&gt;\n\" data-large-file=\"https:\/\/i0.wp.com\/www.jazzzeitung.de\/cms\/wp-content\/uploads\/2011\/03\/Wanja_Slavin.jpg?fit=400%2C400&amp;ssl=1\" class=\"size-medium wp-image-901 \" title=\"Wanja Slavin\" src=\"https:\/\/i0.wp.com\/www.jazzzeitung.de\/cms\/wp-content\/uploads\/2011\/03\/Wanja_Slavin-300x300.jpg?resize=270%2C270\" alt=\"Finalist Wanja Slavin. Foto: BMW Welt\" width=\"270\" height=\"270\" srcset=\"https:\/\/i0.wp.com\/www.jazzzeitung.de\/cms\/wp-content\/uploads\/2011\/03\/Wanja_Slavin.jpg?resize=300%2C300&amp;ssl=1 300w, https:\/\/i0.wp.com\/www.jazzzeitung.de\/cms\/wp-content\/uploads\/2011\/03\/Wanja_Slavin.jpg?resize=150%2C150&amp;ssl=1 150w, https:\/\/i0.wp.com\/www.jazzzeitung.de\/cms\/wp-content\/uploads\/2011\/03\/Wanja_Slavin.jpg?w=400&amp;ssl=1 400w\" sizes=\"auto, (max-width: 270px) 100vw, 270px\" \/><\/a><figcaption id=\"caption-attachment-901\" class=\"wp-caption-text\">Finalist Wanja Slavin. Foto: BMW Welt<\/figcaption><\/figure>\n<p>Die Siegpr\u00e4mie ist mit 10.000 \u20ac stattlich und vergleichbar mit der beim <a href=\"http:\/\/blogs.nmz.de\/jazz\/2011\/03\/14\/em-gewinnt-den-neuen-deutschen-jazzpreis-2011\/\" target=\"_blank\">Neuen Deutschen Jazzpreis<\/a> in Mannheim, \u00fcber die sich k\u00fcrzlich em, das Trio von Michael Wollny, Eva Kruse und Eric Schaefer freuen konnte. Beim BMW Welt Jazz Award wird der Zweitplatzierte die BMW Welt immerhin noch mit 5.000 \u20ac verlassen.<\/p>\n<p><a href=\"https:\/\/www.press.bmwgroup.com\/pressclub\/p\/de\/pressDetail.html?outputChannelId=7&amp;id=T0100494DE&amp;left_menu_item=node__2218\" target=\"_blank\">Zur Begr\u00fcndung der Jury<\/a><\/p>\n<p><!--more--><\/p>\n<p style=\"text-align: center\">\n<figure id=\"attachment_900\" aria-describedby=\"caption-attachment-900\" style=\"width: 270px\" class=\"wp-caption aligncenter\"><a href=\"https:\/\/i0.wp.com\/www.jazzzeitung.de\/cms\/wp-content\/uploads\/2011\/03\/Nils_Wogram_Root70.jpg\"><img data-recalc-dims=\"1\" loading=\"lazy\" decoding=\"async\" data-attachment-id=\"900\" data-permalink=\"https:\/\/www.jazzzeitung.de\/cms\/2011\/03\/die-finalisten-des-bmw-welt-jazz-award-2011\/p90068307\/\" data-orig-file=\"https:\/\/i0.wp.com\/www.jazzzeitung.de\/cms\/wp-content\/uploads\/2011\/03\/Nils_Wogram_Root70.jpg?fit=400%2C400&amp;ssl=1\" data-orig-size=\"400,400\" data-comments-opened=\"1\" data-image-meta=\"{&quot;aperture&quot;:&quot;0&quot;,&quot;credit&quot;:&quot;eb.andriuolo&quot;,&quot;camera&quot;:&quot;&quot;,&quot;caption&quot;:&quot;BMW Welt Jazz Award 2011: ?Two horns and more?, Nils Wogram?s Root 70, Nils Wogram (trombone),\\r\\nHaydn Chisholm (alto saxophone), Phil Donkin\/Matt Penman (bass) and Jochen R\\u00fcckert (drums) (photo by\/copyright Petia Chtarkova). (10\/2010)&quot;,&quot;created_timestamp&quot;:&quot;0&quot;,&quot;copyright&quot;:&quot;This image is copyright free for editorial use. (c) BMW AG&quot;,&quot;focal_length&quot;:&quot;0&quot;,&quot;iso&quot;:&quot;0&quot;,&quot;shutter_speed&quot;:&quot;0&quot;,&quot;title&quot;:&quot;P90068307&quot;}\" data-image-title=\"Nils Wogram Root 70\" data-image-description=\"&lt;p&gt;BMW Welt Jazz Award 2011: ?Two horns and more?, Nils Wogram?s Root 70, Nils Wogram (trombone),&lt;br \/&gt;\nHaydn Chisholm (alto saxophone), Phil Donkin\/Matt Penman (bass) and Jochen R\u00fcckert (drums) (photo by\/copyright Petia Chtarkova). (10\/2010)&lt;\/p&gt;\n\" data-image-caption=\"&lt;p&gt;Finalisten beim BMW Welt Jazz Award 2011&lt;\/p&gt;\n\" data-large-file=\"https:\/\/i0.wp.com\/www.jazzzeitung.de\/cms\/wp-content\/uploads\/2011\/03\/Nils_Wogram_Root70.jpg?fit=400%2C400&amp;ssl=1\" class=\"size-medium wp-image-900  \" title=\"Nils Wogram Root 70\" src=\"https:\/\/i0.wp.com\/www.jazzzeitung.de\/cms\/wp-content\/uploads\/2011\/03\/Nils_Wogram_Root70-300x300.jpg?resize=270%2C270\" alt=\"Finalisten beim BMW Welt Jazz Award 2011\" width=\"270\" height=\"270\" srcset=\"https:\/\/i0.wp.com\/www.jazzzeitung.de\/cms\/wp-content\/uploads\/2011\/03\/Nils_Wogram_Root70.jpg?resize=300%2C300&amp;ssl=1 300w, https:\/\/i0.wp.com\/www.jazzzeitung.de\/cms\/wp-content\/uploads\/2011\/03\/Nils_Wogram_Root70.jpg?resize=150%2C150&amp;ssl=1 150w, https:\/\/i0.wp.com\/www.jazzzeitung.de\/cms\/wp-content\/uploads\/2011\/03\/Nils_Wogram_Root70.jpg?w=400&amp;ssl=1 400w\" sizes=\"auto, (max-width: 270px) 100vw, 270px\" \/><\/a><figcaption id=\"caption-attachment-900\" class=\"wp-caption-text\">Finalisten beim BMW Welt Jazz Award 2011. Foto: Petia Chtarkova<\/figcaption><\/figure>\n<p>Finale BMW Welt Jazz Award: 9. April 2011, 20 Uhr, BMW Welt, Auditorium<\/p>\n<h6>Weitere Infos:<\/h6>\n<p><a href=\"http:\/\/www.bmw-welt.com\/web\/bmw-welt\/de\/program\/events\/jazz_awards_2011\/jazz_awards_2011.html\" target=\"_blank\">BMW Welt Jazz Award<\/a><\/p>\n<p><a href=\"http:\/\/www.nmz.de\/kiz\/nachrichten\/die-finalisten-des-bmw-welt-jazz-award-2011\" target=\"_blank\">nmz: BMW Welt Jazz Award 2011 \u2013 Die Finalisten sind nominiert<\/a><\/p>\n","protected":false},"excerpt":{"rendered":"<p>Die Jury hat entschieden. Die Wahl f\u00fcr die Finalisten des BMW Welt Jazz Award 2011 ist auf Wanja Slavin Lotus Eaters und Nils Wogram&#8217;s Root 70 gefallen. Sechs Bands haben zwischen Januar und M\u00e4rz 2011 mit jeweils einem Konzert im Doppelkegel der BMW Welt um den Finaleinzug gespielt. Dabei haben sich die beiden Ensembles durchgesetzt und werden nun am 9. April 2011 im Auditorium der BMW Welt gegeneinander antreten. Die Siegpr\u00e4mie ist mit 10.000 \u20ac stattlich und vergleichbar mit der beim Neuen Deutschen Jazzpreis in Mannheim, \u00fcber die sich k\u00fcrzlich em, das Trio von Michael Wollny, Eva Kruse und Eric Schaefer freuen konnte. Beim BMW Welt Jazz Award wird der Zweitplatzierte die BMW Welt immerhin noch mit 5.000 \u20ac verlassen. Zur Begr\u00fcndung der Jury<\/p>\n","protected":false},"author":4,"featured_media":0,"comment_status":"open","ping_status":"open","sticky":false,"template":"","format":"standard","meta":{"_jetpack_memberships_contains_paid_content":false,"footnotes":"","jetpack_publicize_message":"","jetpack_publicize_feature_enabled":true,"jetpack_social_post_already_shared":false,"jetpack_social_options":{"image_generator_settings":{"template":"highway","default_image_id":0,"font":"","enabled":false},"version":2}},"categories":[82],"tags":[85,86,149,166,489,170,254,322,326,360,420,475,587,19],"coauthors":[],"class_list":["post-898","post","type-post","status-publish","format-standard","hentry","category-blog","tag-bmw-welt","tag-bmw-welt-jazz-award","tag-doppelkegel","tag-eric-schaefer","tag-schaefer","tag-eva-kruse","tag-jazz-award","tag-konzert-2","tag-kruse","tag-lotus-eaters","tag-nils-wogram","tag-root-70","tag-wanja-slavin","tag-wettbewerb"],"yoast_head":"<!-- This site is optimized with the Yoast SEO plugin v27.5 - https:\/\/yoast.com\/product\/yoast-seo-wordpress\/ -->\n<title>Die Finalisten des BMW Welt Jazz Award 2011 - JazzZeitung<\/title>\n<meta name=\"robots\" content=\"index, follow, max-snippet:-1, max-image-preview:large, max-video-preview:-1\" \/>\n<link rel=\"canonical\" href=\"https:\/\/www.jazzzeitung.de\/cms\/2011\/03\/die-finalisten-des-bmw-welt-jazz-award-2011\/\" \/>\n<meta property=\"og:locale\" content=\"de_DE\" \/>\n<meta property=\"og:type\" content=\"article\" \/>\n<meta property=\"og:title\" content=\"Die Finalisten des BMW Welt Jazz Award 2011 - JazzZeitung\" \/>\n<meta property=\"og:description\" content=\"Die Jury hat entschieden. Die Wahl f\u00fcr die Finalisten des BMW Welt Jazz Award 2011 ist auf Wanja Slavin Lotus Eaters und Nils Wogram&#8217;s Root 70 gefallen. Sechs Bands haben zwischen Januar und M\u00e4rz 2011 mit jeweils einem Konzert im Doppelkegel der BMW Welt um den Finaleinzug gespielt. Dabei haben sich die beiden Ensembles durchgesetzt und werden nun am 9. April 2011 im Auditorium der BMW Welt gegeneinander antreten. Die Siegpr\u00e4mie ist mit 10.000 \u20ac stattlich und vergleichbar mit der beim Neuen Deutschen Jazzpreis in Mannheim, \u00fcber die sich k\u00fcrzlich em, das Trio von Michael Wollny, Eva Kruse und Eric Schaefer freuen konnte. Beim BMW Welt Jazz Award wird der Zweitplatzierte die BMW Welt immerhin noch mit 5.000 \u20ac verlassen. Zur Begr\u00fcndung der Jury\" \/>\n<meta property=\"og:url\" content=\"https:\/\/www.jazzzeitung.de\/cms\/2011\/03\/die-finalisten-des-bmw-welt-jazz-award-2011\/\" \/>\n<meta property=\"og:site_name\" content=\"JazzZeitung\" \/>\n<meta property=\"article:publisher\" content=\"https:\/\/www.facebook.com\/JazzZeitung\/\" \/>\n<meta property=\"article:published_time\" content=\"2011-03-18T00:04:09+00:00\" \/>\n<meta property=\"og:image\" content=\"http:\/\/www.jazzzeitung.de\/cms\/wp-content\/uploads\/2011\/03\/Wanja_Slavin-300x300.jpg\" \/>\n<meta name=\"author\" content=\"J\u00f6rg Lichtinger\" \/>\n<script type=\"application\/ld+json\" class=\"yoast-schema-graph\">{\"@context\":\"https:\\\/\\\/schema.org\",\"@graph\":[{\"@type\":\"Article\",\"@id\":\"https:\\\/\\\/www.jazzzeitung.de\\\/cms\\\/2011\\\/03\\\/die-finalisten-des-bmw-welt-jazz-award-2011\\\/#article\",\"isPartOf\":{\"@id\":\"https:\\\/\\\/www.jazzzeitung.de\\\/cms\\\/2011\\\/03\\\/die-finalisten-des-bmw-welt-jazz-award-2011\\\/\"},\"author\":{\"name\":\"J\u00f6rg Lichtinger\",\"@id\":\"https:\\\/\\\/www.jazzzeitung.de\\\/cms\\\/#\\\/schema\\\/person\\\/4c5aaf486bdcd85db94b9a8b9e026bad\"},\"headline\":\"Die Finalisten des BMW Welt Jazz Award 2011\",\"datePublished\":\"2011-03-18T00:04:09+00:00\",\"mainEntityOfPage\":{\"@id\":\"https:\\\/\\\/www.jazzzeitung.de\\\/cms\\\/2011\\\/03\\\/die-finalisten-des-bmw-welt-jazz-award-2011\\\/\"},\"wordCount\":184,\"commentCount\":0,\"publisher\":{\"@id\":\"https:\\\/\\\/www.jazzzeitung.de\\\/cms\\\/#organization\"},\"image\":{\"@id\":\"https:\\\/\\\/www.jazzzeitung.de\\\/cms\\\/2011\\\/03\\\/die-finalisten-des-bmw-welt-jazz-award-2011\\\/#primaryimage\"},\"thumbnailUrl\":\"http:\\\/\\\/www.jazzzeitung.de\\\/cms\\\/wp-content\\\/uploads\\\/2011\\\/03\\\/Wanja_Slavin-300x300.jpg\",\"keywords\":[\"bmw welt\",\"bmw welt jazz award\",\"Doppelkegel\",\"Eric Schaefer\",\"Eric Schaefer\",\"Eva Kruse\",\"Jazz Award\",\"Konzert\",\"Kruse\",\"Lotus Eaters\",\"Nils Wogram\",\"root 70\",\"Wanja Slavin\",\"Wettbewerb\"],\"articleSection\":[\"Blog\"],\"inLanguage\":\"de\",\"potentialAction\":[{\"@type\":\"CommentAction\",\"name\":\"Comment\",\"target\":[\"https:\\\/\\\/www.jazzzeitung.de\\\/cms\\\/2011\\\/03\\\/die-finalisten-des-bmw-welt-jazz-award-2011\\\/#respond\"]}]},{\"@type\":\"WebPage\",\"@id\":\"https:\\\/\\\/www.jazzzeitung.de\\\/cms\\\/2011\\\/03\\\/die-finalisten-des-bmw-welt-jazz-award-2011\\\/\",\"url\":\"https:\\\/\\\/www.jazzzeitung.de\\\/cms\\\/2011\\\/03\\\/die-finalisten-des-bmw-welt-jazz-award-2011\\\/\",\"name\":\"Die Finalisten des BMW Welt Jazz Award 2011 - JazzZeitung\",\"isPartOf\":{\"@id\":\"https:\\\/\\\/www.jazzzeitung.de\\\/cms\\\/#website\"},\"primaryImageOfPage\":{\"@id\":\"https:\\\/\\\/www.jazzzeitung.de\\\/cms\\\/2011\\\/03\\\/die-finalisten-des-bmw-welt-jazz-award-2011\\\/#primaryimage\"},\"image\":{\"@id\":\"https:\\\/\\\/www.jazzzeitung.de\\\/cms\\\/2011\\\/03\\\/die-finalisten-des-bmw-welt-jazz-award-2011\\\/#primaryimage\"},\"thumbnailUrl\":\"http:\\\/\\\/www.jazzzeitung.de\\\/cms\\\/wp-content\\\/uploads\\\/2011\\\/03\\\/Wanja_Slavin-300x300.jpg\",\"datePublished\":\"2011-03-18T00:04:09+00:00\",\"breadcrumb\":{\"@id\":\"https:\\\/\\\/www.jazzzeitung.de\\\/cms\\\/2011\\\/03\\\/die-finalisten-des-bmw-welt-jazz-award-2011\\\/#breadcrumb\"},\"inLanguage\":\"de\",\"potentialAction\":[{\"@type\":\"ReadAction\",\"target\":[\"https:\\\/\\\/www.jazzzeitung.de\\\/cms\\\/2011\\\/03\\\/die-finalisten-des-bmw-welt-jazz-award-2011\\\/\"]}]},{\"@type\":\"ImageObject\",\"inLanguage\":\"de\",\"@id\":\"https:\\\/\\\/www.jazzzeitung.de\\\/cms\\\/2011\\\/03\\\/die-finalisten-des-bmw-welt-jazz-award-2011\\\/#primaryimage\",\"url\":\"http:\\\/\\\/www.jazzzeitung.de\\\/cms\\\/wp-content\\\/uploads\\\/2011\\\/03\\\/Wanja_Slavin-300x300.jpg\",\"contentUrl\":\"http:\\\/\\\/www.jazzzeitung.de\\\/cms\\\/wp-content\\\/uploads\\\/2011\\\/03\\\/Wanja_Slavin-300x300.jpg\"},{\"@type\":\"BreadcrumbList\",\"@id\":\"https:\\\/\\\/www.jazzzeitung.de\\\/cms\\\/2011\\\/03\\\/die-finalisten-des-bmw-welt-jazz-award-2011\\\/#breadcrumb\",\"itemListElement\":[{\"@type\":\"ListItem\",\"position\":1,\"name\":\"Startseite\",\"item\":\"https:\\\/\\\/www.jazzzeitung.de\\\/cms\\\/\"},{\"@type\":\"ListItem\",\"position\":2,\"name\":\"Die Finalisten des BMW Welt Jazz Award 2011\"}]},{\"@type\":\"WebSite\",\"@id\":\"https:\\\/\\\/www.jazzzeitung.de\\\/cms\\\/#website\",\"url\":\"https:\\\/\\\/www.jazzzeitung.de\\\/cms\\\/\",\"name\":\"JazzZeitung\",\"description\":\"Jazz-News und Jazz-Kontroverses\",\"publisher\":{\"@id\":\"https:\\\/\\\/www.jazzzeitung.de\\\/cms\\\/#organization\"},\"potentialAction\":[{\"@type\":\"SearchAction\",\"target\":{\"@type\":\"EntryPoint\",\"urlTemplate\":\"https:\\\/\\\/www.jazzzeitung.de\\\/cms\\\/?s={search_term_string}\"},\"query-input\":{\"@type\":\"PropertyValueSpecification\",\"valueRequired\":true,\"valueName\":\"search_term_string\"}}],\"inLanguage\":\"de\"},{\"@type\":\"Organization\",\"@id\":\"https:\\\/\\\/www.jazzzeitung.de\\\/cms\\\/#organization\",\"name\":\"JazzZeitung online\",\"url\":\"https:\\\/\\\/www.jazzzeitung.de\\\/cms\\\/\",\"logo\":{\"@type\":\"ImageObject\",\"inLanguage\":\"de\",\"@id\":\"https:\\\/\\\/www.jazzzeitung.de\\\/cms\\\/#\\\/schema\\\/logo\\\/image\\\/\",\"url\":\"https:\\\/\\\/i0.wp.com\\\/www.jazzzeitung.de\\\/cms\\\/wp-content\\\/uploads\\\/2015\\\/08\\\/JAZZZEITUNGDE_Logo_Neu.png?fit=499%2C200&ssl=1\",\"contentUrl\":\"https:\\\/\\\/i0.wp.com\\\/www.jazzzeitung.de\\\/cms\\\/wp-content\\\/uploads\\\/2015\\\/08\\\/JAZZZEITUNGDE_Logo_Neu.png?fit=499%2C200&ssl=1\",\"width\":499,\"height\":200,\"caption\":\"JazzZeitung online\"},\"image\":{\"@id\":\"https:\\\/\\\/www.jazzzeitung.de\\\/cms\\\/#\\\/schema\\\/logo\\\/image\\\/\"},\"sameAs\":[\"https:\\\/\\\/www.facebook.com\\\/JazzZeitung\\\/\"]},{\"@type\":\"Person\",\"@id\":\"https:\\\/\\\/www.jazzzeitung.de\\\/cms\\\/#\\\/schema\\\/person\\\/4c5aaf486bdcd85db94b9a8b9e026bad\",\"name\":\"J\u00f6rg Lichtinger\",\"image\":{\"@type\":\"ImageObject\",\"inLanguage\":\"de\",\"@id\":\"https:\\\/\\\/secure.gravatar.com\\\/avatar\\\/8d1d484eb77cf370a1620f9866681cdba540c9b8439ce96ea0c830dd3b59936c?s=96&d=wp_user_avatar&r=ge66dff7680db2349fb79ae0cb2d734e3\",\"url\":\"https:\\\/\\\/secure.gravatar.com\\\/avatar\\\/8d1d484eb77cf370a1620f9866681cdba540c9b8439ce96ea0c830dd3b59936c?s=96&d=wp_user_avatar&r=g\",\"contentUrl\":\"https:\\\/\\\/secure.gravatar.com\\\/avatar\\\/8d1d484eb77cf370a1620f9866681cdba540c9b8439ce96ea0c830dd3b59936c?s=96&d=wp_user_avatar&r=g\",\"caption\":\"J\u00f6rg Lichtinger\"},\"url\":\"https:\\\/\\\/www.jazzzeitung.de\\\/cms\\\/author\\\/lichtinger\\\/\"}]}<\/script>\n<!-- \/ Yoast SEO plugin. -->","yoast_head_json":{"title":"Die Finalisten des BMW Welt Jazz Award 2011 - JazzZeitung","robots":{"index":"index","follow":"follow","max-snippet":"max-snippet:-1","max-image-preview":"max-image-preview:large","max-video-preview":"max-video-preview:-1"},"canonical":"https:\/\/www.jazzzeitung.de\/cms\/2011\/03\/die-finalisten-des-bmw-welt-jazz-award-2011\/","og_locale":"de_DE","og_type":"article","og_title":"Die Finalisten des BMW Welt Jazz Award 2011 - JazzZeitung","og_description":"Die Jury hat entschieden. Die Wahl f\u00fcr die Finalisten des BMW Welt Jazz Award 2011 ist auf Wanja Slavin Lotus Eaters und Nils Wogram&#8217;s Root 70 gefallen. Sechs Bands haben zwischen Januar und M\u00e4rz 2011 mit jeweils einem Konzert im Doppelkegel der BMW Welt um den Finaleinzug gespielt. Dabei haben sich die beiden Ensembles durchgesetzt und werden nun am 9. April 2011 im Auditorium der BMW Welt gegeneinander antreten. Die Siegpr\u00e4mie ist mit 10.000 \u20ac stattlich und vergleichbar mit der beim Neuen Deutschen Jazzpreis in Mannheim, \u00fcber die sich k\u00fcrzlich em, das Trio von Michael Wollny, Eva Kruse und Eric Schaefer freuen konnte. Beim BMW Welt Jazz Award wird der Zweitplatzierte die BMW Welt immerhin noch mit 5.000 \u20ac verlassen. Zur Begr\u00fcndung der Jury","og_url":"https:\/\/www.jazzzeitung.de\/cms\/2011\/03\/die-finalisten-des-bmw-welt-jazz-award-2011\/","og_site_name":"JazzZeitung","article_publisher":"https:\/\/www.facebook.com\/JazzZeitung\/","article_published_time":"2011-03-18T00:04:09+00:00","og_image":[{"url":"http:\/\/www.jazzzeitung.de\/cms\/wp-content\/uploads\/2011\/03\/Wanja_Slavin-300x300.jpg","type":"","width":"","height":""}],"author":"J\u00f6rg Lichtinger","schema":{"@context":"https:\/\/schema.org","@graph":[{"@type":"Article","@id":"https:\/\/www.jazzzeitung.de\/cms\/2011\/03\/die-finalisten-des-bmw-welt-jazz-award-2011\/#article","isPartOf":{"@id":"https:\/\/www.jazzzeitung.de\/cms\/2011\/03\/die-finalisten-des-bmw-welt-jazz-award-2011\/"},"author":{"name":"J\u00f6rg Lichtinger","@id":"https:\/\/www.jazzzeitung.de\/cms\/#\/schema\/person\/4c5aaf486bdcd85db94b9a8b9e026bad"},"headline":"Die Finalisten des BMW Welt Jazz Award 2011","datePublished":"2011-03-18T00:04:09+00:00","mainEntityOfPage":{"@id":"https:\/\/www.jazzzeitung.de\/cms\/2011\/03\/die-finalisten-des-bmw-welt-jazz-award-2011\/"},"wordCount":184,"commentCount":0,"publisher":{"@id":"https:\/\/www.jazzzeitung.de\/cms\/#organization"},"image":{"@id":"https:\/\/www.jazzzeitung.de\/cms\/2011\/03\/die-finalisten-des-bmw-welt-jazz-award-2011\/#primaryimage"},"thumbnailUrl":"http:\/\/www.jazzzeitung.de\/cms\/wp-content\/uploads\/2011\/03\/Wanja_Slavin-300x300.jpg","keywords":["bmw welt","bmw welt jazz award","Doppelkegel","Eric Schaefer","Eric Schaefer","Eva Kruse","Jazz Award","Konzert","Kruse","Lotus Eaters","Nils Wogram","root 70","Wanja Slavin","Wettbewerb"],"articleSection":["Blog"],"inLanguage":"de","potentialAction":[{"@type":"CommentAction","name":"Comment","target":["https:\/\/www.jazzzeitung.de\/cms\/2011\/03\/die-finalisten-des-bmw-welt-jazz-award-2011\/#respond"]}]},{"@type":"WebPage","@id":"https:\/\/www.jazzzeitung.de\/cms\/2011\/03\/die-finalisten-des-bmw-welt-jazz-award-2011\/","url":"https:\/\/www.jazzzeitung.de\/cms\/2011\/03\/die-finalisten-des-bmw-welt-jazz-award-2011\/","name":"Die Finalisten des BMW Welt Jazz Award 2011 - JazzZeitung","isPartOf":{"@id":"https:\/\/www.jazzzeitung.de\/cms\/#website"},"primaryImageOfPage":{"@id":"https:\/\/www.jazzzeitung.de\/cms\/2011\/03\/die-finalisten-des-bmw-welt-jazz-award-2011\/#primaryimage"},"image":{"@id":"https:\/\/www.jazzzeitung.de\/cms\/2011\/03\/die-finalisten-des-bmw-welt-jazz-award-2011\/#primaryimage"},"thumbnailUrl":"http:\/\/www.jazzzeitung.de\/cms\/wp-content\/uploads\/2011\/03\/Wanja_Slavin-300x300.jpg","datePublished":"2011-03-18T00:04:09+00:00","breadcrumb":{"@id":"https:\/\/www.jazzzeitung.de\/cms\/2011\/03\/die-finalisten-des-bmw-welt-jazz-award-2011\/#breadcrumb"},"inLanguage":"de","potentialAction":[{"@type":"ReadAction","target":["https:\/\/www.jazzzeitung.de\/cms\/2011\/03\/die-finalisten-des-bmw-welt-jazz-award-2011\/"]}]},{"@type":"ImageObject","inLanguage":"de","@id":"https:\/\/www.jazzzeitung.de\/cms\/2011\/03\/die-finalisten-des-bmw-welt-jazz-award-2011\/#primaryimage","url":"http:\/\/www.jazzzeitung.de\/cms\/wp-content\/uploads\/2011\/03\/Wanja_Slavin-300x300.jpg","contentUrl":"http:\/\/www.jazzzeitung.de\/cms\/wp-content\/uploads\/2011\/03\/Wanja_Slavin-300x300.jpg"},{"@type":"BreadcrumbList","@id":"https:\/\/www.jazzzeitung.de\/cms\/2011\/03\/die-finalisten-des-bmw-welt-jazz-award-2011\/#breadcrumb","itemListElement":[{"@type":"ListItem","position":1,"name":"Startseite","item":"https:\/\/www.jazzzeitung.de\/cms\/"},{"@type":"ListItem","position":2,"name":"Die Finalisten des BMW Welt Jazz Award 2011"}]},{"@type":"WebSite","@id":"https:\/\/www.jazzzeitung.de\/cms\/#website","url":"https:\/\/www.jazzzeitung.de\/cms\/","name":"JazzZeitung","description":"Jazz-News und Jazz-Kontroverses","publisher":{"@id":"https:\/\/www.jazzzeitung.de\/cms\/#organization"},"potentialAction":[{"@type":"SearchAction","target":{"@type":"EntryPoint","urlTemplate":"https:\/\/www.jazzzeitung.de\/cms\/?s={search_term_string}"},"query-input":{"@type":"PropertyValueSpecification","valueRequired":true,"valueName":"search_term_string"}}],"inLanguage":"de"},{"@type":"Organization","@id":"https:\/\/www.jazzzeitung.de\/cms\/#organization","name":"JazzZeitung online","url":"https:\/\/www.jazzzeitung.de\/cms\/","logo":{"@type":"ImageObject","inLanguage":"de","@id":"https:\/\/www.jazzzeitung.de\/cms\/#\/schema\/logo\/image\/","url":"https:\/\/i0.wp.com\/www.jazzzeitung.de\/cms\/wp-content\/uploads\/2015\/08\/JAZZZEITUNGDE_Logo_Neu.png?fit=499%2C200&ssl=1","contentUrl":"https:\/\/i0.wp.com\/www.jazzzeitung.de\/cms\/wp-content\/uploads\/2015\/08\/JAZZZEITUNGDE_Logo_Neu.png?fit=499%2C200&ssl=1","width":499,"height":200,"caption":"JazzZeitung online"},"image":{"@id":"https:\/\/www.jazzzeitung.de\/cms\/#\/schema\/logo\/image\/"},"sameAs":["https:\/\/www.facebook.com\/JazzZeitung\/"]},{"@type":"Person","@id":"https:\/\/www.jazzzeitung.de\/cms\/#\/schema\/person\/4c5aaf486bdcd85db94b9a8b9e026bad","name":"J\u00f6rg Lichtinger","image":{"@type":"ImageObject","inLanguage":"de","@id":"https:\/\/secure.gravatar.com\/avatar\/8d1d484eb77cf370a1620f9866681cdba540c9b8439ce96ea0c830dd3b59936c?s=96&d=wp_user_avatar&r=ge66dff7680db2349fb79ae0cb2d734e3","url":"https:\/\/secure.gravatar.com\/avatar\/8d1d484eb77cf370a1620f9866681cdba540c9b8439ce96ea0c830dd3b59936c?s=96&d=wp_user_avatar&r=g","contentUrl":"https:\/\/secure.gravatar.com\/avatar\/8d1d484eb77cf370a1620f9866681cdba540c9b8439ce96ea0c830dd3b59936c?s=96&d=wp_user_avatar&r=g","caption":"J\u00f6rg Lichtinger"},"url":"https:\/\/www.jazzzeitung.de\/cms\/author\/lichtinger\/"}]}},"wp-worthy-pixel":{"ignored":false,"public":null,"server":null,"url":null},"wp-worthy-type":"normal","jetpack_publicize_connections":[],"cc_featured_image_caption":{"caption_text":false,"source_text":false,"source_url":false},"jetpack_featured_media_url":"","jetpack_shortlink":"https:\/\/wp.me\/p3KEcT-eu","jetpack-related-posts":[{"id":702,"url":"https:\/\/www.jazzzeitung.de\/cms\/2011\/01\/eintritt-frei-in-runde-drei-bmw-welt-jazz-award\/","url_meta":{"origin":898,"position":0},"title":"Eintritt frei in runde drei: BMW Welt Jazz Award 2011","author":"J\u00f6rg Lichtinger","date":"23. Januar 2011","format":false,"excerpt":"Am 23. Januar 2011 haben mit der Performance von Wanja Slavin Lotus Eaters die Konzerte des BMW Welt Jazz Award 2011 begonnen. An zwei Sonntagen im Monat finden bis zum 13. M\u00e4rz noch f\u00fcnf weitere Jazz Matineen im Doppelkegel der BMW Welt statt. Nach dem Gesangsschwerpunkt im letzten Jahr, stellen\u2026","rel":"","context":"In &quot;Blog&quot;","block_context":{"text":"Blog","link":"https:\/\/www.jazzzeitung.de\/cms\/thema\/blog\/"},"img":{"alt_text":"Konzert im Doppelkegel bei den Jazzwochen 2007","src":"https:\/\/i0.wp.com\/www.jazzzeitung.de\/cms\/wp-content\/uploads\/2011\/01\/Lichtinger_BMW_Masters-of-Jazz-300x224.jpg?resize=350%2C200","width":350,"height":200},"classes":[]},{"id":967,"url":"https:\/\/www.jazzzeitung.de\/cms\/2011\/04\/bmw-welt-jazz-award-root-70-triumphiert-ueber-die-lotus-eaters\/","url_meta":{"origin":898,"position":1},"title":"BMW Welt Jazz Award: Root 70 triumphiert \u00fcber die Lotus Eaters","author":"J\u00f6rg Lichtinger","date":"14. April 2011","format":false,"excerpt":"Der Gewinner des BMW Welt Jazz Award 2011 hei\u00dft Nils Wogram mit seiner Band Root 70. Beim Finale im Auditorium der M\u00fcnchner BMW Welt stach die Band des Posaunisten die Mitfinalisten Wanja Slavins Lotus Eaters aus. Beide waren nach einer Reihe von Live-Konzerten (Motto: \"Two Horns & more\") \u00fcbrig geblieben\u2026","rel":"","context":"In &quot;Blog&quot;","block_context":{"text":"Blog","link":"https:\/\/www.jazzzeitung.de\/cms\/thema\/blog\/"},"img":{"alt_text":"Sind um 10.000 \u20ac reicher: Nils Wogram's Root 70. Foto: BMW","src":"https:\/\/i0.wp.com\/www.jazzzeitung.de\/cms\/wp-content\/uploads\/2011\/04\/Gewinner_zuschnitt-300x199.jpg?resize=350%2C200","width":350,"height":200},"classes":[]},{"id":11839,"url":"https:\/\/www.jazzzeitung.de\/cms\/2017\/03\/konzert-nummer-5-des-bmw-welt-jazz-award-linda-oh-mit-sun-pictures\/","url_meta":{"origin":898,"position":2},"title":"Konzert Nummer 5 des BMW Welt Jazz Award: Linda Oh mit Sun Pictures","author":"Redaktion JazzZeitung","date":"6. M\u00e4rz 2017","format":false,"excerpt":"Jetzt wird es ernst: Am kommenden Sonntag, den 12.03., geht es in den Endspurt mit der 6. und letzten Matinee des diesj\u00e4hrigen BMW Welt Jazz Award. Eva Kruse stellt\u00a0 im Quintett mit Eric Schaefer am Schlagzeug, Christian Jormin am Klavier, Uwe Steinmetz am Saxofon und Tjadina Wake-Walker an der Oboe\u2026","rel":"","context":"In &quot;Galerie&quot;","block_context":{"text":"Galerie","link":"https:\/\/www.jazzzeitung.de\/cms\/thema\/galerie\/"},"img":{"alt_text":"","src":"https:\/\/i0.wp.com\/www.jazzzeitung.de\/cms\/wp-content\/uploads\/2017\/03\/Oh-Bass-P1220557-Foto-TJ-Krebs.jpg?resize=350%2C200","width":350,"height":200,"srcset":"https:\/\/i0.wp.com\/www.jazzzeitung.de\/cms\/wp-content\/uploads\/2017\/03\/Oh-Bass-P1220557-Foto-TJ-Krebs.jpg?resize=350%2C200 1x, https:\/\/i0.wp.com\/www.jazzzeitung.de\/cms\/wp-content\/uploads\/2017\/03\/Oh-Bass-P1220557-Foto-TJ-Krebs.jpg?resize=525%2C300 1.5x"},"classes":[]},{"id":25219,"url":"https:\/\/www.jazzzeitung.de\/cms\/2021\/08\/peter-gall-quintet-gewinnt-bmw-welt-jazz-award-2020\/","url_meta":{"origin":898,"position":3},"title":"Sp\u00e4tes Finale: Das Peter Gall Quintet gewinnt den BMW Welt Jazz Award 2020","author":"Redaktion JazzZeitung","date":"4. August 2021","format":false,"excerpt":"M\u00fcnchen. Beim Finale des BMW Welt Jazz Award 2020 konnte das Peter Gall Quintet die Jury von sich \u00fcberzeugen. Zusammen mit Wanja Slavin am Saxophon, Reinier Baas an der Gitarre, Rainer B\u00f6hm am Piano sowie dem Bassisten Felix Henkelhausen setzte sich der Schlagzeuger Peter Gall gegen das Adam Baldych Quartet\u2026","rel":"","context":"In &quot;Bericht&quot;","block_context":{"text":"Bericht","link":"https:\/\/www.jazzzeitung.de\/cms\/thema\/bericht\/"},"img":{"alt_text":"","src":"https:\/\/i0.wp.com\/www.jazzzeitung.de\/cms\/wp-content\/uploads\/2021\/08\/P1166181-Peter-Gall-Quintett-Foto-TJ-Krebs-1.jpg?fit=907%2C605&ssl=1&resize=350%2C200","width":350,"height":200,"srcset":"https:\/\/i0.wp.com\/www.jazzzeitung.de\/cms\/wp-content\/uploads\/2021\/08\/P1166181-Peter-Gall-Quintett-Foto-TJ-Krebs-1.jpg?fit=907%2C605&ssl=1&resize=350%2C200 1x, https:\/\/i0.wp.com\/www.jazzzeitung.de\/cms\/wp-content\/uploads\/2021\/08\/P1166181-Peter-Gall-Quintett-Foto-TJ-Krebs-1.jpg?fit=907%2C605&ssl=1&resize=525%2C300 1.5x, https:\/\/i0.wp.com\/www.jazzzeitung.de\/cms\/wp-content\/uploads\/2021\/08\/P1166181-Peter-Gall-Quintett-Foto-TJ-Krebs-1.jpg?fit=907%2C605&ssl=1&resize=700%2C400 2x"},"classes":[]},{"id":11991,"url":"https:\/\/www.jazzzeitung.de\/cms\/2017\/03\/die-finalisten-des-bmw-welt-jazz-award-2017-renaud-garcia-fons-und-eva-kruse\/","url_meta":{"origin":898,"position":4},"title":"Die Finalisten des BMW Welt Jazz Award 2017: Renaud Garcia-Fons und Eva Kruse","author":"Redaktion JazzZeitung","date":"16. M\u00e4rz 2017","format":false,"excerpt":"Die renommierte Jury des BMW Welt Jazz Award hat sich f\u00fcr folgende Kontrahenten im Finale 2017 entschieden: der Franzose Renaud Garcia-Fons und die aus Deutschland stammende Eva Kruse treten am 6. Mai gegeneinander im Auditorium der BMW Welt an. Das Sieger-Ensemble wird mit einem Preisgeld von 10.000 Euro und einer\u2026","rel":"","context":"In &quot;News&quot;","block_context":{"text":"News","link":"https:\/\/www.jazzzeitung.de\/cms\/thema\/nachrichten\/"},"img":{"alt_text":"","src":"https:\/\/i0.wp.com\/www.jazzzeitung.de\/cms\/wp-content\/uploads\/2017\/02\/Garcia-Fons-P1210550-Foto-TJ-Krebs.jpg?resize=350%2C200","width":350,"height":200,"srcset":"https:\/\/i0.wp.com\/www.jazzzeitung.de\/cms\/wp-content\/uploads\/2017\/02\/Garcia-Fons-P1210550-Foto-TJ-Krebs.jpg?resize=350%2C200 1x, https:\/\/i0.wp.com\/www.jazzzeitung.de\/cms\/wp-content\/uploads\/2017\/02\/Garcia-Fons-P1210550-Foto-TJ-Krebs.jpg?resize=525%2C300 1.5x, https:\/\/i0.wp.com\/www.jazzzeitung.de\/cms\/wp-content\/uploads\/2017\/02\/Garcia-Fons-P1210550-Foto-TJ-Krebs.jpg?resize=700%2C400 2x, https:\/\/i0.wp.com\/www.jazzzeitung.de\/cms\/wp-content\/uploads\/2017\/02\/Garcia-Fons-P1210550-Foto-TJ-Krebs.jpg?resize=1050%2C600 3x"},"classes":[]},{"id":11720,"url":"https:\/\/www.jazzzeitung.de\/cms\/2017\/02\/bmw-welt-jazz-award-3-konzert-mit-henning-sieverts-symmethree\/","url_meta":{"origin":898,"position":5},"title":"Konzert Nummer 3 des BMW Welt Jazz Award: Henning Sieverts mit Symmethree","author":"Redaktion JazzZeitung","date":"20. Februar 2017","format":false,"excerpt":"Der M\u00fcnchner Spitzenbassist und gefragte Sideman Henning Sievert kam mit seinem Trioprojekt \u201eSymmethree\u201c in die Kulisse des Doppelkegels der BMW Welt M\u00fcnchen. Mit dabei der Posaunist \u2013 und BMW Welt Jazz Award Gewinner 2011 \u2013 Nils Wogram sowie der Gitarrist Ronny Graupe.\u00a0 Thomas J. Krebs hielt das Event mit seiner\u2026","rel":"","context":"In &quot;Galerie&quot;","block_context":{"text":"Galerie","link":"https:\/\/www.jazzzeitung.de\/cms\/thema\/galerie\/"},"img":{"alt_text":"","src":"https:\/\/i0.wp.com\/www.jazzzeitung.de\/cms\/wp-content\/uploads\/2017\/02\/P1190896-Sieverts-Foto-TJ-Krebs.jpg?resize=350%2C200","width":350,"height":200,"srcset":"https:\/\/i0.wp.com\/www.jazzzeitung.de\/cms\/wp-content\/uploads\/2017\/02\/P1190896-Sieverts-Foto-TJ-Krebs.jpg?resize=350%2C200 1x, https:\/\/i0.wp.com\/www.jazzzeitung.de\/cms\/wp-content\/uploads\/2017\/02\/P1190896-Sieverts-Foto-TJ-Krebs.jpg?resize=525%2C300 1.5x"},"classes":[]}],"jetpack_sharing_enabled":true,"_links":{"self":[{"href":"https:\/\/www.jazzzeitung.de\/cms\/wp-json\/wp\/v2\/posts\/898","targetHints":{"allow":["GET"]}}],"collection":[{"href":"https:\/\/www.jazzzeitung.de\/cms\/wp-json\/wp\/v2\/posts"}],"about":[{"href":"https:\/\/www.jazzzeitung.de\/cms\/wp-json\/wp\/v2\/types\/post"}],"author":[{"embeddable":true,"href":"https:\/\/www.jazzzeitung.de\/cms\/wp-json\/wp\/v2\/users\/4"}],"replies":[{"embeddable":true,"href":"https:\/\/www.jazzzeitung.de\/cms\/wp-json\/wp\/v2\/comments?post=898"}],"version-history":[{"count":0,"href":"https:\/\/www.jazzzeitung.de\/cms\/wp-json\/wp\/v2\/posts\/898\/revisions"}],"wp:attachment":[{"href":"https:\/\/www.jazzzeitung.de\/cms\/wp-json\/wp\/v2\/media?parent=898"}],"wp:term":[{"taxonomy":"category","embeddable":true,"href":"https:\/\/www.jazzzeitung.de\/cms\/wp-json\/wp\/v2\/categories?post=898"},{"taxonomy":"post_tag","embeddable":true,"href":"https:\/\/www.jazzzeitung.de\/cms\/wp-json\/wp\/v2\/tags?post=898"},{"taxonomy":"author","embeddable":true,"href":"https:\/\/www.jazzzeitung.de\/cms\/wp-json\/wp\/v2\/coauthors?post=898"}],"curies":[{"name":"wp","href":"https:\/\/api.w.org\/{rel}","templated":true}]}}