{"id":8976,"date":"2016-04-19T12:45:46","date_gmt":"2016-04-19T10:45:46","guid":{"rendered":"http:\/\/www.jazzzeitung.de\/cms\/?p=8976"},"modified":"2016-04-19T14:10:42","modified_gmt":"2016-04-19T12:10:42","slug":"newsdie-preistraeger-des-echo-jazz-2016-stehen-fest","status":"publish","type":"post","link":"https:\/\/www.jazzzeitung.de\/cms\/2016\/04\/newsdie-preistraeger-des-echo-jazz-2016-stehen-fest\/","title":{"rendered":"Die Preistr\u00e4ger des ECHO Jazz 2016 stehen fest"},"content":{"rendered":"<figure id=\"attachment_8986\" aria-describedby=\"caption-attachment-8986\" style=\"width: 150px\" class=\"wp-caption alignright\"><a href=\"https:\/\/i0.wp.com\/www.jazzzeitung.de\/cms\/wp-content\/uploads\/2016\/04\/wuestenhagen_echojazz2013_54901.jpg\"><img data-recalc-dims=\"1\" loading=\"lazy\" decoding=\"async\" data-attachment-id=\"8986\" data-permalink=\"https:\/\/www.jazzzeitung.de\/cms\/2016\/04\/newsdie-preistraeger-des-echo-jazz-2016-stehen-fest\/echo-jazz-2013\/\" data-orig-file=\"https:\/\/i0.wp.com\/www.jazzzeitung.de\/cms\/wp-content\/uploads\/2016\/04\/wuestenhagen_echojazz2013_54901.jpg?fit=2126%2C3307&amp;ssl=1\" data-orig-size=\"2126,3307\" data-comments-opened=\"1\" data-image-meta=\"{&quot;aperture&quot;:&quot;8&quot;,&quot;credit&quot;:&quot;Monique Wuestenhagen \/ BVMI&quot;,&quot;camera&quot;:&quot;Canon EOS 5D Mark III&quot;,&quot;caption&quot;:&quot;ECHO Jazz 2013 am 23.04.2013 in der Fischauktionshalle Hamburg   \/\/\/   Foto: Monique Wuestenhagen \/ BVMI&quot;,&quot;created_timestamp&quot;:&quot;1369322731&quot;,&quot;copyright&quot;:&quot;Monique Wuestenhagen \/ BVMI&quot;,&quot;focal_length&quot;:&quot;57&quot;,&quot;iso&quot;:&quot;400&quot;,&quot;shutter_speed&quot;:&quot;0.00625&quot;,&quot;title&quot;:&quot;ECHO Jazz 2013&quot;,&quot;orientation&quot;:&quot;1&quot;}\" data-image-title=\"ECHO Jazz 2013\" data-image-description=\"\" data-image-caption=\"&lt;p&gt;ECHO Jazz 2013 am 23.04.2013 in der Fischauktionshalle Hamburg   \/\/\/   Foto: Monique Wuestenhagen \/ BVMI&lt;\/p&gt;\n\" data-large-file=\"https:\/\/i0.wp.com\/www.jazzzeitung.de\/cms\/wp-content\/uploads\/2016\/04\/wuestenhagen_echojazz2013_54901.jpg?fit=386%2C600&amp;ssl=1\" class=\"size-thumbnail wp-image-8986\" src=\"https:\/\/i0.wp.com\/www.jazzzeitung.de\/cms\/wp-content\/uploads\/2016\/04\/wuestenhagen_echojazz2013_54901-150x150.jpg?resize=150%2C150\" alt=\"ECHO Jazz 2013 am 23.04.2013 in der Fischauktionshalle Hamburg \/\/\/ Foto: Monique Wuestenhagen \/ BVMI\" width=\"150\" height=\"150\" srcset=\"https:\/\/i0.wp.com\/www.jazzzeitung.de\/cms\/wp-content\/uploads\/2016\/04\/wuestenhagen_echojazz2013_54901.jpg?resize=150%2C150&amp;ssl=1 150w, https:\/\/i0.wp.com\/www.jazzzeitung.de\/cms\/wp-content\/uploads\/2016\/04\/wuestenhagen_echojazz2013_54901.jpg?resize=144%2C144&amp;ssl=1 144w, https:\/\/i0.wp.com\/www.jazzzeitung.de\/cms\/wp-content\/uploads\/2016\/04\/wuestenhagen_echojazz2013_54901.jpg?resize=96%2C96&amp;ssl=1 96w, https:\/\/i0.wp.com\/www.jazzzeitung.de\/cms\/wp-content\/uploads\/2016\/04\/wuestenhagen_echojazz2013_54901.jpg?resize=24%2C24&amp;ssl=1 24w, https:\/\/i0.wp.com\/www.jazzzeitung.de\/cms\/wp-content\/uploads\/2016\/04\/wuestenhagen_echojazz2013_54901.jpg?resize=36%2C36&amp;ssl=1 36w, https:\/\/i0.wp.com\/www.jazzzeitung.de\/cms\/wp-content\/uploads\/2016\/04\/wuestenhagen_echojazz2013_54901.jpg?resize=48%2C48&amp;ssl=1 48w, https:\/\/i0.wp.com\/www.jazzzeitung.de\/cms\/wp-content\/uploads\/2016\/04\/wuestenhagen_echojazz2013_54901.jpg?resize=64%2C64&amp;ssl=1 64w, https:\/\/i0.wp.com\/www.jazzzeitung.de\/cms\/wp-content\/uploads\/2016\/04\/wuestenhagen_echojazz2013_54901.jpg?resize=32%2C32&amp;ssl=1 32w, https:\/\/i0.wp.com\/www.jazzzeitung.de\/cms\/wp-content\/uploads\/2016\/04\/wuestenhagen_echojazz2013_54901.jpg?resize=128%2C128&amp;ssl=1 128w, https:\/\/i0.wp.com\/www.jazzzeitung.de\/cms\/wp-content\/uploads\/2016\/04\/wuestenhagen_echojazz2013_54901.jpg?zoom=2&amp;resize=150%2C150&amp;ssl=1 300w, https:\/\/i0.wp.com\/www.jazzzeitung.de\/cms\/wp-content\/uploads\/2016\/04\/wuestenhagen_echojazz2013_54901.jpg?zoom=3&amp;resize=150%2C150&amp;ssl=1 450w\" sizes=\"auto, (max-width: 150px) 100vw, 150px\" \/><\/a><figcaption id=\"caption-attachment-8986\" class=\"wp-caption-text\">Die ECHO Jazz Troph\u00e4e. Foto: Monique Wuestenhagen \/ BVMI<\/figcaption><\/figure>\n<p><strong>Die Preistr\u00e4ger des ECHO Jazz 2016 stehen fest.<\/strong><\/p>\n<p>Wie die Deutsche Phono-Akademie, das Kulturinstitut des Bundesverbandes Musikindustrie (BVMI), heute <span style=\"color: #ffffff;\">.<\/span>mitteilte, darf sich in der Kategorie <strong>\u201eEnsemble des Jahres national&#8220;<\/strong> das <strong>Michael Wollny Trio<\/strong> \u00fcber eine <span style=\"color: #ffffff;\">.<\/span>Auszeichnung f\u00fcr <strong>\u201eNacht-fahrten&#8220;<\/strong> freuen, <strong>\u201eEnsemble des Jahres international&#8220;<\/strong> ist das <strong>Jazz-Quartett James Farm<\/strong> um <strong>Saxophonist Joshua Redman<\/strong>. Zu den <strong>\u201eInstrumentalisten des Jahres national&#8220;<\/strong> geh\u00f6ren <strong>Rolf K\u00fchn<\/strong> (Saxophon\/Woodwinds), <strong>Anke Helfrich<\/strong> (Piano\/Keyboards) und <strong>Nils Wogram<\/strong> (Blechblasinstrumente\/Brass). Als <span style=\"color: #ffffff;\">.<\/span><strong>inter-nationale Instrumentalisten<\/strong> werden unter anderem <strong>Tigran Hamasyan<\/strong> (Piano\/ Keyboards), <strong>Lars Danielsson<\/strong> (Bass\/Bassgitarre) und <strong>Kamasi Washington<\/strong> (Saxo-phon\/Woodwinds) geehrt. S\u00e4ngerin <strong>Natalia Mateo<\/strong> entschied die Kategorie <strong>\u201eNewcomer des Jahres&#8220; <\/strong>f\u00fcr sich, <strong>Sebastian Sternal<\/strong> und die <strong>Sternal Symphonic Society<\/strong> werden mit <strong>\u201eSternal Symphonic Society Vol.2&#8243;<\/strong> f\u00fcr das <strong>\u201eBig Band-Album des Jahres&#8220;<\/strong> ausgezeichnet, <strong>Diana Kralls \u201eWallflower&#8220;<\/strong> ist <strong>\u201eBestseller des Jahres&#8220;.<\/strong><\/p>\n<p>Florian Dr\u00fccke, Gesch\u00e4ftsf\u00fchrer des BVMI: \u201eDie Vorfreude wird in diesem Jahr \u00fcberschattet durch die unfassbar traurige Nachricht von Roger Ciceros Tod. Er h\u00e4tte den\u00a0ECHO Jazz als\u00a0\u201aS\u00e4nger des Jahres national&#8216; f\u00fcr sein 2015 erschienenes Album \u201aThe Roger Cicero Jazz Experience&#8216;, das er gemeinsam mit Matthias Meusel, Maik Schott und Herv\u00e9 Jeanne aufgenommen und produziert hat, dieses Jahr pers\u00f6nlich entgegennehmen und durch den Abend f\u00fchren sollen; im vergangenen Jahr hatte er die Preisverleihung noch in unnachahmlicher Weise mit Gregory Porter moderiert. Er hinterl\u00e4sst in der deutschen Jazzszene eine gro\u00dfe L\u00fccke \u2013 als Musiker und als Mensch.&#8220;<\/p>\n<p>Ausf\u00fchrlichere Informationen gibt es <a href=\"http:\/\/www.echojazz.de\/jazz-presse\/jazz-detailansicht\/controller\/News\/action\/detail\/news\/echo-jazz-2016-die-preistraeger-stehen-fest\/\"><strong>hier<\/strong><\/a>.<\/p>\n","protected":false},"excerpt":{"rendered":"<p>Die Preistr\u00e4ger des ECHO Jazz 2016 stehen fest. Wie die Deutsche Phono-Akademie, das Kulturinstitut des Bundesverbandes Musikindustrie (BVMI), heute .mitteilte, darf sich in der Kategorie \u201eEnsemble des Jahres national&#8220; das Michael Wollny Trio \u00fcber eine .Auszeichnung f\u00fcr \u201eNacht-fahrten&#8220; freuen, \u201eEnsemble des Jahres international&#8220; ist das Jazz-Quartett James Farm um Saxophonist Joshua Redman. Zu den \u201eInstrumentalisten des Jahres national&#8220; geh\u00f6ren Rolf K\u00fchn (Saxophon\/Woodwinds), Anke Helfrich (Piano\/Keyboards) und Nils Wogram (Blechblasinstrumente\/Brass). Als .inter-nationale Instrumentalisten werden unter anderem Tigran Hamasyan (Piano\/ Keyboards), Lars Danielsson (Bass\/Bassgitarre) und Kamasi Washington (Saxo-phon\/Woodwinds) geehrt. S\u00e4ngerin Natalia Mateo entschied die Kategorie \u201eNewcomer des Jahres&#8220; f\u00fcr sich, Sebastian Sternal und die Sternal Symphonic Society werden mit \u201eSternal Symphonic Society Vol.2&#8243; f\u00fcr das \u201eBig Band-Album des Jahres&#8220; ausgezeichnet, Diana Kralls \u201eWallflower&#8220; ist \u201eBestseller des Jahres&#8220;. Florian Dr\u00fccke, Gesch\u00e4ftsf\u00fchrer des BVMI: \u201eDie Vorfreude wird in diesem Jahr \u00fcberschattet durch die unfassbar traurige Nachricht von Roger Ciceros Tod. Er h\u00e4tte den\u00a0ECHO Jazz als\u00a0\u201aS\u00e4nger des Jahres national&#8216; f\u00fcr sein 2015 erschienenes Album \u201aThe Roger Cicero Jazz Experience&#8216;, das er gemeinsam mit Matthias Meusel, Maik Schott und Herv\u00e9 Jeanne aufgenommen und produziert hat, dieses Jahr pers\u00f6nlich entgegennehmen und durch &hellip;<\/p>\n","protected":false},"author":18,"featured_media":0,"comment_status":"open","ping_status":"closed","sticky":false,"template":"","format":"standard","meta":{"_jetpack_memberships_contains_paid_content":false,"footnotes":"","jetpack_publicize_message":"","jetpack_publicize_feature_enabled":true,"jetpack_social_post_already_shared":false,"jetpack_social_options":{"image_generator_settings":{"template":"highway","default_image_id":0,"font":"","enabled":false},"version":2}},"categories":[633],"tags":[34,44,71,980,157,1142,344,388,404,732,420,442,1170,450,474,1217,862],"coauthors":[695],"class_list":["post-8976","post","type-post","status-publish","format-standard","hentry","category-nachrichten","tag-album","tag-anke-helfrich","tag-big-band","tag-echo","tag-echo-jazz","tag-gregory-porter","tag-lars-danielsson","tag-michael-wollny","tag-musikindustrie","tag-newcomer-2","tag-nils-wogram","tag-piano","tag-preistraeger","tag-preisverleihung","tag-rolf-kuehn","tag-tigran-hamasyan","tag-tod"],"yoast_head":"<!-- This site is optimized with the Yoast SEO plugin v27.5 - https:\/\/yoast.com\/product\/yoast-seo-wordpress\/ -->\n<title>Die Preistr\u00e4ger des ECHO Jazz 2016 stehen fest - JazzZeitung<\/title>\n<meta name=\"robots\" content=\"index, follow, max-snippet:-1, max-image-preview:large, max-video-preview:-1\" \/>\n<link rel=\"canonical\" href=\"https:\/\/www.jazzzeitung.de\/cms\/2016\/04\/newsdie-preistraeger-des-echo-jazz-2016-stehen-fest\/\" \/>\n<meta property=\"og:locale\" content=\"de_DE\" \/>\n<meta property=\"og:type\" content=\"article\" \/>\n<meta property=\"og:title\" content=\"Die Preistr\u00e4ger des ECHO Jazz 2016 stehen fest - JazzZeitung\" \/>\n<meta property=\"og:description\" content=\"Die Preistr\u00e4ger des ECHO Jazz 2016 stehen fest. Wie die Deutsche Phono-Akademie, das Kulturinstitut des Bundesverbandes Musikindustrie (BVMI), heute .mitteilte, darf sich in der Kategorie \u201eEnsemble des Jahres national&#8220; das Michael Wollny Trio \u00fcber eine .Auszeichnung f\u00fcr \u201eNacht-fahrten&#8220; freuen, \u201eEnsemble des Jahres international&#8220; ist das Jazz-Quartett James Farm um Saxophonist Joshua Redman. Zu den \u201eInstrumentalisten des Jahres national&#8220; geh\u00f6ren Rolf K\u00fchn (Saxophon\/Woodwinds), Anke Helfrich (Piano\/Keyboards) und Nils Wogram (Blechblasinstrumente\/Brass). Als .inter-nationale Instrumentalisten werden unter anderem Tigran Hamasyan (Piano\/ Keyboards), Lars Danielsson (Bass\/Bassgitarre) und Kamasi Washington (Saxo-phon\/Woodwinds) geehrt. S\u00e4ngerin Natalia Mateo entschied die Kategorie \u201eNewcomer des Jahres&#8220; f\u00fcr sich, Sebastian Sternal und die Sternal Symphonic Society werden mit \u201eSternal Symphonic Society Vol.2&#8243; f\u00fcr das \u201eBig Band-Album des Jahres&#8220; ausgezeichnet, Diana Kralls \u201eWallflower&#8220; ist \u201eBestseller des Jahres&#8220;. Florian Dr\u00fccke, Gesch\u00e4ftsf\u00fchrer des BVMI: \u201eDie Vorfreude wird in diesem Jahr \u00fcberschattet durch die unfassbar traurige Nachricht von Roger Ciceros Tod. Er h\u00e4tte den\u00a0ECHO Jazz als\u00a0\u201aS\u00e4nger des Jahres national&#8216; f\u00fcr sein 2015 erschienenes Album \u201aThe Roger Cicero Jazz Experience&#8216;, das er gemeinsam mit Matthias Meusel, Maik Schott und Herv\u00e9 Jeanne aufgenommen und produziert hat, dieses Jahr pers\u00f6nlich entgegennehmen und durch &hellip;\" \/>\n<meta property=\"og:url\" content=\"https:\/\/www.jazzzeitung.de\/cms\/2016\/04\/newsdie-preistraeger-des-echo-jazz-2016-stehen-fest\/\" \/>\n<meta property=\"og:site_name\" content=\"JazzZeitung\" \/>\n<meta property=\"article:publisher\" content=\"https:\/\/www.facebook.com\/JazzZeitung\/\" \/>\n<meta property=\"article:published_time\" content=\"2016-04-19T10:45:46+00:00\" \/>\n<meta property=\"article:modified_time\" content=\"2016-04-19T12:10:42+00:00\" \/>\n<meta property=\"og:image\" content=\"http:\/\/www.jazzzeitung.de\/cms\/wp-content\/uploads\/2016\/04\/wuestenhagen_echojazz2013_54901-150x150.jpg\" \/>\n<meta name=\"author\" content=\"Redaktion JazzZeitung\" \/>\n<script type=\"application\/ld+json\" class=\"yoast-schema-graph\">{\"@context\":\"https:\\\/\\\/schema.org\",\"@graph\":[{\"@type\":\"Article\",\"@id\":\"https:\\\/\\\/www.jazzzeitung.de\\\/cms\\\/2016\\\/04\\\/newsdie-preistraeger-des-echo-jazz-2016-stehen-fest\\\/#article\",\"isPartOf\":{\"@id\":\"https:\\\/\\\/www.jazzzeitung.de\\\/cms\\\/2016\\\/04\\\/newsdie-preistraeger-des-echo-jazz-2016-stehen-fest\\\/\"},\"author\":{\"name\":\"Redaktion JazzZeitung\",\"@id\":\"https:\\\/\\\/www.jazzzeitung.de\\\/cms\\\/#\\\/schema\\\/person\\\/2245b36b9cd1d24cea10f01c031fb92b\"},\"headline\":\"Die Preistr\u00e4ger des ECHO Jazz 2016 stehen fest\",\"datePublished\":\"2016-04-19T10:45:46+00:00\",\"dateModified\":\"2016-04-19T12:10:42+00:00\",\"mainEntityOfPage\":{\"@id\":\"https:\\\/\\\/www.jazzzeitung.de\\\/cms\\\/2016\\\/04\\\/newsdie-preistraeger-des-echo-jazz-2016-stehen-fest\\\/\"},\"wordCount\":271,\"commentCount\":0,\"publisher\":{\"@id\":\"https:\\\/\\\/www.jazzzeitung.de\\\/cms\\\/#organization\"},\"image\":{\"@id\":\"https:\\\/\\\/www.jazzzeitung.de\\\/cms\\\/2016\\\/04\\\/newsdie-preistraeger-des-echo-jazz-2016-stehen-fest\\\/#primaryimage\"},\"thumbnailUrl\":\"http:\\\/\\\/www.jazzzeitung.de\\\/cms\\\/wp-content\\\/uploads\\\/2016\\\/04\\\/wuestenhagen_echojazz2013_54901-150x150.jpg\",\"keywords\":[\"Album\",\"Anke Helfrich\",\"Big Band\",\"ECHO\",\"Echo Jazz\",\"Gregory Porter\",\"Lars Danielsson\",\"Michael Wollny\",\"Musikindustrie\",\"Newcomer\",\"Nils Wogram\",\"Piano\",\"Preistr\u00e4ger\",\"Preisverleihung\",\"Rolf K\u00fchn\",\"Tigran Hamasyan\",\"Tod\"],\"articleSection\":[\"News\"],\"inLanguage\":\"de\",\"potentialAction\":[{\"@type\":\"CommentAction\",\"name\":\"Comment\",\"target\":[\"https:\\\/\\\/www.jazzzeitung.de\\\/cms\\\/2016\\\/04\\\/newsdie-preistraeger-des-echo-jazz-2016-stehen-fest\\\/#respond\"]}]},{\"@type\":\"WebPage\",\"@id\":\"https:\\\/\\\/www.jazzzeitung.de\\\/cms\\\/2016\\\/04\\\/newsdie-preistraeger-des-echo-jazz-2016-stehen-fest\\\/\",\"url\":\"https:\\\/\\\/www.jazzzeitung.de\\\/cms\\\/2016\\\/04\\\/newsdie-preistraeger-des-echo-jazz-2016-stehen-fest\\\/\",\"name\":\"Die Preistr\u00e4ger des ECHO Jazz 2016 stehen fest - JazzZeitung\",\"isPartOf\":{\"@id\":\"https:\\\/\\\/www.jazzzeitung.de\\\/cms\\\/#website\"},\"primaryImageOfPage\":{\"@id\":\"https:\\\/\\\/www.jazzzeitung.de\\\/cms\\\/2016\\\/04\\\/newsdie-preistraeger-des-echo-jazz-2016-stehen-fest\\\/#primaryimage\"},\"image\":{\"@id\":\"https:\\\/\\\/www.jazzzeitung.de\\\/cms\\\/2016\\\/04\\\/newsdie-preistraeger-des-echo-jazz-2016-stehen-fest\\\/#primaryimage\"},\"thumbnailUrl\":\"http:\\\/\\\/www.jazzzeitung.de\\\/cms\\\/wp-content\\\/uploads\\\/2016\\\/04\\\/wuestenhagen_echojazz2013_54901-150x150.jpg\",\"datePublished\":\"2016-04-19T10:45:46+00:00\",\"dateModified\":\"2016-04-19T12:10:42+00:00\",\"breadcrumb\":{\"@id\":\"https:\\\/\\\/www.jazzzeitung.de\\\/cms\\\/2016\\\/04\\\/newsdie-preistraeger-des-echo-jazz-2016-stehen-fest\\\/#breadcrumb\"},\"inLanguage\":\"de\",\"potentialAction\":[{\"@type\":\"ReadAction\",\"target\":[\"https:\\\/\\\/www.jazzzeitung.de\\\/cms\\\/2016\\\/04\\\/newsdie-preistraeger-des-echo-jazz-2016-stehen-fest\\\/\"]}]},{\"@type\":\"ImageObject\",\"inLanguage\":\"de\",\"@id\":\"https:\\\/\\\/www.jazzzeitung.de\\\/cms\\\/2016\\\/04\\\/newsdie-preistraeger-des-echo-jazz-2016-stehen-fest\\\/#primaryimage\",\"url\":\"http:\\\/\\\/www.jazzzeitung.de\\\/cms\\\/wp-content\\\/uploads\\\/2016\\\/04\\\/wuestenhagen_echojazz2013_54901-150x150.jpg\",\"contentUrl\":\"http:\\\/\\\/www.jazzzeitung.de\\\/cms\\\/wp-content\\\/uploads\\\/2016\\\/04\\\/wuestenhagen_echojazz2013_54901-150x150.jpg\"},{\"@type\":\"BreadcrumbList\",\"@id\":\"https:\\\/\\\/www.jazzzeitung.de\\\/cms\\\/2016\\\/04\\\/newsdie-preistraeger-des-echo-jazz-2016-stehen-fest\\\/#breadcrumb\",\"itemListElement\":[{\"@type\":\"ListItem\",\"position\":1,\"name\":\"Startseite\",\"item\":\"https:\\\/\\\/www.jazzzeitung.de\\\/cms\\\/\"},{\"@type\":\"ListItem\",\"position\":2,\"name\":\"Die Preistr\u00e4ger des ECHO Jazz 2016 stehen fest\"}]},{\"@type\":\"WebSite\",\"@id\":\"https:\\\/\\\/www.jazzzeitung.de\\\/cms\\\/#website\",\"url\":\"https:\\\/\\\/www.jazzzeitung.de\\\/cms\\\/\",\"name\":\"JazzZeitung\",\"description\":\"Jazz-News und Jazz-Kontroverses\",\"publisher\":{\"@id\":\"https:\\\/\\\/www.jazzzeitung.de\\\/cms\\\/#organization\"},\"potentialAction\":[{\"@type\":\"SearchAction\",\"target\":{\"@type\":\"EntryPoint\",\"urlTemplate\":\"https:\\\/\\\/www.jazzzeitung.de\\\/cms\\\/?s={search_term_string}\"},\"query-input\":{\"@type\":\"PropertyValueSpecification\",\"valueRequired\":true,\"valueName\":\"search_term_string\"}}],\"inLanguage\":\"de\"},{\"@type\":\"Organization\",\"@id\":\"https:\\\/\\\/www.jazzzeitung.de\\\/cms\\\/#organization\",\"name\":\"JazzZeitung online\",\"url\":\"https:\\\/\\\/www.jazzzeitung.de\\\/cms\\\/\",\"logo\":{\"@type\":\"ImageObject\",\"inLanguage\":\"de\",\"@id\":\"https:\\\/\\\/www.jazzzeitung.de\\\/cms\\\/#\\\/schema\\\/logo\\\/image\\\/\",\"url\":\"https:\\\/\\\/i0.wp.com\\\/www.jazzzeitung.de\\\/cms\\\/wp-content\\\/uploads\\\/2015\\\/08\\\/JAZZZEITUNGDE_Logo_Neu.png?fit=499%2C200&ssl=1\",\"contentUrl\":\"https:\\\/\\\/i0.wp.com\\\/www.jazzzeitung.de\\\/cms\\\/wp-content\\\/uploads\\\/2015\\\/08\\\/JAZZZEITUNGDE_Logo_Neu.png?fit=499%2C200&ssl=1\",\"width\":499,\"height\":200,\"caption\":\"JazzZeitung online\"},\"image\":{\"@id\":\"https:\\\/\\\/www.jazzzeitung.de\\\/cms\\\/#\\\/schema\\\/logo\\\/image\\\/\"},\"sameAs\":[\"https:\\\/\\\/www.facebook.com\\\/JazzZeitung\\\/\"]},{\"@type\":\"Person\",\"@id\":\"https:\\\/\\\/www.jazzzeitung.de\\\/cms\\\/#\\\/schema\\\/person\\\/2245b36b9cd1d24cea10f01c031fb92b\",\"name\":\"Redaktion JazzZeitung\",\"image\":{\"@type\":\"ImageObject\",\"inLanguage\":\"de\",\"@id\":\"https:\\\/\\\/i0.wp.com\\\/www.jazzzeitung.de\\\/cms\\\/wp-content\\\/uploads\\\/2015\\\/08\\\/JAZZZEITUNGDE_Logo_Neu.png?resize=96%2C96&ssl=159975dcacb611b5700bd619b5daf0a7a\",\"url\":\"https:\\\/\\\/i0.wp.com\\\/www.jazzzeitung.de\\\/cms\\\/wp-content\\\/uploads\\\/2015\\\/08\\\/JAZZZEITUNGDE_Logo_Neu.png?resize=96%2C96&ssl=1\",\"contentUrl\":\"https:\\\/\\\/i0.wp.com\\\/www.jazzzeitung.de\\\/cms\\\/wp-content\\\/uploads\\\/2015\\\/08\\\/JAZZZEITUNGDE_Logo_Neu.png?resize=96%2C96&ssl=1\",\"caption\":\"Redaktion JazzZeitung\"},\"description\":\"Artikel der Redaktion der JazzZeitung.\",\"sameAs\":[\"http:\\\/\\\/www.jazzzeitung.de\\\/cms\\\/\"],\"url\":\"https:\\\/\\\/www.jazzzeitung.de\\\/cms\\\/author\\\/redaktion\\\/\"}]}<\/script>\n<!-- \/ Yoast SEO plugin. -->","yoast_head_json":{"title":"Die Preistr\u00e4ger des ECHO Jazz 2016 stehen fest - JazzZeitung","robots":{"index":"index","follow":"follow","max-snippet":"max-snippet:-1","max-image-preview":"max-image-preview:large","max-video-preview":"max-video-preview:-1"},"canonical":"https:\/\/www.jazzzeitung.de\/cms\/2016\/04\/newsdie-preistraeger-des-echo-jazz-2016-stehen-fest\/","og_locale":"de_DE","og_type":"article","og_title":"Die Preistr\u00e4ger des ECHO Jazz 2016 stehen fest - JazzZeitung","og_description":"Die Preistr\u00e4ger des ECHO Jazz 2016 stehen fest. Wie die Deutsche Phono-Akademie, das Kulturinstitut des Bundesverbandes Musikindustrie (BVMI), heute .mitteilte, darf sich in der Kategorie \u201eEnsemble des Jahres national&#8220; das Michael Wollny Trio \u00fcber eine .Auszeichnung f\u00fcr \u201eNacht-fahrten&#8220; freuen, \u201eEnsemble des Jahres international&#8220; ist das Jazz-Quartett James Farm um Saxophonist Joshua Redman. Zu den \u201eInstrumentalisten des Jahres national&#8220; geh\u00f6ren Rolf K\u00fchn (Saxophon\/Woodwinds), Anke Helfrich (Piano\/Keyboards) und Nils Wogram (Blechblasinstrumente\/Brass). Als .inter-nationale Instrumentalisten werden unter anderem Tigran Hamasyan (Piano\/ Keyboards), Lars Danielsson (Bass\/Bassgitarre) und Kamasi Washington (Saxo-phon\/Woodwinds) geehrt. S\u00e4ngerin Natalia Mateo entschied die Kategorie \u201eNewcomer des Jahres&#8220; f\u00fcr sich, Sebastian Sternal und die Sternal Symphonic Society werden mit \u201eSternal Symphonic Society Vol.2&#8243; f\u00fcr das \u201eBig Band-Album des Jahres&#8220; ausgezeichnet, Diana Kralls \u201eWallflower&#8220; ist \u201eBestseller des Jahres&#8220;. Florian Dr\u00fccke, Gesch\u00e4ftsf\u00fchrer des BVMI: \u201eDie Vorfreude wird in diesem Jahr \u00fcberschattet durch die unfassbar traurige Nachricht von Roger Ciceros Tod. Er h\u00e4tte den\u00a0ECHO Jazz als\u00a0\u201aS\u00e4nger des Jahres national&#8216; f\u00fcr sein 2015 erschienenes Album \u201aThe Roger Cicero Jazz Experience&#8216;, das er gemeinsam mit Matthias Meusel, Maik Schott und Herv\u00e9 Jeanne aufgenommen und produziert hat, dieses Jahr pers\u00f6nlich entgegennehmen und durch &hellip;","og_url":"https:\/\/www.jazzzeitung.de\/cms\/2016\/04\/newsdie-preistraeger-des-echo-jazz-2016-stehen-fest\/","og_site_name":"JazzZeitung","article_publisher":"https:\/\/www.facebook.com\/JazzZeitung\/","article_published_time":"2016-04-19T10:45:46+00:00","article_modified_time":"2016-04-19T12:10:42+00:00","og_image":[{"url":"http:\/\/www.jazzzeitung.de\/cms\/wp-content\/uploads\/2016\/04\/wuestenhagen_echojazz2013_54901-150x150.jpg","type":"","width":"","height":""}],"author":"Redaktion JazzZeitung","schema":{"@context":"https:\/\/schema.org","@graph":[{"@type":"Article","@id":"https:\/\/www.jazzzeitung.de\/cms\/2016\/04\/newsdie-preistraeger-des-echo-jazz-2016-stehen-fest\/#article","isPartOf":{"@id":"https:\/\/www.jazzzeitung.de\/cms\/2016\/04\/newsdie-preistraeger-des-echo-jazz-2016-stehen-fest\/"},"author":{"name":"Redaktion JazzZeitung","@id":"https:\/\/www.jazzzeitung.de\/cms\/#\/schema\/person\/2245b36b9cd1d24cea10f01c031fb92b"},"headline":"Die Preistr\u00e4ger des ECHO Jazz 2016 stehen fest","datePublished":"2016-04-19T10:45:46+00:00","dateModified":"2016-04-19T12:10:42+00:00","mainEntityOfPage":{"@id":"https:\/\/www.jazzzeitung.de\/cms\/2016\/04\/newsdie-preistraeger-des-echo-jazz-2016-stehen-fest\/"},"wordCount":271,"commentCount":0,"publisher":{"@id":"https:\/\/www.jazzzeitung.de\/cms\/#organization"},"image":{"@id":"https:\/\/www.jazzzeitung.de\/cms\/2016\/04\/newsdie-preistraeger-des-echo-jazz-2016-stehen-fest\/#primaryimage"},"thumbnailUrl":"http:\/\/www.jazzzeitung.de\/cms\/wp-content\/uploads\/2016\/04\/wuestenhagen_echojazz2013_54901-150x150.jpg","keywords":["Album","Anke Helfrich","Big Band","ECHO","Echo Jazz","Gregory Porter","Lars Danielsson","Michael Wollny","Musikindustrie","Newcomer","Nils Wogram","Piano","Preistr\u00e4ger","Preisverleihung","Rolf K\u00fchn","Tigran Hamasyan","Tod"],"articleSection":["News"],"inLanguage":"de","potentialAction":[{"@type":"CommentAction","name":"Comment","target":["https:\/\/www.jazzzeitung.de\/cms\/2016\/04\/newsdie-preistraeger-des-echo-jazz-2016-stehen-fest\/#respond"]}]},{"@type":"WebPage","@id":"https:\/\/www.jazzzeitung.de\/cms\/2016\/04\/newsdie-preistraeger-des-echo-jazz-2016-stehen-fest\/","url":"https:\/\/www.jazzzeitung.de\/cms\/2016\/04\/newsdie-preistraeger-des-echo-jazz-2016-stehen-fest\/","name":"Die Preistr\u00e4ger des ECHO Jazz 2016 stehen fest - JazzZeitung","isPartOf":{"@id":"https:\/\/www.jazzzeitung.de\/cms\/#website"},"primaryImageOfPage":{"@id":"https:\/\/www.jazzzeitung.de\/cms\/2016\/04\/newsdie-preistraeger-des-echo-jazz-2016-stehen-fest\/#primaryimage"},"image":{"@id":"https:\/\/www.jazzzeitung.de\/cms\/2016\/04\/newsdie-preistraeger-des-echo-jazz-2016-stehen-fest\/#primaryimage"},"thumbnailUrl":"http:\/\/www.jazzzeitung.de\/cms\/wp-content\/uploads\/2016\/04\/wuestenhagen_echojazz2013_54901-150x150.jpg","datePublished":"2016-04-19T10:45:46+00:00","dateModified":"2016-04-19T12:10:42+00:00","breadcrumb":{"@id":"https:\/\/www.jazzzeitung.de\/cms\/2016\/04\/newsdie-preistraeger-des-echo-jazz-2016-stehen-fest\/#breadcrumb"},"inLanguage":"de","potentialAction":[{"@type":"ReadAction","target":["https:\/\/www.jazzzeitung.de\/cms\/2016\/04\/newsdie-preistraeger-des-echo-jazz-2016-stehen-fest\/"]}]},{"@type":"ImageObject","inLanguage":"de","@id":"https:\/\/www.jazzzeitung.de\/cms\/2016\/04\/newsdie-preistraeger-des-echo-jazz-2016-stehen-fest\/#primaryimage","url":"http:\/\/www.jazzzeitung.de\/cms\/wp-content\/uploads\/2016\/04\/wuestenhagen_echojazz2013_54901-150x150.jpg","contentUrl":"http:\/\/www.jazzzeitung.de\/cms\/wp-content\/uploads\/2016\/04\/wuestenhagen_echojazz2013_54901-150x150.jpg"},{"@type":"BreadcrumbList","@id":"https:\/\/www.jazzzeitung.de\/cms\/2016\/04\/newsdie-preistraeger-des-echo-jazz-2016-stehen-fest\/#breadcrumb","itemListElement":[{"@type":"ListItem","position":1,"name":"Startseite","item":"https:\/\/www.jazzzeitung.de\/cms\/"},{"@type":"ListItem","position":2,"name":"Die Preistr\u00e4ger des ECHO Jazz 2016 stehen fest"}]},{"@type":"WebSite","@id":"https:\/\/www.jazzzeitung.de\/cms\/#website","url":"https:\/\/www.jazzzeitung.de\/cms\/","name":"JazzZeitung","description":"Jazz-News und Jazz-Kontroverses","publisher":{"@id":"https:\/\/www.jazzzeitung.de\/cms\/#organization"},"potentialAction":[{"@type":"SearchAction","target":{"@type":"EntryPoint","urlTemplate":"https:\/\/www.jazzzeitung.de\/cms\/?s={search_term_string}"},"query-input":{"@type":"PropertyValueSpecification","valueRequired":true,"valueName":"search_term_string"}}],"inLanguage":"de"},{"@type":"Organization","@id":"https:\/\/www.jazzzeitung.de\/cms\/#organization","name":"JazzZeitung online","url":"https:\/\/www.jazzzeitung.de\/cms\/","logo":{"@type":"ImageObject","inLanguage":"de","@id":"https:\/\/www.jazzzeitung.de\/cms\/#\/schema\/logo\/image\/","url":"https:\/\/i0.wp.com\/www.jazzzeitung.de\/cms\/wp-content\/uploads\/2015\/08\/JAZZZEITUNGDE_Logo_Neu.png?fit=499%2C200&ssl=1","contentUrl":"https:\/\/i0.wp.com\/www.jazzzeitung.de\/cms\/wp-content\/uploads\/2015\/08\/JAZZZEITUNGDE_Logo_Neu.png?fit=499%2C200&ssl=1","width":499,"height":200,"caption":"JazzZeitung online"},"image":{"@id":"https:\/\/www.jazzzeitung.de\/cms\/#\/schema\/logo\/image\/"},"sameAs":["https:\/\/www.facebook.com\/JazzZeitung\/"]},{"@type":"Person","@id":"https:\/\/www.jazzzeitung.de\/cms\/#\/schema\/person\/2245b36b9cd1d24cea10f01c031fb92b","name":"Redaktion JazzZeitung","image":{"@type":"ImageObject","inLanguage":"de","@id":"https:\/\/i0.wp.com\/www.jazzzeitung.de\/cms\/wp-content\/uploads\/2015\/08\/JAZZZEITUNGDE_Logo_Neu.png?resize=96%2C96&ssl=159975dcacb611b5700bd619b5daf0a7a","url":"https:\/\/i0.wp.com\/www.jazzzeitung.de\/cms\/wp-content\/uploads\/2015\/08\/JAZZZEITUNGDE_Logo_Neu.png?resize=96%2C96&ssl=1","contentUrl":"https:\/\/i0.wp.com\/www.jazzzeitung.de\/cms\/wp-content\/uploads\/2015\/08\/JAZZZEITUNGDE_Logo_Neu.png?resize=96%2C96&ssl=1","caption":"Redaktion JazzZeitung"},"description":"Artikel der Redaktion der JazzZeitung.","sameAs":["http:\/\/www.jazzzeitung.de\/cms\/"],"url":"https:\/\/www.jazzzeitung.de\/cms\/author\/redaktion\/"}]}},"wp-worthy-pixel":{"ignored":false,"public":null,"server":null,"url":null},"wp-worthy-type":"normal","jetpack_publicize_connections":[],"cc_featured_image_caption":{"caption_text":false,"source_text":false,"source_url":false},"jetpack_featured_media_url":"","jetpack_shortlink":"https:\/\/wp.me\/p3KEcT-2kM","jetpack-related-posts":[{"id":15994,"url":"https:\/\/www.jazzzeitung.de\/cms\/2018\/05\/15994\/","url_meta":{"origin":8976,"position":0},"title":"Preisvergabe des diesj\u00e4hrigen ECHO Jazz abgesagt","author":"Redaktion JazzZeitung","date":"11. Mai 2018","format":false,"excerpt":"Nachdem Ende April angek\u00fcndigt wurde, die Preisvergabe des diesj\u00e4hrigen ECHO Jazz w\u00fcrde in kleinerem Rahmen ohne TV-\u00dcbertragung stattfinden, meldete die Deutsche Phono-Akademie jetzt auf der Homepage, dass die Verleihung des Musikpreises g\u00e4nzlich entf\u00e4llt. \"Angesichts der bevorstehenden Neupositionierung der deutschen Musikpreise ist es konsequent, die diesj\u00e4hrige Verleihung ausfallen zu lassen und\u2026","rel":"","context":"In &quot;News&quot;","block_context":{"text":"News","link":"https:\/\/www.jazzzeitung.de\/cms\/thema\/nachrichten\/"},"img":{"alt_text":"Menzels Schwester Emilie im Schlaf. Um 1848, \u00d6l auf Papier, aif Leinwand, 46,8 \u00d7 60 cm Adolf Friedrich Erdmann von Menzel. Hamburg, Kunsthalle","src":"https:\/\/i0.wp.com\/www.jazzzeitung.de\/cms\/wp-content\/uploads\/2018\/05\/menzel_schlaf.jpg?fit=1200%2C922&ssl=1&resize=350%2C200","width":350,"height":200,"srcset":"https:\/\/i0.wp.com\/www.jazzzeitung.de\/cms\/wp-content\/uploads\/2018\/05\/menzel_schlaf.jpg?fit=1200%2C922&ssl=1&resize=350%2C200 1x, https:\/\/i0.wp.com\/www.jazzzeitung.de\/cms\/wp-content\/uploads\/2018\/05\/menzel_schlaf.jpg?fit=1200%2C922&ssl=1&resize=525%2C300 1.5x, https:\/\/i0.wp.com\/www.jazzzeitung.de\/cms\/wp-content\/uploads\/2018\/05\/menzel_schlaf.jpg?fit=1200%2C922&ssl=1&resize=700%2C400 2x, https:\/\/i0.wp.com\/www.jazzzeitung.de\/cms\/wp-content\/uploads\/2018\/05\/menzel_schlaf.jpg?fit=1200%2C922&ssl=1&resize=1050%2C600 3x"},"classes":[]},{"id":974,"url":"https:\/\/www.jazzzeitung.de\/cms\/2011\/05\/manfred-eicher-lehnt-echo-ab\/","url_meta":{"origin":8976,"position":1},"title":"Manfred Eicher lehnt ECHO ab","author":"Ursula Gaisa","date":"6. Mai 2011","format":false,"excerpt":"Eine interessante Meldung hat uns heute erreicht:\u00a0 Es sei \"sch\u00f6n zu lesen, welch wunderliche Preise Sie in Ihren Echo-Jurysitzungen hin und wieder hervorbringen und dann auch verleihen m\u00f6chten\", lie\u00df ECM-Labelgr\u00fcnder Manfred Eicherden Bundesverband Musikindustrie und die Deutsche Phono-Akademie wissen. Diese hatten dem ECM-Chef einen Echo in der Kategorie \"F\u00f6rderer des\u2026","rel":"","context":"In &quot;Blog&quot;","block_context":{"text":"Blog","link":"https:\/\/www.jazzzeitung.de\/cms\/thema\/blog\/"},"img":{"alt_text":"","src":"","width":0,"height":0},"classes":[]},{"id":14258,"url":"https:\/\/www.jazzzeitung.de\/cms\/2017\/11\/echo-jazz-2018-start-des-einreichungszeitraums\/","url_meta":{"origin":8976,"position":2},"title":"ECHO JAZZ 2018: Start des Einreichungszeitraums","author":"Huflaikhan","date":"13. November 2017","format":false,"excerpt":"Es geht weiter mit dem Echo Jazz. Das meldet der Bundesverband Musikindustrie in seiner aktuellen Pressemitteilung: Heute startet der Einreichungszeitraum f\u00fcr den ECHO JAZZ 2018. Bis zum 1. Dezember k\u00f6nnen Musikfirmen Produktionen ihrer K\u00fcnstler \u00fcber das Online-Einreichungssystem f\u00fcr den ECHO JAZZ 2018 vorschlagen: http:\/\/www.echojazz.de\/jazz-einreichung. Wichtiges Einreichungskriterium ist unter anderem, dass\u2026","rel":"","context":"In &quot;News&quot;","block_context":{"text":"News","link":"https:\/\/www.jazzzeitung.de\/cms\/thema\/nachrichten\/"},"img":{"alt_text":"Florian Dr\u00fccke, seite heute Vorstandsvorsitzender des BVMI. Foto: Hufner","src":"https:\/\/i0.wp.com\/www.jazzzeitung.de\/cms\/wp-content\/uploads\/2017\/11\/florian_druecke_2015_c_hufner.jpg?fit=1200%2C752&ssl=1&resize=350%2C200","width":350,"height":200,"srcset":"https:\/\/i0.wp.com\/www.jazzzeitung.de\/cms\/wp-content\/uploads\/2017\/11\/florian_druecke_2015_c_hufner.jpg?fit=1200%2C752&ssl=1&resize=350%2C200 1x, https:\/\/i0.wp.com\/www.jazzzeitung.de\/cms\/wp-content\/uploads\/2017\/11\/florian_druecke_2015_c_hufner.jpg?fit=1200%2C752&ssl=1&resize=525%2C300 1.5x, https:\/\/i0.wp.com\/www.jazzzeitung.de\/cms\/wp-content\/uploads\/2017\/11\/florian_druecke_2015_c_hufner.jpg?fit=1200%2C752&ssl=1&resize=700%2C400 2x, https:\/\/i0.wp.com\/www.jazzzeitung.de\/cms\/wp-content\/uploads\/2017\/11\/florian_druecke_2015_c_hufner.jpg?fit=1200%2C752&ssl=1&resize=1050%2C600 3x"},"classes":[]},{"id":6210,"url":"https:\/\/www.jazzzeitung.de\/cms\/2015\/05\/eberhard-weber-und-das-eva-klasse-quartett-erhalten-echo-jazz-2015\/","url_meta":{"origin":8976,"position":3},"title":"Eberhard Weber und das Eva Klesse Quartett erhalten ECHO Jazz 2015","author":"Redaktion JazzZeitung","date":"26. Mai 2015","format":false,"excerpt":"Nun stehen auch die letzten beiden Gewinner des Echo Jazz 2015 fest: Der Bassist Eberhard Weber erh\u00e4lt in diesem Jahr den ECHO Jazz f\u00fcr sein Lebenswerk. Das gab der Bundesverband Musikindustrie (BVMI) heute bekannt. Au\u00dferdem k\u00fcrte die Jury das Eva Klesse Quartett zum Newcomer des Jahres. Die von Gregory Porter\u2026","rel":"","context":"In &quot;Bericht&quot;","block_context":{"text":"Bericht","link":"https:\/\/www.jazzzeitung.de\/cms\/thema\/bericht\/"},"img":{"alt_text":"Erh\u00e4lt den Echo Jazz f\u00fcr sein Lebenswerk: Eberhard Weber. Foto: Roberto Masotti","src":"https:\/\/i0.wp.com\/www.jazzzeitung.de\/cms\/wp-content\/uploads\/2015\/05\/8_Eberhard-Weber-Foto-Roberto-Masotti-412x600.jpg?resize=350%2C200","width":350,"height":200},"classes":[]},{"id":999,"url":"https:\/\/www.jazzzeitung.de\/cms\/2011\/05\/online-voting-zum-echo-jazz-2011\/","url_meta":{"origin":8976,"position":4},"title":"Online-Voting zum ECHO Jazz 2011","author":"J\u00f6rg Lichtinger","date":"29. Mai 2011","format":false,"excerpt":"Manfred Eicher von ECM wollte seinen ECHO Jazz nicht haben, aber es gibt noch ein paar K\u00fcnstler und Produzenten, die auf eine Auszeichnung hoffen. Neben den bereits von der Jury bestimmten Preisen gibt es noch zwei Kategorien, die durch ein offenes Online-Voting ermittelt werden: der ECHO Jazz f\u00fcr den Live-Act\u2026","rel":"","context":"In &quot;Blog&quot;","block_context":{"text":"Blog","link":"https:\/\/www.jazzzeitung.de\/cms\/thema\/blog\/"},"img":{"alt_text":"echo-jazz-2011","src":"https:\/\/i0.wp.com\/www.jazzzeitung.de\/cms\/wp-content\/uploads\/2011\/05\/echo-jazz-2011-150.png?resize=350%2C200","width":350,"height":200},"classes":[]},{"id":45,"url":"https:\/\/www.jazzzeitung.de\/cms\/2010\/04\/echo-jazz-raus-aus-dem-kellermief\/","url_meta":{"origin":8976,"position":5},"title":"Echo Jazz \u2013 Raus aus dem Kellermief?","author":"J\u00f6rg Lichtinger","date":"27. April 2010","format":false,"excerpt":"So wirklich will sich im ernsthaft verbissenen Deutschland keiner \u00fcber den neuen Wurf der hiesigen Musikindustrie, den ECHO JAZZ, freuen. Warum eigentlich nicht? Liegt wohl am bereits redlich verdienten kommerziellen Image seiner \u00e4lteren Br\u00fcder ECHO und ECHO KLASSIK, bei denen man vermuten darf, dass die Champagnermarken f\u00fcr\u2019s Catering schon getestet\u2026","rel":"","context":"In &quot;Blog&quot;","block_context":{"text":"Blog","link":"https:\/\/www.jazzzeitung.de\/cms\/thema\/blog\/"},"img":{"alt_text":"","src":"","width":0,"height":0},"classes":[]}],"jetpack_sharing_enabled":true,"_links":{"self":[{"href":"https:\/\/www.jazzzeitung.de\/cms\/wp-json\/wp\/v2\/posts\/8976","targetHints":{"allow":["GET"]}}],"collection":[{"href":"https:\/\/www.jazzzeitung.de\/cms\/wp-json\/wp\/v2\/posts"}],"about":[{"href":"https:\/\/www.jazzzeitung.de\/cms\/wp-json\/wp\/v2\/types\/post"}],"author":[{"embeddable":true,"href":"https:\/\/www.jazzzeitung.de\/cms\/wp-json\/wp\/v2\/users\/18"}],"replies":[{"embeddable":true,"href":"https:\/\/www.jazzzeitung.de\/cms\/wp-json\/wp\/v2\/comments?post=8976"}],"version-history":[{"count":13,"href":"https:\/\/www.jazzzeitung.de\/cms\/wp-json\/wp\/v2\/posts\/8976\/revisions"}],"predecessor-version":[{"id":8992,"href":"https:\/\/www.jazzzeitung.de\/cms\/wp-json\/wp\/v2\/posts\/8976\/revisions\/8992"}],"wp:attachment":[{"href":"https:\/\/www.jazzzeitung.de\/cms\/wp-json\/wp\/v2\/media?parent=8976"}],"wp:term":[{"taxonomy":"category","embeddable":true,"href":"https:\/\/www.jazzzeitung.de\/cms\/wp-json\/wp\/v2\/categories?post=8976"},{"taxonomy":"post_tag","embeddable":true,"href":"https:\/\/www.jazzzeitung.de\/cms\/wp-json\/wp\/v2\/tags?post=8976"},{"taxonomy":"author","embeddable":true,"href":"https:\/\/www.jazzzeitung.de\/cms\/wp-json\/wp\/v2\/coauthors?post=8976"}],"curies":[{"name":"wp","href":"https:\/\/api.w.org\/{rel}","templated":true}]}}