{"id":8860,"date":"2016-04-05T14:46:23","date_gmt":"2016-04-05T12:46:23","guid":{"rendered":"http:\/\/www.jazzzeitung.de\/cms\/?p=8860"},"modified":"2016-04-05T14:53:50","modified_gmt":"2016-04-05T12:53:50","slug":"thomas-quasthoff-eroeffnet-das-jazzfest-bonn","status":"publish","type":"post","link":"https:\/\/www.jazzzeitung.de\/cms\/2016\/04\/thomas-quasthoff-eroeffnet-das-jazzfest-bonn\/","title":{"rendered":"Thomas Quasthoff er\u00f6ffnet das Jazzfest Bonn"},"content":{"rendered":"<figure id=\"attachment_8861\" aria-describedby=\"caption-attachment-8861\" style=\"width: 150px\" class=\"wp-caption alignright\"><a href=\"https:\/\/i0.wp.com\/www.jazzzeitung.de\/cms\/wp-content\/uploads\/2016\/04\/Quasthoff.jpg\" rel=\"attachment wp-att-8861\"><img data-recalc-dims=\"1\" loading=\"lazy\" decoding=\"async\" data-attachment-id=\"8861\" data-permalink=\"https:\/\/www.jazzzeitung.de\/cms\/2016\/04\/thomas-quasthoff-eroeffnet-das-jazzfest-bonn\/quasthoff\/\" data-orig-file=\"https:\/\/i0.wp.com\/www.jazzzeitung.de\/cms\/wp-content\/uploads\/2016\/04\/Quasthoff.jpg?fit=600%2C886&amp;ssl=1\" data-orig-size=\"600,886\" data-comments-opened=\"1\" data-image-meta=\"{&quot;aperture&quot;:&quot;0&quot;,&quot;credit&quot;:&quot;&quot;,&quot;camera&quot;:&quot;&quot;,&quot;caption&quot;:&quot;&quot;,&quot;created_timestamp&quot;:&quot;0&quot;,&quot;copyright&quot;:&quot;&quot;,&quot;focal_length&quot;:&quot;0&quot;,&quot;iso&quot;:&quot;0&quot;,&quot;shutter_speed&quot;:&quot;0&quot;,&quot;title&quot;:&quot;&quot;,&quot;orientation&quot;:&quot;0&quot;}\" data-image-title=\"Quasthoff\" data-image-description=\"&lt;p&gt;Jazzt gern und gut: Thomas Quasthoff. Foto: Jazzfest Bonn&lt;\/p&gt;\n\" data-image-caption=\"&lt;p&gt;Jazzt gern und gut: Thomas Quasthoff. Foto: Jazzfest Bonn&lt;\/p&gt;\n\" data-large-file=\"https:\/\/i0.wp.com\/www.jazzzeitung.de\/cms\/wp-content\/uploads\/2016\/04\/Quasthoff.jpg?fit=406%2C600&amp;ssl=1\" class=\"size-thumbnail wp-image-8861\" src=\"https:\/\/i0.wp.com\/www.jazzzeitung.de\/cms\/wp-content\/uploads\/2016\/04\/Quasthoff-150x150.jpg?resize=150%2C150\" alt=\"Jazzt gern und gut: Thomas Quasthoff. Foto: Jazzfest Bonn\" width=\"150\" height=\"150\" srcset=\"https:\/\/i0.wp.com\/www.jazzzeitung.de\/cms\/wp-content\/uploads\/2016\/04\/Quasthoff.jpg?resize=150%2C150&amp;ssl=1 150w, https:\/\/i0.wp.com\/www.jazzzeitung.de\/cms\/wp-content\/uploads\/2016\/04\/Quasthoff.jpg?resize=144%2C144&amp;ssl=1 144w, https:\/\/i0.wp.com\/www.jazzzeitung.de\/cms\/wp-content\/uploads\/2016\/04\/Quasthoff.jpg?resize=96%2C96&amp;ssl=1 96w, https:\/\/i0.wp.com\/www.jazzzeitung.de\/cms\/wp-content\/uploads\/2016\/04\/Quasthoff.jpg?resize=24%2C24&amp;ssl=1 24w, https:\/\/i0.wp.com\/www.jazzzeitung.de\/cms\/wp-content\/uploads\/2016\/04\/Quasthoff.jpg?resize=36%2C36&amp;ssl=1 36w, https:\/\/i0.wp.com\/www.jazzzeitung.de\/cms\/wp-content\/uploads\/2016\/04\/Quasthoff.jpg?resize=48%2C48&amp;ssl=1 48w, https:\/\/i0.wp.com\/www.jazzzeitung.de\/cms\/wp-content\/uploads\/2016\/04\/Quasthoff.jpg?resize=64%2C64&amp;ssl=1 64w, https:\/\/i0.wp.com\/www.jazzzeitung.de\/cms\/wp-content\/uploads\/2016\/04\/Quasthoff.jpg?resize=32%2C32&amp;ssl=1 32w, https:\/\/i0.wp.com\/www.jazzzeitung.de\/cms\/wp-content\/uploads\/2016\/04\/Quasthoff.jpg?resize=128%2C128&amp;ssl=1 128w, https:\/\/i0.wp.com\/www.jazzzeitung.de\/cms\/wp-content\/uploads\/2016\/04\/Quasthoff.jpg?zoom=2&amp;resize=150%2C150&amp;ssl=1 300w, https:\/\/i0.wp.com\/www.jazzzeitung.de\/cms\/wp-content\/uploads\/2016\/04\/Quasthoff.jpg?zoom=3&amp;resize=150%2C150&amp;ssl=1 450w\" sizes=\"auto, (max-width: 150px) 100vw, 150px\" \/><\/a><figcaption id=\"caption-attachment-8861\" class=\"wp-caption-text\">Jazzt gern und gut: Thomas Quasthoff. Foto: Jazzfest Bonn<\/figcaption><\/figure>\n<p>Noch stehen alle unter dem Eindruck des unerwarteten Tods von S\u00e4nger Roger Cicero. Doch der Konzertbetrieb muss weitergehen.\u00a0\u201eWir sind sehr traurig und fassungslos. Roger Cicero war ein liebenswerter Mensch und gro\u00dfartiger Musiker. Unser tiefes Mitgef\u00fchl gilt seiner Familie\u201c, sagt der Leiter des Jazzfest Bonn, Peter Materna. Roger Cicero h\u00e4tte am 22. April mit seiner Band The Roger Cicero Jazz Experience beim Jazzfest Bonn in einem Doppelkonzert mit dem Bundesjazzorchester auftreten sollen. An seiner Stelle wird nun der S\u00e4nger Thomas Quasthoff samt Trio das Er\u00f6ffnungskonzert am 22.4. gemeinsam mit dem Bundesjazzorchester gestalten. \u00a0Thomas Quasthoff geh\u00f6rt zu der ersten Riege der internationalen Bass-Baritone, das Magazin <em>Der Stern<\/em> behauptet sogar, dieser Mann habe \u201edie sch\u00f6nste Stimme der Welt\u201c: Thomas Quasthoff setzt seit \u00fcber 25 Jahren musikalische Ma\u00dfst\u00e4be. Nun hat er sich bereit erkl\u00e4rt, kurzfristig mit einem Jazz-Programm beim Jazzfest Bonn aufzutreten.<\/p>\n<p>Thomas Quasthoff wird mit einem hochkar\u00e4tig besetzten Trio im Telekom Forum auf der B\u00fchne sein: mit dem Schlagzeuger Wolfgang Haffner, dem Pianisten Frank Chastenier und dem Bassisten Dieter Ilg wird er bekannte Standards neu interpretieren und eigens arrangierte St\u00fccke vorstellen. Das Bundesjazzorchester spielt, wie urspr\u00fcnglich geplant, im ersten Teil des Doppelkonzertes.<\/p>\n<p>Mehr Informationen unter <a href=\"http:\/\/Noch stehen alle unter dem Eindruck des unerwarteten Tods von S\u00e4nger Roger Cicero. Doch der Konzertbetrieb muss weitergehen. \u201eWir sind sehr traurig und fassungslos. Roger Cicero war ein liebenswerter Mensch und gro\u00dfartiger Musiker. Unser tiefes Mitgef\u00fchl gilt seiner Familie\u201c, sagt der Leiter des Jazzfest Bonn, Peter Materna. Roger Cicero h\u00e4tte am 22. April mit seiner Band The Roger Cicero Jazz Experience beim Jazzfest Bonn in einem Doppelkonzert mit dem Bundesjazzorchester auftreten sollen.An seiner Stelle wird nun der S\u00e4nger Thomas Quasthoff samt Trio das Er\u00f6ffnungskonzert am 22.4. gemeinsam mit dem Bundesjazzorchester gestalten. Thomas Quasthoff geh\u00f6rt zu der ersten Riege der internationalen Bass-Baritone, das Magazin Der Stern behauptet sogar, dieser Mann habe \u201edie sch\u00f6nste Stimme der Welt\u201c: Thomas Quasthoff setzt seit \u00fcber 25 Jahren musikalische Ma\u00dfst\u00e4be. Nun hat er sich bereit erkl\u00e4rt, kurzfristig mit einem Jazz-Programm beim Jazzfest Bonn aufzutreten. Thomas Quasthoff wird mit einem hochkar\u00e4tig besetzten Trio im Telekom Forum auf der B\u00fchne sein: mit dem Schlagzeuger Wolfgang Haffner, dem Pianisten Frank Chastenier und dem Bassisten Dieter Ilg wird er bekannte Standards neu interpretieren und eigens arrangierte St\u00fccke vorstellen. Das Bundesjazzorchester spielt, wie urspr\u00fcnglich geplant, im ersten Teil des Doppelkonzertes. Mehr Informationen unter www.jazzfest-bonn.de\">www.jazzfest-bonn.de<\/a><\/p>\n","protected":false},"excerpt":{"rendered":"<p>Noch stehen alle unter dem Eindruck des unerwarteten Tods von S\u00e4nger Roger Cicero. Doch der Konzertbetrieb muss weitergehen.\u00a0\u201eWir sind sehr traurig und fassungslos. Roger Cicero war ein liebenswerter Mensch und gro\u00dfartiger Musiker. Unser tiefes Mitgef\u00fchl gilt seiner Familie\u201c, sagt der Leiter des Jazzfest Bonn, Peter Materna. Roger Cicero h\u00e4tte am 22. April mit seiner Band The Roger Cicero Jazz Experience beim Jazzfest Bonn in einem Doppelkonzert mit dem Bundesjazzorchester auftreten sollen. An seiner Stelle wird nun der S\u00e4nger Thomas Quasthoff samt Trio das Er\u00f6ffnungskonzert am 22.4. gemeinsam mit dem Bundesjazzorchester gestalten. \u00a0Thomas Quasthoff geh\u00f6rt zu der ersten Riege der internationalen Bass-Baritone, das Magazin Der Stern behauptet sogar, dieser Mann habe \u201edie sch\u00f6nste Stimme der Welt\u201c: Thomas Quasthoff setzt seit \u00fcber 25 Jahren musikalische Ma\u00dfst\u00e4be. Nun hat er sich bereit erkl\u00e4rt, kurzfristig mit einem Jazz-Programm beim Jazzfest Bonn aufzutreten. Thomas Quasthoff wird mit einem hochkar\u00e4tig besetzten Trio im Telekom Forum auf der B\u00fchne sein: mit dem Schlagzeuger Wolfgang Haffner, dem Pianisten Frank Chastenier und dem Bassisten Dieter Ilg wird er bekannte Standards neu interpretieren und eigens arrangierte St\u00fccke vorstellen. Das Bundesjazzorchester spielt, wie urspr\u00fcnglich geplant, im &hellip;<\/p>\n","protected":false},"author":18,"featured_media":0,"comment_status":"open","ping_status":"closed","sticky":false,"template":"","format":"standard","meta":{"_jetpack_memberships_contains_paid_content":false,"footnotes":"","jetpack_publicize_message":"","jetpack_publicize_feature_enabled":true,"jetpack_social_post_already_shared":false,"jetpack_social_options":{"image_generator_settings":{"template":"highway","default_image_id":0,"font":"","enabled":false},"version":2}},"categories":[633],"tags":[91,183,751,544,599],"coauthors":[695],"class_list":["post-8860","post","type-post","status-publish","format-standard","hentry","category-nachrichten","tag-bonn","tag-frank-chastenier","tag-jazzfest","tag-thomas-quasthoff","tag-wolfgang-haffner"],"yoast_head":"<!-- This site is optimized with the Yoast SEO plugin v27.5 - https:\/\/yoast.com\/product\/yoast-seo-wordpress\/ -->\n<title>Thomas Quasthoff er\u00f6ffnet das Jazzfest Bonn - JazzZeitung<\/title>\n<meta name=\"robots\" content=\"index, follow, max-snippet:-1, max-image-preview:large, max-video-preview:-1\" \/>\n<link rel=\"canonical\" href=\"https:\/\/www.jazzzeitung.de\/cms\/2016\/04\/thomas-quasthoff-eroeffnet-das-jazzfest-bonn\/\" \/>\n<meta property=\"og:locale\" content=\"de_DE\" \/>\n<meta property=\"og:type\" content=\"article\" \/>\n<meta property=\"og:title\" content=\"Thomas Quasthoff er\u00f6ffnet das Jazzfest Bonn - JazzZeitung\" \/>\n<meta property=\"og:description\" content=\"Noch stehen alle unter dem Eindruck des unerwarteten Tods von S\u00e4nger Roger Cicero. Doch der Konzertbetrieb muss weitergehen.\u00a0\u201eWir sind sehr traurig und fassungslos. Roger Cicero war ein liebenswerter Mensch und gro\u00dfartiger Musiker. Unser tiefes Mitgef\u00fchl gilt seiner Familie\u201c, sagt der Leiter des Jazzfest Bonn, Peter Materna. Roger Cicero h\u00e4tte am 22. April mit seiner Band The Roger Cicero Jazz Experience beim Jazzfest Bonn in einem Doppelkonzert mit dem Bundesjazzorchester auftreten sollen. An seiner Stelle wird nun der S\u00e4nger Thomas Quasthoff samt Trio das Er\u00f6ffnungskonzert am 22.4. gemeinsam mit dem Bundesjazzorchester gestalten. \u00a0Thomas Quasthoff geh\u00f6rt zu der ersten Riege der internationalen Bass-Baritone, das Magazin Der Stern behauptet sogar, dieser Mann habe \u201edie sch\u00f6nste Stimme der Welt\u201c: Thomas Quasthoff setzt seit \u00fcber 25 Jahren musikalische Ma\u00dfst\u00e4be. Nun hat er sich bereit erkl\u00e4rt, kurzfristig mit einem Jazz-Programm beim Jazzfest Bonn aufzutreten. Thomas Quasthoff wird mit einem hochkar\u00e4tig besetzten Trio im Telekom Forum auf der B\u00fchne sein: mit dem Schlagzeuger Wolfgang Haffner, dem Pianisten Frank Chastenier und dem Bassisten Dieter Ilg wird er bekannte Standards neu interpretieren und eigens arrangierte St\u00fccke vorstellen. Das Bundesjazzorchester spielt, wie urspr\u00fcnglich geplant, im &hellip;\" \/>\n<meta property=\"og:url\" content=\"https:\/\/www.jazzzeitung.de\/cms\/2016\/04\/thomas-quasthoff-eroeffnet-das-jazzfest-bonn\/\" \/>\n<meta property=\"og:site_name\" content=\"JazzZeitung\" \/>\n<meta property=\"article:publisher\" content=\"https:\/\/www.facebook.com\/JazzZeitung\/\" \/>\n<meta property=\"article:published_time\" content=\"2016-04-05T12:46:23+00:00\" \/>\n<meta property=\"article:modified_time\" content=\"2016-04-05T12:53:50+00:00\" \/>\n<meta property=\"og:image\" content=\"http:\/\/www.jazzzeitung.de\/cms\/wp-content\/uploads\/2016\/04\/Quasthoff-150x150.jpg\" \/>\n<meta name=\"author\" content=\"Redaktion JazzZeitung\" \/>\n<script type=\"application\/ld+json\" class=\"yoast-schema-graph\">{\"@context\":\"https:\\\/\\\/schema.org\",\"@graph\":[{\"@type\":\"Article\",\"@id\":\"https:\\\/\\\/www.jazzzeitung.de\\\/cms\\\/2016\\\/04\\\/thomas-quasthoff-eroeffnet-das-jazzfest-bonn\\\/#article\",\"isPartOf\":{\"@id\":\"https:\\\/\\\/www.jazzzeitung.de\\\/cms\\\/2016\\\/04\\\/thomas-quasthoff-eroeffnet-das-jazzfest-bonn\\\/\"},\"author\":{\"name\":\"Redaktion JazzZeitung\",\"@id\":\"https:\\\/\\\/www.jazzzeitung.de\\\/cms\\\/#\\\/schema\\\/person\\\/2245b36b9cd1d24cea10f01c031fb92b\"},\"headline\":\"Thomas Quasthoff er\u00f6ffnet das Jazzfest Bonn\",\"datePublished\":\"2016-04-05T12:46:23+00:00\",\"dateModified\":\"2016-04-05T12:53:50+00:00\",\"mainEntityOfPage\":{\"@id\":\"https:\\\/\\\/www.jazzzeitung.de\\\/cms\\\/2016\\\/04\\\/thomas-quasthoff-eroeffnet-das-jazzfest-bonn\\\/\"},\"wordCount\":231,\"commentCount\":0,\"publisher\":{\"@id\":\"https:\\\/\\\/www.jazzzeitung.de\\\/cms\\\/#organization\"},\"image\":{\"@id\":\"https:\\\/\\\/www.jazzzeitung.de\\\/cms\\\/2016\\\/04\\\/thomas-quasthoff-eroeffnet-das-jazzfest-bonn\\\/#primaryimage\"},\"thumbnailUrl\":\"http:\\\/\\\/www.jazzzeitung.de\\\/cms\\\/wp-content\\\/uploads\\\/2016\\\/04\\\/Quasthoff-150x150.jpg\",\"keywords\":[\"Bonn\",\"Frank Chastenier\",\"Jazzfest\",\"Thomas Quasthoff\",\"Wolfgang Haffner\"],\"articleSection\":[\"News\"],\"inLanguage\":\"de\",\"potentialAction\":[{\"@type\":\"CommentAction\",\"name\":\"Comment\",\"target\":[\"https:\\\/\\\/www.jazzzeitung.de\\\/cms\\\/2016\\\/04\\\/thomas-quasthoff-eroeffnet-das-jazzfest-bonn\\\/#respond\"]}]},{\"@type\":\"WebPage\",\"@id\":\"https:\\\/\\\/www.jazzzeitung.de\\\/cms\\\/2016\\\/04\\\/thomas-quasthoff-eroeffnet-das-jazzfest-bonn\\\/\",\"url\":\"https:\\\/\\\/www.jazzzeitung.de\\\/cms\\\/2016\\\/04\\\/thomas-quasthoff-eroeffnet-das-jazzfest-bonn\\\/\",\"name\":\"Thomas Quasthoff er\u00f6ffnet das Jazzfest Bonn - JazzZeitung\",\"isPartOf\":{\"@id\":\"https:\\\/\\\/www.jazzzeitung.de\\\/cms\\\/#website\"},\"primaryImageOfPage\":{\"@id\":\"https:\\\/\\\/www.jazzzeitung.de\\\/cms\\\/2016\\\/04\\\/thomas-quasthoff-eroeffnet-das-jazzfest-bonn\\\/#primaryimage\"},\"image\":{\"@id\":\"https:\\\/\\\/www.jazzzeitung.de\\\/cms\\\/2016\\\/04\\\/thomas-quasthoff-eroeffnet-das-jazzfest-bonn\\\/#primaryimage\"},\"thumbnailUrl\":\"http:\\\/\\\/www.jazzzeitung.de\\\/cms\\\/wp-content\\\/uploads\\\/2016\\\/04\\\/Quasthoff-150x150.jpg\",\"datePublished\":\"2016-04-05T12:46:23+00:00\",\"dateModified\":\"2016-04-05T12:53:50+00:00\",\"breadcrumb\":{\"@id\":\"https:\\\/\\\/www.jazzzeitung.de\\\/cms\\\/2016\\\/04\\\/thomas-quasthoff-eroeffnet-das-jazzfest-bonn\\\/#breadcrumb\"},\"inLanguage\":\"de\",\"potentialAction\":[{\"@type\":\"ReadAction\",\"target\":[\"https:\\\/\\\/www.jazzzeitung.de\\\/cms\\\/2016\\\/04\\\/thomas-quasthoff-eroeffnet-das-jazzfest-bonn\\\/\"]}]},{\"@type\":\"ImageObject\",\"inLanguage\":\"de\",\"@id\":\"https:\\\/\\\/www.jazzzeitung.de\\\/cms\\\/2016\\\/04\\\/thomas-quasthoff-eroeffnet-das-jazzfest-bonn\\\/#primaryimage\",\"url\":\"http:\\\/\\\/www.jazzzeitung.de\\\/cms\\\/wp-content\\\/uploads\\\/2016\\\/04\\\/Quasthoff-150x150.jpg\",\"contentUrl\":\"http:\\\/\\\/www.jazzzeitung.de\\\/cms\\\/wp-content\\\/uploads\\\/2016\\\/04\\\/Quasthoff-150x150.jpg\"},{\"@type\":\"BreadcrumbList\",\"@id\":\"https:\\\/\\\/www.jazzzeitung.de\\\/cms\\\/2016\\\/04\\\/thomas-quasthoff-eroeffnet-das-jazzfest-bonn\\\/#breadcrumb\",\"itemListElement\":[{\"@type\":\"ListItem\",\"position\":1,\"name\":\"Startseite\",\"item\":\"https:\\\/\\\/www.jazzzeitung.de\\\/cms\\\/\"},{\"@type\":\"ListItem\",\"position\":2,\"name\":\"Thomas Quasthoff er\u00f6ffnet das Jazzfest Bonn\"}]},{\"@type\":\"WebSite\",\"@id\":\"https:\\\/\\\/www.jazzzeitung.de\\\/cms\\\/#website\",\"url\":\"https:\\\/\\\/www.jazzzeitung.de\\\/cms\\\/\",\"name\":\"JazzZeitung\",\"description\":\"Jazz-News und Jazz-Kontroverses\",\"publisher\":{\"@id\":\"https:\\\/\\\/www.jazzzeitung.de\\\/cms\\\/#organization\"},\"potentialAction\":[{\"@type\":\"SearchAction\",\"target\":{\"@type\":\"EntryPoint\",\"urlTemplate\":\"https:\\\/\\\/www.jazzzeitung.de\\\/cms\\\/?s={search_term_string}\"},\"query-input\":{\"@type\":\"PropertyValueSpecification\",\"valueRequired\":true,\"valueName\":\"search_term_string\"}}],\"inLanguage\":\"de\"},{\"@type\":\"Organization\",\"@id\":\"https:\\\/\\\/www.jazzzeitung.de\\\/cms\\\/#organization\",\"name\":\"JazzZeitung online\",\"url\":\"https:\\\/\\\/www.jazzzeitung.de\\\/cms\\\/\",\"logo\":{\"@type\":\"ImageObject\",\"inLanguage\":\"de\",\"@id\":\"https:\\\/\\\/www.jazzzeitung.de\\\/cms\\\/#\\\/schema\\\/logo\\\/image\\\/\",\"url\":\"https:\\\/\\\/i0.wp.com\\\/www.jazzzeitung.de\\\/cms\\\/wp-content\\\/uploads\\\/2015\\\/08\\\/JAZZZEITUNGDE_Logo_Neu.png?fit=499%2C200&ssl=1\",\"contentUrl\":\"https:\\\/\\\/i0.wp.com\\\/www.jazzzeitung.de\\\/cms\\\/wp-content\\\/uploads\\\/2015\\\/08\\\/JAZZZEITUNGDE_Logo_Neu.png?fit=499%2C200&ssl=1\",\"width\":499,\"height\":200,\"caption\":\"JazzZeitung online\"},\"image\":{\"@id\":\"https:\\\/\\\/www.jazzzeitung.de\\\/cms\\\/#\\\/schema\\\/logo\\\/image\\\/\"},\"sameAs\":[\"https:\\\/\\\/www.facebook.com\\\/JazzZeitung\\\/\"]},{\"@type\":\"Person\",\"@id\":\"https:\\\/\\\/www.jazzzeitung.de\\\/cms\\\/#\\\/schema\\\/person\\\/2245b36b9cd1d24cea10f01c031fb92b\",\"name\":\"Redaktion JazzZeitung\",\"image\":{\"@type\":\"ImageObject\",\"inLanguage\":\"de\",\"@id\":\"https:\\\/\\\/i0.wp.com\\\/www.jazzzeitung.de\\\/cms\\\/wp-content\\\/uploads\\\/2015\\\/08\\\/JAZZZEITUNGDE_Logo_Neu.png?resize=96%2C96&ssl=159975dcacb611b5700bd619b5daf0a7a\",\"url\":\"https:\\\/\\\/i0.wp.com\\\/www.jazzzeitung.de\\\/cms\\\/wp-content\\\/uploads\\\/2015\\\/08\\\/JAZZZEITUNGDE_Logo_Neu.png?resize=96%2C96&ssl=1\",\"contentUrl\":\"https:\\\/\\\/i0.wp.com\\\/www.jazzzeitung.de\\\/cms\\\/wp-content\\\/uploads\\\/2015\\\/08\\\/JAZZZEITUNGDE_Logo_Neu.png?resize=96%2C96&ssl=1\",\"caption\":\"Redaktion JazzZeitung\"},\"description\":\"Artikel der Redaktion der JazzZeitung.\",\"sameAs\":[\"http:\\\/\\\/www.jazzzeitung.de\\\/cms\\\/\"],\"url\":\"https:\\\/\\\/www.jazzzeitung.de\\\/cms\\\/author\\\/redaktion\\\/\"}]}<\/script>\n<!-- \/ Yoast SEO plugin. -->","yoast_head_json":{"title":"Thomas Quasthoff er\u00f6ffnet das Jazzfest Bonn - JazzZeitung","robots":{"index":"index","follow":"follow","max-snippet":"max-snippet:-1","max-image-preview":"max-image-preview:large","max-video-preview":"max-video-preview:-1"},"canonical":"https:\/\/www.jazzzeitung.de\/cms\/2016\/04\/thomas-quasthoff-eroeffnet-das-jazzfest-bonn\/","og_locale":"de_DE","og_type":"article","og_title":"Thomas Quasthoff er\u00f6ffnet das Jazzfest Bonn - JazzZeitung","og_description":"Noch stehen alle unter dem Eindruck des unerwarteten Tods von S\u00e4nger Roger Cicero. Doch der Konzertbetrieb muss weitergehen.\u00a0\u201eWir sind sehr traurig und fassungslos. Roger Cicero war ein liebenswerter Mensch und gro\u00dfartiger Musiker. Unser tiefes Mitgef\u00fchl gilt seiner Familie\u201c, sagt der Leiter des Jazzfest Bonn, Peter Materna. Roger Cicero h\u00e4tte am 22. April mit seiner Band The Roger Cicero Jazz Experience beim Jazzfest Bonn in einem Doppelkonzert mit dem Bundesjazzorchester auftreten sollen. An seiner Stelle wird nun der S\u00e4nger Thomas Quasthoff samt Trio das Er\u00f6ffnungskonzert am 22.4. gemeinsam mit dem Bundesjazzorchester gestalten. \u00a0Thomas Quasthoff geh\u00f6rt zu der ersten Riege der internationalen Bass-Baritone, das Magazin Der Stern behauptet sogar, dieser Mann habe \u201edie sch\u00f6nste Stimme der Welt\u201c: Thomas Quasthoff setzt seit \u00fcber 25 Jahren musikalische Ma\u00dfst\u00e4be. Nun hat er sich bereit erkl\u00e4rt, kurzfristig mit einem Jazz-Programm beim Jazzfest Bonn aufzutreten. Thomas Quasthoff wird mit einem hochkar\u00e4tig besetzten Trio im Telekom Forum auf der B\u00fchne sein: mit dem Schlagzeuger Wolfgang Haffner, dem Pianisten Frank Chastenier und dem Bassisten Dieter Ilg wird er bekannte Standards neu interpretieren und eigens arrangierte St\u00fccke vorstellen. Das Bundesjazzorchester spielt, wie urspr\u00fcnglich geplant, im &hellip;","og_url":"https:\/\/www.jazzzeitung.de\/cms\/2016\/04\/thomas-quasthoff-eroeffnet-das-jazzfest-bonn\/","og_site_name":"JazzZeitung","article_publisher":"https:\/\/www.facebook.com\/JazzZeitung\/","article_published_time":"2016-04-05T12:46:23+00:00","article_modified_time":"2016-04-05T12:53:50+00:00","og_image":[{"url":"http:\/\/www.jazzzeitung.de\/cms\/wp-content\/uploads\/2016\/04\/Quasthoff-150x150.jpg","type":"","width":"","height":""}],"author":"Redaktion JazzZeitung","schema":{"@context":"https:\/\/schema.org","@graph":[{"@type":"Article","@id":"https:\/\/www.jazzzeitung.de\/cms\/2016\/04\/thomas-quasthoff-eroeffnet-das-jazzfest-bonn\/#article","isPartOf":{"@id":"https:\/\/www.jazzzeitung.de\/cms\/2016\/04\/thomas-quasthoff-eroeffnet-das-jazzfest-bonn\/"},"author":{"name":"Redaktion JazzZeitung","@id":"https:\/\/www.jazzzeitung.de\/cms\/#\/schema\/person\/2245b36b9cd1d24cea10f01c031fb92b"},"headline":"Thomas Quasthoff er\u00f6ffnet das Jazzfest Bonn","datePublished":"2016-04-05T12:46:23+00:00","dateModified":"2016-04-05T12:53:50+00:00","mainEntityOfPage":{"@id":"https:\/\/www.jazzzeitung.de\/cms\/2016\/04\/thomas-quasthoff-eroeffnet-das-jazzfest-bonn\/"},"wordCount":231,"commentCount":0,"publisher":{"@id":"https:\/\/www.jazzzeitung.de\/cms\/#organization"},"image":{"@id":"https:\/\/www.jazzzeitung.de\/cms\/2016\/04\/thomas-quasthoff-eroeffnet-das-jazzfest-bonn\/#primaryimage"},"thumbnailUrl":"http:\/\/www.jazzzeitung.de\/cms\/wp-content\/uploads\/2016\/04\/Quasthoff-150x150.jpg","keywords":["Bonn","Frank Chastenier","Jazzfest","Thomas Quasthoff","Wolfgang Haffner"],"articleSection":["News"],"inLanguage":"de","potentialAction":[{"@type":"CommentAction","name":"Comment","target":["https:\/\/www.jazzzeitung.de\/cms\/2016\/04\/thomas-quasthoff-eroeffnet-das-jazzfest-bonn\/#respond"]}]},{"@type":"WebPage","@id":"https:\/\/www.jazzzeitung.de\/cms\/2016\/04\/thomas-quasthoff-eroeffnet-das-jazzfest-bonn\/","url":"https:\/\/www.jazzzeitung.de\/cms\/2016\/04\/thomas-quasthoff-eroeffnet-das-jazzfest-bonn\/","name":"Thomas Quasthoff er\u00f6ffnet das Jazzfest Bonn - JazzZeitung","isPartOf":{"@id":"https:\/\/www.jazzzeitung.de\/cms\/#website"},"primaryImageOfPage":{"@id":"https:\/\/www.jazzzeitung.de\/cms\/2016\/04\/thomas-quasthoff-eroeffnet-das-jazzfest-bonn\/#primaryimage"},"image":{"@id":"https:\/\/www.jazzzeitung.de\/cms\/2016\/04\/thomas-quasthoff-eroeffnet-das-jazzfest-bonn\/#primaryimage"},"thumbnailUrl":"http:\/\/www.jazzzeitung.de\/cms\/wp-content\/uploads\/2016\/04\/Quasthoff-150x150.jpg","datePublished":"2016-04-05T12:46:23+00:00","dateModified":"2016-04-05T12:53:50+00:00","breadcrumb":{"@id":"https:\/\/www.jazzzeitung.de\/cms\/2016\/04\/thomas-quasthoff-eroeffnet-das-jazzfest-bonn\/#breadcrumb"},"inLanguage":"de","potentialAction":[{"@type":"ReadAction","target":["https:\/\/www.jazzzeitung.de\/cms\/2016\/04\/thomas-quasthoff-eroeffnet-das-jazzfest-bonn\/"]}]},{"@type":"ImageObject","inLanguage":"de","@id":"https:\/\/www.jazzzeitung.de\/cms\/2016\/04\/thomas-quasthoff-eroeffnet-das-jazzfest-bonn\/#primaryimage","url":"http:\/\/www.jazzzeitung.de\/cms\/wp-content\/uploads\/2016\/04\/Quasthoff-150x150.jpg","contentUrl":"http:\/\/www.jazzzeitung.de\/cms\/wp-content\/uploads\/2016\/04\/Quasthoff-150x150.jpg"},{"@type":"BreadcrumbList","@id":"https:\/\/www.jazzzeitung.de\/cms\/2016\/04\/thomas-quasthoff-eroeffnet-das-jazzfest-bonn\/#breadcrumb","itemListElement":[{"@type":"ListItem","position":1,"name":"Startseite","item":"https:\/\/www.jazzzeitung.de\/cms\/"},{"@type":"ListItem","position":2,"name":"Thomas Quasthoff er\u00f6ffnet das Jazzfest Bonn"}]},{"@type":"WebSite","@id":"https:\/\/www.jazzzeitung.de\/cms\/#website","url":"https:\/\/www.jazzzeitung.de\/cms\/","name":"JazzZeitung","description":"Jazz-News und Jazz-Kontroverses","publisher":{"@id":"https:\/\/www.jazzzeitung.de\/cms\/#organization"},"potentialAction":[{"@type":"SearchAction","target":{"@type":"EntryPoint","urlTemplate":"https:\/\/www.jazzzeitung.de\/cms\/?s={search_term_string}"},"query-input":{"@type":"PropertyValueSpecification","valueRequired":true,"valueName":"search_term_string"}}],"inLanguage":"de"},{"@type":"Organization","@id":"https:\/\/www.jazzzeitung.de\/cms\/#organization","name":"JazzZeitung online","url":"https:\/\/www.jazzzeitung.de\/cms\/","logo":{"@type":"ImageObject","inLanguage":"de","@id":"https:\/\/www.jazzzeitung.de\/cms\/#\/schema\/logo\/image\/","url":"https:\/\/i0.wp.com\/www.jazzzeitung.de\/cms\/wp-content\/uploads\/2015\/08\/JAZZZEITUNGDE_Logo_Neu.png?fit=499%2C200&ssl=1","contentUrl":"https:\/\/i0.wp.com\/www.jazzzeitung.de\/cms\/wp-content\/uploads\/2015\/08\/JAZZZEITUNGDE_Logo_Neu.png?fit=499%2C200&ssl=1","width":499,"height":200,"caption":"JazzZeitung online"},"image":{"@id":"https:\/\/www.jazzzeitung.de\/cms\/#\/schema\/logo\/image\/"},"sameAs":["https:\/\/www.facebook.com\/JazzZeitung\/"]},{"@type":"Person","@id":"https:\/\/www.jazzzeitung.de\/cms\/#\/schema\/person\/2245b36b9cd1d24cea10f01c031fb92b","name":"Redaktion JazzZeitung","image":{"@type":"ImageObject","inLanguage":"de","@id":"https:\/\/i0.wp.com\/www.jazzzeitung.de\/cms\/wp-content\/uploads\/2015\/08\/JAZZZEITUNGDE_Logo_Neu.png?resize=96%2C96&ssl=159975dcacb611b5700bd619b5daf0a7a","url":"https:\/\/i0.wp.com\/www.jazzzeitung.de\/cms\/wp-content\/uploads\/2015\/08\/JAZZZEITUNGDE_Logo_Neu.png?resize=96%2C96&ssl=1","contentUrl":"https:\/\/i0.wp.com\/www.jazzzeitung.de\/cms\/wp-content\/uploads\/2015\/08\/JAZZZEITUNGDE_Logo_Neu.png?resize=96%2C96&ssl=1","caption":"Redaktion JazzZeitung"},"description":"Artikel der Redaktion der JazzZeitung.","sameAs":["http:\/\/www.jazzzeitung.de\/cms\/"],"url":"https:\/\/www.jazzzeitung.de\/cms\/author\/redaktion\/"}]}},"wp-worthy-pixel":{"ignored":false,"public":null,"server":null,"url":null},"wp-worthy-type":"normal","jetpack_publicize_connections":[],"cc_featured_image_caption":{"caption_text":false,"source_text":false,"source_url":false},"jetpack_featured_media_url":"","jetpack_shortlink":"https:\/\/wp.me\/p3KEcT-2iU","jetpack-related-posts":[{"id":30802,"url":"https:\/\/www.jazzzeitung.de\/cms\/2024\/03\/nur-noch-einen-monat-bis-zum-jazzfest-bonn-neue-klaenge-und-premieren-radiotipp\/","url_meta":{"origin":8860,"position":0},"title":"Jazzfest Bonn! +++ Neue Kl\u00e4nge und Premieren +++ Radiotipp","author":"Redaktion JazzZeitung","date":"28. M\u00e4rz 2024","format":false,"excerpt":"+++ Jazzfest Bonn +++ Vom 19. April bis zum 1. Mai findet zum 15. Mal das Jazzfest Bonn statt. Dort werden neben international bekannten Musiker*innen wie Rebekka Bakken, Thomas Quasthoff, Ute Lemper und Harold Lop\u00e9z-Nussa wieder viele Neuentdeckungen zu sehen sein. Karten k\u00f6nnen Sie an allen \u00fcblichen Vorverkaufsstellen sowie \u00fcber\u2026","rel":"","context":"In &quot;News&quot;","block_context":{"text":"News","link":"https:\/\/www.jazzzeitung.de\/cms\/thema\/nachrichten\/"},"img":{"alt_text":"","src":"https:\/\/i0.wp.com\/www.jazzzeitung.de\/cms\/wp-content\/uploads\/2024\/03\/JAZZZEITUNGDE_Logo_web_chronos_var1-e1711617903270.webp?fit=1134%2C400&ssl=1&resize=350%2C200","width":350,"height":200,"srcset":"https:\/\/i0.wp.com\/www.jazzzeitung.de\/cms\/wp-content\/uploads\/2024\/03\/JAZZZEITUNGDE_Logo_web_chronos_var1-e1711617903270.webp?fit=1134%2C400&ssl=1&resize=350%2C200 1x, https:\/\/i0.wp.com\/www.jazzzeitung.de\/cms\/wp-content\/uploads\/2024\/03\/JAZZZEITUNGDE_Logo_web_chronos_var1-e1711617903270.webp?fit=1134%2C400&ssl=1&resize=525%2C300 1.5x, https:\/\/i0.wp.com\/www.jazzzeitung.de\/cms\/wp-content\/uploads\/2024\/03\/JAZZZEITUNGDE_Logo_web_chronos_var1-e1711617903270.webp?fit=1134%2C400&ssl=1&resize=700%2C400 2x, https:\/\/i0.wp.com\/www.jazzzeitung.de\/cms\/wp-content\/uploads\/2024\/03\/JAZZZEITUNGDE_Logo_web_chronos_var1-e1711617903270.webp?fit=1134%2C400&ssl=1&resize=1050%2C600 3x"},"classes":[]},{"id":7819,"url":"https:\/\/www.jazzzeitung.de\/cms\/2015\/11\/7819\/","url_meta":{"origin":8860,"position":1},"title":"Jazzfest Bonn 2016 legt Schwerpunkt auf Klavier und Gesang","author":"Redaktion JazzZeitung","date":"26. November 2015","format":false,"excerpt":"Das neue Jahr r\u00fcckt n\u00e4her und es wird Zeit, sich die Termine der zentralen Festivals im Kalender zu blocken. Seit heute ist das Programm des Jazzfest Bonn online, das wieder einmal gewachsen ist. In seinem siebten Jahr pr\u00e4sentiert Festivalchef Peter Materna und sein Team Jazz an elf Konzertabenden, verteilt \u00fcber\u2026","rel":"","context":"In &quot;News&quot;","block_context":{"text":"News","link":"https:\/\/www.jazzzeitung.de\/cms\/thema\/nachrichten\/"},"img":{"alt_text":"JfB16ProgrammFINlay","src":"https:\/\/i0.wp.com\/www.jazzzeitung.de\/cms\/wp-content\/uploads\/2015\/11\/JfB16ProgrammFINlay-150x150.jpg?resize=350%2C200","width":350,"height":200},"classes":[]},{"id":16218,"url":"https:\/\/www.jazzzeitung.de\/cms\/2018\/06\/thomas-quasthoff-niceneasy-futter-fuer-entspannte-stunden\/","url_meta":{"origin":8860,"position":2},"title":"Thomas Quasthoff &#8211; Nice&#8217;n&#8217;Easy: Futter f\u00fcr entspannte Stunden","author":"Redaktion JazzZeitung","date":"8. Juni 2018","format":false,"excerpt":"Man muss seine gro\u00dfartige Winterreise von Schubert nicht unbedingt kennen, um seine Riesenstimme und F\u00e4higkeiten Gef\u00fchle auszuloten zu sch\u00e4tzen. Vor sechs Jahren, als der S\u00e4nger mit dem superben Bassbariton angek\u00fcndigt hatte, sich von klassischen Konzertbetrieb zur\u00fcckzuziehen, war die Betroffenheit gro\u00df. Danach war Thomas Quasthoff zwar weiterhin live zu erleben, allerdings\u2026","rel":"","context":"In &quot;Rezension&quot;","block_context":{"text":"Rezension","link":"https:\/\/www.jazzzeitung.de\/cms\/thema\/rezension\/"},"img":{"alt_text":"","src":"https:\/\/i0.wp.com\/www.jazzzeitung.de\/cms\/wp-content\/uploads\/2018\/06\/ThomasQuasthoff_05_4c_by_Gregor_Hohenberg.jpg?fit=1200%2C800&ssl=1&resize=350%2C200","width":350,"height":200,"srcset":"https:\/\/i0.wp.com\/www.jazzzeitung.de\/cms\/wp-content\/uploads\/2018\/06\/ThomasQuasthoff_05_4c_by_Gregor_Hohenberg.jpg?fit=1200%2C800&ssl=1&resize=350%2C200 1x, https:\/\/i0.wp.com\/www.jazzzeitung.de\/cms\/wp-content\/uploads\/2018\/06\/ThomasQuasthoff_05_4c_by_Gregor_Hohenberg.jpg?fit=1200%2C800&ssl=1&resize=525%2C300 1.5x, https:\/\/i0.wp.com\/www.jazzzeitung.de\/cms\/wp-content\/uploads\/2018\/06\/ThomasQuasthoff_05_4c_by_Gregor_Hohenberg.jpg?fit=1200%2C800&ssl=1&resize=700%2C400 2x, https:\/\/i0.wp.com\/www.jazzzeitung.de\/cms\/wp-content\/uploads\/2018\/06\/ThomasQuasthoff_05_4c_by_Gregor_Hohenberg.jpg?fit=1200%2C800&ssl=1&resize=1050%2C600 3x"},"classes":[]},{"id":20922,"url":"https:\/\/www.jazzzeitung.de\/cms\/2019\/10\/news-wormser-jazzpreis-2019-fuer-den-saxophonisten-fabian-schoenejazzfest-muenchen-feiert-30-jaehriges-jubilaeum\/","url_meta":{"origin":8860,"position":3},"title":"+++News: +++Wormser Jazzpreis 2019 f\u00fcr den Saxophonisten Fabian Sch\u00f6ne+++Jazzfest M\u00fcnchen feiert 30-j\u00e4hriges Jubil\u00e4um+++","author":"Redaktion JazzZeitung","date":"18. Oktober 2019","format":false,"excerpt":"Wormser Jazzpreis 2019 Der Wormser Jazzpreis geht in diesem Jahr an den Mannheimer Saxophonisten Fabian Sch\u00f6ne. Der Musiker erh\u00e4lt den mit 5.000 Euro dotierten Preis f\u00fcr sein \u201eversiertes, gereiftes Saxophonspiel und seine kompositorischen F\u00e4higkeiten\u201c, begr\u00fcndet die Jury ihre Entscheidung. Der 32-J\u00e4hrige habe in den vergangenen Jahren nicht nur als Sideman\u2026","rel":"","context":"In &quot;News&quot;","block_context":{"text":"News","link":"https:\/\/www.jazzzeitung.de\/cms\/thema\/nachrichten\/"},"img":{"alt_text":"","src":"https:\/\/i0.wp.com\/www.jazzzeitung.de\/cms\/wp-content\/uploads\/2019\/10\/Fabian-21_photo_by-Rocco_D%C3%BCrlich.jpg?fit=1200%2C795&ssl=1&resize=350%2C200","width":350,"height":200,"srcset":"https:\/\/i0.wp.com\/www.jazzzeitung.de\/cms\/wp-content\/uploads\/2019\/10\/Fabian-21_photo_by-Rocco_D%C3%BCrlich.jpg?fit=1200%2C795&ssl=1&resize=350%2C200 1x, https:\/\/i0.wp.com\/www.jazzzeitung.de\/cms\/wp-content\/uploads\/2019\/10\/Fabian-21_photo_by-Rocco_D%C3%BCrlich.jpg?fit=1200%2C795&ssl=1&resize=525%2C300 1.5x, https:\/\/i0.wp.com\/www.jazzzeitung.de\/cms\/wp-content\/uploads\/2019\/10\/Fabian-21_photo_by-Rocco_D%C3%BCrlich.jpg?fit=1200%2C795&ssl=1&resize=700%2C400 2x, https:\/\/i0.wp.com\/www.jazzzeitung.de\/cms\/wp-content\/uploads\/2019\/10\/Fabian-21_photo_by-Rocco_D%C3%BCrlich.jpg?fit=1200%2C795&ssl=1&resize=1050%2C600 3x"},"classes":[]},{"id":8662,"url":"https:\/\/www.jazzzeitung.de\/cms\/2016\/03\/feinster-jazz-bonn-und-der-pfalz\/","url_meta":{"origin":8860,"position":4},"title":"Feinster Jazz in der Pfalz und in Bonn","author":"Redaktion JazzZeitung","date":"9. M\u00e4rz 2016","format":false,"excerpt":"Im Zeitraum vom 25. Juni bis 30. Juli 2016 findet das 20-j\u00e4hrige Jubil\u00e4um des Palatia Jazz Festivals an den sch\u00f6nsten historischen Spielst\u00e4tten in der Weinpfalz statt. Internationale und deutsche Jazzensembles bieten ein aufregendes Musikprogramm und zum Einlass gibt es jeweils ein kleines Jazzkulinarium, bei welchem sich jeder Gast mit Wein\u2026","rel":"","context":"In &quot;News&quot;","block_context":{"text":"News","link":"https:\/\/www.jazzzeitung.de\/cms\/thema\/nachrichten\/"},"img":{"alt_text":"","src":"https:\/\/i0.wp.com\/www.jazzzeitung.de\/cms\/wp-content\/uploads\/2016\/03\/160625_main_contrabass_01.jpg?fit=1200%2C821&ssl=1&resize=350%2C200","width":350,"height":200,"srcset":"https:\/\/i0.wp.com\/www.jazzzeitung.de\/cms\/wp-content\/uploads\/2016\/03\/160625_main_contrabass_01.jpg?fit=1200%2C821&ssl=1&resize=350%2C200 1x, https:\/\/i0.wp.com\/www.jazzzeitung.de\/cms\/wp-content\/uploads\/2016\/03\/160625_main_contrabass_01.jpg?fit=1200%2C821&ssl=1&resize=525%2C300 1.5x, https:\/\/i0.wp.com\/www.jazzzeitung.de\/cms\/wp-content\/uploads\/2016\/03\/160625_main_contrabass_01.jpg?fit=1200%2C821&ssl=1&resize=700%2C400 2x, https:\/\/i0.wp.com\/www.jazzzeitung.de\/cms\/wp-content\/uploads\/2016\/03\/160625_main_contrabass_01.jpg?fit=1200%2C821&ssl=1&resize=1050%2C600 3x"},"classes":[]},{"id":11218,"url":"https:\/\/www.jazzzeitung.de\/cms\/2016\/12\/news-vorverkauf-jazzfest-bonn-startet-worms-jazz-joy-2017-tickets-erhaeltlich-jazzgitarren-gesang-workshop-in-suedtirol\/","url_meta":{"origin":8860,"position":5},"title":"NEWS +++ Vorverkauf Jazzfest Bonn startet +++ Worms: Jazz &#038; Joy 2017 Tickets erh\u00e4ltlich +++ Jazzgitarren\/-gesang Workshop in S\u00fcdtirol +++","author":"Redaktion JazzZeitung","date":"1. Dezember 2016","format":false,"excerpt":"+++ Vorverkauf f\u00fcr das Jazzfest Bonn hat begonnen +++ Aufgepasst! Heute (am 1. Dezember) beginnt der Vorverkauf zur achten Ausgabe des Jazzfest Bonn. Das renommierte Festival pr\u00e4sentiert im Mai 2017 23 Konzerte an 12 Abenden in 3 Wochen. Besonders stolz ist Peter Materna, k\u00fcnstlerischer Leiter und Saxophonist, auf das \u201eausgewogene\u2026","rel":"","context":"In &quot;News&quot;","block_context":{"text":"News","link":"https:\/\/www.jazzzeitung.de\/cms\/thema\/nachrichten\/"},"img":{"alt_text":"","src":"","width":0,"height":0},"classes":[]}],"jetpack_sharing_enabled":true,"_links":{"self":[{"href":"https:\/\/www.jazzzeitung.de\/cms\/wp-json\/wp\/v2\/posts\/8860","targetHints":{"allow":["GET"]}}],"collection":[{"href":"https:\/\/www.jazzzeitung.de\/cms\/wp-json\/wp\/v2\/posts"}],"about":[{"href":"https:\/\/www.jazzzeitung.de\/cms\/wp-json\/wp\/v2\/types\/post"}],"author":[{"embeddable":true,"href":"https:\/\/www.jazzzeitung.de\/cms\/wp-json\/wp\/v2\/users\/18"}],"replies":[{"embeddable":true,"href":"https:\/\/www.jazzzeitung.de\/cms\/wp-json\/wp\/v2\/comments?post=8860"}],"version-history":[{"count":4,"href":"https:\/\/www.jazzzeitung.de\/cms\/wp-json\/wp\/v2\/posts\/8860\/revisions"}],"predecessor-version":[{"id":8865,"href":"https:\/\/www.jazzzeitung.de\/cms\/wp-json\/wp\/v2\/posts\/8860\/revisions\/8865"}],"wp:attachment":[{"href":"https:\/\/www.jazzzeitung.de\/cms\/wp-json\/wp\/v2\/media?parent=8860"}],"wp:term":[{"taxonomy":"category","embeddable":true,"href":"https:\/\/www.jazzzeitung.de\/cms\/wp-json\/wp\/v2\/categories?post=8860"},{"taxonomy":"post_tag","embeddable":true,"href":"https:\/\/www.jazzzeitung.de\/cms\/wp-json\/wp\/v2\/tags?post=8860"},{"taxonomy":"author","embeddable":true,"href":"https:\/\/www.jazzzeitung.de\/cms\/wp-json\/wp\/v2\/coauthors?post=8860"}],"curies":[{"name":"wp","href":"https:\/\/api.w.org\/{rel}","templated":true}]}}