{"id":8843,"date":"2016-03-29T18:30:32","date_gmt":"2016-03-29T16:30:32","guid":{"rendered":"http:\/\/www.jazzzeitung.de\/cms\/?p=8843"},"modified":"2016-03-29T18:39:22","modified_gmt":"2016-03-29T16:39:22","slug":"indra-rios-moore-und-das-hendrix-projekt-von-stucky-doran-studertacuma-im-finale-beim-bmw-welt-jazz-award-2016","status":"publish","type":"post","link":"https:\/\/www.jazzzeitung.de\/cms\/2016\/03\/indra-rios-moore-und-das-hendrix-projekt-von-stucky-doran-studertacuma-im-finale-beim-bmw-welt-jazz-award-2016\/","title":{"rendered":"Indra-Rios Moore und das Hendrix-Projekt von Stucky-Doran-Studer-Tacuma im Finale beim BMW Welt Jazz Award 2016"},"content":{"rendered":"<div class=\"tiled-gallery type-rectangular tiled-gallery-unresized\" data-original-width=\"840\" data-carousel-extra='{&quot;blog_id&quot;:1,&quot;permalink&quot;:&quot;https:\\\/\\\/www.jazzzeitung.de\\\/cms\\\/2016\\\/03\\\/indra-rios-moore-und-das-hendrix-projekt-von-stucky-doran-studertacuma-im-finale-beim-bmw-welt-jazz-award-2016\\\/&quot;,&quot;likes_blog_id&quot;:55446655}' itemscope itemtype=\"http:\/\/schema.org\/ImageGallery\" > <div class=\"gallery-row\" style=\"width: 840px; height: 292px;\" data-original-width=\"840\" data-original-height=\"292\" > <div class=\"gallery-group images-1\" style=\"width: 403px; height: 292px;\" data-original-width=\"403\" data-original-height=\"292\" > <div class=\"tiled-gallery-item tiled-gallery-item-large\" itemprop=\"associatedMedia\" itemscope itemtype=\"http:\/\/schema.org\/ImageObject\"> <a href=\"https:\/\/www.jazzzeitung.de\/cms\/2016\/02\/8483\/17-bmw-welt_erika-stucky_foto-van-loon\/\" border=\"0\" itemprop=\"url\"> <meta itemprop=\"width\" content=\"399\"> <meta itemprop=\"height\" content=\"288\"> <img decoding=\"async\" class=\"\" data-attachment-id=\"8494\" data-orig-file=\"https:\/\/www.jazzzeitung.de\/cms\/wp-content\/uploads\/2016\/02\/17-BMW-Welt_Erika-Stucky_Foto-van-Loon.jpg\" data-orig-size=\"2126,1535\" data-comments-opened=\"1\" data-image-meta=\"{&quot;aperture&quot;:&quot;2.8&quot;,&quot;credit&quot;:&quot;&quot;,&quot;camera&quot;:&quot;NIKON D700&quot;,&quot;caption&quot;:&quot;&quot;,&quot;created_timestamp&quot;:&quot;1456060532&quot;,&quot;copyright&quot;:&quot;&quot;,&quot;focal_length&quot;:&quot;170&quot;,&quot;iso&quot;:&quot;1000&quot;,&quot;shutter_speed&quot;:&quot;0.004&quot;,&quot;title&quot;:&quot;&quot;,&quot;orientation&quot;:&quot;1&quot;}\" data-image-title=\"17 BMW Welt_Erika Stucky_Foto van Loon\" data-image-description=\"\" data-medium-file=\"https:\/\/i0.wp.com\/www.jazzzeitung.de\/cms\/wp-content\/uploads\/2016\/02\/17-BMW-Welt_Erika-Stucky_Foto-van-Loon.jpg?fit=300%2C217&#038;ssl=1\" data-large-file=\"https:\/\/i0.wp.com\/www.jazzzeitung.de\/cms\/wp-content\/uploads\/2016\/02\/17-BMW-Welt_Erika-Stucky_Foto-van-Loon.jpg?fit=831%2C600&#038;ssl=1\" src=\"https:\/\/i0.wp.com\/www.jazzzeitung.de\/cms\/wp-content\/uploads\/2016\/02\/17-BMW-Welt_Erika-Stucky_Foto-van-Loon.jpg?w=399&#038;h=288&#038;ssl=1\" srcset=\"https:\/\/i0.wp.com\/www.jazzzeitung.de\/cms\/wp-content\/uploads\/2016\/02\/17-BMW-Welt_Erika-Stucky_Foto-van-Loon.jpg?w=2126&amp;ssl=1 2126w, https:\/\/i0.wp.com\/www.jazzzeitung.de\/cms\/wp-content\/uploads\/2016\/02\/17-BMW-Welt_Erika-Stucky_Foto-van-Loon.jpg?resize=300%2C217&amp;ssl=1 300w, https:\/\/i0.wp.com\/www.jazzzeitung.de\/cms\/wp-content\/uploads\/2016\/02\/17-BMW-Welt_Erika-Stucky_Foto-van-Loon.jpg?resize=768%2C555&amp;ssl=1 768w, https:\/\/i0.wp.com\/www.jazzzeitung.de\/cms\/wp-content\/uploads\/2016\/02\/17-BMW-Welt_Erika-Stucky_Foto-van-Loon.jpg?resize=831%2C600&amp;ssl=1 831w, https:\/\/i0.wp.com\/www.jazzzeitung.de\/cms\/wp-content\/uploads\/2016\/02\/17-BMW-Welt_Erika-Stucky_Foto-van-Loon.jpg?resize=900%2C650&amp;ssl=1 900w, https:\/\/i0.wp.com\/www.jazzzeitung.de\/cms\/wp-content\/uploads\/2016\/02\/17-BMW-Welt_Erika-Stucky_Foto-van-Loon.jpg?w=1680&amp;ssl=1 1680w\" width=\"399\" height=\"288\" loading=\"lazy\" data-original-width=\"399\" data-original-height=\"288\" itemprop=\"http:\/\/schema.org\/image\" title=\"17 BMW Welt_Erika Stucky_Foto van Loon\" alt=\"Erika Stucky, Foto: Susanne van Loon\" style=\"width: 399px; height: 288px;\" \/> <\/a> <div class=\"tiled-gallery-caption\" itemprop=\"caption description\"> Erika Stucky, Foto: Susanne van Loon <\/div> <\/div> <\/div> <!-- close group --> <div class=\"gallery-group images-1\" style=\"width: 437px; height: 292px;\" data-original-width=\"437\" data-original-height=\"292\" > <div class=\"tiled-gallery-item tiled-gallery-item-large\" itemprop=\"associatedMedia\" itemscope itemtype=\"http:\/\/schema.org\/ImageObject\"> <a href=\"https:\/\/www.jazzzeitung.de\/cms\/2016\/03\/bmw\/p1710286-rios-moore-foto-tj-krebs\/\" border=\"0\" itemprop=\"url\"> <meta itemprop=\"width\" content=\"433\"> <meta itemprop=\"height\" content=\"288\"> <img decoding=\"async\" class=\"\" data-attachment-id=\"8795\" data-orig-file=\"https:\/\/www.jazzzeitung.de\/cms\/wp-content\/uploads\/2016\/03\/P1710286-Rios-Moore-Foto-TJ-Krebs.jpg\" data-orig-size=\"4608,3072\" data-comments-opened=\"1\" data-image-meta=\"{&quot;aperture&quot;:&quot;0&quot;,&quot;credit&quot;:&quot;&quot;,&quot;camera&quot;:&quot;&quot;,&quot;caption&quot;:&quot;&quot;,&quot;created_timestamp&quot;:&quot;0&quot;,&quot;copyright&quot;:&quot;&quot;,&quot;focal_length&quot;:&quot;0&quot;,&quot;iso&quot;:&quot;0&quot;,&quot;shutter_speed&quot;:&quot;0&quot;,&quot;title&quot;:&quot;&quot;,&quot;orientation&quot;:&quot;0&quot;}\" data-image-title=\"P1710286 Rios-Moore &amp;#8211; Foto TJ Krebs\" data-image-description=\"\" data-medium-file=\"https:\/\/i0.wp.com\/www.jazzzeitung.de\/cms\/wp-content\/uploads\/2016\/03\/P1710286-Rios-Moore-Foto-TJ-Krebs.jpg?fit=300%2C200&#038;ssl=1\" data-large-file=\"https:\/\/i0.wp.com\/www.jazzzeitung.de\/cms\/wp-content\/uploads\/2016\/03\/P1710286-Rios-Moore-Foto-TJ-Krebs.jpg?fit=840%2C560&#038;ssl=1\" src=\"https:\/\/i0.wp.com\/www.jazzzeitung.de\/cms\/wp-content\/uploads\/2016\/03\/P1710286-Rios-Moore-Foto-TJ-Krebs.jpg?w=433&#038;h=288&#038;ssl=1\" srcset=\"https:\/\/i0.wp.com\/www.jazzzeitung.de\/cms\/wp-content\/uploads\/2016\/03\/P1710286-Rios-Moore-Foto-TJ-Krebs.jpg?w=4608&amp;ssl=1 4608w, https:\/\/i0.wp.com\/www.jazzzeitung.de\/cms\/wp-content\/uploads\/2016\/03\/P1710286-Rios-Moore-Foto-TJ-Krebs.jpg?resize=300%2C200&amp;ssl=1 300w, https:\/\/i0.wp.com\/www.jazzzeitung.de\/cms\/wp-content\/uploads\/2016\/03\/P1710286-Rios-Moore-Foto-TJ-Krebs.jpg?resize=768%2C512&amp;ssl=1 768w, https:\/\/i0.wp.com\/www.jazzzeitung.de\/cms\/wp-content\/uploads\/2016\/03\/P1710286-Rios-Moore-Foto-TJ-Krebs.jpg?resize=900%2C600&amp;ssl=1 900w, https:\/\/i0.wp.com\/www.jazzzeitung.de\/cms\/wp-content\/uploads\/2016\/03\/P1710286-Rios-Moore-Foto-TJ-Krebs.jpg?w=1680&amp;ssl=1 1680w, https:\/\/i0.wp.com\/www.jazzzeitung.de\/cms\/wp-content\/uploads\/2016\/03\/P1710286-Rios-Moore-Foto-TJ-Krebs.jpg?w=2520&amp;ssl=1 2520w\" width=\"433\" height=\"288\" loading=\"lazy\" data-original-width=\"433\" data-original-height=\"288\" itemprop=\"http:\/\/schema.org\/image\" title=\"P1710286 Rios-Moore - Foto TJ Krebs\" alt=\"Indra Rios-Moore. Foto: Thomas J. Krebs\" style=\"width: 433px; height: 288px;\" \/> <\/a> <div class=\"tiled-gallery-caption\" itemprop=\"caption description\"> Indra Rios-Moore. Foto: Thomas J. Krebs <\/div> <\/div> <\/div> <!-- close group --> <\/div> <!-- close row --> <\/div>\n<p>M\u00fcnchen. Die Finalisten des BMW Welt Jazz Award 2016 stehen fest: In diesem Jahr qualifizierten sich gleich zwei Ensembles mit weiblicher Stimmkraft f\u00fcr das Abschlusskonzert am 7. Mai. Die amerikanisch-schweizerische Gruppe <a href=\"http:\/\/www.nmz.de\/online\/foxy-lady-erika-stuckys-huldigung-an-jimi-hendrix-beim-bmw-welt-jazz-award\">Stucky-Doran-Studer-Tacuma<\/a> mit ihrem Programm \u201ePlay Hendrix!\u201c sowie die amerikanisch-d\u00e4nische Musikergruppe um S\u00e4ngerin <a href=\"http:\/\/www.nmz.de\/online\/gottheiten-goettliches-vergoetterte-indra-rios-moore-beim-bmw-welt-jazz-award\">Indra Rios-Moore<\/a> haben die Jury \u00fcberzeugt. Das Sieger-Ensemble wird mit einem Preisgeld von 10.000 Euro und einer eigens von BMW Design entworfenen Troph\u00e4e pr\u00e4miert; der Zweiplatzierte erh\u00e4lt eine Pr\u00e4mie von 5.000 Euro.<\/p>\n<p>Bereits zum 8. Mal findet der renommierte, internationale Jazz-Wettbewerb in der BMW Welt statt. In insgesamt sechs kostenfreien Sonntagsmatineen hatten die teilnehmenden Ensembles zwischen Januar und M\u00e4rz die M\u00f6glichkeit, der Jury und dem Publikum ihre Interpretation des Mottos \u201eInspired by Legends\u201c im Doppelkegel der BMW Welt zu pr\u00e4sentieren.<\/p>\n<p>&nbsp;<\/p>\n<p>&nbsp;<\/p>\n","protected":false},"excerpt":{"rendered":"<p>M\u00fcnchen. Die Finalisten des BMW Welt Jazz Award 2016 stehen fest: In diesem Jahr qualifizierten sich gleich zwei Ensembles mit weiblicher Stimmkraft f\u00fcr das Abschlusskonzert am 7. Mai. Die amerikanisch-schweizerische Gruppe Stucky-Doran-Studer-Tacuma mit ihrem Programm \u201ePlay Hendrix!\u201c sowie die amerikanisch-d\u00e4nische Musikergruppe um S\u00e4ngerin Indra Rios-Moore haben die Jury \u00fcberzeugt. Das Sieger-Ensemble wird mit einem Preisgeld von 10.000 Euro und einer eigens von BMW Design entworfenen Troph\u00e4e pr\u00e4miert; der Zweiplatzierte erh\u00e4lt eine Pr\u00e4mie von 5.000 Euro. Bereits zum 8. Mal findet der renommierte, internationale Jazz-Wettbewerb in der BMW Welt statt. In insgesamt sechs kostenfreien Sonntagsmatineen hatten die teilnehmenden Ensembles zwischen Januar und M\u00e4rz die M\u00f6glichkeit, der Jury und dem Publikum ihre Interpretation des Mottos \u201eInspired by Legends\u201c im Doppelkegel der BMW Welt zu pr\u00e4sentieren. &nbsp; &nbsp;<\/p>\n","protected":false},"author":18,"featured_media":0,"comment_status":"open","ping_status":"closed","sticky":false,"template":"","format":"gallery","meta":{"_jetpack_memberships_contains_paid_content":false,"footnotes":"","jetpack_publicize_message":"","jetpack_publicize_feature_enabled":true,"jetpack_social_post_already_shared":false,"jetpack_social_options":{"image_generator_settings":{"template":"highway","default_image_id":0,"font":"","enabled":false},"version":2}},"categories":[633],"tags":[85,86,149,254,401,19],"coauthors":[695],"class_list":["post-8843","post","type-post","status-publish","format-gallery","hentry","category-nachrichten","tag-bmw-welt","tag-bmw-welt-jazz-award","tag-doppelkegel","tag-jazz-award","tag-muenchen","tag-wettbewerb","post_format-post-format-gallery"],"yoast_head":"<!-- This site is optimized with the Yoast SEO plugin v27.5 - https:\/\/yoast.com\/product\/yoast-seo-wordpress\/ -->\n<title>Indra-Rios Moore und das Hendrix-Projekt von Stucky-Doran-Studer-Tacuma im Finale beim BMW Welt Jazz Award 2016 - JazzZeitung<\/title>\n<meta name=\"robots\" content=\"index, follow, max-snippet:-1, max-image-preview:large, max-video-preview:-1\" \/>\n<link rel=\"canonical\" href=\"https:\/\/www.jazzzeitung.de\/cms\/2016\/03\/indra-rios-moore-und-das-hendrix-projekt-von-stucky-doran-studertacuma-im-finale-beim-bmw-welt-jazz-award-2016\/\" \/>\n<meta property=\"og:locale\" content=\"de_DE\" \/>\n<meta property=\"og:type\" content=\"article\" \/>\n<meta property=\"og:title\" content=\"Indra-Rios Moore und das Hendrix-Projekt von Stucky-Doran-Studer-Tacuma im Finale beim BMW Welt Jazz Award 2016 - JazzZeitung\" \/>\n<meta property=\"og:description\" content=\"M\u00fcnchen. Die Finalisten des BMW Welt Jazz Award 2016 stehen fest: In diesem Jahr qualifizierten sich gleich zwei Ensembles mit weiblicher Stimmkraft f\u00fcr das Abschlusskonzert am 7. Mai. Die amerikanisch-schweizerische Gruppe Stucky-Doran-Studer-Tacuma mit ihrem Programm \u201ePlay Hendrix!\u201c sowie die amerikanisch-d\u00e4nische Musikergruppe um S\u00e4ngerin Indra Rios-Moore haben die Jury \u00fcberzeugt. Das Sieger-Ensemble wird mit einem Preisgeld von 10.000 Euro und einer eigens von BMW Design entworfenen Troph\u00e4e pr\u00e4miert; der Zweiplatzierte erh\u00e4lt eine Pr\u00e4mie von 5.000 Euro. Bereits zum 8. Mal findet der renommierte, internationale Jazz-Wettbewerb in der BMW Welt statt. In insgesamt sechs kostenfreien Sonntagsmatineen hatten die teilnehmenden Ensembles zwischen Januar und M\u00e4rz die M\u00f6glichkeit, der Jury und dem Publikum ihre Interpretation des Mottos \u201eInspired by Legends\u201c im Doppelkegel der BMW Welt zu pr\u00e4sentieren. &nbsp; &nbsp;\" \/>\n<meta property=\"og:url\" content=\"https:\/\/www.jazzzeitung.de\/cms\/2016\/03\/indra-rios-moore-und-das-hendrix-projekt-von-stucky-doran-studertacuma-im-finale-beim-bmw-welt-jazz-award-2016\/\" \/>\n<meta property=\"og:site_name\" content=\"JazzZeitung\" \/>\n<meta property=\"article:publisher\" content=\"https:\/\/www.facebook.com\/JazzZeitung\/\" \/>\n<meta property=\"article:published_time\" content=\"2016-03-29T16:30:32+00:00\" \/>\n<meta property=\"article:modified_time\" content=\"2016-03-29T16:39:22+00:00\" \/>\n<meta property=\"og:image\" content=\"https:\/\/i0.wp.com\/www.jazzzeitung.de\/cms\/wp-content\/uploads\/2016\/02\/17-BMW-Welt_Erika-Stucky_Foto-van-Loon.jpg?w=399&#038;h=288&#038;ssl=1\" \/>\n<meta name=\"author\" content=\"Redaktion JazzZeitung\" \/>\n<script type=\"application\/ld+json\" class=\"yoast-schema-graph\">{\"@context\":\"https:\\\/\\\/schema.org\",\"@graph\":[{\"@type\":\"Article\",\"@id\":\"https:\\\/\\\/www.jazzzeitung.de\\\/cms\\\/2016\\\/03\\\/indra-rios-moore-und-das-hendrix-projekt-von-stucky-doran-studertacuma-im-finale-beim-bmw-welt-jazz-award-2016\\\/#article\",\"isPartOf\":{\"@id\":\"https:\\\/\\\/www.jazzzeitung.de\\\/cms\\\/2016\\\/03\\\/indra-rios-moore-und-das-hendrix-projekt-von-stucky-doran-studertacuma-im-finale-beim-bmw-welt-jazz-award-2016\\\/\"},\"author\":{\"name\":\"Redaktion JazzZeitung\",\"@id\":\"https:\\\/\\\/www.jazzzeitung.de\\\/cms\\\/#\\\/schema\\\/person\\\/2245b36b9cd1d24cea10f01c031fb92b\"},\"headline\":\"Indra-Rios Moore und das Hendrix-Projekt von Stucky-Doran-Studer-Tacuma im Finale beim BMW Welt Jazz Award 2016\",\"datePublished\":\"2016-03-29T16:30:32+00:00\",\"dateModified\":\"2016-03-29T16:39:22+00:00\",\"mainEntityOfPage\":{\"@id\":\"https:\\\/\\\/www.jazzzeitung.de\\\/cms\\\/2016\\\/03\\\/indra-rios-moore-und-das-hendrix-projekt-von-stucky-doran-studertacuma-im-finale-beim-bmw-welt-jazz-award-2016\\\/\"},\"wordCount\":149,\"commentCount\":0,\"publisher\":{\"@id\":\"https:\\\/\\\/www.jazzzeitung.de\\\/cms\\\/#organization\"},\"keywords\":[\"bmw welt\",\"bmw welt jazz award\",\"Doppelkegel\",\"Jazz Award\",\"M\u00fcnchen\",\"Wettbewerb\"],\"articleSection\":[\"News\"],\"inLanguage\":\"de\",\"potentialAction\":[{\"@type\":\"CommentAction\",\"name\":\"Comment\",\"target\":[\"https:\\\/\\\/www.jazzzeitung.de\\\/cms\\\/2016\\\/03\\\/indra-rios-moore-und-das-hendrix-projekt-von-stucky-doran-studertacuma-im-finale-beim-bmw-welt-jazz-award-2016\\\/#respond\"]}]},{\"@type\":\"WebPage\",\"@id\":\"https:\\\/\\\/www.jazzzeitung.de\\\/cms\\\/2016\\\/03\\\/indra-rios-moore-und-das-hendrix-projekt-von-stucky-doran-studertacuma-im-finale-beim-bmw-welt-jazz-award-2016\\\/\",\"url\":\"https:\\\/\\\/www.jazzzeitung.de\\\/cms\\\/2016\\\/03\\\/indra-rios-moore-und-das-hendrix-projekt-von-stucky-doran-studertacuma-im-finale-beim-bmw-welt-jazz-award-2016\\\/\",\"name\":\"Indra-Rios Moore und das Hendrix-Projekt von Stucky-Doran-Studer-Tacuma im Finale beim BMW Welt Jazz Award 2016 - JazzZeitung\",\"isPartOf\":{\"@id\":\"https:\\\/\\\/www.jazzzeitung.de\\\/cms\\\/#website\"},\"datePublished\":\"2016-03-29T16:30:32+00:00\",\"dateModified\":\"2016-03-29T16:39:22+00:00\",\"breadcrumb\":{\"@id\":\"https:\\\/\\\/www.jazzzeitung.de\\\/cms\\\/2016\\\/03\\\/indra-rios-moore-und-das-hendrix-projekt-von-stucky-doran-studertacuma-im-finale-beim-bmw-welt-jazz-award-2016\\\/#breadcrumb\"},\"inLanguage\":\"de\",\"potentialAction\":[{\"@type\":\"ReadAction\",\"target\":[\"https:\\\/\\\/www.jazzzeitung.de\\\/cms\\\/2016\\\/03\\\/indra-rios-moore-und-das-hendrix-projekt-von-stucky-doran-studertacuma-im-finale-beim-bmw-welt-jazz-award-2016\\\/\"]}]},{\"@type\":\"BreadcrumbList\",\"@id\":\"https:\\\/\\\/www.jazzzeitung.de\\\/cms\\\/2016\\\/03\\\/indra-rios-moore-und-das-hendrix-projekt-von-stucky-doran-studertacuma-im-finale-beim-bmw-welt-jazz-award-2016\\\/#breadcrumb\",\"itemListElement\":[{\"@type\":\"ListItem\",\"position\":1,\"name\":\"Startseite\",\"item\":\"https:\\\/\\\/www.jazzzeitung.de\\\/cms\\\/\"},{\"@type\":\"ListItem\",\"position\":2,\"name\":\"Indra-Rios Moore und das Hendrix-Projekt von Stucky-Doran-Studer-Tacuma im Finale beim BMW Welt Jazz Award 2016\"}]},{\"@type\":\"WebSite\",\"@id\":\"https:\\\/\\\/www.jazzzeitung.de\\\/cms\\\/#website\",\"url\":\"https:\\\/\\\/www.jazzzeitung.de\\\/cms\\\/\",\"name\":\"JazzZeitung\",\"description\":\"Jazz-News und Jazz-Kontroverses\",\"publisher\":{\"@id\":\"https:\\\/\\\/www.jazzzeitung.de\\\/cms\\\/#organization\"},\"potentialAction\":[{\"@type\":\"SearchAction\",\"target\":{\"@type\":\"EntryPoint\",\"urlTemplate\":\"https:\\\/\\\/www.jazzzeitung.de\\\/cms\\\/?s={search_term_string}\"},\"query-input\":{\"@type\":\"PropertyValueSpecification\",\"valueRequired\":true,\"valueName\":\"search_term_string\"}}],\"inLanguage\":\"de\"},{\"@type\":\"Organization\",\"@id\":\"https:\\\/\\\/www.jazzzeitung.de\\\/cms\\\/#organization\",\"name\":\"JazzZeitung online\",\"url\":\"https:\\\/\\\/www.jazzzeitung.de\\\/cms\\\/\",\"logo\":{\"@type\":\"ImageObject\",\"inLanguage\":\"de\",\"@id\":\"https:\\\/\\\/www.jazzzeitung.de\\\/cms\\\/#\\\/schema\\\/logo\\\/image\\\/\",\"url\":\"https:\\\/\\\/i0.wp.com\\\/www.jazzzeitung.de\\\/cms\\\/wp-content\\\/uploads\\\/2015\\\/08\\\/JAZZZEITUNGDE_Logo_Neu.png?fit=499%2C200&ssl=1\",\"contentUrl\":\"https:\\\/\\\/i0.wp.com\\\/www.jazzzeitung.de\\\/cms\\\/wp-content\\\/uploads\\\/2015\\\/08\\\/JAZZZEITUNGDE_Logo_Neu.png?fit=499%2C200&ssl=1\",\"width\":499,\"height\":200,\"caption\":\"JazzZeitung online\"},\"image\":{\"@id\":\"https:\\\/\\\/www.jazzzeitung.de\\\/cms\\\/#\\\/schema\\\/logo\\\/image\\\/\"},\"sameAs\":[\"https:\\\/\\\/www.facebook.com\\\/JazzZeitung\\\/\"]},{\"@type\":\"Person\",\"@id\":\"https:\\\/\\\/www.jazzzeitung.de\\\/cms\\\/#\\\/schema\\\/person\\\/2245b36b9cd1d24cea10f01c031fb92b\",\"name\":\"Redaktion JazzZeitung\",\"image\":{\"@type\":\"ImageObject\",\"inLanguage\":\"de\",\"@id\":\"https:\\\/\\\/i0.wp.com\\\/www.jazzzeitung.de\\\/cms\\\/wp-content\\\/uploads\\\/2015\\\/08\\\/JAZZZEITUNGDE_Logo_Neu.png?resize=96%2C96&ssl=159975dcacb611b5700bd619b5daf0a7a\",\"url\":\"https:\\\/\\\/i0.wp.com\\\/www.jazzzeitung.de\\\/cms\\\/wp-content\\\/uploads\\\/2015\\\/08\\\/JAZZZEITUNGDE_Logo_Neu.png?resize=96%2C96&ssl=1\",\"contentUrl\":\"https:\\\/\\\/i0.wp.com\\\/www.jazzzeitung.de\\\/cms\\\/wp-content\\\/uploads\\\/2015\\\/08\\\/JAZZZEITUNGDE_Logo_Neu.png?resize=96%2C96&ssl=1\",\"caption\":\"Redaktion JazzZeitung\"},\"description\":\"Artikel der Redaktion der JazzZeitung.\",\"sameAs\":[\"http:\\\/\\\/www.jazzzeitung.de\\\/cms\\\/\"],\"url\":\"https:\\\/\\\/www.jazzzeitung.de\\\/cms\\\/author\\\/redaktion\\\/\"}]}<\/script>\n<!-- \/ Yoast SEO plugin. -->","yoast_head_json":{"title":"Indra-Rios Moore und das Hendrix-Projekt von Stucky-Doran-Studer-Tacuma im Finale beim BMW Welt Jazz Award 2016 - JazzZeitung","robots":{"index":"index","follow":"follow","max-snippet":"max-snippet:-1","max-image-preview":"max-image-preview:large","max-video-preview":"max-video-preview:-1"},"canonical":"https:\/\/www.jazzzeitung.de\/cms\/2016\/03\/indra-rios-moore-und-das-hendrix-projekt-von-stucky-doran-studertacuma-im-finale-beim-bmw-welt-jazz-award-2016\/","og_locale":"de_DE","og_type":"article","og_title":"Indra-Rios Moore und das Hendrix-Projekt von Stucky-Doran-Studer-Tacuma im Finale beim BMW Welt Jazz Award 2016 - JazzZeitung","og_description":"M\u00fcnchen. Die Finalisten des BMW Welt Jazz Award 2016 stehen fest: In diesem Jahr qualifizierten sich gleich zwei Ensembles mit weiblicher Stimmkraft f\u00fcr das Abschlusskonzert am 7. Mai. Die amerikanisch-schweizerische Gruppe Stucky-Doran-Studer-Tacuma mit ihrem Programm \u201ePlay Hendrix!\u201c sowie die amerikanisch-d\u00e4nische Musikergruppe um S\u00e4ngerin Indra Rios-Moore haben die Jury \u00fcberzeugt. Das Sieger-Ensemble wird mit einem Preisgeld von 10.000 Euro und einer eigens von BMW Design entworfenen Troph\u00e4e pr\u00e4miert; der Zweiplatzierte erh\u00e4lt eine Pr\u00e4mie von 5.000 Euro. Bereits zum 8. Mal findet der renommierte, internationale Jazz-Wettbewerb in der BMW Welt statt. In insgesamt sechs kostenfreien Sonntagsmatineen hatten die teilnehmenden Ensembles zwischen Januar und M\u00e4rz die M\u00f6glichkeit, der Jury und dem Publikum ihre Interpretation des Mottos \u201eInspired by Legends\u201c im Doppelkegel der BMW Welt zu pr\u00e4sentieren. &nbsp; &nbsp;","og_url":"https:\/\/www.jazzzeitung.de\/cms\/2016\/03\/indra-rios-moore-und-das-hendrix-projekt-von-stucky-doran-studertacuma-im-finale-beim-bmw-welt-jazz-award-2016\/","og_site_name":"JazzZeitung","article_publisher":"https:\/\/www.facebook.com\/JazzZeitung\/","article_published_time":"2016-03-29T16:30:32+00:00","article_modified_time":"2016-03-29T16:39:22+00:00","og_image":[{"url":"https:\/\/i0.wp.com\/www.jazzzeitung.de\/cms\/wp-content\/uploads\/2016\/02\/17-BMW-Welt_Erika-Stucky_Foto-van-Loon.jpg?w=399&#038;h=288&#038;ssl=1","type":"","width":"","height":""}],"author":"Redaktion JazzZeitung","schema":{"@context":"https:\/\/schema.org","@graph":[{"@type":"Article","@id":"https:\/\/www.jazzzeitung.de\/cms\/2016\/03\/indra-rios-moore-und-das-hendrix-projekt-von-stucky-doran-studertacuma-im-finale-beim-bmw-welt-jazz-award-2016\/#article","isPartOf":{"@id":"https:\/\/www.jazzzeitung.de\/cms\/2016\/03\/indra-rios-moore-und-das-hendrix-projekt-von-stucky-doran-studertacuma-im-finale-beim-bmw-welt-jazz-award-2016\/"},"author":{"name":"Redaktion JazzZeitung","@id":"https:\/\/www.jazzzeitung.de\/cms\/#\/schema\/person\/2245b36b9cd1d24cea10f01c031fb92b"},"headline":"Indra-Rios Moore und das Hendrix-Projekt von Stucky-Doran-Studer-Tacuma im Finale beim BMW Welt Jazz Award 2016","datePublished":"2016-03-29T16:30:32+00:00","dateModified":"2016-03-29T16:39:22+00:00","mainEntityOfPage":{"@id":"https:\/\/www.jazzzeitung.de\/cms\/2016\/03\/indra-rios-moore-und-das-hendrix-projekt-von-stucky-doran-studertacuma-im-finale-beim-bmw-welt-jazz-award-2016\/"},"wordCount":149,"commentCount":0,"publisher":{"@id":"https:\/\/www.jazzzeitung.de\/cms\/#organization"},"keywords":["bmw welt","bmw welt jazz award","Doppelkegel","Jazz Award","M\u00fcnchen","Wettbewerb"],"articleSection":["News"],"inLanguage":"de","potentialAction":[{"@type":"CommentAction","name":"Comment","target":["https:\/\/www.jazzzeitung.de\/cms\/2016\/03\/indra-rios-moore-und-das-hendrix-projekt-von-stucky-doran-studertacuma-im-finale-beim-bmw-welt-jazz-award-2016\/#respond"]}]},{"@type":"WebPage","@id":"https:\/\/www.jazzzeitung.de\/cms\/2016\/03\/indra-rios-moore-und-das-hendrix-projekt-von-stucky-doran-studertacuma-im-finale-beim-bmw-welt-jazz-award-2016\/","url":"https:\/\/www.jazzzeitung.de\/cms\/2016\/03\/indra-rios-moore-und-das-hendrix-projekt-von-stucky-doran-studertacuma-im-finale-beim-bmw-welt-jazz-award-2016\/","name":"Indra-Rios Moore und das Hendrix-Projekt von Stucky-Doran-Studer-Tacuma im Finale beim BMW Welt Jazz Award 2016 - JazzZeitung","isPartOf":{"@id":"https:\/\/www.jazzzeitung.de\/cms\/#website"},"datePublished":"2016-03-29T16:30:32+00:00","dateModified":"2016-03-29T16:39:22+00:00","breadcrumb":{"@id":"https:\/\/www.jazzzeitung.de\/cms\/2016\/03\/indra-rios-moore-und-das-hendrix-projekt-von-stucky-doran-studertacuma-im-finale-beim-bmw-welt-jazz-award-2016\/#breadcrumb"},"inLanguage":"de","potentialAction":[{"@type":"ReadAction","target":["https:\/\/www.jazzzeitung.de\/cms\/2016\/03\/indra-rios-moore-und-das-hendrix-projekt-von-stucky-doran-studertacuma-im-finale-beim-bmw-welt-jazz-award-2016\/"]}]},{"@type":"BreadcrumbList","@id":"https:\/\/www.jazzzeitung.de\/cms\/2016\/03\/indra-rios-moore-und-das-hendrix-projekt-von-stucky-doran-studertacuma-im-finale-beim-bmw-welt-jazz-award-2016\/#breadcrumb","itemListElement":[{"@type":"ListItem","position":1,"name":"Startseite","item":"https:\/\/www.jazzzeitung.de\/cms\/"},{"@type":"ListItem","position":2,"name":"Indra-Rios Moore und das Hendrix-Projekt von Stucky-Doran-Studer-Tacuma im Finale beim BMW Welt Jazz Award 2016"}]},{"@type":"WebSite","@id":"https:\/\/www.jazzzeitung.de\/cms\/#website","url":"https:\/\/www.jazzzeitung.de\/cms\/","name":"JazzZeitung","description":"Jazz-News und Jazz-Kontroverses","publisher":{"@id":"https:\/\/www.jazzzeitung.de\/cms\/#organization"},"potentialAction":[{"@type":"SearchAction","target":{"@type":"EntryPoint","urlTemplate":"https:\/\/www.jazzzeitung.de\/cms\/?s={search_term_string}"},"query-input":{"@type":"PropertyValueSpecification","valueRequired":true,"valueName":"search_term_string"}}],"inLanguage":"de"},{"@type":"Organization","@id":"https:\/\/www.jazzzeitung.de\/cms\/#organization","name":"JazzZeitung online","url":"https:\/\/www.jazzzeitung.de\/cms\/","logo":{"@type":"ImageObject","inLanguage":"de","@id":"https:\/\/www.jazzzeitung.de\/cms\/#\/schema\/logo\/image\/","url":"https:\/\/i0.wp.com\/www.jazzzeitung.de\/cms\/wp-content\/uploads\/2015\/08\/JAZZZEITUNGDE_Logo_Neu.png?fit=499%2C200&ssl=1","contentUrl":"https:\/\/i0.wp.com\/www.jazzzeitung.de\/cms\/wp-content\/uploads\/2015\/08\/JAZZZEITUNGDE_Logo_Neu.png?fit=499%2C200&ssl=1","width":499,"height":200,"caption":"JazzZeitung online"},"image":{"@id":"https:\/\/www.jazzzeitung.de\/cms\/#\/schema\/logo\/image\/"},"sameAs":["https:\/\/www.facebook.com\/JazzZeitung\/"]},{"@type":"Person","@id":"https:\/\/www.jazzzeitung.de\/cms\/#\/schema\/person\/2245b36b9cd1d24cea10f01c031fb92b","name":"Redaktion JazzZeitung","image":{"@type":"ImageObject","inLanguage":"de","@id":"https:\/\/i0.wp.com\/www.jazzzeitung.de\/cms\/wp-content\/uploads\/2015\/08\/JAZZZEITUNGDE_Logo_Neu.png?resize=96%2C96&ssl=159975dcacb611b5700bd619b5daf0a7a","url":"https:\/\/i0.wp.com\/www.jazzzeitung.de\/cms\/wp-content\/uploads\/2015\/08\/JAZZZEITUNGDE_Logo_Neu.png?resize=96%2C96&ssl=1","contentUrl":"https:\/\/i0.wp.com\/www.jazzzeitung.de\/cms\/wp-content\/uploads\/2015\/08\/JAZZZEITUNGDE_Logo_Neu.png?resize=96%2C96&ssl=1","caption":"Redaktion JazzZeitung"},"description":"Artikel der Redaktion der JazzZeitung.","sameAs":["http:\/\/www.jazzzeitung.de\/cms\/"],"url":"https:\/\/www.jazzzeitung.de\/cms\/author\/redaktion\/"}]}},"wp-worthy-pixel":{"ignored":false,"public":null,"server":null,"url":null},"wp-worthy-type":"normal","jetpack_publicize_connections":[],"cc_featured_image_caption":{"caption_text":false,"source_text":false,"source_url":false},"jetpack_featured_media_url":"","jetpack_shortlink":"https:\/\/wp.me\/p3KEcT-2iD","jetpack-related-posts":[{"id":9171,"url":"https:\/\/www.jazzzeitung.de\/cms\/2016\/05\/bmw-welt-jazz-award-2016-maria-rios-moore-gewinnt-mit-band\/","url_meta":{"origin":8843,"position":0},"title":"Indra Rios-Moore und Band gewinnen den BMW Welt Jazz Award 2016","author":"Redaktion JazzZeitung","date":"9. Mai 2016","format":"gallery","excerpt":"M\u00fcnchen. Die Sieger des BMW Welt Jazz Award 2016 stehen fest: Das amerikanisch-d\u00e4nische Ensemble von S\u00e4ngerin Indra Rios-Moore hat sich am Samstagabend im Abschlusskonzert gegen die amerikanisch-schweizerische Gruppe Stucky-Doran-Studer-Tacuma durchgesetzt. Den Hauptpreis \u00fcberreichte Ian Robertson, Mitglied des Vorstands der BMW AG. Unter dem diesj\u00e4hrigen Motto \u201eInspired by Legends\u201c begeisterten beide\u2026","rel":"","context":"In &quot;Galerie&quot;","block_context":{"text":"Galerie","link":"https:\/\/www.jazzzeitung.de\/cms\/thema\/galerie\/"},"img":{"alt_text":"","src":"https:\/\/i0.wp.com\/www.jazzzeitung.de\/cms\/wp-content\/uploads\/2016\/05\/P1750208-BMW-Welt-Jazz-Award-2016-Foto-TJ-Krebs.jpg?resize=350%2C200","width":350,"height":200,"srcset":"https:\/\/i0.wp.com\/www.jazzzeitung.de\/cms\/wp-content\/uploads\/2016\/05\/P1750208-BMW-Welt-Jazz-Award-2016-Foto-TJ-Krebs.jpg?resize=350%2C200 1x, https:\/\/i0.wp.com\/www.jazzzeitung.de\/cms\/wp-content\/uploads\/2016\/05\/P1750208-BMW-Welt-Jazz-Award-2016-Foto-TJ-Krebs.jpg?resize=525%2C300 1.5x, https:\/\/i0.wp.com\/www.jazzzeitung.de\/cms\/wp-content\/uploads\/2016\/05\/P1750208-BMW-Welt-Jazz-Award-2016-Foto-TJ-Krebs.jpg?resize=700%2C400 2x"},"classes":[]},{"id":8483,"url":"https:\/\/www.jazzzeitung.de\/cms\/2016\/02\/8483\/","url_meta":{"origin":8843,"position":1},"title":"Jimi Hendrix &#8211; revisited","author":"Redaktion JazzZeitung","date":"22. Februar 2016","format":false,"excerpt":"\u201eInspired by legends\u201c nennt sich das Motto des BMW Welt Jazz Award 2016. Gestern hie\u00df die Legende Jimi Hendrix, und inspirieren lie\u00dfen sich vier Vollblut-Jazzer: Christy Doran (git), Erika Stucky (voice und performance), Fredy Studer (dr) und Jamaaladeen Tacuma (b). Das Konzept dieses Hendrix Programms aus der Feder von Doran\u2026","rel":"","context":"In &quot;Galerie&quot;","block_context":{"text":"Galerie","link":"https:\/\/www.jazzzeitung.de\/cms\/thema\/galerie\/"},"img":{"alt_text":"","src":"https:\/\/i0.wp.com\/www.jazzzeitung.de\/cms\/wp-content\/uploads\/2016\/02\/11-BMW-Welt_Erika-Stucky_Foto-van-Loon.jpg?resize=350%2C200","width":350,"height":200,"srcset":"https:\/\/i0.wp.com\/www.jazzzeitung.de\/cms\/wp-content\/uploads\/2016\/02\/11-BMW-Welt_Erika-Stucky_Foto-van-Loon.jpg?resize=350%2C200 1x, https:\/\/i0.wp.com\/www.jazzzeitung.de\/cms\/wp-content\/uploads\/2016\/02\/11-BMW-Welt_Erika-Stucky_Foto-van-Loon.jpg?resize=525%2C300 1.5x, https:\/\/i0.wp.com\/www.jazzzeitung.de\/cms\/wp-content\/uploads\/2016\/02\/11-BMW-Welt_Erika-Stucky_Foto-van-Loon.jpg?resize=700%2C400 2x, https:\/\/i0.wp.com\/www.jazzzeitung.de\/cms\/wp-content\/uploads\/2016\/02\/11-BMW-Welt_Erika-Stucky_Foto-van-Loon.jpg?resize=1050%2C600 3x, https:\/\/i0.wp.com\/www.jazzzeitung.de\/cms\/wp-content\/uploads\/2016\/02\/11-BMW-Welt_Erika-Stucky_Foto-van-Loon.jpg?resize=1400%2C800 4x"},"classes":[]},{"id":702,"url":"https:\/\/www.jazzzeitung.de\/cms\/2011\/01\/eintritt-frei-in-runde-drei-bmw-welt-jazz-award\/","url_meta":{"origin":8843,"position":2},"title":"Eintritt frei in runde drei: BMW Welt Jazz Award 2011","author":"J\u00f6rg Lichtinger","date":"23. Januar 2011","format":false,"excerpt":"Am 23. Januar 2011 haben mit der Performance von Wanja Slavin Lotus Eaters die Konzerte des BMW Welt Jazz Award 2011 begonnen. An zwei Sonntagen im Monat finden bis zum 13. M\u00e4rz noch f\u00fcnf weitere Jazz Matineen im Doppelkegel der BMW Welt statt. Nach dem Gesangsschwerpunkt im letzten Jahr, stellen\u2026","rel":"","context":"In &quot;Blog&quot;","block_context":{"text":"Blog","link":"https:\/\/www.jazzzeitung.de\/cms\/thema\/blog\/"},"img":{"alt_text":"Konzert im Doppelkegel bei den Jazzwochen 2007","src":"https:\/\/i0.wp.com\/www.jazzzeitung.de\/cms\/wp-content\/uploads\/2011\/01\/Lichtinger_BMW_Masters-of-Jazz-300x224.jpg?resize=350%2C200","width":350,"height":200},"classes":[]},{"id":25219,"url":"https:\/\/www.jazzzeitung.de\/cms\/2021\/08\/peter-gall-quintet-gewinnt-bmw-welt-jazz-award-2020\/","url_meta":{"origin":8843,"position":3},"title":"Sp\u00e4tes Finale: Das Peter Gall Quintet gewinnt den BMW Welt Jazz Award 2020","author":"Redaktion JazzZeitung","date":"4. August 2021","format":false,"excerpt":"M\u00fcnchen. Beim Finale des BMW Welt Jazz Award 2020 konnte das Peter Gall Quintet die Jury von sich \u00fcberzeugen. Zusammen mit Wanja Slavin am Saxophon, Reinier Baas an der Gitarre, Rainer B\u00f6hm am Piano sowie dem Bassisten Felix Henkelhausen setzte sich der Schlagzeuger Peter Gall gegen das Adam Baldych Quartet\u2026","rel":"","context":"In &quot;Bericht&quot;","block_context":{"text":"Bericht","link":"https:\/\/www.jazzzeitung.de\/cms\/thema\/bericht\/"},"img":{"alt_text":"","src":"https:\/\/i0.wp.com\/www.jazzzeitung.de\/cms\/wp-content\/uploads\/2021\/08\/P1166181-Peter-Gall-Quintett-Foto-TJ-Krebs-1.jpg?fit=907%2C605&ssl=1&resize=350%2C200","width":350,"height":200,"srcset":"https:\/\/i0.wp.com\/www.jazzzeitung.de\/cms\/wp-content\/uploads\/2021\/08\/P1166181-Peter-Gall-Quintett-Foto-TJ-Krebs-1.jpg?fit=907%2C605&ssl=1&resize=350%2C200 1x, https:\/\/i0.wp.com\/www.jazzzeitung.de\/cms\/wp-content\/uploads\/2021\/08\/P1166181-Peter-Gall-Quintett-Foto-TJ-Krebs-1.jpg?fit=907%2C605&ssl=1&resize=525%2C300 1.5x, https:\/\/i0.wp.com\/www.jazzzeitung.de\/cms\/wp-content\/uploads\/2021\/08\/P1166181-Peter-Gall-Quintett-Foto-TJ-Krebs-1.jpg?fit=907%2C605&ssl=1&resize=700%2C400 2x"},"classes":[]},{"id":18374,"url":"https:\/\/www.jazzzeitung.de\/cms\/2019\/01\/news-auftakt-des-bmw-welt-jazz-award-2019-in-muenchen\/","url_meta":{"origin":8843,"position":4},"title":"Auftakt des BMW Welt Jazz Award 2019 mit Jazzrausch-Techno","author":"Redaktion JazzZeitung","date":"18. Januar 2019","format":false,"excerpt":"M\u00fcnchen im Jazzrausch Mit einer ausgelassenen Tanzparty angefeuert von der Jazzrausch Bigband wurde am Donnerstag der Auftakt des BMW Welt Jazz Award 2019 gefeiert. Durch den Abend f\u00fchrten BR-Moderatorin Beate Sampson und Roman Sladek, Gewinner des BMW Welt Young Artist Jazz Award 2017. Jazzrausch begeisterte mit dem Programm \u201eDancing Wittgenstein\u201c,\u2026","rel":"","context":"In &quot;News&quot;","block_context":{"text":"News","link":"https:\/\/www.jazzzeitung.de\/cms\/thema\/nachrichten\/"},"img":{"alt_text":"","src":"https:\/\/i0.wp.com\/www.jazzzeitung.de\/cms\/wp-content\/uploads\/2019\/01\/JRBB-%40-BMW-Foto-TJ-Krebs-jazzphotoagency%40web.de_.jpg?fit=1200%2C800&ssl=1&resize=350%2C200","width":350,"height":200,"srcset":"https:\/\/i0.wp.com\/www.jazzzeitung.de\/cms\/wp-content\/uploads\/2019\/01\/JRBB-%40-BMW-Foto-TJ-Krebs-jazzphotoagency%40web.de_.jpg?fit=1200%2C800&ssl=1&resize=350%2C200 1x, https:\/\/i0.wp.com\/www.jazzzeitung.de\/cms\/wp-content\/uploads\/2019\/01\/JRBB-%40-BMW-Foto-TJ-Krebs-jazzphotoagency%40web.de_.jpg?fit=1200%2C800&ssl=1&resize=525%2C300 1.5x, https:\/\/i0.wp.com\/www.jazzzeitung.de\/cms\/wp-content\/uploads\/2019\/01\/JRBB-%40-BMW-Foto-TJ-Krebs-jazzphotoagency%40web.de_.jpg?fit=1200%2C800&ssl=1&resize=700%2C400 2x, https:\/\/i0.wp.com\/www.jazzzeitung.de\/cms\/wp-content\/uploads\/2019\/01\/JRBB-%40-BMW-Foto-TJ-Krebs-jazzphotoagency%40web.de_.jpg?fit=1200%2C800&ssl=1&resize=1050%2C600 3x"},"classes":[]},{"id":14972,"url":"https:\/\/www.jazzzeitung.de\/cms\/2018\/02\/auftakt-des-bmw-welt-jazz-award-2018-jazz-moves-interpretiert-von-lbt-und-dem-jukka-eskola-soul-trio\/","url_meta":{"origin":8843,"position":5},"title":"Fotos aus zehn Jahre BMW Welt Jazz Award. Das Motto der zehnten Ausgabe hei\u00dft: \u201eJazz moves\u201c","author":"Redaktion JazzZeitung","date":"1. Februar 2018","format":false,"excerpt":"Der BMW Welt Jazz Award feiert sein zehnj\u00e4hriges Jubil\u00e4um. Ssirus W. Pakzad hat als Musikkritiker den Wettbewerb zehn Jahr lang leidenschaftlich und mit Kennerschaft\u00a0 begleitet und in seiner Rolle als Fotograf viele musikalische Momente festgehalten. Hier eine Galerie mit einer kleinen Auswahl seiner Arbeiten aus dem Doppelkegel der BMW Welt\u2026","rel":"","context":"In &quot;News&quot;","block_context":{"text":"News","link":"https:\/\/www.jazzzeitung.de\/cms\/thema\/nachrichten\/"},"img":{"alt_text":"","src":"https:\/\/i0.wp.com\/www.jazzzeitung.de\/cms\/wp-content\/uploads\/2018\/02\/nru.jpg?fit=1200%2C823&ssl=1&resize=350%2C200","width":350,"height":200,"srcset":"https:\/\/i0.wp.com\/www.jazzzeitung.de\/cms\/wp-content\/uploads\/2018\/02\/nru.jpg?fit=1200%2C823&ssl=1&resize=350%2C200 1x, https:\/\/i0.wp.com\/www.jazzzeitung.de\/cms\/wp-content\/uploads\/2018\/02\/nru.jpg?fit=1200%2C823&ssl=1&resize=525%2C300 1.5x, https:\/\/i0.wp.com\/www.jazzzeitung.de\/cms\/wp-content\/uploads\/2018\/02\/nru.jpg?fit=1200%2C823&ssl=1&resize=700%2C400 2x, https:\/\/i0.wp.com\/www.jazzzeitung.de\/cms\/wp-content\/uploads\/2018\/02\/nru.jpg?fit=1200%2C823&ssl=1&resize=1050%2C600 3x"},"classes":[]}],"jetpack_sharing_enabled":true,"_links":{"self":[{"href":"https:\/\/www.jazzzeitung.de\/cms\/wp-json\/wp\/v2\/posts\/8843","targetHints":{"allow":["GET"]}}],"collection":[{"href":"https:\/\/www.jazzzeitung.de\/cms\/wp-json\/wp\/v2\/posts"}],"about":[{"href":"https:\/\/www.jazzzeitung.de\/cms\/wp-json\/wp\/v2\/types\/post"}],"author":[{"embeddable":true,"href":"https:\/\/www.jazzzeitung.de\/cms\/wp-json\/wp\/v2\/users\/18"}],"replies":[{"embeddable":true,"href":"https:\/\/www.jazzzeitung.de\/cms\/wp-json\/wp\/v2\/comments?post=8843"}],"version-history":[{"count":4,"href":"https:\/\/www.jazzzeitung.de\/cms\/wp-json\/wp\/v2\/posts\/8843\/revisions"}],"predecessor-version":[{"id":8852,"href":"https:\/\/www.jazzzeitung.de\/cms\/wp-json\/wp\/v2\/posts\/8843\/revisions\/8852"}],"wp:attachment":[{"href":"https:\/\/www.jazzzeitung.de\/cms\/wp-json\/wp\/v2\/media?parent=8843"}],"wp:term":[{"taxonomy":"category","embeddable":true,"href":"https:\/\/www.jazzzeitung.de\/cms\/wp-json\/wp\/v2\/categories?post=8843"},{"taxonomy":"post_tag","embeddable":true,"href":"https:\/\/www.jazzzeitung.de\/cms\/wp-json\/wp\/v2\/tags?post=8843"},{"taxonomy":"author","embeddable":true,"href":"https:\/\/www.jazzzeitung.de\/cms\/wp-json\/wp\/v2\/coauthors?post=8843"}],"curies":[{"name":"wp","href":"https:\/\/api.w.org\/{rel}","templated":true}]}}