{"id":884,"date":"2011-03-15T02:22:14","date_gmt":"2011-03-15T01:22:14","guid":{"rendered":"http:\/\/blogs.nmz.de\/jazz\/?p=884"},"modified":"2011-03-15T02:22:14","modified_gmt":"2011-03-15T01:22:14","slug":"jazzfestivals-im-maerz","status":"publish","type":"post","link":"https:\/\/www.jazzzeitung.de\/cms\/2011\/03\/jazzfestivals-im-maerz\/","title":{"rendered":"Jazzfestivals im M\u00e4rz"},"content":{"rendered":"<h6 style=\"text-align: justify\">Der M\u00e4rz sieht wieder einige Jazzfestivals in Deutschland:<\/h6>\n<p style=\"text-align: justify\"><strong>Im S\u00fcden<\/strong> der Klassiker, die <a href=\"http:\/\/www.b-jazz.com\/\" target=\"_blank\">Internationale Jazzwoche Burghausen<\/a> und in M\u00fcnchen die interdisziplin\u00e4ren Festivals <a href=\"http:\/\/www.jazzlines.de\/\" target=\"_blank\">Jazzlines<\/a> (27. M\u00e4rz \u2013 7. April) und <a href=\"http:\/\/www.french-films-at.com\/\" target=\"_blank\">ffAT<\/a> (17.\u201319. M\u00e4rz)<\/p>\n<p style=\"text-align: justify\"><strong>im S\u00fcdwesten<\/strong> das <a href=\"http:\/\/www.experience-jazz.de\/\" target=\"_blank\">Jazzfestival St. Ingbert<\/a> (18.\u201327. M\u00e4rz),<\/p>\n<p style=\"text-align: justify\"><strong>im Norden und Nordosten<\/strong> die <a href=\"http:\/\/www.emskult-goes-jazz.de\/jazztage_2011\/jazztage_2011.html\" target=\"_blank\">Jazztage Emsdetten<\/a> (17.\u201319. M\u00e4rz) und der <a href=\"http:\/\/www.jazzfruehling-nb.de\/\" target=\"_blank\">Neubrandenburger Jazzfr\u00fchling<\/a> (23.\u201327. M\u00e4rz),<\/p>\n<p style=\"text-align: justify\">\n<figure id=\"attachment_889\" aria-describedby=\"caption-attachment-889\" style=\"width: 250px\" class=\"wp-caption aligncenter\"><a href=\"https:\/\/i0.wp.com\/www.jazzzeitung.de\/cms\/wp-content\/uploads\/2011\/03\/Get-The-Blessing_foto_john_minton.jpg\"><img data-recalc-dims=\"1\" loading=\"lazy\" decoding=\"async\" data-attachment-id=\"889\" data-permalink=\"https:\/\/www.jazzzeitung.de\/cms\/2011\/03\/jazzfestivals-im-maerz\/get-the-blessing_foto_john_minton\/\" data-orig-file=\"https:\/\/i0.wp.com\/www.jazzzeitung.de\/cms\/wp-content\/uploads\/2011\/03\/Get-The-Blessing_foto_john_minton.jpg?fit=250%2C240&amp;ssl=1\" data-orig-size=\"250,240\" data-comments-opened=\"1\" data-image-meta=\"{&quot;aperture&quot;:&quot;0&quot;,&quot;credit&quot;:&quot;&quot;,&quot;camera&quot;:&quot;&quot;,&quot;caption&quot;:&quot;&quot;,&quot;created_timestamp&quot;:&quot;0&quot;,&quot;copyright&quot;:&quot;&quot;,&quot;focal_length&quot;:&quot;0&quot;,&quot;iso&quot;:&quot;0&quot;,&quot;shutter_speed&quot;:&quot;0&quot;,&quot;title&quot;:&quot;&quot;}\" data-image-title=\"Get-The-Blessing_foto_john_minton\" data-image-description=\"\" data-image-caption=\"&lt;p&gt;Get The Blessing bei der Brit Jazz Week. Foto: John Minton&lt;\/p&gt;\n\" data-large-file=\"https:\/\/i0.wp.com\/www.jazzzeitung.de\/cms\/wp-content\/uploads\/2011\/03\/Get-The-Blessing_foto_john_minton.jpg?fit=250%2C240&amp;ssl=1\" class=\"size-full wp-image-889\" title=\"Get-The-Blessing_foto_john_minton\" src=\"https:\/\/i0.wp.com\/www.jazzzeitung.de\/cms\/wp-content\/uploads\/2011\/03\/Get-The-Blessing_foto_john_minton.jpg?resize=250%2C240\" alt=\"Get The Blessing bei der Brit Jazz Week. Foto: John Minton\" width=\"250\" height=\"240\" \/><\/a><figcaption id=\"caption-attachment-889\" class=\"wp-caption-text\">Get The Blessing bei der Brit-Jazz-Week. Foto: John Minton<\/figcaption><\/figure>\n<p style=\"text-align: justify\">\n<p style=\"text-align: justify\"><strong>im Osten<\/strong> das <a href=\"http:\/\/www.leipjazzig.de\/front_msie.html\" target=\"_blank\">LeipJazzig-Festival<\/a> (24.\u201327. M\u00e4rz) und<\/p>\n<p style=\"text-align: justify\"><strong>quer durch Deutschland nach \u00d6sterreich<\/strong> in 13 St\u00e4dten und 14 Clubs die Club-Tour <a href=\"http:\/\/www.britjazzweek.com\/home.html\" target=\"_blank\">Brit-Jazz Week<\/a> (14.\u201320. M\u00e4rz; 21.\u201327. M\u00e4rz).<\/p>\n<p style=\"text-align: justify\">\n<p style=\"text-align: justify\">\n","protected":false},"excerpt":{"rendered":"<p>Der M\u00e4rz sieht wieder einige Jazzfestivals in Deutschland: Im S\u00fcden der Klassiker, die Internationale Jazzwoche Burghausen und in M\u00fcnchen die interdisziplin\u00e4ren Festivals Jazzlines (27. M\u00e4rz \u2013 7. April) und ffAT (17.\u201319. M\u00e4rz) im S\u00fcdwesten das Jazzfestival St. Ingbert (18.\u201327. M\u00e4rz), im Norden und Nordosten die Jazztage Emsdetten (17.\u201319. M\u00e4rz) und der Neubrandenburger Jazzfr\u00fchling (23.\u201327. M\u00e4rz), im Osten das LeipJazzig-Festival (24.\u201327. M\u00e4rz) und quer durch Deutschland nach \u00d6sterreich in 13 St\u00e4dten und 14 Clubs die Club-Tour Brit-Jazz Week (14.\u201320. M\u00e4rz; 21.\u201327. M\u00e4rz).<\/p>\n","protected":false},"author":4,"featured_media":0,"comment_status":"open","ping_status":"open","sticky":false,"template":"","format":"standard","meta":{"_jetpack_memberships_contains_paid_content":false,"footnotes":"","jetpack_publicize_message":"","jetpack_publicize_feature_enabled":true,"jetpack_social_post_already_shared":false,"jetpack_social_options":{"image_generator_settings":{"template":"highway","default_image_id":0,"font":"","enabled":false},"version":2}},"categories":[82],"tags":[96,1192,137,244,273,287,348,349,401,411],"coauthors":[],"class_list":["post-884","post","type-post","status-publish","format-standard","hentry","category-blog","tag-brit-jazz-week","tag-clubs","tag-deutschland","tag-internationale-jazzwoche-burghausen","tag-jazzfestival-st-ingbert","tag-jazztage-emsdetten","tag-leipjazzig","tag-leipzig","tag-muenchen","tag-neubrandenburger-jazzfruehling"],"yoast_head":"<!-- This site is optimized with the Yoast SEO plugin v27.5 - https:\/\/yoast.com\/product\/yoast-seo-wordpress\/ -->\n<title>Jazzfestivals im M\u00e4rz - JazzZeitung<\/title>\n<meta name=\"robots\" content=\"index, follow, max-snippet:-1, max-image-preview:large, max-video-preview:-1\" \/>\n<link rel=\"canonical\" href=\"https:\/\/www.jazzzeitung.de\/cms\/2011\/03\/jazzfestivals-im-maerz\/\" \/>\n<meta property=\"og:locale\" content=\"de_DE\" \/>\n<meta property=\"og:type\" content=\"article\" \/>\n<meta property=\"og:title\" content=\"Jazzfestivals im M\u00e4rz - JazzZeitung\" \/>\n<meta property=\"og:description\" content=\"Der M\u00e4rz sieht wieder einige Jazzfestivals in Deutschland: Im S\u00fcden der Klassiker, die Internationale Jazzwoche Burghausen und in M\u00fcnchen die interdisziplin\u00e4ren Festivals Jazzlines (27. M\u00e4rz \u2013 7. April) und ffAT (17.\u201319. M\u00e4rz) im S\u00fcdwesten das Jazzfestival St. Ingbert (18.\u201327. M\u00e4rz), im Norden und Nordosten die Jazztage Emsdetten (17.\u201319. M\u00e4rz) und der Neubrandenburger Jazzfr\u00fchling (23.\u201327. M\u00e4rz), im Osten das LeipJazzig-Festival (24.\u201327. M\u00e4rz) und quer durch Deutschland nach \u00d6sterreich in 13 St\u00e4dten und 14 Clubs die Club-Tour Brit-Jazz Week (14.\u201320. M\u00e4rz; 21.\u201327. M\u00e4rz).\" \/>\n<meta property=\"og:url\" content=\"https:\/\/www.jazzzeitung.de\/cms\/2011\/03\/jazzfestivals-im-maerz\/\" \/>\n<meta property=\"og:site_name\" content=\"JazzZeitung\" \/>\n<meta property=\"article:publisher\" content=\"https:\/\/www.facebook.com\/JazzZeitung\/\" \/>\n<meta property=\"article:published_time\" content=\"2011-03-15T01:22:14+00:00\" \/>\n<meta property=\"og:image\" content=\"http:\/\/www.jazzzeitung.de\/cms\/wp-content\/uploads\/2011\/03\/Get-The-Blessing_foto_john_minton.jpg\" \/>\n<meta name=\"author\" content=\"J\u00f6rg Lichtinger\" \/>\n<script type=\"application\/ld+json\" class=\"yoast-schema-graph\">{\"@context\":\"https:\\\/\\\/schema.org\",\"@graph\":[{\"@type\":\"Article\",\"@id\":\"https:\\\/\\\/www.jazzzeitung.de\\\/cms\\\/2011\\\/03\\\/jazzfestivals-im-maerz\\\/#article\",\"isPartOf\":{\"@id\":\"https:\\\/\\\/www.jazzzeitung.de\\\/cms\\\/2011\\\/03\\\/jazzfestivals-im-maerz\\\/\"},\"author\":{\"name\":\"J\u00f6rg Lichtinger\",\"@id\":\"https:\\\/\\\/www.jazzzeitung.de\\\/cms\\\/#\\\/schema\\\/person\\\/4c5aaf486bdcd85db94b9a8b9e026bad\"},\"headline\":\"Jazzfestivals im M\u00e4rz\",\"datePublished\":\"2011-03-15T01:22:14+00:00\",\"mainEntityOfPage\":{\"@id\":\"https:\\\/\\\/www.jazzzeitung.de\\\/cms\\\/2011\\\/03\\\/jazzfestivals-im-maerz\\\/\"},\"wordCount\":105,\"commentCount\":0,\"publisher\":{\"@id\":\"https:\\\/\\\/www.jazzzeitung.de\\\/cms\\\/#organization\"},\"image\":{\"@id\":\"https:\\\/\\\/www.jazzzeitung.de\\\/cms\\\/2011\\\/03\\\/jazzfestivals-im-maerz\\\/#primaryimage\"},\"thumbnailUrl\":\"http:\\\/\\\/www.jazzzeitung.de\\\/cms\\\/wp-content\\\/uploads\\\/2011\\\/03\\\/Get-The-Blessing_foto_john_minton.jpg\",\"keywords\":[\"brit-jazz-week\",\"Clubs\",\"Deutschland\",\"Internationale Jazzwoche Burghausen\",\"jazzfestival st. ingbert\",\"Jazztage Emsdetten\",\"leipjazzig\",\"Leipzig\",\"M\u00fcnchen\",\"Neubrandenburger Jazzfr\u00fchling\"],\"articleSection\":[\"Blog\"],\"inLanguage\":\"de\",\"potentialAction\":[{\"@type\":\"CommentAction\",\"name\":\"Comment\",\"target\":[\"https:\\\/\\\/www.jazzzeitung.de\\\/cms\\\/2011\\\/03\\\/jazzfestivals-im-maerz\\\/#respond\"]}]},{\"@type\":\"WebPage\",\"@id\":\"https:\\\/\\\/www.jazzzeitung.de\\\/cms\\\/2011\\\/03\\\/jazzfestivals-im-maerz\\\/\",\"url\":\"https:\\\/\\\/www.jazzzeitung.de\\\/cms\\\/2011\\\/03\\\/jazzfestivals-im-maerz\\\/\",\"name\":\"Jazzfestivals im M\u00e4rz - JazzZeitung\",\"isPartOf\":{\"@id\":\"https:\\\/\\\/www.jazzzeitung.de\\\/cms\\\/#website\"},\"primaryImageOfPage\":{\"@id\":\"https:\\\/\\\/www.jazzzeitung.de\\\/cms\\\/2011\\\/03\\\/jazzfestivals-im-maerz\\\/#primaryimage\"},\"image\":{\"@id\":\"https:\\\/\\\/www.jazzzeitung.de\\\/cms\\\/2011\\\/03\\\/jazzfestivals-im-maerz\\\/#primaryimage\"},\"thumbnailUrl\":\"http:\\\/\\\/www.jazzzeitung.de\\\/cms\\\/wp-content\\\/uploads\\\/2011\\\/03\\\/Get-The-Blessing_foto_john_minton.jpg\",\"datePublished\":\"2011-03-15T01:22:14+00:00\",\"breadcrumb\":{\"@id\":\"https:\\\/\\\/www.jazzzeitung.de\\\/cms\\\/2011\\\/03\\\/jazzfestivals-im-maerz\\\/#breadcrumb\"},\"inLanguage\":\"de\",\"potentialAction\":[{\"@type\":\"ReadAction\",\"target\":[\"https:\\\/\\\/www.jazzzeitung.de\\\/cms\\\/2011\\\/03\\\/jazzfestivals-im-maerz\\\/\"]}]},{\"@type\":\"ImageObject\",\"inLanguage\":\"de\",\"@id\":\"https:\\\/\\\/www.jazzzeitung.de\\\/cms\\\/2011\\\/03\\\/jazzfestivals-im-maerz\\\/#primaryimage\",\"url\":\"http:\\\/\\\/www.jazzzeitung.de\\\/cms\\\/wp-content\\\/uploads\\\/2011\\\/03\\\/Get-The-Blessing_foto_john_minton.jpg\",\"contentUrl\":\"http:\\\/\\\/www.jazzzeitung.de\\\/cms\\\/wp-content\\\/uploads\\\/2011\\\/03\\\/Get-The-Blessing_foto_john_minton.jpg\"},{\"@type\":\"BreadcrumbList\",\"@id\":\"https:\\\/\\\/www.jazzzeitung.de\\\/cms\\\/2011\\\/03\\\/jazzfestivals-im-maerz\\\/#breadcrumb\",\"itemListElement\":[{\"@type\":\"ListItem\",\"position\":1,\"name\":\"Startseite\",\"item\":\"https:\\\/\\\/www.jazzzeitung.de\\\/cms\\\/\"},{\"@type\":\"ListItem\",\"position\":2,\"name\":\"Jazzfestivals im M\u00e4rz\"}]},{\"@type\":\"WebSite\",\"@id\":\"https:\\\/\\\/www.jazzzeitung.de\\\/cms\\\/#website\",\"url\":\"https:\\\/\\\/www.jazzzeitung.de\\\/cms\\\/\",\"name\":\"JazzZeitung\",\"description\":\"Jazz-News und Jazz-Kontroverses\",\"publisher\":{\"@id\":\"https:\\\/\\\/www.jazzzeitung.de\\\/cms\\\/#organization\"},\"potentialAction\":[{\"@type\":\"SearchAction\",\"target\":{\"@type\":\"EntryPoint\",\"urlTemplate\":\"https:\\\/\\\/www.jazzzeitung.de\\\/cms\\\/?s={search_term_string}\"},\"query-input\":{\"@type\":\"PropertyValueSpecification\",\"valueRequired\":true,\"valueName\":\"search_term_string\"}}],\"inLanguage\":\"de\"},{\"@type\":\"Organization\",\"@id\":\"https:\\\/\\\/www.jazzzeitung.de\\\/cms\\\/#organization\",\"name\":\"JazzZeitung online\",\"url\":\"https:\\\/\\\/www.jazzzeitung.de\\\/cms\\\/\",\"logo\":{\"@type\":\"ImageObject\",\"inLanguage\":\"de\",\"@id\":\"https:\\\/\\\/www.jazzzeitung.de\\\/cms\\\/#\\\/schema\\\/logo\\\/image\\\/\",\"url\":\"https:\\\/\\\/i0.wp.com\\\/www.jazzzeitung.de\\\/cms\\\/wp-content\\\/uploads\\\/2015\\\/08\\\/JAZZZEITUNGDE_Logo_Neu.png?fit=499%2C200&ssl=1\",\"contentUrl\":\"https:\\\/\\\/i0.wp.com\\\/www.jazzzeitung.de\\\/cms\\\/wp-content\\\/uploads\\\/2015\\\/08\\\/JAZZZEITUNGDE_Logo_Neu.png?fit=499%2C200&ssl=1\",\"width\":499,\"height\":200,\"caption\":\"JazzZeitung online\"},\"image\":{\"@id\":\"https:\\\/\\\/www.jazzzeitung.de\\\/cms\\\/#\\\/schema\\\/logo\\\/image\\\/\"},\"sameAs\":[\"https:\\\/\\\/www.facebook.com\\\/JazzZeitung\\\/\"]},{\"@type\":\"Person\",\"@id\":\"https:\\\/\\\/www.jazzzeitung.de\\\/cms\\\/#\\\/schema\\\/person\\\/4c5aaf486bdcd85db94b9a8b9e026bad\",\"name\":\"J\u00f6rg Lichtinger\",\"image\":{\"@type\":\"ImageObject\",\"inLanguage\":\"de\",\"@id\":\"https:\\\/\\\/secure.gravatar.com\\\/avatar\\\/8d1d484eb77cf370a1620f9866681cdba540c9b8439ce96ea0c830dd3b59936c?s=96&d=wp_user_avatar&r=ge66dff7680db2349fb79ae0cb2d734e3\",\"url\":\"https:\\\/\\\/secure.gravatar.com\\\/avatar\\\/8d1d484eb77cf370a1620f9866681cdba540c9b8439ce96ea0c830dd3b59936c?s=96&d=wp_user_avatar&r=g\",\"contentUrl\":\"https:\\\/\\\/secure.gravatar.com\\\/avatar\\\/8d1d484eb77cf370a1620f9866681cdba540c9b8439ce96ea0c830dd3b59936c?s=96&d=wp_user_avatar&r=g\",\"caption\":\"J\u00f6rg Lichtinger\"},\"url\":\"https:\\\/\\\/www.jazzzeitung.de\\\/cms\\\/author\\\/lichtinger\\\/\"}]}<\/script>\n<!-- \/ Yoast SEO plugin. -->","yoast_head_json":{"title":"Jazzfestivals im M\u00e4rz - JazzZeitung","robots":{"index":"index","follow":"follow","max-snippet":"max-snippet:-1","max-image-preview":"max-image-preview:large","max-video-preview":"max-video-preview:-1"},"canonical":"https:\/\/www.jazzzeitung.de\/cms\/2011\/03\/jazzfestivals-im-maerz\/","og_locale":"de_DE","og_type":"article","og_title":"Jazzfestivals im M\u00e4rz - JazzZeitung","og_description":"Der M\u00e4rz sieht wieder einige Jazzfestivals in Deutschland: Im S\u00fcden der Klassiker, die Internationale Jazzwoche Burghausen und in M\u00fcnchen die interdisziplin\u00e4ren Festivals Jazzlines (27. M\u00e4rz \u2013 7. April) und ffAT (17.\u201319. M\u00e4rz) im S\u00fcdwesten das Jazzfestival St. Ingbert (18.\u201327. M\u00e4rz), im Norden und Nordosten die Jazztage Emsdetten (17.\u201319. M\u00e4rz) und der Neubrandenburger Jazzfr\u00fchling (23.\u201327. M\u00e4rz), im Osten das LeipJazzig-Festival (24.\u201327. M\u00e4rz) und quer durch Deutschland nach \u00d6sterreich in 13 St\u00e4dten und 14 Clubs die Club-Tour Brit-Jazz Week (14.\u201320. M\u00e4rz; 21.\u201327. M\u00e4rz).","og_url":"https:\/\/www.jazzzeitung.de\/cms\/2011\/03\/jazzfestivals-im-maerz\/","og_site_name":"JazzZeitung","article_publisher":"https:\/\/www.facebook.com\/JazzZeitung\/","article_published_time":"2011-03-15T01:22:14+00:00","og_image":[{"url":"http:\/\/www.jazzzeitung.de\/cms\/wp-content\/uploads\/2011\/03\/Get-The-Blessing_foto_john_minton.jpg","type":"","width":"","height":""}],"author":"J\u00f6rg Lichtinger","schema":{"@context":"https:\/\/schema.org","@graph":[{"@type":"Article","@id":"https:\/\/www.jazzzeitung.de\/cms\/2011\/03\/jazzfestivals-im-maerz\/#article","isPartOf":{"@id":"https:\/\/www.jazzzeitung.de\/cms\/2011\/03\/jazzfestivals-im-maerz\/"},"author":{"name":"J\u00f6rg Lichtinger","@id":"https:\/\/www.jazzzeitung.de\/cms\/#\/schema\/person\/4c5aaf486bdcd85db94b9a8b9e026bad"},"headline":"Jazzfestivals im M\u00e4rz","datePublished":"2011-03-15T01:22:14+00:00","mainEntityOfPage":{"@id":"https:\/\/www.jazzzeitung.de\/cms\/2011\/03\/jazzfestivals-im-maerz\/"},"wordCount":105,"commentCount":0,"publisher":{"@id":"https:\/\/www.jazzzeitung.de\/cms\/#organization"},"image":{"@id":"https:\/\/www.jazzzeitung.de\/cms\/2011\/03\/jazzfestivals-im-maerz\/#primaryimage"},"thumbnailUrl":"http:\/\/www.jazzzeitung.de\/cms\/wp-content\/uploads\/2011\/03\/Get-The-Blessing_foto_john_minton.jpg","keywords":["brit-jazz-week","Clubs","Deutschland","Internationale Jazzwoche Burghausen","jazzfestival st. ingbert","Jazztage Emsdetten","leipjazzig","Leipzig","M\u00fcnchen","Neubrandenburger Jazzfr\u00fchling"],"articleSection":["Blog"],"inLanguage":"de","potentialAction":[{"@type":"CommentAction","name":"Comment","target":["https:\/\/www.jazzzeitung.de\/cms\/2011\/03\/jazzfestivals-im-maerz\/#respond"]}]},{"@type":"WebPage","@id":"https:\/\/www.jazzzeitung.de\/cms\/2011\/03\/jazzfestivals-im-maerz\/","url":"https:\/\/www.jazzzeitung.de\/cms\/2011\/03\/jazzfestivals-im-maerz\/","name":"Jazzfestivals im M\u00e4rz - JazzZeitung","isPartOf":{"@id":"https:\/\/www.jazzzeitung.de\/cms\/#website"},"primaryImageOfPage":{"@id":"https:\/\/www.jazzzeitung.de\/cms\/2011\/03\/jazzfestivals-im-maerz\/#primaryimage"},"image":{"@id":"https:\/\/www.jazzzeitung.de\/cms\/2011\/03\/jazzfestivals-im-maerz\/#primaryimage"},"thumbnailUrl":"http:\/\/www.jazzzeitung.de\/cms\/wp-content\/uploads\/2011\/03\/Get-The-Blessing_foto_john_minton.jpg","datePublished":"2011-03-15T01:22:14+00:00","breadcrumb":{"@id":"https:\/\/www.jazzzeitung.de\/cms\/2011\/03\/jazzfestivals-im-maerz\/#breadcrumb"},"inLanguage":"de","potentialAction":[{"@type":"ReadAction","target":["https:\/\/www.jazzzeitung.de\/cms\/2011\/03\/jazzfestivals-im-maerz\/"]}]},{"@type":"ImageObject","inLanguage":"de","@id":"https:\/\/www.jazzzeitung.de\/cms\/2011\/03\/jazzfestivals-im-maerz\/#primaryimage","url":"http:\/\/www.jazzzeitung.de\/cms\/wp-content\/uploads\/2011\/03\/Get-The-Blessing_foto_john_minton.jpg","contentUrl":"http:\/\/www.jazzzeitung.de\/cms\/wp-content\/uploads\/2011\/03\/Get-The-Blessing_foto_john_minton.jpg"},{"@type":"BreadcrumbList","@id":"https:\/\/www.jazzzeitung.de\/cms\/2011\/03\/jazzfestivals-im-maerz\/#breadcrumb","itemListElement":[{"@type":"ListItem","position":1,"name":"Startseite","item":"https:\/\/www.jazzzeitung.de\/cms\/"},{"@type":"ListItem","position":2,"name":"Jazzfestivals im M\u00e4rz"}]},{"@type":"WebSite","@id":"https:\/\/www.jazzzeitung.de\/cms\/#website","url":"https:\/\/www.jazzzeitung.de\/cms\/","name":"JazzZeitung","description":"Jazz-News und Jazz-Kontroverses","publisher":{"@id":"https:\/\/www.jazzzeitung.de\/cms\/#organization"},"potentialAction":[{"@type":"SearchAction","target":{"@type":"EntryPoint","urlTemplate":"https:\/\/www.jazzzeitung.de\/cms\/?s={search_term_string}"},"query-input":{"@type":"PropertyValueSpecification","valueRequired":true,"valueName":"search_term_string"}}],"inLanguage":"de"},{"@type":"Organization","@id":"https:\/\/www.jazzzeitung.de\/cms\/#organization","name":"JazzZeitung online","url":"https:\/\/www.jazzzeitung.de\/cms\/","logo":{"@type":"ImageObject","inLanguage":"de","@id":"https:\/\/www.jazzzeitung.de\/cms\/#\/schema\/logo\/image\/","url":"https:\/\/i0.wp.com\/www.jazzzeitung.de\/cms\/wp-content\/uploads\/2015\/08\/JAZZZEITUNGDE_Logo_Neu.png?fit=499%2C200&ssl=1","contentUrl":"https:\/\/i0.wp.com\/www.jazzzeitung.de\/cms\/wp-content\/uploads\/2015\/08\/JAZZZEITUNGDE_Logo_Neu.png?fit=499%2C200&ssl=1","width":499,"height":200,"caption":"JazzZeitung online"},"image":{"@id":"https:\/\/www.jazzzeitung.de\/cms\/#\/schema\/logo\/image\/"},"sameAs":["https:\/\/www.facebook.com\/JazzZeitung\/"]},{"@type":"Person","@id":"https:\/\/www.jazzzeitung.de\/cms\/#\/schema\/person\/4c5aaf486bdcd85db94b9a8b9e026bad","name":"J\u00f6rg Lichtinger","image":{"@type":"ImageObject","inLanguage":"de","@id":"https:\/\/secure.gravatar.com\/avatar\/8d1d484eb77cf370a1620f9866681cdba540c9b8439ce96ea0c830dd3b59936c?s=96&d=wp_user_avatar&r=ge66dff7680db2349fb79ae0cb2d734e3","url":"https:\/\/secure.gravatar.com\/avatar\/8d1d484eb77cf370a1620f9866681cdba540c9b8439ce96ea0c830dd3b59936c?s=96&d=wp_user_avatar&r=g","contentUrl":"https:\/\/secure.gravatar.com\/avatar\/8d1d484eb77cf370a1620f9866681cdba540c9b8439ce96ea0c830dd3b59936c?s=96&d=wp_user_avatar&r=g","caption":"J\u00f6rg Lichtinger"},"url":"https:\/\/www.jazzzeitung.de\/cms\/author\/lichtinger\/"}]}},"wp-worthy-pixel":{"ignored":false,"public":null,"server":null,"url":null},"wp-worthy-type":"normal","jetpack_publicize_connections":[],"cc_featured_image_caption":{"caption_text":false,"source_text":false,"source_url":false},"jetpack_featured_media_url":"","jetpack_shortlink":"https:\/\/wp.me\/p3KEcT-eg","jetpack-related-posts":[{"id":26908,"url":"https:\/\/www.jazzzeitung.de\/cms\/2022\/03\/news-kari-ikonen-titelfoto-beim-enjoy-jazz-festival-heidelberg-persischer-jazzfruehling-in-muenchen-51-jazzwoche-burghausen-br-uebertraegt-konzerte\/","url_meta":{"origin":884,"position":0},"title":"+++ news +++ Kari Ikonen (Titelfoto) beim Enjoy Jazz Festival Heidelberg +++ Persischer Jazzfr\u00fchling in M\u00fcnchen +++ 51. Jazzwoche Burghausen: BR \u00fcbertr\u00e4gt Konzerte +++","author":"Redaktion JazzZeitung","date":"22. M\u00e4rz 2022","format":false,"excerpt":"Burghausen Jazzwoche startet Nachdem die Jazzwoche Burghausen in den letzten zwei Jahren ausfallen musste, kann sie vom 22. bis 27. M\u00e4rz zum 51. Mal stattfinden. Das Programm ist bunt gemischt und reicht Soul-S\u00e4ngerin Joy Denalane bis zur Jazzharfenistin Juli Campiche. Der Bayerische Rundfunk \u00fcbertr\u00e4gt als Partner des Festivals ausgew\u00e4hlte Highlights\u2026","rel":"","context":"In &quot;News&quot;","block_context":{"text":"News","link":"https:\/\/www.jazzzeitung.de\/cms\/thema\/nachrichten\/"},"img":{"alt_text":"","src":"https:\/\/i0.wp.com\/www.jazzzeitung.de\/cms\/wp-content\/uploads\/2022\/03\/20220515_Kari-Ikonen_c_Tanja-Ahola.jpg?fit=909%2C1200&ssl=1&resize=350%2C200","width":350,"height":200,"srcset":"https:\/\/i0.wp.com\/www.jazzzeitung.de\/cms\/wp-content\/uploads\/2022\/03\/20220515_Kari-Ikonen_c_Tanja-Ahola.jpg?fit=909%2C1200&ssl=1&resize=350%2C200 1x, https:\/\/i0.wp.com\/www.jazzzeitung.de\/cms\/wp-content\/uploads\/2022\/03\/20220515_Kari-Ikonen_c_Tanja-Ahola.jpg?fit=909%2C1200&ssl=1&resize=525%2C300 1.5x, https:\/\/i0.wp.com\/www.jazzzeitung.de\/cms\/wp-content\/uploads\/2022\/03\/20220515_Kari-Ikonen_c_Tanja-Ahola.jpg?fit=909%2C1200&ssl=1&resize=700%2C400 2x"},"classes":[]},{"id":14833,"url":"https:\/\/www.jazzzeitung.de\/cms\/2018\/01\/49-internationale-jazzwoche\/","url_meta":{"origin":884,"position":1},"title":"Die 49. Internationale Jazzwoche Burghausen beginnt am 6. M\u00e4rz 2018","author":"Redaktion JazzZeitung","date":"24. Januar 2018","format":false,"excerpt":"Die 49. Ausgabe der Internationalen Jazzwoche in Burghausen findet heuer vom 6. bis 11. M\u00e4rz statt. Das Vorprogramm f\u00fcr den Auftritt der New Yorker Jazzrock-Band \u201eBlood, Sweat & Tears\u201c in der Wackerhalle am 7. M\u00e4rz wird am Tag davor beim Finale des 10. Europ\u00e4ischen Burghauser Nachwuchs-Jazzpreises ermittelt. Die Erstplatzierten des\u2026","rel":"","context":"In &quot;News&quot;","block_context":{"text":"News","link":"https:\/\/www.jazzzeitung.de\/cms\/thema\/nachrichten\/"},"img":{"alt_text":"","src":"https:\/\/i0.wp.com\/www.jazzzeitung.de\/cms\/wp-content\/uploads\/2018\/01\/bgh_pan_8002_cut.jpg?fit=1200%2C634&ssl=1&resize=350%2C200","width":350,"height":200,"srcset":"https:\/\/i0.wp.com\/www.jazzzeitung.de\/cms\/wp-content\/uploads\/2018\/01\/bgh_pan_8002_cut.jpg?fit=1200%2C634&ssl=1&resize=350%2C200 1x, https:\/\/i0.wp.com\/www.jazzzeitung.de\/cms\/wp-content\/uploads\/2018\/01\/bgh_pan_8002_cut.jpg?fit=1200%2C634&ssl=1&resize=525%2C300 1.5x, https:\/\/i0.wp.com\/www.jazzzeitung.de\/cms\/wp-content\/uploads\/2018\/01\/bgh_pan_8002_cut.jpg?fit=1200%2C634&ssl=1&resize=700%2C400 2x, https:\/\/i0.wp.com\/www.jazzzeitung.de\/cms\/wp-content\/uploads\/2018\/01\/bgh_pan_8002_cut.jpg?fit=1200%2C634&ssl=1&resize=1050%2C600 3x"},"classes":[]},{"id":26837,"url":"https:\/\/www.jazzzeitung.de\/cms\/2022\/03\/news-70-jahre-swr-bigband-51-jazzwoche-burghausen\/","url_meta":{"origin":884,"position":2},"title":"+++ news +++70 Jahre SWR Bigband +++ 51. Jazzwoche Burghausen +++","author":"Redaktion JazzZeitung","date":"10. M\u00e4rz 2022","format":false,"excerpt":"70 Jahre SWR Bigband Nachdem das Jubil\u00e4umskonzert 2021 coronabedingt ausfallen musste, feiert die SWR Bigband dieses Jahr am 3. April in der Porsche-Arena ihr 70 j\u00e4hriges Bestehen. Geplant ist die \"gr\u00f6\u00dfte Bigband Sause, die es in Stuttgart je gegeben hat\". Es gratulieren zahlreiche K\u00fcnstlerinnen und K\u00fcnstler, darunter Paul Carrack, Till\u2026","rel":"","context":"In &quot;News&quot;","block_context":{"text":"News","link":"https:\/\/www.jazzzeitung.de\/cms\/thema\/nachrichten\/"},"img":{"alt_text":"","src":"https:\/\/i0.wp.com\/www.jazzzeitung.de\/cms\/wp-content\/uploads\/2022\/03\/SWRBB_Logo-cLena-Semmelroggen-4-scaled.jpg?fit=1200%2C800&ssl=1&resize=350%2C200","width":350,"height":200,"srcset":"https:\/\/i0.wp.com\/www.jazzzeitung.de\/cms\/wp-content\/uploads\/2022\/03\/SWRBB_Logo-cLena-Semmelroggen-4-scaled.jpg?fit=1200%2C800&ssl=1&resize=350%2C200 1x, https:\/\/i0.wp.com\/www.jazzzeitung.de\/cms\/wp-content\/uploads\/2022\/03\/SWRBB_Logo-cLena-Semmelroggen-4-scaled.jpg?fit=1200%2C800&ssl=1&resize=525%2C300 1.5x, https:\/\/i0.wp.com\/www.jazzzeitung.de\/cms\/wp-content\/uploads\/2022\/03\/SWRBB_Logo-cLena-Semmelroggen-4-scaled.jpg?fit=1200%2C800&ssl=1&resize=700%2C400 2x, https:\/\/i0.wp.com\/www.jazzzeitung.de\/cms\/wp-content\/uploads\/2022\/03\/SWRBB_Logo-cLena-Semmelroggen-4-scaled.jpg?fit=1200%2C800&ssl=1&resize=1050%2C600 3x"},"classes":[]},{"id":23950,"url":"https:\/\/www.jazzzeitung.de\/cms\/2020\/12\/internationale-jazzwoche-burghausen-2021-auf-sommer-verschoben\/","url_meta":{"origin":884,"position":3},"title":"Internationale Jazzwoche Burghausen 2021 auf Sommer verschoben","author":"Redaktion JazzZeitung","date":"9. Dezember 2020","format":false,"excerpt":"Nachdem das Festival in diesem Jahr bereits komplett abgesagt werden musste und die geplanten Programmpunkte zun\u00e4chst auf den M\u00e4rz 2021 umgebucht wurden, scheint eine Durchf\u00fchrung im Fr\u00fchjahr aufgrund der versch\u00e4rften Corona-Situation derzeit nicht realistisch. Die Entwicklungen lassen bef\u00fcrchten, dass auch bis weit \u00fcber den M\u00e4rz hinaus noch eine so unsichere\u2026","rel":"","context":"In &quot;News&quot;","block_context":{"text":"News","link":"https:\/\/www.jazzzeitung.de\/cms\/thema\/nachrichten\/"},"img":{"alt_text":"","src":"https:\/\/i0.wp.com\/www.jazzzeitung.de\/cms\/wp-content\/uploads\/2020\/12\/burghausen.jpg?fit=1200%2C600&ssl=1&resize=350%2C200","width":350,"height":200,"srcset":"https:\/\/i0.wp.com\/www.jazzzeitung.de\/cms\/wp-content\/uploads\/2020\/12\/burghausen.jpg?fit=1200%2C600&ssl=1&resize=350%2C200 1x, https:\/\/i0.wp.com\/www.jazzzeitung.de\/cms\/wp-content\/uploads\/2020\/12\/burghausen.jpg?fit=1200%2C600&ssl=1&resize=525%2C300 1.5x, https:\/\/i0.wp.com\/www.jazzzeitung.de\/cms\/wp-content\/uploads\/2020\/12\/burghausen.jpg?fit=1200%2C600&ssl=1&resize=700%2C400 2x, https:\/\/i0.wp.com\/www.jazzzeitung.de\/cms\/wp-content\/uploads\/2020\/12\/burghausen.jpg?fit=1200%2C600&ssl=1&resize=1050%2C600 3x"},"classes":[]},{"id":27048,"url":"https:\/\/www.jazzzeitung.de\/cms\/2022\/04\/51-internationale-jazzwoche-burghausen-mit-jungem-jazz-und-reichlich-popacts\/","url_meta":{"origin":884,"position":4},"title":"51. Internationale Jazzwoche Burghausen mit jungem Jazz und reichlich Popacts","author":"Redaktion JazzZeitung","date":"6. April 2022","format":false,"excerpt":"Die Zitterpartie um die 51. Internationale Jazzwoche Burghausen ist erfolgreich ausgestanden. Nach zweij\u00e4hriger Pause und dreifacher Planung - f\u00fcr M\u00e4rz 2020 und zweimal f\u00fcr 2021 - konnte sie mit 31 Auftritten fast wie gewohnt \u00fcber die B\u00fchnen gehen. Rund 6.000 Besucher an den sechs Tagen zeigten, dass trotz oder vielleicht\u2026","rel":"","context":"In &quot;Bericht&quot;","block_context":{"text":"Bericht","link":"https:\/\/www.jazzzeitung.de\/cms\/thema\/bericht\/"},"img":{"alt_text":"","src":"https:\/\/i0.wp.com\/www.jazzzeitung.de\/cms\/wp-content\/uploads\/2022\/04\/SHAKE-STEW_KRANZELBINDERLukas-PIRKERHerbert-WIESINGERAstrid-ROMMario-SCHLEIERMACHERJohannes%C2%A9Godehard.Lutz%40bayern-mail.de_IMGP1936-scaled.jpg?fit=1200%2C795&ssl=1&resize=350%2C200","width":350,"height":200,"srcset":"https:\/\/i0.wp.com\/www.jazzzeitung.de\/cms\/wp-content\/uploads\/2022\/04\/SHAKE-STEW_KRANZELBINDERLukas-PIRKERHerbert-WIESINGERAstrid-ROMMario-SCHLEIERMACHERJohannes%C2%A9Godehard.Lutz%40bayern-mail.de_IMGP1936-scaled.jpg?fit=1200%2C795&ssl=1&resize=350%2C200 1x, https:\/\/i0.wp.com\/www.jazzzeitung.de\/cms\/wp-content\/uploads\/2022\/04\/SHAKE-STEW_KRANZELBINDERLukas-PIRKERHerbert-WIESINGERAstrid-ROMMario-SCHLEIERMACHERJohannes%C2%A9Godehard.Lutz%40bayern-mail.de_IMGP1936-scaled.jpg?fit=1200%2C795&ssl=1&resize=525%2C300 1.5x, https:\/\/i0.wp.com\/www.jazzzeitung.de\/cms\/wp-content\/uploads\/2022\/04\/SHAKE-STEW_KRANZELBINDERLukas-PIRKERHerbert-WIESINGERAstrid-ROMMario-SCHLEIERMACHERJohannes%C2%A9Godehard.Lutz%40bayern-mail.de_IMGP1936-scaled.jpg?fit=1200%2C795&ssl=1&resize=700%2C400 2x, https:\/\/i0.wp.com\/www.jazzzeitung.de\/cms\/wp-content\/uploads\/2022\/04\/SHAKE-STEW_KRANZELBINDERLukas-PIRKERHerbert-WIESINGERAstrid-ROMMario-SCHLEIERMACHERJohannes%C2%A9Godehard.Lutz%40bayern-mail.de_IMGP1936-scaled.jpg?fit=1200%2C795&ssl=1&resize=1050%2C600 3x"},"classes":[]},{"id":26829,"url":"https:\/\/www.jazzzeitung.de\/cms\/2022\/03\/newsantragstellung-bayerische-festivalfoerderung-bis-15-maerzkemptener-jazzfruehlingjazz-rally-duesseldorfneue-konzertreihe-prism-o-scopes\/","url_meta":{"origin":884,"position":5},"title":"+++news+++Antragstellung Bayerische Festivalf\u00f6rderung bis 15. M\u00e4rz+++Kemptener Jazzfr\u00fchling+++Jazz Rally D\u00fcsseldorf+++Neue Konzertreihe &#8222;Prism-O-Scopes&#8220;+++","author":"Redaktion JazzZeitung","date":"8. M\u00e4rz 2022","format":false,"excerpt":"Bis 15. M\u00e4rz: Antragstellung Bayerische Festivalf\u00f6rderung Mit Mitteln des Bayerischen Staatsministeriums f\u00fcr Wissenschaft und Kunst werden Bayerische Jazzfestivals und Konzertreihen gef\u00f6rdert. \u00dcber die Verteilung der F\u00f6rdermittel f\u00fcr 2022 wird voraussichtlich im Mai\/Juni entschieden. Bis zum 15. M\u00e4rz k\u00f6nnen Antr\u00e4ge im Projektb\u00fcro Marktoberdorf eingereicht werden. Weitere Informationen hier \u00a0 37. Kemptener\u2026","rel":"","context":"In &quot;News&quot;","block_context":{"text":"News","link":"https:\/\/www.jazzzeitung.de\/cms\/thema\/nachrichten\/"},"img":{"alt_text":"","src":"https:\/\/i0.wp.com\/www.jazzzeitung.de\/cms\/wp-content\/uploads\/2022\/03\/SH_153-c-Maximilian-Koenig-002-scaled.jpg?fit=1200%2C800&ssl=1&resize=350%2C200","width":350,"height":200,"srcset":"https:\/\/i0.wp.com\/www.jazzzeitung.de\/cms\/wp-content\/uploads\/2022\/03\/SH_153-c-Maximilian-Koenig-002-scaled.jpg?fit=1200%2C800&ssl=1&resize=350%2C200 1x, https:\/\/i0.wp.com\/www.jazzzeitung.de\/cms\/wp-content\/uploads\/2022\/03\/SH_153-c-Maximilian-Koenig-002-scaled.jpg?fit=1200%2C800&ssl=1&resize=525%2C300 1.5x, https:\/\/i0.wp.com\/www.jazzzeitung.de\/cms\/wp-content\/uploads\/2022\/03\/SH_153-c-Maximilian-Koenig-002-scaled.jpg?fit=1200%2C800&ssl=1&resize=700%2C400 2x, https:\/\/i0.wp.com\/www.jazzzeitung.de\/cms\/wp-content\/uploads\/2022\/03\/SH_153-c-Maximilian-Koenig-002-scaled.jpg?fit=1200%2C800&ssl=1&resize=1050%2C600 3x"},"classes":[]}],"jetpack_sharing_enabled":true,"_links":{"self":[{"href":"https:\/\/www.jazzzeitung.de\/cms\/wp-json\/wp\/v2\/posts\/884","targetHints":{"allow":["GET"]}}],"collection":[{"href":"https:\/\/www.jazzzeitung.de\/cms\/wp-json\/wp\/v2\/posts"}],"about":[{"href":"https:\/\/www.jazzzeitung.de\/cms\/wp-json\/wp\/v2\/types\/post"}],"author":[{"embeddable":true,"href":"https:\/\/www.jazzzeitung.de\/cms\/wp-json\/wp\/v2\/users\/4"}],"replies":[{"embeddable":true,"href":"https:\/\/www.jazzzeitung.de\/cms\/wp-json\/wp\/v2\/comments?post=884"}],"version-history":[{"count":0,"href":"https:\/\/www.jazzzeitung.de\/cms\/wp-json\/wp\/v2\/posts\/884\/revisions"}],"wp:attachment":[{"href":"https:\/\/www.jazzzeitung.de\/cms\/wp-json\/wp\/v2\/media?parent=884"}],"wp:term":[{"taxonomy":"category","embeddable":true,"href":"https:\/\/www.jazzzeitung.de\/cms\/wp-json\/wp\/v2\/categories?post=884"},{"taxonomy":"post_tag","embeddable":true,"href":"https:\/\/www.jazzzeitung.de\/cms\/wp-json\/wp\/v2\/tags?post=884"},{"taxonomy":"author","embeddable":true,"href":"https:\/\/www.jazzzeitung.de\/cms\/wp-json\/wp\/v2\/coauthors?post=884"}],"curies":[{"name":"wp","href":"https:\/\/api.w.org\/{rel}","templated":true}]}}