{"id":88,"date":"2010-05-19T21:46:23","date_gmt":"2010-05-19T19:46:23","guid":{"rendered":"http:\/\/blogs.nmz.de\/jazz\/?p=88"},"modified":"2010-05-19T21:46:23","modified_gmt":"2010-05-19T19:46:23","slug":"neuer-deutscher-jazzpreis-preis-ohne-echo","status":"publish","type":"post","link":"https:\/\/www.jazzzeitung.de\/cms\/2010\/05\/neuer-deutscher-jazzpreis-preis-ohne-echo\/","title":{"rendered":"Neuer Deutscher Jazzpreis \u2013 Preis ohne Echo?"},"content":{"rendered":"<p>Nachdem die letzten Wochen voller jazziger Echos waren, m\u00f6chte ich noch einmal in den Wald hineinrufen und das Augenmerk auf einen Deutschen Jazzpreis richten, der nicht von der Musikwirtschaft, sondern, nach einem Gang durch mehrere Instanzen, vom Endverbraucher selbst vergeben wird. Der Neue Deutsche Jazzpreis in Mannheim. Derzeit erh\u00e4lt der Veranstalter, die IG Jazz Rhein-Neckar, j\u00e4hrlich etwa 200 Bewerbungen von deutschen Bands. Man kann also sagen, dass sich die deutsche Jazzszene hier durchaus in der Breite repr\u00e4sentiert.<\/p>\n<p>Die Ausscheidungsprozedur: Nach einer Vorauswahl, getroffen in Zusammenarbeit mit dem Jazzinstitut Darmstadt und einzelnen Journalisten, werden etwa ein Dutzend Bands an einen j\u00e4hrlich wechselnden Kurator weitergegeben. Dieser sucht dann drei Finalteilnehmer aus, die sich in Mannheim konzertant pr\u00e4sentieren d\u00fcrfen. Das Publikum bestimmt anschlie\u00dfend an die Konzerte mittels Stimmzettel den Gewinner. So zuletzt geschehen im M\u00e4rz 2010, wobei das Tim Allhoff Trio den Zuschlag und 10.000 \u20ac erhielt (Bericht demn\u00e4chst in Ausgabe 03\/2010 der Jazzzeitung).<\/p>\n<p>Was die mediale Aufmerksamkeit angeht, besteht nat\u00fcrlich kein Vergleich zum ECHO JAZZ, aber auch in den Fachmedien wird \u00fcberraschend wenig Aufhebens gemacht um diesen Preis, der vergleichsweise hochdotiert ist und unter Beteiligung anerkannter Jazzgr\u00f6\u00dfen (in diesem Jahr Kenny Wheeler) vergeben wird. Meine Frage (auch an die mitlesenden Musiker und Journalisten), wieso bewegt ein Echo f\u00fcr den Jazz, ob negativ oder positiv gesehen, die Jazzwelt weit mehr als dieser handgemachte &#8222;Underground&#8220;-Preis? Zugegeben, nicht jeder mag das Prinzip unterst\u00fctzen, dass der Preistr\u00e4ger vom wankelm\u00fctigen und beeinflussbaren Publikum ermittelt wird, aber kommerzielle &#8222;Verunreinigung&#8220; ist hier zumindest auszuschlie\u00dfen.<\/p>\n<p>Taugt der NDJP also nicht zum Mekka der geknechteten Jazzarbeiter, die in Bochum keiner auf die B\u00fchne bitten will? Wobei, der letztj\u00e4hrige Gewinner Frederik K\u00f6ster durfte sich in diesem Jahr auch in Bochum seinen Preis abholen \u2013 zur Regel wird das aber sicher nicht. Oder hat Dieter Gorny am Ende auch schon die Mannheimer Jazz-Recken verhunzt?<\/p>\n","protected":false},"excerpt":{"rendered":"<p>Nachdem die letzten Wochen voller jazziger Echos waren, m\u00f6chte ich noch einmal in den Wald hineinrufen und das Augenmerk auf einen Deutschen Jazzpreis richten, der nicht von der Musikwirtschaft, sondern, nach einem Gang durch mehrere Instanzen, vom Endverbraucher selbst vergeben wird. Der Neue Deutsche Jazzpreis in Mannheim. Derzeit erh\u00e4lt der Veranstalter, die IG Jazz Rhein-Neckar, j\u00e4hrlich etwa 200 Bewerbungen von deutschen Bands. Man kann also sagen, dass sich die deutsche Jazzszene hier durchaus in der Breite repr\u00e4sentiert.<\/p>\n","protected":false},"author":4,"featured_media":0,"comment_status":"open","ping_status":"open","sticky":false,"template":"","format":"standard","meta":{"_jetpack_memberships_contains_paid_content":false,"footnotes":"","jetpack_publicize_message":"","jetpack_publicize_feature_enabled":true,"jetpack_social_post_already_shared":false,"jetpack_social_options":{"image_generator_settings":{"template":"highway","default_image_id":0,"font":"","enabled":false},"version":2}},"categories":[82],"tags":[37,88,157,189,232,277,278,312,323,374,414,550],"coauthors":[],"class_list":["post-88","post","type-post","status-publish","format-standard","hentry","category-blog","tag-alte-feuerwache","tag-bochum","tag-echo-jazz","tag-frederik-koester","tag-ig-jazz","tag-jazzinstitut","tag-jazzinstitut-darmstadt","tag-kenny-wheeler","tag-konzerte","tag-mannheim","tag-neuer-deutscher-jazzpreis","tag-tim-allhoff"],"yoast_head":"<!-- This site is optimized with the Yoast SEO plugin v27.5 - https:\/\/yoast.com\/product\/yoast-seo-wordpress\/ -->\n<title>Neuer Deutscher Jazzpreis \u2013 Preis ohne Echo? - JazzZeitung<\/title>\n<meta name=\"robots\" content=\"index, follow, max-snippet:-1, max-image-preview:large, max-video-preview:-1\" \/>\n<link rel=\"canonical\" href=\"https:\/\/www.jazzzeitung.de\/cms\/2010\/05\/neuer-deutscher-jazzpreis-preis-ohne-echo\/\" \/>\n<meta property=\"og:locale\" content=\"de_DE\" \/>\n<meta property=\"og:type\" content=\"article\" \/>\n<meta property=\"og:title\" content=\"Neuer Deutscher Jazzpreis \u2013 Preis ohne Echo? - JazzZeitung\" \/>\n<meta property=\"og:description\" content=\"Nachdem die letzten Wochen voller jazziger Echos waren, m\u00f6chte ich noch einmal in den Wald hineinrufen und das Augenmerk auf einen Deutschen Jazzpreis richten, der nicht von der Musikwirtschaft, sondern, nach einem Gang durch mehrere Instanzen, vom Endverbraucher selbst vergeben wird. Der Neue Deutsche Jazzpreis in Mannheim. Derzeit erh\u00e4lt der Veranstalter, die IG Jazz Rhein-Neckar, j\u00e4hrlich etwa 200 Bewerbungen von deutschen Bands. Man kann also sagen, dass sich die deutsche Jazzszene hier durchaus in der Breite repr\u00e4sentiert.\" \/>\n<meta property=\"og:url\" content=\"https:\/\/www.jazzzeitung.de\/cms\/2010\/05\/neuer-deutscher-jazzpreis-preis-ohne-echo\/\" \/>\n<meta property=\"og:site_name\" content=\"JazzZeitung\" \/>\n<meta property=\"article:publisher\" content=\"https:\/\/www.facebook.com\/JazzZeitung\/\" \/>\n<meta property=\"article:published_time\" content=\"2010-05-19T19:46:23+00:00\" \/>\n<meta property=\"og:image\" content=\"https:\/\/i0.wp.com\/www.jazzzeitung.de\/cms\/wp-content\/uploads\/2012\/01\/ipad-logo-200.png?fit=200%2C200&ssl=1\" \/>\n\t<meta property=\"og:image:width\" content=\"200\" \/>\n\t<meta property=\"og:image:height\" content=\"200\" \/>\n\t<meta property=\"og:image:type\" content=\"image\/png\" \/>\n<meta name=\"author\" content=\"J\u00f6rg Lichtinger\" \/>\n<script type=\"application\/ld+json\" class=\"yoast-schema-graph\">{\"@context\":\"https:\\\/\\\/schema.org\",\"@graph\":[{\"@type\":\"Article\",\"@id\":\"https:\\\/\\\/www.jazzzeitung.de\\\/cms\\\/2010\\\/05\\\/neuer-deutscher-jazzpreis-preis-ohne-echo\\\/#article\",\"isPartOf\":{\"@id\":\"https:\\\/\\\/www.jazzzeitung.de\\\/cms\\\/2010\\\/05\\\/neuer-deutscher-jazzpreis-preis-ohne-echo\\\/\"},\"author\":{\"name\":\"J\u00f6rg Lichtinger\",\"@id\":\"https:\\\/\\\/www.jazzzeitung.de\\\/cms\\\/#\\\/schema\\\/person\\\/4c5aaf486bdcd85db94b9a8b9e026bad\"},\"headline\":\"Neuer Deutscher Jazzpreis \u2013 Preis ohne Echo?\",\"datePublished\":\"2010-05-19T19:46:23+00:00\",\"mainEntityOfPage\":{\"@id\":\"https:\\\/\\\/www.jazzzeitung.de\\\/cms\\\/2010\\\/05\\\/neuer-deutscher-jazzpreis-preis-ohne-echo\\\/\"},\"wordCount\":322,\"commentCount\":1,\"publisher\":{\"@id\":\"https:\\\/\\\/www.jazzzeitung.de\\\/cms\\\/#organization\"},\"keywords\":[\"Alte Feuerwache\",\"Bochum\",\"Echo Jazz\",\"Frederik K\u00f6ster\",\"IG Jazz\",\"Jazzinstitut\",\"Jazzinstitut Darmstadt\",\"Kenny Wheeler\",\"Konzerte\",\"Mannheim\",\"Neuer Deutscher Jazzpreis\",\"Tim Allhoff\"],\"articleSection\":[\"Blog\"],\"inLanguage\":\"de\",\"potentialAction\":[{\"@type\":\"CommentAction\",\"name\":\"Comment\",\"target\":[\"https:\\\/\\\/www.jazzzeitung.de\\\/cms\\\/2010\\\/05\\\/neuer-deutscher-jazzpreis-preis-ohne-echo\\\/#respond\"]}]},{\"@type\":\"WebPage\",\"@id\":\"https:\\\/\\\/www.jazzzeitung.de\\\/cms\\\/2010\\\/05\\\/neuer-deutscher-jazzpreis-preis-ohne-echo\\\/\",\"url\":\"https:\\\/\\\/www.jazzzeitung.de\\\/cms\\\/2010\\\/05\\\/neuer-deutscher-jazzpreis-preis-ohne-echo\\\/\",\"name\":\"Neuer Deutscher Jazzpreis \u2013 Preis ohne Echo? - JazzZeitung\",\"isPartOf\":{\"@id\":\"https:\\\/\\\/www.jazzzeitung.de\\\/cms\\\/#website\"},\"datePublished\":\"2010-05-19T19:46:23+00:00\",\"breadcrumb\":{\"@id\":\"https:\\\/\\\/www.jazzzeitung.de\\\/cms\\\/2010\\\/05\\\/neuer-deutscher-jazzpreis-preis-ohne-echo\\\/#breadcrumb\"},\"inLanguage\":\"de\",\"potentialAction\":[{\"@type\":\"ReadAction\",\"target\":[\"https:\\\/\\\/www.jazzzeitung.de\\\/cms\\\/2010\\\/05\\\/neuer-deutscher-jazzpreis-preis-ohne-echo\\\/\"]}]},{\"@type\":\"BreadcrumbList\",\"@id\":\"https:\\\/\\\/www.jazzzeitung.de\\\/cms\\\/2010\\\/05\\\/neuer-deutscher-jazzpreis-preis-ohne-echo\\\/#breadcrumb\",\"itemListElement\":[{\"@type\":\"ListItem\",\"position\":1,\"name\":\"Startseite\",\"item\":\"https:\\\/\\\/www.jazzzeitung.de\\\/cms\\\/\"},{\"@type\":\"ListItem\",\"position\":2,\"name\":\"Neuer Deutscher Jazzpreis \u2013 Preis ohne Echo?\"}]},{\"@type\":\"WebSite\",\"@id\":\"https:\\\/\\\/www.jazzzeitung.de\\\/cms\\\/#website\",\"url\":\"https:\\\/\\\/www.jazzzeitung.de\\\/cms\\\/\",\"name\":\"JazzZeitung\",\"description\":\"Jazz-News und Jazz-Kontroverses\",\"publisher\":{\"@id\":\"https:\\\/\\\/www.jazzzeitung.de\\\/cms\\\/#organization\"},\"potentialAction\":[{\"@type\":\"SearchAction\",\"target\":{\"@type\":\"EntryPoint\",\"urlTemplate\":\"https:\\\/\\\/www.jazzzeitung.de\\\/cms\\\/?s={search_term_string}\"},\"query-input\":{\"@type\":\"PropertyValueSpecification\",\"valueRequired\":true,\"valueName\":\"search_term_string\"}}],\"inLanguage\":\"de\"},{\"@type\":\"Organization\",\"@id\":\"https:\\\/\\\/www.jazzzeitung.de\\\/cms\\\/#organization\",\"name\":\"JazzZeitung online\",\"url\":\"https:\\\/\\\/www.jazzzeitung.de\\\/cms\\\/\",\"logo\":{\"@type\":\"ImageObject\",\"inLanguage\":\"de\",\"@id\":\"https:\\\/\\\/www.jazzzeitung.de\\\/cms\\\/#\\\/schema\\\/logo\\\/image\\\/\",\"url\":\"https:\\\/\\\/i0.wp.com\\\/www.jazzzeitung.de\\\/cms\\\/wp-content\\\/uploads\\\/2015\\\/08\\\/JAZZZEITUNGDE_Logo_Neu.png?fit=499%2C200&ssl=1\",\"contentUrl\":\"https:\\\/\\\/i0.wp.com\\\/www.jazzzeitung.de\\\/cms\\\/wp-content\\\/uploads\\\/2015\\\/08\\\/JAZZZEITUNGDE_Logo_Neu.png?fit=499%2C200&ssl=1\",\"width\":499,\"height\":200,\"caption\":\"JazzZeitung online\"},\"image\":{\"@id\":\"https:\\\/\\\/www.jazzzeitung.de\\\/cms\\\/#\\\/schema\\\/logo\\\/image\\\/\"},\"sameAs\":[\"https:\\\/\\\/www.facebook.com\\\/JazzZeitung\\\/\"]},{\"@type\":\"Person\",\"@id\":\"https:\\\/\\\/www.jazzzeitung.de\\\/cms\\\/#\\\/schema\\\/person\\\/4c5aaf486bdcd85db94b9a8b9e026bad\",\"name\":\"J\u00f6rg Lichtinger\",\"image\":{\"@type\":\"ImageObject\",\"inLanguage\":\"de\",\"@id\":\"https:\\\/\\\/secure.gravatar.com\\\/avatar\\\/8d1d484eb77cf370a1620f9866681cdba540c9b8439ce96ea0c830dd3b59936c?s=96&d=wp_user_avatar&r=ge66dff7680db2349fb79ae0cb2d734e3\",\"url\":\"https:\\\/\\\/secure.gravatar.com\\\/avatar\\\/8d1d484eb77cf370a1620f9866681cdba540c9b8439ce96ea0c830dd3b59936c?s=96&d=wp_user_avatar&r=g\",\"contentUrl\":\"https:\\\/\\\/secure.gravatar.com\\\/avatar\\\/8d1d484eb77cf370a1620f9866681cdba540c9b8439ce96ea0c830dd3b59936c?s=96&d=wp_user_avatar&r=g\",\"caption\":\"J\u00f6rg Lichtinger\"},\"url\":\"https:\\\/\\\/www.jazzzeitung.de\\\/cms\\\/author\\\/lichtinger\\\/\"}]}<\/script>\n<!-- \/ Yoast SEO plugin. -->","yoast_head_json":{"title":"Neuer Deutscher Jazzpreis \u2013 Preis ohne Echo? - JazzZeitung","robots":{"index":"index","follow":"follow","max-snippet":"max-snippet:-1","max-image-preview":"max-image-preview:large","max-video-preview":"max-video-preview:-1"},"canonical":"https:\/\/www.jazzzeitung.de\/cms\/2010\/05\/neuer-deutscher-jazzpreis-preis-ohne-echo\/","og_locale":"de_DE","og_type":"article","og_title":"Neuer Deutscher Jazzpreis \u2013 Preis ohne Echo? - JazzZeitung","og_description":"Nachdem die letzten Wochen voller jazziger Echos waren, m\u00f6chte ich noch einmal in den Wald hineinrufen und das Augenmerk auf einen Deutschen Jazzpreis richten, der nicht von der Musikwirtschaft, sondern, nach einem Gang durch mehrere Instanzen, vom Endverbraucher selbst vergeben wird. Der Neue Deutsche Jazzpreis in Mannheim. Derzeit erh\u00e4lt der Veranstalter, die IG Jazz Rhein-Neckar, j\u00e4hrlich etwa 200 Bewerbungen von deutschen Bands. Man kann also sagen, dass sich die deutsche Jazzszene hier durchaus in der Breite repr\u00e4sentiert.","og_url":"https:\/\/www.jazzzeitung.de\/cms\/2010\/05\/neuer-deutscher-jazzpreis-preis-ohne-echo\/","og_site_name":"JazzZeitung","article_publisher":"https:\/\/www.facebook.com\/JazzZeitung\/","article_published_time":"2010-05-19T19:46:23+00:00","og_image":[{"width":200,"height":200,"url":"https:\/\/i0.wp.com\/www.jazzzeitung.de\/cms\/wp-content\/uploads\/2012\/01\/ipad-logo-200.png?fit=200%2C200&ssl=1","type":"image\/png"}],"author":"J\u00f6rg Lichtinger","schema":{"@context":"https:\/\/schema.org","@graph":[{"@type":"Article","@id":"https:\/\/www.jazzzeitung.de\/cms\/2010\/05\/neuer-deutscher-jazzpreis-preis-ohne-echo\/#article","isPartOf":{"@id":"https:\/\/www.jazzzeitung.de\/cms\/2010\/05\/neuer-deutscher-jazzpreis-preis-ohne-echo\/"},"author":{"name":"J\u00f6rg Lichtinger","@id":"https:\/\/www.jazzzeitung.de\/cms\/#\/schema\/person\/4c5aaf486bdcd85db94b9a8b9e026bad"},"headline":"Neuer Deutscher Jazzpreis \u2013 Preis ohne Echo?","datePublished":"2010-05-19T19:46:23+00:00","mainEntityOfPage":{"@id":"https:\/\/www.jazzzeitung.de\/cms\/2010\/05\/neuer-deutscher-jazzpreis-preis-ohne-echo\/"},"wordCount":322,"commentCount":1,"publisher":{"@id":"https:\/\/www.jazzzeitung.de\/cms\/#organization"},"keywords":["Alte Feuerwache","Bochum","Echo Jazz","Frederik K\u00f6ster","IG Jazz","Jazzinstitut","Jazzinstitut Darmstadt","Kenny Wheeler","Konzerte","Mannheim","Neuer Deutscher Jazzpreis","Tim Allhoff"],"articleSection":["Blog"],"inLanguage":"de","potentialAction":[{"@type":"CommentAction","name":"Comment","target":["https:\/\/www.jazzzeitung.de\/cms\/2010\/05\/neuer-deutscher-jazzpreis-preis-ohne-echo\/#respond"]}]},{"@type":"WebPage","@id":"https:\/\/www.jazzzeitung.de\/cms\/2010\/05\/neuer-deutscher-jazzpreis-preis-ohne-echo\/","url":"https:\/\/www.jazzzeitung.de\/cms\/2010\/05\/neuer-deutscher-jazzpreis-preis-ohne-echo\/","name":"Neuer Deutscher Jazzpreis \u2013 Preis ohne Echo? - JazzZeitung","isPartOf":{"@id":"https:\/\/www.jazzzeitung.de\/cms\/#website"},"datePublished":"2010-05-19T19:46:23+00:00","breadcrumb":{"@id":"https:\/\/www.jazzzeitung.de\/cms\/2010\/05\/neuer-deutscher-jazzpreis-preis-ohne-echo\/#breadcrumb"},"inLanguage":"de","potentialAction":[{"@type":"ReadAction","target":["https:\/\/www.jazzzeitung.de\/cms\/2010\/05\/neuer-deutscher-jazzpreis-preis-ohne-echo\/"]}]},{"@type":"BreadcrumbList","@id":"https:\/\/www.jazzzeitung.de\/cms\/2010\/05\/neuer-deutscher-jazzpreis-preis-ohne-echo\/#breadcrumb","itemListElement":[{"@type":"ListItem","position":1,"name":"Startseite","item":"https:\/\/www.jazzzeitung.de\/cms\/"},{"@type":"ListItem","position":2,"name":"Neuer Deutscher Jazzpreis \u2013 Preis ohne Echo?"}]},{"@type":"WebSite","@id":"https:\/\/www.jazzzeitung.de\/cms\/#website","url":"https:\/\/www.jazzzeitung.de\/cms\/","name":"JazzZeitung","description":"Jazz-News und Jazz-Kontroverses","publisher":{"@id":"https:\/\/www.jazzzeitung.de\/cms\/#organization"},"potentialAction":[{"@type":"SearchAction","target":{"@type":"EntryPoint","urlTemplate":"https:\/\/www.jazzzeitung.de\/cms\/?s={search_term_string}"},"query-input":{"@type":"PropertyValueSpecification","valueRequired":true,"valueName":"search_term_string"}}],"inLanguage":"de"},{"@type":"Organization","@id":"https:\/\/www.jazzzeitung.de\/cms\/#organization","name":"JazzZeitung online","url":"https:\/\/www.jazzzeitung.de\/cms\/","logo":{"@type":"ImageObject","inLanguage":"de","@id":"https:\/\/www.jazzzeitung.de\/cms\/#\/schema\/logo\/image\/","url":"https:\/\/i0.wp.com\/www.jazzzeitung.de\/cms\/wp-content\/uploads\/2015\/08\/JAZZZEITUNGDE_Logo_Neu.png?fit=499%2C200&ssl=1","contentUrl":"https:\/\/i0.wp.com\/www.jazzzeitung.de\/cms\/wp-content\/uploads\/2015\/08\/JAZZZEITUNGDE_Logo_Neu.png?fit=499%2C200&ssl=1","width":499,"height":200,"caption":"JazzZeitung online"},"image":{"@id":"https:\/\/www.jazzzeitung.de\/cms\/#\/schema\/logo\/image\/"},"sameAs":["https:\/\/www.facebook.com\/JazzZeitung\/"]},{"@type":"Person","@id":"https:\/\/www.jazzzeitung.de\/cms\/#\/schema\/person\/4c5aaf486bdcd85db94b9a8b9e026bad","name":"J\u00f6rg Lichtinger","image":{"@type":"ImageObject","inLanguage":"de","@id":"https:\/\/secure.gravatar.com\/avatar\/8d1d484eb77cf370a1620f9866681cdba540c9b8439ce96ea0c830dd3b59936c?s=96&d=wp_user_avatar&r=ge66dff7680db2349fb79ae0cb2d734e3","url":"https:\/\/secure.gravatar.com\/avatar\/8d1d484eb77cf370a1620f9866681cdba540c9b8439ce96ea0c830dd3b59936c?s=96&d=wp_user_avatar&r=g","contentUrl":"https:\/\/secure.gravatar.com\/avatar\/8d1d484eb77cf370a1620f9866681cdba540c9b8439ce96ea0c830dd3b59936c?s=96&d=wp_user_avatar&r=g","caption":"J\u00f6rg Lichtinger"},"url":"https:\/\/www.jazzzeitung.de\/cms\/author\/lichtinger\/"}]}},"wp-worthy-pixel":{"ignored":false,"public":null,"server":null,"url":null},"wp-worthy-type":"normal","jetpack_publicize_connections":[],"cc_featured_image_caption":{"caption_text":false,"source_text":false,"source_url":false},"jetpack_featured_media_url":"","jetpack_shortlink":"https:\/\/wp.me\/p3KEcT-1q","jetpack-related-posts":[{"id":23943,"url":"https:\/\/www.jazzzeitung.de\/cms\/2020\/12\/deutscher-jazzpreis-der-initiative-musik-feiert-2021-seine-premiere\/","url_meta":{"origin":88,"position":0},"title":"Deutscher Jazzpreis der Initiative Musik feiert 2021 seine Premiere","author":"Redaktion JazzZeitung","date":"8. Dezember 2020","format":false,"excerpt":"Pressemitteilung der Initiative Musik: Der Deutsche Jazzpreis wird im Juni 2021 erstmals von Kulturstaatsministerin Monika Gr\u00fctters verliehen: \u201eJazz ist eine markante Gattung in unserer vielf\u00e4ltigen Musiklandschaft. Aus diesem Grund f\u00f6rdert der Bund die Jazzkultur in Deutschland auf unterschiedliche Weise, zum Beispiel mit der Schaffung eines Zentrums f\u00fcr Jazz und improvisierte\u2026","rel":"","context":"In &quot;News&quot;","block_context":{"text":"News","link":"https:\/\/www.jazzzeitung.de\/cms\/thema\/nachrichten\/"},"img":{"alt_text":"jazz_news. Motiv. Foto: Hufner","src":"https:\/\/i0.wp.com\/www.jazzzeitung.de\/cms\/wp-content\/uploads\/2017\/10\/jazz_news.jpg?fit=1200%2C873&ssl=1&resize=350%2C200","width":350,"height":200,"srcset":"https:\/\/i0.wp.com\/www.jazzzeitung.de\/cms\/wp-content\/uploads\/2017\/10\/jazz_news.jpg?fit=1200%2C873&ssl=1&resize=350%2C200 1x, https:\/\/i0.wp.com\/www.jazzzeitung.de\/cms\/wp-content\/uploads\/2017\/10\/jazz_news.jpg?fit=1200%2C873&ssl=1&resize=525%2C300 1.5x, https:\/\/i0.wp.com\/www.jazzzeitung.de\/cms\/wp-content\/uploads\/2017\/10\/jazz_news.jpg?fit=1200%2C873&ssl=1&resize=700%2C400 2x, https:\/\/i0.wp.com\/www.jazzzeitung.de\/cms\/wp-content\/uploads\/2017\/10\/jazz_news.jpg?fit=1200%2C873&ssl=1&resize=1050%2C600 3x"},"classes":[]},{"id":15456,"url":"https:\/\/www.jazzzeitung.de\/cms\/2018\/03\/neuer-deutscher-jazzpreis-mannheim-2018\/","url_meta":{"origin":88,"position":1},"title":"Neuer Deutscher Jazzpreis Mannheim 2018","author":"Redaktion JazzZeitung","date":"26. M\u00e4rz 2018","format":false,"excerpt":"Am 23. und 24. M\u00e4rz fand in der alten Feuerwache in Mannheim zum dreizehnten Mal der Neue Deutsche Jazzpreis statt. Am Freitag w\u00e4hlte das Publikum den Gewinner des Neuen Deutschen Kompositionspreises, am Samstag die Gewinner des Neuen Deutschen Jazzpreises. Gewinner des L-Bank-Bandpreises in Ho\u0308he von 10.000 Euro wurde das Vincent\u2026","rel":"","context":"In &quot;News&quot;","block_context":{"text":"News","link":"https:\/\/www.jazzzeitung.de\/cms\/thema\/nachrichten\/"},"img":{"alt_text":"","src":"https:\/\/i0.wp.com\/www.jazzzeitung.de\/cms\/wp-content\/uploads\/2018\/03\/Eberle_Quintett_Copyright_Konni_Kern.jpg?fit=1200%2C800&ssl=1&resize=350%2C200","width":350,"height":200,"srcset":"https:\/\/i0.wp.com\/www.jazzzeitung.de\/cms\/wp-content\/uploads\/2018\/03\/Eberle_Quintett_Copyright_Konni_Kern.jpg?fit=1200%2C800&ssl=1&resize=350%2C200 1x, https:\/\/i0.wp.com\/www.jazzzeitung.de\/cms\/wp-content\/uploads\/2018\/03\/Eberle_Quintett_Copyright_Konni_Kern.jpg?fit=1200%2C800&ssl=1&resize=525%2C300 1.5x, https:\/\/i0.wp.com\/www.jazzzeitung.de\/cms\/wp-content\/uploads\/2018\/03\/Eberle_Quintett_Copyright_Konni_Kern.jpg?fit=1200%2C800&ssl=1&resize=700%2C400 2x, https:\/\/i0.wp.com\/www.jazzzeitung.de\/cms\/wp-content\/uploads\/2018\/03\/Eberle_Quintett_Copyright_Konni_Kern.jpg?fit=1200%2C800&ssl=1&resize=1050%2C600 3x"},"classes":[]},{"id":12111,"url":"https:\/\/www.jazzzeitung.de\/cms\/2017\/04\/12111\/","url_meta":{"origin":88,"position":2},"title":"+++ Neuer Deutscher Jazzpreis in Mannheim vergeben +++","author":"Redaktion JazzZeitung","date":"12. April 2017","format":false,"excerpt":"Neuer Deutscher Jazzpreis in Mannheim vergeben Im Jahr 2017 vergab die IG Jazz Rhein-Neckar e.V. in Kooperation mit der Alten Feuerwache Mannheim gGmbH bereits zum zw\u00f6lften Mal den Neuen Deutschen Jazzpreis, den einzigen Publikumspreis der deutschen Jazzszene. Gewinner des Neuen Deutschen Jazzpreises Mannheim wurde das Tamara Lukasheva Quartett mit Tamara\u2026","rel":"","context":"In &quot;News&quot;","block_context":{"text":"News","link":"https:\/\/www.jazzzeitung.de\/cms\/thema\/nachrichten\/"},"img":{"alt_text":"","src":"","width":0,"height":0},"classes":[]},{"id":9715,"url":"https:\/\/www.jazzzeitung.de\/cms\/2016\/07\/neuer-deutscher-jazzpreis-mannheim-2017\/","url_meta":{"origin":88,"position":3},"title":"Neuer Deutscher Jazzpreis Mannheim 2017","author":"Redaktion JazzZeitung","date":"21. Juli 2016","format":false,"excerpt":"Im Jahr 2017 vergibt die IG Jazz Rhein-Neckar e.V. in Kooperation mit der Alten Feuerwache Mannheim gGmbH bereits zum zw\u00f6lften Mal den Neuen Deutschen Jazzpreis. Das Festivalwochenende findet am 7. und 8. April 2017 in der Alten Feuerwache Mannheim statt. Es ist mit 10.000.- Euro der h\u00f6chstdotierte Bandpreis f\u00fcr professionelle\u2026","rel":"","context":"In &quot;News&quot;","block_context":{"text":"News","link":"https:\/\/www.jazzzeitung.de\/cms\/thema\/nachrichten\/"},"img":{"alt_text":"logo_ndjazzpreis","src":"https:\/\/i0.wp.com\/www.jazzzeitung.de\/cms\/wp-content\/uploads\/2016\/07\/logo_ndjazzpreis-150x150.jpg?resize=350%2C200","width":350,"height":200},"classes":[]},{"id":8783,"url":"https:\/\/www.jazzzeitung.de\/cms\/2016\/03\/neuer-deutscher-jazzpreis-mannheim-2016-die-gewinner\/","url_meta":{"origin":88,"position":4},"title":"Neuer Deutscher Jazzpreis Mannheim 2016: die Gewinner","author":"Redaktion JazzZeitung","date":"21. M\u00e4rz 2016","format":false,"excerpt":"Bereits zum elften Mal fand am 18. und 19. M\u00e4rz 2016 in Mannheim das Festival des von der IG Jazz ausgeschriebenen Neuen Deutschen Jazzpreises statt. Es war wie auch in den Vorjahren ein voller Erfolg. Am Samstag Abend w\u00e4hlten die Zuschauer nach drei hochklassigen Konzerten in der ausverkauften Alten Feuerwache\u2026","rel":"","context":"In &quot;News&quot;","block_context":{"text":"News","link":"https:\/\/www.jazzzeitung.de\/cms\/thema\/nachrichten\/"},"img":{"alt_text":"Rainer_Boehm01","src":"https:\/\/i0.wp.com\/www.jazzzeitung.de\/cms\/wp-content\/uploads\/2016\/03\/rainer_b%C3%B6hm-150x150.jpg?resize=350%2C200","width":350,"height":200},"classes":[]},{"id":751,"url":"https:\/\/www.jazzzeitung.de\/cms\/2011\/02\/neuer-deutscher-jazzpreis-2011-die-finalisten\/","url_meta":{"origin":88,"position":5},"title":"Neuer Deutscher Jazzpreis 2011 \u2013 Die Finalisten","author":"J\u00f6rg Lichtinger","date":"9. Februar 2011","format":false,"excerpt":"Der Kurator hat seine Wahl getroffen. Bojan Z., Kurator bei der diesj\u00e4hrigen 6. Ausgabe des Neuen Deutschen Jazzpreises, hat aus den Bands, die nach der Vorauswahl \u00fcbriggeblieben waren, drei Formationen f\u00fcr das Finale im M\u00e4rz ausgesucht. Wie im letzten Jahr Kenny Wheeler, entschied sich auch Bojan Z. f\u00fcr drei Trios.\u2026","rel":"","context":"In &quot;Blog&quot;","block_context":{"text":"Blog","link":"https:\/\/www.jazzzeitung.de\/cms\/thema\/blog\/"},"img":{"alt_text":"Kurator beim NDJP: Pianist Bojan Z. Foto: Zijah Gafic  ","src":"https:\/\/i0.wp.com\/www.jazzzeitung.de\/cms\/wp-content\/uploads\/2011\/02\/zgafic_press_bojan_portrait-300x200.jpg?resize=350%2C200","width":350,"height":200},"classes":[]}],"jetpack_sharing_enabled":true,"_links":{"self":[{"href":"https:\/\/www.jazzzeitung.de\/cms\/wp-json\/wp\/v2\/posts\/88","targetHints":{"allow":["GET"]}}],"collection":[{"href":"https:\/\/www.jazzzeitung.de\/cms\/wp-json\/wp\/v2\/posts"}],"about":[{"href":"https:\/\/www.jazzzeitung.de\/cms\/wp-json\/wp\/v2\/types\/post"}],"author":[{"embeddable":true,"href":"https:\/\/www.jazzzeitung.de\/cms\/wp-json\/wp\/v2\/users\/4"}],"replies":[{"embeddable":true,"href":"https:\/\/www.jazzzeitung.de\/cms\/wp-json\/wp\/v2\/comments?post=88"}],"version-history":[{"count":0,"href":"https:\/\/www.jazzzeitung.de\/cms\/wp-json\/wp\/v2\/posts\/88\/revisions"}],"wp:attachment":[{"href":"https:\/\/www.jazzzeitung.de\/cms\/wp-json\/wp\/v2\/media?parent=88"}],"wp:term":[{"taxonomy":"category","embeddable":true,"href":"https:\/\/www.jazzzeitung.de\/cms\/wp-json\/wp\/v2\/categories?post=88"},{"taxonomy":"post_tag","embeddable":true,"href":"https:\/\/www.jazzzeitung.de\/cms\/wp-json\/wp\/v2\/tags?post=88"},{"taxonomy":"author","embeddable":true,"href":"https:\/\/www.jazzzeitung.de\/cms\/wp-json\/wp\/v2\/coauthors?post=88"}],"curies":[{"name":"wp","href":"https:\/\/api.w.org\/{rel}","templated":true}]}}