{"id":8783,"date":"2016-03-21T10:09:06","date_gmt":"2016-03-21T09:09:06","guid":{"rendered":"http:\/\/www.jazzzeitung.de\/cms\/?p=8783"},"modified":"2016-03-21T10:09:06","modified_gmt":"2016-03-21T09:09:06","slug":"neuer-deutscher-jazzpreis-mannheim-2016-die-gewinner","status":"publish","type":"post","link":"https:\/\/www.jazzzeitung.de\/cms\/2016\/03\/neuer-deutscher-jazzpreis-mannheim-2016-die-gewinner\/","title":{"rendered":"Neuer Deutscher Jazzpreis Mannheim 2016: die Gewinner"},"content":{"rendered":"<p><a href=\"https:\/\/i0.wp.com\/www.jazzzeitung.de\/cms\/wp-content\/uploads\/2016\/03\/rainer_b%C3%B6hm.jpg\" rel=\"attachment wp-att-8784\"><img data-recalc-dims=\"1\" loading=\"lazy\" decoding=\"async\" data-attachment-id=\"8784\" data-permalink=\"https:\/\/www.jazzzeitung.de\/cms\/2016\/03\/neuer-deutscher-jazzpreis-mannheim-2016-die-gewinner\/rainer_boehm01\/\" data-orig-file=\"https:\/\/i0.wp.com\/www.jazzzeitung.de\/cms\/wp-content\/uploads\/2016\/03\/rainer_b%C3%B6hm.jpg?fit=336%2C336&amp;ssl=1\" data-orig-size=\"336,336\" data-comments-opened=\"1\" data-image-meta=\"{&quot;aperture&quot;:&quot;4.5&quot;,&quot;credit&quot;:&quot;Manfred Rinderspacher&quot;,&quot;camera&quot;:&quot;NIKON D4&quot;,&quot;caption&quot;:&quot;Rainer_Boehm01&quot;,&quot;created_timestamp&quot;:&quot;1458409349&quot;,&quot;copyright&quot;:&quot;\\u00a9 Rinderspacher  \\n       \\nManfred Rinderspacher\\nFotojournalist djv\\nfon\/fax +49 621 81 56 74\\nmobil +171 42 10 382\\n\\nSteuernr. 38387\/33860\\nING-DiBa AG\\nKto-Nr. 0687 582 030\\nBLZ \\u00a0500 105 17&quot;,&quot;focal_length&quot;:&quot;85&quot;,&quot;iso&quot;:&quot;2500&quot;,&quot;shutter_speed&quot;:&quot;0.016666666666667&quot;,&quot;title&quot;:&quot;Rainer_Boehm01&quot;,&quot;orientation&quot;:&quot;1&quot;}\" data-image-title=\"Rainer_Boehm01\" data-image-description=\"\" data-image-caption=\"&lt;p&gt;Rainer_Boehm01&lt;\/p&gt;\n\" data-large-file=\"https:\/\/i0.wp.com\/www.jazzzeitung.de\/cms\/wp-content\/uploads\/2016\/03\/rainer_b%C3%B6hm.jpg?fit=336%2C336&amp;ssl=1\" class=\"size-thumbnail wp-image-8784\" src=\"https:\/\/i0.wp.com\/www.jazzzeitung.de\/cms\/wp-content\/uploads\/2016\/03\/rainer_b%C3%B6hm-150x150.jpg?resize=150%2C150\" alt=\"Rainer_Boehm01\" width=\"150\" height=\"150\" srcset=\"https:\/\/i0.wp.com\/www.jazzzeitung.de\/cms\/wp-content\/uploads\/2016\/03\/rainer_b%C3%B6hm.jpg?resize=150%2C150&amp;ssl=1 150w, https:\/\/i0.wp.com\/www.jazzzeitung.de\/cms\/wp-content\/uploads\/2016\/03\/rainer_b%C3%B6hm.jpg?resize=300%2C300&amp;ssl=1 300w, https:\/\/i0.wp.com\/www.jazzzeitung.de\/cms\/wp-content\/uploads\/2016\/03\/rainer_b%C3%B6hm.jpg?resize=144%2C144&amp;ssl=1 144w, https:\/\/i0.wp.com\/www.jazzzeitung.de\/cms\/wp-content\/uploads\/2016\/03\/rainer_b%C3%B6hm.jpg?resize=96%2C96&amp;ssl=1 96w, https:\/\/i0.wp.com\/www.jazzzeitung.de\/cms\/wp-content\/uploads\/2016\/03\/rainer_b%C3%B6hm.jpg?resize=24%2C24&amp;ssl=1 24w, https:\/\/i0.wp.com\/www.jazzzeitung.de\/cms\/wp-content\/uploads\/2016\/03\/rainer_b%C3%B6hm.jpg?resize=36%2C36&amp;ssl=1 36w, https:\/\/i0.wp.com\/www.jazzzeitung.de\/cms\/wp-content\/uploads\/2016\/03\/rainer_b%C3%B6hm.jpg?resize=48%2C48&amp;ssl=1 48w, https:\/\/i0.wp.com\/www.jazzzeitung.de\/cms\/wp-content\/uploads\/2016\/03\/rainer_b%C3%B6hm.jpg?resize=64%2C64&amp;ssl=1 64w, https:\/\/i0.wp.com\/www.jazzzeitung.de\/cms\/wp-content\/uploads\/2016\/03\/rainer_b%C3%B6hm.jpg?resize=32%2C32&amp;ssl=1 32w, https:\/\/i0.wp.com\/www.jazzzeitung.de\/cms\/wp-content\/uploads\/2016\/03\/rainer_b%C3%B6hm.jpg?resize=128%2C128&amp;ssl=1 128w, https:\/\/i0.wp.com\/www.jazzzeitung.de\/cms\/wp-content\/uploads\/2016\/03\/rainer_b%C3%B6hm.jpg?w=336&amp;ssl=1 336w\" sizes=\"auto, (max-width: 150px) 100vw, 150px\" \/><\/a><\/p>\n<p>Bereits zum elften Mal fand am 18. und 19. M\u00e4rz 2016 in Mannheim das Festival des von der IG Jazz ausgeschriebenen Neuen Deutschen Jazzpreises statt. Es war wie auch in den Vorjahren ein voller Erfolg. Am Samstag Abend w\u00e4hlten die Zuschauer nach drei hochklassigen Konzerten in der ausverkauften Alten Feuerwache die diesj\u00e4hrigen Gewinner des Festivals. Gewinner des L-Bank-Bandpreises in H\u00f6he von 10.000,- Euro wurde: <strong>Bastian J\u00fctte Quartet<\/strong><strong>,\u00a0 <\/strong>Gewinner des SIGNUM-comunication-Solistenpreises in H\u00f6he von 1.000,- Euro ist: <strong>Rainer B\u00f6hm<\/strong><strong>. <\/strong>Der Bandpreis wurde \u00fcberreicht von Cordula Br\u00e4uninger, der Pressesprecherin der L-Bank, der Staatsbank f\u00fcr Baden-W\u00fcrttemberg. Sie sagte bei der Preisverleihung: \u201eDer Neue Deutsche Jazzpreis rundet unsere Jazz-F\u00f6rderung optimal ab. Wir unterst\u00fctzen die gesamte Spanne vom jungen Sch\u00fcler bis zum Jazz-Veteranen durch unsere Sponsoringaktivit\u00e4ten \u2013 und helfen damit, dass der Jazz, eine Quelle der Virtuosit\u00e4t und Kreativit\u00e4t, in Baden-W\u00fcrttemberg weitersprudelt und nicht im Mainstream untergeht.\u201c Neben der Unterst\u00fctzung von Familien, Wohnungsbau, Mittelstand und Kommunen ist die F\u00f6rderung von Kunst und Kultur eine wichtige Aufgabe der L-Bank.<\/p>\n<p>Der Neue Deutsche Jazzpreis ist der renommierteste Bandpreis der deutschen Jazzszene f\u00fcr professionelle Bands. Mit Pianist Jacky Terrasson konnte wieder ein Weltstar des Jazz als Kurator des Wettbewerbes gewonnen werden, der zudem das Festival mit einem fulminanten Konzert er\u00f6ffnete.<\/p>\n<figure id=\"attachment_8785\" aria-describedby=\"caption-attachment-8785\" style=\"width: 448px\" class=\"wp-caption alignright\"><a href=\"https:\/\/i0.wp.com\/www.jazzzeitung.de\/cms\/wp-content\/uploads\/2016\/03\/j%C3%BCtte_mannheim.jpg\" rel=\"attachment wp-att-8785\"><img data-recalc-dims=\"1\" loading=\"lazy\" decoding=\"async\" data-attachment-id=\"8785\" data-permalink=\"https:\/\/www.jazzzeitung.de\/cms\/2016\/03\/neuer-deutscher-jazzpreis-mannheim-2016-die-gewinner\/bastian_juette_quartet01\/\" data-orig-file=\"https:\/\/i0.wp.com\/www.jazzzeitung.de\/cms\/wp-content\/uploads\/2016\/03\/j%C3%BCtte_mannheim.jpg?fit=448%2C298&amp;ssl=1\" data-orig-size=\"448,298\" data-comments-opened=\"1\" data-image-meta=\"{&quot;aperture&quot;:&quot;5.6&quot;,&quot;credit&quot;:&quot;Manfred Rinderspacher&quot;,&quot;camera&quot;:&quot;NIKON D4&quot;,&quot;caption&quot;:&quot;Bastian_Juette_Quartet01&quot;,&quot;created_timestamp&quot;:&quot;1458437849&quot;,&quot;copyright&quot;:&quot;\\u00a9 Rinderspacher  \\n       \\nManfred Rinderspacher\\nFotojournalist djv\\nfon\/fax +49 621 81 56 74\\nmobil +171 42 10 382\\n\\nSteuernr. 38387\/33860\\nING-DiBa AG\\nKto-Nr. 0687 582 030\\nBLZ \\u00a0500 105 17&quot;,&quot;focal_length&quot;:&quot;35&quot;,&quot;iso&quot;:&quot;2500&quot;,&quot;shutter_speed&quot;:&quot;0.0125&quot;,&quot;title&quot;:&quot;Bastian_Juette_Quartet01&quot;,&quot;orientation&quot;:&quot;1&quot;}\" data-image-title=\"Bastian_Juette_Quartet01\" data-image-description=\"\" data-image-caption=\"&lt;p&gt;Bastian_Juette_Quartet01&lt;\/p&gt;\n\" data-large-file=\"https:\/\/i0.wp.com\/www.jazzzeitung.de\/cms\/wp-content\/uploads\/2016\/03\/j%C3%BCtte_mannheim.jpg?fit=448%2C298&amp;ssl=1\" class=\"size-full wp-image-8785\" src=\"https:\/\/i0.wp.com\/www.jazzzeitung.de\/cms\/wp-content\/uploads\/2016\/03\/j%C3%BCtte_mannheim.jpg?resize=448%2C298\" alt=\"Bastian_Juette_Quartet01\" width=\"448\" height=\"298\" srcset=\"https:\/\/i0.wp.com\/www.jazzzeitung.de\/cms\/wp-content\/uploads\/2016\/03\/j%C3%BCtte_mannheim.jpg?w=448&amp;ssl=1 448w, https:\/\/i0.wp.com\/www.jazzzeitung.de\/cms\/wp-content\/uploads\/2016\/03\/j%C3%BCtte_mannheim.jpg?resize=300%2C200&amp;ssl=1 300w\" sizes=\"auto, (max-width: 448px) 100vw, 448px\" \/><\/a><figcaption id=\"caption-attachment-8785\" class=\"wp-caption-text\">Bastian_Juette_Quartet01<\/figcaption><\/figure>\n<p>Fotos: Manfred Rinderspacher<\/p>\n<p><u>Die bisherigen Preistr\u00e4ger des Bandpreises waren<\/u><br \/>\n<em>Der Rote Bereich<\/em> (2006, Kurator Alexander von Schlippenbach), das <em>Johannes Enders Quartett<\/em> (2007, Kurator Wolfgang Muthspiel), <em>Klima Kalima<\/em> (2008, Kurator Jasper van\u2019t Hof), <em>Frederik K\u00f6ster<\/em> (2009, Kurator Joachim K\u00fchn), das <em>Tim Allhoff Trio<\/em> (2010, Kurator Kenny Wheeler), <em>[em] <\/em>(2011, Kurator Bojan Z.) und <em>Schneeweiss und Rosenrot<\/em> (2012, Kurator Django Bates), <em>Max Andrzejewski&#8217;s\u00a0H\u00dcTTE<\/em> (2013, Kurator Louis Sclavis), <em>Sebastian Sternal &amp; Claudius Valk<\/em> (2014) UND <em>Tria Lingvo<\/em>\u00a0(Kurator Thomas Stanko) und <em>Filippa Gojo Quartett<\/em> (2015, Kurator Kenny Garrett)<\/p>\n<p><u>Die Gewinner des Solistenpreises<\/u> waren <em>Michael Griener<\/em> (2006), <em>Henning Sieverts<\/em> und <em>Johannes\u00a0Enders<\/em> (2007), <em>Olli Steidle<\/em> (2008), <em>Frederik K\u00f6ster<\/em>( 2009), <em>Bodek Janke<\/em> (2010), <em>Michael Wollny\u00a0<\/em>(2011) und <em>Lizzy Scharnofske<\/em> (2012), <em>Max Andrzejewski<\/em> (2013), <em>Claudius Valk<\/em> (2014) und <em>Filippa Gojo<\/em> (2015)<\/p>\n","protected":false},"excerpt":{"rendered":"<p>Bereits zum elften Mal fand am 18. und 19. M\u00e4rz 2016 in Mannheim das Festival des von der IG Jazz ausgeschriebenen Neuen Deutschen Jazzpreises statt. Es war wie auch in den Vorjahren ein voller Erfolg. Am Samstag Abend w\u00e4hlten die Zuschauer nach drei hochklassigen Konzerten in der ausverkauften Alten Feuerwache die diesj\u00e4hrigen Gewinner des Festivals. Gewinner des L-Bank-Bandpreises in H\u00f6he von 10.000,- Euro wurde: Bastian J\u00fctte Quartet,\u00a0 Gewinner des SIGNUM-comunication-Solistenpreises in H\u00f6he von 1.000,- Euro ist: Rainer B\u00f6hm. Der Bandpreis wurde \u00fcberreicht von Cordula Br\u00e4uninger, der Pressesprecherin der L-Bank, der Staatsbank f\u00fcr Baden-W\u00fcrttemberg. Sie sagte bei der Preisverleihung: \u201eDer Neue Deutsche Jazzpreis rundet unsere Jazz-F\u00f6rderung optimal ab. Wir unterst\u00fctzen die gesamte Spanne vom jungen Sch\u00fcler bis zum Jazz-Veteranen durch unsere Sponsoringaktivit\u00e4ten \u2013 und helfen damit, dass der Jazz, eine Quelle der Virtuosit\u00e4t und Kreativit\u00e4t, in Baden-W\u00fcrttemberg weitersprudelt und nicht im Mainstream untergeht.\u201c Neben der Unterst\u00fctzung von Familien, Wohnungsbau, Mittelstand und Kommunen ist die F\u00f6rderung von Kunst und Kultur eine wichtige Aufgabe der L-Bank. Der Neue Deutsche Jazzpreis ist der renommierteste Bandpreis der deutschen Jazzszene f\u00fcr professionelle Bands. Mit Pianist Jacky Terrasson konnte wieder ein Weltstar &hellip;<\/p>\n","protected":false},"author":18,"featured_media":0,"comment_status":"open","ping_status":"closed","sticky":false,"template":"","format":"standard","meta":{"_jetpack_memberships_contains_paid_content":false,"footnotes":"","jetpack_publicize_message":"","jetpack_publicize_feature_enabled":true,"jetpack_social_post_already_shared":false,"jetpack_social_options":{"image_generator_settings":{"template":"highway","default_image_id":0,"font":"","enabled":false},"version":2}},"categories":[633],"tags":[735,145,3,682,189,221,232,753,312,322,327,234,838,374,388,991,414,950,1170,450,1164,492,550],"coauthors":[695],"class_list":["post-8783","post","type-post","status-publish","format-standard","hentry","category-nachrichten","tag-deutscher-jazzpreis","tag-django-bates","tag-festival","tag-festivals","tag-frederik-koester","tag-henning-sieverts","tag-ig-jazz","tag-joachim-kuehn","tag-kenny-wheeler","tag-konzert-2","tag-kultur","tag-lizzy-scharnofske","tag-louis-sclavis","tag-mannheim","tag-michael-wollny","tag-muthspiel","tag-neuer-deutscher-jazzpreis","tag-neuer-deutscher-jazzpreis-mannheim","tag-preistraeger","tag-preisverleihung","tag-rainer-boehm","tag-schneeweiss-und-rosenrot","tag-tim-allhoff"],"yoast_head":"<!-- This site is optimized with the Yoast SEO plugin v27.5 - https:\/\/yoast.com\/product\/yoast-seo-wordpress\/ -->\n<title>Neuer Deutscher Jazzpreis Mannheim 2016: die Gewinner - JazzZeitung<\/title>\n<meta name=\"robots\" content=\"index, follow, max-snippet:-1, max-image-preview:large, max-video-preview:-1\" \/>\n<link rel=\"canonical\" href=\"https:\/\/www.jazzzeitung.de\/cms\/2016\/03\/neuer-deutscher-jazzpreis-mannheim-2016-die-gewinner\/\" \/>\n<meta property=\"og:locale\" content=\"de_DE\" \/>\n<meta property=\"og:type\" content=\"article\" \/>\n<meta property=\"og:title\" content=\"Neuer Deutscher Jazzpreis Mannheim 2016: die Gewinner - JazzZeitung\" \/>\n<meta property=\"og:description\" content=\"Bereits zum elften Mal fand am 18. und 19. M\u00e4rz 2016 in Mannheim das Festival des von der IG Jazz ausgeschriebenen Neuen Deutschen Jazzpreises statt. Es war wie auch in den Vorjahren ein voller Erfolg. Am Samstag Abend w\u00e4hlten die Zuschauer nach drei hochklassigen Konzerten in der ausverkauften Alten Feuerwache die diesj\u00e4hrigen Gewinner des Festivals. Gewinner des L-Bank-Bandpreises in H\u00f6he von 10.000,- Euro wurde: Bastian J\u00fctte Quartet,\u00a0 Gewinner des SIGNUM-comunication-Solistenpreises in H\u00f6he von 1.000,- Euro ist: Rainer B\u00f6hm. Der Bandpreis wurde \u00fcberreicht von Cordula Br\u00e4uninger, der Pressesprecherin der L-Bank, der Staatsbank f\u00fcr Baden-W\u00fcrttemberg. Sie sagte bei der Preisverleihung: \u201eDer Neue Deutsche Jazzpreis rundet unsere Jazz-F\u00f6rderung optimal ab. Wir unterst\u00fctzen die gesamte Spanne vom jungen Sch\u00fcler bis zum Jazz-Veteranen durch unsere Sponsoringaktivit\u00e4ten \u2013 und helfen damit, dass der Jazz, eine Quelle der Virtuosit\u00e4t und Kreativit\u00e4t, in Baden-W\u00fcrttemberg weitersprudelt und nicht im Mainstream untergeht.\u201c Neben der Unterst\u00fctzung von Familien, Wohnungsbau, Mittelstand und Kommunen ist die F\u00f6rderung von Kunst und Kultur eine wichtige Aufgabe der L-Bank. Der Neue Deutsche Jazzpreis ist der renommierteste Bandpreis der deutschen Jazzszene f\u00fcr professionelle Bands. Mit Pianist Jacky Terrasson konnte wieder ein Weltstar &hellip;\" \/>\n<meta property=\"og:url\" content=\"https:\/\/www.jazzzeitung.de\/cms\/2016\/03\/neuer-deutscher-jazzpreis-mannheim-2016-die-gewinner\/\" \/>\n<meta property=\"og:site_name\" content=\"JazzZeitung\" \/>\n<meta property=\"article:publisher\" content=\"https:\/\/www.facebook.com\/JazzZeitung\/\" \/>\n<meta property=\"article:published_time\" content=\"2016-03-21T09:09:06+00:00\" \/>\n<meta property=\"og:image\" content=\"https:\/\/i0.wp.com\/www.jazzzeitung.de\/cms\/wp-content\/uploads\/2012\/01\/ipad-logo-200.png?fit=200%2C200&ssl=1\" \/>\n\t<meta property=\"og:image:width\" content=\"200\" \/>\n\t<meta property=\"og:image:height\" content=\"200\" \/>\n\t<meta property=\"og:image:type\" content=\"image\/png\" \/>\n<meta name=\"author\" content=\"Redaktion JazzZeitung\" \/>\n<script type=\"application\/ld+json\" class=\"yoast-schema-graph\">{\"@context\":\"https:\\\/\\\/schema.org\",\"@graph\":[{\"@type\":\"Article\",\"@id\":\"https:\\\/\\\/www.jazzzeitung.de\\\/cms\\\/2016\\\/03\\\/neuer-deutscher-jazzpreis-mannheim-2016-die-gewinner\\\/#article\",\"isPartOf\":{\"@id\":\"https:\\\/\\\/www.jazzzeitung.de\\\/cms\\\/2016\\\/03\\\/neuer-deutscher-jazzpreis-mannheim-2016-die-gewinner\\\/\"},\"author\":{\"name\":\"Redaktion JazzZeitung\",\"@id\":\"https:\\\/\\\/www.jazzzeitung.de\\\/cms\\\/#\\\/schema\\\/person\\\/2245b36b9cd1d24cea10f01c031fb92b\"},\"headline\":\"Neuer Deutscher Jazzpreis Mannheim 2016: die Gewinner\",\"datePublished\":\"2016-03-21T09:09:06+00:00\",\"mainEntityOfPage\":{\"@id\":\"https:\\\/\\\/www.jazzzeitung.de\\\/cms\\\/2016\\\/03\\\/neuer-deutscher-jazzpreis-mannheim-2016-die-gewinner\\\/\"},\"wordCount\":348,\"commentCount\":0,\"publisher\":{\"@id\":\"https:\\\/\\\/www.jazzzeitung.de\\\/cms\\\/#organization\"},\"keywords\":[\"Deutscher Jazzpreis\",\"Django Bates\",\"Festival\",\"Festivals\",\"Frederik K\u00f6ster\",\"Henning Sieverts\",\"IG Jazz\",\"Joachim K\u00fchn\",\"Kenny Wheeler\",\"Konzert\",\"Kultur\",\"Lizzy Scharnofske\",\"Louis Sclavis\",\"Mannheim\",\"Michael Wollny\",\"Muthspiel\",\"Neuer Deutscher Jazzpreis\",\"Neuer deutscher Jazzpreis Mannheim\",\"Preistr\u00e4ger\",\"Preisverleihung\",\"Rainer B\u00f6hm\",\"schneeweiss und rosenrot\",\"Tim Allhoff\"],\"articleSection\":[\"News\"],\"inLanguage\":\"de\",\"potentialAction\":[{\"@type\":\"CommentAction\",\"name\":\"Comment\",\"target\":[\"https:\\\/\\\/www.jazzzeitung.de\\\/cms\\\/2016\\\/03\\\/neuer-deutscher-jazzpreis-mannheim-2016-die-gewinner\\\/#respond\"]}]},{\"@type\":\"WebPage\",\"@id\":\"https:\\\/\\\/www.jazzzeitung.de\\\/cms\\\/2016\\\/03\\\/neuer-deutscher-jazzpreis-mannheim-2016-die-gewinner\\\/\",\"url\":\"https:\\\/\\\/www.jazzzeitung.de\\\/cms\\\/2016\\\/03\\\/neuer-deutscher-jazzpreis-mannheim-2016-die-gewinner\\\/\",\"name\":\"Neuer Deutscher Jazzpreis Mannheim 2016: die Gewinner - JazzZeitung\",\"isPartOf\":{\"@id\":\"https:\\\/\\\/www.jazzzeitung.de\\\/cms\\\/#website\"},\"datePublished\":\"2016-03-21T09:09:06+00:00\",\"breadcrumb\":{\"@id\":\"https:\\\/\\\/www.jazzzeitung.de\\\/cms\\\/2016\\\/03\\\/neuer-deutscher-jazzpreis-mannheim-2016-die-gewinner\\\/#breadcrumb\"},\"inLanguage\":\"de\",\"potentialAction\":[{\"@type\":\"ReadAction\",\"target\":[\"https:\\\/\\\/www.jazzzeitung.de\\\/cms\\\/2016\\\/03\\\/neuer-deutscher-jazzpreis-mannheim-2016-die-gewinner\\\/\"]}]},{\"@type\":\"BreadcrumbList\",\"@id\":\"https:\\\/\\\/www.jazzzeitung.de\\\/cms\\\/2016\\\/03\\\/neuer-deutscher-jazzpreis-mannheim-2016-die-gewinner\\\/#breadcrumb\",\"itemListElement\":[{\"@type\":\"ListItem\",\"position\":1,\"name\":\"Startseite\",\"item\":\"https:\\\/\\\/www.jazzzeitung.de\\\/cms\\\/\"},{\"@type\":\"ListItem\",\"position\":2,\"name\":\"Neuer Deutscher Jazzpreis Mannheim 2016: die Gewinner\"}]},{\"@type\":\"WebSite\",\"@id\":\"https:\\\/\\\/www.jazzzeitung.de\\\/cms\\\/#website\",\"url\":\"https:\\\/\\\/www.jazzzeitung.de\\\/cms\\\/\",\"name\":\"JazzZeitung\",\"description\":\"Jazz-News und Jazz-Kontroverses\",\"publisher\":{\"@id\":\"https:\\\/\\\/www.jazzzeitung.de\\\/cms\\\/#organization\"},\"potentialAction\":[{\"@type\":\"SearchAction\",\"target\":{\"@type\":\"EntryPoint\",\"urlTemplate\":\"https:\\\/\\\/www.jazzzeitung.de\\\/cms\\\/?s={search_term_string}\"},\"query-input\":{\"@type\":\"PropertyValueSpecification\",\"valueRequired\":true,\"valueName\":\"search_term_string\"}}],\"inLanguage\":\"de\"},{\"@type\":\"Organization\",\"@id\":\"https:\\\/\\\/www.jazzzeitung.de\\\/cms\\\/#organization\",\"name\":\"JazzZeitung online\",\"url\":\"https:\\\/\\\/www.jazzzeitung.de\\\/cms\\\/\",\"logo\":{\"@type\":\"ImageObject\",\"inLanguage\":\"de\",\"@id\":\"https:\\\/\\\/www.jazzzeitung.de\\\/cms\\\/#\\\/schema\\\/logo\\\/image\\\/\",\"url\":\"https:\\\/\\\/i0.wp.com\\\/www.jazzzeitung.de\\\/cms\\\/wp-content\\\/uploads\\\/2015\\\/08\\\/JAZZZEITUNGDE_Logo_Neu.png?fit=499%2C200&ssl=1\",\"contentUrl\":\"https:\\\/\\\/i0.wp.com\\\/www.jazzzeitung.de\\\/cms\\\/wp-content\\\/uploads\\\/2015\\\/08\\\/JAZZZEITUNGDE_Logo_Neu.png?fit=499%2C200&ssl=1\",\"width\":499,\"height\":200,\"caption\":\"JazzZeitung online\"},\"image\":{\"@id\":\"https:\\\/\\\/www.jazzzeitung.de\\\/cms\\\/#\\\/schema\\\/logo\\\/image\\\/\"},\"sameAs\":[\"https:\\\/\\\/www.facebook.com\\\/JazzZeitung\\\/\"]},{\"@type\":\"Person\",\"@id\":\"https:\\\/\\\/www.jazzzeitung.de\\\/cms\\\/#\\\/schema\\\/person\\\/2245b36b9cd1d24cea10f01c031fb92b\",\"name\":\"Redaktion JazzZeitung\",\"image\":{\"@type\":\"ImageObject\",\"inLanguage\":\"de\",\"@id\":\"https:\\\/\\\/i0.wp.com\\\/www.jazzzeitung.de\\\/cms\\\/wp-content\\\/uploads\\\/2015\\\/08\\\/JAZZZEITUNGDE_Logo_Neu.png?resize=96%2C96&ssl=159975dcacb611b5700bd619b5daf0a7a\",\"url\":\"https:\\\/\\\/i0.wp.com\\\/www.jazzzeitung.de\\\/cms\\\/wp-content\\\/uploads\\\/2015\\\/08\\\/JAZZZEITUNGDE_Logo_Neu.png?resize=96%2C96&ssl=1\",\"contentUrl\":\"https:\\\/\\\/i0.wp.com\\\/www.jazzzeitung.de\\\/cms\\\/wp-content\\\/uploads\\\/2015\\\/08\\\/JAZZZEITUNGDE_Logo_Neu.png?resize=96%2C96&ssl=1\",\"caption\":\"Redaktion JazzZeitung\"},\"description\":\"Artikel der Redaktion der JazzZeitung.\",\"sameAs\":[\"http:\\\/\\\/www.jazzzeitung.de\\\/cms\\\/\"],\"url\":\"https:\\\/\\\/www.jazzzeitung.de\\\/cms\\\/author\\\/redaktion\\\/\"}]}<\/script>\n<!-- \/ Yoast SEO plugin. -->","yoast_head_json":{"title":"Neuer Deutscher Jazzpreis Mannheim 2016: die Gewinner - JazzZeitung","robots":{"index":"index","follow":"follow","max-snippet":"max-snippet:-1","max-image-preview":"max-image-preview:large","max-video-preview":"max-video-preview:-1"},"canonical":"https:\/\/www.jazzzeitung.de\/cms\/2016\/03\/neuer-deutscher-jazzpreis-mannheim-2016-die-gewinner\/","og_locale":"de_DE","og_type":"article","og_title":"Neuer Deutscher Jazzpreis Mannheim 2016: die Gewinner - JazzZeitung","og_description":"Bereits zum elften Mal fand am 18. und 19. M\u00e4rz 2016 in Mannheim das Festival des von der IG Jazz ausgeschriebenen Neuen Deutschen Jazzpreises statt. Es war wie auch in den Vorjahren ein voller Erfolg. Am Samstag Abend w\u00e4hlten die Zuschauer nach drei hochklassigen Konzerten in der ausverkauften Alten Feuerwache die diesj\u00e4hrigen Gewinner des Festivals. Gewinner des L-Bank-Bandpreises in H\u00f6he von 10.000,- Euro wurde: Bastian J\u00fctte Quartet,\u00a0 Gewinner des SIGNUM-comunication-Solistenpreises in H\u00f6he von 1.000,- Euro ist: Rainer B\u00f6hm. Der Bandpreis wurde \u00fcberreicht von Cordula Br\u00e4uninger, der Pressesprecherin der L-Bank, der Staatsbank f\u00fcr Baden-W\u00fcrttemberg. Sie sagte bei der Preisverleihung: \u201eDer Neue Deutsche Jazzpreis rundet unsere Jazz-F\u00f6rderung optimal ab. Wir unterst\u00fctzen die gesamte Spanne vom jungen Sch\u00fcler bis zum Jazz-Veteranen durch unsere Sponsoringaktivit\u00e4ten \u2013 und helfen damit, dass der Jazz, eine Quelle der Virtuosit\u00e4t und Kreativit\u00e4t, in Baden-W\u00fcrttemberg weitersprudelt und nicht im Mainstream untergeht.\u201c Neben der Unterst\u00fctzung von Familien, Wohnungsbau, Mittelstand und Kommunen ist die F\u00f6rderung von Kunst und Kultur eine wichtige Aufgabe der L-Bank. Der Neue Deutsche Jazzpreis ist der renommierteste Bandpreis der deutschen Jazzszene f\u00fcr professionelle Bands. Mit Pianist Jacky Terrasson konnte wieder ein Weltstar &hellip;","og_url":"https:\/\/www.jazzzeitung.de\/cms\/2016\/03\/neuer-deutscher-jazzpreis-mannheim-2016-die-gewinner\/","og_site_name":"JazzZeitung","article_publisher":"https:\/\/www.facebook.com\/JazzZeitung\/","article_published_time":"2016-03-21T09:09:06+00:00","og_image":[{"width":200,"height":200,"url":"https:\/\/i0.wp.com\/www.jazzzeitung.de\/cms\/wp-content\/uploads\/2012\/01\/ipad-logo-200.png?fit=200%2C200&ssl=1","type":"image\/png"}],"author":"Redaktion JazzZeitung","schema":{"@context":"https:\/\/schema.org","@graph":[{"@type":"Article","@id":"https:\/\/www.jazzzeitung.de\/cms\/2016\/03\/neuer-deutscher-jazzpreis-mannheim-2016-die-gewinner\/#article","isPartOf":{"@id":"https:\/\/www.jazzzeitung.de\/cms\/2016\/03\/neuer-deutscher-jazzpreis-mannheim-2016-die-gewinner\/"},"author":{"name":"Redaktion JazzZeitung","@id":"https:\/\/www.jazzzeitung.de\/cms\/#\/schema\/person\/2245b36b9cd1d24cea10f01c031fb92b"},"headline":"Neuer Deutscher Jazzpreis Mannheim 2016: die Gewinner","datePublished":"2016-03-21T09:09:06+00:00","mainEntityOfPage":{"@id":"https:\/\/www.jazzzeitung.de\/cms\/2016\/03\/neuer-deutscher-jazzpreis-mannheim-2016-die-gewinner\/"},"wordCount":348,"commentCount":0,"publisher":{"@id":"https:\/\/www.jazzzeitung.de\/cms\/#organization"},"keywords":["Deutscher Jazzpreis","Django Bates","Festival","Festivals","Frederik K\u00f6ster","Henning Sieverts","IG Jazz","Joachim K\u00fchn","Kenny Wheeler","Konzert","Kultur","Lizzy Scharnofske","Louis Sclavis","Mannheim","Michael Wollny","Muthspiel","Neuer Deutscher Jazzpreis","Neuer deutscher Jazzpreis Mannheim","Preistr\u00e4ger","Preisverleihung","Rainer B\u00f6hm","schneeweiss und rosenrot","Tim Allhoff"],"articleSection":["News"],"inLanguage":"de","potentialAction":[{"@type":"CommentAction","name":"Comment","target":["https:\/\/www.jazzzeitung.de\/cms\/2016\/03\/neuer-deutscher-jazzpreis-mannheim-2016-die-gewinner\/#respond"]}]},{"@type":"WebPage","@id":"https:\/\/www.jazzzeitung.de\/cms\/2016\/03\/neuer-deutscher-jazzpreis-mannheim-2016-die-gewinner\/","url":"https:\/\/www.jazzzeitung.de\/cms\/2016\/03\/neuer-deutscher-jazzpreis-mannheim-2016-die-gewinner\/","name":"Neuer Deutscher Jazzpreis Mannheim 2016: die Gewinner - JazzZeitung","isPartOf":{"@id":"https:\/\/www.jazzzeitung.de\/cms\/#website"},"datePublished":"2016-03-21T09:09:06+00:00","breadcrumb":{"@id":"https:\/\/www.jazzzeitung.de\/cms\/2016\/03\/neuer-deutscher-jazzpreis-mannheim-2016-die-gewinner\/#breadcrumb"},"inLanguage":"de","potentialAction":[{"@type":"ReadAction","target":["https:\/\/www.jazzzeitung.de\/cms\/2016\/03\/neuer-deutscher-jazzpreis-mannheim-2016-die-gewinner\/"]}]},{"@type":"BreadcrumbList","@id":"https:\/\/www.jazzzeitung.de\/cms\/2016\/03\/neuer-deutscher-jazzpreis-mannheim-2016-die-gewinner\/#breadcrumb","itemListElement":[{"@type":"ListItem","position":1,"name":"Startseite","item":"https:\/\/www.jazzzeitung.de\/cms\/"},{"@type":"ListItem","position":2,"name":"Neuer Deutscher Jazzpreis Mannheim 2016: die Gewinner"}]},{"@type":"WebSite","@id":"https:\/\/www.jazzzeitung.de\/cms\/#website","url":"https:\/\/www.jazzzeitung.de\/cms\/","name":"JazzZeitung","description":"Jazz-News und Jazz-Kontroverses","publisher":{"@id":"https:\/\/www.jazzzeitung.de\/cms\/#organization"},"potentialAction":[{"@type":"SearchAction","target":{"@type":"EntryPoint","urlTemplate":"https:\/\/www.jazzzeitung.de\/cms\/?s={search_term_string}"},"query-input":{"@type":"PropertyValueSpecification","valueRequired":true,"valueName":"search_term_string"}}],"inLanguage":"de"},{"@type":"Organization","@id":"https:\/\/www.jazzzeitung.de\/cms\/#organization","name":"JazzZeitung online","url":"https:\/\/www.jazzzeitung.de\/cms\/","logo":{"@type":"ImageObject","inLanguage":"de","@id":"https:\/\/www.jazzzeitung.de\/cms\/#\/schema\/logo\/image\/","url":"https:\/\/i0.wp.com\/www.jazzzeitung.de\/cms\/wp-content\/uploads\/2015\/08\/JAZZZEITUNGDE_Logo_Neu.png?fit=499%2C200&ssl=1","contentUrl":"https:\/\/i0.wp.com\/www.jazzzeitung.de\/cms\/wp-content\/uploads\/2015\/08\/JAZZZEITUNGDE_Logo_Neu.png?fit=499%2C200&ssl=1","width":499,"height":200,"caption":"JazzZeitung online"},"image":{"@id":"https:\/\/www.jazzzeitung.de\/cms\/#\/schema\/logo\/image\/"},"sameAs":["https:\/\/www.facebook.com\/JazzZeitung\/"]},{"@type":"Person","@id":"https:\/\/www.jazzzeitung.de\/cms\/#\/schema\/person\/2245b36b9cd1d24cea10f01c031fb92b","name":"Redaktion JazzZeitung","image":{"@type":"ImageObject","inLanguage":"de","@id":"https:\/\/i0.wp.com\/www.jazzzeitung.de\/cms\/wp-content\/uploads\/2015\/08\/JAZZZEITUNGDE_Logo_Neu.png?resize=96%2C96&ssl=159975dcacb611b5700bd619b5daf0a7a","url":"https:\/\/i0.wp.com\/www.jazzzeitung.de\/cms\/wp-content\/uploads\/2015\/08\/JAZZZEITUNGDE_Logo_Neu.png?resize=96%2C96&ssl=1","contentUrl":"https:\/\/i0.wp.com\/www.jazzzeitung.de\/cms\/wp-content\/uploads\/2015\/08\/JAZZZEITUNGDE_Logo_Neu.png?resize=96%2C96&ssl=1","caption":"Redaktion JazzZeitung"},"description":"Artikel der Redaktion der JazzZeitung.","sameAs":["http:\/\/www.jazzzeitung.de\/cms\/"],"url":"https:\/\/www.jazzzeitung.de\/cms\/author\/redaktion\/"}]}},"wp-worthy-pixel":{"ignored":false,"public":null,"server":null,"url":null},"wp-worthy-type":"normal","jetpack_publicize_connections":[],"cc_featured_image_caption":{"caption_text":false,"source_text":false,"source_url":false},"jetpack_featured_media_url":"","jetpack_shortlink":"https:\/\/wp.me\/p3KEcT-2hF","jetpack-related-posts":[{"id":15456,"url":"https:\/\/www.jazzzeitung.de\/cms\/2018\/03\/neuer-deutscher-jazzpreis-mannheim-2018\/","url_meta":{"origin":8783,"position":0},"title":"Neuer Deutscher Jazzpreis Mannheim 2018","author":"Redaktion JazzZeitung","date":"26. M\u00e4rz 2018","format":false,"excerpt":"Am 23. und 24. M\u00e4rz fand in der alten Feuerwache in Mannheim zum dreizehnten Mal der Neue Deutsche Jazzpreis statt. Am Freitag w\u00e4hlte das Publikum den Gewinner des Neuen Deutschen Kompositionspreises, am Samstag die Gewinner des Neuen Deutschen Jazzpreises. Gewinner des L-Bank-Bandpreises in Ho\u0308he von 10.000 Euro wurde das Vincent\u2026","rel":"","context":"In &quot;News&quot;","block_context":{"text":"News","link":"https:\/\/www.jazzzeitung.de\/cms\/thema\/nachrichten\/"},"img":{"alt_text":"","src":"https:\/\/i0.wp.com\/www.jazzzeitung.de\/cms\/wp-content\/uploads\/2018\/03\/Eberle_Quintett_Copyright_Konni_Kern.jpg?fit=1200%2C800&ssl=1&resize=350%2C200","width":350,"height":200,"srcset":"https:\/\/i0.wp.com\/www.jazzzeitung.de\/cms\/wp-content\/uploads\/2018\/03\/Eberle_Quintett_Copyright_Konni_Kern.jpg?fit=1200%2C800&ssl=1&resize=350%2C200 1x, https:\/\/i0.wp.com\/www.jazzzeitung.de\/cms\/wp-content\/uploads\/2018\/03\/Eberle_Quintett_Copyright_Konni_Kern.jpg?fit=1200%2C800&ssl=1&resize=525%2C300 1.5x, https:\/\/i0.wp.com\/www.jazzzeitung.de\/cms\/wp-content\/uploads\/2018\/03\/Eberle_Quintett_Copyright_Konni_Kern.jpg?fit=1200%2C800&ssl=1&resize=700%2C400 2x, https:\/\/i0.wp.com\/www.jazzzeitung.de\/cms\/wp-content\/uploads\/2018\/03\/Eberle_Quintett_Copyright_Konni_Kern.jpg?fit=1200%2C800&ssl=1&resize=1050%2C600 3x"},"classes":[]},{"id":12111,"url":"https:\/\/www.jazzzeitung.de\/cms\/2017\/04\/12111\/","url_meta":{"origin":8783,"position":1},"title":"+++ Neuer Deutscher Jazzpreis in Mannheim vergeben +++","author":"Redaktion JazzZeitung","date":"12. April 2017","format":false,"excerpt":"Neuer Deutscher Jazzpreis in Mannheim vergeben Im Jahr 2017 vergab die IG Jazz Rhein-Neckar e.V. in Kooperation mit der Alten Feuerwache Mannheim gGmbH bereits zum zw\u00f6lften Mal den Neuen Deutschen Jazzpreis, den einzigen Publikumspreis der deutschen Jazzszene. Gewinner des Neuen Deutschen Jazzpreises Mannheim wurde das Tamara Lukasheva Quartett mit Tamara\u2026","rel":"","context":"In &quot;News&quot;","block_context":{"text":"News","link":"https:\/\/www.jazzzeitung.de\/cms\/thema\/nachrichten\/"},"img":{"alt_text":"","src":"","width":0,"height":0},"classes":[]},{"id":9715,"url":"https:\/\/www.jazzzeitung.de\/cms\/2016\/07\/neuer-deutscher-jazzpreis-mannheim-2017\/","url_meta":{"origin":8783,"position":2},"title":"Neuer Deutscher Jazzpreis Mannheim 2017","author":"Redaktion JazzZeitung","date":"21. Juli 2016","format":false,"excerpt":"Im Jahr 2017 vergibt die IG Jazz Rhein-Neckar e.V. in Kooperation mit der Alten Feuerwache Mannheim gGmbH bereits zum zw\u00f6lften Mal den Neuen Deutschen Jazzpreis. Das Festivalwochenende findet am 7. und 8. April 2017 in der Alten Feuerwache Mannheim statt. Es ist mit 10.000.- Euro der h\u00f6chstdotierte Bandpreis f\u00fcr professionelle\u2026","rel":"","context":"In &quot;News&quot;","block_context":{"text":"News","link":"https:\/\/www.jazzzeitung.de\/cms\/thema\/nachrichten\/"},"img":{"alt_text":"logo_ndjazzpreis","src":"https:\/\/i0.wp.com\/www.jazzzeitung.de\/cms\/wp-content\/uploads\/2016\/07\/logo_ndjazzpreis-150x150.jpg?resize=350%2C200","width":350,"height":200},"classes":[]},{"id":369,"url":"https:\/\/www.jazzzeitung.de\/cms\/2010\/08\/call-for-entries-neuer-deutscher-jazzpreis-sucht-bands\/","url_meta":{"origin":8783,"position":3},"title":"Call for entries: Neuer Deutscher Jazzpreis sucht Bands","author":"J\u00f6rg Lichtinger","date":"14. August 2010","format":false,"excerpt":"Der Preis ist mit 10.000 \u20ac dotiert und wird am 12. M\u00e4rz 2011 bei einem Festival in der Alten Feuerwache Mannheim vergeben. Aus allen Einsendungen w\u00e4hlt der Veranstalter IG Jazz Rhein-Neckar e.V. mit Hilfe eines Kurators (2011: Bojan Z.) drei Bands aus, die am Festivalwochenende (11.\/12.3.2011) in der Alten Feuerwache\u2026","rel":"","context":"In &quot;Blog&quot;","block_context":{"text":"Blog","link":"https:\/\/www.jazzzeitung.de\/cms\/thema\/blog\/"},"img":{"alt_text":"zijah_gafic_press","src":"https:\/\/i0.wp.com\/www.jazzzeitung.de\/cms\/wp-content\/uploads\/2010\/08\/zijah_gafic_press-300x200.jpg?resize=350%2C200","width":350,"height":200},"classes":[]},{"id":18964,"url":"https:\/\/www.jazzzeitung.de\/cms\/2019\/03\/news-deutscher-musikautorenpreis-2019-in-berlin-neuer-deutscher-jazzpreis-2019-in-mannheim-paul-sennewalds-bop-gewinnt-den-sparda-jazz-award-2019\/","url_meta":{"origin":8783,"position":4},"title":"+++ News: +++ Deutscher \u00a0Musikautorenpreis 2019 in Berlin +++ Neuer Deutscher Jazzpreis 2019 in Mannheim +++ Paul Sennewalds BOP gewinnt den Sparda Jazz Award 2019 +++","author":"Redaktion JazzZeitung","date":"19. M\u00e4rz 2019","format":false,"excerpt":"\u201eGegenseitige Anerkennung abseits jeder Konkurrenz\u201c beim DMAP 2019 in Berlin Der Deutsche Musikautorenpreis wurde 2009 von der GEMA ins Leben gerufen, um die Komponisten und Textdichter der deutschen Musikbranche f\u00fcr ihre herausragenden Leistungen zu w\u00fcrdigen. Unter dem Motto \u201eAutoren ehren Autoren\u201c r\u00fccken Musikschaffende in den Vordergrund, die oftmals nicht auf\u2026","rel":"","context":"In &quot;News&quot;","block_context":{"text":"News","link":"https:\/\/www.jazzzeitung.de\/cms\/thema\/nachrichten\/"},"img":{"alt_text":"","src":"https:\/\/i0.wp.com\/www.jazzzeitung.de\/cms\/wp-content\/uploads\/2019\/03\/BB2DMAP2019_Abschlussbild_c.Sebastian_Linder_046.jpg?fit=1200%2C800&ssl=1&resize=350%2C200","width":350,"height":200,"srcset":"https:\/\/i0.wp.com\/www.jazzzeitung.de\/cms\/wp-content\/uploads\/2019\/03\/BB2DMAP2019_Abschlussbild_c.Sebastian_Linder_046.jpg?fit=1200%2C800&ssl=1&resize=350%2C200 1x, https:\/\/i0.wp.com\/www.jazzzeitung.de\/cms\/wp-content\/uploads\/2019\/03\/BB2DMAP2019_Abschlussbild_c.Sebastian_Linder_046.jpg?fit=1200%2C800&ssl=1&resize=525%2C300 1.5x, https:\/\/i0.wp.com\/www.jazzzeitung.de\/cms\/wp-content\/uploads\/2019\/03\/BB2DMAP2019_Abschlussbild_c.Sebastian_Linder_046.jpg?fit=1200%2C800&ssl=1&resize=700%2C400 2x, https:\/\/i0.wp.com\/www.jazzzeitung.de\/cms\/wp-content\/uploads\/2019\/03\/BB2DMAP2019_Abschlussbild_c.Sebastian_Linder_046.jpg?fit=1200%2C800&ssl=1&resize=1050%2C600 3x"},"classes":[]},{"id":8531,"url":"https:\/\/www.jazzzeitung.de\/cms\/2016\/02\/news-boogie-woogie-blues-piano-die-klaenge-der-anderen-neuer-deutscher-jazzpreis-mannheim-2016\/","url_meta":{"origin":8783,"position":5},"title":"+++ News +++ Boogie &#038; Woogie-Blues-Piano +++ Die Kl\u00e4nge der Anderen +++ Neuer Deutscher Jazzpreis Mannheim 2016 +++","author":"Redaktion JazzZeitung","date":"26. Februar 2016","format":false,"excerpt":"+++ Boogie & Woogie-Blues-Piano +++ Der Hamburger Axel Zwingenberger spielt am Freitag, den 11. M\u00e4rz 2016 Blues und Boogie & Woogie auf der Piano-B\u00fchne Oberthulba. Seit 2001 ist der aus Radio und TV bekannte Pianist Stammgast auf dieser B\u00fchne. Er trat unter anderem mit Llionel Hampton, Ray Briant, Charly Watts\u2026","rel":"","context":"In &quot;News&quot;","block_context":{"text":"News","link":"https:\/\/www.jazzzeitung.de\/cms\/thema\/nachrichten\/"},"img":{"alt_text":"","src":"https:\/\/i0.wp.com\/www.jazzzeitung.de\/cms\/wp-content\/uploads\/2016\/02\/Zwingenberger-300x200.jpg?resize=350%2C200","width":350,"height":200},"classes":[]}],"jetpack_sharing_enabled":true,"_links":{"self":[{"href":"https:\/\/www.jazzzeitung.de\/cms\/wp-json\/wp\/v2\/posts\/8783","targetHints":{"allow":["GET"]}}],"collection":[{"href":"https:\/\/www.jazzzeitung.de\/cms\/wp-json\/wp\/v2\/posts"}],"about":[{"href":"https:\/\/www.jazzzeitung.de\/cms\/wp-json\/wp\/v2\/types\/post"}],"author":[{"embeddable":true,"href":"https:\/\/www.jazzzeitung.de\/cms\/wp-json\/wp\/v2\/users\/18"}],"replies":[{"embeddable":true,"href":"https:\/\/www.jazzzeitung.de\/cms\/wp-json\/wp\/v2\/comments?post=8783"}],"version-history":[{"count":1,"href":"https:\/\/www.jazzzeitung.de\/cms\/wp-json\/wp\/v2\/posts\/8783\/revisions"}],"predecessor-version":[{"id":8786,"href":"https:\/\/www.jazzzeitung.de\/cms\/wp-json\/wp\/v2\/posts\/8783\/revisions\/8786"}],"wp:attachment":[{"href":"https:\/\/www.jazzzeitung.de\/cms\/wp-json\/wp\/v2\/media?parent=8783"}],"wp:term":[{"taxonomy":"category","embeddable":true,"href":"https:\/\/www.jazzzeitung.de\/cms\/wp-json\/wp\/v2\/categories?post=8783"},{"taxonomy":"post_tag","embeddable":true,"href":"https:\/\/www.jazzzeitung.de\/cms\/wp-json\/wp\/v2\/tags?post=8783"},{"taxonomy":"author","embeddable":true,"href":"https:\/\/www.jazzzeitung.de\/cms\/wp-json\/wp\/v2\/coauthors?post=8783"}],"curies":[{"name":"wp","href":"https:\/\/api.w.org\/{rel}","templated":true}]}}