{"id":8747,"date":"2016-03-19T10:00:47","date_gmt":"2016-03-19T09:00:47","guid":{"rendered":"http:\/\/www.jazzzeitung.de\/cms\/?p=8747"},"modified":"2016-03-21T15:48:13","modified_gmt":"2016-03-21T14:48:13","slug":"das-jeremy-pelt-power-quintet-der-unterfahrt","status":"publish","type":"post","link":"https:\/\/www.jazzzeitung.de\/cms\/2016\/03\/das-jeremy-pelt-power-quintet-der-unterfahrt\/","title":{"rendered":"Das Jeremy Pelt Power Quintet in der Unterfahrt"},"content":{"rendered":"<p>Ralf Dombrowski machte stimmungsvolle Fotos vom gestrigen Auftritt des Jeremy Pelt Power Quintets um den Tropeter Jeremy Pelt, der zusammen mit Steve Nelson (vib), Danny Grissett (p), Andreas Lang (b) und Bill Stewart (dr) in der M\u00fcnchner Unterfahrt auftrat.<\/p>\n<div class=\"tiled-gallery type-rectangular tiled-gallery-unresized\" data-original-width=\"840\" data-carousel-extra='{&quot;blog_id&quot;:1,&quot;permalink&quot;:&quot;https:\\\/\\\/www.jazzzeitung.de\\\/cms\\\/2016\\\/03\\\/das-jeremy-pelt-power-quintet-der-unterfahrt\\\/&quot;,&quot;likes_blog_id&quot;:55446655}' itemscope itemtype=\"http:\/\/schema.org\/ImageGallery\" > <div class=\"gallery-row\" style=\"width: 840px; height: 388px;\" data-original-width=\"840\" data-original-height=\"388\" > <div class=\"gallery-group images-1\" style=\"width: 580px; height: 388px;\" data-original-width=\"580\" data-original-height=\"388\" > <div class=\"tiled-gallery-item tiled-gallery-item-large\" itemprop=\"associatedMedia\" itemscope itemtype=\"http:\/\/schema.org\/ImageObject\"> <a href=\"https:\/\/www.jazzzeitung.de\/cms\/2016\/03\/das-jeremy-pelt-power-quintet-der-unterfahrt\/0k3a3095-pelt-dombr\/\" border=\"0\" itemprop=\"url\"> <meta itemprop=\"width\" content=\"576\"> <meta itemprop=\"height\" content=\"384\"> <img decoding=\"async\" class=\"\" data-attachment-id=\"8750\" data-orig-file=\"https:\/\/www.jazzzeitung.de\/cms\/wp-content\/uploads\/2016\/03\/0K3A3095-Pelt-dombr.jpg\" data-orig-size=\"1280,853\" data-comments-opened=\"1\" data-image-meta=\"{&quot;aperture&quot;:&quot;4&quot;,&quot;credit&quot;:&quot;&quot;,&quot;camera&quot;:&quot;Canon EOS 5D Mark III&quot;,&quot;caption&quot;:&quot;Jeremy Pelt Power Quintet, Jeremy Pelt (tp), Steve Nelson (vib), Danny Grissett (p), Andreas Kurz (b), Bill Stewart (dr), M\\u00fcnchen Unterfahrt, Foto Ralf Dombrowski&quot;,&quot;created_timestamp&quot;:&quot;1458250418&quot;,&quot;copyright&quot;:&quot;&quot;,&quot;focal_length&quot;:&quot;200&quot;,&quot;iso&quot;:&quot;12800&quot;,&quot;shutter_speed&quot;:&quot;0.004&quot;,&quot;title&quot;:&quot;&quot;,&quot;orientation&quot;:&quot;1&quot;}\" data-image-title=\"0K3A3095, Pelt (dombr)\" data-image-description=\"\" data-medium-file=\"https:\/\/i0.wp.com\/www.jazzzeitung.de\/cms\/wp-content\/uploads\/2016\/03\/0K3A3095-Pelt-dombr.jpg?fit=300%2C200&#038;ssl=1\" data-large-file=\"https:\/\/i0.wp.com\/www.jazzzeitung.de\/cms\/wp-content\/uploads\/2016\/03\/0K3A3095-Pelt-dombr.jpg?fit=840%2C560&#038;ssl=1\" src=\"https:\/\/i0.wp.com\/www.jazzzeitung.de\/cms\/wp-content\/uploads\/2016\/03\/0K3A3095-Pelt-dombr.jpg?w=576&#038;h=384&#038;ssl=1\" srcset=\"https:\/\/i0.wp.com\/www.jazzzeitung.de\/cms\/wp-content\/uploads\/2016\/03\/0K3A3095-Pelt-dombr.jpg?w=1280&amp;ssl=1 1280w, https:\/\/i0.wp.com\/www.jazzzeitung.de\/cms\/wp-content\/uploads\/2016\/03\/0K3A3095-Pelt-dombr.jpg?resize=300%2C200&amp;ssl=1 300w, https:\/\/i0.wp.com\/www.jazzzeitung.de\/cms\/wp-content\/uploads\/2016\/03\/0K3A3095-Pelt-dombr.jpg?resize=768%2C512&amp;ssl=1 768w, https:\/\/i0.wp.com\/www.jazzzeitung.de\/cms\/wp-content\/uploads\/2016\/03\/0K3A3095-Pelt-dombr.jpg?resize=900%2C600&amp;ssl=1 900w\" width=\"576\" height=\"384\" loading=\"lazy\" data-original-width=\"576\" data-original-height=\"384\" itemprop=\"http:\/\/schema.org\/image\" title=\"0K3A3095, Pelt (dombr)\" alt=\"Jeremy Pelt (tr)\" style=\"width: 576px; height: 384px;\" \/> <\/a> <div class=\"tiled-gallery-caption\" itemprop=\"caption description\"> Jeremy Pelt (tr) <\/div> <\/div> <\/div> <!-- close group --> <div class=\"gallery-group images-1\" style=\"width: 260px; height: 388px;\" data-original-width=\"260\" data-original-height=\"388\" > <div class=\"tiled-gallery-item tiled-gallery-item-large\" itemprop=\"associatedMedia\" itemscope itemtype=\"http:\/\/schema.org\/ImageObject\"> <a href=\"https:\/\/www.jazzzeitung.de\/cms\/2016\/03\/das-jeremy-pelt-power-quintet-der-unterfahrt\/0k3a3281-nelson-dombr\/\" border=\"0\" itemprop=\"url\"> <meta itemprop=\"width\" content=\"256\"> <meta itemprop=\"height\" content=\"384\"> <img decoding=\"async\" class=\"\" data-attachment-id=\"8760\" data-orig-file=\"https:\/\/www.jazzzeitung.de\/cms\/wp-content\/uploads\/2016\/03\/0K3A3281-Nelson-dombr.jpg\" data-orig-size=\"853,1280\" data-comments-opened=\"1\" data-image-meta=\"{&quot;aperture&quot;:&quot;4&quot;,&quot;credit&quot;:&quot;&quot;,&quot;camera&quot;:&quot;Canon EOS 5D Mark III&quot;,&quot;caption&quot;:&quot;Jeremy Pelt Power Quintet, Jeremy Pelt (tp), Steve Nelson (vib), Danny Grissett (p), Andreas Kurz (b), Bill Stewart (dr), M\\u00fcnchen Unterfahrt, Foto Ralf Dombrowski&quot;,&quot;created_timestamp&quot;:&quot;1458254397&quot;,&quot;copyright&quot;:&quot;&quot;,&quot;focal_length&quot;:&quot;176&quot;,&quot;iso&quot;:&quot;12800&quot;,&quot;shutter_speed&quot;:&quot;0.008&quot;,&quot;title&quot;:&quot;&quot;,&quot;orientation&quot;:&quot;1&quot;}\" data-image-title=\"0K3A3281, Nelson (dombr)\" data-image-description=\"\" data-medium-file=\"https:\/\/i0.wp.com\/www.jazzzeitung.de\/cms\/wp-content\/uploads\/2016\/03\/0K3A3281-Nelson-dombr.jpg?fit=200%2C300&#038;ssl=1\" data-large-file=\"https:\/\/i0.wp.com\/www.jazzzeitung.de\/cms\/wp-content\/uploads\/2016\/03\/0K3A3281-Nelson-dombr.jpg?fit=400%2C600&#038;ssl=1\" src=\"https:\/\/i0.wp.com\/www.jazzzeitung.de\/cms\/wp-content\/uploads\/2016\/03\/0K3A3281-Nelson-dombr.jpg?w=256&#038;h=384&#038;ssl=1\" srcset=\"https:\/\/i0.wp.com\/www.jazzzeitung.de\/cms\/wp-content\/uploads\/2016\/03\/0K3A3281-Nelson-dombr.jpg?w=853&amp;ssl=1 853w, https:\/\/i0.wp.com\/www.jazzzeitung.de\/cms\/wp-content\/uploads\/2016\/03\/0K3A3281-Nelson-dombr.jpg?resize=200%2C300&amp;ssl=1 200w, https:\/\/i0.wp.com\/www.jazzzeitung.de\/cms\/wp-content\/uploads\/2016\/03\/0K3A3281-Nelson-dombr.jpg?resize=768%2C1152&amp;ssl=1 768w, https:\/\/i0.wp.com\/www.jazzzeitung.de\/cms\/wp-content\/uploads\/2016\/03\/0K3A3281-Nelson-dombr.jpg?resize=400%2C600&amp;ssl=1 400w\" width=\"256\" height=\"384\" loading=\"lazy\" data-original-width=\"256\" data-original-height=\"384\" itemprop=\"http:\/\/schema.org\/image\" title=\"0K3A3281, Nelson (dombr)\" alt=\"Steve Nelson (vib)\" style=\"width: 256px; height: 384px;\" \/> <\/a> <div class=\"tiled-gallery-caption\" itemprop=\"caption description\"> Steve Nelson (vib) <\/div> <\/div> <\/div> <!-- close group --> <\/div> <!-- close row --> <div class=\"gallery-row\" style=\"width: 840px; height: 720px;\" data-original-width=\"840\" data-original-height=\"720\" > <div class=\"gallery-group images-1\" style=\"width: 481px; height: 720px;\" data-original-width=\"481\" data-original-height=\"720\" > <div class=\"tiled-gallery-item tiled-gallery-item-large\" itemprop=\"associatedMedia\" itemscope itemtype=\"http:\/\/schema.org\/ImageObject\"> <a href=\"https:\/\/www.jazzzeitung.de\/cms\/2016\/03\/das-jeremy-pelt-power-quintet-der-unterfahrt\/0k3a3367-kurz-dombr\/\" border=\"0\" itemprop=\"url\"> <meta itemprop=\"width\" content=\"477\"> <meta itemprop=\"height\" content=\"716\"> <img decoding=\"async\" class=\"\" data-attachment-id=\"8765\" data-orig-file=\"https:\/\/www.jazzzeitung.de\/cms\/wp-content\/uploads\/2016\/03\/0K3A3367-Kurz-dombr.jpg\" data-orig-size=\"853,1280\" data-comments-opened=\"1\" data-image-meta=\"{&quot;aperture&quot;:&quot;4&quot;,&quot;credit&quot;:&quot;&quot;,&quot;camera&quot;:&quot;Canon EOS 5D Mark III&quot;,&quot;caption&quot;:&quot;Jeremy Pelt Power Quintet, Jeremy Pelt (tp), Steve Nelson (vib), Danny Grissett (p), Andreas Kurz (b), Bill Stewart (dr), M\\u00fcnchen Unterfahrt, Foto Ralf Dombrowski&quot;,&quot;created_timestamp&quot;:&quot;1458255104&quot;,&quot;copyright&quot;:&quot;&quot;,&quot;focal_length&quot;:&quot;200&quot;,&quot;iso&quot;:&quot;12800&quot;,&quot;shutter_speed&quot;:&quot;0.016666666666667&quot;,&quot;title&quot;:&quot;&quot;,&quot;orientation&quot;:&quot;1&quot;}\" data-image-title=\"0K3A3367, Kurz (dombr)\" data-image-description=\"\" data-medium-file=\"https:\/\/i0.wp.com\/www.jazzzeitung.de\/cms\/wp-content\/uploads\/2016\/03\/0K3A3367-Kurz-dombr.jpg?fit=200%2C300&#038;ssl=1\" data-large-file=\"https:\/\/i0.wp.com\/www.jazzzeitung.de\/cms\/wp-content\/uploads\/2016\/03\/0K3A3367-Kurz-dombr.jpg?fit=400%2C600&#038;ssl=1\" src=\"https:\/\/i0.wp.com\/www.jazzzeitung.de\/cms\/wp-content\/uploads\/2016\/03\/0K3A3367-Kurz-dombr.jpg?w=477&#038;h=716&#038;ssl=1\" srcset=\"https:\/\/i0.wp.com\/www.jazzzeitung.de\/cms\/wp-content\/uploads\/2016\/03\/0K3A3367-Kurz-dombr.jpg?w=853&amp;ssl=1 853w, https:\/\/i0.wp.com\/www.jazzzeitung.de\/cms\/wp-content\/uploads\/2016\/03\/0K3A3367-Kurz-dombr.jpg?resize=200%2C300&amp;ssl=1 200w, https:\/\/i0.wp.com\/www.jazzzeitung.de\/cms\/wp-content\/uploads\/2016\/03\/0K3A3367-Kurz-dombr.jpg?resize=768%2C1152&amp;ssl=1 768w, https:\/\/i0.wp.com\/www.jazzzeitung.de\/cms\/wp-content\/uploads\/2016\/03\/0K3A3367-Kurz-dombr.jpg?resize=400%2C600&amp;ssl=1 400w\" width=\"477\" height=\"716\" loading=\"lazy\" data-original-width=\"477\" data-original-height=\"716\" itemprop=\"http:\/\/schema.org\/image\" title=\"0K3A3367, Kurz (dombr)\" alt=\"Andreas Lang (b)\" style=\"width: 477px; height: 716px;\" \/> <\/a> <div class=\"tiled-gallery-caption\" itemprop=\"caption description\"> Andreas Lang (b) <\/div> <\/div> <\/div> <!-- close group --> <div class=\"gallery-group images-3\" style=\"width: 359px; height: 720px;\" data-original-width=\"359\" data-original-height=\"720\" > <div class=\"tiled-gallery-item tiled-gallery-item-large\" itemprop=\"associatedMedia\" itemscope itemtype=\"http:\/\/schema.org\/ImageObject\"> <a href=\"https:\/\/www.jazzzeitung.de\/cms\/2016\/03\/das-jeremy-pelt-power-quintet-der-unterfahrt\/0k3a3218-grissett-dombr\/\" border=\"0\" itemprop=\"url\"> <meta itemprop=\"width\" content=\"355\"> <meta itemprop=\"height\" content=\"237\"> <img decoding=\"async\" class=\"\" data-attachment-id=\"8756\" data-orig-file=\"https:\/\/www.jazzzeitung.de\/cms\/wp-content\/uploads\/2016\/03\/0K3A3218-Grissett-dombr.jpg\" data-orig-size=\"1280,853\" data-comments-opened=\"1\" data-image-meta=\"{&quot;aperture&quot;:&quot;4&quot;,&quot;credit&quot;:&quot;&quot;,&quot;camera&quot;:&quot;Canon EOS 5D Mark III&quot;,&quot;caption&quot;:&quot;Jeremy Pelt Power Quintet, Jeremy Pelt (tp), Steve Nelson (vib), Danny Grissett (p), Andreas Kurz (b), Bill Stewart (dr), M\\u00fcnchen Unterfahrt, Foto Ralf Dombrowski&quot;,&quot;created_timestamp&quot;:&quot;1458251825&quot;,&quot;copyright&quot;:&quot;&quot;,&quot;focal_length&quot;:&quot;200&quot;,&quot;iso&quot;:&quot;12800&quot;,&quot;shutter_speed&quot;:&quot;0.016666666666667&quot;,&quot;title&quot;:&quot;&quot;,&quot;orientation&quot;:&quot;1&quot;}\" data-image-title=\"0K3A3218, Grissett (dombr)\" data-image-description=\"\" data-medium-file=\"https:\/\/i0.wp.com\/www.jazzzeitung.de\/cms\/wp-content\/uploads\/2016\/03\/0K3A3218-Grissett-dombr.jpg?fit=300%2C200&#038;ssl=1\" data-large-file=\"https:\/\/i0.wp.com\/www.jazzzeitung.de\/cms\/wp-content\/uploads\/2016\/03\/0K3A3218-Grissett-dombr.jpg?fit=840%2C560&#038;ssl=1\" src=\"https:\/\/i0.wp.com\/www.jazzzeitung.de\/cms\/wp-content\/uploads\/2016\/03\/0K3A3218-Grissett-dombr.jpg?w=355&#038;h=237&#038;ssl=1\" srcset=\"https:\/\/i0.wp.com\/www.jazzzeitung.de\/cms\/wp-content\/uploads\/2016\/03\/0K3A3218-Grissett-dombr.jpg?w=1280&amp;ssl=1 1280w, https:\/\/i0.wp.com\/www.jazzzeitung.de\/cms\/wp-content\/uploads\/2016\/03\/0K3A3218-Grissett-dombr.jpg?resize=300%2C200&amp;ssl=1 300w, https:\/\/i0.wp.com\/www.jazzzeitung.de\/cms\/wp-content\/uploads\/2016\/03\/0K3A3218-Grissett-dombr.jpg?resize=768%2C512&amp;ssl=1 768w, https:\/\/i0.wp.com\/www.jazzzeitung.de\/cms\/wp-content\/uploads\/2016\/03\/0K3A3218-Grissett-dombr.jpg?resize=900%2C600&amp;ssl=1 900w\" width=\"355\" height=\"237\" loading=\"lazy\" data-original-width=\"355\" data-original-height=\"237\" itemprop=\"http:\/\/schema.org\/image\" title=\"0K3A3218, Grissett (dombr)\" alt=\"Danny Grissett (p)\" style=\"width: 355px; height: 237px;\" \/> <\/a> <div class=\"tiled-gallery-caption\" itemprop=\"caption description\"> Danny Grissett (p) <\/div> <\/div> <div class=\"tiled-gallery-item tiled-gallery-item-large\" itemprop=\"associatedMedia\" itemscope itemtype=\"http:\/\/schema.org\/ImageObject\"> <a href=\"https:\/\/www.jazzzeitung.de\/cms\/2016\/03\/das-jeremy-pelt-power-quintet-der-unterfahrt\/0k3a3221-stewart-dombr\/\" border=\"0\" itemprop=\"url\"> <meta itemprop=\"width\" content=\"355\"> <meta itemprop=\"height\" content=\"235\"> <img decoding=\"async\" class=\"\" data-attachment-id=\"8757\" data-orig-file=\"https:\/\/www.jazzzeitung.de\/cms\/wp-content\/uploads\/2016\/03\/0K3A3221-Stewart-dombr.jpg\" data-orig-size=\"1280,847\" data-comments-opened=\"1\" data-image-meta=\"{&quot;aperture&quot;:&quot;4&quot;,&quot;credit&quot;:&quot;&quot;,&quot;camera&quot;:&quot;Canon EOS 5D Mark III&quot;,&quot;caption&quot;:&quot;Jeremy Pelt Power Quintet, Jeremy Pelt (tp), Steve Nelson (vib), Danny Grissett (p), Andreas Kurz (b), Bill Stewart (dr), M\\u00fcnchen Unterfahrt, Foto Ralf Dombrowski&quot;,&quot;created_timestamp&quot;:&quot;1458251915&quot;,&quot;copyright&quot;:&quot;&quot;,&quot;focal_length&quot;:&quot;81&quot;,&quot;iso&quot;:&quot;12800&quot;,&quot;shutter_speed&quot;:&quot;0.008&quot;,&quot;title&quot;:&quot;&quot;,&quot;orientation&quot;:&quot;1&quot;}\" data-image-title=\"0K3A3221, Stewart (dombr)\" data-image-description=\"\" data-medium-file=\"https:\/\/i0.wp.com\/www.jazzzeitung.de\/cms\/wp-content\/uploads\/2016\/03\/0K3A3221-Stewart-dombr.jpg?fit=300%2C199&#038;ssl=1\" data-large-file=\"https:\/\/i0.wp.com\/www.jazzzeitung.de\/cms\/wp-content\/uploads\/2016\/03\/0K3A3221-Stewart-dombr.jpg?fit=840%2C556&#038;ssl=1\" src=\"https:\/\/i0.wp.com\/www.jazzzeitung.de\/cms\/wp-content\/uploads\/2016\/03\/0K3A3221-Stewart-dombr.jpg?w=355&#038;h=235&#038;ssl=1\" srcset=\"https:\/\/i0.wp.com\/www.jazzzeitung.de\/cms\/wp-content\/uploads\/2016\/03\/0K3A3221-Stewart-dombr.jpg?w=1280&amp;ssl=1 1280w, https:\/\/i0.wp.com\/www.jazzzeitung.de\/cms\/wp-content\/uploads\/2016\/03\/0K3A3221-Stewart-dombr.jpg?resize=300%2C199&amp;ssl=1 300w, https:\/\/i0.wp.com\/www.jazzzeitung.de\/cms\/wp-content\/uploads\/2016\/03\/0K3A3221-Stewart-dombr.jpg?resize=768%2C508&amp;ssl=1 768w, https:\/\/i0.wp.com\/www.jazzzeitung.de\/cms\/wp-content\/uploads\/2016\/03\/0K3A3221-Stewart-dombr.jpg?resize=900%2C596&amp;ssl=1 900w\" width=\"355\" height=\"235\" loading=\"lazy\" data-original-width=\"355\" data-original-height=\"235\" itemprop=\"http:\/\/schema.org\/image\" title=\"0K3A3221, Stewart (dombr)\" alt=\"Bill Stewart (dr)\" style=\"width: 355px; height: 235px;\" \/> <\/a> <div class=\"tiled-gallery-caption\" itemprop=\"caption description\"> Bill Stewart (dr) <\/div> <\/div> <div class=\"tiled-gallery-item tiled-gallery-item-large\" itemprop=\"associatedMedia\" itemscope itemtype=\"http:\/\/schema.org\/ImageObject\"> <a href=\"https:\/\/www.jazzzeitung.de\/cms\/2016\/03\/das-jeremy-pelt-power-quintet-der-unterfahrt\/0k3a3100-pelt-dombr\/\" border=\"0\" itemprop=\"url\"> <meta itemprop=\"width\" content=\"355\"> <meta itemprop=\"height\" content=\"236\"> <img decoding=\"async\" class=\"\" data-attachment-id=\"8751\" data-orig-file=\"https:\/\/www.jazzzeitung.de\/cms\/wp-content\/uploads\/2016\/03\/0K3A3100-Pelt-dombr.jpg\" data-orig-size=\"1280,853\" data-comments-opened=\"1\" data-image-meta=\"{&quot;aperture&quot;:&quot;4&quot;,&quot;credit&quot;:&quot;&quot;,&quot;camera&quot;:&quot;Canon EOS 5D Mark III&quot;,&quot;caption&quot;:&quot;Jeremy Pelt Power Quintet, Jeremy Pelt (tp), Steve Nelson (vib), Danny Grissett (p), Andreas Kurz (b), Bill Stewart (dr), M\\u00fcnchen Unterfahrt, Foto Ralf Dombrowski&quot;,&quot;created_timestamp&quot;:&quot;1458250432&quot;,&quot;copyright&quot;:&quot;&quot;,&quot;focal_length&quot;:&quot;200&quot;,&quot;iso&quot;:&quot;12800&quot;,&quot;shutter_speed&quot;:&quot;0.004&quot;,&quot;title&quot;:&quot;&quot;,&quot;orientation&quot;:&quot;1&quot;}\" data-image-title=\"0K3A3100, Pelt (dombr)\" data-image-description=\"\" data-medium-file=\"https:\/\/i0.wp.com\/www.jazzzeitung.de\/cms\/wp-content\/uploads\/2016\/03\/0K3A3100-Pelt-dombr.jpg?fit=300%2C200&#038;ssl=1\" data-large-file=\"https:\/\/i0.wp.com\/www.jazzzeitung.de\/cms\/wp-content\/uploads\/2016\/03\/0K3A3100-Pelt-dombr.jpg?fit=840%2C560&#038;ssl=1\" src=\"https:\/\/i0.wp.com\/www.jazzzeitung.de\/cms\/wp-content\/uploads\/2016\/03\/0K3A3100-Pelt-dombr.jpg?w=355&#038;h=236&#038;ssl=1\" srcset=\"https:\/\/i0.wp.com\/www.jazzzeitung.de\/cms\/wp-content\/uploads\/2016\/03\/0K3A3100-Pelt-dombr.jpg?w=1280&amp;ssl=1 1280w, https:\/\/i0.wp.com\/www.jazzzeitung.de\/cms\/wp-content\/uploads\/2016\/03\/0K3A3100-Pelt-dombr.jpg?resize=300%2C200&amp;ssl=1 300w, https:\/\/i0.wp.com\/www.jazzzeitung.de\/cms\/wp-content\/uploads\/2016\/03\/0K3A3100-Pelt-dombr.jpg?resize=768%2C512&amp;ssl=1 768w, https:\/\/i0.wp.com\/www.jazzzeitung.de\/cms\/wp-content\/uploads\/2016\/03\/0K3A3100-Pelt-dombr.jpg?resize=900%2C600&amp;ssl=1 900w\" width=\"355\" height=\"236\" loading=\"lazy\" data-original-width=\"355\" data-original-height=\"236\" itemprop=\"http:\/\/schema.org\/image\" title=\"0K3A3100, Pelt (dombr)\" alt=\"Jeremy Pelt (tr)\" style=\"width: 355px; height: 236px;\" \/> <\/a> <div class=\"tiled-gallery-caption\" itemprop=\"caption description\"> Jeremy Pelt (tr) <\/div> <\/div> <\/div> <!-- close group --> <\/div> <!-- close row --> <div class=\"gallery-row\" style=\"width: 840px; height: 378px;\" data-original-width=\"840\" data-original-height=\"378\" > <div class=\"gallery-group images-1\" style=\"width: 562px; height: 378px;\" data-original-width=\"562\" data-original-height=\"378\" > <div class=\"tiled-gallery-item tiled-gallery-item-large\" itemprop=\"associatedMedia\" itemscope itemtype=\"http:\/\/schema.org\/ImageObject\"> <a href=\"https:\/\/www.jazzzeitung.de\/cms\/2016\/03\/das-jeremy-pelt-power-quintet-der-unterfahrt\/0k3a3178-nelson-pelt-dombr\/\" border=\"0\" itemprop=\"url\"> <meta itemprop=\"width\" content=\"558\"> <meta itemprop=\"height\" content=\"374\"> <img decoding=\"async\" class=\"\" data-attachment-id=\"8754\" data-orig-file=\"https:\/\/www.jazzzeitung.de\/cms\/wp-content\/uploads\/2016\/03\/0K3A3178-Nelson-Pelt-dombr.jpg\" data-orig-size=\"1280,858\" data-comments-opened=\"1\" data-image-meta=\"{&quot;aperture&quot;:&quot;4&quot;,&quot;credit&quot;:&quot;&quot;,&quot;camera&quot;:&quot;Canon EOS 5D Mark III&quot;,&quot;caption&quot;:&quot;Jeremy Pelt Power Quintet, Jeremy Pelt (tp), Steve Nelson (vib), Danny Grissett (p), Andreas Kurz (b), Bill Stewart (dr), M\\u00fcnchen Unterfahrt, Foto Ralf Dombrowski&quot;,&quot;created_timestamp&quot;:&quot;1458251411&quot;,&quot;copyright&quot;:&quot;&quot;,&quot;focal_length&quot;:&quot;70&quot;,&quot;iso&quot;:&quot;12800&quot;,&quot;shutter_speed&quot;:&quot;0.00625&quot;,&quot;title&quot;:&quot;&quot;,&quot;orientation&quot;:&quot;1&quot;}\" data-image-title=\"0K3A3178, Nelson, Pelt (dombr)\" data-image-description=\"\" data-medium-file=\"https:\/\/i0.wp.com\/www.jazzzeitung.de\/cms\/wp-content\/uploads\/2016\/03\/0K3A3178-Nelson-Pelt-dombr.jpg?fit=300%2C201&#038;ssl=1\" data-large-file=\"https:\/\/i0.wp.com\/www.jazzzeitung.de\/cms\/wp-content\/uploads\/2016\/03\/0K3A3178-Nelson-Pelt-dombr.jpg?fit=840%2C563&#038;ssl=1\" src=\"https:\/\/i0.wp.com\/www.jazzzeitung.de\/cms\/wp-content\/uploads\/2016\/03\/0K3A3178-Nelson-Pelt-dombr.jpg?w=558&#038;h=374&#038;ssl=1\" srcset=\"https:\/\/i0.wp.com\/www.jazzzeitung.de\/cms\/wp-content\/uploads\/2016\/03\/0K3A3178-Nelson-Pelt-dombr.jpg?w=1280&amp;ssl=1 1280w, https:\/\/i0.wp.com\/www.jazzzeitung.de\/cms\/wp-content\/uploads\/2016\/03\/0K3A3178-Nelson-Pelt-dombr.jpg?resize=300%2C201&amp;ssl=1 300w, https:\/\/i0.wp.com\/www.jazzzeitung.de\/cms\/wp-content\/uploads\/2016\/03\/0K3A3178-Nelson-Pelt-dombr.jpg?resize=768%2C515&amp;ssl=1 768w, https:\/\/i0.wp.com\/www.jazzzeitung.de\/cms\/wp-content\/uploads\/2016\/03\/0K3A3178-Nelson-Pelt-dombr.jpg?resize=895%2C600&amp;ssl=1 895w, https:\/\/i0.wp.com\/www.jazzzeitung.de\/cms\/wp-content\/uploads\/2016\/03\/0K3A3178-Nelson-Pelt-dombr.jpg?resize=900%2C603&amp;ssl=1 900w\" width=\"558\" height=\"374\" loading=\"lazy\" data-original-width=\"558\" data-original-height=\"374\" itemprop=\"http:\/\/schema.org\/image\" title=\"0K3A3178, Nelson, Pelt (dombr)\" alt=\"Steve Nelson (vib)\" style=\"width: 558px; height: 374px;\" \/> <\/a> <div class=\"tiled-gallery-caption\" itemprop=\"caption description\"> Steve Nelson (vib) <\/div> <\/div> <\/div> <!-- close group --> <div class=\"gallery-group images-2\" style=\"width: 278px; height: 378px;\" data-original-width=\"278\" data-original-height=\"378\" > <div class=\"tiled-gallery-item tiled-gallery-item-large\" itemprop=\"associatedMedia\" itemscope itemtype=\"http:\/\/schema.org\/ImageObject\"> <a href=\"https:\/\/www.jazzzeitung.de\/cms\/2016\/03\/das-jeremy-pelt-power-quintet-der-unterfahrt\/0k3a3134-grissett-dombr\/\" border=\"0\" itemprop=\"url\"> <meta itemprop=\"width\" content=\"274\"> <meta itemprop=\"height\" content=\"183\"> <img decoding=\"async\" class=\"\" data-attachment-id=\"8752\" data-orig-file=\"https:\/\/www.jazzzeitung.de\/cms\/wp-content\/uploads\/2016\/03\/0K3A3134-Grissett-dombr.jpg\" data-orig-size=\"1280,853\" data-comments-opened=\"1\" data-image-meta=\"{&quot;aperture&quot;:&quot;4&quot;,&quot;credit&quot;:&quot;&quot;,&quot;camera&quot;:&quot;Canon EOS 5D Mark III&quot;,&quot;caption&quot;:&quot;Jeremy Pelt Power Quintet, Jeremy Pelt (tp), Steve Nelson (vib), Danny Grissett (p), Andreas Kurz (b), Bill Stewart (dr), M\\u00fcnchen Unterfahrt, Foto Ralf Dombrowski&quot;,&quot;created_timestamp&quot;:&quot;1458250741&quot;,&quot;copyright&quot;:&quot;&quot;,&quot;focal_length&quot;:&quot;200&quot;,&quot;iso&quot;:&quot;12800&quot;,&quot;shutter_speed&quot;:&quot;0.016666666666667&quot;,&quot;title&quot;:&quot;&quot;,&quot;orientation&quot;:&quot;1&quot;}\" data-image-title=\"0K3A3134, Grissett (dombr)\" data-image-description=\"\" data-medium-file=\"https:\/\/i0.wp.com\/www.jazzzeitung.de\/cms\/wp-content\/uploads\/2016\/03\/0K3A3134-Grissett-dombr.jpg?fit=300%2C200&#038;ssl=1\" data-large-file=\"https:\/\/i0.wp.com\/www.jazzzeitung.de\/cms\/wp-content\/uploads\/2016\/03\/0K3A3134-Grissett-dombr.jpg?fit=840%2C560&#038;ssl=1\" src=\"https:\/\/i0.wp.com\/www.jazzzeitung.de\/cms\/wp-content\/uploads\/2016\/03\/0K3A3134-Grissett-dombr.jpg?w=274&#038;h=183&#038;ssl=1\" srcset=\"https:\/\/i0.wp.com\/www.jazzzeitung.de\/cms\/wp-content\/uploads\/2016\/03\/0K3A3134-Grissett-dombr.jpg?w=1280&amp;ssl=1 1280w, https:\/\/i0.wp.com\/www.jazzzeitung.de\/cms\/wp-content\/uploads\/2016\/03\/0K3A3134-Grissett-dombr.jpg?resize=300%2C200&amp;ssl=1 300w, https:\/\/i0.wp.com\/www.jazzzeitung.de\/cms\/wp-content\/uploads\/2016\/03\/0K3A3134-Grissett-dombr.jpg?resize=768%2C512&amp;ssl=1 768w, https:\/\/i0.wp.com\/www.jazzzeitung.de\/cms\/wp-content\/uploads\/2016\/03\/0K3A3134-Grissett-dombr.jpg?resize=900%2C600&amp;ssl=1 900w\" width=\"274\" height=\"183\" loading=\"lazy\" data-original-width=\"274\" data-original-height=\"183\" itemprop=\"http:\/\/schema.org\/image\" title=\"0K3A3134, Grissett (dombr)\" alt=\"Danny Grissett (p)\" style=\"width: 274px; height: 183px;\" \/> <\/a> <div class=\"tiled-gallery-caption\" itemprop=\"caption description\"> Danny Grissett (p) <\/div> <\/div> <div class=\"tiled-gallery-item tiled-gallery-item-large\" itemprop=\"associatedMedia\" itemscope itemtype=\"http:\/\/schema.org\/ImageObject\"> <a href=\"https:\/\/www.jazzzeitung.de\/cms\/2016\/03\/das-jeremy-pelt-power-quintet-der-unterfahrt\/0k3a3342-pelt-neslon-sw-dombr\/\" border=\"0\" itemprop=\"url\"> <meta itemprop=\"width\" content=\"274\"> <meta itemprop=\"height\" content=\"187\"> <img decoding=\"async\" class=\"\" data-attachment-id=\"8764\" data-orig-file=\"https:\/\/www.jazzzeitung.de\/cms\/wp-content\/uploads\/2016\/03\/0K3A3342-Pelt-Neslon-sw-dombr.jpg\" data-orig-size=\"1280,871\" data-comments-opened=\"1\" data-image-meta=\"{&quot;aperture&quot;:&quot;4&quot;,&quot;credit&quot;:&quot;&quot;,&quot;camera&quot;:&quot;Canon EOS 5D Mark III&quot;,&quot;caption&quot;:&quot;Jeremy Pelt Power Quintet, Jeremy Pelt (tp), Steve Nelson (vib), Danny Grissett (p), Andreas Kurz (b), Bill Stewart (dr), M\\u00fcnchen Unterfahrt, Foto Ralf Dombrowski&quot;,&quot;created_timestamp&quot;:&quot;1458254760&quot;,&quot;copyright&quot;:&quot;&quot;,&quot;focal_length&quot;:&quot;131&quot;,&quot;iso&quot;:&quot;12800&quot;,&quot;shutter_speed&quot;:&quot;0.01&quot;,&quot;title&quot;:&quot;&quot;,&quot;orientation&quot;:&quot;0&quot;}\" data-image-title=\"0K3A3342, Pelt, Neslon sw (dombr)\" data-image-description=\"\" data-medium-file=\"https:\/\/i0.wp.com\/www.jazzzeitung.de\/cms\/wp-content\/uploads\/2016\/03\/0K3A3342-Pelt-Neslon-sw-dombr.jpg?fit=300%2C204&#038;ssl=1\" data-large-file=\"https:\/\/i0.wp.com\/www.jazzzeitung.de\/cms\/wp-content\/uploads\/2016\/03\/0K3A3342-Pelt-Neslon-sw-dombr.jpg?fit=840%2C571&#038;ssl=1\" src=\"https:\/\/i0.wp.com\/www.jazzzeitung.de\/cms\/wp-content\/uploads\/2016\/03\/0K3A3342-Pelt-Neslon-sw-dombr.jpg?w=274&#038;h=187&#038;ssl=1\" srcset=\"https:\/\/i0.wp.com\/www.jazzzeitung.de\/cms\/wp-content\/uploads\/2016\/03\/0K3A3342-Pelt-Neslon-sw-dombr.jpg?w=1280&amp;ssl=1 1280w, https:\/\/i0.wp.com\/www.jazzzeitung.de\/cms\/wp-content\/uploads\/2016\/03\/0K3A3342-Pelt-Neslon-sw-dombr.jpg?resize=300%2C204&amp;ssl=1 300w, https:\/\/i0.wp.com\/www.jazzzeitung.de\/cms\/wp-content\/uploads\/2016\/03\/0K3A3342-Pelt-Neslon-sw-dombr.jpg?resize=768%2C523&amp;ssl=1 768w, https:\/\/i0.wp.com\/www.jazzzeitung.de\/cms\/wp-content\/uploads\/2016\/03\/0K3A3342-Pelt-Neslon-sw-dombr.jpg?resize=882%2C600&amp;ssl=1 882w, https:\/\/i0.wp.com\/www.jazzzeitung.de\/cms\/wp-content\/uploads\/2016\/03\/0K3A3342-Pelt-Neslon-sw-dombr.jpg?resize=900%2C612&amp;ssl=1 900w\" width=\"274\" height=\"187\" loading=\"lazy\" data-original-width=\"274\" data-original-height=\"187\" itemprop=\"http:\/\/schema.org\/image\" title=\"0K3A3342, Pelt, Neslon sw (dombr)\" alt=\"Jeremy PeltJeremy Pelt (tp) und Steve Nelson (vib)\" style=\"width: 274px; height: 187px;\" \/> <\/a> <div class=\"tiled-gallery-caption\" itemprop=\"caption description\"> Jeremy PeltJeremy Pelt (tp) und Steve Nelson (vib) <\/div> <\/div> <\/div> <!-- close group --> <\/div> <!-- close row --> <div class=\"gallery-row\" style=\"width: 840px; height: 716px;\" data-original-width=\"840\" data-original-height=\"716\" > <div class=\"gallery-group images-3\" style=\"width: 362px; height: 716px;\" data-original-width=\"362\" data-original-height=\"716\" > <div class=\"tiled-gallery-item tiled-gallery-item-large\" itemprop=\"associatedMedia\" itemscope itemtype=\"http:\/\/schema.org\/ImageObject\"> <a href=\"https:\/\/www.jazzzeitung.de\/cms\/2016\/03\/das-jeremy-pelt-power-quintet-der-unterfahrt\/0k3a3207-nelson-pelt-dombr\/\" border=\"0\" itemprop=\"url\"> <meta itemprop=\"width\" content=\"358\"> <meta itemprop=\"height\" content=\"238\"> <img decoding=\"async\" class=\"\" data-attachment-id=\"8755\" data-orig-file=\"https:\/\/www.jazzzeitung.de\/cms\/wp-content\/uploads\/2016\/03\/0K3A3207-Nelson-Pelt-dombr.jpg\" data-orig-size=\"1280,853\" data-comments-opened=\"1\" data-image-meta=\"{&quot;aperture&quot;:&quot;4&quot;,&quot;credit&quot;:&quot;&quot;,&quot;camera&quot;:&quot;Canon EOS 5D Mark III&quot;,&quot;caption&quot;:&quot;Jeremy Pelt Power Quintet, Jeremy Pelt (tp), Steve Nelson (vib), Danny Grissett (p), Andreas Kurz (b), Bill Stewart (dr), M\\u00fcnchen Unterfahrt, Foto Ralf Dombrowski&quot;,&quot;created_timestamp&quot;:&quot;1458251671&quot;,&quot;copyright&quot;:&quot;&quot;,&quot;focal_length&quot;:&quot;91&quot;,&quot;iso&quot;:&quot;12800&quot;,&quot;shutter_speed&quot;:&quot;0.00625&quot;,&quot;title&quot;:&quot;&quot;,&quot;orientation&quot;:&quot;1&quot;}\" data-image-title=\"0K3A3207, Nelson, Pelt (dombr)\" data-image-description=\"\" data-medium-file=\"https:\/\/i0.wp.com\/www.jazzzeitung.de\/cms\/wp-content\/uploads\/2016\/03\/0K3A3207-Nelson-Pelt-dombr.jpg?fit=300%2C200&#038;ssl=1\" data-large-file=\"https:\/\/i0.wp.com\/www.jazzzeitung.de\/cms\/wp-content\/uploads\/2016\/03\/0K3A3207-Nelson-Pelt-dombr.jpg?fit=840%2C560&#038;ssl=1\" src=\"https:\/\/i0.wp.com\/www.jazzzeitung.de\/cms\/wp-content\/uploads\/2016\/03\/0K3A3207-Nelson-Pelt-dombr.jpg?w=358&#038;h=238&#038;ssl=1\" srcset=\"https:\/\/i0.wp.com\/www.jazzzeitung.de\/cms\/wp-content\/uploads\/2016\/03\/0K3A3207-Nelson-Pelt-dombr.jpg?w=1280&amp;ssl=1 1280w, https:\/\/i0.wp.com\/www.jazzzeitung.de\/cms\/wp-content\/uploads\/2016\/03\/0K3A3207-Nelson-Pelt-dombr.jpg?resize=300%2C200&amp;ssl=1 300w, https:\/\/i0.wp.com\/www.jazzzeitung.de\/cms\/wp-content\/uploads\/2016\/03\/0K3A3207-Nelson-Pelt-dombr.jpg?resize=768%2C512&amp;ssl=1 768w, https:\/\/i0.wp.com\/www.jazzzeitung.de\/cms\/wp-content\/uploads\/2016\/03\/0K3A3207-Nelson-Pelt-dombr.jpg?resize=900%2C600&amp;ssl=1 900w\" width=\"358\" height=\"238\" loading=\"lazy\" data-original-width=\"358\" data-original-height=\"238\" itemprop=\"http:\/\/schema.org\/image\" title=\"0K3A3207, Nelson, Pelt (dombr)\" alt=\"Steve Nelson (vib)\" style=\"width: 358px; height: 238px;\" \/> <\/a> <div class=\"tiled-gallery-caption\" itemprop=\"caption description\"> Steve Nelson (vib) <\/div> <\/div> <div class=\"tiled-gallery-item tiled-gallery-item-large\" itemprop=\"associatedMedia\" itemscope itemtype=\"http:\/\/schema.org\/ImageObject\"> <a href=\"https:\/\/www.jazzzeitung.de\/cms\/2016\/03\/das-jeremy-pelt-power-quintet-der-unterfahrt\/0k3a3234-stewart-dombr\/\" border=\"0\" itemprop=\"url\"> <meta itemprop=\"width\" content=\"358\"> <meta itemprop=\"height\" content=\"228\"> <img decoding=\"async\" class=\"\" data-attachment-id=\"8759\" data-orig-file=\"https:\/\/www.jazzzeitung.de\/cms\/wp-content\/uploads\/2016\/03\/0K3A3234-Stewart-dombr.jpg\" data-orig-size=\"1280,814\" data-comments-opened=\"1\" data-image-meta=\"{&quot;aperture&quot;:&quot;4&quot;,&quot;credit&quot;:&quot;&quot;,&quot;camera&quot;:&quot;Canon EOS 5D Mark III&quot;,&quot;caption&quot;:&quot;Jeremy Pelt Power Quintet, Jeremy Pelt (tp), Steve Nelson (vib), Danny Grissett (p), Andreas Kurz (b), Bill Stewart (dr), M\\u00fcnchen Unterfahrt, Foto Ralf Dombrowski&quot;,&quot;created_timestamp&quot;:&quot;1458252273&quot;,&quot;copyright&quot;:&quot;&quot;,&quot;focal_length&quot;:&quot;70&quot;,&quot;iso&quot;:&quot;12800&quot;,&quot;shutter_speed&quot;:&quot;0.008&quot;,&quot;title&quot;:&quot;&quot;,&quot;orientation&quot;:&quot;1&quot;}\" data-image-title=\"0K3A3234, Stewart (dombr)\" data-image-description=\"\" data-medium-file=\"https:\/\/i0.wp.com\/www.jazzzeitung.de\/cms\/wp-content\/uploads\/2016\/03\/0K3A3234-Stewart-dombr.jpg?fit=300%2C191&#038;ssl=1\" data-large-file=\"https:\/\/i0.wp.com\/www.jazzzeitung.de\/cms\/wp-content\/uploads\/2016\/03\/0K3A3234-Stewart-dombr.jpg?fit=840%2C534&#038;ssl=1\" src=\"https:\/\/i0.wp.com\/www.jazzzeitung.de\/cms\/wp-content\/uploads\/2016\/03\/0K3A3234-Stewart-dombr.jpg?w=358&#038;h=228&#038;ssl=1\" srcset=\"https:\/\/i0.wp.com\/www.jazzzeitung.de\/cms\/wp-content\/uploads\/2016\/03\/0K3A3234-Stewart-dombr.jpg?w=1280&amp;ssl=1 1280w, https:\/\/i0.wp.com\/www.jazzzeitung.de\/cms\/wp-content\/uploads\/2016\/03\/0K3A3234-Stewart-dombr.jpg?resize=300%2C191&amp;ssl=1 300w, https:\/\/i0.wp.com\/www.jazzzeitung.de\/cms\/wp-content\/uploads\/2016\/03\/0K3A3234-Stewart-dombr.jpg?resize=768%2C488&amp;ssl=1 768w, https:\/\/i0.wp.com\/www.jazzzeitung.de\/cms\/wp-content\/uploads\/2016\/03\/0K3A3234-Stewart-dombr.jpg?resize=900%2C572&amp;ssl=1 900w\" width=\"358\" height=\"228\" loading=\"lazy\" data-original-width=\"358\" data-original-height=\"228\" itemprop=\"http:\/\/schema.org\/image\" title=\"0K3A3234, Stewart (dombr)\" alt=\"Bill Stewart (dr)\" style=\"width: 358px; height: 228px;\" \/> <\/a> <div class=\"tiled-gallery-caption\" itemprop=\"caption description\"> Bill Stewart (dr) <\/div> <\/div> <div class=\"tiled-gallery-item tiled-gallery-item-large\" itemprop=\"associatedMedia\" itemscope itemtype=\"http:\/\/schema.org\/ImageObject\"> <a href=\"https:\/\/www.jazzzeitung.de\/cms\/2016\/03\/das-jeremy-pelt-power-quintet-der-unterfahrt\/0k3a3226-pelt-dombr\/\" border=\"0\" itemprop=\"url\"> <meta itemprop=\"width\" content=\"358\"> <meta itemprop=\"height\" content=\"238\"> <img decoding=\"async\" class=\"\" data-attachment-id=\"8758\" data-orig-file=\"https:\/\/www.jazzzeitung.de\/cms\/wp-content\/uploads\/2016\/03\/0K3A3226-Pelt-dombr.jpg\" data-orig-size=\"1280,853\" data-comments-opened=\"1\" data-image-meta=\"{&quot;aperture&quot;:&quot;4&quot;,&quot;credit&quot;:&quot;&quot;,&quot;camera&quot;:&quot;Canon EOS 5D Mark III&quot;,&quot;caption&quot;:&quot;Jeremy Pelt Power Quintet, Jeremy Pelt (tp), Steve Nelson (vib), Danny Grissett (p), Andreas Kurz (b), Bill Stewart (dr), M\\u00fcnchen Unterfahrt, Foto Ralf Dombrowski&quot;,&quot;created_timestamp&quot;:&quot;1458252050&quot;,&quot;copyright&quot;:&quot;&quot;,&quot;focal_length&quot;:&quot;154&quot;,&quot;iso&quot;:&quot;12800&quot;,&quot;shutter_speed&quot;:&quot;0.016666666666667&quot;,&quot;title&quot;:&quot;&quot;,&quot;orientation&quot;:&quot;1&quot;}\" data-image-title=\"0K3A3226, Pelt (dombr)\" data-image-description=\"\" data-medium-file=\"https:\/\/i0.wp.com\/www.jazzzeitung.de\/cms\/wp-content\/uploads\/2016\/03\/0K3A3226-Pelt-dombr.jpg?fit=300%2C200&#038;ssl=1\" data-large-file=\"https:\/\/i0.wp.com\/www.jazzzeitung.de\/cms\/wp-content\/uploads\/2016\/03\/0K3A3226-Pelt-dombr.jpg?fit=840%2C560&#038;ssl=1\" src=\"https:\/\/i0.wp.com\/www.jazzzeitung.de\/cms\/wp-content\/uploads\/2016\/03\/0K3A3226-Pelt-dombr.jpg?w=358&#038;h=238&#038;ssl=1\" srcset=\"https:\/\/i0.wp.com\/www.jazzzeitung.de\/cms\/wp-content\/uploads\/2016\/03\/0K3A3226-Pelt-dombr.jpg?w=1280&amp;ssl=1 1280w, https:\/\/i0.wp.com\/www.jazzzeitung.de\/cms\/wp-content\/uploads\/2016\/03\/0K3A3226-Pelt-dombr.jpg?resize=300%2C200&amp;ssl=1 300w, https:\/\/i0.wp.com\/www.jazzzeitung.de\/cms\/wp-content\/uploads\/2016\/03\/0K3A3226-Pelt-dombr.jpg?resize=768%2C512&amp;ssl=1 768w, https:\/\/i0.wp.com\/www.jazzzeitung.de\/cms\/wp-content\/uploads\/2016\/03\/0K3A3226-Pelt-dombr.jpg?resize=900%2C600&amp;ssl=1 900w\" width=\"358\" height=\"238\" loading=\"lazy\" data-original-width=\"358\" data-original-height=\"238\" itemprop=\"http:\/\/schema.org\/image\" title=\"0K3A3226, Pelt (dombr)\" alt=\"Jeremy Pelt (tr)\" style=\"width: 358px; height: 238px;\" \/> <\/a> <div class=\"tiled-gallery-caption\" itemprop=\"caption description\"> Jeremy Pelt (tr) <\/div> <\/div> <\/div> <!-- close group --> <div class=\"gallery-group images-1\" style=\"width: 478px; height: 716px;\" data-original-width=\"478\" data-original-height=\"716\" > <div class=\"tiled-gallery-item tiled-gallery-item-large\" itemprop=\"associatedMedia\" itemscope itemtype=\"http:\/\/schema.org\/ImageObject\"> <a href=\"https:\/\/www.jazzzeitung.de\/cms\/2016\/03\/das-jeremy-pelt-power-quintet-der-unterfahrt\/0k3a3074-nelson-dombr\/\" border=\"0\" itemprop=\"url\"> <meta itemprop=\"width\" content=\"474\"> <meta itemprop=\"height\" content=\"712\"> <img decoding=\"async\" class=\"\" data-attachment-id=\"8749\" data-orig-file=\"https:\/\/www.jazzzeitung.de\/cms\/wp-content\/uploads\/2016\/03\/0K3A3074-Nelson-dombr.jpg\" data-orig-size=\"853,1280\" data-comments-opened=\"1\" data-image-meta=\"{&quot;aperture&quot;:&quot;4&quot;,&quot;credit&quot;:&quot;&quot;,&quot;camera&quot;:&quot;Canon EOS 5D Mark III&quot;,&quot;caption&quot;:&quot;Jeremy Pelt Power Quintet, Jeremy Pelt (tp), Steve Nelson (vib), Danny Grissett (p), Andreas Kurz (b), Bill Stewart (dr), M\\u00fcnchen Unterfahrt, Foto Ralf Dombrowski&quot;,&quot;created_timestamp&quot;:&quot;1458249890&quot;,&quot;copyright&quot;:&quot;&quot;,&quot;focal_length&quot;:&quot;168&quot;,&quot;iso&quot;:&quot;12800&quot;,&quot;shutter_speed&quot;:&quot;0.005&quot;,&quot;title&quot;:&quot;&quot;,&quot;orientation&quot;:&quot;1&quot;}\" data-image-title=\"0K3A3074, Nelson (dombr)\" data-image-description=\"\" data-medium-file=\"https:\/\/i0.wp.com\/www.jazzzeitung.de\/cms\/wp-content\/uploads\/2016\/03\/0K3A3074-Nelson-dombr.jpg?fit=200%2C300&#038;ssl=1\" data-large-file=\"https:\/\/i0.wp.com\/www.jazzzeitung.de\/cms\/wp-content\/uploads\/2016\/03\/0K3A3074-Nelson-dombr.jpg?fit=400%2C600&#038;ssl=1\" src=\"https:\/\/i0.wp.com\/www.jazzzeitung.de\/cms\/wp-content\/uploads\/2016\/03\/0K3A3074-Nelson-dombr.jpg?w=474&#038;h=712&#038;ssl=1\" srcset=\"https:\/\/i0.wp.com\/www.jazzzeitung.de\/cms\/wp-content\/uploads\/2016\/03\/0K3A3074-Nelson-dombr.jpg?w=853&amp;ssl=1 853w, https:\/\/i0.wp.com\/www.jazzzeitung.de\/cms\/wp-content\/uploads\/2016\/03\/0K3A3074-Nelson-dombr.jpg?resize=200%2C300&amp;ssl=1 200w, https:\/\/i0.wp.com\/www.jazzzeitung.de\/cms\/wp-content\/uploads\/2016\/03\/0K3A3074-Nelson-dombr.jpg?resize=768%2C1152&amp;ssl=1 768w, https:\/\/i0.wp.com\/www.jazzzeitung.de\/cms\/wp-content\/uploads\/2016\/03\/0K3A3074-Nelson-dombr.jpg?resize=400%2C600&amp;ssl=1 400w\" width=\"474\" height=\"712\" loading=\"lazy\" data-original-width=\"474\" data-original-height=\"712\" itemprop=\"http:\/\/schema.org\/image\" title=\"0K3A3074, Nelson (dombr)\" alt=\"Steve Nelson (vib)\" style=\"width: 474px; height: 712px;\" \/> <\/a> <div class=\"tiled-gallery-caption\" itemprop=\"caption description\"> Steve Nelson (vib) <\/div> <\/div> <\/div> <!-- close group --> <\/div> <!-- close row --> <div class=\"gallery-row\" style=\"width: 840px; height: 557px;\" data-original-width=\"840\" data-original-height=\"557\" > <div class=\"gallery-group images-1\" style=\"width: 840px; height: 557px;\" data-original-width=\"840\" data-original-height=\"557\" > <div class=\"tiled-gallery-item tiled-gallery-item-large\" itemprop=\"associatedMedia\" itemscope itemtype=\"http:\/\/schema.org\/ImageObject\"> <a href=\"https:\/\/www.jazzzeitung.de\/cms\/2016\/03\/das-jeremy-pelt-power-quintet-der-unterfahrt\/0k3a3302-pelt-dombr\/\" border=\"0\" itemprop=\"url\"> <meta itemprop=\"width\" content=\"836\"> <meta itemprop=\"height\" content=\"553\"> <img decoding=\"async\" class=\"\" data-attachment-id=\"8762\" data-orig-file=\"https:\/\/www.jazzzeitung.de\/cms\/wp-content\/uploads\/2016\/03\/0K3A3302-Pelt-dombr.jpg\" data-orig-size=\"1280,847\" data-comments-opened=\"1\" data-image-meta=\"{&quot;aperture&quot;:&quot;4&quot;,&quot;credit&quot;:&quot;&quot;,&quot;camera&quot;:&quot;Canon EOS 5D Mark III&quot;,&quot;caption&quot;:&quot;Jeremy Pelt Power Quintet, Jeremy Pelt (tp), Steve Nelson (vib), Danny Grissett (p), Andreas Kurz (b), Bill Stewart (dr), M\\u00fcnchen Unterfahrt, Foto Ralf Dombrowski&quot;,&quot;created_timestamp&quot;:&quot;1458254571&quot;,&quot;copyright&quot;:&quot;&quot;,&quot;focal_length&quot;:&quot;91&quot;,&quot;iso&quot;:&quot;12800&quot;,&quot;shutter_speed&quot;:&quot;0.005&quot;,&quot;title&quot;:&quot;&quot;,&quot;orientation&quot;:&quot;1&quot;}\" data-image-title=\"0K3A3302, Pelt (dombr)\" data-image-description=\"\" data-medium-file=\"https:\/\/i0.wp.com\/www.jazzzeitung.de\/cms\/wp-content\/uploads\/2016\/03\/0K3A3302-Pelt-dombr.jpg?fit=300%2C199&#038;ssl=1\" data-large-file=\"https:\/\/i0.wp.com\/www.jazzzeitung.de\/cms\/wp-content\/uploads\/2016\/03\/0K3A3302-Pelt-dombr.jpg?fit=840%2C556&#038;ssl=1\" src=\"https:\/\/i0.wp.com\/www.jazzzeitung.de\/cms\/wp-content\/uploads\/2016\/03\/0K3A3302-Pelt-dombr.jpg?w=836&#038;h=553&#038;ssl=1\" srcset=\"https:\/\/i0.wp.com\/www.jazzzeitung.de\/cms\/wp-content\/uploads\/2016\/03\/0K3A3302-Pelt-dombr.jpg?w=1280&amp;ssl=1 1280w, https:\/\/i0.wp.com\/www.jazzzeitung.de\/cms\/wp-content\/uploads\/2016\/03\/0K3A3302-Pelt-dombr.jpg?resize=300%2C199&amp;ssl=1 300w, https:\/\/i0.wp.com\/www.jazzzeitung.de\/cms\/wp-content\/uploads\/2016\/03\/0K3A3302-Pelt-dombr.jpg?resize=768%2C508&amp;ssl=1 768w, https:\/\/i0.wp.com\/www.jazzzeitung.de\/cms\/wp-content\/uploads\/2016\/03\/0K3A3302-Pelt-dombr.jpg?resize=900%2C596&amp;ssl=1 900w\" width=\"836\" height=\"553\" loading=\"lazy\" data-original-width=\"836\" data-original-height=\"553\" itemprop=\"http:\/\/schema.org\/image\" title=\"0K3A3302, Pelt (dombr)\" alt=\"Jeremy Pelt\" style=\"width: 836px; height: 553px;\" \/> <\/a> <div class=\"tiled-gallery-caption\" itemprop=\"caption description\"> Jeremy Pelt <\/div> <\/div> <\/div> <!-- close group --> <\/div> <!-- close row --> <\/div>\n","protected":false},"excerpt":{"rendered":"<p>Ralf Dombrowski machte stimmungsvolle Fotos vom gestrigen Auftritt des Jeremy Pelt Power Quintets um den Tropeter Jeremy Pelt, der zusammen mit Steve Nelson (vib), Danny Grissett (p), Andreas Lang (b) und Bill Stewart (dr) in der M\u00fcnchner Unterfahrt auftrat.<\/p>\n","protected":false},"author":18,"featured_media":0,"comment_status":"open","ping_status":"closed","sticky":false,"template":"","format":"standard","meta":{"_jetpack_memberships_contains_paid_content":false,"footnotes":"","jetpack_publicize_message":"","jetpack_publicize_feature_enabled":true,"jetpack_social_post_already_shared":false,"jetpack_social_options":{"image_generator_settings":{"template":"highway","default_image_id":0,"font":"","enabled":false},"version":2}},"categories":[652],"tags":[1252,146,573],"coauthors":[695],"class_list":["post-8747","post","type-post","status-publish","format-standard","hentry","category-galerie","tag-jeremy-pelt-power-quintet","tag-dombrowski","tag-unterfahrt"],"yoast_head":"<!-- This site is optimized with the Yoast SEO plugin v27.5 - https:\/\/yoast.com\/product\/yoast-seo-wordpress\/ -->\n<title>Das Jeremy Pelt Power Quintet in der Unterfahrt - JazzZeitung<\/title>\n<meta name=\"robots\" content=\"index, follow, max-snippet:-1, max-image-preview:large, max-video-preview:-1\" \/>\n<link rel=\"canonical\" href=\"https:\/\/www.jazzzeitung.de\/cms\/2016\/03\/das-jeremy-pelt-power-quintet-der-unterfahrt\/\" \/>\n<meta property=\"og:locale\" content=\"de_DE\" \/>\n<meta property=\"og:type\" content=\"article\" \/>\n<meta property=\"og:title\" content=\"Das Jeremy Pelt Power Quintet in der Unterfahrt - JazzZeitung\" \/>\n<meta property=\"og:description\" content=\"Ralf Dombrowski machte stimmungsvolle Fotos vom gestrigen Auftritt des Jeremy Pelt Power Quintets um den Tropeter Jeremy Pelt, der zusammen mit Steve Nelson (vib), Danny Grissett (p), Andreas Lang (b) und Bill Stewart (dr) in der M\u00fcnchner Unterfahrt auftrat.\" \/>\n<meta property=\"og:url\" content=\"https:\/\/www.jazzzeitung.de\/cms\/2016\/03\/das-jeremy-pelt-power-quintet-der-unterfahrt\/\" \/>\n<meta property=\"og:site_name\" content=\"JazzZeitung\" \/>\n<meta property=\"article:publisher\" content=\"https:\/\/www.facebook.com\/JazzZeitung\/\" \/>\n<meta property=\"article:published_time\" content=\"2016-03-19T09:00:47+00:00\" \/>\n<meta property=\"article:modified_time\" content=\"2016-03-21T14:48:13+00:00\" \/>\n<meta property=\"og:image\" content=\"https:\/\/i0.wp.com\/www.jazzzeitung.de\/cms\/wp-content\/uploads\/2016\/03\/0K3A3095-Pelt-dombr.jpg?w=576&#038;h=384&#038;ssl=1\" \/>\n<meta name=\"author\" content=\"Redaktion JazzZeitung\" \/>\n<script type=\"application\/ld+json\" class=\"yoast-schema-graph\">{\"@context\":\"https:\\\/\\\/schema.org\",\"@graph\":[{\"@type\":\"Article\",\"@id\":\"https:\\\/\\\/www.jazzzeitung.de\\\/cms\\\/2016\\\/03\\\/das-jeremy-pelt-power-quintet-der-unterfahrt\\\/#article\",\"isPartOf\":{\"@id\":\"https:\\\/\\\/www.jazzzeitung.de\\\/cms\\\/2016\\\/03\\\/das-jeremy-pelt-power-quintet-der-unterfahrt\\\/\"},\"author\":{\"name\":\"Redaktion JazzZeitung\",\"@id\":\"https:\\\/\\\/www.jazzzeitung.de\\\/cms\\\/#\\\/schema\\\/person\\\/2245b36b9cd1d24cea10f01c031fb92b\"},\"headline\":\"Das Jeremy Pelt Power Quintet in der Unterfahrt\",\"datePublished\":\"2016-03-19T09:00:47+00:00\",\"dateModified\":\"2016-03-21T14:48:13+00:00\",\"mainEntityOfPage\":{\"@id\":\"https:\\\/\\\/www.jazzzeitung.de\\\/cms\\\/2016\\\/03\\\/das-jeremy-pelt-power-quintet-der-unterfahrt\\\/\"},\"wordCount\":52,\"commentCount\":0,\"publisher\":{\"@id\":\"https:\\\/\\\/www.jazzzeitung.de\\\/cms\\\/#organization\"},\"keywords\":[\"Jeremy Pelt Power Quintet\",\"Ralf Dombrowski\",\"Unterfahrt\"],\"articleSection\":[\"Galerie\"],\"inLanguage\":\"de\",\"potentialAction\":[{\"@type\":\"CommentAction\",\"name\":\"Comment\",\"target\":[\"https:\\\/\\\/www.jazzzeitung.de\\\/cms\\\/2016\\\/03\\\/das-jeremy-pelt-power-quintet-der-unterfahrt\\\/#respond\"]}]},{\"@type\":\"WebPage\",\"@id\":\"https:\\\/\\\/www.jazzzeitung.de\\\/cms\\\/2016\\\/03\\\/das-jeremy-pelt-power-quintet-der-unterfahrt\\\/\",\"url\":\"https:\\\/\\\/www.jazzzeitung.de\\\/cms\\\/2016\\\/03\\\/das-jeremy-pelt-power-quintet-der-unterfahrt\\\/\",\"name\":\"Das Jeremy Pelt Power Quintet in der Unterfahrt - JazzZeitung\",\"isPartOf\":{\"@id\":\"https:\\\/\\\/www.jazzzeitung.de\\\/cms\\\/#website\"},\"datePublished\":\"2016-03-19T09:00:47+00:00\",\"dateModified\":\"2016-03-21T14:48:13+00:00\",\"breadcrumb\":{\"@id\":\"https:\\\/\\\/www.jazzzeitung.de\\\/cms\\\/2016\\\/03\\\/das-jeremy-pelt-power-quintet-der-unterfahrt\\\/#breadcrumb\"},\"inLanguage\":\"de\",\"potentialAction\":[{\"@type\":\"ReadAction\",\"target\":[\"https:\\\/\\\/www.jazzzeitung.de\\\/cms\\\/2016\\\/03\\\/das-jeremy-pelt-power-quintet-der-unterfahrt\\\/\"]}]},{\"@type\":\"BreadcrumbList\",\"@id\":\"https:\\\/\\\/www.jazzzeitung.de\\\/cms\\\/2016\\\/03\\\/das-jeremy-pelt-power-quintet-der-unterfahrt\\\/#breadcrumb\",\"itemListElement\":[{\"@type\":\"ListItem\",\"position\":1,\"name\":\"Startseite\",\"item\":\"https:\\\/\\\/www.jazzzeitung.de\\\/cms\\\/\"},{\"@type\":\"ListItem\",\"position\":2,\"name\":\"Das Jeremy Pelt Power Quintet in der Unterfahrt\"}]},{\"@type\":\"WebSite\",\"@id\":\"https:\\\/\\\/www.jazzzeitung.de\\\/cms\\\/#website\",\"url\":\"https:\\\/\\\/www.jazzzeitung.de\\\/cms\\\/\",\"name\":\"JazzZeitung\",\"description\":\"Jazz-News und Jazz-Kontroverses\",\"publisher\":{\"@id\":\"https:\\\/\\\/www.jazzzeitung.de\\\/cms\\\/#organization\"},\"potentialAction\":[{\"@type\":\"SearchAction\",\"target\":{\"@type\":\"EntryPoint\",\"urlTemplate\":\"https:\\\/\\\/www.jazzzeitung.de\\\/cms\\\/?s={search_term_string}\"},\"query-input\":{\"@type\":\"PropertyValueSpecification\",\"valueRequired\":true,\"valueName\":\"search_term_string\"}}],\"inLanguage\":\"de\"},{\"@type\":\"Organization\",\"@id\":\"https:\\\/\\\/www.jazzzeitung.de\\\/cms\\\/#organization\",\"name\":\"JazzZeitung online\",\"url\":\"https:\\\/\\\/www.jazzzeitung.de\\\/cms\\\/\",\"logo\":{\"@type\":\"ImageObject\",\"inLanguage\":\"de\",\"@id\":\"https:\\\/\\\/www.jazzzeitung.de\\\/cms\\\/#\\\/schema\\\/logo\\\/image\\\/\",\"url\":\"https:\\\/\\\/i0.wp.com\\\/www.jazzzeitung.de\\\/cms\\\/wp-content\\\/uploads\\\/2015\\\/08\\\/JAZZZEITUNGDE_Logo_Neu.png?fit=499%2C200&ssl=1\",\"contentUrl\":\"https:\\\/\\\/i0.wp.com\\\/www.jazzzeitung.de\\\/cms\\\/wp-content\\\/uploads\\\/2015\\\/08\\\/JAZZZEITUNGDE_Logo_Neu.png?fit=499%2C200&ssl=1\",\"width\":499,\"height\":200,\"caption\":\"JazzZeitung online\"},\"image\":{\"@id\":\"https:\\\/\\\/www.jazzzeitung.de\\\/cms\\\/#\\\/schema\\\/logo\\\/image\\\/\"},\"sameAs\":[\"https:\\\/\\\/www.facebook.com\\\/JazzZeitung\\\/\"]},{\"@type\":\"Person\",\"@id\":\"https:\\\/\\\/www.jazzzeitung.de\\\/cms\\\/#\\\/schema\\\/person\\\/2245b36b9cd1d24cea10f01c031fb92b\",\"name\":\"Redaktion JazzZeitung\",\"image\":{\"@type\":\"ImageObject\",\"inLanguage\":\"de\",\"@id\":\"https:\\\/\\\/i0.wp.com\\\/www.jazzzeitung.de\\\/cms\\\/wp-content\\\/uploads\\\/2015\\\/08\\\/JAZZZEITUNGDE_Logo_Neu.png?resize=96%2C96&ssl=159975dcacb611b5700bd619b5daf0a7a\",\"url\":\"https:\\\/\\\/i0.wp.com\\\/www.jazzzeitung.de\\\/cms\\\/wp-content\\\/uploads\\\/2015\\\/08\\\/JAZZZEITUNGDE_Logo_Neu.png?resize=96%2C96&ssl=1\",\"contentUrl\":\"https:\\\/\\\/i0.wp.com\\\/www.jazzzeitung.de\\\/cms\\\/wp-content\\\/uploads\\\/2015\\\/08\\\/JAZZZEITUNGDE_Logo_Neu.png?resize=96%2C96&ssl=1\",\"caption\":\"Redaktion JazzZeitung\"},\"description\":\"Artikel der Redaktion der JazzZeitung.\",\"sameAs\":[\"http:\\\/\\\/www.jazzzeitung.de\\\/cms\\\/\"],\"url\":\"https:\\\/\\\/www.jazzzeitung.de\\\/cms\\\/author\\\/redaktion\\\/\"}]}<\/script>\n<!-- \/ Yoast SEO plugin. -->","yoast_head_json":{"title":"Das Jeremy Pelt Power Quintet in der Unterfahrt - JazzZeitung","robots":{"index":"index","follow":"follow","max-snippet":"max-snippet:-1","max-image-preview":"max-image-preview:large","max-video-preview":"max-video-preview:-1"},"canonical":"https:\/\/www.jazzzeitung.de\/cms\/2016\/03\/das-jeremy-pelt-power-quintet-der-unterfahrt\/","og_locale":"de_DE","og_type":"article","og_title":"Das Jeremy Pelt Power Quintet in der Unterfahrt - JazzZeitung","og_description":"Ralf Dombrowski machte stimmungsvolle Fotos vom gestrigen Auftritt des Jeremy Pelt Power Quintets um den Tropeter Jeremy Pelt, der zusammen mit Steve Nelson (vib), Danny Grissett (p), Andreas Lang (b) und Bill Stewart (dr) in der M\u00fcnchner Unterfahrt auftrat.","og_url":"https:\/\/www.jazzzeitung.de\/cms\/2016\/03\/das-jeremy-pelt-power-quintet-der-unterfahrt\/","og_site_name":"JazzZeitung","article_publisher":"https:\/\/www.facebook.com\/JazzZeitung\/","article_published_time":"2016-03-19T09:00:47+00:00","article_modified_time":"2016-03-21T14:48:13+00:00","og_image":[{"url":"https:\/\/i0.wp.com\/www.jazzzeitung.de\/cms\/wp-content\/uploads\/2016\/03\/0K3A3095-Pelt-dombr.jpg?w=576&#038;h=384&#038;ssl=1","type":"","width":"","height":""}],"author":"Redaktion JazzZeitung","schema":{"@context":"https:\/\/schema.org","@graph":[{"@type":"Article","@id":"https:\/\/www.jazzzeitung.de\/cms\/2016\/03\/das-jeremy-pelt-power-quintet-der-unterfahrt\/#article","isPartOf":{"@id":"https:\/\/www.jazzzeitung.de\/cms\/2016\/03\/das-jeremy-pelt-power-quintet-der-unterfahrt\/"},"author":{"name":"Redaktion JazzZeitung","@id":"https:\/\/www.jazzzeitung.de\/cms\/#\/schema\/person\/2245b36b9cd1d24cea10f01c031fb92b"},"headline":"Das Jeremy Pelt Power Quintet in der Unterfahrt","datePublished":"2016-03-19T09:00:47+00:00","dateModified":"2016-03-21T14:48:13+00:00","mainEntityOfPage":{"@id":"https:\/\/www.jazzzeitung.de\/cms\/2016\/03\/das-jeremy-pelt-power-quintet-der-unterfahrt\/"},"wordCount":52,"commentCount":0,"publisher":{"@id":"https:\/\/www.jazzzeitung.de\/cms\/#organization"},"keywords":["Jeremy Pelt Power Quintet","Ralf Dombrowski","Unterfahrt"],"articleSection":["Galerie"],"inLanguage":"de","potentialAction":[{"@type":"CommentAction","name":"Comment","target":["https:\/\/www.jazzzeitung.de\/cms\/2016\/03\/das-jeremy-pelt-power-quintet-der-unterfahrt\/#respond"]}]},{"@type":"WebPage","@id":"https:\/\/www.jazzzeitung.de\/cms\/2016\/03\/das-jeremy-pelt-power-quintet-der-unterfahrt\/","url":"https:\/\/www.jazzzeitung.de\/cms\/2016\/03\/das-jeremy-pelt-power-quintet-der-unterfahrt\/","name":"Das Jeremy Pelt Power Quintet in der Unterfahrt - JazzZeitung","isPartOf":{"@id":"https:\/\/www.jazzzeitung.de\/cms\/#website"},"datePublished":"2016-03-19T09:00:47+00:00","dateModified":"2016-03-21T14:48:13+00:00","breadcrumb":{"@id":"https:\/\/www.jazzzeitung.de\/cms\/2016\/03\/das-jeremy-pelt-power-quintet-der-unterfahrt\/#breadcrumb"},"inLanguage":"de","potentialAction":[{"@type":"ReadAction","target":["https:\/\/www.jazzzeitung.de\/cms\/2016\/03\/das-jeremy-pelt-power-quintet-der-unterfahrt\/"]}]},{"@type":"BreadcrumbList","@id":"https:\/\/www.jazzzeitung.de\/cms\/2016\/03\/das-jeremy-pelt-power-quintet-der-unterfahrt\/#breadcrumb","itemListElement":[{"@type":"ListItem","position":1,"name":"Startseite","item":"https:\/\/www.jazzzeitung.de\/cms\/"},{"@type":"ListItem","position":2,"name":"Das Jeremy Pelt Power Quintet in der Unterfahrt"}]},{"@type":"WebSite","@id":"https:\/\/www.jazzzeitung.de\/cms\/#website","url":"https:\/\/www.jazzzeitung.de\/cms\/","name":"JazzZeitung","description":"Jazz-News und Jazz-Kontroverses","publisher":{"@id":"https:\/\/www.jazzzeitung.de\/cms\/#organization"},"potentialAction":[{"@type":"SearchAction","target":{"@type":"EntryPoint","urlTemplate":"https:\/\/www.jazzzeitung.de\/cms\/?s={search_term_string}"},"query-input":{"@type":"PropertyValueSpecification","valueRequired":true,"valueName":"search_term_string"}}],"inLanguage":"de"},{"@type":"Organization","@id":"https:\/\/www.jazzzeitung.de\/cms\/#organization","name":"JazzZeitung online","url":"https:\/\/www.jazzzeitung.de\/cms\/","logo":{"@type":"ImageObject","inLanguage":"de","@id":"https:\/\/www.jazzzeitung.de\/cms\/#\/schema\/logo\/image\/","url":"https:\/\/i0.wp.com\/www.jazzzeitung.de\/cms\/wp-content\/uploads\/2015\/08\/JAZZZEITUNGDE_Logo_Neu.png?fit=499%2C200&ssl=1","contentUrl":"https:\/\/i0.wp.com\/www.jazzzeitung.de\/cms\/wp-content\/uploads\/2015\/08\/JAZZZEITUNGDE_Logo_Neu.png?fit=499%2C200&ssl=1","width":499,"height":200,"caption":"JazzZeitung online"},"image":{"@id":"https:\/\/www.jazzzeitung.de\/cms\/#\/schema\/logo\/image\/"},"sameAs":["https:\/\/www.facebook.com\/JazzZeitung\/"]},{"@type":"Person","@id":"https:\/\/www.jazzzeitung.de\/cms\/#\/schema\/person\/2245b36b9cd1d24cea10f01c031fb92b","name":"Redaktion JazzZeitung","image":{"@type":"ImageObject","inLanguage":"de","@id":"https:\/\/i0.wp.com\/www.jazzzeitung.de\/cms\/wp-content\/uploads\/2015\/08\/JAZZZEITUNGDE_Logo_Neu.png?resize=96%2C96&ssl=159975dcacb611b5700bd619b5daf0a7a","url":"https:\/\/i0.wp.com\/www.jazzzeitung.de\/cms\/wp-content\/uploads\/2015\/08\/JAZZZEITUNGDE_Logo_Neu.png?resize=96%2C96&ssl=1","contentUrl":"https:\/\/i0.wp.com\/www.jazzzeitung.de\/cms\/wp-content\/uploads\/2015\/08\/JAZZZEITUNGDE_Logo_Neu.png?resize=96%2C96&ssl=1","caption":"Redaktion JazzZeitung"},"description":"Artikel der Redaktion der JazzZeitung.","sameAs":["http:\/\/www.jazzzeitung.de\/cms\/"],"url":"https:\/\/www.jazzzeitung.de\/cms\/author\/redaktion\/"}]}},"wp-worthy-pixel":{"ignored":false,"public":null,"server":null,"url":null},"wp-worthy-type":"normal","jetpack_publicize_connections":[],"cc_featured_image_caption":{"caption_text":false,"source_text":false,"source_url":false},"jetpack_featured_media_url":"","jetpack_shortlink":"https:\/\/wp.me\/p3KEcT-2h5","jetpack-related-posts":[{"id":10943,"url":"https:\/\/www.jazzzeitung.de\/cms\/2016\/11\/galerie-julian-lage-trio-in-der-muenchner-unterfahrt\/","url_meta":{"origin":8747,"position":0},"title":"Galerie: Julian Lage Trio in der M\u00fcnchner Unterfahrt","author":"Redaktion JazzZeitung","date":"13. November 2016","format":false,"excerpt":"Bluegrass, Country, Jazz, klassische Musik und vieles mehr findet sich in der Musik des amerikanischen Gitarristen Julian Lage aufs Friedlichste vereint. Gelernt hat er unter anderem in \u201eGary Burton's Next Generation Quintet\u201c und reiht sich damit in die Reihe der Weltklasse-Gitarristen ein, die von Burton \"entdeckt\" wurden: Pat Metheny, John\u2026","rel":"","context":"In &quot;Galerie&quot;","block_context":{"text":"Galerie","link":"https:\/\/www.jazzzeitung.de\/cms\/thema\/galerie\/"},"img":{"alt_text":"","src":"https:\/\/i0.wp.com\/www.jazzzeitung.de\/cms\/wp-content\/uploads\/2016\/11\/0K3A4453-Doob-dombr.jpg?resize=350%2C200","width":350,"height":200,"srcset":"https:\/\/i0.wp.com\/www.jazzzeitung.de\/cms\/wp-content\/uploads\/2016\/11\/0K3A4453-Doob-dombr.jpg?resize=350%2C200 1x, https:\/\/i0.wp.com\/www.jazzzeitung.de\/cms\/wp-content\/uploads\/2016\/11\/0K3A4453-Doob-dombr.jpg?resize=525%2C300 1.5x, https:\/\/i0.wp.com\/www.jazzzeitung.de\/cms\/wp-content\/uploads\/2016\/11\/0K3A4453-Doob-dombr.jpg?resize=700%2C400 2x, https:\/\/i0.wp.com\/www.jazzzeitung.de\/cms\/wp-content\/uploads\/2016\/11\/0K3A4453-Doob-dombr.jpg?resize=1050%2C600 3x"},"classes":[]},{"id":9538,"url":"https:\/\/www.jazzzeitung.de\/cms\/2016\/06\/bildergalerie-fly-turnergrenadierballard-der-unterfahrt-17-juni-2016-von-ralf-dombrowski\/","url_meta":{"origin":8747,"position":1},"title":"Bildergalerie: FLY &#8211; Turner\/Grenadier\/Ballard in der Unterfahrt am 17. Juni 2016 &#8211; von Ralf Dombrowski","author":"Redaktion JazzZeitung","date":"21. Juni 2016","format":false,"excerpt":"","rel":"","context":"In &quot;Galerie&quot;","block_context":{"text":"Galerie","link":"https:\/\/www.jazzzeitung.de\/cms\/thema\/galerie\/"},"img":{"alt_text":"","src":"https:\/\/i0.wp.com\/www.jazzzeitung.de\/cms\/wp-content\/uploads\/2016\/06\/0K3A9291-Turner-dombr.jpg?resize=350%2C200","width":350,"height":200,"srcset":"https:\/\/i0.wp.com\/www.jazzzeitung.de\/cms\/wp-content\/uploads\/2016\/06\/0K3A9291-Turner-dombr.jpg?resize=350%2C200 1x, https:\/\/i0.wp.com\/www.jazzzeitung.de\/cms\/wp-content\/uploads\/2016\/06\/0K3A9291-Turner-dombr.jpg?resize=525%2C300 1.5x, https:\/\/i0.wp.com\/www.jazzzeitung.de\/cms\/wp-content\/uploads\/2016\/06\/0K3A9291-Turner-dombr.jpg?resize=700%2C400 2x, https:\/\/i0.wp.com\/www.jazzzeitung.de\/cms\/wp-content\/uploads\/2016\/06\/0K3A9291-Turner-dombr.jpg?resize=1050%2C600 3x"},"classes":[]},{"id":13592,"url":"https:\/\/www.jazzzeitung.de\/cms\/2017\/09\/bildergalerie-in-der-unterfahrt-die-wasserfuhrs-helge-lien-und-adam-baldych\/","url_meta":{"origin":8747,"position":2},"title":"Bildergalerie: In der Unterfahrt &#8211; die Wasserfuhrs, Helge Lien und Adam Baldych","author":"Redaktion JazzZeitung","date":"26. September 2017","format":false,"excerpt":"Fotos: Ralf Dombrowski","rel":"","context":"In &quot;Galerie&quot;","block_context":{"text":"Galerie","link":"https:\/\/www.jazzzeitung.de\/cms\/thema\/galerie\/"},"img":{"alt_text":"Adam Baldych (vl), Helge Lien (p), Thomas Fonnesbaek (b), Per Oddvar Johansson (dr), Unterfahrt M\u00fcnchen, Foto Ralf Dombrowski","src":"https:\/\/i0.wp.com\/www.jazzzeitung.de\/cms\/wp-content\/uploads\/2017\/09\/DSC04225-Baldych-dombr.jpg?fit=1200%2C806&ssl=1&resize=350%2C200","width":350,"height":200,"srcset":"https:\/\/i0.wp.com\/www.jazzzeitung.de\/cms\/wp-content\/uploads\/2017\/09\/DSC04225-Baldych-dombr.jpg?fit=1200%2C806&ssl=1&resize=350%2C200 1x, https:\/\/i0.wp.com\/www.jazzzeitung.de\/cms\/wp-content\/uploads\/2017\/09\/DSC04225-Baldych-dombr.jpg?fit=1200%2C806&ssl=1&resize=525%2C300 1.5x, https:\/\/i0.wp.com\/www.jazzzeitung.de\/cms\/wp-content\/uploads\/2017\/09\/DSC04225-Baldych-dombr.jpg?fit=1200%2C806&ssl=1&resize=700%2C400 2x, https:\/\/i0.wp.com\/www.jazzzeitung.de\/cms\/wp-content\/uploads\/2017\/09\/DSC04225-Baldych-dombr.jpg?fit=1200%2C806&ssl=1&resize=1050%2C600 3x"},"classes":[]},{"id":13511,"url":"https:\/\/www.jazzzeitung.de\/cms\/2017\/09\/bildergalerie-claus-koch-the-boperators-in-der-unterfahrt-september-2017\/","url_meta":{"origin":8747,"position":3},"title":"Bildergalerie: Claus Koch &#038; The Boperators in der Unterfahrt (September 2017)","author":"Redaktion JazzZeitung","date":"13. September 2017","format":false,"excerpt":"Fotos von Ralf Dombrowski","rel":"","context":"In &quot;Galerie&quot;","block_context":{"text":"Galerie","link":"https:\/\/www.jazzzeitung.de\/cms\/thema\/galerie\/"},"img":{"alt_text":"Claus Koch &amp; Boperators, Claus Koch (ts), John Marshall (tp), Claus Raible (p), Giorgos Antoniou (b), Xaver Hellmeier (dr), Unterfahrt, M\u00fcnchen, Foto Ralf Dombrowski","src":"https:\/\/i0.wp.com\/www.jazzzeitung.de\/cms\/wp-content\/uploads\/2017\/09\/DSC02732-Hellmeier-sw-dombr.jpeg?fit=1200%2C801&ssl=1&resize=350%2C200","width":350,"height":200,"srcset":"https:\/\/i0.wp.com\/www.jazzzeitung.de\/cms\/wp-content\/uploads\/2017\/09\/DSC02732-Hellmeier-sw-dombr.jpeg?fit=1200%2C801&ssl=1&resize=350%2C200 1x, https:\/\/i0.wp.com\/www.jazzzeitung.de\/cms\/wp-content\/uploads\/2017\/09\/DSC02732-Hellmeier-sw-dombr.jpeg?fit=1200%2C801&ssl=1&resize=525%2C300 1.5x, https:\/\/i0.wp.com\/www.jazzzeitung.de\/cms\/wp-content\/uploads\/2017\/09\/DSC02732-Hellmeier-sw-dombr.jpeg?fit=1200%2C801&ssl=1&resize=700%2C400 2x, https:\/\/i0.wp.com\/www.jazzzeitung.de\/cms\/wp-content\/uploads\/2017\/09\/DSC02732-Hellmeier-sw-dombr.jpeg?fit=1200%2C801&ssl=1&resize=1050%2C600 3x"},"classes":[]},{"id":11225,"url":"https:\/\/www.jazzzeitung.de\/cms\/2016\/12\/bildergalerie-panzerballett-in-der-unterfahrt\/","url_meta":{"origin":8747,"position":4},"title":"Bildergalerie: Panzerballett in der Unterfahrt","author":"Redaktion JazzZeitung","date":"5. Dezember 2016","format":false,"excerpt":"\"Breaking Brain\" (Gentle Art Of Music), 2015 hei\u00dft die neueste CD des Panzerballetts. Am 1. Dezember stellten sie die f\u00fcnf Musiker sehr eindr\u00fccklich in der M\u00fcnchener Unterfahrt vor. Ralf Dombrowski war dabei.","rel":"","context":"In &quot;Galerie&quot;","block_context":{"text":"Galerie","link":"https:\/\/www.jazzzeitung.de\/cms\/thema\/galerie\/"},"img":{"alt_text":"","src":"https:\/\/i0.wp.com\/www.jazzzeitung.de\/cms\/wp-content\/uploads\/2016\/12\/0K3A7313-PB-Doblhofer-Hagke-dombr.jpg?resize=350%2C200","width":350,"height":200,"srcset":"https:\/\/i0.wp.com\/www.jazzzeitung.de\/cms\/wp-content\/uploads\/2016\/12\/0K3A7313-PB-Doblhofer-Hagke-dombr.jpg?resize=350%2C200 1x, https:\/\/i0.wp.com\/www.jazzzeitung.de\/cms\/wp-content\/uploads\/2016\/12\/0K3A7313-PB-Doblhofer-Hagke-dombr.jpg?resize=525%2C300 1.5x, https:\/\/i0.wp.com\/www.jazzzeitung.de\/cms\/wp-content\/uploads\/2016\/12\/0K3A7313-PB-Doblhofer-Hagke-dombr.jpg?resize=700%2C400 2x, https:\/\/i0.wp.com\/www.jazzzeitung.de\/cms\/wp-content\/uploads\/2016\/12\/0K3A7313-PB-Doblhofer-Hagke-dombr.jpg?resize=1050%2C600 3x"},"classes":[]},{"id":10925,"url":"https:\/\/www.jazzzeitung.de\/cms\/2016\/11\/bildergalerien-brandee-younger-in-der-unterfahrt\/","url_meta":{"origin":8747,"position":5},"title":"Bildergalerie: Brandee Younger in der Unterfahrt","author":"Redaktion JazzZeitung","date":"11. November 2016","format":false,"excerpt":"Am 8. November zu Gast in der M\u00fcnchner Unterfahrt - Fotos von Ralf Dombrowski Mehr \u00fcber Harfen und ihre Spieler und Spielerinnen in einem Beitrag von Ralf Dombrowski in der neuen musikzeitung (9\/2016) unter dem Titel \"Engelsklang und Rockers Beitrag\"","rel":"","context":"In &quot;Galerie&quot;","block_context":{"text":"Galerie","link":"https:\/\/www.jazzzeitung.de\/cms\/thema\/galerie\/"},"img":{"alt_text":"","src":"https:\/\/i0.wp.com\/www.jazzzeitung.de\/cms\/wp-content\/uploads\/2016\/11\/0K3A4092-Younger-Trio-dombr.jpg?resize=350%2C200","width":350,"height":200,"srcset":"https:\/\/i0.wp.com\/www.jazzzeitung.de\/cms\/wp-content\/uploads\/2016\/11\/0K3A4092-Younger-Trio-dombr.jpg?resize=350%2C200 1x, https:\/\/i0.wp.com\/www.jazzzeitung.de\/cms\/wp-content\/uploads\/2016\/11\/0K3A4092-Younger-Trio-dombr.jpg?resize=525%2C300 1.5x, https:\/\/i0.wp.com\/www.jazzzeitung.de\/cms\/wp-content\/uploads\/2016\/11\/0K3A4092-Younger-Trio-dombr.jpg?resize=700%2C400 2x, https:\/\/i0.wp.com\/www.jazzzeitung.de\/cms\/wp-content\/uploads\/2016\/11\/0K3A4092-Younger-Trio-dombr.jpg?resize=1050%2C600 3x"},"classes":[]}],"jetpack_sharing_enabled":true,"_links":{"self":[{"href":"https:\/\/www.jazzzeitung.de\/cms\/wp-json\/wp\/v2\/posts\/8747","targetHints":{"allow":["GET"]}}],"collection":[{"href":"https:\/\/www.jazzzeitung.de\/cms\/wp-json\/wp\/v2\/posts"}],"about":[{"href":"https:\/\/www.jazzzeitung.de\/cms\/wp-json\/wp\/v2\/types\/post"}],"author":[{"embeddable":true,"href":"https:\/\/www.jazzzeitung.de\/cms\/wp-json\/wp\/v2\/users\/18"}],"replies":[{"embeddable":true,"href":"https:\/\/www.jazzzeitung.de\/cms\/wp-json\/wp\/v2\/comments?post=8747"}],"version-history":[{"count":5,"href":"https:\/\/www.jazzzeitung.de\/cms\/wp-json\/wp\/v2\/posts\/8747\/revisions"}],"predecessor-version":[{"id":8803,"href":"https:\/\/www.jazzzeitung.de\/cms\/wp-json\/wp\/v2\/posts\/8747\/revisions\/8803"}],"wp:attachment":[{"href":"https:\/\/www.jazzzeitung.de\/cms\/wp-json\/wp\/v2\/media?parent=8747"}],"wp:term":[{"taxonomy":"category","embeddable":true,"href":"https:\/\/www.jazzzeitung.de\/cms\/wp-json\/wp\/v2\/categories?post=8747"},{"taxonomy":"post_tag","embeddable":true,"href":"https:\/\/www.jazzzeitung.de\/cms\/wp-json\/wp\/v2\/tags?post=8747"},{"taxonomy":"author","embeddable":true,"href":"https:\/\/www.jazzzeitung.de\/cms\/wp-json\/wp\/v2\/coauthors?post=8747"}],"curies":[{"name":"wp","href":"https:\/\/api.w.org\/{rel}","templated":true}]}}