{"id":8745,"date":"2016-03-20T10:00:36","date_gmt":"2016-03-20T09:00:36","guid":{"rendered":"http:\/\/www.jazzzeitung.de\/cms\/?p=8745"},"modified":"2016-03-18T12:56:51","modified_gmt":"2016-03-18T11:56:51","slug":"jazzbaltica-2016-das-programm-ist-da","status":"publish","type":"post","link":"https:\/\/www.jazzzeitung.de\/cms\/2016\/03\/jazzbaltica-2016-das-programm-ist-da\/","title":{"rendered":"JazzBaltica 2016 \u2013 Das Programm ist da"},"content":{"rendered":"<p>&#8222;Komm mit ans Meer&#8220;, hei\u00dft es in diesem Jahr bereits zum f\u00fcnften Mal, wenn <a href=\"http:\/\/www.jazzbaltica.de\"><strong>JazzBaltica<\/strong><\/a> vom <strong>24.<\/strong> bis zum <strong>26. Juni<\/strong> <strong>2016<\/strong> auf dem Gel\u00e4nde der Niendorfer Evers-Werft und im Niendorfer Hafen der Gemeinde Timmendorfer Strand die Fahnen hisst. In seiner 26. Saison richtet das internationale Jazzfestival erneut einen Blick auf die baltische Jazzszene, aber auch dar\u00fcber hinaus. Es gibt Neuerungen, etwa die <strong>JazzBaltica All Star Band<\/strong> mit starken Charakteren wie Eva Kruse, Karin Hammar, Sandra Hempel, Tini Thomsen und Hildegunn \u00d8iseth, es kommen bekannte Gesichter in neuen Formationen wie etwa die Jazzpianisten <strong>Wolfgang Dauner<\/strong> oder <strong>Joachim K\u00fchn<\/strong>, und es finden Sologr\u00f6\u00dfen wie unter anderem die deutsch-iranische S\u00e4ngerin <strong>Cymin<\/strong> <strong>Samawatie<\/strong>, der Schlagzeuger <strong>Christian Lillinger<\/strong> mit seiner neuen Band <strong>Amok Amor<\/strong> und der polnische Geiger <strong>Adam Ba\u0142dych<\/strong> ihren Weg nach Niendorf. Der k\u00fcnstlerische Leiter <strong>Nils<\/strong> <strong>Landgren<\/strong> l\u00e4dt anl\u00e4sslich seines 60. Geburtstags gemeinsam mit seiner <strong>Funk Unit<\/strong> zu einer Dance-Night ein und wird au\u00dferdem als special guest auf Wunsch des legend\u00e4ren Berliner Quartetts <strong>Mo\u00b4Blow<\/strong> das Festival 2016 beschlie\u00dfen. Neben den Konzerten auf der gro\u00dfen B\u00fchne wird es ein kostenfreies Open<strong>&#8211;<\/strong>Air<strong>&#8211;<\/strong>Programm geben, auch der Eintritt zu den Konzerten @the beach und auf der Night Stage ist frei.<br \/>\nWeitere Informationen unter <a href=\"http:\/\/www.jazzbaltica.de\">www.jazzbaltica.de.<\/a><\/p>\n","protected":false},"excerpt":{"rendered":"<p>&#8222;Komm mit ans Meer&#8220;, hei\u00dft es in diesem Jahr bereits zum f\u00fcnften Mal, wenn JazzBaltica vom 24. bis zum 26. Juni 2016 auf dem Gel\u00e4nde der Niendorfer Evers-Werft und im Niendorfer Hafen der Gemeinde Timmendorfer Strand die Fahnen hisst. In seiner 26. Saison richtet das internationale Jazzfestival erneut einen Blick auf die baltische Jazzszene, aber auch dar\u00fcber hinaus. Es gibt Neuerungen, etwa die JazzBaltica All Star Band mit starken Charakteren wie Eva Kruse, Karin Hammar, Sandra Hempel, Tini Thomsen und Hildegunn \u00d8iseth, es kommen bekannte Gesichter in neuen Formationen wie etwa die Jazzpianisten Wolfgang Dauner oder Joachim K\u00fchn, und es finden Sologr\u00f6\u00dfen wie unter anderem die deutsch-iranische S\u00e4ngerin Cymin Samawatie, der Schlagzeuger Christian Lillinger mit seiner neuen Band Amok Amor und der polnische Geiger Adam Ba\u0142dych ihren Weg nach Niendorf. Der k\u00fcnstlerische Leiter Nils Landgren l\u00e4dt anl\u00e4sslich seines 60. Geburtstags gemeinsam mit seiner Funk Unit zu einer Dance-Night ein und wird au\u00dferdem als special guest auf Wunsch des legend\u00e4ren Berliner Quartetts Mo\u00b4Blow das Festival 2016 beschlie\u00dfen. Neben den Konzerten auf der gro\u00dfen B\u00fchne wird es ein kostenfreies Open&#8211;Air&#8211;Programm geben, auch der Eintritt zu den Konzerten &hellip;<\/p>\n","protected":false},"author":18,"featured_media":0,"comment_status":"open","ping_status":"closed","sticky":false,"template":"","format":"standard","meta":{"_jetpack_memberships_contains_paid_content":false,"footnotes":"","jetpack_publicize_message":"","jetpack_publicize_feature_enabled":true,"jetpack_social_post_already_shared":false,"jetpack_social_options":{"image_generator_settings":{"template":"highway","default_image_id":0,"font":"","enabled":false},"version":2}},"categories":[633],"tags":[1050,1221,170,3,270,918,753,326,417,775],"coauthors":[695],"class_list":["post-8745","post","type-post","status-publish","format-standard","hentry","category-nachrichten","tag-christian-lillinger","tag-cymin-samawatie","tag-eva-kruse","tag-festival","tag-jazzbaltica","tag-jazzfestival","tag-joachim-kuehn","tag-kruse","tag-nils-landgren","tag-open"],"yoast_head":"<!-- This site is optimized with the Yoast SEO plugin v27.5 - https:\/\/yoast.com\/product\/yoast-seo-wordpress\/ -->\n<title>JazzBaltica 2016 \u2013 Das Programm ist da - JazzZeitung<\/title>\n<meta name=\"robots\" content=\"index, follow, max-snippet:-1, max-image-preview:large, max-video-preview:-1\" \/>\n<link rel=\"canonical\" href=\"https:\/\/www.jazzzeitung.de\/cms\/2016\/03\/jazzbaltica-2016-das-programm-ist-da\/\" \/>\n<meta property=\"og:locale\" content=\"de_DE\" \/>\n<meta property=\"og:type\" content=\"article\" \/>\n<meta property=\"og:title\" content=\"JazzBaltica 2016 \u2013 Das Programm ist da - JazzZeitung\" \/>\n<meta property=\"og:description\" content=\"&#8222;Komm mit ans Meer&#8220;, hei\u00dft es in diesem Jahr bereits zum f\u00fcnften Mal, wenn JazzBaltica vom 24. bis zum 26. Juni 2016 auf dem Gel\u00e4nde der Niendorfer Evers-Werft und im Niendorfer Hafen der Gemeinde Timmendorfer Strand die Fahnen hisst. In seiner 26. Saison richtet das internationale Jazzfestival erneut einen Blick auf die baltische Jazzszene, aber auch dar\u00fcber hinaus. Es gibt Neuerungen, etwa die JazzBaltica All Star Band mit starken Charakteren wie Eva Kruse, Karin Hammar, Sandra Hempel, Tini Thomsen und Hildegunn \u00d8iseth, es kommen bekannte Gesichter in neuen Formationen wie etwa die Jazzpianisten Wolfgang Dauner oder Joachim K\u00fchn, und es finden Sologr\u00f6\u00dfen wie unter anderem die deutsch-iranische S\u00e4ngerin Cymin Samawatie, der Schlagzeuger Christian Lillinger mit seiner neuen Band Amok Amor und der polnische Geiger Adam Ba\u0142dych ihren Weg nach Niendorf. Der k\u00fcnstlerische Leiter Nils Landgren l\u00e4dt anl\u00e4sslich seines 60. Geburtstags gemeinsam mit seiner Funk Unit zu einer Dance-Night ein und wird au\u00dferdem als special guest auf Wunsch des legend\u00e4ren Berliner Quartetts Mo\u00b4Blow das Festival 2016 beschlie\u00dfen. Neben den Konzerten auf der gro\u00dfen B\u00fchne wird es ein kostenfreies Open&#8211;Air&#8211;Programm geben, auch der Eintritt zu den Konzerten &hellip;\" \/>\n<meta property=\"og:url\" content=\"https:\/\/www.jazzzeitung.de\/cms\/2016\/03\/jazzbaltica-2016-das-programm-ist-da\/\" \/>\n<meta property=\"og:site_name\" content=\"JazzZeitung\" \/>\n<meta property=\"article:publisher\" content=\"https:\/\/www.facebook.com\/JazzZeitung\/\" \/>\n<meta property=\"article:published_time\" content=\"2016-03-20T09:00:36+00:00\" \/>\n<meta property=\"og:image\" content=\"https:\/\/i0.wp.com\/www.jazzzeitung.de\/cms\/wp-content\/uploads\/2012\/01\/ipad-logo-200.png?fit=200%2C200&ssl=1\" \/>\n\t<meta property=\"og:image:width\" content=\"200\" \/>\n\t<meta property=\"og:image:height\" content=\"200\" \/>\n\t<meta property=\"og:image:type\" content=\"image\/png\" \/>\n<meta name=\"author\" content=\"Redaktion JazzZeitung\" \/>\n<script type=\"application\/ld+json\" class=\"yoast-schema-graph\">{\"@context\":\"https:\\\/\\\/schema.org\",\"@graph\":[{\"@type\":\"Article\",\"@id\":\"https:\\\/\\\/www.jazzzeitung.de\\\/cms\\\/2016\\\/03\\\/jazzbaltica-2016-das-programm-ist-da\\\/#article\",\"isPartOf\":{\"@id\":\"https:\\\/\\\/www.jazzzeitung.de\\\/cms\\\/2016\\\/03\\\/jazzbaltica-2016-das-programm-ist-da\\\/\"},\"author\":{\"name\":\"Redaktion JazzZeitung\",\"@id\":\"https:\\\/\\\/www.jazzzeitung.de\\\/cms\\\/#\\\/schema\\\/person\\\/2245b36b9cd1d24cea10f01c031fb92b\"},\"headline\":\"JazzBaltica 2016 \u2013 Das Programm ist da\",\"datePublished\":\"2016-03-20T09:00:36+00:00\",\"mainEntityOfPage\":{\"@id\":\"https:\\\/\\\/www.jazzzeitung.de\\\/cms\\\/2016\\\/03\\\/jazzbaltica-2016-das-programm-ist-da\\\/\"},\"wordCount\":216,\"commentCount\":0,\"publisher\":{\"@id\":\"https:\\\/\\\/www.jazzzeitung.de\\\/cms\\\/#organization\"},\"keywords\":[\"Christian Lillinger\",\"Cymin Samawatie\",\"Eva Kruse\",\"Festival\",\"JazzBaltica\",\"Jazzfestival\",\"Joachim K\u00fchn\",\"Kruse\",\"Nils Landgren\",\"open\"],\"articleSection\":[\"News\"],\"inLanguage\":\"de\",\"potentialAction\":[{\"@type\":\"CommentAction\",\"name\":\"Comment\",\"target\":[\"https:\\\/\\\/www.jazzzeitung.de\\\/cms\\\/2016\\\/03\\\/jazzbaltica-2016-das-programm-ist-da\\\/#respond\"]}]},{\"@type\":\"WebPage\",\"@id\":\"https:\\\/\\\/www.jazzzeitung.de\\\/cms\\\/2016\\\/03\\\/jazzbaltica-2016-das-programm-ist-da\\\/\",\"url\":\"https:\\\/\\\/www.jazzzeitung.de\\\/cms\\\/2016\\\/03\\\/jazzbaltica-2016-das-programm-ist-da\\\/\",\"name\":\"JazzBaltica 2016 \u2013 Das Programm ist da - JazzZeitung\",\"isPartOf\":{\"@id\":\"https:\\\/\\\/www.jazzzeitung.de\\\/cms\\\/#website\"},\"datePublished\":\"2016-03-20T09:00:36+00:00\",\"breadcrumb\":{\"@id\":\"https:\\\/\\\/www.jazzzeitung.de\\\/cms\\\/2016\\\/03\\\/jazzbaltica-2016-das-programm-ist-da\\\/#breadcrumb\"},\"inLanguage\":\"de\",\"potentialAction\":[{\"@type\":\"ReadAction\",\"target\":[\"https:\\\/\\\/www.jazzzeitung.de\\\/cms\\\/2016\\\/03\\\/jazzbaltica-2016-das-programm-ist-da\\\/\"]}]},{\"@type\":\"BreadcrumbList\",\"@id\":\"https:\\\/\\\/www.jazzzeitung.de\\\/cms\\\/2016\\\/03\\\/jazzbaltica-2016-das-programm-ist-da\\\/#breadcrumb\",\"itemListElement\":[{\"@type\":\"ListItem\",\"position\":1,\"name\":\"Startseite\",\"item\":\"https:\\\/\\\/www.jazzzeitung.de\\\/cms\\\/\"},{\"@type\":\"ListItem\",\"position\":2,\"name\":\"JazzBaltica 2016 \u2013 Das Programm ist da\"}]},{\"@type\":\"WebSite\",\"@id\":\"https:\\\/\\\/www.jazzzeitung.de\\\/cms\\\/#website\",\"url\":\"https:\\\/\\\/www.jazzzeitung.de\\\/cms\\\/\",\"name\":\"JazzZeitung\",\"description\":\"Jazz-News und Jazz-Kontroverses\",\"publisher\":{\"@id\":\"https:\\\/\\\/www.jazzzeitung.de\\\/cms\\\/#organization\"},\"potentialAction\":[{\"@type\":\"SearchAction\",\"target\":{\"@type\":\"EntryPoint\",\"urlTemplate\":\"https:\\\/\\\/www.jazzzeitung.de\\\/cms\\\/?s={search_term_string}\"},\"query-input\":{\"@type\":\"PropertyValueSpecification\",\"valueRequired\":true,\"valueName\":\"search_term_string\"}}],\"inLanguage\":\"de\"},{\"@type\":\"Organization\",\"@id\":\"https:\\\/\\\/www.jazzzeitung.de\\\/cms\\\/#organization\",\"name\":\"JazzZeitung online\",\"url\":\"https:\\\/\\\/www.jazzzeitung.de\\\/cms\\\/\",\"logo\":{\"@type\":\"ImageObject\",\"inLanguage\":\"de\",\"@id\":\"https:\\\/\\\/www.jazzzeitung.de\\\/cms\\\/#\\\/schema\\\/logo\\\/image\\\/\",\"url\":\"https:\\\/\\\/i0.wp.com\\\/www.jazzzeitung.de\\\/cms\\\/wp-content\\\/uploads\\\/2015\\\/08\\\/JAZZZEITUNGDE_Logo_Neu.png?fit=499%2C200&ssl=1\",\"contentUrl\":\"https:\\\/\\\/i0.wp.com\\\/www.jazzzeitung.de\\\/cms\\\/wp-content\\\/uploads\\\/2015\\\/08\\\/JAZZZEITUNGDE_Logo_Neu.png?fit=499%2C200&ssl=1\",\"width\":499,\"height\":200,\"caption\":\"JazzZeitung online\"},\"image\":{\"@id\":\"https:\\\/\\\/www.jazzzeitung.de\\\/cms\\\/#\\\/schema\\\/logo\\\/image\\\/\"},\"sameAs\":[\"https:\\\/\\\/www.facebook.com\\\/JazzZeitung\\\/\"]},{\"@type\":\"Person\",\"@id\":\"https:\\\/\\\/www.jazzzeitung.de\\\/cms\\\/#\\\/schema\\\/person\\\/2245b36b9cd1d24cea10f01c031fb92b\",\"name\":\"Redaktion JazzZeitung\",\"image\":{\"@type\":\"ImageObject\",\"inLanguage\":\"de\",\"@id\":\"https:\\\/\\\/i0.wp.com\\\/www.jazzzeitung.de\\\/cms\\\/wp-content\\\/uploads\\\/2015\\\/08\\\/JAZZZEITUNGDE_Logo_Neu.png?resize=96%2C96&ssl=159975dcacb611b5700bd619b5daf0a7a\",\"url\":\"https:\\\/\\\/i0.wp.com\\\/www.jazzzeitung.de\\\/cms\\\/wp-content\\\/uploads\\\/2015\\\/08\\\/JAZZZEITUNGDE_Logo_Neu.png?resize=96%2C96&ssl=1\",\"contentUrl\":\"https:\\\/\\\/i0.wp.com\\\/www.jazzzeitung.de\\\/cms\\\/wp-content\\\/uploads\\\/2015\\\/08\\\/JAZZZEITUNGDE_Logo_Neu.png?resize=96%2C96&ssl=1\",\"caption\":\"Redaktion JazzZeitung\"},\"description\":\"Artikel der Redaktion der JazzZeitung.\",\"sameAs\":[\"http:\\\/\\\/www.jazzzeitung.de\\\/cms\\\/\"],\"url\":\"https:\\\/\\\/www.jazzzeitung.de\\\/cms\\\/author\\\/redaktion\\\/\"}]}<\/script>\n<!-- \/ Yoast SEO plugin. -->","yoast_head_json":{"title":"JazzBaltica 2016 \u2013 Das Programm ist da - JazzZeitung","robots":{"index":"index","follow":"follow","max-snippet":"max-snippet:-1","max-image-preview":"max-image-preview:large","max-video-preview":"max-video-preview:-1"},"canonical":"https:\/\/www.jazzzeitung.de\/cms\/2016\/03\/jazzbaltica-2016-das-programm-ist-da\/","og_locale":"de_DE","og_type":"article","og_title":"JazzBaltica 2016 \u2013 Das Programm ist da - JazzZeitung","og_description":"&#8222;Komm mit ans Meer&#8220;, hei\u00dft es in diesem Jahr bereits zum f\u00fcnften Mal, wenn JazzBaltica vom 24. bis zum 26. Juni 2016 auf dem Gel\u00e4nde der Niendorfer Evers-Werft und im Niendorfer Hafen der Gemeinde Timmendorfer Strand die Fahnen hisst. In seiner 26. Saison richtet das internationale Jazzfestival erneut einen Blick auf die baltische Jazzszene, aber auch dar\u00fcber hinaus. Es gibt Neuerungen, etwa die JazzBaltica All Star Band mit starken Charakteren wie Eva Kruse, Karin Hammar, Sandra Hempel, Tini Thomsen und Hildegunn \u00d8iseth, es kommen bekannte Gesichter in neuen Formationen wie etwa die Jazzpianisten Wolfgang Dauner oder Joachim K\u00fchn, und es finden Sologr\u00f6\u00dfen wie unter anderem die deutsch-iranische S\u00e4ngerin Cymin Samawatie, der Schlagzeuger Christian Lillinger mit seiner neuen Band Amok Amor und der polnische Geiger Adam Ba\u0142dych ihren Weg nach Niendorf. Der k\u00fcnstlerische Leiter Nils Landgren l\u00e4dt anl\u00e4sslich seines 60. Geburtstags gemeinsam mit seiner Funk Unit zu einer Dance-Night ein und wird au\u00dferdem als special guest auf Wunsch des legend\u00e4ren Berliner Quartetts Mo\u00b4Blow das Festival 2016 beschlie\u00dfen. Neben den Konzerten auf der gro\u00dfen B\u00fchne wird es ein kostenfreies Open&#8211;Air&#8211;Programm geben, auch der Eintritt zu den Konzerten &hellip;","og_url":"https:\/\/www.jazzzeitung.de\/cms\/2016\/03\/jazzbaltica-2016-das-programm-ist-da\/","og_site_name":"JazzZeitung","article_publisher":"https:\/\/www.facebook.com\/JazzZeitung\/","article_published_time":"2016-03-20T09:00:36+00:00","og_image":[{"width":200,"height":200,"url":"https:\/\/i0.wp.com\/www.jazzzeitung.de\/cms\/wp-content\/uploads\/2012\/01\/ipad-logo-200.png?fit=200%2C200&ssl=1","type":"image\/png"}],"author":"Redaktion JazzZeitung","schema":{"@context":"https:\/\/schema.org","@graph":[{"@type":"Article","@id":"https:\/\/www.jazzzeitung.de\/cms\/2016\/03\/jazzbaltica-2016-das-programm-ist-da\/#article","isPartOf":{"@id":"https:\/\/www.jazzzeitung.de\/cms\/2016\/03\/jazzbaltica-2016-das-programm-ist-da\/"},"author":{"name":"Redaktion JazzZeitung","@id":"https:\/\/www.jazzzeitung.de\/cms\/#\/schema\/person\/2245b36b9cd1d24cea10f01c031fb92b"},"headline":"JazzBaltica 2016 \u2013 Das Programm ist da","datePublished":"2016-03-20T09:00:36+00:00","mainEntityOfPage":{"@id":"https:\/\/www.jazzzeitung.de\/cms\/2016\/03\/jazzbaltica-2016-das-programm-ist-da\/"},"wordCount":216,"commentCount":0,"publisher":{"@id":"https:\/\/www.jazzzeitung.de\/cms\/#organization"},"keywords":["Christian Lillinger","Cymin Samawatie","Eva Kruse","Festival","JazzBaltica","Jazzfestival","Joachim K\u00fchn","Kruse","Nils Landgren","open"],"articleSection":["News"],"inLanguage":"de","potentialAction":[{"@type":"CommentAction","name":"Comment","target":["https:\/\/www.jazzzeitung.de\/cms\/2016\/03\/jazzbaltica-2016-das-programm-ist-da\/#respond"]}]},{"@type":"WebPage","@id":"https:\/\/www.jazzzeitung.de\/cms\/2016\/03\/jazzbaltica-2016-das-programm-ist-da\/","url":"https:\/\/www.jazzzeitung.de\/cms\/2016\/03\/jazzbaltica-2016-das-programm-ist-da\/","name":"JazzBaltica 2016 \u2013 Das Programm ist da - JazzZeitung","isPartOf":{"@id":"https:\/\/www.jazzzeitung.de\/cms\/#website"},"datePublished":"2016-03-20T09:00:36+00:00","breadcrumb":{"@id":"https:\/\/www.jazzzeitung.de\/cms\/2016\/03\/jazzbaltica-2016-das-programm-ist-da\/#breadcrumb"},"inLanguage":"de","potentialAction":[{"@type":"ReadAction","target":["https:\/\/www.jazzzeitung.de\/cms\/2016\/03\/jazzbaltica-2016-das-programm-ist-da\/"]}]},{"@type":"BreadcrumbList","@id":"https:\/\/www.jazzzeitung.de\/cms\/2016\/03\/jazzbaltica-2016-das-programm-ist-da\/#breadcrumb","itemListElement":[{"@type":"ListItem","position":1,"name":"Startseite","item":"https:\/\/www.jazzzeitung.de\/cms\/"},{"@type":"ListItem","position":2,"name":"JazzBaltica 2016 \u2013 Das Programm ist da"}]},{"@type":"WebSite","@id":"https:\/\/www.jazzzeitung.de\/cms\/#website","url":"https:\/\/www.jazzzeitung.de\/cms\/","name":"JazzZeitung","description":"Jazz-News und Jazz-Kontroverses","publisher":{"@id":"https:\/\/www.jazzzeitung.de\/cms\/#organization"},"potentialAction":[{"@type":"SearchAction","target":{"@type":"EntryPoint","urlTemplate":"https:\/\/www.jazzzeitung.de\/cms\/?s={search_term_string}"},"query-input":{"@type":"PropertyValueSpecification","valueRequired":true,"valueName":"search_term_string"}}],"inLanguage":"de"},{"@type":"Organization","@id":"https:\/\/www.jazzzeitung.de\/cms\/#organization","name":"JazzZeitung online","url":"https:\/\/www.jazzzeitung.de\/cms\/","logo":{"@type":"ImageObject","inLanguage":"de","@id":"https:\/\/www.jazzzeitung.de\/cms\/#\/schema\/logo\/image\/","url":"https:\/\/i0.wp.com\/www.jazzzeitung.de\/cms\/wp-content\/uploads\/2015\/08\/JAZZZEITUNGDE_Logo_Neu.png?fit=499%2C200&ssl=1","contentUrl":"https:\/\/i0.wp.com\/www.jazzzeitung.de\/cms\/wp-content\/uploads\/2015\/08\/JAZZZEITUNGDE_Logo_Neu.png?fit=499%2C200&ssl=1","width":499,"height":200,"caption":"JazzZeitung online"},"image":{"@id":"https:\/\/www.jazzzeitung.de\/cms\/#\/schema\/logo\/image\/"},"sameAs":["https:\/\/www.facebook.com\/JazzZeitung\/"]},{"@type":"Person","@id":"https:\/\/www.jazzzeitung.de\/cms\/#\/schema\/person\/2245b36b9cd1d24cea10f01c031fb92b","name":"Redaktion JazzZeitung","image":{"@type":"ImageObject","inLanguage":"de","@id":"https:\/\/i0.wp.com\/www.jazzzeitung.de\/cms\/wp-content\/uploads\/2015\/08\/JAZZZEITUNGDE_Logo_Neu.png?resize=96%2C96&ssl=159975dcacb611b5700bd619b5daf0a7a","url":"https:\/\/i0.wp.com\/www.jazzzeitung.de\/cms\/wp-content\/uploads\/2015\/08\/JAZZZEITUNGDE_Logo_Neu.png?resize=96%2C96&ssl=1","contentUrl":"https:\/\/i0.wp.com\/www.jazzzeitung.de\/cms\/wp-content\/uploads\/2015\/08\/JAZZZEITUNGDE_Logo_Neu.png?resize=96%2C96&ssl=1","caption":"Redaktion JazzZeitung"},"description":"Artikel der Redaktion der JazzZeitung.","sameAs":["http:\/\/www.jazzzeitung.de\/cms\/"],"url":"https:\/\/www.jazzzeitung.de\/cms\/author\/redaktion\/"}]}},"wp-worthy-pixel":{"ignored":false,"public":null,"server":null,"url":null},"wp-worthy-type":"normal","jetpack_publicize_connections":[],"cc_featured_image_caption":{"caption_text":false,"source_text":false,"source_url":false},"jetpack_featured_media_url":"","jetpack_shortlink":"https:\/\/wp.me\/p3KEcT-2h3","jetpack-related-posts":[{"id":15511,"url":"https:\/\/www.jazzzeitung.de\/cms\/2018\/03\/newsprogramm-des-elbjazz-2018-ist-nun-vollstaendig\/","url_meta":{"origin":8745,"position":0},"title":"+++News+++Programm des ELBJAZZ 2018 ist nun vollst\u00e4ndig+++JazzBaltica 2018+++","author":"Redaktion JazzZeitung","date":"31. M\u00e4rz 2018","format":false,"excerpt":"+++Programm des ELBJAZZ 2018 ist nun vollst\u00e4ndig+++ Das musikalische Programm des ELBJAZZ 2018 ist vollst\u00e4ndig: Mehr als 50 Konzerte am 1. und 2. Juni 2018 \u2013 plus drei weitere, die es bereits einen Tag zuvor, am 31. Mai., im Gro\u00dfen Saal der Elbphilharmonie in Hamburg zu erleben gibt \u2013 pr\u00e4gen\u2026","rel":"","context":"In &quot;News&quot;","block_context":{"text":"News","link":"https:\/\/www.jazzzeitung.de\/cms\/thema\/nachrichten\/"},"img":{"alt_text":"","src":"https:\/\/i0.wp.com\/www.jazzzeitung.de\/cms\/wp-content\/uploads\/2018\/03\/2_ELBJAZZ_Elbphilharmonie_Logo_Poller-%C2%A9-Claudia_H%C3%B6hne.jpg?fit=1200%2C800&ssl=1&resize=350%2C200","width":350,"height":200,"srcset":"https:\/\/i0.wp.com\/www.jazzzeitung.de\/cms\/wp-content\/uploads\/2018\/03\/2_ELBJAZZ_Elbphilharmonie_Logo_Poller-%C2%A9-Claudia_H%C3%B6hne.jpg?fit=1200%2C800&ssl=1&resize=350%2C200 1x, https:\/\/i0.wp.com\/www.jazzzeitung.de\/cms\/wp-content\/uploads\/2018\/03\/2_ELBJAZZ_Elbphilharmonie_Logo_Poller-%C2%A9-Claudia_H%C3%B6hne.jpg?fit=1200%2C800&ssl=1&resize=525%2C300 1.5x, https:\/\/i0.wp.com\/www.jazzzeitung.de\/cms\/wp-content\/uploads\/2018\/03\/2_ELBJAZZ_Elbphilharmonie_Logo_Poller-%C2%A9-Claudia_H%C3%B6hne.jpg?fit=1200%2C800&ssl=1&resize=700%2C400 2x, https:\/\/i0.wp.com\/www.jazzzeitung.de\/cms\/wp-content\/uploads\/2018\/03\/2_ELBJAZZ_Elbphilharmonie_Logo_Poller-%C2%A9-Claudia_H%C3%B6hne.jpg?fit=1200%2C800&ssl=1&resize=1050%2C600 3x"},"classes":[]},{"id":6963,"url":"https:\/\/www.jazzzeitung.de\/cms\/2015\/10\/jazz-im-radio\/","url_meta":{"origin":8745,"position":1},"title":"Jazz im Radio","author":"Redaktion JazzZeitung","date":"10. Oktober 2015","format":false,"excerpt":"Die Herbstmonate sind Hochsaison, was Live-Acts angeht. Wer dennoch nicht sein Zuhause verlassen will \u2013 denn mit dem Verlassen der eigenen vier W\u00e4nde beginnt ja bekanntlich das gesamte Ungl\u00fcck der Menschheit, f\u00fcr den hat die Jazzzeitung.de -Redaktion ein paar Radio-Empfehlungen ausgesucht. \u00a0 hr2 Live-Jazz SA. 24.1 OKT\/19.05-20.00h HENRY THREADGILL SEXTET\u2026","rel":"","context":"In &quot;News&quot;","block_context":{"text":"News","link":"https:\/\/www.jazzzeitung.de\/cms\/thema\/nachrichten\/"},"img":{"alt_text":"hr-Bigband. Foto: Band","src":"https:\/\/i0.wp.com\/www.jazzzeitung.de\/cms\/wp-content\/uploads\/2015\/10\/hr-Bigband.-Foto-150x150.jpg?resize=350%2C200","width":350,"height":200},"classes":[]},{"id":20588,"url":"https:\/\/www.jazzzeitung.de\/cms\/2019\/09\/news-erstausstrahlung-dokumentation-ueber-die-brueder-kuehn-30-jazzfestival-muenchen-2019\/","url_meta":{"origin":8745,"position":2},"title":"+++ News +++ Erstausstrahlung der Dokumentation \u00fcber die Br\u00fcder K\u00fchn +++ 30. Jazzfestival M\u00fcnchen 2019 +++","author":"Redaktion JazzZeitung","date":"4. September 2019","format":false,"excerpt":"+++ Erstausstrahlung der Dokumentation \u00fcber die Br\u00fcder K\u00fchn +++ Rolf K\u00fchn ist Meister der Jazz-Klarinette. Er arbeitete mit Benny Goodman oder Count Basie zusammen und seine Markenzeichen sind bis heute seine Neugier und Experimentierlust. Sein Bruder Joachim K\u00fchn steht ihm in dieser Hinsicht als Pianist in nichts nach. Bekannt ist\u2026","rel":"","context":"In &quot;News&quot;","block_context":{"text":"News","link":"https:\/\/www.jazzzeitung.de\/cms\/thema\/nachrichten\/"},"img":{"alt_text":"","src":"https:\/\/i0.wp.com\/www.jazzzeitung.de\/cms\/wp-content\/uploads\/2019\/09\/00000001.jpg?fit=1200%2C793&ssl=1&resize=350%2C200","width":350,"height":200,"srcset":"https:\/\/i0.wp.com\/www.jazzzeitung.de\/cms\/wp-content\/uploads\/2019\/09\/00000001.jpg?fit=1200%2C793&ssl=1&resize=350%2C200 1x, https:\/\/i0.wp.com\/www.jazzzeitung.de\/cms\/wp-content\/uploads\/2019\/09\/00000001.jpg?fit=1200%2C793&ssl=1&resize=525%2C300 1.5x, https:\/\/i0.wp.com\/www.jazzzeitung.de\/cms\/wp-content\/uploads\/2019\/09\/00000001.jpg?fit=1200%2C793&ssl=1&resize=700%2C400 2x, https:\/\/i0.wp.com\/www.jazzzeitung.de\/cms\/wp-content\/uploads\/2019\/09\/00000001.jpg?fit=1200%2C793&ssl=1&resize=1050%2C600 3x"},"classes":[]},{"id":110,"url":"https:\/\/www.jazzzeitung.de\/cms\/2010\/06\/kein-geld-mehr-fuer-jazzbaltica\/","url_meta":{"origin":8745,"position":3},"title":"Kein Geld mehr f\u00fcr JazzBaltica","author":"J\u00f6rg Lichtinger","date":"1. Juni 2010","format":false,"excerpt":"Kein guter Monat f\u00fcr die Macher von JazzBaltica. Nach dem Tod des Pianisten Hank Jones, den man in Salzau als langj\u00e4hrigen Wegbegleiter und Freund sch\u00e4tzte, kommen nun schlechte Nachrichten aus der Landespolitik. Schleswig-Holstein ist auf striktem Sparkurs und hat ein Konzept vorgelegt, das bis zum Jahr 2020 neben K\u00fcrzungen beim\u2026","rel":"","context":"In &quot;Blog&quot;","block_context":{"text":"Blog","link":"https:\/\/www.jazzzeitung.de\/cms\/thema\/blog\/"},"img":{"alt_text":"","src":"","width":0,"height":0},"classes":[]},{"id":12474,"url":"https:\/\/www.jazzzeitung.de\/cms\/2017\/05\/klaus-doldinger-erhaelt-den-echo-jazz-2017-fuer-sein-lebenswerk\/","url_meta":{"origin":8745,"position":4},"title":"Klaus Doldinger erh\u00e4lt den ECHO JAZZ 2017 f\u00fcr sein Lebenswerk","author":"Redaktion JazzZeitung","date":"23. Mai 2017","format":false,"excerpt":"Berlin\/Hamburg, 23. Mai 2017 \u2013 Der Saxophonist und Bandleader Klaus Doldinger wird in diesem Jahr mit dem ECHO JAZZ f\u00fcr sein Lebenswerk ausgezeichnet. Vor 81 Jahren in Berlin geboren, spielte Doldinger ab 1953 in D\u00fcsseldorf in seiner ersten Band, den \u201eFeetwarmers\u201c, der auch der Kabarettist Dieter S\u00fcverkr\u00fcp sowie der sp\u00e4tere\u2026","rel":"","context":"In &quot;News&quot;","block_context":{"text":"News","link":"https:\/\/www.jazzzeitung.de\/cms\/thema\/nachrichten\/"},"img":{"alt_text":"","src":"https:\/\/i0.wp.com\/www.jazzzeitung.de\/cms\/wp-content\/uploads\/2017\/05\/DoldingerWarner-music-group_0161-150x150.jpeg?resize=350%2C200&ssl=1","width":350,"height":200},"classes":[]},{"id":29469,"url":"https:\/\/www.jazzzeitung.de\/cms\/2023\/05\/news-auftakt-des-festivalsommers-mit-der-jazz-rally-duesseldorf-hildener-jazztage-laden-ein-jazz-am-strand-bei-jazzbaltica\/","url_meta":{"origin":8745,"position":5},"title":"News: +++ Auftakt des Festivalsommers mit der Jazz Rally D\u00fcsseldorf +++ Hildener Jazztage laden ein +++ Jazz am Strand bei JazzBaltica +++","author":"Redaktion JazzZeitung","date":"26. Mai 2023","format":false,"excerpt":"+++ Auftakt des Festivalsommers mit der Jazz Rally D\u00fcsseldorf +++ \u00dcber 60 Konzerte beleben vom 26. bis 28. Mai im Rahmen der 29. schauinsland-reisen Jazz Rally die D\u00fcsseldorfer Innenstadt. Dreh- und Angelpunkt ist in diesem Jahr erstmalig die Rheinterrasse, wo insgesamt zehn Konzerte stattfinden. Dieser Standort \u00fcberzeugt mit zwei B\u00fchnen,\u2026","rel":"","context":"In &quot;News&quot;","block_context":{"text":"News","link":"https:\/\/www.jazzzeitung.de\/cms\/thema\/nachrichten\/"},"img":{"alt_text":"","src":"https:\/\/i0.wp.com\/www.jazzzeitung.de\/cms\/wp-content\/uploads\/2023\/05\/Culcha-Candela-1-Kopie-scaled.jpg?fit=1200%2C800&ssl=1&resize=350%2C200","width":350,"height":200,"srcset":"https:\/\/i0.wp.com\/www.jazzzeitung.de\/cms\/wp-content\/uploads\/2023\/05\/Culcha-Candela-1-Kopie-scaled.jpg?fit=1200%2C800&ssl=1&resize=350%2C200 1x, https:\/\/i0.wp.com\/www.jazzzeitung.de\/cms\/wp-content\/uploads\/2023\/05\/Culcha-Candela-1-Kopie-scaled.jpg?fit=1200%2C800&ssl=1&resize=525%2C300 1.5x, https:\/\/i0.wp.com\/www.jazzzeitung.de\/cms\/wp-content\/uploads\/2023\/05\/Culcha-Candela-1-Kopie-scaled.jpg?fit=1200%2C800&ssl=1&resize=700%2C400 2x, https:\/\/i0.wp.com\/www.jazzzeitung.de\/cms\/wp-content\/uploads\/2023\/05\/Culcha-Candela-1-Kopie-scaled.jpg?fit=1200%2C800&ssl=1&resize=1050%2C600 3x"},"classes":[]}],"jetpack_sharing_enabled":true,"_links":{"self":[{"href":"https:\/\/www.jazzzeitung.de\/cms\/wp-json\/wp\/v2\/posts\/8745","targetHints":{"allow":["GET"]}}],"collection":[{"href":"https:\/\/www.jazzzeitung.de\/cms\/wp-json\/wp\/v2\/posts"}],"about":[{"href":"https:\/\/www.jazzzeitung.de\/cms\/wp-json\/wp\/v2\/types\/post"}],"author":[{"embeddable":true,"href":"https:\/\/www.jazzzeitung.de\/cms\/wp-json\/wp\/v2\/users\/18"}],"replies":[{"embeddable":true,"href":"https:\/\/www.jazzzeitung.de\/cms\/wp-json\/wp\/v2\/comments?post=8745"}],"version-history":[{"count":1,"href":"https:\/\/www.jazzzeitung.de\/cms\/wp-json\/wp\/v2\/posts\/8745\/revisions"}],"predecessor-version":[{"id":8746,"href":"https:\/\/www.jazzzeitung.de\/cms\/wp-json\/wp\/v2\/posts\/8745\/revisions\/8746"}],"wp:attachment":[{"href":"https:\/\/www.jazzzeitung.de\/cms\/wp-json\/wp\/v2\/media?parent=8745"}],"wp:term":[{"taxonomy":"category","embeddable":true,"href":"https:\/\/www.jazzzeitung.de\/cms\/wp-json\/wp\/v2\/categories?post=8745"},{"taxonomy":"post_tag","embeddable":true,"href":"https:\/\/www.jazzzeitung.de\/cms\/wp-json\/wp\/v2\/tags?post=8745"},{"taxonomy":"author","embeddable":true,"href":"https:\/\/www.jazzzeitung.de\/cms\/wp-json\/wp\/v2\/coauthors?post=8745"}],"curies":[{"name":"wp","href":"https:\/\/api.w.org\/{rel}","templated":true}]}}