{"id":8721,"date":"2016-03-14T14:00:35","date_gmt":"2016-03-14T13:00:35","guid":{"rendered":"http:\/\/www.jazzzeitung.de\/cms\/?p=8721"},"modified":"2016-03-14T12:58:14","modified_gmt":"2016-03-14T11:58:14","slug":"karibische-note-das-amaka-trio-feat-terrence-ngassa-spielte-im-jazzkeller-huerth","status":"publish","type":"post","link":"https:\/\/www.jazzzeitung.de\/cms\/2016\/03\/karibische-note-das-amaka-trio-feat-terrence-ngassa-spielte-im-jazzkeller-huerth\/","title":{"rendered":"Karibische Note: Das Amaka Trio feat. Terrence Ngassa spielte im Jazzkeller H\u00fcrth"},"content":{"rendered":"<figure id=\"attachment_8722\" aria-describedby=\"caption-attachment-8722\" style=\"width: 150px\" class=\"wp-caption alignright\"><a href=\"https:\/\/i0.wp.com\/www.jazzzeitung.de\/cms\/wp-content\/uploads\/2016\/03\/IMG_3665.jpg\" rel=\"attachment wp-att-8722\"><img data-recalc-dims=\"1\" loading=\"lazy\" decoding=\"async\" data-attachment-id=\"8722\" data-permalink=\"https:\/\/www.jazzzeitung.de\/cms\/2016\/03\/karibische-note-das-amaka-trio-feat-terrence-ngassa-spielte-im-jazzkeller-huerth\/harald-haenssgen\/\" data-orig-file=\"https:\/\/i0.wp.com\/www.jazzzeitung.de\/cms\/wp-content\/uploads\/2016\/03\/IMG_3665.jpg?fit=5096%2C3046&amp;ssl=1\" data-orig-size=\"5096,3046\" data-comments-opened=\"1\" data-image-meta=\"{&quot;aperture&quot;:&quot;5&quot;,&quot;credit&quot;:&quot;Picasa&quot;,&quot;camera&quot;:&quot;Canon EOS 700D&quot;,&quot;caption&quot;:&quot;\\u00a9 Harald Haen\\u00dfgen&quot;,&quot;created_timestamp&quot;:&quot;1457819648&quot;,&quot;copyright&quot;:&quot;&quot;,&quot;focal_length&quot;:&quot;38&quot;,&quot;iso&quot;:&quot;3200&quot;,&quot;shutter_speed&quot;:&quot;0.033333333333333&quot;,&quot;title&quot;:&quot;\\u00a9 Harald Haen\\u00dfgen&quot;,&quot;orientation&quot;:&quot;0&quot;}\" data-image-title=\"\u00a9 Harald Haen\u00dfgen\" data-image-description=\"\" data-image-caption=\"&lt;p&gt;Die S\u00e4ngerin Amaka und Terrence Ngassa. Foto: Harald Haen\u00dfgen&lt;\/p&gt;\n\" data-large-file=\"https:\/\/i0.wp.com\/www.jazzzeitung.de\/cms\/wp-content\/uploads\/2016\/03\/IMG_3665.jpg?fit=840%2C502&amp;ssl=1\" class=\"size-thumbnail wp-image-8722\" src=\"https:\/\/i0.wp.com\/www.jazzzeitung.de\/cms\/wp-content\/uploads\/2016\/03\/IMG_3665-150x150.jpg?resize=150%2C150\" alt=\"Die S\u00e4ngerin Amaka und Terrence Ngassa. Foto: Harald Haen\u00dfgen\" width=\"150\" height=\"150\" srcset=\"https:\/\/i0.wp.com\/www.jazzzeitung.de\/cms\/wp-content\/uploads\/2016\/03\/IMG_3665.jpg?resize=150%2C150&amp;ssl=1 150w, https:\/\/i0.wp.com\/www.jazzzeitung.de\/cms\/wp-content\/uploads\/2016\/03\/IMG_3665.jpg?resize=144%2C144&amp;ssl=1 144w, https:\/\/i0.wp.com\/www.jazzzeitung.de\/cms\/wp-content\/uploads\/2016\/03\/IMG_3665.jpg?resize=96%2C96&amp;ssl=1 96w, https:\/\/i0.wp.com\/www.jazzzeitung.de\/cms\/wp-content\/uploads\/2016\/03\/IMG_3665.jpg?resize=24%2C24&amp;ssl=1 24w, https:\/\/i0.wp.com\/www.jazzzeitung.de\/cms\/wp-content\/uploads\/2016\/03\/IMG_3665.jpg?resize=36%2C36&amp;ssl=1 36w, https:\/\/i0.wp.com\/www.jazzzeitung.de\/cms\/wp-content\/uploads\/2016\/03\/IMG_3665.jpg?resize=48%2C48&amp;ssl=1 48w, https:\/\/i0.wp.com\/www.jazzzeitung.de\/cms\/wp-content\/uploads\/2016\/03\/IMG_3665.jpg?resize=64%2C64&amp;ssl=1 64w, https:\/\/i0.wp.com\/www.jazzzeitung.de\/cms\/wp-content\/uploads\/2016\/03\/IMG_3665.jpg?resize=32%2C32&amp;ssl=1 32w, https:\/\/i0.wp.com\/www.jazzzeitung.de\/cms\/wp-content\/uploads\/2016\/03\/IMG_3665.jpg?resize=128%2C128&amp;ssl=1 128w, https:\/\/i0.wp.com\/www.jazzzeitung.de\/cms\/wp-content\/uploads\/2016\/03\/IMG_3665.jpg?zoom=2&amp;resize=150%2C150&amp;ssl=1 300w, https:\/\/i0.wp.com\/www.jazzzeitung.de\/cms\/wp-content\/uploads\/2016\/03\/IMG_3665.jpg?zoom=3&amp;resize=150%2C150&amp;ssl=1 450w\" sizes=\"auto, (max-width: 150px) 100vw, 150px\" \/><\/a><figcaption id=\"caption-attachment-8722\" class=\"wp-caption-text\">Die S\u00e4ngerin Amaka und Terrence Ngassa. Foto: Harald Haen\u00dfgen<\/figcaption><\/figure>\n<p>Am Wochenende wartete der Jazzclub H\u00fcrth wieder einmal mit einem besonderen Leckerbissen f\u00fcr die Jazzfreunde der Region auf. Das Amaka Trio feat. Terrence Ngassa spielte im Jazzkeller in der Herm\u00fclheimer Stra\u00dfe. Dem H\u00fcrther Publikum ist die in Heidelberg geborene S\u00e4ngerin Amaka bestens von zahlreichen Auftritten bekannt. Entsprechend viele Jazzfans waren erschienen, um sich von Amaka (Gesang), Hans-G\u00fcnther Adam (Piano mit Fu\u00dfbass) und Hajo H\u00f6k (Perkussion) verzaubern zu lassen. Als besonderen Gast hatten die Musiker erneut den aus Kamerun stammenden Trompeter Terrence Ngassa mit nach H\u00fcrth gebracht.<\/p>\n<p>Amaka, die ihre B\u00fchnenpr\u00e4senz mit eleganten Bewegungen und humorvollen Kommentaren unterstreicht, nahm die Zuh\u00f6rer mit auf eine magische Reise von Brasilien \u00fcber die Metropolen des Jazz bis nach Nigeria, wo sich die Wurzeln der S\u00e4ngerin befinden. Nicht nur in einer Nummer wie \u00abSawale\u00bb (Cardinal Rex Lawson) entfachte Amaka zusammen mit Terrence Ngassa immer wieder afrikanische Glut. Auch in anderen, teilweise selbstgeschriebenen Kompositionen beschwor die S\u00e4ngerin, die sich in renommierten Londoner Clubs einen Namen gemacht hat und seit einigen Jahren wieder in ihrer deutschen Heimat lebt, afrikanische Rhythmen, Harmonien und Themen.<\/p>\n<p>Einen wichtigen Standpfeiler des Programms bildeten Standards aus Jazz und Blues wie \u00abLove for Sale\u00bb (Cole Porter) oder Nat King Coles \u00abNature Boy\u00bb, das im furiosen Spiel von Hans-G\u00fcnther Adam, den kraftvollen Solopassagen von Terrence Ngassa und dem sinnlichen Rhythmus von Hajo H\u00f6k eine unverkennbar karibische Note erhielt. Einer der vielen H\u00f6hepunkte des Abends war Bruno Martinos Klassiker \u00abEstate\u00bb, den auch schon Jo\u00e3o Gilberto zu einer unsterblichen Bossa-Nova-Version verarbeitet hat. Amakas Zugang war deutlich von dieser Fassung beeinflusst, hatte jedoch einen kr\u00e4ftigen Schuss Blues zu bieten.<\/p>\n<p>Oft wird Amaka mit Ella Fitzgerald und Sarah Vaughan verglichen. Tats\u00e4chlich sind beide Vergleiche treffend, Amakas Timbre hat aber auch merkliche \u00c4hnlichkeit mit einer anderen Diva des Jazz: Billie Holiday. W\u00e4hrend Holiday aber in ihren Songs tief in die Abgr\u00fcnde der Seele hinabstieg, klingt Amaka lebensbejahender und optimistischer als ihre amerikanische Kollegin. Das mag daran liegen, dass Musik f\u00fcr Amaka auch eine therapeutische Funktion hat, wie die S\u00e4ngerin zwischenzeitlich lachend verriet.<\/p>\n<p>Das Amaka Trio hatte w\u00e4hrend des dreist\u00fcndigen Programms zusammen mit Terrence Ngassa sichtlich Spa\u00df. Die Musiker agierten als eingespieltes Team und lie\u00dfen sich gegenseitig gen\u00fcgend Raum, um auch solistisch zu gl\u00e4nzen. Hans-G\u00fcnther Adam zeigte sich als vielseitiger Tastenk\u00fcnstler und entfaltete an Keyboard und Fu\u00dfbass unterschiedlichste Klangwelten. An der Percussion legte Hajo H\u00f6k gekonnt das rhythmische Fundament des Abends. Terrence Ngassa sorgte mit seinen phantasievollen und kraftvollen Interventionen an der Trompete f\u00fcr eine ganz eigene Note und wurde auch zu fortgeschrittener Stunde ausgiebig beklatscht.<\/p>\n<p>Nach dem Konzert war sich G\u00fcnter Reiners, Vorsitzender des Jazzclubs H\u00fcrth, sicher: \u201eDieser Abend geht in die Geschichte des Jazzclubs ein. Deswegen haben wir das Amaka Trio auch bereits f\u00fcr das kommende Jahr eingeladen.\u201c Zu den n\u00e4chsten Glanzpunkten der diesj\u00e4hrigen Saison z\u00e4hlen Red Onion Hot Jazz am 18. M\u00e4rz im Jazzkeller und The Blue Motion Trio feat. Joscho Stephan am 23. M\u00e4rz in der Gelben Villa in H\u00fcrth. Jazzfans sollten sich diese Termine unbedingt vormerken.<\/p>\n","protected":false},"excerpt":{"rendered":"<p>Am Wochenende wartete der Jazzclub H\u00fcrth wieder einmal mit einem besonderen Leckerbissen f\u00fcr die Jazzfreunde der Region auf. Das Amaka Trio feat. Terrence Ngassa spielte im Jazzkeller in der Herm\u00fclheimer Stra\u00dfe. Dem H\u00fcrther Publikum ist die in Heidelberg geborene S\u00e4ngerin Amaka bestens von zahlreichen Auftritten bekannt. Entsprechend viele Jazzfans waren erschienen, um sich von Amaka (Gesang), Hans-G\u00fcnther Adam (Piano mit Fu\u00dfbass) und Hajo H\u00f6k (Perkussion) verzaubern zu lassen. Als besonderen Gast hatten die Musiker erneut den aus Kamerun stammenden Trompeter Terrence Ngassa mit nach H\u00fcrth gebracht. Amaka, die ihre B\u00fchnenpr\u00e4senz mit eleganten Bewegungen und humorvollen Kommentaren unterstreicht, nahm die Zuh\u00f6rer mit auf eine magische Reise von Brasilien \u00fcber die Metropolen des Jazz bis nach Nigeria, wo sich die Wurzeln der S\u00e4ngerin befinden. Nicht nur in einer Nummer wie \u00abSawale\u00bb (Cardinal Rex Lawson) entfachte Amaka zusammen mit Terrence Ngassa immer wieder afrikanische Glut. Auch in anderen, teilweise selbstgeschriebenen Kompositionen beschwor die S\u00e4ngerin, die sich in renommierten Londoner Clubs einen Namen gemacht hat und seit einigen Jahren wieder in ihrer deutschen Heimat lebt, afrikanische Rhythmen, Harmonien und Themen. Einen wichtigen Standpfeiler des Programms bildeten Standards aus Jazz &hellip;<\/p>\n","protected":false},"author":18,"featured_media":0,"comment_status":"open","ping_status":"closed","sticky":false,"template":"","format":"standard","meta":{"_jetpack_memberships_contains_paid_content":false,"footnotes":"","jetpack_publicize_message":"","jetpack_publicize_feature_enabled":true,"jetpack_social_post_already_shared":false,"jetpack_social_options":{"image_generator_settings":{"template":"highway","default_image_id":0,"font":"","enabled":false},"version":2}},"categories":[1053],"tags":[83,1192,198,271,928,322,442],"coauthors":[695],"class_list":["post-8721","post","type-post","status-publish","format-standard","hentry","category-bericht","tag-blues","tag-clubs","tag-geschichte","tag-jazzclub","tag-jazzclubs","tag-konzert-2","tag-piano"],"yoast_head":"<!-- This site is optimized with the Yoast SEO plugin v27.5 - https:\/\/yoast.com\/product\/yoast-seo-wordpress\/ -->\n<title>Karibische Note: Das Amaka Trio feat. Terrence Ngassa spielte im Jazzkeller H\u00fcrth - JazzZeitung<\/title>\n<meta name=\"robots\" content=\"index, follow, max-snippet:-1, max-image-preview:large, max-video-preview:-1\" \/>\n<link rel=\"canonical\" href=\"https:\/\/www.jazzzeitung.de\/cms\/2016\/03\/karibische-note-das-amaka-trio-feat-terrence-ngassa-spielte-im-jazzkeller-huerth\/\" \/>\n<meta property=\"og:locale\" content=\"de_DE\" \/>\n<meta property=\"og:type\" content=\"article\" \/>\n<meta property=\"og:title\" content=\"Karibische Note: Das Amaka Trio feat. Terrence Ngassa spielte im Jazzkeller H\u00fcrth - JazzZeitung\" \/>\n<meta property=\"og:description\" content=\"Am Wochenende wartete der Jazzclub H\u00fcrth wieder einmal mit einem besonderen Leckerbissen f\u00fcr die Jazzfreunde der Region auf. Das Amaka Trio feat. Terrence Ngassa spielte im Jazzkeller in der Herm\u00fclheimer Stra\u00dfe. Dem H\u00fcrther Publikum ist die in Heidelberg geborene S\u00e4ngerin Amaka bestens von zahlreichen Auftritten bekannt. Entsprechend viele Jazzfans waren erschienen, um sich von Amaka (Gesang), Hans-G\u00fcnther Adam (Piano mit Fu\u00dfbass) und Hajo H\u00f6k (Perkussion) verzaubern zu lassen. Als besonderen Gast hatten die Musiker erneut den aus Kamerun stammenden Trompeter Terrence Ngassa mit nach H\u00fcrth gebracht. Amaka, die ihre B\u00fchnenpr\u00e4senz mit eleganten Bewegungen und humorvollen Kommentaren unterstreicht, nahm die Zuh\u00f6rer mit auf eine magische Reise von Brasilien \u00fcber die Metropolen des Jazz bis nach Nigeria, wo sich die Wurzeln der S\u00e4ngerin befinden. Nicht nur in einer Nummer wie \u00abSawale\u00bb (Cardinal Rex Lawson) entfachte Amaka zusammen mit Terrence Ngassa immer wieder afrikanische Glut. Auch in anderen, teilweise selbstgeschriebenen Kompositionen beschwor die S\u00e4ngerin, die sich in renommierten Londoner Clubs einen Namen gemacht hat und seit einigen Jahren wieder in ihrer deutschen Heimat lebt, afrikanische Rhythmen, Harmonien und Themen. Einen wichtigen Standpfeiler des Programms bildeten Standards aus Jazz &hellip;\" \/>\n<meta property=\"og:url\" content=\"https:\/\/www.jazzzeitung.de\/cms\/2016\/03\/karibische-note-das-amaka-trio-feat-terrence-ngassa-spielte-im-jazzkeller-huerth\/\" \/>\n<meta property=\"og:site_name\" content=\"JazzZeitung\" \/>\n<meta property=\"article:publisher\" content=\"https:\/\/www.facebook.com\/JazzZeitung\/\" \/>\n<meta property=\"article:published_time\" content=\"2016-03-14T13:00:35+00:00\" \/>\n<meta property=\"og:image\" content=\"http:\/\/www.jazzzeitung.de\/cms\/wp-content\/uploads\/2016\/03\/IMG_3665-150x150.jpg\" \/>\n<meta name=\"author\" content=\"Redaktion JazzZeitung\" \/>\n<script type=\"application\/ld+json\" class=\"yoast-schema-graph\">{\"@context\":\"https:\\\/\\\/schema.org\",\"@graph\":[{\"@type\":\"Article\",\"@id\":\"https:\\\/\\\/www.jazzzeitung.de\\\/cms\\\/2016\\\/03\\\/karibische-note-das-amaka-trio-feat-terrence-ngassa-spielte-im-jazzkeller-huerth\\\/#article\",\"isPartOf\":{\"@id\":\"https:\\\/\\\/www.jazzzeitung.de\\\/cms\\\/2016\\\/03\\\/karibische-note-das-amaka-trio-feat-terrence-ngassa-spielte-im-jazzkeller-huerth\\\/\"},\"author\":{\"name\":\"Redaktion JazzZeitung\",\"@id\":\"https:\\\/\\\/www.jazzzeitung.de\\\/cms\\\/#\\\/schema\\\/person\\\/2245b36b9cd1d24cea10f01c031fb92b\"},\"headline\":\"Karibische Note: Das Amaka Trio feat. Terrence Ngassa spielte im Jazzkeller H\u00fcrth\",\"datePublished\":\"2016-03-14T13:00:35+00:00\",\"mainEntityOfPage\":{\"@id\":\"https:\\\/\\\/www.jazzzeitung.de\\\/cms\\\/2016\\\/03\\\/karibische-note-das-amaka-trio-feat-terrence-ngassa-spielte-im-jazzkeller-huerth\\\/\"},\"wordCount\":564,\"commentCount\":0,\"publisher\":{\"@id\":\"https:\\\/\\\/www.jazzzeitung.de\\\/cms\\\/#organization\"},\"image\":{\"@id\":\"https:\\\/\\\/www.jazzzeitung.de\\\/cms\\\/2016\\\/03\\\/karibische-note-das-amaka-trio-feat-terrence-ngassa-spielte-im-jazzkeller-huerth\\\/#primaryimage\"},\"thumbnailUrl\":\"http:\\\/\\\/www.jazzzeitung.de\\\/cms\\\/wp-content\\\/uploads\\\/2016\\\/03\\\/IMG_3665-150x150.jpg\",\"keywords\":[\"Blues\",\"Clubs\",\"Geschichte\",\"Jazzclub\",\"Jazzclubs\",\"Konzert\",\"Piano\"],\"articleSection\":[\"Bericht\"],\"inLanguage\":\"de\",\"potentialAction\":[{\"@type\":\"CommentAction\",\"name\":\"Comment\",\"target\":[\"https:\\\/\\\/www.jazzzeitung.de\\\/cms\\\/2016\\\/03\\\/karibische-note-das-amaka-trio-feat-terrence-ngassa-spielte-im-jazzkeller-huerth\\\/#respond\"]}]},{\"@type\":\"WebPage\",\"@id\":\"https:\\\/\\\/www.jazzzeitung.de\\\/cms\\\/2016\\\/03\\\/karibische-note-das-amaka-trio-feat-terrence-ngassa-spielte-im-jazzkeller-huerth\\\/\",\"url\":\"https:\\\/\\\/www.jazzzeitung.de\\\/cms\\\/2016\\\/03\\\/karibische-note-das-amaka-trio-feat-terrence-ngassa-spielte-im-jazzkeller-huerth\\\/\",\"name\":\"Karibische Note: Das Amaka Trio feat. Terrence Ngassa spielte im Jazzkeller H\u00fcrth - JazzZeitung\",\"isPartOf\":{\"@id\":\"https:\\\/\\\/www.jazzzeitung.de\\\/cms\\\/#website\"},\"primaryImageOfPage\":{\"@id\":\"https:\\\/\\\/www.jazzzeitung.de\\\/cms\\\/2016\\\/03\\\/karibische-note-das-amaka-trio-feat-terrence-ngassa-spielte-im-jazzkeller-huerth\\\/#primaryimage\"},\"image\":{\"@id\":\"https:\\\/\\\/www.jazzzeitung.de\\\/cms\\\/2016\\\/03\\\/karibische-note-das-amaka-trio-feat-terrence-ngassa-spielte-im-jazzkeller-huerth\\\/#primaryimage\"},\"thumbnailUrl\":\"http:\\\/\\\/www.jazzzeitung.de\\\/cms\\\/wp-content\\\/uploads\\\/2016\\\/03\\\/IMG_3665-150x150.jpg\",\"datePublished\":\"2016-03-14T13:00:35+00:00\",\"breadcrumb\":{\"@id\":\"https:\\\/\\\/www.jazzzeitung.de\\\/cms\\\/2016\\\/03\\\/karibische-note-das-amaka-trio-feat-terrence-ngassa-spielte-im-jazzkeller-huerth\\\/#breadcrumb\"},\"inLanguage\":\"de\",\"potentialAction\":[{\"@type\":\"ReadAction\",\"target\":[\"https:\\\/\\\/www.jazzzeitung.de\\\/cms\\\/2016\\\/03\\\/karibische-note-das-amaka-trio-feat-terrence-ngassa-spielte-im-jazzkeller-huerth\\\/\"]}]},{\"@type\":\"ImageObject\",\"inLanguage\":\"de\",\"@id\":\"https:\\\/\\\/www.jazzzeitung.de\\\/cms\\\/2016\\\/03\\\/karibische-note-das-amaka-trio-feat-terrence-ngassa-spielte-im-jazzkeller-huerth\\\/#primaryimage\",\"url\":\"http:\\\/\\\/www.jazzzeitung.de\\\/cms\\\/wp-content\\\/uploads\\\/2016\\\/03\\\/IMG_3665-150x150.jpg\",\"contentUrl\":\"http:\\\/\\\/www.jazzzeitung.de\\\/cms\\\/wp-content\\\/uploads\\\/2016\\\/03\\\/IMG_3665-150x150.jpg\"},{\"@type\":\"BreadcrumbList\",\"@id\":\"https:\\\/\\\/www.jazzzeitung.de\\\/cms\\\/2016\\\/03\\\/karibische-note-das-amaka-trio-feat-terrence-ngassa-spielte-im-jazzkeller-huerth\\\/#breadcrumb\",\"itemListElement\":[{\"@type\":\"ListItem\",\"position\":1,\"name\":\"Startseite\",\"item\":\"https:\\\/\\\/www.jazzzeitung.de\\\/cms\\\/\"},{\"@type\":\"ListItem\",\"position\":2,\"name\":\"Karibische Note: Das Amaka Trio feat. Terrence Ngassa spielte im Jazzkeller H\u00fcrth\"}]},{\"@type\":\"WebSite\",\"@id\":\"https:\\\/\\\/www.jazzzeitung.de\\\/cms\\\/#website\",\"url\":\"https:\\\/\\\/www.jazzzeitung.de\\\/cms\\\/\",\"name\":\"JazzZeitung\",\"description\":\"Jazz-News und Jazz-Kontroverses\",\"publisher\":{\"@id\":\"https:\\\/\\\/www.jazzzeitung.de\\\/cms\\\/#organization\"},\"potentialAction\":[{\"@type\":\"SearchAction\",\"target\":{\"@type\":\"EntryPoint\",\"urlTemplate\":\"https:\\\/\\\/www.jazzzeitung.de\\\/cms\\\/?s={search_term_string}\"},\"query-input\":{\"@type\":\"PropertyValueSpecification\",\"valueRequired\":true,\"valueName\":\"search_term_string\"}}],\"inLanguage\":\"de\"},{\"@type\":\"Organization\",\"@id\":\"https:\\\/\\\/www.jazzzeitung.de\\\/cms\\\/#organization\",\"name\":\"JazzZeitung online\",\"url\":\"https:\\\/\\\/www.jazzzeitung.de\\\/cms\\\/\",\"logo\":{\"@type\":\"ImageObject\",\"inLanguage\":\"de\",\"@id\":\"https:\\\/\\\/www.jazzzeitung.de\\\/cms\\\/#\\\/schema\\\/logo\\\/image\\\/\",\"url\":\"https:\\\/\\\/i0.wp.com\\\/www.jazzzeitung.de\\\/cms\\\/wp-content\\\/uploads\\\/2015\\\/08\\\/JAZZZEITUNGDE_Logo_Neu.png?fit=499%2C200&ssl=1\",\"contentUrl\":\"https:\\\/\\\/i0.wp.com\\\/www.jazzzeitung.de\\\/cms\\\/wp-content\\\/uploads\\\/2015\\\/08\\\/JAZZZEITUNGDE_Logo_Neu.png?fit=499%2C200&ssl=1\",\"width\":499,\"height\":200,\"caption\":\"JazzZeitung online\"},\"image\":{\"@id\":\"https:\\\/\\\/www.jazzzeitung.de\\\/cms\\\/#\\\/schema\\\/logo\\\/image\\\/\"},\"sameAs\":[\"https:\\\/\\\/www.facebook.com\\\/JazzZeitung\\\/\"]},{\"@type\":\"Person\",\"@id\":\"https:\\\/\\\/www.jazzzeitung.de\\\/cms\\\/#\\\/schema\\\/person\\\/2245b36b9cd1d24cea10f01c031fb92b\",\"name\":\"Redaktion JazzZeitung\",\"image\":{\"@type\":\"ImageObject\",\"inLanguage\":\"de\",\"@id\":\"https:\\\/\\\/i0.wp.com\\\/www.jazzzeitung.de\\\/cms\\\/wp-content\\\/uploads\\\/2015\\\/08\\\/JAZZZEITUNGDE_Logo_Neu.png?resize=96%2C96&ssl=159975dcacb611b5700bd619b5daf0a7a\",\"url\":\"https:\\\/\\\/i0.wp.com\\\/www.jazzzeitung.de\\\/cms\\\/wp-content\\\/uploads\\\/2015\\\/08\\\/JAZZZEITUNGDE_Logo_Neu.png?resize=96%2C96&ssl=1\",\"contentUrl\":\"https:\\\/\\\/i0.wp.com\\\/www.jazzzeitung.de\\\/cms\\\/wp-content\\\/uploads\\\/2015\\\/08\\\/JAZZZEITUNGDE_Logo_Neu.png?resize=96%2C96&ssl=1\",\"caption\":\"Redaktion JazzZeitung\"},\"description\":\"Artikel der Redaktion der JazzZeitung.\",\"sameAs\":[\"http:\\\/\\\/www.jazzzeitung.de\\\/cms\\\/\"],\"url\":\"https:\\\/\\\/www.jazzzeitung.de\\\/cms\\\/author\\\/redaktion\\\/\"}]}<\/script>\n<!-- \/ Yoast SEO plugin. -->","yoast_head_json":{"title":"Karibische Note: Das Amaka Trio feat. Terrence Ngassa spielte im Jazzkeller H\u00fcrth - JazzZeitung","robots":{"index":"index","follow":"follow","max-snippet":"max-snippet:-1","max-image-preview":"max-image-preview:large","max-video-preview":"max-video-preview:-1"},"canonical":"https:\/\/www.jazzzeitung.de\/cms\/2016\/03\/karibische-note-das-amaka-trio-feat-terrence-ngassa-spielte-im-jazzkeller-huerth\/","og_locale":"de_DE","og_type":"article","og_title":"Karibische Note: Das Amaka Trio feat. Terrence Ngassa spielte im Jazzkeller H\u00fcrth - JazzZeitung","og_description":"Am Wochenende wartete der Jazzclub H\u00fcrth wieder einmal mit einem besonderen Leckerbissen f\u00fcr die Jazzfreunde der Region auf. Das Amaka Trio feat. Terrence Ngassa spielte im Jazzkeller in der Herm\u00fclheimer Stra\u00dfe. Dem H\u00fcrther Publikum ist die in Heidelberg geborene S\u00e4ngerin Amaka bestens von zahlreichen Auftritten bekannt. Entsprechend viele Jazzfans waren erschienen, um sich von Amaka (Gesang), Hans-G\u00fcnther Adam (Piano mit Fu\u00dfbass) und Hajo H\u00f6k (Perkussion) verzaubern zu lassen. Als besonderen Gast hatten die Musiker erneut den aus Kamerun stammenden Trompeter Terrence Ngassa mit nach H\u00fcrth gebracht. Amaka, die ihre B\u00fchnenpr\u00e4senz mit eleganten Bewegungen und humorvollen Kommentaren unterstreicht, nahm die Zuh\u00f6rer mit auf eine magische Reise von Brasilien \u00fcber die Metropolen des Jazz bis nach Nigeria, wo sich die Wurzeln der S\u00e4ngerin befinden. Nicht nur in einer Nummer wie \u00abSawale\u00bb (Cardinal Rex Lawson) entfachte Amaka zusammen mit Terrence Ngassa immer wieder afrikanische Glut. Auch in anderen, teilweise selbstgeschriebenen Kompositionen beschwor die S\u00e4ngerin, die sich in renommierten Londoner Clubs einen Namen gemacht hat und seit einigen Jahren wieder in ihrer deutschen Heimat lebt, afrikanische Rhythmen, Harmonien und Themen. Einen wichtigen Standpfeiler des Programms bildeten Standards aus Jazz &hellip;","og_url":"https:\/\/www.jazzzeitung.de\/cms\/2016\/03\/karibische-note-das-amaka-trio-feat-terrence-ngassa-spielte-im-jazzkeller-huerth\/","og_site_name":"JazzZeitung","article_publisher":"https:\/\/www.facebook.com\/JazzZeitung\/","article_published_time":"2016-03-14T13:00:35+00:00","og_image":[{"url":"http:\/\/www.jazzzeitung.de\/cms\/wp-content\/uploads\/2016\/03\/IMG_3665-150x150.jpg","type":"","width":"","height":""}],"author":"Redaktion JazzZeitung","schema":{"@context":"https:\/\/schema.org","@graph":[{"@type":"Article","@id":"https:\/\/www.jazzzeitung.de\/cms\/2016\/03\/karibische-note-das-amaka-trio-feat-terrence-ngassa-spielte-im-jazzkeller-huerth\/#article","isPartOf":{"@id":"https:\/\/www.jazzzeitung.de\/cms\/2016\/03\/karibische-note-das-amaka-trio-feat-terrence-ngassa-spielte-im-jazzkeller-huerth\/"},"author":{"name":"Redaktion JazzZeitung","@id":"https:\/\/www.jazzzeitung.de\/cms\/#\/schema\/person\/2245b36b9cd1d24cea10f01c031fb92b"},"headline":"Karibische Note: Das Amaka Trio feat. Terrence Ngassa spielte im Jazzkeller H\u00fcrth","datePublished":"2016-03-14T13:00:35+00:00","mainEntityOfPage":{"@id":"https:\/\/www.jazzzeitung.de\/cms\/2016\/03\/karibische-note-das-amaka-trio-feat-terrence-ngassa-spielte-im-jazzkeller-huerth\/"},"wordCount":564,"commentCount":0,"publisher":{"@id":"https:\/\/www.jazzzeitung.de\/cms\/#organization"},"image":{"@id":"https:\/\/www.jazzzeitung.de\/cms\/2016\/03\/karibische-note-das-amaka-trio-feat-terrence-ngassa-spielte-im-jazzkeller-huerth\/#primaryimage"},"thumbnailUrl":"http:\/\/www.jazzzeitung.de\/cms\/wp-content\/uploads\/2016\/03\/IMG_3665-150x150.jpg","keywords":["Blues","Clubs","Geschichte","Jazzclub","Jazzclubs","Konzert","Piano"],"articleSection":["Bericht"],"inLanguage":"de","potentialAction":[{"@type":"CommentAction","name":"Comment","target":["https:\/\/www.jazzzeitung.de\/cms\/2016\/03\/karibische-note-das-amaka-trio-feat-terrence-ngassa-spielte-im-jazzkeller-huerth\/#respond"]}]},{"@type":"WebPage","@id":"https:\/\/www.jazzzeitung.de\/cms\/2016\/03\/karibische-note-das-amaka-trio-feat-terrence-ngassa-spielte-im-jazzkeller-huerth\/","url":"https:\/\/www.jazzzeitung.de\/cms\/2016\/03\/karibische-note-das-amaka-trio-feat-terrence-ngassa-spielte-im-jazzkeller-huerth\/","name":"Karibische Note: Das Amaka Trio feat. Terrence Ngassa spielte im Jazzkeller H\u00fcrth - JazzZeitung","isPartOf":{"@id":"https:\/\/www.jazzzeitung.de\/cms\/#website"},"primaryImageOfPage":{"@id":"https:\/\/www.jazzzeitung.de\/cms\/2016\/03\/karibische-note-das-amaka-trio-feat-terrence-ngassa-spielte-im-jazzkeller-huerth\/#primaryimage"},"image":{"@id":"https:\/\/www.jazzzeitung.de\/cms\/2016\/03\/karibische-note-das-amaka-trio-feat-terrence-ngassa-spielte-im-jazzkeller-huerth\/#primaryimage"},"thumbnailUrl":"http:\/\/www.jazzzeitung.de\/cms\/wp-content\/uploads\/2016\/03\/IMG_3665-150x150.jpg","datePublished":"2016-03-14T13:00:35+00:00","breadcrumb":{"@id":"https:\/\/www.jazzzeitung.de\/cms\/2016\/03\/karibische-note-das-amaka-trio-feat-terrence-ngassa-spielte-im-jazzkeller-huerth\/#breadcrumb"},"inLanguage":"de","potentialAction":[{"@type":"ReadAction","target":["https:\/\/www.jazzzeitung.de\/cms\/2016\/03\/karibische-note-das-amaka-trio-feat-terrence-ngassa-spielte-im-jazzkeller-huerth\/"]}]},{"@type":"ImageObject","inLanguage":"de","@id":"https:\/\/www.jazzzeitung.de\/cms\/2016\/03\/karibische-note-das-amaka-trio-feat-terrence-ngassa-spielte-im-jazzkeller-huerth\/#primaryimage","url":"http:\/\/www.jazzzeitung.de\/cms\/wp-content\/uploads\/2016\/03\/IMG_3665-150x150.jpg","contentUrl":"http:\/\/www.jazzzeitung.de\/cms\/wp-content\/uploads\/2016\/03\/IMG_3665-150x150.jpg"},{"@type":"BreadcrumbList","@id":"https:\/\/www.jazzzeitung.de\/cms\/2016\/03\/karibische-note-das-amaka-trio-feat-terrence-ngassa-spielte-im-jazzkeller-huerth\/#breadcrumb","itemListElement":[{"@type":"ListItem","position":1,"name":"Startseite","item":"https:\/\/www.jazzzeitung.de\/cms\/"},{"@type":"ListItem","position":2,"name":"Karibische Note: Das Amaka Trio feat. Terrence Ngassa spielte im Jazzkeller H\u00fcrth"}]},{"@type":"WebSite","@id":"https:\/\/www.jazzzeitung.de\/cms\/#website","url":"https:\/\/www.jazzzeitung.de\/cms\/","name":"JazzZeitung","description":"Jazz-News und Jazz-Kontroverses","publisher":{"@id":"https:\/\/www.jazzzeitung.de\/cms\/#organization"},"potentialAction":[{"@type":"SearchAction","target":{"@type":"EntryPoint","urlTemplate":"https:\/\/www.jazzzeitung.de\/cms\/?s={search_term_string}"},"query-input":{"@type":"PropertyValueSpecification","valueRequired":true,"valueName":"search_term_string"}}],"inLanguage":"de"},{"@type":"Organization","@id":"https:\/\/www.jazzzeitung.de\/cms\/#organization","name":"JazzZeitung online","url":"https:\/\/www.jazzzeitung.de\/cms\/","logo":{"@type":"ImageObject","inLanguage":"de","@id":"https:\/\/www.jazzzeitung.de\/cms\/#\/schema\/logo\/image\/","url":"https:\/\/i0.wp.com\/www.jazzzeitung.de\/cms\/wp-content\/uploads\/2015\/08\/JAZZZEITUNGDE_Logo_Neu.png?fit=499%2C200&ssl=1","contentUrl":"https:\/\/i0.wp.com\/www.jazzzeitung.de\/cms\/wp-content\/uploads\/2015\/08\/JAZZZEITUNGDE_Logo_Neu.png?fit=499%2C200&ssl=1","width":499,"height":200,"caption":"JazzZeitung online"},"image":{"@id":"https:\/\/www.jazzzeitung.de\/cms\/#\/schema\/logo\/image\/"},"sameAs":["https:\/\/www.facebook.com\/JazzZeitung\/"]},{"@type":"Person","@id":"https:\/\/www.jazzzeitung.de\/cms\/#\/schema\/person\/2245b36b9cd1d24cea10f01c031fb92b","name":"Redaktion JazzZeitung","image":{"@type":"ImageObject","inLanguage":"de","@id":"https:\/\/i0.wp.com\/www.jazzzeitung.de\/cms\/wp-content\/uploads\/2015\/08\/JAZZZEITUNGDE_Logo_Neu.png?resize=96%2C96&ssl=159975dcacb611b5700bd619b5daf0a7a","url":"https:\/\/i0.wp.com\/www.jazzzeitung.de\/cms\/wp-content\/uploads\/2015\/08\/JAZZZEITUNGDE_Logo_Neu.png?resize=96%2C96&ssl=1","contentUrl":"https:\/\/i0.wp.com\/www.jazzzeitung.de\/cms\/wp-content\/uploads\/2015\/08\/JAZZZEITUNGDE_Logo_Neu.png?resize=96%2C96&ssl=1","caption":"Redaktion JazzZeitung"},"description":"Artikel der Redaktion der JazzZeitung.","sameAs":["http:\/\/www.jazzzeitung.de\/cms\/"],"url":"https:\/\/www.jazzzeitung.de\/cms\/author\/redaktion\/"}]}},"wp-worthy-pixel":{"ignored":false,"public":null,"server":null,"url":null},"wp-worthy-type":"normal","jetpack_publicize_connections":[],"cc_featured_image_caption":{"caption_text":false,"source_text":false,"source_url":false},"jetpack_featured_media_url":"","jetpack_shortlink":"https:\/\/wp.me\/p3KEcT-2gF","jetpack-related-posts":[{"id":31147,"url":"https:\/\/www.jazzzeitung.de\/cms\/2024\/06\/terrence-ngassa-willy-ketzer-trio-auf-piano-buehne-oberthulba\/","url_meta":{"origin":8721,"position":0},"title":"Terrence Ngassa &#038; Willy-Ketzer-Trio auf Piano-B\u00fchne Oberthulba","author":"Redaktion JazzZeitung","date":"5. Juni 2024","format":false,"excerpt":"(Pressemeldung) Am Mittwoch den 3. Juli 2024 ab 20 Uhr findet auf der Piano-B\u00fchne, 97723 Oberthulba wieder ein spektakul\u00e4res Konzert statt. Unter dem Titel \"Funky Louis Armstrong\" musizieren das Terrence Ngassa & Willy-Ketzer-Trio (ehem. Paul-Kuhn-Trio) in der Besetzung Terrence Ngassa (Vocals\/Trumpet), Jan Eschke (Piano), Jens Foltinovicz (Bass) und Willy Ketzer\u2026","rel":"","context":"In &quot;News&quot;","block_context":{"text":"News","link":"https:\/\/www.jazzzeitung.de\/cms\/thema\/nachrichten\/"},"img":{"alt_text":"","src":"https:\/\/i0.wp.com\/www.jazzzeitung.de\/cms\/wp-content\/uploads\/2024\/06\/ngassa-scaled.jpg?fit=1200%2C798&ssl=1&resize=350%2C200","width":350,"height":200,"srcset":"https:\/\/i0.wp.com\/www.jazzzeitung.de\/cms\/wp-content\/uploads\/2024\/06\/ngassa-scaled.jpg?fit=1200%2C798&ssl=1&resize=350%2C200 1x, https:\/\/i0.wp.com\/www.jazzzeitung.de\/cms\/wp-content\/uploads\/2024\/06\/ngassa-scaled.jpg?fit=1200%2C798&ssl=1&resize=525%2C300 1.5x, https:\/\/i0.wp.com\/www.jazzzeitung.de\/cms\/wp-content\/uploads\/2024\/06\/ngassa-scaled.jpg?fit=1200%2C798&ssl=1&resize=700%2C400 2x, https:\/\/i0.wp.com\/www.jazzzeitung.de\/cms\/wp-content\/uploads\/2024\/06\/ngassa-scaled.jpg?fit=1200%2C798&ssl=1&resize=1050%2C600 3x"},"classes":[]},{"id":4387,"url":"https:\/\/www.jazzzeitung.de\/cms\/2014\/08\/22-huerther-jazznacht-mit-internationalen-gaesten-ticket-verlosung\/","url_meta":{"origin":8721,"position":1},"title":"22. H\u00fcrther Jazznacht mit internationalen G\u00e4sten, Ticket-Verlosung","author":"Redaktion JazzZeitung","date":"5. August 2014","format":false,"excerpt":"Der H\u00f6hepunkt im Programm des Jazzclubs H\u00fcrth e.V. bleibt die H\u00fcrther Jazznacht am 25. Oktober im B\u00fcrgerhaus. Musiker aus aller Welt haben sich um einen Auftritt beworben und reisen aus New York, Texas, Finnland, den Niederlanden, \u00d6sterreich, Berlin und Freiburg an. \u201eZum 22. Mal ist es gelungen, eine sehr ansprechende\u2026","rel":"","context":"In &quot;News&quot;","block_context":{"text":"News","link":"https:\/\/www.jazzzeitung.de\/cms\/thema\/nachrichten\/"},"img":{"alt_text":"Foto von Stefan Michalke","src":"https:\/\/i0.wp.com\/www.jazzzeitung.de\/cms\/wp-content\/uploads\/2014\/08\/Lines-for-Ladies-Sabine-K%C3%BChlich-und-Anne-Czichowsky-FOTO_Stefan_Michalke-150x150.jpg?resize=350%2C200","width":350,"height":200},"classes":[]},{"id":33346,"url":"https:\/\/www.jazzzeitung.de\/cms\/2025\/11\/lesementoren-im-huerther-jazzkeller-mit-duo-kaemmerling-naumann\/","url_meta":{"origin":8721,"position":2},"title":"Lesementoren im H\u00fcrther Jazzkeller mit Duo K\u00e4mmerling-Naumann","author":"Redaktion JazzZeitung","date":"12. November 2025","format":false,"excerpt":"(PM JC H\u00fcrth) Mit einem Jazzkonzert im H\u00fcrther Jazzkeller w\u00fcrdigten die Mitglieder des Jazzclubs H\u00fcrth e.V. die Lesementoren f\u00fcr das herausragende ehrenamtliche Engagement. Das musikalische Dankesch\u00f6n galt allen, die sich mit gro\u00dfem Einsatz f\u00fcr die sprachliche und pers\u00f6nliche Entwicklung von Kindern in H\u00fcrther Schulen einsetzen. \u201eUnsere Lesementorinnen und Lesementoren leisten\u2026","rel":"","context":"In &quot;Redaktionelle Nachrichten&quot;","block_context":{"text":"Redaktionelle Nachrichten","link":"https:\/\/www.jazzzeitung.de\/cms\/thema\/redaktion\/"},"img":{"alt_text":"","src":"https:\/\/i0.wp.com\/www.jazzzeitung.de\/cms\/wp-content\/uploads\/2025\/11\/20251106_2114252-002.jpg?fit=1200%2C848&ssl=1&resize=350%2C200","width":350,"height":200,"srcset":"https:\/\/i0.wp.com\/www.jazzzeitung.de\/cms\/wp-content\/uploads\/2025\/11\/20251106_2114252-002.jpg?fit=1200%2C848&ssl=1&resize=350%2C200 1x, https:\/\/i0.wp.com\/www.jazzzeitung.de\/cms\/wp-content\/uploads\/2025\/11\/20251106_2114252-002.jpg?fit=1200%2C848&ssl=1&resize=525%2C300 1.5x, https:\/\/i0.wp.com\/www.jazzzeitung.de\/cms\/wp-content\/uploads\/2025\/11\/20251106_2114252-002.jpg?fit=1200%2C848&ssl=1&resize=700%2C400 2x, https:\/\/i0.wp.com\/www.jazzzeitung.de\/cms\/wp-content\/uploads\/2025\/11\/20251106_2114252-002.jpg?fit=1200%2C848&ssl=1&resize=1050%2C600 3x"},"classes":[]},{"id":12436,"url":"https:\/\/www.jazzzeitung.de\/cms\/2017\/05\/energiegeladen-das-mike-field-quintet-spielte-im-huerther-jazzkeller-vor-begeistertem-publikum\/","url_meta":{"origin":8721,"position":3},"title":"Energiegeladen! Das \u00abMike Field Quintet\u00bb spielte im H\u00fcrther Jazzkeller vor begeistertem Publikum","author":"Redaktion JazzZeitung","date":"19. Mai 2017","format":false,"excerpt":"Es gibt diese Konzertabende, an denen der Funke \u00fcberspringt, die Energie im Raum greifbar wird und eine besondere Verbindung zwischen K\u00fcnstlern und Publikum sp\u00fcrbar ist. So ein Konzert konnten Jazzfreunde im gem\u00fctlichen Jazzkeller auf der Herm\u00fclheimer Stra\u00dfe erleben. Der H\u00fcrther Jazzclub hatte den aus Toronto (Kanada) stammenden Trompeter Mike Field\u2026","rel":"","context":"In &quot;Bericht&quot;","block_context":{"text":"Bericht","link":"https:\/\/www.jazzzeitung.de\/cms\/thema\/bericht\/"},"img":{"alt_text":"","src":"https:\/\/i0.wp.com\/www.jazzzeitung.de\/cms\/wp-content\/uploads\/2017\/05\/Mike-Field-300x287.jpg?resize=350%2C200&ssl=1","width":350,"height":200},"classes":[]},{"id":32266,"url":"https:\/\/www.jazzzeitung.de\/cms\/2025\/02\/jazzkonzert-mit-dom-town-und-spendenaktion-in-huerth\/","url_meta":{"origin":8721,"position":4},"title":"Jazzkonzert mit Dom Town Seven und Spendenaktion in H\u00fcrth","author":"Redaktion JazzZeitung","date":"26. Februar 2025","format":false,"excerpt":"Der H\u00fcrther Jazzclub l\u00e4dt am 9. M\u00e4rz zu einem besonderen musikalischen Abend ein. Die Band Dom Town Seven entf\u00fchrt das Publikum unter dem Motto \u201eBack to the Roots\u201c in die Welt des traditionellen Jazz.\u00a0Das Repertoire umfasst eine sorgf\u00e4ltige Auswahl aus den Stilrichtungen Dixieland, Swing und Blues. Viele der St\u00fccke stammen\u2026","rel":"","context":"In &quot;Redaktionelle Nachrichten&quot;","block_context":{"text":"Redaktionelle Nachrichten","link":"https:\/\/www.jazzzeitung.de\/cms\/thema\/redaktion\/"},"img":{"alt_text":"","src":"https:\/\/i0.wp.com\/www.jazzzeitung.de\/cms\/wp-content\/uploads\/2025\/02\/2025.03.09-Dom-Town-Seven-Bandfoto-Fotorechte-Tom-Klapper.jpg?fit=1200%2C792&ssl=1&resize=350%2C200","width":350,"height":200,"srcset":"https:\/\/i0.wp.com\/www.jazzzeitung.de\/cms\/wp-content\/uploads\/2025\/02\/2025.03.09-Dom-Town-Seven-Bandfoto-Fotorechte-Tom-Klapper.jpg?fit=1200%2C792&ssl=1&resize=350%2C200 1x, https:\/\/i0.wp.com\/www.jazzzeitung.de\/cms\/wp-content\/uploads\/2025\/02\/2025.03.09-Dom-Town-Seven-Bandfoto-Fotorechte-Tom-Klapper.jpg?fit=1200%2C792&ssl=1&resize=525%2C300 1.5x, https:\/\/i0.wp.com\/www.jazzzeitung.de\/cms\/wp-content\/uploads\/2025\/02\/2025.03.09-Dom-Town-Seven-Bandfoto-Fotorechte-Tom-Klapper.jpg?fit=1200%2C792&ssl=1&resize=700%2C400 2x, https:\/\/i0.wp.com\/www.jazzzeitung.de\/cms\/wp-content\/uploads\/2025\/02\/2025.03.09-Dom-Town-Seven-Bandfoto-Fotorechte-Tom-Klapper.jpg?fit=1200%2C792&ssl=1&resize=1050%2C600 3x"},"classes":[]},{"id":22838,"url":"https:\/\/www.jazzzeitung.de\/cms\/2020\/06\/newsbrazzooka-gibt-konzert-im-raven-straubingjazzclub-huerth-mit-huerthsuedtirol-festival-merano-als-eins-der-ersten-festivals\/","url_meta":{"origin":8721,"position":5},"title":"news+++Brazzooka im Raven Straubing+++Jazzclub H\u00fcrth mit #H\u00dcRTH+++","author":"Redaktion JazzZeitung","date":"25. Juni 2020","format":false,"excerpt":"Erstes Indoor- Konzert im Straubinger Musikclub Raven seit Langem Die Funk- und Soul-Combo BRAZZOOKA gibt heute Abend das erste Konzert mit Publikum im Straubinger Musikclub Raven. Die neunk\u00f6pfige Band aus dem Raum Regensburg bewegt sich stilsicher durch mehr als f\u00fcnf Jahrzehnte einschl\u00e4giger Musikgeschichte: Im Repertoire finden sich Titel von Tower\u2026","rel":"","context":"In &quot;News&quot;","block_context":{"text":"News","link":"https:\/\/www.jazzzeitung.de\/cms\/thema\/nachrichten\/"},"img":{"alt_text":"","src":"https:\/\/i0.wp.com\/www.jazzzeitung.de\/cms\/wp-content\/uploads\/2020\/06\/Brazzooka-Landshut-%C2%A9Stefan-Freytag.jpg?fit=1200%2C800&ssl=1&resize=350%2C200","width":350,"height":200,"srcset":"https:\/\/i0.wp.com\/www.jazzzeitung.de\/cms\/wp-content\/uploads\/2020\/06\/Brazzooka-Landshut-%C2%A9Stefan-Freytag.jpg?fit=1200%2C800&ssl=1&resize=350%2C200 1x, https:\/\/i0.wp.com\/www.jazzzeitung.de\/cms\/wp-content\/uploads\/2020\/06\/Brazzooka-Landshut-%C2%A9Stefan-Freytag.jpg?fit=1200%2C800&ssl=1&resize=525%2C300 1.5x, https:\/\/i0.wp.com\/www.jazzzeitung.de\/cms\/wp-content\/uploads\/2020\/06\/Brazzooka-Landshut-%C2%A9Stefan-Freytag.jpg?fit=1200%2C800&ssl=1&resize=700%2C400 2x, https:\/\/i0.wp.com\/www.jazzzeitung.de\/cms\/wp-content\/uploads\/2020\/06\/Brazzooka-Landshut-%C2%A9Stefan-Freytag.jpg?fit=1200%2C800&ssl=1&resize=1050%2C600 3x"},"classes":[]}],"jetpack_sharing_enabled":true,"_links":{"self":[{"href":"https:\/\/www.jazzzeitung.de\/cms\/wp-json\/wp\/v2\/posts\/8721","targetHints":{"allow":["GET"]}}],"collection":[{"href":"https:\/\/www.jazzzeitung.de\/cms\/wp-json\/wp\/v2\/posts"}],"about":[{"href":"https:\/\/www.jazzzeitung.de\/cms\/wp-json\/wp\/v2\/types\/post"}],"author":[{"embeddable":true,"href":"https:\/\/www.jazzzeitung.de\/cms\/wp-json\/wp\/v2\/users\/18"}],"replies":[{"embeddable":true,"href":"https:\/\/www.jazzzeitung.de\/cms\/wp-json\/wp\/v2\/comments?post=8721"}],"version-history":[{"count":2,"href":"https:\/\/www.jazzzeitung.de\/cms\/wp-json\/wp\/v2\/posts\/8721\/revisions"}],"predecessor-version":[{"id":8732,"href":"https:\/\/www.jazzzeitung.de\/cms\/wp-json\/wp\/v2\/posts\/8721\/revisions\/8732"}],"wp:attachment":[{"href":"https:\/\/www.jazzzeitung.de\/cms\/wp-json\/wp\/v2\/media?parent=8721"}],"wp:term":[{"taxonomy":"category","embeddable":true,"href":"https:\/\/www.jazzzeitung.de\/cms\/wp-json\/wp\/v2\/categories?post=8721"},{"taxonomy":"post_tag","embeddable":true,"href":"https:\/\/www.jazzzeitung.de\/cms\/wp-json\/wp\/v2\/tags?post=8721"},{"taxonomy":"author","embeddable":true,"href":"https:\/\/www.jazzzeitung.de\/cms\/wp-json\/wp\/v2\/coauthors?post=8721"}],"curies":[{"name":"wp","href":"https:\/\/api.w.org\/{rel}","templated":true}]}}