{"id":8578,"date":"2016-03-02T10:30:31","date_gmt":"2016-03-02T09:30:31","guid":{"rendered":"http:\/\/www.jazzzeitung.de\/cms\/?p=8578"},"modified":"2016-03-02T11:00:15","modified_gmt":"2016-03-02T10:00:15","slug":"superstride-ellingtonmania-memoriam-hans-ruland","status":"publish","type":"post","link":"https:\/\/www.jazzzeitung.de\/cms\/2016\/03\/superstride-ellingtonmania-memoriam-hans-ruland\/","title":{"rendered":"Superstride &#038; Ellingtonmania \u2013 Konzert in Memoriam Hans Ruland"},"content":{"rendered":"<p><a href=\"https:\/\/i0.wp.com\/www.jazzzeitung.de\/cms\/wp-content\/uploads\/2016\/03\/entwurf2.jpg\" rel=\"attachment wp-att-8579\"><img data-recalc-dims=\"1\" loading=\"lazy\" decoding=\"async\" data-attachment-id=\"8579\" data-permalink=\"https:\/\/www.jazzzeitung.de\/cms\/2016\/03\/superstride-ellingtonmania-memoriam-hans-ruland\/entwurf2\/\" data-orig-file=\"https:\/\/i0.wp.com\/www.jazzzeitung.de\/cms\/wp-content\/uploads\/2016\/03\/entwurf2.jpg?fit=502%2C1075&amp;ssl=1\" data-orig-size=\"502,1075\" data-comments-opened=\"1\" data-image-meta=\"{&quot;aperture&quot;:&quot;0&quot;,&quot;credit&quot;:&quot;&quot;,&quot;camera&quot;:&quot;&quot;,&quot;caption&quot;:&quot;&quot;,&quot;created_timestamp&quot;:&quot;0&quot;,&quot;copyright&quot;:&quot;&quot;,&quot;focal_length&quot;:&quot;0&quot;,&quot;iso&quot;:&quot;0&quot;,&quot;shutter_speed&quot;:&quot;0&quot;,&quot;title&quot;:&quot;&quot;,&quot;orientation&quot;:&quot;0&quot;}\" data-image-title=\"Konzert zu Ehren Hans Rulands\" data-image-description=\"\" data-image-caption=\"\" data-large-file=\"https:\/\/i0.wp.com\/www.jazzzeitung.de\/cms\/wp-content\/uploads\/2016\/03\/entwurf2.jpg?fit=280%2C600&amp;ssl=1\" class=\"alignright wp-image-8579 size-thumbnail\" src=\"https:\/\/i0.wp.com\/www.jazzzeitung.de\/cms\/wp-content\/uploads\/2016\/03\/entwurf2-150x150.jpg?resize=150%2C150\" alt=\"Konzert zu Ehren Hans Rulands\" width=\"150\" height=\"150\" srcset=\"https:\/\/i0.wp.com\/www.jazzzeitung.de\/cms\/wp-content\/uploads\/2016\/03\/entwurf2.jpg?resize=150%2C150&amp;ssl=1 150w, https:\/\/i0.wp.com\/www.jazzzeitung.de\/cms\/wp-content\/uploads\/2016\/03\/entwurf2.jpg?resize=144%2C144&amp;ssl=1 144w, https:\/\/i0.wp.com\/www.jazzzeitung.de\/cms\/wp-content\/uploads\/2016\/03\/entwurf2.jpg?resize=96%2C96&amp;ssl=1 96w, https:\/\/i0.wp.com\/www.jazzzeitung.de\/cms\/wp-content\/uploads\/2016\/03\/entwurf2.jpg?resize=24%2C24&amp;ssl=1 24w, https:\/\/i0.wp.com\/www.jazzzeitung.de\/cms\/wp-content\/uploads\/2016\/03\/entwurf2.jpg?resize=36%2C36&amp;ssl=1 36w, https:\/\/i0.wp.com\/www.jazzzeitung.de\/cms\/wp-content\/uploads\/2016\/03\/entwurf2.jpg?resize=48%2C48&amp;ssl=1 48w, https:\/\/i0.wp.com\/www.jazzzeitung.de\/cms\/wp-content\/uploads\/2016\/03\/entwurf2.jpg?resize=64%2C64&amp;ssl=1 64w, https:\/\/i0.wp.com\/www.jazzzeitung.de\/cms\/wp-content\/uploads\/2016\/03\/entwurf2.jpg?resize=32%2C32&amp;ssl=1 32w, https:\/\/i0.wp.com\/www.jazzzeitung.de\/cms\/wp-content\/uploads\/2016\/03\/entwurf2.jpg?resize=128%2C128&amp;ssl=1 128w, https:\/\/i0.wp.com\/www.jazzzeitung.de\/cms\/wp-content\/uploads\/2016\/03\/entwurf2.jpg?zoom=2&amp;resize=150%2C150&amp;ssl=1 300w, https:\/\/i0.wp.com\/www.jazzzeitung.de\/cms\/wp-content\/uploads\/2016\/03\/entwurf2.jpg?zoom=3&amp;resize=150%2C150&amp;ssl=1 450w\" sizes=\"auto, (max-width: 150px) 100vw, 150px\" \/><\/a>Es ist schon wieder zehn Jahre her, dass uns Hans Ruland \u2013 viel zu fr\u00fch \u2013 verlassen hat. Zu diesem Anlass wurde mit Freunden die Idee geboren, durch ein Konzert an ihn zu erinnern: Am 17. M\u00e4rz 2016 werden in der Allerheiligen-Hofkirche in der Residenz in M\u00fcnchen die Pianisten Bernd Lhotzky und Louis Mazetier an zwei Fl\u00fcgeln mit der virtuosen Spielart des Stride Piano und das im Spannungsfeld zwischen Jazz und Klassik musizierende Modern String Quartet mit einem Ellington-Programm in Gedenken an Ruland spielen. Denn Stride Piano und Duke Ellington geh\u00f6rten zu den Leidenschaften des Verlegers der JazzZeitung ( 1983 bis 1997) und Betreibers der Jazz Welle Plus. Sein Leben war Jazz: Er veranstaltete unter anderem auch Konzerte und hatte ein kleines Plattenlabel f\u00fcr Pianisten und die M\u00fcnchner Szene.<\/p>\n<p>Auf diese Weise erhalten alle Fans der Jazz Welle und JazzZeitung die Gelegenheit, sich an ihn und die Zeit zu erinnern, als der Jazz so in M\u00fcnchen ein wichtiges Sprachrohr hatte. Die Moderation \u00fcbernimmt die in M\u00fcnchen lebende und arbeitende Autorin Gunna Wendt mit einer pers\u00f6nlichen Ann\u00e4herung.<\/p>\n<p>Konzert am 17.03.2016, 20 Uhr in der Allerheiligen-Hofkirche in M\u00fcnchen<\/p>\n","protected":false},"excerpt":{"rendered":"<p>Es ist schon wieder zehn Jahre her, dass uns Hans Ruland \u2013 viel zu fr\u00fch \u2013 verlassen hat. Zu diesem Anlass wurde mit Freunden die Idee geboren, durch ein Konzert an ihn zu erinnern: Am 17. M\u00e4rz 2016 werden in der Allerheiligen-Hofkirche in der Residenz in M\u00fcnchen die Pianisten Bernd Lhotzky und Louis Mazetier an zwei Fl\u00fcgeln mit der virtuosen Spielart des Stride Piano und das im Spannungsfeld zwischen Jazz und Klassik musizierende Modern String Quartet mit einem Ellington-Programm in Gedenken an Ruland spielen. Denn Stride Piano und Duke Ellington geh\u00f6rten zu den Leidenschaften des Verlegers der JazzZeitung ( 1983 bis 1997) und Betreibers der Jazz Welle Plus. Sein Leben war Jazz: Er veranstaltete unter anderem auch Konzerte und hatte ein kleines Plattenlabel f\u00fcr Pianisten und die M\u00fcnchner Szene. Auf diese Weise erhalten alle Fans der Jazz Welle und JazzZeitung die Gelegenheit, sich an ihn und die Zeit zu erinnern, als der Jazz so in M\u00fcnchen ein wichtiges Sprachrohr hatte. Die Moderation \u00fcbernimmt die in M\u00fcnchen lebende und arbeitende Autorin Gunna Wendt mit einer pers\u00f6nlichen Ann\u00e4herung. Konzert am 17.03.2016, 20 Uhr in der Allerheiligen-Hofkirche in &hellip;<\/p>\n","protected":false},"author":18,"featured_media":0,"comment_status":"open","ping_status":"closed","sticky":false,"template":"","format":"standard","meta":{"_jetpack_memberships_contains_paid_content":false,"footnotes":"","jetpack_publicize_message":"","jetpack_publicize_feature_enabled":true,"jetpack_social_post_already_shared":false,"jetpack_social_options":{"image_generator_settings":{"template":"highway","default_image_id":0,"font":"","enabled":false},"version":2}},"categories":[633],"tags":[140,260,294,316,322,323,401,442],"coauthors":[695],"class_list":["post-8578","post","type-post","status-publish","format-standard","hentry","category-nachrichten","tag-die-zeit","tag-jazz-in-muenchen","tag-jazzzeitung","tag-klassik","tag-konzert-2","tag-konzerte","tag-muenchen","tag-piano"],"yoast_head":"<!-- This site is optimized with the Yoast SEO plugin v27.5 - https:\/\/yoast.com\/product\/yoast-seo-wordpress\/ -->\n<title>Superstride &amp; Ellingtonmania \u2013 Konzert in Memoriam Hans Ruland - JazzZeitung<\/title>\n<meta name=\"robots\" content=\"index, follow, max-snippet:-1, max-image-preview:large, max-video-preview:-1\" \/>\n<link rel=\"canonical\" href=\"https:\/\/www.jazzzeitung.de\/cms\/2016\/03\/superstride-ellingtonmania-memoriam-hans-ruland\/\" \/>\n<meta property=\"og:locale\" content=\"de_DE\" \/>\n<meta property=\"og:type\" content=\"article\" \/>\n<meta property=\"og:title\" content=\"Superstride &amp; Ellingtonmania \u2013 Konzert in Memoriam Hans Ruland - JazzZeitung\" \/>\n<meta property=\"og:description\" content=\"Es ist schon wieder zehn Jahre her, dass uns Hans Ruland \u2013 viel zu fr\u00fch \u2013 verlassen hat. Zu diesem Anlass wurde mit Freunden die Idee geboren, durch ein Konzert an ihn zu erinnern: Am 17. M\u00e4rz 2016 werden in der Allerheiligen-Hofkirche in der Residenz in M\u00fcnchen die Pianisten Bernd Lhotzky und Louis Mazetier an zwei Fl\u00fcgeln mit der virtuosen Spielart des Stride Piano und das im Spannungsfeld zwischen Jazz und Klassik musizierende Modern String Quartet mit einem Ellington-Programm in Gedenken an Ruland spielen. Denn Stride Piano und Duke Ellington geh\u00f6rten zu den Leidenschaften des Verlegers der JazzZeitung ( 1983 bis 1997) und Betreibers der Jazz Welle Plus. Sein Leben war Jazz: Er veranstaltete unter anderem auch Konzerte und hatte ein kleines Plattenlabel f\u00fcr Pianisten und die M\u00fcnchner Szene. Auf diese Weise erhalten alle Fans der Jazz Welle und JazzZeitung die Gelegenheit, sich an ihn und die Zeit zu erinnern, als der Jazz so in M\u00fcnchen ein wichtiges Sprachrohr hatte. Die Moderation \u00fcbernimmt die in M\u00fcnchen lebende und arbeitende Autorin Gunna Wendt mit einer pers\u00f6nlichen Ann\u00e4herung. Konzert am 17.03.2016, 20 Uhr in der Allerheiligen-Hofkirche in &hellip;\" \/>\n<meta property=\"og:url\" content=\"https:\/\/www.jazzzeitung.de\/cms\/2016\/03\/superstride-ellingtonmania-memoriam-hans-ruland\/\" \/>\n<meta property=\"og:site_name\" content=\"JazzZeitung\" \/>\n<meta property=\"article:publisher\" content=\"https:\/\/www.facebook.com\/JazzZeitung\/\" \/>\n<meta property=\"article:published_time\" content=\"2016-03-02T09:30:31+00:00\" \/>\n<meta property=\"article:modified_time\" content=\"2016-03-02T10:00:15+00:00\" \/>\n<meta property=\"og:image\" content=\"http:\/\/www.jazzzeitung.de\/cms\/wp-content\/uploads\/2016\/03\/entwurf2-150x150.jpg\" \/>\n<meta name=\"author\" content=\"Redaktion JazzZeitung\" \/>\n<script type=\"application\/ld+json\" class=\"yoast-schema-graph\">{\"@context\":\"https:\\\/\\\/schema.org\",\"@graph\":[{\"@type\":\"Article\",\"@id\":\"https:\\\/\\\/www.jazzzeitung.de\\\/cms\\\/2016\\\/03\\\/superstride-ellingtonmania-memoriam-hans-ruland\\\/#article\",\"isPartOf\":{\"@id\":\"https:\\\/\\\/www.jazzzeitung.de\\\/cms\\\/2016\\\/03\\\/superstride-ellingtonmania-memoriam-hans-ruland\\\/\"},\"author\":{\"name\":\"Redaktion JazzZeitung\",\"@id\":\"https:\\\/\\\/www.jazzzeitung.de\\\/cms\\\/#\\\/schema\\\/person\\\/2245b36b9cd1d24cea10f01c031fb92b\"},\"headline\":\"Superstride &#038; Ellingtonmania \u2013 Konzert in Memoriam Hans Ruland\",\"datePublished\":\"2016-03-02T09:30:31+00:00\",\"dateModified\":\"2016-03-02T10:00:15+00:00\",\"mainEntityOfPage\":{\"@id\":\"https:\\\/\\\/www.jazzzeitung.de\\\/cms\\\/2016\\\/03\\\/superstride-ellingtonmania-memoriam-hans-ruland\\\/\"},\"wordCount\":196,\"commentCount\":0,\"publisher\":{\"@id\":\"https:\\\/\\\/www.jazzzeitung.de\\\/cms\\\/#organization\"},\"image\":{\"@id\":\"https:\\\/\\\/www.jazzzeitung.de\\\/cms\\\/2016\\\/03\\\/superstride-ellingtonmania-memoriam-hans-ruland\\\/#primaryimage\"},\"thumbnailUrl\":\"http:\\\/\\\/www.jazzzeitung.de\\\/cms\\\/wp-content\\\/uploads\\\/2016\\\/03\\\/entwurf2-150x150.jpg\",\"keywords\":[\"die ZEIT\",\"Jazz in M\u00fcnchen\",\"Jazzzeitung\",\"Klassik\",\"Konzert\",\"Konzerte\",\"M\u00fcnchen\",\"Piano\"],\"articleSection\":[\"News\"],\"inLanguage\":\"de\",\"potentialAction\":[{\"@type\":\"CommentAction\",\"name\":\"Comment\",\"target\":[\"https:\\\/\\\/www.jazzzeitung.de\\\/cms\\\/2016\\\/03\\\/superstride-ellingtonmania-memoriam-hans-ruland\\\/#respond\"]}]},{\"@type\":\"WebPage\",\"@id\":\"https:\\\/\\\/www.jazzzeitung.de\\\/cms\\\/2016\\\/03\\\/superstride-ellingtonmania-memoriam-hans-ruland\\\/\",\"url\":\"https:\\\/\\\/www.jazzzeitung.de\\\/cms\\\/2016\\\/03\\\/superstride-ellingtonmania-memoriam-hans-ruland\\\/\",\"name\":\"Superstride & Ellingtonmania \u2013 Konzert in Memoriam Hans Ruland - JazzZeitung\",\"isPartOf\":{\"@id\":\"https:\\\/\\\/www.jazzzeitung.de\\\/cms\\\/#website\"},\"primaryImageOfPage\":{\"@id\":\"https:\\\/\\\/www.jazzzeitung.de\\\/cms\\\/2016\\\/03\\\/superstride-ellingtonmania-memoriam-hans-ruland\\\/#primaryimage\"},\"image\":{\"@id\":\"https:\\\/\\\/www.jazzzeitung.de\\\/cms\\\/2016\\\/03\\\/superstride-ellingtonmania-memoriam-hans-ruland\\\/#primaryimage\"},\"thumbnailUrl\":\"http:\\\/\\\/www.jazzzeitung.de\\\/cms\\\/wp-content\\\/uploads\\\/2016\\\/03\\\/entwurf2-150x150.jpg\",\"datePublished\":\"2016-03-02T09:30:31+00:00\",\"dateModified\":\"2016-03-02T10:00:15+00:00\",\"breadcrumb\":{\"@id\":\"https:\\\/\\\/www.jazzzeitung.de\\\/cms\\\/2016\\\/03\\\/superstride-ellingtonmania-memoriam-hans-ruland\\\/#breadcrumb\"},\"inLanguage\":\"de\",\"potentialAction\":[{\"@type\":\"ReadAction\",\"target\":[\"https:\\\/\\\/www.jazzzeitung.de\\\/cms\\\/2016\\\/03\\\/superstride-ellingtonmania-memoriam-hans-ruland\\\/\"]}]},{\"@type\":\"ImageObject\",\"inLanguage\":\"de\",\"@id\":\"https:\\\/\\\/www.jazzzeitung.de\\\/cms\\\/2016\\\/03\\\/superstride-ellingtonmania-memoriam-hans-ruland\\\/#primaryimage\",\"url\":\"http:\\\/\\\/www.jazzzeitung.de\\\/cms\\\/wp-content\\\/uploads\\\/2016\\\/03\\\/entwurf2-150x150.jpg\",\"contentUrl\":\"http:\\\/\\\/www.jazzzeitung.de\\\/cms\\\/wp-content\\\/uploads\\\/2016\\\/03\\\/entwurf2-150x150.jpg\"},{\"@type\":\"BreadcrumbList\",\"@id\":\"https:\\\/\\\/www.jazzzeitung.de\\\/cms\\\/2016\\\/03\\\/superstride-ellingtonmania-memoriam-hans-ruland\\\/#breadcrumb\",\"itemListElement\":[{\"@type\":\"ListItem\",\"position\":1,\"name\":\"Startseite\",\"item\":\"https:\\\/\\\/www.jazzzeitung.de\\\/cms\\\/\"},{\"@type\":\"ListItem\",\"position\":2,\"name\":\"Superstride &#038; Ellingtonmania \u2013 Konzert in Memoriam Hans Ruland\"}]},{\"@type\":\"WebSite\",\"@id\":\"https:\\\/\\\/www.jazzzeitung.de\\\/cms\\\/#website\",\"url\":\"https:\\\/\\\/www.jazzzeitung.de\\\/cms\\\/\",\"name\":\"JazzZeitung\",\"description\":\"Jazz-News und Jazz-Kontroverses\",\"publisher\":{\"@id\":\"https:\\\/\\\/www.jazzzeitung.de\\\/cms\\\/#organization\"},\"potentialAction\":[{\"@type\":\"SearchAction\",\"target\":{\"@type\":\"EntryPoint\",\"urlTemplate\":\"https:\\\/\\\/www.jazzzeitung.de\\\/cms\\\/?s={search_term_string}\"},\"query-input\":{\"@type\":\"PropertyValueSpecification\",\"valueRequired\":true,\"valueName\":\"search_term_string\"}}],\"inLanguage\":\"de\"},{\"@type\":\"Organization\",\"@id\":\"https:\\\/\\\/www.jazzzeitung.de\\\/cms\\\/#organization\",\"name\":\"JazzZeitung online\",\"url\":\"https:\\\/\\\/www.jazzzeitung.de\\\/cms\\\/\",\"logo\":{\"@type\":\"ImageObject\",\"inLanguage\":\"de\",\"@id\":\"https:\\\/\\\/www.jazzzeitung.de\\\/cms\\\/#\\\/schema\\\/logo\\\/image\\\/\",\"url\":\"https:\\\/\\\/i0.wp.com\\\/www.jazzzeitung.de\\\/cms\\\/wp-content\\\/uploads\\\/2015\\\/08\\\/JAZZZEITUNGDE_Logo_Neu.png?fit=499%2C200&ssl=1\",\"contentUrl\":\"https:\\\/\\\/i0.wp.com\\\/www.jazzzeitung.de\\\/cms\\\/wp-content\\\/uploads\\\/2015\\\/08\\\/JAZZZEITUNGDE_Logo_Neu.png?fit=499%2C200&ssl=1\",\"width\":499,\"height\":200,\"caption\":\"JazzZeitung online\"},\"image\":{\"@id\":\"https:\\\/\\\/www.jazzzeitung.de\\\/cms\\\/#\\\/schema\\\/logo\\\/image\\\/\"},\"sameAs\":[\"https:\\\/\\\/www.facebook.com\\\/JazzZeitung\\\/\"]},{\"@type\":\"Person\",\"@id\":\"https:\\\/\\\/www.jazzzeitung.de\\\/cms\\\/#\\\/schema\\\/person\\\/2245b36b9cd1d24cea10f01c031fb92b\",\"name\":\"Redaktion JazzZeitung\",\"image\":{\"@type\":\"ImageObject\",\"inLanguage\":\"de\",\"@id\":\"https:\\\/\\\/i0.wp.com\\\/www.jazzzeitung.de\\\/cms\\\/wp-content\\\/uploads\\\/2015\\\/08\\\/JAZZZEITUNGDE_Logo_Neu.png?resize=96%2C96&ssl=159975dcacb611b5700bd619b5daf0a7a\",\"url\":\"https:\\\/\\\/i0.wp.com\\\/www.jazzzeitung.de\\\/cms\\\/wp-content\\\/uploads\\\/2015\\\/08\\\/JAZZZEITUNGDE_Logo_Neu.png?resize=96%2C96&ssl=1\",\"contentUrl\":\"https:\\\/\\\/i0.wp.com\\\/www.jazzzeitung.de\\\/cms\\\/wp-content\\\/uploads\\\/2015\\\/08\\\/JAZZZEITUNGDE_Logo_Neu.png?resize=96%2C96&ssl=1\",\"caption\":\"Redaktion JazzZeitung\"},\"description\":\"Artikel der Redaktion der JazzZeitung.\",\"sameAs\":[\"http:\\\/\\\/www.jazzzeitung.de\\\/cms\\\/\"],\"url\":\"https:\\\/\\\/www.jazzzeitung.de\\\/cms\\\/author\\\/redaktion\\\/\"}]}<\/script>\n<!-- \/ Yoast SEO plugin. -->","yoast_head_json":{"title":"Superstride & Ellingtonmania \u2013 Konzert in Memoriam Hans Ruland - JazzZeitung","robots":{"index":"index","follow":"follow","max-snippet":"max-snippet:-1","max-image-preview":"max-image-preview:large","max-video-preview":"max-video-preview:-1"},"canonical":"https:\/\/www.jazzzeitung.de\/cms\/2016\/03\/superstride-ellingtonmania-memoriam-hans-ruland\/","og_locale":"de_DE","og_type":"article","og_title":"Superstride & Ellingtonmania \u2013 Konzert in Memoriam Hans Ruland - JazzZeitung","og_description":"Es ist schon wieder zehn Jahre her, dass uns Hans Ruland \u2013 viel zu fr\u00fch \u2013 verlassen hat. Zu diesem Anlass wurde mit Freunden die Idee geboren, durch ein Konzert an ihn zu erinnern: Am 17. M\u00e4rz 2016 werden in der Allerheiligen-Hofkirche in der Residenz in M\u00fcnchen die Pianisten Bernd Lhotzky und Louis Mazetier an zwei Fl\u00fcgeln mit der virtuosen Spielart des Stride Piano und das im Spannungsfeld zwischen Jazz und Klassik musizierende Modern String Quartet mit einem Ellington-Programm in Gedenken an Ruland spielen. Denn Stride Piano und Duke Ellington geh\u00f6rten zu den Leidenschaften des Verlegers der JazzZeitung ( 1983 bis 1997) und Betreibers der Jazz Welle Plus. Sein Leben war Jazz: Er veranstaltete unter anderem auch Konzerte und hatte ein kleines Plattenlabel f\u00fcr Pianisten und die M\u00fcnchner Szene. Auf diese Weise erhalten alle Fans der Jazz Welle und JazzZeitung die Gelegenheit, sich an ihn und die Zeit zu erinnern, als der Jazz so in M\u00fcnchen ein wichtiges Sprachrohr hatte. Die Moderation \u00fcbernimmt die in M\u00fcnchen lebende und arbeitende Autorin Gunna Wendt mit einer pers\u00f6nlichen Ann\u00e4herung. Konzert am 17.03.2016, 20 Uhr in der Allerheiligen-Hofkirche in &hellip;","og_url":"https:\/\/www.jazzzeitung.de\/cms\/2016\/03\/superstride-ellingtonmania-memoriam-hans-ruland\/","og_site_name":"JazzZeitung","article_publisher":"https:\/\/www.facebook.com\/JazzZeitung\/","article_published_time":"2016-03-02T09:30:31+00:00","article_modified_time":"2016-03-02T10:00:15+00:00","og_image":[{"url":"http:\/\/www.jazzzeitung.de\/cms\/wp-content\/uploads\/2016\/03\/entwurf2-150x150.jpg","type":"","width":"","height":""}],"author":"Redaktion JazzZeitung","schema":{"@context":"https:\/\/schema.org","@graph":[{"@type":"Article","@id":"https:\/\/www.jazzzeitung.de\/cms\/2016\/03\/superstride-ellingtonmania-memoriam-hans-ruland\/#article","isPartOf":{"@id":"https:\/\/www.jazzzeitung.de\/cms\/2016\/03\/superstride-ellingtonmania-memoriam-hans-ruland\/"},"author":{"name":"Redaktion JazzZeitung","@id":"https:\/\/www.jazzzeitung.de\/cms\/#\/schema\/person\/2245b36b9cd1d24cea10f01c031fb92b"},"headline":"Superstride &#038; Ellingtonmania \u2013 Konzert in Memoriam Hans Ruland","datePublished":"2016-03-02T09:30:31+00:00","dateModified":"2016-03-02T10:00:15+00:00","mainEntityOfPage":{"@id":"https:\/\/www.jazzzeitung.de\/cms\/2016\/03\/superstride-ellingtonmania-memoriam-hans-ruland\/"},"wordCount":196,"commentCount":0,"publisher":{"@id":"https:\/\/www.jazzzeitung.de\/cms\/#organization"},"image":{"@id":"https:\/\/www.jazzzeitung.de\/cms\/2016\/03\/superstride-ellingtonmania-memoriam-hans-ruland\/#primaryimage"},"thumbnailUrl":"http:\/\/www.jazzzeitung.de\/cms\/wp-content\/uploads\/2016\/03\/entwurf2-150x150.jpg","keywords":["die ZEIT","Jazz in M\u00fcnchen","Jazzzeitung","Klassik","Konzert","Konzerte","M\u00fcnchen","Piano"],"articleSection":["News"],"inLanguage":"de","potentialAction":[{"@type":"CommentAction","name":"Comment","target":["https:\/\/www.jazzzeitung.de\/cms\/2016\/03\/superstride-ellingtonmania-memoriam-hans-ruland\/#respond"]}]},{"@type":"WebPage","@id":"https:\/\/www.jazzzeitung.de\/cms\/2016\/03\/superstride-ellingtonmania-memoriam-hans-ruland\/","url":"https:\/\/www.jazzzeitung.de\/cms\/2016\/03\/superstride-ellingtonmania-memoriam-hans-ruland\/","name":"Superstride & Ellingtonmania \u2013 Konzert in Memoriam Hans Ruland - JazzZeitung","isPartOf":{"@id":"https:\/\/www.jazzzeitung.de\/cms\/#website"},"primaryImageOfPage":{"@id":"https:\/\/www.jazzzeitung.de\/cms\/2016\/03\/superstride-ellingtonmania-memoriam-hans-ruland\/#primaryimage"},"image":{"@id":"https:\/\/www.jazzzeitung.de\/cms\/2016\/03\/superstride-ellingtonmania-memoriam-hans-ruland\/#primaryimage"},"thumbnailUrl":"http:\/\/www.jazzzeitung.de\/cms\/wp-content\/uploads\/2016\/03\/entwurf2-150x150.jpg","datePublished":"2016-03-02T09:30:31+00:00","dateModified":"2016-03-02T10:00:15+00:00","breadcrumb":{"@id":"https:\/\/www.jazzzeitung.de\/cms\/2016\/03\/superstride-ellingtonmania-memoriam-hans-ruland\/#breadcrumb"},"inLanguage":"de","potentialAction":[{"@type":"ReadAction","target":["https:\/\/www.jazzzeitung.de\/cms\/2016\/03\/superstride-ellingtonmania-memoriam-hans-ruland\/"]}]},{"@type":"ImageObject","inLanguage":"de","@id":"https:\/\/www.jazzzeitung.de\/cms\/2016\/03\/superstride-ellingtonmania-memoriam-hans-ruland\/#primaryimage","url":"http:\/\/www.jazzzeitung.de\/cms\/wp-content\/uploads\/2016\/03\/entwurf2-150x150.jpg","contentUrl":"http:\/\/www.jazzzeitung.de\/cms\/wp-content\/uploads\/2016\/03\/entwurf2-150x150.jpg"},{"@type":"BreadcrumbList","@id":"https:\/\/www.jazzzeitung.de\/cms\/2016\/03\/superstride-ellingtonmania-memoriam-hans-ruland\/#breadcrumb","itemListElement":[{"@type":"ListItem","position":1,"name":"Startseite","item":"https:\/\/www.jazzzeitung.de\/cms\/"},{"@type":"ListItem","position":2,"name":"Superstride &#038; Ellingtonmania \u2013 Konzert in Memoriam Hans Ruland"}]},{"@type":"WebSite","@id":"https:\/\/www.jazzzeitung.de\/cms\/#website","url":"https:\/\/www.jazzzeitung.de\/cms\/","name":"JazzZeitung","description":"Jazz-News und Jazz-Kontroverses","publisher":{"@id":"https:\/\/www.jazzzeitung.de\/cms\/#organization"},"potentialAction":[{"@type":"SearchAction","target":{"@type":"EntryPoint","urlTemplate":"https:\/\/www.jazzzeitung.de\/cms\/?s={search_term_string}"},"query-input":{"@type":"PropertyValueSpecification","valueRequired":true,"valueName":"search_term_string"}}],"inLanguage":"de"},{"@type":"Organization","@id":"https:\/\/www.jazzzeitung.de\/cms\/#organization","name":"JazzZeitung online","url":"https:\/\/www.jazzzeitung.de\/cms\/","logo":{"@type":"ImageObject","inLanguage":"de","@id":"https:\/\/www.jazzzeitung.de\/cms\/#\/schema\/logo\/image\/","url":"https:\/\/i0.wp.com\/www.jazzzeitung.de\/cms\/wp-content\/uploads\/2015\/08\/JAZZZEITUNGDE_Logo_Neu.png?fit=499%2C200&ssl=1","contentUrl":"https:\/\/i0.wp.com\/www.jazzzeitung.de\/cms\/wp-content\/uploads\/2015\/08\/JAZZZEITUNGDE_Logo_Neu.png?fit=499%2C200&ssl=1","width":499,"height":200,"caption":"JazzZeitung online"},"image":{"@id":"https:\/\/www.jazzzeitung.de\/cms\/#\/schema\/logo\/image\/"},"sameAs":["https:\/\/www.facebook.com\/JazzZeitung\/"]},{"@type":"Person","@id":"https:\/\/www.jazzzeitung.de\/cms\/#\/schema\/person\/2245b36b9cd1d24cea10f01c031fb92b","name":"Redaktion JazzZeitung","image":{"@type":"ImageObject","inLanguage":"de","@id":"https:\/\/i0.wp.com\/www.jazzzeitung.de\/cms\/wp-content\/uploads\/2015\/08\/JAZZZEITUNGDE_Logo_Neu.png?resize=96%2C96&ssl=159975dcacb611b5700bd619b5daf0a7a","url":"https:\/\/i0.wp.com\/www.jazzzeitung.de\/cms\/wp-content\/uploads\/2015\/08\/JAZZZEITUNGDE_Logo_Neu.png?resize=96%2C96&ssl=1","contentUrl":"https:\/\/i0.wp.com\/www.jazzzeitung.de\/cms\/wp-content\/uploads\/2015\/08\/JAZZZEITUNGDE_Logo_Neu.png?resize=96%2C96&ssl=1","caption":"Redaktion JazzZeitung"},"description":"Artikel der Redaktion der JazzZeitung.","sameAs":["http:\/\/www.jazzzeitung.de\/cms\/"],"url":"https:\/\/www.jazzzeitung.de\/cms\/author\/redaktion\/"}]}},"wp-worthy-pixel":{"ignored":false,"public":null,"server":null,"url":null},"wp-worthy-type":"normal","jetpack_publicize_connections":[],"cc_featured_image_caption":{"caption_text":false,"source_text":false,"source_url":false},"jetpack_featured_media_url":"","jetpack_shortlink":"https:\/\/wp.me\/p3KEcT-2em","jetpack-related-posts":[{"id":28434,"url":"https:\/\/www.jazzzeitung.de\/cms\/2022\/10\/ellington-trio-im-jazz-club-huerth-konzerte-und-streams-im-jazz-club-king-georg\/","url_meta":{"origin":8578,"position":0},"title":"+++ Ellington Trio im Jazz Club H\u00fcrth +++ Konzerte und Streams im Jazz Club King Georg +++","author":"Redaktion JazzZeitung","date":"6. Oktober 2022","format":false,"excerpt":"+++ Ellington Trio im Jazz Club H\u00fcrth +++ F\u00fcr kurzfristig entschlossene Jazzer gibt es noch die M\u00f6glichkeit, ein Konzert des Ellington Trios in H\u00fcrth wahrzunehmen. Am 7. Oktober 2022 sind S\u00e4ngerin Barbara Barth, Pianist Gero Koerner und Bassist Caspar van Meel zusammen mit einem besonderen Gast, dem Trompeter Frederik K\u00f6ster\u2026","rel":"","context":"In &quot;News&quot;","block_context":{"text":"News","link":"https:\/\/www.jazzzeitung.de\/cms\/thema\/nachrichten\/"},"img":{"alt_text":"","src":"https:\/\/i0.wp.com\/www.jazzzeitung.de\/cms\/wp-content\/uploads\/2022\/10\/IMG_6459.jpeg?fit=1200%2C800&ssl=1&resize=350%2C200","width":350,"height":200,"srcset":"https:\/\/i0.wp.com\/www.jazzzeitung.de\/cms\/wp-content\/uploads\/2022\/10\/IMG_6459.jpeg?fit=1200%2C800&ssl=1&resize=350%2C200 1x, https:\/\/i0.wp.com\/www.jazzzeitung.de\/cms\/wp-content\/uploads\/2022\/10\/IMG_6459.jpeg?fit=1200%2C800&ssl=1&resize=525%2C300 1.5x, https:\/\/i0.wp.com\/www.jazzzeitung.de\/cms\/wp-content\/uploads\/2022\/10\/IMG_6459.jpeg?fit=1200%2C800&ssl=1&resize=700%2C400 2x, https:\/\/i0.wp.com\/www.jazzzeitung.de\/cms\/wp-content\/uploads\/2022\/10\/IMG_6459.jpeg?fit=1200%2C800&ssl=1&resize=1050%2C600 3x"},"classes":[]},{"id":22238,"url":"https:\/\/www.jazzzeitung.de\/cms\/2020\/04\/wo-kann-ich-jazz-streamen-ersatz-fuers-konzert\/","url_meta":{"origin":8578,"position":1},"title":"Wer streamt denn da?","author":"Redaktion JazzZeitung","date":"1. April 2020","format":false,"excerpt":"Das Internet als Ausweich-Spielst\u00e4tte Momentan sind Konzertbesuche unm\u00f6glich und alle warten ab, wie sich die Situation entwickelt. Dennoch versuchen K\u00fcnstler ihre H\u00f6rer zu erreichen: per Stream. Die Redaktion hat f\u00fcr Sie einige aktuelle Informationen bez\u00fcglich Streamingm\u00f6glichkeiten und Angeboten von Bands zusammengestellt. +++Die Saxophonistin Nicole Joh\u00e4nntgen (unser Beitragsbild) wird am Samstag\u2026","rel":"","context":"In &quot;News&quot;","block_context":{"text":"News","link":"https:\/\/www.jazzzeitung.de\/cms\/thema\/nachrichten\/"},"img":{"alt_text":"","src":"https:\/\/i0.wp.com\/www.jazzzeitung.de\/cms\/wp-content\/uploads\/2018\/10\/Johaenntgen-Nicole_52.jpg?fit=1200%2C781&ssl=1&resize=350%2C200","width":350,"height":200,"srcset":"https:\/\/i0.wp.com\/www.jazzzeitung.de\/cms\/wp-content\/uploads\/2018\/10\/Johaenntgen-Nicole_52.jpg?fit=1200%2C781&ssl=1&resize=350%2C200 1x, https:\/\/i0.wp.com\/www.jazzzeitung.de\/cms\/wp-content\/uploads\/2018\/10\/Johaenntgen-Nicole_52.jpg?fit=1200%2C781&ssl=1&resize=525%2C300 1.5x, https:\/\/i0.wp.com\/www.jazzzeitung.de\/cms\/wp-content\/uploads\/2018\/10\/Johaenntgen-Nicole_52.jpg?fit=1200%2C781&ssl=1&resize=700%2C400 2x, https:\/\/i0.wp.com\/www.jazzzeitung.de\/cms\/wp-content\/uploads\/2018\/10\/Johaenntgen-Nicole_52.jpg?fit=1200%2C781&ssl=1&resize=1050%2C600 3x"},"classes":[]},{"id":21065,"url":"https:\/\/www.jazzzeitung.de\/cms\/2019\/10\/progressive-chamber-music-festival-im-muenchner-milla-club\/","url_meta":{"origin":8578,"position":2},"title":"\u201eProgressive Chamber Music Festival\u201c im M\u00fcnchner Milla Club","author":"Redaktion JazzZeitung","date":"30. Oktober 2019","format":false,"excerpt":"Zum zweiten Mal findet das \u201eProgressive Chamber Music Festival\u201c in M\u00fcnchen statt. Veranstaltungsort ist der Live-Club \u201eMilla\u201c im Glockenbachviertel. An zwei Abenden im November (06. und 07., Beginn jeweils 20.00 Uhr) gibt es insgesamt acht Konzerte im abwechslungsreichen Short-Cut-Format. Jedes Konzert dauert nicht l\u00e4nger als\u00a0 eine Dreiviertelstunde \u2013 jeweils dazwischen\u2026","rel":"","context":"In &quot;News&quot;","block_context":{"text":"News","link":"https:\/\/www.jazzzeitung.de\/cms\/thema\/nachrichten\/"},"img":{"alt_text":"","src":"https:\/\/i0.wp.com\/www.jazzzeitung.de\/cms\/wp-content\/uploads\/2019\/10\/DSC_3885.jpg?fit=1200%2C801&ssl=1&resize=350%2C200","width":350,"height":200,"srcset":"https:\/\/i0.wp.com\/www.jazzzeitung.de\/cms\/wp-content\/uploads\/2019\/10\/DSC_3885.jpg?fit=1200%2C801&ssl=1&resize=350%2C200 1x, https:\/\/i0.wp.com\/www.jazzzeitung.de\/cms\/wp-content\/uploads\/2019\/10\/DSC_3885.jpg?fit=1200%2C801&ssl=1&resize=525%2C300 1.5x, https:\/\/i0.wp.com\/www.jazzzeitung.de\/cms\/wp-content\/uploads\/2019\/10\/DSC_3885.jpg?fit=1200%2C801&ssl=1&resize=700%2C400 2x, https:\/\/i0.wp.com\/www.jazzzeitung.de\/cms\/wp-content\/uploads\/2019\/10\/DSC_3885.jpg?fit=1200%2C801&ssl=1&resize=1050%2C600 3x"},"classes":[]},{"id":17105,"url":"https:\/\/www.jazzzeitung.de\/cms\/2018\/08\/premiere-erstes-progressive-chamber-music-festival-in-muenchen\/","url_meta":{"origin":8578,"position":3},"title":"Premiere: Erstes Progressive Chamber Music Festival in M\u00fcnchen","author":"Redaktion JazzZeitung","date":"30. August 2018","format":false,"excerpt":"Das Progressive Chamber Music Festival in M\u00fcnchen feiert seine Premiere. Am 17. und 18. Oktober laden das Sirius Quartet (Bild, v.l.n.r.: Fung Chern Hwei, Jeremy Harman, Ron Lawrence, Gregor Huebner) und die Hochschule f\u00fcr Musik und Theater erstmals in den Live-Club \"Milla\" ein, um mit insgesamt acht kleineren Konzerten die\u2026","rel":"","context":"In &quot;News&quot;","block_context":{"text":"News","link":"https:\/\/www.jazzzeitung.de\/cms\/thema\/nachrichten\/"},"img":{"alt_text":"","src":"https:\/\/i0.wp.com\/www.jazzzeitung.de\/cms\/wp-content\/uploads\/2018\/08\/Sirius-Quartet.jpg?fit=1200%2C800&ssl=1&resize=350%2C200","width":350,"height":200,"srcset":"https:\/\/i0.wp.com\/www.jazzzeitung.de\/cms\/wp-content\/uploads\/2018\/08\/Sirius-Quartet.jpg?fit=1200%2C800&ssl=1&resize=350%2C200 1x, https:\/\/i0.wp.com\/www.jazzzeitung.de\/cms\/wp-content\/uploads\/2018\/08\/Sirius-Quartet.jpg?fit=1200%2C800&ssl=1&resize=525%2C300 1.5x, https:\/\/i0.wp.com\/www.jazzzeitung.de\/cms\/wp-content\/uploads\/2018\/08\/Sirius-Quartet.jpg?fit=1200%2C800&ssl=1&resize=700%2C400 2x, https:\/\/i0.wp.com\/www.jazzzeitung.de\/cms\/wp-content\/uploads\/2018\/08\/Sirius-Quartet.jpg?fit=1200%2C800&ssl=1&resize=1050%2C600 3x"},"classes":[]},{"id":8643,"url":"https:\/\/www.jazzzeitung.de\/cms\/2016\/03\/news-zum-9-mal-jazzfestival-steyr-freiberger-jazztage-gehen-die-42-runde-konzert-im-zeichen-des-jazzmusikers-miles-davis-konzert-zum-internationalen-tag-des-jazz\/","url_meta":{"origin":8578,"position":4},"title":"+++ News +++ Jazzfestival Steyr startet zum 9. Mal +++ Freiberger Jazztage gehen in die 42. Runde +++ Konzert im Zeichen von Miles Davis +++ Konzert zum Internationalen Tag des Jazz +++","author":"Redaktion JazzZeitung","date":"8. M\u00e4rz 2016","format":false,"excerpt":"Jazz in \u00d6sterreich \u2013 zum 9. Mal startet das Jazzfestival Steyr Zum neunten Mal pr\u00e4sentieren sich zahlreiche internationale K\u00fcnstler auf den Festivalb\u00fchnen im \u00f6sterreichischen Steyr: Vom 17. bis zum 20. M\u00e4rz 2016 bietet das viert\u00e4gige Jazzfestival Steyr seinem Publikum jeden Tag drei unterschiedliche, spannende Acts, so unter anderem das John\u2026","rel":"","context":"In &quot;News&quot;","block_context":{"text":"News","link":"https:\/\/www.jazzzeitung.de\/cms\/thema\/nachrichten\/"},"img":{"alt_text":"","src":"https:\/\/i0.wp.com\/www.jazzzeitung.de\/cms\/wp-content\/uploads\/2016\/03\/image003.jpg?resize=350%2C200","width":350,"height":200,"srcset":"https:\/\/i0.wp.com\/www.jazzzeitung.de\/cms\/wp-content\/uploads\/2016\/03\/image003.jpg?resize=350%2C200 1x, https:\/\/i0.wp.com\/www.jazzzeitung.de\/cms\/wp-content\/uploads\/2016\/03\/image003.jpg?resize=525%2C300 1.5x, https:\/\/i0.wp.com\/www.jazzzeitung.de\/cms\/wp-content\/uploads\/2016\/03\/image003.jpg?resize=700%2C400 2x, https:\/\/i0.wp.com\/www.jazzzeitung.de\/cms\/wp-content\/uploads\/2016\/03\/image003.jpg?resize=1050%2C600 3x"},"classes":[]},{"id":21372,"url":"https:\/\/www.jazzzeitung.de\/cms\/2019\/11\/newsjazz-talk-konzert-am-2-dezember-im-gasteig-ist-nat-king-cole-gewidmetstuttgarts-bix-gibt-die-highlights-2020-bekannt\/","url_meta":{"origin":8578,"position":5},"title":"+++News:+++Jazz &#038; Talk-Konzert am 2. Dezember im Gasteig ist Nat King Cole gewidmet+++Januar Highlights im Stuttgarter Jazzclub BIX+++","author":"Redaktion JazzZeitung","date":"29. November 2019","format":false,"excerpt":"+++Unforgettable+++ Nat King Cole gilt als einer der gr\u00f6\u00dften Entertainer, S\u00e4nger und Pianisten des Jazz \u2013 in diesem Jahr w\u00e4re er 100 Jahre alt geworden. Das n\u00e4chste Jazz & Talk-Konzert am 2. Dezember im Gasteig ist ihm gewidmet. Eintritt frei Denkt man an Nat King Cole, f\u00e4llt einem zuerst der\u2026","rel":"","context":"In &quot;News&quot;","block_context":{"text":"News","link":"https:\/\/www.jazzzeitung.de\/cms\/thema\/nachrichten\/"},"img":{"alt_text":"","src":"https:\/\/i0.wp.com\/www.jazzzeitung.de\/cms\/wp-content\/uploads\/2019\/11\/Jazz_und_TalkcGMG_Andreas_Merz-scaled.jpg?fit=1200%2C675&ssl=1&resize=350%2C200","width":350,"height":200,"srcset":"https:\/\/i0.wp.com\/www.jazzzeitung.de\/cms\/wp-content\/uploads\/2019\/11\/Jazz_und_TalkcGMG_Andreas_Merz-scaled.jpg?fit=1200%2C675&ssl=1&resize=350%2C200 1x, https:\/\/i0.wp.com\/www.jazzzeitung.de\/cms\/wp-content\/uploads\/2019\/11\/Jazz_und_TalkcGMG_Andreas_Merz-scaled.jpg?fit=1200%2C675&ssl=1&resize=525%2C300 1.5x, https:\/\/i0.wp.com\/www.jazzzeitung.de\/cms\/wp-content\/uploads\/2019\/11\/Jazz_und_TalkcGMG_Andreas_Merz-scaled.jpg?fit=1200%2C675&ssl=1&resize=700%2C400 2x, https:\/\/i0.wp.com\/www.jazzzeitung.de\/cms\/wp-content\/uploads\/2019\/11\/Jazz_und_TalkcGMG_Andreas_Merz-scaled.jpg?fit=1200%2C675&ssl=1&resize=1050%2C600 3x"},"classes":[]}],"jetpack_sharing_enabled":true,"_links":{"self":[{"href":"https:\/\/www.jazzzeitung.de\/cms\/wp-json\/wp\/v2\/posts\/8578","targetHints":{"allow":["GET"]}}],"collection":[{"href":"https:\/\/www.jazzzeitung.de\/cms\/wp-json\/wp\/v2\/posts"}],"about":[{"href":"https:\/\/www.jazzzeitung.de\/cms\/wp-json\/wp\/v2\/types\/post"}],"author":[{"embeddable":true,"href":"https:\/\/www.jazzzeitung.de\/cms\/wp-json\/wp\/v2\/users\/18"}],"replies":[{"embeddable":true,"href":"https:\/\/www.jazzzeitung.de\/cms\/wp-json\/wp\/v2\/comments?post=8578"}],"version-history":[{"count":7,"href":"https:\/\/www.jazzzeitung.de\/cms\/wp-json\/wp\/v2\/posts\/8578\/revisions"}],"predecessor-version":[{"id":8587,"href":"https:\/\/www.jazzzeitung.de\/cms\/wp-json\/wp\/v2\/posts\/8578\/revisions\/8587"}],"wp:attachment":[{"href":"https:\/\/www.jazzzeitung.de\/cms\/wp-json\/wp\/v2\/media?parent=8578"}],"wp:term":[{"taxonomy":"category","embeddable":true,"href":"https:\/\/www.jazzzeitung.de\/cms\/wp-json\/wp\/v2\/categories?post=8578"},{"taxonomy":"post_tag","embeddable":true,"href":"https:\/\/www.jazzzeitung.de\/cms\/wp-json\/wp\/v2\/tags?post=8578"},{"taxonomy":"author","embeddable":true,"href":"https:\/\/www.jazzzeitung.de\/cms\/wp-json\/wp\/v2\/coauthors?post=8578"}],"curies":[{"name":"wp","href":"https:\/\/api.w.org\/{rel}","templated":true}]}}