{"id":8506,"date":"2016-02-23T15:05:40","date_gmt":"2016-02-23T14:05:40","guid":{"rendered":"http:\/\/www.jazzzeitung.de\/cms\/?p=8506"},"modified":"2016-02-23T15:05:40","modified_gmt":"2016-02-23T14:05:40","slug":"nachwuchsfoerderung-mit-jazzopen-playground-bw-auf-die-grossen-festival-buehnen","status":"publish","type":"post","link":"https:\/\/www.jazzzeitung.de\/cms\/2016\/02\/nachwuchsfoerderung-mit-jazzopen-playground-bw-auf-die-grossen-festival-buehnen\/","title":{"rendered":"Nachwuchsf\u00f6rderung: Mit \u201ejazzopen playground BW\u201c auf die gro\u00dfen Festival-B\u00fchnen"},"content":{"rendered":"<p><a href=\"https:\/\/i0.wp.com\/www.jazzzeitung.de\/cms\/wp-content\/uploads\/2016\/02\/Jazzopen_ReinerPfisterer.jpg\" rel=\"attachment wp-att-8507\"><img data-recalc-dims=\"1\" loading=\"lazy\" decoding=\"async\" data-attachment-id=\"8507\" data-permalink=\"https:\/\/www.jazzzeitung.de\/cms\/2016\/02\/nachwuchsfoerderung-mit-jazzopen-playground-bw-auf-die-grossen-festival-buehnen\/jazz-open-2015-auf-dem-schlossplatz\/\" data-orig-file=\"https:\/\/i0.wp.com\/www.jazzzeitung.de\/cms\/wp-content\/uploads\/2016\/02\/Jazzopen_ReinerPfisterer.jpg?fit=3189%2C2123&amp;ssl=1\" data-orig-size=\"3189,2123\" data-comments-opened=\"1\" data-image-meta=\"{&quot;aperture&quot;:&quot;4&quot;,&quot;credit&quot;:&quot;Reiner Pfisterer&quot;,&quot;camera&quot;:&quot;NIKON D4S&quot;,&quot;caption&quot;:&quot;&quot;,&quot;created_timestamp&quot;:&quot;1431504396&quot;,&quot;copyright&quot;:&quot;www.reinerpfisterer.de&quot;,&quot;focal_length&quot;:&quot;32&quot;,&quot;iso&quot;:&quot;320&quot;,&quot;shutter_speed&quot;:&quot;0.4&quot;,&quot;title&quot;:&quot;Jazz Open 2015 auf dem Schlossplatz&quot;,&quot;orientation&quot;:&quot;0&quot;}\" data-image-title=\"Jazz Open 2015 auf dem Schlossplatz\" data-image-description=\"\" data-image-caption=\"\" data-large-file=\"https:\/\/i0.wp.com\/www.jazzzeitung.de\/cms\/wp-content\/uploads\/2016\/02\/Jazzopen_ReinerPfisterer.jpg?fit=840%2C560&amp;ssl=1\" class=\"alignright size-thumbnail wp-image-8507\" src=\"https:\/\/i0.wp.com\/www.jazzzeitung.de\/cms\/wp-content\/uploads\/2016\/02\/Jazzopen_ReinerPfisterer-150x150.jpg?resize=150%2C150\" alt=\"Jazz Open 2015 auf dem Schlossplatz\" width=\"150\" height=\"150\" srcset=\"https:\/\/i0.wp.com\/www.jazzzeitung.de\/cms\/wp-content\/uploads\/2016\/02\/Jazzopen_ReinerPfisterer.jpg?resize=150%2C150&amp;ssl=1 150w, https:\/\/i0.wp.com\/www.jazzzeitung.de\/cms\/wp-content\/uploads\/2016\/02\/Jazzopen_ReinerPfisterer.jpg?resize=144%2C144&amp;ssl=1 144w, https:\/\/i0.wp.com\/www.jazzzeitung.de\/cms\/wp-content\/uploads\/2016\/02\/Jazzopen_ReinerPfisterer.jpg?resize=96%2C96&amp;ssl=1 96w, https:\/\/i0.wp.com\/www.jazzzeitung.de\/cms\/wp-content\/uploads\/2016\/02\/Jazzopen_ReinerPfisterer.jpg?resize=24%2C24&amp;ssl=1 24w, https:\/\/i0.wp.com\/www.jazzzeitung.de\/cms\/wp-content\/uploads\/2016\/02\/Jazzopen_ReinerPfisterer.jpg?resize=36%2C36&amp;ssl=1 36w, https:\/\/i0.wp.com\/www.jazzzeitung.de\/cms\/wp-content\/uploads\/2016\/02\/Jazzopen_ReinerPfisterer.jpg?resize=48%2C48&amp;ssl=1 48w, https:\/\/i0.wp.com\/www.jazzzeitung.de\/cms\/wp-content\/uploads\/2016\/02\/Jazzopen_ReinerPfisterer.jpg?resize=64%2C64&amp;ssl=1 64w, https:\/\/i0.wp.com\/www.jazzzeitung.de\/cms\/wp-content\/uploads\/2016\/02\/Jazzopen_ReinerPfisterer.jpg?resize=32%2C32&amp;ssl=1 32w, https:\/\/i0.wp.com\/www.jazzzeitung.de\/cms\/wp-content\/uploads\/2016\/02\/Jazzopen_ReinerPfisterer.jpg?resize=128%2C128&amp;ssl=1 128w, https:\/\/i0.wp.com\/www.jazzzeitung.de\/cms\/wp-content\/uploads\/2016\/02\/Jazzopen_ReinerPfisterer.jpg?zoom=2&amp;resize=150%2C150&amp;ssl=1 300w, https:\/\/i0.wp.com\/www.jazzzeitung.de\/cms\/wp-content\/uploads\/2016\/02\/Jazzopen_ReinerPfisterer.jpg?zoom=3&amp;resize=150%2C150&amp;ssl=1 450w\" sizes=\"auto, (max-width: 150px) 100vw, 150px\" \/><\/a>Bei den jazzopen Stuttgart 2016 bietet der Nachwuchs-Bandwettbewerb jazzopen playground BW zum 8. Mal aufstrebenden K\u00fcnstlern aus Baden-W\u00fcrttemberg die M\u00f6glichkeit, sich im Rahmen des Festivals auf einer jazzopen-B\u00fchne live zu pr\u00e4sentieren. Nachwuchsbands k\u00f6nnen sich bis 31. M\u00e4rz bewerben. Nach einer Vorauswahl durch eine Fachjury entscheidet die Facebook-Community des Festivals wer die Gewinner sind. Begleitet wird der Wettbewerb von prominenten K\u00f6pfen der Musikszene aus Baden-W\u00fcrttemberg, die als Nominatoren die M\u00f6glichkeit haben weitere Bands vorzuschlagen \u2013 darunter Fanta 4-Mitglied Andy Ypsilon oder Jazzs\u00e4ngerin Fola Dada. Neben dem Auftritt auf einer der Festivalb\u00fchnen, zum Beispiel als opening act vor Weltstar Santana oder Entertainer Jamie Cullum, winken den Gewinnern eine angemessene Gage sowie jede Menge Aufmerksamkeit durch die Aufnahme in die gesamte Festivalwerbung.<\/p>\n<p>Mehr Infos unter <a href=\"http:\/\/www.jazzopen.com\/\" target=\"_blank\">www.jazzopen.com<\/a><\/p>\n","protected":false},"excerpt":{"rendered":"<p>Bei den jazzopen Stuttgart 2016 bietet der Nachwuchs-Bandwettbewerb jazzopen playground BW zum 8. Mal aufstrebenden K\u00fcnstlern aus Baden-W\u00fcrttemberg die M\u00f6glichkeit, sich im Rahmen des Festivals auf einer jazzopen-B\u00fchne live zu pr\u00e4sentieren. Nachwuchsbands k\u00f6nnen sich bis 31. M\u00e4rz bewerben. Nach einer Vorauswahl durch eine Fachjury entscheidet die Facebook-Community des Festivals wer die Gewinner sind. Begleitet wird der Wettbewerb von prominenten K\u00f6pfen der Musikszene aus Baden-W\u00fcrttemberg, die als Nominatoren die M\u00f6glichkeit haben weitere Bands vorzuschlagen \u2013 darunter Fanta 4-Mitglied Andy Ypsilon oder Jazzs\u00e4ngerin Fola Dada. Neben dem Auftritt auf einer der Festivalb\u00fchnen, zum Beispiel als opening act vor Weltstar Santana oder Entertainer Jamie Cullum, winken den Gewinnern eine angemessene Gage sowie jede Menge Aufmerksamkeit durch die Aufnahme in die gesamte Festivalwerbung. Mehr Infos unter www.jazzopen.com<\/p>\n","protected":false},"author":18,"featured_media":0,"comment_status":"open","ping_status":"closed","sticky":false,"template":"","format":"standard","meta":{"_jetpack_memberships_contains_paid_content":false,"footnotes":"","jetpack_publicize_message":"","jetpack_publicize_feature_enabled":true,"jetpack_social_post_already_shared":false,"jetpack_social_options":{"image_generator_settings":{"template":"highway","default_image_id":0,"font":"","enabled":false},"version":2}},"categories":[633],"tags":[29,171,3,682,769,717,19],"coauthors":[695],"class_list":["post-8506","post","type-post","status-publish","format-standard","hentry","category-nachrichten","tag-act","tag-facebook","tag-festival","tag-festivals","tag-gage","tag-jamie-cullum","tag-wettbewerb"],"yoast_head":"<!-- This site is optimized with the Yoast SEO plugin v27.5 - https:\/\/yoast.com\/product\/yoast-seo-wordpress\/ -->\n<title>Nachwuchsf\u00f6rderung: Mit \u201ejazzopen playground BW\u201c auf die gro\u00dfen Festival-B\u00fchnen - JazzZeitung<\/title>\n<meta name=\"robots\" content=\"index, follow, max-snippet:-1, max-image-preview:large, max-video-preview:-1\" \/>\n<link rel=\"canonical\" href=\"https:\/\/www.jazzzeitung.de\/cms\/2016\/02\/nachwuchsfoerderung-mit-jazzopen-playground-bw-auf-die-grossen-festival-buehnen\/\" \/>\n<meta property=\"og:locale\" content=\"de_DE\" \/>\n<meta property=\"og:type\" content=\"article\" \/>\n<meta property=\"og:title\" content=\"Nachwuchsf\u00f6rderung: Mit \u201ejazzopen playground BW\u201c auf die gro\u00dfen Festival-B\u00fchnen - JazzZeitung\" \/>\n<meta property=\"og:description\" content=\"Bei den jazzopen Stuttgart 2016 bietet der Nachwuchs-Bandwettbewerb jazzopen playground BW zum 8. Mal aufstrebenden K\u00fcnstlern aus Baden-W\u00fcrttemberg die M\u00f6glichkeit, sich im Rahmen des Festivals auf einer jazzopen-B\u00fchne live zu pr\u00e4sentieren. Nachwuchsbands k\u00f6nnen sich bis 31. M\u00e4rz bewerben. Nach einer Vorauswahl durch eine Fachjury entscheidet die Facebook-Community des Festivals wer die Gewinner sind. Begleitet wird der Wettbewerb von prominenten K\u00f6pfen der Musikszene aus Baden-W\u00fcrttemberg, die als Nominatoren die M\u00f6glichkeit haben weitere Bands vorzuschlagen \u2013 darunter Fanta 4-Mitglied Andy Ypsilon oder Jazzs\u00e4ngerin Fola Dada. Neben dem Auftritt auf einer der Festivalb\u00fchnen, zum Beispiel als opening act vor Weltstar Santana oder Entertainer Jamie Cullum, winken den Gewinnern eine angemessene Gage sowie jede Menge Aufmerksamkeit durch die Aufnahme in die gesamte Festivalwerbung. Mehr Infos unter www.jazzopen.com\" \/>\n<meta property=\"og:url\" content=\"https:\/\/www.jazzzeitung.de\/cms\/2016\/02\/nachwuchsfoerderung-mit-jazzopen-playground-bw-auf-die-grossen-festival-buehnen\/\" \/>\n<meta property=\"og:site_name\" content=\"JazzZeitung\" \/>\n<meta property=\"article:publisher\" content=\"https:\/\/www.facebook.com\/JazzZeitung\/\" \/>\n<meta property=\"article:published_time\" content=\"2016-02-23T14:05:40+00:00\" \/>\n<meta property=\"og:image\" content=\"http:\/\/www.jazzzeitung.de\/cms\/wp-content\/uploads\/2016\/02\/Jazzopen_ReinerPfisterer-150x150.jpg\" \/>\n<meta name=\"author\" content=\"Redaktion JazzZeitung\" \/>\n<script type=\"application\/ld+json\" class=\"yoast-schema-graph\">{\"@context\":\"https:\\\/\\\/schema.org\",\"@graph\":[{\"@type\":\"Article\",\"@id\":\"https:\\\/\\\/www.jazzzeitung.de\\\/cms\\\/2016\\\/02\\\/nachwuchsfoerderung-mit-jazzopen-playground-bw-auf-die-grossen-festival-buehnen\\\/#article\",\"isPartOf\":{\"@id\":\"https:\\\/\\\/www.jazzzeitung.de\\\/cms\\\/2016\\\/02\\\/nachwuchsfoerderung-mit-jazzopen-playground-bw-auf-die-grossen-festival-buehnen\\\/\"},\"author\":{\"name\":\"Redaktion JazzZeitung\",\"@id\":\"https:\\\/\\\/www.jazzzeitung.de\\\/cms\\\/#\\\/schema\\\/person\\\/2245b36b9cd1d24cea10f01c031fb92b\"},\"headline\":\"Nachwuchsf\u00f6rderung: Mit \u201ejazzopen playground BW\u201c auf die gro\u00dfen Festival-B\u00fchnen\",\"datePublished\":\"2016-02-23T14:05:40+00:00\",\"mainEntityOfPage\":{\"@id\":\"https:\\\/\\\/www.jazzzeitung.de\\\/cms\\\/2016\\\/02\\\/nachwuchsfoerderung-mit-jazzopen-playground-bw-auf-die-grossen-festival-buehnen\\\/\"},\"wordCount\":145,\"commentCount\":0,\"publisher\":{\"@id\":\"https:\\\/\\\/www.jazzzeitung.de\\\/cms\\\/#organization\"},\"image\":{\"@id\":\"https:\\\/\\\/www.jazzzeitung.de\\\/cms\\\/2016\\\/02\\\/nachwuchsfoerderung-mit-jazzopen-playground-bw-auf-die-grossen-festival-buehnen\\\/#primaryimage\"},\"thumbnailUrl\":\"http:\\\/\\\/www.jazzzeitung.de\\\/cms\\\/wp-content\\\/uploads\\\/2016\\\/02\\\/Jazzopen_ReinerPfisterer-150x150.jpg\",\"keywords\":[\"act\",\"facebook\",\"Festival\",\"Festivals\",\"Gage\",\"Jamie Cullum\",\"Wettbewerb\"],\"articleSection\":[\"News\"],\"inLanguage\":\"de\",\"potentialAction\":[{\"@type\":\"CommentAction\",\"name\":\"Comment\",\"target\":[\"https:\\\/\\\/www.jazzzeitung.de\\\/cms\\\/2016\\\/02\\\/nachwuchsfoerderung-mit-jazzopen-playground-bw-auf-die-grossen-festival-buehnen\\\/#respond\"]}]},{\"@type\":\"WebPage\",\"@id\":\"https:\\\/\\\/www.jazzzeitung.de\\\/cms\\\/2016\\\/02\\\/nachwuchsfoerderung-mit-jazzopen-playground-bw-auf-die-grossen-festival-buehnen\\\/\",\"url\":\"https:\\\/\\\/www.jazzzeitung.de\\\/cms\\\/2016\\\/02\\\/nachwuchsfoerderung-mit-jazzopen-playground-bw-auf-die-grossen-festival-buehnen\\\/\",\"name\":\"Nachwuchsf\u00f6rderung: Mit \u201ejazzopen playground BW\u201c auf die gro\u00dfen Festival-B\u00fchnen - JazzZeitung\",\"isPartOf\":{\"@id\":\"https:\\\/\\\/www.jazzzeitung.de\\\/cms\\\/#website\"},\"primaryImageOfPage\":{\"@id\":\"https:\\\/\\\/www.jazzzeitung.de\\\/cms\\\/2016\\\/02\\\/nachwuchsfoerderung-mit-jazzopen-playground-bw-auf-die-grossen-festival-buehnen\\\/#primaryimage\"},\"image\":{\"@id\":\"https:\\\/\\\/www.jazzzeitung.de\\\/cms\\\/2016\\\/02\\\/nachwuchsfoerderung-mit-jazzopen-playground-bw-auf-die-grossen-festival-buehnen\\\/#primaryimage\"},\"thumbnailUrl\":\"http:\\\/\\\/www.jazzzeitung.de\\\/cms\\\/wp-content\\\/uploads\\\/2016\\\/02\\\/Jazzopen_ReinerPfisterer-150x150.jpg\",\"datePublished\":\"2016-02-23T14:05:40+00:00\",\"breadcrumb\":{\"@id\":\"https:\\\/\\\/www.jazzzeitung.de\\\/cms\\\/2016\\\/02\\\/nachwuchsfoerderung-mit-jazzopen-playground-bw-auf-die-grossen-festival-buehnen\\\/#breadcrumb\"},\"inLanguage\":\"de\",\"potentialAction\":[{\"@type\":\"ReadAction\",\"target\":[\"https:\\\/\\\/www.jazzzeitung.de\\\/cms\\\/2016\\\/02\\\/nachwuchsfoerderung-mit-jazzopen-playground-bw-auf-die-grossen-festival-buehnen\\\/\"]}]},{\"@type\":\"ImageObject\",\"inLanguage\":\"de\",\"@id\":\"https:\\\/\\\/www.jazzzeitung.de\\\/cms\\\/2016\\\/02\\\/nachwuchsfoerderung-mit-jazzopen-playground-bw-auf-die-grossen-festival-buehnen\\\/#primaryimage\",\"url\":\"http:\\\/\\\/www.jazzzeitung.de\\\/cms\\\/wp-content\\\/uploads\\\/2016\\\/02\\\/Jazzopen_ReinerPfisterer-150x150.jpg\",\"contentUrl\":\"http:\\\/\\\/www.jazzzeitung.de\\\/cms\\\/wp-content\\\/uploads\\\/2016\\\/02\\\/Jazzopen_ReinerPfisterer-150x150.jpg\"},{\"@type\":\"BreadcrumbList\",\"@id\":\"https:\\\/\\\/www.jazzzeitung.de\\\/cms\\\/2016\\\/02\\\/nachwuchsfoerderung-mit-jazzopen-playground-bw-auf-die-grossen-festival-buehnen\\\/#breadcrumb\",\"itemListElement\":[{\"@type\":\"ListItem\",\"position\":1,\"name\":\"Startseite\",\"item\":\"https:\\\/\\\/www.jazzzeitung.de\\\/cms\\\/\"},{\"@type\":\"ListItem\",\"position\":2,\"name\":\"Nachwuchsf\u00f6rderung: Mit \u201ejazzopen playground BW\u201c auf die gro\u00dfen Festival-B\u00fchnen\"}]},{\"@type\":\"WebSite\",\"@id\":\"https:\\\/\\\/www.jazzzeitung.de\\\/cms\\\/#website\",\"url\":\"https:\\\/\\\/www.jazzzeitung.de\\\/cms\\\/\",\"name\":\"JazzZeitung\",\"description\":\"Jazz-News und Jazz-Kontroverses\",\"publisher\":{\"@id\":\"https:\\\/\\\/www.jazzzeitung.de\\\/cms\\\/#organization\"},\"potentialAction\":[{\"@type\":\"SearchAction\",\"target\":{\"@type\":\"EntryPoint\",\"urlTemplate\":\"https:\\\/\\\/www.jazzzeitung.de\\\/cms\\\/?s={search_term_string}\"},\"query-input\":{\"@type\":\"PropertyValueSpecification\",\"valueRequired\":true,\"valueName\":\"search_term_string\"}}],\"inLanguage\":\"de\"},{\"@type\":\"Organization\",\"@id\":\"https:\\\/\\\/www.jazzzeitung.de\\\/cms\\\/#organization\",\"name\":\"JazzZeitung online\",\"url\":\"https:\\\/\\\/www.jazzzeitung.de\\\/cms\\\/\",\"logo\":{\"@type\":\"ImageObject\",\"inLanguage\":\"de\",\"@id\":\"https:\\\/\\\/www.jazzzeitung.de\\\/cms\\\/#\\\/schema\\\/logo\\\/image\\\/\",\"url\":\"https:\\\/\\\/i0.wp.com\\\/www.jazzzeitung.de\\\/cms\\\/wp-content\\\/uploads\\\/2015\\\/08\\\/JAZZZEITUNGDE_Logo_Neu.png?fit=499%2C200&ssl=1\",\"contentUrl\":\"https:\\\/\\\/i0.wp.com\\\/www.jazzzeitung.de\\\/cms\\\/wp-content\\\/uploads\\\/2015\\\/08\\\/JAZZZEITUNGDE_Logo_Neu.png?fit=499%2C200&ssl=1\",\"width\":499,\"height\":200,\"caption\":\"JazzZeitung online\"},\"image\":{\"@id\":\"https:\\\/\\\/www.jazzzeitung.de\\\/cms\\\/#\\\/schema\\\/logo\\\/image\\\/\"},\"sameAs\":[\"https:\\\/\\\/www.facebook.com\\\/JazzZeitung\\\/\"]},{\"@type\":\"Person\",\"@id\":\"https:\\\/\\\/www.jazzzeitung.de\\\/cms\\\/#\\\/schema\\\/person\\\/2245b36b9cd1d24cea10f01c031fb92b\",\"name\":\"Redaktion JazzZeitung\",\"image\":{\"@type\":\"ImageObject\",\"inLanguage\":\"de\",\"@id\":\"https:\\\/\\\/i0.wp.com\\\/www.jazzzeitung.de\\\/cms\\\/wp-content\\\/uploads\\\/2015\\\/08\\\/JAZZZEITUNGDE_Logo_Neu.png?resize=96%2C96&ssl=159975dcacb611b5700bd619b5daf0a7a\",\"url\":\"https:\\\/\\\/i0.wp.com\\\/www.jazzzeitung.de\\\/cms\\\/wp-content\\\/uploads\\\/2015\\\/08\\\/JAZZZEITUNGDE_Logo_Neu.png?resize=96%2C96&ssl=1\",\"contentUrl\":\"https:\\\/\\\/i0.wp.com\\\/www.jazzzeitung.de\\\/cms\\\/wp-content\\\/uploads\\\/2015\\\/08\\\/JAZZZEITUNGDE_Logo_Neu.png?resize=96%2C96&ssl=1\",\"caption\":\"Redaktion JazzZeitung\"},\"description\":\"Artikel der Redaktion der JazzZeitung.\",\"sameAs\":[\"http:\\\/\\\/www.jazzzeitung.de\\\/cms\\\/\"],\"url\":\"https:\\\/\\\/www.jazzzeitung.de\\\/cms\\\/author\\\/redaktion\\\/\"}]}<\/script>\n<!-- \/ Yoast SEO plugin. -->","yoast_head_json":{"title":"Nachwuchsf\u00f6rderung: Mit \u201ejazzopen playground BW\u201c auf die gro\u00dfen Festival-B\u00fchnen - JazzZeitung","robots":{"index":"index","follow":"follow","max-snippet":"max-snippet:-1","max-image-preview":"max-image-preview:large","max-video-preview":"max-video-preview:-1"},"canonical":"https:\/\/www.jazzzeitung.de\/cms\/2016\/02\/nachwuchsfoerderung-mit-jazzopen-playground-bw-auf-die-grossen-festival-buehnen\/","og_locale":"de_DE","og_type":"article","og_title":"Nachwuchsf\u00f6rderung: Mit \u201ejazzopen playground BW\u201c auf die gro\u00dfen Festival-B\u00fchnen - JazzZeitung","og_description":"Bei den jazzopen Stuttgart 2016 bietet der Nachwuchs-Bandwettbewerb jazzopen playground BW zum 8. Mal aufstrebenden K\u00fcnstlern aus Baden-W\u00fcrttemberg die M\u00f6glichkeit, sich im Rahmen des Festivals auf einer jazzopen-B\u00fchne live zu pr\u00e4sentieren. Nachwuchsbands k\u00f6nnen sich bis 31. M\u00e4rz bewerben. Nach einer Vorauswahl durch eine Fachjury entscheidet die Facebook-Community des Festivals wer die Gewinner sind. Begleitet wird der Wettbewerb von prominenten K\u00f6pfen der Musikszene aus Baden-W\u00fcrttemberg, die als Nominatoren die M\u00f6glichkeit haben weitere Bands vorzuschlagen \u2013 darunter Fanta 4-Mitglied Andy Ypsilon oder Jazzs\u00e4ngerin Fola Dada. Neben dem Auftritt auf einer der Festivalb\u00fchnen, zum Beispiel als opening act vor Weltstar Santana oder Entertainer Jamie Cullum, winken den Gewinnern eine angemessene Gage sowie jede Menge Aufmerksamkeit durch die Aufnahme in die gesamte Festivalwerbung. Mehr Infos unter www.jazzopen.com","og_url":"https:\/\/www.jazzzeitung.de\/cms\/2016\/02\/nachwuchsfoerderung-mit-jazzopen-playground-bw-auf-die-grossen-festival-buehnen\/","og_site_name":"JazzZeitung","article_publisher":"https:\/\/www.facebook.com\/JazzZeitung\/","article_published_time":"2016-02-23T14:05:40+00:00","og_image":[{"url":"http:\/\/www.jazzzeitung.de\/cms\/wp-content\/uploads\/2016\/02\/Jazzopen_ReinerPfisterer-150x150.jpg","type":"","width":"","height":""}],"author":"Redaktion JazzZeitung","schema":{"@context":"https:\/\/schema.org","@graph":[{"@type":"Article","@id":"https:\/\/www.jazzzeitung.de\/cms\/2016\/02\/nachwuchsfoerderung-mit-jazzopen-playground-bw-auf-die-grossen-festival-buehnen\/#article","isPartOf":{"@id":"https:\/\/www.jazzzeitung.de\/cms\/2016\/02\/nachwuchsfoerderung-mit-jazzopen-playground-bw-auf-die-grossen-festival-buehnen\/"},"author":{"name":"Redaktion JazzZeitung","@id":"https:\/\/www.jazzzeitung.de\/cms\/#\/schema\/person\/2245b36b9cd1d24cea10f01c031fb92b"},"headline":"Nachwuchsf\u00f6rderung: Mit \u201ejazzopen playground BW\u201c auf die gro\u00dfen Festival-B\u00fchnen","datePublished":"2016-02-23T14:05:40+00:00","mainEntityOfPage":{"@id":"https:\/\/www.jazzzeitung.de\/cms\/2016\/02\/nachwuchsfoerderung-mit-jazzopen-playground-bw-auf-die-grossen-festival-buehnen\/"},"wordCount":145,"commentCount":0,"publisher":{"@id":"https:\/\/www.jazzzeitung.de\/cms\/#organization"},"image":{"@id":"https:\/\/www.jazzzeitung.de\/cms\/2016\/02\/nachwuchsfoerderung-mit-jazzopen-playground-bw-auf-die-grossen-festival-buehnen\/#primaryimage"},"thumbnailUrl":"http:\/\/www.jazzzeitung.de\/cms\/wp-content\/uploads\/2016\/02\/Jazzopen_ReinerPfisterer-150x150.jpg","keywords":["act","facebook","Festival","Festivals","Gage","Jamie Cullum","Wettbewerb"],"articleSection":["News"],"inLanguage":"de","potentialAction":[{"@type":"CommentAction","name":"Comment","target":["https:\/\/www.jazzzeitung.de\/cms\/2016\/02\/nachwuchsfoerderung-mit-jazzopen-playground-bw-auf-die-grossen-festival-buehnen\/#respond"]}]},{"@type":"WebPage","@id":"https:\/\/www.jazzzeitung.de\/cms\/2016\/02\/nachwuchsfoerderung-mit-jazzopen-playground-bw-auf-die-grossen-festival-buehnen\/","url":"https:\/\/www.jazzzeitung.de\/cms\/2016\/02\/nachwuchsfoerderung-mit-jazzopen-playground-bw-auf-die-grossen-festival-buehnen\/","name":"Nachwuchsf\u00f6rderung: Mit \u201ejazzopen playground BW\u201c auf die gro\u00dfen Festival-B\u00fchnen - JazzZeitung","isPartOf":{"@id":"https:\/\/www.jazzzeitung.de\/cms\/#website"},"primaryImageOfPage":{"@id":"https:\/\/www.jazzzeitung.de\/cms\/2016\/02\/nachwuchsfoerderung-mit-jazzopen-playground-bw-auf-die-grossen-festival-buehnen\/#primaryimage"},"image":{"@id":"https:\/\/www.jazzzeitung.de\/cms\/2016\/02\/nachwuchsfoerderung-mit-jazzopen-playground-bw-auf-die-grossen-festival-buehnen\/#primaryimage"},"thumbnailUrl":"http:\/\/www.jazzzeitung.de\/cms\/wp-content\/uploads\/2016\/02\/Jazzopen_ReinerPfisterer-150x150.jpg","datePublished":"2016-02-23T14:05:40+00:00","breadcrumb":{"@id":"https:\/\/www.jazzzeitung.de\/cms\/2016\/02\/nachwuchsfoerderung-mit-jazzopen-playground-bw-auf-die-grossen-festival-buehnen\/#breadcrumb"},"inLanguage":"de","potentialAction":[{"@type":"ReadAction","target":["https:\/\/www.jazzzeitung.de\/cms\/2016\/02\/nachwuchsfoerderung-mit-jazzopen-playground-bw-auf-die-grossen-festival-buehnen\/"]}]},{"@type":"ImageObject","inLanguage":"de","@id":"https:\/\/www.jazzzeitung.de\/cms\/2016\/02\/nachwuchsfoerderung-mit-jazzopen-playground-bw-auf-die-grossen-festival-buehnen\/#primaryimage","url":"http:\/\/www.jazzzeitung.de\/cms\/wp-content\/uploads\/2016\/02\/Jazzopen_ReinerPfisterer-150x150.jpg","contentUrl":"http:\/\/www.jazzzeitung.de\/cms\/wp-content\/uploads\/2016\/02\/Jazzopen_ReinerPfisterer-150x150.jpg"},{"@type":"BreadcrumbList","@id":"https:\/\/www.jazzzeitung.de\/cms\/2016\/02\/nachwuchsfoerderung-mit-jazzopen-playground-bw-auf-die-grossen-festival-buehnen\/#breadcrumb","itemListElement":[{"@type":"ListItem","position":1,"name":"Startseite","item":"https:\/\/www.jazzzeitung.de\/cms\/"},{"@type":"ListItem","position":2,"name":"Nachwuchsf\u00f6rderung: Mit \u201ejazzopen playground BW\u201c auf die gro\u00dfen Festival-B\u00fchnen"}]},{"@type":"WebSite","@id":"https:\/\/www.jazzzeitung.de\/cms\/#website","url":"https:\/\/www.jazzzeitung.de\/cms\/","name":"JazzZeitung","description":"Jazz-News und Jazz-Kontroverses","publisher":{"@id":"https:\/\/www.jazzzeitung.de\/cms\/#organization"},"potentialAction":[{"@type":"SearchAction","target":{"@type":"EntryPoint","urlTemplate":"https:\/\/www.jazzzeitung.de\/cms\/?s={search_term_string}"},"query-input":{"@type":"PropertyValueSpecification","valueRequired":true,"valueName":"search_term_string"}}],"inLanguage":"de"},{"@type":"Organization","@id":"https:\/\/www.jazzzeitung.de\/cms\/#organization","name":"JazzZeitung online","url":"https:\/\/www.jazzzeitung.de\/cms\/","logo":{"@type":"ImageObject","inLanguage":"de","@id":"https:\/\/www.jazzzeitung.de\/cms\/#\/schema\/logo\/image\/","url":"https:\/\/i0.wp.com\/www.jazzzeitung.de\/cms\/wp-content\/uploads\/2015\/08\/JAZZZEITUNGDE_Logo_Neu.png?fit=499%2C200&ssl=1","contentUrl":"https:\/\/i0.wp.com\/www.jazzzeitung.de\/cms\/wp-content\/uploads\/2015\/08\/JAZZZEITUNGDE_Logo_Neu.png?fit=499%2C200&ssl=1","width":499,"height":200,"caption":"JazzZeitung online"},"image":{"@id":"https:\/\/www.jazzzeitung.de\/cms\/#\/schema\/logo\/image\/"},"sameAs":["https:\/\/www.facebook.com\/JazzZeitung\/"]},{"@type":"Person","@id":"https:\/\/www.jazzzeitung.de\/cms\/#\/schema\/person\/2245b36b9cd1d24cea10f01c031fb92b","name":"Redaktion JazzZeitung","image":{"@type":"ImageObject","inLanguage":"de","@id":"https:\/\/i0.wp.com\/www.jazzzeitung.de\/cms\/wp-content\/uploads\/2015\/08\/JAZZZEITUNGDE_Logo_Neu.png?resize=96%2C96&ssl=159975dcacb611b5700bd619b5daf0a7a","url":"https:\/\/i0.wp.com\/www.jazzzeitung.de\/cms\/wp-content\/uploads\/2015\/08\/JAZZZEITUNGDE_Logo_Neu.png?resize=96%2C96&ssl=1","contentUrl":"https:\/\/i0.wp.com\/www.jazzzeitung.de\/cms\/wp-content\/uploads\/2015\/08\/JAZZZEITUNGDE_Logo_Neu.png?resize=96%2C96&ssl=1","caption":"Redaktion JazzZeitung"},"description":"Artikel der Redaktion der JazzZeitung.","sameAs":["http:\/\/www.jazzzeitung.de\/cms\/"],"url":"https:\/\/www.jazzzeitung.de\/cms\/author\/redaktion\/"}]}},"wp-worthy-pixel":{"ignored":false,"public":null,"server":null,"url":null},"wp-worthy-type":"normal","jetpack_publicize_connections":[],"cc_featured_image_caption":{"caption_text":false,"source_text":false,"source_url":false},"jetpack_featured_media_url":"","jetpack_shortlink":"https:\/\/wp.me\/p3KEcT-2dc","jetpack-related-posts":[{"id":11814,"url":"https:\/\/www.jazzzeitung.de\/cms\/2017\/03\/nachwuchsfoerderung-bei-den-jazzopen-mit-jazzopen-playground-bw-auf-die-grossen-festival-buehnen\/","url_meta":{"origin":8506,"position":0},"title":"Nachwuchsf\u00f6rderung bei den jazzopen: Mit &#8222;jazzopen playground BW&#8220; auf die gro\u00dfen Festival-B\u00fchnen","author":"Redaktion JazzZeitung","date":"1. M\u00e4rz 2017","format":false,"excerpt":"Bei den jazzopen 2017 bietet der Nachwuchs-Bandwettbewerb jazzopen playground BW zum 9. Mal aufstrebenden K\u00fcnstlern aus Baden-W\u00fcrttemberg die M\u00f6glichkeit, sich im Rahmen des Festivals auf einer jazzopen-B\u00fchne live zu pr\u00e4sentieren. Nachwuchsbands k\u00f6nnen sich bis 31. M\u00e4rz bewerben. Eine Fachjury unter Vorsitz von Prof. Mini Schulz w\u00e4hlt die Gewinner aus. Den\u2026","rel":"","context":"In &quot;News&quot;","block_context":{"text":"News","link":"https:\/\/www.jazzzeitung.de\/cms\/thema\/nachrichten\/"},"img":{"alt_text":"","src":"https:\/\/i0.wp.com\/www.jazzzeitung.de\/cms\/wp-content\/uploads\/2017\/03\/DSC1226_Peter-Steinhei%C3%9Fer-150x150.jpg?resize=350%2C200","width":350,"height":200},"classes":[]},{"id":21816,"url":"https:\/\/www.jazzzeitung.de\/cms\/2020\/01\/wie-man-opener-bei-der-jazzopen-stuttgart-werden-kann\/","url_meta":{"origin":8506,"position":1},"title":"Wie man Opener bei der jazzopen-Stuttgart werden kann","author":"Redaktion JazzZeitung","date":"30. Januar 2020","format":false,"excerpt":"Das Festival jazzopen in Stuttgart hat sein Programm bekanntgegeben und mit dem Vorverkauf begonnen. Bevor hier mehr \u00fcber die K\u00fcnstler der Festivalausgabe 2020 gesagt wird, ein Hinweis auf eine Bewerbungsfrist: Der vom Land Baden-W\u00fcrttemberg unterst\u00fctzte Bandnachwuchs-Wettbewerb \"playground BW\" wird auch in diesem Jahr ausgelobt. Einsendeschluss ist der 31. M\u00e4rz, die\u2026","rel":"","context":"In &quot;News&quot;","block_context":{"text":"News","link":"https:\/\/www.jazzzeitung.de\/cms\/thema\/nachrichten\/"},"img":{"alt_text":"","src":"https:\/\/i0.wp.com\/www.jazzzeitung.de\/cms\/wp-content\/uploads\/2017\/07\/034_JanDelay-DiskoNo.1_Foto-van-Loon.jpg?fit=1200%2C709&ssl=1&resize=350%2C200","width":350,"height":200,"srcset":"https:\/\/i0.wp.com\/www.jazzzeitung.de\/cms\/wp-content\/uploads\/2017\/07\/034_JanDelay-DiskoNo.1_Foto-van-Loon.jpg?fit=1200%2C709&ssl=1&resize=350%2C200 1x, https:\/\/i0.wp.com\/www.jazzzeitung.de\/cms\/wp-content\/uploads\/2017\/07\/034_JanDelay-DiskoNo.1_Foto-van-Loon.jpg?fit=1200%2C709&ssl=1&resize=525%2C300 1.5x, https:\/\/i0.wp.com\/www.jazzzeitung.de\/cms\/wp-content\/uploads\/2017\/07\/034_JanDelay-DiskoNo.1_Foto-van-Loon.jpg?fit=1200%2C709&ssl=1&resize=700%2C400 2x, https:\/\/i0.wp.com\/www.jazzzeitung.de\/cms\/wp-content\/uploads\/2017\/07\/034_JanDelay-DiskoNo.1_Foto-van-Loon.jpg?fit=1200%2C709&ssl=1&resize=1050%2C600 3x"},"classes":[]},{"id":12064,"url":"https:\/\/www.jazzzeitung.de\/cms\/2017\/04\/news-sebastian-schuster-ist-jazz-preistraeger-des-landes-baden-wuerttemberg-fernsehtipp-arte-und-ella-fitzgerald-jazzopen-playground-anmeldefrist-verlaengert\/","url_meta":{"origin":8506,"position":2},"title":"+++ News +++ Sebastian Schuster ist Jazz-Preistr\u00e4ger des Landes Baden-W\u00fcrttemberg +++ Fernsehtipp: arte und Ella Fitzgerald +++ jazzopen playground: Anmeldefrist verl\u00e4ngert +++","author":"Redaktion JazzZeitung","date":"3. April 2017","format":false,"excerpt":"+++ Sebastian Schuster ist Jazz-Preistr\u00e4ger des Landes Baden-W\u00fcrttemberg +++ Der Kontrabassist und Komponist Sebastian Schuster aus Stuttgart ist diesj\u00e4hriger Jazz-Preistr\u00e4ger des Landes Baden-W\u00fcrttemberg. Das gab Kunststaatssekret\u00e4rin Petra Olschowski heute am 3. April 2017 in Stuttgart bekannt. Die mit 15.000 Euro dotierte Auszeichnung wird am 18. Juli beim Preistr\u00e4gerkonzert Sebastian Schusters\u2026","rel":"","context":"In &quot;News&quot;","block_context":{"text":"News","link":"https:\/\/www.jazzzeitung.de\/cms\/thema\/nachrichten\/"},"img":{"alt_text":"","src":"https:\/\/i0.wp.com\/www.jazzzeitung.de\/cms\/wp-content\/uploads\/2017\/04\/Kaapstad-006-150x150.jpg?resize=350%2C200","width":350,"height":200},"classes":[]},{"id":19829,"url":"https:\/\/www.jazzzeitung.de\/cms\/2019\/06\/news-kostenlose-konzerte-und-playground-bw-bei-der-jazzopen-berliner-jazzpreis-fuer-trompeter-axel-doerner\/","url_meta":{"origin":8506,"position":3},"title":"+++ news +++ Kostenlose Konzerte und playground BW bei der Jazzopen +++ Berliner Jazzpreis f\u00fcr Trompeter Axel D\u00f6rner +++","author":"Redaktion JazzZeitung","date":"19. Juni 2019","format":false,"excerpt":"Unter dem Titel \u201eOpen Stages\u201c bietet der Veranstalter Opus bei den jazzopen 2019 zum zweiten Mal kostenloses Programm auf drei Festivalb\u00fchnen in der Stuttgarter Innenstadt. Das StadtPalais wird wie im vergangenen Jahr zur Hauptb\u00fchne der Gratis-Konzerte. Weitere eintrittsfreie B\u00fchnen sind die Domkirche St. Eberhard sowie der Pavillon an der K\u00f6nigstra\u00dfe\u2026","rel":"","context":"In &quot;News&quot;","block_context":{"text":"News","link":"https:\/\/www.jazzzeitung.de\/cms\/thema\/nachrichten\/"},"img":{"alt_text":"","src":"https:\/\/i0.wp.com\/www.jazzzeitung.de\/cms\/wp-content\/uploads\/2019\/06\/0L3_x-3K.jpeg?fit=1200%2C800&ssl=1&resize=350%2C200","width":350,"height":200,"srcset":"https:\/\/i0.wp.com\/www.jazzzeitung.de\/cms\/wp-content\/uploads\/2019\/06\/0L3_x-3K.jpeg?fit=1200%2C800&ssl=1&resize=350%2C200 1x, https:\/\/i0.wp.com\/www.jazzzeitung.de\/cms\/wp-content\/uploads\/2019\/06\/0L3_x-3K.jpeg?fit=1200%2C800&ssl=1&resize=525%2C300 1.5x, https:\/\/i0.wp.com\/www.jazzzeitung.de\/cms\/wp-content\/uploads\/2019\/06\/0L3_x-3K.jpeg?fit=1200%2C800&ssl=1&resize=700%2C400 2x, https:\/\/i0.wp.com\/www.jazzzeitung.de\/cms\/wp-content\/uploads\/2019\/06\/0L3_x-3K.jpeg?fit=1200%2C800&ssl=1&resize=1050%2C600 3x"},"classes":[]},{"id":16636,"url":"https:\/\/www.jazzzeitung.de\/cms\/2018\/07\/16636\/","url_meta":{"origin":8506,"position":4},"title":"Das Stuttgarter Festival jazzopen feiert sein 25-j\u00e4hriges Jubil\u00e4um","author":"Redaktion JazzZeitung","date":"11. Juli 2018","format":false,"excerpt":"Vom 12. bis 22. Juli 2018 feiern die \"jazzopen stuttgart\" ihr 25-j\u00e4hriges Jubil\u00e4um. An 11 Tagen und auf sechs B\u00fchnen pr\u00e4sentiert der Veranstalter Opus unter dem Motto \u201ebe JAZZ be OPEN\u201c K\u00fcnstler internationaler Klasse \u2013 darunter Jamiroquai, Lenny Kravitz, Kraftwerk, Gregory Porter, Pat Metheny und viele mehr. Auftakt ist erneut\u2026","rel":"","context":"In &quot;News&quot;","block_context":{"text":"News","link":"https:\/\/www.jazzzeitung.de\/cms\/thema\/nachrichten\/"},"img":{"alt_text":"","src":"https:\/\/i0.wp.com\/www.jazzzeitung.de\/cms\/wp-content\/uploads\/2018\/07\/JO17_Altes-Schloss_Reiner-Pfisterer_.jpg?fit=1200%2C799&ssl=1&resize=350%2C200","width":350,"height":200,"srcset":"https:\/\/i0.wp.com\/www.jazzzeitung.de\/cms\/wp-content\/uploads\/2018\/07\/JO17_Altes-Schloss_Reiner-Pfisterer_.jpg?fit=1200%2C799&ssl=1&resize=350%2C200 1x, https:\/\/i0.wp.com\/www.jazzzeitung.de\/cms\/wp-content\/uploads\/2018\/07\/JO17_Altes-Schloss_Reiner-Pfisterer_.jpg?fit=1200%2C799&ssl=1&resize=525%2C300 1.5x, https:\/\/i0.wp.com\/www.jazzzeitung.de\/cms\/wp-content\/uploads\/2018\/07\/JO17_Altes-Schloss_Reiner-Pfisterer_.jpg?fit=1200%2C799&ssl=1&resize=700%2C400 2x, https:\/\/i0.wp.com\/www.jazzzeitung.de\/cms\/wp-content\/uploads\/2018\/07\/JO17_Altes-Schloss_Reiner-Pfisterer_.jpg?fit=1200%2C799&ssl=1&resize=1050%2C600 3x"},"classes":[]},{"id":12905,"url":"https:\/\/www.jazzzeitung.de\/cms\/2017\/07\/abdullah-ibrahim-eroeffnet-die-jazzopen-stuttgart-mit-ueber-40-acts-an-10-tagen-auf-6-buehnen\/","url_meta":{"origin":8506,"position":5},"title":"Abdullah Ibrahim er\u00f6ffnet das Festival jazzopen in Stuttgart mit \u00fcber 40 Acts an 10 Tagen auf 6 B\u00fchnen","author":"Redaktion JazzZeitung","date":"7. Juli 2017","format":false,"excerpt":"Vom 7. bis 16. Juli 2017 verwandeln die jazzopen stuttgart die Landeshauptstadt wieder in einen Hotspot f\u00fcr Musikfans und pr\u00e4sentieren an 10 Tagen und auf sechs B\u00fchnen unter dem Motto \u201ebe JAZZ be OPEN\u201c zum 24. Mal K\u00fcnstler internationaler Klasse \u2013 darunter Quincy Jones, Herbie Hancock, Tom Jones, Wayne Shorter,\u2026","rel":"","context":"In &quot;News&quot;","block_context":{"text":"News","link":"https:\/\/www.jazzzeitung.de\/cms\/thema\/nachrichten\/"},"img":{"alt_text":"","src":"https:\/\/i0.wp.com\/www.jazzzeitung.de\/cms\/wp-content\/uploads\/2017\/07\/Ibrahim-2-dombr-150x150.jpg?resize=350%2C200&ssl=1","width":350,"height":200},"classes":[]}],"jetpack_sharing_enabled":true,"_links":{"self":[{"href":"https:\/\/www.jazzzeitung.de\/cms\/wp-json\/wp\/v2\/posts\/8506","targetHints":{"allow":["GET"]}}],"collection":[{"href":"https:\/\/www.jazzzeitung.de\/cms\/wp-json\/wp\/v2\/posts"}],"about":[{"href":"https:\/\/www.jazzzeitung.de\/cms\/wp-json\/wp\/v2\/types\/post"}],"author":[{"embeddable":true,"href":"https:\/\/www.jazzzeitung.de\/cms\/wp-json\/wp\/v2\/users\/18"}],"replies":[{"embeddable":true,"href":"https:\/\/www.jazzzeitung.de\/cms\/wp-json\/wp\/v2\/comments?post=8506"}],"version-history":[{"count":1,"href":"https:\/\/www.jazzzeitung.de\/cms\/wp-json\/wp\/v2\/posts\/8506\/revisions"}],"predecessor-version":[{"id":8508,"href":"https:\/\/www.jazzzeitung.de\/cms\/wp-json\/wp\/v2\/posts\/8506\/revisions\/8508"}],"wp:attachment":[{"href":"https:\/\/www.jazzzeitung.de\/cms\/wp-json\/wp\/v2\/media?parent=8506"}],"wp:term":[{"taxonomy":"category","embeddable":true,"href":"https:\/\/www.jazzzeitung.de\/cms\/wp-json\/wp\/v2\/categories?post=8506"},{"taxonomy":"post_tag","embeddable":true,"href":"https:\/\/www.jazzzeitung.de\/cms\/wp-json\/wp\/v2\/tags?post=8506"},{"taxonomy":"author","embeddable":true,"href":"https:\/\/www.jazzzeitung.de\/cms\/wp-json\/wp\/v2\/coauthors?post=8506"}],"curies":[{"name":"wp","href":"https:\/\/api.w.org\/{rel}","templated":true}]}}