{"id":8473,"date":"2016-02-19T12:00:08","date_gmt":"2016-02-19T11:00:08","guid":{"rendered":"http:\/\/www.jazzzeitung.de\/cms\/?p=8473"},"modified":"2016-02-19T11:00:19","modified_gmt":"2016-02-19T10:00:19","slug":"ergebnisse-des-3-bujazzo-kompositionswettbewerbs-stehen-fest","status":"publish","type":"post","link":"https:\/\/www.jazzzeitung.de\/cms\/2016\/02\/ergebnisse-des-3-bujazzo-kompositionswettbewerbs-stehen-fest\/","title":{"rendered":"Ergebnisse des 3. BuJazzO-Kompositionswettbewerbs stehen fest"},"content":{"rendered":"<p>Sie stehen fest \u2013 die Gewinner des BuJazzO-Kompositionswettbewerbs 2016. Zum dritten Mal rief das Bundesjazzorchester junge Komponistinnen und Komponisten, Arrangeurinnen und Arrangeure bis zum Alter von 30 Jahren auf, Werke f\u00fcr Jazzorchester mit und ohne Vokalensemble einzureichen.<br \/>\nDie Jury \u2013 bestehend aus dem k\u00fcnstlerischen Leiter des Bundesjazzorchesters Niels Klein, dem Komponisten und Pianisten Florian Ross und dem Komponisten und Saxophonisten Steffen Schorn \u2013 vergibt den ersten Preis an Tamara Lukasheva. Die 1988 in Odessa geborene Jazzmusikerin lebt seit 2010 in K\u00f6ln und studierte Jazzgesang an der Hochschule f\u00fcr Musik und Tanz K\u00f6ln. Sie \u00fcberzeugte die Jury mit einem Arrangement des Kurt Weill-Titels \u201eI\u2019m A Stranger Here Myself\u201c. Der zweite Preis geht an Mike Conrad und seine Komposition \u201eThe Whole Truth\u201c und der dritte Preis wird Lars Seniuk, unter anderem k\u00fcnstlerischer Leiter des Landesjugendjazzorchesters Hamburg, und seinem Titel \u201ePerceptions Of Reality\u201c zugesprochen.<br \/>\nMit Erfolg am Wettbewerb teilgenommen haben au\u00dferdem acht weitere Bewerber, deren Werke ebenfalls in das aktuelle BuJazzO-Programm \u201eZukunftsmusik\u201c aufgenommen werden.<br \/>\nDie pr\u00e4mierten Werke werden im Rahmen der 57. Arbeitsphase vom 27. Februar bis 5. M\u00e4rz 2016 mit dem Bundesjazzorchester und dessen Vokalensemble unter der Leitung von Niels<br \/>\nKlein und unter Anwesenheit der drei Preistr\u00e4ger-Komponisten erarbeitet. Die Preisverleihung sowie die \u00f6ffentliche Urauff\u00fchrung der Titel erfolgt im Rahmen des Abschlusskonzertes der Arbeitsphase am 4. M\u00e4rz 2016 in der Bundesakademie f\u00fcr musikalische Jugendbildung Trossingen. Weitere Konzerte mit dem Programm \u201eZukunftsmusik\u201c sind im Rahmen des Kurt Weill Fest Dessau (11. M\u00e4rz 2016) und des Jazzfest Bonn (22. April 2016) geplant.<\/p>\n<p>Abschlusskonzert: 4. M\u00e4rz 2016, 19.30 Uhr, Trossingen<\/p>\n<p>Weitere Informationen unter <a href=\"http:\/\/www.bundesjazzorchester.de\/\">http:\/\/www.bundesjazzorchester.de\/<\/a>.<\/p>\n<div class=\"tiled-gallery type-rectangular tiled-gallery-unresized\" data-original-width=\"840\" data-carousel-extra='{&quot;blog_id&quot;:1,&quot;permalink&quot;:&quot;https:\\\/\\\/www.jazzzeitung.de\\\/cms\\\/2016\\\/02\\\/ergebnisse-des-3-bujazzo-kompositionswettbewerbs-stehen-fest\\\/&quot;,&quot;likes_blog_id&quot;:55446655}' itemscope itemtype=\"http:\/\/schema.org\/ImageGallery\" > <div class=\"gallery-row\" style=\"width: 840px; height: 424px;\" data-original-width=\"840\" data-original-height=\"424\" > <div class=\"gallery-group images-1\" style=\"width: 283px; height: 424px;\" data-original-width=\"283\" data-original-height=\"424\" > <div class=\"tiled-gallery-item tiled-gallery-item-large\" itemprop=\"associatedMedia\" itemscope itemtype=\"http:\/\/schema.org\/ImageObject\"> <a href=\"https:\/\/www.jazzzeitung.de\/cms\/2016\/02\/ergebnisse-des-3-bujazzo-kompositionswettbewerbs-stehen-fest\/tamara-lukasheva\/\" border=\"0\" itemprop=\"url\"> <meta itemprop=\"width\" content=\"279\"> <meta itemprop=\"height\" content=\"420\"> <img decoding=\"async\" class=\"\" data-attachment-id=\"8476\" data-orig-file=\"https:\/\/www.jazzzeitung.de\/cms\/wp-content\/uploads\/2016\/02\/Tamara-Lukasheva.jpg\" data-orig-size=\"3058,4592\" data-comments-opened=\"1\" data-image-meta=\"{&quot;aperture&quot;:&quot;0&quot;,&quot;credit&quot;:&quot;Tanja Evers Fotografin Koeln&quot;,&quot;camera&quot;:&quot;&quot;,&quot;caption&quot;:&quot;&quot;,&quot;created_timestamp&quot;:&quot;0&quot;,&quot;copyright&quot;:&quot;www.tanjaevers.de&quot;,&quot;focal_length&quot;:&quot;0&quot;,&quot;iso&quot;:&quot;0&quot;,&quot;shutter_speed&quot;:&quot;0&quot;,&quot;title&quot;:&quot;&quot;,&quot;orientation&quot;:&quot;1&quot;}\" data-image-title=\"Tamara Lukasheva\" data-image-description=\"\" data-medium-file=\"https:\/\/i0.wp.com\/www.jazzzeitung.de\/cms\/wp-content\/uploads\/2016\/02\/Tamara-Lukasheva.jpg?fit=200%2C300&#038;ssl=1\" data-large-file=\"https:\/\/i0.wp.com\/www.jazzzeitung.de\/cms\/wp-content\/uploads\/2016\/02\/Tamara-Lukasheva.jpg?fit=400%2C600&#038;ssl=1\" src=\"https:\/\/i0.wp.com\/www.jazzzeitung.de\/cms\/wp-content\/uploads\/2016\/02\/Tamara-Lukasheva.jpg?w=279&#038;h=420&#038;ssl=1\" srcset=\"https:\/\/i0.wp.com\/www.jazzzeitung.de\/cms\/wp-content\/uploads\/2016\/02\/Tamara-Lukasheva.jpg?w=3058&amp;ssl=1 3058w, https:\/\/i0.wp.com\/www.jazzzeitung.de\/cms\/wp-content\/uploads\/2016\/02\/Tamara-Lukasheva.jpg?resize=200%2C300&amp;ssl=1 200w, https:\/\/i0.wp.com\/www.jazzzeitung.de\/cms\/wp-content\/uploads\/2016\/02\/Tamara-Lukasheva.jpg?resize=768%2C1153&amp;ssl=1 768w, https:\/\/i0.wp.com\/www.jazzzeitung.de\/cms\/wp-content\/uploads\/2016\/02\/Tamara-Lukasheva.jpg?resize=400%2C600&amp;ssl=1 400w, https:\/\/i0.wp.com\/www.jazzzeitung.de\/cms\/wp-content\/uploads\/2016\/02\/Tamara-Lukasheva.jpg?resize=900%2C1351&amp;ssl=1 900w, https:\/\/i0.wp.com\/www.jazzzeitung.de\/cms\/wp-content\/uploads\/2016\/02\/Tamara-Lukasheva.jpg?w=1680&amp;ssl=1 1680w, https:\/\/i0.wp.com\/www.jazzzeitung.de\/cms\/wp-content\/uploads\/2016\/02\/Tamara-Lukasheva.jpg?w=2520&amp;ssl=1 2520w\" width=\"279\" height=\"420\" loading=\"lazy\" data-original-width=\"279\" data-original-height=\"420\" itemprop=\"http:\/\/schema.org\/image\" title=\"Tamara Lukasheva\" alt=\"Tamara Lukasheva gewinnt mit \u201eI\u2019m A Stranger Here Myself\u201c.\" style=\"width: 279px; height: 420px;\" \/> <\/a> <div class=\"tiled-gallery-caption\" itemprop=\"caption description\"> Tamara Lukasheva gewinnt mit \u201eI\u2019m A Stranger Here Myself\u201c. <\/div> <\/div> <\/div> <!-- close group --> <div class=\"gallery-group images-1\" style=\"width: 273px; height: 424px;\" data-original-width=\"273\" data-original-height=\"424\" > <div class=\"tiled-gallery-item tiled-gallery-item-large\" itemprop=\"associatedMedia\" itemscope itemtype=\"http:\/\/schema.org\/ImageObject\"> <a href=\"https:\/\/www.jazzzeitung.de\/cms\/2016\/02\/ergebnisse-des-3-bujazzo-kompositionswettbewerbs-stehen-fest\/mike-conrad-1\/\" border=\"0\" itemprop=\"url\"> <meta itemprop=\"width\" content=\"269\"> <meta itemprop=\"height\" content=\"420\"> <img decoding=\"async\" class=\"\" data-attachment-id=\"8475\" data-orig-file=\"https:\/\/www.jazzzeitung.de\/cms\/wp-content\/uploads\/2016\/02\/Mike-Conrad-1.jpg\" data-orig-size=\"561,875\" data-comments-opened=\"1\" data-image-meta=\"{&quot;aperture&quot;:&quot;3.2&quot;,&quot;credit&quot;:&quot;&quot;,&quot;camera&quot;:&quot;Canon EOS 5D Mark III&quot;,&quot;caption&quot;:&quot;&quot;,&quot;created_timestamp&quot;:&quot;1445616819&quot;,&quot;copyright&quot;:&quot;&quot;,&quot;focal_length&quot;:&quot;85&quot;,&quot;iso&quot;:&quot;100&quot;,&quot;shutter_speed&quot;:&quot;0.005&quot;,&quot;title&quot;:&quot;&quot;,&quot;orientation&quot;:&quot;0&quot;}\" data-image-title=\"Mike Conrad-1\" data-image-description=\"\" data-medium-file=\"https:\/\/i0.wp.com\/www.jazzzeitung.de\/cms\/wp-content\/uploads\/2016\/02\/Mike-Conrad-1.jpg?fit=192%2C300&#038;ssl=1\" data-large-file=\"https:\/\/i0.wp.com\/www.jazzzeitung.de\/cms\/wp-content\/uploads\/2016\/02\/Mike-Conrad-1.jpg?fit=385%2C600&#038;ssl=1\" src=\"https:\/\/i0.wp.com\/www.jazzzeitung.de\/cms\/wp-content\/uploads\/2016\/02\/Mike-Conrad-1.jpg?w=269&#038;h=420&#038;ssl=1\" srcset=\"https:\/\/i0.wp.com\/www.jazzzeitung.de\/cms\/wp-content\/uploads\/2016\/02\/Mike-Conrad-1.jpg?w=561&amp;ssl=1 561w, https:\/\/i0.wp.com\/www.jazzzeitung.de\/cms\/wp-content\/uploads\/2016\/02\/Mike-Conrad-1.jpg?resize=192%2C300&amp;ssl=1 192w, https:\/\/i0.wp.com\/www.jazzzeitung.de\/cms\/wp-content\/uploads\/2016\/02\/Mike-Conrad-1.jpg?resize=385%2C600&amp;ssl=1 385w\" width=\"269\" height=\"420\" loading=\"lazy\" data-original-width=\"269\" data-original-height=\"420\" itemprop=\"http:\/\/schema.org\/image\" title=\"Mike Conrad-1\" alt=\"Den zweiten Platz belegte Mike Conrad.\" style=\"width: 269px; height: 420px;\" \/> <\/a> <div class=\"tiled-gallery-caption\" itemprop=\"caption description\"> Den zweiten Platz belegte Mike Conrad. <\/div> <\/div> <\/div> <!-- close group --> <div class=\"gallery-group images-1\" style=\"width: 284px; height: 424px;\" data-original-width=\"284\" data-original-height=\"424\" > <div class=\"tiled-gallery-item tiled-gallery-item-large\" itemprop=\"associatedMedia\" itemscope itemtype=\"http:\/\/schema.org\/ImageObject\"> <a href=\"https:\/\/www.jazzzeitung.de\/cms\/2016\/02\/ergebnisse-des-3-bujazzo-kompositionswettbewerbs-stehen-fest\/lars-seniuk\/\" border=\"0\" itemprop=\"url\"> <meta itemprop=\"width\" content=\"280\"> <meta itemprop=\"height\" content=\"420\"> <img decoding=\"async\" class=\"\" data-attachment-id=\"8474\" data-orig-file=\"https:\/\/www.jazzzeitung.de\/cms\/wp-content\/uploads\/2016\/02\/Lars-Seniuk.jpg\" data-orig-size=\"1365,2048\" data-comments-opened=\"1\" data-image-meta=\"{&quot;aperture&quot;:&quot;0&quot;,&quot;credit&quot;:&quot;&quot;,&quot;camera&quot;:&quot;&quot;,&quot;caption&quot;:&quot;&quot;,&quot;created_timestamp&quot;:&quot;0&quot;,&quot;copyright&quot;:&quot;&quot;,&quot;focal_length&quot;:&quot;0&quot;,&quot;iso&quot;:&quot;0&quot;,&quot;shutter_speed&quot;:&quot;0&quot;,&quot;title&quot;:&quot;&quot;,&quot;orientation&quot;:&quot;1&quot;}\" data-image-title=\"Lars Seniuk\" data-image-description=\"\" data-medium-file=\"https:\/\/i0.wp.com\/www.jazzzeitung.de\/cms\/wp-content\/uploads\/2016\/02\/Lars-Seniuk.jpg?fit=200%2C300&#038;ssl=1\" data-large-file=\"https:\/\/i0.wp.com\/www.jazzzeitung.de\/cms\/wp-content\/uploads\/2016\/02\/Lars-Seniuk.jpg?fit=400%2C600&#038;ssl=1\" src=\"https:\/\/i0.wp.com\/www.jazzzeitung.de\/cms\/wp-content\/uploads\/2016\/02\/Lars-Seniuk.jpg?w=280&#038;h=420&#038;ssl=1\" srcset=\"https:\/\/i0.wp.com\/www.jazzzeitung.de\/cms\/wp-content\/uploads\/2016\/02\/Lars-Seniuk.jpg?w=1365&amp;ssl=1 1365w, https:\/\/i0.wp.com\/www.jazzzeitung.de\/cms\/wp-content\/uploads\/2016\/02\/Lars-Seniuk.jpg?resize=200%2C300&amp;ssl=1 200w, https:\/\/i0.wp.com\/www.jazzzeitung.de\/cms\/wp-content\/uploads\/2016\/02\/Lars-Seniuk.jpg?resize=768%2C1152&amp;ssl=1 768w, https:\/\/i0.wp.com\/www.jazzzeitung.de\/cms\/wp-content\/uploads\/2016\/02\/Lars-Seniuk.jpg?resize=400%2C600&amp;ssl=1 400w, https:\/\/i0.wp.com\/www.jazzzeitung.de\/cms\/wp-content\/uploads\/2016\/02\/Lars-Seniuk.jpg?resize=900%2C1350&amp;ssl=1 900w\" width=\"280\" height=\"420\" loading=\"lazy\" data-original-width=\"280\" data-original-height=\"420\" itemprop=\"http:\/\/schema.org\/image\" title=\"Lars Seniuk\" alt=\"Last but not least, erh\u00e4lt Lars Seniuk den dritten Platz.\" style=\"width: 280px; height: 420px;\" \/> <\/a> <div class=\"tiled-gallery-caption\" itemprop=\"caption description\"> Last but not least, erh\u00e4lt Lars Seniuk den dritten Platz. <\/div> <\/div> <\/div> <!-- close group --> <\/div> <!-- close row --> <\/div>\n","protected":false},"excerpt":{"rendered":"<p>Sie stehen fest \u2013 die Gewinner des BuJazzO-Kompositionswettbewerbs 2016. Zum dritten Mal rief das Bundesjazzorchester junge Komponistinnen und Komponisten, Arrangeurinnen und Arrangeure bis zum Alter von 30 Jahren auf, Werke f\u00fcr Jazzorchester mit und ohne Vokalensemble einzureichen. Die Jury \u2013 bestehend aus dem k\u00fcnstlerischen Leiter des Bundesjazzorchesters Niels Klein, dem Komponisten und Pianisten Florian Ross und dem Komponisten und Saxophonisten Steffen Schorn \u2013 vergibt den ersten Preis an Tamara Lukasheva. Die 1988 in Odessa geborene Jazzmusikerin lebt seit 2010 in K\u00f6ln und studierte Jazzgesang an der Hochschule f\u00fcr Musik und Tanz K\u00f6ln. Sie \u00fcberzeugte die Jury mit einem Arrangement des Kurt Weill-Titels \u201eI\u2019m A Stranger Here Myself\u201c. Der zweite Preis geht an Mike Conrad und seine Komposition \u201eThe Whole Truth\u201c und der dritte Preis wird Lars Seniuk, unter anderem k\u00fcnstlerischer Leiter des Landesjugendjazzorchesters Hamburg, und seinem Titel \u201ePerceptions Of Reality\u201c zugesprochen. Mit Erfolg am Wettbewerb teilgenommen haben au\u00dferdem acht weitere Bewerber, deren Werke ebenfalls in das aktuelle BuJazzO-Programm \u201eZukunftsmusik\u201c aufgenommen werden. Die pr\u00e4mierten Werke werden im Rahmen der 57. Arbeitsphase vom 27. Februar bis 5. M\u00e4rz 2016 mit dem Bundesjazzorchester und dessen Vokalensemble unter der &hellip;<\/p>\n","protected":false},"author":18,"featured_media":0,"comment_status":"open","ping_status":"closed","sticky":false,"template":"","format":"standard","meta":{"_jetpack_memberships_contains_paid_content":false,"footnotes":"","jetpack_publicize_message":"","jetpack_publicize_feature_enabled":true,"jetpack_social_post_already_shared":false,"jetpack_social_options":{"image_generator_settings":{"template":"highway","default_image_id":0,"font":"","enabled":false},"version":2}},"categories":[634],"tags":[91,99,179,215,887,751,282,852,323,1185,1170,450,19],"coauthors":[695],"class_list":["post-8473","post","type-post","status-publish","format-standard","hentry","category-redaktion","tag-bonn","tag-bujazzo","tag-florian-ross","tag-hamburg","tag-hochschule-fuer-musik-und-tanz-koeln","tag-jazzfest","tag-jazzorchester","tag-koeln","tag-konzerte","tag-lars-seniuk","tag-preistraeger","tag-preisverleihung","tag-wettbewerb"],"yoast_head":"<!-- This site is optimized with the Yoast SEO plugin v27.5 - https:\/\/yoast.com\/product\/yoast-seo-wordpress\/ -->\n<title>Ergebnisse des 3. BuJazzO-Kompositionswettbewerbs stehen fest - JazzZeitung<\/title>\n<meta name=\"robots\" content=\"index, follow, max-snippet:-1, max-image-preview:large, max-video-preview:-1\" \/>\n<link rel=\"canonical\" href=\"https:\/\/www.jazzzeitung.de\/cms\/2016\/02\/ergebnisse-des-3-bujazzo-kompositionswettbewerbs-stehen-fest\/\" \/>\n<meta property=\"og:locale\" content=\"de_DE\" \/>\n<meta property=\"og:type\" content=\"article\" \/>\n<meta property=\"og:title\" content=\"Ergebnisse des 3. BuJazzO-Kompositionswettbewerbs stehen fest - JazzZeitung\" \/>\n<meta property=\"og:description\" content=\"Sie stehen fest \u2013 die Gewinner des BuJazzO-Kompositionswettbewerbs 2016. Zum dritten Mal rief das Bundesjazzorchester junge Komponistinnen und Komponisten, Arrangeurinnen und Arrangeure bis zum Alter von 30 Jahren auf, Werke f\u00fcr Jazzorchester mit und ohne Vokalensemble einzureichen. Die Jury \u2013 bestehend aus dem k\u00fcnstlerischen Leiter des Bundesjazzorchesters Niels Klein, dem Komponisten und Pianisten Florian Ross und dem Komponisten und Saxophonisten Steffen Schorn \u2013 vergibt den ersten Preis an Tamara Lukasheva. Die 1988 in Odessa geborene Jazzmusikerin lebt seit 2010 in K\u00f6ln und studierte Jazzgesang an der Hochschule f\u00fcr Musik und Tanz K\u00f6ln. Sie \u00fcberzeugte die Jury mit einem Arrangement des Kurt Weill-Titels \u201eI\u2019m A Stranger Here Myself\u201c. Der zweite Preis geht an Mike Conrad und seine Komposition \u201eThe Whole Truth\u201c und der dritte Preis wird Lars Seniuk, unter anderem k\u00fcnstlerischer Leiter des Landesjugendjazzorchesters Hamburg, und seinem Titel \u201ePerceptions Of Reality\u201c zugesprochen. Mit Erfolg am Wettbewerb teilgenommen haben au\u00dferdem acht weitere Bewerber, deren Werke ebenfalls in das aktuelle BuJazzO-Programm \u201eZukunftsmusik\u201c aufgenommen werden. Die pr\u00e4mierten Werke werden im Rahmen der 57. Arbeitsphase vom 27. Februar bis 5. M\u00e4rz 2016 mit dem Bundesjazzorchester und dessen Vokalensemble unter der &hellip;\" \/>\n<meta property=\"og:url\" content=\"https:\/\/www.jazzzeitung.de\/cms\/2016\/02\/ergebnisse-des-3-bujazzo-kompositionswettbewerbs-stehen-fest\/\" \/>\n<meta property=\"og:site_name\" content=\"JazzZeitung\" \/>\n<meta property=\"article:publisher\" content=\"https:\/\/www.facebook.com\/JazzZeitung\/\" \/>\n<meta property=\"article:published_time\" content=\"2016-02-19T11:00:08+00:00\" \/>\n<meta property=\"og:image\" content=\"https:\/\/i0.wp.com\/www.jazzzeitung.de\/cms\/wp-content\/uploads\/2016\/02\/Tamara-Lukasheva.jpg?w=279&#038;h=420&#038;ssl=1\" \/>\n<meta name=\"author\" content=\"Redaktion JazzZeitung\" \/>\n<script type=\"application\/ld+json\" class=\"yoast-schema-graph\">{\"@context\":\"https:\\\/\\\/schema.org\",\"@graph\":[{\"@type\":\"Article\",\"@id\":\"https:\\\/\\\/www.jazzzeitung.de\\\/cms\\\/2016\\\/02\\\/ergebnisse-des-3-bujazzo-kompositionswettbewerbs-stehen-fest\\\/#article\",\"isPartOf\":{\"@id\":\"https:\\\/\\\/www.jazzzeitung.de\\\/cms\\\/2016\\\/02\\\/ergebnisse-des-3-bujazzo-kompositionswettbewerbs-stehen-fest\\\/\"},\"author\":{\"name\":\"Redaktion JazzZeitung\",\"@id\":\"https:\\\/\\\/www.jazzzeitung.de\\\/cms\\\/#\\\/schema\\\/person\\\/2245b36b9cd1d24cea10f01c031fb92b\"},\"headline\":\"Ergebnisse des 3. BuJazzO-Kompositionswettbewerbs stehen fest\",\"datePublished\":\"2016-02-19T11:00:08+00:00\",\"mainEntityOfPage\":{\"@id\":\"https:\\\/\\\/www.jazzzeitung.de\\\/cms\\\/2016\\\/02\\\/ergebnisse-des-3-bujazzo-kompositionswettbewerbs-stehen-fest\\\/\"},\"wordCount\":266,\"commentCount\":0,\"publisher\":{\"@id\":\"https:\\\/\\\/www.jazzzeitung.de\\\/cms\\\/#organization\"},\"keywords\":[\"Bonn\",\"Bujazzo\",\"florian ross\",\"Hamburg\",\"Hochschule f\u00fcr Musik und Tanz K\u00f6ln\",\"Jazzfest\",\"Jazzorchester\",\"K\u00f6ln\",\"Konzerte\",\"Lars Seniuk\",\"Preistr\u00e4ger\",\"Preisverleihung\",\"Wettbewerb\"],\"articleSection\":[\"Redaktionelle Nachrichten\"],\"inLanguage\":\"de\",\"potentialAction\":[{\"@type\":\"CommentAction\",\"name\":\"Comment\",\"target\":[\"https:\\\/\\\/www.jazzzeitung.de\\\/cms\\\/2016\\\/02\\\/ergebnisse-des-3-bujazzo-kompositionswettbewerbs-stehen-fest\\\/#respond\"]}]},{\"@type\":\"WebPage\",\"@id\":\"https:\\\/\\\/www.jazzzeitung.de\\\/cms\\\/2016\\\/02\\\/ergebnisse-des-3-bujazzo-kompositionswettbewerbs-stehen-fest\\\/\",\"url\":\"https:\\\/\\\/www.jazzzeitung.de\\\/cms\\\/2016\\\/02\\\/ergebnisse-des-3-bujazzo-kompositionswettbewerbs-stehen-fest\\\/\",\"name\":\"Ergebnisse des 3. BuJazzO-Kompositionswettbewerbs stehen fest - JazzZeitung\",\"isPartOf\":{\"@id\":\"https:\\\/\\\/www.jazzzeitung.de\\\/cms\\\/#website\"},\"datePublished\":\"2016-02-19T11:00:08+00:00\",\"breadcrumb\":{\"@id\":\"https:\\\/\\\/www.jazzzeitung.de\\\/cms\\\/2016\\\/02\\\/ergebnisse-des-3-bujazzo-kompositionswettbewerbs-stehen-fest\\\/#breadcrumb\"},\"inLanguage\":\"de\",\"potentialAction\":[{\"@type\":\"ReadAction\",\"target\":[\"https:\\\/\\\/www.jazzzeitung.de\\\/cms\\\/2016\\\/02\\\/ergebnisse-des-3-bujazzo-kompositionswettbewerbs-stehen-fest\\\/\"]}]},{\"@type\":\"BreadcrumbList\",\"@id\":\"https:\\\/\\\/www.jazzzeitung.de\\\/cms\\\/2016\\\/02\\\/ergebnisse-des-3-bujazzo-kompositionswettbewerbs-stehen-fest\\\/#breadcrumb\",\"itemListElement\":[{\"@type\":\"ListItem\",\"position\":1,\"name\":\"Startseite\",\"item\":\"https:\\\/\\\/www.jazzzeitung.de\\\/cms\\\/\"},{\"@type\":\"ListItem\",\"position\":2,\"name\":\"Ergebnisse des 3. BuJazzO-Kompositionswettbewerbs stehen fest\"}]},{\"@type\":\"WebSite\",\"@id\":\"https:\\\/\\\/www.jazzzeitung.de\\\/cms\\\/#website\",\"url\":\"https:\\\/\\\/www.jazzzeitung.de\\\/cms\\\/\",\"name\":\"JazzZeitung\",\"description\":\"Jazz-News und Jazz-Kontroverses\",\"publisher\":{\"@id\":\"https:\\\/\\\/www.jazzzeitung.de\\\/cms\\\/#organization\"},\"potentialAction\":[{\"@type\":\"SearchAction\",\"target\":{\"@type\":\"EntryPoint\",\"urlTemplate\":\"https:\\\/\\\/www.jazzzeitung.de\\\/cms\\\/?s={search_term_string}\"},\"query-input\":{\"@type\":\"PropertyValueSpecification\",\"valueRequired\":true,\"valueName\":\"search_term_string\"}}],\"inLanguage\":\"de\"},{\"@type\":\"Organization\",\"@id\":\"https:\\\/\\\/www.jazzzeitung.de\\\/cms\\\/#organization\",\"name\":\"JazzZeitung online\",\"url\":\"https:\\\/\\\/www.jazzzeitung.de\\\/cms\\\/\",\"logo\":{\"@type\":\"ImageObject\",\"inLanguage\":\"de\",\"@id\":\"https:\\\/\\\/www.jazzzeitung.de\\\/cms\\\/#\\\/schema\\\/logo\\\/image\\\/\",\"url\":\"https:\\\/\\\/i0.wp.com\\\/www.jazzzeitung.de\\\/cms\\\/wp-content\\\/uploads\\\/2015\\\/08\\\/JAZZZEITUNGDE_Logo_Neu.png?fit=499%2C200&ssl=1\",\"contentUrl\":\"https:\\\/\\\/i0.wp.com\\\/www.jazzzeitung.de\\\/cms\\\/wp-content\\\/uploads\\\/2015\\\/08\\\/JAZZZEITUNGDE_Logo_Neu.png?fit=499%2C200&ssl=1\",\"width\":499,\"height\":200,\"caption\":\"JazzZeitung online\"},\"image\":{\"@id\":\"https:\\\/\\\/www.jazzzeitung.de\\\/cms\\\/#\\\/schema\\\/logo\\\/image\\\/\"},\"sameAs\":[\"https:\\\/\\\/www.facebook.com\\\/JazzZeitung\\\/\"]},{\"@type\":\"Person\",\"@id\":\"https:\\\/\\\/www.jazzzeitung.de\\\/cms\\\/#\\\/schema\\\/person\\\/2245b36b9cd1d24cea10f01c031fb92b\",\"name\":\"Redaktion JazzZeitung\",\"image\":{\"@type\":\"ImageObject\",\"inLanguage\":\"de\",\"@id\":\"https:\\\/\\\/i0.wp.com\\\/www.jazzzeitung.de\\\/cms\\\/wp-content\\\/uploads\\\/2015\\\/08\\\/JAZZZEITUNGDE_Logo_Neu.png?resize=96%2C96&ssl=159975dcacb611b5700bd619b5daf0a7a\",\"url\":\"https:\\\/\\\/i0.wp.com\\\/www.jazzzeitung.de\\\/cms\\\/wp-content\\\/uploads\\\/2015\\\/08\\\/JAZZZEITUNGDE_Logo_Neu.png?resize=96%2C96&ssl=1\",\"contentUrl\":\"https:\\\/\\\/i0.wp.com\\\/www.jazzzeitung.de\\\/cms\\\/wp-content\\\/uploads\\\/2015\\\/08\\\/JAZZZEITUNGDE_Logo_Neu.png?resize=96%2C96&ssl=1\",\"caption\":\"Redaktion JazzZeitung\"},\"description\":\"Artikel der Redaktion der JazzZeitung.\",\"sameAs\":[\"http:\\\/\\\/www.jazzzeitung.de\\\/cms\\\/\"],\"url\":\"https:\\\/\\\/www.jazzzeitung.de\\\/cms\\\/author\\\/redaktion\\\/\"}]}<\/script>\n<!-- \/ Yoast SEO plugin. -->","yoast_head_json":{"title":"Ergebnisse des 3. BuJazzO-Kompositionswettbewerbs stehen fest - JazzZeitung","robots":{"index":"index","follow":"follow","max-snippet":"max-snippet:-1","max-image-preview":"max-image-preview:large","max-video-preview":"max-video-preview:-1"},"canonical":"https:\/\/www.jazzzeitung.de\/cms\/2016\/02\/ergebnisse-des-3-bujazzo-kompositionswettbewerbs-stehen-fest\/","og_locale":"de_DE","og_type":"article","og_title":"Ergebnisse des 3. BuJazzO-Kompositionswettbewerbs stehen fest - JazzZeitung","og_description":"Sie stehen fest \u2013 die Gewinner des BuJazzO-Kompositionswettbewerbs 2016. Zum dritten Mal rief das Bundesjazzorchester junge Komponistinnen und Komponisten, Arrangeurinnen und Arrangeure bis zum Alter von 30 Jahren auf, Werke f\u00fcr Jazzorchester mit und ohne Vokalensemble einzureichen. Die Jury \u2013 bestehend aus dem k\u00fcnstlerischen Leiter des Bundesjazzorchesters Niels Klein, dem Komponisten und Pianisten Florian Ross und dem Komponisten und Saxophonisten Steffen Schorn \u2013 vergibt den ersten Preis an Tamara Lukasheva. Die 1988 in Odessa geborene Jazzmusikerin lebt seit 2010 in K\u00f6ln und studierte Jazzgesang an der Hochschule f\u00fcr Musik und Tanz K\u00f6ln. Sie \u00fcberzeugte die Jury mit einem Arrangement des Kurt Weill-Titels \u201eI\u2019m A Stranger Here Myself\u201c. Der zweite Preis geht an Mike Conrad und seine Komposition \u201eThe Whole Truth\u201c und der dritte Preis wird Lars Seniuk, unter anderem k\u00fcnstlerischer Leiter des Landesjugendjazzorchesters Hamburg, und seinem Titel \u201ePerceptions Of Reality\u201c zugesprochen. Mit Erfolg am Wettbewerb teilgenommen haben au\u00dferdem acht weitere Bewerber, deren Werke ebenfalls in das aktuelle BuJazzO-Programm \u201eZukunftsmusik\u201c aufgenommen werden. Die pr\u00e4mierten Werke werden im Rahmen der 57. Arbeitsphase vom 27. Februar bis 5. M\u00e4rz 2016 mit dem Bundesjazzorchester und dessen Vokalensemble unter der &hellip;","og_url":"https:\/\/www.jazzzeitung.de\/cms\/2016\/02\/ergebnisse-des-3-bujazzo-kompositionswettbewerbs-stehen-fest\/","og_site_name":"JazzZeitung","article_publisher":"https:\/\/www.facebook.com\/JazzZeitung\/","article_published_time":"2016-02-19T11:00:08+00:00","og_image":[{"url":"https:\/\/i0.wp.com\/www.jazzzeitung.de\/cms\/wp-content\/uploads\/2016\/02\/Tamara-Lukasheva.jpg?w=279&#038;h=420&#038;ssl=1","type":"","width":"","height":""}],"author":"Redaktion JazzZeitung","schema":{"@context":"https:\/\/schema.org","@graph":[{"@type":"Article","@id":"https:\/\/www.jazzzeitung.de\/cms\/2016\/02\/ergebnisse-des-3-bujazzo-kompositionswettbewerbs-stehen-fest\/#article","isPartOf":{"@id":"https:\/\/www.jazzzeitung.de\/cms\/2016\/02\/ergebnisse-des-3-bujazzo-kompositionswettbewerbs-stehen-fest\/"},"author":{"name":"Redaktion JazzZeitung","@id":"https:\/\/www.jazzzeitung.de\/cms\/#\/schema\/person\/2245b36b9cd1d24cea10f01c031fb92b"},"headline":"Ergebnisse des 3. BuJazzO-Kompositionswettbewerbs stehen fest","datePublished":"2016-02-19T11:00:08+00:00","mainEntityOfPage":{"@id":"https:\/\/www.jazzzeitung.de\/cms\/2016\/02\/ergebnisse-des-3-bujazzo-kompositionswettbewerbs-stehen-fest\/"},"wordCount":266,"commentCount":0,"publisher":{"@id":"https:\/\/www.jazzzeitung.de\/cms\/#organization"},"keywords":["Bonn","Bujazzo","florian ross","Hamburg","Hochschule f\u00fcr Musik und Tanz K\u00f6ln","Jazzfest","Jazzorchester","K\u00f6ln","Konzerte","Lars Seniuk","Preistr\u00e4ger","Preisverleihung","Wettbewerb"],"articleSection":["Redaktionelle Nachrichten"],"inLanguage":"de","potentialAction":[{"@type":"CommentAction","name":"Comment","target":["https:\/\/www.jazzzeitung.de\/cms\/2016\/02\/ergebnisse-des-3-bujazzo-kompositionswettbewerbs-stehen-fest\/#respond"]}]},{"@type":"WebPage","@id":"https:\/\/www.jazzzeitung.de\/cms\/2016\/02\/ergebnisse-des-3-bujazzo-kompositionswettbewerbs-stehen-fest\/","url":"https:\/\/www.jazzzeitung.de\/cms\/2016\/02\/ergebnisse-des-3-bujazzo-kompositionswettbewerbs-stehen-fest\/","name":"Ergebnisse des 3. BuJazzO-Kompositionswettbewerbs stehen fest - JazzZeitung","isPartOf":{"@id":"https:\/\/www.jazzzeitung.de\/cms\/#website"},"datePublished":"2016-02-19T11:00:08+00:00","breadcrumb":{"@id":"https:\/\/www.jazzzeitung.de\/cms\/2016\/02\/ergebnisse-des-3-bujazzo-kompositionswettbewerbs-stehen-fest\/#breadcrumb"},"inLanguage":"de","potentialAction":[{"@type":"ReadAction","target":["https:\/\/www.jazzzeitung.de\/cms\/2016\/02\/ergebnisse-des-3-bujazzo-kompositionswettbewerbs-stehen-fest\/"]}]},{"@type":"BreadcrumbList","@id":"https:\/\/www.jazzzeitung.de\/cms\/2016\/02\/ergebnisse-des-3-bujazzo-kompositionswettbewerbs-stehen-fest\/#breadcrumb","itemListElement":[{"@type":"ListItem","position":1,"name":"Startseite","item":"https:\/\/www.jazzzeitung.de\/cms\/"},{"@type":"ListItem","position":2,"name":"Ergebnisse des 3. BuJazzO-Kompositionswettbewerbs stehen fest"}]},{"@type":"WebSite","@id":"https:\/\/www.jazzzeitung.de\/cms\/#website","url":"https:\/\/www.jazzzeitung.de\/cms\/","name":"JazzZeitung","description":"Jazz-News und Jazz-Kontroverses","publisher":{"@id":"https:\/\/www.jazzzeitung.de\/cms\/#organization"},"potentialAction":[{"@type":"SearchAction","target":{"@type":"EntryPoint","urlTemplate":"https:\/\/www.jazzzeitung.de\/cms\/?s={search_term_string}"},"query-input":{"@type":"PropertyValueSpecification","valueRequired":true,"valueName":"search_term_string"}}],"inLanguage":"de"},{"@type":"Organization","@id":"https:\/\/www.jazzzeitung.de\/cms\/#organization","name":"JazzZeitung online","url":"https:\/\/www.jazzzeitung.de\/cms\/","logo":{"@type":"ImageObject","inLanguage":"de","@id":"https:\/\/www.jazzzeitung.de\/cms\/#\/schema\/logo\/image\/","url":"https:\/\/i0.wp.com\/www.jazzzeitung.de\/cms\/wp-content\/uploads\/2015\/08\/JAZZZEITUNGDE_Logo_Neu.png?fit=499%2C200&ssl=1","contentUrl":"https:\/\/i0.wp.com\/www.jazzzeitung.de\/cms\/wp-content\/uploads\/2015\/08\/JAZZZEITUNGDE_Logo_Neu.png?fit=499%2C200&ssl=1","width":499,"height":200,"caption":"JazzZeitung online"},"image":{"@id":"https:\/\/www.jazzzeitung.de\/cms\/#\/schema\/logo\/image\/"},"sameAs":["https:\/\/www.facebook.com\/JazzZeitung\/"]},{"@type":"Person","@id":"https:\/\/www.jazzzeitung.de\/cms\/#\/schema\/person\/2245b36b9cd1d24cea10f01c031fb92b","name":"Redaktion JazzZeitung","image":{"@type":"ImageObject","inLanguage":"de","@id":"https:\/\/i0.wp.com\/www.jazzzeitung.de\/cms\/wp-content\/uploads\/2015\/08\/JAZZZEITUNGDE_Logo_Neu.png?resize=96%2C96&ssl=159975dcacb611b5700bd619b5daf0a7a","url":"https:\/\/i0.wp.com\/www.jazzzeitung.de\/cms\/wp-content\/uploads\/2015\/08\/JAZZZEITUNGDE_Logo_Neu.png?resize=96%2C96&ssl=1","contentUrl":"https:\/\/i0.wp.com\/www.jazzzeitung.de\/cms\/wp-content\/uploads\/2015\/08\/JAZZZEITUNGDE_Logo_Neu.png?resize=96%2C96&ssl=1","caption":"Redaktion JazzZeitung"},"description":"Artikel der Redaktion der JazzZeitung.","sameAs":["http:\/\/www.jazzzeitung.de\/cms\/"],"url":"https:\/\/www.jazzzeitung.de\/cms\/author\/redaktion\/"}]}},"wp-worthy-pixel":{"ignored":false,"public":null,"server":null,"url":null},"wp-worthy-type":"normal","jetpack_publicize_connections":[],"cc_featured_image_caption":{"caption_text":false,"source_text":false,"source_url":false},"jetpack_featured_media_url":"","jetpack_shortlink":"https:\/\/wp.me\/p3KEcT-2cF","jetpack-related-posts":[{"id":14754,"url":"https:\/\/www.jazzzeitung.de\/cms\/2018\/01\/jubilaeumsjahr-des-bujazzo-startet-mit-38-neuen-musikerinnen-und-musikern\/","url_meta":{"origin":8473,"position":0},"title":"Jubil\u00e4umsjahr des BuJazzO startet mit 38 neuen Musikerinnen und Musikern","author":"Redaktion JazzZeitung","date":"11. Januar 2018","format":false,"excerpt":"Vom 3. bis 6. Januar fanden in Bonn Probespiele des Bundesjazzorchesters (BuJazzO) statt. 211 junge Musikerinnen und Musiker aus ganz Deutschland hatten sich beworben. S\u00e4mtliche Bigband-Positionen sowie das BuJazzO-Vokalensemble wurden neu besetzt. Insgesamt haben 38 Bewerber das Probespiel bestanden, die zu gro\u00dfen Teilen alle an Musikhochschulen studieren und eine Vergangenheit\u2026","rel":"","context":"In &quot;News&quot;","block_context":{"text":"News","link":"https:\/\/www.jazzzeitung.de\/cms\/thema\/nachrichten\/"},"img":{"alt_text":"Jiggs Whigham f\u00fcr das BuJazzO. Foto: Hufner","src":"https:\/\/i0.wp.com\/www.jazzzeitung.de\/cms\/wp-content\/uploads\/2018\/01\/whigham_faust_c_hufner.jpg?fit=1200%2C900&ssl=1&resize=350%2C200","width":350,"height":200,"srcset":"https:\/\/i0.wp.com\/www.jazzzeitung.de\/cms\/wp-content\/uploads\/2018\/01\/whigham_faust_c_hufner.jpg?fit=1200%2C900&ssl=1&resize=350%2C200 1x, https:\/\/i0.wp.com\/www.jazzzeitung.de\/cms\/wp-content\/uploads\/2018\/01\/whigham_faust_c_hufner.jpg?fit=1200%2C900&ssl=1&resize=525%2C300 1.5x, https:\/\/i0.wp.com\/www.jazzzeitung.de\/cms\/wp-content\/uploads\/2018\/01\/whigham_faust_c_hufner.jpg?fit=1200%2C900&ssl=1&resize=700%2C400 2x, https:\/\/i0.wp.com\/www.jazzzeitung.de\/cms\/wp-content\/uploads\/2018\/01\/whigham_faust_c_hufner.jpg?fit=1200%2C900&ssl=1&resize=1050%2C600 3x"},"classes":[]},{"id":14542,"url":"https:\/\/www.jazzzeitung.de\/cms\/2017\/12\/bujazzo-211-bewerberinnen-und-bewerber-neuer-rekord\/","url_meta":{"origin":8473,"position":1},"title":"BuJazzO: 211 Bewerberinnen und Bewerber &#8211; neuer Rekord!","author":"Redaktion JazzZeitung","date":"13. Dezember 2017","format":false,"excerpt":"Das Bundesjazzorchester, das offizielle Jugendjazzorchester der Bundesrepublik Deutschland, sucht turnusgem\u00e4\u00df wieder Nachwuchs. Vom 3. bis 6. Januar 2018 finden in Bonn Probespiele des Orchesters statt. S\u00e4mtliche Bigband-Instrumente \u2013 Trompeten, Posaunen, Saxofone und Rhythmusgruppe \u2013 und das BuJazzO-Vokalensemble werden 2018 neu besetzt. Im Bundesjazzorchester gibt es alle zwei Jahre eine automatische\u2026","rel":"","context":"In &quot;News&quot;","block_context":{"text":"News","link":"https:\/\/www.jazzzeitung.de\/cms\/thema\/nachrichten\/"},"img":{"alt_text":"BuJazzO 25. Foto: Hufner","src":"https:\/\/i0.wp.com\/www.jazzzeitung.de\/cms\/wp-content\/uploads\/2017\/12\/bujazzo-hufi-2103.jpg?fit=1200%2C512&ssl=1&resize=350%2C200","width":350,"height":200,"srcset":"https:\/\/i0.wp.com\/www.jazzzeitung.de\/cms\/wp-content\/uploads\/2017\/12\/bujazzo-hufi-2103.jpg?fit=1200%2C512&ssl=1&resize=350%2C200 1x, https:\/\/i0.wp.com\/www.jazzzeitung.de\/cms\/wp-content\/uploads\/2017\/12\/bujazzo-hufi-2103.jpg?fit=1200%2C512&ssl=1&resize=525%2C300 1.5x, https:\/\/i0.wp.com\/www.jazzzeitung.de\/cms\/wp-content\/uploads\/2017\/12\/bujazzo-hufi-2103.jpg?fit=1200%2C512&ssl=1&resize=700%2C400 2x, https:\/\/i0.wp.com\/www.jazzzeitung.de\/cms\/wp-content\/uploads\/2017\/12\/bujazzo-hufi-2103.jpg?fit=1200%2C512&ssl=1&resize=1050%2C600 3x"},"classes":[]},{"id":2533,"url":"https:\/\/www.jazzzeitung.de\/cms\/2013\/10\/bba-archiv-fuer-neue-bigbandstuecke\/","url_meta":{"origin":8473,"position":2},"title":"bbA: Archiv f\u00fcr neue Bigbandst\u00fccke","author":"Peter Ortmann","date":"25. Oktober 2013","format":false,"excerpt":"Sp\u00e4testens mit dem BuJazzO-Kompositionspreis \u2013 erstmalig 2010 vergeben \u2013 ist das gro\u00dfe Potenzial an jungen Komponisten und Arrangeuren einem breiteren jazzinteressierten Publikum deutlich geworden, die mit guten neuen St\u00fccken die Musik f\u00fcr Jazzorchester weiterentwickeln und mit frischen, den aktuellen Trends verpflichteten Ideen aufwarten. Zur zweiten Preis-Vergabe im M\u00e4rz 2013 waren\u2026","rel":"","context":"In &quot;Blog&quot;","block_context":{"text":"Blog","link":"https:\/\/www.jazzzeitung.de\/cms\/thema\/blog\/"},"img":{"alt_text":"Niels Klein. Arrangiert und dirigiert zum Beispiel f\u00fcr das BuJazzO. Foto: Hufner","src":"https:\/\/i0.wp.com\/www.jazzzeitung.de\/cms\/wp-content\/uploads\/2013\/10\/klein_hufner-9260076-150x150.jpg?resize=350%2C200","width":350,"height":200},"classes":[]},{"id":419,"url":"https:\/\/www.jazzzeitung.de\/cms\/2010\/09\/gewinner-des-wdr-jazzpreises-2010-stehen-fest\/","url_meta":{"origin":8473,"position":3},"title":"Gewinner des WDR-Jazzpreises 2010 stehen fest","author":"J\u00f6rg Lichtinger","date":"8. September 2010","format":false,"excerpt":"Ein paar Tage kursierten sie schon, jetzt hat der WDR die Preistr\u00e4ger des WDR-Jazzpreises 2010 auch offiziell verk\u00fcndet. \u00dcber jeweils 10.000 \u20ac freuen sich Pianist Stefan Schultze (Kategorie \"Jazz Komposition\") und Trompeter Frederik K\u00f6ster (Kategorie \"Jazz Improvisation\"), der gerade erst einen Echo Jazz eingehimst hat. Den \"Ehrenpreis\" und den Preis\u2026","rel":"","context":"In &quot;Blog&quot;","block_context":{"text":"Blog","link":"https:\/\/www.jazzzeitung.de\/cms\/thema\/blog\/"},"img":{"alt_text":"Gewinner in der Kategorie Jazz Improvisation: Frederik K\u00f6ster. Foto: WDR\/K\u00f6ster","src":"https:\/\/i0.wp.com\/www.jazzzeitung.de\/cms\/wp-content\/uploads\/2010\/09\/frederik_koester_425-214x300.jpg?resize=350%2C200","width":350,"height":200},"classes":[]},{"id":28368,"url":"https:\/\/www.jazzzeitung.de\/cms\/2022\/09\/neubesetzung-bundesjazzorchester\/","url_meta":{"origin":8473,"position":4},"title":"+++ Neubesetzung Bundesjazzorchester +++","author":"Redaktion JazzZeitung","date":"29. September 2022","format":false,"excerpt":"+++ Neubesetzung Bundesjazzorchester +++ Turnusgem\u00e4\u00df werden 2023 s\u00e4mtliche Bigband-Instrumente (Trompeten, Posaunen, Saxofone, Rhythmusgruppe) sowie das Vokalensemble des Orchesters neu besetzt. Interessenten k\u00f6nnen sich bis zum 1. November 2022 um ein Probespiel bewerben, das vom 2.\u20134. Januar 2023 an der Hochschule f\u00fcr Musik und Tanz K\u00f6ln stattfindet. Bewerbungen sind aufgrund der\u2026","rel":"","context":"In &quot;News&quot;","block_context":{"text":"News","link":"https:\/\/www.jazzzeitung.de\/cms\/thema\/nachrichten\/"},"img":{"alt_text":"","src":"https:\/\/i0.wp.com\/www.jazzzeitung.de\/cms\/wp-content\/uploads\/2022\/09\/Bujazzo-2021-986_Christian-Borchers.jpg?fit=1200%2C693&ssl=1&resize=350%2C200","width":350,"height":200,"srcset":"https:\/\/i0.wp.com\/www.jazzzeitung.de\/cms\/wp-content\/uploads\/2022\/09\/Bujazzo-2021-986_Christian-Borchers.jpg?fit=1200%2C693&ssl=1&resize=350%2C200 1x, https:\/\/i0.wp.com\/www.jazzzeitung.de\/cms\/wp-content\/uploads\/2022\/09\/Bujazzo-2021-986_Christian-Borchers.jpg?fit=1200%2C693&ssl=1&resize=525%2C300 1.5x, https:\/\/i0.wp.com\/www.jazzzeitung.de\/cms\/wp-content\/uploads\/2022\/09\/Bujazzo-2021-986_Christian-Borchers.jpg?fit=1200%2C693&ssl=1&resize=700%2C400 2x, https:\/\/i0.wp.com\/www.jazzzeitung.de\/cms\/wp-content\/uploads\/2022\/09\/Bujazzo-2021-986_Christian-Borchers.jpg?fit=1200%2C693&ssl=1&resize=1050%2C600 3x"},"classes":[]},{"id":3367,"url":"https:\/\/www.jazzzeitung.de\/cms\/2014\/01\/immer-wieder-anders-das-louis-stapleton-trio\/","url_meta":{"origin":8473,"position":5},"title":"Immer wieder anders: das Louis Stapleton Trio","author":"Redaktion JazzZeitung","date":"10. Januar 2014","format":false,"excerpt":"Von Caro Kirsch - Seit sie sich bei der Aufnahmepr\u00fcfung f\u00fcrs Jazzstudium im Jahr 2011 an der Hochschule f\u00fcr Musik und Tanz K\u00f6ln kennengelernt haben, sind die drei Musiker Louis Stapleton, Oliver Lutz und Fabian Arends Freunde. Mit ihrem Modern Jazz Klavier Ensemble, dem Louis Stapleton Trio, erobern sie nun\u2026","rel":"","context":"In &quot;Newcomer des Monats&quot;","block_context":{"text":"Newcomer des Monats","link":"https:\/\/www.jazzzeitung.de\/cms\/thema\/newcomer\/"},"img":{"alt_text":"louis_stapleton","src":"https:\/\/i0.wp.com\/www.jazzzeitung.de\/cms\/wp-content\/uploads\/2014\/01\/louis_stapleton-150x150.jpg?resize=350%2C200","width":350,"height":200},"classes":[]}],"jetpack_sharing_enabled":true,"_links":{"self":[{"href":"https:\/\/www.jazzzeitung.de\/cms\/wp-json\/wp\/v2\/posts\/8473","targetHints":{"allow":["GET"]}}],"collection":[{"href":"https:\/\/www.jazzzeitung.de\/cms\/wp-json\/wp\/v2\/posts"}],"about":[{"href":"https:\/\/www.jazzzeitung.de\/cms\/wp-json\/wp\/v2\/types\/post"}],"author":[{"embeddable":true,"href":"https:\/\/www.jazzzeitung.de\/cms\/wp-json\/wp\/v2\/users\/18"}],"replies":[{"embeddable":true,"href":"https:\/\/www.jazzzeitung.de\/cms\/wp-json\/wp\/v2\/comments?post=8473"}],"version-history":[{"count":4,"href":"https:\/\/www.jazzzeitung.de\/cms\/wp-json\/wp\/v2\/posts\/8473\/revisions"}],"predecessor-version":[{"id":8481,"href":"https:\/\/www.jazzzeitung.de\/cms\/wp-json\/wp\/v2\/posts\/8473\/revisions\/8481"}],"wp:attachment":[{"href":"https:\/\/www.jazzzeitung.de\/cms\/wp-json\/wp\/v2\/media?parent=8473"}],"wp:term":[{"taxonomy":"category","embeddable":true,"href":"https:\/\/www.jazzzeitung.de\/cms\/wp-json\/wp\/v2\/categories?post=8473"},{"taxonomy":"post_tag","embeddable":true,"href":"https:\/\/www.jazzzeitung.de\/cms\/wp-json\/wp\/v2\/tags?post=8473"},{"taxonomy":"author","embeddable":true,"href":"https:\/\/www.jazzzeitung.de\/cms\/wp-json\/wp\/v2\/coauthors?post=8473"}],"curies":[{"name":"wp","href":"https:\/\/api.w.org\/{rel}","templated":true}]}}