{"id":845,"date":"2011-03-14T20:30:13","date_gmt":"2011-03-14T19:30:13","guid":{"rendered":"http:\/\/blogs.nmz.de\/jazz\/?p=845"},"modified":"2011-03-14T20:30:13","modified_gmt":"2011-03-14T19:30:13","slug":"em-gewinnt-den-neuen-deutschen-jazzpreis-2011","status":"publish","type":"post","link":"https:\/\/www.jazzzeitung.de\/cms\/2011\/03\/em-gewinnt-den-neuen-deutschen-jazzpreis-2011\/","title":{"rendered":"[em] gewinnt den Neuen Deutschen Jazzpreis 2011"},"content":{"rendered":"<p>Wer h\u00e4tte das gedacht&#8230;<\/p>\n<p>[em] \u2013 das Trio von Michael Wollny (p), Eva Kruse (b) und Eric Schaefer hat in Mannheim den Neuen Deutschen Jazzpreis gewonnen. Michael Wollny konnte sich dabei auch den Maritim-Solistenpreis sichern.<\/p>\n<p>Dieses Ergebnis ist in etwa so \u00fcberraschend wie der Gewinn der Champions-League f\u00fcr den FC Barcelona in dieser Saison, gepaart mit einer Ehrung von Lionel Messi als bestem Spieler des Turniers. Im Fu\u00dfball ist noch eine \u00dcberraschung m\u00f6glich, beim Jazzpreis hat der Favorit gesiegt.<\/p>\n<p style=\"text-align: center\">\n<figure id=\"attachment_860\" aria-describedby=\"caption-attachment-860\" style=\"width: 219px\" class=\"wp-caption aligncenter\"><a href=\"https:\/\/i0.wp.com\/www.jazzzeitung.de\/cms\/wp-content\/uploads\/2011\/03\/Jazzpreisgewinner02.jpg\"><img data-recalc-dims=\"1\" loading=\"lazy\" decoding=\"async\" data-attachment-id=\"860\" data-permalink=\"https:\/\/www.jazzzeitung.de\/cms\/2011\/03\/em-gewinnt-den-neuen-deutschen-jazzpreis-2011\/jazzpreisgewinner02\/\" data-orig-file=\"https:\/\/i0.wp.com\/www.jazzzeitung.de\/cms\/wp-content\/uploads\/2011\/03\/Jazzpreisgewinner02.jpg?fit=1932%2C2646&amp;ssl=1\" data-orig-size=\"1932,2646\" data-comments-opened=\"1\" data-image-meta=\"{&quot;aperture&quot;:&quot;0&quot;,&quot;credit&quot;:&quot;Manfred Rinderspacher&quot;,&quot;camera&quot;:&quot;&quot;,&quot;caption&quot;:&quot;Neuer Deutscher Jazzpreis 2011 , 10 000.- \\u20ac fuer die Gewinner die Gruppe em,  Michael Wollny, Eva Kruse, Eric Schaefer, ausserdem gewann Wollny den mit 1000.- \\u20ac dotierten Solistenpreis\\n\\u00a9 Rinderspacher&quot;,&quot;created_timestamp&quot;:&quot;0&quot;,&quot;copyright&quot;:&quot;\\u00a9 manfred rinderspacher\\n\\nManfred Rinderspacher\\nFotojournalist djv\\nfon\/fax +49 621 81 56 74\\nmobil +171 42 10 382\\n\\nSteuernr. 38387\/33860\\nING-DiBa AG\\nKto-Nr. 0687 582 030\\nBLZ \\u00a0500 105 17&quot;,&quot;focal_length&quot;:&quot;0&quot;,&quot;iso&quot;:&quot;0&quot;,&quot;shutter_speed&quot;:&quot;0&quot;,&quot;title&quot;:&quot;Jazzpreisgewinner02&quot;}\" data-image-title=\"[em]. Gewinner 2011\" data-image-description=\"\" data-image-caption=\"&lt;p&gt;[em] freuen sich \u00fcber 10.000 \u20ac. Foto: Manfred Rinderspacher&lt;\/p&gt;\n\" data-large-file=\"https:\/\/i0.wp.com\/www.jazzzeitung.de\/cms\/wp-content\/uploads\/2011\/03\/Jazzpreisgewinner02.jpg?fit=438%2C600&amp;ssl=1\" class=\"size-medium wp-image-860  \" title=\"[em]. Gewinner 2011\" src=\"https:\/\/i0.wp.com\/www.jazzzeitung.de\/cms\/wp-content\/uploads\/2011\/03\/Jazzpreisgewinner02-219x300.jpg?resize=219%2C300\" alt=\"[em] freuen sich \u00fcber 10.000 \u20ac. Foto: Manfred Rinderspacher\" width=\"219\" height=\"300\" srcset=\"https:\/\/i0.wp.com\/www.jazzzeitung.de\/cms\/wp-content\/uploads\/2011\/03\/Jazzpreisgewinner02.jpg?resize=219%2C300&amp;ssl=1 219w, https:\/\/i0.wp.com\/www.jazzzeitung.de\/cms\/wp-content\/uploads\/2011\/03\/Jazzpreisgewinner02.jpg?resize=747%2C1024&amp;ssl=1 747w, https:\/\/i0.wp.com\/www.jazzzeitung.de\/cms\/wp-content\/uploads\/2011\/03\/Jazzpreisgewinner02.jpg?w=1932&amp;ssl=1 1932w, https:\/\/i0.wp.com\/www.jazzzeitung.de\/cms\/wp-content\/uploads\/2011\/03\/Jazzpreisgewinner02.jpg?w=1680&amp;ssl=1 1680w\" sizes=\"auto, (max-width: 219px) 100vw, 219px\" \/><\/a><figcaption id=\"caption-attachment-860\" class=\"wp-caption-text\">em freut sich \u00fcber 10.000 \u20ac. Foto: Manfred Rinderspacher<\/figcaption><\/figure>\n<p style=\"text-align: left\">\n<p style=\"text-align: left\">Au\u00dferdem waren beim Finale in der Alten Feuerwache Mannheim dabei: Das Zodiac Trio und Studnitzky. Diesmal hat es f\u00fcr die beiden Trios gegen einen spielerisch \u00fcberlegenen Gegner aber nicht zum Titel gereicht&#8230;<\/p>\n<h6 style=\"text-align: justify\"><\/h6>\n<p><strong>Mitschnitte<\/strong> der Konzerte sind auf\u00a0 <strong><em>SWR 2<\/em><\/strong> am<\/p>\n<p><strong>26.04.2011<\/strong> und <strong>03.05.2011<\/strong>,<\/p>\n<p>jeweils um <strong>19.05 Uhr<\/strong> zu h\u00f6ren.<\/p>\n<p style=\"text-align: center\">\n<p style=\"text-align: left\">\n<p style=\"text-align: left\">\n","protected":false},"excerpt":{"rendered":"<p>Wer h\u00e4tte das gedacht&#8230; [em] \u2013 das Trio von Michael Wollny (p), Eva Kruse (b) und Eric Schaefer hat in Mannheim den Neuen Deutschen Jazzpreis gewonnen. Michael Wollny konnte sich dabei auch den Maritim-Solistenpreis sichern. Dieses Ergebnis ist in etwa so \u00fcberraschend wie der Gewinn der Champions-League f\u00fcr den FC Barcelona in dieser Saison, gepaart mit einer Ehrung von Lionel Messi als bestem Spieler des Turniers. Im Fu\u00dfball ist noch eine \u00dcberraschung m\u00f6glich, beim Jazzpreis hat der Favorit gesiegt. Au\u00dferdem waren beim Finale in der Alten Feuerwache Mannheim dabei: Das Zodiac Trio und Studnitzky. Diesmal hat es f\u00fcr die beiden Trios gegen einen spielerisch \u00fcberlegenen Gegner aber nicht zum Titel gereicht&#8230; Mitschnitte der Konzerte sind auf\u00a0 SWR 2 am 26.04.2011 und 03.05.2011, jeweils um 19.05 Uhr zu h\u00f6ren.<\/p>\n","protected":false},"author":4,"featured_media":0,"comment_status":"open","ping_status":"open","sticky":false,"template":"","format":"standard","meta":{"_jetpack_memberships_contains_paid_content":false,"footnotes":"","jetpack_publicize_message":"","jetpack_publicize_feature_enabled":true,"jetpack_social_post_already_shared":false,"jetpack_social_options":{"image_generator_settings":{"template":"highway","default_image_id":0,"font":"","enabled":false},"version":2}},"categories":[82],"tags":[37,166,489,170,191,323,326,374,388,414,527,610],"coauthors":[],"class_list":["post-845","post","type-post","status-publish","format-standard","hentry","category-blog","tag-alte-feuerwache","tag-eric-schaefer","tag-schaefer","tag-eva-kruse","tag-fussball","tag-konzerte","tag-kruse","tag-mannheim","tag-michael-wollny","tag-neuer-deutscher-jazzpreis","tag-studnitzky","tag-zodiak-trio"],"yoast_head":"<!-- This site is optimized with the Yoast SEO plugin v27.5 - https:\/\/yoast.com\/product\/yoast-seo-wordpress\/ -->\n<title>[em] gewinnt den Neuen Deutschen Jazzpreis 2011 - JazzZeitung<\/title>\n<meta name=\"robots\" content=\"index, follow, max-snippet:-1, max-image-preview:large, max-video-preview:-1\" \/>\n<link rel=\"canonical\" href=\"https:\/\/www.jazzzeitung.de\/cms\/2011\/03\/em-gewinnt-den-neuen-deutschen-jazzpreis-2011\/\" \/>\n<meta property=\"og:locale\" content=\"de_DE\" \/>\n<meta property=\"og:type\" content=\"article\" \/>\n<meta property=\"og:title\" content=\"[em] gewinnt den Neuen Deutschen Jazzpreis 2011 - JazzZeitung\" \/>\n<meta property=\"og:description\" content=\"Wer h\u00e4tte das gedacht&#8230; [em] \u2013 das Trio von Michael Wollny (p), Eva Kruse (b) und Eric Schaefer hat in Mannheim den Neuen Deutschen Jazzpreis gewonnen. Michael Wollny konnte sich dabei auch den Maritim-Solistenpreis sichern. Dieses Ergebnis ist in etwa so \u00fcberraschend wie der Gewinn der Champions-League f\u00fcr den FC Barcelona in dieser Saison, gepaart mit einer Ehrung von Lionel Messi als bestem Spieler des Turniers. Im Fu\u00dfball ist noch eine \u00dcberraschung m\u00f6glich, beim Jazzpreis hat der Favorit gesiegt. Au\u00dferdem waren beim Finale in der Alten Feuerwache Mannheim dabei: Das Zodiac Trio und Studnitzky. Diesmal hat es f\u00fcr die beiden Trios gegen einen spielerisch \u00fcberlegenen Gegner aber nicht zum Titel gereicht&#8230; Mitschnitte der Konzerte sind auf\u00a0 SWR 2 am 26.04.2011 und 03.05.2011, jeweils um 19.05 Uhr zu h\u00f6ren.\" \/>\n<meta property=\"og:url\" content=\"https:\/\/www.jazzzeitung.de\/cms\/2011\/03\/em-gewinnt-den-neuen-deutschen-jazzpreis-2011\/\" \/>\n<meta property=\"og:site_name\" content=\"JazzZeitung\" \/>\n<meta property=\"article:publisher\" content=\"https:\/\/www.facebook.com\/JazzZeitung\/\" \/>\n<meta property=\"article:published_time\" content=\"2011-03-14T19:30:13+00:00\" \/>\n<meta property=\"og:image\" content=\"http:\/\/www.jazzzeitung.de\/cms\/wp-content\/uploads\/2011\/03\/Jazzpreisgewinner02-219x300.jpg\" \/>\n<meta name=\"author\" content=\"J\u00f6rg Lichtinger\" \/>\n<script type=\"application\/ld+json\" class=\"yoast-schema-graph\">{\"@context\":\"https:\\\/\\\/schema.org\",\"@graph\":[{\"@type\":\"Article\",\"@id\":\"https:\\\/\\\/www.jazzzeitung.de\\\/cms\\\/2011\\\/03\\\/em-gewinnt-den-neuen-deutschen-jazzpreis-2011\\\/#article\",\"isPartOf\":{\"@id\":\"https:\\\/\\\/www.jazzzeitung.de\\\/cms\\\/2011\\\/03\\\/em-gewinnt-den-neuen-deutschen-jazzpreis-2011\\\/\"},\"author\":{\"name\":\"J\u00f6rg Lichtinger\",\"@id\":\"https:\\\/\\\/www.jazzzeitung.de\\\/cms\\\/#\\\/schema\\\/person\\\/4c5aaf486bdcd85db94b9a8b9e026bad\"},\"headline\":\"[em] gewinnt den Neuen Deutschen Jazzpreis 2011\",\"datePublished\":\"2011-03-14T19:30:13+00:00\",\"mainEntityOfPage\":{\"@id\":\"https:\\\/\\\/www.jazzzeitung.de\\\/cms\\\/2011\\\/03\\\/em-gewinnt-den-neuen-deutschen-jazzpreis-2011\\\/\"},\"wordCount\":151,\"commentCount\":1,\"publisher\":{\"@id\":\"https:\\\/\\\/www.jazzzeitung.de\\\/cms\\\/#organization\"},\"image\":{\"@id\":\"https:\\\/\\\/www.jazzzeitung.de\\\/cms\\\/2011\\\/03\\\/em-gewinnt-den-neuen-deutschen-jazzpreis-2011\\\/#primaryimage\"},\"thumbnailUrl\":\"http:\\\/\\\/www.jazzzeitung.de\\\/cms\\\/wp-content\\\/uploads\\\/2011\\\/03\\\/Jazzpreisgewinner02-219x300.jpg\",\"keywords\":[\"Alte Feuerwache\",\"Eric Schaefer\",\"Eric Schaefer\",\"Eva Kruse\",\"Fu\u00dfball\",\"Konzerte\",\"Kruse\",\"Mannheim\",\"Michael Wollny\",\"Neuer Deutscher Jazzpreis\",\"Studnitzky\",\"Zodiak Trio\"],\"articleSection\":[\"Blog\"],\"inLanguage\":\"de\",\"potentialAction\":[{\"@type\":\"CommentAction\",\"name\":\"Comment\",\"target\":[\"https:\\\/\\\/www.jazzzeitung.de\\\/cms\\\/2011\\\/03\\\/em-gewinnt-den-neuen-deutschen-jazzpreis-2011\\\/#respond\"]}]},{\"@type\":\"WebPage\",\"@id\":\"https:\\\/\\\/www.jazzzeitung.de\\\/cms\\\/2011\\\/03\\\/em-gewinnt-den-neuen-deutschen-jazzpreis-2011\\\/\",\"url\":\"https:\\\/\\\/www.jazzzeitung.de\\\/cms\\\/2011\\\/03\\\/em-gewinnt-den-neuen-deutschen-jazzpreis-2011\\\/\",\"name\":\"[em] gewinnt den Neuen Deutschen Jazzpreis 2011 - JazzZeitung\",\"isPartOf\":{\"@id\":\"https:\\\/\\\/www.jazzzeitung.de\\\/cms\\\/#website\"},\"primaryImageOfPage\":{\"@id\":\"https:\\\/\\\/www.jazzzeitung.de\\\/cms\\\/2011\\\/03\\\/em-gewinnt-den-neuen-deutschen-jazzpreis-2011\\\/#primaryimage\"},\"image\":{\"@id\":\"https:\\\/\\\/www.jazzzeitung.de\\\/cms\\\/2011\\\/03\\\/em-gewinnt-den-neuen-deutschen-jazzpreis-2011\\\/#primaryimage\"},\"thumbnailUrl\":\"http:\\\/\\\/www.jazzzeitung.de\\\/cms\\\/wp-content\\\/uploads\\\/2011\\\/03\\\/Jazzpreisgewinner02-219x300.jpg\",\"datePublished\":\"2011-03-14T19:30:13+00:00\",\"breadcrumb\":{\"@id\":\"https:\\\/\\\/www.jazzzeitung.de\\\/cms\\\/2011\\\/03\\\/em-gewinnt-den-neuen-deutschen-jazzpreis-2011\\\/#breadcrumb\"},\"inLanguage\":\"de\",\"potentialAction\":[{\"@type\":\"ReadAction\",\"target\":[\"https:\\\/\\\/www.jazzzeitung.de\\\/cms\\\/2011\\\/03\\\/em-gewinnt-den-neuen-deutschen-jazzpreis-2011\\\/\"]}]},{\"@type\":\"ImageObject\",\"inLanguage\":\"de\",\"@id\":\"https:\\\/\\\/www.jazzzeitung.de\\\/cms\\\/2011\\\/03\\\/em-gewinnt-den-neuen-deutschen-jazzpreis-2011\\\/#primaryimage\",\"url\":\"http:\\\/\\\/www.jazzzeitung.de\\\/cms\\\/wp-content\\\/uploads\\\/2011\\\/03\\\/Jazzpreisgewinner02-219x300.jpg\",\"contentUrl\":\"http:\\\/\\\/www.jazzzeitung.de\\\/cms\\\/wp-content\\\/uploads\\\/2011\\\/03\\\/Jazzpreisgewinner02-219x300.jpg\"},{\"@type\":\"BreadcrumbList\",\"@id\":\"https:\\\/\\\/www.jazzzeitung.de\\\/cms\\\/2011\\\/03\\\/em-gewinnt-den-neuen-deutschen-jazzpreis-2011\\\/#breadcrumb\",\"itemListElement\":[{\"@type\":\"ListItem\",\"position\":1,\"name\":\"Startseite\",\"item\":\"https:\\\/\\\/www.jazzzeitung.de\\\/cms\\\/\"},{\"@type\":\"ListItem\",\"position\":2,\"name\":\"[em] gewinnt den Neuen Deutschen Jazzpreis 2011\"}]},{\"@type\":\"WebSite\",\"@id\":\"https:\\\/\\\/www.jazzzeitung.de\\\/cms\\\/#website\",\"url\":\"https:\\\/\\\/www.jazzzeitung.de\\\/cms\\\/\",\"name\":\"JazzZeitung\",\"description\":\"Jazz-News und Jazz-Kontroverses\",\"publisher\":{\"@id\":\"https:\\\/\\\/www.jazzzeitung.de\\\/cms\\\/#organization\"},\"potentialAction\":[{\"@type\":\"SearchAction\",\"target\":{\"@type\":\"EntryPoint\",\"urlTemplate\":\"https:\\\/\\\/www.jazzzeitung.de\\\/cms\\\/?s={search_term_string}\"},\"query-input\":{\"@type\":\"PropertyValueSpecification\",\"valueRequired\":true,\"valueName\":\"search_term_string\"}}],\"inLanguage\":\"de\"},{\"@type\":\"Organization\",\"@id\":\"https:\\\/\\\/www.jazzzeitung.de\\\/cms\\\/#organization\",\"name\":\"JazzZeitung online\",\"url\":\"https:\\\/\\\/www.jazzzeitung.de\\\/cms\\\/\",\"logo\":{\"@type\":\"ImageObject\",\"inLanguage\":\"de\",\"@id\":\"https:\\\/\\\/www.jazzzeitung.de\\\/cms\\\/#\\\/schema\\\/logo\\\/image\\\/\",\"url\":\"https:\\\/\\\/i0.wp.com\\\/www.jazzzeitung.de\\\/cms\\\/wp-content\\\/uploads\\\/2015\\\/08\\\/JAZZZEITUNGDE_Logo_Neu.png?fit=499%2C200&ssl=1\",\"contentUrl\":\"https:\\\/\\\/i0.wp.com\\\/www.jazzzeitung.de\\\/cms\\\/wp-content\\\/uploads\\\/2015\\\/08\\\/JAZZZEITUNGDE_Logo_Neu.png?fit=499%2C200&ssl=1\",\"width\":499,\"height\":200,\"caption\":\"JazzZeitung online\"},\"image\":{\"@id\":\"https:\\\/\\\/www.jazzzeitung.de\\\/cms\\\/#\\\/schema\\\/logo\\\/image\\\/\"},\"sameAs\":[\"https:\\\/\\\/www.facebook.com\\\/JazzZeitung\\\/\"]},{\"@type\":\"Person\",\"@id\":\"https:\\\/\\\/www.jazzzeitung.de\\\/cms\\\/#\\\/schema\\\/person\\\/4c5aaf486bdcd85db94b9a8b9e026bad\",\"name\":\"J\u00f6rg Lichtinger\",\"image\":{\"@type\":\"ImageObject\",\"inLanguage\":\"de\",\"@id\":\"https:\\\/\\\/secure.gravatar.com\\\/avatar\\\/8d1d484eb77cf370a1620f9866681cdba540c9b8439ce96ea0c830dd3b59936c?s=96&d=wp_user_avatar&r=ge66dff7680db2349fb79ae0cb2d734e3\",\"url\":\"https:\\\/\\\/secure.gravatar.com\\\/avatar\\\/8d1d484eb77cf370a1620f9866681cdba540c9b8439ce96ea0c830dd3b59936c?s=96&d=wp_user_avatar&r=g\",\"contentUrl\":\"https:\\\/\\\/secure.gravatar.com\\\/avatar\\\/8d1d484eb77cf370a1620f9866681cdba540c9b8439ce96ea0c830dd3b59936c?s=96&d=wp_user_avatar&r=g\",\"caption\":\"J\u00f6rg Lichtinger\"},\"url\":\"https:\\\/\\\/www.jazzzeitung.de\\\/cms\\\/author\\\/lichtinger\\\/\"}]}<\/script>\n<!-- \/ Yoast SEO plugin. -->","yoast_head_json":{"title":"[em] gewinnt den Neuen Deutschen Jazzpreis 2011 - JazzZeitung","robots":{"index":"index","follow":"follow","max-snippet":"max-snippet:-1","max-image-preview":"max-image-preview:large","max-video-preview":"max-video-preview:-1"},"canonical":"https:\/\/www.jazzzeitung.de\/cms\/2011\/03\/em-gewinnt-den-neuen-deutschen-jazzpreis-2011\/","og_locale":"de_DE","og_type":"article","og_title":"[em] gewinnt den Neuen Deutschen Jazzpreis 2011 - JazzZeitung","og_description":"Wer h\u00e4tte das gedacht&#8230; [em] \u2013 das Trio von Michael Wollny (p), Eva Kruse (b) und Eric Schaefer hat in Mannheim den Neuen Deutschen Jazzpreis gewonnen. Michael Wollny konnte sich dabei auch den Maritim-Solistenpreis sichern. Dieses Ergebnis ist in etwa so \u00fcberraschend wie der Gewinn der Champions-League f\u00fcr den FC Barcelona in dieser Saison, gepaart mit einer Ehrung von Lionel Messi als bestem Spieler des Turniers. Im Fu\u00dfball ist noch eine \u00dcberraschung m\u00f6glich, beim Jazzpreis hat der Favorit gesiegt. Au\u00dferdem waren beim Finale in der Alten Feuerwache Mannheim dabei: Das Zodiac Trio und Studnitzky. Diesmal hat es f\u00fcr die beiden Trios gegen einen spielerisch \u00fcberlegenen Gegner aber nicht zum Titel gereicht&#8230; Mitschnitte der Konzerte sind auf\u00a0 SWR 2 am 26.04.2011 und 03.05.2011, jeweils um 19.05 Uhr zu h\u00f6ren.","og_url":"https:\/\/www.jazzzeitung.de\/cms\/2011\/03\/em-gewinnt-den-neuen-deutschen-jazzpreis-2011\/","og_site_name":"JazzZeitung","article_publisher":"https:\/\/www.facebook.com\/JazzZeitung\/","article_published_time":"2011-03-14T19:30:13+00:00","og_image":[{"url":"http:\/\/www.jazzzeitung.de\/cms\/wp-content\/uploads\/2011\/03\/Jazzpreisgewinner02-219x300.jpg","type":"","width":"","height":""}],"author":"J\u00f6rg Lichtinger","schema":{"@context":"https:\/\/schema.org","@graph":[{"@type":"Article","@id":"https:\/\/www.jazzzeitung.de\/cms\/2011\/03\/em-gewinnt-den-neuen-deutschen-jazzpreis-2011\/#article","isPartOf":{"@id":"https:\/\/www.jazzzeitung.de\/cms\/2011\/03\/em-gewinnt-den-neuen-deutschen-jazzpreis-2011\/"},"author":{"name":"J\u00f6rg Lichtinger","@id":"https:\/\/www.jazzzeitung.de\/cms\/#\/schema\/person\/4c5aaf486bdcd85db94b9a8b9e026bad"},"headline":"[em] gewinnt den Neuen Deutschen Jazzpreis 2011","datePublished":"2011-03-14T19:30:13+00:00","mainEntityOfPage":{"@id":"https:\/\/www.jazzzeitung.de\/cms\/2011\/03\/em-gewinnt-den-neuen-deutschen-jazzpreis-2011\/"},"wordCount":151,"commentCount":1,"publisher":{"@id":"https:\/\/www.jazzzeitung.de\/cms\/#organization"},"image":{"@id":"https:\/\/www.jazzzeitung.de\/cms\/2011\/03\/em-gewinnt-den-neuen-deutschen-jazzpreis-2011\/#primaryimage"},"thumbnailUrl":"http:\/\/www.jazzzeitung.de\/cms\/wp-content\/uploads\/2011\/03\/Jazzpreisgewinner02-219x300.jpg","keywords":["Alte Feuerwache","Eric Schaefer","Eric Schaefer","Eva Kruse","Fu\u00dfball","Konzerte","Kruse","Mannheim","Michael Wollny","Neuer Deutscher Jazzpreis","Studnitzky","Zodiak Trio"],"articleSection":["Blog"],"inLanguage":"de","potentialAction":[{"@type":"CommentAction","name":"Comment","target":["https:\/\/www.jazzzeitung.de\/cms\/2011\/03\/em-gewinnt-den-neuen-deutschen-jazzpreis-2011\/#respond"]}]},{"@type":"WebPage","@id":"https:\/\/www.jazzzeitung.de\/cms\/2011\/03\/em-gewinnt-den-neuen-deutschen-jazzpreis-2011\/","url":"https:\/\/www.jazzzeitung.de\/cms\/2011\/03\/em-gewinnt-den-neuen-deutschen-jazzpreis-2011\/","name":"[em] gewinnt den Neuen Deutschen Jazzpreis 2011 - JazzZeitung","isPartOf":{"@id":"https:\/\/www.jazzzeitung.de\/cms\/#website"},"primaryImageOfPage":{"@id":"https:\/\/www.jazzzeitung.de\/cms\/2011\/03\/em-gewinnt-den-neuen-deutschen-jazzpreis-2011\/#primaryimage"},"image":{"@id":"https:\/\/www.jazzzeitung.de\/cms\/2011\/03\/em-gewinnt-den-neuen-deutschen-jazzpreis-2011\/#primaryimage"},"thumbnailUrl":"http:\/\/www.jazzzeitung.de\/cms\/wp-content\/uploads\/2011\/03\/Jazzpreisgewinner02-219x300.jpg","datePublished":"2011-03-14T19:30:13+00:00","breadcrumb":{"@id":"https:\/\/www.jazzzeitung.de\/cms\/2011\/03\/em-gewinnt-den-neuen-deutschen-jazzpreis-2011\/#breadcrumb"},"inLanguage":"de","potentialAction":[{"@type":"ReadAction","target":["https:\/\/www.jazzzeitung.de\/cms\/2011\/03\/em-gewinnt-den-neuen-deutschen-jazzpreis-2011\/"]}]},{"@type":"ImageObject","inLanguage":"de","@id":"https:\/\/www.jazzzeitung.de\/cms\/2011\/03\/em-gewinnt-den-neuen-deutschen-jazzpreis-2011\/#primaryimage","url":"http:\/\/www.jazzzeitung.de\/cms\/wp-content\/uploads\/2011\/03\/Jazzpreisgewinner02-219x300.jpg","contentUrl":"http:\/\/www.jazzzeitung.de\/cms\/wp-content\/uploads\/2011\/03\/Jazzpreisgewinner02-219x300.jpg"},{"@type":"BreadcrumbList","@id":"https:\/\/www.jazzzeitung.de\/cms\/2011\/03\/em-gewinnt-den-neuen-deutschen-jazzpreis-2011\/#breadcrumb","itemListElement":[{"@type":"ListItem","position":1,"name":"Startseite","item":"https:\/\/www.jazzzeitung.de\/cms\/"},{"@type":"ListItem","position":2,"name":"[em] gewinnt den Neuen Deutschen Jazzpreis 2011"}]},{"@type":"WebSite","@id":"https:\/\/www.jazzzeitung.de\/cms\/#website","url":"https:\/\/www.jazzzeitung.de\/cms\/","name":"JazzZeitung","description":"Jazz-News und Jazz-Kontroverses","publisher":{"@id":"https:\/\/www.jazzzeitung.de\/cms\/#organization"},"potentialAction":[{"@type":"SearchAction","target":{"@type":"EntryPoint","urlTemplate":"https:\/\/www.jazzzeitung.de\/cms\/?s={search_term_string}"},"query-input":{"@type":"PropertyValueSpecification","valueRequired":true,"valueName":"search_term_string"}}],"inLanguage":"de"},{"@type":"Organization","@id":"https:\/\/www.jazzzeitung.de\/cms\/#organization","name":"JazzZeitung online","url":"https:\/\/www.jazzzeitung.de\/cms\/","logo":{"@type":"ImageObject","inLanguage":"de","@id":"https:\/\/www.jazzzeitung.de\/cms\/#\/schema\/logo\/image\/","url":"https:\/\/i0.wp.com\/www.jazzzeitung.de\/cms\/wp-content\/uploads\/2015\/08\/JAZZZEITUNGDE_Logo_Neu.png?fit=499%2C200&ssl=1","contentUrl":"https:\/\/i0.wp.com\/www.jazzzeitung.de\/cms\/wp-content\/uploads\/2015\/08\/JAZZZEITUNGDE_Logo_Neu.png?fit=499%2C200&ssl=1","width":499,"height":200,"caption":"JazzZeitung online"},"image":{"@id":"https:\/\/www.jazzzeitung.de\/cms\/#\/schema\/logo\/image\/"},"sameAs":["https:\/\/www.facebook.com\/JazzZeitung\/"]},{"@type":"Person","@id":"https:\/\/www.jazzzeitung.de\/cms\/#\/schema\/person\/4c5aaf486bdcd85db94b9a8b9e026bad","name":"J\u00f6rg Lichtinger","image":{"@type":"ImageObject","inLanguage":"de","@id":"https:\/\/secure.gravatar.com\/avatar\/8d1d484eb77cf370a1620f9866681cdba540c9b8439ce96ea0c830dd3b59936c?s=96&d=wp_user_avatar&r=ge66dff7680db2349fb79ae0cb2d734e3","url":"https:\/\/secure.gravatar.com\/avatar\/8d1d484eb77cf370a1620f9866681cdba540c9b8439ce96ea0c830dd3b59936c?s=96&d=wp_user_avatar&r=g","contentUrl":"https:\/\/secure.gravatar.com\/avatar\/8d1d484eb77cf370a1620f9866681cdba540c9b8439ce96ea0c830dd3b59936c?s=96&d=wp_user_avatar&r=g","caption":"J\u00f6rg Lichtinger"},"url":"https:\/\/www.jazzzeitung.de\/cms\/author\/lichtinger\/"}]}},"wp-worthy-pixel":{"ignored":false,"public":null,"server":null,"url":null},"wp-worthy-type":"normal","jetpack_publicize_connections":[],"cc_featured_image_caption":{"caption_text":false,"source_text":false,"source_url":false},"jetpack_featured_media_url":"","jetpack_shortlink":"https:\/\/wp.me\/p3KEcT-dD","jetpack-related-posts":[{"id":751,"url":"https:\/\/www.jazzzeitung.de\/cms\/2011\/02\/neuer-deutscher-jazzpreis-2011-die-finalisten\/","url_meta":{"origin":845,"position":0},"title":"Neuer Deutscher Jazzpreis 2011 \u2013 Die Finalisten","author":"J\u00f6rg Lichtinger","date":"9. Februar 2011","format":false,"excerpt":"Der Kurator hat seine Wahl getroffen. Bojan Z., Kurator bei der diesj\u00e4hrigen 6. Ausgabe des Neuen Deutschen Jazzpreises, hat aus den Bands, die nach der Vorauswahl \u00fcbriggeblieben waren, drei Formationen f\u00fcr das Finale im M\u00e4rz ausgesucht. Wie im letzten Jahr Kenny Wheeler, entschied sich auch Bojan Z. f\u00fcr drei Trios.\u2026","rel":"","context":"In &quot;Blog&quot;","block_context":{"text":"Blog","link":"https:\/\/www.jazzzeitung.de\/cms\/thema\/blog\/"},"img":{"alt_text":"Kurator beim NDJP: Pianist Bojan Z. Foto: Zijah Gafic  ","src":"https:\/\/i0.wp.com\/www.jazzzeitung.de\/cms\/wp-content\/uploads\/2011\/02\/zgafic_press_bojan_portrait-300x200.jpg?resize=350%2C200","width":350,"height":200},"classes":[]},{"id":898,"url":"https:\/\/www.jazzzeitung.de\/cms\/2011\/03\/die-finalisten-des-bmw-welt-jazz-award-2011\/","url_meta":{"origin":845,"position":1},"title":"Die Finalisten des BMW Welt Jazz Award 2011","author":"J\u00f6rg Lichtinger","date":"18. M\u00e4rz 2011","format":false,"excerpt":"Die Jury hat entschieden. Die Wahl f\u00fcr die Finalisten des BMW Welt Jazz Award 2011 ist auf Wanja Slavin Lotus Eaters und Nils Wogram's Root 70 gefallen. Sechs Bands haben zwischen Januar und M\u00e4rz 2011 mit jeweils einem Konzert im Doppelkegel der BMW Welt um den Finaleinzug gespielt. Dabei haben\u2026","rel":"","context":"In &quot;Blog&quot;","block_context":{"text":"Blog","link":"https:\/\/www.jazzzeitung.de\/cms\/thema\/blog\/"},"img":{"alt_text":"Finalist Wanja Slavin. Foto: BMW Welt","src":"https:\/\/i0.wp.com\/www.jazzzeitung.de\/cms\/wp-content\/uploads\/2011\/03\/Wanja_Slavin-300x300.jpg?resize=350%2C200","width":350,"height":200},"classes":[]},{"id":15456,"url":"https:\/\/www.jazzzeitung.de\/cms\/2018\/03\/neuer-deutscher-jazzpreis-mannheim-2018\/","url_meta":{"origin":845,"position":2},"title":"Neuer Deutscher Jazzpreis Mannheim 2018","author":"Redaktion JazzZeitung","date":"26. M\u00e4rz 2018","format":false,"excerpt":"Am 23. und 24. M\u00e4rz fand in der alten Feuerwache in Mannheim zum dreizehnten Mal der Neue Deutsche Jazzpreis statt. Am Freitag w\u00e4hlte das Publikum den Gewinner des Neuen Deutschen Kompositionspreises, am Samstag die Gewinner des Neuen Deutschen Jazzpreises. Gewinner des L-Bank-Bandpreises in Ho\u0308he von 10.000 Euro wurde das Vincent\u2026","rel":"","context":"In &quot;News&quot;","block_context":{"text":"News","link":"https:\/\/www.jazzzeitung.de\/cms\/thema\/nachrichten\/"},"img":{"alt_text":"","src":"https:\/\/i0.wp.com\/www.jazzzeitung.de\/cms\/wp-content\/uploads\/2018\/03\/Eberle_Quintett_Copyright_Konni_Kern.jpg?fit=1200%2C800&ssl=1&resize=350%2C200","width":350,"height":200,"srcset":"https:\/\/i0.wp.com\/www.jazzzeitung.de\/cms\/wp-content\/uploads\/2018\/03\/Eberle_Quintett_Copyright_Konni_Kern.jpg?fit=1200%2C800&ssl=1&resize=350%2C200 1x, https:\/\/i0.wp.com\/www.jazzzeitung.de\/cms\/wp-content\/uploads\/2018\/03\/Eberle_Quintett_Copyright_Konni_Kern.jpg?fit=1200%2C800&ssl=1&resize=525%2C300 1.5x, https:\/\/i0.wp.com\/www.jazzzeitung.de\/cms\/wp-content\/uploads\/2018\/03\/Eberle_Quintett_Copyright_Konni_Kern.jpg?fit=1200%2C800&ssl=1&resize=700%2C400 2x, https:\/\/i0.wp.com\/www.jazzzeitung.de\/cms\/wp-content\/uploads\/2018\/03\/Eberle_Quintett_Copyright_Konni_Kern.jpg?fit=1200%2C800&ssl=1&resize=1050%2C600 3x"},"classes":[]},{"id":7379,"url":"https:\/\/www.jazzzeitung.de\/cms\/2015\/10\/miachelas\/","url_meta":{"origin":845,"position":3},"title":"Michaels Wollnys Nachtfahrt","author":"Redaktion JazzZeitung","date":"18. Oktober 2015","format":false,"excerpt":"Von Thomas J. Krebs - Michael Wollny geht mit seiner neuen CD \u201eNachtfahrten\u201c in die dritte Trio-Runde. Nach der 2005er Urbesetzung mit Eva Kruse und Eric Sch\u00e4fer, stieg 2013 der Bassist Tim Lefebvre ein, dessen Platz nun Christian Weber einnimmt. Und wieder ergeben sich neue Wollnysche Klangwelten. Nach der letzten\u2026","rel":"","context":"In &quot;Rezension&quot;","block_context":{"text":"Rezension","link":"https:\/\/www.jazzzeitung.de\/cms\/thema\/rezension\/"},"img":{"alt_text":"Cover","src":"https:\/\/i0.wp.com\/www.jazzzeitung.de\/cms\/wp-content\/uploads\/2015\/10\/Cover-Nachtfahrten-150x150.jpg?resize=350%2C200","width":350,"height":200},"classes":[]},{"id":9715,"url":"https:\/\/www.jazzzeitung.de\/cms\/2016\/07\/neuer-deutscher-jazzpreis-mannheim-2017\/","url_meta":{"origin":845,"position":4},"title":"Neuer Deutscher Jazzpreis Mannheim 2017","author":"Redaktion JazzZeitung","date":"21. Juli 2016","format":false,"excerpt":"Im Jahr 2017 vergibt die IG Jazz Rhein-Neckar e.V. in Kooperation mit der Alten Feuerwache Mannheim gGmbH bereits zum zw\u00f6lften Mal den Neuen Deutschen Jazzpreis. Das Festivalwochenende findet am 7. und 8. April 2017 in der Alten Feuerwache Mannheim statt. Es ist mit 10.000.- Euro der h\u00f6chstdotierte Bandpreis f\u00fcr professionelle\u2026","rel":"","context":"In &quot;News&quot;","block_context":{"text":"News","link":"https:\/\/www.jazzzeitung.de\/cms\/thema\/nachrichten\/"},"img":{"alt_text":"logo_ndjazzpreis","src":"https:\/\/i0.wp.com\/www.jazzzeitung.de\/cms\/wp-content\/uploads\/2016\/07\/logo_ndjazzpreis-150x150.jpg?resize=350%2C200","width":350,"height":200},"classes":[]},{"id":11991,"url":"https:\/\/www.jazzzeitung.de\/cms\/2017\/03\/die-finalisten-des-bmw-welt-jazz-award-2017-renaud-garcia-fons-und-eva-kruse\/","url_meta":{"origin":845,"position":5},"title":"Die Finalisten des BMW Welt Jazz Award 2017: Renaud Garcia-Fons und Eva Kruse","author":"Redaktion JazzZeitung","date":"16. M\u00e4rz 2017","format":false,"excerpt":"Die renommierte Jury des BMW Welt Jazz Award hat sich f\u00fcr folgende Kontrahenten im Finale 2017 entschieden: der Franzose Renaud Garcia-Fons und die aus Deutschland stammende Eva Kruse treten am 6. Mai gegeneinander im Auditorium der BMW Welt an. Das Sieger-Ensemble wird mit einem Preisgeld von 10.000 Euro und einer\u2026","rel":"","context":"In &quot;News&quot;","block_context":{"text":"News","link":"https:\/\/www.jazzzeitung.de\/cms\/thema\/nachrichten\/"},"img":{"alt_text":"","src":"https:\/\/i0.wp.com\/www.jazzzeitung.de\/cms\/wp-content\/uploads\/2017\/02\/Garcia-Fons-P1210550-Foto-TJ-Krebs.jpg?resize=350%2C200","width":350,"height":200,"srcset":"https:\/\/i0.wp.com\/www.jazzzeitung.de\/cms\/wp-content\/uploads\/2017\/02\/Garcia-Fons-P1210550-Foto-TJ-Krebs.jpg?resize=350%2C200 1x, https:\/\/i0.wp.com\/www.jazzzeitung.de\/cms\/wp-content\/uploads\/2017\/02\/Garcia-Fons-P1210550-Foto-TJ-Krebs.jpg?resize=525%2C300 1.5x, https:\/\/i0.wp.com\/www.jazzzeitung.de\/cms\/wp-content\/uploads\/2017\/02\/Garcia-Fons-P1210550-Foto-TJ-Krebs.jpg?resize=700%2C400 2x, https:\/\/i0.wp.com\/www.jazzzeitung.de\/cms\/wp-content\/uploads\/2017\/02\/Garcia-Fons-P1210550-Foto-TJ-Krebs.jpg?resize=1050%2C600 3x"},"classes":[]}],"jetpack_sharing_enabled":true,"_links":{"self":[{"href":"https:\/\/www.jazzzeitung.de\/cms\/wp-json\/wp\/v2\/posts\/845","targetHints":{"allow":["GET"]}}],"collection":[{"href":"https:\/\/www.jazzzeitung.de\/cms\/wp-json\/wp\/v2\/posts"}],"about":[{"href":"https:\/\/www.jazzzeitung.de\/cms\/wp-json\/wp\/v2\/types\/post"}],"author":[{"embeddable":true,"href":"https:\/\/www.jazzzeitung.de\/cms\/wp-json\/wp\/v2\/users\/4"}],"replies":[{"embeddable":true,"href":"https:\/\/www.jazzzeitung.de\/cms\/wp-json\/wp\/v2\/comments?post=845"}],"version-history":[{"count":0,"href":"https:\/\/www.jazzzeitung.de\/cms\/wp-json\/wp\/v2\/posts\/845\/revisions"}],"wp:attachment":[{"href":"https:\/\/www.jazzzeitung.de\/cms\/wp-json\/wp\/v2\/media?parent=845"}],"wp:term":[{"taxonomy":"category","embeddable":true,"href":"https:\/\/www.jazzzeitung.de\/cms\/wp-json\/wp\/v2\/categories?post=845"},{"taxonomy":"post_tag","embeddable":true,"href":"https:\/\/www.jazzzeitung.de\/cms\/wp-json\/wp\/v2\/tags?post=845"},{"taxonomy":"author","embeddable":true,"href":"https:\/\/www.jazzzeitung.de\/cms\/wp-json\/wp\/v2\/coauthors?post=845"}],"curies":[{"name":"wp","href":"https:\/\/api.w.org\/{rel}","templated":true}]}}