{"id":84,"date":"2010-05-11T11:21:52","date_gmt":"2010-05-11T09:21:52","guid":{"rendered":"http:\/\/blogs.nmz.de\/jazz\/?p=84"},"modified":"2010-05-11T11:21:52","modified_gmt":"2010-05-11T09:21:52","slug":"musikhoeren","status":"publish","type":"post","link":"https:\/\/www.jazzzeitung.de\/cms\/2010\/05\/musikhoeren\/","title":{"rendered":"Musikh\u00f6ren"},"content":{"rendered":"<p>Und jetzt? Alles vorbei: jazzahead!, Jazz ECHO, Musikmesse, und der JazzZeit-Blog verstummt. Damit dem nicht lange so ist, hier ein paar Gedanken und Statements, die w\u00e4hrend der letzten &#8222;Scheiben-Jury&#8220; im Regensburger Leeren Beutel, aufkamen.<br \/>\nZum Thema Jamie Cullum, den der Drummer Gerwin Eisenhauer mitgebracht hatte, meinte BR-Klassik-Redakteur Roland Spiegel, das sei aber doch &#8222;Unterhaltungsmusik&#8220;. Woraufhin Manfred Rehm vom Neuburger Birdland entgegnete, qualitativ hochwertige Musik spreche auch ein breiteres Publikum an.<br \/>\nEin weiterer Diskussionspunkt: wo h\u00f6re ich mir das an? Kann man CDs oder Jazzst\u00fccke nach diesem &#8222;Qualit\u00e4tskriterium&#8220; beurteilen?<br \/>\nUnd zuguterletzt: ist Jazz gleichbedeutend mit improvisierter Musik? Was meinen Sie? Was meint Ihr?<\/p>\n","protected":false},"excerpt":{"rendered":"<p>Und jetzt? Alles vorbei: jazzahead!, Jazz ECHO, Musikmesse, und der JazzZeit-Blog verstummt. Damit dem nicht lange so ist, hier ein paar Gedanken und Statements, die w\u00e4hrend der letzten &#8222;Scheiben-Jury&#8220; im Regensburger Leeren Beutel, aufkamen. Zum Thema Jamie Cullum, den der Drummer Gerwin Eisenhauer mitgebracht hatte, meinte BR-Klassik-Redakteur Roland Spiegel, das sei aber doch &#8222;Unterhaltungsmusik&#8220;. Woraufhin Manfred Rehm vom Neuburger Birdland entgegnete, qualitativ hochwertige Musik spreche auch ein breiteres Publikum an. Ein weiterer Diskussionspunkt: wo h\u00f6re ich mir das an? Kann man CDs oder Jazzst\u00fccke nach diesem &#8222;Qualit\u00e4tskriterium&#8220; beurteilen? Und zuguterletzt: ist Jazz gleichbedeutend mit improvisierter Musik? Was meinen Sie? Was meint Ihr?<\/p>\n","protected":false},"author":6,"featured_media":0,"comment_status":"open","ping_status":"open","sticky":false,"template":"","format":"standard","meta":{"_jetpack_memberships_contains_paid_content":false,"footnotes":"","jetpack_publicize_message":"","jetpack_publicize_feature_enabled":true,"jetpack_social_post_already_shared":false,"jetpack_social_options":{"image_generator_settings":{"template":"highway","default_image_id":0,"font":"","enabled":false},"version":2}},"categories":[82],"tags":[80,372,473],"coauthors":[],"class_list":["post-84","post","type-post","status-publish","format-standard","hentry","category-blog","tag-birdland-neuburg","tag-manfred-rehm","tag-roland-spiegel"],"yoast_head":"<!-- This site is optimized with the Yoast SEO plugin v27.5 - https:\/\/yoast.com\/product\/yoast-seo-wordpress\/ -->\n<title>Musikh\u00f6ren - JazzZeitung<\/title>\n<meta name=\"robots\" content=\"index, follow, max-snippet:-1, max-image-preview:large, max-video-preview:-1\" \/>\n<link rel=\"canonical\" href=\"https:\/\/www.jazzzeitung.de\/cms\/2010\/05\/musikhoeren\/\" \/>\n<meta property=\"og:locale\" content=\"de_DE\" \/>\n<meta property=\"og:type\" content=\"article\" \/>\n<meta property=\"og:title\" content=\"Musikh\u00f6ren - JazzZeitung\" \/>\n<meta property=\"og:description\" content=\"Und jetzt? Alles vorbei: jazzahead!, Jazz ECHO, Musikmesse, und der JazzZeit-Blog verstummt. Damit dem nicht lange so ist, hier ein paar Gedanken und Statements, die w\u00e4hrend der letzten &#8222;Scheiben-Jury&#8220; im Regensburger Leeren Beutel, aufkamen. Zum Thema Jamie Cullum, den der Drummer Gerwin Eisenhauer mitgebracht hatte, meinte BR-Klassik-Redakteur Roland Spiegel, das sei aber doch &#8222;Unterhaltungsmusik&#8220;. Woraufhin Manfred Rehm vom Neuburger Birdland entgegnete, qualitativ hochwertige Musik spreche auch ein breiteres Publikum an. Ein weiterer Diskussionspunkt: wo h\u00f6re ich mir das an? Kann man CDs oder Jazzst\u00fccke nach diesem &#8222;Qualit\u00e4tskriterium&#8220; beurteilen? Und zuguterletzt: ist Jazz gleichbedeutend mit improvisierter Musik? Was meinen Sie? Was meint Ihr?\" \/>\n<meta property=\"og:url\" content=\"https:\/\/www.jazzzeitung.de\/cms\/2010\/05\/musikhoeren\/\" \/>\n<meta property=\"og:site_name\" content=\"JazzZeitung\" \/>\n<meta property=\"article:publisher\" content=\"https:\/\/www.facebook.com\/JazzZeitung\/\" \/>\n<meta property=\"article:published_time\" content=\"2010-05-11T09:21:52+00:00\" \/>\n<meta property=\"og:image\" content=\"https:\/\/i0.wp.com\/www.jazzzeitung.de\/cms\/wp-content\/uploads\/2012\/01\/ipad-logo-200.png?fit=200%2C200&ssl=1\" \/>\n\t<meta property=\"og:image:width\" content=\"200\" \/>\n\t<meta property=\"og:image:height\" content=\"200\" \/>\n\t<meta property=\"og:image:type\" content=\"image\/png\" \/>\n<meta name=\"author\" content=\"Ursula Gaisa\" \/>\n<script type=\"application\/ld+json\" class=\"yoast-schema-graph\">{\"@context\":\"https:\\\/\\\/schema.org\",\"@graph\":[{\"@type\":\"Article\",\"@id\":\"https:\\\/\\\/www.jazzzeitung.de\\\/cms\\\/2010\\\/05\\\/musikhoeren\\\/#article\",\"isPartOf\":{\"@id\":\"https:\\\/\\\/www.jazzzeitung.de\\\/cms\\\/2010\\\/05\\\/musikhoeren\\\/\"},\"author\":{\"name\":\"Ursula Gaisa\",\"@id\":\"https:\\\/\\\/www.jazzzeitung.de\\\/cms\\\/#\\\/schema\\\/person\\\/1d7707f8668f083601157be48b16fe1b\"},\"headline\":\"Musikh\u00f6ren\",\"datePublished\":\"2010-05-11T09:21:52+00:00\",\"mainEntityOfPage\":{\"@id\":\"https:\\\/\\\/www.jazzzeitung.de\\\/cms\\\/2010\\\/05\\\/musikhoeren\\\/\"},\"wordCount\":108,\"commentCount\":15,\"publisher\":{\"@id\":\"https:\\\/\\\/www.jazzzeitung.de\\\/cms\\\/#organization\"},\"keywords\":[\"Birdland Neuburg\",\"Manfred Rehm\",\"Roland Spiegel\"],\"articleSection\":[\"Blog\"],\"inLanguage\":\"de\",\"potentialAction\":[{\"@type\":\"CommentAction\",\"name\":\"Comment\",\"target\":[\"https:\\\/\\\/www.jazzzeitung.de\\\/cms\\\/2010\\\/05\\\/musikhoeren\\\/#respond\"]}]},{\"@type\":\"WebPage\",\"@id\":\"https:\\\/\\\/www.jazzzeitung.de\\\/cms\\\/2010\\\/05\\\/musikhoeren\\\/\",\"url\":\"https:\\\/\\\/www.jazzzeitung.de\\\/cms\\\/2010\\\/05\\\/musikhoeren\\\/\",\"name\":\"Musikh\u00f6ren - JazzZeitung\",\"isPartOf\":{\"@id\":\"https:\\\/\\\/www.jazzzeitung.de\\\/cms\\\/#website\"},\"datePublished\":\"2010-05-11T09:21:52+00:00\",\"breadcrumb\":{\"@id\":\"https:\\\/\\\/www.jazzzeitung.de\\\/cms\\\/2010\\\/05\\\/musikhoeren\\\/#breadcrumb\"},\"inLanguage\":\"de\",\"potentialAction\":[{\"@type\":\"ReadAction\",\"target\":[\"https:\\\/\\\/www.jazzzeitung.de\\\/cms\\\/2010\\\/05\\\/musikhoeren\\\/\"]}]},{\"@type\":\"BreadcrumbList\",\"@id\":\"https:\\\/\\\/www.jazzzeitung.de\\\/cms\\\/2010\\\/05\\\/musikhoeren\\\/#breadcrumb\",\"itemListElement\":[{\"@type\":\"ListItem\",\"position\":1,\"name\":\"Startseite\",\"item\":\"https:\\\/\\\/www.jazzzeitung.de\\\/cms\\\/\"},{\"@type\":\"ListItem\",\"position\":2,\"name\":\"Musikh\u00f6ren\"}]},{\"@type\":\"WebSite\",\"@id\":\"https:\\\/\\\/www.jazzzeitung.de\\\/cms\\\/#website\",\"url\":\"https:\\\/\\\/www.jazzzeitung.de\\\/cms\\\/\",\"name\":\"JazzZeitung\",\"description\":\"Jazz-News und Jazz-Kontroverses\",\"publisher\":{\"@id\":\"https:\\\/\\\/www.jazzzeitung.de\\\/cms\\\/#organization\"},\"potentialAction\":[{\"@type\":\"SearchAction\",\"target\":{\"@type\":\"EntryPoint\",\"urlTemplate\":\"https:\\\/\\\/www.jazzzeitung.de\\\/cms\\\/?s={search_term_string}\"},\"query-input\":{\"@type\":\"PropertyValueSpecification\",\"valueRequired\":true,\"valueName\":\"search_term_string\"}}],\"inLanguage\":\"de\"},{\"@type\":\"Organization\",\"@id\":\"https:\\\/\\\/www.jazzzeitung.de\\\/cms\\\/#organization\",\"name\":\"JazzZeitung online\",\"url\":\"https:\\\/\\\/www.jazzzeitung.de\\\/cms\\\/\",\"logo\":{\"@type\":\"ImageObject\",\"inLanguage\":\"de\",\"@id\":\"https:\\\/\\\/www.jazzzeitung.de\\\/cms\\\/#\\\/schema\\\/logo\\\/image\\\/\",\"url\":\"https:\\\/\\\/i0.wp.com\\\/www.jazzzeitung.de\\\/cms\\\/wp-content\\\/uploads\\\/2015\\\/08\\\/JAZZZEITUNGDE_Logo_Neu.png?fit=499%2C200&ssl=1\",\"contentUrl\":\"https:\\\/\\\/i0.wp.com\\\/www.jazzzeitung.de\\\/cms\\\/wp-content\\\/uploads\\\/2015\\\/08\\\/JAZZZEITUNGDE_Logo_Neu.png?fit=499%2C200&ssl=1\",\"width\":499,\"height\":200,\"caption\":\"JazzZeitung online\"},\"image\":{\"@id\":\"https:\\\/\\\/www.jazzzeitung.de\\\/cms\\\/#\\\/schema\\\/logo\\\/image\\\/\"},\"sameAs\":[\"https:\\\/\\\/www.facebook.com\\\/JazzZeitung\\\/\"]},{\"@type\":\"Person\",\"@id\":\"https:\\\/\\\/www.jazzzeitung.de\\\/cms\\\/#\\\/schema\\\/person\\\/1d7707f8668f083601157be48b16fe1b\",\"name\":\"Ursula Gaisa\",\"image\":{\"@type\":\"ImageObject\",\"inLanguage\":\"de\",\"@id\":\"https:\\\/\\\/secure.gravatar.com\\\/avatar\\\/b9c23f3e1855277dfcc4682042bfb89dce806656872e44d5f2f2670a602ecfde?s=96&d=wp_user_avatar&r=g2a222bd83deef568a70b811610d29664\",\"url\":\"https:\\\/\\\/secure.gravatar.com\\\/avatar\\\/b9c23f3e1855277dfcc4682042bfb89dce806656872e44d5f2f2670a602ecfde?s=96&d=wp_user_avatar&r=g\",\"contentUrl\":\"https:\\\/\\\/secure.gravatar.com\\\/avatar\\\/b9c23f3e1855277dfcc4682042bfb89dce806656872e44d5f2f2670a602ecfde?s=96&d=wp_user_avatar&r=g\",\"caption\":\"Ursula Gaisa\"},\"url\":\"https:\\\/\\\/www.jazzzeitung.de\\\/cms\\\/author\\\/gaisa\\\/\"}]}<\/script>\n<!-- \/ Yoast SEO plugin. -->","yoast_head_json":{"title":"Musikh\u00f6ren - JazzZeitung","robots":{"index":"index","follow":"follow","max-snippet":"max-snippet:-1","max-image-preview":"max-image-preview:large","max-video-preview":"max-video-preview:-1"},"canonical":"https:\/\/www.jazzzeitung.de\/cms\/2010\/05\/musikhoeren\/","og_locale":"de_DE","og_type":"article","og_title":"Musikh\u00f6ren - JazzZeitung","og_description":"Und jetzt? Alles vorbei: jazzahead!, Jazz ECHO, Musikmesse, und der JazzZeit-Blog verstummt. Damit dem nicht lange so ist, hier ein paar Gedanken und Statements, die w\u00e4hrend der letzten &#8222;Scheiben-Jury&#8220; im Regensburger Leeren Beutel, aufkamen. Zum Thema Jamie Cullum, den der Drummer Gerwin Eisenhauer mitgebracht hatte, meinte BR-Klassik-Redakteur Roland Spiegel, das sei aber doch &#8222;Unterhaltungsmusik&#8220;. Woraufhin Manfred Rehm vom Neuburger Birdland entgegnete, qualitativ hochwertige Musik spreche auch ein breiteres Publikum an. Ein weiterer Diskussionspunkt: wo h\u00f6re ich mir das an? Kann man CDs oder Jazzst\u00fccke nach diesem &#8222;Qualit\u00e4tskriterium&#8220; beurteilen? Und zuguterletzt: ist Jazz gleichbedeutend mit improvisierter Musik? Was meinen Sie? Was meint Ihr?","og_url":"https:\/\/www.jazzzeitung.de\/cms\/2010\/05\/musikhoeren\/","og_site_name":"JazzZeitung","article_publisher":"https:\/\/www.facebook.com\/JazzZeitung\/","article_published_time":"2010-05-11T09:21:52+00:00","og_image":[{"width":200,"height":200,"url":"https:\/\/i0.wp.com\/www.jazzzeitung.de\/cms\/wp-content\/uploads\/2012\/01\/ipad-logo-200.png?fit=200%2C200&ssl=1","type":"image\/png"}],"author":"Ursula Gaisa","schema":{"@context":"https:\/\/schema.org","@graph":[{"@type":"Article","@id":"https:\/\/www.jazzzeitung.de\/cms\/2010\/05\/musikhoeren\/#article","isPartOf":{"@id":"https:\/\/www.jazzzeitung.de\/cms\/2010\/05\/musikhoeren\/"},"author":{"name":"Ursula Gaisa","@id":"https:\/\/www.jazzzeitung.de\/cms\/#\/schema\/person\/1d7707f8668f083601157be48b16fe1b"},"headline":"Musikh\u00f6ren","datePublished":"2010-05-11T09:21:52+00:00","mainEntityOfPage":{"@id":"https:\/\/www.jazzzeitung.de\/cms\/2010\/05\/musikhoeren\/"},"wordCount":108,"commentCount":15,"publisher":{"@id":"https:\/\/www.jazzzeitung.de\/cms\/#organization"},"keywords":["Birdland Neuburg","Manfred Rehm","Roland Spiegel"],"articleSection":["Blog"],"inLanguage":"de","potentialAction":[{"@type":"CommentAction","name":"Comment","target":["https:\/\/www.jazzzeitung.de\/cms\/2010\/05\/musikhoeren\/#respond"]}]},{"@type":"WebPage","@id":"https:\/\/www.jazzzeitung.de\/cms\/2010\/05\/musikhoeren\/","url":"https:\/\/www.jazzzeitung.de\/cms\/2010\/05\/musikhoeren\/","name":"Musikh\u00f6ren - JazzZeitung","isPartOf":{"@id":"https:\/\/www.jazzzeitung.de\/cms\/#website"},"datePublished":"2010-05-11T09:21:52+00:00","breadcrumb":{"@id":"https:\/\/www.jazzzeitung.de\/cms\/2010\/05\/musikhoeren\/#breadcrumb"},"inLanguage":"de","potentialAction":[{"@type":"ReadAction","target":["https:\/\/www.jazzzeitung.de\/cms\/2010\/05\/musikhoeren\/"]}]},{"@type":"BreadcrumbList","@id":"https:\/\/www.jazzzeitung.de\/cms\/2010\/05\/musikhoeren\/#breadcrumb","itemListElement":[{"@type":"ListItem","position":1,"name":"Startseite","item":"https:\/\/www.jazzzeitung.de\/cms\/"},{"@type":"ListItem","position":2,"name":"Musikh\u00f6ren"}]},{"@type":"WebSite","@id":"https:\/\/www.jazzzeitung.de\/cms\/#website","url":"https:\/\/www.jazzzeitung.de\/cms\/","name":"JazzZeitung","description":"Jazz-News und Jazz-Kontroverses","publisher":{"@id":"https:\/\/www.jazzzeitung.de\/cms\/#organization"},"potentialAction":[{"@type":"SearchAction","target":{"@type":"EntryPoint","urlTemplate":"https:\/\/www.jazzzeitung.de\/cms\/?s={search_term_string}"},"query-input":{"@type":"PropertyValueSpecification","valueRequired":true,"valueName":"search_term_string"}}],"inLanguage":"de"},{"@type":"Organization","@id":"https:\/\/www.jazzzeitung.de\/cms\/#organization","name":"JazzZeitung online","url":"https:\/\/www.jazzzeitung.de\/cms\/","logo":{"@type":"ImageObject","inLanguage":"de","@id":"https:\/\/www.jazzzeitung.de\/cms\/#\/schema\/logo\/image\/","url":"https:\/\/i0.wp.com\/www.jazzzeitung.de\/cms\/wp-content\/uploads\/2015\/08\/JAZZZEITUNGDE_Logo_Neu.png?fit=499%2C200&ssl=1","contentUrl":"https:\/\/i0.wp.com\/www.jazzzeitung.de\/cms\/wp-content\/uploads\/2015\/08\/JAZZZEITUNGDE_Logo_Neu.png?fit=499%2C200&ssl=1","width":499,"height":200,"caption":"JazzZeitung online"},"image":{"@id":"https:\/\/www.jazzzeitung.de\/cms\/#\/schema\/logo\/image\/"},"sameAs":["https:\/\/www.facebook.com\/JazzZeitung\/"]},{"@type":"Person","@id":"https:\/\/www.jazzzeitung.de\/cms\/#\/schema\/person\/1d7707f8668f083601157be48b16fe1b","name":"Ursula Gaisa","image":{"@type":"ImageObject","inLanguage":"de","@id":"https:\/\/secure.gravatar.com\/avatar\/b9c23f3e1855277dfcc4682042bfb89dce806656872e44d5f2f2670a602ecfde?s=96&d=wp_user_avatar&r=g2a222bd83deef568a70b811610d29664","url":"https:\/\/secure.gravatar.com\/avatar\/b9c23f3e1855277dfcc4682042bfb89dce806656872e44d5f2f2670a602ecfde?s=96&d=wp_user_avatar&r=g","contentUrl":"https:\/\/secure.gravatar.com\/avatar\/b9c23f3e1855277dfcc4682042bfb89dce806656872e44d5f2f2670a602ecfde?s=96&d=wp_user_avatar&r=g","caption":"Ursula Gaisa"},"url":"https:\/\/www.jazzzeitung.de\/cms\/author\/gaisa\/"}]}},"wp-worthy-pixel":{"ignored":false,"public":null,"server":null,"url":null},"wp-worthy-type":"normal","jetpack_publicize_connections":[],"cc_featured_image_caption":{"caption_text":false,"source_text":false,"source_url":false},"jetpack_featured_media_url":"","jetpack_shortlink":"https:\/\/wp.me\/p3KEcT-1m","jetpack-related-posts":[{"id":4423,"url":"https:\/\/www.jazzzeitung.de\/cms\/2014\/09\/das-gibts-nur-einmal-das-birdland-neuburg\/","url_meta":{"origin":84,"position":0},"title":"Das gibt&#8217;s nur einmal: das Birdland Neuburg","author":"Redaktion JazzZeitung","date":"2. September 2014","format":false,"excerpt":"Jazzclubs gibt es einige in Deutschland, vor allem nat\u00fcrlich in den mittleren und den Gro\u00dfst\u00e4dten. Warum ist einer der ber\u00fchmtesten und angesehensten dann mitten in der bayerischen Provinz, im kleinen Barockst\u00e4dtchen Neuburg an der Donau angesiedelt? - Alles begann bereits im Jahr 1958, als der sp\u00e4tere Gr\u00fcnder der Jazzwoche Burghausen,\u2026","rel":"","context":"In &quot;Jazzclub des Monats&quot;","block_context":{"text":"Jazzclub des Monats","link":"https:\/\/www.jazzzeitung.de\/cms\/thema\/clubs\/jazzclub-des-monats\/"},"img":{"alt_text":"","src":"https:\/\/i0.wp.com\/www.jazzzeitung.de\/cms\/wp-content\/uploads\/2014\/08\/IMG_3901.jpg?resize=350%2C200","width":350,"height":200,"srcset":"https:\/\/i0.wp.com\/www.jazzzeitung.de\/cms\/wp-content\/uploads\/2014\/08\/IMG_3901.jpg?resize=350%2C200 1x, https:\/\/i0.wp.com\/www.jazzzeitung.de\/cms\/wp-content\/uploads\/2014\/08\/IMG_3901.jpg?resize=525%2C300 1.5x, https:\/\/i0.wp.com\/www.jazzzeitung.de\/cms\/wp-content\/uploads\/2014\/08\/IMG_3901.jpg?resize=700%2C400 2x, https:\/\/i0.wp.com\/www.jazzzeitung.de\/cms\/wp-content\/uploads\/2014\/08\/IMG_3901.jpg?resize=1050%2C600 3x, https:\/\/i0.wp.com\/www.jazzzeitung.de\/cms\/wp-content\/uploads\/2014\/08\/IMG_3901.jpg?resize=1400%2C800 4x"},"classes":[]},{"id":1934,"url":"https:\/\/www.jazzzeitung.de\/cms\/2008\/03\/bestandigkeit-und-engagement-50-jahre-birdland-jazzclub-in-neuburg-an-der-donau\/","url_meta":{"origin":84,"position":1},"title":"Best\u00e4ndigkeit und Engagement \u2013 50 Jahre Birdland Jazzclub in Neuburg an der Donau","author":"Martin Hufner","date":"23. M\u00e4rz 2008","format":false,"excerpt":"7. Juni 1958: Ein wichtiges Datum f\u00fcr den Jazz in Bayern. An jenem Abend fand sich in Neuburg an der Donau eine Handvoll Jazzfans zusammen zur Gr\u00fcndung des Birdland Jazzclubs. 50 Jahre sp\u00e4ter hat sich der aus kleinen Anf\u00e4ngen heraus pr\u00e4chtig entwickelt, ist zu einem der wichtigsten regelm\u00e4\u00dfig bespielten Clubs\u2026","rel":"","context":"In &quot;Clubs&quot;","block_context":{"text":"Clubs","link":"https:\/\/www.jazzzeitung.de\/cms\/thema\/clubs\/"},"img":{"alt_text":"Manfred Rehm. Foto: Birdland","src":"https:\/\/i0.wp.com\/www.jazzzeitung.de\/cms\/wp-content\/uploads\/2013\/07\/bericht-birdland-big-150x150.jpg?resize=350%2C200","width":350,"height":200},"classes":[]},{"id":5744,"url":"https:\/\/www.jazzzeitung.de\/cms\/2015\/03\/news-burghauser-nachwuchs-jazzpreis-jazzica-der-weyhalla-sparda-jazz-awwrds-2015\/","url_meta":{"origin":84,"position":2},"title":"News: Burghauser Nachwuchs-Jazzpreis +++ Jazzica in der Weyhalla +++ Sparda Jazz Awards 2015","author":"Redaktion JazzZeitung","date":"18. M\u00e4rz 2015","format":false,"excerpt":"\"Malstrom\" gewinnt Burghauser Nachwuchs-Jazzpreis Wieder waren es f\u00fcnf hochqualifizierte Bands, die zum diesj\u00e4hrigen 7. Europ\u00e4ischen Burghauser Nachwuchs-Jazzpreis antraten und wieder stand die Jury vor einer schweren Entscheidung, um aus den Wettstreitern den Gewinner zu k\u00fcren.\u00a0Als zum Ende eines spannenden Abends mit vielen unterschiedlichen musikalischen Facetten die Band Malstrom den mit\u2026","rel":"","context":"In &quot;News&quot;","block_context":{"text":"News","link":"https:\/\/www.jazzzeitung.de\/cms\/thema\/nachrichten\/"},"img":{"alt_text":"\"Malstrom\" gewann den Burghauser Nachwuchs-Jazzpreis","src":"https:\/\/i0.wp.com\/www.jazzzeitung.de\/cms\/wp-content\/uploads\/2015\/03\/Malstrom-Bandfoto1-150x150.jpg?resize=350%2C200","width":350,"height":200},"classes":[]},{"id":1592,"url":"https:\/\/www.jazzzeitung.de\/cms\/2012\/03\/wer-kann-noch-konzertkritik-pladoyer-fur-ein-ungeliebtes-genre\/","url_meta":{"origin":84,"position":3},"title":"Wer kann noch Konzertkritik? \u2013 Pl\u00e4doyer f\u00fcr ein ungeliebtes Genre","author":"J\u00f6rg Lichtinger","date":"8. M\u00e4rz 2012","format":false,"excerpt":"In der Titelstory der aktuellen Jazzzeitung (2012\/01) hat sich BR-Jazzredakteur Roland Spiegel Gedanken \u00fcber die Magie des Live-Augenblicks im Jazz gemacht, der in Zeiten von werbelastigen Vorberichten und Promotiontexten viel zu selten in Worte gefasst wird. Ein Pl\u00e4doyer f\u00fcr die gute alte Konzertkritik...","rel":"","context":"In &quot;Blog&quot;","block_context":{"text":"Blog","link":"https:\/\/www.jazzzeitung.de\/cms\/thema\/blog\/"},"img":{"alt_text":"Cecil Taylor im Neuburger Birdland im November 2011. Foto: Ssirus W. Pakzad","src":"https:\/\/i0.wp.com\/www.jazzzeitung.de\/cms\/wp-content\/uploads\/2012\/03\/titelbild-cecil-taylor-300x200.jpg?resize=350%2C200","width":350,"height":200},"classes":[]},{"id":18359,"url":"https:\/\/www.jazzzeitung.de\/cms\/2019\/01\/das-yonathan-avishai-trio-beschliesst-die-ausstellung-der-wind-das-licht-ecm-und-das-bild-im-kunstverein-ingolstadt\/","url_meta":{"origin":84,"position":4},"title":"Das Yonathan Avishai Trio beschlie\u00dft die Ausstellung &#8222;Der Wind, das Licht | ECM und das Bild&#8220; im Kunstverein Ingolstadt","author":"Redaktion JazzZeitung","date":"17. Januar 2019","format":false,"excerpt":"\u201eDer Wind, das Licht | ECM und das Bild\u201c hei\u00dft eine Ausstellung des Kunstverein Ingolstadt e.V, die noch bis 27. Januar 2019 zu sehen ist. Der Kunstverein Ingolstadt widmet sich in dieser Ausstellung der Cover Art des Musiklabels ECM, Edition of Contemporary Music.\u00a0ECM hat sich seit seiner Gr\u00fcndung 1969 dem\u2026","rel":"","context":"In &quot;Galerie&quot;","block_context":{"text":"Galerie","link":"https:\/\/www.jazzzeitung.de\/cms\/thema\/galerie\/"},"img":{"alt_text":"","src":"https:\/\/i0.wp.com\/www.jazzzeitung.de\/cms\/wp-content\/uploads\/2019\/01\/7486872c-c799-4421-bded-be3c727e1db3.jpg?fit=1024%2C768&ssl=1&resize=350%2C200","width":350,"height":200,"srcset":"https:\/\/i0.wp.com\/www.jazzzeitung.de\/cms\/wp-content\/uploads\/2019\/01\/7486872c-c799-4421-bded-be3c727e1db3.jpg?fit=1024%2C768&ssl=1&resize=350%2C200 1x, https:\/\/i0.wp.com\/www.jazzzeitung.de\/cms\/wp-content\/uploads\/2019\/01\/7486872c-c799-4421-bded-be3c727e1db3.jpg?fit=1024%2C768&ssl=1&resize=525%2C300 1.5x, https:\/\/i0.wp.com\/www.jazzzeitung.de\/cms\/wp-content\/uploads\/2019\/01\/7486872c-c799-4421-bded-be3c727e1db3.jpg?fit=1024%2C768&ssl=1&resize=700%2C400 2x"},"classes":[]},{"id":23387,"url":"https:\/\/www.jazzzeitung.de\/cms\/2020\/09\/die-jazz-radiowoche-vom-14-09-20-bis-20-09-2020\/","url_meta":{"origin":84,"position":5},"title":"Die Jazz-Radiowoche vom 14.09.20 bis 20.09.2020","author":"Martin Hufner","date":"13. September 2020","format":false,"excerpt":"Ein kleiner Blick in die Jazzwoche 38 im Radio. Alle Angaben ohne Gew\u00e4hr. JazzNow: Konzert aus Stockholm \u2013 Anna Greta Sigurdadottir 5","rel":"","context":"In &quot;News&quot;","block_context":{"text":"News","link":"https:\/\/www.jazzzeitung.de\/cms\/thema\/nachrichten\/"},"img":{"alt_text":"Jazz im Radio. Foto: Hufner","src":"https:\/\/i0.wp.com\/www.jazzzeitung.de\/cms\/wp-content\/uploads\/2019\/03\/jazz_im_radio.jpg?fit=1200%2C773&ssl=1&resize=350%2C200","width":350,"height":200,"srcset":"https:\/\/i0.wp.com\/www.jazzzeitung.de\/cms\/wp-content\/uploads\/2019\/03\/jazz_im_radio.jpg?fit=1200%2C773&ssl=1&resize=350%2C200 1x, https:\/\/i0.wp.com\/www.jazzzeitung.de\/cms\/wp-content\/uploads\/2019\/03\/jazz_im_radio.jpg?fit=1200%2C773&ssl=1&resize=525%2C300 1.5x, https:\/\/i0.wp.com\/www.jazzzeitung.de\/cms\/wp-content\/uploads\/2019\/03\/jazz_im_radio.jpg?fit=1200%2C773&ssl=1&resize=700%2C400 2x, https:\/\/i0.wp.com\/www.jazzzeitung.de\/cms\/wp-content\/uploads\/2019\/03\/jazz_im_radio.jpg?fit=1200%2C773&ssl=1&resize=1050%2C600 3x"},"classes":[]}],"jetpack_sharing_enabled":true,"_links":{"self":[{"href":"https:\/\/www.jazzzeitung.de\/cms\/wp-json\/wp\/v2\/posts\/84","targetHints":{"allow":["GET"]}}],"collection":[{"href":"https:\/\/www.jazzzeitung.de\/cms\/wp-json\/wp\/v2\/posts"}],"about":[{"href":"https:\/\/www.jazzzeitung.de\/cms\/wp-json\/wp\/v2\/types\/post"}],"author":[{"embeddable":true,"href":"https:\/\/www.jazzzeitung.de\/cms\/wp-json\/wp\/v2\/users\/6"}],"replies":[{"embeddable":true,"href":"https:\/\/www.jazzzeitung.de\/cms\/wp-json\/wp\/v2\/comments?post=84"}],"version-history":[{"count":0,"href":"https:\/\/www.jazzzeitung.de\/cms\/wp-json\/wp\/v2\/posts\/84\/revisions"}],"wp:attachment":[{"href":"https:\/\/www.jazzzeitung.de\/cms\/wp-json\/wp\/v2\/media?parent=84"}],"wp:term":[{"taxonomy":"category","embeddable":true,"href":"https:\/\/www.jazzzeitung.de\/cms\/wp-json\/wp\/v2\/categories?post=84"},{"taxonomy":"post_tag","embeddable":true,"href":"https:\/\/www.jazzzeitung.de\/cms\/wp-json\/wp\/v2\/tags?post=84"},{"taxonomy":"author","embeddable":true,"href":"https:\/\/www.jazzzeitung.de\/cms\/wp-json\/wp\/v2\/coauthors?post=84"}],"curies":[{"name":"wp","href":"https:\/\/api.w.org\/{rel}","templated":true}]}}