{"id":8368,"date":"2016-02-10T09:16:07","date_gmt":"2016-02-10T08:16:07","guid":{"rendered":"http:\/\/www.jazzzeitung.de\/cms\/?p=8368"},"modified":"2016-02-10T10:25:16","modified_gmt":"2016-02-10T09:25:16","slug":"jazzlabel-neuklang-erweitert-sein-repertoire-mit-neuklang-future","status":"publish","type":"post","link":"https:\/\/www.jazzzeitung.de\/cms\/2016\/02\/jazzlabel-neuklang-erweitert-sein-repertoire-mit-neuklang-future\/","title":{"rendered":"Jazzlabel NEUKLANG erweitert sein Repertoire mit NEUKLANG Future"},"content":{"rendered":"<p><a href=\"https:\/\/i0.wp.com\/www.jazzzeitung.de\/cms\/wp-content\/uploads\/2016\/02\/pm-15_2013cchristophe-alary_image.jpg\" rel=\"attachment wp-att-8370\"><img data-recalc-dims=\"1\" loading=\"lazy\" decoding=\"async\" data-attachment-id=\"8370\" data-permalink=\"https:\/\/www.jazzzeitung.de\/cms\/2016\/02\/jazzlabel-neuklang-erweitert-sein-repertoire-mit-neuklang-future\/pm-15_2013cchristophe-alary_image\/\" data-orig-file=\"https:\/\/i0.wp.com\/www.jazzzeitung.de\/cms\/wp-content\/uploads\/2016\/02\/pm-15_2013cchristophe-alary_image.jpg?fit=795%2C300&amp;ssl=1\" data-orig-size=\"795,300\" data-comments-opened=\"1\" data-image-meta=\"{&quot;aperture&quot;:&quot;0&quot;,&quot;credit&quot;:&quot;&quot;,&quot;camera&quot;:&quot;&quot;,&quot;caption&quot;:&quot;&quot;,&quot;created_timestamp&quot;:&quot;0&quot;,&quot;copyright&quot;:&quot;&quot;,&quot;focal_length&quot;:&quot;0&quot;,&quot;iso&quot;:&quot;0&quot;,&quot;shutter_speed&quot;:&quot;0&quot;,&quot;title&quot;:&quot;&quot;,&quot;orientation&quot;:&quot;0&quot;}\" data-image-title=\"pm-15_2013cchristophe-alary_image\" data-image-description=\"\" data-image-caption=\"\" data-large-file=\"https:\/\/i0.wp.com\/www.jazzzeitung.de\/cms\/wp-content\/uploads\/2016\/02\/pm-15_2013cchristophe-alary_image.jpg?fit=795%2C300&amp;ssl=1\" class=\"alignright size-thumbnail wp-image-8370\" src=\"https:\/\/i0.wp.com\/www.jazzzeitung.de\/cms\/wp-content\/uploads\/2016\/02\/pm-15_2013cchristophe-alary_image-150x150.jpg?resize=150%2C150\" alt=\"pm-15_2013cchristophe-alary_image\" width=\"150\" height=\"150\" srcset=\"https:\/\/i0.wp.com\/www.jazzzeitung.de\/cms\/wp-content\/uploads\/2016\/02\/pm-15_2013cchristophe-alary_image.jpg?resize=150%2C150&amp;ssl=1 150w, https:\/\/i0.wp.com\/www.jazzzeitung.de\/cms\/wp-content\/uploads\/2016\/02\/pm-15_2013cchristophe-alary_image.jpg?resize=144%2C144&amp;ssl=1 144w, https:\/\/i0.wp.com\/www.jazzzeitung.de\/cms\/wp-content\/uploads\/2016\/02\/pm-15_2013cchristophe-alary_image.jpg?resize=96%2C96&amp;ssl=1 96w, https:\/\/i0.wp.com\/www.jazzzeitung.de\/cms\/wp-content\/uploads\/2016\/02\/pm-15_2013cchristophe-alary_image.jpg?resize=24%2C24&amp;ssl=1 24w, https:\/\/i0.wp.com\/www.jazzzeitung.de\/cms\/wp-content\/uploads\/2016\/02\/pm-15_2013cchristophe-alary_image.jpg?resize=36%2C36&amp;ssl=1 36w, https:\/\/i0.wp.com\/www.jazzzeitung.de\/cms\/wp-content\/uploads\/2016\/02\/pm-15_2013cchristophe-alary_image.jpg?resize=48%2C48&amp;ssl=1 48w, https:\/\/i0.wp.com\/www.jazzzeitung.de\/cms\/wp-content\/uploads\/2016\/02\/pm-15_2013cchristophe-alary_image.jpg?resize=64%2C64&amp;ssl=1 64w, https:\/\/i0.wp.com\/www.jazzzeitung.de\/cms\/wp-content\/uploads\/2016\/02\/pm-15_2013cchristophe-alary_image.jpg?resize=32%2C32&amp;ssl=1 32w, https:\/\/i0.wp.com\/www.jazzzeitung.de\/cms\/wp-content\/uploads\/2016\/02\/pm-15_2013cchristophe-alary_image.jpg?resize=128%2C128&amp;ssl=1 128w, https:\/\/i0.wp.com\/www.jazzzeitung.de\/cms\/wp-content\/uploads\/2016\/02\/pm-15_2013cchristophe-alary_image.jpg?zoom=2&amp;resize=150%2C150&amp;ssl=1 300w, https:\/\/i0.wp.com\/www.jazzzeitung.de\/cms\/wp-content\/uploads\/2016\/02\/pm-15_2013cchristophe-alary_image.jpg?zoom=3&amp;resize=150%2C150&amp;ssl=1 450w\" sizes=\"auto, (max-width: 150px) 100vw, 150px\" \/><\/a>Sch\u00f6n, dass sich von den kleinen Labels in Deutschland doch immer wieder Neues berichten l\u00e4sst, diese Pressemitteilung erreichte uns heute Morgen: Die NEUKLANG Familie der Bauer Studios Ludwigsburg sorgt im Fr\u00fchling 2016 f\u00fcr frischen Wind und begr\u00fc\u00dft mit NEUKLANG Future ein neues Mitglied. NEUKLANG Future steht f\u00fcr zeitgen\u00f6ssische und avantgardistische Kl\u00e4nge. NEUKLANG Future richtet einen Blick in die Zukunft, einen Blick in die Musik von morgen. Dieses Unterlabel von NEUKLANG hebt kreative K\u00fcnstler und richtungsweisende Kompositionen hervor, mit gro\u00dfen Ensembles in au\u00dfergew\u00f6hnlichen Besetzungen und Grenz\u00fcberschreitungen zu zeitgen\u00f6ssischer Musik, Rock und Elektronik.<\/p>\n<p><a href=\"http:\/\/ping-machine.com\/\">Ping Machine<\/a>,\u00a0das\u00a0<a href=\"http:\/\/www.matthiasockert.de\/projekte\/polytheistic\/\">Polytheistic Ensemble<\/a>\u00a0und das\u00a0<a href=\"http:\/\/www.kammerorchester.eu\">Verworner-Krause-Kammerorchester<\/a>\u00a0sind die ersten ausgew\u00e4hlten K\u00fcnstler, um dieses zukunftsweisende Unterlabel vorzustellen.<\/p>\n<p><a href=\"https:\/\/i0.wp.com\/www.jazzzeitung.de\/cms\/wp-content\/uploads\/2016\/02\/Neuklang_Future_Logo_k.jpeg\" rel=\"attachment wp-att-8369\"><img data-recalc-dims=\"1\" loading=\"lazy\" decoding=\"async\" data-attachment-id=\"8369\" data-permalink=\"https:\/\/www.jazzzeitung.de\/cms\/2016\/02\/jazzlabel-neuklang-erweitert-sein-repertoire-mit-neuklang-future\/neuklang_future_logo_k\/\" data-orig-file=\"https:\/\/i0.wp.com\/www.jazzzeitung.de\/cms\/wp-content\/uploads\/2016\/02\/Neuklang_Future_Logo_k.jpeg?fit=591%2C200&amp;ssl=1\" data-orig-size=\"591,200\" data-comments-opened=\"1\" data-image-meta=\"{&quot;aperture&quot;:&quot;0&quot;,&quot;credit&quot;:&quot;&quot;,&quot;camera&quot;:&quot;&quot;,&quot;caption&quot;:&quot;&quot;,&quot;created_timestamp&quot;:&quot;0&quot;,&quot;copyright&quot;:&quot;&quot;,&quot;focal_length&quot;:&quot;0&quot;,&quot;iso&quot;:&quot;0&quot;,&quot;shutter_speed&quot;:&quot;0&quot;,&quot;title&quot;:&quot;&quot;,&quot;orientation&quot;:&quot;0&quot;}\" data-image-title=\"Neuklang_Future_Logo_k\" data-image-description=\"\" data-image-caption=\"\" data-large-file=\"https:\/\/i0.wp.com\/www.jazzzeitung.de\/cms\/wp-content\/uploads\/2016\/02\/Neuklang_Future_Logo_k.jpeg?fit=591%2C200&amp;ssl=1\" class=\"alignleft size-full wp-image-8369\" src=\"https:\/\/i0.wp.com\/www.jazzzeitung.de\/cms\/wp-content\/uploads\/2016\/02\/Neuklang_Future_Logo_k.jpeg?resize=591%2C200\" alt=\"Neuklang_Future_Logo_k\" width=\"591\" height=\"200\" srcset=\"https:\/\/i0.wp.com\/www.jazzzeitung.de\/cms\/wp-content\/uploads\/2016\/02\/Neuklang_Future_Logo_k.jpeg?w=591&amp;ssl=1 591w, https:\/\/i0.wp.com\/www.jazzzeitung.de\/cms\/wp-content\/uploads\/2016\/02\/Neuklang_Future_Logo_k.jpeg?resize=300%2C102&amp;ssl=1 300w\" sizes=\"auto, (max-width: 591px) 100vw, 591px\" \/><\/a><\/p>\n<p>Mehr unter <a href=\"http:\/\/www.neuklangrecords.de\">www.neuklangrecords.de<\/a> \/ <a href=\"http:\/\/www.bauerstudios.de\">www.bauerstudios.de<\/a><\/p>\n","protected":false},"excerpt":{"rendered":"<p>Sch\u00f6n, dass sich von den kleinen Labels in Deutschland doch immer wieder Neues berichten l\u00e4sst, diese Pressemitteilung erreichte uns heute Morgen: Die NEUKLANG Familie der Bauer Studios Ludwigsburg sorgt im Fr\u00fchling 2016 f\u00fcr frischen Wind und begr\u00fc\u00dft mit NEUKLANG Future ein neues Mitglied. NEUKLANG Future steht f\u00fcr zeitgen\u00f6ssische und avantgardistische Kl\u00e4nge. NEUKLANG Future richtet einen Blick in die Zukunft, einen Blick in die Musik von morgen. Dieses Unterlabel von NEUKLANG hebt kreative K\u00fcnstler und richtungsweisende Kompositionen hervor, mit gro\u00dfen Ensembles in au\u00dfergew\u00f6hnlichen Besetzungen und Grenz\u00fcberschreitungen zu zeitgen\u00f6ssischer Musik, Rock und Elektronik. Ping Machine,\u00a0das\u00a0Polytheistic Ensemble\u00a0und das\u00a0Verworner-Krause-Kammerorchester\u00a0sind die ersten ausgew\u00e4hlten K\u00fcnstler, um dieses zukunftsweisende Unterlabel vorzustellen. Mehr unter www.neuklangrecords.de \/ www.bauerstudios.de<\/p>\n","protected":false},"author":18,"featured_media":8370,"comment_status":"open","ping_status":"closed","sticky":false,"template":"","format":"standard","meta":{"_jetpack_memberships_contains_paid_content":false,"footnotes":"","jetpack_publicize_message":"","jetpack_publicize_feature_enabled":true,"jetpack_social_post_already_shared":false,"jetpack_social_options":{"image_generator_settings":{"template":"highway","default_image_id":0,"font":"","enabled":false},"version":2}},"categories":[633],"tags":[137],"coauthors":[695],"class_list":["post-8368","post","type-post","status-publish","format-standard","has-post-thumbnail","hentry","category-nachrichten","tag-deutschland"],"yoast_head":"<!-- This site is optimized with the Yoast SEO plugin v27.5 - https:\/\/yoast.com\/product\/yoast-seo-wordpress\/ -->\n<title>Jazzlabel NEUKLANG erweitert sein Repertoire mit NEUKLANG Future - JazzZeitung<\/title>\n<meta name=\"robots\" content=\"index, follow, max-snippet:-1, max-image-preview:large, max-video-preview:-1\" \/>\n<link rel=\"canonical\" href=\"https:\/\/www.jazzzeitung.de\/cms\/2016\/02\/jazzlabel-neuklang-erweitert-sein-repertoire-mit-neuklang-future\/\" \/>\n<meta property=\"og:locale\" content=\"de_DE\" \/>\n<meta property=\"og:type\" content=\"article\" \/>\n<meta property=\"og:title\" content=\"Jazzlabel NEUKLANG erweitert sein Repertoire mit NEUKLANG Future - JazzZeitung\" \/>\n<meta property=\"og:description\" content=\"Sch\u00f6n, dass sich von den kleinen Labels in Deutschland doch immer wieder Neues berichten l\u00e4sst, diese Pressemitteilung erreichte uns heute Morgen: Die NEUKLANG Familie der Bauer Studios Ludwigsburg sorgt im Fr\u00fchling 2016 f\u00fcr frischen Wind und begr\u00fc\u00dft mit NEUKLANG Future ein neues Mitglied. NEUKLANG Future steht f\u00fcr zeitgen\u00f6ssische und avantgardistische Kl\u00e4nge. NEUKLANG Future richtet einen Blick in die Zukunft, einen Blick in die Musik von morgen. Dieses Unterlabel von NEUKLANG hebt kreative K\u00fcnstler und richtungsweisende Kompositionen hervor, mit gro\u00dfen Ensembles in au\u00dfergew\u00f6hnlichen Besetzungen und Grenz\u00fcberschreitungen zu zeitgen\u00f6ssischer Musik, Rock und Elektronik. Ping Machine,\u00a0das\u00a0Polytheistic Ensemble\u00a0und das\u00a0Verworner-Krause-Kammerorchester\u00a0sind die ersten ausgew\u00e4hlten K\u00fcnstler, um dieses zukunftsweisende Unterlabel vorzustellen. Mehr unter www.neuklangrecords.de \/ www.bauerstudios.de\" \/>\n<meta property=\"og:url\" content=\"https:\/\/www.jazzzeitung.de\/cms\/2016\/02\/jazzlabel-neuklang-erweitert-sein-repertoire-mit-neuklang-future\/\" \/>\n<meta property=\"og:site_name\" content=\"JazzZeitung\" \/>\n<meta property=\"article:publisher\" content=\"https:\/\/www.facebook.com\/JazzZeitung\/\" \/>\n<meta property=\"article:published_time\" content=\"2016-02-10T08:16:07+00:00\" \/>\n<meta property=\"article:modified_time\" content=\"2016-02-10T09:25:16+00:00\" \/>\n<meta property=\"og:image\" content=\"https:\/\/i0.wp.com\/www.jazzzeitung.de\/cms\/wp-content\/uploads\/2016\/02\/pm-15_2013cchristophe-alary_image.jpg?fit=795%2C300&ssl=1\" \/>\n\t<meta property=\"og:image:width\" content=\"795\" \/>\n\t<meta property=\"og:image:height\" content=\"300\" \/>\n\t<meta property=\"og:image:type\" content=\"image\/jpeg\" \/>\n<meta name=\"author\" content=\"Redaktion JazzZeitung\" \/>\n<script type=\"application\/ld+json\" class=\"yoast-schema-graph\">{\"@context\":\"https:\\\/\\\/schema.org\",\"@graph\":[{\"@type\":\"Article\",\"@id\":\"https:\\\/\\\/www.jazzzeitung.de\\\/cms\\\/2016\\\/02\\\/jazzlabel-neuklang-erweitert-sein-repertoire-mit-neuklang-future\\\/#article\",\"isPartOf\":{\"@id\":\"https:\\\/\\\/www.jazzzeitung.de\\\/cms\\\/2016\\\/02\\\/jazzlabel-neuklang-erweitert-sein-repertoire-mit-neuklang-future\\\/\"},\"author\":{\"name\":\"Redaktion JazzZeitung\",\"@id\":\"https:\\\/\\\/www.jazzzeitung.de\\\/cms\\\/#\\\/schema\\\/person\\\/2245b36b9cd1d24cea10f01c031fb92b\"},\"headline\":\"Jazzlabel NEUKLANG erweitert sein Repertoire mit NEUKLANG Future\",\"datePublished\":\"2016-02-10T08:16:07+00:00\",\"dateModified\":\"2016-02-10T09:25:16+00:00\",\"mainEntityOfPage\":{\"@id\":\"https:\\\/\\\/www.jazzzeitung.de\\\/cms\\\/2016\\\/02\\\/jazzlabel-neuklang-erweitert-sein-repertoire-mit-neuklang-future\\\/\"},\"wordCount\":140,\"commentCount\":0,\"publisher\":{\"@id\":\"https:\\\/\\\/www.jazzzeitung.de\\\/cms\\\/#organization\"},\"image\":{\"@id\":\"https:\\\/\\\/www.jazzzeitung.de\\\/cms\\\/2016\\\/02\\\/jazzlabel-neuklang-erweitert-sein-repertoire-mit-neuklang-future\\\/#primaryimage\"},\"thumbnailUrl\":\"https:\\\/\\\/i0.wp.com\\\/www.jazzzeitung.de\\\/cms\\\/wp-content\\\/uploads\\\/2016\\\/02\\\/pm-15_2013cchristophe-alary_image.jpg?fit=795%2C300&ssl=1\",\"keywords\":[\"Deutschland\"],\"articleSection\":[\"News\"],\"inLanguage\":\"de\",\"potentialAction\":[{\"@type\":\"CommentAction\",\"name\":\"Comment\",\"target\":[\"https:\\\/\\\/www.jazzzeitung.de\\\/cms\\\/2016\\\/02\\\/jazzlabel-neuklang-erweitert-sein-repertoire-mit-neuklang-future\\\/#respond\"]}]},{\"@type\":\"WebPage\",\"@id\":\"https:\\\/\\\/www.jazzzeitung.de\\\/cms\\\/2016\\\/02\\\/jazzlabel-neuklang-erweitert-sein-repertoire-mit-neuklang-future\\\/\",\"url\":\"https:\\\/\\\/www.jazzzeitung.de\\\/cms\\\/2016\\\/02\\\/jazzlabel-neuklang-erweitert-sein-repertoire-mit-neuklang-future\\\/\",\"name\":\"Jazzlabel NEUKLANG erweitert sein Repertoire mit NEUKLANG Future - JazzZeitung\",\"isPartOf\":{\"@id\":\"https:\\\/\\\/www.jazzzeitung.de\\\/cms\\\/#website\"},\"primaryImageOfPage\":{\"@id\":\"https:\\\/\\\/www.jazzzeitung.de\\\/cms\\\/2016\\\/02\\\/jazzlabel-neuklang-erweitert-sein-repertoire-mit-neuklang-future\\\/#primaryimage\"},\"image\":{\"@id\":\"https:\\\/\\\/www.jazzzeitung.de\\\/cms\\\/2016\\\/02\\\/jazzlabel-neuklang-erweitert-sein-repertoire-mit-neuklang-future\\\/#primaryimage\"},\"thumbnailUrl\":\"https:\\\/\\\/i0.wp.com\\\/www.jazzzeitung.de\\\/cms\\\/wp-content\\\/uploads\\\/2016\\\/02\\\/pm-15_2013cchristophe-alary_image.jpg?fit=795%2C300&ssl=1\",\"datePublished\":\"2016-02-10T08:16:07+00:00\",\"dateModified\":\"2016-02-10T09:25:16+00:00\",\"breadcrumb\":{\"@id\":\"https:\\\/\\\/www.jazzzeitung.de\\\/cms\\\/2016\\\/02\\\/jazzlabel-neuklang-erweitert-sein-repertoire-mit-neuklang-future\\\/#breadcrumb\"},\"inLanguage\":\"de\",\"potentialAction\":[{\"@type\":\"ReadAction\",\"target\":[\"https:\\\/\\\/www.jazzzeitung.de\\\/cms\\\/2016\\\/02\\\/jazzlabel-neuklang-erweitert-sein-repertoire-mit-neuklang-future\\\/\"]}]},{\"@type\":\"ImageObject\",\"inLanguage\":\"de\",\"@id\":\"https:\\\/\\\/www.jazzzeitung.de\\\/cms\\\/2016\\\/02\\\/jazzlabel-neuklang-erweitert-sein-repertoire-mit-neuklang-future\\\/#primaryimage\",\"url\":\"https:\\\/\\\/i0.wp.com\\\/www.jazzzeitung.de\\\/cms\\\/wp-content\\\/uploads\\\/2016\\\/02\\\/pm-15_2013cchristophe-alary_image.jpg?fit=795%2C300&ssl=1\",\"contentUrl\":\"https:\\\/\\\/i0.wp.com\\\/www.jazzzeitung.de\\\/cms\\\/wp-content\\\/uploads\\\/2016\\\/02\\\/pm-15_2013cchristophe-alary_image.jpg?fit=795%2C300&ssl=1\",\"width\":795,\"height\":300},{\"@type\":\"BreadcrumbList\",\"@id\":\"https:\\\/\\\/www.jazzzeitung.de\\\/cms\\\/2016\\\/02\\\/jazzlabel-neuklang-erweitert-sein-repertoire-mit-neuklang-future\\\/#breadcrumb\",\"itemListElement\":[{\"@type\":\"ListItem\",\"position\":1,\"name\":\"Startseite\",\"item\":\"https:\\\/\\\/www.jazzzeitung.de\\\/cms\\\/\"},{\"@type\":\"ListItem\",\"position\":2,\"name\":\"Jazzlabel NEUKLANG erweitert sein Repertoire mit NEUKLANG Future\"}]},{\"@type\":\"WebSite\",\"@id\":\"https:\\\/\\\/www.jazzzeitung.de\\\/cms\\\/#website\",\"url\":\"https:\\\/\\\/www.jazzzeitung.de\\\/cms\\\/\",\"name\":\"JazzZeitung\",\"description\":\"Jazz-News und Jazz-Kontroverses\",\"publisher\":{\"@id\":\"https:\\\/\\\/www.jazzzeitung.de\\\/cms\\\/#organization\"},\"potentialAction\":[{\"@type\":\"SearchAction\",\"target\":{\"@type\":\"EntryPoint\",\"urlTemplate\":\"https:\\\/\\\/www.jazzzeitung.de\\\/cms\\\/?s={search_term_string}\"},\"query-input\":{\"@type\":\"PropertyValueSpecification\",\"valueRequired\":true,\"valueName\":\"search_term_string\"}}],\"inLanguage\":\"de\"},{\"@type\":\"Organization\",\"@id\":\"https:\\\/\\\/www.jazzzeitung.de\\\/cms\\\/#organization\",\"name\":\"JazzZeitung online\",\"url\":\"https:\\\/\\\/www.jazzzeitung.de\\\/cms\\\/\",\"logo\":{\"@type\":\"ImageObject\",\"inLanguage\":\"de\",\"@id\":\"https:\\\/\\\/www.jazzzeitung.de\\\/cms\\\/#\\\/schema\\\/logo\\\/image\\\/\",\"url\":\"https:\\\/\\\/i0.wp.com\\\/www.jazzzeitung.de\\\/cms\\\/wp-content\\\/uploads\\\/2015\\\/08\\\/JAZZZEITUNGDE_Logo_Neu.png?fit=499%2C200&ssl=1\",\"contentUrl\":\"https:\\\/\\\/i0.wp.com\\\/www.jazzzeitung.de\\\/cms\\\/wp-content\\\/uploads\\\/2015\\\/08\\\/JAZZZEITUNGDE_Logo_Neu.png?fit=499%2C200&ssl=1\",\"width\":499,\"height\":200,\"caption\":\"JazzZeitung online\"},\"image\":{\"@id\":\"https:\\\/\\\/www.jazzzeitung.de\\\/cms\\\/#\\\/schema\\\/logo\\\/image\\\/\"},\"sameAs\":[\"https:\\\/\\\/www.facebook.com\\\/JazzZeitung\\\/\"]},{\"@type\":\"Person\",\"@id\":\"https:\\\/\\\/www.jazzzeitung.de\\\/cms\\\/#\\\/schema\\\/person\\\/2245b36b9cd1d24cea10f01c031fb92b\",\"name\":\"Redaktion JazzZeitung\",\"image\":{\"@type\":\"ImageObject\",\"inLanguage\":\"de\",\"@id\":\"https:\\\/\\\/i0.wp.com\\\/www.jazzzeitung.de\\\/cms\\\/wp-content\\\/uploads\\\/2015\\\/08\\\/JAZZZEITUNGDE_Logo_Neu.png?resize=96%2C96&ssl=159975dcacb611b5700bd619b5daf0a7a\",\"url\":\"https:\\\/\\\/i0.wp.com\\\/www.jazzzeitung.de\\\/cms\\\/wp-content\\\/uploads\\\/2015\\\/08\\\/JAZZZEITUNGDE_Logo_Neu.png?resize=96%2C96&ssl=1\",\"contentUrl\":\"https:\\\/\\\/i0.wp.com\\\/www.jazzzeitung.de\\\/cms\\\/wp-content\\\/uploads\\\/2015\\\/08\\\/JAZZZEITUNGDE_Logo_Neu.png?resize=96%2C96&ssl=1\",\"caption\":\"Redaktion JazzZeitung\"},\"description\":\"Artikel der Redaktion der JazzZeitung.\",\"sameAs\":[\"http:\\\/\\\/www.jazzzeitung.de\\\/cms\\\/\"],\"url\":\"https:\\\/\\\/www.jazzzeitung.de\\\/cms\\\/author\\\/redaktion\\\/\"}]}<\/script>\n<!-- \/ Yoast SEO plugin. -->","yoast_head_json":{"title":"Jazzlabel NEUKLANG erweitert sein Repertoire mit NEUKLANG Future - JazzZeitung","robots":{"index":"index","follow":"follow","max-snippet":"max-snippet:-1","max-image-preview":"max-image-preview:large","max-video-preview":"max-video-preview:-1"},"canonical":"https:\/\/www.jazzzeitung.de\/cms\/2016\/02\/jazzlabel-neuklang-erweitert-sein-repertoire-mit-neuklang-future\/","og_locale":"de_DE","og_type":"article","og_title":"Jazzlabel NEUKLANG erweitert sein Repertoire mit NEUKLANG Future - JazzZeitung","og_description":"Sch\u00f6n, dass sich von den kleinen Labels in Deutschland doch immer wieder Neues berichten l\u00e4sst, diese Pressemitteilung erreichte uns heute Morgen: Die NEUKLANG Familie der Bauer Studios Ludwigsburg sorgt im Fr\u00fchling 2016 f\u00fcr frischen Wind und begr\u00fc\u00dft mit NEUKLANG Future ein neues Mitglied. NEUKLANG Future steht f\u00fcr zeitgen\u00f6ssische und avantgardistische Kl\u00e4nge. NEUKLANG Future richtet einen Blick in die Zukunft, einen Blick in die Musik von morgen. Dieses Unterlabel von NEUKLANG hebt kreative K\u00fcnstler und richtungsweisende Kompositionen hervor, mit gro\u00dfen Ensembles in au\u00dfergew\u00f6hnlichen Besetzungen und Grenz\u00fcberschreitungen zu zeitgen\u00f6ssischer Musik, Rock und Elektronik. Ping Machine,\u00a0das\u00a0Polytheistic Ensemble\u00a0und das\u00a0Verworner-Krause-Kammerorchester\u00a0sind die ersten ausgew\u00e4hlten K\u00fcnstler, um dieses zukunftsweisende Unterlabel vorzustellen. Mehr unter www.neuklangrecords.de \/ www.bauerstudios.de","og_url":"https:\/\/www.jazzzeitung.de\/cms\/2016\/02\/jazzlabel-neuklang-erweitert-sein-repertoire-mit-neuklang-future\/","og_site_name":"JazzZeitung","article_publisher":"https:\/\/www.facebook.com\/JazzZeitung\/","article_published_time":"2016-02-10T08:16:07+00:00","article_modified_time":"2016-02-10T09:25:16+00:00","og_image":[{"width":795,"height":300,"url":"https:\/\/i0.wp.com\/www.jazzzeitung.de\/cms\/wp-content\/uploads\/2016\/02\/pm-15_2013cchristophe-alary_image.jpg?fit=795%2C300&ssl=1","type":"image\/jpeg"}],"author":"Redaktion JazzZeitung","schema":{"@context":"https:\/\/schema.org","@graph":[{"@type":"Article","@id":"https:\/\/www.jazzzeitung.de\/cms\/2016\/02\/jazzlabel-neuklang-erweitert-sein-repertoire-mit-neuklang-future\/#article","isPartOf":{"@id":"https:\/\/www.jazzzeitung.de\/cms\/2016\/02\/jazzlabel-neuklang-erweitert-sein-repertoire-mit-neuklang-future\/"},"author":{"name":"Redaktion JazzZeitung","@id":"https:\/\/www.jazzzeitung.de\/cms\/#\/schema\/person\/2245b36b9cd1d24cea10f01c031fb92b"},"headline":"Jazzlabel NEUKLANG erweitert sein Repertoire mit NEUKLANG Future","datePublished":"2016-02-10T08:16:07+00:00","dateModified":"2016-02-10T09:25:16+00:00","mainEntityOfPage":{"@id":"https:\/\/www.jazzzeitung.de\/cms\/2016\/02\/jazzlabel-neuklang-erweitert-sein-repertoire-mit-neuklang-future\/"},"wordCount":140,"commentCount":0,"publisher":{"@id":"https:\/\/www.jazzzeitung.de\/cms\/#organization"},"image":{"@id":"https:\/\/www.jazzzeitung.de\/cms\/2016\/02\/jazzlabel-neuklang-erweitert-sein-repertoire-mit-neuklang-future\/#primaryimage"},"thumbnailUrl":"https:\/\/i0.wp.com\/www.jazzzeitung.de\/cms\/wp-content\/uploads\/2016\/02\/pm-15_2013cchristophe-alary_image.jpg?fit=795%2C300&ssl=1","keywords":["Deutschland"],"articleSection":["News"],"inLanguage":"de","potentialAction":[{"@type":"CommentAction","name":"Comment","target":["https:\/\/www.jazzzeitung.de\/cms\/2016\/02\/jazzlabel-neuklang-erweitert-sein-repertoire-mit-neuklang-future\/#respond"]}]},{"@type":"WebPage","@id":"https:\/\/www.jazzzeitung.de\/cms\/2016\/02\/jazzlabel-neuklang-erweitert-sein-repertoire-mit-neuklang-future\/","url":"https:\/\/www.jazzzeitung.de\/cms\/2016\/02\/jazzlabel-neuklang-erweitert-sein-repertoire-mit-neuklang-future\/","name":"Jazzlabel NEUKLANG erweitert sein Repertoire mit NEUKLANG Future - JazzZeitung","isPartOf":{"@id":"https:\/\/www.jazzzeitung.de\/cms\/#website"},"primaryImageOfPage":{"@id":"https:\/\/www.jazzzeitung.de\/cms\/2016\/02\/jazzlabel-neuklang-erweitert-sein-repertoire-mit-neuklang-future\/#primaryimage"},"image":{"@id":"https:\/\/www.jazzzeitung.de\/cms\/2016\/02\/jazzlabel-neuklang-erweitert-sein-repertoire-mit-neuklang-future\/#primaryimage"},"thumbnailUrl":"https:\/\/i0.wp.com\/www.jazzzeitung.de\/cms\/wp-content\/uploads\/2016\/02\/pm-15_2013cchristophe-alary_image.jpg?fit=795%2C300&ssl=1","datePublished":"2016-02-10T08:16:07+00:00","dateModified":"2016-02-10T09:25:16+00:00","breadcrumb":{"@id":"https:\/\/www.jazzzeitung.de\/cms\/2016\/02\/jazzlabel-neuklang-erweitert-sein-repertoire-mit-neuklang-future\/#breadcrumb"},"inLanguage":"de","potentialAction":[{"@type":"ReadAction","target":["https:\/\/www.jazzzeitung.de\/cms\/2016\/02\/jazzlabel-neuklang-erweitert-sein-repertoire-mit-neuklang-future\/"]}]},{"@type":"ImageObject","inLanguage":"de","@id":"https:\/\/www.jazzzeitung.de\/cms\/2016\/02\/jazzlabel-neuklang-erweitert-sein-repertoire-mit-neuklang-future\/#primaryimage","url":"https:\/\/i0.wp.com\/www.jazzzeitung.de\/cms\/wp-content\/uploads\/2016\/02\/pm-15_2013cchristophe-alary_image.jpg?fit=795%2C300&ssl=1","contentUrl":"https:\/\/i0.wp.com\/www.jazzzeitung.de\/cms\/wp-content\/uploads\/2016\/02\/pm-15_2013cchristophe-alary_image.jpg?fit=795%2C300&ssl=1","width":795,"height":300},{"@type":"BreadcrumbList","@id":"https:\/\/www.jazzzeitung.de\/cms\/2016\/02\/jazzlabel-neuklang-erweitert-sein-repertoire-mit-neuklang-future\/#breadcrumb","itemListElement":[{"@type":"ListItem","position":1,"name":"Startseite","item":"https:\/\/www.jazzzeitung.de\/cms\/"},{"@type":"ListItem","position":2,"name":"Jazzlabel NEUKLANG erweitert sein Repertoire mit NEUKLANG Future"}]},{"@type":"WebSite","@id":"https:\/\/www.jazzzeitung.de\/cms\/#website","url":"https:\/\/www.jazzzeitung.de\/cms\/","name":"JazzZeitung","description":"Jazz-News und Jazz-Kontroverses","publisher":{"@id":"https:\/\/www.jazzzeitung.de\/cms\/#organization"},"potentialAction":[{"@type":"SearchAction","target":{"@type":"EntryPoint","urlTemplate":"https:\/\/www.jazzzeitung.de\/cms\/?s={search_term_string}"},"query-input":{"@type":"PropertyValueSpecification","valueRequired":true,"valueName":"search_term_string"}}],"inLanguage":"de"},{"@type":"Organization","@id":"https:\/\/www.jazzzeitung.de\/cms\/#organization","name":"JazzZeitung online","url":"https:\/\/www.jazzzeitung.de\/cms\/","logo":{"@type":"ImageObject","inLanguage":"de","@id":"https:\/\/www.jazzzeitung.de\/cms\/#\/schema\/logo\/image\/","url":"https:\/\/i0.wp.com\/www.jazzzeitung.de\/cms\/wp-content\/uploads\/2015\/08\/JAZZZEITUNGDE_Logo_Neu.png?fit=499%2C200&ssl=1","contentUrl":"https:\/\/i0.wp.com\/www.jazzzeitung.de\/cms\/wp-content\/uploads\/2015\/08\/JAZZZEITUNGDE_Logo_Neu.png?fit=499%2C200&ssl=1","width":499,"height":200,"caption":"JazzZeitung online"},"image":{"@id":"https:\/\/www.jazzzeitung.de\/cms\/#\/schema\/logo\/image\/"},"sameAs":["https:\/\/www.facebook.com\/JazzZeitung\/"]},{"@type":"Person","@id":"https:\/\/www.jazzzeitung.de\/cms\/#\/schema\/person\/2245b36b9cd1d24cea10f01c031fb92b","name":"Redaktion JazzZeitung","image":{"@type":"ImageObject","inLanguage":"de","@id":"https:\/\/i0.wp.com\/www.jazzzeitung.de\/cms\/wp-content\/uploads\/2015\/08\/JAZZZEITUNGDE_Logo_Neu.png?resize=96%2C96&ssl=159975dcacb611b5700bd619b5daf0a7a","url":"https:\/\/i0.wp.com\/www.jazzzeitung.de\/cms\/wp-content\/uploads\/2015\/08\/JAZZZEITUNGDE_Logo_Neu.png?resize=96%2C96&ssl=1","contentUrl":"https:\/\/i0.wp.com\/www.jazzzeitung.de\/cms\/wp-content\/uploads\/2015\/08\/JAZZZEITUNGDE_Logo_Neu.png?resize=96%2C96&ssl=1","caption":"Redaktion JazzZeitung"},"description":"Artikel der Redaktion der JazzZeitung.","sameAs":["http:\/\/www.jazzzeitung.de\/cms\/"],"url":"https:\/\/www.jazzzeitung.de\/cms\/author\/redaktion\/"}]}},"wp-worthy-pixel":{"ignored":false,"public":null,"server":null,"url":null},"wp-worthy-type":"normal","jetpack_publicize_connections":[],"cc_featured_image_caption":{"caption_text":false,"source_text":false,"source_url":false},"jetpack_featured_media_url":"https:\/\/i0.wp.com\/www.jazzzeitung.de\/cms\/wp-content\/uploads\/2016\/02\/pm-15_2013cchristophe-alary_image.jpg?fit=795%2C300&ssl=1","jetpack_shortlink":"https:\/\/wp.me\/p3KEcT-2aY","jetpack-related-posts":[{"id":22659,"url":"https:\/\/www.jazzzeitung.de\/cms\/2020\/06\/dunkle-berge-lichte-hoehen-michael-scheiner-ueber-woodism-refugium\/","url_meta":{"origin":8368,"position":0},"title":"Dunkle Berge, lichte H\u00f6hen \u2013 Michael Scheiner \u00fcber ein neues Album des Quartetts Woodoism","author":"Michael Scheiner","date":"17. Juni 2020","format":false,"excerpt":"Dunkle Berge, lichte H\u00f6hen Zum Album \"Refugium\" von Florian Weiss' Woodoism Von Michael Scheiner \u201eOh-oh, hohe Berge\u201c sang Frl. Menke 1982 in ihrem sinnfrei zusammengebastelten NDW-Song \u00fcber Alpentourismus und eidgen\u00f6ssische Klischees. Ein fernes Echo aus der Zukunft zirpt, growlt, faucht und fl\u00f6tet nun munter davon, dass es in der Schweiz\u2026","rel":"","context":"In &quot;Rezension&quot;","block_context":{"text":"Rezension","link":"https:\/\/www.jazzzeitung.de\/cms\/thema\/rezension\/"},"img":{"alt_text":"","src":"https:\/\/i0.wp.com\/www.jazzzeitung.de\/cms\/wp-content\/uploads\/2020\/06\/Woodoism_live.jpg?fit=1200%2C803&ssl=1&resize=350%2C200","width":350,"height":200,"srcset":"https:\/\/i0.wp.com\/www.jazzzeitung.de\/cms\/wp-content\/uploads\/2020\/06\/Woodoism_live.jpg?fit=1200%2C803&ssl=1&resize=350%2C200 1x, https:\/\/i0.wp.com\/www.jazzzeitung.de\/cms\/wp-content\/uploads\/2020\/06\/Woodoism_live.jpg?fit=1200%2C803&ssl=1&resize=525%2C300 1.5x, https:\/\/i0.wp.com\/www.jazzzeitung.de\/cms\/wp-content\/uploads\/2020\/06\/Woodoism_live.jpg?fit=1200%2C803&ssl=1&resize=700%2C400 2x, https:\/\/i0.wp.com\/www.jazzzeitung.de\/cms\/wp-content\/uploads\/2020\/06\/Woodoism_live.jpg?fit=1200%2C803&ssl=1&resize=1050%2C600 3x"},"classes":[]},{"id":29366,"url":"https:\/\/www.jazzzeitung.de\/cms\/2023\/04\/poetische-jazzsongs-mit-humor-und-tiefe\/","url_meta":{"origin":8368,"position":1},"title":"Poetische Jazzsongs mit Humor und Tiefe","author":"Michael Scheiner","date":"25. April 2023","format":false,"excerpt":"Konzert. Um ein Haar w\u00e4re der gro\u00dfartige Auftritt von S\u00e4ngerin Efrat Alony Covid zum Opfer gefallen. \u00a0 Regensburg. Nach au\u00dfen schrill, nach innen poetisch, tr\u00e4umerisch und oft alles andere als geradlinig. Efrat Alonys Songs besch\u00e4ftigen sich auf vielf\u00e4ltige Weise mit Eindr\u00fccken und ihrer Sicht auf die Welt um sie herum\u2026","rel":"","context":"In &quot;Bericht&quot;","block_context":{"text":"Bericht","link":"https:\/\/www.jazzzeitung.de\/cms\/thema\/bericht\/"},"img":{"alt_text":"","src":"https:\/\/i0.wp.com\/www.jazzzeitung.de\/cms\/wp-content\/uploads\/2023\/04\/alony-band_12.jpg?fit=1200%2C769&ssl=1&resize=350%2C200","width":350,"height":200,"srcset":"https:\/\/i0.wp.com\/www.jazzzeitung.de\/cms\/wp-content\/uploads\/2023\/04\/alony-band_12.jpg?fit=1200%2C769&ssl=1&resize=350%2C200 1x, https:\/\/i0.wp.com\/www.jazzzeitung.de\/cms\/wp-content\/uploads\/2023\/04\/alony-band_12.jpg?fit=1200%2C769&ssl=1&resize=525%2C300 1.5x, https:\/\/i0.wp.com\/www.jazzzeitung.de\/cms\/wp-content\/uploads\/2023\/04\/alony-band_12.jpg?fit=1200%2C769&ssl=1&resize=700%2C400 2x, https:\/\/i0.wp.com\/www.jazzzeitung.de\/cms\/wp-content\/uploads\/2023\/04\/alony-band_12.jpg?fit=1200%2C769&ssl=1&resize=1050%2C600 3x"},"classes":[]},{"id":16383,"url":"https:\/\/www.jazzzeitung.de\/cms\/2018\/06\/jin-jim-mit-weisse-schatten\/","url_meta":{"origin":8368,"position":2},"title":"Jin Jim mit \u201eWei\u00dfe Schatten\u201c","author":"Redaktion JazzZeitung","date":"15. Juni 2018","format":false,"excerpt":"Das Alte Pfandhaus in K\u00f6ln. Pre-Release Konzert f\u00fcr die zweite CD der Band Jin Jim. Der Soundcheck beginnt mit einem wahren Gewitter von Schlagzeug, Kontrabass und E-Gitarre. Wie soll sich da der Fl\u00f6tist Daniel Manrique-Smith als Frontman der Band durchsetzen, fragt sich besorgt der Ohren- und Augenzeuge, der nicht zuletzt\u2026","rel":"","context":"In &quot;Portrait&quot;","block_context":{"text":"Portrait","link":"https:\/\/www.jazzzeitung.de\/cms\/thema\/portrait\/"},"img":{"alt_text":"","src":"https:\/\/i0.wp.com\/www.jazzzeitung.de\/cms\/wp-content\/uploads\/2018\/06\/IMG_8402.jpg?fit=1200%2C800&ssl=1&resize=350%2C200","width":350,"height":200,"srcset":"https:\/\/i0.wp.com\/www.jazzzeitung.de\/cms\/wp-content\/uploads\/2018\/06\/IMG_8402.jpg?fit=1200%2C800&ssl=1&resize=350%2C200 1x, https:\/\/i0.wp.com\/www.jazzzeitung.de\/cms\/wp-content\/uploads\/2018\/06\/IMG_8402.jpg?fit=1200%2C800&ssl=1&resize=525%2C300 1.5x, https:\/\/i0.wp.com\/www.jazzzeitung.de\/cms\/wp-content\/uploads\/2018\/06\/IMG_8402.jpg?fit=1200%2C800&ssl=1&resize=700%2C400 2x, https:\/\/i0.wp.com\/www.jazzzeitung.de\/cms\/wp-content\/uploads\/2018\/06\/IMG_8402.jpg?fit=1200%2C800&ssl=1&resize=1050%2C600 3x"},"classes":[]},{"id":5412,"url":"https:\/\/www.jazzzeitung.de\/cms\/2015\/02\/festival-leipjazzig-feiert-runden-geburtstag\/","url_meta":{"origin":8368,"position":3},"title":"Festival \u201eLeipJAZZig\u201c feiert runden Geburtstag","author":"Redaktion JazzZeitung","date":"4. Februar 2015","format":false,"excerpt":"Von Julian Krenz - 2015 geht das Festival \u201eLeipJAZZig\u201c bereits in die 20. Runde. Bereits im Mai 1996 veranstaltete die damals noch junge Initiative Leipziger Jazzmusiker e.V. zum ersten Mal das Festival. Der Hintergedanke der Initiative war, den Jazz auf die B\u00fchne zu bringen. Zuvor beschr\u00e4nkte sich das konzertante Schaffen\u2026","rel":"","context":"In &quot;Bericht&quot;","block_context":{"text":"Bericht","link":"https:\/\/www.jazzzeitung.de\/cms\/thema\/bericht\/"},"img":{"alt_text":"LeipJAZZig-Orkester & T. Morgenstern Foto: Christian Enger","src":"https:\/\/i0.wp.com\/www.jazzzeitung.de\/cms\/wp-content\/uploads\/2015\/02\/18.03.2015-LeipJAZZig-Orkester-T.-Morgenstern-1-c-Chr.-Enger.jpg?resize=350%2C200","width":350,"height":200,"srcset":"https:\/\/i0.wp.com\/www.jazzzeitung.de\/cms\/wp-content\/uploads\/2015\/02\/18.03.2015-LeipJAZZig-Orkester-T.-Morgenstern-1-c-Chr.-Enger.jpg?resize=350%2C200 1x, https:\/\/i0.wp.com\/www.jazzzeitung.de\/cms\/wp-content\/uploads\/2015\/02\/18.03.2015-LeipJAZZig-Orkester-T.-Morgenstern-1-c-Chr.-Enger.jpg?resize=525%2C300 1.5x, https:\/\/i0.wp.com\/www.jazzzeitung.de\/cms\/wp-content\/uploads\/2015\/02\/18.03.2015-LeipJAZZig-Orkester-T.-Morgenstern-1-c-Chr.-Enger.jpg?resize=700%2C400 2x, https:\/\/i0.wp.com\/www.jazzzeitung.de\/cms\/wp-content\/uploads\/2015\/02\/18.03.2015-LeipJAZZig-Orkester-T.-Morgenstern-1-c-Chr.-Enger.jpg?resize=1050%2C600 3x"},"classes":[]},{"id":17466,"url":"https:\/\/www.jazzzeitung.de\/cms\/2018\/10\/initiative-musik-feiert-ihr-zehnjaehriges-bestehen\/","url_meta":{"origin":8368,"position":4},"title":"Initiative Musik feiert ihr zehnj\u00e4hriges Bestehen","author":"Redaktion JazzZeitung","date":"16. Oktober 2018","format":false,"excerpt":"Die Initiative Musik feierte zehnj\u00e4hriges Jubil\u00e4um: Seit 2008 unterst\u00fctzt die gGmbH professionelle K\u00fcnstler\/-innen sowohl beim Karriereaufbau in Deutschland als auch bei der Etablierung im Ausland. Neben Rock und Pop setzt sich das B\u00fcndnis auch im Bereich des Jazz f\u00fcr den Ausbau nachhaltiger Strukturen ein. Im Mittelpunkt der Clubf\u00f6rderprogramme der Initiative\u2026","rel":"","context":"In &quot;News&quot;","block_context":{"text":"News","link":"https:\/\/www.jazzzeitung.de\/cms\/thema\/nachrichten\/"},"img":{"alt_text":"","src":"https:\/\/i0.wp.com\/www.jazzzeitung.de\/cms\/wp-content\/uploads\/2018\/10\/IniMusik_logo_kurz_72dpi_color.jpg?fit=685%2C402&ssl=1&resize=350%2C200","width":350,"height":200,"srcset":"https:\/\/i0.wp.com\/www.jazzzeitung.de\/cms\/wp-content\/uploads\/2018\/10\/IniMusik_logo_kurz_72dpi_color.jpg?fit=685%2C402&ssl=1&resize=350%2C200 1x, https:\/\/i0.wp.com\/www.jazzzeitung.de\/cms\/wp-content\/uploads\/2018\/10\/IniMusik_logo_kurz_72dpi_color.jpg?fit=685%2C402&ssl=1&resize=525%2C300 1.5x"},"classes":[]},{"id":24317,"url":"https:\/\/www.jazzzeitung.de\/cms\/2021\/01\/neues-von-der-initiative-musik-hilfsprogramm-neustart-kultur\/","url_meta":{"origin":8368,"position":5},"title":"Neues von der Initiative Musik: Hilfsprogramm, Neustart Kultur","author":"Redaktion JazzZeitung","date":"27. Januar 2021","format":false,"excerpt":"+++ Finanzielle Zusch\u00fcsse f\u00fcr Musiker*innen in Notlage +++ Pressemitteilung der IM. Viele Musiker*innen und Partnerunternehmen sind durch die Corona-Pandemie auf finanzielle Unterst\u00fctzung angewiesen, um ihre Existenz zu sichern. Aktuelle Hilfsma\u00dfnahmen fallen derweil abh\u00e4ngig vom Bundesland sehr unterschiedlich aus. Mit dem Hilfsprogramm f\u00fcr Musiker*innen will die Initiative Musik m\u00f6glichst unb\u00fcrokratisch und\u2026","rel":"","context":"In &quot;News&quot;","block_context":{"text":"News","link":"https:\/\/www.jazzzeitung.de\/cms\/thema\/nachrichten\/"},"img":{"alt_text":"","src":"https:\/\/i0.wp.com\/www.jazzzeitung.de\/cms\/wp-content\/uploads\/2021\/01\/stage-2979750_1920.jpg?fit=1200%2C646&ssl=1&resize=350%2C200","width":350,"height":200,"srcset":"https:\/\/i0.wp.com\/www.jazzzeitung.de\/cms\/wp-content\/uploads\/2021\/01\/stage-2979750_1920.jpg?fit=1200%2C646&ssl=1&resize=350%2C200 1x, https:\/\/i0.wp.com\/www.jazzzeitung.de\/cms\/wp-content\/uploads\/2021\/01\/stage-2979750_1920.jpg?fit=1200%2C646&ssl=1&resize=525%2C300 1.5x, https:\/\/i0.wp.com\/www.jazzzeitung.de\/cms\/wp-content\/uploads\/2021\/01\/stage-2979750_1920.jpg?fit=1200%2C646&ssl=1&resize=700%2C400 2x, https:\/\/i0.wp.com\/www.jazzzeitung.de\/cms\/wp-content\/uploads\/2021\/01\/stage-2979750_1920.jpg?fit=1200%2C646&ssl=1&resize=1050%2C600 3x"},"classes":[]}],"jetpack_sharing_enabled":true,"_links":{"self":[{"href":"https:\/\/www.jazzzeitung.de\/cms\/wp-json\/wp\/v2\/posts\/8368","targetHints":{"allow":["GET"]}}],"collection":[{"href":"https:\/\/www.jazzzeitung.de\/cms\/wp-json\/wp\/v2\/posts"}],"about":[{"href":"https:\/\/www.jazzzeitung.de\/cms\/wp-json\/wp\/v2\/types\/post"}],"author":[{"embeddable":true,"href":"https:\/\/www.jazzzeitung.de\/cms\/wp-json\/wp\/v2\/users\/18"}],"replies":[{"embeddable":true,"href":"https:\/\/www.jazzzeitung.de\/cms\/wp-json\/wp\/v2\/comments?post=8368"}],"version-history":[{"count":1,"href":"https:\/\/www.jazzzeitung.de\/cms\/wp-json\/wp\/v2\/posts\/8368\/revisions"}],"predecessor-version":[{"id":8371,"href":"https:\/\/www.jazzzeitung.de\/cms\/wp-json\/wp\/v2\/posts\/8368\/revisions\/8371"}],"wp:featuredmedia":[{"embeddable":true,"href":"https:\/\/www.jazzzeitung.de\/cms\/wp-json\/wp\/v2\/media\/8370"}],"wp:attachment":[{"href":"https:\/\/www.jazzzeitung.de\/cms\/wp-json\/wp\/v2\/media?parent=8368"}],"wp:term":[{"taxonomy":"category","embeddable":true,"href":"https:\/\/www.jazzzeitung.de\/cms\/wp-json\/wp\/v2\/categories?post=8368"},{"taxonomy":"post_tag","embeddable":true,"href":"https:\/\/www.jazzzeitung.de\/cms\/wp-json\/wp\/v2\/tags?post=8368"},{"taxonomy":"author","embeddable":true,"href":"https:\/\/www.jazzzeitung.de\/cms\/wp-json\/wp\/v2\/coauthors?post=8368"}],"curies":[{"name":"wp","href":"https:\/\/api.w.org\/{rel}","templated":true}]}}