{"id":8365,"date":"2016-02-09T10:19:11","date_gmt":"2016-02-09T09:19:11","guid":{"rendered":"http:\/\/www.jazzzeitung.de\/cms\/?p=8365"},"modified":"2016-02-09T10:19:11","modified_gmt":"2016-02-09T09:19:11","slug":"edition-unterfahrt-enja-praesentiert-neue-cd-reihe","status":"publish","type":"post","link":"https:\/\/www.jazzzeitung.de\/cms\/2016\/02\/edition-unterfahrt-enja-praesentiert-neue-cd-reihe\/","title":{"rendered":"&#8222;Edition Unterfahrt&#8220;: enja pr\u00e4sentiert neue CD-Reihe"},"content":{"rendered":"<p><strong><a href=\"https:\/\/i0.wp.com\/www.jazzzeitung.de\/cms\/wp-content\/uploads\/2016\/02\/henning-sieverts-vibes-and-strings.jpg\" rel=\"attachment wp-att-8366\"><img data-recalc-dims=\"1\" loading=\"lazy\" decoding=\"async\" data-attachment-id=\"8366\" data-permalink=\"https:\/\/www.jazzzeitung.de\/cms\/2016\/02\/edition-unterfahrt-enja-praesentiert-neue-cd-reihe\/henning-sieverts-vibes-and-strings\/\" data-orig-file=\"https:\/\/i0.wp.com\/www.jazzzeitung.de\/cms\/wp-content\/uploads\/2016\/02\/henning-sieverts-vibes-and-strings.jpg?fit=624%2C601&amp;ssl=1\" data-orig-size=\"624,601\" data-comments-opened=\"1\" data-image-meta=\"{&quot;aperture&quot;:&quot;0&quot;,&quot;credit&quot;:&quot;&quot;,&quot;camera&quot;:&quot;&quot;,&quot;caption&quot;:&quot;&quot;,&quot;created_timestamp&quot;:&quot;0&quot;,&quot;copyright&quot;:&quot;&quot;,&quot;focal_length&quot;:&quot;0&quot;,&quot;iso&quot;:&quot;0&quot;,&quot;shutter_speed&quot;:&quot;0&quot;,&quot;title&quot;:&quot;&quot;,&quot;orientation&quot;:&quot;0&quot;}\" data-image-title=\"henning-sieverts-vibes-and-strings\" data-image-description=\"\" data-image-caption=\"\" data-large-file=\"https:\/\/i0.wp.com\/www.jazzzeitung.de\/cms\/wp-content\/uploads\/2016\/02\/henning-sieverts-vibes-and-strings.jpg?fit=623%2C600&amp;ssl=1\" class=\"alignright size-thumbnail wp-image-8366\" src=\"https:\/\/i0.wp.com\/www.jazzzeitung.de\/cms\/wp-content\/uploads\/2016\/02\/henning-sieverts-vibes-and-strings-150x150.jpg?resize=150%2C150\" alt=\"henning-sieverts-vibes-and-strings\" width=\"150\" height=\"150\" srcset=\"https:\/\/i0.wp.com\/www.jazzzeitung.de\/cms\/wp-content\/uploads\/2016\/02\/henning-sieverts-vibes-and-strings.jpg?resize=150%2C150&amp;ssl=1 150w, https:\/\/i0.wp.com\/www.jazzzeitung.de\/cms\/wp-content\/uploads\/2016\/02\/henning-sieverts-vibes-and-strings.jpg?resize=144%2C144&amp;ssl=1 144w, https:\/\/i0.wp.com\/www.jazzzeitung.de\/cms\/wp-content\/uploads\/2016\/02\/henning-sieverts-vibes-and-strings.jpg?resize=96%2C96&amp;ssl=1 96w, https:\/\/i0.wp.com\/www.jazzzeitung.de\/cms\/wp-content\/uploads\/2016\/02\/henning-sieverts-vibes-and-strings.jpg?resize=24%2C24&amp;ssl=1 24w, https:\/\/i0.wp.com\/www.jazzzeitung.de\/cms\/wp-content\/uploads\/2016\/02\/henning-sieverts-vibes-and-strings.jpg?resize=36%2C36&amp;ssl=1 36w, https:\/\/i0.wp.com\/www.jazzzeitung.de\/cms\/wp-content\/uploads\/2016\/02\/henning-sieverts-vibes-and-strings.jpg?resize=48%2C48&amp;ssl=1 48w, https:\/\/i0.wp.com\/www.jazzzeitung.de\/cms\/wp-content\/uploads\/2016\/02\/henning-sieverts-vibes-and-strings.jpg?resize=64%2C64&amp;ssl=1 64w, https:\/\/i0.wp.com\/www.jazzzeitung.de\/cms\/wp-content\/uploads\/2016\/02\/henning-sieverts-vibes-and-strings.jpg?resize=32%2C32&amp;ssl=1 32w, https:\/\/i0.wp.com\/www.jazzzeitung.de\/cms\/wp-content\/uploads\/2016\/02\/henning-sieverts-vibes-and-strings.jpg?resize=128%2C128&amp;ssl=1 128w, https:\/\/i0.wp.com\/www.jazzzeitung.de\/cms\/wp-content\/uploads\/2016\/02\/henning-sieverts-vibes-and-strings.jpg?zoom=2&amp;resize=150%2C150&amp;ssl=1 300w, https:\/\/i0.wp.com\/www.jazzzeitung.de\/cms\/wp-content\/uploads\/2016\/02\/henning-sieverts-vibes-and-strings.jpg?zoom=3&amp;resize=150%2C150&amp;ssl=1 450w\" sizes=\"auto, (max-width: 150px) 100vw, 150px\" \/><\/a><\/strong>Mit der ersten Ausgabe der <em>Edition Unterfahrt<\/em> verwirklicht der Jazzclub Unterfahrt ein lang gehegtes Vorhaben: Aufnahmen aus dem Club bzw. mit Musikern, die in enger Verbundenheit mit dem Club stehen. In Zusammenarbeit mit Enja Records erscheint in dieser neuen Reihe Ende Februar die erste CD <em>Vibes &amp; Strings<\/em>, ein Projekt des M\u00fcnchner Bassisten und Cellisten Henning Sieverts. Am 16. Februar 2016 pr\u00e4sentiert sein Quartett in Originalbesetzung die CD-Neuerscheinung live im Jazzclub Unterfahrt. Im Vorfeld des Konzerts wird es einen Jazz-Talk geben, in dem Henning Sieverts im Gespr\u00e4ch mit einem Journalisten Einblicke in seine Arbeit gibt.<\/p>\n<p><strong>Das Label<\/strong><\/p>\n<p>Bereits seit mehr als 20 Jahren arbeitet der Jazzclub Unterfahrt mit dem M\u00fcnchner Label Enja zusammen. Im Laufe dieses jahrelangen Austausches entwickelten sich viele gemeinsame Projekte. \u201eWir sind alle miteinander gewachsen\u201c, beschreibt Werner Aldinger von Enja die fruchtbare Zusammenarbeit. So entstand bereits vor vielen Jahren im Zuge dieser Zusammenarbeit die Idee zur einer CD-Reihe <em>Edition Unterfahrt<\/em>. \u00dcber die Jahre reifte die Idee, und die Aufnahmen, die Henning Sieverts im August 2014 vornahm, schufen die beste Voraussetzung, diese endlich in die Tat umzusetzen. Im Fokus der Reihe stehen regionale und internationale Musiker, die eng mit dem Jazzclub Unterfahrt verbunden sind. Pro Jahr sollen ein bis zwei CD-Projekte ver\u00f6ffentlicht werden, entweder als Live-Aufnahmen aus dem Club oder als Studioaufnahmen.<\/p>\n<p><strong>Das Album <\/strong><\/p>\n<p>W\u00e4hrend Henning Sieverts <em>Munich Summer Jazz Week <\/em>im August 2014 im Jazzclub Unterfahrt wurden drei Konzert-Abende mitgeschnitten und nun in elf St\u00fccken auf vorliegendem Album pr\u00e4sentiert. Toningenieur Florian H. Oestreicher (Realistic Sound) ist es optimal gelungen, die besondere Live-Atmosph\u00e4re einzufangen. <em>Vibes &amp; Strings<\/em> lebt von der reizvollen Kombination aus gl\u00e4sernem Vibraphon und warmen Saitenkl\u00e4ngen. Dabei stehen groovende, zupackende St\u00fccke im Mittelpunkt, die durch diese ungew\u00f6hnliche Instrumentierung eine aparte Sch\u00f6nheit entwickeln.<\/p>\n<p><strong>Die Besetzung<\/strong><\/p>\n<p>Henning Sieverts ist mit mehr als 120 CD-Ver\u00f6ffentlichungen und zahlreichen Preisen (u.a. Bayerischer Staatspreis, Neuer Deutscher Jazzpreis, ECHO JAZZ) einer der meistbesch\u00e4ftigten Jazzbassisten Europas. Er gibt regelm\u00e4\u00dfig Kompositionsworkshops und unterrichtet dar\u00fcber hinaus an der Musikhochschule M\u00fcnchen. Tim Collins stammt aus New York und lebt seit einigen Jahren in M\u00fcnchen. \u201eA world-class vibes player\u201c (CJSR-FM Radio), \u201emusician of fire\u201c (Washington Post), \u201enothing less than exemplary\u201d (Downbeat) \u2013 das sind nur einige Lobeshymnen \u00fcber den virtuosen Vibraphonisten. Peter O`Mara stammt aus Sydney und lebt seit 20 Jahren in M\u00fcnchen. Er spielte mit Gr\u00f6\u00dfen wie Joe Lovano, Dave Holland, Kenny Wheeler, Charlie Mariano und Bob Mintzer. O`Mara war langj\u00e4hriges Mitglied bei Klaus Doldingers <em>Passport<\/em> und hat zahlreiche Lehrwerke f\u00fcr Jazzgitarre geschrieben, die l\u00e4ngst zur Standardliteratur geh\u00f6ren. Der mehrfach preisgekr\u00f6nte Schlagzeuger Matthias Gmelin (\u201eJugend Jazzt\u201c in Bayern und Bundeswettbewerb) ist wegen seines einf\u00fchlsamen, geschmackvollen Spiels einer der gefragtesten Drummer der Szene. Er spielte mit Bir\u00e9li Lagr\u00e8ne, John Ruocco, Ack van Rooyen, Johannes Enders oder Judy Niemack.<\/p>\n<p>&nbsp;<\/p>\n","protected":false},"excerpt":{"rendered":"<p>Mit der ersten Ausgabe der Edition Unterfahrt verwirklicht der Jazzclub Unterfahrt ein lang gehegtes Vorhaben: Aufnahmen aus dem Club bzw. mit Musikern, die in enger Verbundenheit mit dem Club stehen. In Zusammenarbeit mit Enja Records erscheint in dieser neuen Reihe Ende Februar die erste CD Vibes &amp; Strings, ein Projekt des M\u00fcnchner Bassisten und Cellisten Henning Sieverts. Am 16. Februar 2016 pr\u00e4sentiert sein Quartett in Originalbesetzung die CD-Neuerscheinung live im Jazzclub Unterfahrt. Im Vorfeld des Konzerts wird es einen Jazz-Talk geben, in dem Henning Sieverts im Gespr\u00e4ch mit einem Journalisten Einblicke in seine Arbeit gibt. Das Label Bereits seit mehr als 20 Jahren arbeitet der Jazzclub Unterfahrt mit dem M\u00fcnchner Label Enja zusammen. Im Laufe dieses jahrelangen Austausches entwickelten sich viele gemeinsame Projekte. \u201eWir sind alle miteinander gewachsen\u201c, beschreibt Werner Aldinger von Enja die fruchtbare Zusammenarbeit. So entstand bereits vor vielen Jahren im Zuge dieser Zusammenarbeit die Idee zur einer CD-Reihe Edition Unterfahrt. \u00dcber die Jahre reifte die Idee, und die Aufnahmen, die Henning Sieverts im August 2014 vornahm, schufen die beste Voraussetzung, diese endlich in die Tat umzusetzen. Im Fokus der Reihe stehen regionale &hellip;<\/p>\n","protected":false},"author":18,"featured_media":0,"comment_status":"open","ping_status":"closed","sticky":false,"template":"","format":"standard","meta":{"_jetpack_memberships_contains_paid_content":false,"footnotes":"","jetpack_publicize_message":"","jetpack_publicize_feature_enabled":true,"jetpack_social_post_already_shared":false,"jetpack_social_options":{"image_generator_settings":{"template":"highway","default_image_id":0,"font":"","enabled":false},"version":2}},"categories":[634],"tags":[34,109,120,127,735,980,157,163,221,271,809,305,312,322,339,401,414,904,859,1193,573],"coauthors":[695],"class_list":["post-8365","post","type-post","status-publish","format-standard","hentry","category-redaktion","tag-album","tag-cd","tag-club","tag-dave-holland","tag-deutscher-jazzpreis","tag-echo","tag-echo-jazz","tag-enja","tag-henning-sieverts","tag-jazzclub","tag-jazzclub-unterfahrt","tag-jugend-jazzt","tag-kenny-wheeler","tag-konzert-2","tag-label","tag-muenchen","tag-neuer-deutscher-jazzpreis","tag-new-york","tag-passport","tag-radio","tag-unterfahrt"],"yoast_head":"<!-- This site is optimized with the Yoast SEO plugin v27.5 - https:\/\/yoast.com\/product\/yoast-seo-wordpress\/ -->\n<title>&quot;Edition Unterfahrt&quot;: enja pr\u00e4sentiert neue CD-Reihe - JazzZeitung<\/title>\n<meta name=\"robots\" content=\"index, follow, max-snippet:-1, max-image-preview:large, max-video-preview:-1\" \/>\n<link rel=\"canonical\" href=\"https:\/\/www.jazzzeitung.de\/cms\/2016\/02\/edition-unterfahrt-enja-praesentiert-neue-cd-reihe\/\" \/>\n<meta property=\"og:locale\" content=\"de_DE\" \/>\n<meta property=\"og:type\" content=\"article\" \/>\n<meta property=\"og:title\" content=\"&quot;Edition Unterfahrt&quot;: enja pr\u00e4sentiert neue CD-Reihe - JazzZeitung\" \/>\n<meta property=\"og:description\" content=\"Mit der ersten Ausgabe der Edition Unterfahrt verwirklicht der Jazzclub Unterfahrt ein lang gehegtes Vorhaben: Aufnahmen aus dem Club bzw. mit Musikern, die in enger Verbundenheit mit dem Club stehen. In Zusammenarbeit mit Enja Records erscheint in dieser neuen Reihe Ende Februar die erste CD Vibes &amp; Strings, ein Projekt des M\u00fcnchner Bassisten und Cellisten Henning Sieverts. Am 16. Februar 2016 pr\u00e4sentiert sein Quartett in Originalbesetzung die CD-Neuerscheinung live im Jazzclub Unterfahrt. Im Vorfeld des Konzerts wird es einen Jazz-Talk geben, in dem Henning Sieverts im Gespr\u00e4ch mit einem Journalisten Einblicke in seine Arbeit gibt. Das Label Bereits seit mehr als 20 Jahren arbeitet der Jazzclub Unterfahrt mit dem M\u00fcnchner Label Enja zusammen. Im Laufe dieses jahrelangen Austausches entwickelten sich viele gemeinsame Projekte. \u201eWir sind alle miteinander gewachsen\u201c, beschreibt Werner Aldinger von Enja die fruchtbare Zusammenarbeit. So entstand bereits vor vielen Jahren im Zuge dieser Zusammenarbeit die Idee zur einer CD-Reihe Edition Unterfahrt. \u00dcber die Jahre reifte die Idee, und die Aufnahmen, die Henning Sieverts im August 2014 vornahm, schufen die beste Voraussetzung, diese endlich in die Tat umzusetzen. Im Fokus der Reihe stehen regionale &hellip;\" \/>\n<meta property=\"og:url\" content=\"https:\/\/www.jazzzeitung.de\/cms\/2016\/02\/edition-unterfahrt-enja-praesentiert-neue-cd-reihe\/\" \/>\n<meta property=\"og:site_name\" content=\"JazzZeitung\" \/>\n<meta property=\"article:publisher\" content=\"https:\/\/www.facebook.com\/JazzZeitung\/\" \/>\n<meta property=\"article:published_time\" content=\"2016-02-09T09:19:11+00:00\" \/>\n<meta property=\"og:image\" content=\"http:\/\/www.jazzzeitung.de\/cms\/wp-content\/uploads\/2016\/02\/henning-sieverts-vibes-and-strings-150x150.jpg\" \/>\n<meta name=\"author\" content=\"Redaktion JazzZeitung\" \/>\n<script type=\"application\/ld+json\" class=\"yoast-schema-graph\">{\"@context\":\"https:\\\/\\\/schema.org\",\"@graph\":[{\"@type\":\"Article\",\"@id\":\"https:\\\/\\\/www.jazzzeitung.de\\\/cms\\\/2016\\\/02\\\/edition-unterfahrt-enja-praesentiert-neue-cd-reihe\\\/#article\",\"isPartOf\":{\"@id\":\"https:\\\/\\\/www.jazzzeitung.de\\\/cms\\\/2016\\\/02\\\/edition-unterfahrt-enja-praesentiert-neue-cd-reihe\\\/\"},\"author\":{\"name\":\"Redaktion JazzZeitung\",\"@id\":\"https:\\\/\\\/www.jazzzeitung.de\\\/cms\\\/#\\\/schema\\\/person\\\/2245b36b9cd1d24cea10f01c031fb92b\"},\"headline\":\"&#8222;Edition Unterfahrt&#8220;: enja pr\u00e4sentiert neue CD-Reihe\",\"datePublished\":\"2016-02-09T09:19:11+00:00\",\"mainEntityOfPage\":{\"@id\":\"https:\\\/\\\/www.jazzzeitung.de\\\/cms\\\/2016\\\/02\\\/edition-unterfahrt-enja-praesentiert-neue-cd-reihe\\\/\"},\"wordCount\":483,\"commentCount\":0,\"publisher\":{\"@id\":\"https:\\\/\\\/www.jazzzeitung.de\\\/cms\\\/#organization\"},\"image\":{\"@id\":\"https:\\\/\\\/www.jazzzeitung.de\\\/cms\\\/2016\\\/02\\\/edition-unterfahrt-enja-praesentiert-neue-cd-reihe\\\/#primaryimage\"},\"thumbnailUrl\":\"http:\\\/\\\/www.jazzzeitung.de\\\/cms\\\/wp-content\\\/uploads\\\/2016\\\/02\\\/henning-sieverts-vibes-and-strings-150x150.jpg\",\"keywords\":[\"Album\",\"CD\",\"Club\",\"dave holland\",\"Deutscher Jazzpreis\",\"ECHO\",\"Echo Jazz\",\"enja\",\"Henning Sieverts\",\"Jazzclub\",\"Jazzclub Unterfahrt\",\"Jugend jazzt\",\"Kenny Wheeler\",\"Konzert\",\"Label\",\"M\u00fcnchen\",\"Neuer Deutscher Jazzpreis\",\"New York\",\"Passport\",\"Radio\",\"Unterfahrt\"],\"articleSection\":[\"Redaktionelle Nachrichten\"],\"inLanguage\":\"de\",\"potentialAction\":[{\"@type\":\"CommentAction\",\"name\":\"Comment\",\"target\":[\"https:\\\/\\\/www.jazzzeitung.de\\\/cms\\\/2016\\\/02\\\/edition-unterfahrt-enja-praesentiert-neue-cd-reihe\\\/#respond\"]}]},{\"@type\":\"WebPage\",\"@id\":\"https:\\\/\\\/www.jazzzeitung.de\\\/cms\\\/2016\\\/02\\\/edition-unterfahrt-enja-praesentiert-neue-cd-reihe\\\/\",\"url\":\"https:\\\/\\\/www.jazzzeitung.de\\\/cms\\\/2016\\\/02\\\/edition-unterfahrt-enja-praesentiert-neue-cd-reihe\\\/\",\"name\":\"\\\"Edition Unterfahrt\\\": enja pr\u00e4sentiert neue CD-Reihe - JazzZeitung\",\"isPartOf\":{\"@id\":\"https:\\\/\\\/www.jazzzeitung.de\\\/cms\\\/#website\"},\"primaryImageOfPage\":{\"@id\":\"https:\\\/\\\/www.jazzzeitung.de\\\/cms\\\/2016\\\/02\\\/edition-unterfahrt-enja-praesentiert-neue-cd-reihe\\\/#primaryimage\"},\"image\":{\"@id\":\"https:\\\/\\\/www.jazzzeitung.de\\\/cms\\\/2016\\\/02\\\/edition-unterfahrt-enja-praesentiert-neue-cd-reihe\\\/#primaryimage\"},\"thumbnailUrl\":\"http:\\\/\\\/www.jazzzeitung.de\\\/cms\\\/wp-content\\\/uploads\\\/2016\\\/02\\\/henning-sieverts-vibes-and-strings-150x150.jpg\",\"datePublished\":\"2016-02-09T09:19:11+00:00\",\"breadcrumb\":{\"@id\":\"https:\\\/\\\/www.jazzzeitung.de\\\/cms\\\/2016\\\/02\\\/edition-unterfahrt-enja-praesentiert-neue-cd-reihe\\\/#breadcrumb\"},\"inLanguage\":\"de\",\"potentialAction\":[{\"@type\":\"ReadAction\",\"target\":[\"https:\\\/\\\/www.jazzzeitung.de\\\/cms\\\/2016\\\/02\\\/edition-unterfahrt-enja-praesentiert-neue-cd-reihe\\\/\"]}]},{\"@type\":\"ImageObject\",\"inLanguage\":\"de\",\"@id\":\"https:\\\/\\\/www.jazzzeitung.de\\\/cms\\\/2016\\\/02\\\/edition-unterfahrt-enja-praesentiert-neue-cd-reihe\\\/#primaryimage\",\"url\":\"http:\\\/\\\/www.jazzzeitung.de\\\/cms\\\/wp-content\\\/uploads\\\/2016\\\/02\\\/henning-sieverts-vibes-and-strings-150x150.jpg\",\"contentUrl\":\"http:\\\/\\\/www.jazzzeitung.de\\\/cms\\\/wp-content\\\/uploads\\\/2016\\\/02\\\/henning-sieverts-vibes-and-strings-150x150.jpg\"},{\"@type\":\"BreadcrumbList\",\"@id\":\"https:\\\/\\\/www.jazzzeitung.de\\\/cms\\\/2016\\\/02\\\/edition-unterfahrt-enja-praesentiert-neue-cd-reihe\\\/#breadcrumb\",\"itemListElement\":[{\"@type\":\"ListItem\",\"position\":1,\"name\":\"Startseite\",\"item\":\"https:\\\/\\\/www.jazzzeitung.de\\\/cms\\\/\"},{\"@type\":\"ListItem\",\"position\":2,\"name\":\"&#8222;Edition Unterfahrt&#8220;: enja pr\u00e4sentiert neue CD-Reihe\"}]},{\"@type\":\"WebSite\",\"@id\":\"https:\\\/\\\/www.jazzzeitung.de\\\/cms\\\/#website\",\"url\":\"https:\\\/\\\/www.jazzzeitung.de\\\/cms\\\/\",\"name\":\"JazzZeitung\",\"description\":\"Jazz-News und Jazz-Kontroverses\",\"publisher\":{\"@id\":\"https:\\\/\\\/www.jazzzeitung.de\\\/cms\\\/#organization\"},\"potentialAction\":[{\"@type\":\"SearchAction\",\"target\":{\"@type\":\"EntryPoint\",\"urlTemplate\":\"https:\\\/\\\/www.jazzzeitung.de\\\/cms\\\/?s={search_term_string}\"},\"query-input\":{\"@type\":\"PropertyValueSpecification\",\"valueRequired\":true,\"valueName\":\"search_term_string\"}}],\"inLanguage\":\"de\"},{\"@type\":\"Organization\",\"@id\":\"https:\\\/\\\/www.jazzzeitung.de\\\/cms\\\/#organization\",\"name\":\"JazzZeitung online\",\"url\":\"https:\\\/\\\/www.jazzzeitung.de\\\/cms\\\/\",\"logo\":{\"@type\":\"ImageObject\",\"inLanguage\":\"de\",\"@id\":\"https:\\\/\\\/www.jazzzeitung.de\\\/cms\\\/#\\\/schema\\\/logo\\\/image\\\/\",\"url\":\"https:\\\/\\\/i0.wp.com\\\/www.jazzzeitung.de\\\/cms\\\/wp-content\\\/uploads\\\/2015\\\/08\\\/JAZZZEITUNGDE_Logo_Neu.png?fit=499%2C200&ssl=1\",\"contentUrl\":\"https:\\\/\\\/i0.wp.com\\\/www.jazzzeitung.de\\\/cms\\\/wp-content\\\/uploads\\\/2015\\\/08\\\/JAZZZEITUNGDE_Logo_Neu.png?fit=499%2C200&ssl=1\",\"width\":499,\"height\":200,\"caption\":\"JazzZeitung online\"},\"image\":{\"@id\":\"https:\\\/\\\/www.jazzzeitung.de\\\/cms\\\/#\\\/schema\\\/logo\\\/image\\\/\"},\"sameAs\":[\"https:\\\/\\\/www.facebook.com\\\/JazzZeitung\\\/\"]},{\"@type\":\"Person\",\"@id\":\"https:\\\/\\\/www.jazzzeitung.de\\\/cms\\\/#\\\/schema\\\/person\\\/2245b36b9cd1d24cea10f01c031fb92b\",\"name\":\"Redaktion JazzZeitung\",\"image\":{\"@type\":\"ImageObject\",\"inLanguage\":\"de\",\"@id\":\"https:\\\/\\\/i0.wp.com\\\/www.jazzzeitung.de\\\/cms\\\/wp-content\\\/uploads\\\/2015\\\/08\\\/JAZZZEITUNGDE_Logo_Neu.png?resize=96%2C96&ssl=159975dcacb611b5700bd619b5daf0a7a\",\"url\":\"https:\\\/\\\/i0.wp.com\\\/www.jazzzeitung.de\\\/cms\\\/wp-content\\\/uploads\\\/2015\\\/08\\\/JAZZZEITUNGDE_Logo_Neu.png?resize=96%2C96&ssl=1\",\"contentUrl\":\"https:\\\/\\\/i0.wp.com\\\/www.jazzzeitung.de\\\/cms\\\/wp-content\\\/uploads\\\/2015\\\/08\\\/JAZZZEITUNGDE_Logo_Neu.png?resize=96%2C96&ssl=1\",\"caption\":\"Redaktion JazzZeitung\"},\"description\":\"Artikel der Redaktion der JazzZeitung.\",\"sameAs\":[\"http:\\\/\\\/www.jazzzeitung.de\\\/cms\\\/\"],\"url\":\"https:\\\/\\\/www.jazzzeitung.de\\\/cms\\\/author\\\/redaktion\\\/\"}]}<\/script>\n<!-- \/ Yoast SEO plugin. -->","yoast_head_json":{"title":"\"Edition Unterfahrt\": enja pr\u00e4sentiert neue CD-Reihe - JazzZeitung","robots":{"index":"index","follow":"follow","max-snippet":"max-snippet:-1","max-image-preview":"max-image-preview:large","max-video-preview":"max-video-preview:-1"},"canonical":"https:\/\/www.jazzzeitung.de\/cms\/2016\/02\/edition-unterfahrt-enja-praesentiert-neue-cd-reihe\/","og_locale":"de_DE","og_type":"article","og_title":"\"Edition Unterfahrt\": enja pr\u00e4sentiert neue CD-Reihe - JazzZeitung","og_description":"Mit der ersten Ausgabe der Edition Unterfahrt verwirklicht der Jazzclub Unterfahrt ein lang gehegtes Vorhaben: Aufnahmen aus dem Club bzw. mit Musikern, die in enger Verbundenheit mit dem Club stehen. In Zusammenarbeit mit Enja Records erscheint in dieser neuen Reihe Ende Februar die erste CD Vibes &amp; Strings, ein Projekt des M\u00fcnchner Bassisten und Cellisten Henning Sieverts. Am 16. Februar 2016 pr\u00e4sentiert sein Quartett in Originalbesetzung die CD-Neuerscheinung live im Jazzclub Unterfahrt. Im Vorfeld des Konzerts wird es einen Jazz-Talk geben, in dem Henning Sieverts im Gespr\u00e4ch mit einem Journalisten Einblicke in seine Arbeit gibt. Das Label Bereits seit mehr als 20 Jahren arbeitet der Jazzclub Unterfahrt mit dem M\u00fcnchner Label Enja zusammen. Im Laufe dieses jahrelangen Austausches entwickelten sich viele gemeinsame Projekte. \u201eWir sind alle miteinander gewachsen\u201c, beschreibt Werner Aldinger von Enja die fruchtbare Zusammenarbeit. So entstand bereits vor vielen Jahren im Zuge dieser Zusammenarbeit die Idee zur einer CD-Reihe Edition Unterfahrt. \u00dcber die Jahre reifte die Idee, und die Aufnahmen, die Henning Sieverts im August 2014 vornahm, schufen die beste Voraussetzung, diese endlich in die Tat umzusetzen. Im Fokus der Reihe stehen regionale &hellip;","og_url":"https:\/\/www.jazzzeitung.de\/cms\/2016\/02\/edition-unterfahrt-enja-praesentiert-neue-cd-reihe\/","og_site_name":"JazzZeitung","article_publisher":"https:\/\/www.facebook.com\/JazzZeitung\/","article_published_time":"2016-02-09T09:19:11+00:00","og_image":[{"url":"http:\/\/www.jazzzeitung.de\/cms\/wp-content\/uploads\/2016\/02\/henning-sieverts-vibes-and-strings-150x150.jpg","type":"","width":"","height":""}],"author":"Redaktion JazzZeitung","schema":{"@context":"https:\/\/schema.org","@graph":[{"@type":"Article","@id":"https:\/\/www.jazzzeitung.de\/cms\/2016\/02\/edition-unterfahrt-enja-praesentiert-neue-cd-reihe\/#article","isPartOf":{"@id":"https:\/\/www.jazzzeitung.de\/cms\/2016\/02\/edition-unterfahrt-enja-praesentiert-neue-cd-reihe\/"},"author":{"name":"Redaktion JazzZeitung","@id":"https:\/\/www.jazzzeitung.de\/cms\/#\/schema\/person\/2245b36b9cd1d24cea10f01c031fb92b"},"headline":"&#8222;Edition Unterfahrt&#8220;: enja pr\u00e4sentiert neue CD-Reihe","datePublished":"2016-02-09T09:19:11+00:00","mainEntityOfPage":{"@id":"https:\/\/www.jazzzeitung.de\/cms\/2016\/02\/edition-unterfahrt-enja-praesentiert-neue-cd-reihe\/"},"wordCount":483,"commentCount":0,"publisher":{"@id":"https:\/\/www.jazzzeitung.de\/cms\/#organization"},"image":{"@id":"https:\/\/www.jazzzeitung.de\/cms\/2016\/02\/edition-unterfahrt-enja-praesentiert-neue-cd-reihe\/#primaryimage"},"thumbnailUrl":"http:\/\/www.jazzzeitung.de\/cms\/wp-content\/uploads\/2016\/02\/henning-sieverts-vibes-and-strings-150x150.jpg","keywords":["Album","CD","Club","dave holland","Deutscher Jazzpreis","ECHO","Echo Jazz","enja","Henning Sieverts","Jazzclub","Jazzclub Unterfahrt","Jugend jazzt","Kenny Wheeler","Konzert","Label","M\u00fcnchen","Neuer Deutscher Jazzpreis","New York","Passport","Radio","Unterfahrt"],"articleSection":["Redaktionelle Nachrichten"],"inLanguage":"de","potentialAction":[{"@type":"CommentAction","name":"Comment","target":["https:\/\/www.jazzzeitung.de\/cms\/2016\/02\/edition-unterfahrt-enja-praesentiert-neue-cd-reihe\/#respond"]}]},{"@type":"WebPage","@id":"https:\/\/www.jazzzeitung.de\/cms\/2016\/02\/edition-unterfahrt-enja-praesentiert-neue-cd-reihe\/","url":"https:\/\/www.jazzzeitung.de\/cms\/2016\/02\/edition-unterfahrt-enja-praesentiert-neue-cd-reihe\/","name":"\"Edition Unterfahrt\": enja pr\u00e4sentiert neue CD-Reihe - JazzZeitung","isPartOf":{"@id":"https:\/\/www.jazzzeitung.de\/cms\/#website"},"primaryImageOfPage":{"@id":"https:\/\/www.jazzzeitung.de\/cms\/2016\/02\/edition-unterfahrt-enja-praesentiert-neue-cd-reihe\/#primaryimage"},"image":{"@id":"https:\/\/www.jazzzeitung.de\/cms\/2016\/02\/edition-unterfahrt-enja-praesentiert-neue-cd-reihe\/#primaryimage"},"thumbnailUrl":"http:\/\/www.jazzzeitung.de\/cms\/wp-content\/uploads\/2016\/02\/henning-sieverts-vibes-and-strings-150x150.jpg","datePublished":"2016-02-09T09:19:11+00:00","breadcrumb":{"@id":"https:\/\/www.jazzzeitung.de\/cms\/2016\/02\/edition-unterfahrt-enja-praesentiert-neue-cd-reihe\/#breadcrumb"},"inLanguage":"de","potentialAction":[{"@type":"ReadAction","target":["https:\/\/www.jazzzeitung.de\/cms\/2016\/02\/edition-unterfahrt-enja-praesentiert-neue-cd-reihe\/"]}]},{"@type":"ImageObject","inLanguage":"de","@id":"https:\/\/www.jazzzeitung.de\/cms\/2016\/02\/edition-unterfahrt-enja-praesentiert-neue-cd-reihe\/#primaryimage","url":"http:\/\/www.jazzzeitung.de\/cms\/wp-content\/uploads\/2016\/02\/henning-sieverts-vibes-and-strings-150x150.jpg","contentUrl":"http:\/\/www.jazzzeitung.de\/cms\/wp-content\/uploads\/2016\/02\/henning-sieverts-vibes-and-strings-150x150.jpg"},{"@type":"BreadcrumbList","@id":"https:\/\/www.jazzzeitung.de\/cms\/2016\/02\/edition-unterfahrt-enja-praesentiert-neue-cd-reihe\/#breadcrumb","itemListElement":[{"@type":"ListItem","position":1,"name":"Startseite","item":"https:\/\/www.jazzzeitung.de\/cms\/"},{"@type":"ListItem","position":2,"name":"&#8222;Edition Unterfahrt&#8220;: enja pr\u00e4sentiert neue CD-Reihe"}]},{"@type":"WebSite","@id":"https:\/\/www.jazzzeitung.de\/cms\/#website","url":"https:\/\/www.jazzzeitung.de\/cms\/","name":"JazzZeitung","description":"Jazz-News und Jazz-Kontroverses","publisher":{"@id":"https:\/\/www.jazzzeitung.de\/cms\/#organization"},"potentialAction":[{"@type":"SearchAction","target":{"@type":"EntryPoint","urlTemplate":"https:\/\/www.jazzzeitung.de\/cms\/?s={search_term_string}"},"query-input":{"@type":"PropertyValueSpecification","valueRequired":true,"valueName":"search_term_string"}}],"inLanguage":"de"},{"@type":"Organization","@id":"https:\/\/www.jazzzeitung.de\/cms\/#organization","name":"JazzZeitung online","url":"https:\/\/www.jazzzeitung.de\/cms\/","logo":{"@type":"ImageObject","inLanguage":"de","@id":"https:\/\/www.jazzzeitung.de\/cms\/#\/schema\/logo\/image\/","url":"https:\/\/i0.wp.com\/www.jazzzeitung.de\/cms\/wp-content\/uploads\/2015\/08\/JAZZZEITUNGDE_Logo_Neu.png?fit=499%2C200&ssl=1","contentUrl":"https:\/\/i0.wp.com\/www.jazzzeitung.de\/cms\/wp-content\/uploads\/2015\/08\/JAZZZEITUNGDE_Logo_Neu.png?fit=499%2C200&ssl=1","width":499,"height":200,"caption":"JazzZeitung online"},"image":{"@id":"https:\/\/www.jazzzeitung.de\/cms\/#\/schema\/logo\/image\/"},"sameAs":["https:\/\/www.facebook.com\/JazzZeitung\/"]},{"@type":"Person","@id":"https:\/\/www.jazzzeitung.de\/cms\/#\/schema\/person\/2245b36b9cd1d24cea10f01c031fb92b","name":"Redaktion JazzZeitung","image":{"@type":"ImageObject","inLanguage":"de","@id":"https:\/\/i0.wp.com\/www.jazzzeitung.de\/cms\/wp-content\/uploads\/2015\/08\/JAZZZEITUNGDE_Logo_Neu.png?resize=96%2C96&ssl=159975dcacb611b5700bd619b5daf0a7a","url":"https:\/\/i0.wp.com\/www.jazzzeitung.de\/cms\/wp-content\/uploads\/2015\/08\/JAZZZEITUNGDE_Logo_Neu.png?resize=96%2C96&ssl=1","contentUrl":"https:\/\/i0.wp.com\/www.jazzzeitung.de\/cms\/wp-content\/uploads\/2015\/08\/JAZZZEITUNGDE_Logo_Neu.png?resize=96%2C96&ssl=1","caption":"Redaktion JazzZeitung"},"description":"Artikel der Redaktion der JazzZeitung.","sameAs":["http:\/\/www.jazzzeitung.de\/cms\/"],"url":"https:\/\/www.jazzzeitung.de\/cms\/author\/redaktion\/"}]}},"wp-worthy-pixel":{"ignored":false,"public":null,"server":null,"url":null},"wp-worthy-type":"normal","jetpack_publicize_connections":[],"cc_featured_image_caption":{"caption_text":false,"source_text":false,"source_url":false},"jetpack_featured_media_url":"","jetpack_shortlink":"https:\/\/wp.me\/p3KEcT-2aV","jetpack-related-posts":[{"id":8446,"url":"https:\/\/www.jazzzeitung.de\/cms\/2016\/02\/bildergalerie-edition-unterfahrt\/","url_meta":{"origin":8365,"position":0},"title":"Bildergalerie: Edition Unterfahrt","author":"Redaktion JazzZeitung","date":"18. Februar 2016","format":false,"excerpt":"Wie wir bereits berichtet haben, gibt es jetzt eine \"Edition Unterfahrt\", Henning Sieverts pr\u00e4sentierte mit seinem Quartett die erste CD am 16. Februar 2016 im M\u00fcnchner Jazzclub. Fotograf Ralf Dombrowski war dabei!","rel":"","context":"In &quot;Galerie&quot;","block_context":{"text":"Galerie","link":"https:\/\/www.jazzzeitung.de\/cms\/thema\/galerie\/"},"img":{"alt_text":"","src":"https:\/\/i0.wp.com\/www.jazzzeitung.de\/cms\/wp-content\/uploads\/2016\/02\/0K3A7950-Sieverts-Pakzad-dombr.jpg?resize=350%2C200","width":350,"height":200,"srcset":"https:\/\/i0.wp.com\/www.jazzzeitung.de\/cms\/wp-content\/uploads\/2016\/02\/0K3A7950-Sieverts-Pakzad-dombr.jpg?resize=350%2C200 1x, https:\/\/i0.wp.com\/www.jazzzeitung.de\/cms\/wp-content\/uploads\/2016\/02\/0K3A7950-Sieverts-Pakzad-dombr.jpg?resize=525%2C300 1.5x, https:\/\/i0.wp.com\/www.jazzzeitung.de\/cms\/wp-content\/uploads\/2016\/02\/0K3A7950-Sieverts-Pakzad-dombr.jpg?resize=700%2C400 2x, https:\/\/i0.wp.com\/www.jazzzeitung.de\/cms\/wp-content\/uploads\/2016\/02\/0K3A7950-Sieverts-Pakzad-dombr.jpg?resize=1050%2C600 3x"},"classes":[]},{"id":1233,"url":"https:\/\/www.jazzzeitung.de\/cms\/2011\/09\/40-jahre-enja-jubilaumskonzerte-in-munchen\/","url_meta":{"origin":8365,"position":1},"title":"40 Jahre Enja \u2013 Jubil\u00e4umskonzerte in M\u00fcnchen","author":"J\u00f6rg Lichtinger","date":"29. September 2011","format":false,"excerpt":"Das M\u00fcnchner Label Enja Records feiert im Oktober, November und Dezember sein 40-J\u00e4hriges Jubil\u00e4um mit einer Reihe von Konzerten. Die Konzerte finden in Kooperation mit dem M\u00fcnchner Jazzclub Unterfahrt statt. Highlights d\u00fcrften die Konzerte der \"Alten Herren\" Dusko Goykovich (24.10.), der gleichzeitig seinen 80. Geburtstag feiert,\u00a0 und Lee Konitz sein,\u2026","rel":"","context":"In &quot;Blog&quot;","block_context":{"text":"Blog","link":"https:\/\/www.jazzzeitung.de\/cms\/thema\/blog\/"},"img":{"alt_text":"","src":"https:\/\/i0.wp.com\/www.jazzzeitung.de\/cms\/wp-content\/uploads\/2011\/09\/40Jahre_ENJA_A_FA-482x1024.jpg?resize=350%2C200","width":350,"height":200},"classes":[]},{"id":23858,"url":"https:\/\/www.jazzzeitung.de\/cms\/2020\/11\/bmw-welt-young-artist-jazz-award-2020preistraegerkonzert-mit-philipp-schiepek-im-jazzclub-unterfahrt\/","url_meta":{"origin":8365,"position":2},"title":"BMW Welt Young Artist Jazz Award 2020:\u00a0Preistr\u00e4gerkonzert mit Philipp Schiepek im Jazzclub Unterfahrt","author":"Thomas J. Krebs","date":"23. November 2020","format":false,"excerpt":"Vor f\u00fcnf Jahren wurde der seit 2009 stattfindende BMW Welt Jazz Award um einen j\u00e4hrlichen Nachwuchspreis erweitert. Mit dem BMW Welt Young Artist Jazz Award f\u00f6rdern die BMW AG und die Stadt M\u00fcnchen gezielt junge, regionale Talente aus dem Jazzbereich und stiften neben zwei Konzerten bei den Leipziger Jazztagen und\u2026","rel":"","context":"In &quot;Bericht&quot;","block_context":{"text":"Bericht","link":"https:\/\/www.jazzzeitung.de\/cms\/thema\/bericht\/"},"img":{"alt_text":"","src":"https:\/\/i0.wp.com\/www.jazzzeitung.de\/cms\/wp-content\/uploads\/2020\/11\/P1929683-Schiepek-Quartett-Foto-TJ-Krebs.jpg?fit=1200%2C800&ssl=1&resize=350%2C200","width":350,"height":200,"srcset":"https:\/\/i0.wp.com\/www.jazzzeitung.de\/cms\/wp-content\/uploads\/2020\/11\/P1929683-Schiepek-Quartett-Foto-TJ-Krebs.jpg?fit=1200%2C800&ssl=1&resize=350%2C200 1x, https:\/\/i0.wp.com\/www.jazzzeitung.de\/cms\/wp-content\/uploads\/2020\/11\/P1929683-Schiepek-Quartett-Foto-TJ-Krebs.jpg?fit=1200%2C800&ssl=1&resize=525%2C300 1.5x, https:\/\/i0.wp.com\/www.jazzzeitung.de\/cms\/wp-content\/uploads\/2020\/11\/P1929683-Schiepek-Quartett-Foto-TJ-Krebs.jpg?fit=1200%2C800&ssl=1&resize=700%2C400 2x, https:\/\/i0.wp.com\/www.jazzzeitung.de\/cms\/wp-content\/uploads\/2020\/11\/P1929683-Schiepek-Quartett-Foto-TJ-Krebs.jpg?fit=1200%2C800&ssl=1&resize=1050%2C600 3x"},"classes":[]},{"id":14958,"url":"https:\/\/www.jazzzeitung.de\/cms\/2018\/02\/cd-rezension-und-konzert-tipp-chris-gall-trio-cosmic-playground\/","url_meta":{"origin":8365,"position":3},"title":"CD-Rezension und Konzert-Tipp: Chris Gall Trio &#8211; Cosmic Playground","author":"Thomas J. Krebs","date":"2. Februar 2018","format":false,"excerpt":"\u201eCosmic Playgrund\u201d, die neue Trio CD des Pianisten Chris Gall, ist auf eine besondere Weise eine \u201efamily affair\u201d, begleitet am Schlagzeug von seinem j\u00fcngeren Bruder Peter Gall (der bereits an den ersten Vorg\u00e4ngeralben mitbeteiligt war) und dem M\u00fcnchner Ausnahmebassisten Henning Sieverts. Die drei kennen sich seit Jahren, musizieren und arbeiten\u2026","rel":"","context":"In &quot;News&quot;","block_context":{"text":"News","link":"https:\/\/www.jazzzeitung.de\/cms\/thema\/nachrichten\/"},"img":{"alt_text":"","src":"https:\/\/i0.wp.com\/www.jazzzeitung.de\/cms\/wp-content\/uploads\/2018\/01\/CD-Cover-Cosmic-playground.jpg?fit=1200%2C1200&ssl=1&resize=350%2C200","width":350,"height":200,"srcset":"https:\/\/i0.wp.com\/www.jazzzeitung.de\/cms\/wp-content\/uploads\/2018\/01\/CD-Cover-Cosmic-playground.jpg?fit=1200%2C1200&ssl=1&resize=350%2C200 1x, https:\/\/i0.wp.com\/www.jazzzeitung.de\/cms\/wp-content\/uploads\/2018\/01\/CD-Cover-Cosmic-playground.jpg?fit=1200%2C1200&ssl=1&resize=525%2C300 1.5x, https:\/\/i0.wp.com\/www.jazzzeitung.de\/cms\/wp-content\/uploads\/2018\/01\/CD-Cover-Cosmic-playground.jpg?fit=1200%2C1200&ssl=1&resize=700%2C400 2x, https:\/\/i0.wp.com\/www.jazzzeitung.de\/cms\/wp-content\/uploads\/2018\/01\/CD-Cover-Cosmic-playground.jpg?fit=1200%2C1200&ssl=1&resize=1050%2C600 3x"},"classes":[]},{"id":19941,"url":"https:\/\/www.jazzzeitung.de\/cms\/2019\/07\/tunnel-visions-ark-noirs-debuet-cd-bei-enja\/","url_meta":{"origin":8365,"position":4},"title":"\u201eTunnel Visions\u201c &#8211; ARK NOIRs Deb\u00fct-CD bei enja","author":"Thomas J. Krebs","date":"3. Juli 2019","format":false,"excerpt":"Jazz not Jazz - im Universum elektronischer Beatmusik kombiniert mit Improvisationselementen bleibt es weiter spannend. Ein Schmelztiegel f\u00fcr diese neuen Impulse ist seit geraumer Zeit die \u201eMetropole\u201c M\u00fcnchen. Abgesehen von Clubs die diese Musik f\u00f6rdern, wie den Harry Klein Club, das Milla oder der Jazz Club Unterfahrt, entstehen und etablieren\u2026","rel":"","context":"In &quot;Rezension&quot;","block_context":{"text":"Rezension","link":"https:\/\/www.jazzzeitung.de\/cms\/thema\/rezension\/"},"img":{"alt_text":"","src":"https:\/\/i0.wp.com\/www.jazzzeitung.de\/cms\/wp-content\/uploads\/2019\/07\/Cover-Scan.jpg?fit=1200%2C1059&ssl=1&resize=350%2C200","width":350,"height":200,"srcset":"https:\/\/i0.wp.com\/www.jazzzeitung.de\/cms\/wp-content\/uploads\/2019\/07\/Cover-Scan.jpg?fit=1200%2C1059&ssl=1&resize=350%2C200 1x, https:\/\/i0.wp.com\/www.jazzzeitung.de\/cms\/wp-content\/uploads\/2019\/07\/Cover-Scan.jpg?fit=1200%2C1059&ssl=1&resize=525%2C300 1.5x, https:\/\/i0.wp.com\/www.jazzzeitung.de\/cms\/wp-content\/uploads\/2019\/07\/Cover-Scan.jpg?fit=1200%2C1059&ssl=1&resize=700%2C400 2x, https:\/\/i0.wp.com\/www.jazzzeitung.de\/cms\/wp-content\/uploads\/2019\/07\/Cover-Scan.jpg?fit=1200%2C1059&ssl=1&resize=1050%2C600 3x"},"classes":[]},{"id":32077,"url":"https:\/\/www.jazzzeitung.de\/cms\/2025\/01\/spindrift-cd-pre-release-mit-dem-benny-lackner-quintet-im-jazzclub-unterfahrt\/","url_meta":{"origin":8365,"position":5},"title":"Spindrift: CD Pre-Release mit dem Benny Lackner Quintet im Jazzclub Unterfahrt","author":"Redaktion JazzZeitung","date":"14. Januar 2025","format":false,"excerpt":"Der Pianist Benny Lackner wirbelt mit seinem Quintett feinste Melodien auf, mit zeitlosem Wiedererkennungswert, die dem H\u00f6rer lange Zeit im Ged\u00e4chtnis bleiben. Jazz f\u00fcr die Ewigkeit! Im Jazzclub Unterfahrt fand letzte Woche ein Pre-Release Konzert von Lackners bei ECM erschienen Aufnahme \u201eSpindrift\u201c statt. Mit von der Partie auf der B\u00fchne\u2026","rel":"","context":"In &quot;Bericht&quot;","block_context":{"text":"Bericht","link":"https:\/\/www.jazzzeitung.de\/cms\/thema\/bericht\/"},"img":{"alt_text":"","src":"https:\/\/i0.wp.com\/www.jazzzeitung.de\/cms\/wp-content\/uploads\/2025\/01\/P1466107-sw-Lackner-5-Foto-TJ-Krebs.jpg?fit=1200%2C799&ssl=1&resize=350%2C200","width":350,"height":200,"srcset":"https:\/\/i0.wp.com\/www.jazzzeitung.de\/cms\/wp-content\/uploads\/2025\/01\/P1466107-sw-Lackner-5-Foto-TJ-Krebs.jpg?fit=1200%2C799&ssl=1&resize=350%2C200 1x, https:\/\/i0.wp.com\/www.jazzzeitung.de\/cms\/wp-content\/uploads\/2025\/01\/P1466107-sw-Lackner-5-Foto-TJ-Krebs.jpg?fit=1200%2C799&ssl=1&resize=525%2C300 1.5x, https:\/\/i0.wp.com\/www.jazzzeitung.de\/cms\/wp-content\/uploads\/2025\/01\/P1466107-sw-Lackner-5-Foto-TJ-Krebs.jpg?fit=1200%2C799&ssl=1&resize=700%2C400 2x, https:\/\/i0.wp.com\/www.jazzzeitung.de\/cms\/wp-content\/uploads\/2025\/01\/P1466107-sw-Lackner-5-Foto-TJ-Krebs.jpg?fit=1200%2C799&ssl=1&resize=1050%2C600 3x"},"classes":[]}],"jetpack_sharing_enabled":true,"_links":{"self":[{"href":"https:\/\/www.jazzzeitung.de\/cms\/wp-json\/wp\/v2\/posts\/8365","targetHints":{"allow":["GET"]}}],"collection":[{"href":"https:\/\/www.jazzzeitung.de\/cms\/wp-json\/wp\/v2\/posts"}],"about":[{"href":"https:\/\/www.jazzzeitung.de\/cms\/wp-json\/wp\/v2\/types\/post"}],"author":[{"embeddable":true,"href":"https:\/\/www.jazzzeitung.de\/cms\/wp-json\/wp\/v2\/users\/18"}],"replies":[{"embeddable":true,"href":"https:\/\/www.jazzzeitung.de\/cms\/wp-json\/wp\/v2\/comments?post=8365"}],"version-history":[{"count":1,"href":"https:\/\/www.jazzzeitung.de\/cms\/wp-json\/wp\/v2\/posts\/8365\/revisions"}],"predecessor-version":[{"id":8367,"href":"https:\/\/www.jazzzeitung.de\/cms\/wp-json\/wp\/v2\/posts\/8365\/revisions\/8367"}],"wp:attachment":[{"href":"https:\/\/www.jazzzeitung.de\/cms\/wp-json\/wp\/v2\/media?parent=8365"}],"wp:term":[{"taxonomy":"category","embeddable":true,"href":"https:\/\/www.jazzzeitung.de\/cms\/wp-json\/wp\/v2\/categories?post=8365"},{"taxonomy":"post_tag","embeddable":true,"href":"https:\/\/www.jazzzeitung.de\/cms\/wp-json\/wp\/v2\/tags?post=8365"},{"taxonomy":"author","embeddable":true,"href":"https:\/\/www.jazzzeitung.de\/cms\/wp-json\/wp\/v2\/coauthors?post=8365"}],"curies":[{"name":"wp","href":"https:\/\/api.w.org\/{rel}","templated":true}]}}