{"id":8349,"date":"2016-02-08T10:00:58","date_gmt":"2016-02-08T09:00:58","guid":{"rendered":"http:\/\/www.jazzzeitung.de\/cms\/?p=8349"},"modified":"2016-02-05T14:44:16","modified_gmt":"2016-02-05T13:44:16","slug":"news-das-jazzforum-bayreuth-im-maerz-antares-acoustic-trio-mit-poesie-der-wellen-big-chris-barber-band-der-oper-halle","status":"publish","type":"post","link":"https:\/\/www.jazzzeitung.de\/cms\/2016\/02\/news-das-jazzforum-bayreuth-im-maerz-antares-acoustic-trio-mit-poesie-der-wellen-big-chris-barber-band-der-oper-halle\/","title":{"rendered":"+++ News +++ Das Jazzforum Bayreuth im M\u00e4rz +++ Antares Acoustic Trio mit \u201ePoesie der Wellen\u201d +++ The Big Chris Barber Band in der Oper Halle +++"},"content":{"rendered":"<figure id=\"attachment_8353\" aria-describedby=\"caption-attachment-8353\" style=\"width: 150px\" class=\"wp-caption alignright\"><a href=\"https:\/\/i0.wp.com\/www.jazzzeitung.de\/cms\/wp-content\/uploads\/2016\/02\/kalima-e1454679336982.jpg\" rel=\"attachment wp-att-8353\"><img data-recalc-dims=\"1\" loading=\"lazy\" decoding=\"async\" data-attachment-id=\"8353\" data-permalink=\"https:\/\/www.jazzzeitung.de\/cms\/2016\/02\/news-das-jazzforum-bayreuth-im-maerz-antares-acoustic-trio-mit-poesie-der-wellen-big-chris-barber-band-der-oper-halle\/kalima\/\" data-orig-file=\"https:\/\/i0.wp.com\/www.jazzzeitung.de\/cms\/wp-content\/uploads\/2016\/02\/kalima-e1454679336982.jpg?fit=501%2C407&amp;ssl=1\" data-orig-size=\"501,407\" data-comments-opened=\"1\" data-image-meta=\"{&quot;aperture&quot;:&quot;0&quot;,&quot;credit&quot;:&quot;&quot;,&quot;camera&quot;:&quot;&quot;,&quot;caption&quot;:&quot;&quot;,&quot;created_timestamp&quot;:&quot;0&quot;,&quot;copyright&quot;:&quot;&quot;,&quot;focal_length&quot;:&quot;0&quot;,&quot;iso&quot;:&quot;0&quot;,&quot;shutter_speed&quot;:&quot;0&quot;,&quot;title&quot;:&quot;&quot;,&quot;orientation&quot;:&quot;0&quot;}\" data-image-title=\"\" data-image-description=\"\" data-image-caption=\"&lt;p&gt;Kalle Kalima\u00b4s Long Winding Road &lt;\/p&gt;\n\" data-large-file=\"https:\/\/i0.wp.com\/www.jazzzeitung.de\/cms\/wp-content\/uploads\/2016\/02\/kalima-e1454679336982.jpg?fit=501%2C407&amp;ssl=1\" class=\"wp-image-8353 size-thumbnail\" src=\"https:\/\/i0.wp.com\/www.jazzzeitung.de\/cms\/wp-content\/uploads\/2016\/02\/kalima-e1454679336982-150x150.jpg?resize=150%2C150\" alt=\"\" width=\"150\" height=\"150\" srcset=\"https:\/\/i0.wp.com\/www.jazzzeitung.de\/cms\/wp-content\/uploads\/2016\/02\/kalima-e1454679336982.jpg?resize=150%2C150&amp;ssl=1 150w, https:\/\/i0.wp.com\/www.jazzzeitung.de\/cms\/wp-content\/uploads\/2016\/02\/kalima-e1454679336982.jpg?resize=144%2C144&amp;ssl=1 144w, https:\/\/i0.wp.com\/www.jazzzeitung.de\/cms\/wp-content\/uploads\/2016\/02\/kalima-e1454679336982.jpg?resize=96%2C96&amp;ssl=1 96w, https:\/\/i0.wp.com\/www.jazzzeitung.de\/cms\/wp-content\/uploads\/2016\/02\/kalima-e1454679336982.jpg?resize=24%2C24&amp;ssl=1 24w, https:\/\/i0.wp.com\/www.jazzzeitung.de\/cms\/wp-content\/uploads\/2016\/02\/kalima-e1454679336982.jpg?resize=36%2C36&amp;ssl=1 36w, https:\/\/i0.wp.com\/www.jazzzeitung.de\/cms\/wp-content\/uploads\/2016\/02\/kalima-e1454679336982.jpg?resize=48%2C48&amp;ssl=1 48w, https:\/\/i0.wp.com\/www.jazzzeitung.de\/cms\/wp-content\/uploads\/2016\/02\/kalima-e1454679336982.jpg?resize=64%2C64&amp;ssl=1 64w, https:\/\/i0.wp.com\/www.jazzzeitung.de\/cms\/wp-content\/uploads\/2016\/02\/kalima-e1454679336982.jpg?resize=32%2C32&amp;ssl=1 32w, https:\/\/i0.wp.com\/www.jazzzeitung.de\/cms\/wp-content\/uploads\/2016\/02\/kalima-e1454679336982.jpg?resize=128%2C128&amp;ssl=1 128w, https:\/\/i0.wp.com\/www.jazzzeitung.de\/cms\/wp-content\/uploads\/2016\/02\/kalima-e1454679336982.jpg?zoom=2&amp;resize=150%2C150&amp;ssl=1 300w, https:\/\/i0.wp.com\/www.jazzzeitung.de\/cms\/wp-content\/uploads\/2016\/02\/kalima-e1454679336982.jpg?zoom=3&amp;resize=150%2C150&amp;ssl=1 450w\" sizes=\"auto, (max-width: 150px) 100vw, 150px\" \/><\/a><figcaption id=\"caption-attachment-8353\" class=\"wp-caption-text\">Kalle Kalima\u00b4s Long Winding Road<\/figcaption><\/figure>\n<p><strong>+++ Das Jazzforum Bayreuth pr\u00e4sentiert im M\u00e4rz 2016 drei ganz besondere Konzert-Highlights +++<br \/>\n<\/strong><\/p>\n<p><strong>\u2028<\/strong>Am <strong>4. M\u00e4rz<\/strong> bringt <strong>Kalle Kalima&#8217;s Long Winding Road <\/strong>eine ganz besondere Jazz-Mischung nach Bayreuth: Neben dem in Berlin lebenden finnischen Gitarristen und Komponisten Kalle Kalima besteht das Trio mit Greg Cohen am Bass noch aus einer\u00a0US-amerikanischen Komponente und mit Max Andrzejewski an den Drums aus einer deutschen mit polnischen Wurzeln. Die Musiker trafen sich\u00a0in Berlin und setzen sich seither in ihrem Zusammenwirken sowohl mit amerikanischen Country- und Surfrock-Songs\u00a0auseinander als auch mit finnischer Volksmusik und Marschmusik von Sibelius. Eine seltsame Mischung zugegebenerma\u00dfen, aber auch eine\u00a0extrem coole Sache, zumal das Trio die Genre-Grenzen ganz nonchalant verwischt.<br \/>\nEine Woche sp\u00e4ter, am <strong>11. M\u00e4rz<\/strong>, pr\u00e4sentieren sich die <strong>Oldstars Bayreuth<\/strong> im Borracho, dem ehemaligen Jazzkeller in historischer Umgebung. Seit Jahrzehnten ist der Bandleader Stefan M\u00f6rlein ein wichtiger Botschafter des lokalen Jazz. Zusammen mit seinen Musikern nimmt er das Publikum mit auf eine musikalische\u00a0Zeitreise, die nichts von einer melancholischen Trauerfahrt haben wird, sondern ein wilder Ritt nach Dixieland zu werden verspricht.<\/p>\n<p>Mit <strong>Phronesis<\/strong> steht am <strong>12. M\u00e4rz<\/strong> ein weiterer vielversprechender Abend auf dem Plan: Jasper H\u00f8iby, 1977 in Kopenhagen geboren, gr\u00fcndete das Trio 2005. Der britische Pianist Ivo Neame und der schwedische Schlagzeuger\u00a0Anton Eger kreieren mit ihm zusammen einen energiereichen, groovigen Sound voller hochkomplexer Strukturen. Erstaunlicherweise, vielleicht\u00a0liegt es an der Leichtigkeit der Darbietung, ist dieser Sound zugleich aber sehr zug\u00e4nglich und eing\u00e4ngig.<\/p>\n<p><strong>Kalle Kalima&#8217;s Long Winding Road: Freitag, 4. M\u00e4rz 2016, um 20.30 Uhr im Becher Br\u00e4u <\/strong><\/p>\n<p><strong>Oldstars Bayreuth: Freitag, 11. M\u00e4rz 2016, um 20.00 Uhr im Borracho <\/strong><\/p>\n<p><strong>Phronesis: Samstag, 12. M\u00e4rz 2016, um 20.30 Uhr im Becher Br\u00e4u<\/strong><strong>\u2028<\/strong><br \/>\nWeitere Infos und Online-Vorverkauf unter\u00a0<a href=\"http:\/\/www.jazz-bayreuth.de\">http:\/\/www.jazz-bayreuth.de<\/a>.<\/p>\n<p><strong>+++ World and Latin Jazz &#8211; Antares Acoustic Trio mit \u201ePoesie der Wellen\u201d +++<br \/>\n<\/strong><\/p>\n<p>Am 12. M\u00e4rz kann man das Antares Acoustic Trio mit seinem neuen Programm \u201ePoesie der Wellen\u201c in Kempten h\u00f6ren: Das Wasser ist f\u00fcr den Gitarristen Liviu Jean Manciu das inspirierende Element zu seinen Kompositionen. Auf der erdigen Basis von Tiny Schmauchs Kontrabass entfaltet sich die Musik von Manciu in luftigen, t\u00e4nzelnden Gitarrenmelodien sowie feurigen Grooves und Rhythmen, f\u00fcr die der Percussionist Pit Gogl sorgt. Das Repertoire des Antares Acoustic Trios besteht aus den Eigenkompositionen seines Gitarristen: Sie lassen Kl\u00e4nge seiner rum\u00e4nischen Heimat erkennen, sind aber auch gepr\u00e4gt von Jazz und Lateinamerikanischer Musik. Von melancholischen Kl\u00e4ngen bis hin zu s\u00fcdl\u00e4ndischen Rhythmen\u00a0 pr\u00e4sentiert das Antares Acoustic Trio ein vielseitiges und spannendes Konzert-Programm.<\/p>\n<p><strong>Samstag, 12. M\u00e4rz 2016, 11.00 Uhr\u00a0<\/strong><strong>im<\/strong> <strong>Galleria im M\u00fc\u00dfiggengelzunfthaus<\/strong>, <strong>Kempten<\/strong><\/p>\n<p>Vorverkauf unter\u00a00831-17340 und<strong>\u00a0<\/strong><a href=\"mailto:Galleria-Posledni@web.de\">Galleria-Posledni@web.de<\/a><\/p>\n<p>Weitere Informationen unter <a href=\"http:\/\/www.tiny-schmauch.de\/index.php\/bands\/antares-acoustic-trio\">http:\/\/www.tiny-schmauch.de\/index.php\/bands\/antares-acoustic-trio<\/a> sowie unter <a href=\"http:\/\/jazzpages.com\/news\/jazz-im-allgaeu-maerz-2016-1602031.html\">http:\/\/jazzpages.com\/news\/jazz-im-allgaeu-maerz-2016-1602031.html<\/a><\/p>\n<p><strong>+++ Jazz in der Oper Halle: The Big Chris Barber Band +++<br \/>\n<\/strong><\/p>\n<p>Chris Barber und seine Band z\u00e4hlten bereits in den 50er Jahren zu den bekanntesten und beliebtesten Dixieland-Gruppen Europas mit New Orleanscher Jazzpr\u00e4gung, und noch heute bieten sie Jazz und Swing vom Allerfeinsten. Barber gilt nach Aussagen von bekannten K\u00fcnstlern wie John Mayall, Mick Jagger oder George Harrison als einer der Initiatoren und inspirierender Geist der europ\u00e4ischen Jazz, Rock und Pop Szene. Der mittlerweile 85-j\u00e4hrige Brite wurde mit der renommierten \u201eGerman Jazz Trophy 2014\u201c f\u00fcr sein Lebenswerk und seine zahlreichen Schallplatten geehrt. Doch sein Song \u201eI can\u2019t stop now\u201c macht deutlich: Chris Barber kann und will das Leben auf der B\u00fchne einfach noch nicht aufgeben. Von den Wurzeln im New Orleans Stil \u00fcber Duke Ellingtons fr\u00fche Werke und der Musik von Bob Crosby bis hin zum Soul oder Blues von Sonny Terry &amp; Brownie McGhee: Die Musiker verbinden all diese Zutaten zu einem Abend voller aufregendem und fesselndem Jazz und Blues!<\/p>\n<p><strong>Sonntag, 20. M\u00e4rz 2016, Beginn: 18.00 Uhr, Oper Halle<\/strong><\/p>\n<p>Weitere Informationen unter: <a href=\"http:\/\/www.cultour-buero-herden.de\">www.cultour-buero-herden.de<\/a><\/p>\n","protected":false},"excerpt":{"rendered":"<p>+++ Das Jazzforum Bayreuth pr\u00e4sentiert im M\u00e4rz 2016 drei ganz besondere Konzert-Highlights +++ \u2028Am 4. M\u00e4rz bringt Kalle Kalima&#8217;s Long Winding Road eine ganz besondere Jazz-Mischung nach Bayreuth: Neben dem in Berlin lebenden finnischen Gitarristen und Komponisten Kalle Kalima besteht das Trio mit Greg Cohen am Bass noch aus einer\u00a0US-amerikanischen Komponente und mit Max Andrzejewski an den Drums aus einer deutschen mit polnischen Wurzeln. Die Musiker trafen sich\u00a0in Berlin und setzen sich seither in ihrem Zusammenwirken sowohl mit amerikanischen Country- und Surfrock-Songs\u00a0auseinander als auch mit finnischer Volksmusik und Marschmusik von Sibelius. Eine seltsame Mischung zugegebenerma\u00dfen, aber auch eine\u00a0extrem coole Sache, zumal das Trio die Genre-Grenzen ganz nonchalant verwischt. Eine Woche sp\u00e4ter, am 11. M\u00e4rz, pr\u00e4sentieren sich die Oldstars Bayreuth im Borracho, dem ehemaligen Jazzkeller in historischer Umgebung. Seit Jahrzehnten ist der Bandleader Stefan M\u00f6rlein ein wichtiger Botschafter des lokalen Jazz. Zusammen mit seinen Musikern nimmt er das Publikum mit auf eine musikalische\u00a0Zeitreise, die nichts von einer melancholischen Trauerfahrt haben wird, sondern ein wilder Ritt nach Dixieland zu werden verspricht. Mit Phronesis steht am 12. M\u00e4rz ein weiterer vielversprechender Abend auf dem Plan: Jasper H\u00f8iby, 1977 &hellip;<\/p>\n","protected":false},"author":18,"featured_media":0,"comment_status":"open","ping_status":"closed","sticky":false,"template":"","format":"standard","meta":{"_jetpack_memberships_contains_paid_content":false,"footnotes":"","jetpack_publicize_message":"","jetpack_publicize_feature_enabled":true,"jetpack_social_post_already_shared":false,"jetpack_social_options":{"image_generator_settings":{"template":"highway","default_image_id":0,"font":"","enabled":false},"version":2}},"categories":[633],"tags":[66,83,940,214,259,729,322,981,447,535],"coauthors":[695],"class_list":["post-8349","post","type-post","status-publish","format-standard","hentry","category-nachrichten","tag-berlin","tag-blues","tag-german-jazz-trophy","tag-halle","tag-jazz-in-der-oper","tag-kempten","tag-konzert-2","tag-lebenswerk","tag-pop","tag-swing"],"yoast_head":"<!-- This site is optimized with the Yoast SEO plugin v27.5 - https:\/\/yoast.com\/product\/yoast-seo-wordpress\/ -->\n<title>+++ News +++ Das Jazzforum Bayreuth im M\u00e4rz +++ Antares Acoustic Trio mit \u201ePoesie der Wellen\u201d +++ The Big Chris Barber Band in der Oper Halle +++ - JazzZeitung<\/title>\n<meta name=\"robots\" content=\"index, follow, max-snippet:-1, max-image-preview:large, max-video-preview:-1\" \/>\n<link rel=\"canonical\" href=\"https:\/\/www.jazzzeitung.de\/cms\/2016\/02\/news-das-jazzforum-bayreuth-im-maerz-antares-acoustic-trio-mit-poesie-der-wellen-big-chris-barber-band-der-oper-halle\/\" \/>\n<meta property=\"og:locale\" content=\"de_DE\" \/>\n<meta property=\"og:type\" content=\"article\" \/>\n<meta property=\"og:title\" content=\"+++ News +++ Das Jazzforum Bayreuth im M\u00e4rz +++ Antares Acoustic Trio mit \u201ePoesie der Wellen\u201d +++ The Big Chris Barber Band in der Oper Halle +++ - JazzZeitung\" \/>\n<meta property=\"og:description\" content=\"+++ Das Jazzforum Bayreuth pr\u00e4sentiert im M\u00e4rz 2016 drei ganz besondere Konzert-Highlights +++ \u2028Am 4. M\u00e4rz bringt Kalle Kalima&#8217;s Long Winding Road eine ganz besondere Jazz-Mischung nach Bayreuth: Neben dem in Berlin lebenden finnischen Gitarristen und Komponisten Kalle Kalima besteht das Trio mit Greg Cohen am Bass noch aus einer\u00a0US-amerikanischen Komponente und mit Max Andrzejewski an den Drums aus einer deutschen mit polnischen Wurzeln. Die Musiker trafen sich\u00a0in Berlin und setzen sich seither in ihrem Zusammenwirken sowohl mit amerikanischen Country- und Surfrock-Songs\u00a0auseinander als auch mit finnischer Volksmusik und Marschmusik von Sibelius. Eine seltsame Mischung zugegebenerma\u00dfen, aber auch eine\u00a0extrem coole Sache, zumal das Trio die Genre-Grenzen ganz nonchalant verwischt. Eine Woche sp\u00e4ter, am 11. M\u00e4rz, pr\u00e4sentieren sich die Oldstars Bayreuth im Borracho, dem ehemaligen Jazzkeller in historischer Umgebung. Seit Jahrzehnten ist der Bandleader Stefan M\u00f6rlein ein wichtiger Botschafter des lokalen Jazz. Zusammen mit seinen Musikern nimmt er das Publikum mit auf eine musikalische\u00a0Zeitreise, die nichts von einer melancholischen Trauerfahrt haben wird, sondern ein wilder Ritt nach Dixieland zu werden verspricht. Mit Phronesis steht am 12. M\u00e4rz ein weiterer vielversprechender Abend auf dem Plan: Jasper H\u00f8iby, 1977 &hellip;\" \/>\n<meta property=\"og:url\" content=\"https:\/\/www.jazzzeitung.de\/cms\/2016\/02\/news-das-jazzforum-bayreuth-im-maerz-antares-acoustic-trio-mit-poesie-der-wellen-big-chris-barber-band-der-oper-halle\/\" \/>\n<meta property=\"og:site_name\" content=\"JazzZeitung\" \/>\n<meta property=\"article:publisher\" content=\"https:\/\/www.facebook.com\/JazzZeitung\/\" \/>\n<meta property=\"article:published_time\" content=\"2016-02-08T09:00:58+00:00\" \/>\n<meta property=\"og:image\" content=\"http:\/\/www.jazzzeitung.de\/cms\/wp-content\/uploads\/2016\/02\/kalima-e1454679336982-150x150.jpg\" \/>\n<meta name=\"author\" content=\"Redaktion JazzZeitung\" \/>\n<script type=\"application\/ld+json\" class=\"yoast-schema-graph\">{\"@context\":\"https:\\\/\\\/schema.org\",\"@graph\":[{\"@type\":\"Article\",\"@id\":\"https:\\\/\\\/www.jazzzeitung.de\\\/cms\\\/2016\\\/02\\\/news-das-jazzforum-bayreuth-im-maerz-antares-acoustic-trio-mit-poesie-der-wellen-big-chris-barber-band-der-oper-halle\\\/#article\",\"isPartOf\":{\"@id\":\"https:\\\/\\\/www.jazzzeitung.de\\\/cms\\\/2016\\\/02\\\/news-das-jazzforum-bayreuth-im-maerz-antares-acoustic-trio-mit-poesie-der-wellen-big-chris-barber-band-der-oper-halle\\\/\"},\"author\":{\"name\":\"Redaktion JazzZeitung\",\"@id\":\"https:\\\/\\\/www.jazzzeitung.de\\\/cms\\\/#\\\/schema\\\/person\\\/2245b36b9cd1d24cea10f01c031fb92b\"},\"headline\":\"+++ News +++ Das Jazzforum Bayreuth im M\u00e4rz +++ Antares Acoustic Trio mit \u201ePoesie der Wellen\u201d +++ The Big Chris Barber Band in der Oper Halle +++\",\"datePublished\":\"2016-02-08T09:00:58+00:00\",\"mainEntityOfPage\":{\"@id\":\"https:\\\/\\\/www.jazzzeitung.de\\\/cms\\\/2016\\\/02\\\/news-das-jazzforum-bayreuth-im-maerz-antares-acoustic-trio-mit-poesie-der-wellen-big-chris-barber-band-der-oper-halle\\\/\"},\"wordCount\":673,\"commentCount\":0,\"publisher\":{\"@id\":\"https:\\\/\\\/www.jazzzeitung.de\\\/cms\\\/#organization\"},\"image\":{\"@id\":\"https:\\\/\\\/www.jazzzeitung.de\\\/cms\\\/2016\\\/02\\\/news-das-jazzforum-bayreuth-im-maerz-antares-acoustic-trio-mit-poesie-der-wellen-big-chris-barber-band-der-oper-halle\\\/#primaryimage\"},\"thumbnailUrl\":\"http:\\\/\\\/www.jazzzeitung.de\\\/cms\\\/wp-content\\\/uploads\\\/2016\\\/02\\\/kalima-e1454679336982-150x150.jpg\",\"keywords\":[\"Berlin\",\"Blues\",\"German Jazz Trophy\",\"Halle\",\"Jazz in der Oper\",\"Kempten\",\"Konzert\",\"Lebenswerk\",\"Pop\",\"Swing\"],\"articleSection\":[\"News\"],\"inLanguage\":\"de\",\"potentialAction\":[{\"@type\":\"CommentAction\",\"name\":\"Comment\",\"target\":[\"https:\\\/\\\/www.jazzzeitung.de\\\/cms\\\/2016\\\/02\\\/news-das-jazzforum-bayreuth-im-maerz-antares-acoustic-trio-mit-poesie-der-wellen-big-chris-barber-band-der-oper-halle\\\/#respond\"]}]},{\"@type\":\"WebPage\",\"@id\":\"https:\\\/\\\/www.jazzzeitung.de\\\/cms\\\/2016\\\/02\\\/news-das-jazzforum-bayreuth-im-maerz-antares-acoustic-trio-mit-poesie-der-wellen-big-chris-barber-band-der-oper-halle\\\/\",\"url\":\"https:\\\/\\\/www.jazzzeitung.de\\\/cms\\\/2016\\\/02\\\/news-das-jazzforum-bayreuth-im-maerz-antares-acoustic-trio-mit-poesie-der-wellen-big-chris-barber-band-der-oper-halle\\\/\",\"name\":\"+++ News +++ Das Jazzforum Bayreuth im M\u00e4rz +++ Antares Acoustic Trio mit \u201ePoesie der Wellen\u201d +++ The Big Chris Barber Band in der Oper Halle +++ - JazzZeitung\",\"isPartOf\":{\"@id\":\"https:\\\/\\\/www.jazzzeitung.de\\\/cms\\\/#website\"},\"primaryImageOfPage\":{\"@id\":\"https:\\\/\\\/www.jazzzeitung.de\\\/cms\\\/2016\\\/02\\\/news-das-jazzforum-bayreuth-im-maerz-antares-acoustic-trio-mit-poesie-der-wellen-big-chris-barber-band-der-oper-halle\\\/#primaryimage\"},\"image\":{\"@id\":\"https:\\\/\\\/www.jazzzeitung.de\\\/cms\\\/2016\\\/02\\\/news-das-jazzforum-bayreuth-im-maerz-antares-acoustic-trio-mit-poesie-der-wellen-big-chris-barber-band-der-oper-halle\\\/#primaryimage\"},\"thumbnailUrl\":\"http:\\\/\\\/www.jazzzeitung.de\\\/cms\\\/wp-content\\\/uploads\\\/2016\\\/02\\\/kalima-e1454679336982-150x150.jpg\",\"datePublished\":\"2016-02-08T09:00:58+00:00\",\"breadcrumb\":{\"@id\":\"https:\\\/\\\/www.jazzzeitung.de\\\/cms\\\/2016\\\/02\\\/news-das-jazzforum-bayreuth-im-maerz-antares-acoustic-trio-mit-poesie-der-wellen-big-chris-barber-band-der-oper-halle\\\/#breadcrumb\"},\"inLanguage\":\"de\",\"potentialAction\":[{\"@type\":\"ReadAction\",\"target\":[\"https:\\\/\\\/www.jazzzeitung.de\\\/cms\\\/2016\\\/02\\\/news-das-jazzforum-bayreuth-im-maerz-antares-acoustic-trio-mit-poesie-der-wellen-big-chris-barber-band-der-oper-halle\\\/\"]}]},{\"@type\":\"ImageObject\",\"inLanguage\":\"de\",\"@id\":\"https:\\\/\\\/www.jazzzeitung.de\\\/cms\\\/2016\\\/02\\\/news-das-jazzforum-bayreuth-im-maerz-antares-acoustic-trio-mit-poesie-der-wellen-big-chris-barber-band-der-oper-halle\\\/#primaryimage\",\"url\":\"http:\\\/\\\/www.jazzzeitung.de\\\/cms\\\/wp-content\\\/uploads\\\/2016\\\/02\\\/kalima-e1454679336982-150x150.jpg\",\"contentUrl\":\"http:\\\/\\\/www.jazzzeitung.de\\\/cms\\\/wp-content\\\/uploads\\\/2016\\\/02\\\/kalima-e1454679336982-150x150.jpg\"},{\"@type\":\"BreadcrumbList\",\"@id\":\"https:\\\/\\\/www.jazzzeitung.de\\\/cms\\\/2016\\\/02\\\/news-das-jazzforum-bayreuth-im-maerz-antares-acoustic-trio-mit-poesie-der-wellen-big-chris-barber-band-der-oper-halle\\\/#breadcrumb\",\"itemListElement\":[{\"@type\":\"ListItem\",\"position\":1,\"name\":\"Startseite\",\"item\":\"https:\\\/\\\/www.jazzzeitung.de\\\/cms\\\/\"},{\"@type\":\"ListItem\",\"position\":2,\"name\":\"+++ News +++ Das Jazzforum Bayreuth im M\u00e4rz +++ Antares Acoustic Trio mit \u201ePoesie der Wellen\u201d +++ The Big Chris Barber Band in der Oper Halle +++\"}]},{\"@type\":\"WebSite\",\"@id\":\"https:\\\/\\\/www.jazzzeitung.de\\\/cms\\\/#website\",\"url\":\"https:\\\/\\\/www.jazzzeitung.de\\\/cms\\\/\",\"name\":\"JazzZeitung\",\"description\":\"Jazz-News und Jazz-Kontroverses\",\"publisher\":{\"@id\":\"https:\\\/\\\/www.jazzzeitung.de\\\/cms\\\/#organization\"},\"potentialAction\":[{\"@type\":\"SearchAction\",\"target\":{\"@type\":\"EntryPoint\",\"urlTemplate\":\"https:\\\/\\\/www.jazzzeitung.de\\\/cms\\\/?s={search_term_string}\"},\"query-input\":{\"@type\":\"PropertyValueSpecification\",\"valueRequired\":true,\"valueName\":\"search_term_string\"}}],\"inLanguage\":\"de\"},{\"@type\":\"Organization\",\"@id\":\"https:\\\/\\\/www.jazzzeitung.de\\\/cms\\\/#organization\",\"name\":\"JazzZeitung online\",\"url\":\"https:\\\/\\\/www.jazzzeitung.de\\\/cms\\\/\",\"logo\":{\"@type\":\"ImageObject\",\"inLanguage\":\"de\",\"@id\":\"https:\\\/\\\/www.jazzzeitung.de\\\/cms\\\/#\\\/schema\\\/logo\\\/image\\\/\",\"url\":\"https:\\\/\\\/i0.wp.com\\\/www.jazzzeitung.de\\\/cms\\\/wp-content\\\/uploads\\\/2015\\\/08\\\/JAZZZEITUNGDE_Logo_Neu.png?fit=499%2C200&ssl=1\",\"contentUrl\":\"https:\\\/\\\/i0.wp.com\\\/www.jazzzeitung.de\\\/cms\\\/wp-content\\\/uploads\\\/2015\\\/08\\\/JAZZZEITUNGDE_Logo_Neu.png?fit=499%2C200&ssl=1\",\"width\":499,\"height\":200,\"caption\":\"JazzZeitung online\"},\"image\":{\"@id\":\"https:\\\/\\\/www.jazzzeitung.de\\\/cms\\\/#\\\/schema\\\/logo\\\/image\\\/\"},\"sameAs\":[\"https:\\\/\\\/www.facebook.com\\\/JazzZeitung\\\/\"]},{\"@type\":\"Person\",\"@id\":\"https:\\\/\\\/www.jazzzeitung.de\\\/cms\\\/#\\\/schema\\\/person\\\/2245b36b9cd1d24cea10f01c031fb92b\",\"name\":\"Redaktion JazzZeitung\",\"image\":{\"@type\":\"ImageObject\",\"inLanguage\":\"de\",\"@id\":\"https:\\\/\\\/i0.wp.com\\\/www.jazzzeitung.de\\\/cms\\\/wp-content\\\/uploads\\\/2015\\\/08\\\/JAZZZEITUNGDE_Logo_Neu.png?resize=96%2C96&ssl=159975dcacb611b5700bd619b5daf0a7a\",\"url\":\"https:\\\/\\\/i0.wp.com\\\/www.jazzzeitung.de\\\/cms\\\/wp-content\\\/uploads\\\/2015\\\/08\\\/JAZZZEITUNGDE_Logo_Neu.png?resize=96%2C96&ssl=1\",\"contentUrl\":\"https:\\\/\\\/i0.wp.com\\\/www.jazzzeitung.de\\\/cms\\\/wp-content\\\/uploads\\\/2015\\\/08\\\/JAZZZEITUNGDE_Logo_Neu.png?resize=96%2C96&ssl=1\",\"caption\":\"Redaktion JazzZeitung\"},\"description\":\"Artikel der Redaktion der JazzZeitung.\",\"sameAs\":[\"http:\\\/\\\/www.jazzzeitung.de\\\/cms\\\/\"],\"url\":\"https:\\\/\\\/www.jazzzeitung.de\\\/cms\\\/author\\\/redaktion\\\/\"}]}<\/script>\n<!-- \/ Yoast SEO plugin. -->","yoast_head_json":{"title":"+++ News +++ Das Jazzforum Bayreuth im M\u00e4rz +++ Antares Acoustic Trio mit \u201ePoesie der Wellen\u201d +++ The Big Chris Barber Band in der Oper Halle +++ - JazzZeitung","robots":{"index":"index","follow":"follow","max-snippet":"max-snippet:-1","max-image-preview":"max-image-preview:large","max-video-preview":"max-video-preview:-1"},"canonical":"https:\/\/www.jazzzeitung.de\/cms\/2016\/02\/news-das-jazzforum-bayreuth-im-maerz-antares-acoustic-trio-mit-poesie-der-wellen-big-chris-barber-band-der-oper-halle\/","og_locale":"de_DE","og_type":"article","og_title":"+++ News +++ Das Jazzforum Bayreuth im M\u00e4rz +++ Antares Acoustic Trio mit \u201ePoesie der Wellen\u201d +++ The Big Chris Barber Band in der Oper Halle +++ - JazzZeitung","og_description":"+++ Das Jazzforum Bayreuth pr\u00e4sentiert im M\u00e4rz 2016 drei ganz besondere Konzert-Highlights +++ \u2028Am 4. M\u00e4rz bringt Kalle Kalima&#8217;s Long Winding Road eine ganz besondere Jazz-Mischung nach Bayreuth: Neben dem in Berlin lebenden finnischen Gitarristen und Komponisten Kalle Kalima besteht das Trio mit Greg Cohen am Bass noch aus einer\u00a0US-amerikanischen Komponente und mit Max Andrzejewski an den Drums aus einer deutschen mit polnischen Wurzeln. Die Musiker trafen sich\u00a0in Berlin und setzen sich seither in ihrem Zusammenwirken sowohl mit amerikanischen Country- und Surfrock-Songs\u00a0auseinander als auch mit finnischer Volksmusik und Marschmusik von Sibelius. Eine seltsame Mischung zugegebenerma\u00dfen, aber auch eine\u00a0extrem coole Sache, zumal das Trio die Genre-Grenzen ganz nonchalant verwischt. Eine Woche sp\u00e4ter, am 11. M\u00e4rz, pr\u00e4sentieren sich die Oldstars Bayreuth im Borracho, dem ehemaligen Jazzkeller in historischer Umgebung. Seit Jahrzehnten ist der Bandleader Stefan M\u00f6rlein ein wichtiger Botschafter des lokalen Jazz. Zusammen mit seinen Musikern nimmt er das Publikum mit auf eine musikalische\u00a0Zeitreise, die nichts von einer melancholischen Trauerfahrt haben wird, sondern ein wilder Ritt nach Dixieland zu werden verspricht. Mit Phronesis steht am 12. M\u00e4rz ein weiterer vielversprechender Abend auf dem Plan: Jasper H\u00f8iby, 1977 &hellip;","og_url":"https:\/\/www.jazzzeitung.de\/cms\/2016\/02\/news-das-jazzforum-bayreuth-im-maerz-antares-acoustic-trio-mit-poesie-der-wellen-big-chris-barber-band-der-oper-halle\/","og_site_name":"JazzZeitung","article_publisher":"https:\/\/www.facebook.com\/JazzZeitung\/","article_published_time":"2016-02-08T09:00:58+00:00","og_image":[{"url":"http:\/\/www.jazzzeitung.de\/cms\/wp-content\/uploads\/2016\/02\/kalima-e1454679336982-150x150.jpg","type":"","width":"","height":""}],"author":"Redaktion JazzZeitung","schema":{"@context":"https:\/\/schema.org","@graph":[{"@type":"Article","@id":"https:\/\/www.jazzzeitung.de\/cms\/2016\/02\/news-das-jazzforum-bayreuth-im-maerz-antares-acoustic-trio-mit-poesie-der-wellen-big-chris-barber-band-der-oper-halle\/#article","isPartOf":{"@id":"https:\/\/www.jazzzeitung.de\/cms\/2016\/02\/news-das-jazzforum-bayreuth-im-maerz-antares-acoustic-trio-mit-poesie-der-wellen-big-chris-barber-band-der-oper-halle\/"},"author":{"name":"Redaktion JazzZeitung","@id":"https:\/\/www.jazzzeitung.de\/cms\/#\/schema\/person\/2245b36b9cd1d24cea10f01c031fb92b"},"headline":"+++ News +++ Das Jazzforum Bayreuth im M\u00e4rz +++ Antares Acoustic Trio mit \u201ePoesie der Wellen\u201d +++ The Big Chris Barber Band in der Oper Halle +++","datePublished":"2016-02-08T09:00:58+00:00","mainEntityOfPage":{"@id":"https:\/\/www.jazzzeitung.de\/cms\/2016\/02\/news-das-jazzforum-bayreuth-im-maerz-antares-acoustic-trio-mit-poesie-der-wellen-big-chris-barber-band-der-oper-halle\/"},"wordCount":673,"commentCount":0,"publisher":{"@id":"https:\/\/www.jazzzeitung.de\/cms\/#organization"},"image":{"@id":"https:\/\/www.jazzzeitung.de\/cms\/2016\/02\/news-das-jazzforum-bayreuth-im-maerz-antares-acoustic-trio-mit-poesie-der-wellen-big-chris-barber-band-der-oper-halle\/#primaryimage"},"thumbnailUrl":"http:\/\/www.jazzzeitung.de\/cms\/wp-content\/uploads\/2016\/02\/kalima-e1454679336982-150x150.jpg","keywords":["Berlin","Blues","German Jazz Trophy","Halle","Jazz in der Oper","Kempten","Konzert","Lebenswerk","Pop","Swing"],"articleSection":["News"],"inLanguage":"de","potentialAction":[{"@type":"CommentAction","name":"Comment","target":["https:\/\/www.jazzzeitung.de\/cms\/2016\/02\/news-das-jazzforum-bayreuth-im-maerz-antares-acoustic-trio-mit-poesie-der-wellen-big-chris-barber-band-der-oper-halle\/#respond"]}]},{"@type":"WebPage","@id":"https:\/\/www.jazzzeitung.de\/cms\/2016\/02\/news-das-jazzforum-bayreuth-im-maerz-antares-acoustic-trio-mit-poesie-der-wellen-big-chris-barber-band-der-oper-halle\/","url":"https:\/\/www.jazzzeitung.de\/cms\/2016\/02\/news-das-jazzforum-bayreuth-im-maerz-antares-acoustic-trio-mit-poesie-der-wellen-big-chris-barber-band-der-oper-halle\/","name":"+++ News +++ Das Jazzforum Bayreuth im M\u00e4rz +++ Antares Acoustic Trio mit \u201ePoesie der Wellen\u201d +++ The Big Chris Barber Band in der Oper Halle +++ - JazzZeitung","isPartOf":{"@id":"https:\/\/www.jazzzeitung.de\/cms\/#website"},"primaryImageOfPage":{"@id":"https:\/\/www.jazzzeitung.de\/cms\/2016\/02\/news-das-jazzforum-bayreuth-im-maerz-antares-acoustic-trio-mit-poesie-der-wellen-big-chris-barber-band-der-oper-halle\/#primaryimage"},"image":{"@id":"https:\/\/www.jazzzeitung.de\/cms\/2016\/02\/news-das-jazzforum-bayreuth-im-maerz-antares-acoustic-trio-mit-poesie-der-wellen-big-chris-barber-band-der-oper-halle\/#primaryimage"},"thumbnailUrl":"http:\/\/www.jazzzeitung.de\/cms\/wp-content\/uploads\/2016\/02\/kalima-e1454679336982-150x150.jpg","datePublished":"2016-02-08T09:00:58+00:00","breadcrumb":{"@id":"https:\/\/www.jazzzeitung.de\/cms\/2016\/02\/news-das-jazzforum-bayreuth-im-maerz-antares-acoustic-trio-mit-poesie-der-wellen-big-chris-barber-band-der-oper-halle\/#breadcrumb"},"inLanguage":"de","potentialAction":[{"@type":"ReadAction","target":["https:\/\/www.jazzzeitung.de\/cms\/2016\/02\/news-das-jazzforum-bayreuth-im-maerz-antares-acoustic-trio-mit-poesie-der-wellen-big-chris-barber-band-der-oper-halle\/"]}]},{"@type":"ImageObject","inLanguage":"de","@id":"https:\/\/www.jazzzeitung.de\/cms\/2016\/02\/news-das-jazzforum-bayreuth-im-maerz-antares-acoustic-trio-mit-poesie-der-wellen-big-chris-barber-band-der-oper-halle\/#primaryimage","url":"http:\/\/www.jazzzeitung.de\/cms\/wp-content\/uploads\/2016\/02\/kalima-e1454679336982-150x150.jpg","contentUrl":"http:\/\/www.jazzzeitung.de\/cms\/wp-content\/uploads\/2016\/02\/kalima-e1454679336982-150x150.jpg"},{"@type":"BreadcrumbList","@id":"https:\/\/www.jazzzeitung.de\/cms\/2016\/02\/news-das-jazzforum-bayreuth-im-maerz-antares-acoustic-trio-mit-poesie-der-wellen-big-chris-barber-band-der-oper-halle\/#breadcrumb","itemListElement":[{"@type":"ListItem","position":1,"name":"Startseite","item":"https:\/\/www.jazzzeitung.de\/cms\/"},{"@type":"ListItem","position":2,"name":"+++ News +++ Das Jazzforum Bayreuth im M\u00e4rz +++ Antares Acoustic Trio mit \u201ePoesie der Wellen\u201d +++ The Big Chris Barber Band in der Oper Halle +++"}]},{"@type":"WebSite","@id":"https:\/\/www.jazzzeitung.de\/cms\/#website","url":"https:\/\/www.jazzzeitung.de\/cms\/","name":"JazzZeitung","description":"Jazz-News und Jazz-Kontroverses","publisher":{"@id":"https:\/\/www.jazzzeitung.de\/cms\/#organization"},"potentialAction":[{"@type":"SearchAction","target":{"@type":"EntryPoint","urlTemplate":"https:\/\/www.jazzzeitung.de\/cms\/?s={search_term_string}"},"query-input":{"@type":"PropertyValueSpecification","valueRequired":true,"valueName":"search_term_string"}}],"inLanguage":"de"},{"@type":"Organization","@id":"https:\/\/www.jazzzeitung.de\/cms\/#organization","name":"JazzZeitung online","url":"https:\/\/www.jazzzeitung.de\/cms\/","logo":{"@type":"ImageObject","inLanguage":"de","@id":"https:\/\/www.jazzzeitung.de\/cms\/#\/schema\/logo\/image\/","url":"https:\/\/i0.wp.com\/www.jazzzeitung.de\/cms\/wp-content\/uploads\/2015\/08\/JAZZZEITUNGDE_Logo_Neu.png?fit=499%2C200&ssl=1","contentUrl":"https:\/\/i0.wp.com\/www.jazzzeitung.de\/cms\/wp-content\/uploads\/2015\/08\/JAZZZEITUNGDE_Logo_Neu.png?fit=499%2C200&ssl=1","width":499,"height":200,"caption":"JazzZeitung online"},"image":{"@id":"https:\/\/www.jazzzeitung.de\/cms\/#\/schema\/logo\/image\/"},"sameAs":["https:\/\/www.facebook.com\/JazzZeitung\/"]},{"@type":"Person","@id":"https:\/\/www.jazzzeitung.de\/cms\/#\/schema\/person\/2245b36b9cd1d24cea10f01c031fb92b","name":"Redaktion JazzZeitung","image":{"@type":"ImageObject","inLanguage":"de","@id":"https:\/\/i0.wp.com\/www.jazzzeitung.de\/cms\/wp-content\/uploads\/2015\/08\/JAZZZEITUNGDE_Logo_Neu.png?resize=96%2C96&ssl=159975dcacb611b5700bd619b5daf0a7a","url":"https:\/\/i0.wp.com\/www.jazzzeitung.de\/cms\/wp-content\/uploads\/2015\/08\/JAZZZEITUNGDE_Logo_Neu.png?resize=96%2C96&ssl=1","contentUrl":"https:\/\/i0.wp.com\/www.jazzzeitung.de\/cms\/wp-content\/uploads\/2015\/08\/JAZZZEITUNGDE_Logo_Neu.png?resize=96%2C96&ssl=1","caption":"Redaktion JazzZeitung"},"description":"Artikel der Redaktion der JazzZeitung.","sameAs":["http:\/\/www.jazzzeitung.de\/cms\/"],"url":"https:\/\/www.jazzzeitung.de\/cms\/author\/redaktion\/"}]}},"wp-worthy-pixel":{"ignored":false,"public":null,"server":null,"url":null},"wp-worthy-type":"normal","jetpack_publicize_connections":[],"cc_featured_image_caption":{"caption_text":false,"source_text":false,"source_url":false},"jetpack_featured_media_url":"","jetpack_shortlink":"https:\/\/wp.me\/p3KEcT-2aF","jetpack-related-posts":[{"id":29152,"url":"https:\/\/www.jazzzeitung.de\/cms\/2023\/02\/news-deutscher-jazzpreis-hat-nominiert-pijazzo-zum-3-mal-in-bayreuth\/","url_meta":{"origin":8349,"position":0},"title":"News: +++ Deutscher Jazzpreis hat nominiert +++ Pijazzo zum 3. Mal in Bayreuth +++","author":"Redaktion JazzZeitung","date":"23. Februar 2023","format":false,"excerpt":"+++ Deutscher Jazzpreis: Nominierungen f\u00fcr 2023 bekanntgegeben +++ Seit 2021 organisiert die Initiative Musik gGmbH den Deutschen Jazz Preis. Die Auszeichnung in einer der 31 nationalen und internationalen Kategorien \u2013 von verschiedenen K\u00fcnstler*innen-F\u00e4chern \u00fcber Aufnahmen, und Arrangements bis hin zu Festivals oder Journalismus \u2013 ist jeweils mit einem Preisgeld von\u2026","rel":"","context":"In &quot;News&quot;","block_context":{"text":"News","link":"https:\/\/www.jazzzeitung.de\/cms\/thema\/nachrichten\/"},"img":{"alt_text":"","src":"https:\/\/i0.wp.com\/www.jazzzeitung.de\/cms\/wp-content\/uploads\/2023\/02\/Ronny-Graupe-Lucia-Martinez-und-Daniel-Erdmann_Deutscher-Jazzpreis-2022-27-April-2022-%C2%A9-Jewgeni-Roppel-I-Deutscher-Jazzpreis-scaled.jpg?fit=1200%2C800&ssl=1&resize=350%2C200","width":350,"height":200,"srcset":"https:\/\/i0.wp.com\/www.jazzzeitung.de\/cms\/wp-content\/uploads\/2023\/02\/Ronny-Graupe-Lucia-Martinez-und-Daniel-Erdmann_Deutscher-Jazzpreis-2022-27-April-2022-%C2%A9-Jewgeni-Roppel-I-Deutscher-Jazzpreis-scaled.jpg?fit=1200%2C800&ssl=1&resize=350%2C200 1x, https:\/\/i0.wp.com\/www.jazzzeitung.de\/cms\/wp-content\/uploads\/2023\/02\/Ronny-Graupe-Lucia-Martinez-und-Daniel-Erdmann_Deutscher-Jazzpreis-2022-27-April-2022-%C2%A9-Jewgeni-Roppel-I-Deutscher-Jazzpreis-scaled.jpg?fit=1200%2C800&ssl=1&resize=525%2C300 1.5x, https:\/\/i0.wp.com\/www.jazzzeitung.de\/cms\/wp-content\/uploads\/2023\/02\/Ronny-Graupe-Lucia-Martinez-und-Daniel-Erdmann_Deutscher-Jazzpreis-2022-27-April-2022-%C2%A9-Jewgeni-Roppel-I-Deutscher-Jazzpreis-scaled.jpg?fit=1200%2C800&ssl=1&resize=700%2C400 2x, https:\/\/i0.wp.com\/www.jazzzeitung.de\/cms\/wp-content\/uploads\/2023\/02\/Ronny-Graupe-Lucia-Martinez-und-Daniel-Erdmann_Deutscher-Jazzpreis-2022-27-April-2022-%C2%A9-Jewgeni-Roppel-I-Deutscher-Jazzpreis-scaled.jpg?fit=1200%2C800&ssl=1&resize=1050%2C600 3x"},"classes":[]},{"id":25048,"url":"https:\/\/www.jazzzeitung.de\/cms\/2021\/06\/news-axel-zwingenberger-in-oberthulba-jazzforum-bayreuth-feiert-applaus\/","url_meta":{"origin":8349,"position":1},"title":"news +++ Konzertfinale junger M\u00fcnchner Jazzpreis +++ Axel Zwingenberger in Oberthulba +++ Jazzforum Bayreuth feiert APPLAUS +++","author":"Redaktion JazzZeitung","date":"29. Juni 2021","format":false,"excerpt":"+++ Konzertfinale junger M\u00fcnchner Jazzpreis +++ Der Junge M\u00fcnchner Jazzpreis (JMJP) wird 2020 zum achten Mal vergeben. Er ist ein F\u00f6rderpreis von \u201amucjazz \u2013 M\u00fcnchner Verein zur F\u00f6rderung von Jazz e.V.\u2018 und ist ausgeschrieben f\u00fcr Jazzmusiker(innen) bis 28 Jahre. Der JMJP lebt von der Unterst\u00fctzung von Mitgliedern und Spendern, seit\u2026","rel":"","context":"In &quot;News&quot;","block_context":{"text":"News","link":"https:\/\/www.jazzzeitung.de\/cms\/thema\/nachrichten\/"},"img":{"alt_text":"","src":"https:\/\/i0.wp.com\/www.jazzzeitung.de\/cms\/wp-content\/uploads\/2021\/06\/mangold_kulturzentrumewerk.jpg?fit=1200%2C800&ssl=1&resize=350%2C200","width":350,"height":200,"srcset":"https:\/\/i0.wp.com\/www.jazzzeitung.de\/cms\/wp-content\/uploads\/2021\/06\/mangold_kulturzentrumewerk.jpg?fit=1200%2C800&ssl=1&resize=350%2C200 1x, https:\/\/i0.wp.com\/www.jazzzeitung.de\/cms\/wp-content\/uploads\/2021\/06\/mangold_kulturzentrumewerk.jpg?fit=1200%2C800&ssl=1&resize=525%2C300 1.5x, https:\/\/i0.wp.com\/www.jazzzeitung.de\/cms\/wp-content\/uploads\/2021\/06\/mangold_kulturzentrumewerk.jpg?fit=1200%2C800&ssl=1&resize=700%2C400 2x, https:\/\/i0.wp.com\/www.jazzzeitung.de\/cms\/wp-content\/uploads\/2021\/06\/mangold_kulturzentrumewerk.jpg?fit=1200%2C800&ssl=1&resize=1050%2C600 3x"},"classes":[]},{"id":16884,"url":"https:\/\/www.jazzzeitung.de\/cms\/2018\/08\/16884\/","url_meta":{"origin":8349,"position":2},"title":"+++ Cultoursommer Halle l\u00e4utet seine Jazz-Woche ein +++ 2. H\u00f6mma Jazz Festival in Oberhausen +++ Violinenvirtuose Roy Sandro beim JazzBayreuth +++ Holzkirchen pr\u00e4sentiert Jazz, Blues und mehr","author":"Redaktion JazzZeitung","date":"7. August 2018","format":false,"excerpt":"+++ 6. Cultoursommerwoche +++ Auch in seiner zw\u00f6lften Auflage widmet der Cultoursommer seine letzte Woche traditionsgem\u00e4\u00df dem Jazz. Daf\u00fcr finden sich vom 8. bis 11. August zahlreiche Musiker in Halle an der Saale ein, um das universale Musikfestival mit dem ein oder anderen Standard ausklingen zu lassen. Den Auftakt macht\u2026","rel":"","context":"In &quot;News&quot;","block_context":{"text":"News","link":"https:\/\/www.jazzzeitung.de\/cms\/thema\/nachrichten\/"},"img":{"alt_text":"","src":"https:\/\/i0.wp.com\/www.jazzzeitung.de\/cms\/wp-content\/uploads\/2018\/08\/Igor-Lazarev-copyright-by-Igor-Lazarev-kl.jpg?fit=1200%2C800&ssl=1&resize=350%2C200","width":350,"height":200,"srcset":"https:\/\/i0.wp.com\/www.jazzzeitung.de\/cms\/wp-content\/uploads\/2018\/08\/Igor-Lazarev-copyright-by-Igor-Lazarev-kl.jpg?fit=1200%2C800&ssl=1&resize=350%2C200 1x, https:\/\/i0.wp.com\/www.jazzzeitung.de\/cms\/wp-content\/uploads\/2018\/08\/Igor-Lazarev-copyright-by-Igor-Lazarev-kl.jpg?fit=1200%2C800&ssl=1&resize=525%2C300 1.5x, https:\/\/i0.wp.com\/www.jazzzeitung.de\/cms\/wp-content\/uploads\/2018\/08\/Igor-Lazarev-copyright-by-Igor-Lazarev-kl.jpg?fit=1200%2C800&ssl=1&resize=700%2C400 2x, https:\/\/i0.wp.com\/www.jazzzeitung.de\/cms\/wp-content\/uploads\/2018\/08\/Igor-Lazarev-copyright-by-Igor-Lazarev-kl.jpg?fit=1200%2C800&ssl=1&resize=1050%2C600 3x"},"classes":[]},{"id":31881,"url":"https:\/\/www.jazzzeitung.de\/cms\/2024\/11\/passionsspiele-in-bayreuth-jazz-und-sauerkraut\/","url_meta":{"origin":8349,"position":3},"title":"Passionsspiele in Bayreuth: Jazz und Sauerkraut?","author":"Redaktion JazzZeitung","date":"18. November 2024","format":false,"excerpt":"(Text und Fotos: Robert Fischer)\u00a0Irgendjemand sollte mal eine Geschichte all der freien Veranstaltungen und Initiativen schreiben, die sich mit bewunderungsw\u00fcrdigem Engagement einer gemeinsamen Passion widmen: dem Jazz in all seinen Spielformen und Varianten. In Bayreuth zum Beispiel gibt es das Jazzforum, einen eingetragenen Verein mit rund 220 Mitgliedern, der das\u2026","rel":"","context":"In &quot;News&quot;","block_context":{"text":"News","link":"https:\/\/www.jazzzeitung.de\/cms\/thema\/nachrichten\/"},"img":{"alt_text":"","src":"https:\/\/i0.wp.com\/www.jazzzeitung.de\/cms\/wp-content\/uploads\/2024\/11\/00_Aufmacher_Maximilian-Hirning_Bayreuth_09112024_001-scaled.jpg?fit=1200%2C800&ssl=1&resize=350%2C200","width":350,"height":200,"srcset":"https:\/\/i0.wp.com\/www.jazzzeitung.de\/cms\/wp-content\/uploads\/2024\/11\/00_Aufmacher_Maximilian-Hirning_Bayreuth_09112024_001-scaled.jpg?fit=1200%2C800&ssl=1&resize=350%2C200 1x, https:\/\/i0.wp.com\/www.jazzzeitung.de\/cms\/wp-content\/uploads\/2024\/11\/00_Aufmacher_Maximilian-Hirning_Bayreuth_09112024_001-scaled.jpg?fit=1200%2C800&ssl=1&resize=525%2C300 1.5x, https:\/\/i0.wp.com\/www.jazzzeitung.de\/cms\/wp-content\/uploads\/2024\/11\/00_Aufmacher_Maximilian-Hirning_Bayreuth_09112024_001-scaled.jpg?fit=1200%2C800&ssl=1&resize=700%2C400 2x, https:\/\/i0.wp.com\/www.jazzzeitung.de\/cms\/wp-content\/uploads\/2024\/11\/00_Aufmacher_Maximilian-Hirning_Bayreuth_09112024_001-scaled.jpg?fit=1200%2C800&ssl=1&resize=1050%2C600 3x"},"classes":[]},{"id":14802,"url":"https:\/\/www.jazzzeitung.de\/cms\/2018\/01\/viktoria-tolstoy-gibt-konzerte-in-mitteldeutschland\/","url_meta":{"origin":8349,"position":4},"title":"Viktoria Tolstoy gibt Konzerte in Mitteldeutschland","author":"Redaktion JazzZeitung","date":"18. Januar 2018","format":false,"excerpt":"F\u00fcr schnell Entschlossene: die Schwedische Jazzs\u00e4ngerin Viktoria Tolstoy gibt in Dessau, Leipzig, Dresden und Halle im Zeitraum 18. bis 21. Januar 2018\u00a0Konzerte.\u00a0Kristallklar, dynamisch, lyrisch und erdverbunden \u2013 ihre Stimme ist die vielleicht brillanteste aller skandinavischen Jazzs\u00e4ngerinnen. Mit ihrer Stimme und Inspiration formt die K\u00fcnstlerin ihre Songs und pr\u00e4sentiert sie mit\u2026","rel":"","context":"In &quot;News&quot;","block_context":{"text":"News","link":"https:\/\/www.jazzzeitung.de\/cms\/thema\/nachrichten\/"},"img":{"alt_text":"","src":"https:\/\/i0.wp.com\/www.jazzzeitung.de\/cms\/wp-content\/uploads\/2018\/01\/Viktoria-Tolstoy_reference.jpg?fit=1200%2C862&ssl=1&resize=350%2C200","width":350,"height":200,"srcset":"https:\/\/i0.wp.com\/www.jazzzeitung.de\/cms\/wp-content\/uploads\/2018\/01\/Viktoria-Tolstoy_reference.jpg?fit=1200%2C862&ssl=1&resize=350%2C200 1x, https:\/\/i0.wp.com\/www.jazzzeitung.de\/cms\/wp-content\/uploads\/2018\/01\/Viktoria-Tolstoy_reference.jpg?fit=1200%2C862&ssl=1&resize=525%2C300 1.5x, https:\/\/i0.wp.com\/www.jazzzeitung.de\/cms\/wp-content\/uploads\/2018\/01\/Viktoria-Tolstoy_reference.jpg?fit=1200%2C862&ssl=1&resize=700%2C400 2x, https:\/\/i0.wp.com\/www.jazzzeitung.de\/cms\/wp-content\/uploads\/2018\/01\/Viktoria-Tolstoy_reference.jpg?fit=1200%2C862&ssl=1&resize=1050%2C600 3x"},"classes":[]},{"id":13532,"url":"https:\/\/www.jazzzeitung.de\/cms\/2017\/09\/news-bayreuther-jazz-november-jazzwoche-hannover-goettinger-jazzfestival\/","url_meta":{"origin":8349,"position":5},"title":"+++ news +++ Bayreuther Jazz-November +++ Jazzwoche Hannover +++ G\u00f6ttinger Jazzfestival +++","author":"Redaktion JazzZeitung","date":"14. September 2017","format":false,"excerpt":"+++ Bayreuther Jazz-November +++ Der Bayreuther Jazz-November pr\u00e4sentiert sich in seinem elften Jahr vom 9. bis 12. November musikalisch noch breiter aufgestellt. Das mehrfach ausgezeichnete Jazzforum (Kulturpreis 2017 der Stadt Bayreuth, Spielst\u00e4ttenprogrammpreis bzw. APPLAUS 2013, 2014 und 2016) z\u00fcndet als Veranstalter die n\u00e4chste Stufe f\u00fcr das Herzensprojekt Bayreuther Jazz-November. Beinahe\u2026","rel":"","context":"In &quot;News&quot;","block_context":{"text":"News","link":"https:\/\/www.jazzzeitung.de\/cms\/thema\/nachrichten\/"},"img":{"alt_text":"","src":"https:\/\/i0.wp.com\/www.jazzzeitung.de\/cms\/wp-content\/uploads\/2017\/09\/Jazzrausch-Bigband-150x150.jpg?resize=350%2C200&ssl=1","width":350,"height":200},"classes":[]}],"jetpack_sharing_enabled":true,"_links":{"self":[{"href":"https:\/\/www.jazzzeitung.de\/cms\/wp-json\/wp\/v2\/posts\/8349","targetHints":{"allow":["GET"]}}],"collection":[{"href":"https:\/\/www.jazzzeitung.de\/cms\/wp-json\/wp\/v2\/posts"}],"about":[{"href":"https:\/\/www.jazzzeitung.de\/cms\/wp-json\/wp\/v2\/types\/post"}],"author":[{"embeddable":true,"href":"https:\/\/www.jazzzeitung.de\/cms\/wp-json\/wp\/v2\/users\/18"}],"replies":[{"embeddable":true,"href":"https:\/\/www.jazzzeitung.de\/cms\/wp-json\/wp\/v2\/comments?post=8349"}],"version-history":[{"count":6,"href":"https:\/\/www.jazzzeitung.de\/cms\/wp-json\/wp\/v2\/posts\/8349\/revisions"}],"predecessor-version":[{"id":8364,"href":"https:\/\/www.jazzzeitung.de\/cms\/wp-json\/wp\/v2\/posts\/8349\/revisions\/8364"}],"wp:attachment":[{"href":"https:\/\/www.jazzzeitung.de\/cms\/wp-json\/wp\/v2\/media?parent=8349"}],"wp:term":[{"taxonomy":"category","embeddable":true,"href":"https:\/\/www.jazzzeitung.de\/cms\/wp-json\/wp\/v2\/categories?post=8349"},{"taxonomy":"post_tag","embeddable":true,"href":"https:\/\/www.jazzzeitung.de\/cms\/wp-json\/wp\/v2\/tags?post=8349"},{"taxonomy":"author","embeddable":true,"href":"https:\/\/www.jazzzeitung.de\/cms\/wp-json\/wp\/v2\/coauthors?post=8349"}],"curies":[{"name":"wp","href":"https:\/\/api.w.org\/{rel}","templated":true}]}}