{"id":8285,"date":"2016-02-03T08:38:49","date_gmt":"2016-02-03T07:38:49","guid":{"rendered":"http:\/\/www.jazzzeitung.de\/cms\/?p=8285"},"modified":"2016-02-01T13:42:20","modified_gmt":"2016-02-01T12:42:20","slug":"cd-rezension-kunkel-degen-harbour","status":"publish","type":"post","link":"https:\/\/www.jazzzeitung.de\/cms\/2016\/02\/cd-rezension-kunkel-degen-harbour\/","title":{"rendered":"CD-Rezension Kunkel-Degen: Down By The Harbour"},"content":{"rendered":"<p><a href=\"https:\/\/i0.wp.com\/www.jazzzeitung.de\/cms\/wp-content\/uploads\/2016\/02\/cover1_harbour.jpg\" rel=\"attachment wp-att-8286\"><img data-recalc-dims=\"1\" loading=\"lazy\" decoding=\"async\" data-attachment-id=\"8286\" data-permalink=\"https:\/\/www.jazzzeitung.de\/cms\/2016\/02\/cd-rezension-kunkel-degen-harbour\/cover1_harbour\/\" data-orig-file=\"https:\/\/i0.wp.com\/www.jazzzeitung.de\/cms\/wp-content\/uploads\/2016\/02\/cover1_harbour.jpg?fit=600%2C540&amp;ssl=1\" data-orig-size=\"600,540\" data-comments-opened=\"1\" data-image-meta=\"{&quot;aperture&quot;:&quot;0&quot;,&quot;credit&quot;:&quot;&quot;,&quot;camera&quot;:&quot;&quot;,&quot;caption&quot;:&quot;&quot;,&quot;created_timestamp&quot;:&quot;0&quot;,&quot;copyright&quot;:&quot;&quot;,&quot;focal_length&quot;:&quot;0&quot;,&quot;iso&quot;:&quot;0&quot;,&quot;shutter_speed&quot;:&quot;0&quot;,&quot;title&quot;:&quot;&quot;,&quot;orientation&quot;:&quot;0&quot;}\" data-image-title=\"cover1_harbour\" data-image-description=\"\" data-image-caption=\"\" data-large-file=\"https:\/\/i0.wp.com\/www.jazzzeitung.de\/cms\/wp-content\/uploads\/2016\/02\/cover1_harbour.jpg?fit=600%2C540&amp;ssl=1\" class=\"alignright size-thumbnail wp-image-8286\" src=\"https:\/\/i0.wp.com\/www.jazzzeitung.de\/cms\/wp-content\/uploads\/2016\/02\/cover1_harbour-150x150.jpg?resize=150%2C150\" alt=\"cover1_harbour\" width=\"150\" height=\"150\" srcset=\"https:\/\/i0.wp.com\/www.jazzzeitung.de\/cms\/wp-content\/uploads\/2016\/02\/cover1_harbour.jpg?resize=150%2C150&amp;ssl=1 150w, https:\/\/i0.wp.com\/www.jazzzeitung.de\/cms\/wp-content\/uploads\/2016\/02\/cover1_harbour.jpg?resize=144%2C144&amp;ssl=1 144w, https:\/\/i0.wp.com\/www.jazzzeitung.de\/cms\/wp-content\/uploads\/2016\/02\/cover1_harbour.jpg?resize=96%2C96&amp;ssl=1 96w, https:\/\/i0.wp.com\/www.jazzzeitung.de\/cms\/wp-content\/uploads\/2016\/02\/cover1_harbour.jpg?resize=24%2C24&amp;ssl=1 24w, https:\/\/i0.wp.com\/www.jazzzeitung.de\/cms\/wp-content\/uploads\/2016\/02\/cover1_harbour.jpg?resize=36%2C36&amp;ssl=1 36w, https:\/\/i0.wp.com\/www.jazzzeitung.de\/cms\/wp-content\/uploads\/2016\/02\/cover1_harbour.jpg?resize=48%2C48&amp;ssl=1 48w, https:\/\/i0.wp.com\/www.jazzzeitung.de\/cms\/wp-content\/uploads\/2016\/02\/cover1_harbour.jpg?resize=64%2C64&amp;ssl=1 64w, https:\/\/i0.wp.com\/www.jazzzeitung.de\/cms\/wp-content\/uploads\/2016\/02\/cover1_harbour.jpg?resize=32%2C32&amp;ssl=1 32w, https:\/\/i0.wp.com\/www.jazzzeitung.de\/cms\/wp-content\/uploads\/2016\/02\/cover1_harbour.jpg?resize=128%2C128&amp;ssl=1 128w, https:\/\/i0.wp.com\/www.jazzzeitung.de\/cms\/wp-content\/uploads\/2016\/02\/cover1_harbour.jpg?zoom=2&amp;resize=150%2C150&amp;ssl=1 300w, https:\/\/i0.wp.com\/www.jazzzeitung.de\/cms\/wp-content\/uploads\/2016\/02\/cover1_harbour.jpg?zoom=3&amp;resize=150%2C150&amp;ssl=1 450w\" sizes=\"auto, (max-width: 150px) 100vw, 150px\" \/><\/a>Von Michael Scheiner &#8211; Der Mee, wie der bayerisch-hessische Main im Dialekt hei\u00dft, ger\u00e4t selten in den Fokus k\u00fcnstlerischer Auseinandersetzung. Bob Degen (p) und Holzbl\u00e4ser Burkard Kunkel aus der Frankfurter Jazzszene d\u00fcrfte er als Inspirationsquelle f\u00fcr ihr Duoalbum gedient haben. Es ist zwar nirgends vermerkt, dass das Titelst\u00fcck Down By The Harbour geografisch Bezug auf den Hafen der Mainmetropole nimmt und das Frontfoto von U. Neugebauer gelbe Poller vor dem vorbeiziehenden Gew\u00e4sser zeigt. Dennoch kann man davon ausgehen, dass der Fluss mit seinen beh\u00e4big-beschaulichen Stimmungen und ruhigem Lauf die Aufnahmen mit den 16 Miniaturen beeinflusst hat.<\/p>\n<p>Neben jeweils eigenen und einigen gemeinsamen Kompositionen stehen drei St\u00fccke des franz\u00f6sischen Querkopfes Eric Satie vordergr\u00fcndig quer (Danses de travers No. 1 &#8211; 3) zum thematischen Hintergrund. Klanglich f\u00fcgen sie sich wunderbar ein in die \u00fcberwiegend verhaltene, fast traumwandlerische Stimmung des intimen Albums. Aus diesen warmherzig-lyrischen Betrachtungen, durch die Kunkels dunkler Ton auf dem Bassetthorn manchmal wie ein Windsto\u00df pl\u00f6tzlich rau aufheult, ragen zwei frei improvisierte Nummern wie grell blinkende, expressive Leuchtzeichen hervor. Der heisere Ton, den er auf dem zur Klarinettenfamilie z\u00e4hlenden Instrument immer wieder anschl\u00e4gt, weist an die Aufnahmen hin, die der notorisch unterbewertete Pianist mit dem Saxofonisten Heinz Sauer, ebenfalls einer der einflussreichen Frankfurter Musiker, vor fast drei Jahrzehnten eingespielt hat. In den Linernotes nimmt Kunkel sogar Bezug darauf: \u201e\u2026auf Ellingtonia Revisited habe ich Bob Degen erstmals geh\u00f6rt und war tief beeindruckt.\u201c<\/p>\n<p>Zwei Jahrzehnte sp\u00e4ter, 2008, hat er den Pianisten im Frankfurter Jazzkeller wieder getroffen. Daraus hat sich eine fruchtbare Zusammenarbeit entwickelt. Nach der Trioplatte \u201eZitrone und Zimt\u201c mit dem Schlagzeuger\/Perkussionisten Willi Kappich ist das Duo-Album die zweite Ver\u00f6ffentlichung der musikalisch Reisenden. Diese, ihre gemeinsame Reise ist nie ausschweifend, suchend zwar, tastend bisweilen, dabei aber voller Klarheit und schimmernder Transparenz. Rhythmisch sehr frei, aber selbst in eruptiven Momenten nie aufgeregt oder kopflos, sondern achtsam und konzentriert, verspielt gelegentlich und von einer hohen Intensit\u00e4t getragen. Eine bei aller Abstraktion k\u00f6rperhafte Musik, die ber\u00fchrt und einl\u00e4dt zum Mitreisen.<\/p>\n<p>&nbsp;<\/p>\n<p>Burkard Kunkel \/ Bob Degen: Down By The Harbour<\/p>\n<p>Orchestrion Schallfolien Cd-FTF 069<\/p>\n<p><em>Burkard Kunkel \u2013 Bassetthorn\u2028; Bob Degen \u2013 Piano<\/em><\/p>\n<p><em>Vertrieb: ffmjazzmanagement<\/em><\/p>\n<p><strong>\u00a0<\/strong><\/p>\n","protected":false},"excerpt":{"rendered":"<p>Von Michael Scheiner &#8211; Der Mee, wie der bayerisch-hessische Main im Dialekt hei\u00dft, ger\u00e4t selten in den Fokus k\u00fcnstlerischer Auseinandersetzung. Bob Degen (p) und Holzbl\u00e4ser Burkard Kunkel aus der Frankfurter Jazzszene d\u00fcrfte er als Inspirationsquelle f\u00fcr ihr Duoalbum gedient haben. Es ist zwar nirgends vermerkt, dass das Titelst\u00fcck Down By The Harbour geografisch Bezug auf den Hafen der Mainmetropole nimmt und das Frontfoto von U. Neugebauer gelbe Poller vor dem vorbeiziehenden Gew\u00e4sser zeigt. Dennoch kann man davon ausgehen, dass der Fluss mit seinen beh\u00e4big-beschaulichen Stimmungen und ruhigem Lauf die Aufnahmen mit den 16 Miniaturen beeinflusst hat. Neben jeweils eigenen und einigen gemeinsamen Kompositionen stehen drei St\u00fccke des franz\u00f6sischen Querkopfes Eric Satie vordergr\u00fcndig quer (Danses de travers No. 1 &#8211; 3) zum thematischen Hintergrund. Klanglich f\u00fcgen sie sich wunderbar ein in die \u00fcberwiegend verhaltene, fast traumwandlerische Stimmung des intimen Albums. Aus diesen warmherzig-lyrischen Betrachtungen, durch die Kunkels dunkler Ton auf dem Bassetthorn manchmal wie ein Windsto\u00df pl\u00f6tzlich rau aufheult, ragen zwei frei improvisierte Nummern wie grell blinkende, expressive Leuchtzeichen hervor. Der heisere Ton, den er auf dem zur Klarinettenfamilie z\u00e4hlenden Instrument immer wieder anschl\u00e4gt, weist an &hellip;<\/p>\n","protected":false},"author":18,"featured_media":0,"comment_status":"open","ping_status":"closed","sticky":false,"template":"","format":"standard","meta":{"_jetpack_memberships_contains_paid_content":false,"footnotes":"","jetpack_publicize_message":"","jetpack_publicize_feature_enabled":true,"jetpack_social_post_already_shared":false,"jetpack_social_options":{"image_generator_settings":{"template":"highway","default_image_id":0,"font":"","enabled":false},"version":2}},"categories":[1152],"tags":[34,109,387,442,1186],"coauthors":[695],"class_list":["post-8285","post","type-post","status-publish","format-standard","hentry","category-rezension","tag-album","tag-cd","tag-michael-scheiner","tag-piano","tag-rezension"],"yoast_head":"<!-- This site is optimized with the Yoast SEO plugin v27.5 - https:\/\/yoast.com\/product\/yoast-seo-wordpress\/ -->\n<title>CD-Rezension Kunkel-Degen: Down By The Harbour - JazzZeitung<\/title>\n<meta name=\"robots\" content=\"index, follow, max-snippet:-1, max-image-preview:large, max-video-preview:-1\" \/>\n<link rel=\"canonical\" href=\"https:\/\/www.jazzzeitung.de\/cms\/2016\/02\/cd-rezension-kunkel-degen-harbour\/\" \/>\n<meta property=\"og:locale\" content=\"de_DE\" \/>\n<meta property=\"og:type\" content=\"article\" \/>\n<meta property=\"og:title\" content=\"CD-Rezension Kunkel-Degen: Down By The Harbour - JazzZeitung\" \/>\n<meta property=\"og:description\" content=\"Von Michael Scheiner &#8211; Der Mee, wie der bayerisch-hessische Main im Dialekt hei\u00dft, ger\u00e4t selten in den Fokus k\u00fcnstlerischer Auseinandersetzung. Bob Degen (p) und Holzbl\u00e4ser Burkard Kunkel aus der Frankfurter Jazzszene d\u00fcrfte er als Inspirationsquelle f\u00fcr ihr Duoalbum gedient haben. Es ist zwar nirgends vermerkt, dass das Titelst\u00fcck Down By The Harbour geografisch Bezug auf den Hafen der Mainmetropole nimmt und das Frontfoto von U. Neugebauer gelbe Poller vor dem vorbeiziehenden Gew\u00e4sser zeigt. Dennoch kann man davon ausgehen, dass der Fluss mit seinen beh\u00e4big-beschaulichen Stimmungen und ruhigem Lauf die Aufnahmen mit den 16 Miniaturen beeinflusst hat. Neben jeweils eigenen und einigen gemeinsamen Kompositionen stehen drei St\u00fccke des franz\u00f6sischen Querkopfes Eric Satie vordergr\u00fcndig quer (Danses de travers No. 1 &#8211; 3) zum thematischen Hintergrund. Klanglich f\u00fcgen sie sich wunderbar ein in die \u00fcberwiegend verhaltene, fast traumwandlerische Stimmung des intimen Albums. Aus diesen warmherzig-lyrischen Betrachtungen, durch die Kunkels dunkler Ton auf dem Bassetthorn manchmal wie ein Windsto\u00df pl\u00f6tzlich rau aufheult, ragen zwei frei improvisierte Nummern wie grell blinkende, expressive Leuchtzeichen hervor. Der heisere Ton, den er auf dem zur Klarinettenfamilie z\u00e4hlenden Instrument immer wieder anschl\u00e4gt, weist an &hellip;\" \/>\n<meta property=\"og:url\" content=\"https:\/\/www.jazzzeitung.de\/cms\/2016\/02\/cd-rezension-kunkel-degen-harbour\/\" \/>\n<meta property=\"og:site_name\" content=\"JazzZeitung\" \/>\n<meta property=\"article:publisher\" content=\"https:\/\/www.facebook.com\/JazzZeitung\/\" \/>\n<meta property=\"article:published_time\" content=\"2016-02-03T07:38:49+00:00\" \/>\n<meta property=\"og:image\" content=\"http:\/\/www.jazzzeitung.de\/cms\/wp-content\/uploads\/2016\/02\/cover1_harbour-150x150.jpg\" \/>\n<meta name=\"author\" content=\"Redaktion JazzZeitung\" \/>\n<script type=\"application\/ld+json\" class=\"yoast-schema-graph\">{\"@context\":\"https:\\\/\\\/schema.org\",\"@graph\":[{\"@type\":\"Article\",\"@id\":\"https:\\\/\\\/www.jazzzeitung.de\\\/cms\\\/2016\\\/02\\\/cd-rezension-kunkel-degen-harbour\\\/#article\",\"isPartOf\":{\"@id\":\"https:\\\/\\\/www.jazzzeitung.de\\\/cms\\\/2016\\\/02\\\/cd-rezension-kunkel-degen-harbour\\\/\"},\"author\":{\"name\":\"Redaktion JazzZeitung\",\"@id\":\"https:\\\/\\\/www.jazzzeitung.de\\\/cms\\\/#\\\/schema\\\/person\\\/2245b36b9cd1d24cea10f01c031fb92b\"},\"headline\":\"CD-Rezension Kunkel-Degen: Down By The Harbour\",\"datePublished\":\"2016-02-03T07:38:49+00:00\",\"mainEntityOfPage\":{\"@id\":\"https:\\\/\\\/www.jazzzeitung.de\\\/cms\\\/2016\\\/02\\\/cd-rezension-kunkel-degen-harbour\\\/\"},\"wordCount\":371,\"commentCount\":0,\"publisher\":{\"@id\":\"https:\\\/\\\/www.jazzzeitung.de\\\/cms\\\/#organization\"},\"image\":{\"@id\":\"https:\\\/\\\/www.jazzzeitung.de\\\/cms\\\/2016\\\/02\\\/cd-rezension-kunkel-degen-harbour\\\/#primaryimage\"},\"thumbnailUrl\":\"http:\\\/\\\/www.jazzzeitung.de\\\/cms\\\/wp-content\\\/uploads\\\/2016\\\/02\\\/cover1_harbour-150x150.jpg\",\"keywords\":[\"Album\",\"CD\",\"Michael Scheiner\",\"Piano\",\"Rezension\"],\"articleSection\":[\"Rezension\"],\"inLanguage\":\"de\",\"potentialAction\":[{\"@type\":\"CommentAction\",\"name\":\"Comment\",\"target\":[\"https:\\\/\\\/www.jazzzeitung.de\\\/cms\\\/2016\\\/02\\\/cd-rezension-kunkel-degen-harbour\\\/#respond\"]}]},{\"@type\":\"WebPage\",\"@id\":\"https:\\\/\\\/www.jazzzeitung.de\\\/cms\\\/2016\\\/02\\\/cd-rezension-kunkel-degen-harbour\\\/\",\"url\":\"https:\\\/\\\/www.jazzzeitung.de\\\/cms\\\/2016\\\/02\\\/cd-rezension-kunkel-degen-harbour\\\/\",\"name\":\"CD-Rezension Kunkel-Degen: Down By The Harbour - JazzZeitung\",\"isPartOf\":{\"@id\":\"https:\\\/\\\/www.jazzzeitung.de\\\/cms\\\/#website\"},\"primaryImageOfPage\":{\"@id\":\"https:\\\/\\\/www.jazzzeitung.de\\\/cms\\\/2016\\\/02\\\/cd-rezension-kunkel-degen-harbour\\\/#primaryimage\"},\"image\":{\"@id\":\"https:\\\/\\\/www.jazzzeitung.de\\\/cms\\\/2016\\\/02\\\/cd-rezension-kunkel-degen-harbour\\\/#primaryimage\"},\"thumbnailUrl\":\"http:\\\/\\\/www.jazzzeitung.de\\\/cms\\\/wp-content\\\/uploads\\\/2016\\\/02\\\/cover1_harbour-150x150.jpg\",\"datePublished\":\"2016-02-03T07:38:49+00:00\",\"breadcrumb\":{\"@id\":\"https:\\\/\\\/www.jazzzeitung.de\\\/cms\\\/2016\\\/02\\\/cd-rezension-kunkel-degen-harbour\\\/#breadcrumb\"},\"inLanguage\":\"de\",\"potentialAction\":[{\"@type\":\"ReadAction\",\"target\":[\"https:\\\/\\\/www.jazzzeitung.de\\\/cms\\\/2016\\\/02\\\/cd-rezension-kunkel-degen-harbour\\\/\"]}]},{\"@type\":\"ImageObject\",\"inLanguage\":\"de\",\"@id\":\"https:\\\/\\\/www.jazzzeitung.de\\\/cms\\\/2016\\\/02\\\/cd-rezension-kunkel-degen-harbour\\\/#primaryimage\",\"url\":\"http:\\\/\\\/www.jazzzeitung.de\\\/cms\\\/wp-content\\\/uploads\\\/2016\\\/02\\\/cover1_harbour-150x150.jpg\",\"contentUrl\":\"http:\\\/\\\/www.jazzzeitung.de\\\/cms\\\/wp-content\\\/uploads\\\/2016\\\/02\\\/cover1_harbour-150x150.jpg\"},{\"@type\":\"BreadcrumbList\",\"@id\":\"https:\\\/\\\/www.jazzzeitung.de\\\/cms\\\/2016\\\/02\\\/cd-rezension-kunkel-degen-harbour\\\/#breadcrumb\",\"itemListElement\":[{\"@type\":\"ListItem\",\"position\":1,\"name\":\"Startseite\",\"item\":\"https:\\\/\\\/www.jazzzeitung.de\\\/cms\\\/\"},{\"@type\":\"ListItem\",\"position\":2,\"name\":\"CD-Rezension Kunkel-Degen: Down By The Harbour\"}]},{\"@type\":\"WebSite\",\"@id\":\"https:\\\/\\\/www.jazzzeitung.de\\\/cms\\\/#website\",\"url\":\"https:\\\/\\\/www.jazzzeitung.de\\\/cms\\\/\",\"name\":\"JazzZeitung\",\"description\":\"Jazz-News und Jazz-Kontroverses\",\"publisher\":{\"@id\":\"https:\\\/\\\/www.jazzzeitung.de\\\/cms\\\/#organization\"},\"potentialAction\":[{\"@type\":\"SearchAction\",\"target\":{\"@type\":\"EntryPoint\",\"urlTemplate\":\"https:\\\/\\\/www.jazzzeitung.de\\\/cms\\\/?s={search_term_string}\"},\"query-input\":{\"@type\":\"PropertyValueSpecification\",\"valueRequired\":true,\"valueName\":\"search_term_string\"}}],\"inLanguage\":\"de\"},{\"@type\":\"Organization\",\"@id\":\"https:\\\/\\\/www.jazzzeitung.de\\\/cms\\\/#organization\",\"name\":\"JazzZeitung online\",\"url\":\"https:\\\/\\\/www.jazzzeitung.de\\\/cms\\\/\",\"logo\":{\"@type\":\"ImageObject\",\"inLanguage\":\"de\",\"@id\":\"https:\\\/\\\/www.jazzzeitung.de\\\/cms\\\/#\\\/schema\\\/logo\\\/image\\\/\",\"url\":\"https:\\\/\\\/i0.wp.com\\\/www.jazzzeitung.de\\\/cms\\\/wp-content\\\/uploads\\\/2015\\\/08\\\/JAZZZEITUNGDE_Logo_Neu.png?fit=499%2C200&ssl=1\",\"contentUrl\":\"https:\\\/\\\/i0.wp.com\\\/www.jazzzeitung.de\\\/cms\\\/wp-content\\\/uploads\\\/2015\\\/08\\\/JAZZZEITUNGDE_Logo_Neu.png?fit=499%2C200&ssl=1\",\"width\":499,\"height\":200,\"caption\":\"JazzZeitung online\"},\"image\":{\"@id\":\"https:\\\/\\\/www.jazzzeitung.de\\\/cms\\\/#\\\/schema\\\/logo\\\/image\\\/\"},\"sameAs\":[\"https:\\\/\\\/www.facebook.com\\\/JazzZeitung\\\/\"]},{\"@type\":\"Person\",\"@id\":\"https:\\\/\\\/www.jazzzeitung.de\\\/cms\\\/#\\\/schema\\\/person\\\/2245b36b9cd1d24cea10f01c031fb92b\",\"name\":\"Redaktion JazzZeitung\",\"image\":{\"@type\":\"ImageObject\",\"inLanguage\":\"de\",\"@id\":\"https:\\\/\\\/i0.wp.com\\\/www.jazzzeitung.de\\\/cms\\\/wp-content\\\/uploads\\\/2015\\\/08\\\/JAZZZEITUNGDE_Logo_Neu.png?resize=96%2C96&ssl=159975dcacb611b5700bd619b5daf0a7a\",\"url\":\"https:\\\/\\\/i0.wp.com\\\/www.jazzzeitung.de\\\/cms\\\/wp-content\\\/uploads\\\/2015\\\/08\\\/JAZZZEITUNGDE_Logo_Neu.png?resize=96%2C96&ssl=1\",\"contentUrl\":\"https:\\\/\\\/i0.wp.com\\\/www.jazzzeitung.de\\\/cms\\\/wp-content\\\/uploads\\\/2015\\\/08\\\/JAZZZEITUNGDE_Logo_Neu.png?resize=96%2C96&ssl=1\",\"caption\":\"Redaktion JazzZeitung\"},\"description\":\"Artikel der Redaktion der JazzZeitung.\",\"sameAs\":[\"http:\\\/\\\/www.jazzzeitung.de\\\/cms\\\/\"],\"url\":\"https:\\\/\\\/www.jazzzeitung.de\\\/cms\\\/author\\\/redaktion\\\/\"}]}<\/script>\n<!-- \/ Yoast SEO plugin. -->","yoast_head_json":{"title":"CD-Rezension Kunkel-Degen: Down By The Harbour - JazzZeitung","robots":{"index":"index","follow":"follow","max-snippet":"max-snippet:-1","max-image-preview":"max-image-preview:large","max-video-preview":"max-video-preview:-1"},"canonical":"https:\/\/www.jazzzeitung.de\/cms\/2016\/02\/cd-rezension-kunkel-degen-harbour\/","og_locale":"de_DE","og_type":"article","og_title":"CD-Rezension Kunkel-Degen: Down By The Harbour - JazzZeitung","og_description":"Von Michael Scheiner &#8211; Der Mee, wie der bayerisch-hessische Main im Dialekt hei\u00dft, ger\u00e4t selten in den Fokus k\u00fcnstlerischer Auseinandersetzung. Bob Degen (p) und Holzbl\u00e4ser Burkard Kunkel aus der Frankfurter Jazzszene d\u00fcrfte er als Inspirationsquelle f\u00fcr ihr Duoalbum gedient haben. Es ist zwar nirgends vermerkt, dass das Titelst\u00fcck Down By The Harbour geografisch Bezug auf den Hafen der Mainmetropole nimmt und das Frontfoto von U. Neugebauer gelbe Poller vor dem vorbeiziehenden Gew\u00e4sser zeigt. Dennoch kann man davon ausgehen, dass der Fluss mit seinen beh\u00e4big-beschaulichen Stimmungen und ruhigem Lauf die Aufnahmen mit den 16 Miniaturen beeinflusst hat. Neben jeweils eigenen und einigen gemeinsamen Kompositionen stehen drei St\u00fccke des franz\u00f6sischen Querkopfes Eric Satie vordergr\u00fcndig quer (Danses de travers No. 1 &#8211; 3) zum thematischen Hintergrund. Klanglich f\u00fcgen sie sich wunderbar ein in die \u00fcberwiegend verhaltene, fast traumwandlerische Stimmung des intimen Albums. Aus diesen warmherzig-lyrischen Betrachtungen, durch die Kunkels dunkler Ton auf dem Bassetthorn manchmal wie ein Windsto\u00df pl\u00f6tzlich rau aufheult, ragen zwei frei improvisierte Nummern wie grell blinkende, expressive Leuchtzeichen hervor. Der heisere Ton, den er auf dem zur Klarinettenfamilie z\u00e4hlenden Instrument immer wieder anschl\u00e4gt, weist an &hellip;","og_url":"https:\/\/www.jazzzeitung.de\/cms\/2016\/02\/cd-rezension-kunkel-degen-harbour\/","og_site_name":"JazzZeitung","article_publisher":"https:\/\/www.facebook.com\/JazzZeitung\/","article_published_time":"2016-02-03T07:38:49+00:00","og_image":[{"url":"http:\/\/www.jazzzeitung.de\/cms\/wp-content\/uploads\/2016\/02\/cover1_harbour-150x150.jpg","type":"","width":"","height":""}],"author":"Redaktion JazzZeitung","schema":{"@context":"https:\/\/schema.org","@graph":[{"@type":"Article","@id":"https:\/\/www.jazzzeitung.de\/cms\/2016\/02\/cd-rezension-kunkel-degen-harbour\/#article","isPartOf":{"@id":"https:\/\/www.jazzzeitung.de\/cms\/2016\/02\/cd-rezension-kunkel-degen-harbour\/"},"author":{"name":"Redaktion JazzZeitung","@id":"https:\/\/www.jazzzeitung.de\/cms\/#\/schema\/person\/2245b36b9cd1d24cea10f01c031fb92b"},"headline":"CD-Rezension Kunkel-Degen: Down By The Harbour","datePublished":"2016-02-03T07:38:49+00:00","mainEntityOfPage":{"@id":"https:\/\/www.jazzzeitung.de\/cms\/2016\/02\/cd-rezension-kunkel-degen-harbour\/"},"wordCount":371,"commentCount":0,"publisher":{"@id":"https:\/\/www.jazzzeitung.de\/cms\/#organization"},"image":{"@id":"https:\/\/www.jazzzeitung.de\/cms\/2016\/02\/cd-rezension-kunkel-degen-harbour\/#primaryimage"},"thumbnailUrl":"http:\/\/www.jazzzeitung.de\/cms\/wp-content\/uploads\/2016\/02\/cover1_harbour-150x150.jpg","keywords":["Album","CD","Michael Scheiner","Piano","Rezension"],"articleSection":["Rezension"],"inLanguage":"de","potentialAction":[{"@type":"CommentAction","name":"Comment","target":["https:\/\/www.jazzzeitung.de\/cms\/2016\/02\/cd-rezension-kunkel-degen-harbour\/#respond"]}]},{"@type":"WebPage","@id":"https:\/\/www.jazzzeitung.de\/cms\/2016\/02\/cd-rezension-kunkel-degen-harbour\/","url":"https:\/\/www.jazzzeitung.de\/cms\/2016\/02\/cd-rezension-kunkel-degen-harbour\/","name":"CD-Rezension Kunkel-Degen: Down By The Harbour - JazzZeitung","isPartOf":{"@id":"https:\/\/www.jazzzeitung.de\/cms\/#website"},"primaryImageOfPage":{"@id":"https:\/\/www.jazzzeitung.de\/cms\/2016\/02\/cd-rezension-kunkel-degen-harbour\/#primaryimage"},"image":{"@id":"https:\/\/www.jazzzeitung.de\/cms\/2016\/02\/cd-rezension-kunkel-degen-harbour\/#primaryimage"},"thumbnailUrl":"http:\/\/www.jazzzeitung.de\/cms\/wp-content\/uploads\/2016\/02\/cover1_harbour-150x150.jpg","datePublished":"2016-02-03T07:38:49+00:00","breadcrumb":{"@id":"https:\/\/www.jazzzeitung.de\/cms\/2016\/02\/cd-rezension-kunkel-degen-harbour\/#breadcrumb"},"inLanguage":"de","potentialAction":[{"@type":"ReadAction","target":["https:\/\/www.jazzzeitung.de\/cms\/2016\/02\/cd-rezension-kunkel-degen-harbour\/"]}]},{"@type":"ImageObject","inLanguage":"de","@id":"https:\/\/www.jazzzeitung.de\/cms\/2016\/02\/cd-rezension-kunkel-degen-harbour\/#primaryimage","url":"http:\/\/www.jazzzeitung.de\/cms\/wp-content\/uploads\/2016\/02\/cover1_harbour-150x150.jpg","contentUrl":"http:\/\/www.jazzzeitung.de\/cms\/wp-content\/uploads\/2016\/02\/cover1_harbour-150x150.jpg"},{"@type":"BreadcrumbList","@id":"https:\/\/www.jazzzeitung.de\/cms\/2016\/02\/cd-rezension-kunkel-degen-harbour\/#breadcrumb","itemListElement":[{"@type":"ListItem","position":1,"name":"Startseite","item":"https:\/\/www.jazzzeitung.de\/cms\/"},{"@type":"ListItem","position":2,"name":"CD-Rezension Kunkel-Degen: Down By The Harbour"}]},{"@type":"WebSite","@id":"https:\/\/www.jazzzeitung.de\/cms\/#website","url":"https:\/\/www.jazzzeitung.de\/cms\/","name":"JazzZeitung","description":"Jazz-News und Jazz-Kontroverses","publisher":{"@id":"https:\/\/www.jazzzeitung.de\/cms\/#organization"},"potentialAction":[{"@type":"SearchAction","target":{"@type":"EntryPoint","urlTemplate":"https:\/\/www.jazzzeitung.de\/cms\/?s={search_term_string}"},"query-input":{"@type":"PropertyValueSpecification","valueRequired":true,"valueName":"search_term_string"}}],"inLanguage":"de"},{"@type":"Organization","@id":"https:\/\/www.jazzzeitung.de\/cms\/#organization","name":"JazzZeitung online","url":"https:\/\/www.jazzzeitung.de\/cms\/","logo":{"@type":"ImageObject","inLanguage":"de","@id":"https:\/\/www.jazzzeitung.de\/cms\/#\/schema\/logo\/image\/","url":"https:\/\/i0.wp.com\/www.jazzzeitung.de\/cms\/wp-content\/uploads\/2015\/08\/JAZZZEITUNGDE_Logo_Neu.png?fit=499%2C200&ssl=1","contentUrl":"https:\/\/i0.wp.com\/www.jazzzeitung.de\/cms\/wp-content\/uploads\/2015\/08\/JAZZZEITUNGDE_Logo_Neu.png?fit=499%2C200&ssl=1","width":499,"height":200,"caption":"JazzZeitung online"},"image":{"@id":"https:\/\/www.jazzzeitung.de\/cms\/#\/schema\/logo\/image\/"},"sameAs":["https:\/\/www.facebook.com\/JazzZeitung\/"]},{"@type":"Person","@id":"https:\/\/www.jazzzeitung.de\/cms\/#\/schema\/person\/2245b36b9cd1d24cea10f01c031fb92b","name":"Redaktion JazzZeitung","image":{"@type":"ImageObject","inLanguage":"de","@id":"https:\/\/i0.wp.com\/www.jazzzeitung.de\/cms\/wp-content\/uploads\/2015\/08\/JAZZZEITUNGDE_Logo_Neu.png?resize=96%2C96&ssl=159975dcacb611b5700bd619b5daf0a7a","url":"https:\/\/i0.wp.com\/www.jazzzeitung.de\/cms\/wp-content\/uploads\/2015\/08\/JAZZZEITUNGDE_Logo_Neu.png?resize=96%2C96&ssl=1","contentUrl":"https:\/\/i0.wp.com\/www.jazzzeitung.de\/cms\/wp-content\/uploads\/2015\/08\/JAZZZEITUNGDE_Logo_Neu.png?resize=96%2C96&ssl=1","caption":"Redaktion JazzZeitung"},"description":"Artikel der Redaktion der JazzZeitung.","sameAs":["http:\/\/www.jazzzeitung.de\/cms\/"],"url":"https:\/\/www.jazzzeitung.de\/cms\/author\/redaktion\/"}]}},"wp-worthy-pixel":{"ignored":false,"public":null,"server":null,"url":null},"wp-worthy-type":"normal","jetpack_publicize_connections":[],"cc_featured_image_caption":{"caption_text":false,"source_text":false,"source_url":false},"jetpack_featured_media_url":"","jetpack_shortlink":"https:\/\/wp.me\/p3KEcT-29D","jetpack-related-posts":[{"id":29494,"url":"https:\/\/www.jazzzeitung.de\/cms\/2023\/06\/cd-rezension-burkard-kunkel-bob-degen-two-geese-by-the-river\/","url_meta":{"origin":8285,"position":0},"title":"CD-Rezension: Burkard Kunkel &#038; Bob Degen \u2013 Two Geese By The River","author":"Michael Scheiner","date":"6. Juni 2023","format":false,"excerpt":"F\u00fcr die beiden Protagonisten war es wohl eine noch gr\u00f6\u00dfere \u00dcberraschung als f\u00fcr ihr musikalisches und Publikumsumfeld. F\u00fcr ihr im Selbstverlag produziertes und vertriebenes Album \"Two Geese by the River\" haben der im Spessart lebende Holzbl\u00e4ser Burkard Kunkel und der Wahl-Frankfurter Bob Degen am Piano einen Platz auf der Bestenliste\u2026","rel":"","context":"In &quot;Rezension&quot;","block_context":{"text":"Rezension","link":"https:\/\/www.jazzzeitung.de\/cms\/thema\/rezension\/"},"img":{"alt_text":"","src":"https:\/\/i0.wp.com\/www.jazzzeitung.de\/cms\/wp-content\/uploads\/2023\/05\/800_63b563842e0e0.webp?fit=800%2C533&ssl=1&resize=350%2C200","width":350,"height":200,"srcset":"https:\/\/i0.wp.com\/www.jazzzeitung.de\/cms\/wp-content\/uploads\/2023\/05\/800_63b563842e0e0.webp?fit=800%2C533&ssl=1&resize=350%2C200 1x, https:\/\/i0.wp.com\/www.jazzzeitung.de\/cms\/wp-content\/uploads\/2023\/05\/800_63b563842e0e0.webp?fit=800%2C533&ssl=1&resize=525%2C300 1.5x, https:\/\/i0.wp.com\/www.jazzzeitung.de\/cms\/wp-content\/uploads\/2023\/05\/800_63b563842e0e0.webp?fit=800%2C533&ssl=1&resize=700%2C400 2x"},"classes":[]},{"id":15226,"url":"https:\/\/www.jazzzeitung.de\/cms\/2018\/03\/cd-rezension-joachim-kuehn-new-trio-love-peace\/","url_meta":{"origin":8285,"position":1},"title":"CD-Rezension: Joachim K\u00fchn New Trio \u2013 Love &#038; Peace","author":"Michael Scheiner","date":"8. M\u00e4rz 2018","format":false,"excerpt":"\u201eLove & Peace\u201c, das liest sich wie Hippietum und Happening oder steht f\u00fcr esoterische Erleuchtungsrituale. Zutaten also, die bei vielen Menschen \u00a0Abwehr- oder gar Fluchtreaktionen auszul\u00f6sen imstande sind. \u201eLove & Peace\u201c steht aber auch f\u00fcr das Festival auf Fehmarn, bei dem Jimi Hendrix seinen letzten Festivalauftritt hatte, und ist \u2013\u2026","rel":"","context":"In &quot;News&quot;","block_context":{"text":"News","link":"https:\/\/www.jazzzeitung.de\/cms\/thema\/nachrichten\/"},"img":{"alt_text":"","src":"https:\/\/i0.wp.com\/www.jazzzeitung.de\/cms\/wp-content\/uploads\/2018\/03\/Cover_Ku%C2%A8hnNewTrio_ACT9861-2-1.jpg?fit=1200%2C771&ssl=1&resize=350%2C200","width":350,"height":200,"srcset":"https:\/\/i0.wp.com\/www.jazzzeitung.de\/cms\/wp-content\/uploads\/2018\/03\/Cover_Ku%C2%A8hnNewTrio_ACT9861-2-1.jpg?fit=1200%2C771&ssl=1&resize=350%2C200 1x, https:\/\/i0.wp.com\/www.jazzzeitung.de\/cms\/wp-content\/uploads\/2018\/03\/Cover_Ku%C2%A8hnNewTrio_ACT9861-2-1.jpg?fit=1200%2C771&ssl=1&resize=525%2C300 1.5x, https:\/\/i0.wp.com\/www.jazzzeitung.de\/cms\/wp-content\/uploads\/2018\/03\/Cover_Ku%C2%A8hnNewTrio_ACT9861-2-1.jpg?fit=1200%2C771&ssl=1&resize=700%2C400 2x, https:\/\/i0.wp.com\/www.jazzzeitung.de\/cms\/wp-content\/uploads\/2018\/03\/Cover_Ku%C2%A8hnNewTrio_ACT9861-2-1.jpg?fit=1200%2C771&ssl=1&resize=1050%2C600 3x"},"classes":[]},{"id":15632,"url":"https:\/\/www.jazzzeitung.de\/cms\/2018\/04\/cd-rezension-amy-denio-the-big-embrace\/","url_meta":{"origin":8285,"position":2},"title":"CD-Rezension: Amy Denio &#8211; The Big Embrace","author":"Redaktion JazzZeitung","date":"14. April 2018","format":false,"excerpt":"Verk\u00fcrzt auf das einpr\u00e4gsame \u201eTiptons\u201c tourt die in Seattle ans\u00e4ssige Saxofonistin Amy Denio seit \u00fcber drei Jahrzehnten mit dem \u201eThe Billy Tipton Memorial Saxophone Quartet\u201c durch die Jazzclubs dieser Welt. Eine gute Basis f\u00fcr seinen kr\u00e4ftig jazzhaltigen, genussvollen Cocktail aus Latin, Balkanbeats, Brasilian, Blues und diversen anderen Einfl\u00fcssen hat das\u2026","rel":"","context":"In &quot;Rezension&quot;","block_context":{"text":"Rezension","link":"https:\/\/www.jazzzeitung.de\/cms\/thema\/rezension\/"},"img":{"alt_text":"","src":"https:\/\/i0.wp.com\/www.jazzzeitung.de\/cms\/wp-content\/uploads\/2018\/04\/51IDEpN90OL._SS500.jpg?fit=500%2C500&ssl=1&resize=350%2C200","width":350,"height":200},"classes":[]},{"id":24845,"url":"https:\/\/www.jazzzeitung.de\/cms\/2021\/05\/lodernder-fusionsound-trio-hovercraft-mit-midwife-crisis\/","url_meta":{"origin":8285,"position":3},"title":"Lodernder Fusionsound\u00a0&#8211; Trio Hovercraft mit &#8222;Midwife Crisis&#8220;","author":"Michael Scheiner","date":"20. Mai 2021","format":false,"excerpt":"Bekommt jetzt auch die Jazzszene ihr -ismus-Skand\u00e4lchen? Beim Titel \u201eMidwife Crisis\u201c des Trios Hovercraft um den israelischen Saxophonisten Omri Abramov k\u00f6nnte die pc-Gemeinde immerhin auf die Idee kommen, eine verd\u00e4chtige Portion Sexismus dahinter zu erkennen. Wer es bei der Musik belassen will, wird auf dem ersten Album der Band mit\u2026","rel":"","context":"In &quot;Rezension&quot;","block_context":{"text":"Rezension","link":"https:\/\/www.jazzzeitung.de\/cms\/thema\/rezension\/"},"img":{"alt_text":"","src":"https:\/\/i0.wp.com\/www.jazzzeitung.de\/cms\/wp-content\/uploads\/2021\/05\/HOVERCRAFT.jpeg?fit=1200%2C855&ssl=1&resize=350%2C200","width":350,"height":200,"srcset":"https:\/\/i0.wp.com\/www.jazzzeitung.de\/cms\/wp-content\/uploads\/2021\/05\/HOVERCRAFT.jpeg?fit=1200%2C855&ssl=1&resize=350%2C200 1x, https:\/\/i0.wp.com\/www.jazzzeitung.de\/cms\/wp-content\/uploads\/2021\/05\/HOVERCRAFT.jpeg?fit=1200%2C855&ssl=1&resize=525%2C300 1.5x, https:\/\/i0.wp.com\/www.jazzzeitung.de\/cms\/wp-content\/uploads\/2021\/05\/HOVERCRAFT.jpeg?fit=1200%2C855&ssl=1&resize=700%2C400 2x, https:\/\/i0.wp.com\/www.jazzzeitung.de\/cms\/wp-content\/uploads\/2021\/05\/HOVERCRAFT.jpeg?fit=1200%2C855&ssl=1&resize=1050%2C600 3x"},"classes":[]},{"id":26499,"url":"https:\/\/www.jazzzeitung.de\/cms\/2022\/01\/die-ag-der-fiependen-maeuse-neue-cd-von-gabriele-hasler\/","url_meta":{"origin":8285,"position":4},"title":"Die AG der fiependen M\u00e4use\u00a0&#8211; neue CD von Gabriele Hasler","author":"Redaktion JazzZeitung","date":"11. Januar 2022","format":false,"excerpt":"Im Jazzfach steckt sie manchmal immer noch. Fr\u00fcher hat Gabriele Hasler \u201eGod Is A She\u201c gesungen und wurde von gestandenen Jazzern wie Bog Degen, Manfred Br\u00fcndl und ihrem damaligen Partner, dem Modern-Jazz-Schlagzeuger J\u00f6rn Schipper begleitet. Von Album zu Album hat sich die aus Hessen stammende Komponistin und Stimmk\u00fcnstlerin jedoch weiter\u2026","rel":"","context":"In &quot;Rezension&quot;","block_context":{"text":"Rezension","link":"https:\/\/www.jazzzeitung.de\/cms\/thema\/rezension\/"},"img":{"alt_text":"","src":"https:\/\/i0.wp.com\/www.jazzzeitung.de\/cms\/wp-content\/uploads\/2022\/01\/G.Hasler-Foto-2-Annett-Melzer-940x610-1.jpeg?fit=940%2C610&ssl=1&resize=350%2C200","width":350,"height":200,"srcset":"https:\/\/i0.wp.com\/www.jazzzeitung.de\/cms\/wp-content\/uploads\/2022\/01\/G.Hasler-Foto-2-Annett-Melzer-940x610-1.jpeg?fit=940%2C610&ssl=1&resize=350%2C200 1x, https:\/\/i0.wp.com\/www.jazzzeitung.de\/cms\/wp-content\/uploads\/2022\/01\/G.Hasler-Foto-2-Annett-Melzer-940x610-1.jpeg?fit=940%2C610&ssl=1&resize=525%2C300 1.5x, https:\/\/i0.wp.com\/www.jazzzeitung.de\/cms\/wp-content\/uploads\/2022\/01\/G.Hasler-Foto-2-Annett-Melzer-940x610-1.jpeg?fit=940%2C610&ssl=1&resize=700%2C400 2x"},"classes":[]},{"id":32359,"url":"https:\/\/www.jazzzeitung.de\/cms\/2025\/03\/achim-kaufmann-kalle-kalima-cd-ilmonique\/","url_meta":{"origin":8285,"position":5},"title":"Achim Kaufmann &#038; Kalle Kalima\u00a0 &#8211; CD Ilmonique","author":"Redaktion JazzZeitung","date":"25. M\u00e4rz 2025","format":false,"excerpt":"Von Michael Scheiner.\u00a0Wer Kalle Kalima als Gitarrist von diversen Bands und Projekten her kennt, wei\u00df, da fliegen einem h\u00e4ufig rockige Sounds und schrille Heuler um die Ohren. Von der E-Gitarre nat\u00fcrlich. Etwas anderes w\u00fcrde man von einem finnischen Musiker, der unter anderem bei Raoul Bj\u00f6rkenheim studiert hat, kaum erwarten. Kalimas\u2026","rel":"","context":"In &quot;Rezension&quot;","block_context":{"text":"Rezension","link":"https:\/\/www.jazzzeitung.de\/cms\/thema\/rezension\/"},"img":{"alt_text":"","src":"https:\/\/i0.wp.com\/www.jazzzeitung.de\/cms\/wp-content\/uploads\/2025\/03\/Kalima-Kalle_21.jpg?fit=1200%2C825&ssl=1&resize=350%2C200","width":350,"height":200,"srcset":"https:\/\/i0.wp.com\/www.jazzzeitung.de\/cms\/wp-content\/uploads\/2025\/03\/Kalima-Kalle_21.jpg?fit=1200%2C825&ssl=1&resize=350%2C200 1x, https:\/\/i0.wp.com\/www.jazzzeitung.de\/cms\/wp-content\/uploads\/2025\/03\/Kalima-Kalle_21.jpg?fit=1200%2C825&ssl=1&resize=525%2C300 1.5x, https:\/\/i0.wp.com\/www.jazzzeitung.de\/cms\/wp-content\/uploads\/2025\/03\/Kalima-Kalle_21.jpg?fit=1200%2C825&ssl=1&resize=700%2C400 2x, https:\/\/i0.wp.com\/www.jazzzeitung.de\/cms\/wp-content\/uploads\/2025\/03\/Kalima-Kalle_21.jpg?fit=1200%2C825&ssl=1&resize=1050%2C600 3x"},"classes":[]}],"jetpack_sharing_enabled":true,"_links":{"self":[{"href":"https:\/\/www.jazzzeitung.de\/cms\/wp-json\/wp\/v2\/posts\/8285","targetHints":{"allow":["GET"]}}],"collection":[{"href":"https:\/\/www.jazzzeitung.de\/cms\/wp-json\/wp\/v2\/posts"}],"about":[{"href":"https:\/\/www.jazzzeitung.de\/cms\/wp-json\/wp\/v2\/types\/post"}],"author":[{"embeddable":true,"href":"https:\/\/www.jazzzeitung.de\/cms\/wp-json\/wp\/v2\/users\/18"}],"replies":[{"embeddable":true,"href":"https:\/\/www.jazzzeitung.de\/cms\/wp-json\/wp\/v2\/comments?post=8285"}],"version-history":[{"count":1,"href":"https:\/\/www.jazzzeitung.de\/cms\/wp-json\/wp\/v2\/posts\/8285\/revisions"}],"predecessor-version":[{"id":8287,"href":"https:\/\/www.jazzzeitung.de\/cms\/wp-json\/wp\/v2\/posts\/8285\/revisions\/8287"}],"wp:attachment":[{"href":"https:\/\/www.jazzzeitung.de\/cms\/wp-json\/wp\/v2\/media?parent=8285"}],"wp:term":[{"taxonomy":"category","embeddable":true,"href":"https:\/\/www.jazzzeitung.de\/cms\/wp-json\/wp\/v2\/categories?post=8285"},{"taxonomy":"post_tag","embeddable":true,"href":"https:\/\/www.jazzzeitung.de\/cms\/wp-json\/wp\/v2\/tags?post=8285"},{"taxonomy":"author","embeddable":true,"href":"https:\/\/www.jazzzeitung.de\/cms\/wp-json\/wp\/v2\/coauthors?post=8285"}],"curies":[{"name":"wp","href":"https:\/\/api.w.org\/{rel}","templated":true}]}}