{"id":8268,"date":"2016-02-02T17:00:37","date_gmt":"2016-02-02T16:00:37","guid":{"rendered":"http:\/\/www.jazzzeitung.de\/cms\/?p=8268"},"modified":"2016-02-02T17:18:45","modified_gmt":"2016-02-02T16:18:45","slug":"kw-4-mehr-jazz-geht-kaum","status":"publish","type":"post","link":"https:\/\/www.jazzzeitung.de\/cms\/2016\/02\/kw-4-mehr-jazz-geht-kaum\/","title":{"rendered":"Kalenderwoche 4 &#8211; Mehr Jazz geht kaum"},"content":{"rendered":"<div class=\"tiled-gallery type-rectangular tiled-gallery-unresized\" data-original-width=\"840\" data-carousel-extra='{&quot;blog_id&quot;:1,&quot;permalink&quot;:&quot;https:\\\/\\\/www.jazzzeitung.de\\\/cms\\\/2016\\\/02\\\/kw-4-mehr-jazz-geht-kaum\\\/&quot;,&quot;likes_blog_id&quot;:55446655}' itemscope itemtype=\"http:\/\/schema.org\/ImageGallery\" > <div class=\"gallery-row\" style=\"width: 840px; height: 388px;\" data-original-width=\"840\" data-original-height=\"388\" > <div class=\"gallery-group images-1\" style=\"width: 580px; height: 388px;\" data-original-width=\"580\" data-original-height=\"388\" > <div class=\"tiled-gallery-item tiled-gallery-item-large\" itemprop=\"associatedMedia\" itemscope itemtype=\"http:\/\/schema.org\/ImageObject\"> <a href=\"https:\/\/www.jazzzeitung.de\/cms\/2016\/02\/kw-4-mehr-jazz-geht-kaum\/jazzmeia-horn-quartet-unterfahrt-muenchen-foto-ralf-dombrowski-4\/\" border=\"0\" itemprop=\"url\"> <meta itemprop=\"width\" content=\"576\"> <meta itemprop=\"height\" content=\"384\"> <img decoding=\"async\" class=\"\" data-attachment-id=\"8311\" data-orig-file=\"https:\/\/www.jazzzeitung.de\/cms\/wp-content\/uploads\/2016\/02\/0K3A5561-Derschmidt-Horn-dombr.jpg\" data-orig-size=\"1280,853\" data-comments-opened=\"1\" data-image-meta=\"{&quot;aperture&quot;:&quot;5.6&quot;,&quot;credit&quot;:&quot;&quot;,&quot;camera&quot;:&quot;Canon EOS 5D Mark III&quot;,&quot;caption&quot;:&quot;Jazzmeia Horn Quartet, Unterfahrt M\\u00fcnchen, Foto Ralf Dombrowski&quot;,&quot;created_timestamp&quot;:&quot;1454107837&quot;,&quot;copyright&quot;:&quot;&quot;,&quot;focal_length&quot;:&quot;113&quot;,&quot;iso&quot;:&quot;6400&quot;,&quot;shutter_speed&quot;:&quot;0.008&quot;,&quot;title&quot;:&quot;Jazzmeia Horn Quartet, Unterfahrt M\\u00fcnchen, Foto Ralf Dombrowski&quot;,&quot;orientation&quot;:&quot;1&quot;}\" data-image-title=\"Jazzmeia Horn Quartet, Unterfahrt M\u00fcnchen, Foto Ralf Dombrowski\" data-image-description=\"\" data-medium-file=\"https:\/\/i0.wp.com\/www.jazzzeitung.de\/cms\/wp-content\/uploads\/2016\/02\/0K3A5561-Derschmidt-Horn-dombr.jpg?fit=300%2C200&#038;ssl=1\" data-large-file=\"https:\/\/i0.wp.com\/www.jazzzeitung.de\/cms\/wp-content\/uploads\/2016\/02\/0K3A5561-Derschmidt-Horn-dombr.jpg?fit=840%2C560&#038;ssl=1\" src=\"https:\/\/i0.wp.com\/www.jazzzeitung.de\/cms\/wp-content\/uploads\/2016\/02\/0K3A5561-Derschmidt-Horn-dombr.jpg?w=576&#038;h=384&#038;ssl=1\" srcset=\"https:\/\/i0.wp.com\/www.jazzzeitung.de\/cms\/wp-content\/uploads\/2016\/02\/0K3A5561-Derschmidt-Horn-dombr.jpg?w=1280&amp;ssl=1 1280w, https:\/\/i0.wp.com\/www.jazzzeitung.de\/cms\/wp-content\/uploads\/2016\/02\/0K3A5561-Derschmidt-Horn-dombr.jpg?resize=300%2C200&amp;ssl=1 300w, https:\/\/i0.wp.com\/www.jazzzeitung.de\/cms\/wp-content\/uploads\/2016\/02\/0K3A5561-Derschmidt-Horn-dombr.jpg?resize=768%2C512&amp;ssl=1 768w, https:\/\/i0.wp.com\/www.jazzzeitung.de\/cms\/wp-content\/uploads\/2016\/02\/0K3A5561-Derschmidt-Horn-dombr.jpg?resize=900%2C600&amp;ssl=1 900w\" width=\"576\" height=\"384\" loading=\"lazy\" data-original-width=\"576\" data-original-height=\"384\" itemprop=\"http:\/\/schema.org\/image\" title=\"Jazzmeia Horn Quartet, Unterfahrt M\u00fcnchen, Foto Ralf Dombrowski\" alt=\"Jazzmeia Horn Quartet in der M\u00fcnchner Unterfahrt\" style=\"width: 576px; height: 384px;\" \/> <\/a> <div class=\"tiled-gallery-caption\" itemprop=\"caption description\"> Jazzmeia Horn Quartet in der M\u00fcnchner Unterfahrt <\/div> <\/div> <\/div> <!-- close group --> <div class=\"gallery-group images-1\" style=\"width: 260px; height: 388px;\" data-original-width=\"260\" data-original-height=\"388\" > <div class=\"tiled-gallery-item tiled-gallery-item-large\" itemprop=\"associatedMedia\" itemscope itemtype=\"http:\/\/schema.org\/ImageObject\"> <a href=\"https:\/\/www.jazzzeitung.de\/cms\/2016\/02\/kw-4-mehr-jazz-geht-kaum\/jazzmeia-horn-quartet-unterfahrt-muenchen-foto-ralf-dombrowski-5\/\" border=\"0\" itemprop=\"url\"> <meta itemprop=\"width\" content=\"256\"> <meta itemprop=\"height\" content=\"384\"> <img decoding=\"async\" class=\"\" data-attachment-id=\"8312\" data-orig-file=\"https:\/\/www.jazzzeitung.de\/cms\/wp-content\/uploads\/2016\/02\/0K3A5608-Carlton-Holmes-dombr.jpg\" data-orig-size=\"853,1280\" data-comments-opened=\"1\" data-image-meta=\"{&quot;aperture&quot;:&quot;4&quot;,&quot;credit&quot;:&quot;&quot;,&quot;camera&quot;:&quot;Canon EOS 5D Mark III&quot;,&quot;caption&quot;:&quot;Jazzmeia Horn Quartet, Unterfahrt M\\u00fcnchen, Foto Ralf Dombrowski&quot;,&quot;created_timestamp&quot;:&quot;1454108147&quot;,&quot;copyright&quot;:&quot;&quot;,&quot;focal_length&quot;:&quot;159&quot;,&quot;iso&quot;:&quot;6400&quot;,&quot;shutter_speed&quot;:&quot;0.00625&quot;,&quot;title&quot;:&quot;Jazzmeia Horn Quartet, Unterfahrt M\\u00fcnchen, Foto Ralf Dombrowski&quot;,&quot;orientation&quot;:&quot;1&quot;}\" data-image-title=\"Jazzmeia Horn Quartet, Unterfahrt M\u00fcnchen, Foto Ralf Dombrowski\" data-image-description=\"\" data-medium-file=\"https:\/\/i0.wp.com\/www.jazzzeitung.de\/cms\/wp-content\/uploads\/2016\/02\/0K3A5608-Carlton-Holmes-dombr.jpg?fit=200%2C300&#038;ssl=1\" data-large-file=\"https:\/\/i0.wp.com\/www.jazzzeitung.de\/cms\/wp-content\/uploads\/2016\/02\/0K3A5608-Carlton-Holmes-dombr.jpg?fit=400%2C600&#038;ssl=1\" src=\"https:\/\/i0.wp.com\/www.jazzzeitung.de\/cms\/wp-content\/uploads\/2016\/02\/0K3A5608-Carlton-Holmes-dombr.jpg?w=256&#038;h=384&#038;ssl=1\" srcset=\"https:\/\/i0.wp.com\/www.jazzzeitung.de\/cms\/wp-content\/uploads\/2016\/02\/0K3A5608-Carlton-Holmes-dombr.jpg?w=853&amp;ssl=1 853w, https:\/\/i0.wp.com\/www.jazzzeitung.de\/cms\/wp-content\/uploads\/2016\/02\/0K3A5608-Carlton-Holmes-dombr.jpg?resize=200%2C300&amp;ssl=1 200w, https:\/\/i0.wp.com\/www.jazzzeitung.de\/cms\/wp-content\/uploads\/2016\/02\/0K3A5608-Carlton-Holmes-dombr.jpg?resize=768%2C1152&amp;ssl=1 768w, https:\/\/i0.wp.com\/www.jazzzeitung.de\/cms\/wp-content\/uploads\/2016\/02\/0K3A5608-Carlton-Holmes-dombr.jpg?resize=400%2C600&amp;ssl=1 400w\" width=\"256\" height=\"384\" loading=\"lazy\" data-original-width=\"256\" data-original-height=\"384\" itemprop=\"http:\/\/schema.org\/image\" title=\"Jazzmeia Horn Quartet, Unterfahrt M\u00fcnchen, Foto Ralf Dombrowski\" alt=\"Carlton Holmes\" style=\"width: 256px; height: 384px;\" \/> <\/a> <div class=\"tiled-gallery-caption\" itemprop=\"caption description\"> Carlton Holmes <\/div> <\/div> <\/div> <!-- close group --> <\/div> <!-- close row --> <div class=\"gallery-row\" style=\"width: 840px; height: 375px;\" data-original-width=\"840\" data-original-height=\"375\" > <div class=\"gallery-group images-2\" style=\"width: 276px; height: 375px;\" data-original-width=\"276\" data-original-height=\"375\" > <div class=\"tiled-gallery-item tiled-gallery-item-large\" itemprop=\"associatedMedia\" itemscope itemtype=\"http:\/\/schema.org\/ImageObject\"> <a href=\"https:\/\/www.jazzzeitung.de\/cms\/2016\/02\/kw-4-mehr-jazz-geht-kaum\/jazzmeia-horn-quartet-unterfahrt-muenchen-foto-ralf-dombrowski-2\/\" border=\"0\" itemprop=\"url\"> <meta itemprop=\"width\" content=\"272\"> <meta itemprop=\"height\" content=\"181\"> <img decoding=\"async\" class=\"\" data-attachment-id=\"8309\" data-orig-file=\"https:\/\/www.jazzzeitung.de\/cms\/wp-content\/uploads\/2016\/02\/0K3A5490-Novakov-Horn-dombr.jpg\" data-orig-size=\"1280,849\" data-comments-opened=\"1\" data-image-meta=\"{&quot;aperture&quot;:&quot;4&quot;,&quot;credit&quot;:&quot;&quot;,&quot;camera&quot;:&quot;Canon EOS 5D Mark III&quot;,&quot;caption&quot;:&quot;Jazzmeia Horn Quartet, Unterfahrt M\\u00fcnchen, Foto Ralf Dombrowski&quot;,&quot;created_timestamp&quot;:&quot;1454104733&quot;,&quot;copyright&quot;:&quot;&quot;,&quot;focal_length&quot;:&quot;70&quot;,&quot;iso&quot;:&quot;6400&quot;,&quot;shutter_speed&quot;:&quot;0.004&quot;,&quot;title&quot;:&quot;Jazzmeia Horn Quartet, Unterfahrt M\\u00fcnchen, Foto Ralf Dombrowski&quot;,&quot;orientation&quot;:&quot;1&quot;}\" data-image-title=\"Jazzmeia Horn Quartet, Unterfahrt M\u00fcnchen, Foto Ralf Dombrowski\" data-image-description=\"\" data-medium-file=\"https:\/\/i0.wp.com\/www.jazzzeitung.de\/cms\/wp-content\/uploads\/2016\/02\/0K3A5490-Novakov-Horn-dombr.jpg?fit=300%2C199&#038;ssl=1\" data-large-file=\"https:\/\/i0.wp.com\/www.jazzzeitung.de\/cms\/wp-content\/uploads\/2016\/02\/0K3A5490-Novakov-Horn-dombr.jpg?fit=840%2C557&#038;ssl=1\" src=\"https:\/\/i0.wp.com\/www.jazzzeitung.de\/cms\/wp-content\/uploads\/2016\/02\/0K3A5490-Novakov-Horn-dombr.jpg?w=272&#038;h=181&#038;ssl=1\" srcset=\"https:\/\/i0.wp.com\/www.jazzzeitung.de\/cms\/wp-content\/uploads\/2016\/02\/0K3A5490-Novakov-Horn-dombr.jpg?w=1280&amp;ssl=1 1280w, https:\/\/i0.wp.com\/www.jazzzeitung.de\/cms\/wp-content\/uploads\/2016\/02\/0K3A5490-Novakov-Horn-dombr.jpg?resize=300%2C199&amp;ssl=1 300w, https:\/\/i0.wp.com\/www.jazzzeitung.de\/cms\/wp-content\/uploads\/2016\/02\/0K3A5490-Novakov-Horn-dombr.jpg?resize=768%2C509&amp;ssl=1 768w, https:\/\/i0.wp.com\/www.jazzzeitung.de\/cms\/wp-content\/uploads\/2016\/02\/0K3A5490-Novakov-Horn-dombr.jpg?resize=900%2C597&amp;ssl=1 900w\" width=\"272\" height=\"181\" loading=\"lazy\" data-original-width=\"272\" data-original-height=\"181\" itemprop=\"http:\/\/schema.org\/image\" title=\"Jazzmeia Horn Quartet, Unterfahrt M\u00fcnchen, Foto Ralf Dombrowski\" alt=\"Dusan Novakov\" style=\"width: 272px; height: 181px;\" \/> <\/a> <div class=\"tiled-gallery-caption\" itemprop=\"caption description\"> Dusan Novakov <\/div> <\/div> <div class=\"tiled-gallery-item tiled-gallery-item-large\" itemprop=\"associatedMedia\" itemscope itemtype=\"http:\/\/schema.org\/ImageObject\"> <a href=\"https:\/\/www.jazzzeitung.de\/cms\/2016\/02\/kw-4-mehr-jazz-geht-kaum\/jazzmeia-horn-quartet-unterfahrt-muenchen-foto-ralf-dombrowski-6\/\" border=\"0\" itemprop=\"url\"> <meta itemprop=\"width\" content=\"272\"> <meta itemprop=\"height\" content=\"186\"> <img decoding=\"async\" class=\"\" data-attachment-id=\"8313\" data-orig-file=\"https:\/\/www.jazzzeitung.de\/cms\/wp-content\/uploads\/2016\/02\/0K3A5646-Wolfram-Derschmidt-dombr.jpg\" data-orig-size=\"1280,877\" data-comments-opened=\"1\" data-image-meta=\"{&quot;aperture&quot;:&quot;4&quot;,&quot;credit&quot;:&quot;&quot;,&quot;camera&quot;:&quot;Canon EOS 5D Mark III&quot;,&quot;caption&quot;:&quot;Jazzmeia Horn Quartet, Unterfahrt M\\u00fcnchen, Foto Ralf Dombrowski&quot;,&quot;created_timestamp&quot;:&quot;1454109252&quot;,&quot;copyright&quot;:&quot;&quot;,&quot;focal_length&quot;:&quot;180&quot;,&quot;iso&quot;:&quot;10000&quot;,&quot;shutter_speed&quot;:&quot;0.008&quot;,&quot;title&quot;:&quot;Jazzmeia Horn Quartet, Unterfahrt M\\u00fcnchen, Foto Ralf Dombrowski&quot;,&quot;orientation&quot;:&quot;1&quot;}\" data-image-title=\"Jazzmeia Horn Quartet, Unterfahrt M\u00fcnchen, Foto Ralf Dombrowski\" data-image-description=\"\" data-medium-file=\"https:\/\/i0.wp.com\/www.jazzzeitung.de\/cms\/wp-content\/uploads\/2016\/02\/0K3A5646-Wolfram-Derschmidt-dombr.jpg?fit=300%2C206&#038;ssl=1\" data-large-file=\"https:\/\/i0.wp.com\/www.jazzzeitung.de\/cms\/wp-content\/uploads\/2016\/02\/0K3A5646-Wolfram-Derschmidt-dombr.jpg?fit=840%2C575&#038;ssl=1\" src=\"https:\/\/i0.wp.com\/www.jazzzeitung.de\/cms\/wp-content\/uploads\/2016\/02\/0K3A5646-Wolfram-Derschmidt-dombr.jpg?w=272&#038;h=186&#038;ssl=1\" srcset=\"https:\/\/i0.wp.com\/www.jazzzeitung.de\/cms\/wp-content\/uploads\/2016\/02\/0K3A5646-Wolfram-Derschmidt-dombr.jpg?w=1280&amp;ssl=1 1280w, https:\/\/i0.wp.com\/www.jazzzeitung.de\/cms\/wp-content\/uploads\/2016\/02\/0K3A5646-Wolfram-Derschmidt-dombr.jpg?resize=300%2C206&amp;ssl=1 300w, https:\/\/i0.wp.com\/www.jazzzeitung.de\/cms\/wp-content\/uploads\/2016\/02\/0K3A5646-Wolfram-Derschmidt-dombr.jpg?resize=768%2C526&amp;ssl=1 768w, https:\/\/i0.wp.com\/www.jazzzeitung.de\/cms\/wp-content\/uploads\/2016\/02\/0K3A5646-Wolfram-Derschmidt-dombr.jpg?resize=876%2C600&amp;ssl=1 876w, https:\/\/i0.wp.com\/www.jazzzeitung.de\/cms\/wp-content\/uploads\/2016\/02\/0K3A5646-Wolfram-Derschmidt-dombr.jpg?resize=900%2C617&amp;ssl=1 900w\" width=\"272\" height=\"186\" loading=\"lazy\" data-original-width=\"272\" data-original-height=\"186\" itemprop=\"http:\/\/schema.org\/image\" title=\"Jazzmeia Horn Quartet, Unterfahrt M\u00fcnchen, Foto Ralf Dombrowski\" alt=\"Wolfram Derschmidt\" style=\"width: 272px; height: 186px;\" \/> <\/a> <div class=\"tiled-gallery-caption\" itemprop=\"caption description\"> Wolfram Derschmidt <\/div> <\/div> <\/div> <!-- close group --> <div class=\"gallery-group images-1\" style=\"width: 283px; height: 375px;\" data-original-width=\"283\" data-original-height=\"375\" > <div class=\"tiled-gallery-item tiled-gallery-item-large\" itemprop=\"associatedMedia\" itemscope itemtype=\"http:\/\/schema.org\/ImageObject\"> <a href=\"https:\/\/www.jazzzeitung.de\/cms\/2016\/02\/kw-4-mehr-jazz-geht-kaum\/jazzmeia-horn-quartet-unterfahrt-muenchen-foto-ralf-dombrowski-3\/\" border=\"0\" itemprop=\"url\"> <meta itemprop=\"width\" content=\"279\"> <meta itemprop=\"height\" content=\"371\"> <img decoding=\"async\" class=\"\" data-attachment-id=\"8310\" data-orig-file=\"https:\/\/www.jazzzeitung.de\/cms\/wp-content\/uploads\/2016\/02\/0K3A5524-Horn-dombr-1.jpg\" data-orig-size=\"960,1280\" data-comments-opened=\"1\" data-image-meta=\"{&quot;aperture&quot;:&quot;5.6&quot;,&quot;credit&quot;:&quot;&quot;,&quot;camera&quot;:&quot;Canon EOS 5D Mark III&quot;,&quot;caption&quot;:&quot;Jazzmeia Horn Quartet, Unterfahrt M\\u00fcnchen, Foto Ralf Dombrowski&quot;,&quot;created_timestamp&quot;:&quot;1454104970&quot;,&quot;copyright&quot;:&quot;&quot;,&quot;focal_length&quot;:&quot;87&quot;,&quot;iso&quot;:&quot;6400&quot;,&quot;shutter_speed&quot;:&quot;0.003125&quot;,&quot;title&quot;:&quot;Jazzmeia Horn Quartet, Unterfahrt M\\u00fcnchen, Foto Ralf Dombrowski&quot;,&quot;orientation&quot;:&quot;1&quot;}\" data-image-title=\"Jazzmeia Horn Quartet, Unterfahrt M\u00fcnchen, Foto Ralf Dombrowski\" data-image-description=\"\" data-medium-file=\"https:\/\/i0.wp.com\/www.jazzzeitung.de\/cms\/wp-content\/uploads\/2016\/02\/0K3A5524-Horn-dombr-1.jpg?fit=225%2C300&#038;ssl=1\" data-large-file=\"https:\/\/i0.wp.com\/www.jazzzeitung.de\/cms\/wp-content\/uploads\/2016\/02\/0K3A5524-Horn-dombr-1.jpg?fit=450%2C600&#038;ssl=1\" src=\"https:\/\/i0.wp.com\/www.jazzzeitung.de\/cms\/wp-content\/uploads\/2016\/02\/0K3A5524-Horn-dombr-1.jpg?w=279&#038;h=371&#038;ssl=1\" srcset=\"https:\/\/i0.wp.com\/www.jazzzeitung.de\/cms\/wp-content\/uploads\/2016\/02\/0K3A5524-Horn-dombr-1.jpg?w=960&amp;ssl=1 960w, https:\/\/i0.wp.com\/www.jazzzeitung.de\/cms\/wp-content\/uploads\/2016\/02\/0K3A5524-Horn-dombr-1.jpg?resize=225%2C300&amp;ssl=1 225w, https:\/\/i0.wp.com\/www.jazzzeitung.de\/cms\/wp-content\/uploads\/2016\/02\/0K3A5524-Horn-dombr-1.jpg?resize=768%2C1024&amp;ssl=1 768w, https:\/\/i0.wp.com\/www.jazzzeitung.de\/cms\/wp-content\/uploads\/2016\/02\/0K3A5524-Horn-dombr-1.jpg?resize=450%2C600&amp;ssl=1 450w, https:\/\/i0.wp.com\/www.jazzzeitung.de\/cms\/wp-content\/uploads\/2016\/02\/0K3A5524-Horn-dombr-1.jpg?resize=900%2C1200&amp;ssl=1 900w\" width=\"279\" height=\"371\" loading=\"lazy\" data-original-width=\"279\" data-original-height=\"371\" itemprop=\"http:\/\/schema.org\/image\" title=\"Jazzmeia Horn Quartet, Unterfahrt M\u00fcnchen, Foto Ralf Dombrowski\" alt=\"Jazzmeia Horn\" style=\"width: 279px; height: 371px;\" \/> <\/a> <div class=\"tiled-gallery-caption\" itemprop=\"caption description\"> Jazzmeia Horn <\/div> <\/div> <\/div> <!-- close group --> <div class=\"gallery-group images-2\" style=\"width: 281px; height: 375px;\" data-original-width=\"281\" data-original-height=\"375\" > <div class=\"tiled-gallery-item tiled-gallery-item-large\" itemprop=\"associatedMedia\" itemscope itemtype=\"http:\/\/schema.org\/ImageObject\"> <a href=\"https:\/\/www.jazzzeitung.de\/cms\/2016\/02\/kw-4-mehr-jazz-geht-kaum\/0k3a5183-james-carter-trio-dombr\/\" border=\"0\" itemprop=\"url\"> <meta itemprop=\"width\" content=\"277\"> <meta itemprop=\"height\" content=\"185\"> <img decoding=\"async\" class=\"\" data-attachment-id=\"8306\" data-orig-file=\"https:\/\/www.jazzzeitung.de\/cms\/wp-content\/uploads\/2016\/02\/0K3A5183-James-Carter-Trio-dombr.jpg\" data-orig-size=\"1280,853\" data-comments-opened=\"1\" data-image-meta=\"{&quot;aperture&quot;:&quot;4&quot;,&quot;credit&quot;:&quot;&quot;,&quot;camera&quot;:&quot;Canon EOS 5D Mark III&quot;,&quot;caption&quot;:&quot;James Carter, Gerard Gibbs, Alex White, Unterfahrt M\\u00fcnchen, Foto Ralf Dombrowski&quot;,&quot;created_timestamp&quot;:&quot;1453938905&quot;,&quot;copyright&quot;:&quot;&quot;,&quot;focal_length&quot;:&quot;35&quot;,&quot;iso&quot;:&quot;12800&quot;,&quot;shutter_speed&quot;:&quot;0.0025&quot;,&quot;title&quot;:&quot;&quot;,&quot;orientation&quot;:&quot;1&quot;}\" data-image-title=\"0K3A5183, James Carter Trio (dombr)\" data-image-description=\"\" data-medium-file=\"https:\/\/i0.wp.com\/www.jazzzeitung.de\/cms\/wp-content\/uploads\/2016\/02\/0K3A5183-James-Carter-Trio-dombr.jpg?fit=300%2C200&#038;ssl=1\" data-large-file=\"https:\/\/i0.wp.com\/www.jazzzeitung.de\/cms\/wp-content\/uploads\/2016\/02\/0K3A5183-James-Carter-Trio-dombr.jpg?fit=840%2C560&#038;ssl=1\" src=\"https:\/\/i0.wp.com\/www.jazzzeitung.de\/cms\/wp-content\/uploads\/2016\/02\/0K3A5183-James-Carter-Trio-dombr.jpg?w=277&#038;h=185&#038;ssl=1\" srcset=\"https:\/\/i0.wp.com\/www.jazzzeitung.de\/cms\/wp-content\/uploads\/2016\/02\/0K3A5183-James-Carter-Trio-dombr.jpg?w=1280&amp;ssl=1 1280w, https:\/\/i0.wp.com\/www.jazzzeitung.de\/cms\/wp-content\/uploads\/2016\/02\/0K3A5183-James-Carter-Trio-dombr.jpg?resize=300%2C200&amp;ssl=1 300w, https:\/\/i0.wp.com\/www.jazzzeitung.de\/cms\/wp-content\/uploads\/2016\/02\/0K3A5183-James-Carter-Trio-dombr.jpg?resize=768%2C512&amp;ssl=1 768w, https:\/\/i0.wp.com\/www.jazzzeitung.de\/cms\/wp-content\/uploads\/2016\/02\/0K3A5183-James-Carter-Trio-dombr.jpg?resize=900%2C600&amp;ssl=1 900w\" width=\"277\" height=\"185\" loading=\"lazy\" data-original-width=\"277\" data-original-height=\"185\" itemprop=\"http:\/\/schema.org\/image\" title=\"0K3A5183, James Carter Trio (dombr)\" alt=\"James Carter Organ Trio in der M\u00fcnchner Unterfahrt\" style=\"width: 277px; height: 185px;\" \/> <\/a> <div class=\"tiled-gallery-caption\" itemprop=\"caption description\"> James Carter Organ Trio in der M\u00fcnchner Unterfahrt <\/div> <\/div> <div class=\"tiled-gallery-item tiled-gallery-item-large\" itemprop=\"associatedMedia\" itemscope itemtype=\"http:\/\/schema.org\/ImageObject\"> <a href=\"https:\/\/www.jazzzeitung.de\/cms\/2016\/02\/kw-4-mehr-jazz-geht-kaum\/0k3a4580-james-carter-dombr\/\" border=\"0\" itemprop=\"url\"> <meta itemprop=\"width\" content=\"277\"> <meta itemprop=\"height\" content=\"182\"> <img decoding=\"async\" class=\"\" data-attachment-id=\"8304\" data-orig-file=\"https:\/\/www.jazzzeitung.de\/cms\/wp-content\/uploads\/2016\/02\/0K3A4580-James-Carter-dombr.jpg\" data-orig-size=\"1280,843\" data-comments-opened=\"1\" data-image-meta=\"{&quot;aperture&quot;:&quot;4&quot;,&quot;credit&quot;:&quot;&quot;,&quot;camera&quot;:&quot;Canon EOS 5D Mark III&quot;,&quot;caption&quot;:&quot;James Carter, Gerard Gibbs, Alex White, Unterfahrt M\\u00fcnchen, Foto Ralf Dombrowski&quot;,&quot;created_timestamp&quot;:&quot;1453929809&quot;,&quot;copyright&quot;:&quot;&quot;,&quot;focal_length&quot;:&quot;73&quot;,&quot;iso&quot;:&quot;6400&quot;,&quot;shutter_speed&quot;:&quot;0.005&quot;,&quot;title&quot;:&quot;&quot;,&quot;orientation&quot;:&quot;1&quot;}\" data-image-title=\"0K3A4580, James Carter (dombr)\" data-image-description=\"\" data-medium-file=\"https:\/\/i0.wp.com\/www.jazzzeitung.de\/cms\/wp-content\/uploads\/2016\/02\/0K3A4580-James-Carter-dombr.jpg?fit=300%2C198&#038;ssl=1\" data-large-file=\"https:\/\/i0.wp.com\/www.jazzzeitung.de\/cms\/wp-content\/uploads\/2016\/02\/0K3A4580-James-Carter-dombr.jpg?fit=840%2C553&#038;ssl=1\" src=\"https:\/\/i0.wp.com\/www.jazzzeitung.de\/cms\/wp-content\/uploads\/2016\/02\/0K3A4580-James-Carter-dombr.jpg?w=277&#038;h=182&#038;ssl=1\" srcset=\"https:\/\/i0.wp.com\/www.jazzzeitung.de\/cms\/wp-content\/uploads\/2016\/02\/0K3A4580-James-Carter-dombr.jpg?w=1280&amp;ssl=1 1280w, https:\/\/i0.wp.com\/www.jazzzeitung.de\/cms\/wp-content\/uploads\/2016\/02\/0K3A4580-James-Carter-dombr.jpg?resize=300%2C198&amp;ssl=1 300w, https:\/\/i0.wp.com\/www.jazzzeitung.de\/cms\/wp-content\/uploads\/2016\/02\/0K3A4580-James-Carter-dombr.jpg?resize=768%2C506&amp;ssl=1 768w, https:\/\/i0.wp.com\/www.jazzzeitung.de\/cms\/wp-content\/uploads\/2016\/02\/0K3A4580-James-Carter-dombr.jpg?resize=900%2C593&amp;ssl=1 900w\" width=\"277\" height=\"182\" loading=\"lazy\" data-original-width=\"277\" data-original-height=\"182\" itemprop=\"http:\/\/schema.org\/image\" title=\"0K3A4580, James Carter (dombr)\" alt=\"James Carter mit seinem Trio: Gerard Gibbs (org) und Alex White (dr)\" style=\"width: 277px; height: 182px;\" \/> <\/a> <div class=\"tiled-gallery-caption\" itemprop=\"caption description\"> James Carter mit seinem Trio: Gerard Gibbs (org) und Alex White (dr) <\/div> <\/div> <\/div> <!-- close group --> <\/div> <!-- close row --> <div class=\"gallery-row\" style=\"width: 840px; height: 600px;\" data-original-width=\"840\" data-original-height=\"600\" > <div class=\"gallery-group images-2\" style=\"width: 425px; height: 600px;\" data-original-width=\"425\" data-original-height=\"600\" > <div class=\"tiled-gallery-item tiled-gallery-item-large\" itemprop=\"associatedMedia\" itemscope itemtype=\"http:\/\/schema.org\/ImageObject\"> <a href=\"https:\/\/www.jazzzeitung.de\/cms\/2016\/02\/kw-4-mehr-jazz-geht-kaum\/0k3a5184-gerard-gibbs-dombr\/\" border=\"0\" itemprop=\"url\"> <meta itemprop=\"width\" content=\"421\"> <meta itemprop=\"height\" content=\"293\"> <img decoding=\"async\" class=\"\" data-attachment-id=\"8307\" data-orig-file=\"https:\/\/www.jazzzeitung.de\/cms\/wp-content\/uploads\/2016\/02\/0K3A5184-Gerard-Gibbs-dombr.jpg\" data-orig-size=\"1280,891\" data-comments-opened=\"1\" data-image-meta=\"{&quot;aperture&quot;:&quot;4&quot;,&quot;credit&quot;:&quot;&quot;,&quot;camera&quot;:&quot;Canon EOS 5D Mark III&quot;,&quot;caption&quot;:&quot;James Carter, Gerard Gibbs, Alex White, Unterfahrt M\\u00fcnchen, Foto Ralf Dombrowski&quot;,&quot;created_timestamp&quot;:&quot;1453938908&quot;,&quot;copyright&quot;:&quot;&quot;,&quot;focal_length&quot;:&quot;95&quot;,&quot;iso&quot;:&quot;12800&quot;,&quot;shutter_speed&quot;:&quot;0.0025&quot;,&quot;title&quot;:&quot;&quot;,&quot;orientation&quot;:&quot;1&quot;}\" data-image-title=\"0K3A5184, Gerard Gibbs (dombr)\" data-image-description=\"\" data-medium-file=\"https:\/\/i0.wp.com\/www.jazzzeitung.de\/cms\/wp-content\/uploads\/2016\/02\/0K3A5184-Gerard-Gibbs-dombr.jpg?fit=300%2C209&#038;ssl=1\" data-large-file=\"https:\/\/i0.wp.com\/www.jazzzeitung.de\/cms\/wp-content\/uploads\/2016\/02\/0K3A5184-Gerard-Gibbs-dombr.jpg?fit=840%2C585&#038;ssl=1\" src=\"https:\/\/i0.wp.com\/www.jazzzeitung.de\/cms\/wp-content\/uploads\/2016\/02\/0K3A5184-Gerard-Gibbs-dombr.jpg?w=421&#038;h=293&#038;ssl=1\" srcset=\"https:\/\/i0.wp.com\/www.jazzzeitung.de\/cms\/wp-content\/uploads\/2016\/02\/0K3A5184-Gerard-Gibbs-dombr.jpg?w=1280&amp;ssl=1 1280w, https:\/\/i0.wp.com\/www.jazzzeitung.de\/cms\/wp-content\/uploads\/2016\/02\/0K3A5184-Gerard-Gibbs-dombr.jpg?resize=300%2C209&amp;ssl=1 300w, https:\/\/i0.wp.com\/www.jazzzeitung.de\/cms\/wp-content\/uploads\/2016\/02\/0K3A5184-Gerard-Gibbs-dombr.jpg?resize=768%2C535&amp;ssl=1 768w, https:\/\/i0.wp.com\/www.jazzzeitung.de\/cms\/wp-content\/uploads\/2016\/02\/0K3A5184-Gerard-Gibbs-dombr.jpg?resize=862%2C600&amp;ssl=1 862w, https:\/\/i0.wp.com\/www.jazzzeitung.de\/cms\/wp-content\/uploads\/2016\/02\/0K3A5184-Gerard-Gibbs-dombr.jpg?resize=900%2C626&amp;ssl=1 900w\" width=\"421\" height=\"293\" loading=\"lazy\" data-original-width=\"421\" data-original-height=\"293\" itemprop=\"http:\/\/schema.org\/image\" title=\"0K3A5184, Gerard Gibbs (dombr)\" alt=\"Gerard Gibbs\" style=\"width: 421px; height: 293px;\" \/> <\/a> <div class=\"tiled-gallery-caption\" itemprop=\"caption description\"> Gerard Gibbs <\/div> <\/div> <div class=\"tiled-gallery-item tiled-gallery-item-large\" itemprop=\"associatedMedia\" itemscope itemtype=\"http:\/\/schema.org\/ImageObject\"> <a href=\"https:\/\/www.jazzzeitung.de\/cms\/2016\/02\/kw-4-mehr-jazz-geht-kaum\/0k3a4612-alex-white-dombr\/\" border=\"0\" itemprop=\"url\"> <meta itemprop=\"width\" content=\"421\"> <meta itemprop=\"height\" content=\"299\"> <img decoding=\"async\" class=\"\" data-attachment-id=\"8305\" data-orig-file=\"https:\/\/www.jazzzeitung.de\/cms\/wp-content\/uploads\/2016\/02\/0K3A4612-Alex-White-dombr.jpg\" data-orig-size=\"1280,908\" data-comments-opened=\"1\" data-image-meta=\"{&quot;aperture&quot;:&quot;4&quot;,&quot;credit&quot;:&quot;&quot;,&quot;camera&quot;:&quot;Canon EOS 5D Mark III&quot;,&quot;caption&quot;:&quot;James Carter, Gerard Gibbs, Alex White, Unterfahrt M\\u00fcnchen, Foto Ralf Dombrowski&quot;,&quot;created_timestamp&quot;:&quot;1453930306&quot;,&quot;copyright&quot;:&quot;&quot;,&quot;focal_length&quot;:&quot;84&quot;,&quot;iso&quot;:&quot;12800&quot;,&quot;shutter_speed&quot;:&quot;0.005&quot;,&quot;title&quot;:&quot;&quot;,&quot;orientation&quot;:&quot;1&quot;}\" data-image-title=\"0K3A4612, Alex White (dombr)\" data-image-description=\"\" data-medium-file=\"https:\/\/i0.wp.com\/www.jazzzeitung.de\/cms\/wp-content\/uploads\/2016\/02\/0K3A4612-Alex-White-dombr.jpg?fit=300%2C213&#038;ssl=1\" data-large-file=\"https:\/\/i0.wp.com\/www.jazzzeitung.de\/cms\/wp-content\/uploads\/2016\/02\/0K3A4612-Alex-White-dombr.jpg?fit=840%2C596&#038;ssl=1\" src=\"https:\/\/i0.wp.com\/www.jazzzeitung.de\/cms\/wp-content\/uploads\/2016\/02\/0K3A4612-Alex-White-dombr.jpg?w=421&#038;h=299&#038;ssl=1\" srcset=\"https:\/\/i0.wp.com\/www.jazzzeitung.de\/cms\/wp-content\/uploads\/2016\/02\/0K3A4612-Alex-White-dombr.jpg?w=1280&amp;ssl=1 1280w, https:\/\/i0.wp.com\/www.jazzzeitung.de\/cms\/wp-content\/uploads\/2016\/02\/0K3A4612-Alex-White-dombr.jpg?resize=300%2C213&amp;ssl=1 300w, https:\/\/i0.wp.com\/www.jazzzeitung.de\/cms\/wp-content\/uploads\/2016\/02\/0K3A4612-Alex-White-dombr.jpg?resize=768%2C545&amp;ssl=1 768w, https:\/\/i0.wp.com\/www.jazzzeitung.de\/cms\/wp-content\/uploads\/2016\/02\/0K3A4612-Alex-White-dombr.jpg?resize=846%2C600&amp;ssl=1 846w, https:\/\/i0.wp.com\/www.jazzzeitung.de\/cms\/wp-content\/uploads\/2016\/02\/0K3A4612-Alex-White-dombr.jpg?resize=900%2C638&amp;ssl=1 900w\" width=\"421\" height=\"299\" loading=\"lazy\" data-original-width=\"421\" data-original-height=\"299\" itemprop=\"http:\/\/schema.org\/image\" title=\"0K3A4612, Alex White (dombr)\" alt=\"Alex White\" style=\"width: 421px; height: 299px;\" \/> <\/a> <div class=\"tiled-gallery-caption\" itemprop=\"caption description\"> Alex White <\/div> <\/div> <\/div> <!-- close group --> <div class=\"gallery-group images-1\" style=\"width: 415px; height: 600px;\" data-original-width=\"415\" data-original-height=\"600\" > <div class=\"tiled-gallery-item tiled-gallery-item-large\" itemprop=\"associatedMedia\" itemscope itemtype=\"http:\/\/schema.org\/ImageObject\"> <a href=\"https:\/\/www.jazzzeitung.de\/cms\/2016\/02\/kw-4-mehr-jazz-geht-kaum\/0k3a5207-james-carter-dombr\/\" border=\"0\" itemprop=\"url\"> <meta itemprop=\"width\" content=\"411\"> <meta itemprop=\"height\" content=\"596\"> <img decoding=\"async\" class=\"\" data-attachment-id=\"8308\" data-orig-file=\"https:\/\/www.jazzzeitung.de\/cms\/wp-content\/uploads\/2016\/02\/0K3A5207-James-Carter-dombr.jpg\" data-orig-size=\"882,1280\" data-comments-opened=\"1\" data-image-meta=\"{&quot;aperture&quot;:&quot;4&quot;,&quot;credit&quot;:&quot;&quot;,&quot;camera&quot;:&quot;Canon EOS 5D Mark III&quot;,&quot;caption&quot;:&quot;James Carter, Gerard Gibbs, Alex White, Unterfahrt M\\u00fcnchen, Foto Ralf Dombrowski&quot;,&quot;created_timestamp&quot;:&quot;1453939058&quot;,&quot;copyright&quot;:&quot;&quot;,&quot;focal_length&quot;:&quot;92&quot;,&quot;iso&quot;:&quot;12800&quot;,&quot;shutter_speed&quot;:&quot;0.004&quot;,&quot;title&quot;:&quot;&quot;,&quot;orientation&quot;:&quot;1&quot;}\" data-image-title=\"0K3A5207, James Carter (dombr)\" data-image-description=\"\" data-medium-file=\"https:\/\/i0.wp.com\/www.jazzzeitung.de\/cms\/wp-content\/uploads\/2016\/02\/0K3A5207-James-Carter-dombr.jpg?fit=207%2C300&#038;ssl=1\" data-large-file=\"https:\/\/i0.wp.com\/www.jazzzeitung.de\/cms\/wp-content\/uploads\/2016\/02\/0K3A5207-James-Carter-dombr.jpg?fit=413%2C600&#038;ssl=1\" src=\"https:\/\/i0.wp.com\/www.jazzzeitung.de\/cms\/wp-content\/uploads\/2016\/02\/0K3A5207-James-Carter-dombr.jpg?w=411&#038;h=596&#038;ssl=1\" srcset=\"https:\/\/i0.wp.com\/www.jazzzeitung.de\/cms\/wp-content\/uploads\/2016\/02\/0K3A5207-James-Carter-dombr.jpg?w=882&amp;ssl=1 882w, https:\/\/i0.wp.com\/www.jazzzeitung.de\/cms\/wp-content\/uploads\/2016\/02\/0K3A5207-James-Carter-dombr.jpg?resize=207%2C300&amp;ssl=1 207w, https:\/\/i0.wp.com\/www.jazzzeitung.de\/cms\/wp-content\/uploads\/2016\/02\/0K3A5207-James-Carter-dombr.jpg?resize=768%2C1115&amp;ssl=1 768w, https:\/\/i0.wp.com\/www.jazzzeitung.de\/cms\/wp-content\/uploads\/2016\/02\/0K3A5207-James-Carter-dombr.jpg?resize=413%2C600&amp;ssl=1 413w\" width=\"411\" height=\"596\" loading=\"lazy\" data-original-width=\"411\" data-original-height=\"596\" itemprop=\"http:\/\/schema.org\/image\" title=\"0K3A5207, James Carter (dombr)\" alt=\"James Carter\" style=\"width: 411px; height: 596px;\" \/> <\/a> <div class=\"tiled-gallery-caption\" itemprop=\"caption description\"> James Carter <\/div> <\/div> <\/div> <!-- close group --> <\/div> <!-- close row --> <div class=\"gallery-row\" style=\"width: 840px; height: 241px;\" data-original-width=\"840\" data-original-height=\"241\" > <div class=\"gallery-group images-1\" style=\"width: 157px; height: 241px;\" data-original-width=\"157\" data-original-height=\"241\" > <div class=\"tiled-gallery-item tiled-gallery-item-small\" itemprop=\"associatedMedia\" itemscope itemtype=\"http:\/\/schema.org\/ImageObject\"> <a href=\"https:\/\/www.jazzzeitung.de\/cms\/2016\/02\/kw-4-mehr-jazz-geht-kaum\/pablo-held-unterfahrt-muenchen-foto-ralf-dombrowski\/\" border=\"0\" itemprop=\"url\"> <meta itemprop=\"width\" content=\"153\"> <meta itemprop=\"height\" content=\"237\"> <img decoding=\"async\" class=\"\" data-attachment-id=\"8303\" data-orig-file=\"https:\/\/www.jazzzeitung.de\/cms\/wp-content\/uploads\/2016\/02\/0K3A4443-Held-dombr.jpg\" data-orig-size=\"828,1280\" data-comments-opened=\"1\" data-image-meta=\"{&quot;aperture&quot;:&quot;4.5&quot;,&quot;credit&quot;:&quot;&quot;,&quot;camera&quot;:&quot;Canon EOS 5D Mark III&quot;,&quot;caption&quot;:&quot;Pablo Held, Unterfahrt M\\u00fcnchen, Foto Ralf Dombrowski&quot;,&quot;created_timestamp&quot;:&quot;1453846871&quot;,&quot;copyright&quot;:&quot;&quot;,&quot;focal_length&quot;:&quot;58&quot;,&quot;iso&quot;:&quot;12800&quot;,&quot;shutter_speed&quot;:&quot;0.004&quot;,&quot;title&quot;:&quot;Pablo Held, Unterfahrt M\\u00fcnchen, Foto Ralf Dombrowski&quot;,&quot;orientation&quot;:&quot;1&quot;}\" data-image-title=\"Pablo Held, Unterfahrt M\u00fcnchen, Foto Ralf Dombrowski\" data-image-description=\"\" data-medium-file=\"https:\/\/i0.wp.com\/www.jazzzeitung.de\/cms\/wp-content\/uploads\/2016\/02\/0K3A4443-Held-dombr.jpg?fit=194%2C300&#038;ssl=1\" data-large-file=\"https:\/\/i0.wp.com\/www.jazzzeitung.de\/cms\/wp-content\/uploads\/2016\/02\/0K3A4443-Held-dombr.jpg?fit=388%2C600&#038;ssl=1\" src=\"https:\/\/i0.wp.com\/www.jazzzeitung.de\/cms\/wp-content\/uploads\/2016\/02\/0K3A4443-Held-dombr.jpg?w=153&#038;h=237&#038;ssl=1\" srcset=\"https:\/\/i0.wp.com\/www.jazzzeitung.de\/cms\/wp-content\/uploads\/2016\/02\/0K3A4443-Held-dombr.jpg?w=828&amp;ssl=1 828w, https:\/\/i0.wp.com\/www.jazzzeitung.de\/cms\/wp-content\/uploads\/2016\/02\/0K3A4443-Held-dombr.jpg?resize=194%2C300&amp;ssl=1 194w, https:\/\/i0.wp.com\/www.jazzzeitung.de\/cms\/wp-content\/uploads\/2016\/02\/0K3A4443-Held-dombr.jpg?resize=768%2C1187&amp;ssl=1 768w, https:\/\/i0.wp.com\/www.jazzzeitung.de\/cms\/wp-content\/uploads\/2016\/02\/0K3A4443-Held-dombr.jpg?resize=388%2C600&amp;ssl=1 388w\" width=\"153\" height=\"237\" loading=\"lazy\" data-original-width=\"153\" data-original-height=\"237\" itemprop=\"http:\/\/schema.org\/image\" title=\"Pablo Held, Unterfahrt M\u00fcnchen, Foto Ralf Dombrowski\" alt=\"Pablo Held\" style=\"width: 153px; height: 237px;\" \/> <\/a> <div class=\"tiled-gallery-caption\" itemprop=\"caption description\"> Pablo Held <\/div> <\/div> <\/div> <!-- close group --> <div class=\"gallery-group images-1\" style=\"width: 359px; height: 241px;\" data-original-width=\"359\" data-original-height=\"241\" > <div class=\"tiled-gallery-item tiled-gallery-item-large\" itemprop=\"associatedMedia\" itemscope itemtype=\"http:\/\/schema.org\/ImageObject\"> <a href=\"https:\/\/www.jazzzeitung.de\/cms\/2016\/02\/kw-4-mehr-jazz-geht-kaum\/pablo-held-trio-unterfahrt-muenchen-foto-ralf-dombrowski\/\" border=\"0\" itemprop=\"url\"> <meta itemprop=\"width\" content=\"355\"> <meta itemprop=\"height\" content=\"237\"> <img decoding=\"async\" class=\"\" data-attachment-id=\"8302\" data-orig-file=\"https:\/\/www.jazzzeitung.de\/cms\/wp-content\/uploads\/2016\/02\/0K3A4402-Held-Trio-dombr.jpg\" data-orig-size=\"1280,853\" data-comments-opened=\"1\" data-image-meta=\"{&quot;aperture&quot;:&quot;4.5&quot;,&quot;credit&quot;:&quot;&quot;,&quot;camera&quot;:&quot;Canon EOS 5D Mark III&quot;,&quot;caption&quot;:&quot;Pablo Held Trio, Unterfahrt M\\u00fcnchen, Foto Ralf Dombrowski&quot;,&quot;created_timestamp&quot;:&quot;1453844888&quot;,&quot;copyright&quot;:&quot;&quot;,&quot;focal_length&quot;:&quot;70&quot;,&quot;iso&quot;:&quot;12800&quot;,&quot;shutter_speed&quot;:&quot;0.004&quot;,&quot;title&quot;:&quot;Pablo Held Trio, Unterfahrt M\\u00fcnchen, Foto Ralf Dombrowski&quot;,&quot;orientation&quot;:&quot;1&quot;}\" data-image-title=\"Pablo Held Trio, Unterfahrt M\u00fcnchen, Foto Ralf Dombrowski\" data-image-description=\"\" data-medium-file=\"https:\/\/i0.wp.com\/www.jazzzeitung.de\/cms\/wp-content\/uploads\/2016\/02\/0K3A4402-Held-Trio-dombr.jpg?fit=300%2C200&#038;ssl=1\" data-large-file=\"https:\/\/i0.wp.com\/www.jazzzeitung.de\/cms\/wp-content\/uploads\/2016\/02\/0K3A4402-Held-Trio-dombr.jpg?fit=840%2C560&#038;ssl=1\" src=\"https:\/\/i0.wp.com\/www.jazzzeitung.de\/cms\/wp-content\/uploads\/2016\/02\/0K3A4402-Held-Trio-dombr.jpg?w=355&#038;h=237&#038;ssl=1\" srcset=\"https:\/\/i0.wp.com\/www.jazzzeitung.de\/cms\/wp-content\/uploads\/2016\/02\/0K3A4402-Held-Trio-dombr.jpg?w=1280&amp;ssl=1 1280w, https:\/\/i0.wp.com\/www.jazzzeitung.de\/cms\/wp-content\/uploads\/2016\/02\/0K3A4402-Held-Trio-dombr.jpg?resize=300%2C200&amp;ssl=1 300w, https:\/\/i0.wp.com\/www.jazzzeitung.de\/cms\/wp-content\/uploads\/2016\/02\/0K3A4402-Held-Trio-dombr.jpg?resize=768%2C512&amp;ssl=1 768w, https:\/\/i0.wp.com\/www.jazzzeitung.de\/cms\/wp-content\/uploads\/2016\/02\/0K3A4402-Held-Trio-dombr.jpg?resize=900%2C600&amp;ssl=1 900w\" width=\"355\" height=\"237\" loading=\"lazy\" data-original-width=\"355\" data-original-height=\"237\" itemprop=\"http:\/\/schema.org\/image\" title=\"Pablo Held Trio, Unterfahrt M\u00fcnchen, Foto Ralf Dombrowski\" alt=\"Pablo Held Trio\" style=\"width: 355px; height: 237px;\" \/> <\/a> <div class=\"tiled-gallery-caption\" itemprop=\"caption description\"> Pablo Held Trio <\/div> <\/div> <\/div> <!-- close group --> <div class=\"gallery-group images-1\" style=\"width: 162px; height: 241px;\" data-original-width=\"162\" data-original-height=\"241\" > <div class=\"tiled-gallery-item tiled-gallery-item-small\" itemprop=\"associatedMedia\" itemscope itemtype=\"http:\/\/schema.org\/ImageObject\"> <a href=\"https:\/\/www.jazzzeitung.de\/cms\/2016\/02\/kw-4-mehr-jazz-geht-kaum\/jonas-burgwinkel-unterfahrt-muenchen-foto-ralf-dombrowski\/\" border=\"0\" itemprop=\"url\"> <meta itemprop=\"width\" content=\"158\"> <meta itemprop=\"height\" content=\"237\"> <img decoding=\"async\" class=\"\" data-attachment-id=\"8300\" data-orig-file=\"https:\/\/www.jazzzeitung.de\/cms\/wp-content\/uploads\/2016\/02\/0K3A4325-Burgwinkel-dombr.jpg\" data-orig-size=\"853,1280\" data-comments-opened=\"1\" data-image-meta=\"{&quot;aperture&quot;:&quot;5.6&quot;,&quot;credit&quot;:&quot;&quot;,&quot;camera&quot;:&quot;Canon EOS 5D Mark III&quot;,&quot;caption&quot;:&quot;Jonas Burgwinkel, Unterfahrt M\\u00fcnchen, Foto Ralf Dombrowski&quot;,&quot;created_timestamp&quot;:&quot;1453843489&quot;,&quot;copyright&quot;:&quot;&quot;,&quot;focal_length&quot;:&quot;118&quot;,&quot;iso&quot;:&quot;12800&quot;,&quot;shutter_speed&quot;:&quot;0.005&quot;,&quot;title&quot;:&quot;Jonas Burgwinkel, Unterfahrt M\\u00fcnchen, Foto Ralf Dombrowski&quot;,&quot;orientation&quot;:&quot;1&quot;}\" data-image-title=\"Jonas Burgwinkel, Unterfahrt M\u00fcnchen, Foto Ralf Dombrowski\" data-image-description=\"\" data-medium-file=\"https:\/\/i0.wp.com\/www.jazzzeitung.de\/cms\/wp-content\/uploads\/2016\/02\/0K3A4325-Burgwinkel-dombr.jpg?fit=200%2C300&#038;ssl=1\" data-large-file=\"https:\/\/i0.wp.com\/www.jazzzeitung.de\/cms\/wp-content\/uploads\/2016\/02\/0K3A4325-Burgwinkel-dombr.jpg?fit=400%2C600&#038;ssl=1\" src=\"https:\/\/i0.wp.com\/www.jazzzeitung.de\/cms\/wp-content\/uploads\/2016\/02\/0K3A4325-Burgwinkel-dombr.jpg?w=158&#038;h=237&#038;ssl=1\" srcset=\"https:\/\/i0.wp.com\/www.jazzzeitung.de\/cms\/wp-content\/uploads\/2016\/02\/0K3A4325-Burgwinkel-dombr.jpg?w=853&amp;ssl=1 853w, https:\/\/i0.wp.com\/www.jazzzeitung.de\/cms\/wp-content\/uploads\/2016\/02\/0K3A4325-Burgwinkel-dombr.jpg?resize=200%2C300&amp;ssl=1 200w, https:\/\/i0.wp.com\/www.jazzzeitung.de\/cms\/wp-content\/uploads\/2016\/02\/0K3A4325-Burgwinkel-dombr.jpg?resize=768%2C1152&amp;ssl=1 768w, https:\/\/i0.wp.com\/www.jazzzeitung.de\/cms\/wp-content\/uploads\/2016\/02\/0K3A4325-Burgwinkel-dombr.jpg?resize=400%2C600&amp;ssl=1 400w\" width=\"158\" height=\"237\" loading=\"lazy\" data-original-width=\"158\" data-original-height=\"237\" itemprop=\"http:\/\/schema.org\/image\" title=\"Jonas Burgwinkel, Unterfahrt M\u00fcnchen, Foto Ralf Dombrowski\" alt=\"Jonas Burgwinkel\" style=\"width: 158px; height: 237px;\" \/> <\/a> <div class=\"tiled-gallery-caption\" itemprop=\"caption description\"> Jonas Burgwinkel <\/div> <\/div> <\/div> <!-- close group --> <div class=\"gallery-group images-1\" style=\"width: 162px; height: 241px;\" data-original-width=\"162\" data-original-height=\"241\" > <div class=\"tiled-gallery-item tiled-gallery-item-small\" itemprop=\"associatedMedia\" itemscope itemtype=\"http:\/\/schema.org\/ImageObject\"> <a href=\"https:\/\/www.jazzzeitung.de\/cms\/2016\/02\/kw-4-mehr-jazz-geht-kaum\/robert-landfermann-unterfahrt-muenchen-foto-ralf-dombrowski\/\" border=\"0\" itemprop=\"url\"> <meta itemprop=\"width\" content=\"158\"> <meta itemprop=\"height\" content=\"237\"> <img decoding=\"async\" class=\"\" data-attachment-id=\"8301\" data-orig-file=\"https:\/\/www.jazzzeitung.de\/cms\/wp-content\/uploads\/2016\/02\/0K3A4395-Landfermann-dombr.jpg\" data-orig-size=\"853,1280\" data-comments-opened=\"1\" data-image-meta=\"{&quot;aperture&quot;:&quot;4.5&quot;,&quot;credit&quot;:&quot;&quot;,&quot;camera&quot;:&quot;Canon EOS 5D Mark III&quot;,&quot;caption&quot;:&quot;Robert Landfermann, Unterfahrt M\\u00fcnchen, Foto Ralf Dombrowski&quot;,&quot;created_timestamp&quot;:&quot;1453844771&quot;,&quot;copyright&quot;:&quot;&quot;,&quot;focal_length&quot;:&quot;200&quot;,&quot;iso&quot;:&quot;12800&quot;,&quot;shutter_speed&quot;:&quot;0.005&quot;,&quot;title&quot;:&quot;Robert Landfermann, Unterfahrt M\\u00fcnchen, Foto Ralf Dombrowski&quot;,&quot;orientation&quot;:&quot;1&quot;}\" data-image-title=\"Robert Landfermann, Unterfahrt M\u00fcnchen, Foto Ralf Dombrowski\" data-image-description=\"\" data-medium-file=\"https:\/\/i0.wp.com\/www.jazzzeitung.de\/cms\/wp-content\/uploads\/2016\/02\/0K3A4395-Landfermann-dombr.jpg?fit=200%2C300&#038;ssl=1\" data-large-file=\"https:\/\/i0.wp.com\/www.jazzzeitung.de\/cms\/wp-content\/uploads\/2016\/02\/0K3A4395-Landfermann-dombr.jpg?fit=400%2C600&#038;ssl=1\" src=\"https:\/\/i0.wp.com\/www.jazzzeitung.de\/cms\/wp-content\/uploads\/2016\/02\/0K3A4395-Landfermann-dombr.jpg?w=158&#038;h=237&#038;ssl=1\" srcset=\"https:\/\/i0.wp.com\/www.jazzzeitung.de\/cms\/wp-content\/uploads\/2016\/02\/0K3A4395-Landfermann-dombr.jpg?w=853&amp;ssl=1 853w, https:\/\/i0.wp.com\/www.jazzzeitung.de\/cms\/wp-content\/uploads\/2016\/02\/0K3A4395-Landfermann-dombr.jpg?resize=200%2C300&amp;ssl=1 200w, https:\/\/i0.wp.com\/www.jazzzeitung.de\/cms\/wp-content\/uploads\/2016\/02\/0K3A4395-Landfermann-dombr.jpg?resize=768%2C1152&amp;ssl=1 768w, https:\/\/i0.wp.com\/www.jazzzeitung.de\/cms\/wp-content\/uploads\/2016\/02\/0K3A4395-Landfermann-dombr.jpg?resize=400%2C600&amp;ssl=1 400w\" width=\"158\" height=\"237\" loading=\"lazy\" data-original-width=\"158\" data-original-height=\"237\" itemprop=\"http:\/\/schema.org\/image\" title=\"Robert Landfermann, Unterfahrt M\u00fcnchen, Foto Ralf Dombrowski\" alt=\"Robert Landfermann\" style=\"width: 158px; height: 237px;\" \/> <\/a> <div class=\"tiled-gallery-caption\" itemprop=\"caption description\"> Robert Landfermann <\/div> <\/div> <\/div> <!-- close group --> <\/div> <!-- close row --> <div class=\"gallery-row\" style=\"width: 840px; height: 374px;\" data-original-width=\"840\" data-original-height=\"374\" > <div class=\"gallery-group images-1\" style=\"width: 559px; height: 374px;\" data-original-width=\"559\" data-original-height=\"374\" > <div class=\"tiled-gallery-item tiled-gallery-item-large\" itemprop=\"associatedMedia\" itemscope itemtype=\"http:\/\/schema.org\/ImageObject\"> <a href=\"https:\/\/www.jazzzeitung.de\/cms\/2016\/02\/kw-4-mehr-jazz-geht-kaum\/0k3a5734-tzur-dombr\/\" border=\"0\" itemprop=\"url\"> <meta itemprop=\"width\" content=\"555\"> <meta itemprop=\"height\" content=\"370\"> <img decoding=\"async\" class=\"\" data-attachment-id=\"8314\" data-orig-file=\"https:\/\/www.jazzzeitung.de\/cms\/wp-content\/uploads\/2016\/02\/0K3A5734-Tzur-dombr.jpg\" data-orig-size=\"1280,853\" data-comments-opened=\"1\" data-image-meta=\"{&quot;aperture&quot;:&quot;5.6&quot;,&quot;credit&quot;:&quot;&quot;,&quot;camera&quot;:&quot;Canon EOS 5D Mark III&quot;,&quot;caption&quot;:&quot;Oded Tzur Quartet, Oded Tzur, Shae Maestro, Petros Klampanis, Ziv Ravitz, BMW Welt M\\u00fcnchen, Foto Ralf Dombrowski&quot;,&quot;created_timestamp&quot;:&quot;1454238816&quot;,&quot;copyright&quot;:&quot;&quot;,&quot;focal_length&quot;:&quot;168&quot;,&quot;iso&quot;:&quot;1600&quot;,&quot;shutter_speed&quot;:&quot;0.005&quot;,&quot;title&quot;:&quot;&quot;,&quot;orientation&quot;:&quot;1&quot;}\" data-image-title=\"0K3A5734, Tzur (dombr)\" data-image-description=\"\" data-medium-file=\"https:\/\/i0.wp.com\/www.jazzzeitung.de\/cms\/wp-content\/uploads\/2016\/02\/0K3A5734-Tzur-dombr.jpg?fit=300%2C200&#038;ssl=1\" data-large-file=\"https:\/\/i0.wp.com\/www.jazzzeitung.de\/cms\/wp-content\/uploads\/2016\/02\/0K3A5734-Tzur-dombr.jpg?fit=840%2C560&#038;ssl=1\" src=\"https:\/\/i0.wp.com\/www.jazzzeitung.de\/cms\/wp-content\/uploads\/2016\/02\/0K3A5734-Tzur-dombr.jpg?w=555&#038;h=370&#038;ssl=1\" srcset=\"https:\/\/i0.wp.com\/www.jazzzeitung.de\/cms\/wp-content\/uploads\/2016\/02\/0K3A5734-Tzur-dombr.jpg?w=1280&amp;ssl=1 1280w, https:\/\/i0.wp.com\/www.jazzzeitung.de\/cms\/wp-content\/uploads\/2016\/02\/0K3A5734-Tzur-dombr.jpg?resize=300%2C200&amp;ssl=1 300w, https:\/\/i0.wp.com\/www.jazzzeitung.de\/cms\/wp-content\/uploads\/2016\/02\/0K3A5734-Tzur-dombr.jpg?resize=768%2C512&amp;ssl=1 768w, https:\/\/i0.wp.com\/www.jazzzeitung.de\/cms\/wp-content\/uploads\/2016\/02\/0K3A5734-Tzur-dombr.jpg?resize=900%2C600&amp;ssl=1 900w\" width=\"555\" height=\"370\" loading=\"lazy\" data-original-width=\"555\" data-original-height=\"370\" itemprop=\"http:\/\/schema.org\/image\" title=\"0K3A5734, Tzur (dombr)\" alt=\"Oded Tzur Quartet mit Ziv Ravitz (dr), Petros Klampanis (b) und Shai Maestro (p) in der BMW Welt M\u00fcnchen\" style=\"width: 555px; height: 370px;\" \/> <\/a> <div class=\"tiled-gallery-caption\" itemprop=\"caption description\"> Oded Tzur Quartet mit Ziv Ravitz (dr), Petros Klampanis (b) und Shai Maestro (p) in der BMW Welt M\u00fcnchen <\/div> <\/div> <\/div> <!-- close group --> <div class=\"gallery-group images-1\" style=\"width: 281px; height: 374px;\" data-original-width=\"281\" data-original-height=\"374\" > <div class=\"tiled-gallery-item tiled-gallery-item-large\" itemprop=\"associatedMedia\" itemscope itemtype=\"http:\/\/schema.org\/ImageObject\"> <a href=\"https:\/\/www.jazzzeitung.de\/cms\/2016\/02\/kw-4-mehr-jazz-geht-kaum\/0k3a5752-ravitz-dombr\/\" border=\"0\" itemprop=\"url\"> <meta itemprop=\"width\" content=\"277\"> <meta itemprop=\"height\" content=\"370\"> <img decoding=\"async\" class=\"\" data-attachment-id=\"8315\" data-orig-file=\"https:\/\/www.jazzzeitung.de\/cms\/wp-content\/uploads\/2016\/02\/0K3A5752-Ravitz-dombr.jpg\" data-orig-size=\"960,1280\" data-comments-opened=\"1\" data-image-meta=\"{&quot;aperture&quot;:&quot;5.6&quot;,&quot;credit&quot;:&quot;&quot;,&quot;camera&quot;:&quot;Canon EOS 5D Mark III&quot;,&quot;caption&quot;:&quot;Oded Tzur Quartet, Oded Tzur, Shae Maestro, Petros Klampanis, Ziv Ravitz, BMW Welt M\\u00fcnchen, Foto Ralf Dombrowski&quot;,&quot;created_timestamp&quot;:&quot;1454238952&quot;,&quot;copyright&quot;:&quot;&quot;,&quot;focal_length&quot;:&quot;91&quot;,&quot;iso&quot;:&quot;1600&quot;,&quot;shutter_speed&quot;:&quot;0.005&quot;,&quot;title&quot;:&quot;&quot;,&quot;orientation&quot;:&quot;1&quot;}\" data-image-title=\"0K3A5752, Ravitz (dombr)\" data-image-description=\"\" data-medium-file=\"https:\/\/i0.wp.com\/www.jazzzeitung.de\/cms\/wp-content\/uploads\/2016\/02\/0K3A5752-Ravitz-dombr.jpg?fit=225%2C300&#038;ssl=1\" data-large-file=\"https:\/\/i0.wp.com\/www.jazzzeitung.de\/cms\/wp-content\/uploads\/2016\/02\/0K3A5752-Ravitz-dombr.jpg?fit=450%2C600&#038;ssl=1\" src=\"https:\/\/i0.wp.com\/www.jazzzeitung.de\/cms\/wp-content\/uploads\/2016\/02\/0K3A5752-Ravitz-dombr.jpg?w=277&#038;h=370&#038;ssl=1\" srcset=\"https:\/\/i0.wp.com\/www.jazzzeitung.de\/cms\/wp-content\/uploads\/2016\/02\/0K3A5752-Ravitz-dombr.jpg?w=960&amp;ssl=1 960w, https:\/\/i0.wp.com\/www.jazzzeitung.de\/cms\/wp-content\/uploads\/2016\/02\/0K3A5752-Ravitz-dombr.jpg?resize=225%2C300&amp;ssl=1 225w, https:\/\/i0.wp.com\/www.jazzzeitung.de\/cms\/wp-content\/uploads\/2016\/02\/0K3A5752-Ravitz-dombr.jpg?resize=768%2C1024&amp;ssl=1 768w, https:\/\/i0.wp.com\/www.jazzzeitung.de\/cms\/wp-content\/uploads\/2016\/02\/0K3A5752-Ravitz-dombr.jpg?resize=450%2C600&amp;ssl=1 450w, https:\/\/i0.wp.com\/www.jazzzeitung.de\/cms\/wp-content\/uploads\/2016\/02\/0K3A5752-Ravitz-dombr.jpg?resize=900%2C1200&amp;ssl=1 900w\" width=\"277\" height=\"370\" loading=\"lazy\" data-original-width=\"277\" data-original-height=\"370\" itemprop=\"http:\/\/schema.org\/image\" title=\"0K3A5752, Ravitz (dombr)\" alt=\"Ziv Ravitz\" style=\"width: 277px; height: 370px;\" \/> <\/a> <div class=\"tiled-gallery-caption\" itemprop=\"caption description\"> Ziv Ravitz <\/div> <\/div> <\/div> <!-- close group --> <\/div> <!-- close row --> <div class=\"gallery-row\" style=\"width: 840px; height: 633px;\" data-original-width=\"840\" data-original-height=\"633\" > <div class=\"gallery-group images-1\" style=\"width: 417px; height: 633px;\" data-original-width=\"417\" data-original-height=\"633\" > <div class=\"tiled-gallery-item tiled-gallery-item-large\" itemprop=\"associatedMedia\" itemscope itemtype=\"http:\/\/schema.org\/ImageObject\"> <a href=\"https:\/\/www.jazzzeitung.de\/cms\/2016\/02\/kw-4-mehr-jazz-geht-kaum\/0k3a5916-klampanis-dombr\/\" border=\"0\" itemprop=\"url\"> <meta itemprop=\"width\" content=\"413\"> <meta itemprop=\"height\" content=\"629\"> <img decoding=\"async\" class=\"\" data-attachment-id=\"8317\" data-orig-file=\"https:\/\/www.jazzzeitung.de\/cms\/wp-content\/uploads\/2016\/02\/0K3A5916-Klampanis-dombr.jpg\" data-orig-size=\"840,1280\" data-comments-opened=\"1\" data-image-meta=\"{&quot;aperture&quot;:&quot;5.6&quot;,&quot;credit&quot;:&quot;&quot;,&quot;camera&quot;:&quot;Canon EOS 5D Mark III&quot;,&quot;caption&quot;:&quot;Oded Tzur Quartet, Oded Tzur, Shae Maestro, Petros Klampanis, Ziv Ravitz, BMW Welt M\\u00fcnchen, Foto Ralf Dombrowski&quot;,&quot;created_timestamp&quot;:&quot;1454243497&quot;,&quot;copyright&quot;:&quot;&quot;,&quot;focal_length&quot;:&quot;94&quot;,&quot;iso&quot;:&quot;1600&quot;,&quot;shutter_speed&quot;:&quot;0.005&quot;,&quot;title&quot;:&quot;&quot;,&quot;orientation&quot;:&quot;1&quot;}\" data-image-title=\"0K3A5916, Klampanis (dombr)\" data-image-description=\"\" data-medium-file=\"https:\/\/i0.wp.com\/www.jazzzeitung.de\/cms\/wp-content\/uploads\/2016\/02\/0K3A5916-Klampanis-dombr.jpg?fit=197%2C300&#038;ssl=1\" data-large-file=\"https:\/\/i0.wp.com\/www.jazzzeitung.de\/cms\/wp-content\/uploads\/2016\/02\/0K3A5916-Klampanis-dombr.jpg?fit=394%2C600&#038;ssl=1\" src=\"https:\/\/i0.wp.com\/www.jazzzeitung.de\/cms\/wp-content\/uploads\/2016\/02\/0K3A5916-Klampanis-dombr.jpg?w=413&#038;h=629&#038;ssl=1\" srcset=\"https:\/\/i0.wp.com\/www.jazzzeitung.de\/cms\/wp-content\/uploads\/2016\/02\/0K3A5916-Klampanis-dombr.jpg?w=840&amp;ssl=1 840w, https:\/\/i0.wp.com\/www.jazzzeitung.de\/cms\/wp-content\/uploads\/2016\/02\/0K3A5916-Klampanis-dombr.jpg?resize=197%2C300&amp;ssl=1 197w, https:\/\/i0.wp.com\/www.jazzzeitung.de\/cms\/wp-content\/uploads\/2016\/02\/0K3A5916-Klampanis-dombr.jpg?resize=768%2C1170&amp;ssl=1 768w, https:\/\/i0.wp.com\/www.jazzzeitung.de\/cms\/wp-content\/uploads\/2016\/02\/0K3A5916-Klampanis-dombr.jpg?resize=394%2C600&amp;ssl=1 394w\" width=\"413\" height=\"629\" loading=\"lazy\" data-original-width=\"413\" data-original-height=\"629\" itemprop=\"http:\/\/schema.org\/image\" title=\"0K3A5916, Klampanis (dombr)\" alt=\"Petros Klampanis\" style=\"width: 413px; height: 629px;\" \/> <\/a> <div class=\"tiled-gallery-caption\" itemprop=\"caption description\"> Petros Klampanis <\/div> <\/div> <\/div> <!-- close group --> <div class=\"gallery-group images-1\" style=\"width: 423px; height: 633px;\" data-original-width=\"423\" data-original-height=\"633\" > <div class=\"tiled-gallery-item tiled-gallery-item-large\" itemprop=\"associatedMedia\" itemscope itemtype=\"http:\/\/schema.org\/ImageObject\"> <a href=\"https:\/\/www.jazzzeitung.de\/cms\/2016\/02\/kw-4-mehr-jazz-geht-kaum\/0k3a5947-maestro-dombr\/\" border=\"0\" itemprop=\"url\"> <meta itemprop=\"width\" content=\"419\"> <meta itemprop=\"height\" content=\"629\"> <img decoding=\"async\" class=\"\" data-attachment-id=\"8318\" data-orig-file=\"https:\/\/www.jazzzeitung.de\/cms\/wp-content\/uploads\/2016\/02\/0K3A5947-Maestro-dombr.jpg\" data-orig-size=\"853,1280\" data-comments-opened=\"1\" data-image-meta=\"{&quot;aperture&quot;:&quot;4&quot;,&quot;credit&quot;:&quot;&quot;,&quot;camera&quot;:&quot;Canon EOS 5D Mark III&quot;,&quot;caption&quot;:&quot;Oded Tzur Quartet, Oded Tzur, Shae Maestro, Petros Klampanis, Ziv Ravitz, BMW Welt M\\u00fcnchen, Foto Ralf Dombrowski&quot;,&quot;created_timestamp&quot;:&quot;1454244314&quot;,&quot;copyright&quot;:&quot;&quot;,&quot;focal_length&quot;:&quot;140&quot;,&quot;iso&quot;:&quot;1600&quot;,&quot;shutter_speed&quot;:&quot;0.005&quot;,&quot;title&quot;:&quot;&quot;,&quot;orientation&quot;:&quot;1&quot;}\" data-image-title=\"0K3A5947, Maestro (dombr)\" data-image-description=\"\" data-medium-file=\"https:\/\/i0.wp.com\/www.jazzzeitung.de\/cms\/wp-content\/uploads\/2016\/02\/0K3A5947-Maestro-dombr.jpg?fit=200%2C300&#038;ssl=1\" data-large-file=\"https:\/\/i0.wp.com\/www.jazzzeitung.de\/cms\/wp-content\/uploads\/2016\/02\/0K3A5947-Maestro-dombr.jpg?fit=400%2C600&#038;ssl=1\" src=\"https:\/\/i0.wp.com\/www.jazzzeitung.de\/cms\/wp-content\/uploads\/2016\/02\/0K3A5947-Maestro-dombr.jpg?w=419&#038;h=629&#038;ssl=1\" srcset=\"https:\/\/i0.wp.com\/www.jazzzeitung.de\/cms\/wp-content\/uploads\/2016\/02\/0K3A5947-Maestro-dombr.jpg?w=853&amp;ssl=1 853w, https:\/\/i0.wp.com\/www.jazzzeitung.de\/cms\/wp-content\/uploads\/2016\/02\/0K3A5947-Maestro-dombr.jpg?resize=200%2C300&amp;ssl=1 200w, https:\/\/i0.wp.com\/www.jazzzeitung.de\/cms\/wp-content\/uploads\/2016\/02\/0K3A5947-Maestro-dombr.jpg?resize=768%2C1152&amp;ssl=1 768w, https:\/\/i0.wp.com\/www.jazzzeitung.de\/cms\/wp-content\/uploads\/2016\/02\/0K3A5947-Maestro-dombr.jpg?resize=400%2C600&amp;ssl=1 400w\" width=\"419\" height=\"629\" loading=\"lazy\" data-original-width=\"419\" data-original-height=\"629\" itemprop=\"http:\/\/schema.org\/image\" title=\"0K3A5947, Maestro (dombr)\" alt=\"Shai Maestro\" style=\"width: 419px; height: 629px;\" \/> <\/a> <div class=\"tiled-gallery-caption\" itemprop=\"caption description\"> Shai Maestro <\/div> <\/div> <\/div> <!-- close group --> <\/div> <!-- close row --> <div class=\"gallery-row\" style=\"width: 840px; height: 571px;\" data-original-width=\"840\" data-original-height=\"571\" > <div class=\"gallery-group images-1\" style=\"width: 840px; height: 571px;\" data-original-width=\"840\" data-original-height=\"571\" > <div class=\"tiled-gallery-item tiled-gallery-item-large\" itemprop=\"associatedMedia\" itemscope itemtype=\"http:\/\/schema.org\/ImageObject\"> <a href=\"https:\/\/www.jazzzeitung.de\/cms\/2016\/02\/kw-4-mehr-jazz-geht-kaum\/0k3a5864-tzur-quartet-dombr\/\" border=\"0\" itemprop=\"url\"> <meta itemprop=\"width\" content=\"836\"> <meta itemprop=\"height\" content=\"567\"> <img decoding=\"async\" class=\"\" data-attachment-id=\"8316\" data-orig-file=\"https:\/\/www.jazzzeitung.de\/cms\/wp-content\/uploads\/2016\/02\/0K3A5864-Tzur-Quartet-dombr.jpg\" data-orig-size=\"1280,868\" data-comments-opened=\"1\" data-image-meta=\"{&quot;aperture&quot;:&quot;5.6&quot;,&quot;credit&quot;:&quot;&quot;,&quot;camera&quot;:&quot;Canon EOS 5D Mark III&quot;,&quot;caption&quot;:&quot;Oded Tzur Quartet, Oded Tzur, Shae Maestro, Petros Klampanis, Ziv Ravitz, BMW Welt M\\u00fcnchen, Foto Ralf Dombrowski&quot;,&quot;created_timestamp&quot;:&quot;1454240596&quot;,&quot;copyright&quot;:&quot;&quot;,&quot;focal_length&quot;:&quot;84&quot;,&quot;iso&quot;:&quot;1600&quot;,&quot;shutter_speed&quot;:&quot;0.005&quot;,&quot;title&quot;:&quot;&quot;,&quot;orientation&quot;:&quot;1&quot;}\" data-image-title=\"0K3A5864, Tzur Quartet (dombr)\" data-image-description=\"\" data-medium-file=\"https:\/\/i0.wp.com\/www.jazzzeitung.de\/cms\/wp-content\/uploads\/2016\/02\/0K3A5864-Tzur-Quartet-dombr.jpg?fit=300%2C203&#038;ssl=1\" data-large-file=\"https:\/\/i0.wp.com\/www.jazzzeitung.de\/cms\/wp-content\/uploads\/2016\/02\/0K3A5864-Tzur-Quartet-dombr.jpg?fit=840%2C569&#038;ssl=1\" src=\"https:\/\/i0.wp.com\/www.jazzzeitung.de\/cms\/wp-content\/uploads\/2016\/02\/0K3A5864-Tzur-Quartet-dombr.jpg?w=836&#038;h=567&#038;ssl=1\" srcset=\"https:\/\/i0.wp.com\/www.jazzzeitung.de\/cms\/wp-content\/uploads\/2016\/02\/0K3A5864-Tzur-Quartet-dombr.jpg?w=1280&amp;ssl=1 1280w, https:\/\/i0.wp.com\/www.jazzzeitung.de\/cms\/wp-content\/uploads\/2016\/02\/0K3A5864-Tzur-Quartet-dombr.jpg?resize=300%2C203&amp;ssl=1 300w, https:\/\/i0.wp.com\/www.jazzzeitung.de\/cms\/wp-content\/uploads\/2016\/02\/0K3A5864-Tzur-Quartet-dombr.jpg?resize=768%2C521&amp;ssl=1 768w, https:\/\/i0.wp.com\/www.jazzzeitung.de\/cms\/wp-content\/uploads\/2016\/02\/0K3A5864-Tzur-Quartet-dombr.jpg?resize=885%2C600&amp;ssl=1 885w, https:\/\/i0.wp.com\/www.jazzzeitung.de\/cms\/wp-content\/uploads\/2016\/02\/0K3A5864-Tzur-Quartet-dombr.jpg?resize=900%2C610&amp;ssl=1 900w\" width=\"836\" height=\"567\" loading=\"lazy\" data-original-width=\"836\" data-original-height=\"567\" itemprop=\"http:\/\/schema.org\/image\" title=\"0K3A5864, Tzur Quartet (dombr)\" alt=\"Oded Tzur Quartet\" style=\"width: 836px; height: 567px;\" \/> <\/a> <div class=\"tiled-gallery-caption\" itemprop=\"caption description\"> Oded Tzur Quartet <\/div> <\/div> <\/div> <!-- close group --> <\/div> <!-- close row --> <\/div>\n<p>Von Ralf Dombrowski &#8211; Manchmal bleibt es r\u00e4tselhaft, warum sich Musiker mit einer bestimmten Band umgeben. Man stelle sich vor, Jazzmeia Horn h\u00e4tte bei ihrem Gastspiel in der M\u00fcnchner <a href=\"http:\/\/www.unterfahrt.de\/\">Unterfahrt<\/a> ebenb\u00fcrtige Kollegen an ihrer Seite gehabt. Aus dem so schon erstaunlichen, vor Pr\u00e4senz und Pers\u00f6nlichkeit nur so spr\u00fchenden Konzert w\u00e4re wahrscheinlich ein musikalisches Erlebnis geworden, das jeder im Club noch seinen Enkeln erz\u00e4hlt h\u00e4tte. So jedenfalls konnte man vor allem eine S\u00e4ngerin erleben, die viele ihrer Stimmgenossinnen m\u00fchelos abh\u00e4ngt, weil sie sich der Lieder, die sie pr\u00e4sentiert, mit einer Selbstverst\u00e4ndlichkeit annimmt, die jedes Wort, jede Geste, jedes Ornament zu einem Ausdruck ihrer \u00dcberzeugung und Gegenwart werden l\u00e4sst. Jazzmeia Horn lebt die Standards mit jedem Hauch ihres Atems. Sie hat eine bet\u00f6rend charmante, umfassende Stimme, hat Soul, Swing, kann Scatten, doch ihre gro\u00dfe Besonderheit ist das ergreifende Storytelling, kulminierend etwa in einem \u201eLush Life\u201c, das zu Tr\u00e4nen r\u00fchren konnte.<\/p>\n<p>Damit war sie das Zentrum einer Jazzwoche, die M\u00fcnchen in schlafraubender Dichte ein grandioses Konzert nach dem anderen bot, wobei jedes f\u00fcr sich kaum unterschiedlicher h\u00e4tte sein k\u00f6nnen. James Carter zum Beispiel, der Hochleistungssaxophonist aus den Neunzigern, kam im Trio mit dem Organisten Gerard Gibbs und Drummer Alex White in die Unterfahrt. Den Hang zum Zirzensischen hatte er noch immer, schaffte es aber, trotz bew\u00e4hrter Gimmicks wie knallenden Stopps, ausgedehnter Zirkulationsatmungst\u00f6ne oder wild coltranesken Tonfl\u00e4chen, immer wieder zum Kern amerikanisch souligen Gef\u00fchls zur\u00fcckzufinden, was nicht zuletzt auch an seinen ebenso agilen wie l\u00e4ssig kommunizierenden Begleitern lag.<\/p>\n<p>Tags zuvor war im selben Club das Trio des Pianisten Pablo Held zu Gast. Laut Ansage wollten sich die Musiker treiben lassen und im Laufe zweier starker Konzerth\u00e4lften gelang ihnen dieser Strom der Intuitionen um ein Orientierungsger\u00fcst eigener Kompositionen mit der Unmittelbarkeit eines seit zehn Jahren bis in die Nuancen hinein verfeinerten Bandflows, der ebenso fein wie pointiert Songarchitekturen generierte. Demgegen\u00fcber wirke das Quartett des israelischen Saxophonisten Oded Tzur bei der Matinee des <a href=\"http:\/\/www.bmw-welt.com\/de\/events\/jazz_awards_2016.html\">BWM Welt Jazz Awards<\/a> weitaus reservierter, konstruierter. Auch hier wurde mit dynamischen Extremkontrasten vom kaum H\u00f6rbaren bis zum \u00dcberbordenden gearbeitet. Doch die Musik wirkte dabei trotz ekstatischer Passagen konstruiert und konnte die Distanz zur eigenen Konzepthaftigkeit nicht \u00fcberwinden. Trotzdem war es ein gelungener, weil pastellfarbiger Abschluss einer Musikwoche, die etwa mit Christopher Dells Trio D.R.A. noch weitere Herausforderungen h\u00e4tte bieten k\u00f6nnen, h\u00e4tte nicht irgendwann auch der Nachtschlaf sein Recht eingefordert.<\/p>\n<p>Die Eindr\u00fccke der Jazzevents hielt Ralf Dombrowski in seinen wirkungsvollen Fotos fest.<\/p>\n","protected":false},"excerpt":{"rendered":"<p>Von Ralf Dombrowski &#8211; Manchmal bleibt es r\u00e4tselhaft, warum sich Musiker mit einer bestimmten Band umgeben. Man stelle sich vor, Jazzmeia Horn h\u00e4tte bei ihrem Gastspiel in der M\u00fcnchner Unterfahrt ebenb\u00fcrtige Kollegen an ihrer Seite gehabt. Aus dem so schon erstaunlichen, vor Pr\u00e4senz und Pers\u00f6nlichkeit nur so spr\u00fchenden Konzert w\u00e4re wahrscheinlich ein musikalisches Erlebnis geworden, das jeder im Club noch seinen Enkeln erz\u00e4hlt h\u00e4tte. So jedenfalls konnte man vor allem eine S\u00e4ngerin erleben, die viele ihrer Stimmgenossinnen m\u00fchelos abh\u00e4ngt, weil sie sich der Lieder, die sie pr\u00e4sentiert, mit einer Selbstverst\u00e4ndlichkeit annimmt, die jedes Wort, jede Geste, jedes Ornament zu einem Ausdruck ihrer \u00dcberzeugung und Gegenwart werden l\u00e4sst. Jazzmeia Horn lebt die Standards mit jedem Hauch ihres Atems. Sie hat eine bet\u00f6rend charmante, umfassende Stimme, hat Soul, Swing, kann Scatten, doch ihre gro\u00dfe Besonderheit ist das ergreifende Storytelling, kulminierend etwa in einem \u201eLush Life\u201c, das zu Tr\u00e4nen r\u00fchren konnte. Damit war sie das Zentrum einer Jazzwoche, die M\u00fcnchen in schlafraubender Dichte ein grandioses Konzert nach dem anderen bot, wobei jedes f\u00fcr sich kaum unterschiedlicher h\u00e4tte sein k\u00f6nnen. James Carter zum Beispiel, der Hochleistungssaxophonist aus den Neunzigern, &hellip;<\/p>\n","protected":false},"author":18,"featured_media":0,"comment_status":"open","ping_status":"closed","sticky":false,"template":"","format":"standard","meta":{"_jetpack_memberships_contains_paid_content":false,"footnotes":"","jetpack_publicize_message":"","jetpack_publicize_feature_enabled":true,"jetpack_social_post_already_shared":false,"jetpack_social_options":{"image_generator_settings":{"template":"highway","default_image_id":0,"font":"","enabled":false},"version":2}},"categories":[652,633],"tags":[120,153,322,401,146,535,573],"coauthors":[695],"class_list":["post-8268","post","type-post","status-publish","format-standard","hentry","category-galerie","category-nachrichten","tag-club","tag-dra","tag-konzert-2","tag-muenchen","tag-dombrowski","tag-swing","tag-unterfahrt"],"yoast_head":"<!-- This site is optimized with the Yoast SEO plugin v27.5 - https:\/\/yoast.com\/product\/yoast-seo-wordpress\/ -->\n<title>Kalenderwoche 4 - Mehr Jazz geht kaum - JazzZeitung<\/title>\n<meta name=\"robots\" content=\"index, follow, max-snippet:-1, max-image-preview:large, max-video-preview:-1\" \/>\n<link rel=\"canonical\" href=\"https:\/\/www.jazzzeitung.de\/cms\/2016\/02\/kw-4-mehr-jazz-geht-kaum\/\" \/>\n<meta property=\"og:locale\" content=\"de_DE\" \/>\n<meta property=\"og:type\" content=\"article\" \/>\n<meta property=\"og:title\" content=\"Kalenderwoche 4 - Mehr Jazz geht kaum - JazzZeitung\" \/>\n<meta property=\"og:description\" content=\"Von Ralf Dombrowski &#8211; Manchmal bleibt es r\u00e4tselhaft, warum sich Musiker mit einer bestimmten Band umgeben. Man stelle sich vor, Jazzmeia Horn h\u00e4tte bei ihrem Gastspiel in der M\u00fcnchner Unterfahrt ebenb\u00fcrtige Kollegen an ihrer Seite gehabt. Aus dem so schon erstaunlichen, vor Pr\u00e4senz und Pers\u00f6nlichkeit nur so spr\u00fchenden Konzert w\u00e4re wahrscheinlich ein musikalisches Erlebnis geworden, das jeder im Club noch seinen Enkeln erz\u00e4hlt h\u00e4tte. So jedenfalls konnte man vor allem eine S\u00e4ngerin erleben, die viele ihrer Stimmgenossinnen m\u00fchelos abh\u00e4ngt, weil sie sich der Lieder, die sie pr\u00e4sentiert, mit einer Selbstverst\u00e4ndlichkeit annimmt, die jedes Wort, jede Geste, jedes Ornament zu einem Ausdruck ihrer \u00dcberzeugung und Gegenwart werden l\u00e4sst. Jazzmeia Horn lebt die Standards mit jedem Hauch ihres Atems. Sie hat eine bet\u00f6rend charmante, umfassende Stimme, hat Soul, Swing, kann Scatten, doch ihre gro\u00dfe Besonderheit ist das ergreifende Storytelling, kulminierend etwa in einem \u201eLush Life\u201c, das zu Tr\u00e4nen r\u00fchren konnte. Damit war sie das Zentrum einer Jazzwoche, die M\u00fcnchen in schlafraubender Dichte ein grandioses Konzert nach dem anderen bot, wobei jedes f\u00fcr sich kaum unterschiedlicher h\u00e4tte sein k\u00f6nnen. James Carter zum Beispiel, der Hochleistungssaxophonist aus den Neunzigern, &hellip;\" \/>\n<meta property=\"og:url\" content=\"https:\/\/www.jazzzeitung.de\/cms\/2016\/02\/kw-4-mehr-jazz-geht-kaum\/\" \/>\n<meta property=\"og:site_name\" content=\"JazzZeitung\" \/>\n<meta property=\"article:publisher\" content=\"https:\/\/www.facebook.com\/JazzZeitung\/\" \/>\n<meta property=\"article:published_time\" content=\"2016-02-02T16:00:37+00:00\" \/>\n<meta property=\"article:modified_time\" content=\"2016-02-02T16:18:45+00:00\" \/>\n<meta property=\"og:image\" content=\"https:\/\/i0.wp.com\/www.jazzzeitung.de\/cms\/wp-content\/uploads\/2016\/02\/0K3A5561-Derschmidt-Horn-dombr.jpg?w=576&#038;h=384&#038;ssl=1\" \/>\n<meta name=\"author\" content=\"Redaktion JazzZeitung\" \/>\n<script type=\"application\/ld+json\" class=\"yoast-schema-graph\">{\"@context\":\"https:\\\/\\\/schema.org\",\"@graph\":[{\"@type\":\"Article\",\"@id\":\"https:\\\/\\\/www.jazzzeitung.de\\\/cms\\\/2016\\\/02\\\/kw-4-mehr-jazz-geht-kaum\\\/#article\",\"isPartOf\":{\"@id\":\"https:\\\/\\\/www.jazzzeitung.de\\\/cms\\\/2016\\\/02\\\/kw-4-mehr-jazz-geht-kaum\\\/\"},\"author\":{\"name\":\"Redaktion JazzZeitung\",\"@id\":\"https:\\\/\\\/www.jazzzeitung.de\\\/cms\\\/#\\\/schema\\\/person\\\/2245b36b9cd1d24cea10f01c031fb92b\"},\"headline\":\"Kalenderwoche 4 &#8211; Mehr Jazz geht kaum\",\"datePublished\":\"2016-02-02T16:00:37+00:00\",\"dateModified\":\"2016-02-02T16:18:45+00:00\",\"mainEntityOfPage\":{\"@id\":\"https:\\\/\\\/www.jazzzeitung.de\\\/cms\\\/2016\\\/02\\\/kw-4-mehr-jazz-geht-kaum\\\/\"},\"wordCount\":449,\"commentCount\":0,\"publisher\":{\"@id\":\"https:\\\/\\\/www.jazzzeitung.de\\\/cms\\\/#organization\"},\"keywords\":[\"Club\",\"DRA\",\"Konzert\",\"M\u00fcnchen\",\"Ralf Dombrowski\",\"Swing\",\"Unterfahrt\"],\"articleSection\":[\"Galerie\",\"News\"],\"inLanguage\":\"de\",\"potentialAction\":[{\"@type\":\"CommentAction\",\"name\":\"Comment\",\"target\":[\"https:\\\/\\\/www.jazzzeitung.de\\\/cms\\\/2016\\\/02\\\/kw-4-mehr-jazz-geht-kaum\\\/#respond\"]}]},{\"@type\":\"WebPage\",\"@id\":\"https:\\\/\\\/www.jazzzeitung.de\\\/cms\\\/2016\\\/02\\\/kw-4-mehr-jazz-geht-kaum\\\/\",\"url\":\"https:\\\/\\\/www.jazzzeitung.de\\\/cms\\\/2016\\\/02\\\/kw-4-mehr-jazz-geht-kaum\\\/\",\"name\":\"Kalenderwoche 4 - Mehr Jazz geht kaum - JazzZeitung\",\"isPartOf\":{\"@id\":\"https:\\\/\\\/www.jazzzeitung.de\\\/cms\\\/#website\"},\"datePublished\":\"2016-02-02T16:00:37+00:00\",\"dateModified\":\"2016-02-02T16:18:45+00:00\",\"breadcrumb\":{\"@id\":\"https:\\\/\\\/www.jazzzeitung.de\\\/cms\\\/2016\\\/02\\\/kw-4-mehr-jazz-geht-kaum\\\/#breadcrumb\"},\"inLanguage\":\"de\",\"potentialAction\":[{\"@type\":\"ReadAction\",\"target\":[\"https:\\\/\\\/www.jazzzeitung.de\\\/cms\\\/2016\\\/02\\\/kw-4-mehr-jazz-geht-kaum\\\/\"]}]},{\"@type\":\"BreadcrumbList\",\"@id\":\"https:\\\/\\\/www.jazzzeitung.de\\\/cms\\\/2016\\\/02\\\/kw-4-mehr-jazz-geht-kaum\\\/#breadcrumb\",\"itemListElement\":[{\"@type\":\"ListItem\",\"position\":1,\"name\":\"Startseite\",\"item\":\"https:\\\/\\\/www.jazzzeitung.de\\\/cms\\\/\"},{\"@type\":\"ListItem\",\"position\":2,\"name\":\"Kalenderwoche 4 &#8211; Mehr Jazz geht kaum\"}]},{\"@type\":\"WebSite\",\"@id\":\"https:\\\/\\\/www.jazzzeitung.de\\\/cms\\\/#website\",\"url\":\"https:\\\/\\\/www.jazzzeitung.de\\\/cms\\\/\",\"name\":\"JazzZeitung\",\"description\":\"Jazz-News und Jazz-Kontroverses\",\"publisher\":{\"@id\":\"https:\\\/\\\/www.jazzzeitung.de\\\/cms\\\/#organization\"},\"potentialAction\":[{\"@type\":\"SearchAction\",\"target\":{\"@type\":\"EntryPoint\",\"urlTemplate\":\"https:\\\/\\\/www.jazzzeitung.de\\\/cms\\\/?s={search_term_string}\"},\"query-input\":{\"@type\":\"PropertyValueSpecification\",\"valueRequired\":true,\"valueName\":\"search_term_string\"}}],\"inLanguage\":\"de\"},{\"@type\":\"Organization\",\"@id\":\"https:\\\/\\\/www.jazzzeitung.de\\\/cms\\\/#organization\",\"name\":\"JazzZeitung online\",\"url\":\"https:\\\/\\\/www.jazzzeitung.de\\\/cms\\\/\",\"logo\":{\"@type\":\"ImageObject\",\"inLanguage\":\"de\",\"@id\":\"https:\\\/\\\/www.jazzzeitung.de\\\/cms\\\/#\\\/schema\\\/logo\\\/image\\\/\",\"url\":\"https:\\\/\\\/i0.wp.com\\\/www.jazzzeitung.de\\\/cms\\\/wp-content\\\/uploads\\\/2015\\\/08\\\/JAZZZEITUNGDE_Logo_Neu.png?fit=499%2C200&ssl=1\",\"contentUrl\":\"https:\\\/\\\/i0.wp.com\\\/www.jazzzeitung.de\\\/cms\\\/wp-content\\\/uploads\\\/2015\\\/08\\\/JAZZZEITUNGDE_Logo_Neu.png?fit=499%2C200&ssl=1\",\"width\":499,\"height\":200,\"caption\":\"JazzZeitung online\"},\"image\":{\"@id\":\"https:\\\/\\\/www.jazzzeitung.de\\\/cms\\\/#\\\/schema\\\/logo\\\/image\\\/\"},\"sameAs\":[\"https:\\\/\\\/www.facebook.com\\\/JazzZeitung\\\/\"]},{\"@type\":\"Person\",\"@id\":\"https:\\\/\\\/www.jazzzeitung.de\\\/cms\\\/#\\\/schema\\\/person\\\/2245b36b9cd1d24cea10f01c031fb92b\",\"name\":\"Redaktion JazzZeitung\",\"image\":{\"@type\":\"ImageObject\",\"inLanguage\":\"de\",\"@id\":\"https:\\\/\\\/i0.wp.com\\\/www.jazzzeitung.de\\\/cms\\\/wp-content\\\/uploads\\\/2015\\\/08\\\/JAZZZEITUNGDE_Logo_Neu.png?resize=96%2C96&ssl=159975dcacb611b5700bd619b5daf0a7a\",\"url\":\"https:\\\/\\\/i0.wp.com\\\/www.jazzzeitung.de\\\/cms\\\/wp-content\\\/uploads\\\/2015\\\/08\\\/JAZZZEITUNGDE_Logo_Neu.png?resize=96%2C96&ssl=1\",\"contentUrl\":\"https:\\\/\\\/i0.wp.com\\\/www.jazzzeitung.de\\\/cms\\\/wp-content\\\/uploads\\\/2015\\\/08\\\/JAZZZEITUNGDE_Logo_Neu.png?resize=96%2C96&ssl=1\",\"caption\":\"Redaktion JazzZeitung\"},\"description\":\"Artikel der Redaktion der JazzZeitung.\",\"sameAs\":[\"http:\\\/\\\/www.jazzzeitung.de\\\/cms\\\/\"],\"url\":\"https:\\\/\\\/www.jazzzeitung.de\\\/cms\\\/author\\\/redaktion\\\/\"}]}<\/script>\n<!-- \/ Yoast SEO plugin. -->","yoast_head_json":{"title":"Kalenderwoche 4 - Mehr Jazz geht kaum - JazzZeitung","robots":{"index":"index","follow":"follow","max-snippet":"max-snippet:-1","max-image-preview":"max-image-preview:large","max-video-preview":"max-video-preview:-1"},"canonical":"https:\/\/www.jazzzeitung.de\/cms\/2016\/02\/kw-4-mehr-jazz-geht-kaum\/","og_locale":"de_DE","og_type":"article","og_title":"Kalenderwoche 4 - Mehr Jazz geht kaum - JazzZeitung","og_description":"Von Ralf Dombrowski &#8211; Manchmal bleibt es r\u00e4tselhaft, warum sich Musiker mit einer bestimmten Band umgeben. Man stelle sich vor, Jazzmeia Horn h\u00e4tte bei ihrem Gastspiel in der M\u00fcnchner Unterfahrt ebenb\u00fcrtige Kollegen an ihrer Seite gehabt. Aus dem so schon erstaunlichen, vor Pr\u00e4senz und Pers\u00f6nlichkeit nur so spr\u00fchenden Konzert w\u00e4re wahrscheinlich ein musikalisches Erlebnis geworden, das jeder im Club noch seinen Enkeln erz\u00e4hlt h\u00e4tte. So jedenfalls konnte man vor allem eine S\u00e4ngerin erleben, die viele ihrer Stimmgenossinnen m\u00fchelos abh\u00e4ngt, weil sie sich der Lieder, die sie pr\u00e4sentiert, mit einer Selbstverst\u00e4ndlichkeit annimmt, die jedes Wort, jede Geste, jedes Ornament zu einem Ausdruck ihrer \u00dcberzeugung und Gegenwart werden l\u00e4sst. Jazzmeia Horn lebt die Standards mit jedem Hauch ihres Atems. Sie hat eine bet\u00f6rend charmante, umfassende Stimme, hat Soul, Swing, kann Scatten, doch ihre gro\u00dfe Besonderheit ist das ergreifende Storytelling, kulminierend etwa in einem \u201eLush Life\u201c, das zu Tr\u00e4nen r\u00fchren konnte. Damit war sie das Zentrum einer Jazzwoche, die M\u00fcnchen in schlafraubender Dichte ein grandioses Konzert nach dem anderen bot, wobei jedes f\u00fcr sich kaum unterschiedlicher h\u00e4tte sein k\u00f6nnen. James Carter zum Beispiel, der Hochleistungssaxophonist aus den Neunzigern, &hellip;","og_url":"https:\/\/www.jazzzeitung.de\/cms\/2016\/02\/kw-4-mehr-jazz-geht-kaum\/","og_site_name":"JazzZeitung","article_publisher":"https:\/\/www.facebook.com\/JazzZeitung\/","article_published_time":"2016-02-02T16:00:37+00:00","article_modified_time":"2016-02-02T16:18:45+00:00","og_image":[{"url":"https:\/\/i0.wp.com\/www.jazzzeitung.de\/cms\/wp-content\/uploads\/2016\/02\/0K3A5561-Derschmidt-Horn-dombr.jpg?w=576&#038;h=384&#038;ssl=1","type":"","width":"","height":""}],"author":"Redaktion JazzZeitung","schema":{"@context":"https:\/\/schema.org","@graph":[{"@type":"Article","@id":"https:\/\/www.jazzzeitung.de\/cms\/2016\/02\/kw-4-mehr-jazz-geht-kaum\/#article","isPartOf":{"@id":"https:\/\/www.jazzzeitung.de\/cms\/2016\/02\/kw-4-mehr-jazz-geht-kaum\/"},"author":{"name":"Redaktion JazzZeitung","@id":"https:\/\/www.jazzzeitung.de\/cms\/#\/schema\/person\/2245b36b9cd1d24cea10f01c031fb92b"},"headline":"Kalenderwoche 4 &#8211; Mehr Jazz geht kaum","datePublished":"2016-02-02T16:00:37+00:00","dateModified":"2016-02-02T16:18:45+00:00","mainEntityOfPage":{"@id":"https:\/\/www.jazzzeitung.de\/cms\/2016\/02\/kw-4-mehr-jazz-geht-kaum\/"},"wordCount":449,"commentCount":0,"publisher":{"@id":"https:\/\/www.jazzzeitung.de\/cms\/#organization"},"keywords":["Club","DRA","Konzert","M\u00fcnchen","Ralf Dombrowski","Swing","Unterfahrt"],"articleSection":["Galerie","News"],"inLanguage":"de","potentialAction":[{"@type":"CommentAction","name":"Comment","target":["https:\/\/www.jazzzeitung.de\/cms\/2016\/02\/kw-4-mehr-jazz-geht-kaum\/#respond"]}]},{"@type":"WebPage","@id":"https:\/\/www.jazzzeitung.de\/cms\/2016\/02\/kw-4-mehr-jazz-geht-kaum\/","url":"https:\/\/www.jazzzeitung.de\/cms\/2016\/02\/kw-4-mehr-jazz-geht-kaum\/","name":"Kalenderwoche 4 - Mehr Jazz geht kaum - JazzZeitung","isPartOf":{"@id":"https:\/\/www.jazzzeitung.de\/cms\/#website"},"datePublished":"2016-02-02T16:00:37+00:00","dateModified":"2016-02-02T16:18:45+00:00","breadcrumb":{"@id":"https:\/\/www.jazzzeitung.de\/cms\/2016\/02\/kw-4-mehr-jazz-geht-kaum\/#breadcrumb"},"inLanguage":"de","potentialAction":[{"@type":"ReadAction","target":["https:\/\/www.jazzzeitung.de\/cms\/2016\/02\/kw-4-mehr-jazz-geht-kaum\/"]}]},{"@type":"BreadcrumbList","@id":"https:\/\/www.jazzzeitung.de\/cms\/2016\/02\/kw-4-mehr-jazz-geht-kaum\/#breadcrumb","itemListElement":[{"@type":"ListItem","position":1,"name":"Startseite","item":"https:\/\/www.jazzzeitung.de\/cms\/"},{"@type":"ListItem","position":2,"name":"Kalenderwoche 4 &#8211; Mehr Jazz geht kaum"}]},{"@type":"WebSite","@id":"https:\/\/www.jazzzeitung.de\/cms\/#website","url":"https:\/\/www.jazzzeitung.de\/cms\/","name":"JazzZeitung","description":"Jazz-News und Jazz-Kontroverses","publisher":{"@id":"https:\/\/www.jazzzeitung.de\/cms\/#organization"},"potentialAction":[{"@type":"SearchAction","target":{"@type":"EntryPoint","urlTemplate":"https:\/\/www.jazzzeitung.de\/cms\/?s={search_term_string}"},"query-input":{"@type":"PropertyValueSpecification","valueRequired":true,"valueName":"search_term_string"}}],"inLanguage":"de"},{"@type":"Organization","@id":"https:\/\/www.jazzzeitung.de\/cms\/#organization","name":"JazzZeitung online","url":"https:\/\/www.jazzzeitung.de\/cms\/","logo":{"@type":"ImageObject","inLanguage":"de","@id":"https:\/\/www.jazzzeitung.de\/cms\/#\/schema\/logo\/image\/","url":"https:\/\/i0.wp.com\/www.jazzzeitung.de\/cms\/wp-content\/uploads\/2015\/08\/JAZZZEITUNGDE_Logo_Neu.png?fit=499%2C200&ssl=1","contentUrl":"https:\/\/i0.wp.com\/www.jazzzeitung.de\/cms\/wp-content\/uploads\/2015\/08\/JAZZZEITUNGDE_Logo_Neu.png?fit=499%2C200&ssl=1","width":499,"height":200,"caption":"JazzZeitung online"},"image":{"@id":"https:\/\/www.jazzzeitung.de\/cms\/#\/schema\/logo\/image\/"},"sameAs":["https:\/\/www.facebook.com\/JazzZeitung\/"]},{"@type":"Person","@id":"https:\/\/www.jazzzeitung.de\/cms\/#\/schema\/person\/2245b36b9cd1d24cea10f01c031fb92b","name":"Redaktion JazzZeitung","image":{"@type":"ImageObject","inLanguage":"de","@id":"https:\/\/i0.wp.com\/www.jazzzeitung.de\/cms\/wp-content\/uploads\/2015\/08\/JAZZZEITUNGDE_Logo_Neu.png?resize=96%2C96&ssl=159975dcacb611b5700bd619b5daf0a7a","url":"https:\/\/i0.wp.com\/www.jazzzeitung.de\/cms\/wp-content\/uploads\/2015\/08\/JAZZZEITUNGDE_Logo_Neu.png?resize=96%2C96&ssl=1","contentUrl":"https:\/\/i0.wp.com\/www.jazzzeitung.de\/cms\/wp-content\/uploads\/2015\/08\/JAZZZEITUNGDE_Logo_Neu.png?resize=96%2C96&ssl=1","caption":"Redaktion JazzZeitung"},"description":"Artikel der Redaktion der JazzZeitung.","sameAs":["http:\/\/www.jazzzeitung.de\/cms\/"],"url":"https:\/\/www.jazzzeitung.de\/cms\/author\/redaktion\/"}]}},"wp-worthy-pixel":{"ignored":false,"public":null,"server":null,"url":null},"wp-worthy-type":"normal","jetpack_publicize_connections":[],"cc_featured_image_caption":{"caption_text":false,"source_text":false,"source_url":false},"jetpack_featured_media_url":"","jetpack_shortlink":"https:\/\/wp.me\/p3KEcT-29m","jetpack-related-posts":[{"id":7785,"url":"https:\/\/www.jazzzeitung.de\/cms\/2015\/11\/7785\/","url_meta":{"origin":8268,"position":0},"title":"Kamasi Washington in der Unterfahrt \u2013 ganz gro\u00dfer Bahnhof","author":"Redaktion JazzZeitung","date":"20. November 2015","format":"gallery","excerpt":"Kamasi Washington in der Unterfahrt \u2013 ganz gro\u00dfer Bahnhof: das Konzert seit 5 Monaten ausverkauft, ein Zusatzkonzert vorgeschaltet, um der Nachfrage zumindest ein wenig gerecht zu werden, ein 18m langer Nightliner vor dem Club, sowas erlebt die Unterfahrt auch nicht alle Tage\u2026und dann: Jazzer steigen aus, ohne All\u00fcren, entspannt, freundlich,\u2026","rel":"","context":"In &quot;Galerie&quot;","block_context":{"text":"Galerie","link":"https:\/\/www.jazzzeitung.de\/cms\/thema\/galerie\/"},"img":{"alt_text":"","src":"https:\/\/i0.wp.com\/www.jazzzeitung.de\/cms\/wp-content\/uploads\/2015\/11\/P1110609-Washington-Kamasi-Foto-TJ-Krebs-jazzphotoagency.jpg?resize=350%2C200","width":350,"height":200,"srcset":"https:\/\/i0.wp.com\/www.jazzzeitung.de\/cms\/wp-content\/uploads\/2015\/11\/P1110609-Washington-Kamasi-Foto-TJ-Krebs-jazzphotoagency.jpg?resize=350%2C200 1x, https:\/\/i0.wp.com\/www.jazzzeitung.de\/cms\/wp-content\/uploads\/2015\/11\/P1110609-Washington-Kamasi-Foto-TJ-Krebs-jazzphotoagency.jpg?resize=525%2C300 1.5x, https:\/\/i0.wp.com\/www.jazzzeitung.de\/cms\/wp-content\/uploads\/2015\/11\/P1110609-Washington-Kamasi-Foto-TJ-Krebs-jazzphotoagency.jpg?resize=700%2C400 2x, https:\/\/i0.wp.com\/www.jazzzeitung.de\/cms\/wp-content\/uploads\/2015\/11\/P1110609-Washington-Kamasi-Foto-TJ-Krebs-jazzphotoagency.jpg?resize=1050%2C600 3x, https:\/\/i0.wp.com\/www.jazzzeitung.de\/cms\/wp-content\/uploads\/2015\/11\/P1110609-Washington-Kamasi-Foto-TJ-Krebs-jazzphotoagency.jpg?resize=1400%2C800 4x"},"classes":[]},{"id":4759,"url":"https:\/\/www.jazzzeitung.de\/cms\/2014\/10\/terence-blanchard-mit-band-der-unterfahrt\/","url_meta":{"origin":8268,"position":1},"title":"Terence Blanchard mit Band in der Unterfahrt","author":"Andreas Kolb","date":"27. Oktober 2014","format":"gallery","excerpt":"Terence Blanchard am 24. Oktober in der M\u00fcnchner Unterfahrt: Es war ein Konzert der alten Fusion-Schule mit herausragenden Musikern: Charles Altura, Gitarre, der Kubaner Fabian Almazan an den Keys, Bassist Donald Ramsey und Drummer Oscar Seaton.\u00a0 Die St\u00fccke entwickelten sich \u00fcber lange Distanzen, viele Steigerungen, ausgiebige Solistik mit der\u00a0Tendenz zur\u00a0professionellen\u2026","rel":"","context":"In &quot;Galerie&quot;","block_context":{"text":"Galerie","link":"https:\/\/www.jazzzeitung.de\/cms\/thema\/galerie\/"},"img":{"alt_text":"","src":"https:\/\/i0.wp.com\/www.jazzzeitung.de\/cms\/wp-content\/uploads\/2014\/10\/0K3A5656_Altura_Seaton_dombr.jpg?fit=1200%2C800&ssl=1&resize=350%2C200","width":350,"height":200,"srcset":"https:\/\/i0.wp.com\/www.jazzzeitung.de\/cms\/wp-content\/uploads\/2014\/10\/0K3A5656_Altura_Seaton_dombr.jpg?fit=1200%2C800&ssl=1&resize=350%2C200 1x, https:\/\/i0.wp.com\/www.jazzzeitung.de\/cms\/wp-content\/uploads\/2014\/10\/0K3A5656_Altura_Seaton_dombr.jpg?fit=1200%2C800&ssl=1&resize=525%2C300 1.5x, https:\/\/i0.wp.com\/www.jazzzeitung.de\/cms\/wp-content\/uploads\/2014\/10\/0K3A5656_Altura_Seaton_dombr.jpg?fit=1200%2C800&ssl=1&resize=700%2C400 2x, https:\/\/i0.wp.com\/www.jazzzeitung.de\/cms\/wp-content\/uploads\/2014\/10\/0K3A5656_Altura_Seaton_dombr.jpg?fit=1200%2C800&ssl=1&resize=1050%2C600 3x"},"classes":[]},{"id":24660,"url":"https:\/\/www.jazzzeitung.de\/cms\/2021\/04\/ein-fluegel-viele-kameras-und-ein-programm-voll-musikalischer-empathie-tim-allhoff-gastierte-im-stream-des-jazzclubs-unterfahrt\/","url_meta":{"origin":8268,"position":2},"title":"Ein Fl\u00fcgel, viele Kameras und ein Programm voll musikalischer Empathie &#8211; Tim Allhoff gastierte im Stream des Jazzclubs Unterfahrt.\u00a0","author":"Redaktion JazzZeitung","date":"13. April 2021","format":false,"excerpt":"\u201eIch habe gar nicht mehr gewusst, wie anstrengend das ist\u201c, meinte Tim Allhoff nach dem Konzert. Nat\u00fcrlich sei man als Musiker die ganze Zeit am Spielen, aber eben daheim, in anderen Intervallen, mit schweifender Konzentration. Die B\u00fchne ist ein anderes Kaliber und so wie dem in M\u00fcnchen lebenden Pianisten geht\u2026","rel":"","context":"In &quot;Bericht&quot;","block_context":{"text":"Bericht","link":"https:\/\/www.jazzzeitung.de\/cms\/thema\/bericht\/"},"img":{"alt_text":"","src":"https:\/\/i0.wp.com\/www.jazzzeitung.de\/cms\/wp-content\/uploads\/2021\/04\/DSC03471.jpg?fit=1200%2C800&ssl=1&resize=350%2C200","width":350,"height":200,"srcset":"https:\/\/i0.wp.com\/www.jazzzeitung.de\/cms\/wp-content\/uploads\/2021\/04\/DSC03471.jpg?fit=1200%2C800&ssl=1&resize=350%2C200 1x, https:\/\/i0.wp.com\/www.jazzzeitung.de\/cms\/wp-content\/uploads\/2021\/04\/DSC03471.jpg?fit=1200%2C800&ssl=1&resize=525%2C300 1.5x, https:\/\/i0.wp.com\/www.jazzzeitung.de\/cms\/wp-content\/uploads\/2021\/04\/DSC03471.jpg?fit=1200%2C800&ssl=1&resize=700%2C400 2x, https:\/\/i0.wp.com\/www.jazzzeitung.de\/cms\/wp-content\/uploads\/2021\/04\/DSC03471.jpg?fit=1200%2C800&ssl=1&resize=1050%2C600 3x"},"classes":[]},{"id":27195,"url":"https:\/\/www.jazzzeitung.de\/cms\/2022\/04\/freude-am-transatlantischen-ahnenwerk-richie-beirach-gregor-huebner-in-der-unterfahrt\/","url_meta":{"origin":8268,"position":3},"title":"Freude am transatlantischen Ahnenwerk: Richie Beirach &#038; Gregor H\u00fcbner in der Unterfahrt","author":"Redaktion JazzZeitung","date":"26. April 2022","format":false,"excerpt":"Der Bart ist ab. \u201eCorona ist durch\u201c, meint Gregor H\u00fcbner mit hoffnungsvollem Unterton, ein guter Augenblick also, um auch optisch ein Zeichen zu setzen. \u00dcberhaupt ginge es gerade wieder richtig los. \u201eIch bin jetzt quasi drei\u00dfig Tage auf Tournee\u201c, meint der Geiger, Komponist und Professor an der M\u00fcnchner Hochschule, \u201emit\u2026","rel":"","context":"In &quot;Bericht&quot;","block_context":{"text":"Bericht","link":"https:\/\/www.jazzzeitung.de\/cms\/thema\/bericht\/"},"img":{"alt_text":"","src":"https:\/\/i0.wp.com\/www.jazzzeitung.de\/cms\/wp-content\/uploads\/2022\/04\/DSC07446.jpg?fit=1200%2C800&ssl=1&resize=350%2C200","width":350,"height":200,"srcset":"https:\/\/i0.wp.com\/www.jazzzeitung.de\/cms\/wp-content\/uploads\/2022\/04\/DSC07446.jpg?fit=1200%2C800&ssl=1&resize=350%2C200 1x, https:\/\/i0.wp.com\/www.jazzzeitung.de\/cms\/wp-content\/uploads\/2022\/04\/DSC07446.jpg?fit=1200%2C800&ssl=1&resize=525%2C300 1.5x, https:\/\/i0.wp.com\/www.jazzzeitung.de\/cms\/wp-content\/uploads\/2022\/04\/DSC07446.jpg?fit=1200%2C800&ssl=1&resize=700%2C400 2x, https:\/\/i0.wp.com\/www.jazzzeitung.de\/cms\/wp-content\/uploads\/2022\/04\/DSC07446.jpg?fit=1200%2C800&ssl=1&resize=1050%2C600 3x"},"classes":[]},{"id":3357,"url":"https:\/\/www.jazzzeitung.de\/cms\/2014\/01\/eine-frage-der-aura-die-jazzfotoausstellung-dombrowski-faces-traces-der-muenchner-unterfahrt\/","url_meta":{"origin":8268,"position":4},"title":"Eine Frage der Aura: die Jazzfotoausstellung \u201edombrowski: faces &#8211; traces\u201c in der M\u00fcnchner Unterfahrt","author":"Redaktion JazzZeitung","date":"12. Januar 2014","format":false,"excerpt":"Ganz ohne Leidenschaft geht es nicht. Denn sonst w\u00fcrden die vielen Konzerte, die man als Musikjournalist im Laufe seiner Arbeit erlebt, irgendwann zur H\u00f6rroutine. Eine schreckliche Vorstellung, sowohl f\u00fcr den, der da auf der B\u00fchne steht und von einem Kritiker be\u00e4ugt wird, als auch f\u00fcr den, der sich im Publikum\u2026","rel":"","context":"In &quot;News&quot;","block_context":{"text":"News","link":"https:\/\/www.jazzzeitung.de\/cms\/thema\/nachrichten\/"},"img":{"alt_text":"","src":"https:\/\/i0.wp.com\/www.jazzzeitung.de\/cms\/wp-content\/uploads\/2014\/01\/Stucky-dombr.jpg?fit=800%2C1200&ssl=1&resize=350%2C200","width":350,"height":200,"srcset":"https:\/\/i0.wp.com\/www.jazzzeitung.de\/cms\/wp-content\/uploads\/2014\/01\/Stucky-dombr.jpg?fit=800%2C1200&ssl=1&resize=350%2C200 1x, https:\/\/i0.wp.com\/www.jazzzeitung.de\/cms\/wp-content\/uploads\/2014\/01\/Stucky-dombr.jpg?fit=800%2C1200&ssl=1&resize=525%2C300 1.5x, https:\/\/i0.wp.com\/www.jazzzeitung.de\/cms\/wp-content\/uploads\/2014\/01\/Stucky-dombr.jpg?fit=800%2C1200&ssl=1&resize=700%2C400 2x"},"classes":[]},{"id":10943,"url":"https:\/\/www.jazzzeitung.de\/cms\/2016\/11\/galerie-julian-lage-trio-in-der-muenchner-unterfahrt\/","url_meta":{"origin":8268,"position":5},"title":"Galerie: Julian Lage Trio in der M\u00fcnchner Unterfahrt","author":"Redaktion JazzZeitung","date":"13. November 2016","format":false,"excerpt":"Bluegrass, Country, Jazz, klassische Musik und vieles mehr findet sich in der Musik des amerikanischen Gitarristen Julian Lage aufs Friedlichste vereint. Gelernt hat er unter anderem in \u201eGary Burton's Next Generation Quintet\u201c und reiht sich damit in die Reihe der Weltklasse-Gitarristen ein, die von Burton \"entdeckt\" wurden: Pat Metheny, John\u2026","rel":"","context":"In &quot;Galerie&quot;","block_context":{"text":"Galerie","link":"https:\/\/www.jazzzeitung.de\/cms\/thema\/galerie\/"},"img":{"alt_text":"","src":"https:\/\/i0.wp.com\/www.jazzzeitung.de\/cms\/wp-content\/uploads\/2016\/11\/0K3A4453-Doob-dombr.jpg?resize=350%2C200","width":350,"height":200,"srcset":"https:\/\/i0.wp.com\/www.jazzzeitung.de\/cms\/wp-content\/uploads\/2016\/11\/0K3A4453-Doob-dombr.jpg?resize=350%2C200 1x, https:\/\/i0.wp.com\/www.jazzzeitung.de\/cms\/wp-content\/uploads\/2016\/11\/0K3A4453-Doob-dombr.jpg?resize=525%2C300 1.5x, https:\/\/i0.wp.com\/www.jazzzeitung.de\/cms\/wp-content\/uploads\/2016\/11\/0K3A4453-Doob-dombr.jpg?resize=700%2C400 2x, https:\/\/i0.wp.com\/www.jazzzeitung.de\/cms\/wp-content\/uploads\/2016\/11\/0K3A4453-Doob-dombr.jpg?resize=1050%2C600 3x"},"classes":[]}],"jetpack_sharing_enabled":true,"_links":{"self":[{"href":"https:\/\/www.jazzzeitung.de\/cms\/wp-json\/wp\/v2\/posts\/8268","targetHints":{"allow":["GET"]}}],"collection":[{"href":"https:\/\/www.jazzzeitung.de\/cms\/wp-json\/wp\/v2\/posts"}],"about":[{"href":"https:\/\/www.jazzzeitung.de\/cms\/wp-json\/wp\/v2\/types\/post"}],"author":[{"embeddable":true,"href":"https:\/\/www.jazzzeitung.de\/cms\/wp-json\/wp\/v2\/users\/18"}],"replies":[{"embeddable":true,"href":"https:\/\/www.jazzzeitung.de\/cms\/wp-json\/wp\/v2\/comments?post=8268"}],"version-history":[{"count":11,"href":"https:\/\/www.jazzzeitung.de\/cms\/wp-json\/wp\/v2\/posts\/8268\/revisions"}],"predecessor-version":[{"id":8327,"href":"https:\/\/www.jazzzeitung.de\/cms\/wp-json\/wp\/v2\/posts\/8268\/revisions\/8327"}],"wp:attachment":[{"href":"https:\/\/www.jazzzeitung.de\/cms\/wp-json\/wp\/v2\/media?parent=8268"}],"wp:term":[{"taxonomy":"category","embeddable":true,"href":"https:\/\/www.jazzzeitung.de\/cms\/wp-json\/wp\/v2\/categories?post=8268"},{"taxonomy":"post_tag","embeddable":true,"href":"https:\/\/www.jazzzeitung.de\/cms\/wp-json\/wp\/v2\/tags?post=8268"},{"taxonomy":"author","embeddable":true,"href":"https:\/\/www.jazzzeitung.de\/cms\/wp-json\/wp\/v2\/coauthors?post=8268"}],"curies":[{"name":"wp","href":"https:\/\/api.w.org\/{rel}","templated":true}]}}