{"id":8223,"date":"2016-01-26T19:00:57","date_gmt":"2016-01-26T18:00:57","guid":{"rendered":"http:\/\/www.jazzzeitung.de\/cms\/?p=8223"},"modified":"2016-01-26T18:58:40","modified_gmt":"2016-01-26T17:58:40","slug":"benita","status":"publish","type":"post","link":"https:\/\/www.jazzzeitung.de\/cms\/2016\/01\/benita\/","title":{"rendered":"Best of Benita"},"content":{"rendered":"<div class=\"tiled-gallery type-rectangular tiled-gallery-unresized\" data-original-width=\"840\" data-carousel-extra='{&quot;blog_id&quot;:1,&quot;permalink&quot;:&quot;https:\\\/\\\/www.jazzzeitung.de\\\/cms\\\/2016\\\/01\\\/benita\\\/&quot;,&quot;likes_blog_id&quot;:55446655}' itemscope itemtype=\"http:\/\/schema.org\/ImageGallery\" > <div class=\"gallery-row\" style=\"width: 840px; height: 388px;\" data-original-width=\"840\" data-original-height=\"388\" > <div class=\"gallery-group images-1\" style=\"width: 580px; height: 388px;\" data-original-width=\"580\" data-original-height=\"388\" > <div class=\"tiled-gallery-item tiled-gallery-item-large\" itemprop=\"associatedMedia\" itemscope itemtype=\"http:\/\/schema.org\/ImageObject\"> <a href=\"https:\/\/www.jazzzeitung.de\/cms\/2016\/01\/benita\/mieko-miyazaki-michel-benita-unterfahrt-muenchen-foto-ralf-dombrowski\/\" border=\"0\" itemprop=\"url\"> <meta itemprop=\"width\" content=\"576\"> <meta itemprop=\"height\" content=\"384\"> <img decoding=\"async\" class=\"\" data-attachment-id=\"8229\" data-orig-file=\"https:\/\/www.jazzzeitung.de\/cms\/wp-content\/uploads\/2016\/01\/0K3A3894-Miyazaki-Benita-dombr.jpg\" data-orig-size=\"1280,853\" data-comments-opened=\"1\" data-image-meta=\"{&quot;aperture&quot;:&quot;4&quot;,&quot;credit&quot;:&quot;&quot;,&quot;camera&quot;:&quot;Canon EOS 5D Mark III&quot;,&quot;caption&quot;:&quot;Mieko Miyazaki, Michel Benita, Unterfahrt M\\u00fcnchen, Foto Ralf Dombrowski&quot;,&quot;created_timestamp&quot;:&quot;1453501430&quot;,&quot;copyright&quot;:&quot;&quot;,&quot;focal_length&quot;:&quot;40&quot;,&quot;iso&quot;:&quot;12800&quot;,&quot;shutter_speed&quot;:&quot;0.00625&quot;,&quot;title&quot;:&quot;Mieko Miyazaki, Michel Benita, Unterfahrt M\\u00fcnchen, Foto Ralf Dombrowski&quot;,&quot;orientation&quot;:&quot;1&quot;}\" data-image-title=\"Mieko Miyazaki, Michel Benita, Unterfahrt M\u00fcnchen, Foto Ralf Dombrowski\" data-image-description=\"\" data-medium-file=\"https:\/\/i0.wp.com\/www.jazzzeitung.de\/cms\/wp-content\/uploads\/2016\/01\/0K3A3894-Miyazaki-Benita-dombr.jpg?fit=300%2C200&#038;ssl=1\" data-large-file=\"https:\/\/i0.wp.com\/www.jazzzeitung.de\/cms\/wp-content\/uploads\/2016\/01\/0K3A3894-Miyazaki-Benita-dombr.jpg?fit=840%2C560&#038;ssl=1\" src=\"https:\/\/i0.wp.com\/www.jazzzeitung.de\/cms\/wp-content\/uploads\/2016\/01\/0K3A3894-Miyazaki-Benita-dombr.jpg?w=576&#038;h=384&#038;ssl=1\" srcset=\"https:\/\/i0.wp.com\/www.jazzzeitung.de\/cms\/wp-content\/uploads\/2016\/01\/0K3A3894-Miyazaki-Benita-dombr.jpg?w=1280&amp;ssl=1 1280w, https:\/\/i0.wp.com\/www.jazzzeitung.de\/cms\/wp-content\/uploads\/2016\/01\/0K3A3894-Miyazaki-Benita-dombr.jpg?resize=300%2C200&amp;ssl=1 300w, https:\/\/i0.wp.com\/www.jazzzeitung.de\/cms\/wp-content\/uploads\/2016\/01\/0K3A3894-Miyazaki-Benita-dombr.jpg?resize=768%2C512&amp;ssl=1 768w, https:\/\/i0.wp.com\/www.jazzzeitung.de\/cms\/wp-content\/uploads\/2016\/01\/0K3A3894-Miyazaki-Benita-dombr.jpg?resize=900%2C600&amp;ssl=1 900w\" width=\"576\" height=\"384\" loading=\"lazy\" data-original-width=\"576\" data-original-height=\"384\" itemprop=\"http:\/\/schema.org\/image\" title=\"Mieko Miyazaki, Michel Benita, Unterfahrt M\u00fcnchen, Foto Ralf Dombrowski\" alt=\"Mieko Miyazaki. Foto: Ralf Dombrowski\" style=\"width: 576px; height: 384px;\" \/> <\/a> <div class=\"tiled-gallery-caption\" itemprop=\"caption description\"> Mieko Miyazaki. Foto: Ralf Dombrowski <\/div> <\/div> <\/div> <!-- close group --> <div class=\"gallery-group images-1\" style=\"width: 260px; height: 388px;\" data-original-width=\"260\" data-original-height=\"388\" > <div class=\"tiled-gallery-item tiled-gallery-item-large\" itemprop=\"associatedMedia\" itemscope itemtype=\"http:\/\/schema.org\/ImageObject\"> <a href=\"https:\/\/www.jazzzeitung.de\/cms\/2016\/01\/benita\/eivind-aarset-unterfahrt-muenchen-foto-ralf-dombrowski\/\" border=\"0\" itemprop=\"url\"> <meta itemprop=\"width\" content=\"256\"> <meta itemprop=\"height\" content=\"384\"> <img decoding=\"async\" class=\"\" data-attachment-id=\"8224\" data-orig-file=\"https:\/\/www.jazzzeitung.de\/cms\/wp-content\/uploads\/2016\/01\/0K3A3755-Aarset-dombr.jpg\" data-orig-size=\"853,1280\" data-comments-opened=\"1\" data-image-meta=\"{&quot;aperture&quot;:&quot;4&quot;,&quot;credit&quot;:&quot;&quot;,&quot;camera&quot;:&quot;Canon EOS 5D Mark III&quot;,&quot;caption&quot;:&quot;Eivind Aarset, Unterfahrt M\\u00fcnchen, Foto Ralf Dombrowski&quot;,&quot;created_timestamp&quot;:&quot;1453497455&quot;,&quot;copyright&quot;:&quot;&quot;,&quot;focal_length&quot;:&quot;70&quot;,&quot;iso&quot;:&quot;12800&quot;,&quot;shutter_speed&quot;:&quot;0.00625&quot;,&quot;title&quot;:&quot;Eivind Aarset, Unterfahrt M\\u00fcnchen, Foto Ralf Dombrowski&quot;,&quot;orientation&quot;:&quot;1&quot;}\" data-image-title=\"Eivind Aarset, Unterfahrt M\u00fcnchen, Foto Ralf Dombrowski\" data-image-description=\"\" data-medium-file=\"https:\/\/i0.wp.com\/www.jazzzeitung.de\/cms\/wp-content\/uploads\/2016\/01\/0K3A3755-Aarset-dombr.jpg?fit=200%2C300&#038;ssl=1\" data-large-file=\"https:\/\/i0.wp.com\/www.jazzzeitung.de\/cms\/wp-content\/uploads\/2016\/01\/0K3A3755-Aarset-dombr.jpg?fit=400%2C600&#038;ssl=1\" src=\"https:\/\/i0.wp.com\/www.jazzzeitung.de\/cms\/wp-content\/uploads\/2016\/01\/0K3A3755-Aarset-dombr.jpg?w=256&#038;h=384&#038;ssl=1\" srcset=\"https:\/\/i0.wp.com\/www.jazzzeitung.de\/cms\/wp-content\/uploads\/2016\/01\/0K3A3755-Aarset-dombr.jpg?w=853&amp;ssl=1 853w, https:\/\/i0.wp.com\/www.jazzzeitung.de\/cms\/wp-content\/uploads\/2016\/01\/0K3A3755-Aarset-dombr.jpg?resize=200%2C300&amp;ssl=1 200w, https:\/\/i0.wp.com\/www.jazzzeitung.de\/cms\/wp-content\/uploads\/2016\/01\/0K3A3755-Aarset-dombr.jpg?resize=768%2C1152&amp;ssl=1 768w, https:\/\/i0.wp.com\/www.jazzzeitung.de\/cms\/wp-content\/uploads\/2016\/01\/0K3A3755-Aarset-dombr.jpg?resize=400%2C600&amp;ssl=1 400w\" width=\"256\" height=\"384\" loading=\"lazy\" data-original-width=\"256\" data-original-height=\"384\" itemprop=\"http:\/\/schema.org\/image\" title=\"Eivind Aarset, Unterfahrt M\u00fcnchen, Foto Ralf Dombrowski\" alt=\"Eivind Aarset. Foto: Ralf Dombrowski\" style=\"width: 256px; height: 384px;\" \/> <\/a> <div class=\"tiled-gallery-caption\" itemprop=\"caption description\"> Eivind Aarset. Foto: Ralf Dombrowski <\/div> <\/div> <\/div> <!-- close group --> <\/div> <!-- close row --> <div class=\"gallery-row\" style=\"width: 840px; height: 718px;\" data-original-width=\"840\" data-original-height=\"718\" > <div class=\"gallery-group images-1\" style=\"width: 484px; height: 718px;\" data-original-width=\"484\" data-original-height=\"718\" > <div class=\"tiled-gallery-item tiled-gallery-item-large\" itemprop=\"associatedMedia\" itemscope itemtype=\"http:\/\/schema.org\/ImageObject\"> <a href=\"https:\/\/www.jazzzeitung.de\/cms\/2016\/01\/benita\/michel-benita-unterfahrt-muenchen-foto-ralf-dombrowski\/\" border=\"0\" itemprop=\"url\"> <meta itemprop=\"width\" content=\"480\"> <meta itemprop=\"height\" content=\"714\"> <img decoding=\"async\" class=\"\" data-attachment-id=\"8228\" data-orig-file=\"https:\/\/www.jazzzeitung.de\/cms\/wp-content\/uploads\/2016\/01\/0K3A3866-Benita-dombr.jpg\" data-orig-size=\"860,1280\" data-comments-opened=\"1\" data-image-meta=\"{&quot;aperture&quot;:&quot;4&quot;,&quot;credit&quot;:&quot;&quot;,&quot;camera&quot;:&quot;Canon EOS 5D Mark III&quot;,&quot;caption&quot;:&quot;Michel Benita, Unterfahrt M\\u00fcnchen, Foto Ralf Dombrowski&quot;,&quot;created_timestamp&quot;:&quot;1453499332&quot;,&quot;copyright&quot;:&quot;&quot;,&quot;focal_length&quot;:&quot;184&quot;,&quot;iso&quot;:&quot;12800&quot;,&quot;shutter_speed&quot;:&quot;0.00625&quot;,&quot;title&quot;:&quot;Michel Benita, Unterfahrt M\\u00fcnchen, Foto Ralf Dombrowski&quot;,&quot;orientation&quot;:&quot;1&quot;}\" data-image-title=\"Michel Benita, Unterfahrt M\u00fcnchen, Foto Ralf Dombrowski\" data-image-description=\"\" data-medium-file=\"https:\/\/i0.wp.com\/www.jazzzeitung.de\/cms\/wp-content\/uploads\/2016\/01\/0K3A3866-Benita-dombr.jpg?fit=202%2C300&#038;ssl=1\" data-large-file=\"https:\/\/i0.wp.com\/www.jazzzeitung.de\/cms\/wp-content\/uploads\/2016\/01\/0K3A3866-Benita-dombr.jpg?fit=403%2C600&#038;ssl=1\" src=\"https:\/\/i0.wp.com\/www.jazzzeitung.de\/cms\/wp-content\/uploads\/2016\/01\/0K3A3866-Benita-dombr.jpg?w=480&#038;h=714&#038;ssl=1\" srcset=\"https:\/\/i0.wp.com\/www.jazzzeitung.de\/cms\/wp-content\/uploads\/2016\/01\/0K3A3866-Benita-dombr.jpg?w=860&amp;ssl=1 860w, https:\/\/i0.wp.com\/www.jazzzeitung.de\/cms\/wp-content\/uploads\/2016\/01\/0K3A3866-Benita-dombr.jpg?resize=202%2C300&amp;ssl=1 202w, https:\/\/i0.wp.com\/www.jazzzeitung.de\/cms\/wp-content\/uploads\/2016\/01\/0K3A3866-Benita-dombr.jpg?resize=768%2C1143&amp;ssl=1 768w, https:\/\/i0.wp.com\/www.jazzzeitung.de\/cms\/wp-content\/uploads\/2016\/01\/0K3A3866-Benita-dombr.jpg?resize=403%2C600&amp;ssl=1 403w\" width=\"480\" height=\"714\" loading=\"lazy\" data-original-width=\"480\" data-original-height=\"714\" itemprop=\"http:\/\/schema.org\/image\" title=\"Michel Benita, Unterfahrt M\u00fcnchen, Foto Ralf Dombrowski\" alt=\"Michel Benita Foto: Ralf Dombrowski\" style=\"width: 480px; height: 714px;\" \/> <\/a> <div class=\"tiled-gallery-caption\" itemprop=\"caption description\"> Michel Benita Foto: Ralf Dombrowski <\/div> <\/div> <\/div> <!-- close group --> <div class=\"gallery-group images-3\" style=\"width: 356px; height: 718px;\" data-original-width=\"356\" data-original-height=\"718\" > <div class=\"tiled-gallery-item tiled-gallery-item-large\" itemprop=\"associatedMedia\" itemscope itemtype=\"http:\/\/schema.org\/ImageObject\"> <a href=\"https:\/\/www.jazzzeitung.de\/cms\/2016\/01\/benita\/michel-benita-matthieu-michel-unterfahrt-muenchen-foto-ralf-dombrowski\/\" border=\"0\" itemprop=\"url\"> <meta itemprop=\"width\" content=\"352\"> <meta itemprop=\"height\" content=\"238\"> <img decoding=\"async\" class=\"\" data-attachment-id=\"8227\" data-orig-file=\"https:\/\/www.jazzzeitung.de\/cms\/wp-content\/uploads\/2016\/01\/0K3A3837-Benita-Michel-dombr.jpg\" data-orig-size=\"1280,865\" data-comments-opened=\"1\" data-image-meta=\"{&quot;aperture&quot;:&quot;4&quot;,&quot;credit&quot;:&quot;&quot;,&quot;camera&quot;:&quot;Canon EOS 5D Mark III&quot;,&quot;caption&quot;:&quot;Michel Benita, Matthieu Michel, Unterfahrt M\\u00fcnchen, Foto Ralf Dombrowski&quot;,&quot;created_timestamp&quot;:&quot;1453498690&quot;,&quot;copyright&quot;:&quot;&quot;,&quot;focal_length&quot;:&quot;70&quot;,&quot;iso&quot;:&quot;12800&quot;,&quot;shutter_speed&quot;:&quot;0.00625&quot;,&quot;title&quot;:&quot;Michel Benita, Matthieu Michel, Unterfahrt M\\u00fcnchen, Foto Ralf Dombrowski&quot;,&quot;orientation&quot;:&quot;1&quot;}\" data-image-title=\"Michel Benita, Matthieu Michel, Unterfahrt M\u00fcnchen, Foto Ralf Dombrowski\" data-image-description=\"\" data-medium-file=\"https:\/\/i0.wp.com\/www.jazzzeitung.de\/cms\/wp-content\/uploads\/2016\/01\/0K3A3837-Benita-Michel-dombr.jpg?fit=300%2C203&#038;ssl=1\" data-large-file=\"https:\/\/i0.wp.com\/www.jazzzeitung.de\/cms\/wp-content\/uploads\/2016\/01\/0K3A3837-Benita-Michel-dombr.jpg?fit=840%2C568&#038;ssl=1\" src=\"https:\/\/i0.wp.com\/www.jazzzeitung.de\/cms\/wp-content\/uploads\/2016\/01\/0K3A3837-Benita-Michel-dombr.jpg?w=352&#038;h=238&#038;ssl=1\" srcset=\"https:\/\/i0.wp.com\/www.jazzzeitung.de\/cms\/wp-content\/uploads\/2016\/01\/0K3A3837-Benita-Michel-dombr.jpg?w=1280&amp;ssl=1 1280w, https:\/\/i0.wp.com\/www.jazzzeitung.de\/cms\/wp-content\/uploads\/2016\/01\/0K3A3837-Benita-Michel-dombr.jpg?resize=300%2C203&amp;ssl=1 300w, https:\/\/i0.wp.com\/www.jazzzeitung.de\/cms\/wp-content\/uploads\/2016\/01\/0K3A3837-Benita-Michel-dombr.jpg?resize=768%2C519&amp;ssl=1 768w, https:\/\/i0.wp.com\/www.jazzzeitung.de\/cms\/wp-content\/uploads\/2016\/01\/0K3A3837-Benita-Michel-dombr.jpg?resize=888%2C600&amp;ssl=1 888w, https:\/\/i0.wp.com\/www.jazzzeitung.de\/cms\/wp-content\/uploads\/2016\/01\/0K3A3837-Benita-Michel-dombr.jpg?resize=900%2C608&amp;ssl=1 900w\" width=\"352\" height=\"238\" loading=\"lazy\" data-original-width=\"352\" data-original-height=\"238\" itemprop=\"http:\/\/schema.org\/image\" title=\"Michel Benita, Matthieu Michel, Unterfahrt M\u00fcnchen, Foto Ralf Dombrowski\" alt=\"Matthieu Michel. Foto: Ralf Dombrowski\" style=\"width: 352px; height: 238px;\" \/> <\/a> <div class=\"tiled-gallery-caption\" itemprop=\"caption description\"> Matthieu Michel. Foto: Ralf Dombrowski <\/div> <\/div> <div class=\"tiled-gallery-item tiled-gallery-item-large\" itemprop=\"associatedMedia\" itemscope itemtype=\"http:\/\/schema.org\/ImageObject\"> <a href=\"https:\/\/www.jazzzeitung.de\/cms\/2016\/01\/benita\/mieko-miyazaki-unterfahrt-muenchen-foto-ralf-dombrowski\/\" border=\"0\" itemprop=\"url\"> <meta itemprop=\"width\" content=\"352\"> <meta itemprop=\"height\" content=\"235\"> <img decoding=\"async\" class=\"\" data-attachment-id=\"8225\" data-orig-file=\"https:\/\/www.jazzzeitung.de\/cms\/wp-content\/uploads\/2016\/01\/0K3A3758-Miyazaki-dombr.jpg\" data-orig-size=\"1280,855\" data-comments-opened=\"1\" data-image-meta=\"{&quot;aperture&quot;:&quot;4&quot;,&quot;credit&quot;:&quot;&quot;,&quot;camera&quot;:&quot;Canon EOS 5D Mark III&quot;,&quot;caption&quot;:&quot;Mieko Miyazaki, Unterfahrt M\\u00fcnchen, Foto Ralf Dombrowski&quot;,&quot;created_timestamp&quot;:&quot;1453497541&quot;,&quot;copyright&quot;:&quot;&quot;,&quot;focal_length&quot;:&quot;135&quot;,&quot;iso&quot;:&quot;12800&quot;,&quot;shutter_speed&quot;:&quot;0.01&quot;,&quot;title&quot;:&quot;Mieko Miyazaki, Unterfahrt M\\u00fcnchen, Foto Ralf Dombrowski&quot;,&quot;orientation&quot;:&quot;1&quot;}\" data-image-title=\"Mieko Miyazaki, Unterfahrt M\u00fcnchen, Foto Ralf Dombrowski\" data-image-description=\"\" data-medium-file=\"https:\/\/i0.wp.com\/www.jazzzeitung.de\/cms\/wp-content\/uploads\/2016\/01\/0K3A3758-Miyazaki-dombr.jpg?fit=300%2C200&#038;ssl=1\" data-large-file=\"https:\/\/i0.wp.com\/www.jazzzeitung.de\/cms\/wp-content\/uploads\/2016\/01\/0K3A3758-Miyazaki-dombr.jpg?fit=840%2C561&#038;ssl=1\" src=\"https:\/\/i0.wp.com\/www.jazzzeitung.de\/cms\/wp-content\/uploads\/2016\/01\/0K3A3758-Miyazaki-dombr.jpg?w=352&#038;h=235&#038;ssl=1\" srcset=\"https:\/\/i0.wp.com\/www.jazzzeitung.de\/cms\/wp-content\/uploads\/2016\/01\/0K3A3758-Miyazaki-dombr.jpg?w=1280&amp;ssl=1 1280w, https:\/\/i0.wp.com\/www.jazzzeitung.de\/cms\/wp-content\/uploads\/2016\/01\/0K3A3758-Miyazaki-dombr.jpg?resize=300%2C200&amp;ssl=1 300w, https:\/\/i0.wp.com\/www.jazzzeitung.de\/cms\/wp-content\/uploads\/2016\/01\/0K3A3758-Miyazaki-dombr.jpg?resize=768%2C513&amp;ssl=1 768w, https:\/\/i0.wp.com\/www.jazzzeitung.de\/cms\/wp-content\/uploads\/2016\/01\/0K3A3758-Miyazaki-dombr.jpg?resize=898%2C600&amp;ssl=1 898w, https:\/\/i0.wp.com\/www.jazzzeitung.de\/cms\/wp-content\/uploads\/2016\/01\/0K3A3758-Miyazaki-dombr.jpg?resize=900%2C601&amp;ssl=1 900w\" width=\"352\" height=\"235\" loading=\"lazy\" data-original-width=\"352\" data-original-height=\"235\" itemprop=\"http:\/\/schema.org\/image\" title=\"Mieko Miyazaki, Unterfahrt M\u00fcnchen, Foto Ralf Dombrowski\" alt=\"Mieko Miyazaki. Foto: Ralf Dombrowski\" style=\"width: 352px; height: 235px;\" \/> <\/a> <div class=\"tiled-gallery-caption\" itemprop=\"caption description\"> Mieko Miyazaki. Foto: Ralf Dombrowski <\/div> <\/div> <div class=\"tiled-gallery-item tiled-gallery-item-large\" itemprop=\"associatedMedia\" itemscope itemtype=\"http:\/\/schema.org\/ImageObject\"> <a href=\"https:\/\/www.jazzzeitung.de\/cms\/2016\/01\/benita\/philippe-garcia-unterfahrt-muenchen-foto-ralf-dombrowski\/\" border=\"0\" itemprop=\"url\"> <meta itemprop=\"width\" content=\"352\"> <meta itemprop=\"height\" content=\"233\"> <img decoding=\"async\" class=\"\" data-attachment-id=\"8226\" data-orig-file=\"https:\/\/www.jazzzeitung.de\/cms\/wp-content\/uploads\/2016\/01\/0K3A3768-Garcia-dombr.jpg\" data-orig-size=\"1280,848\" data-comments-opened=\"1\" data-image-meta=\"{&quot;aperture&quot;:&quot;4&quot;,&quot;credit&quot;:&quot;&quot;,&quot;camera&quot;:&quot;Canon EOS 5D Mark III&quot;,&quot;caption&quot;:&quot;Philippe Garcia, Unterfahrt M\\u00fcnchen, Foto Ralf Dombrowski&quot;,&quot;created_timestamp&quot;:&quot;1453497865&quot;,&quot;copyright&quot;:&quot;&quot;,&quot;focal_length&quot;:&quot;131&quot;,&quot;iso&quot;:&quot;12800&quot;,&quot;shutter_speed&quot;:&quot;0.00625&quot;,&quot;title&quot;:&quot;Philippe Garcia, Unterfahrt M\\u00fcnchen, Foto Ralf Dombrowski&quot;,&quot;orientation&quot;:&quot;1&quot;}\" data-image-title=\"Philippe Garcia, Unterfahrt M\u00fcnchen, Foto Ralf Dombrowski\" data-image-description=\"\" data-medium-file=\"https:\/\/i0.wp.com\/www.jazzzeitung.de\/cms\/wp-content\/uploads\/2016\/01\/0K3A3768-Garcia-dombr.jpg?fit=300%2C199&#038;ssl=1\" data-large-file=\"https:\/\/i0.wp.com\/www.jazzzeitung.de\/cms\/wp-content\/uploads\/2016\/01\/0K3A3768-Garcia-dombr.jpg?fit=840%2C556&#038;ssl=1\" src=\"https:\/\/i0.wp.com\/www.jazzzeitung.de\/cms\/wp-content\/uploads\/2016\/01\/0K3A3768-Garcia-dombr.jpg?w=352&#038;h=233&#038;ssl=1\" srcset=\"https:\/\/i0.wp.com\/www.jazzzeitung.de\/cms\/wp-content\/uploads\/2016\/01\/0K3A3768-Garcia-dombr.jpg?w=1280&amp;ssl=1 1280w, https:\/\/i0.wp.com\/www.jazzzeitung.de\/cms\/wp-content\/uploads\/2016\/01\/0K3A3768-Garcia-dombr.jpg?resize=300%2C199&amp;ssl=1 300w, https:\/\/i0.wp.com\/www.jazzzeitung.de\/cms\/wp-content\/uploads\/2016\/01\/0K3A3768-Garcia-dombr.jpg?resize=768%2C509&amp;ssl=1 768w, https:\/\/i0.wp.com\/www.jazzzeitung.de\/cms\/wp-content\/uploads\/2016\/01\/0K3A3768-Garcia-dombr.jpg?resize=900%2C596&amp;ssl=1 900w\" width=\"352\" height=\"233\" loading=\"lazy\" data-original-width=\"352\" data-original-height=\"233\" itemprop=\"http:\/\/schema.org\/image\" title=\"Philippe Garcia, Unterfahrt M\u00fcnchen, Foto Ralf Dombrowski\" alt=\"Philippe Garcia.Foto: Ralf Dombrowski\" style=\"width: 352px; height: 233px;\" \/> <\/a> <div class=\"tiled-gallery-caption\" itemprop=\"caption description\"> Philippe Garcia.Foto: Ralf Dombrowski <\/div> <\/div> <\/div> <!-- close group --> <\/div> <!-- close row --> <\/div>\n<p>Das All-Star-Ensemble &#8218;Ethics&#8216;, in dem der Bassist und Komponist Michel Benita mit so starken Pers\u00f6nlichkeiten wie Mieko Miyazaki, Eivind Aarset, Philippe Garcia und Matthieu Michel spielt, war Anfang 2015 im Studio gewesen, um mit ECM ein neues Album aufzunehmen. Das Resultat dieser Aufnahmen pr\u00e4sentierten sie in einem wundersch\u00f6nen Konzert am 22. Januar im M\u00fcnchner Jazzclub Unterfahrt. Die stimmungsvollen Bilder machte Ralf Dombrowski.<\/p>\n","protected":false},"excerpt":{"rendered":"<p>Das All-Star-Ensemble &#8218;Ethics&#8216;, in dem der Bassist und Komponist Michel Benita mit so starken Pers\u00f6nlichkeiten wie Mieko Miyazaki, Eivind Aarset, Philippe Garcia und Matthieu Michel spielt, war Anfang 2015 im Studio gewesen, um mit ECM ein neues Album aufzunehmen. Das Resultat dieser Aufnahmen pr\u00e4sentierten sie in einem wundersch\u00f6nen Konzert am 22. Januar im M\u00fcnchner Jazzclub Unterfahrt. Die stimmungsvollen Bilder machte Ralf Dombrowski.<\/p>\n","protected":false},"author":18,"featured_media":0,"comment_status":"open","ping_status":"closed","sticky":false,"template":"","format":"standard","meta":{"_jetpack_memberships_contains_paid_content":false,"footnotes":"","jetpack_publicize_message":"","jetpack_publicize_feature_enabled":true,"jetpack_social_post_already_shared":false,"jetpack_social_options":{"image_generator_settings":{"template":"highway","default_image_id":0,"font":"","enabled":false},"version":2}},"categories":[652],"tags":[34,69,158,271,809,322,146,485,573],"coauthors":[695],"class_list":["post-8223","post","type-post","status-publish","format-standard","hentry","category-galerie","tag-album","tag-best-of","tag-ecm","tag-jazzclub","tag-jazzclub-unterfahrt","tag-konzert-2","tag-dombrowski","tag-sampler","tag-unterfahrt"],"yoast_head":"<!-- This site is optimized with the Yoast SEO plugin v27.5 - https:\/\/yoast.com\/product\/yoast-seo-wordpress\/ -->\n<title>Best of Benita - JazzZeitung<\/title>\n<meta name=\"robots\" content=\"index, follow, max-snippet:-1, max-image-preview:large, max-video-preview:-1\" \/>\n<link rel=\"canonical\" href=\"https:\/\/www.jazzzeitung.de\/cms\/2016\/01\/benita\/\" \/>\n<meta property=\"og:locale\" content=\"de_DE\" \/>\n<meta property=\"og:type\" content=\"article\" \/>\n<meta property=\"og:title\" content=\"Best of Benita - JazzZeitung\" \/>\n<meta property=\"og:description\" content=\"Das All-Star-Ensemble &#8218;Ethics&#8216;, in dem der Bassist und Komponist Michel Benita mit so starken Pers\u00f6nlichkeiten wie Mieko Miyazaki, Eivind Aarset, Philippe Garcia und Matthieu Michel spielt, war Anfang 2015 im Studio gewesen, um mit ECM ein neues Album aufzunehmen. Das Resultat dieser Aufnahmen pr\u00e4sentierten sie in einem wundersch\u00f6nen Konzert am 22. Januar im M\u00fcnchner Jazzclub Unterfahrt. Die stimmungsvollen Bilder machte Ralf Dombrowski.\" \/>\n<meta property=\"og:url\" content=\"https:\/\/www.jazzzeitung.de\/cms\/2016\/01\/benita\/\" \/>\n<meta property=\"og:site_name\" content=\"JazzZeitung\" \/>\n<meta property=\"article:publisher\" content=\"https:\/\/www.facebook.com\/JazzZeitung\/\" \/>\n<meta property=\"article:published_time\" content=\"2016-01-26T18:00:57+00:00\" \/>\n<meta property=\"og:image\" content=\"https:\/\/i0.wp.com\/www.jazzzeitung.de\/cms\/wp-content\/uploads\/2016\/01\/0K3A3894-Miyazaki-Benita-dombr.jpg?w=576&#038;h=384&#038;ssl=1\" \/>\n<meta name=\"author\" content=\"Redaktion JazzZeitung\" \/>\n<script type=\"application\/ld+json\" class=\"yoast-schema-graph\">{\"@context\":\"https:\\\/\\\/schema.org\",\"@graph\":[{\"@type\":\"Article\",\"@id\":\"https:\\\/\\\/www.jazzzeitung.de\\\/cms\\\/2016\\\/01\\\/benita\\\/#article\",\"isPartOf\":{\"@id\":\"https:\\\/\\\/www.jazzzeitung.de\\\/cms\\\/2016\\\/01\\\/benita\\\/\"},\"author\":{\"name\":\"Redaktion JazzZeitung\",\"@id\":\"https:\\\/\\\/www.jazzzeitung.de\\\/cms\\\/#\\\/schema\\\/person\\\/2245b36b9cd1d24cea10f01c031fb92b\"},\"headline\":\"Best of Benita\",\"datePublished\":\"2016-01-26T18:00:57+00:00\",\"mainEntityOfPage\":{\"@id\":\"https:\\\/\\\/www.jazzzeitung.de\\\/cms\\\/2016\\\/01\\\/benita\\\/\"},\"wordCount\":71,\"commentCount\":0,\"publisher\":{\"@id\":\"https:\\\/\\\/www.jazzzeitung.de\\\/cms\\\/#organization\"},\"keywords\":[\"Album\",\"Best of\",\"ECM\",\"Jazzclub\",\"Jazzclub Unterfahrt\",\"Konzert\",\"Ralf Dombrowski\",\"Sampler\",\"Unterfahrt\"],\"articleSection\":[\"Galerie\"],\"inLanguage\":\"de\",\"potentialAction\":[{\"@type\":\"CommentAction\",\"name\":\"Comment\",\"target\":[\"https:\\\/\\\/www.jazzzeitung.de\\\/cms\\\/2016\\\/01\\\/benita\\\/#respond\"]}]},{\"@type\":\"WebPage\",\"@id\":\"https:\\\/\\\/www.jazzzeitung.de\\\/cms\\\/2016\\\/01\\\/benita\\\/\",\"url\":\"https:\\\/\\\/www.jazzzeitung.de\\\/cms\\\/2016\\\/01\\\/benita\\\/\",\"name\":\"Best of Benita - JazzZeitung\",\"isPartOf\":{\"@id\":\"https:\\\/\\\/www.jazzzeitung.de\\\/cms\\\/#website\"},\"datePublished\":\"2016-01-26T18:00:57+00:00\",\"breadcrumb\":{\"@id\":\"https:\\\/\\\/www.jazzzeitung.de\\\/cms\\\/2016\\\/01\\\/benita\\\/#breadcrumb\"},\"inLanguage\":\"de\",\"potentialAction\":[{\"@type\":\"ReadAction\",\"target\":[\"https:\\\/\\\/www.jazzzeitung.de\\\/cms\\\/2016\\\/01\\\/benita\\\/\"]}]},{\"@type\":\"BreadcrumbList\",\"@id\":\"https:\\\/\\\/www.jazzzeitung.de\\\/cms\\\/2016\\\/01\\\/benita\\\/#breadcrumb\",\"itemListElement\":[{\"@type\":\"ListItem\",\"position\":1,\"name\":\"Startseite\",\"item\":\"https:\\\/\\\/www.jazzzeitung.de\\\/cms\\\/\"},{\"@type\":\"ListItem\",\"position\":2,\"name\":\"Best of Benita\"}]},{\"@type\":\"WebSite\",\"@id\":\"https:\\\/\\\/www.jazzzeitung.de\\\/cms\\\/#website\",\"url\":\"https:\\\/\\\/www.jazzzeitung.de\\\/cms\\\/\",\"name\":\"JazzZeitung\",\"description\":\"Jazz-News und Jazz-Kontroverses\",\"publisher\":{\"@id\":\"https:\\\/\\\/www.jazzzeitung.de\\\/cms\\\/#organization\"},\"potentialAction\":[{\"@type\":\"SearchAction\",\"target\":{\"@type\":\"EntryPoint\",\"urlTemplate\":\"https:\\\/\\\/www.jazzzeitung.de\\\/cms\\\/?s={search_term_string}\"},\"query-input\":{\"@type\":\"PropertyValueSpecification\",\"valueRequired\":true,\"valueName\":\"search_term_string\"}}],\"inLanguage\":\"de\"},{\"@type\":\"Organization\",\"@id\":\"https:\\\/\\\/www.jazzzeitung.de\\\/cms\\\/#organization\",\"name\":\"JazzZeitung online\",\"url\":\"https:\\\/\\\/www.jazzzeitung.de\\\/cms\\\/\",\"logo\":{\"@type\":\"ImageObject\",\"inLanguage\":\"de\",\"@id\":\"https:\\\/\\\/www.jazzzeitung.de\\\/cms\\\/#\\\/schema\\\/logo\\\/image\\\/\",\"url\":\"https:\\\/\\\/i0.wp.com\\\/www.jazzzeitung.de\\\/cms\\\/wp-content\\\/uploads\\\/2015\\\/08\\\/JAZZZEITUNGDE_Logo_Neu.png?fit=499%2C200&ssl=1\",\"contentUrl\":\"https:\\\/\\\/i0.wp.com\\\/www.jazzzeitung.de\\\/cms\\\/wp-content\\\/uploads\\\/2015\\\/08\\\/JAZZZEITUNGDE_Logo_Neu.png?fit=499%2C200&ssl=1\",\"width\":499,\"height\":200,\"caption\":\"JazzZeitung online\"},\"image\":{\"@id\":\"https:\\\/\\\/www.jazzzeitung.de\\\/cms\\\/#\\\/schema\\\/logo\\\/image\\\/\"},\"sameAs\":[\"https:\\\/\\\/www.facebook.com\\\/JazzZeitung\\\/\"]},{\"@type\":\"Person\",\"@id\":\"https:\\\/\\\/www.jazzzeitung.de\\\/cms\\\/#\\\/schema\\\/person\\\/2245b36b9cd1d24cea10f01c031fb92b\",\"name\":\"Redaktion JazzZeitung\",\"image\":{\"@type\":\"ImageObject\",\"inLanguage\":\"de\",\"@id\":\"https:\\\/\\\/i0.wp.com\\\/www.jazzzeitung.de\\\/cms\\\/wp-content\\\/uploads\\\/2015\\\/08\\\/JAZZZEITUNGDE_Logo_Neu.png?resize=96%2C96&ssl=159975dcacb611b5700bd619b5daf0a7a\",\"url\":\"https:\\\/\\\/i0.wp.com\\\/www.jazzzeitung.de\\\/cms\\\/wp-content\\\/uploads\\\/2015\\\/08\\\/JAZZZEITUNGDE_Logo_Neu.png?resize=96%2C96&ssl=1\",\"contentUrl\":\"https:\\\/\\\/i0.wp.com\\\/www.jazzzeitung.de\\\/cms\\\/wp-content\\\/uploads\\\/2015\\\/08\\\/JAZZZEITUNGDE_Logo_Neu.png?resize=96%2C96&ssl=1\",\"caption\":\"Redaktion JazzZeitung\"},\"description\":\"Artikel der Redaktion der JazzZeitung.\",\"sameAs\":[\"http:\\\/\\\/www.jazzzeitung.de\\\/cms\\\/\"],\"url\":\"https:\\\/\\\/www.jazzzeitung.de\\\/cms\\\/author\\\/redaktion\\\/\"}]}<\/script>\n<!-- \/ Yoast SEO plugin. -->","yoast_head_json":{"title":"Best of Benita - JazzZeitung","robots":{"index":"index","follow":"follow","max-snippet":"max-snippet:-1","max-image-preview":"max-image-preview:large","max-video-preview":"max-video-preview:-1"},"canonical":"https:\/\/www.jazzzeitung.de\/cms\/2016\/01\/benita\/","og_locale":"de_DE","og_type":"article","og_title":"Best of Benita - JazzZeitung","og_description":"Das All-Star-Ensemble &#8218;Ethics&#8216;, in dem der Bassist und Komponist Michel Benita mit so starken Pers\u00f6nlichkeiten wie Mieko Miyazaki, Eivind Aarset, Philippe Garcia und Matthieu Michel spielt, war Anfang 2015 im Studio gewesen, um mit ECM ein neues Album aufzunehmen. Das Resultat dieser Aufnahmen pr\u00e4sentierten sie in einem wundersch\u00f6nen Konzert am 22. Januar im M\u00fcnchner Jazzclub Unterfahrt. Die stimmungsvollen Bilder machte Ralf Dombrowski.","og_url":"https:\/\/www.jazzzeitung.de\/cms\/2016\/01\/benita\/","og_site_name":"JazzZeitung","article_publisher":"https:\/\/www.facebook.com\/JazzZeitung\/","article_published_time":"2016-01-26T18:00:57+00:00","og_image":[{"url":"https:\/\/i0.wp.com\/www.jazzzeitung.de\/cms\/wp-content\/uploads\/2016\/01\/0K3A3894-Miyazaki-Benita-dombr.jpg?w=576&#038;h=384&#038;ssl=1","type":"","width":"","height":""}],"author":"Redaktion JazzZeitung","schema":{"@context":"https:\/\/schema.org","@graph":[{"@type":"Article","@id":"https:\/\/www.jazzzeitung.de\/cms\/2016\/01\/benita\/#article","isPartOf":{"@id":"https:\/\/www.jazzzeitung.de\/cms\/2016\/01\/benita\/"},"author":{"name":"Redaktion JazzZeitung","@id":"https:\/\/www.jazzzeitung.de\/cms\/#\/schema\/person\/2245b36b9cd1d24cea10f01c031fb92b"},"headline":"Best of Benita","datePublished":"2016-01-26T18:00:57+00:00","mainEntityOfPage":{"@id":"https:\/\/www.jazzzeitung.de\/cms\/2016\/01\/benita\/"},"wordCount":71,"commentCount":0,"publisher":{"@id":"https:\/\/www.jazzzeitung.de\/cms\/#organization"},"keywords":["Album","Best of","ECM","Jazzclub","Jazzclub Unterfahrt","Konzert","Ralf Dombrowski","Sampler","Unterfahrt"],"articleSection":["Galerie"],"inLanguage":"de","potentialAction":[{"@type":"CommentAction","name":"Comment","target":["https:\/\/www.jazzzeitung.de\/cms\/2016\/01\/benita\/#respond"]}]},{"@type":"WebPage","@id":"https:\/\/www.jazzzeitung.de\/cms\/2016\/01\/benita\/","url":"https:\/\/www.jazzzeitung.de\/cms\/2016\/01\/benita\/","name":"Best of Benita - JazzZeitung","isPartOf":{"@id":"https:\/\/www.jazzzeitung.de\/cms\/#website"},"datePublished":"2016-01-26T18:00:57+00:00","breadcrumb":{"@id":"https:\/\/www.jazzzeitung.de\/cms\/2016\/01\/benita\/#breadcrumb"},"inLanguage":"de","potentialAction":[{"@type":"ReadAction","target":["https:\/\/www.jazzzeitung.de\/cms\/2016\/01\/benita\/"]}]},{"@type":"BreadcrumbList","@id":"https:\/\/www.jazzzeitung.de\/cms\/2016\/01\/benita\/#breadcrumb","itemListElement":[{"@type":"ListItem","position":1,"name":"Startseite","item":"https:\/\/www.jazzzeitung.de\/cms\/"},{"@type":"ListItem","position":2,"name":"Best of Benita"}]},{"@type":"WebSite","@id":"https:\/\/www.jazzzeitung.de\/cms\/#website","url":"https:\/\/www.jazzzeitung.de\/cms\/","name":"JazzZeitung","description":"Jazz-News und Jazz-Kontroverses","publisher":{"@id":"https:\/\/www.jazzzeitung.de\/cms\/#organization"},"potentialAction":[{"@type":"SearchAction","target":{"@type":"EntryPoint","urlTemplate":"https:\/\/www.jazzzeitung.de\/cms\/?s={search_term_string}"},"query-input":{"@type":"PropertyValueSpecification","valueRequired":true,"valueName":"search_term_string"}}],"inLanguage":"de"},{"@type":"Organization","@id":"https:\/\/www.jazzzeitung.de\/cms\/#organization","name":"JazzZeitung online","url":"https:\/\/www.jazzzeitung.de\/cms\/","logo":{"@type":"ImageObject","inLanguage":"de","@id":"https:\/\/www.jazzzeitung.de\/cms\/#\/schema\/logo\/image\/","url":"https:\/\/i0.wp.com\/www.jazzzeitung.de\/cms\/wp-content\/uploads\/2015\/08\/JAZZZEITUNGDE_Logo_Neu.png?fit=499%2C200&ssl=1","contentUrl":"https:\/\/i0.wp.com\/www.jazzzeitung.de\/cms\/wp-content\/uploads\/2015\/08\/JAZZZEITUNGDE_Logo_Neu.png?fit=499%2C200&ssl=1","width":499,"height":200,"caption":"JazzZeitung online"},"image":{"@id":"https:\/\/www.jazzzeitung.de\/cms\/#\/schema\/logo\/image\/"},"sameAs":["https:\/\/www.facebook.com\/JazzZeitung\/"]},{"@type":"Person","@id":"https:\/\/www.jazzzeitung.de\/cms\/#\/schema\/person\/2245b36b9cd1d24cea10f01c031fb92b","name":"Redaktion JazzZeitung","image":{"@type":"ImageObject","inLanguage":"de","@id":"https:\/\/i0.wp.com\/www.jazzzeitung.de\/cms\/wp-content\/uploads\/2015\/08\/JAZZZEITUNGDE_Logo_Neu.png?resize=96%2C96&ssl=159975dcacb611b5700bd619b5daf0a7a","url":"https:\/\/i0.wp.com\/www.jazzzeitung.de\/cms\/wp-content\/uploads\/2015\/08\/JAZZZEITUNGDE_Logo_Neu.png?resize=96%2C96&ssl=1","contentUrl":"https:\/\/i0.wp.com\/www.jazzzeitung.de\/cms\/wp-content\/uploads\/2015\/08\/JAZZZEITUNGDE_Logo_Neu.png?resize=96%2C96&ssl=1","caption":"Redaktion JazzZeitung"},"description":"Artikel der Redaktion der JazzZeitung.","sameAs":["http:\/\/www.jazzzeitung.de\/cms\/"],"url":"https:\/\/www.jazzzeitung.de\/cms\/author\/redaktion\/"}]}},"wp-worthy-pixel":{"ignored":false,"public":null,"server":null,"url":null},"wp-worthy-type":"normal","jetpack_publicize_connections":[],"cc_featured_image_caption":{"caption_text":false,"source_text":false,"source_url":false},"jetpack_featured_media_url":"","jetpack_shortlink":"https:\/\/wp.me\/s3KEcT-benita","jetpack-related-posts":[{"id":16452,"url":"https:\/\/www.jazzzeitung.de\/cms\/2018\/06\/das-duo-bojan-z-julien-lourau-im-jazzclub-unterfahrt\/","url_meta":{"origin":8223,"position":0},"title":"Das Duo Bojan Z &#038; Julien Lourau im Jazzclub Unterfahrt","author":"Redaktion JazzZeitung","date":"21. Juni 2018","format":false,"excerpt":"Das franz\u00f6sische Duo des Pianisten Bojan Z und des Saxophonisten Julien Lourau hat am 15. Juni 2018 ein Konzert in der Unterfahrt in M\u00fcnchen gegeben. Ralf Dombrowski war zugegen, fand es herausragend und hat f\u00fcr die JazzZeitung einige Eindr\u00fccke fotografisch festgehalten:","rel":"","context":"In &quot;Galerie&quot;","block_context":{"text":"Galerie","link":"https:\/\/www.jazzzeitung.de\/cms\/thema\/galerie\/"},"img":{"alt_text":"","src":"https:\/\/i0.wp.com\/www.jazzzeitung.de\/cms\/wp-content\/uploads\/2018\/06\/0K3A2960-Z-Lourau-c-Ralf-Dombrowski.jpg?fit=1200%2C800&ssl=1&resize=350%2C200","width":350,"height":200,"srcset":"https:\/\/i0.wp.com\/www.jazzzeitung.de\/cms\/wp-content\/uploads\/2018\/06\/0K3A2960-Z-Lourau-c-Ralf-Dombrowski.jpg?fit=1200%2C800&ssl=1&resize=350%2C200 1x, https:\/\/i0.wp.com\/www.jazzzeitung.de\/cms\/wp-content\/uploads\/2018\/06\/0K3A2960-Z-Lourau-c-Ralf-Dombrowski.jpg?fit=1200%2C800&ssl=1&resize=525%2C300 1.5x, https:\/\/i0.wp.com\/www.jazzzeitung.de\/cms\/wp-content\/uploads\/2018\/06\/0K3A2960-Z-Lourau-c-Ralf-Dombrowski.jpg?fit=1200%2C800&ssl=1&resize=700%2C400 2x, https:\/\/i0.wp.com\/www.jazzzeitung.de\/cms\/wp-content\/uploads\/2018\/06\/0K3A2960-Z-Lourau-c-Ralf-Dombrowski.jpg?fit=1200%2C800&ssl=1&resize=1050%2C600 3x"},"classes":[]},{"id":10943,"url":"https:\/\/www.jazzzeitung.de\/cms\/2016\/11\/galerie-julian-lage-trio-in-der-muenchner-unterfahrt\/","url_meta":{"origin":8223,"position":1},"title":"Galerie: Julian Lage Trio in der M\u00fcnchner Unterfahrt","author":"Redaktion JazzZeitung","date":"13. November 2016","format":false,"excerpt":"Bluegrass, Country, Jazz, klassische Musik und vieles mehr findet sich in der Musik des amerikanischen Gitarristen Julian Lage aufs Friedlichste vereint. Gelernt hat er unter anderem in \u201eGary Burton's Next Generation Quintet\u201c und reiht sich damit in die Reihe der Weltklasse-Gitarristen ein, die von Burton \"entdeckt\" wurden: Pat Metheny, John\u2026","rel":"","context":"In &quot;Galerie&quot;","block_context":{"text":"Galerie","link":"https:\/\/www.jazzzeitung.de\/cms\/thema\/galerie\/"},"img":{"alt_text":"","src":"https:\/\/i0.wp.com\/www.jazzzeitung.de\/cms\/wp-content\/uploads\/2016\/11\/0K3A4453-Doob-dombr.jpg?resize=350%2C200","width":350,"height":200,"srcset":"https:\/\/i0.wp.com\/www.jazzzeitung.de\/cms\/wp-content\/uploads\/2016\/11\/0K3A4453-Doob-dombr.jpg?resize=350%2C200 1x, https:\/\/i0.wp.com\/www.jazzzeitung.de\/cms\/wp-content\/uploads\/2016\/11\/0K3A4453-Doob-dombr.jpg?resize=525%2C300 1.5x, https:\/\/i0.wp.com\/www.jazzzeitung.de\/cms\/wp-content\/uploads\/2016\/11\/0K3A4453-Doob-dombr.jpg?resize=700%2C400 2x, https:\/\/i0.wp.com\/www.jazzzeitung.de\/cms\/wp-content\/uploads\/2016\/11\/0K3A4453-Doob-dombr.jpg?resize=1050%2C600 3x"},"classes":[]},{"id":10574,"url":"https:\/\/www.jazzzeitung.de\/cms\/2016\/11\/galerie-uri-cane-trio\/","url_meta":{"origin":8223,"position":2},"title":"Galerie: das Uri Caine Trio im Jazzclub Unterfahrt M\u00fcnchen","author":"Redaktion JazzZeitung","date":"1. November 2016","format":false,"excerpt":"Ausgefeilte harmonische, melodische und rhythmische Strukturen pr\u00e4sentierte das Uri Caine Trio am 13. Oktober im Jazzclub Unterfahrt in M\u00fcnchen bei der Vorstellung des neuen Albums \"Calibrated Thickness\" (Winter&Winter). Ralf Dombrowski war mit der Kamera vor Ort. \u00a0","rel":"","context":"In &quot;Galerie&quot;","block_context":{"text":"Galerie","link":"https:\/\/www.jazzzeitung.de\/cms\/thema\/galerie\/"},"img":{"alt_text":"","src":"https:\/\/i0.wp.com\/www.jazzzeitung.de\/cms\/wp-content\/uploads\/2016\/10\/0K3A0554-Caine-Dombr.jpg?resize=350%2C200","width":350,"height":200,"srcset":"https:\/\/i0.wp.com\/www.jazzzeitung.de\/cms\/wp-content\/uploads\/2016\/10\/0K3A0554-Caine-Dombr.jpg?resize=350%2C200 1x, https:\/\/i0.wp.com\/www.jazzzeitung.de\/cms\/wp-content\/uploads\/2016\/10\/0K3A0554-Caine-Dombr.jpg?resize=525%2C300 1.5x, https:\/\/i0.wp.com\/www.jazzzeitung.de\/cms\/wp-content\/uploads\/2016\/10\/0K3A0554-Caine-Dombr.jpg?resize=700%2C400 2x, https:\/\/i0.wp.com\/www.jazzzeitung.de\/cms\/wp-content\/uploads\/2016\/10\/0K3A0554-Caine-Dombr.jpg?resize=1050%2C600 3x"},"classes":[]},{"id":10269,"url":"https:\/\/www.jazzzeitung.de\/cms\/2016\/10\/iyer-trio\/","url_meta":{"origin":8223,"position":3},"title":"Galerie: Iyer Trio im Jazzclub Unterfahrt in M\u00fcnchen","author":"Redaktion JazzZeitung","date":"18. Oktober 2016","format":false,"excerpt":"Der vom \"Down Beat Magazine\" mehrfach zum \"Artist of the Year\" gew\u00e4hlte Pianist Vijay Iyer war am 4. Oktober mit seinem Trio (Stephan Crump am Bass und Justin Brown an den Drums) zu Gast im Jazzclub Unterfahrt in M\u00fcnchen. Zu h\u00f6ren gab es spielfreudigen Jazz bis an die Grenzen des\u2026","rel":"","context":"In &quot;Galerie&quot;","block_context":{"text":"Galerie","link":"https:\/\/www.jazzzeitung.de\/cms\/thema\/galerie\/"},"img":{"alt_text":"","src":"https:\/\/i0.wp.com\/www.jazzzeitung.de\/cms\/wp-content\/uploads\/2016\/10\/0K3A7777-Iyer-dombr.jpg?fit=900%2C1200&ssl=1&resize=350%2C200","width":350,"height":200,"srcset":"https:\/\/i0.wp.com\/www.jazzzeitung.de\/cms\/wp-content\/uploads\/2016\/10\/0K3A7777-Iyer-dombr.jpg?fit=900%2C1200&ssl=1&resize=350%2C200 1x, https:\/\/i0.wp.com\/www.jazzzeitung.de\/cms\/wp-content\/uploads\/2016\/10\/0K3A7777-Iyer-dombr.jpg?fit=900%2C1200&ssl=1&resize=525%2C300 1.5x, https:\/\/i0.wp.com\/www.jazzzeitung.de\/cms\/wp-content\/uploads\/2016\/10\/0K3A7777-Iyer-dombr.jpg?fit=900%2C1200&ssl=1&resize=700%2C400 2x"},"classes":[]},{"id":11525,"url":"https:\/\/www.jazzzeitung.de\/cms\/2017\/01\/pepe-auer\/","url_meta":{"origin":8223,"position":4},"title":"Pepe Auer zu Gast beim BR Jazzclub Live","author":"Redaktion JazzZeitung","date":"17. Januar 2017","format":false,"excerpt":"Bereits zum zehnten Mal fand der \u201eBR Jazzclub Live\u201c in Kooperation mit BR-Klassik in der Unterfahrt statt. F\u00fcr das Publikum war es wieder einmal das besondere Erlebnis, die Live-Atmosph\u00e4re dieser Radio-Sendereihe mitzuerleben. F\u00fcr die Ausgabe von Jazztime (23:05 bis 0:00 Uhr, am 13. Januar 2017) war der \u00f6sterreichische Bassklarinettist, Saxophonist\u2026","rel":"","context":"In &quot;Galerie&quot;","block_context":{"text":"Galerie","link":"https:\/\/www.jazzzeitung.de\/cms\/thema\/galerie\/"},"img":{"alt_text":"","src":"https:\/\/i0.wp.com\/www.jazzzeitung.de\/cms\/wp-content\/uploads\/2017\/01\/0K3A1264-Auer-Spaemann-Loibner-Hilbe-dombr.jpg?resize=350%2C200","width":350,"height":200,"srcset":"https:\/\/i0.wp.com\/www.jazzzeitung.de\/cms\/wp-content\/uploads\/2017\/01\/0K3A1264-Auer-Spaemann-Loibner-Hilbe-dombr.jpg?resize=350%2C200 1x, https:\/\/i0.wp.com\/www.jazzzeitung.de\/cms\/wp-content\/uploads\/2017\/01\/0K3A1264-Auer-Spaemann-Loibner-Hilbe-dombr.jpg?resize=525%2C300 1.5x, https:\/\/i0.wp.com\/www.jazzzeitung.de\/cms\/wp-content\/uploads\/2017\/01\/0K3A1264-Auer-Spaemann-Loibner-Hilbe-dombr.jpg?resize=700%2C400 2x, https:\/\/i0.wp.com\/www.jazzzeitung.de\/cms\/wp-content\/uploads\/2017\/01\/0K3A1264-Auer-Spaemann-Loibner-Hilbe-dombr.jpg?resize=1050%2C600 3x"},"classes":[]},{"id":11133,"url":"https:\/\/www.jazzzeitung.de\/cms\/2016\/11\/galerie-joey-calderazzo-trio-in-muenchner-unterfahrt\/","url_meta":{"origin":8223,"position":5},"title":"Galerie: Joey Calderazzo Trio in M\u00fcnchner Unterfahrt","author":"Redaktion JazzZeitung","date":"25. November 2016","format":false,"excerpt":"Das Joey Calderazzo Trio gastierte am 17. November im Jazzclub Unterfahrt in M\u00fcnchen. Der Amerikaner Calderazzo nat\u00fcrlich am Piano, Eric Revis am Bass und Donald Edwards an den Drums. Ralf Dombrowski fotografierte und pr\u00e4sentiert hier seine Eindr\u00fccke.","rel":"","context":"In &quot;Galerie&quot;","block_context":{"text":"Galerie","link":"https:\/\/www.jazzzeitung.de\/cms\/thema\/galerie\/"},"img":{"alt_text":"","src":"https:\/\/i0.wp.com\/www.jazzzeitung.de\/cms\/wp-content\/uploads\/2016\/11\/0K3A5771-Calderazzo-hf-dombr.jpg?resize=350%2C200","width":350,"height":200,"srcset":"https:\/\/i0.wp.com\/www.jazzzeitung.de\/cms\/wp-content\/uploads\/2016\/11\/0K3A5771-Calderazzo-hf-dombr.jpg?resize=350%2C200 1x, https:\/\/i0.wp.com\/www.jazzzeitung.de\/cms\/wp-content\/uploads\/2016\/11\/0K3A5771-Calderazzo-hf-dombr.jpg?resize=525%2C300 1.5x, https:\/\/i0.wp.com\/www.jazzzeitung.de\/cms\/wp-content\/uploads\/2016\/11\/0K3A5771-Calderazzo-hf-dombr.jpg?resize=700%2C400 2x"},"classes":[]}],"jetpack_sharing_enabled":true,"_links":{"self":[{"href":"https:\/\/www.jazzzeitung.de\/cms\/wp-json\/wp\/v2\/posts\/8223","targetHints":{"allow":["GET"]}}],"collection":[{"href":"https:\/\/www.jazzzeitung.de\/cms\/wp-json\/wp\/v2\/posts"}],"about":[{"href":"https:\/\/www.jazzzeitung.de\/cms\/wp-json\/wp\/v2\/types\/post"}],"author":[{"embeddable":true,"href":"https:\/\/www.jazzzeitung.de\/cms\/wp-json\/wp\/v2\/users\/18"}],"replies":[{"embeddable":true,"href":"https:\/\/www.jazzzeitung.de\/cms\/wp-json\/wp\/v2\/comments?post=8223"}],"version-history":[{"count":7,"href":"https:\/\/www.jazzzeitung.de\/cms\/wp-json\/wp\/v2\/posts\/8223\/revisions"}],"predecessor-version":[{"id":8240,"href":"https:\/\/www.jazzzeitung.de\/cms\/wp-json\/wp\/v2\/posts\/8223\/revisions\/8240"}],"wp:attachment":[{"href":"https:\/\/www.jazzzeitung.de\/cms\/wp-json\/wp\/v2\/media?parent=8223"}],"wp:term":[{"taxonomy":"category","embeddable":true,"href":"https:\/\/www.jazzzeitung.de\/cms\/wp-json\/wp\/v2\/categories?post=8223"},{"taxonomy":"post_tag","embeddable":true,"href":"https:\/\/www.jazzzeitung.de\/cms\/wp-json\/wp\/v2\/tags?post=8223"},{"taxonomy":"author","embeddable":true,"href":"https:\/\/www.jazzzeitung.de\/cms\/wp-json\/wp\/v2\/coauthors?post=8223"}],"curies":[{"name":"wp","href":"https:\/\/api.w.org\/{rel}","templated":true}]}}