{"id":8167,"date":"2016-01-21T12:32:26","date_gmt":"2016-01-21T11:32:26","guid":{"rendered":"http:\/\/www.jazzzeitung.de\/cms\/?p=8167"},"modified":"2017-11-20T10:25:33","modified_gmt":"2017-11-20T09:25:33","slug":"lorenz-kellhuber-live-hfkm-regensburg-erstmalneues7","status":"publish","type":"post","link":"https:\/\/www.jazzzeitung.de\/cms\/2016\/01\/lorenz-kellhuber-live-hfkm-regensburg-erstmalneues7\/","title":{"rendered":"Lorenz Kellhuber Live @ HfKM Regensburg  \/\/ erstmalneues7"},"content":{"rendered":"<p><a href=\"https:\/\/i0.wp.com\/www.jazzzeitung.de\/cms\/wp-content\/uploads\/2016\/01\/P1410090_Kellhuber-Foto-TJ-Krebs.jpg\" rel=\"attachment wp-att-8170\"><img data-recalc-dims=\"1\" loading=\"lazy\" decoding=\"async\" data-attachment-id=\"8170\" data-permalink=\"https:\/\/www.jazzzeitung.de\/cms\/2016\/01\/lorenz-kellhuber-live-hfkm-regensburg-erstmalneues7\/p1410090_kellhuber-foto-tj-krebs-2\/\" data-orig-file=\"https:\/\/i0.wp.com\/www.jazzzeitung.de\/cms\/wp-content\/uploads\/2016\/01\/P1410090_Kellhuber-Foto-TJ-Krebs.jpg?fit=387%2C384&amp;ssl=1\" data-orig-size=\"387,384\" data-comments-opened=\"1\" data-image-meta=\"{&quot;aperture&quot;:&quot;0&quot;,&quot;credit&quot;:&quot;&quot;,&quot;camera&quot;:&quot;&quot;,&quot;caption&quot;:&quot;&quot;,&quot;created_timestamp&quot;:&quot;0&quot;,&quot;copyright&quot;:&quot;&quot;,&quot;focal_length&quot;:&quot;0&quot;,&quot;iso&quot;:&quot;0&quot;,&quot;shutter_speed&quot;:&quot;0&quot;,&quot;title&quot;:&quot;&quot;,&quot;orientation&quot;:&quot;1&quot;}\" data-image-title=\"P1410090_Kellhuber &amp;#8211; Foto TJ Krebs\" data-image-description=\"\" data-image-caption=\"\" data-large-file=\"https:\/\/i0.wp.com\/www.jazzzeitung.de\/cms\/wp-content\/uploads\/2016\/01\/P1410090_Kellhuber-Foto-TJ-Krebs.jpg?fit=387%2C384&amp;ssl=1\" class=\"alignright size-thumbnail wp-image-8170\" src=\"https:\/\/i0.wp.com\/www.jazzzeitung.de\/cms\/wp-content\/uploads\/2016\/01\/P1410090_Kellhuber-Foto-TJ-Krebs-150x150.jpg?resize=150%2C150\" alt=\"P1410090_Kellhuber - Foto TJ Krebs\" width=\"150\" height=\"150\" srcset=\"https:\/\/i0.wp.com\/www.jazzzeitung.de\/cms\/wp-content\/uploads\/2016\/01\/P1410090_Kellhuber-Foto-TJ-Krebs.jpg?resize=150%2C150&amp;ssl=1 150w, https:\/\/i0.wp.com\/www.jazzzeitung.de\/cms\/wp-content\/uploads\/2016\/01\/P1410090_Kellhuber-Foto-TJ-Krebs.jpg?resize=300%2C298&amp;ssl=1 300w, https:\/\/i0.wp.com\/www.jazzzeitung.de\/cms\/wp-content\/uploads\/2016\/01\/P1410090_Kellhuber-Foto-TJ-Krebs.jpg?resize=144%2C144&amp;ssl=1 144w, https:\/\/i0.wp.com\/www.jazzzeitung.de\/cms\/wp-content\/uploads\/2016\/01\/P1410090_Kellhuber-Foto-TJ-Krebs.jpg?resize=96%2C96&amp;ssl=1 96w, https:\/\/i0.wp.com\/www.jazzzeitung.de\/cms\/wp-content\/uploads\/2016\/01\/P1410090_Kellhuber-Foto-TJ-Krebs.jpg?resize=24%2C24&amp;ssl=1 24w, https:\/\/i0.wp.com\/www.jazzzeitung.de\/cms\/wp-content\/uploads\/2016\/01\/P1410090_Kellhuber-Foto-TJ-Krebs.jpg?resize=36%2C36&amp;ssl=1 36w, https:\/\/i0.wp.com\/www.jazzzeitung.de\/cms\/wp-content\/uploads\/2016\/01\/P1410090_Kellhuber-Foto-TJ-Krebs.jpg?resize=48%2C48&amp;ssl=1 48w, https:\/\/i0.wp.com\/www.jazzzeitung.de\/cms\/wp-content\/uploads\/2016\/01\/P1410090_Kellhuber-Foto-TJ-Krebs.jpg?resize=64%2C64&amp;ssl=1 64w, https:\/\/i0.wp.com\/www.jazzzeitung.de\/cms\/wp-content\/uploads\/2016\/01\/P1410090_Kellhuber-Foto-TJ-Krebs.jpg?resize=32%2C32&amp;ssl=1 32w, https:\/\/i0.wp.com\/www.jazzzeitung.de\/cms\/wp-content\/uploads\/2016\/01\/P1410090_Kellhuber-Foto-TJ-Krebs.jpg?resize=128%2C128&amp;ssl=1 128w, https:\/\/i0.wp.com\/www.jazzzeitung.de\/cms\/wp-content\/uploads\/2016\/01\/P1410090_Kellhuber-Foto-TJ-Krebs.jpg?w=387&amp;ssl=1 387w\" sizes=\"auto, (max-width: 150px) 100vw, 150px\" \/><\/a>Der in M\u00fcnchen geborene und mittlerweile Wahl-Berliner Pianist Lorenz Kellhuber ist ein wirklich au\u00dfergew\u00f6hnliches Talent und musikalisch immens umtriebig. Im Dezember war der Pianist gerade mit seinem Standards Trio (gemeinsam mit Orlando le Fleming am Bass und dem Schlagzeuger Obed Calvaire) im Jazzclub Regensburg und stellte sein aktuelles Standards Album \u201eThe Brooklyn Session\u201c vor &#8211; in der Tat sehr h\u00f6renswert! Daneben spielt er mit dem Lorenz Kellhuber Trio (am Bass dabei Arne Huber und Schlagzeug Gabriel Hahn) ausschlie\u00dflich eigene Kompositionen. Weiterhin tritt er regelm\u00e4\u00dfig solo auf und begeistert das Publikum mit grandiosen Improvisationen.<\/p>\n<p>And now for something complete different wird Kellhuber am 22. Januar im Konzertsaal der Hochschule f\u00fcr Katholische Kirchenmusik und P\u00e4dagogik Regensburg im Rahmen des Projektes \u201e\/\/erstmalneues7\u201c unter dem Motto \u201e7IEBEN\u201c auftreten. Gemeinsam mit der jungen Formation NAMES (\u201eNew Art and Music Ensemble Salzburg\u201c) wird Kellhuber Piano solo auf Klangcollagen des Ensembles antworten und dazu improvisieren. NAMES, das sind junge Musiker aus sechs verschiedenen europ\u00e4ischen L\u00e4ndern, die stets die Begegnung mit anderen Genres suchen, um der Musik neben seiner reinen Sonorit\u00e4t zus\u00e4tzlichen Wirkungsraum einzugestehen. Man darf also absolut gespannt sein, was NAMES und Kellhuber da musikalisch anstellen werden.<\/p>\n<figure id=\"attachment_8171\" aria-describedby=\"caption-attachment-8171\" style=\"width: 840px\" class=\"wp-caption aligncenter\"><a href=\"https:\/\/i0.wp.com\/www.jazzzeitung.de\/cms\/wp-content\/uploads\/2016\/01\/P1410349_Kellhuber-Foto-TJ-Krebs.jpg\" rel=\"attachment wp-att-8171\"><img data-recalc-dims=\"1\" loading=\"lazy\" decoding=\"async\" data-attachment-id=\"8171\" data-permalink=\"https:\/\/www.jazzzeitung.de\/cms\/2016\/01\/lorenz-kellhuber-live-hfkm-regensburg-erstmalneues7\/p1410349_kellhuber-foto-tj-krebs-2\/\" data-orig-file=\"https:\/\/i0.wp.com\/www.jazzzeitung.de\/cms\/wp-content\/uploads\/2016\/01\/P1410349_Kellhuber-Foto-TJ-Krebs.jpg?fit=1280%2C853&amp;ssl=1\" data-orig-size=\"1280,853\" data-comments-opened=\"1\" data-image-meta=\"{&quot;aperture&quot;:&quot;0&quot;,&quot;credit&quot;:&quot;&quot;,&quot;camera&quot;:&quot;&quot;,&quot;caption&quot;:&quot;&quot;,&quot;created_timestamp&quot;:&quot;0&quot;,&quot;copyright&quot;:&quot;&quot;,&quot;focal_length&quot;:&quot;0&quot;,&quot;iso&quot;:&quot;0&quot;,&quot;shutter_speed&quot;:&quot;0&quot;,&quot;title&quot;:&quot;&quot;,&quot;orientation&quot;:&quot;1&quot;}\" data-image-title=\"P1410349_Kellhuber &amp;#8211; Foto TJ Krebs\" data-image-description=\"&lt;p&gt;Kellhuber &amp;#8211; Foto TJ Krebs&lt;\/p&gt;\n\" data-image-caption=\"&lt;p&gt;Kellhuber &amp;#8211; Foto TJ Krebs&lt;\/p&gt;\n\" data-large-file=\"https:\/\/i0.wp.com\/www.jazzzeitung.de\/cms\/wp-content\/uploads\/2016\/01\/P1410349_Kellhuber-Foto-TJ-Krebs.jpg?fit=840%2C560&amp;ssl=1\" class=\"wp-image-8171 size-large\" src=\"https:\/\/i0.wp.com\/www.jazzzeitung.de\/cms\/wp-content\/uploads\/2016\/01\/P1410349_Kellhuber-Foto-TJ-Krebs.jpg?resize=840%2C560&#038;ssl=1\" alt=\"P1410349_Kellhuber - Foto TJ Krebs\" width=\"840\" height=\"560\" srcset=\"https:\/\/i0.wp.com\/www.jazzzeitung.de\/cms\/wp-content\/uploads\/2016\/01\/P1410349_Kellhuber-Foto-TJ-Krebs.jpg?resize=900%2C600&amp;ssl=1 900w, https:\/\/i0.wp.com\/www.jazzzeitung.de\/cms\/wp-content\/uploads\/2016\/01\/P1410349_Kellhuber-Foto-TJ-Krebs.jpg?resize=300%2C200&amp;ssl=1 300w, https:\/\/i0.wp.com\/www.jazzzeitung.de\/cms\/wp-content\/uploads\/2016\/01\/P1410349_Kellhuber-Foto-TJ-Krebs.jpg?resize=768%2C512&amp;ssl=1 768w, https:\/\/i0.wp.com\/www.jazzzeitung.de\/cms\/wp-content\/uploads\/2016\/01\/P1410349_Kellhuber-Foto-TJ-Krebs.jpg?w=1280&amp;ssl=1 1280w\" sizes=\"auto, (max-width: 840px) 100vw, 840px\" \/><\/a><figcaption id=\"caption-attachment-8171\" class=\"wp-caption-text\">Kellhuber &#8211; Foto TJ Krebs<\/figcaption><\/figure>\n<p>Traditionell werden an diesem Abend beim Konzert auch der \u201eNeue Kammerchor\u201c und der \u201eKonzertchor\u201c der HfKM Regensburg wieder mitwirken. Au\u00dfer den Klangkollagen mit Kellhuber &amp; \u201eNAMES\u201c werden an diesem Abend Werke \u00fcber 7IEBEN T\u00f6ne und Werke mit 7IEBEN Texten erklingen, darunter zwei neue Vertonungen der \u201eSieben letzten Worte Jesu\u201c (eine davon als Urauff\u00fchrung des Komponisten Steven Heelein). Weitere Urauff\u00fchrungen von Marco D\u00f6ttlinger, Josef A. Ramsauer und Matthias Leboucher werden ebenfalls Teil des Programms sein. Das Ganze wird musikalisch also ein abwechslungsreicher, anspruchsvoller wie spannender Abend.<\/p>\n<p>Beginn der Veranstaltung am 22.01.2016 ist um 19:30h; Andreasstra\u00dfe 9, 93059 Regensburg &#8211; der Eintritt ist frei!<\/p>\n<p><strong>Text und Fotos: TJ Krebs <\/strong><\/p>\n","protected":false},"excerpt":{"rendered":"<p>Der in M\u00fcnchen geborene und mittlerweile Wahl-Berliner Pianist Lorenz Kellhuber ist ein wirklich au\u00dfergew\u00f6hnliches Talent und musikalisch immens umtriebig. Im Dezember war der Pianist gerade mit seinem Standards Trio (gemeinsam mit Orlando le Fleming am Bass und dem Schlagzeuger Obed Calvaire) im Jazzclub Regensburg und stellte sein aktuelles Standards Album \u201eThe Brooklyn Session\u201c vor &#8211; in der Tat sehr h\u00f6renswert! Daneben spielt er mit dem Lorenz Kellhuber Trio (am Bass dabei Arne Huber und Schlagzeug Gabriel Hahn) ausschlie\u00dflich eigene Kompositionen. Weiterhin tritt er regelm\u00e4\u00dfig solo auf und begeistert das Publikum mit grandiosen Improvisationen. And now for something complete different wird Kellhuber am 22. Januar im Konzertsaal der Hochschule f\u00fcr Katholische Kirchenmusik und P\u00e4dagogik Regensburg im Rahmen des Projektes \u201e\/\/erstmalneues7\u201c unter dem Motto \u201e7IEBEN\u201c auftreten. Gemeinsam mit der jungen Formation NAMES (\u201eNew Art and Music Ensemble Salzburg\u201c) wird Kellhuber Piano solo auf Klangcollagen des Ensembles antworten und dazu improvisieren. NAMES, das sind junge Musiker aus sechs verschiedenen europ\u00e4ischen L\u00e4ndern, die stets die Begegnung mit anderen Genres suchen, um der Musik neben seiner reinen Sonorit\u00e4t zus\u00e4tzlichen Wirkungsraum einzugestehen. Man darf also absolut gespannt sein, was NAMES und &hellip;<\/p>\n","protected":false},"author":35,"featured_media":8171,"comment_status":"open","ping_status":"closed","sticky":false,"template":"","format":"standard","meta":{"_jetpack_memberships_contains_paid_content":false,"footnotes":"","jetpack_publicize_message":"","jetpack_publicize_feature_enabled":true,"jetpack_social_post_already_shared":false,"jetpack_social_options":{"image_generator_settings":{"template":"highway","default_image_id":0,"font":"","enabled":false},"version":2}},"categories":[634],"tags":[1760,1761,737,1036],"coauthors":[1602],"class_list":["post-8167","post","type-post","status-publish","format-standard","has-post-thumbnail","hentry","category-redaktion","tag-erstmalneues7","tag-hfkm-regensburg","tag-jazzclub-regensburg","tag-lorenz-kellhuber"],"yoast_head":"<!-- This site is optimized with the Yoast SEO plugin v27.5 - https:\/\/yoast.com\/product\/yoast-seo-wordpress\/ -->\n<title>Lorenz Kellhuber Live @ HfKM Regensburg \/\/ erstmalneues7 - JazzZeitung<\/title>\n<meta name=\"robots\" content=\"index, follow, max-snippet:-1, max-image-preview:large, max-video-preview:-1\" \/>\n<link rel=\"canonical\" href=\"https:\/\/www.jazzzeitung.de\/cms\/2016\/01\/lorenz-kellhuber-live-hfkm-regensburg-erstmalneues7\/\" \/>\n<meta property=\"og:locale\" content=\"de_DE\" \/>\n<meta property=\"og:type\" content=\"article\" \/>\n<meta property=\"og:title\" content=\"Lorenz Kellhuber Live @ HfKM Regensburg \/\/ erstmalneues7 - JazzZeitung\" \/>\n<meta property=\"og:description\" content=\"Der in M\u00fcnchen geborene und mittlerweile Wahl-Berliner Pianist Lorenz Kellhuber ist ein wirklich au\u00dfergew\u00f6hnliches Talent und musikalisch immens umtriebig. Im Dezember war der Pianist gerade mit seinem Standards Trio (gemeinsam mit Orlando le Fleming am Bass und dem Schlagzeuger Obed Calvaire) im Jazzclub Regensburg und stellte sein aktuelles Standards Album \u201eThe Brooklyn Session\u201c vor &#8211; in der Tat sehr h\u00f6renswert! Daneben spielt er mit dem Lorenz Kellhuber Trio (am Bass dabei Arne Huber und Schlagzeug Gabriel Hahn) ausschlie\u00dflich eigene Kompositionen. Weiterhin tritt er regelm\u00e4\u00dfig solo auf und begeistert das Publikum mit grandiosen Improvisationen. And now for something complete different wird Kellhuber am 22. Januar im Konzertsaal der Hochschule f\u00fcr Katholische Kirchenmusik und P\u00e4dagogik Regensburg im Rahmen des Projektes \u201e\/\/erstmalneues7\u201c unter dem Motto \u201e7IEBEN\u201c auftreten. Gemeinsam mit der jungen Formation NAMES (\u201eNew Art and Music Ensemble Salzburg\u201c) wird Kellhuber Piano solo auf Klangcollagen des Ensembles antworten und dazu improvisieren. NAMES, das sind junge Musiker aus sechs verschiedenen europ\u00e4ischen L\u00e4ndern, die stets die Begegnung mit anderen Genres suchen, um der Musik neben seiner reinen Sonorit\u00e4t zus\u00e4tzlichen Wirkungsraum einzugestehen. Man darf also absolut gespannt sein, was NAMES und &hellip;\" \/>\n<meta property=\"og:url\" content=\"https:\/\/www.jazzzeitung.de\/cms\/2016\/01\/lorenz-kellhuber-live-hfkm-regensburg-erstmalneues7\/\" \/>\n<meta property=\"og:site_name\" content=\"JazzZeitung\" \/>\n<meta property=\"article:publisher\" content=\"https:\/\/www.facebook.com\/JazzZeitung\/\" \/>\n<meta property=\"article:published_time\" content=\"2016-01-21T11:32:26+00:00\" \/>\n<meta property=\"article:modified_time\" content=\"2017-11-20T09:25:33+00:00\" \/>\n<meta property=\"og:image\" content=\"https:\/\/i0.wp.com\/www.jazzzeitung.de\/cms\/wp-content\/uploads\/2016\/01\/P1410349_Kellhuber-Foto-TJ-Krebs.jpg?fit=1280%2C853&ssl=1\" \/>\n\t<meta property=\"og:image:width\" content=\"1280\" \/>\n\t<meta property=\"og:image:height\" content=\"853\" \/>\n\t<meta property=\"og:image:type\" content=\"image\/jpeg\" \/>\n<meta name=\"author\" content=\"Thomas J. Krebs\" \/>\n<script type=\"application\/ld+json\" class=\"yoast-schema-graph\">{\"@context\":\"https:\\\/\\\/schema.org\",\"@graph\":[{\"@type\":\"Article\",\"@id\":\"https:\\\/\\\/www.jazzzeitung.de\\\/cms\\\/2016\\\/01\\\/lorenz-kellhuber-live-hfkm-regensburg-erstmalneues7\\\/#article\",\"isPartOf\":{\"@id\":\"https:\\\/\\\/www.jazzzeitung.de\\\/cms\\\/2016\\\/01\\\/lorenz-kellhuber-live-hfkm-regensburg-erstmalneues7\\\/\"},\"author\":{\"name\":\"Thomas J. Krebs\",\"@id\":\"https:\\\/\\\/www.jazzzeitung.de\\\/cms\\\/#\\\/schema\\\/person\\\/ba94c5bbea92d014d6a3d1f0105daa18\"},\"headline\":\"Lorenz Kellhuber Live @ HfKM Regensburg \\\/\\\/ erstmalneues7\",\"datePublished\":\"2016-01-21T11:32:26+00:00\",\"dateModified\":\"2017-11-20T09:25:33+00:00\",\"mainEntityOfPage\":{\"@id\":\"https:\\\/\\\/www.jazzzeitung.de\\\/cms\\\/2016\\\/01\\\/lorenz-kellhuber-live-hfkm-regensburg-erstmalneues7\\\/\"},\"wordCount\":329,\"commentCount\":0,\"publisher\":{\"@id\":\"https:\\\/\\\/www.jazzzeitung.de\\\/cms\\\/#organization\"},\"image\":{\"@id\":\"https:\\\/\\\/www.jazzzeitung.de\\\/cms\\\/2016\\\/01\\\/lorenz-kellhuber-live-hfkm-regensburg-erstmalneues7\\\/#primaryimage\"},\"thumbnailUrl\":\"https:\\\/\\\/i0.wp.com\\\/www.jazzzeitung.de\\\/cms\\\/wp-content\\\/uploads\\\/2016\\\/01\\\/P1410349_Kellhuber-Foto-TJ-Krebs.jpg?fit=1280%2C853&ssl=1\",\"keywords\":[\"erstmalneues7\",\"HfKM Regensburg\",\"Jazzclub Regensburg\",\"Lorenz Kellhuber\"],\"articleSection\":[\"Redaktionelle Nachrichten\"],\"inLanguage\":\"de\",\"potentialAction\":[{\"@type\":\"CommentAction\",\"name\":\"Comment\",\"target\":[\"https:\\\/\\\/www.jazzzeitung.de\\\/cms\\\/2016\\\/01\\\/lorenz-kellhuber-live-hfkm-regensburg-erstmalneues7\\\/#respond\"]}]},{\"@type\":\"WebPage\",\"@id\":\"https:\\\/\\\/www.jazzzeitung.de\\\/cms\\\/2016\\\/01\\\/lorenz-kellhuber-live-hfkm-regensburg-erstmalneues7\\\/\",\"url\":\"https:\\\/\\\/www.jazzzeitung.de\\\/cms\\\/2016\\\/01\\\/lorenz-kellhuber-live-hfkm-regensburg-erstmalneues7\\\/\",\"name\":\"Lorenz Kellhuber Live @ HfKM Regensburg \\\/\\\/ erstmalneues7 - JazzZeitung\",\"isPartOf\":{\"@id\":\"https:\\\/\\\/www.jazzzeitung.de\\\/cms\\\/#website\"},\"primaryImageOfPage\":{\"@id\":\"https:\\\/\\\/www.jazzzeitung.de\\\/cms\\\/2016\\\/01\\\/lorenz-kellhuber-live-hfkm-regensburg-erstmalneues7\\\/#primaryimage\"},\"image\":{\"@id\":\"https:\\\/\\\/www.jazzzeitung.de\\\/cms\\\/2016\\\/01\\\/lorenz-kellhuber-live-hfkm-regensburg-erstmalneues7\\\/#primaryimage\"},\"thumbnailUrl\":\"https:\\\/\\\/i0.wp.com\\\/www.jazzzeitung.de\\\/cms\\\/wp-content\\\/uploads\\\/2016\\\/01\\\/P1410349_Kellhuber-Foto-TJ-Krebs.jpg?fit=1280%2C853&ssl=1\",\"datePublished\":\"2016-01-21T11:32:26+00:00\",\"dateModified\":\"2017-11-20T09:25:33+00:00\",\"breadcrumb\":{\"@id\":\"https:\\\/\\\/www.jazzzeitung.de\\\/cms\\\/2016\\\/01\\\/lorenz-kellhuber-live-hfkm-regensburg-erstmalneues7\\\/#breadcrumb\"},\"inLanguage\":\"de\",\"potentialAction\":[{\"@type\":\"ReadAction\",\"target\":[\"https:\\\/\\\/www.jazzzeitung.de\\\/cms\\\/2016\\\/01\\\/lorenz-kellhuber-live-hfkm-regensburg-erstmalneues7\\\/\"]}]},{\"@type\":\"ImageObject\",\"inLanguage\":\"de\",\"@id\":\"https:\\\/\\\/www.jazzzeitung.de\\\/cms\\\/2016\\\/01\\\/lorenz-kellhuber-live-hfkm-regensburg-erstmalneues7\\\/#primaryimage\",\"url\":\"https:\\\/\\\/i0.wp.com\\\/www.jazzzeitung.de\\\/cms\\\/wp-content\\\/uploads\\\/2016\\\/01\\\/P1410349_Kellhuber-Foto-TJ-Krebs.jpg?fit=1280%2C853&ssl=1\",\"contentUrl\":\"https:\\\/\\\/i0.wp.com\\\/www.jazzzeitung.de\\\/cms\\\/wp-content\\\/uploads\\\/2016\\\/01\\\/P1410349_Kellhuber-Foto-TJ-Krebs.jpg?fit=1280%2C853&ssl=1\",\"width\":1280,\"height\":853,\"caption\":\"Kellhuber - Foto TJ Krebs\"},{\"@type\":\"BreadcrumbList\",\"@id\":\"https:\\\/\\\/www.jazzzeitung.de\\\/cms\\\/2016\\\/01\\\/lorenz-kellhuber-live-hfkm-regensburg-erstmalneues7\\\/#breadcrumb\",\"itemListElement\":[{\"@type\":\"ListItem\",\"position\":1,\"name\":\"Startseite\",\"item\":\"https:\\\/\\\/www.jazzzeitung.de\\\/cms\\\/\"},{\"@type\":\"ListItem\",\"position\":2,\"name\":\"Lorenz Kellhuber Live @ HfKM Regensburg \\\/\\\/ erstmalneues7\"}]},{\"@type\":\"WebSite\",\"@id\":\"https:\\\/\\\/www.jazzzeitung.de\\\/cms\\\/#website\",\"url\":\"https:\\\/\\\/www.jazzzeitung.de\\\/cms\\\/\",\"name\":\"JazzZeitung\",\"description\":\"Jazz-News und Jazz-Kontroverses\",\"publisher\":{\"@id\":\"https:\\\/\\\/www.jazzzeitung.de\\\/cms\\\/#organization\"},\"potentialAction\":[{\"@type\":\"SearchAction\",\"target\":{\"@type\":\"EntryPoint\",\"urlTemplate\":\"https:\\\/\\\/www.jazzzeitung.de\\\/cms\\\/?s={search_term_string}\"},\"query-input\":{\"@type\":\"PropertyValueSpecification\",\"valueRequired\":true,\"valueName\":\"search_term_string\"}}],\"inLanguage\":\"de\"},{\"@type\":\"Organization\",\"@id\":\"https:\\\/\\\/www.jazzzeitung.de\\\/cms\\\/#organization\",\"name\":\"JazzZeitung online\",\"url\":\"https:\\\/\\\/www.jazzzeitung.de\\\/cms\\\/\",\"logo\":{\"@type\":\"ImageObject\",\"inLanguage\":\"de\",\"@id\":\"https:\\\/\\\/www.jazzzeitung.de\\\/cms\\\/#\\\/schema\\\/logo\\\/image\\\/\",\"url\":\"https:\\\/\\\/i0.wp.com\\\/www.jazzzeitung.de\\\/cms\\\/wp-content\\\/uploads\\\/2015\\\/08\\\/JAZZZEITUNGDE_Logo_Neu.png?fit=499%2C200&ssl=1\",\"contentUrl\":\"https:\\\/\\\/i0.wp.com\\\/www.jazzzeitung.de\\\/cms\\\/wp-content\\\/uploads\\\/2015\\\/08\\\/JAZZZEITUNGDE_Logo_Neu.png?fit=499%2C200&ssl=1\",\"width\":499,\"height\":200,\"caption\":\"JazzZeitung online\"},\"image\":{\"@id\":\"https:\\\/\\\/www.jazzzeitung.de\\\/cms\\\/#\\\/schema\\\/logo\\\/image\\\/\"},\"sameAs\":[\"https:\\\/\\\/www.facebook.com\\\/JazzZeitung\\\/\"]},{\"@type\":\"Person\",\"@id\":\"https:\\\/\\\/www.jazzzeitung.de\\\/cms\\\/#\\\/schema\\\/person\\\/ba94c5bbea92d014d6a3d1f0105daa18\",\"name\":\"Thomas J. Krebs\",\"image\":{\"@type\":\"ImageObject\",\"inLanguage\":\"de\",\"@id\":\"https:\\\/\\\/secure.gravatar.com\\\/avatar\\\/e362b221c114fbcde56be31a2eacbbab541308e5bf72f20d4519b16cdeb5c667?s=96&d=wp_user_avatar&r=ga12b8f4e2750c9ca30f9e22cab2177c6\",\"url\":\"https:\\\/\\\/secure.gravatar.com\\\/avatar\\\/e362b221c114fbcde56be31a2eacbbab541308e5bf72f20d4519b16cdeb5c667?s=96&d=wp_user_avatar&r=g\",\"contentUrl\":\"https:\\\/\\\/secure.gravatar.com\\\/avatar\\\/e362b221c114fbcde56be31a2eacbbab541308e5bf72f20d4519b16cdeb5c667?s=96&d=wp_user_avatar&r=g\",\"caption\":\"Thomas J. Krebs\"},\"url\":\"https:\\\/\\\/www.jazzzeitung.de\\\/cms\\\/author\\\/krebs\\\/\"}]}<\/script>\n<!-- \/ Yoast SEO plugin. -->","yoast_head_json":{"title":"Lorenz Kellhuber Live @ HfKM Regensburg \/\/ erstmalneues7 - JazzZeitung","robots":{"index":"index","follow":"follow","max-snippet":"max-snippet:-1","max-image-preview":"max-image-preview:large","max-video-preview":"max-video-preview:-1"},"canonical":"https:\/\/www.jazzzeitung.de\/cms\/2016\/01\/lorenz-kellhuber-live-hfkm-regensburg-erstmalneues7\/","og_locale":"de_DE","og_type":"article","og_title":"Lorenz Kellhuber Live @ HfKM Regensburg \/\/ erstmalneues7 - JazzZeitung","og_description":"Der in M\u00fcnchen geborene und mittlerweile Wahl-Berliner Pianist Lorenz Kellhuber ist ein wirklich au\u00dfergew\u00f6hnliches Talent und musikalisch immens umtriebig. Im Dezember war der Pianist gerade mit seinem Standards Trio (gemeinsam mit Orlando le Fleming am Bass und dem Schlagzeuger Obed Calvaire) im Jazzclub Regensburg und stellte sein aktuelles Standards Album \u201eThe Brooklyn Session\u201c vor &#8211; in der Tat sehr h\u00f6renswert! Daneben spielt er mit dem Lorenz Kellhuber Trio (am Bass dabei Arne Huber und Schlagzeug Gabriel Hahn) ausschlie\u00dflich eigene Kompositionen. Weiterhin tritt er regelm\u00e4\u00dfig solo auf und begeistert das Publikum mit grandiosen Improvisationen. And now for something complete different wird Kellhuber am 22. Januar im Konzertsaal der Hochschule f\u00fcr Katholische Kirchenmusik und P\u00e4dagogik Regensburg im Rahmen des Projektes \u201e\/\/erstmalneues7\u201c unter dem Motto \u201e7IEBEN\u201c auftreten. Gemeinsam mit der jungen Formation NAMES (\u201eNew Art and Music Ensemble Salzburg\u201c) wird Kellhuber Piano solo auf Klangcollagen des Ensembles antworten und dazu improvisieren. NAMES, das sind junge Musiker aus sechs verschiedenen europ\u00e4ischen L\u00e4ndern, die stets die Begegnung mit anderen Genres suchen, um der Musik neben seiner reinen Sonorit\u00e4t zus\u00e4tzlichen Wirkungsraum einzugestehen. Man darf also absolut gespannt sein, was NAMES und &hellip;","og_url":"https:\/\/www.jazzzeitung.de\/cms\/2016\/01\/lorenz-kellhuber-live-hfkm-regensburg-erstmalneues7\/","og_site_name":"JazzZeitung","article_publisher":"https:\/\/www.facebook.com\/JazzZeitung\/","article_published_time":"2016-01-21T11:32:26+00:00","article_modified_time":"2017-11-20T09:25:33+00:00","og_image":[{"width":1280,"height":853,"url":"https:\/\/i0.wp.com\/www.jazzzeitung.de\/cms\/wp-content\/uploads\/2016\/01\/P1410349_Kellhuber-Foto-TJ-Krebs.jpg?fit=1280%2C853&ssl=1","type":"image\/jpeg"}],"author":"Thomas J. Krebs","schema":{"@context":"https:\/\/schema.org","@graph":[{"@type":"Article","@id":"https:\/\/www.jazzzeitung.de\/cms\/2016\/01\/lorenz-kellhuber-live-hfkm-regensburg-erstmalneues7\/#article","isPartOf":{"@id":"https:\/\/www.jazzzeitung.de\/cms\/2016\/01\/lorenz-kellhuber-live-hfkm-regensburg-erstmalneues7\/"},"author":{"name":"Thomas J. Krebs","@id":"https:\/\/www.jazzzeitung.de\/cms\/#\/schema\/person\/ba94c5bbea92d014d6a3d1f0105daa18"},"headline":"Lorenz Kellhuber Live @ HfKM Regensburg \/\/ erstmalneues7","datePublished":"2016-01-21T11:32:26+00:00","dateModified":"2017-11-20T09:25:33+00:00","mainEntityOfPage":{"@id":"https:\/\/www.jazzzeitung.de\/cms\/2016\/01\/lorenz-kellhuber-live-hfkm-regensburg-erstmalneues7\/"},"wordCount":329,"commentCount":0,"publisher":{"@id":"https:\/\/www.jazzzeitung.de\/cms\/#organization"},"image":{"@id":"https:\/\/www.jazzzeitung.de\/cms\/2016\/01\/lorenz-kellhuber-live-hfkm-regensburg-erstmalneues7\/#primaryimage"},"thumbnailUrl":"https:\/\/i0.wp.com\/www.jazzzeitung.de\/cms\/wp-content\/uploads\/2016\/01\/P1410349_Kellhuber-Foto-TJ-Krebs.jpg?fit=1280%2C853&ssl=1","keywords":["erstmalneues7","HfKM Regensburg","Jazzclub Regensburg","Lorenz Kellhuber"],"articleSection":["Redaktionelle Nachrichten"],"inLanguage":"de","potentialAction":[{"@type":"CommentAction","name":"Comment","target":["https:\/\/www.jazzzeitung.de\/cms\/2016\/01\/lorenz-kellhuber-live-hfkm-regensburg-erstmalneues7\/#respond"]}]},{"@type":"WebPage","@id":"https:\/\/www.jazzzeitung.de\/cms\/2016\/01\/lorenz-kellhuber-live-hfkm-regensburg-erstmalneues7\/","url":"https:\/\/www.jazzzeitung.de\/cms\/2016\/01\/lorenz-kellhuber-live-hfkm-regensburg-erstmalneues7\/","name":"Lorenz Kellhuber Live @ HfKM Regensburg \/\/ erstmalneues7 - JazzZeitung","isPartOf":{"@id":"https:\/\/www.jazzzeitung.de\/cms\/#website"},"primaryImageOfPage":{"@id":"https:\/\/www.jazzzeitung.de\/cms\/2016\/01\/lorenz-kellhuber-live-hfkm-regensburg-erstmalneues7\/#primaryimage"},"image":{"@id":"https:\/\/www.jazzzeitung.de\/cms\/2016\/01\/lorenz-kellhuber-live-hfkm-regensburg-erstmalneues7\/#primaryimage"},"thumbnailUrl":"https:\/\/i0.wp.com\/www.jazzzeitung.de\/cms\/wp-content\/uploads\/2016\/01\/P1410349_Kellhuber-Foto-TJ-Krebs.jpg?fit=1280%2C853&ssl=1","datePublished":"2016-01-21T11:32:26+00:00","dateModified":"2017-11-20T09:25:33+00:00","breadcrumb":{"@id":"https:\/\/www.jazzzeitung.de\/cms\/2016\/01\/lorenz-kellhuber-live-hfkm-regensburg-erstmalneues7\/#breadcrumb"},"inLanguage":"de","potentialAction":[{"@type":"ReadAction","target":["https:\/\/www.jazzzeitung.de\/cms\/2016\/01\/lorenz-kellhuber-live-hfkm-regensburg-erstmalneues7\/"]}]},{"@type":"ImageObject","inLanguage":"de","@id":"https:\/\/www.jazzzeitung.de\/cms\/2016\/01\/lorenz-kellhuber-live-hfkm-regensburg-erstmalneues7\/#primaryimage","url":"https:\/\/i0.wp.com\/www.jazzzeitung.de\/cms\/wp-content\/uploads\/2016\/01\/P1410349_Kellhuber-Foto-TJ-Krebs.jpg?fit=1280%2C853&ssl=1","contentUrl":"https:\/\/i0.wp.com\/www.jazzzeitung.de\/cms\/wp-content\/uploads\/2016\/01\/P1410349_Kellhuber-Foto-TJ-Krebs.jpg?fit=1280%2C853&ssl=1","width":1280,"height":853,"caption":"Kellhuber - Foto TJ Krebs"},{"@type":"BreadcrumbList","@id":"https:\/\/www.jazzzeitung.de\/cms\/2016\/01\/lorenz-kellhuber-live-hfkm-regensburg-erstmalneues7\/#breadcrumb","itemListElement":[{"@type":"ListItem","position":1,"name":"Startseite","item":"https:\/\/www.jazzzeitung.de\/cms\/"},{"@type":"ListItem","position":2,"name":"Lorenz Kellhuber Live @ HfKM Regensburg \/\/ erstmalneues7"}]},{"@type":"WebSite","@id":"https:\/\/www.jazzzeitung.de\/cms\/#website","url":"https:\/\/www.jazzzeitung.de\/cms\/","name":"JazzZeitung","description":"Jazz-News und Jazz-Kontroverses","publisher":{"@id":"https:\/\/www.jazzzeitung.de\/cms\/#organization"},"potentialAction":[{"@type":"SearchAction","target":{"@type":"EntryPoint","urlTemplate":"https:\/\/www.jazzzeitung.de\/cms\/?s={search_term_string}"},"query-input":{"@type":"PropertyValueSpecification","valueRequired":true,"valueName":"search_term_string"}}],"inLanguage":"de"},{"@type":"Organization","@id":"https:\/\/www.jazzzeitung.de\/cms\/#organization","name":"JazzZeitung online","url":"https:\/\/www.jazzzeitung.de\/cms\/","logo":{"@type":"ImageObject","inLanguage":"de","@id":"https:\/\/www.jazzzeitung.de\/cms\/#\/schema\/logo\/image\/","url":"https:\/\/i0.wp.com\/www.jazzzeitung.de\/cms\/wp-content\/uploads\/2015\/08\/JAZZZEITUNGDE_Logo_Neu.png?fit=499%2C200&ssl=1","contentUrl":"https:\/\/i0.wp.com\/www.jazzzeitung.de\/cms\/wp-content\/uploads\/2015\/08\/JAZZZEITUNGDE_Logo_Neu.png?fit=499%2C200&ssl=1","width":499,"height":200,"caption":"JazzZeitung online"},"image":{"@id":"https:\/\/www.jazzzeitung.de\/cms\/#\/schema\/logo\/image\/"},"sameAs":["https:\/\/www.facebook.com\/JazzZeitung\/"]},{"@type":"Person","@id":"https:\/\/www.jazzzeitung.de\/cms\/#\/schema\/person\/ba94c5bbea92d014d6a3d1f0105daa18","name":"Thomas J. Krebs","image":{"@type":"ImageObject","inLanguage":"de","@id":"https:\/\/secure.gravatar.com\/avatar\/e362b221c114fbcde56be31a2eacbbab541308e5bf72f20d4519b16cdeb5c667?s=96&d=wp_user_avatar&r=ga12b8f4e2750c9ca30f9e22cab2177c6","url":"https:\/\/secure.gravatar.com\/avatar\/e362b221c114fbcde56be31a2eacbbab541308e5bf72f20d4519b16cdeb5c667?s=96&d=wp_user_avatar&r=g","contentUrl":"https:\/\/secure.gravatar.com\/avatar\/e362b221c114fbcde56be31a2eacbbab541308e5bf72f20d4519b16cdeb5c667?s=96&d=wp_user_avatar&r=g","caption":"Thomas J. Krebs"},"url":"https:\/\/www.jazzzeitung.de\/cms\/author\/krebs\/"}]}},"wp-worthy-pixel":{"ignored":false,"public":null,"server":null,"url":null},"wp-worthy-type":"normal","jetpack_publicize_connections":[],"cc_featured_image_caption":{"caption_text":"Kellhuber - ","source_text":"Foto: \u00a9 TJ Krebs","source_url":""},"jetpack_featured_media_url":"https:\/\/i0.wp.com\/www.jazzzeitung.de\/cms\/wp-content\/uploads\/2016\/01\/P1410349_Kellhuber-Foto-TJ-Krebs.jpg?fit=1280%2C853&ssl=1","jetpack_shortlink":"https:\/\/wp.me\/p3KEcT-27J","jetpack-related-posts":[{"id":18156,"url":"https:\/\/www.jazzzeitung.de\/cms\/2018\/12\/magnetische-sternstunde-der-musik-das-lorenz-kellhuber-new-trio-im-stadttheater-regensburg\/","url_meta":{"origin":8167,"position":0},"title":"Magnetische Sternstunde der Musik: Das Lorenz Kellhuber New Trio im Stadttheater Regensburg","author":"Redaktion JazzZeitung","date":"21. Dezember 2018","format":false,"excerpt":"Regensburg. Verpufft, beiseite geschoben, weggewischt. Jeglicher Vorbehalt, ob ein reines Instrumentalkonzert bei den Zuh\u00f6rern auch ankommt, war schlussendlich atomisiert. Anf\u00e4nglich sorgte sich Pianist Lorenz Kellhuber im Theater Regensburg noch, dass Besucher sein Konzert mit dem New Trio vorzeitig verlassen k\u00f6nnten. Am Ende konnte die euphorisierte Menge kaum noch mit Zugaben\u2026","rel":"","context":"In &quot;Bericht&quot;","block_context":{"text":"Bericht","link":"https:\/\/www.jazzzeitung.de\/cms\/thema\/bericht\/"},"img":{"alt_text":"","src":"https:\/\/i0.wp.com\/www.jazzzeitung.de\/cms\/wp-content\/uploads\/2018\/12\/Trio-Kellhuber_37.jpeg?fit=567%2C370&ssl=1&resize=350%2C200","width":350,"height":200,"srcset":"https:\/\/i0.wp.com\/www.jazzzeitung.de\/cms\/wp-content\/uploads\/2018\/12\/Trio-Kellhuber_37.jpeg?fit=567%2C370&ssl=1&resize=350%2C200 1x, https:\/\/i0.wp.com\/www.jazzzeitung.de\/cms\/wp-content\/uploads\/2018\/12\/Trio-Kellhuber_37.jpeg?fit=567%2C370&ssl=1&resize=525%2C300 1.5x"},"classes":[]},{"id":4323,"url":"https:\/\/www.jazzzeitung.de\/cms\/2014\/07\/lorenz-kellhuber-gewinnt-piano-solo-competition-des-montreux-jazz-festival\/","url_meta":{"origin":8167,"position":1},"title":"Lorenz Kellhuber gewinnt Piano Solo Competition des Montreux Jazz Festival","author":"Martin Hufner","date":"18. Juli 2014","format":false,"excerpt":"Lorenz Kellhuber konnte am Dienstag als erster Deutscher die Piano Solo Competition des Montreux Jazz Festival f\u00fcr sich entscheiden. Er setzte sich im Finale gegen acht weitere junge Talente aus der ganzen Welt durch. Zwei Tage zuvor spielte er noch beim Bayerischen Jazzweekend in Regensburg im Tobias-Meinhart-Quintett sowie der abendlichen\u2026","rel":"","context":"In &quot;News&quot;","block_context":{"text":"News","link":"https:\/\/www.jazzzeitung.de\/cms\/thema\/nachrichten\/"},"img":{"alt_text":"Lorenz Kellhuber in Regensburg 2014. Foto: Hufner","src":"https:\/\/i0.wp.com\/www.jazzzeitung.de\/cms\/wp-content\/uploads\/2014\/07\/lorenz_kellhuber_2014_c_hufner.jpg?fit=1200%2C901&ssl=1&resize=350%2C200","width":350,"height":200,"srcset":"https:\/\/i0.wp.com\/www.jazzzeitung.de\/cms\/wp-content\/uploads\/2014\/07\/lorenz_kellhuber_2014_c_hufner.jpg?fit=1200%2C901&ssl=1&resize=350%2C200 1x, https:\/\/i0.wp.com\/www.jazzzeitung.de\/cms\/wp-content\/uploads\/2014\/07\/lorenz_kellhuber_2014_c_hufner.jpg?fit=1200%2C901&ssl=1&resize=525%2C300 1.5x, https:\/\/i0.wp.com\/www.jazzzeitung.de\/cms\/wp-content\/uploads\/2014\/07\/lorenz_kellhuber_2014_c_hufner.jpg?fit=1200%2C901&ssl=1&resize=700%2C400 2x, https:\/\/i0.wp.com\/www.jazzzeitung.de\/cms\/wp-content\/uploads\/2014\/07\/lorenz_kellhuber_2014_c_hufner.jpg?fit=1200%2C901&ssl=1&resize=1050%2C600 3x"},"classes":[]},{"id":12618,"url":"https:\/\/www.jazzzeitung.de\/cms\/2017\/06\/lorenz-kellhubers-trio-standard-experience-interpretiert-klassiker-auf-ganz-neue-eigene-weise\/","url_meta":{"origin":8167,"position":2},"title":"Lorenz Kellhubers Trio \u201eStandard Experience\u201c interpretiert Klassiker auf ganz neue, eigene Weise","author":"Michael Scheiner","date":"12. Juni 2017","format":false,"excerpt":"Heimspiel. Wenn in Regensburg ein Konzert des Pianisten und Komponisten Lorenz Kellhuber im Veranstaltungskalender steht, sehen Kulturaficionados das automatisch als ein Heimspiel mit entsprechendem Vor(ur)teil an. Obwohl der Musiker selbst in Berlin und seine beiden Mitmusiker, mit denen er beim Jazzclub im Leeren Beutel gastierte, in Brooklyn in den Vereinigten\u2026","rel":"","context":"In &quot;Bericht&quot;","block_context":{"text":"Bericht","link":"https:\/\/www.jazzzeitung.de\/cms\/thema\/bericht\/"},"img":{"alt_text":"Lorenz Kellhuber. Foto: Michael Scheiner","src":"https:\/\/i0.wp.com\/www.jazzzeitung.de\/cms\/wp-content\/uploads\/2017\/06\/Kellhuber-Lorenz_56.jpg?fit=1074%2C1200&ssl=1&resize=350%2C200","width":350,"height":200,"srcset":"https:\/\/i0.wp.com\/www.jazzzeitung.de\/cms\/wp-content\/uploads\/2017\/06\/Kellhuber-Lorenz_56.jpg?fit=1074%2C1200&ssl=1&resize=350%2C200 1x, https:\/\/i0.wp.com\/www.jazzzeitung.de\/cms\/wp-content\/uploads\/2017\/06\/Kellhuber-Lorenz_56.jpg?fit=1074%2C1200&ssl=1&resize=525%2C300 1.5x, https:\/\/i0.wp.com\/www.jazzzeitung.de\/cms\/wp-content\/uploads\/2017\/06\/Kellhuber-Lorenz_56.jpg?fit=1074%2C1200&ssl=1&resize=700%2C400 2x, https:\/\/i0.wp.com\/www.jazzzeitung.de\/cms\/wp-content\/uploads\/2017\/06\/Kellhuber-Lorenz_56.jpg?fit=1074%2C1200&ssl=1&resize=1050%2C600 3x"},"classes":[]},{"id":31713,"url":"https:\/\/www.jazzzeitung.de\/cms\/2024\/09\/lorenz-kellhubers-standard-experience-ausdrucksstarke-solisten-und-sparsame-begleiter\/","url_meta":{"origin":8167,"position":3},"title":"Lorenz Kellhubers \u201eStandard Experience\u201c: Ausdrucksstarke Solisten und sparsame Begleiter","author":"Michael Scheiner","date":"27. September 2024","format":false,"excerpt":"Wenn Frank \u201eOl\u2019 Blue Eyes\u201c Sinatra einen Evergreen anstimmte, konnte man sicher sein, von Anfang bis Ende mitsummen oder im Kopf Zeile f\u00fcr Zeile den Text und Note f\u00fcr Note die Text mitsingen zu k\u00f6nnen. Stimmt dagegen ein Jazzmusikant einen Evergreen an, der im Jazzbereich \u2013 englisch gesprochen \u2013 Standard\u2026","rel":"","context":"In &quot;Bericht&quot;","block_context":{"text":"Bericht","link":"https:\/\/www.jazzzeitung.de\/cms\/thema\/bericht\/"},"img":{"alt_text":"","src":"https:\/\/i0.wp.com\/www.jazzzeitung.de\/cms\/wp-content\/uploads\/2024\/09\/standard-experience_68-scaled.jpg?fit=1200%2C802&ssl=1&resize=350%2C200","width":350,"height":200,"srcset":"https:\/\/i0.wp.com\/www.jazzzeitung.de\/cms\/wp-content\/uploads\/2024\/09\/standard-experience_68-scaled.jpg?fit=1200%2C802&ssl=1&resize=350%2C200 1x, https:\/\/i0.wp.com\/www.jazzzeitung.de\/cms\/wp-content\/uploads\/2024\/09\/standard-experience_68-scaled.jpg?fit=1200%2C802&ssl=1&resize=525%2C300 1.5x, https:\/\/i0.wp.com\/www.jazzzeitung.de\/cms\/wp-content\/uploads\/2024\/09\/standard-experience_68-scaled.jpg?fit=1200%2C802&ssl=1&resize=700%2C400 2x, https:\/\/i0.wp.com\/www.jazzzeitung.de\/cms\/wp-content\/uploads\/2024\/09\/standard-experience_68-scaled.jpg?fit=1200%2C802&ssl=1&resize=1050%2C600 3x"},"classes":[]},{"id":27574,"url":"https:\/\/www.jazzzeitung.de\/cms\/2022\/06\/jazz-auf-schloss-hoefling-ein-sommerabend-der-ungewoehnlichen-art-mit-lorenz-kellhuber\/","url_meta":{"origin":8167,"position":4},"title":"Jazz auf Schloss H\u00f6fling &#8211; ein Sommerabend der ungew\u00f6hnlichen Art mit Lorenz Kellhuber","author":"Redaktion JazzZeitung","date":"22. Juni 2022","format":false,"excerpt":"Eine gute Mischung hat sich Hausherr Constantin Graf von Walderdorff f\u00fcr sein Openair im Schlosshof H\u00f6fling nahe Regensburg einfallen lassen. Der S\u00e4nger und Klarinettist, der sich vor f\u00fcnf Jahren aus seiner aktiven Musikerkarriere zur\u00fcckgezogen hat, kennt Axel Zwingenberger aus seinen Wiener Jahren. Der Boogie-Woogie-Star spielte am Freitag Abend, dem 17.\u2026","rel":"","context":"In &quot;Bericht&quot;","block_context":{"text":"Bericht","link":"https:\/\/www.jazzzeitung.de\/cms\/thema\/bericht\/"},"img":{"alt_text":"","src":"https:\/\/i0.wp.com\/www.jazzzeitung.de\/cms\/wp-content\/uploads\/2022\/06\/kellhuber_hoefling_gaisa-4-scaled.jpg?fit=1200%2C675&ssl=1&resize=350%2C200","width":350,"height":200,"srcset":"https:\/\/i0.wp.com\/www.jazzzeitung.de\/cms\/wp-content\/uploads\/2022\/06\/kellhuber_hoefling_gaisa-4-scaled.jpg?fit=1200%2C675&ssl=1&resize=350%2C200 1x, https:\/\/i0.wp.com\/www.jazzzeitung.de\/cms\/wp-content\/uploads\/2022\/06\/kellhuber_hoefling_gaisa-4-scaled.jpg?fit=1200%2C675&ssl=1&resize=525%2C300 1.5x, https:\/\/i0.wp.com\/www.jazzzeitung.de\/cms\/wp-content\/uploads\/2022\/06\/kellhuber_hoefling_gaisa-4-scaled.jpg?fit=1200%2C675&ssl=1&resize=700%2C400 2x, https:\/\/i0.wp.com\/www.jazzzeitung.de\/cms\/wp-content\/uploads\/2022\/06\/kellhuber_hoefling_gaisa-4-scaled.jpg?fit=1200%2C675&ssl=1&resize=1050%2C600 3x"},"classes":[]},{"id":6215,"url":"https:\/\/www.jazzzeitung.de\/cms\/2015\/05\/cd-kritik-lorenz-kellhuber-state-mind\/","url_meta":{"origin":8167,"position":5},"title":"CD-Kritik: Lorenz Kellhuber: \u201eState of Mind\u201c","author":"Thomas J. Krebs","date":"22. Mai 2015","format":false,"excerpt":"Von Thomas J. Krebs - Der Pianist Lorenz Kellhuber d\u00fcrfte bisher in erster Linie Jazzconnoissieurs bekannt sein. Bisher! Seine neue, dritte CD Ver\u00f6ffentlichung \u201eState of Mind\u201c wird das hoffentlich \u00e4ndern und Kellhuber mit seinem Trio auch einem breiteren Publikum erschlie\u00dfen. Seit gut 20 Jahren spielt er nun Piano, absolvierte unter\u2026","rel":"","context":"In &quot;Rezension&quot;","block_context":{"text":"Rezension","link":"https:\/\/www.jazzzeitung.de\/cms\/thema\/rezension\/"},"img":{"alt_text":"Kellhuber: State Of Mind","src":"https:\/\/i0.wp.com\/www.jazzzeitung.de\/cms\/wp-content\/uploads\/2015\/05\/Kellhuber-Cover.jpg?fit=1200%2C1200&ssl=1&resize=350%2C200","width":350,"height":200,"srcset":"https:\/\/i0.wp.com\/www.jazzzeitung.de\/cms\/wp-content\/uploads\/2015\/05\/Kellhuber-Cover.jpg?fit=1200%2C1200&ssl=1&resize=350%2C200 1x, https:\/\/i0.wp.com\/www.jazzzeitung.de\/cms\/wp-content\/uploads\/2015\/05\/Kellhuber-Cover.jpg?fit=1200%2C1200&ssl=1&resize=525%2C300 1.5x, https:\/\/i0.wp.com\/www.jazzzeitung.de\/cms\/wp-content\/uploads\/2015\/05\/Kellhuber-Cover.jpg?fit=1200%2C1200&ssl=1&resize=700%2C400 2x, https:\/\/i0.wp.com\/www.jazzzeitung.de\/cms\/wp-content\/uploads\/2015\/05\/Kellhuber-Cover.jpg?fit=1200%2C1200&ssl=1&resize=1050%2C600 3x"},"classes":[]}],"jetpack_sharing_enabled":true,"_links":{"self":[{"href":"https:\/\/www.jazzzeitung.de\/cms\/wp-json\/wp\/v2\/posts\/8167","targetHints":{"allow":["GET"]}}],"collection":[{"href":"https:\/\/www.jazzzeitung.de\/cms\/wp-json\/wp\/v2\/posts"}],"about":[{"href":"https:\/\/www.jazzzeitung.de\/cms\/wp-json\/wp\/v2\/types\/post"}],"author":[{"embeddable":true,"href":"https:\/\/www.jazzzeitung.de\/cms\/wp-json\/wp\/v2\/users\/35"}],"replies":[{"embeddable":true,"href":"https:\/\/www.jazzzeitung.de\/cms\/wp-json\/wp\/v2\/comments?post=8167"}],"version-history":[{"count":5,"href":"https:\/\/www.jazzzeitung.de\/cms\/wp-json\/wp\/v2\/posts\/8167\/revisions"}],"predecessor-version":[{"id":14340,"href":"https:\/\/www.jazzzeitung.de\/cms\/wp-json\/wp\/v2\/posts\/8167\/revisions\/14340"}],"wp:featuredmedia":[{"embeddable":true,"href":"https:\/\/www.jazzzeitung.de\/cms\/wp-json\/wp\/v2\/media\/8171"}],"wp:attachment":[{"href":"https:\/\/www.jazzzeitung.de\/cms\/wp-json\/wp\/v2\/media?parent=8167"}],"wp:term":[{"taxonomy":"category","embeddable":true,"href":"https:\/\/www.jazzzeitung.de\/cms\/wp-json\/wp\/v2\/categories?post=8167"},{"taxonomy":"post_tag","embeddable":true,"href":"https:\/\/www.jazzzeitung.de\/cms\/wp-json\/wp\/v2\/tags?post=8167"},{"taxonomy":"author","embeddable":true,"href":"https:\/\/www.jazzzeitung.de\/cms\/wp-json\/wp\/v2\/coauthors?post=8167"}],"curies":[{"name":"wp","href":"https:\/\/api.w.org\/{rel}","templated":true}]}}