{"id":8122,"date":"2016-01-16T15:00:04","date_gmt":"2016-01-16T14:00:04","guid":{"rendered":"http:\/\/www.jazzzeitung.de\/cms\/?p=8122"},"modified":"2016-01-15T13:47:04","modified_gmt":"2016-01-15T12:47:04","slug":"suedtirol-jazzfestival-alto-adige-2016-startet-die-naechste-runde","status":"publish","type":"post","link":"https:\/\/www.jazzzeitung.de\/cms\/2016\/01\/suedtirol-jazzfestival-alto-adige-2016-startet-die-naechste-runde\/","title":{"rendered":"Save the Date: S\u00fcdtirol Jazzfestival Alto Adige 2016 startet in die n\u00e4chste Runde"},"content":{"rendered":"<figure id=\"attachment_8123\" aria-describedby=\"caption-attachment-8123\" style=\"width: 150px\" class=\"wp-caption alignright\"><a href=\"https:\/\/i0.wp.com\/www.jazzzeitung.de\/cms\/wp-content\/uploads\/2016\/01\/SJF15-0701-Waltherplatz-Three-Trapped-Tigers-c-GPichler-14.jpg\" rel=\"attachment wp-att-8123\"><img data-recalc-dims=\"1\" loading=\"lazy\" decoding=\"async\" data-attachment-id=\"8123\" data-permalink=\"https:\/\/www.jazzzeitung.de\/cms\/2016\/01\/suedtirol-jazzfestival-alto-adige-2016-startet-die-naechste-runde\/sjf15-0701-waltherplatz-three-trapped-tigers-c-gpichler-14\/\" data-orig-file=\"https:\/\/i0.wp.com\/www.jazzzeitung.de\/cms\/wp-content\/uploads\/2016\/01\/SJF15-0701-Waltherplatz-Three-Trapped-Tigers-c-GPichler-14.jpg?fit=1333%2C2000&amp;ssl=1\" data-orig-size=\"1333,2000\" data-comments-opened=\"1\" data-image-meta=\"{&quot;aperture&quot;:&quot;4.5&quot;,&quot;credit&quot;:&quot;Guenther Pichler\\r+39 3471640211&quot;,&quot;camera&quot;:&quot;&quot;,&quot;caption&quot;:&quot;&quot;,&quot;created_timestamp&quot;:&quot;1435787813&quot;,&quot;copyright&quot;:&quot;gpichler.com&quot;,&quot;focal_length&quot;:&quot;200&quot;,&quot;iso&quot;:&quot;1600&quot;,&quot;shutter_speed&quot;:&quot;0.01&quot;,&quot;title&quot;:&quot;&quot;,&quot;orientation&quot;:&quot;1&quot;}\" data-image-title=\"\" data-image-description=\"\" data-image-caption=\"&lt;p&gt;Das 34. S\u00fcdtirol Jazzfestival Alto Adige &amp;#8211; dieses Jahr mit dem Schwerpunkt auf \u00d6sterreich und Italien. Foto: G. Pichler&lt;\/p&gt;\n\" data-large-file=\"https:\/\/i0.wp.com\/www.jazzzeitung.de\/cms\/wp-content\/uploads\/2016\/01\/SJF15-0701-Waltherplatz-Three-Trapped-Tigers-c-GPichler-14.jpg?fit=400%2C600&amp;ssl=1\" class=\"size-thumbnail wp-image-8123\" src=\"https:\/\/i0.wp.com\/www.jazzzeitung.de\/cms\/wp-content\/uploads\/2016\/01\/SJF15-0701-Waltherplatz-Three-Trapped-Tigers-c-GPichler-14-150x150.jpg?resize=150%2C150\" alt=\"Das 34. S\u00fcdtirol Jazzfestival Alto Adige - dieses Jahr mit dem Schwerpunkt auf \u00d6sterreich und Italien. Foto: G. Pichler\" width=\"150\" height=\"150\" srcset=\"https:\/\/i0.wp.com\/www.jazzzeitung.de\/cms\/wp-content\/uploads\/2016\/01\/SJF15-0701-Waltherplatz-Three-Trapped-Tigers-c-GPichler-14.jpg?resize=150%2C150&amp;ssl=1 150w, https:\/\/i0.wp.com\/www.jazzzeitung.de\/cms\/wp-content\/uploads\/2016\/01\/SJF15-0701-Waltherplatz-Three-Trapped-Tigers-c-GPichler-14.jpg?resize=144%2C144&amp;ssl=1 144w, https:\/\/i0.wp.com\/www.jazzzeitung.de\/cms\/wp-content\/uploads\/2016\/01\/SJF15-0701-Waltherplatz-Three-Trapped-Tigers-c-GPichler-14.jpg?resize=96%2C96&amp;ssl=1 96w, https:\/\/i0.wp.com\/www.jazzzeitung.de\/cms\/wp-content\/uploads\/2016\/01\/SJF15-0701-Waltherplatz-Three-Trapped-Tigers-c-GPichler-14.jpg?resize=24%2C24&amp;ssl=1 24w, https:\/\/i0.wp.com\/www.jazzzeitung.de\/cms\/wp-content\/uploads\/2016\/01\/SJF15-0701-Waltherplatz-Three-Trapped-Tigers-c-GPichler-14.jpg?resize=36%2C36&amp;ssl=1 36w, https:\/\/i0.wp.com\/www.jazzzeitung.de\/cms\/wp-content\/uploads\/2016\/01\/SJF15-0701-Waltherplatz-Three-Trapped-Tigers-c-GPichler-14.jpg?resize=48%2C48&amp;ssl=1 48w, https:\/\/i0.wp.com\/www.jazzzeitung.de\/cms\/wp-content\/uploads\/2016\/01\/SJF15-0701-Waltherplatz-Three-Trapped-Tigers-c-GPichler-14.jpg?resize=64%2C64&amp;ssl=1 64w, https:\/\/i0.wp.com\/www.jazzzeitung.de\/cms\/wp-content\/uploads\/2016\/01\/SJF15-0701-Waltherplatz-Three-Trapped-Tigers-c-GPichler-14.jpg?resize=32%2C32&amp;ssl=1 32w, https:\/\/i0.wp.com\/www.jazzzeitung.de\/cms\/wp-content\/uploads\/2016\/01\/SJF15-0701-Waltherplatz-Three-Trapped-Tigers-c-GPichler-14.jpg?resize=128%2C128&amp;ssl=1 128w, https:\/\/i0.wp.com\/www.jazzzeitung.de\/cms\/wp-content\/uploads\/2016\/01\/SJF15-0701-Waltherplatz-Three-Trapped-Tigers-c-GPichler-14.jpg?zoom=2&amp;resize=150%2C150&amp;ssl=1 300w, https:\/\/i0.wp.com\/www.jazzzeitung.de\/cms\/wp-content\/uploads\/2016\/01\/SJF15-0701-Waltherplatz-Three-Trapped-Tigers-c-GPichler-14.jpg?zoom=3&amp;resize=150%2C150&amp;ssl=1 450w\" sizes=\"auto, (max-width: 150px) 100vw, 150px\" \/><\/a><figcaption id=\"caption-attachment-8123\" class=\"wp-caption-text\">Das 34. S\u00fcdtirol Jazzfestival Alto Adige &#8211; dieses Jahr mit dem Schwerpunkt auf \u00d6sterreich und Italien. Foto: G. Pichler<\/figcaption><\/figure>\n<p>Nach dem Festival ist vor dem Festival: Die Vorbereitungen auf das <a href=\"http:\/\/www.suedtiroljazzfestival.com\">S\u00fcdtirol Jazzfestival Alto Adige<\/a> 2016 laufen bereits auf Hochtouren, die Er\u00f6ffnung ist am 24. Juni 2016.<\/p>\n<p>Dieses Jahr findet das S\u00fcdtirol Jazzfestival Alto Adige bereits in seiner 34. Auflage statt. Wie jedes Jahr sind auch f\u00fcr das bevorstehende Event viele Dutzend Konzerte im ganzen Land geplant \u2013 und, wie immer, an besonders interessanten Orten des Landes. Sie sollen \u201eunser Festival und die Musik noch besser zur Geltung bringen.\u201c, berichtet Festival-Pr\u00e4sident Klaus Widmann. \u201eUnser Festival gef\u00e4llt nicht nur Musikfreunden aus S\u00fcdtirol und Interessierten aus aller Welt, sondern auch der Andrang neuer Festival-Partner ist gro\u00df.\u201c<\/p>\n<p>Inhaltlich verr\u00e4t Widmann noch nicht sehr viel \u2013 nur, dass es wieder einen L\u00e4nderschwerpunkt geben wird. Nach Frankreich und England im letzten Jahr treffen sich 2016 \u00d6sterreich und Italien beim S\u00fcdtirol Jazzfestival Alto Adige: \u201eWir arbeiten schon intensiv am Programm. Beide L\u00e4nder haben hervorragende Musiker und Bands zu bieten, und unsere Herausforderung ist es, wieder m\u00f6glichst viel neue Projekte mit ihnen zu entwickeln.\u201c<\/p>\n<p>Bald mehr dazu an dieser Stelle und in SILBERHORN \u2013 das Magazin von nmz und Jazzzeitung.<\/p>\n<p><strong>Save the date: 24. Juni \u2013 3. Juli 2016<\/strong><\/p>\n","protected":false},"excerpt":{"rendered":"<p>Nach dem Festival ist vor dem Festival: Die Vorbereitungen auf das S\u00fcdtirol Jazzfestival Alto Adige 2016 laufen bereits auf Hochtouren, die Er\u00f6ffnung ist am 24. Juni 2016. Dieses Jahr findet das S\u00fcdtirol Jazzfestival Alto Adige bereits in seiner 34. Auflage statt. Wie jedes Jahr sind auch f\u00fcr das bevorstehende Event viele Dutzend Konzerte im ganzen Land geplant \u2013 und, wie immer, an besonders interessanten Orten des Landes. Sie sollen \u201eunser Festival und die Musik noch besser zur Geltung bringen.\u201c, berichtet Festival-Pr\u00e4sident Klaus Widmann. \u201eUnser Festival gef\u00e4llt nicht nur Musikfreunden aus S\u00fcdtirol und Interessierten aus aller Welt, sondern auch der Andrang neuer Festival-Partner ist gro\u00df.\u201c Inhaltlich verr\u00e4t Widmann noch nicht sehr viel \u2013 nur, dass es wieder einen L\u00e4nderschwerpunkt geben wird. Nach Frankreich und England im letzten Jahr treffen sich 2016 \u00d6sterreich und Italien beim S\u00fcdtirol Jazzfestival Alto Adige: \u201eWir arbeiten schon intensiv am Programm. Beide L\u00e4nder haben hervorragende Musiker und Bands zu bieten, und unsere Herausforderung ist es, wieder m\u00f6glichst viel neue Projekte mit ihnen zu entwickeln.\u201c Bald mehr dazu an dieser Stelle und in SILBERHORN \u2013 das Magazin von nmz und Jazzzeitung. Save the &hellip;<\/p>\n","protected":false},"author":18,"featured_media":0,"comment_status":"open","ping_status":"closed","sticky":false,"template":"","format":"standard","meta":{"_jetpack_memberships_contains_paid_content":false,"footnotes":"","jetpack_publicize_message":"","jetpack_publicize_feature_enabled":true,"jetpack_social_post_already_shared":false,"jetpack_social_options":{"image_generator_settings":{"template":"highway","default_image_id":0,"font":"","enabled":false},"version":2}},"categories":[633],"tags":[917,3,918,294,323,421,1009],"coauthors":[695],"class_list":["post-8122","post","type-post","status-publish","format-standard","hentry","category-nachrichten","tag-alto-adige","tag-festival","tag-jazzfestival","tag-jazzzeitung","tag-konzerte","tag-nmz","tag-suedtirol-jazzfestival"],"yoast_head":"<!-- This site is optimized with the Yoast SEO plugin v27.5 - https:\/\/yoast.com\/product\/yoast-seo-wordpress\/ -->\n<title>Save the Date: S\u00fcdtirol Jazzfestival Alto Adige 2016 startet in die n\u00e4chste Runde - JazzZeitung<\/title>\n<meta name=\"robots\" content=\"index, follow, max-snippet:-1, max-image-preview:large, max-video-preview:-1\" \/>\n<link rel=\"canonical\" href=\"https:\/\/www.jazzzeitung.de\/cms\/2016\/01\/suedtirol-jazzfestival-alto-adige-2016-startet-die-naechste-runde\/\" \/>\n<meta property=\"og:locale\" content=\"de_DE\" \/>\n<meta property=\"og:type\" content=\"article\" \/>\n<meta property=\"og:title\" content=\"Save the Date: S\u00fcdtirol Jazzfestival Alto Adige 2016 startet in die n\u00e4chste Runde - JazzZeitung\" \/>\n<meta property=\"og:description\" content=\"Nach dem Festival ist vor dem Festival: Die Vorbereitungen auf das S\u00fcdtirol Jazzfestival Alto Adige 2016 laufen bereits auf Hochtouren, die Er\u00f6ffnung ist am 24. Juni 2016. Dieses Jahr findet das S\u00fcdtirol Jazzfestival Alto Adige bereits in seiner 34. Auflage statt. Wie jedes Jahr sind auch f\u00fcr das bevorstehende Event viele Dutzend Konzerte im ganzen Land geplant \u2013 und, wie immer, an besonders interessanten Orten des Landes. Sie sollen \u201eunser Festival und die Musik noch besser zur Geltung bringen.\u201c, berichtet Festival-Pr\u00e4sident Klaus Widmann. \u201eUnser Festival gef\u00e4llt nicht nur Musikfreunden aus S\u00fcdtirol und Interessierten aus aller Welt, sondern auch der Andrang neuer Festival-Partner ist gro\u00df.\u201c Inhaltlich verr\u00e4t Widmann noch nicht sehr viel \u2013 nur, dass es wieder einen L\u00e4nderschwerpunkt geben wird. Nach Frankreich und England im letzten Jahr treffen sich 2016 \u00d6sterreich und Italien beim S\u00fcdtirol Jazzfestival Alto Adige: \u201eWir arbeiten schon intensiv am Programm. Beide L\u00e4nder haben hervorragende Musiker und Bands zu bieten, und unsere Herausforderung ist es, wieder m\u00f6glichst viel neue Projekte mit ihnen zu entwickeln.\u201c Bald mehr dazu an dieser Stelle und in SILBERHORN \u2013 das Magazin von nmz und Jazzzeitung. Save the &hellip;\" \/>\n<meta property=\"og:url\" content=\"https:\/\/www.jazzzeitung.de\/cms\/2016\/01\/suedtirol-jazzfestival-alto-adige-2016-startet-die-naechste-runde\/\" \/>\n<meta property=\"og:site_name\" content=\"JazzZeitung\" \/>\n<meta property=\"article:publisher\" content=\"https:\/\/www.facebook.com\/JazzZeitung\/\" \/>\n<meta property=\"article:published_time\" content=\"2016-01-16T14:00:04+00:00\" \/>\n<meta property=\"og:image\" content=\"http:\/\/www.jazzzeitung.de\/cms\/wp-content\/uploads\/2016\/01\/SJF15-0701-Waltherplatz-Three-Trapped-Tigers-c-GPichler-14-150x150.jpg\" \/>\n<meta name=\"author\" content=\"Redaktion JazzZeitung\" \/>\n<script type=\"application\/ld+json\" class=\"yoast-schema-graph\">{\"@context\":\"https:\\\/\\\/schema.org\",\"@graph\":[{\"@type\":\"Article\",\"@id\":\"https:\\\/\\\/www.jazzzeitung.de\\\/cms\\\/2016\\\/01\\\/suedtirol-jazzfestival-alto-adige-2016-startet-die-naechste-runde\\\/#article\",\"isPartOf\":{\"@id\":\"https:\\\/\\\/www.jazzzeitung.de\\\/cms\\\/2016\\\/01\\\/suedtirol-jazzfestival-alto-adige-2016-startet-die-naechste-runde\\\/\"},\"author\":{\"name\":\"Redaktion JazzZeitung\",\"@id\":\"https:\\\/\\\/www.jazzzeitung.de\\\/cms\\\/#\\\/schema\\\/person\\\/2245b36b9cd1d24cea10f01c031fb92b\"},\"headline\":\"Save the Date: S\u00fcdtirol Jazzfestival Alto Adige 2016 startet in die n\u00e4chste Runde\",\"datePublished\":\"2016-01-16T14:00:04+00:00\",\"mainEntityOfPage\":{\"@id\":\"https:\\\/\\\/www.jazzzeitung.de\\\/cms\\\/2016\\\/01\\\/suedtirol-jazzfestival-alto-adige-2016-startet-die-naechste-runde\\\/\"},\"wordCount\":232,\"commentCount\":0,\"publisher\":{\"@id\":\"https:\\\/\\\/www.jazzzeitung.de\\\/cms\\\/#organization\"},\"image\":{\"@id\":\"https:\\\/\\\/www.jazzzeitung.de\\\/cms\\\/2016\\\/01\\\/suedtirol-jazzfestival-alto-adige-2016-startet-die-naechste-runde\\\/#primaryimage\"},\"thumbnailUrl\":\"http:\\\/\\\/www.jazzzeitung.de\\\/cms\\\/wp-content\\\/uploads\\\/2016\\\/01\\\/SJF15-0701-Waltherplatz-Three-Trapped-Tigers-c-GPichler-14-150x150.jpg\",\"keywords\":[\"Alto Adige\",\"Festival\",\"Jazzfestival\",\"Jazzzeitung\",\"Konzerte\",\"nmz\",\"S\u00fcdtirol Jazzfestival\"],\"articleSection\":[\"News\"],\"inLanguage\":\"de\",\"potentialAction\":[{\"@type\":\"CommentAction\",\"name\":\"Comment\",\"target\":[\"https:\\\/\\\/www.jazzzeitung.de\\\/cms\\\/2016\\\/01\\\/suedtirol-jazzfestival-alto-adige-2016-startet-die-naechste-runde\\\/#respond\"]}]},{\"@type\":\"WebPage\",\"@id\":\"https:\\\/\\\/www.jazzzeitung.de\\\/cms\\\/2016\\\/01\\\/suedtirol-jazzfestival-alto-adige-2016-startet-die-naechste-runde\\\/\",\"url\":\"https:\\\/\\\/www.jazzzeitung.de\\\/cms\\\/2016\\\/01\\\/suedtirol-jazzfestival-alto-adige-2016-startet-die-naechste-runde\\\/\",\"name\":\"Save the Date: S\u00fcdtirol Jazzfestival Alto Adige 2016 startet in die n\u00e4chste Runde - JazzZeitung\",\"isPartOf\":{\"@id\":\"https:\\\/\\\/www.jazzzeitung.de\\\/cms\\\/#website\"},\"primaryImageOfPage\":{\"@id\":\"https:\\\/\\\/www.jazzzeitung.de\\\/cms\\\/2016\\\/01\\\/suedtirol-jazzfestival-alto-adige-2016-startet-die-naechste-runde\\\/#primaryimage\"},\"image\":{\"@id\":\"https:\\\/\\\/www.jazzzeitung.de\\\/cms\\\/2016\\\/01\\\/suedtirol-jazzfestival-alto-adige-2016-startet-die-naechste-runde\\\/#primaryimage\"},\"thumbnailUrl\":\"http:\\\/\\\/www.jazzzeitung.de\\\/cms\\\/wp-content\\\/uploads\\\/2016\\\/01\\\/SJF15-0701-Waltherplatz-Three-Trapped-Tigers-c-GPichler-14-150x150.jpg\",\"datePublished\":\"2016-01-16T14:00:04+00:00\",\"breadcrumb\":{\"@id\":\"https:\\\/\\\/www.jazzzeitung.de\\\/cms\\\/2016\\\/01\\\/suedtirol-jazzfestival-alto-adige-2016-startet-die-naechste-runde\\\/#breadcrumb\"},\"inLanguage\":\"de\",\"potentialAction\":[{\"@type\":\"ReadAction\",\"target\":[\"https:\\\/\\\/www.jazzzeitung.de\\\/cms\\\/2016\\\/01\\\/suedtirol-jazzfestival-alto-adige-2016-startet-die-naechste-runde\\\/\"]}]},{\"@type\":\"ImageObject\",\"inLanguage\":\"de\",\"@id\":\"https:\\\/\\\/www.jazzzeitung.de\\\/cms\\\/2016\\\/01\\\/suedtirol-jazzfestival-alto-adige-2016-startet-die-naechste-runde\\\/#primaryimage\",\"url\":\"http:\\\/\\\/www.jazzzeitung.de\\\/cms\\\/wp-content\\\/uploads\\\/2016\\\/01\\\/SJF15-0701-Waltherplatz-Three-Trapped-Tigers-c-GPichler-14-150x150.jpg\",\"contentUrl\":\"http:\\\/\\\/www.jazzzeitung.de\\\/cms\\\/wp-content\\\/uploads\\\/2016\\\/01\\\/SJF15-0701-Waltherplatz-Three-Trapped-Tigers-c-GPichler-14-150x150.jpg\"},{\"@type\":\"BreadcrumbList\",\"@id\":\"https:\\\/\\\/www.jazzzeitung.de\\\/cms\\\/2016\\\/01\\\/suedtirol-jazzfestival-alto-adige-2016-startet-die-naechste-runde\\\/#breadcrumb\",\"itemListElement\":[{\"@type\":\"ListItem\",\"position\":1,\"name\":\"Startseite\",\"item\":\"https:\\\/\\\/www.jazzzeitung.de\\\/cms\\\/\"},{\"@type\":\"ListItem\",\"position\":2,\"name\":\"Save the Date: S\u00fcdtirol Jazzfestival Alto Adige 2016 startet in die n\u00e4chste Runde\"}]},{\"@type\":\"WebSite\",\"@id\":\"https:\\\/\\\/www.jazzzeitung.de\\\/cms\\\/#website\",\"url\":\"https:\\\/\\\/www.jazzzeitung.de\\\/cms\\\/\",\"name\":\"JazzZeitung\",\"description\":\"Jazz-News und Jazz-Kontroverses\",\"publisher\":{\"@id\":\"https:\\\/\\\/www.jazzzeitung.de\\\/cms\\\/#organization\"},\"potentialAction\":[{\"@type\":\"SearchAction\",\"target\":{\"@type\":\"EntryPoint\",\"urlTemplate\":\"https:\\\/\\\/www.jazzzeitung.de\\\/cms\\\/?s={search_term_string}\"},\"query-input\":{\"@type\":\"PropertyValueSpecification\",\"valueRequired\":true,\"valueName\":\"search_term_string\"}}],\"inLanguage\":\"de\"},{\"@type\":\"Organization\",\"@id\":\"https:\\\/\\\/www.jazzzeitung.de\\\/cms\\\/#organization\",\"name\":\"JazzZeitung online\",\"url\":\"https:\\\/\\\/www.jazzzeitung.de\\\/cms\\\/\",\"logo\":{\"@type\":\"ImageObject\",\"inLanguage\":\"de\",\"@id\":\"https:\\\/\\\/www.jazzzeitung.de\\\/cms\\\/#\\\/schema\\\/logo\\\/image\\\/\",\"url\":\"https:\\\/\\\/i0.wp.com\\\/www.jazzzeitung.de\\\/cms\\\/wp-content\\\/uploads\\\/2015\\\/08\\\/JAZZZEITUNGDE_Logo_Neu.png?fit=499%2C200&ssl=1\",\"contentUrl\":\"https:\\\/\\\/i0.wp.com\\\/www.jazzzeitung.de\\\/cms\\\/wp-content\\\/uploads\\\/2015\\\/08\\\/JAZZZEITUNGDE_Logo_Neu.png?fit=499%2C200&ssl=1\",\"width\":499,\"height\":200,\"caption\":\"JazzZeitung online\"},\"image\":{\"@id\":\"https:\\\/\\\/www.jazzzeitung.de\\\/cms\\\/#\\\/schema\\\/logo\\\/image\\\/\"},\"sameAs\":[\"https:\\\/\\\/www.facebook.com\\\/JazzZeitung\\\/\"]},{\"@type\":\"Person\",\"@id\":\"https:\\\/\\\/www.jazzzeitung.de\\\/cms\\\/#\\\/schema\\\/person\\\/2245b36b9cd1d24cea10f01c031fb92b\",\"name\":\"Redaktion JazzZeitung\",\"image\":{\"@type\":\"ImageObject\",\"inLanguage\":\"de\",\"@id\":\"https:\\\/\\\/i0.wp.com\\\/www.jazzzeitung.de\\\/cms\\\/wp-content\\\/uploads\\\/2015\\\/08\\\/JAZZZEITUNGDE_Logo_Neu.png?resize=96%2C96&ssl=159975dcacb611b5700bd619b5daf0a7a\",\"url\":\"https:\\\/\\\/i0.wp.com\\\/www.jazzzeitung.de\\\/cms\\\/wp-content\\\/uploads\\\/2015\\\/08\\\/JAZZZEITUNGDE_Logo_Neu.png?resize=96%2C96&ssl=1\",\"contentUrl\":\"https:\\\/\\\/i0.wp.com\\\/www.jazzzeitung.de\\\/cms\\\/wp-content\\\/uploads\\\/2015\\\/08\\\/JAZZZEITUNGDE_Logo_Neu.png?resize=96%2C96&ssl=1\",\"caption\":\"Redaktion JazzZeitung\"},\"description\":\"Artikel der Redaktion der JazzZeitung.\",\"sameAs\":[\"http:\\\/\\\/www.jazzzeitung.de\\\/cms\\\/\"],\"url\":\"https:\\\/\\\/www.jazzzeitung.de\\\/cms\\\/author\\\/redaktion\\\/\"}]}<\/script>\n<!-- \/ Yoast SEO plugin. -->","yoast_head_json":{"title":"Save the Date: S\u00fcdtirol Jazzfestival Alto Adige 2016 startet in die n\u00e4chste Runde - JazzZeitung","robots":{"index":"index","follow":"follow","max-snippet":"max-snippet:-1","max-image-preview":"max-image-preview:large","max-video-preview":"max-video-preview:-1"},"canonical":"https:\/\/www.jazzzeitung.de\/cms\/2016\/01\/suedtirol-jazzfestival-alto-adige-2016-startet-die-naechste-runde\/","og_locale":"de_DE","og_type":"article","og_title":"Save the Date: S\u00fcdtirol Jazzfestival Alto Adige 2016 startet in die n\u00e4chste Runde - JazzZeitung","og_description":"Nach dem Festival ist vor dem Festival: Die Vorbereitungen auf das S\u00fcdtirol Jazzfestival Alto Adige 2016 laufen bereits auf Hochtouren, die Er\u00f6ffnung ist am 24. Juni 2016. Dieses Jahr findet das S\u00fcdtirol Jazzfestival Alto Adige bereits in seiner 34. Auflage statt. Wie jedes Jahr sind auch f\u00fcr das bevorstehende Event viele Dutzend Konzerte im ganzen Land geplant \u2013 und, wie immer, an besonders interessanten Orten des Landes. Sie sollen \u201eunser Festival und die Musik noch besser zur Geltung bringen.\u201c, berichtet Festival-Pr\u00e4sident Klaus Widmann. \u201eUnser Festival gef\u00e4llt nicht nur Musikfreunden aus S\u00fcdtirol und Interessierten aus aller Welt, sondern auch der Andrang neuer Festival-Partner ist gro\u00df.\u201c Inhaltlich verr\u00e4t Widmann noch nicht sehr viel \u2013 nur, dass es wieder einen L\u00e4nderschwerpunkt geben wird. Nach Frankreich und England im letzten Jahr treffen sich 2016 \u00d6sterreich und Italien beim S\u00fcdtirol Jazzfestival Alto Adige: \u201eWir arbeiten schon intensiv am Programm. Beide L\u00e4nder haben hervorragende Musiker und Bands zu bieten, und unsere Herausforderung ist es, wieder m\u00f6glichst viel neue Projekte mit ihnen zu entwickeln.\u201c Bald mehr dazu an dieser Stelle und in SILBERHORN \u2013 das Magazin von nmz und Jazzzeitung. Save the &hellip;","og_url":"https:\/\/www.jazzzeitung.de\/cms\/2016\/01\/suedtirol-jazzfestival-alto-adige-2016-startet-die-naechste-runde\/","og_site_name":"JazzZeitung","article_publisher":"https:\/\/www.facebook.com\/JazzZeitung\/","article_published_time":"2016-01-16T14:00:04+00:00","og_image":[{"url":"http:\/\/www.jazzzeitung.de\/cms\/wp-content\/uploads\/2016\/01\/SJF15-0701-Waltherplatz-Three-Trapped-Tigers-c-GPichler-14-150x150.jpg","type":"","width":"","height":""}],"author":"Redaktion JazzZeitung","schema":{"@context":"https:\/\/schema.org","@graph":[{"@type":"Article","@id":"https:\/\/www.jazzzeitung.de\/cms\/2016\/01\/suedtirol-jazzfestival-alto-adige-2016-startet-die-naechste-runde\/#article","isPartOf":{"@id":"https:\/\/www.jazzzeitung.de\/cms\/2016\/01\/suedtirol-jazzfestival-alto-adige-2016-startet-die-naechste-runde\/"},"author":{"name":"Redaktion JazzZeitung","@id":"https:\/\/www.jazzzeitung.de\/cms\/#\/schema\/person\/2245b36b9cd1d24cea10f01c031fb92b"},"headline":"Save the Date: S\u00fcdtirol Jazzfestival Alto Adige 2016 startet in die n\u00e4chste Runde","datePublished":"2016-01-16T14:00:04+00:00","mainEntityOfPage":{"@id":"https:\/\/www.jazzzeitung.de\/cms\/2016\/01\/suedtirol-jazzfestival-alto-adige-2016-startet-die-naechste-runde\/"},"wordCount":232,"commentCount":0,"publisher":{"@id":"https:\/\/www.jazzzeitung.de\/cms\/#organization"},"image":{"@id":"https:\/\/www.jazzzeitung.de\/cms\/2016\/01\/suedtirol-jazzfestival-alto-adige-2016-startet-die-naechste-runde\/#primaryimage"},"thumbnailUrl":"http:\/\/www.jazzzeitung.de\/cms\/wp-content\/uploads\/2016\/01\/SJF15-0701-Waltherplatz-Three-Trapped-Tigers-c-GPichler-14-150x150.jpg","keywords":["Alto Adige","Festival","Jazzfestival","Jazzzeitung","Konzerte","nmz","S\u00fcdtirol Jazzfestival"],"articleSection":["News"],"inLanguage":"de","potentialAction":[{"@type":"CommentAction","name":"Comment","target":["https:\/\/www.jazzzeitung.de\/cms\/2016\/01\/suedtirol-jazzfestival-alto-adige-2016-startet-die-naechste-runde\/#respond"]}]},{"@type":"WebPage","@id":"https:\/\/www.jazzzeitung.de\/cms\/2016\/01\/suedtirol-jazzfestival-alto-adige-2016-startet-die-naechste-runde\/","url":"https:\/\/www.jazzzeitung.de\/cms\/2016\/01\/suedtirol-jazzfestival-alto-adige-2016-startet-die-naechste-runde\/","name":"Save the Date: S\u00fcdtirol Jazzfestival Alto Adige 2016 startet in die n\u00e4chste Runde - JazzZeitung","isPartOf":{"@id":"https:\/\/www.jazzzeitung.de\/cms\/#website"},"primaryImageOfPage":{"@id":"https:\/\/www.jazzzeitung.de\/cms\/2016\/01\/suedtirol-jazzfestival-alto-adige-2016-startet-die-naechste-runde\/#primaryimage"},"image":{"@id":"https:\/\/www.jazzzeitung.de\/cms\/2016\/01\/suedtirol-jazzfestival-alto-adige-2016-startet-die-naechste-runde\/#primaryimage"},"thumbnailUrl":"http:\/\/www.jazzzeitung.de\/cms\/wp-content\/uploads\/2016\/01\/SJF15-0701-Waltherplatz-Three-Trapped-Tigers-c-GPichler-14-150x150.jpg","datePublished":"2016-01-16T14:00:04+00:00","breadcrumb":{"@id":"https:\/\/www.jazzzeitung.de\/cms\/2016\/01\/suedtirol-jazzfestival-alto-adige-2016-startet-die-naechste-runde\/#breadcrumb"},"inLanguage":"de","potentialAction":[{"@type":"ReadAction","target":["https:\/\/www.jazzzeitung.de\/cms\/2016\/01\/suedtirol-jazzfestival-alto-adige-2016-startet-die-naechste-runde\/"]}]},{"@type":"ImageObject","inLanguage":"de","@id":"https:\/\/www.jazzzeitung.de\/cms\/2016\/01\/suedtirol-jazzfestival-alto-adige-2016-startet-die-naechste-runde\/#primaryimage","url":"http:\/\/www.jazzzeitung.de\/cms\/wp-content\/uploads\/2016\/01\/SJF15-0701-Waltherplatz-Three-Trapped-Tigers-c-GPichler-14-150x150.jpg","contentUrl":"http:\/\/www.jazzzeitung.de\/cms\/wp-content\/uploads\/2016\/01\/SJF15-0701-Waltherplatz-Three-Trapped-Tigers-c-GPichler-14-150x150.jpg"},{"@type":"BreadcrumbList","@id":"https:\/\/www.jazzzeitung.de\/cms\/2016\/01\/suedtirol-jazzfestival-alto-adige-2016-startet-die-naechste-runde\/#breadcrumb","itemListElement":[{"@type":"ListItem","position":1,"name":"Startseite","item":"https:\/\/www.jazzzeitung.de\/cms\/"},{"@type":"ListItem","position":2,"name":"Save the Date: S\u00fcdtirol Jazzfestival Alto Adige 2016 startet in die n\u00e4chste Runde"}]},{"@type":"WebSite","@id":"https:\/\/www.jazzzeitung.de\/cms\/#website","url":"https:\/\/www.jazzzeitung.de\/cms\/","name":"JazzZeitung","description":"Jazz-News und Jazz-Kontroverses","publisher":{"@id":"https:\/\/www.jazzzeitung.de\/cms\/#organization"},"potentialAction":[{"@type":"SearchAction","target":{"@type":"EntryPoint","urlTemplate":"https:\/\/www.jazzzeitung.de\/cms\/?s={search_term_string}"},"query-input":{"@type":"PropertyValueSpecification","valueRequired":true,"valueName":"search_term_string"}}],"inLanguage":"de"},{"@type":"Organization","@id":"https:\/\/www.jazzzeitung.de\/cms\/#organization","name":"JazzZeitung online","url":"https:\/\/www.jazzzeitung.de\/cms\/","logo":{"@type":"ImageObject","inLanguage":"de","@id":"https:\/\/www.jazzzeitung.de\/cms\/#\/schema\/logo\/image\/","url":"https:\/\/i0.wp.com\/www.jazzzeitung.de\/cms\/wp-content\/uploads\/2015\/08\/JAZZZEITUNGDE_Logo_Neu.png?fit=499%2C200&ssl=1","contentUrl":"https:\/\/i0.wp.com\/www.jazzzeitung.de\/cms\/wp-content\/uploads\/2015\/08\/JAZZZEITUNGDE_Logo_Neu.png?fit=499%2C200&ssl=1","width":499,"height":200,"caption":"JazzZeitung online"},"image":{"@id":"https:\/\/www.jazzzeitung.de\/cms\/#\/schema\/logo\/image\/"},"sameAs":["https:\/\/www.facebook.com\/JazzZeitung\/"]},{"@type":"Person","@id":"https:\/\/www.jazzzeitung.de\/cms\/#\/schema\/person\/2245b36b9cd1d24cea10f01c031fb92b","name":"Redaktion JazzZeitung","image":{"@type":"ImageObject","inLanguage":"de","@id":"https:\/\/i0.wp.com\/www.jazzzeitung.de\/cms\/wp-content\/uploads\/2015\/08\/JAZZZEITUNGDE_Logo_Neu.png?resize=96%2C96&ssl=159975dcacb611b5700bd619b5daf0a7a","url":"https:\/\/i0.wp.com\/www.jazzzeitung.de\/cms\/wp-content\/uploads\/2015\/08\/JAZZZEITUNGDE_Logo_Neu.png?resize=96%2C96&ssl=1","contentUrl":"https:\/\/i0.wp.com\/www.jazzzeitung.de\/cms\/wp-content\/uploads\/2015\/08\/JAZZZEITUNGDE_Logo_Neu.png?resize=96%2C96&ssl=1","caption":"Redaktion JazzZeitung"},"description":"Artikel der Redaktion der JazzZeitung.","sameAs":["http:\/\/www.jazzzeitung.de\/cms\/"],"url":"https:\/\/www.jazzzeitung.de\/cms\/author\/redaktion\/"}]}},"wp-worthy-pixel":{"ignored":false,"public":null,"server":null,"url":null},"wp-worthy-type":"normal","jetpack_publicize_connections":[],"cc_featured_image_caption":{"caption_text":false,"source_text":false,"source_url":false},"jetpack_featured_media_url":"","jetpack_shortlink":"https:\/\/wp.me\/p3KEcT-270","jetpack-related-posts":[{"id":22336,"url":"https:\/\/www.jazzzeitung.de\/cms\/2020\/04\/newssuedtirol-jazzfestival-alto-adige-2020-abgesagtmoers-jazzfestival-soll-stattfinden\/","url_meta":{"origin":8122,"position":0},"title":"news+++S\u00fcdtirol Jazzfestival Alto Adige 2020 abgesagt+++Moers Jazzfestival soll stattfinden+++","author":"Redaktion JazzZeitung","date":"11. April 2020","format":false,"excerpt":"Eine weitere Festival-Absage Das S\u00fcdtirol Jazzfestival Alto Adige findet dieses Jahr zum ersten Mal in 38 Jahren nicht statt. Die Pandemie hat auch die Veranstalter in S\u00fcdtirol gezwungen, Festivals, Konzerte usw. abzusagen. Das Programm des Festivals sollte eigentlich eine Reise in den osteurop\u00e4ischen Jazz sein, Name des Themas: \u201eGegen den\u2026","rel":"","context":"In &quot;News&quot;","block_context":{"text":"News","link":"https:\/\/www.jazzzeitung.de\/cms\/thema\/nachrichten\/"},"img":{"alt_text":"","src":"https:\/\/www.jazzzeitung.de\/cms\/wp-content\/uploads\/2020\/03\/Beitragsbild-beschnitten-e1583498329553.bmp","width":350,"height":200,"srcset":"https:\/\/www.jazzzeitung.de\/cms\/wp-content\/uploads\/2020\/03\/Beitragsbild-beschnitten-e1583498329553.bmp 1x, https:\/\/www.jazzzeitung.de\/cms\/wp-content\/uploads\/2020\/03\/Beitragsbild-beschnitten-e1583498329553.bmp 1.5x, https:\/\/www.jazzzeitung.de\/cms\/wp-content\/uploads\/2020\/03\/Beitragsbild-beschnitten-e1583498329553.bmp 2x, https:\/\/www.jazzzeitung.de\/cms\/wp-content\/uploads\/2020\/03\/Beitragsbild-beschnitten-e1583498329553.bmp 3x"},"classes":[]},{"id":3508,"url":"https:\/\/www.jazzzeitung.de\/cms\/2014\/02\/suedtirol-jazzfestival-alto-adige-2014-mit-chickcorea\/","url_meta":{"origin":8122,"position":1},"title":"S\u00fcdtirol Jazzfestival Alto Adige 2014 \u2013 mit ChickCorea","author":"Redaktion JazzZeitung","date":"21. Februar 2014","format":false,"excerpt":"Vom Freitag, den 27. Juni bis Sonntag, 6. Juli 2014 wird in S\u00fcdtirol wieder der Jazz dominieren. Zum 32. Mal in Folge findet in diesem Jahr das beliebte S\u00fcdtirol Jazz Festival Alto Adige statt.\u00a0 So unterschiedlich wie die Musik der auftretenden K\u00fcnstler sind auch in jedem Jahr die Austragungsorte der\u2026","rel":"","context":"In &quot;News&quot;","block_context":{"text":"News","link":"https:\/\/www.jazzzeitung.de\/cms\/thema\/nachrichten\/"},"img":{"alt_text":"S\u00fcdtiroler Jazzfestival Alto Adige","src":"https:\/\/i0.wp.com\/www.jazzzeitung.de\/cms\/wp-content\/uploads\/2014\/02\/Jazz-Design-2014-2-150x150.jpg?resize=350%2C200","width":350,"height":200},"classes":[]},{"id":8716,"url":"https:\/\/www.jazzzeitung.de\/cms\/2016\/03\/das-suedtirol-jazzfestival-alto-adige-kennt-keine-grenzen\/","url_meta":{"origin":8122,"position":2},"title":"Das S\u00fcdtirol Jazzfestival Alto Adige kennt keine Grenzen&#8230;","author":"Redaktion JazzZeitung","date":"17. M\u00e4rz 2016","format":false,"excerpt":"Zum 34. Mal wird das S\u00fcdtirol Jazzfestival Alto Adige auf die B\u00fchne(n) gebracht \u2013 und bespielt wie in den vergangenen Jahren wiederum ganz S\u00fcdtirol. Von der Er\u00f6ffnung am Freitag, 24. Juni bis zum Abschluss am Sonntag, 3. Juli, zieht der bunte Jazz-Tross auf knapp 60 Schaupl\u00e4tzen in 20 S\u00fcdtiroler Gemeinden\u2026","rel":"","context":"In &quot;News&quot;","block_context":{"text":"News","link":"https:\/\/www.jazzzeitung.de\/cms\/thema\/nachrichten\/"},"img":{"alt_text":"Perhaps Contraption - Ritten. Foto: G. Pichler","src":"https:\/\/i0.wp.com\/www.jazzzeitung.de\/cms\/wp-content\/uploads\/2016\/03\/Perhaps-Contraption-Ritten-c-G.-Pichler-150x150.jpg?resize=350%2C200","width":350,"height":200},"classes":[]},{"id":4123,"url":"https:\/\/www.jazzzeitung.de\/cms\/2014\/06\/bildergalerie-suedtirol-jazzfestival-alto-adige-die-eroeffnung\/","url_meta":{"origin":8122,"position":3},"title":"Bildergalerie: S\u00fcdtirol Jazzfestival Alto Adige &#8211; die Er\u00f6ffnung","author":"Redaktion JazzZeitung","date":"30. Juni 2014","format":false,"excerpt":"Erste Eindr\u00fccke aus dem sch\u00f6nen S\u00fcdtirol... Wir danken Ralf Dombrowski, dem Fotografen dieser Bilderstrecke!","rel":"","context":"In &quot;Galerie&quot;","block_context":{"text":"Galerie","link":"https:\/\/www.jazzzeitung.de\/cms\/thema\/galerie\/"},"img":{"alt_text":"","src":"https:\/\/i0.wp.com\/www.jazzzeitung.de\/cms\/wp-content\/uploads\/2014\/06\/Besson-dombr.jpg?resize=350%2C200","width":350,"height":200,"srcset":"https:\/\/i0.wp.com\/www.jazzzeitung.de\/cms\/wp-content\/uploads\/2014\/06\/Besson-dombr.jpg?resize=350%2C200 1x, https:\/\/i0.wp.com\/www.jazzzeitung.de\/cms\/wp-content\/uploads\/2014\/06\/Besson-dombr.jpg?resize=525%2C300 1.5x, https:\/\/i0.wp.com\/www.jazzzeitung.de\/cms\/wp-content\/uploads\/2014\/06\/Besson-dombr.jpg?resize=700%2C400 2x"},"classes":[]},{"id":9571,"url":"https:\/\/www.jazzzeitung.de\/cms\/2016\/06\/musik-wasser-und-den-sternen-suedtirol-jazzfestival-beginnt\/","url_meta":{"origin":8122,"position":4},"title":"Musik am Wasser und in den Sternen &#8211; S\u00fcdtirol Jazzfestival beginnt","author":"Redaktion JazzZeitung","date":"24. Juni 2016","format":false,"excerpt":"Zum 34. Mal wird das Jazzfestival auf die B\u00fchne(n) gebracht. Dabei wird S\u00fcdtirol landauf, landab bunt erklingen \u2013 diesmal mit dem Jahresthema \u00d6sterreich\/Italien. Wie jedes Jahr wird auch heuer zehn Tage lang Jazz an 60 Schaupl\u00e4tzen in 20 S\u00fcdtiroler Gemeinden mit mehr als 100 Musikern dargeboten. Tolle Musik, besondere Schaupl\u00e4tze\u2026","rel":"","context":"In &quot;News&quot;","block_context":{"text":"News","link":"https:\/\/www.jazzzeitung.de\/cms\/thema\/nachrichten\/"},"img":{"alt_text":"Max Andrzejewski (Stefanie Marcus) kl.","src":"https:\/\/i0.wp.com\/www.jazzzeitung.de\/cms\/wp-content\/uploads\/2016\/06\/Max-Andrzejewski-Stefanie-Marcus-kl.-150x150.jpg?resize=350%2C200","width":350,"height":200},"classes":[]},{"id":6553,"url":"https:\/\/www.jazzzeitung.de\/cms\/2015\/07\/suedtirol-jazz-festival-alto-adige-2015-bildergalerie\/","url_meta":{"origin":8122,"position":5},"title":"S\u00fcdtirol Jazzfestival Alto Adige 2015: Bildergalerie","author":"Redaktion JazzZeitung","date":"13. Juli 2015","format":false,"excerpt":"Danke, Ralf Dombrowski, ein Bericht folgt in der Septemberausgabe der nmz!","rel":"","context":"In &quot;Galerie&quot;","block_context":{"text":"Galerie","link":"https:\/\/www.jazzzeitung.de\/cms\/thema\/galerie\/"},"img":{"alt_text":"","src":"https:\/\/i0.wp.com\/www.jazzzeitung.de\/cms\/wp-content\/uploads\/2015\/07\/0K3A0003-Bourne-dombr.jpg?resize=350%2C200","width":350,"height":200,"srcset":"https:\/\/i0.wp.com\/www.jazzzeitung.de\/cms\/wp-content\/uploads\/2015\/07\/0K3A0003-Bourne-dombr.jpg?resize=350%2C200 1x, https:\/\/i0.wp.com\/www.jazzzeitung.de\/cms\/wp-content\/uploads\/2015\/07\/0K3A0003-Bourne-dombr.jpg?resize=525%2C300 1.5x, https:\/\/i0.wp.com\/www.jazzzeitung.de\/cms\/wp-content\/uploads\/2015\/07\/0K3A0003-Bourne-dombr.jpg?resize=700%2C400 2x, https:\/\/i0.wp.com\/www.jazzzeitung.de\/cms\/wp-content\/uploads\/2015\/07\/0K3A0003-Bourne-dombr.jpg?resize=1050%2C600 3x"},"classes":[]}],"jetpack_sharing_enabled":true,"_links":{"self":[{"href":"https:\/\/www.jazzzeitung.de\/cms\/wp-json\/wp\/v2\/posts\/8122","targetHints":{"allow":["GET"]}}],"collection":[{"href":"https:\/\/www.jazzzeitung.de\/cms\/wp-json\/wp\/v2\/posts"}],"about":[{"href":"https:\/\/www.jazzzeitung.de\/cms\/wp-json\/wp\/v2\/types\/post"}],"author":[{"embeddable":true,"href":"https:\/\/www.jazzzeitung.de\/cms\/wp-json\/wp\/v2\/users\/18"}],"replies":[{"embeddable":true,"href":"https:\/\/www.jazzzeitung.de\/cms\/wp-json\/wp\/v2\/comments?post=8122"}],"version-history":[{"count":5,"href":"https:\/\/www.jazzzeitung.de\/cms\/wp-json\/wp\/v2\/posts\/8122\/revisions"}],"predecessor-version":[{"id":8135,"href":"https:\/\/www.jazzzeitung.de\/cms\/wp-json\/wp\/v2\/posts\/8122\/revisions\/8135"}],"wp:attachment":[{"href":"https:\/\/www.jazzzeitung.de\/cms\/wp-json\/wp\/v2\/media?parent=8122"}],"wp:term":[{"taxonomy":"category","embeddable":true,"href":"https:\/\/www.jazzzeitung.de\/cms\/wp-json\/wp\/v2\/categories?post=8122"},{"taxonomy":"post_tag","embeddable":true,"href":"https:\/\/www.jazzzeitung.de\/cms\/wp-json\/wp\/v2\/tags?post=8122"},{"taxonomy":"author","embeddable":true,"href":"https:\/\/www.jazzzeitung.de\/cms\/wp-json\/wp\/v2\/coauthors?post=8122"}],"curies":[{"name":"wp","href":"https:\/\/api.w.org\/{rel}","templated":true}]}}