{"id":8045,"date":"2016-01-08T17:00:03","date_gmt":"2016-01-08T16:00:03","guid":{"rendered":"http:\/\/www.jazzzeitung.de\/cms\/?p=8045"},"modified":"2016-01-08T09:39:16","modified_gmt":"2016-01-08T08:39:16","slug":"news-berlin-21-deutschland-eroeffnet-die-diesjaehrigen-emsdettener-jazztage-mit-dynamisch-urbanen-klaengen-grias-di-gott-laendle-swingender-bigband-jazz-matthias-schriefl-trifft-h","status":"publish","type":"post","link":"https:\/\/www.jazzzeitung.de\/cms\/2016\/01\/news-berlin-21-deutschland-eroeffnet-die-diesjaehrigen-emsdettener-jazztage-mit-dynamisch-urbanen-klaengen-grias-di-gott-laendle-swingender-bigband-jazz-matthias-schriefl-trifft-h\/","title":{"rendered":"+++ News +++\u201eBerlin 21\u201c (Deutschland) er\u00f6ffnet die diesj\u00e4hrigen Emsdettener Jazztage mit dynamisch urbanen Kl\u00e4ngen +++ \u201eGrias di Gott L\u00e4ndle\u201c \u2013 Swingender  Bigband Jazz: Matthias Schriefl trifft Horns Up in Landsberg, Immenstadt und Kaufbeuren +++ Das Kulturamt informiert: Ausschreibung zum Leipziger Jazznachwuchspreis der Marion Ermer Stiftung 2016 +++"},"content":{"rendered":"<p><strong>+++ \u201eBerlin 21\u201c (Deutschland) er\u00f6ffnet die diesj\u00e4hrigen Emsdettener Jazztage mit dynamisch urbanen Kl\u00e4ngen +++<\/strong><\/p>\n<figure id=\"attachment_8046\" aria-describedby=\"caption-attachment-8046\" style=\"width: 150px\" class=\"wp-caption alignright\"><a href=\"https:\/\/i0.wp.com\/www.jazzzeitung.de\/cms\/wp-content\/uploads\/2016\/01\/8_BERLIN21_14.1.14-%C2%A9-Christa-Brockmann.jpg\" rel=\"attachment wp-att-8046\"><img data-recalc-dims=\"1\" loading=\"lazy\" decoding=\"async\" data-attachment-id=\"8046\" data-permalink=\"https:\/\/www.jazzzeitung.de\/cms\/2016\/01\/news-berlin-21-deutschland-eroeffnet-die-diesjaehrigen-emsdettener-jazztage-mit-dynamisch-urbanen-klaengen-grias-di-gott-laendle-swingender-bigband-jazz-matthias-schriefl-trifft-h\/8_berlin21_14-1-14-christa-brockmann\/\" data-orig-file=\"https:\/\/i0.wp.com\/www.jazzzeitung.de\/cms\/wp-content\/uploads\/2016\/01\/8_BERLIN21_14.1.14-%C2%A9-Christa-Brockmann.jpg?fit=4104%2C2736&amp;ssl=1\" data-orig-size=\"4104,2736\" data-comments-opened=\"1\" data-image-meta=\"{&quot;aperture&quot;:&quot;4&quot;,&quot;credit&quot;:&quot;&quot;,&quot;camera&quot;:&quot;NIKON D5000&quot;,&quot;caption&quot;:&quot;&quot;,&quot;created_timestamp&quot;:&quot;1389715570&quot;,&quot;copyright&quot;:&quot;&quot;,&quot;focal_length&quot;:&quot;22&quot;,&quot;iso&quot;:&quot;800&quot;,&quot;shutter_speed&quot;:&quot;0.008&quot;,&quot;title&quot;:&quot;&quot;,&quot;orientation&quot;:&quot;1&quot;}\" data-image-title=\"\" data-image-description=\"\" data-image-caption=\"&lt;p&gt;Berlin 21. Foto: Christa Brockmann&lt;\/p&gt;\n\" data-large-file=\"https:\/\/i0.wp.com\/www.jazzzeitung.de\/cms\/wp-content\/uploads\/2016\/01\/8_BERLIN21_14.1.14-%C2%A9-Christa-Brockmann.jpg?fit=840%2C560&amp;ssl=1\" class=\"size-thumbnail wp-image-8046\" src=\"https:\/\/i0.wp.com\/www.jazzzeitung.de\/cms\/wp-content\/uploads\/2016\/01\/8_BERLIN21_14.1.14-%C2%A9-Christa-Brockmann-150x150.jpg?resize=150%2C150\" alt=\"Berlin 21. Foto: Christa Brockmann\" width=\"150\" height=\"150\" srcset=\"https:\/\/i0.wp.com\/www.jazzzeitung.de\/cms\/wp-content\/uploads\/2016\/01\/8_BERLIN21_14.1.14-%C2%A9-Christa-Brockmann.jpg?resize=150%2C150&amp;ssl=1 150w, https:\/\/i0.wp.com\/www.jazzzeitung.de\/cms\/wp-content\/uploads\/2016\/01\/8_BERLIN21_14.1.14-%C2%A9-Christa-Brockmann.jpg?resize=144%2C144&amp;ssl=1 144w, https:\/\/i0.wp.com\/www.jazzzeitung.de\/cms\/wp-content\/uploads\/2016\/01\/8_BERLIN21_14.1.14-%C2%A9-Christa-Brockmann.jpg?resize=96%2C96&amp;ssl=1 96w, https:\/\/i0.wp.com\/www.jazzzeitung.de\/cms\/wp-content\/uploads\/2016\/01\/8_BERLIN21_14.1.14-%C2%A9-Christa-Brockmann.jpg?resize=24%2C24&amp;ssl=1 24w, https:\/\/i0.wp.com\/www.jazzzeitung.de\/cms\/wp-content\/uploads\/2016\/01\/8_BERLIN21_14.1.14-%C2%A9-Christa-Brockmann.jpg?resize=36%2C36&amp;ssl=1 36w, https:\/\/i0.wp.com\/www.jazzzeitung.de\/cms\/wp-content\/uploads\/2016\/01\/8_BERLIN21_14.1.14-%C2%A9-Christa-Brockmann.jpg?resize=48%2C48&amp;ssl=1 48w, https:\/\/i0.wp.com\/www.jazzzeitung.de\/cms\/wp-content\/uploads\/2016\/01\/8_BERLIN21_14.1.14-%C2%A9-Christa-Brockmann.jpg?resize=64%2C64&amp;ssl=1 64w, https:\/\/i0.wp.com\/www.jazzzeitung.de\/cms\/wp-content\/uploads\/2016\/01\/8_BERLIN21_14.1.14-%C2%A9-Christa-Brockmann.jpg?resize=32%2C32&amp;ssl=1 32w, https:\/\/i0.wp.com\/www.jazzzeitung.de\/cms\/wp-content\/uploads\/2016\/01\/8_BERLIN21_14.1.14-%C2%A9-Christa-Brockmann.jpg?resize=128%2C128&amp;ssl=1 128w, https:\/\/i0.wp.com\/www.jazzzeitung.de\/cms\/wp-content\/uploads\/2016\/01\/8_BERLIN21_14.1.14-%C2%A9-Christa-Brockmann.jpg?zoom=2&amp;resize=150%2C150&amp;ssl=1 300w, https:\/\/i0.wp.com\/www.jazzzeitung.de\/cms\/wp-content\/uploads\/2016\/01\/8_BERLIN21_14.1.14-%C2%A9-Christa-Brockmann.jpg?zoom=3&amp;resize=150%2C150&amp;ssl=1 450w\" sizes=\"auto, (max-width: 150px) 100vw, 150px\" \/><\/a><figcaption id=\"caption-attachment-8046\" class=\"wp-caption-text\">Berlin 21. Foto: Christa Brockmann<\/figcaption><\/figure>\n<p>Drei Tage, vom 25. bis 27. Februar dauern die 18. Emsdettener Jazztage 2016 im Lichthof &amp; Caf\u00e9 in Stroetmanns Fabrik. Das Er\u00f6ffnungs-Quartett \u201eBerlin 21\u201c steht f\u00fcr das quirlige Lebensgef\u00fchl des temperamentvollen Stadtteils Moabit, der gepr\u00e4gt ist von Dynamik und parallelen Lebenswelten. Der Schlagzeuger der Gruppe Torsten Zwingenberger (Teasy), der seit 1980 in diesem zentral gelegenen Stadtviertel Berlins lebt, z\u00e4hlt zu den umtriebigsten Pers\u00f6nlichkeiten der deutschen Jazzszene. Bereits als Mitzwanziger arbeitete er mit Jazzlegenden wie Buddy Tate, Harry \u201eSweets\u201c Edison und Joe Pass zusammen. Dar\u00fcber hinaus hat er mit Drumming 5.1 eine Technik des Schlagzeugspiels entwickelt, f\u00fcr die er das klassische Drumset um vielf\u00e4ltige Perkussionsinstrumente erweiterte. Inmitten der bunten Moabiter Vielfalt hat Zwingenberger viele seiner legend\u00e4ren Bandformationen gegr\u00fcndet, so auch sein neuestes Projekt \u201eBerlin 21\u201c. (25.2.2016)<\/p>\n<p>Wenn die Gitarristin Susan Weinert und das Torun Eriksen Fjord Quartett aufeinandertreffen entsteht ein Klangzauber der besonderen Art. Auf der einen Seite die wundervolle, aus dem Gospel-Gesang kommende Stimme Torun Eriksens, in der all die Sch\u00f6nheit des rauen Nordens Ausdruck findet, auf der anderen Seite das breite Klangspektrum der Gitarristin Susan Weinert, die mit meisterhafter Leichtigkeit die Stimme der S\u00e4ngerin in sanfte Harmonie h\u00fcllt. (26.2.2016)<\/p>\n<p>Die Band \u201eMr. Autumn\u201c beschw\u00f6rt einen musikalischen Herbst herauf: Man stelle sich vor, wie warme Stiefel durch bunte Bl\u00e4tter rascheln, wie helle Kerzen verregnete Nachmittage beleuchten. Wenn Elin, Alex, Matthias und Lukas Musik machen, dann fangen sie den Herbst in all seinen Kl\u00e4ngen und Farben ein. Sie stellen bestimme Szenerien und Atmosph\u00e4ren in ihrer Musik dar: skandinavisch, jazzig, vielleicht ein bisschen melancholisch. (27.2.2016)<\/p>\n<p>Die Mischung macht\u00b4s \u2013 Das Quintett \u201eDirik Schilgen JazzGrooves\u201c sorgt f\u00fcr einen l\u00e4ssigen Ausklang der Emsdettener Jazztage: \u201eOn the Move\u201c hei\u00dft die mittlerweile dritte CD von \u201eDirik Schilgen JazzGrooves\u201c. Mit diesem Programm wird die Band wieder auf Tour gehen \u2013 auch um ihr 10-j\u00e4hriges Bestehen geb\u00fchrend zu feiern. Vielseitigkeit und Vielfarbigkeit ziehen sich wie ein roter Faden durch die neuen Kompositionen des Heidelberger Bandleaders und Schlagzeugers Dirik Schilgen und vereinen auf wunderbar leichte Weise die vielen Facetten von Jazz, Soul, Brasilianischer und Latein-Amerikanischer Musik. (27.2.2016)<\/p>\n<p><strong>18. Emsdettener Jazztage 2016<\/strong><\/p>\n<p>Emsdetten, Lichthof &amp; Caf\u00e9 in Stroetmanns Fabrik<\/p>\n<p>25. Februar 2016, 20.30 Uhr: \u201eBerlin 21\u201c<br \/>\n26. Februar 2016, 20.30 Uhr: Susan Weinert und Torun Eriksen Fjord Quartett<br \/>\n27. Februar 2016, 20.30 Uhr: \u201eMr. Autumn\u201c und 22.30 Uhr \u201eDirik Schilgen JazzGrooves\u201c<\/p>\n<p>&nbsp;<\/p>\n<p><strong>+++ \u201eGrias di Gott L\u00e4ndle\u201c \u2013 Swingender Bigband Jazz: Matthias Schriefl trifft Horns Up in Landsberg, Immenstadt und Kaufbeuren +++<\/strong><\/p>\n<p><strong>\u00a0<\/strong>Matthias Schriefl ist ein Allg\u00e4uer, aufgewachsen in Maria Rain, kehrt er von Touren durch Europa oder \u00fcber den Globus immer wieder dorthin zur\u00fcck. Er ist aber ebenso einer der herausragenden Jazz-Trompeter im In- und Ausland. Jetzt steht er mit der Allg\u00e4uer Bigband Horns Up, die 2016 ihr 30-j\u00e4hriges Bestehen feiert, auf der B\u00fchne und kommt so zur\u00fcck zu den Wurzeln, denn hier hat er das erste Mal Bigband-Musik gemacht. \u201eAllg\u00e4u\u201c ist auch ein Thema dieses Konzertabends: Neben Kompositionen und Arrangements von Schriefl steuern die Bandmitglieder Andreas Kopeinig und Tiny Schmauch ebenfalls Eigenes zum Programm bei. \u201eGrias di Gott L\u00e4ndle\u201c hei\u00dft das Programm, frei nach einem Allg\u00e4uer Volkslied, das in einer Bearbeitung von Schriefl ein zentrales St\u00fcck des Programms darstellt. Der Abend bietet Bigband-Jazz, mit viel Swing, Groove und einigen herausragenden Solisten der regionalen Szene. Es singt die aus Kempten stammende Susanne Savage. Trotz internationalem Bekanntheitsgrad ist und bleibt Horns Up aber in erster Linie eine \u201eAllg\u00e4uer Band\u201c!<\/p>\n<p>\u201eGrias di Gott L\u00e4ndle\u201c l\u00e4dt das \u201eL\u00e4ndle\u201c, Einheimische wie G\u00e4ste, ein auf einen spannenden, gef\u00fchlvollen und mitrei\u00dfenden Konzertabend!<\/p>\n<p><strong>Fr 19. Februar 20:00, <\/strong>Caf\u00e9 Mondial im Bahnhof, Landsberg<\/p>\n<p><strong>Sa 20. Februar 20:00, <\/strong>Schloss Immenstadt, Immenstadt<\/p>\n<p><strong>So 21. Februar 19:00, <\/strong>Stadttheater Kaufbeuren, Kaufbeuren<\/p>\n<p>&nbsp;<\/p>\n<p><strong>+++ <\/strong><strong>Das Kulturamt informiert:<\/strong> <strong>Ausschreibung zum Leipziger Jazznachwuchspreis der Marion Ermer Stiftung 2016 <\/strong><strong>+++<\/strong><\/p>\n<p>Im Jahr 2016 wird der Leipziger Jazznachwuchspreis der Marion Ermer Stiftung bereits zum 20. Mal vergeben. Der Preis in H\u00f6he von 6.500 Euro wird von der Marion Ermer Stiftung zur Verf\u00fcgung gestellt und von der Stadt Leipzig vergeben. Um den Preis k\u00f6nnen sich Musikerinnen, Musiker und Ensembles bewerben, die auf dem Gebiet des Jazz t\u00e4tig sind und eine besondere k\u00fcnstlerische Entwicklung erwarten lassen. Sie sollen zum Zeitpunkt der Ausschreibung nicht \u00e4lter als 30 Jahre sein (d. h. ihren 30. Geburtstag noch nicht begangen haben) und ihren Lebensmittelpunkt in Leipzig haben.<\/p>\n<p>Der Preis kann nur an eine Person oder ein Ensemble vergeben werden. Die feierliche Preisvergabe findet mit einem Konzert im Rahmen der 40. Leipziger Jazztage in Kooperation mit dem Jazzclub Leipzig e. V. statt.<\/p>\n<p>Die Bewerbungsunterlagen m\u00fcssen bis zum <strong>31. M\u00e4rz 2016<\/strong> (Poststempel) in dreifacher Ausfertigung im Kulturamt der Stadt Leipzig, Neues Rathaus, Martin-Luther-Ring 4-6,<\/p>\n<p>04109 Leipzig, mit folgenden Unterlagen eingereicht werden:<\/p>\n<ol>\n<li>Jazzmusikalische Arbeitsprobe (Demo-Datentr\u00e4ger, vorzugsweise CD)<\/li>\n<li>Angaben zum k\u00fcnstlerischen Werdegang<\/li>\n<li>Beschreibung und Reflexion des aktuellen jazzmusikalischen Tuns<\/li>\n<li>Lebenslauf<\/li>\n<\/ol>\n<p>Weitere Informationen zur Ausschreibung: <a href=\"http:\/\/www.leipzig.de\/jazznachwuchspreis\" target=\"_blank\">www.leipzig.de\/jazznachwuchspreis<\/a><\/p>\n","protected":false},"excerpt":{"rendered":"<p>+++ \u201eBerlin 21\u201c (Deutschland) er\u00f6ffnet die diesj\u00e4hrigen Emsdettener Jazztage mit dynamisch urbanen Kl\u00e4ngen +++ Drei Tage, vom 25. bis 27. Februar dauern die 18. Emsdettener Jazztage 2016 im Lichthof &amp; Caf\u00e9 in Stroetmanns Fabrik. Das Er\u00f6ffnungs-Quartett \u201eBerlin 21\u201c steht f\u00fcr das quirlige Lebensgef\u00fchl des temperamentvollen Stadtteils Moabit, der gepr\u00e4gt ist von Dynamik und parallelen Lebenswelten. Der Schlagzeuger der Gruppe Torsten Zwingenberger (Teasy), der seit 1980 in diesem zentral gelegenen Stadtviertel Berlins lebt, z\u00e4hlt zu den umtriebigsten Pers\u00f6nlichkeiten der deutschen Jazzszene. Bereits als Mitzwanziger arbeitete er mit Jazzlegenden wie Buddy Tate, Harry \u201eSweets\u201c Edison und Joe Pass zusammen. Dar\u00fcber hinaus hat er mit Drumming 5.1 eine Technik des Schlagzeugspiels entwickelt, f\u00fcr die er das klassische Drumset um vielf\u00e4ltige Perkussionsinstrumente erweiterte. Inmitten der bunten Moabiter Vielfalt hat Zwingenberger viele seiner legend\u00e4ren Bandformationen gegr\u00fcndet, so auch sein neuestes Projekt \u201eBerlin 21\u201c. (25.2.2016) Wenn die Gitarristin Susan Weinert und das Torun Eriksen Fjord Quartett aufeinandertreffen entsteht ein Klangzauber der besonderen Art. Auf der einen Seite die wundervolle, aus dem Gospel-Gesang kommende Stimme Torun Eriksens, in der all die Sch\u00f6nheit des rauen Nordens Ausdruck findet, auf der anderen Seite das &hellip;<\/p>\n","protected":false},"author":18,"featured_media":0,"comment_status":"open","ping_status":"closed","sticky":false,"template":"","format":"standard","meta":{"_jetpack_memberships_contains_paid_content":false,"footnotes":"","jetpack_publicize_message":"","jetpack_publicize_feature_enabled":true,"jetpack_social_post_already_shared":false,"jetpack_social_options":{"image_generator_settings":{"template":"highway","default_image_id":0,"font":"","enabled":false},"version":2}},"categories":[633],"tags":[66,73,109,137,790,271,729,322,349,350,827,531,535,558],"coauthors":[695],"class_list":["post-8045","post","type-post","status-publish","format-standard","hentry","category-nachrichten","tag-berlin","tag-bigband","tag-cd","tag-deutschland","tag-geburtstag","tag-jazzclub","tag-kempten","tag-konzert-2","tag-leipzig","tag-leipziger-jazztage","tag-matthias-schriefl","tag-susan-weinert","tag-swing","tag-tour"],"yoast_head":"<!-- This site is optimized with the Yoast SEO plugin v27.5 - https:\/\/yoast.com\/product\/yoast-seo-wordpress\/ -->\n<title>+++ News +++\u201eBerlin 21\u201c (Deutschland) er\u00f6ffnet die diesj\u00e4hrigen Emsdettener Jazztage mit dynamisch urbanen Kl\u00e4ngen +++ \u201eGrias di Gott L\u00e4ndle\u201c \u2013 Swingender Bigband Jazz: Matthias Schriefl trifft Horns Up in Landsberg, Immenstadt und Kaufbeuren +++ Das Kulturamt informiert: Ausschreibung zum Leipziger Jazznachwuchspreis der Marion Ermer Stiftung 2016 +++ - JazzZeitung<\/title>\n<meta name=\"robots\" content=\"index, follow, max-snippet:-1, max-image-preview:large, max-video-preview:-1\" \/>\n<link rel=\"canonical\" href=\"https:\/\/www.jazzzeitung.de\/cms\/2016\/01\/news-berlin-21-deutschland-eroeffnet-die-diesjaehrigen-emsdettener-jazztage-mit-dynamisch-urbanen-klaengen-grias-di-gott-laendle-swingender-bigband-jazz-matthias-schriefl-trifft-h\/\" \/>\n<meta property=\"og:locale\" content=\"de_DE\" \/>\n<meta property=\"og:type\" content=\"article\" \/>\n<meta property=\"og:title\" content=\"+++ News +++\u201eBerlin 21\u201c (Deutschland) er\u00f6ffnet die diesj\u00e4hrigen Emsdettener Jazztage mit dynamisch urbanen Kl\u00e4ngen +++ \u201eGrias di Gott L\u00e4ndle\u201c \u2013 Swingender Bigband Jazz: Matthias Schriefl trifft Horns Up in Landsberg, Immenstadt und Kaufbeuren +++ Das Kulturamt informiert: Ausschreibung zum Leipziger Jazznachwuchspreis der Marion Ermer Stiftung 2016 +++ - JazzZeitung\" \/>\n<meta property=\"og:description\" content=\"+++ \u201eBerlin 21\u201c (Deutschland) er\u00f6ffnet die diesj\u00e4hrigen Emsdettener Jazztage mit dynamisch urbanen Kl\u00e4ngen +++ Drei Tage, vom 25. bis 27. Februar dauern die 18. Emsdettener Jazztage 2016 im Lichthof &amp; Caf\u00e9 in Stroetmanns Fabrik. Das Er\u00f6ffnungs-Quartett \u201eBerlin 21\u201c steht f\u00fcr das quirlige Lebensgef\u00fchl des temperamentvollen Stadtteils Moabit, der gepr\u00e4gt ist von Dynamik und parallelen Lebenswelten. Der Schlagzeuger der Gruppe Torsten Zwingenberger (Teasy), der seit 1980 in diesem zentral gelegenen Stadtviertel Berlins lebt, z\u00e4hlt zu den umtriebigsten Pers\u00f6nlichkeiten der deutschen Jazzszene. Bereits als Mitzwanziger arbeitete er mit Jazzlegenden wie Buddy Tate, Harry \u201eSweets\u201c Edison und Joe Pass zusammen. Dar\u00fcber hinaus hat er mit Drumming 5.1 eine Technik des Schlagzeugspiels entwickelt, f\u00fcr die er das klassische Drumset um vielf\u00e4ltige Perkussionsinstrumente erweiterte. Inmitten der bunten Moabiter Vielfalt hat Zwingenberger viele seiner legend\u00e4ren Bandformationen gegr\u00fcndet, so auch sein neuestes Projekt \u201eBerlin 21\u201c. (25.2.2016) Wenn die Gitarristin Susan Weinert und das Torun Eriksen Fjord Quartett aufeinandertreffen entsteht ein Klangzauber der besonderen Art. Auf der einen Seite die wundervolle, aus dem Gospel-Gesang kommende Stimme Torun Eriksens, in der all die Sch\u00f6nheit des rauen Nordens Ausdruck findet, auf der anderen Seite das &hellip;\" \/>\n<meta property=\"og:url\" content=\"https:\/\/www.jazzzeitung.de\/cms\/2016\/01\/news-berlin-21-deutschland-eroeffnet-die-diesjaehrigen-emsdettener-jazztage-mit-dynamisch-urbanen-klaengen-grias-di-gott-laendle-swingender-bigband-jazz-matthias-schriefl-trifft-h\/\" \/>\n<meta property=\"og:site_name\" content=\"JazzZeitung\" \/>\n<meta property=\"article:publisher\" content=\"https:\/\/www.facebook.com\/JazzZeitung\/\" \/>\n<meta property=\"article:published_time\" content=\"2016-01-08T16:00:03+00:00\" \/>\n<meta property=\"og:image\" content=\"https:\/\/i0.wp.com\/www.jazzzeitung.de\/cms\/wp-content\/uploads\/2012\/01\/ipad-logo-200.png?fit=200%2C200&ssl=1\" \/>\n\t<meta property=\"og:image:width\" content=\"200\" \/>\n\t<meta property=\"og:image:height\" content=\"200\" \/>\n\t<meta property=\"og:image:type\" content=\"image\/png\" \/>\n<meta name=\"author\" content=\"Redaktion JazzZeitung\" \/>\n<script type=\"application\/ld+json\" class=\"yoast-schema-graph\">{\"@context\":\"https:\\\/\\\/schema.org\",\"@graph\":[{\"@type\":\"Article\",\"@id\":\"https:\\\/\\\/www.jazzzeitung.de\\\/cms\\\/2016\\\/01\\\/news-berlin-21-deutschland-eroeffnet-die-diesjaehrigen-emsdettener-jazztage-mit-dynamisch-urbanen-klaengen-grias-di-gott-laendle-swingender-bigband-jazz-matthias-schriefl-trifft-h\\\/#article\",\"isPartOf\":{\"@id\":\"https:\\\/\\\/www.jazzzeitung.de\\\/cms\\\/2016\\\/01\\\/news-berlin-21-deutschland-eroeffnet-die-diesjaehrigen-emsdettener-jazztage-mit-dynamisch-urbanen-klaengen-grias-di-gott-laendle-swingender-bigband-jazz-matthias-schriefl-trifft-h\\\/\"},\"author\":{\"name\":\"Redaktion JazzZeitung\",\"@id\":\"https:\\\/\\\/www.jazzzeitung.de\\\/cms\\\/#\\\/schema\\\/person\\\/2245b36b9cd1d24cea10f01c031fb92b\"},\"headline\":\"+++ News +++\u201eBerlin 21\u201c (Deutschland) er\u00f6ffnet die diesj\u00e4hrigen Emsdettener Jazztage mit dynamisch urbanen Kl\u00e4ngen +++ \u201eGrias di Gott L\u00e4ndle\u201c \u2013 Swingender Bigband Jazz: Matthias Schriefl trifft Horns Up in Landsberg, Immenstadt und Kaufbeuren +++ Das Kulturamt informiert: Ausschreibung zum Leipziger Jazznachwuchspreis der Marion Ermer Stiftung 2016 +++\",\"datePublished\":\"2016-01-08T16:00:03+00:00\",\"mainEntityOfPage\":{\"@id\":\"https:\\\/\\\/www.jazzzeitung.de\\\/cms\\\/2016\\\/01\\\/news-berlin-21-deutschland-eroeffnet-die-diesjaehrigen-emsdettener-jazztage-mit-dynamisch-urbanen-klaengen-grias-di-gott-laendle-swingender-bigband-jazz-matthias-schriefl-trifft-h\\\/\"},\"wordCount\":864,\"commentCount\":0,\"publisher\":{\"@id\":\"https:\\\/\\\/www.jazzzeitung.de\\\/cms\\\/#organization\"},\"keywords\":[\"Berlin\",\"Bigband\",\"CD\",\"Deutschland\",\"Geburtstag\",\"Jazzclub\",\"Kempten\",\"Konzert\",\"Leipzig\",\"Leipziger Jazztage\",\"Matthias Schriefl\",\"Susan Weinert\",\"Swing\",\"Tour\"],\"articleSection\":[\"News\"],\"inLanguage\":\"de\",\"potentialAction\":[{\"@type\":\"CommentAction\",\"name\":\"Comment\",\"target\":[\"https:\\\/\\\/www.jazzzeitung.de\\\/cms\\\/2016\\\/01\\\/news-berlin-21-deutschland-eroeffnet-die-diesjaehrigen-emsdettener-jazztage-mit-dynamisch-urbanen-klaengen-grias-di-gott-laendle-swingender-bigband-jazz-matthias-schriefl-trifft-h\\\/#respond\"]}]},{\"@type\":\"WebPage\",\"@id\":\"https:\\\/\\\/www.jazzzeitung.de\\\/cms\\\/2016\\\/01\\\/news-berlin-21-deutschland-eroeffnet-die-diesjaehrigen-emsdettener-jazztage-mit-dynamisch-urbanen-klaengen-grias-di-gott-laendle-swingender-bigband-jazz-matthias-schriefl-trifft-h\\\/\",\"url\":\"https:\\\/\\\/www.jazzzeitung.de\\\/cms\\\/2016\\\/01\\\/news-berlin-21-deutschland-eroeffnet-die-diesjaehrigen-emsdettener-jazztage-mit-dynamisch-urbanen-klaengen-grias-di-gott-laendle-swingender-bigband-jazz-matthias-schriefl-trifft-h\\\/\",\"name\":\"+++ News +++\u201eBerlin 21\u201c (Deutschland) er\u00f6ffnet die diesj\u00e4hrigen Emsdettener Jazztage mit dynamisch urbanen Kl\u00e4ngen +++ \u201eGrias di Gott L\u00e4ndle\u201c \u2013 Swingender Bigband Jazz: Matthias Schriefl trifft Horns Up in Landsberg, Immenstadt und Kaufbeuren +++ Das Kulturamt informiert: Ausschreibung zum Leipziger Jazznachwuchspreis der Marion Ermer Stiftung 2016 +++ - JazzZeitung\",\"isPartOf\":{\"@id\":\"https:\\\/\\\/www.jazzzeitung.de\\\/cms\\\/#website\"},\"datePublished\":\"2016-01-08T16:00:03+00:00\",\"breadcrumb\":{\"@id\":\"https:\\\/\\\/www.jazzzeitung.de\\\/cms\\\/2016\\\/01\\\/news-berlin-21-deutschland-eroeffnet-die-diesjaehrigen-emsdettener-jazztage-mit-dynamisch-urbanen-klaengen-grias-di-gott-laendle-swingender-bigband-jazz-matthias-schriefl-trifft-h\\\/#breadcrumb\"},\"inLanguage\":\"de\",\"potentialAction\":[{\"@type\":\"ReadAction\",\"target\":[\"https:\\\/\\\/www.jazzzeitung.de\\\/cms\\\/2016\\\/01\\\/news-berlin-21-deutschland-eroeffnet-die-diesjaehrigen-emsdettener-jazztage-mit-dynamisch-urbanen-klaengen-grias-di-gott-laendle-swingender-bigband-jazz-matthias-schriefl-trifft-h\\\/\"]}]},{\"@type\":\"BreadcrumbList\",\"@id\":\"https:\\\/\\\/www.jazzzeitung.de\\\/cms\\\/2016\\\/01\\\/news-berlin-21-deutschland-eroeffnet-die-diesjaehrigen-emsdettener-jazztage-mit-dynamisch-urbanen-klaengen-grias-di-gott-laendle-swingender-bigband-jazz-matthias-schriefl-trifft-h\\\/#breadcrumb\",\"itemListElement\":[{\"@type\":\"ListItem\",\"position\":1,\"name\":\"Startseite\",\"item\":\"https:\\\/\\\/www.jazzzeitung.de\\\/cms\\\/\"},{\"@type\":\"ListItem\",\"position\":2,\"name\":\"+++ News +++\u201eBerlin 21\u201c (Deutschland) er\u00f6ffnet die diesj\u00e4hrigen Emsdettener Jazztage mit dynamisch urbanen Kl\u00e4ngen +++ \u201eGrias di Gott L\u00e4ndle\u201c \u2013 Swingender Bigband Jazz: Matthias Schriefl trifft Horns Up in Landsberg, Immenstadt und Kaufbeuren +++ Das Kulturamt informiert: Ausschreibung zum Leipziger Jazznachwuchspreis der Marion Ermer Stiftung 2016 +++\"}]},{\"@type\":\"WebSite\",\"@id\":\"https:\\\/\\\/www.jazzzeitung.de\\\/cms\\\/#website\",\"url\":\"https:\\\/\\\/www.jazzzeitung.de\\\/cms\\\/\",\"name\":\"JazzZeitung\",\"description\":\"Jazz-News und Jazz-Kontroverses\",\"publisher\":{\"@id\":\"https:\\\/\\\/www.jazzzeitung.de\\\/cms\\\/#organization\"},\"potentialAction\":[{\"@type\":\"SearchAction\",\"target\":{\"@type\":\"EntryPoint\",\"urlTemplate\":\"https:\\\/\\\/www.jazzzeitung.de\\\/cms\\\/?s={search_term_string}\"},\"query-input\":{\"@type\":\"PropertyValueSpecification\",\"valueRequired\":true,\"valueName\":\"search_term_string\"}}],\"inLanguage\":\"de\"},{\"@type\":\"Organization\",\"@id\":\"https:\\\/\\\/www.jazzzeitung.de\\\/cms\\\/#organization\",\"name\":\"JazzZeitung online\",\"url\":\"https:\\\/\\\/www.jazzzeitung.de\\\/cms\\\/\",\"logo\":{\"@type\":\"ImageObject\",\"inLanguage\":\"de\",\"@id\":\"https:\\\/\\\/www.jazzzeitung.de\\\/cms\\\/#\\\/schema\\\/logo\\\/image\\\/\",\"url\":\"https:\\\/\\\/i0.wp.com\\\/www.jazzzeitung.de\\\/cms\\\/wp-content\\\/uploads\\\/2015\\\/08\\\/JAZZZEITUNGDE_Logo_Neu.png?fit=499%2C200&ssl=1\",\"contentUrl\":\"https:\\\/\\\/i0.wp.com\\\/www.jazzzeitung.de\\\/cms\\\/wp-content\\\/uploads\\\/2015\\\/08\\\/JAZZZEITUNGDE_Logo_Neu.png?fit=499%2C200&ssl=1\",\"width\":499,\"height\":200,\"caption\":\"JazzZeitung online\"},\"image\":{\"@id\":\"https:\\\/\\\/www.jazzzeitung.de\\\/cms\\\/#\\\/schema\\\/logo\\\/image\\\/\"},\"sameAs\":[\"https:\\\/\\\/www.facebook.com\\\/JazzZeitung\\\/\"]},{\"@type\":\"Person\",\"@id\":\"https:\\\/\\\/www.jazzzeitung.de\\\/cms\\\/#\\\/schema\\\/person\\\/2245b36b9cd1d24cea10f01c031fb92b\",\"name\":\"Redaktion JazzZeitung\",\"image\":{\"@type\":\"ImageObject\",\"inLanguage\":\"de\",\"@id\":\"https:\\\/\\\/i0.wp.com\\\/www.jazzzeitung.de\\\/cms\\\/wp-content\\\/uploads\\\/2015\\\/08\\\/JAZZZEITUNGDE_Logo_Neu.png?resize=96%2C96&ssl=159975dcacb611b5700bd619b5daf0a7a\",\"url\":\"https:\\\/\\\/i0.wp.com\\\/www.jazzzeitung.de\\\/cms\\\/wp-content\\\/uploads\\\/2015\\\/08\\\/JAZZZEITUNGDE_Logo_Neu.png?resize=96%2C96&ssl=1\",\"contentUrl\":\"https:\\\/\\\/i0.wp.com\\\/www.jazzzeitung.de\\\/cms\\\/wp-content\\\/uploads\\\/2015\\\/08\\\/JAZZZEITUNGDE_Logo_Neu.png?resize=96%2C96&ssl=1\",\"caption\":\"Redaktion JazzZeitung\"},\"description\":\"Artikel der Redaktion der JazzZeitung.\",\"sameAs\":[\"http:\\\/\\\/www.jazzzeitung.de\\\/cms\\\/\"],\"url\":\"https:\\\/\\\/www.jazzzeitung.de\\\/cms\\\/author\\\/redaktion\\\/\"}]}<\/script>\n<!-- \/ Yoast SEO plugin. -->","yoast_head_json":{"title":"+++ News +++\u201eBerlin 21\u201c (Deutschland) er\u00f6ffnet die diesj\u00e4hrigen Emsdettener Jazztage mit dynamisch urbanen Kl\u00e4ngen +++ \u201eGrias di Gott L\u00e4ndle\u201c \u2013 Swingender Bigband Jazz: Matthias Schriefl trifft Horns Up in Landsberg, Immenstadt und Kaufbeuren +++ Das Kulturamt informiert: Ausschreibung zum Leipziger Jazznachwuchspreis der Marion Ermer Stiftung 2016 +++ - JazzZeitung","robots":{"index":"index","follow":"follow","max-snippet":"max-snippet:-1","max-image-preview":"max-image-preview:large","max-video-preview":"max-video-preview:-1"},"canonical":"https:\/\/www.jazzzeitung.de\/cms\/2016\/01\/news-berlin-21-deutschland-eroeffnet-die-diesjaehrigen-emsdettener-jazztage-mit-dynamisch-urbanen-klaengen-grias-di-gott-laendle-swingender-bigband-jazz-matthias-schriefl-trifft-h\/","og_locale":"de_DE","og_type":"article","og_title":"+++ News +++\u201eBerlin 21\u201c (Deutschland) er\u00f6ffnet die diesj\u00e4hrigen Emsdettener Jazztage mit dynamisch urbanen Kl\u00e4ngen +++ \u201eGrias di Gott L\u00e4ndle\u201c \u2013 Swingender Bigband Jazz: Matthias Schriefl trifft Horns Up in Landsberg, Immenstadt und Kaufbeuren +++ Das Kulturamt informiert: Ausschreibung zum Leipziger Jazznachwuchspreis der Marion Ermer Stiftung 2016 +++ - JazzZeitung","og_description":"+++ \u201eBerlin 21\u201c (Deutschland) er\u00f6ffnet die diesj\u00e4hrigen Emsdettener Jazztage mit dynamisch urbanen Kl\u00e4ngen +++ Drei Tage, vom 25. bis 27. Februar dauern die 18. Emsdettener Jazztage 2016 im Lichthof &amp; Caf\u00e9 in Stroetmanns Fabrik. Das Er\u00f6ffnungs-Quartett \u201eBerlin 21\u201c steht f\u00fcr das quirlige Lebensgef\u00fchl des temperamentvollen Stadtteils Moabit, der gepr\u00e4gt ist von Dynamik und parallelen Lebenswelten. Der Schlagzeuger der Gruppe Torsten Zwingenberger (Teasy), der seit 1980 in diesem zentral gelegenen Stadtviertel Berlins lebt, z\u00e4hlt zu den umtriebigsten Pers\u00f6nlichkeiten der deutschen Jazzszene. Bereits als Mitzwanziger arbeitete er mit Jazzlegenden wie Buddy Tate, Harry \u201eSweets\u201c Edison und Joe Pass zusammen. Dar\u00fcber hinaus hat er mit Drumming 5.1 eine Technik des Schlagzeugspiels entwickelt, f\u00fcr die er das klassische Drumset um vielf\u00e4ltige Perkussionsinstrumente erweiterte. Inmitten der bunten Moabiter Vielfalt hat Zwingenberger viele seiner legend\u00e4ren Bandformationen gegr\u00fcndet, so auch sein neuestes Projekt \u201eBerlin 21\u201c. (25.2.2016) Wenn die Gitarristin Susan Weinert und das Torun Eriksen Fjord Quartett aufeinandertreffen entsteht ein Klangzauber der besonderen Art. Auf der einen Seite die wundervolle, aus dem Gospel-Gesang kommende Stimme Torun Eriksens, in der all die Sch\u00f6nheit des rauen Nordens Ausdruck findet, auf der anderen Seite das &hellip;","og_url":"https:\/\/www.jazzzeitung.de\/cms\/2016\/01\/news-berlin-21-deutschland-eroeffnet-die-diesjaehrigen-emsdettener-jazztage-mit-dynamisch-urbanen-klaengen-grias-di-gott-laendle-swingender-bigband-jazz-matthias-schriefl-trifft-h\/","og_site_name":"JazzZeitung","article_publisher":"https:\/\/www.facebook.com\/JazzZeitung\/","article_published_time":"2016-01-08T16:00:03+00:00","og_image":[{"width":200,"height":200,"url":"https:\/\/i0.wp.com\/www.jazzzeitung.de\/cms\/wp-content\/uploads\/2012\/01\/ipad-logo-200.png?fit=200%2C200&ssl=1","type":"image\/png"}],"author":"Redaktion JazzZeitung","schema":{"@context":"https:\/\/schema.org","@graph":[{"@type":"Article","@id":"https:\/\/www.jazzzeitung.de\/cms\/2016\/01\/news-berlin-21-deutschland-eroeffnet-die-diesjaehrigen-emsdettener-jazztage-mit-dynamisch-urbanen-klaengen-grias-di-gott-laendle-swingender-bigband-jazz-matthias-schriefl-trifft-h\/#article","isPartOf":{"@id":"https:\/\/www.jazzzeitung.de\/cms\/2016\/01\/news-berlin-21-deutschland-eroeffnet-die-diesjaehrigen-emsdettener-jazztage-mit-dynamisch-urbanen-klaengen-grias-di-gott-laendle-swingender-bigband-jazz-matthias-schriefl-trifft-h\/"},"author":{"name":"Redaktion JazzZeitung","@id":"https:\/\/www.jazzzeitung.de\/cms\/#\/schema\/person\/2245b36b9cd1d24cea10f01c031fb92b"},"headline":"+++ News +++\u201eBerlin 21\u201c (Deutschland) er\u00f6ffnet die diesj\u00e4hrigen Emsdettener Jazztage mit dynamisch urbanen Kl\u00e4ngen +++ \u201eGrias di Gott L\u00e4ndle\u201c \u2013 Swingender Bigband Jazz: Matthias Schriefl trifft Horns Up in Landsberg, Immenstadt und Kaufbeuren +++ Das Kulturamt informiert: Ausschreibung zum Leipziger Jazznachwuchspreis der Marion Ermer Stiftung 2016 +++","datePublished":"2016-01-08T16:00:03+00:00","mainEntityOfPage":{"@id":"https:\/\/www.jazzzeitung.de\/cms\/2016\/01\/news-berlin-21-deutschland-eroeffnet-die-diesjaehrigen-emsdettener-jazztage-mit-dynamisch-urbanen-klaengen-grias-di-gott-laendle-swingender-bigband-jazz-matthias-schriefl-trifft-h\/"},"wordCount":864,"commentCount":0,"publisher":{"@id":"https:\/\/www.jazzzeitung.de\/cms\/#organization"},"keywords":["Berlin","Bigband","CD","Deutschland","Geburtstag","Jazzclub","Kempten","Konzert","Leipzig","Leipziger Jazztage","Matthias Schriefl","Susan Weinert","Swing","Tour"],"articleSection":["News"],"inLanguage":"de","potentialAction":[{"@type":"CommentAction","name":"Comment","target":["https:\/\/www.jazzzeitung.de\/cms\/2016\/01\/news-berlin-21-deutschland-eroeffnet-die-diesjaehrigen-emsdettener-jazztage-mit-dynamisch-urbanen-klaengen-grias-di-gott-laendle-swingender-bigband-jazz-matthias-schriefl-trifft-h\/#respond"]}]},{"@type":"WebPage","@id":"https:\/\/www.jazzzeitung.de\/cms\/2016\/01\/news-berlin-21-deutschland-eroeffnet-die-diesjaehrigen-emsdettener-jazztage-mit-dynamisch-urbanen-klaengen-grias-di-gott-laendle-swingender-bigband-jazz-matthias-schriefl-trifft-h\/","url":"https:\/\/www.jazzzeitung.de\/cms\/2016\/01\/news-berlin-21-deutschland-eroeffnet-die-diesjaehrigen-emsdettener-jazztage-mit-dynamisch-urbanen-klaengen-grias-di-gott-laendle-swingender-bigband-jazz-matthias-schriefl-trifft-h\/","name":"+++ News +++\u201eBerlin 21\u201c (Deutschland) er\u00f6ffnet die diesj\u00e4hrigen Emsdettener Jazztage mit dynamisch urbanen Kl\u00e4ngen +++ \u201eGrias di Gott L\u00e4ndle\u201c \u2013 Swingender Bigband Jazz: Matthias Schriefl trifft Horns Up in Landsberg, Immenstadt und Kaufbeuren +++ Das Kulturamt informiert: Ausschreibung zum Leipziger Jazznachwuchspreis der Marion Ermer Stiftung 2016 +++ - JazzZeitung","isPartOf":{"@id":"https:\/\/www.jazzzeitung.de\/cms\/#website"},"datePublished":"2016-01-08T16:00:03+00:00","breadcrumb":{"@id":"https:\/\/www.jazzzeitung.de\/cms\/2016\/01\/news-berlin-21-deutschland-eroeffnet-die-diesjaehrigen-emsdettener-jazztage-mit-dynamisch-urbanen-klaengen-grias-di-gott-laendle-swingender-bigband-jazz-matthias-schriefl-trifft-h\/#breadcrumb"},"inLanguage":"de","potentialAction":[{"@type":"ReadAction","target":["https:\/\/www.jazzzeitung.de\/cms\/2016\/01\/news-berlin-21-deutschland-eroeffnet-die-diesjaehrigen-emsdettener-jazztage-mit-dynamisch-urbanen-klaengen-grias-di-gott-laendle-swingender-bigband-jazz-matthias-schriefl-trifft-h\/"]}]},{"@type":"BreadcrumbList","@id":"https:\/\/www.jazzzeitung.de\/cms\/2016\/01\/news-berlin-21-deutschland-eroeffnet-die-diesjaehrigen-emsdettener-jazztage-mit-dynamisch-urbanen-klaengen-grias-di-gott-laendle-swingender-bigband-jazz-matthias-schriefl-trifft-h\/#breadcrumb","itemListElement":[{"@type":"ListItem","position":1,"name":"Startseite","item":"https:\/\/www.jazzzeitung.de\/cms\/"},{"@type":"ListItem","position":2,"name":"+++ News +++\u201eBerlin 21\u201c (Deutschland) er\u00f6ffnet die diesj\u00e4hrigen Emsdettener Jazztage mit dynamisch urbanen Kl\u00e4ngen +++ \u201eGrias di Gott L\u00e4ndle\u201c \u2013 Swingender Bigband Jazz: Matthias Schriefl trifft Horns Up in Landsberg, Immenstadt und Kaufbeuren +++ Das Kulturamt informiert: Ausschreibung zum Leipziger Jazznachwuchspreis der Marion Ermer Stiftung 2016 +++"}]},{"@type":"WebSite","@id":"https:\/\/www.jazzzeitung.de\/cms\/#website","url":"https:\/\/www.jazzzeitung.de\/cms\/","name":"JazzZeitung","description":"Jazz-News und Jazz-Kontroverses","publisher":{"@id":"https:\/\/www.jazzzeitung.de\/cms\/#organization"},"potentialAction":[{"@type":"SearchAction","target":{"@type":"EntryPoint","urlTemplate":"https:\/\/www.jazzzeitung.de\/cms\/?s={search_term_string}"},"query-input":{"@type":"PropertyValueSpecification","valueRequired":true,"valueName":"search_term_string"}}],"inLanguage":"de"},{"@type":"Organization","@id":"https:\/\/www.jazzzeitung.de\/cms\/#organization","name":"JazzZeitung online","url":"https:\/\/www.jazzzeitung.de\/cms\/","logo":{"@type":"ImageObject","inLanguage":"de","@id":"https:\/\/www.jazzzeitung.de\/cms\/#\/schema\/logo\/image\/","url":"https:\/\/i0.wp.com\/www.jazzzeitung.de\/cms\/wp-content\/uploads\/2015\/08\/JAZZZEITUNGDE_Logo_Neu.png?fit=499%2C200&ssl=1","contentUrl":"https:\/\/i0.wp.com\/www.jazzzeitung.de\/cms\/wp-content\/uploads\/2015\/08\/JAZZZEITUNGDE_Logo_Neu.png?fit=499%2C200&ssl=1","width":499,"height":200,"caption":"JazzZeitung online"},"image":{"@id":"https:\/\/www.jazzzeitung.de\/cms\/#\/schema\/logo\/image\/"},"sameAs":["https:\/\/www.facebook.com\/JazzZeitung\/"]},{"@type":"Person","@id":"https:\/\/www.jazzzeitung.de\/cms\/#\/schema\/person\/2245b36b9cd1d24cea10f01c031fb92b","name":"Redaktion JazzZeitung","image":{"@type":"ImageObject","inLanguage":"de","@id":"https:\/\/i0.wp.com\/www.jazzzeitung.de\/cms\/wp-content\/uploads\/2015\/08\/JAZZZEITUNGDE_Logo_Neu.png?resize=96%2C96&ssl=159975dcacb611b5700bd619b5daf0a7a","url":"https:\/\/i0.wp.com\/www.jazzzeitung.de\/cms\/wp-content\/uploads\/2015\/08\/JAZZZEITUNGDE_Logo_Neu.png?resize=96%2C96&ssl=1","contentUrl":"https:\/\/i0.wp.com\/www.jazzzeitung.de\/cms\/wp-content\/uploads\/2015\/08\/JAZZZEITUNGDE_Logo_Neu.png?resize=96%2C96&ssl=1","caption":"Redaktion JazzZeitung"},"description":"Artikel der Redaktion der JazzZeitung.","sameAs":["http:\/\/www.jazzzeitung.de\/cms\/"],"url":"https:\/\/www.jazzzeitung.de\/cms\/author\/redaktion\/"}]}},"wp-worthy-pixel":{"ignored":false,"public":null,"server":null,"url":null},"wp-worthy-type":"normal","jetpack_publicize_connections":[],"cc_featured_image_caption":{"caption_text":false,"source_text":false,"source_url":false},"jetpack_featured_media_url":"","jetpack_shortlink":"https:\/\/wp.me\/p3KEcT-25L","jetpack-related-posts":[{"id":23317,"url":"https:\/\/www.jazzzeitung.de\/cms\/2020\/09\/newseroeffnung-des-jazzclub-erfurt44-leipziger-jazztage\/","url_meta":{"origin":8045,"position":0},"title":"+++News:+++Er\u00f6ffnung des Jazzclub Erfurt+++44. Leipziger Jazztage+++","author":"Redaktion JazzZeitung","date":"3. September 2020","format":false,"excerpt":"Er\u00f6ffnungswochenende des Jazzclub Erfurt Der Jazzclub Erfurt musste nach fast 39-j\u00e4hriger Geschichte Ende des Jahres 2019 seine R\u00e4umlichkeiten unter dem Gildehaus am Fischmarkt aufgeben. Der seit 1998 verwendete Jazzkeller wurde durch die Handwerkskammer Th\u00fcringen gek\u00fcndigt. Mit Hilfe der Stadt Erfurt wurde nun eine neue Spielst\u00e4tte in den R\u00e4umen des Th\u00fcringer\u2026","rel":"","context":"In &quot;Galerie&quot;","block_context":{"text":"Galerie","link":"https:\/\/www.jazzzeitung.de\/cms\/thema\/galerie\/"},"img":{"alt_text":"","src":"https:\/\/i0.wp.com\/www.jazzzeitung.de\/cms\/wp-content\/uploads\/2020\/09\/Sachse-Reinhardt_22-e1599126813279.jpg?fit=782%2C656&ssl=1&resize=350%2C200","width":350,"height":200,"srcset":"https:\/\/i0.wp.com\/www.jazzzeitung.de\/cms\/wp-content\/uploads\/2020\/09\/Sachse-Reinhardt_22-e1599126813279.jpg?fit=782%2C656&ssl=1&resize=350%2C200 1x, https:\/\/i0.wp.com\/www.jazzzeitung.de\/cms\/wp-content\/uploads\/2020\/09\/Sachse-Reinhardt_22-e1599126813279.jpg?fit=782%2C656&ssl=1&resize=525%2C300 1.5x, https:\/\/i0.wp.com\/www.jazzzeitung.de\/cms\/wp-content\/uploads\/2020\/09\/Sachse-Reinhardt_22-e1599126813279.jpg?fit=782%2C656&ssl=1&resize=700%2C400 2x"},"classes":[]},{"id":9625,"url":"https:\/\/www.jazzzeitung.de\/cms\/2016\/07\/schoene-kuenste-zum-40-jubilaeum-der-leipziger-jazztage\/","url_meta":{"origin":8045,"position":1},"title":"\u201eSch\u00f6ne K\u00fcnste\u201c zum 40. Jubil\u00e4um der Leipziger Jazztage","author":"Redaktion JazzZeitung","date":"5. Juli 2016","format":false,"excerpt":"Jazz und Tanz \u2013 Jazz und Poesie \u2013 Jazz und Malerei: Die Leipziger Jazztage stehen in ihrer 40. Ausgabe vom 29. September bis 8. Oktober 2016 im Zeichen der \u201eSch\u00f6nen K\u00fcnste\u201c. Unter der Schirmherrschaft von Leipzigs Oberb\u00fcrgermeister Burkhard Jung pr\u00e4sentiert der Jazzclub Leipzig zahlreiche Eigenproduktionen und Auftragsarbeiten mit internationalen Stars,\u2026","rel":"","context":"In &quot;News&quot;","block_context":{"text":"News","link":"https:\/\/www.jazzzeitung.de\/cms\/thema\/nachrichten\/"},"img":{"alt_text":"leipzig","src":"https:\/\/i0.wp.com\/www.jazzzeitung.de\/cms\/wp-content\/uploads\/2016\/07\/leipzig-150x150.jpg?resize=350%2C200","width":350,"height":200},"classes":[]},{"id":4532,"url":"https:\/\/www.jazzzeitung.de\/cms\/2014\/09\/sound-heimat-die-38-leipziger-jazztage-beginnen\/","url_meta":{"origin":8045,"position":2},"title":"\u00bbSound of Heimat\u00ab &#8211; Die 38. Leipziger Jazztage beginnen","author":"Redaktion JazzZeitung","date":"9. September 2014","format":false,"excerpt":"Die diesj\u00e4hrigen Leipziger Jazztage, die am 11. September beginnen, stehen unter dem Motto \u201eSound of Heimat\u201c. Namhafte interkulturelle Projekte mit mehr als 120 Musikern und Musikerinnen aus 11 L\u00e4ndern stehen auf dem Programm. Warum\u00a0\u201eSound of Heimat\u201c? Der Leipziger Jazzclub als Veranstalter der 38. Leipziger Jazztage schreibt folgendes dazu: \u201eWas bedeutet\u2026","rel":"","context":"In &quot;News&quot;","block_context":{"text":"News","link":"https:\/\/www.jazzzeitung.de\/cms\/thema\/nachrichten\/"},"img":{"alt_text":"\u00bbSound of Heimat\u00ab - Die 38. Leipziger Jazztage beginnen. Foto: Programmtitelgestaltung der Jazztage","src":"https:\/\/i0.wp.com\/www.jazzzeitung.de\/cms\/wp-content\/uploads\/2014\/09\/38_Leipziger_Jazztage-150x150.png?resize=350%2C200","width":350,"height":200},"classes":[]},{"id":9787,"url":"https:\/\/www.jazzzeitung.de\/cms\/2016\/08\/jazz-und-tanz-jazz-und-poesie-jazz-und-malerei-bei-den-leipziger-jazztagen\/","url_meta":{"origin":8045,"position":3},"title":"Jazz und Tanz \u2013 Jazz und Poesie \u2013 Jazz und Malerei bei den Leipziger Jazztagen","author":"Redaktion JazzZeitung","date":"8. August 2016","format":false,"excerpt":"Die 40. Ausgabe der Leipziger Jazztage steht im Zeichen der \u201eSch\u00f6nen K\u00fcnste\u201c und findet vom 29.9.16 bis zum 8.10.16 an verschiedenen Spielorten in Leipzig statt. Unter der Schirmherrschaft von Leipzigs Oberb\u00fcrgermeister Burkhard Jung pr\u00e4sentiert der Jazzclub Leipzig zahlreiche Eigenproduktionen und Auftragsarbeiten mit internationalen Stars, die verschiedene K\u00fcnste miteinander verbinden. \u00a0Neben\u2026","rel":"","context":"In &quot;News&quot;","block_context":{"text":"News","link":"https:\/\/www.jazzzeitung.de\/cms\/thema\/nachrichten\/"},"img":{"alt_text":"leipzig_logo_neu","src":"https:\/\/i0.wp.com\/www.jazzzeitung.de\/cms\/wp-content\/uploads\/2016\/08\/leipzig_logo_neu-150x150.jpg?resize=350%2C200","width":350,"height":200},"classes":[]},{"id":6763,"url":"https:\/\/www.jazzzeitung.de\/cms\/2015\/08\/jazz-und-film-jazz-im-film-film-im-jazz-die-39-leipziger-jazztage-stehen-im-zeichen-des-cinematic-jazz\/","url_meta":{"origin":8045,"position":4},"title":"Jazz und Film \u2013 Jazz im Film \u2013 Film im Jazz: die 39. Leipziger Jazztage stehen im Zeichen des &#8222;Cinematic Jazz&#8220;","author":"Redaktion JazzZeitung","date":"3. August 2015","format":false,"excerpt":"Jazz und Film \u2013 Jazz im Film \u2013 Film im Jazz: Die 39. Leipziger Jazztage stehen vom 1. bis 10. Oktober 2015 im Zeichen des \u00bbCinematic Jazz\u00ab. Mehr als 70 Musiker und Visualisierungs- k\u00fcnstlerinnen aus 9 L\u00e4ndern spielen dabei in 13 Locations, vom Schauspielhaus \u00fcber Kirchen bis zu verschiedenen Clubs\u2026","rel":"","context":"In &quot;News&quot;","block_context":{"text":"News","link":"https:\/\/www.jazzzeitung.de\/cms\/thema\/nachrichten\/"},"img":{"alt_text":"leipzig_neu","src":"https:\/\/i0.wp.com\/www.jazzzeitung.de\/cms\/wp-content\/uploads\/2015\/08\/leipzig_neu-150x150.jpg?resize=350%2C200","width":350,"height":200},"classes":[]},{"id":2268,"url":"https:\/\/www.jazzzeitung.de\/cms\/2013\/09\/einer-woche-gehts-los-37-leipziger-jazztage\/","url_meta":{"origin":8045,"position":5},"title":"In einer Woche geht&#8217;s los: 37. Leipziger Jazztage","author":"Redaktion JazzZeitung","date":"23. September 2013","format":false,"excerpt":"Die 37. Leipziger Jazztage blicken vom 27. September bis 6. Oktober 2013 mit einem musikalischen Augenzwinkern auf Richard Wagner. Anlass daf\u00fcr geben der 200. Geburtstag Wagners und der 20. Todestag Zappas, dessen parodistischer Umgang mit Wagner Ausgangspunkt f\u00fcr die Programmgestaltung war. So tritt hier der gr\u00f6\u00dfte Held der deutschen Sp\u00e4tromantik,\u2026","rel":"","context":"In &quot;News&quot;","block_context":{"text":"News","link":"https:\/\/www.jazzzeitung.de\/cms\/thema\/nachrichten\/"},"img":{"alt_text":"hai'leipzig","src":"https:\/\/i0.wp.com\/www.jazzzeitung.de\/cms\/wp-content\/uploads\/2013\/09\/haileipzig-150x150.jpg?resize=350%2C200","width":350,"height":200},"classes":[]}],"jetpack_sharing_enabled":true,"_links":{"self":[{"href":"https:\/\/www.jazzzeitung.de\/cms\/wp-json\/wp\/v2\/posts\/8045","targetHints":{"allow":["GET"]}}],"collection":[{"href":"https:\/\/www.jazzzeitung.de\/cms\/wp-json\/wp\/v2\/posts"}],"about":[{"href":"https:\/\/www.jazzzeitung.de\/cms\/wp-json\/wp\/v2\/types\/post"}],"author":[{"embeddable":true,"href":"https:\/\/www.jazzzeitung.de\/cms\/wp-json\/wp\/v2\/users\/18"}],"replies":[{"embeddable":true,"href":"https:\/\/www.jazzzeitung.de\/cms\/wp-json\/wp\/v2\/comments?post=8045"}],"version-history":[{"count":3,"href":"https:\/\/www.jazzzeitung.de\/cms\/wp-json\/wp\/v2\/posts\/8045\/revisions"}],"predecessor-version":[{"id":8048,"href":"https:\/\/www.jazzzeitung.de\/cms\/wp-json\/wp\/v2\/posts\/8045\/revisions\/8048"}],"wp:attachment":[{"href":"https:\/\/www.jazzzeitung.de\/cms\/wp-json\/wp\/v2\/media?parent=8045"}],"wp:term":[{"taxonomy":"category","embeddable":true,"href":"https:\/\/www.jazzzeitung.de\/cms\/wp-json\/wp\/v2\/categories?post=8045"},{"taxonomy":"post_tag","embeddable":true,"href":"https:\/\/www.jazzzeitung.de\/cms\/wp-json\/wp\/v2\/tags?post=8045"},{"taxonomy":"author","embeddable":true,"href":"https:\/\/www.jazzzeitung.de\/cms\/wp-json\/wp\/v2\/coauthors?post=8045"}],"curies":[{"name":"wp","href":"https:\/\/api.w.org\/{rel}","templated":true}]}}