{"id":7974,"date":"2015-12-16T08:59:32","date_gmt":"2015-12-16T07:59:32","guid":{"rendered":"http:\/\/www.jazzzeitung.de\/cms\/?p=7974"},"modified":"2015-12-16T09:03:04","modified_gmt":"2015-12-16T08:03:04","slug":"veranstaltungstipps-birdland-neuburg-3-vibrafon-festival-vibraphonissimo-nuernbergfuerth-jazzclub-augsburg-e-v","status":"publish","type":"post","link":"https:\/\/www.jazzzeitung.de\/cms\/2015\/12\/veranstaltungstipps-birdland-neuburg-3-vibrafon-festival-vibraphonissimo-nuernbergfuerth-jazzclub-augsburg-e-v\/","title":{"rendered":"+++ Veranstaltungstipps +++ Birdland Neuburg +++ 3. Vibrafon Festival \u201eVibraphonissimo\u201c in N\u00fcrnberg\/F\u00fcrth +++ jazzclub augsburg e.V. +++"},"content":{"rendered":"<h3><strong><a href=\"https:\/\/i0.wp.com\/www.jazzzeitung.de\/cms\/wp-content\/uploads\/2015\/12\/Mareike.jpg\" rel=\"attachment wp-att-7975\"><img data-recalc-dims=\"1\" loading=\"lazy\" decoding=\"async\" data-attachment-id=\"7975\" data-permalink=\"https:\/\/www.jazzzeitung.de\/cms\/2015\/12\/veranstaltungstipps-birdland-neuburg-3-vibrafon-festival-vibraphonissimo-nuernbergfuerth-jazzclub-augsburg-e-v\/mareike\/\" data-orig-file=\"https:\/\/i0.wp.com\/www.jazzzeitung.de\/cms\/wp-content\/uploads\/2015\/12\/Mareike.jpg?fit=207%2C207&amp;ssl=1\" data-orig-size=\"207,207\" data-comments-opened=\"1\" data-image-meta=\"{&quot;aperture&quot;:&quot;1.7&quot;,&quot;credit&quot;:&quot;&quot;,&quot;camera&quot;:&quot;DMC-GH2&quot;,&quot;caption&quot;:&quot;&quot;,&quot;created_timestamp&quot;:&quot;1437505589&quot;,&quot;copyright&quot;:&quot;&quot;,&quot;focal_length&quot;:&quot;20&quot;,&quot;iso&quot;:&quot;0&quot;,&quot;shutter_speed&quot;:&quot;0.01&quot;,&quot;title&quot;:&quot;&quot;,&quot;orientation&quot;:&quot;0&quot;}\" data-image-title=\"Mareike\" data-image-description=\"\" data-image-caption=\"\" data-large-file=\"https:\/\/i0.wp.com\/www.jazzzeitung.de\/cms\/wp-content\/uploads\/2015\/12\/Mareike.jpg?fit=207%2C207&amp;ssl=1\" class=\"alignright size-thumbnail wp-image-7975\" src=\"https:\/\/i0.wp.com\/www.jazzzeitung.de\/cms\/wp-content\/uploads\/2015\/12\/Mareike-150x150.jpg?resize=150%2C150\" alt=\"Mareike\" width=\"150\" height=\"150\" srcset=\"https:\/\/i0.wp.com\/www.jazzzeitung.de\/cms\/wp-content\/uploads\/2015\/12\/Mareike.jpg?resize=150%2C150&amp;ssl=1 150w, https:\/\/i0.wp.com\/www.jazzzeitung.de\/cms\/wp-content\/uploads\/2015\/12\/Mareike.jpg?resize=144%2C144&amp;ssl=1 144w, https:\/\/i0.wp.com\/www.jazzzeitung.de\/cms\/wp-content\/uploads\/2015\/12\/Mareike.jpg?resize=96%2C96&amp;ssl=1 96w, https:\/\/i0.wp.com\/www.jazzzeitung.de\/cms\/wp-content\/uploads\/2015\/12\/Mareike.jpg?resize=24%2C24&amp;ssl=1 24w, https:\/\/i0.wp.com\/www.jazzzeitung.de\/cms\/wp-content\/uploads\/2015\/12\/Mareike.jpg?resize=36%2C36&amp;ssl=1 36w, https:\/\/i0.wp.com\/www.jazzzeitung.de\/cms\/wp-content\/uploads\/2015\/12\/Mareike.jpg?resize=48%2C48&amp;ssl=1 48w, https:\/\/i0.wp.com\/www.jazzzeitung.de\/cms\/wp-content\/uploads\/2015\/12\/Mareike.jpg?resize=64%2C64&amp;ssl=1 64w, https:\/\/i0.wp.com\/www.jazzzeitung.de\/cms\/wp-content\/uploads\/2015\/12\/Mareike.jpg?resize=32%2C32&amp;ssl=1 32w, https:\/\/i0.wp.com\/www.jazzzeitung.de\/cms\/wp-content\/uploads\/2015\/12\/Mareike.jpg?resize=128%2C128&amp;ssl=1 128w, https:\/\/i0.wp.com\/www.jazzzeitung.de\/cms\/wp-content\/uploads\/2015\/12\/Mareike.jpg?w=207&amp;ssl=1 207w\" sizes=\"auto, (max-width: 150px) 100vw, 150px\" \/><\/a>+++Birdland Neuburg +++<\/strong><\/h3>\n<p><strong>Freitag, 8. Januar 2016 und Samstag, 9. <\/strong><strong>Januar 2016, 20.30 Uhr: <\/strong><strong>C\u00e9cile Verny Quartet <\/strong>(C\u00e9cile Verny (voc), Bernd Heitzler (b), Andreas Erchinger (p), Lars Binder (dr, perc)) &#8211; Alle Jahre wieder \u2013 obliegt es dem C\u00e9cile Verny Quartet, die neue Jazzsaison in Neuburg zu er\u00f6ffnen. Dass es inzwischen schon das zehnte Mal in Folge ist, hat auch mit der extrem hohen Qualit\u00e4t der Formation, ihrer erfrischenden Wandlungsf\u00e4higkeit und der Treue ihrer Fans zu tun. L\u00e4ngst gilt C\u00e9cile Verny als eine der gr\u00f6\u00dften S\u00e4ngerinnen der modernen Unterhaltungskultur und ihre eingespielte Combo um Bernd Heitzler, Andreas Erchinger und Lars Binder als ein musikalischer Organismus, der seinen Star in jeder Lebens- und B\u00fchnenlage st\u00fctzt, st\u00e4rkt und leuchten l\u00e4sst.<\/p>\n<p><strong>Freitag, 15. Januar 2016, 20.30 Uhr &#8211; <\/strong>finanziert mit der Spielst\u00e4ttenprogrammf\u00f6rderung: <strong>Mareike Wiening Quintett <\/strong>(Mareike Wiening (dr), Johannes Enders (sax), Volker Engelberth (p), Sebastian B\u00f6hlen (g), Johannes Felscher (b)) &#8211; Sie stammt aus Erlangen und lebt seit geraumer Zeit in York \u2013 was man h\u00f6rt. Die Schlagzeugerin Mareike Wiening versteht es mittlerweile nahezu perfekt, unwiderstehliche rhythmische Patterns mit weiblicher Feinheit und Eleganz zu kombinieren. Alles, was die 28-J\u00e4hrige in die Hand nimmt, klingt groovend und pfiffig, lustvoll und aufregend, aber niemals gleich.<\/p>\n<p><strong>Samstag, 16. Januar 2016, 20.30 Uhr: Anderson &#8211; Bennink &#8211; Glerum &#8211; van Kemenade <\/strong>(Ray Anderson (tb), Han Bennink (dr), Ernst Glerum (b), Paul van Kemenade (as)<strong>)<\/strong><\/p>\n<p>Freigeister: Ein Terminus, der im Jazz gerne gebraucht, aber nur selten hinterfragt wird. Wenn es darum geht, diesen Typus Musiker zu charakterisieren, dann g\u00e4ben diese Vier trotz aller Unterschiedlichkeit und Individualit\u00e4t f\u00fcrwahr perfekte Beispiele ab. Der Posaunist Ray Anderson, der Drummer Han Bennink, der Bassist Ernst Glerum und der Altsaxofonist Paul van Kemenade scheren sich n\u00e4mlich einen Teufel um Formate oder Konventionen, jeder f\u00fcr sich setzte in den vergangenen Jahrzehnten ebenso kunstvoll wie mutig alle Regeln der Ressourcentrennung von Jazz, Klassik, Pop und Folklore au\u00dfer Kraft.<\/p>\n<p><strong>\u00b7 Jazz im Audi Forum Ingolstadt:<\/strong> <strong>Donnerstag, 21. Januar 2016, 20.00 Uhr: Dutch Swing College Band<\/strong> (Bob Kaper (cl, as, voc), David Luk\u00e1cs (cl, ss, ts, bars), Keesjan Hoogeboom (tp, voc), Maurits Woudenberg (tb), Ton van Bergeijk (g, banjo), Adrie Braat (b), Anton Burger (dr))<\/p>\n<p>Man k\u00f6nnte sie auch als Rolling Stones des Jazz bezeichnen. Langlebig, unverw\u00fcstlich, erstaunlich zupackend und im Gegensatz zu den Altrockern um Mick Jagger durch gezielte Verj\u00fcngungskuren auch im 70. Jahr ihres Bestehens noch so frisch wie zu ihren Gr\u00fcnderzeiten. F\u00fcr die Dutch Swing College Band gibt es schlicht kein Verfallsdatum.<\/p>\n<p><strong>Freitag, 22. Januar 2016, 20.30 Uhr: <\/strong><strong>Bir\u00e9li Lagr\u00e8ne &amp; Jermaine Landsberger Trio<\/strong> (Bir\u00e9li Lagr\u00e8ne (g), Jermaine Landsberger (p), Joel Locher (b), Andreas Neubauer (dr))<\/p>\n<p>Die Kombination Bir\u00e9li Lagr\u00e8ne und Jermaine Landsberger zeichnete im Hofapothekenkeller bereits f\u00fcr eine Reihe von Sternstunden verantwortlich. Seit gut 15 Jahren realisieren die beiden virtuosen Instrumentalisten in unterschiedlichsten Kontexten ihre musikalischen Visionen zwischen Modern Jazz, Funkiness, lyrischen Balladen, energiegeladenem Blues, Eigenkompositionen und Songs des gro\u00dfen Django Reinhardt.<\/p>\n<p>Weitere Termine, Reservierung und Infos: <a href=\"http:\/\/www.birdland.de\/platzreservierung\">www.birdland.de\/platzreservierung<\/a><br \/>\noder <a href=\"mailto:reservierung@birdland.de?subject=Platzreservierung\">reservierung@birdland.de<\/a><\/p>\n<h2><\/h2>\n<h3><strong>+++ 3. Vibrafon Festival \u201eVibraphonissimo\u201c in N\u00fcrnberg\/F\u00fcrth +++<\/strong><\/h3>\n<p><em>Ein Festival von\u00a0Izabella Effenberg und\u00a0Volker Heuken\u00a0<\/em><\/p>\n<p><strong>20.01.2016\u00a0<\/strong><a href=\"http:\/\/jazzstudio.de\/\">Jazzstudio N\u00fcrnberg<\/a>\u00a0\u2013\u00a0<em>Tim Collins Quartet<\/em><\/p>\n<p><strong>22.01.2016\u00a0<\/strong><a href=\"http:\/\/www.nmn.de\/\">Neues Museum N\u00fcrnberg<\/a>\u00a0\u2013\u00a0<em>Metropolmusik feat. Vibraphon<\/em><\/p>\n<p><strong>23.01.2016<\/strong>\u00a0<a href=\"http:\/\/www.kulturforum.fuerth.de\/\">Kulturforum F\u00fcrth<\/a><em>\u00a0&#8211; Travels Trio<\/em><\/p>\n<p><strong>24.01.2016<\/strong>\u00a0<a href=\"https:\/\/www.dbmuseum.de\/\">DB Musem N\u00fcrnberg<\/a>\u00a0\u2013<em>\u00a0Julius Trio<\/em><\/p>\n<p><a href=\"http:\/\/www.vibraphonissimo.de\/\">www.vibraphonissimo.de<\/a><\/p>\n<p>Video Teaser: \u00a0 \u00a0<a href=\"https:\/\/www.youtube.com\/watch?v=bcoFhE51fEI&amp;feature=youtu.be\">https:\/\/www.youtube.com\/watch?v=bcoFhE51fEI&amp;feature=youtu.be<\/a><\/p>\n<p>&nbsp;<\/p>\n<h3><strong>+++ jazzclub augsburg e.V. +++<\/strong><\/h3>\n<ol start=\"15\">\n<li><strong> JAN 2016: PANZERBALLETT<\/strong><\/li>\n<\/ol>\n<p>Seit jeher schw\u00f6rt das Panzerballett auf das einzigartige Prinzip der \u201eVerkrassung\u201c. Jazzige Komplexit\u00e4t paart sich mit bluesiger W\u00e4rme, Weltmusikeinfl\u00fcsse treffen auf die unerbittliche Wucht des Metal. Grenzen sind f\u00fcr das Panzerballett da, um pulverisiert zu werden. Panzerballett sind also nicht Heavy Metal, nicht Jazz und nicht Musikkabarett. Haben aber von allem ein recht gro\u00dfes St\u00fcck mitgenommen. Nicht viele Musiker schaffen es, auf extrem hohem musikalischem und handwerklichem Niveau auch noch den Humor zu behalten. Ein Panzerballett-Konzert ist ein gro\u00dfer Spa\u00df (nicht nur f\u00fcr Musikerkollegen). Das deutsch-\u00f6sterreichische Kult-Quintett um den Gitarristen, Komponisten und Arrangeur Jan Zehrfeld stellt das neue, f\u00fcnfte Album BREAKING BRAIN vor.<\/p>\n<p><strong>Jan Zehrfeld<\/strong> \u2013 guitar \u2502<strong> Josef Doblhofer<\/strong> \u2013 guitar \u2502 <strong>Alexander von Hagke<\/strong> \u2013 sax \u2502 <strong>Heiko Jung<\/strong> \u2013 bass \u2502 <strong>Sebastian Lanser<\/strong> \u2013 drums \u2502<\/p>\n<p><a href=\"http:\/\/www.panzerballett.de\">www.panzerballett.de<\/a><\/p>\n<p><strong>\u00a0<\/strong><\/p>\n<ol start=\"29\">\n<li><strong> JAN 2016: FRANZ HELLM\u00dcLLER TRIO<\/strong><\/li>\n<\/ol>\n<p>Das Hellm\u00fcller Trio z\u00e4hlt zu den derzeit wohl interessantesten Gitarren-Trios. Jeder f\u00fcr sich ein gro\u00dfartiger Instrumentalist, ergibt sich \u2013 perfekt aufeinander eingespielt \u2013 eine stimmige Klangkollage im Modern Mainstream. Die Musiker um den Schweizer Gitarristen Franz Hellm\u00fcller kreieren Bilder und Stimmungen, wie man es von so einer reduzierten Besetzung nicht erwartet. Mehr Trio geht eigentlich nicht. Oder um Wolf Kampmann zu zitieren: \u201e<em>Wenn drei Musiker wie einer klingen, wird aus einem Trio eine Band.\u201c\u00a0<\/em><\/p>\n<p><strong>Franz Hellm\u00fcller<\/strong> \u2013 guitar \u2502 <strong>Patrick Sommer<\/strong> \u2013 bass \u2502 <strong>Martin Perret<\/strong> \u2013 drums<\/p>\n<p><a href=\"http:\/\/www.hsr-trio.com\">www.hsr-trio.com<\/a><\/p>\n<p>&nbsp;<\/p>\n<p><strong>Die AUXBURG JAM SESSIONS im Januar<\/strong><\/p>\n<p><strong>\u00a05.1. session #42 mit Bassist Andi Bauer<\/strong><\/p>\n<p>Andi Bauer (b), Robert Vogg (sax), Buddy Brudzinski (git), Joachim Holzhauser (dr)<\/p>\n<p>&nbsp;<\/p>\n<p><strong>19.1. session #43 mit Saxophonist <\/strong><strong>Alex Schmidt <\/strong><\/p>\n<p>Alex Schmidt (sax), Jan Eschke (p), Rocky Knauer (b), Tilman Herpichb\u00f6hm (dr)<\/p>\n<p><strong>&#8212;&#8212;&#8212;&#8212;&#8212;&#8212;&#8212;&#8212;&#8212;&#8212;&#8212;&#8212;&#8212;&#8212;&#8212;&#8212;&#8212;&#8212;&#8212;&#8212;&#8212;&#8212;&#8212;&#8212;&#8212;&#8212;<\/strong><\/p>\n<p><strong>\u00a0<\/strong><\/p>\n<p><strong>DANCE AT THE JAZZCLUB im Januar<\/strong><\/p>\n<p>&nbsp;<\/p>\n<p>&#8230; bietet in zwei Live-Sets groovigen, swingenden Live-Jazz, und das Publikum ist eingeladen, die St\u00fchle beiseite zu schieben und zu tanzen.<\/p>\n<p><strong>\u00a0<\/strong><\/p>\n<p><strong>21.1. SWING-NIGHT<\/strong> (in Zusammenarbeit mit dem HEP CAT CLUB Augsburg)<\/p>\n<p><strong>\u00a0<\/strong><\/p>\n<p><strong>Info\/Location<\/strong><\/p>\n<p>jazzclub augsburg, Philippine-Welser-Str. 11, 86150 Augsburg<\/p>\n<p><a href=\"http:\/\/www.jazzclub-augsburg.de\">www.jazzclub-augsburg.de<\/a><\/p>\n<p>&nbsp;<\/p>\n<p>&nbsp;<\/p>\n<p>&nbsp;<\/p>\n","protected":false},"excerpt":{"rendered":"<p>+++Birdland Neuburg +++ Freitag, 8. Januar 2016 und Samstag, 9. Januar 2016, 20.30 Uhr: C\u00e9cile Verny Quartet (C\u00e9cile Verny (voc), Bernd Heitzler (b), Andreas Erchinger (p), Lars Binder (dr, perc)) &#8211; Alle Jahre wieder \u2013 obliegt es dem C\u00e9cile Verny Quartet, die neue Jazzsaison in Neuburg zu er\u00f6ffnen. Dass es inzwischen schon das zehnte Mal in Folge ist, hat auch mit der extrem hohen Qualit\u00e4t der Formation, ihrer erfrischenden Wandlungsf\u00e4higkeit und der Treue ihrer Fans zu tun. L\u00e4ngst gilt C\u00e9cile Verny als eine der gr\u00f6\u00dften S\u00e4ngerinnen der modernen Unterhaltungskultur und ihre eingespielte Combo um Bernd Heitzler, Andreas Erchinger und Lars Binder als ein musikalischer Organismus, der seinen Star in jeder Lebens- und B\u00fchnenlage st\u00fctzt, st\u00e4rkt und leuchten l\u00e4sst. Freitag, 15. Januar 2016, 20.30 Uhr &#8211; finanziert mit der Spielst\u00e4ttenprogrammf\u00f6rderung: Mareike Wiening Quintett (Mareike Wiening (dr), Johannes Enders (sax), Volker Engelberth (p), Sebastian B\u00f6hlen (g), Johannes Felscher (b)) &#8211; Sie stammt aus Erlangen und lebt seit geraumer Zeit in York \u2013 was man h\u00f6rt. Die Schlagzeugerin Mareike Wiening versteht es mittlerweile nahezu perfekt, unwiderstehliche rhythmische Patterns mit weiblicher Feinheit und Eleganz zu kombinieren. Alles, was die &hellip;<\/p>\n","protected":false},"author":18,"featured_media":0,"comment_status":"open","ping_status":"closed","sticky":false,"template":"","format":"standard","meta":{"_jetpack_memberships_contains_paid_content":false,"footnotes":"","jetpack_publicize_message":"","jetpack_publicize_feature_enabled":true,"jetpack_social_post_already_shared":false,"jetpack_social_options":{"image_generator_settings":{"template":"highway","default_image_id":0,"font":"","enabled":false},"version":2}},"categories":[634],"tags":[34,1056,1203,667,80,83,120,3,858,271,857,316,322,666,423,262,447,462,535,854,579,856,608],"coauthors":[695],"class_list":["post-7974","post","type-post","status-publish","format-standard","hentry","category-redaktion","tag-album","tag-audi-forum-ingolstadt","tag-augsburg","tag-birdland","tag-birdland-neuburg","tag-blues","tag-club","tag-festival","tag-han-bennink","tag-jazzclub","tag-jazzstudio-nuernberg","tag-klassik","tag-konzert-2","tag-neuburg","tag-nuernberg","tag-panzerballett","tag-pop","tag-reinhardt","tag-swing","tag-vibraphonissimo","tag-video","tag-volker-heuken","tag-youtube"],"yoast_head":"<!-- This site is optimized with the Yoast SEO plugin v27.5 - https:\/\/yoast.com\/product\/yoast-seo-wordpress\/ -->\n<title>+++ Veranstaltungstipps +++ Birdland Neuburg +++ 3. Vibrafon Festival \u201eVibraphonissimo\u201c in N\u00fcrnberg\/F\u00fcrth +++ jazzclub augsburg e.V. +++ - JazzZeitung<\/title>\n<meta name=\"robots\" content=\"index, follow, max-snippet:-1, max-image-preview:large, max-video-preview:-1\" \/>\n<link rel=\"canonical\" href=\"https:\/\/www.jazzzeitung.de\/cms\/2015\/12\/veranstaltungstipps-birdland-neuburg-3-vibrafon-festival-vibraphonissimo-nuernbergfuerth-jazzclub-augsburg-e-v\/\" \/>\n<meta property=\"og:locale\" content=\"de_DE\" \/>\n<meta property=\"og:type\" content=\"article\" \/>\n<meta property=\"og:title\" content=\"+++ Veranstaltungstipps +++ Birdland Neuburg +++ 3. Vibrafon Festival \u201eVibraphonissimo\u201c in N\u00fcrnberg\/F\u00fcrth +++ jazzclub augsburg e.V. +++ - JazzZeitung\" \/>\n<meta property=\"og:description\" content=\"+++Birdland Neuburg +++ Freitag, 8. Januar 2016 und Samstag, 9. Januar 2016, 20.30 Uhr: C\u00e9cile Verny Quartet (C\u00e9cile Verny (voc), Bernd Heitzler (b), Andreas Erchinger (p), Lars Binder (dr, perc)) &#8211; Alle Jahre wieder \u2013 obliegt es dem C\u00e9cile Verny Quartet, die neue Jazzsaison in Neuburg zu er\u00f6ffnen. Dass es inzwischen schon das zehnte Mal in Folge ist, hat auch mit der extrem hohen Qualit\u00e4t der Formation, ihrer erfrischenden Wandlungsf\u00e4higkeit und der Treue ihrer Fans zu tun. L\u00e4ngst gilt C\u00e9cile Verny als eine der gr\u00f6\u00dften S\u00e4ngerinnen der modernen Unterhaltungskultur und ihre eingespielte Combo um Bernd Heitzler, Andreas Erchinger und Lars Binder als ein musikalischer Organismus, der seinen Star in jeder Lebens- und B\u00fchnenlage st\u00fctzt, st\u00e4rkt und leuchten l\u00e4sst. Freitag, 15. Januar 2016, 20.30 Uhr &#8211; finanziert mit der Spielst\u00e4ttenprogrammf\u00f6rderung: Mareike Wiening Quintett (Mareike Wiening (dr), Johannes Enders (sax), Volker Engelberth (p), Sebastian B\u00f6hlen (g), Johannes Felscher (b)) &#8211; Sie stammt aus Erlangen und lebt seit geraumer Zeit in York \u2013 was man h\u00f6rt. Die Schlagzeugerin Mareike Wiening versteht es mittlerweile nahezu perfekt, unwiderstehliche rhythmische Patterns mit weiblicher Feinheit und Eleganz zu kombinieren. Alles, was die &hellip;\" \/>\n<meta property=\"og:url\" content=\"https:\/\/www.jazzzeitung.de\/cms\/2015\/12\/veranstaltungstipps-birdland-neuburg-3-vibrafon-festival-vibraphonissimo-nuernbergfuerth-jazzclub-augsburg-e-v\/\" \/>\n<meta property=\"og:site_name\" content=\"JazzZeitung\" \/>\n<meta property=\"article:publisher\" content=\"https:\/\/www.facebook.com\/JazzZeitung\/\" \/>\n<meta property=\"article:published_time\" content=\"2015-12-16T07:59:32+00:00\" \/>\n<meta property=\"article:modified_time\" content=\"2015-12-16T08:03:04+00:00\" \/>\n<meta property=\"og:image\" content=\"http:\/\/www.jazzzeitung.de\/cms\/wp-content\/uploads\/2015\/12\/Mareike-150x150.jpg\" \/>\n<meta name=\"author\" content=\"Redaktion JazzZeitung\" \/>\n<script type=\"application\/ld+json\" class=\"yoast-schema-graph\">{\"@context\":\"https:\\\/\\\/schema.org\",\"@graph\":[{\"@type\":\"Article\",\"@id\":\"https:\\\/\\\/www.jazzzeitung.de\\\/cms\\\/2015\\\/12\\\/veranstaltungstipps-birdland-neuburg-3-vibrafon-festival-vibraphonissimo-nuernbergfuerth-jazzclub-augsburg-e-v\\\/#article\",\"isPartOf\":{\"@id\":\"https:\\\/\\\/www.jazzzeitung.de\\\/cms\\\/2015\\\/12\\\/veranstaltungstipps-birdland-neuburg-3-vibrafon-festival-vibraphonissimo-nuernbergfuerth-jazzclub-augsburg-e-v\\\/\"},\"author\":{\"name\":\"Redaktion JazzZeitung\",\"@id\":\"https:\\\/\\\/www.jazzzeitung.de\\\/cms\\\/#\\\/schema\\\/person\\\/2245b36b9cd1d24cea10f01c031fb92b\"},\"headline\":\"+++ Veranstaltungstipps +++ Birdland Neuburg +++ 3. Vibrafon Festival \u201eVibraphonissimo\u201c in N\u00fcrnberg\\\/F\u00fcrth +++ jazzclub augsburg e.V. +++\",\"datePublished\":\"2015-12-16T07:59:32+00:00\",\"dateModified\":\"2015-12-16T08:03:04+00:00\",\"mainEntityOfPage\":{\"@id\":\"https:\\\/\\\/www.jazzzeitung.de\\\/cms\\\/2015\\\/12\\\/veranstaltungstipps-birdland-neuburg-3-vibrafon-festival-vibraphonissimo-nuernbergfuerth-jazzclub-augsburg-e-v\\\/\"},\"wordCount\":909,\"commentCount\":0,\"publisher\":{\"@id\":\"https:\\\/\\\/www.jazzzeitung.de\\\/cms\\\/#organization\"},\"image\":{\"@id\":\"https:\\\/\\\/www.jazzzeitung.de\\\/cms\\\/2015\\\/12\\\/veranstaltungstipps-birdland-neuburg-3-vibrafon-festival-vibraphonissimo-nuernbergfuerth-jazzclub-augsburg-e-v\\\/#primaryimage\"},\"thumbnailUrl\":\"http:\\\/\\\/www.jazzzeitung.de\\\/cms\\\/wp-content\\\/uploads\\\/2015\\\/12\\\/Mareike-150x150.jpg\",\"keywords\":[\"Album\",\"Audi Forum Ingolstadt\",\"Augsburg\",\"Birdland\",\"Birdland Neuburg\",\"Blues\",\"Club\",\"Festival\",\"Han Bennink\",\"Jazzclub\",\"Jazzstudio N\u00fcrnberg\",\"Klassik\",\"Konzert\",\"Neuburg\",\"N\u00fcrnberg\",\"Panzerballett\",\"Pop\",\"reinhardt\",\"Swing\",\"Vibraphonissimo\",\"Video\",\"Volker Heuken\",\"Youtube\"],\"articleSection\":[\"Redaktionelle Nachrichten\"],\"inLanguage\":\"de\",\"potentialAction\":[{\"@type\":\"CommentAction\",\"name\":\"Comment\",\"target\":[\"https:\\\/\\\/www.jazzzeitung.de\\\/cms\\\/2015\\\/12\\\/veranstaltungstipps-birdland-neuburg-3-vibrafon-festival-vibraphonissimo-nuernbergfuerth-jazzclub-augsburg-e-v\\\/#respond\"]}]},{\"@type\":\"WebPage\",\"@id\":\"https:\\\/\\\/www.jazzzeitung.de\\\/cms\\\/2015\\\/12\\\/veranstaltungstipps-birdland-neuburg-3-vibrafon-festival-vibraphonissimo-nuernbergfuerth-jazzclub-augsburg-e-v\\\/\",\"url\":\"https:\\\/\\\/www.jazzzeitung.de\\\/cms\\\/2015\\\/12\\\/veranstaltungstipps-birdland-neuburg-3-vibrafon-festival-vibraphonissimo-nuernbergfuerth-jazzclub-augsburg-e-v\\\/\",\"name\":\"+++ Veranstaltungstipps +++ Birdland Neuburg +++ 3. Vibrafon Festival \u201eVibraphonissimo\u201c in N\u00fcrnberg\\\/F\u00fcrth +++ jazzclub augsburg e.V. +++ - JazzZeitung\",\"isPartOf\":{\"@id\":\"https:\\\/\\\/www.jazzzeitung.de\\\/cms\\\/#website\"},\"primaryImageOfPage\":{\"@id\":\"https:\\\/\\\/www.jazzzeitung.de\\\/cms\\\/2015\\\/12\\\/veranstaltungstipps-birdland-neuburg-3-vibrafon-festival-vibraphonissimo-nuernbergfuerth-jazzclub-augsburg-e-v\\\/#primaryimage\"},\"image\":{\"@id\":\"https:\\\/\\\/www.jazzzeitung.de\\\/cms\\\/2015\\\/12\\\/veranstaltungstipps-birdland-neuburg-3-vibrafon-festival-vibraphonissimo-nuernbergfuerth-jazzclub-augsburg-e-v\\\/#primaryimage\"},\"thumbnailUrl\":\"http:\\\/\\\/www.jazzzeitung.de\\\/cms\\\/wp-content\\\/uploads\\\/2015\\\/12\\\/Mareike-150x150.jpg\",\"datePublished\":\"2015-12-16T07:59:32+00:00\",\"dateModified\":\"2015-12-16T08:03:04+00:00\",\"breadcrumb\":{\"@id\":\"https:\\\/\\\/www.jazzzeitung.de\\\/cms\\\/2015\\\/12\\\/veranstaltungstipps-birdland-neuburg-3-vibrafon-festival-vibraphonissimo-nuernbergfuerth-jazzclub-augsburg-e-v\\\/#breadcrumb\"},\"inLanguage\":\"de\",\"potentialAction\":[{\"@type\":\"ReadAction\",\"target\":[\"https:\\\/\\\/www.jazzzeitung.de\\\/cms\\\/2015\\\/12\\\/veranstaltungstipps-birdland-neuburg-3-vibrafon-festival-vibraphonissimo-nuernbergfuerth-jazzclub-augsburg-e-v\\\/\"]}]},{\"@type\":\"ImageObject\",\"inLanguage\":\"de\",\"@id\":\"https:\\\/\\\/www.jazzzeitung.de\\\/cms\\\/2015\\\/12\\\/veranstaltungstipps-birdland-neuburg-3-vibrafon-festival-vibraphonissimo-nuernbergfuerth-jazzclub-augsburg-e-v\\\/#primaryimage\",\"url\":\"http:\\\/\\\/www.jazzzeitung.de\\\/cms\\\/wp-content\\\/uploads\\\/2015\\\/12\\\/Mareike-150x150.jpg\",\"contentUrl\":\"http:\\\/\\\/www.jazzzeitung.de\\\/cms\\\/wp-content\\\/uploads\\\/2015\\\/12\\\/Mareike-150x150.jpg\"},{\"@type\":\"BreadcrumbList\",\"@id\":\"https:\\\/\\\/www.jazzzeitung.de\\\/cms\\\/2015\\\/12\\\/veranstaltungstipps-birdland-neuburg-3-vibrafon-festival-vibraphonissimo-nuernbergfuerth-jazzclub-augsburg-e-v\\\/#breadcrumb\",\"itemListElement\":[{\"@type\":\"ListItem\",\"position\":1,\"name\":\"Startseite\",\"item\":\"https:\\\/\\\/www.jazzzeitung.de\\\/cms\\\/\"},{\"@type\":\"ListItem\",\"position\":2,\"name\":\"+++ Veranstaltungstipps +++ Birdland Neuburg +++ 3. Vibrafon Festival \u201eVibraphonissimo\u201c in N\u00fcrnberg\\\/F\u00fcrth +++ jazzclub augsburg e.V. +++\"}]},{\"@type\":\"WebSite\",\"@id\":\"https:\\\/\\\/www.jazzzeitung.de\\\/cms\\\/#website\",\"url\":\"https:\\\/\\\/www.jazzzeitung.de\\\/cms\\\/\",\"name\":\"JazzZeitung\",\"description\":\"Jazz-News und Jazz-Kontroverses\",\"publisher\":{\"@id\":\"https:\\\/\\\/www.jazzzeitung.de\\\/cms\\\/#organization\"},\"potentialAction\":[{\"@type\":\"SearchAction\",\"target\":{\"@type\":\"EntryPoint\",\"urlTemplate\":\"https:\\\/\\\/www.jazzzeitung.de\\\/cms\\\/?s={search_term_string}\"},\"query-input\":{\"@type\":\"PropertyValueSpecification\",\"valueRequired\":true,\"valueName\":\"search_term_string\"}}],\"inLanguage\":\"de\"},{\"@type\":\"Organization\",\"@id\":\"https:\\\/\\\/www.jazzzeitung.de\\\/cms\\\/#organization\",\"name\":\"JazzZeitung online\",\"url\":\"https:\\\/\\\/www.jazzzeitung.de\\\/cms\\\/\",\"logo\":{\"@type\":\"ImageObject\",\"inLanguage\":\"de\",\"@id\":\"https:\\\/\\\/www.jazzzeitung.de\\\/cms\\\/#\\\/schema\\\/logo\\\/image\\\/\",\"url\":\"https:\\\/\\\/i0.wp.com\\\/www.jazzzeitung.de\\\/cms\\\/wp-content\\\/uploads\\\/2015\\\/08\\\/JAZZZEITUNGDE_Logo_Neu.png?fit=499%2C200&ssl=1\",\"contentUrl\":\"https:\\\/\\\/i0.wp.com\\\/www.jazzzeitung.de\\\/cms\\\/wp-content\\\/uploads\\\/2015\\\/08\\\/JAZZZEITUNGDE_Logo_Neu.png?fit=499%2C200&ssl=1\",\"width\":499,\"height\":200,\"caption\":\"JazzZeitung online\"},\"image\":{\"@id\":\"https:\\\/\\\/www.jazzzeitung.de\\\/cms\\\/#\\\/schema\\\/logo\\\/image\\\/\"},\"sameAs\":[\"https:\\\/\\\/www.facebook.com\\\/JazzZeitung\\\/\"]},{\"@type\":\"Person\",\"@id\":\"https:\\\/\\\/www.jazzzeitung.de\\\/cms\\\/#\\\/schema\\\/person\\\/2245b36b9cd1d24cea10f01c031fb92b\",\"name\":\"Redaktion JazzZeitung\",\"image\":{\"@type\":\"ImageObject\",\"inLanguage\":\"de\",\"@id\":\"https:\\\/\\\/i0.wp.com\\\/www.jazzzeitung.de\\\/cms\\\/wp-content\\\/uploads\\\/2015\\\/08\\\/JAZZZEITUNGDE_Logo_Neu.png?resize=96%2C96&ssl=159975dcacb611b5700bd619b5daf0a7a\",\"url\":\"https:\\\/\\\/i0.wp.com\\\/www.jazzzeitung.de\\\/cms\\\/wp-content\\\/uploads\\\/2015\\\/08\\\/JAZZZEITUNGDE_Logo_Neu.png?resize=96%2C96&ssl=1\",\"contentUrl\":\"https:\\\/\\\/i0.wp.com\\\/www.jazzzeitung.de\\\/cms\\\/wp-content\\\/uploads\\\/2015\\\/08\\\/JAZZZEITUNGDE_Logo_Neu.png?resize=96%2C96&ssl=1\",\"caption\":\"Redaktion JazzZeitung\"},\"description\":\"Artikel der Redaktion der JazzZeitung.\",\"sameAs\":[\"http:\\\/\\\/www.jazzzeitung.de\\\/cms\\\/\"],\"url\":\"https:\\\/\\\/www.jazzzeitung.de\\\/cms\\\/author\\\/redaktion\\\/\"}]}<\/script>\n<!-- \/ Yoast SEO plugin. -->","yoast_head_json":{"title":"+++ Veranstaltungstipps +++ Birdland Neuburg +++ 3. Vibrafon Festival \u201eVibraphonissimo\u201c in N\u00fcrnberg\/F\u00fcrth +++ jazzclub augsburg e.V. +++ - JazzZeitung","robots":{"index":"index","follow":"follow","max-snippet":"max-snippet:-1","max-image-preview":"max-image-preview:large","max-video-preview":"max-video-preview:-1"},"canonical":"https:\/\/www.jazzzeitung.de\/cms\/2015\/12\/veranstaltungstipps-birdland-neuburg-3-vibrafon-festival-vibraphonissimo-nuernbergfuerth-jazzclub-augsburg-e-v\/","og_locale":"de_DE","og_type":"article","og_title":"+++ Veranstaltungstipps +++ Birdland Neuburg +++ 3. Vibrafon Festival \u201eVibraphonissimo\u201c in N\u00fcrnberg\/F\u00fcrth +++ jazzclub augsburg e.V. +++ - JazzZeitung","og_description":"+++Birdland Neuburg +++ Freitag, 8. Januar 2016 und Samstag, 9. Januar 2016, 20.30 Uhr: C\u00e9cile Verny Quartet (C\u00e9cile Verny (voc), Bernd Heitzler (b), Andreas Erchinger (p), Lars Binder (dr, perc)) &#8211; Alle Jahre wieder \u2013 obliegt es dem C\u00e9cile Verny Quartet, die neue Jazzsaison in Neuburg zu er\u00f6ffnen. Dass es inzwischen schon das zehnte Mal in Folge ist, hat auch mit der extrem hohen Qualit\u00e4t der Formation, ihrer erfrischenden Wandlungsf\u00e4higkeit und der Treue ihrer Fans zu tun. L\u00e4ngst gilt C\u00e9cile Verny als eine der gr\u00f6\u00dften S\u00e4ngerinnen der modernen Unterhaltungskultur und ihre eingespielte Combo um Bernd Heitzler, Andreas Erchinger und Lars Binder als ein musikalischer Organismus, der seinen Star in jeder Lebens- und B\u00fchnenlage st\u00fctzt, st\u00e4rkt und leuchten l\u00e4sst. Freitag, 15. Januar 2016, 20.30 Uhr &#8211; finanziert mit der Spielst\u00e4ttenprogrammf\u00f6rderung: Mareike Wiening Quintett (Mareike Wiening (dr), Johannes Enders (sax), Volker Engelberth (p), Sebastian B\u00f6hlen (g), Johannes Felscher (b)) &#8211; Sie stammt aus Erlangen und lebt seit geraumer Zeit in York \u2013 was man h\u00f6rt. Die Schlagzeugerin Mareike Wiening versteht es mittlerweile nahezu perfekt, unwiderstehliche rhythmische Patterns mit weiblicher Feinheit und Eleganz zu kombinieren. Alles, was die &hellip;","og_url":"https:\/\/www.jazzzeitung.de\/cms\/2015\/12\/veranstaltungstipps-birdland-neuburg-3-vibrafon-festival-vibraphonissimo-nuernbergfuerth-jazzclub-augsburg-e-v\/","og_site_name":"JazzZeitung","article_publisher":"https:\/\/www.facebook.com\/JazzZeitung\/","article_published_time":"2015-12-16T07:59:32+00:00","article_modified_time":"2015-12-16T08:03:04+00:00","og_image":[{"url":"http:\/\/www.jazzzeitung.de\/cms\/wp-content\/uploads\/2015\/12\/Mareike-150x150.jpg","type":"","width":"","height":""}],"author":"Redaktion JazzZeitung","schema":{"@context":"https:\/\/schema.org","@graph":[{"@type":"Article","@id":"https:\/\/www.jazzzeitung.de\/cms\/2015\/12\/veranstaltungstipps-birdland-neuburg-3-vibrafon-festival-vibraphonissimo-nuernbergfuerth-jazzclub-augsburg-e-v\/#article","isPartOf":{"@id":"https:\/\/www.jazzzeitung.de\/cms\/2015\/12\/veranstaltungstipps-birdland-neuburg-3-vibrafon-festival-vibraphonissimo-nuernbergfuerth-jazzclub-augsburg-e-v\/"},"author":{"name":"Redaktion JazzZeitung","@id":"https:\/\/www.jazzzeitung.de\/cms\/#\/schema\/person\/2245b36b9cd1d24cea10f01c031fb92b"},"headline":"+++ Veranstaltungstipps +++ Birdland Neuburg +++ 3. Vibrafon Festival \u201eVibraphonissimo\u201c in N\u00fcrnberg\/F\u00fcrth +++ jazzclub augsburg e.V. +++","datePublished":"2015-12-16T07:59:32+00:00","dateModified":"2015-12-16T08:03:04+00:00","mainEntityOfPage":{"@id":"https:\/\/www.jazzzeitung.de\/cms\/2015\/12\/veranstaltungstipps-birdland-neuburg-3-vibrafon-festival-vibraphonissimo-nuernbergfuerth-jazzclub-augsburg-e-v\/"},"wordCount":909,"commentCount":0,"publisher":{"@id":"https:\/\/www.jazzzeitung.de\/cms\/#organization"},"image":{"@id":"https:\/\/www.jazzzeitung.de\/cms\/2015\/12\/veranstaltungstipps-birdland-neuburg-3-vibrafon-festival-vibraphonissimo-nuernbergfuerth-jazzclub-augsburg-e-v\/#primaryimage"},"thumbnailUrl":"http:\/\/www.jazzzeitung.de\/cms\/wp-content\/uploads\/2015\/12\/Mareike-150x150.jpg","keywords":["Album","Audi Forum Ingolstadt","Augsburg","Birdland","Birdland Neuburg","Blues","Club","Festival","Han Bennink","Jazzclub","Jazzstudio N\u00fcrnberg","Klassik","Konzert","Neuburg","N\u00fcrnberg","Panzerballett","Pop","reinhardt","Swing","Vibraphonissimo","Video","Volker Heuken","Youtube"],"articleSection":["Redaktionelle Nachrichten"],"inLanguage":"de","potentialAction":[{"@type":"CommentAction","name":"Comment","target":["https:\/\/www.jazzzeitung.de\/cms\/2015\/12\/veranstaltungstipps-birdland-neuburg-3-vibrafon-festival-vibraphonissimo-nuernbergfuerth-jazzclub-augsburg-e-v\/#respond"]}]},{"@type":"WebPage","@id":"https:\/\/www.jazzzeitung.de\/cms\/2015\/12\/veranstaltungstipps-birdland-neuburg-3-vibrafon-festival-vibraphonissimo-nuernbergfuerth-jazzclub-augsburg-e-v\/","url":"https:\/\/www.jazzzeitung.de\/cms\/2015\/12\/veranstaltungstipps-birdland-neuburg-3-vibrafon-festival-vibraphonissimo-nuernbergfuerth-jazzclub-augsburg-e-v\/","name":"+++ Veranstaltungstipps +++ Birdland Neuburg +++ 3. Vibrafon Festival \u201eVibraphonissimo\u201c in N\u00fcrnberg\/F\u00fcrth +++ jazzclub augsburg e.V. +++ - JazzZeitung","isPartOf":{"@id":"https:\/\/www.jazzzeitung.de\/cms\/#website"},"primaryImageOfPage":{"@id":"https:\/\/www.jazzzeitung.de\/cms\/2015\/12\/veranstaltungstipps-birdland-neuburg-3-vibrafon-festival-vibraphonissimo-nuernbergfuerth-jazzclub-augsburg-e-v\/#primaryimage"},"image":{"@id":"https:\/\/www.jazzzeitung.de\/cms\/2015\/12\/veranstaltungstipps-birdland-neuburg-3-vibrafon-festival-vibraphonissimo-nuernbergfuerth-jazzclub-augsburg-e-v\/#primaryimage"},"thumbnailUrl":"http:\/\/www.jazzzeitung.de\/cms\/wp-content\/uploads\/2015\/12\/Mareike-150x150.jpg","datePublished":"2015-12-16T07:59:32+00:00","dateModified":"2015-12-16T08:03:04+00:00","breadcrumb":{"@id":"https:\/\/www.jazzzeitung.de\/cms\/2015\/12\/veranstaltungstipps-birdland-neuburg-3-vibrafon-festival-vibraphonissimo-nuernbergfuerth-jazzclub-augsburg-e-v\/#breadcrumb"},"inLanguage":"de","potentialAction":[{"@type":"ReadAction","target":["https:\/\/www.jazzzeitung.de\/cms\/2015\/12\/veranstaltungstipps-birdland-neuburg-3-vibrafon-festival-vibraphonissimo-nuernbergfuerth-jazzclub-augsburg-e-v\/"]}]},{"@type":"ImageObject","inLanguage":"de","@id":"https:\/\/www.jazzzeitung.de\/cms\/2015\/12\/veranstaltungstipps-birdland-neuburg-3-vibrafon-festival-vibraphonissimo-nuernbergfuerth-jazzclub-augsburg-e-v\/#primaryimage","url":"http:\/\/www.jazzzeitung.de\/cms\/wp-content\/uploads\/2015\/12\/Mareike-150x150.jpg","contentUrl":"http:\/\/www.jazzzeitung.de\/cms\/wp-content\/uploads\/2015\/12\/Mareike-150x150.jpg"},{"@type":"BreadcrumbList","@id":"https:\/\/www.jazzzeitung.de\/cms\/2015\/12\/veranstaltungstipps-birdland-neuburg-3-vibrafon-festival-vibraphonissimo-nuernbergfuerth-jazzclub-augsburg-e-v\/#breadcrumb","itemListElement":[{"@type":"ListItem","position":1,"name":"Startseite","item":"https:\/\/www.jazzzeitung.de\/cms\/"},{"@type":"ListItem","position":2,"name":"+++ Veranstaltungstipps +++ Birdland Neuburg +++ 3. Vibrafon Festival \u201eVibraphonissimo\u201c in N\u00fcrnberg\/F\u00fcrth +++ jazzclub augsburg e.V. +++"}]},{"@type":"WebSite","@id":"https:\/\/www.jazzzeitung.de\/cms\/#website","url":"https:\/\/www.jazzzeitung.de\/cms\/","name":"JazzZeitung","description":"Jazz-News und Jazz-Kontroverses","publisher":{"@id":"https:\/\/www.jazzzeitung.de\/cms\/#organization"},"potentialAction":[{"@type":"SearchAction","target":{"@type":"EntryPoint","urlTemplate":"https:\/\/www.jazzzeitung.de\/cms\/?s={search_term_string}"},"query-input":{"@type":"PropertyValueSpecification","valueRequired":true,"valueName":"search_term_string"}}],"inLanguage":"de"},{"@type":"Organization","@id":"https:\/\/www.jazzzeitung.de\/cms\/#organization","name":"JazzZeitung online","url":"https:\/\/www.jazzzeitung.de\/cms\/","logo":{"@type":"ImageObject","inLanguage":"de","@id":"https:\/\/www.jazzzeitung.de\/cms\/#\/schema\/logo\/image\/","url":"https:\/\/i0.wp.com\/www.jazzzeitung.de\/cms\/wp-content\/uploads\/2015\/08\/JAZZZEITUNGDE_Logo_Neu.png?fit=499%2C200&ssl=1","contentUrl":"https:\/\/i0.wp.com\/www.jazzzeitung.de\/cms\/wp-content\/uploads\/2015\/08\/JAZZZEITUNGDE_Logo_Neu.png?fit=499%2C200&ssl=1","width":499,"height":200,"caption":"JazzZeitung online"},"image":{"@id":"https:\/\/www.jazzzeitung.de\/cms\/#\/schema\/logo\/image\/"},"sameAs":["https:\/\/www.facebook.com\/JazzZeitung\/"]},{"@type":"Person","@id":"https:\/\/www.jazzzeitung.de\/cms\/#\/schema\/person\/2245b36b9cd1d24cea10f01c031fb92b","name":"Redaktion JazzZeitung","image":{"@type":"ImageObject","inLanguage":"de","@id":"https:\/\/i0.wp.com\/www.jazzzeitung.de\/cms\/wp-content\/uploads\/2015\/08\/JAZZZEITUNGDE_Logo_Neu.png?resize=96%2C96&ssl=159975dcacb611b5700bd619b5daf0a7a","url":"https:\/\/i0.wp.com\/www.jazzzeitung.de\/cms\/wp-content\/uploads\/2015\/08\/JAZZZEITUNGDE_Logo_Neu.png?resize=96%2C96&ssl=1","contentUrl":"https:\/\/i0.wp.com\/www.jazzzeitung.de\/cms\/wp-content\/uploads\/2015\/08\/JAZZZEITUNGDE_Logo_Neu.png?resize=96%2C96&ssl=1","caption":"Redaktion JazzZeitung"},"description":"Artikel der Redaktion der JazzZeitung.","sameAs":["http:\/\/www.jazzzeitung.de\/cms\/"],"url":"https:\/\/www.jazzzeitung.de\/cms\/author\/redaktion\/"}]}},"wp-worthy-pixel":{"ignored":false,"public":null,"server":null,"url":null},"wp-worthy-type":"normal","jetpack_publicize_connections":[],"cc_featured_image_caption":{"caption_text":false,"source_text":false,"source_url":false},"jetpack_featured_media_url":"","jetpack_shortlink":"https:\/\/wp.me\/p3KEcT-24C","jetpack-related-posts":[{"id":4423,"url":"https:\/\/www.jazzzeitung.de\/cms\/2014\/09\/das-gibts-nur-einmal-das-birdland-neuburg\/","url_meta":{"origin":7974,"position":0},"title":"Das gibt&#8217;s nur einmal: das Birdland Neuburg","author":"Redaktion JazzZeitung","date":"2. September 2014","format":false,"excerpt":"Jazzclubs gibt es einige in Deutschland, vor allem nat\u00fcrlich in den mittleren und den Gro\u00dfst\u00e4dten. Warum ist einer der ber\u00fchmtesten und angesehensten dann mitten in der bayerischen Provinz, im kleinen Barockst\u00e4dtchen Neuburg an der Donau angesiedelt? - Alles begann bereits im Jahr 1958, als der sp\u00e4tere Gr\u00fcnder der Jazzwoche Burghausen,\u2026","rel":"","context":"In &quot;Jazzclub des Monats&quot;","block_context":{"text":"Jazzclub des Monats","link":"https:\/\/www.jazzzeitung.de\/cms\/thema\/clubs\/jazzclub-des-monats\/"},"img":{"alt_text":"","src":"https:\/\/i0.wp.com\/www.jazzzeitung.de\/cms\/wp-content\/uploads\/2014\/08\/IMG_3901.jpg?resize=350%2C200","width":350,"height":200,"srcset":"https:\/\/i0.wp.com\/www.jazzzeitung.de\/cms\/wp-content\/uploads\/2014\/08\/IMG_3901.jpg?resize=350%2C200 1x, https:\/\/i0.wp.com\/www.jazzzeitung.de\/cms\/wp-content\/uploads\/2014\/08\/IMG_3901.jpg?resize=525%2C300 1.5x, https:\/\/i0.wp.com\/www.jazzzeitung.de\/cms\/wp-content\/uploads\/2014\/08\/IMG_3901.jpg?resize=700%2C400 2x, https:\/\/i0.wp.com\/www.jazzzeitung.de\/cms\/wp-content\/uploads\/2014\/08\/IMG_3901.jpg?resize=1050%2C600 3x, https:\/\/i0.wp.com\/www.jazzzeitung.de\/cms\/wp-content\/uploads\/2014\/08\/IMG_3901.jpg?resize=1400%2C800 4x"},"classes":[]},{"id":1934,"url":"https:\/\/www.jazzzeitung.de\/cms\/2008\/03\/bestandigkeit-und-engagement-50-jahre-birdland-jazzclub-in-neuburg-an-der-donau\/","url_meta":{"origin":7974,"position":1},"title":"Best\u00e4ndigkeit und Engagement \u2013 50 Jahre Birdland Jazzclub in Neuburg an der Donau","author":"Martin Hufner","date":"23. M\u00e4rz 2008","format":false,"excerpt":"7. Juni 1958: Ein wichtiges Datum f\u00fcr den Jazz in Bayern. An jenem Abend fand sich in Neuburg an der Donau eine Handvoll Jazzfans zusammen zur Gr\u00fcndung des Birdland Jazzclubs. 50 Jahre sp\u00e4ter hat sich der aus kleinen Anf\u00e4ngen heraus pr\u00e4chtig entwickelt, ist zu einem der wichtigsten regelm\u00e4\u00dfig bespielten Clubs\u2026","rel":"","context":"In &quot;Clubs&quot;","block_context":{"text":"Clubs","link":"https:\/\/www.jazzzeitung.de\/cms\/thema\/clubs\/"},"img":{"alt_text":"Manfred Rehm. Foto: Birdland","src":"https:\/\/i0.wp.com\/www.jazzzeitung.de\/cms\/wp-content\/uploads\/2013\/07\/bericht-birdland-big-150x150.jpg?resize=350%2C200","width":350,"height":200},"classes":[]},{"id":6118,"url":"https:\/\/www.jazzzeitung.de\/cms\/2015\/05\/john-scofield-und-pablo-held-im-neuburger-birdland\/","url_meta":{"origin":7974,"position":2},"title":"John Scofield und Pablo Held im Neuburger Birdland","author":"Redaktion JazzZeitung","date":"11. Mai 2015","format":"gallery","excerpt":"Am vergangenen Freitag stattete Gitarren-Star John Scofield zum f\u00fcnften Mal dem Neuburger Jazzclub \"Birdland\" seinen Besuch ab. Ralf Dombrowski war mit seiner Kamera f\u00fcr uns\u00a0 dabei. \u201eSco\u201c hat nie einen Hehl daraus gemacht, dass er den Keller unter der Hofapotheke f\u00fcr eine der sch\u00f6nsten Locations dieser Art weltweit h\u00e4lt. Nun\u2026","rel":"","context":"In &quot;Galerie&quot;","block_context":{"text":"Galerie","link":"https:\/\/www.jazzzeitung.de\/cms\/thema\/galerie\/"},"img":{"alt_text":"","src":"https:\/\/i0.wp.com\/www.jazzzeitung.de\/cms\/wp-content\/uploads\/2015\/05\/0K3A4683-Sco-dombr.jpg?resize=350%2C200","width":350,"height":200,"srcset":"https:\/\/i0.wp.com\/www.jazzzeitung.de\/cms\/wp-content\/uploads\/2015\/05\/0K3A4683-Sco-dombr.jpg?resize=350%2C200 1x, https:\/\/i0.wp.com\/www.jazzzeitung.de\/cms\/wp-content\/uploads\/2015\/05\/0K3A4683-Sco-dombr.jpg?resize=525%2C300 1.5x, https:\/\/i0.wp.com\/www.jazzzeitung.de\/cms\/wp-content\/uploads\/2015\/05\/0K3A4683-Sco-dombr.jpg?resize=700%2C400 2x, https:\/\/i0.wp.com\/www.jazzzeitung.de\/cms\/wp-content\/uploads\/2015\/05\/0K3A4683-Sco-dombr.jpg?resize=1050%2C600 3x"},"classes":[]},{"id":10184,"url":"https:\/\/www.jazzzeitung.de\/cms\/2016\/09\/newsjazz-im-turmjazzfest-berlinbirdland-jazz-club-neuburg\/","url_meta":{"origin":7974,"position":3},"title":"+++ News +++ Jazz im Turm +++ Jazzfest Berlin +++ Birdland Jazz Club Neuburg","author":"Redaktion JazzZeitung","date":"30. September 2016","format":false,"excerpt":"Jazz im Turm Die September-Jam-Session bei Jazz im Turm nahe Glonn, wird am 29.9.16 um 20 Uhr\u00a0 von der S\u00e4ngerin Jasmin Bayer mit ihrer Formation er\u00f6ffnet. Auf dem Programm stehen Lieder ihrer j\u00fcngst erschienenen CD \u201eSummer Melodies\u201c, die sie mit Peter Tuscher (tpt), David Roberts (p), Markus Wagner (b) und\u2026","rel":"","context":"In &quot;News&quot;","block_context":{"text":"News","link":"https:\/\/www.jazzzeitung.de\/cms\/thema\/nachrichten\/"},"img":{"alt_text":"cache_2461745399","src":"https:\/\/i0.wp.com\/www.jazzzeitung.de\/cms\/wp-content\/uploads\/2016\/09\/cache_2461745399-150x150.png?resize=350%2C200","width":350,"height":200},"classes":[]},{"id":21448,"url":"https:\/\/www.jazzzeitung.de\/cms\/2019\/12\/nicotheo-gastieren-im-birdland-neuburg\/","url_meta":{"origin":7974,"position":4},"title":"Nicotheo gastieren im Birdland Neuburg","author":"Redaktion JazzZeitung","date":"10. Dezember 2019","format":false,"excerpt":"Text und Foto: Karl Leitner. Immer wieder bietet der Birdland Jazzclub in Neuburg neben internationalen Gr\u00f6\u00dfen auch einheimischen Jazzmusikern ein Forum. Diesmal ist das Quintett Nicotheo zu Gast. Die Band passt deswegen in die dort bereits seit Jahren etablierte Reihe \u201eJazz aus der Region\u201c, weil Gitarrist Simon Schneid seine Kindheit\u2026","rel":"","context":"In &quot;Bericht&quot;","block_context":{"text":"Bericht","link":"https:\/\/www.jazzzeitung.de\/cms\/thema\/bericht\/"},"img":{"alt_text":"","src":"https:\/\/i0.wp.com\/www.jazzzeitung.de\/cms\/wp-content\/uploads\/2019\/12\/PC070113-scaled.jpg?fit=1200%2C900&ssl=1&resize=350%2C200","width":350,"height":200,"srcset":"https:\/\/i0.wp.com\/www.jazzzeitung.de\/cms\/wp-content\/uploads\/2019\/12\/PC070113-scaled.jpg?fit=1200%2C900&ssl=1&resize=350%2C200 1x, https:\/\/i0.wp.com\/www.jazzzeitung.de\/cms\/wp-content\/uploads\/2019\/12\/PC070113-scaled.jpg?fit=1200%2C900&ssl=1&resize=525%2C300 1.5x, https:\/\/i0.wp.com\/www.jazzzeitung.de\/cms\/wp-content\/uploads\/2019\/12\/PC070113-scaled.jpg?fit=1200%2C900&ssl=1&resize=700%2C400 2x, https:\/\/i0.wp.com\/www.jazzzeitung.de\/cms\/wp-content\/uploads\/2019\/12\/PC070113-scaled.jpg?fit=1200%2C900&ssl=1&resize=1050%2C600 3x"},"classes":[]},{"id":4481,"url":"https:\/\/www.jazzzeitung.de\/cms\/2014\/08\/neue-jazzzeitung-201404-im-handel\/","url_meta":{"origin":7974,"position":5},"title":"Neue JazzZeitung 2014\/04 im Handel","author":"Redaktion JazzZeitung","date":"24. August 2014","format":false,"excerpt":"Gedruckt und zug\u00e4nglich: Die neue aktuelle JazzZeitung 2014\/04. Berichte: S\u00fcdtirol Festival, Jazz Sommer im Bayerischen Hof, Bayerisches Jazzweekend, Festival Bingen swingt, Andreas Dombert \/ Chris Gall im Leeren Beutel Regensburg, Ystad Sweden Jazz Festival 2014 Portrait: Ketil Bj\u00f8rnstad, Andrea Keller (Pianistin und Komponistin aus Australien), der Harfenist Edmar Casta\u00f1eda, das\u2026","rel":"","context":"In &quot;JazzZeitung (print)&quot;","block_context":{"text":"JazzZeitung (print)","link":"https:\/\/www.jazzzeitung.de\/cms\/thema\/archiv\/jazzzeitung-print\/"},"img":{"alt_text":"JazzZeitung 2014\/04 - Titelblatt","src":"https:\/\/i0.wp.com\/www.jazzzeitung.de\/cms\/wp-content\/uploads\/2014\/08\/2014-04-jazzzeitung.jpg?fit=804%2C1200&ssl=1&resize=350%2C200","width":350,"height":200,"srcset":"https:\/\/i0.wp.com\/www.jazzzeitung.de\/cms\/wp-content\/uploads\/2014\/08\/2014-04-jazzzeitung.jpg?fit=804%2C1200&ssl=1&resize=350%2C200 1x, https:\/\/i0.wp.com\/www.jazzzeitung.de\/cms\/wp-content\/uploads\/2014\/08\/2014-04-jazzzeitung.jpg?fit=804%2C1200&ssl=1&resize=525%2C300 1.5x, https:\/\/i0.wp.com\/www.jazzzeitung.de\/cms\/wp-content\/uploads\/2014\/08\/2014-04-jazzzeitung.jpg?fit=804%2C1200&ssl=1&resize=700%2C400 2x"},"classes":[]}],"jetpack_sharing_enabled":true,"_links":{"self":[{"href":"https:\/\/www.jazzzeitung.de\/cms\/wp-json\/wp\/v2\/posts\/7974","targetHints":{"allow":["GET"]}}],"collection":[{"href":"https:\/\/www.jazzzeitung.de\/cms\/wp-json\/wp\/v2\/posts"}],"about":[{"href":"https:\/\/www.jazzzeitung.de\/cms\/wp-json\/wp\/v2\/types\/post"}],"author":[{"embeddable":true,"href":"https:\/\/www.jazzzeitung.de\/cms\/wp-json\/wp\/v2\/users\/18"}],"replies":[{"embeddable":true,"href":"https:\/\/www.jazzzeitung.de\/cms\/wp-json\/wp\/v2\/comments?post=7974"}],"version-history":[{"count":4,"href":"https:\/\/www.jazzzeitung.de\/cms\/wp-json\/wp\/v2\/posts\/7974\/revisions"}],"predecessor-version":[{"id":7981,"href":"https:\/\/www.jazzzeitung.de\/cms\/wp-json\/wp\/v2\/posts\/7974\/revisions\/7981"}],"wp:attachment":[{"href":"https:\/\/www.jazzzeitung.de\/cms\/wp-json\/wp\/v2\/media?parent=7974"}],"wp:term":[{"taxonomy":"category","embeddable":true,"href":"https:\/\/www.jazzzeitung.de\/cms\/wp-json\/wp\/v2\/categories?post=7974"},{"taxonomy":"post_tag","embeddable":true,"href":"https:\/\/www.jazzzeitung.de\/cms\/wp-json\/wp\/v2\/tags?post=7974"},{"taxonomy":"author","embeddable":true,"href":"https:\/\/www.jazzzeitung.de\/cms\/wp-json\/wp\/v2\/coauthors?post=7974"}],"curies":[{"name":"wp","href":"https:\/\/api.w.org\/{rel}","templated":true}]}}