{"id":7948,"date":"2015-12-14T10:53:05","date_gmt":"2015-12-14T09:53:05","guid":{"rendered":"http:\/\/www.jazzzeitung.de\/cms\/?p=7948"},"modified":"2015-12-14T10:53:05","modified_gmt":"2015-12-14T09:53:05","slug":"alles-ist-jazz-irgendwie-jazzfest-muenchen-2015","status":"publish","type":"post","link":"https:\/\/www.jazzzeitung.de\/cms\/2015\/12\/alles-ist-jazz-irgendwie-jazzfest-muenchen-2015\/","title":{"rendered":"\u201eAlles ist Jazz \u2013 irgendwie\u201c: Jazzfest M\u00fcnchen 2015"},"content":{"rendered":"<p><a href=\"https:\/\/i0.wp.com\/www.jazzzeitung.de\/cms\/wp-content\/uploads\/2015\/12\/ROSCHERMonikaMCC%C2%A9Godehard.Lutz%40bayern-mail.de_IMGP4108.jpg\" rel=\"attachment wp-att-7955\"><img data-recalc-dims=\"1\" loading=\"lazy\" decoding=\"async\" data-attachment-id=\"7955\" data-permalink=\"https:\/\/www.jazzzeitung.de\/cms\/2015\/12\/alles-ist-jazz-irgendwie-jazzfest-muenchen-2015\/roschermonikamccgodehard-lutzbayern-mail-de_imgp4108\/\" data-orig-file=\"https:\/\/i0.wp.com\/www.jazzzeitung.de\/cms\/wp-content\/uploads\/2015\/12\/ROSCHERMonikaMCC%C2%A9Godehard.Lutz%40bayern-mail.de_IMGP4108.jpg?fit=4928%2C3264&amp;ssl=1\" data-orig-size=\"4928,3264\" data-comments-opened=\"1\" data-image-meta=\"{&quot;aperture&quot;:&quot;2.8&quot;,&quot;credit&quot;:&quot;Godehard LUTZ&quot;,&quot;camera&quot;:&quot;PENTAX K-30&quot;,&quot;caption&quot;:&quot;&quot;,&quot;created_timestamp&quot;:&quot;1449789767&quot;,&quot;copyright&quot;:&quot;Godehard.Lutz@maxi-dsl.de&quot;,&quot;focal_length&quot;:&quot;75&quot;,&quot;iso&quot;:&quot;6400&quot;,&quot;shutter_speed&quot;:&quot;0.005&quot;,&quot;title&quot;:&quot;&quot;,&quot;orientation&quot;:&quot;1&quot;}\" data-image-title=\"ROSCHER,Monika&amp;#038;MCC\u00a9Godehard.Lutz@bayern-mail.de_IMGP4108\" data-image-description=\"\" data-image-caption=\"\" data-large-file=\"https:\/\/i0.wp.com\/www.jazzzeitung.de\/cms\/wp-content\/uploads\/2015\/12\/ROSCHERMonikaMCC%C2%A9Godehard.Lutz%40bayern-mail.de_IMGP4108.jpg?fit=840%2C556&amp;ssl=1\" class=\"alignright size-thumbnail wp-image-7955\" src=\"https:\/\/i0.wp.com\/www.jazzzeitung.de\/cms\/wp-content\/uploads\/2015\/12\/ROSCHERMonikaMCC%C2%A9Godehard.Lutz%40bayern-mail.de_IMGP4108-150x150.jpg?resize=150%2C150\" alt=\"ROSCHER,Monika&amp;MCC\u00a9Godehard.Lutz@bayern-mail.de_IMGP4108\" width=\"150\" height=\"150\" srcset=\"https:\/\/i0.wp.com\/www.jazzzeitung.de\/cms\/wp-content\/uploads\/2015\/12\/ROSCHERMonikaMCC%C2%A9Godehard.Lutz%40bayern-mail.de_IMGP4108.jpg?resize=150%2C150&amp;ssl=1 150w, https:\/\/i0.wp.com\/www.jazzzeitung.de\/cms\/wp-content\/uploads\/2015\/12\/ROSCHERMonikaMCC%C2%A9Godehard.Lutz%40bayern-mail.de_IMGP4108.jpg?resize=144%2C144&amp;ssl=1 144w, https:\/\/i0.wp.com\/www.jazzzeitung.de\/cms\/wp-content\/uploads\/2015\/12\/ROSCHERMonikaMCC%C2%A9Godehard.Lutz%40bayern-mail.de_IMGP4108.jpg?resize=96%2C96&amp;ssl=1 96w, https:\/\/i0.wp.com\/www.jazzzeitung.de\/cms\/wp-content\/uploads\/2015\/12\/ROSCHERMonikaMCC%C2%A9Godehard.Lutz%40bayern-mail.de_IMGP4108.jpg?resize=24%2C24&amp;ssl=1 24w, https:\/\/i0.wp.com\/www.jazzzeitung.de\/cms\/wp-content\/uploads\/2015\/12\/ROSCHERMonikaMCC%C2%A9Godehard.Lutz%40bayern-mail.de_IMGP4108.jpg?resize=36%2C36&amp;ssl=1 36w, https:\/\/i0.wp.com\/www.jazzzeitung.de\/cms\/wp-content\/uploads\/2015\/12\/ROSCHERMonikaMCC%C2%A9Godehard.Lutz%40bayern-mail.de_IMGP4108.jpg?resize=48%2C48&amp;ssl=1 48w, https:\/\/i0.wp.com\/www.jazzzeitung.de\/cms\/wp-content\/uploads\/2015\/12\/ROSCHERMonikaMCC%C2%A9Godehard.Lutz%40bayern-mail.de_IMGP4108.jpg?resize=64%2C64&amp;ssl=1 64w, https:\/\/i0.wp.com\/www.jazzzeitung.de\/cms\/wp-content\/uploads\/2015\/12\/ROSCHERMonikaMCC%C2%A9Godehard.Lutz%40bayern-mail.de_IMGP4108.jpg?resize=32%2C32&amp;ssl=1 32w, https:\/\/i0.wp.com\/www.jazzzeitung.de\/cms\/wp-content\/uploads\/2015\/12\/ROSCHERMonikaMCC%C2%A9Godehard.Lutz%40bayern-mail.de_IMGP4108.jpg?resize=128%2C128&amp;ssl=1 128w, https:\/\/i0.wp.com\/www.jazzzeitung.de\/cms\/wp-content\/uploads\/2015\/12\/ROSCHERMonikaMCC%C2%A9Godehard.Lutz%40bayern-mail.de_IMGP4108.jpg?zoom=2&amp;resize=150%2C150&amp;ssl=1 300w, https:\/\/i0.wp.com\/www.jazzzeitung.de\/cms\/wp-content\/uploads\/2015\/12\/ROSCHERMonikaMCC%C2%A9Godehard.Lutz%40bayern-mail.de_IMGP4108.jpg?zoom=3&amp;resize=150%2C150&amp;ssl=1 450w\" sizes=\"auto, (max-width: 150px) 100vw, 150px\" \/><\/a>Von Godehard Lutz &#8211; \u201eAlles ist Jazz \u2013 irgendwie\u201c: Diese augenzwinkernde Aussage des Pianisten Andy Lutter kennzeichnete mehr oder weniger trefflich die beiden ersten Konzerte am Er\u00f6ffnungsabend des 26. Jazzfest der Jazzmusiker-Iniative M\u00fcnchen. Deren Vorsitzender und bew\u00e4hrter Festivalleiter ist Lutter seit langem. Im Verdacht, der Jazzpolizei anzugeh\u00f6ren, stehen eher und sein Verein eh nicht. Die musikalischen Grenzen waren beim Jazzfest nie ganz eng und wurden in den letzten Jahren (auch geographisch) eher weiter gezogen. Wenn also am Donnerstagabend, den 10. Dezember in der Black Box des Gasteig sechs extrovertierte Stra\u00dfenmusikanten auf der B\u00fchne standen, die sonst eher in der M\u00fcnchener Fu\u00dfg\u00e4ngerzone anzutreffen sind und von einer besinnlichen Singersongwriterin aus der Schweiz abgel\u00f6st wurden, konnte, musste man sich aber nicht wundern.<\/p>\n<p>Jazz boten \u201eKonnexion Balkon\u201c und Katharina Busch und ihre Band nicht, aber sie entsprachen voll dem Festival-Motto \u201eH\u00f6ren Sie Stimmen!\u201c Und es bereitete Freude, ihnen zuzuh\u00f6ren. Darein mischte sich beim Auftakt von der Stra\u00dfe eine geh\u00f6rige Portion Verbl\u00fcffung und Spa\u00df \u00fcber diese \u201eupcyclete Musik\u201c, die vor der genialen Verwertung keiner Komposition aus Klassik und Pop zur\u00fcckschreckt und nebenbei das Schlagcello erfunden hat, das so gewisserma\u00dfen zum Symbol des Auftritts wird.<\/p>\n<div class=\"tiled-gallery type-rectangular tiled-gallery-unresized\" data-original-width=\"840\" data-carousel-extra='{&quot;blog_id&quot;:1,&quot;permalink&quot;:&quot;https:\\\/\\\/www.jazzzeitung.de\\\/cms\\\/2015\\\/12\\\/alles-ist-jazz-irgendwie-jazzfest-muenchen-2015\\\/&quot;,&quot;likes_blog_id&quot;:55446655}' itemscope itemtype=\"http:\/\/schema.org\/ImageGallery\" > <div class=\"gallery-row\" style=\"width: 840px; height: 373px;\" data-original-width=\"840\" data-original-height=\"373\" > <div class=\"gallery-group images-1\" style=\"width: 561px; height: 373px;\" data-original-width=\"561\" data-original-height=\"373\" > <div class=\"tiled-gallery-item tiled-gallery-item-large\" itemprop=\"associatedMedia\" itemscope itemtype=\"http:\/\/schema.org\/ImageObject\"> <a href=\"https:\/\/www.jazzzeitung.de\/cms\/2015\/12\/alles-ist-jazz-irgendwie-jazzfest-muenchen-2015\/roschermonikamccgodehard-lutzbayern-mail-de_imgp4113\/\" border=\"0\" itemprop=\"url\"> <meta itemprop=\"width\" content=\"557\"> <meta itemprop=\"height\" content=\"369\"> <img decoding=\"async\" class=\"\" data-attachment-id=\"7956\" data-orig-file=\"https:\/\/www.jazzzeitung.de\/cms\/wp-content\/uploads\/2015\/12\/ROSCHERMonikaMCC\u00a9Godehard.Lutz@bayern-mail.de_IMGP4113.jpg\" data-orig-size=\"4928,3264\" data-comments-opened=\"1\" data-image-meta=\"{&quot;aperture&quot;:&quot;2.8&quot;,&quot;credit&quot;:&quot;Godehard LUTZ&quot;,&quot;camera&quot;:&quot;PENTAX K-30&quot;,&quot;caption&quot;:&quot;&quot;,&quot;created_timestamp&quot;:&quot;1449790411&quot;,&quot;copyright&quot;:&quot;Godehard.Lutz@maxi-dsl.de&quot;,&quot;focal_length&quot;:&quot;28&quot;,&quot;iso&quot;:&quot;6400&quot;,&quot;shutter_speed&quot;:&quot;0.04&quot;,&quot;title&quot;:&quot;&quot;,&quot;orientation&quot;:&quot;1&quot;}\" data-image-title=\"ROSCHER,Monika&amp;#038;MCC\u00a9Godehard.Lutz@bayern-mail.de_IMGP4113\" data-image-description=\"\" data-medium-file=\"https:\/\/i0.wp.com\/www.jazzzeitung.de\/cms\/wp-content\/uploads\/2015\/12\/ROSCHERMonikaMCC%C2%A9Godehard.Lutz%40bayern-mail.de_IMGP4113.jpg?fit=300%2C199&#038;ssl=1\" data-large-file=\"https:\/\/i0.wp.com\/www.jazzzeitung.de\/cms\/wp-content\/uploads\/2015\/12\/ROSCHERMonikaMCC%C2%A9Godehard.Lutz%40bayern-mail.de_IMGP4113.jpg?fit=840%2C556&#038;ssl=1\" src=\"https:\/\/i0.wp.com\/www.jazzzeitung.de\/cms\/wp-content\/uploads\/2015\/12\/ROSCHERMonikaMCC%C2%A9Godehard.Lutz%40bayern-mail.de_IMGP4113.jpg?w=557&#038;h=369&#038;ssl=1\" width=\"557\" height=\"369\" loading=\"lazy\" data-original-width=\"557\" data-original-height=\"369\" itemprop=\"http:\/\/schema.org\/image\" title=\"ROSCHER,Monika&amp;MCC\u00a9Godehard.Lutz@bayern-mail.de_IMGP4113\" alt=\"ROSCHER,Monika&amp;MCC\u00a9Godehard.Lutz@bayern-mail.de_IMGP4113\" style=\"width: 557px; height: 369px;\" \/> <\/a> <\/div> <\/div> <!-- close group --> <div class=\"gallery-group images-2\" style=\"width: 279px; height: 373px;\" data-original-width=\"279\" data-original-height=\"373\" > <div class=\"tiled-gallery-item tiled-gallery-item-large\" itemprop=\"associatedMedia\" itemscope itemtype=\"http:\/\/schema.org\/ImageObject\"> <a href=\"https:\/\/www.jazzzeitung.de\/cms\/2015\/12\/alles-ist-jazz-irgendwie-jazzfest-muenchen-2015\/mcc-munich_composer_collectivegodehard-lutzbayern-mail-de_imgp4131\/\" border=\"0\" itemprop=\"url\"> <meta itemprop=\"width\" content=\"275\"> <meta itemprop=\"height\" content=\"183\"> <img decoding=\"async\" class=\"\" data-attachment-id=\"7954\" data-orig-file=\"https:\/\/www.jazzzeitung.de\/cms\/wp-content\/uploads\/2015\/12\/MCC-MUNICH_COMPOSER_COLLECTIVE\u00a9Godehard.Lutz@bayern-mail.de_IMGP4131.jpg\" data-orig-size=\"4928,3264\" data-comments-opened=\"1\" data-image-meta=\"{&quot;aperture&quot;:&quot;4.5&quot;,&quot;credit&quot;:&quot;Godehard LUTZ&quot;,&quot;camera&quot;:&quot;PENTAX K-30&quot;,&quot;caption&quot;:&quot;&quot;,&quot;created_timestamp&quot;:&quot;1449791849&quot;,&quot;copyright&quot;:&quot;Godehard.Lutz@maxi-dsl.de&quot;,&quot;focal_length&quot;:&quot;38&quot;,&quot;iso&quot;:&quot;6400&quot;,&quot;shutter_speed&quot;:&quot;0.005&quot;,&quot;title&quot;:&quot;&quot;,&quot;orientation&quot;:&quot;1&quot;}\" data-image-title=\"MCC-MUNICH_COMPOSER_COLLECTIVE\u00a9Godehard.Lutz@bayern-mail.de_IMGP4131\" data-image-description=\"\" data-medium-file=\"https:\/\/i0.wp.com\/www.jazzzeitung.de\/cms\/wp-content\/uploads\/2015\/12\/MCC-MUNICH_COMPOSER_COLLECTIVE%C2%A9Godehard.Lutz%40bayern-mail.de_IMGP4131.jpg?fit=300%2C199&#038;ssl=1\" data-large-file=\"https:\/\/i0.wp.com\/www.jazzzeitung.de\/cms\/wp-content\/uploads\/2015\/12\/MCC-MUNICH_COMPOSER_COLLECTIVE%C2%A9Godehard.Lutz%40bayern-mail.de_IMGP4131.jpg?fit=840%2C556&#038;ssl=1\" src=\"https:\/\/i0.wp.com\/www.jazzzeitung.de\/cms\/wp-content\/uploads\/2015\/12\/MCC-MUNICH_COMPOSER_COLLECTIVE%C2%A9Godehard.Lutz%40bayern-mail.de_IMGP4131.jpg?w=275&#038;h=183&#038;ssl=1\" width=\"275\" height=\"183\" loading=\"lazy\" data-original-width=\"275\" data-original-height=\"183\" itemprop=\"http:\/\/schema.org\/image\" title=\"MCC-MUNICH_COMPOSER_COLLECTIVE\u00a9Godehard.Lutz@bayern-mail.de_IMGP4131\" alt=\"MCC-MUNICH_COMPOSER_COLLECTIVE\u00a9Godehard.Lutz@bayern-mail.de_IMGP4131\" style=\"width: 275px; height: 183px;\" \/> <\/a> <\/div> <div class=\"tiled-gallery-item tiled-gallery-item-large\" itemprop=\"associatedMedia\" itemscope itemtype=\"http:\/\/schema.org\/ImageObject\"> <a href=\"https:\/\/www.jazzzeitung.de\/cms\/2015\/12\/alles-ist-jazz-irgendwie-jazzfest-muenchen-2015\/lutterandykonnexion_balkongodehard-lutzbayern-mail-de_imgp4023\/\" border=\"0\" itemprop=\"url\"> <meta itemprop=\"width\" content=\"275\"> <meta itemprop=\"height\" content=\"182\"> <img decoding=\"async\" class=\"\" data-attachment-id=\"7953\" data-orig-file=\"https:\/\/www.jazzzeitung.de\/cms\/wp-content\/uploads\/2015\/12\/LUTTERAndyKONNEXION_BALKON\u00a9Godehard.Lutz@bayern-mail.de_IMGP4023.jpg\" data-orig-size=\"4928,3264\" data-comments-opened=\"1\" data-image-meta=\"{&quot;aperture&quot;:&quot;2.8&quot;,&quot;credit&quot;:&quot;Godehard LUTZ&quot;,&quot;camera&quot;:&quot;PENTAX K-30&quot;,&quot;caption&quot;:&quot;&quot;,&quot;created_timestamp&quot;:&quot;1449778106&quot;,&quot;copyright&quot;:&quot;Godehard.Lutz@maxi-dsl.de&quot;,&quot;focal_length&quot;:&quot;28&quot;,&quot;iso&quot;:&quot;6400&quot;,&quot;shutter_speed&quot;:&quot;0.005&quot;,&quot;title&quot;:&quot;&quot;,&quot;orientation&quot;:&quot;1&quot;}\" data-image-title=\"LUTTER,Andy&amp;#038;KONNEXION_BALKON\u00a9Godehard.Lutz@bayern-mail.de_IMGP4023\" data-image-description=\"\" data-medium-file=\"https:\/\/i0.wp.com\/www.jazzzeitung.de\/cms\/wp-content\/uploads\/2015\/12\/LUTTERAndyKONNEXION_BALKON%C2%A9Godehard.Lutz%40bayern-mail.de_IMGP4023.jpg?fit=300%2C199&#038;ssl=1\" data-large-file=\"https:\/\/i0.wp.com\/www.jazzzeitung.de\/cms\/wp-content\/uploads\/2015\/12\/LUTTERAndyKONNEXION_BALKON%C2%A9Godehard.Lutz%40bayern-mail.de_IMGP4023.jpg?fit=840%2C556&#038;ssl=1\" src=\"https:\/\/i0.wp.com\/www.jazzzeitung.de\/cms\/wp-content\/uploads\/2015\/12\/LUTTERAndyKONNEXION_BALKON%C2%A9Godehard.Lutz%40bayern-mail.de_IMGP4023.jpg?w=275&#038;h=182&#038;ssl=1\" width=\"275\" height=\"182\" loading=\"lazy\" data-original-width=\"275\" data-original-height=\"182\" itemprop=\"http:\/\/schema.org\/image\" title=\"LUTTER,Andy&amp;KONNEXION_BALKON\u00a9Godehard.Lutz@bayern-mail.de_IMGP4023\" alt=\"LUTTER,Andy&amp;KONNEXION_BALKON\u00a9Godehard.Lutz@bayern-mail.de_IMGP4023\" style=\"width: 275px; height: 182px;\" \/> <\/a> <\/div> <\/div> <!-- close group --> <\/div> <!-- close row --> <div class=\"gallery-row\" style=\"width: 840px; height: 240px;\" data-original-width=\"840\" data-original-height=\"240\" > <div class=\"gallery-group images-1\" style=\"width: 360px; height: 240px;\" data-original-width=\"360\" data-original-height=\"240\" > <div class=\"tiled-gallery-item tiled-gallery-item-large\" itemprop=\"associatedMedia\" itemscope itemtype=\"http:\/\/schema.org\/ImageObject\"> <a href=\"https:\/\/www.jazzzeitung.de\/cms\/2015\/12\/alles-ist-jazz-irgendwie-jazzfest-muenchen-2015\/konnexion_balkongodehard-lutzbayern-mail-de_imgp4024\/\" border=\"0\" itemprop=\"url\"> <meta itemprop=\"width\" content=\"356\"> <meta itemprop=\"height\" content=\"236\"> <img decoding=\"async\" class=\"\" data-attachment-id=\"7952\" data-orig-file=\"https:\/\/www.jazzzeitung.de\/cms\/wp-content\/uploads\/2015\/12\/KONNEXION_BALKON\u00a9Godehard.Lutz@bayern-mail.de_IMGP4024.jpg\" data-orig-size=\"4928,3264\" data-comments-opened=\"1\" data-image-meta=\"{&quot;aperture&quot;:&quot;6.3&quot;,&quot;credit&quot;:&quot;Godehard LUTZ&quot;,&quot;camera&quot;:&quot;PENTAX K-30&quot;,&quot;caption&quot;:&quot;&quot;,&quot;created_timestamp&quot;:&quot;1449778355&quot;,&quot;copyright&quot;:&quot;Godehard.Lutz@maxi-dsl.de&quot;,&quot;focal_length&quot;:&quot;28&quot;,&quot;iso&quot;:&quot;6400&quot;,&quot;shutter_speed&quot;:&quot;0.005&quot;,&quot;title&quot;:&quot;&quot;,&quot;orientation&quot;:&quot;1&quot;}\" data-image-title=\"KONNEXION_BALKON\u00a9Godehard.Lutz@bayern-mail.de_IMGP4024\" data-image-description=\"\" data-medium-file=\"https:\/\/i0.wp.com\/www.jazzzeitung.de\/cms\/wp-content\/uploads\/2015\/12\/KONNEXION_BALKON%C2%A9Godehard.Lutz%40bayern-mail.de_IMGP4024.jpg?fit=300%2C199&#038;ssl=1\" data-large-file=\"https:\/\/i0.wp.com\/www.jazzzeitung.de\/cms\/wp-content\/uploads\/2015\/12\/KONNEXION_BALKON%C2%A9Godehard.Lutz%40bayern-mail.de_IMGP4024.jpg?fit=840%2C556&#038;ssl=1\" src=\"https:\/\/i0.wp.com\/www.jazzzeitung.de\/cms\/wp-content\/uploads\/2015\/12\/KONNEXION_BALKON%C2%A9Godehard.Lutz%40bayern-mail.de_IMGP4024.jpg?w=356&#038;h=236&#038;ssl=1\" width=\"356\" height=\"236\" loading=\"lazy\" data-original-width=\"356\" data-original-height=\"236\" itemprop=\"http:\/\/schema.org\/image\" title=\"KONNEXION_BALKON\u00a9Godehard.Lutz@bayern-mail.de_IMGP4024\" alt=\"KONNEXION_BALKON\u00a9Godehard.Lutz@bayern-mail.de_IMGP4024\" style=\"width: 356px; height: 236px;\" \/> <\/a> <\/div> <\/div> <!-- close group --> <div class=\"gallery-group images-1\" style=\"width: 160px; height: 240px;\" data-original-width=\"160\" data-original-height=\"240\" > <div class=\"tiled-gallery-item tiled-gallery-item-small\" itemprop=\"associatedMedia\" itemscope itemtype=\"http:\/\/schema.org\/ImageObject\"> <a href=\"https:\/\/www.jazzzeitung.de\/cms\/2015\/12\/alles-ist-jazz-irgendwie-jazzfest-muenchen-2015\/konnexion_balkongodehard-lutzbayern-mail-de_imgp4021\/\" border=\"0\" itemprop=\"url\"> <meta itemprop=\"width\" content=\"156\"> <meta itemprop=\"height\" content=\"236\"> <img decoding=\"async\" class=\"\" data-attachment-id=\"7951\" data-orig-file=\"https:\/\/www.jazzzeitung.de\/cms\/wp-content\/uploads\/2015\/12\/KONNEXION_BALKON\u00a9Godehard.Lutz@bayern-mail.de_IMGP4021.jpg\" data-orig-size=\"3264,4928\" data-comments-opened=\"1\" data-image-meta=\"{&quot;aperture&quot;:&quot;2.8&quot;,&quot;credit&quot;:&quot;Godehard LUTZ&quot;,&quot;camera&quot;:&quot;PENTAX K-30&quot;,&quot;caption&quot;:&quot;&quot;,&quot;created_timestamp&quot;:&quot;1449777866&quot;,&quot;copyright&quot;:&quot;Godehard.Lutz@maxi-dsl.de&quot;,&quot;focal_length&quot;:&quot;55&quot;,&quot;iso&quot;:&quot;3200&quot;,&quot;shutter_speed&quot;:&quot;0.005&quot;,&quot;title&quot;:&quot;&quot;,&quot;orientation&quot;:&quot;1&quot;}\" data-image-title=\"KONNEXION_BALKON\u00a9Godehard.Lutz@bayern-mail.de_IMGP4021\" data-image-description=\"\" data-medium-file=\"https:\/\/i0.wp.com\/www.jazzzeitung.de\/cms\/wp-content\/uploads\/2015\/12\/KONNEXION_BALKON%C2%A9Godehard.Lutz%40bayern-mail.de_IMGP4021.jpg?fit=199%2C300&#038;ssl=1\" data-large-file=\"https:\/\/i0.wp.com\/www.jazzzeitung.de\/cms\/wp-content\/uploads\/2015\/12\/KONNEXION_BALKON%C2%A9Godehard.Lutz%40bayern-mail.de_IMGP4021.jpg?fit=397%2C600&#038;ssl=1\" src=\"https:\/\/i0.wp.com\/www.jazzzeitung.de\/cms\/wp-content\/uploads\/2015\/12\/KONNEXION_BALKON%C2%A9Godehard.Lutz%40bayern-mail.de_IMGP4021.jpg?w=156&#038;h=236&#038;ssl=1\" width=\"156\" height=\"236\" loading=\"lazy\" data-original-width=\"156\" data-original-height=\"236\" itemprop=\"http:\/\/schema.org\/image\" title=\"KONNEXION_BALKON\u00a9Godehard.Lutz@bayern-mail.de_IMGP4021\" alt=\"KONNEXION_BALKON\u00a9Godehard.Lutz@bayern-mail.de_IMGP4021\" style=\"width: 156px; height: 236px;\" \/> <\/a> <\/div> <\/div> <!-- close group --> <div class=\"gallery-group images-1\" style=\"width: 160px; height: 240px;\" data-original-width=\"160\" data-original-height=\"240\" > <div class=\"tiled-gallery-item tiled-gallery-item-small\" itemprop=\"associatedMedia\" itemscope itemtype=\"http:\/\/schema.org\/ImageObject\"> <a href=\"https:\/\/www.jazzzeitung.de\/cms\/2015\/12\/alles-ist-jazz-irgendwie-jazzfest-muenchen-2015\/eroldizzy-konnexion_balkongodehard-lutzbayern-mail-de_imgp4077\/\" border=\"0\" itemprop=\"url\"> <meta itemprop=\"width\" content=\"156\"> <meta itemprop=\"height\" content=\"236\"> <img decoding=\"async\" class=\"\" data-attachment-id=\"7950\" data-orig-file=\"https:\/\/www.jazzzeitung.de\/cms\/wp-content\/uploads\/2015\/12\/EROLDizzy-KONNEXION_BALKON\u00a9Godehard.Lutz@bayern-mail.de_IMGP4077.jpg\" data-orig-size=\"3264,4928\" data-comments-opened=\"1\" data-image-meta=\"{&quot;aperture&quot;:&quot;3.2&quot;,&quot;credit&quot;:&quot;Godehard LUTZ&quot;,&quot;camera&quot;:&quot;PENTAX K-30&quot;,&quot;caption&quot;:&quot;&quot;,&quot;created_timestamp&quot;:&quot;1449781986&quot;,&quot;copyright&quot;:&quot;Godehard.Lutz@maxi-dsl.de&quot;,&quot;focal_length&quot;:&quot;43&quot;,&quot;iso&quot;:&quot;6400&quot;,&quot;shutter_speed&quot;:&quot;0.005&quot;,&quot;title&quot;:&quot;&quot;,&quot;orientation&quot;:&quot;1&quot;}\" data-image-title=\"EROL,Dizzy-KONNEXION_BALKON\u00a9Godehard.Lutz@bayern-mail.de_IMGP4077\" data-image-description=\"\" data-medium-file=\"https:\/\/i0.wp.com\/www.jazzzeitung.de\/cms\/wp-content\/uploads\/2015\/12\/EROLDizzy-KONNEXION_BALKON%C2%A9Godehard.Lutz%40bayern-mail.de_IMGP4077.jpg?fit=199%2C300&#038;ssl=1\" data-large-file=\"https:\/\/i0.wp.com\/www.jazzzeitung.de\/cms\/wp-content\/uploads\/2015\/12\/EROLDizzy-KONNEXION_BALKON%C2%A9Godehard.Lutz%40bayern-mail.de_IMGP4077.jpg?fit=397%2C600&#038;ssl=1\" src=\"https:\/\/i0.wp.com\/www.jazzzeitung.de\/cms\/wp-content\/uploads\/2015\/12\/EROLDizzy-KONNEXION_BALKON%C2%A9Godehard.Lutz%40bayern-mail.de_IMGP4077.jpg?w=156&#038;h=236&#038;ssl=1\" width=\"156\" height=\"236\" loading=\"lazy\" data-original-width=\"156\" data-original-height=\"236\" itemprop=\"http:\/\/schema.org\/image\" title=\"EROL,Dizzy-KONNEXION_BALKON\u00a9Godehard.Lutz@bayern-mail.de_IMGP4077\" alt=\"EROL,Dizzy-KONNEXION_BALKON\u00a9Godehard.Lutz@bayern-mail.de_IMGP4077\" style=\"width: 156px; height: 236px;\" \/> <\/a> <\/div> <\/div> <!-- close group --> <div class=\"gallery-group images-1\" style=\"width: 160px; height: 240px;\" data-original-width=\"160\" data-original-height=\"240\" > <div class=\"tiled-gallery-item tiled-gallery-item-small\" itemprop=\"associatedMedia\" itemscope itemtype=\"http:\/\/schema.org\/ImageObject\"> <a href=\"https:\/\/www.jazzzeitung.de\/cms\/2015\/12\/alles-ist-jazz-irgendwie-jazzfest-muenchen-2015\/eroldizzy-konnexion_balkongodehard-lutzbayern-mail-de_imgp4029\/\" border=\"0\" itemprop=\"url\"> <meta itemprop=\"width\" content=\"156\"> <meta itemprop=\"height\" content=\"236\"> <img decoding=\"async\" class=\"\" data-attachment-id=\"7949\" data-orig-file=\"https:\/\/www.jazzzeitung.de\/cms\/wp-content\/uploads\/2015\/12\/EROLDizzy-KONNEXION_BALKON\u00a9Godehard.Lutz@bayern-mail.de_IMGP4029.jpg\" data-orig-size=\"3264,4928\" data-comments-opened=\"1\" data-image-meta=\"{&quot;aperture&quot;:&quot;2.8&quot;,&quot;credit&quot;:&quot;Godehard LUTZ&quot;,&quot;camera&quot;:&quot;PENTAX K-30&quot;,&quot;caption&quot;:&quot;&quot;,&quot;created_timestamp&quot;:&quot;1449778815&quot;,&quot;copyright&quot;:&quot;Godehard.Lutz@maxi-dsl.de&quot;,&quot;focal_length&quot;:&quot;135&quot;,&quot;iso&quot;:&quot;6400&quot;,&quot;shutter_speed&quot;:&quot;0.005&quot;,&quot;title&quot;:&quot;&quot;,&quot;orientation&quot;:&quot;1&quot;}\" data-image-title=\"EROL,Dizzy-KONNEXION_BALKON\u00a9Godehard.Lutz@bayern-mail.de_IMGP4029\" data-image-description=\"\" data-medium-file=\"https:\/\/i0.wp.com\/www.jazzzeitung.de\/cms\/wp-content\/uploads\/2015\/12\/EROLDizzy-KONNEXION_BALKON%C2%A9Godehard.Lutz%40bayern-mail.de_IMGP4029.jpg?fit=199%2C300&#038;ssl=1\" data-large-file=\"https:\/\/i0.wp.com\/www.jazzzeitung.de\/cms\/wp-content\/uploads\/2015\/12\/EROLDizzy-KONNEXION_BALKON%C2%A9Godehard.Lutz%40bayern-mail.de_IMGP4029.jpg?fit=397%2C600&#038;ssl=1\" src=\"https:\/\/i0.wp.com\/www.jazzzeitung.de\/cms\/wp-content\/uploads\/2015\/12\/EROLDizzy-KONNEXION_BALKON%C2%A9Godehard.Lutz%40bayern-mail.de_IMGP4029.jpg?w=156&#038;h=236&#038;ssl=1\" width=\"156\" height=\"236\" loading=\"lazy\" data-original-width=\"156\" data-original-height=\"236\" itemprop=\"http:\/\/schema.org\/image\" title=\"EROL,Dizzy-KONNEXION_BALKON\u00a9Godehard.Lutz@bayern-mail.de_IMGP4029\" alt=\"EROL,Dizzy-KONNEXION_BALKON\u00a9Godehard.Lutz@bayern-mail.de_IMGP4029\" style=\"width: 156px; height: 236px;\" \/> <\/a> <\/div> <\/div> <!-- close group --> <\/div> <!-- close row --> <\/div>\n<p>Schwerer und ernster, aber beileibe nicht humorlos wurde es dann beim jungen 17-k\u00f6pfigen \u201eMunich Composer Collective\u201c, das sich seit einem Jahr der Auff\u00fchrung der Musik seiner komponierenden Mitglieder widmet. St\u00fccke von Leiter Gregor H\u00fcbner, Lehrbeauftragter f\u00fcr Jazz-Komposition und \u2013Musiktheorie an der Hochschule f\u00fcr Musik, Elektroniker Matthias Schneider-Hollek, den Trompetern Andreas Unterreiner und Matthias Lindermayr fesselten mit ausgekl\u00fcgelter Rhythmik, Instrumentierung und Dynamik. Die abwechslungsreiche Stimme geh\u00f6rte hier Monika Roscher, die in ihrer bew\u00e4hrt vielseitigen und mitrei\u00dfenden Art zugleich f\u00fcr Kompositionen, Gesang, Dirigat und ihr eigenes ausgefallenes Outfit zust\u00e4ndig war &#8211; nur die Gitarre \u00fcberlie\u00df sie an diesem Abend dem Kollegen Claas Krause. Zu ihrer Komposition \u201eStarlight Night Flash\u201c trat sie in einem Kost\u00fcm auf, unter dem Lichter wie Sterne leuchteten. \u2013 Weihnachten ist nah.<\/p>\n<p>&nbsp;<\/p>\n","protected":false},"excerpt":{"rendered":"<p>Von Godehard Lutz &#8211; \u201eAlles ist Jazz \u2013 irgendwie\u201c: Diese augenzwinkernde Aussage des Pianisten Andy Lutter kennzeichnete mehr oder weniger trefflich die beiden ersten Konzerte am Er\u00f6ffnungsabend des 26. Jazzfest der Jazzmusiker-Iniative M\u00fcnchen. Deren Vorsitzender und bew\u00e4hrter Festivalleiter ist Lutter seit langem. Im Verdacht, der Jazzpolizei anzugeh\u00f6ren, stehen eher und sein Verein eh nicht. Die musikalischen Grenzen waren beim Jazzfest nie ganz eng und wurden in den letzten Jahren (auch geographisch) eher weiter gezogen. Wenn also am Donnerstagabend, den 10. Dezember in der Black Box des Gasteig sechs extrovertierte Stra\u00dfenmusikanten auf der B\u00fchne standen, die sonst eher in der M\u00fcnchener Fu\u00dfg\u00e4ngerzone anzutreffen sind und von einer besinnlichen Singersongwriterin aus der Schweiz abgel\u00f6st wurden, konnte, musste man sich aber nicht wundern. Jazz boten \u201eKonnexion Balkon\u201c und Katharina Busch und ihre Band nicht, aber sie entsprachen voll dem Festival-Motto \u201eH\u00f6ren Sie Stimmen!\u201c Und es bereitete Freude, ihnen zuzuh\u00f6ren. Darein mischte sich beim Auftakt von der Stra\u00dfe eine geh\u00f6rige Portion Verbl\u00fcffung und Spa\u00df \u00fcber diese \u201eupcyclete Musik\u201c, die vor der genialen Verwertung keiner Komposition aus Klassik und Pop zur\u00fcckschreckt und nebenbei das Schlagcello erfunden hat, das so gewisserma\u00dfen &hellip;<\/p>\n","protected":false},"author":18,"featured_media":0,"comment_status":"open","ping_status":"closed","sticky":false,"template":"","format":"standard","meta":{"_jetpack_memberships_contains_paid_content":false,"footnotes":"","jetpack_publicize_message":"","jetpack_publicize_feature_enabled":true,"jetpack_social_post_already_shared":false,"jetpack_social_options":{"image_generator_settings":{"template":"highway","default_image_id":0,"font":"","enabled":false},"version":2}},"categories":[1053],"tags":[3,193,1243,751,1242,281,316,323,1184,760,401,447,595,1241],"coauthors":[695],"class_list":["post-7948","post","type-post","status-publish","format-standard","hentry","category-bericht","tag-festival","tag-gasteig","tag-godehard-lutz","tag-jazzfest","tag-jazzfest-muenchen","tag-jazzmusiker","tag-klassik","tag-konzerte","tag-matthias-lindermayr","tag-monika-roscher","tag-muenchen","tag-pop","tag-weihnachten","tag-alles-ist-jazz-irgendwie"],"yoast_head":"<!-- This site is optimized with the Yoast SEO plugin v27.5 - https:\/\/yoast.com\/product\/yoast-seo-wordpress\/ -->\n<title>\u201eAlles ist Jazz \u2013 irgendwie\u201c: Jazzfest M\u00fcnchen 2015 - JazzZeitung<\/title>\n<meta name=\"robots\" content=\"index, follow, max-snippet:-1, max-image-preview:large, max-video-preview:-1\" \/>\n<link rel=\"canonical\" href=\"https:\/\/www.jazzzeitung.de\/cms\/2015\/12\/alles-ist-jazz-irgendwie-jazzfest-muenchen-2015\/\" \/>\n<meta property=\"og:locale\" content=\"de_DE\" \/>\n<meta property=\"og:type\" content=\"article\" \/>\n<meta property=\"og:title\" content=\"\u201eAlles ist Jazz \u2013 irgendwie\u201c: Jazzfest M\u00fcnchen 2015 - JazzZeitung\" \/>\n<meta property=\"og:description\" content=\"Von Godehard Lutz &#8211; \u201eAlles ist Jazz \u2013 irgendwie\u201c: Diese augenzwinkernde Aussage des Pianisten Andy Lutter kennzeichnete mehr oder weniger trefflich die beiden ersten Konzerte am Er\u00f6ffnungsabend des 26. Jazzfest der Jazzmusiker-Iniative M\u00fcnchen. Deren Vorsitzender und bew\u00e4hrter Festivalleiter ist Lutter seit langem. Im Verdacht, der Jazzpolizei anzugeh\u00f6ren, stehen eher und sein Verein eh nicht. Die musikalischen Grenzen waren beim Jazzfest nie ganz eng und wurden in den letzten Jahren (auch geographisch) eher weiter gezogen. Wenn also am Donnerstagabend, den 10. Dezember in der Black Box des Gasteig sechs extrovertierte Stra\u00dfenmusikanten auf der B\u00fchne standen, die sonst eher in der M\u00fcnchener Fu\u00dfg\u00e4ngerzone anzutreffen sind und von einer besinnlichen Singersongwriterin aus der Schweiz abgel\u00f6st wurden, konnte, musste man sich aber nicht wundern. Jazz boten \u201eKonnexion Balkon\u201c und Katharina Busch und ihre Band nicht, aber sie entsprachen voll dem Festival-Motto \u201eH\u00f6ren Sie Stimmen!\u201c Und es bereitete Freude, ihnen zuzuh\u00f6ren. Darein mischte sich beim Auftakt von der Stra\u00dfe eine geh\u00f6rige Portion Verbl\u00fcffung und Spa\u00df \u00fcber diese \u201eupcyclete Musik\u201c, die vor der genialen Verwertung keiner Komposition aus Klassik und Pop zur\u00fcckschreckt und nebenbei das Schlagcello erfunden hat, das so gewisserma\u00dfen &hellip;\" \/>\n<meta property=\"og:url\" content=\"https:\/\/www.jazzzeitung.de\/cms\/2015\/12\/alles-ist-jazz-irgendwie-jazzfest-muenchen-2015\/\" \/>\n<meta property=\"og:site_name\" content=\"JazzZeitung\" \/>\n<meta property=\"article:publisher\" content=\"https:\/\/www.facebook.com\/JazzZeitung\/\" \/>\n<meta property=\"article:published_time\" content=\"2015-12-14T09:53:05+00:00\" \/>\n<meta property=\"og:image\" content=\"https:\/\/i0.wp.com\/www.jazzzeitung.de\/cms\/wp-content\/uploads\/2015\/12\/ROSCHERMonikaMCC\u00a9Godehard.Lutz@bayern-mail.de_IMGP4113.jpg?w=557&#038;h=369&#038;ssl=1\" \/>\n<meta name=\"author\" content=\"Redaktion JazzZeitung\" \/>\n<script type=\"application\/ld+json\" class=\"yoast-schema-graph\">{\"@context\":\"https:\\\/\\\/schema.org\",\"@graph\":[{\"@type\":\"Article\",\"@id\":\"https:\\\/\\\/www.jazzzeitung.de\\\/cms\\\/2015\\\/12\\\/alles-ist-jazz-irgendwie-jazzfest-muenchen-2015\\\/#article\",\"isPartOf\":{\"@id\":\"https:\\\/\\\/www.jazzzeitung.de\\\/cms\\\/2015\\\/12\\\/alles-ist-jazz-irgendwie-jazzfest-muenchen-2015\\\/\"},\"author\":{\"name\":\"Redaktion JazzZeitung\",\"@id\":\"https:\\\/\\\/www.jazzzeitung.de\\\/cms\\\/#\\\/schema\\\/person\\\/2245b36b9cd1d24cea10f01c031fb92b\"},\"headline\":\"\u201eAlles ist Jazz \u2013 irgendwie\u201c: Jazzfest M\u00fcnchen 2015\",\"datePublished\":\"2015-12-14T09:53:05+00:00\",\"mainEntityOfPage\":{\"@id\":\"https:\\\/\\\/www.jazzzeitung.de\\\/cms\\\/2015\\\/12\\\/alles-ist-jazz-irgendwie-jazzfest-muenchen-2015\\\/\"},\"wordCount\":351,\"commentCount\":0,\"publisher\":{\"@id\":\"https:\\\/\\\/www.jazzzeitung.de\\\/cms\\\/#organization\"},\"keywords\":[\"Festival\",\"Gasteig\",\"Godehard Lutz\",\"Jazzfest\",\"Jazzfest M\u00fcnchen\",\"Jazzmusiker\",\"Klassik\",\"Konzerte\",\"Matthias Lindermayr\",\"Monika Roscher\",\"M\u00fcnchen\",\"Pop\",\"Weihnachten\",\"\u201eAlles ist Jazz \u2013 irgendwie\u201c\"],\"articleSection\":[\"Bericht\"],\"inLanguage\":\"de\",\"potentialAction\":[{\"@type\":\"CommentAction\",\"name\":\"Comment\",\"target\":[\"https:\\\/\\\/www.jazzzeitung.de\\\/cms\\\/2015\\\/12\\\/alles-ist-jazz-irgendwie-jazzfest-muenchen-2015\\\/#respond\"]}]},{\"@type\":\"WebPage\",\"@id\":\"https:\\\/\\\/www.jazzzeitung.de\\\/cms\\\/2015\\\/12\\\/alles-ist-jazz-irgendwie-jazzfest-muenchen-2015\\\/\",\"url\":\"https:\\\/\\\/www.jazzzeitung.de\\\/cms\\\/2015\\\/12\\\/alles-ist-jazz-irgendwie-jazzfest-muenchen-2015\\\/\",\"name\":\"\u201eAlles ist Jazz \u2013 irgendwie\u201c: Jazzfest M\u00fcnchen 2015 - JazzZeitung\",\"isPartOf\":{\"@id\":\"https:\\\/\\\/www.jazzzeitung.de\\\/cms\\\/#website\"},\"datePublished\":\"2015-12-14T09:53:05+00:00\",\"breadcrumb\":{\"@id\":\"https:\\\/\\\/www.jazzzeitung.de\\\/cms\\\/2015\\\/12\\\/alles-ist-jazz-irgendwie-jazzfest-muenchen-2015\\\/#breadcrumb\"},\"inLanguage\":\"de\",\"potentialAction\":[{\"@type\":\"ReadAction\",\"target\":[\"https:\\\/\\\/www.jazzzeitung.de\\\/cms\\\/2015\\\/12\\\/alles-ist-jazz-irgendwie-jazzfest-muenchen-2015\\\/\"]}]},{\"@type\":\"BreadcrumbList\",\"@id\":\"https:\\\/\\\/www.jazzzeitung.de\\\/cms\\\/2015\\\/12\\\/alles-ist-jazz-irgendwie-jazzfest-muenchen-2015\\\/#breadcrumb\",\"itemListElement\":[{\"@type\":\"ListItem\",\"position\":1,\"name\":\"Startseite\",\"item\":\"https:\\\/\\\/www.jazzzeitung.de\\\/cms\\\/\"},{\"@type\":\"ListItem\",\"position\":2,\"name\":\"\u201eAlles ist Jazz \u2013 irgendwie\u201c: Jazzfest M\u00fcnchen 2015\"}]},{\"@type\":\"WebSite\",\"@id\":\"https:\\\/\\\/www.jazzzeitung.de\\\/cms\\\/#website\",\"url\":\"https:\\\/\\\/www.jazzzeitung.de\\\/cms\\\/\",\"name\":\"JazzZeitung\",\"description\":\"Jazz-News und Jazz-Kontroverses\",\"publisher\":{\"@id\":\"https:\\\/\\\/www.jazzzeitung.de\\\/cms\\\/#organization\"},\"potentialAction\":[{\"@type\":\"SearchAction\",\"target\":{\"@type\":\"EntryPoint\",\"urlTemplate\":\"https:\\\/\\\/www.jazzzeitung.de\\\/cms\\\/?s={search_term_string}\"},\"query-input\":{\"@type\":\"PropertyValueSpecification\",\"valueRequired\":true,\"valueName\":\"search_term_string\"}}],\"inLanguage\":\"de\"},{\"@type\":\"Organization\",\"@id\":\"https:\\\/\\\/www.jazzzeitung.de\\\/cms\\\/#organization\",\"name\":\"JazzZeitung online\",\"url\":\"https:\\\/\\\/www.jazzzeitung.de\\\/cms\\\/\",\"logo\":{\"@type\":\"ImageObject\",\"inLanguage\":\"de\",\"@id\":\"https:\\\/\\\/www.jazzzeitung.de\\\/cms\\\/#\\\/schema\\\/logo\\\/image\\\/\",\"url\":\"https:\\\/\\\/i0.wp.com\\\/www.jazzzeitung.de\\\/cms\\\/wp-content\\\/uploads\\\/2015\\\/08\\\/JAZZZEITUNGDE_Logo_Neu.png?fit=499%2C200&ssl=1\",\"contentUrl\":\"https:\\\/\\\/i0.wp.com\\\/www.jazzzeitung.de\\\/cms\\\/wp-content\\\/uploads\\\/2015\\\/08\\\/JAZZZEITUNGDE_Logo_Neu.png?fit=499%2C200&ssl=1\",\"width\":499,\"height\":200,\"caption\":\"JazzZeitung online\"},\"image\":{\"@id\":\"https:\\\/\\\/www.jazzzeitung.de\\\/cms\\\/#\\\/schema\\\/logo\\\/image\\\/\"},\"sameAs\":[\"https:\\\/\\\/www.facebook.com\\\/JazzZeitung\\\/\"]},{\"@type\":\"Person\",\"@id\":\"https:\\\/\\\/www.jazzzeitung.de\\\/cms\\\/#\\\/schema\\\/person\\\/2245b36b9cd1d24cea10f01c031fb92b\",\"name\":\"Redaktion JazzZeitung\",\"image\":{\"@type\":\"ImageObject\",\"inLanguage\":\"de\",\"@id\":\"https:\\\/\\\/i0.wp.com\\\/www.jazzzeitung.de\\\/cms\\\/wp-content\\\/uploads\\\/2015\\\/08\\\/JAZZZEITUNGDE_Logo_Neu.png?resize=96%2C96&ssl=159975dcacb611b5700bd619b5daf0a7a\",\"url\":\"https:\\\/\\\/i0.wp.com\\\/www.jazzzeitung.de\\\/cms\\\/wp-content\\\/uploads\\\/2015\\\/08\\\/JAZZZEITUNGDE_Logo_Neu.png?resize=96%2C96&ssl=1\",\"contentUrl\":\"https:\\\/\\\/i0.wp.com\\\/www.jazzzeitung.de\\\/cms\\\/wp-content\\\/uploads\\\/2015\\\/08\\\/JAZZZEITUNGDE_Logo_Neu.png?resize=96%2C96&ssl=1\",\"caption\":\"Redaktion JazzZeitung\"},\"description\":\"Artikel der Redaktion der JazzZeitung.\",\"sameAs\":[\"http:\\\/\\\/www.jazzzeitung.de\\\/cms\\\/\"],\"url\":\"https:\\\/\\\/www.jazzzeitung.de\\\/cms\\\/author\\\/redaktion\\\/\"}]}<\/script>\n<!-- \/ Yoast SEO plugin. -->","yoast_head_json":{"title":"\u201eAlles ist Jazz \u2013 irgendwie\u201c: Jazzfest M\u00fcnchen 2015 - JazzZeitung","robots":{"index":"index","follow":"follow","max-snippet":"max-snippet:-1","max-image-preview":"max-image-preview:large","max-video-preview":"max-video-preview:-1"},"canonical":"https:\/\/www.jazzzeitung.de\/cms\/2015\/12\/alles-ist-jazz-irgendwie-jazzfest-muenchen-2015\/","og_locale":"de_DE","og_type":"article","og_title":"\u201eAlles ist Jazz \u2013 irgendwie\u201c: Jazzfest M\u00fcnchen 2015 - JazzZeitung","og_description":"Von Godehard Lutz &#8211; \u201eAlles ist Jazz \u2013 irgendwie\u201c: Diese augenzwinkernde Aussage des Pianisten Andy Lutter kennzeichnete mehr oder weniger trefflich die beiden ersten Konzerte am Er\u00f6ffnungsabend des 26. Jazzfest der Jazzmusiker-Iniative M\u00fcnchen. Deren Vorsitzender und bew\u00e4hrter Festivalleiter ist Lutter seit langem. Im Verdacht, der Jazzpolizei anzugeh\u00f6ren, stehen eher und sein Verein eh nicht. Die musikalischen Grenzen waren beim Jazzfest nie ganz eng und wurden in den letzten Jahren (auch geographisch) eher weiter gezogen. Wenn also am Donnerstagabend, den 10. Dezember in der Black Box des Gasteig sechs extrovertierte Stra\u00dfenmusikanten auf der B\u00fchne standen, die sonst eher in der M\u00fcnchener Fu\u00dfg\u00e4ngerzone anzutreffen sind und von einer besinnlichen Singersongwriterin aus der Schweiz abgel\u00f6st wurden, konnte, musste man sich aber nicht wundern. Jazz boten \u201eKonnexion Balkon\u201c und Katharina Busch und ihre Band nicht, aber sie entsprachen voll dem Festival-Motto \u201eH\u00f6ren Sie Stimmen!\u201c Und es bereitete Freude, ihnen zuzuh\u00f6ren. Darein mischte sich beim Auftakt von der Stra\u00dfe eine geh\u00f6rige Portion Verbl\u00fcffung und Spa\u00df \u00fcber diese \u201eupcyclete Musik\u201c, die vor der genialen Verwertung keiner Komposition aus Klassik und Pop zur\u00fcckschreckt und nebenbei das Schlagcello erfunden hat, das so gewisserma\u00dfen &hellip;","og_url":"https:\/\/www.jazzzeitung.de\/cms\/2015\/12\/alles-ist-jazz-irgendwie-jazzfest-muenchen-2015\/","og_site_name":"JazzZeitung","article_publisher":"https:\/\/www.facebook.com\/JazzZeitung\/","article_published_time":"2015-12-14T09:53:05+00:00","og_image":[{"url":"https:\/\/i0.wp.com\/www.jazzzeitung.de\/cms\/wp-content\/uploads\/2015\/12\/ROSCHERMonikaMCC\u00a9Godehard.Lutz@bayern-mail.de_IMGP4113.jpg?w=557&#038;h=369&#038;ssl=1","type":"","width":"","height":""}],"author":"Redaktion JazzZeitung","schema":{"@context":"https:\/\/schema.org","@graph":[{"@type":"Article","@id":"https:\/\/www.jazzzeitung.de\/cms\/2015\/12\/alles-ist-jazz-irgendwie-jazzfest-muenchen-2015\/#article","isPartOf":{"@id":"https:\/\/www.jazzzeitung.de\/cms\/2015\/12\/alles-ist-jazz-irgendwie-jazzfest-muenchen-2015\/"},"author":{"name":"Redaktion JazzZeitung","@id":"https:\/\/www.jazzzeitung.de\/cms\/#\/schema\/person\/2245b36b9cd1d24cea10f01c031fb92b"},"headline":"\u201eAlles ist Jazz \u2013 irgendwie\u201c: Jazzfest M\u00fcnchen 2015","datePublished":"2015-12-14T09:53:05+00:00","mainEntityOfPage":{"@id":"https:\/\/www.jazzzeitung.de\/cms\/2015\/12\/alles-ist-jazz-irgendwie-jazzfest-muenchen-2015\/"},"wordCount":351,"commentCount":0,"publisher":{"@id":"https:\/\/www.jazzzeitung.de\/cms\/#organization"},"keywords":["Festival","Gasteig","Godehard Lutz","Jazzfest","Jazzfest M\u00fcnchen","Jazzmusiker","Klassik","Konzerte","Matthias Lindermayr","Monika Roscher","M\u00fcnchen","Pop","Weihnachten","\u201eAlles ist Jazz \u2013 irgendwie\u201c"],"articleSection":["Bericht"],"inLanguage":"de","potentialAction":[{"@type":"CommentAction","name":"Comment","target":["https:\/\/www.jazzzeitung.de\/cms\/2015\/12\/alles-ist-jazz-irgendwie-jazzfest-muenchen-2015\/#respond"]}]},{"@type":"WebPage","@id":"https:\/\/www.jazzzeitung.de\/cms\/2015\/12\/alles-ist-jazz-irgendwie-jazzfest-muenchen-2015\/","url":"https:\/\/www.jazzzeitung.de\/cms\/2015\/12\/alles-ist-jazz-irgendwie-jazzfest-muenchen-2015\/","name":"\u201eAlles ist Jazz \u2013 irgendwie\u201c: Jazzfest M\u00fcnchen 2015 - JazzZeitung","isPartOf":{"@id":"https:\/\/www.jazzzeitung.de\/cms\/#website"},"datePublished":"2015-12-14T09:53:05+00:00","breadcrumb":{"@id":"https:\/\/www.jazzzeitung.de\/cms\/2015\/12\/alles-ist-jazz-irgendwie-jazzfest-muenchen-2015\/#breadcrumb"},"inLanguage":"de","potentialAction":[{"@type":"ReadAction","target":["https:\/\/www.jazzzeitung.de\/cms\/2015\/12\/alles-ist-jazz-irgendwie-jazzfest-muenchen-2015\/"]}]},{"@type":"BreadcrumbList","@id":"https:\/\/www.jazzzeitung.de\/cms\/2015\/12\/alles-ist-jazz-irgendwie-jazzfest-muenchen-2015\/#breadcrumb","itemListElement":[{"@type":"ListItem","position":1,"name":"Startseite","item":"https:\/\/www.jazzzeitung.de\/cms\/"},{"@type":"ListItem","position":2,"name":"\u201eAlles ist Jazz \u2013 irgendwie\u201c: Jazzfest M\u00fcnchen 2015"}]},{"@type":"WebSite","@id":"https:\/\/www.jazzzeitung.de\/cms\/#website","url":"https:\/\/www.jazzzeitung.de\/cms\/","name":"JazzZeitung","description":"Jazz-News und Jazz-Kontroverses","publisher":{"@id":"https:\/\/www.jazzzeitung.de\/cms\/#organization"},"potentialAction":[{"@type":"SearchAction","target":{"@type":"EntryPoint","urlTemplate":"https:\/\/www.jazzzeitung.de\/cms\/?s={search_term_string}"},"query-input":{"@type":"PropertyValueSpecification","valueRequired":true,"valueName":"search_term_string"}}],"inLanguage":"de"},{"@type":"Organization","@id":"https:\/\/www.jazzzeitung.de\/cms\/#organization","name":"JazzZeitung online","url":"https:\/\/www.jazzzeitung.de\/cms\/","logo":{"@type":"ImageObject","inLanguage":"de","@id":"https:\/\/www.jazzzeitung.de\/cms\/#\/schema\/logo\/image\/","url":"https:\/\/i0.wp.com\/www.jazzzeitung.de\/cms\/wp-content\/uploads\/2015\/08\/JAZZZEITUNGDE_Logo_Neu.png?fit=499%2C200&ssl=1","contentUrl":"https:\/\/i0.wp.com\/www.jazzzeitung.de\/cms\/wp-content\/uploads\/2015\/08\/JAZZZEITUNGDE_Logo_Neu.png?fit=499%2C200&ssl=1","width":499,"height":200,"caption":"JazzZeitung online"},"image":{"@id":"https:\/\/www.jazzzeitung.de\/cms\/#\/schema\/logo\/image\/"},"sameAs":["https:\/\/www.facebook.com\/JazzZeitung\/"]},{"@type":"Person","@id":"https:\/\/www.jazzzeitung.de\/cms\/#\/schema\/person\/2245b36b9cd1d24cea10f01c031fb92b","name":"Redaktion JazzZeitung","image":{"@type":"ImageObject","inLanguage":"de","@id":"https:\/\/i0.wp.com\/www.jazzzeitung.de\/cms\/wp-content\/uploads\/2015\/08\/JAZZZEITUNGDE_Logo_Neu.png?resize=96%2C96&ssl=159975dcacb611b5700bd619b5daf0a7a","url":"https:\/\/i0.wp.com\/www.jazzzeitung.de\/cms\/wp-content\/uploads\/2015\/08\/JAZZZEITUNGDE_Logo_Neu.png?resize=96%2C96&ssl=1","contentUrl":"https:\/\/i0.wp.com\/www.jazzzeitung.de\/cms\/wp-content\/uploads\/2015\/08\/JAZZZEITUNGDE_Logo_Neu.png?resize=96%2C96&ssl=1","caption":"Redaktion JazzZeitung"},"description":"Artikel der Redaktion der JazzZeitung.","sameAs":["http:\/\/www.jazzzeitung.de\/cms\/"],"url":"https:\/\/www.jazzzeitung.de\/cms\/author\/redaktion\/"}]}},"wp-worthy-pixel":{"ignored":false,"public":null,"server":null,"url":null},"wp-worthy-type":"normal","jetpack_publicize_connections":[],"cc_featured_image_caption":{"caption_text":false,"source_text":false,"source_url":false},"jetpack_featured_media_url":"","jetpack_shortlink":"https:\/\/wp.me\/p3KEcT-24c","jetpack-related-posts":[{"id":10640,"url":"https:\/\/www.jazzzeitung.de\/cms\/2016\/10\/jim-jazzfest-muenchen-startet-mir-einem-kurzflug-durch-die-jazzgeschichte-in-den-offenen-raum\/","url_meta":{"origin":7948,"position":0},"title":"JIM-Jazzfest M\u00fcnchen startet mir einem Kurzflug durch die Jazzgeschichte in den offenen Raum","author":"Redaktion JazzZeitung","date":"22. Oktober 2016","format":false,"excerpt":"Das 27. Jazzfest M\u00fcnchen bleibt weiter der selbst gestellten Aufgabe treu, zu zeigen, \u201ewelche Musiker in M\u00fcnchen und Umgebung basiert sind oder es fr\u00fcher waren\u201c und wie sie mit Kollegen aus der ganzen Welt zusammenarbeiten. Gegens\u00e4tzlicher h\u00e4tte Pianist Andy Lutter, Vorsitzender der Jazzmusiker-Iniative M\u00fcnchen (JIM) und Programmmacher des Jazzfest M\u00fcnchen\u2026","rel":"","context":"In &quot;Bericht&quot;","block_context":{"text":"Bericht","link":"https:\/\/www.jazzzeitung.de\/cms\/thema\/bericht\/"},"img":{"alt_text":"","src":"https:\/\/i0.wp.com\/www.jazzzeitung.de\/cms\/wp-content\/uploads\/2016\/10\/KRAUSEClaas-VERWORNERChristopherVKKO%C2%A9Godehard.Lutz%40bayern-mail.de_IMGP8274B-1.jpg?resize=350%2C200","width":350,"height":200,"srcset":"https:\/\/i0.wp.com\/www.jazzzeitung.de\/cms\/wp-content\/uploads\/2016\/10\/KRAUSEClaas-VERWORNERChristopherVKKO%C2%A9Godehard.Lutz%40bayern-mail.de_IMGP8274B-1.jpg?resize=350%2C200 1x, https:\/\/i0.wp.com\/www.jazzzeitung.de\/cms\/wp-content\/uploads\/2016\/10\/KRAUSEClaas-VERWORNERChristopherVKKO%C2%A9Godehard.Lutz%40bayern-mail.de_IMGP8274B-1.jpg?resize=525%2C300 1.5x, https:\/\/i0.wp.com\/www.jazzzeitung.de\/cms\/wp-content\/uploads\/2016\/10\/KRAUSEClaas-VERWORNERChristopherVKKO%C2%A9Godehard.Lutz%40bayern-mail.de_IMGP8274B-1.jpg?resize=700%2C400 2x, https:\/\/i0.wp.com\/www.jazzzeitung.de\/cms\/wp-content\/uploads\/2016\/10\/KRAUSEClaas-VERWORNERChristopherVKKO%C2%A9Godehard.Lutz%40bayern-mail.de_IMGP8274B-1.jpg?resize=1050%2C600 3x, https:\/\/i0.wp.com\/www.jazzzeitung.de\/cms\/wp-content\/uploads\/2016\/10\/KRAUSEClaas-VERWORNERChristopherVKKO%C2%A9Godehard.Lutz%40bayern-mail.de_IMGP8274B-1.jpg?resize=1400%2C800 4x"},"classes":[]},{"id":21087,"url":"https:\/\/www.jazzzeitung.de\/cms\/2019\/10\/zum-30-jazzfest-der-jazzmusiker-initiative-muenchen\/","url_meta":{"origin":7948,"position":1},"title":"Das 30. Jazzfest der Jazzmusiker-Initiative M\u00fcnchen \u2013 erste Halbzeit","author":"Redaktion JazzZeitung","date":"31. Oktober 2019","format":false,"excerpt":"Das 30. Jazzfest der Jazzmusiker-Initiative M\u00fcnchen JIM begann mit zwei Konzerten\u00a0 in der Black Box im Kulturzentrum Gasteig. Dort ist es durch die Unterst\u00fctzung des Kulturreferats der Stadt M\u00fcnchen seit einigen Jahren zu Hause. Begonnen hat es 1990 als 5-t\u00e4gige Selbstdarstellung und Werbeveranstaltung der M\u00fcnchener Jazzszene. Aus ihr gr\u00fcndete sich\u2026","rel":"","context":"In &quot;News&quot;","block_context":{"text":"News","link":"https:\/\/www.jazzzeitung.de\/cms\/thema\/nachrichten\/"},"img":{"alt_text":"","src":"https:\/\/i0.wp.com\/www.jazzzeitung.de\/cms\/wp-content\/uploads\/2019\/10\/%E2%94%AC%C2%AEGodehard.Lutz%40bayern-mail.de_IMGP0337.jpg?fit=1200%2C795&ssl=1&resize=350%2C200","width":350,"height":200,"srcset":"https:\/\/i0.wp.com\/www.jazzzeitung.de\/cms\/wp-content\/uploads\/2019\/10\/%E2%94%AC%C2%AEGodehard.Lutz%40bayern-mail.de_IMGP0337.jpg?fit=1200%2C795&ssl=1&resize=350%2C200 1x, https:\/\/i0.wp.com\/www.jazzzeitung.de\/cms\/wp-content\/uploads\/2019\/10\/%E2%94%AC%C2%AEGodehard.Lutz%40bayern-mail.de_IMGP0337.jpg?fit=1200%2C795&ssl=1&resize=525%2C300 1.5x, https:\/\/i0.wp.com\/www.jazzzeitung.de\/cms\/wp-content\/uploads\/2019\/10\/%E2%94%AC%C2%AEGodehard.Lutz%40bayern-mail.de_IMGP0337.jpg?fit=1200%2C795&ssl=1&resize=700%2C400 2x, https:\/\/i0.wp.com\/www.jazzzeitung.de\/cms\/wp-content\/uploads\/2019\/10\/%E2%94%AC%C2%AEGodehard.Lutz%40bayern-mail.de_IMGP0337.jpg?fit=1200%2C795&ssl=1&resize=1050%2C600 3x"},"classes":[]},{"id":21481,"url":"https:\/\/www.jazzzeitung.de\/cms\/2019\/12\/30-jazzfest-der-jazzmusiker-initiative-muenchen-mehr-bilder-einer-ausstellung\/","url_meta":{"origin":7948,"position":2},"title":"30. Jazzfest der Jazzmusiker-Initiative M\u00fcnchen, Teil 2: Noch mehr Bilder eines Festivals","author":"Redaktion JazzZeitung","date":"21. Dezember 2019","format":false,"excerpt":"Der zweite Teil des 30. Jazzfestes M\u00fcnchen der Jazzmusiker-Initiative M\u00fcnchen JIM brachte an drei Abenden je drei Bands auf die B\u00fchne der Black Box im Gasteig. Bei diesen 9 Konzerten wurde das Festival-Thema \u201eBilder einer Ausstellung\u201c in unterschiedlicher Weise aufgenommen, aber insgesamt deutlicher als an den vorausgegangenen Festival-Abenden Ende Oktober:\u2026","rel":"","context":"In &quot;Bericht&quot;","block_context":{"text":"Bericht","link":"https:\/\/www.jazzzeitung.de\/cms\/thema\/bericht\/"},"img":{"alt_text":"","src":"https:\/\/i0.wp.com\/www.jazzzeitung.de\/cms\/wp-content\/uploads\/2019\/12\/SIEGMETHHugo%E2%94%AC%C2%AEGodehard.Lutz%40bayern-mail.de_IMGP0700B-scaled.jpg?resize=350%2C200","width":350,"height":200,"srcset":"https:\/\/i0.wp.com\/www.jazzzeitung.de\/cms\/wp-content\/uploads\/2019\/12\/SIEGMETHHugo%E2%94%AC%C2%AEGodehard.Lutz%40bayern-mail.de_IMGP0700B-scaled.jpg?resize=350%2C200 1x, https:\/\/i0.wp.com\/www.jazzzeitung.de\/cms\/wp-content\/uploads\/2019\/12\/SIEGMETHHugo%E2%94%AC%C2%AEGodehard.Lutz%40bayern-mail.de_IMGP0700B-scaled.jpg?resize=525%2C300 1.5x, https:\/\/i0.wp.com\/www.jazzzeitung.de\/cms\/wp-content\/uploads\/2019\/12\/SIEGMETHHugo%E2%94%AC%C2%AEGodehard.Lutz%40bayern-mail.de_IMGP0700B-scaled.jpg?resize=700%2C400 2x, https:\/\/i0.wp.com\/www.jazzzeitung.de\/cms\/wp-content\/uploads\/2019\/12\/SIEGMETHHugo%E2%94%AC%C2%AEGodehard.Lutz%40bayern-mail.de_IMGP0700B-scaled.jpg?resize=1050%2C600 3x, https:\/\/i0.wp.com\/www.jazzzeitung.de\/cms\/wp-content\/uploads\/2019\/12\/SIEGMETHHugo%E2%94%AC%C2%AEGodehard.Lutz%40bayern-mail.de_IMGP0700B-scaled.jpg?resize=1400%2C800 4x"},"classes":[]},{"id":7962,"url":"https:\/\/www.jazzzeitung.de\/cms\/2015\/12\/jazzfest-muenchen-ii-bildergalerie\/","url_meta":{"origin":7948,"position":3},"title":"Jazzfest M\u00fcnchen II: Bildergalerie","author":"Redaktion JazzZeitung","date":"15. Dezember 2015","format":false,"excerpt":"Und noch ein paar Bilder zum Jazzfest M\u00fcnchen und der Konnexion Balkon - von Ralf Dombrowski, Bericht von Godehard Lutz siehe unten (14.12.2015)","rel":"","context":"In &quot;Galerie&quot;","block_context":{"text":"Galerie","link":"https:\/\/www.jazzzeitung.de\/cms\/thema\/galerie\/"},"img":{"alt_text":"","src":"https:\/\/i0.wp.com\/www.jazzzeitung.de\/cms\/wp-content\/uploads\/2015\/12\/0K3A0263-Konnexion-Balkon-dombr.jpg?resize=350%2C200","width":350,"height":200,"srcset":"https:\/\/i0.wp.com\/www.jazzzeitung.de\/cms\/wp-content\/uploads\/2015\/12\/0K3A0263-Konnexion-Balkon-dombr.jpg?resize=350%2C200 1x, https:\/\/i0.wp.com\/www.jazzzeitung.de\/cms\/wp-content\/uploads\/2015\/12\/0K3A0263-Konnexion-Balkon-dombr.jpg?resize=525%2C300 1.5x, https:\/\/i0.wp.com\/www.jazzzeitung.de\/cms\/wp-content\/uploads\/2015\/12\/0K3A0263-Konnexion-Balkon-dombr.jpg?resize=700%2C400 2x, https:\/\/i0.wp.com\/www.jazzzeitung.de\/cms\/wp-content\/uploads\/2015\/12\/0K3A0263-Konnexion-Balkon-dombr.jpg?resize=1050%2C600 3x"},"classes":[]},{"id":26210,"url":"https:\/\/www.jazzzeitung.de\/cms\/2021\/11\/32-muenchener-jazzfest-vom-11-13-november-in-der-black-box-gasteig\/","url_meta":{"origin":7948,"position":4},"title":"32. M\u00fcnchener Jazzfest vom 11.-13. November in der Black Box Gasteig","author":"Redaktion JazzZeitung","date":"23. November 2021","format":false,"excerpt":"Einige von denen, die in den Pausen zwanglos beieinander stehen, sind sich sicher, dass es erst einmal weitergehen werde mit der Black Box, zu sch\u00f6n und zu praktisch sei dieser laborhaft intime, konzentrierte Konzertraum, Renovierung hin oder her. Ein bisschen seltsam ist es trotzdem, den Blick durch die leeren Flure\u2026","rel":"","context":"In &quot;Bericht&quot;","block_context":{"text":"Bericht","link":"https:\/\/www.jazzzeitung.de\/cms\/thema\/bericht\/"},"img":{"alt_text":"","src":"https:\/\/i0.wp.com\/www.jazzzeitung.de\/cms\/wp-content\/uploads\/2021\/11\/DSC08137.jpg?fit=1200%2C800&ssl=1&resize=350%2C200","width":350,"height":200,"srcset":"https:\/\/i0.wp.com\/www.jazzzeitung.de\/cms\/wp-content\/uploads\/2021\/11\/DSC08137.jpg?fit=1200%2C800&ssl=1&resize=350%2C200 1x, https:\/\/i0.wp.com\/www.jazzzeitung.de\/cms\/wp-content\/uploads\/2021\/11\/DSC08137.jpg?fit=1200%2C800&ssl=1&resize=525%2C300 1.5x, https:\/\/i0.wp.com\/www.jazzzeitung.de\/cms\/wp-content\/uploads\/2021\/11\/DSC08137.jpg?fit=1200%2C800&ssl=1&resize=700%2C400 2x, https:\/\/i0.wp.com\/www.jazzzeitung.de\/cms\/wp-content\/uploads\/2021\/11\/DSC08137.jpg?fit=1200%2C800&ssl=1&resize=1050%2C600 3x"},"classes":[]},{"id":7893,"url":"https:\/\/www.jazzzeitung.de\/cms\/2015\/12\/jazzfest-muenchen-2015-mit-vocal-schwerpunkt\/","url_meta":{"origin":7948,"position":5},"title":"Jazzfest M\u00fcnchen 2015 mit Vocal-Schwerpunkt","author":"Redaktion JazzZeitung","date":"3. Dezember 2015","format":false,"excerpt":"H\u00f6ren Sie Stimmen! - das diesj\u00e4hrige Jazzfest M\u00fcnchen meint damit: keine Einbildung unserer von Bildern, Zeichen und deren Echtzeitkommunikation zum schwarzen Loch geschrumpften IT-Weltkugel. Stattdessen Raumvergr\u00f6\u00dferung! An drei Tagen vom 10. bis 12. Dezember pr\u00e4sentiert das 26. Jazzfest der Jazzmusiker Initiative M\u00fcnchen in der Black Box im Gasteig mit neun\u2026","rel":"","context":"In &quot;News&quot;","block_context":{"text":"News","link":"https:\/\/www.jazzzeitung.de\/cms\/thema\/nachrichten\/"},"img":{"alt_text":"Ungew\u00f6hnliche Besetzung: Munich Composers Collective: Foto: MCC ","src":"https:\/\/i0.wp.com\/www.jazzzeitung.de\/cms\/wp-content\/uploads\/2015\/12\/MCC-150x150.jpg?resize=350%2C200","width":350,"height":200},"classes":[]}],"jetpack_sharing_enabled":true,"_links":{"self":[{"href":"https:\/\/www.jazzzeitung.de\/cms\/wp-json\/wp\/v2\/posts\/7948","targetHints":{"allow":["GET"]}}],"collection":[{"href":"https:\/\/www.jazzzeitung.de\/cms\/wp-json\/wp\/v2\/posts"}],"about":[{"href":"https:\/\/www.jazzzeitung.de\/cms\/wp-json\/wp\/v2\/types\/post"}],"author":[{"embeddable":true,"href":"https:\/\/www.jazzzeitung.de\/cms\/wp-json\/wp\/v2\/users\/18"}],"replies":[{"embeddable":true,"href":"https:\/\/www.jazzzeitung.de\/cms\/wp-json\/wp\/v2\/comments?post=7948"}],"version-history":[{"count":2,"href":"https:\/\/www.jazzzeitung.de\/cms\/wp-json\/wp\/v2\/posts\/7948\/revisions"}],"predecessor-version":[{"id":7958,"href":"https:\/\/www.jazzzeitung.de\/cms\/wp-json\/wp\/v2\/posts\/7948\/revisions\/7958"}],"wp:attachment":[{"href":"https:\/\/www.jazzzeitung.de\/cms\/wp-json\/wp\/v2\/media?parent=7948"}],"wp:term":[{"taxonomy":"category","embeddable":true,"href":"https:\/\/www.jazzzeitung.de\/cms\/wp-json\/wp\/v2\/categories?post=7948"},{"taxonomy":"post_tag","embeddable":true,"href":"https:\/\/www.jazzzeitung.de\/cms\/wp-json\/wp\/v2\/tags?post=7948"},{"taxonomy":"author","embeddable":true,"href":"https:\/\/www.jazzzeitung.de\/cms\/wp-json\/wp\/v2\/coauthors?post=7948"}],"curies":[{"name":"wp","href":"https:\/\/api.w.org\/{rel}","templated":true}]}}