{"id":7935,"date":"2015-12-12T11:38:27","date_gmt":"2015-12-12T10:38:27","guid":{"rendered":"http:\/\/www.jazzzeitung.de\/cms\/?p=7935"},"modified":"2015-12-12T10:41:54","modified_gmt":"2015-12-12T09:41:54","slug":"jazz-deutschland-ein-filmprojekt","status":"publish","type":"post","link":"https:\/\/www.jazzzeitung.de\/cms\/2015\/12\/jazz-deutschland-ein-filmprojekt\/","title":{"rendered":"Wie der Jazz nach Deutschland kam: ein Filmprojekt"},"content":{"rendered":"<figure id=\"attachment_7938\" aria-describedby=\"caption-attachment-7938\" style=\"width: 150px\" class=\"wp-caption alignright\"><a href=\"https:\/\/i0.wp.com\/www.jazzzeitung.de\/cms\/wp-content\/uploads\/2015\/12\/Jazz_Titelfoto_3.jpg\" rel=\"attachment wp-att-7938\"><img data-recalc-dims=\"1\" loading=\"lazy\" decoding=\"async\" data-attachment-id=\"7938\" data-permalink=\"https:\/\/www.jazzzeitung.de\/cms\/2015\/12\/jazz-deutschland-ein-filmprojekt\/jazz_titelfoto_3\/\" data-orig-file=\"https:\/\/i0.wp.com\/www.jazzzeitung.de\/cms\/wp-content\/uploads\/2015\/12\/Jazz_Titelfoto_3.jpg?fit=3840%2C2160&amp;ssl=1\" data-orig-size=\"3840,2160\" data-comments-opened=\"1\" data-image-meta=\"{&quot;aperture&quot;:&quot;0&quot;,&quot;credit&quot;:&quot;&quot;,&quot;camera&quot;:&quot;&quot;,&quot;caption&quot;:&quot;&quot;,&quot;created_timestamp&quot;:&quot;0&quot;,&quot;copyright&quot;:&quot;&quot;,&quot;focal_length&quot;:&quot;0&quot;,&quot;iso&quot;:&quot;0&quot;,&quot;shutter_speed&quot;:&quot;0&quot;,&quot;title&quot;:&quot;&quot;,&quot;orientation&quot;:&quot;1&quot;}\" data-image-title=\"Jazz_Titelfoto_3\" data-image-description=\"\" data-image-caption=\"\" data-large-file=\"https:\/\/i0.wp.com\/www.jazzzeitung.de\/cms\/wp-content\/uploads\/2015\/12\/Jazz_Titelfoto_3.jpg?fit=840%2C472&amp;ssl=1\" class=\"wp-image-7938 size-thumbnail\" src=\"https:\/\/i0.wp.com\/www.jazzzeitung.de\/cms\/wp-content\/uploads\/2015\/12\/Jazz_Titelfoto_3-150x150.jpg?resize=150%2C150\" alt=\"Jazz_Titelfoto_3\" width=\"150\" height=\"150\" srcset=\"https:\/\/i0.wp.com\/www.jazzzeitung.de\/cms\/wp-content\/uploads\/2015\/12\/Jazz_Titelfoto_3.jpg?resize=150%2C150&amp;ssl=1 150w, https:\/\/i0.wp.com\/www.jazzzeitung.de\/cms\/wp-content\/uploads\/2015\/12\/Jazz_Titelfoto_3.jpg?resize=144%2C144&amp;ssl=1 144w, https:\/\/i0.wp.com\/www.jazzzeitung.de\/cms\/wp-content\/uploads\/2015\/12\/Jazz_Titelfoto_3.jpg?resize=96%2C96&amp;ssl=1 96w, https:\/\/i0.wp.com\/www.jazzzeitung.de\/cms\/wp-content\/uploads\/2015\/12\/Jazz_Titelfoto_3.jpg?resize=24%2C24&amp;ssl=1 24w, https:\/\/i0.wp.com\/www.jazzzeitung.de\/cms\/wp-content\/uploads\/2015\/12\/Jazz_Titelfoto_3.jpg?resize=36%2C36&amp;ssl=1 36w, https:\/\/i0.wp.com\/www.jazzzeitung.de\/cms\/wp-content\/uploads\/2015\/12\/Jazz_Titelfoto_3.jpg?resize=48%2C48&amp;ssl=1 48w, https:\/\/i0.wp.com\/www.jazzzeitung.de\/cms\/wp-content\/uploads\/2015\/12\/Jazz_Titelfoto_3.jpg?resize=64%2C64&amp;ssl=1 64w, https:\/\/i0.wp.com\/www.jazzzeitung.de\/cms\/wp-content\/uploads\/2015\/12\/Jazz_Titelfoto_3.jpg?resize=32%2C32&amp;ssl=1 32w, https:\/\/i0.wp.com\/www.jazzzeitung.de\/cms\/wp-content\/uploads\/2015\/12\/Jazz_Titelfoto_3.jpg?resize=128%2C128&amp;ssl=1 128w, https:\/\/i0.wp.com\/www.jazzzeitung.de\/cms\/wp-content\/uploads\/2015\/12\/Jazz_Titelfoto_3.jpg?zoom=2&amp;resize=150%2C150&amp;ssl=1 300w, https:\/\/i0.wp.com\/www.jazzzeitung.de\/cms\/wp-content\/uploads\/2015\/12\/Jazz_Titelfoto_3.jpg?zoom=3&amp;resize=150%2C150&amp;ssl=1 450w\" sizes=\"auto, (max-width: 150px) 100vw, 150px\" \/><\/a><figcaption id=\"caption-attachment-7938\" class=\"wp-caption-text\">ENTERING GERMANY \u2013 WIE DER JAZZ NACH DEUTSCHLAND KAM Ein Filmprojekt von Reinhard Kungel und Andreas Heinrich<\/figcaption><\/figure>\n<p><span style=\"font-size: large;\">Die Filmemacher Andreas Heinrich und Reinhard Kungel von rk-film arbeiten an einem Dokumentarfilm \u00fcber Anfang und Verbreitung des Jazz in Deutschland. <\/span><\/p>\n<p><span style=\"font-family: Asap,serif;\"><span style=\"font-size: large;\">Einen ersten Eindruck vermittelt ihr Trailer, der auf folgender Internet-Seite frei zug\u00e4nglich ist:<\/span><\/span><\/p>\n<p><a href=\"http:\/\/jazz2germany.de\"><span style=\"font-family: Asap,serif;\"><span style=\"font-size: large;\">http:\/\/jazz2germany.de<\/span><\/span><\/a><\/p>\n<p><span style=\"font-family: Asap,serif;\"><span style=\"font-size: large;\">In der Finanzierung ihres Projektes gehen die Filmemacher neue Wege. Gemeinsam mit der Internetplattform Startnext versucht man den schwierigen Marktbedingungen im Dokumentarfilm zu trotzen: mittels <\/span><\/span><span style=\"font-family: Asap,serif;\"><span style=\"font-size: large;\"><i>Crowdfunding<\/i><\/span><\/span><span style=\"font-family: Asap,serif;\"><span style=\"font-size: large;\">.<\/span><\/span><\/p>\n<p><span style=\"font-family: Asap,serif;\"><span style=\"font-size: large;\"><a href=\"http:\/\/startnext.com\/entering-germany\">http:\/\/startnext.com\/entering-germany<\/a><\/span><\/span><\/p>\n<p><span style=\"font-family: Asap,serif;\"><span style=\"font-size: large;\">Jazz- und Filmliebhaber haben hierbei die M\u00f6glichkeit, das Filmvorhaben direkt und sofort finanziell zu unterst\u00fctzten. Optional winken verschiedene &#8222;Dankesch\u00f6ns&#8220; als Gegenwert &#8211; ganz abgesehen vom ideellen Wert, dieses Projekt mitrealisiert zu haben.<\/span><\/span><\/p>\n<p><strong><span style=\"color: #000000;\"><span style=\"font-family: Asap,serif;\"><span style=\"font-size: large;\">ENTERING GERMANY \u2013 WIE DER JAZZ NACH DEUTSCHLAND KAM<\/span><\/span><\/span><\/strong><\/p>\n<p><span style=\"color: #000000;\"><span style=\"font-family: Asap,serif;\"><span style=\"font-size: large;\">Ein Filmprojekt von Reinhard Kungel und Andreas Heinrich<br \/>\n<\/span><\/span><\/span><\/p>\n<p><span style=\"color: #000000;\"><span style=\"font-family: Asap,serif;\"><span style=\"font-size: large;\">Kein Dokumentarfilm hat bisher umfassend die Geschichte des deutschen Jazz erz\u00e4hlt. Reinhard Kungel m\u00f6chte dies \u00e4ndern und arbeitet seit sieben Jahren mit seiner Produktionsfirma rk-film an der Realisierung von &#8222;Entering Germany | Wie der Jazz nach Deutschland kam&#8220;. Jazz-Legenden in ausf\u00fchrlichen Interviews festzuhalten, darunter Coco Schumann, Paul Kuhn (\u2020), Rolf K\u00fchn, Max Greger (\u2020), Klaus Doldinger, Hugo Strasser, Peter Thomas und &#8222;DDR-Jazz-Papst&#8220; Karlheinz Drechsel. Hinzu kommen bisher unver\u00f6ffentlichte Konzertaufzeichnungen, darunter das legend\u00e4re letzte Live-Konzert mit Paul Kuhn, Max Greger und Hugo Strasser sowie der SWR-Bigband.<\/span><\/span><\/span><\/p>\n<figure id=\"attachment_7939\" aria-describedby=\"caption-attachment-7939\" style=\"width: 150px\" class=\"wp-caption alignright\"><a href=\"https:\/\/i0.wp.com\/www.jazzzeitung.de\/cms\/wp-content\/uploads\/2015\/12\/Rolf_KuehnReinhard_Kungel.jpg\" rel=\"attachment wp-att-7939\"><img data-recalc-dims=\"1\" loading=\"lazy\" decoding=\"async\" data-attachment-id=\"7939\" data-permalink=\"https:\/\/www.jazzzeitung.de\/cms\/2015\/12\/jazz-deutschland-ein-filmprojekt\/rolf_kuehnreinhard_kungel\/\" data-orig-file=\"https:\/\/i0.wp.com\/www.jazzzeitung.de\/cms\/wp-content\/uploads\/2015\/12\/Rolf_KuehnReinhard_Kungel.jpg?fit=2592%2C1936&amp;ssl=1\" data-orig-size=\"2592,1936\" data-comments-opened=\"1\" data-image-meta=\"{&quot;aperture&quot;:&quot;2.8&quot;,&quot;credit&quot;:&quot;&quot;,&quot;camera&quot;:&quot;iPhone 4&quot;,&quot;caption&quot;:&quot;&quot;,&quot;created_timestamp&quot;:&quot;1350401272&quot;,&quot;copyright&quot;:&quot;&quot;,&quot;focal_length&quot;:&quot;3.85&quot;,&quot;iso&quot;:&quot;320&quot;,&quot;shutter_speed&quot;:&quot;0.066666666666667&quot;,&quot;title&quot;:&quot;&quot;,&quot;orientation&quot;:&quot;1&quot;}\" data-image-title=\"Rolf_Kuehn+Reinhard_Kungel\" data-image-description=\"\" data-image-caption=\"\" data-large-file=\"https:\/\/i0.wp.com\/www.jazzzeitung.de\/cms\/wp-content\/uploads\/2015\/12\/Rolf_KuehnReinhard_Kungel.jpg?fit=803%2C600&amp;ssl=1\" class=\"wp-image-7939 size-thumbnail\" src=\"https:\/\/i0.wp.com\/www.jazzzeitung.de\/cms\/wp-content\/uploads\/2015\/12\/Rolf_KuehnReinhard_Kungel-150x150.jpg?resize=150%2C150\" alt=\"Rolf_Kuehn+Reinhard_Kungel\" width=\"150\" height=\"150\" srcset=\"https:\/\/i0.wp.com\/www.jazzzeitung.de\/cms\/wp-content\/uploads\/2015\/12\/Rolf_KuehnReinhard_Kungel.jpg?resize=150%2C150&amp;ssl=1 150w, https:\/\/i0.wp.com\/www.jazzzeitung.de\/cms\/wp-content\/uploads\/2015\/12\/Rolf_KuehnReinhard_Kungel.jpg?resize=144%2C144&amp;ssl=1 144w, https:\/\/i0.wp.com\/www.jazzzeitung.de\/cms\/wp-content\/uploads\/2015\/12\/Rolf_KuehnReinhard_Kungel.jpg?resize=96%2C96&amp;ssl=1 96w, https:\/\/i0.wp.com\/www.jazzzeitung.de\/cms\/wp-content\/uploads\/2015\/12\/Rolf_KuehnReinhard_Kungel.jpg?resize=24%2C24&amp;ssl=1 24w, https:\/\/i0.wp.com\/www.jazzzeitung.de\/cms\/wp-content\/uploads\/2015\/12\/Rolf_KuehnReinhard_Kungel.jpg?resize=36%2C36&amp;ssl=1 36w, https:\/\/i0.wp.com\/www.jazzzeitung.de\/cms\/wp-content\/uploads\/2015\/12\/Rolf_KuehnReinhard_Kungel.jpg?resize=48%2C48&amp;ssl=1 48w, https:\/\/i0.wp.com\/www.jazzzeitung.de\/cms\/wp-content\/uploads\/2015\/12\/Rolf_KuehnReinhard_Kungel.jpg?resize=64%2C64&amp;ssl=1 64w, https:\/\/i0.wp.com\/www.jazzzeitung.de\/cms\/wp-content\/uploads\/2015\/12\/Rolf_KuehnReinhard_Kungel.jpg?resize=32%2C32&amp;ssl=1 32w, https:\/\/i0.wp.com\/www.jazzzeitung.de\/cms\/wp-content\/uploads\/2015\/12\/Rolf_KuehnReinhard_Kungel.jpg?resize=128%2C128&amp;ssl=1 128w, https:\/\/i0.wp.com\/www.jazzzeitung.de\/cms\/wp-content\/uploads\/2015\/12\/Rolf_KuehnReinhard_Kungel.jpg?zoom=2&amp;resize=150%2C150&amp;ssl=1 300w, https:\/\/i0.wp.com\/www.jazzzeitung.de\/cms\/wp-content\/uploads\/2015\/12\/Rolf_KuehnReinhard_Kungel.jpg?zoom=3&amp;resize=150%2C150&amp;ssl=1 450w\" sizes=\"auto, (max-width: 150px) 100vw, 150px\" \/><\/a><figcaption id=\"caption-attachment-7939\" class=\"wp-caption-text\">Der Filmemacher Reinhard Kungel mit dem Klarinettisten Rolf K\u00fchn (li.).<\/figcaption><\/figure>\n<p><span style=\"font-family: Asap,serif;\"><span style=\"font-size: large;\">Wolfram Knauer, Direktor des Jazzinstitut Darmstadt \u00e4u\u00dferte sich im Februar 2015<\/span><\/span><span style=\"color: #000000;\"><span style=\"font-family: Asap,serif;\"><span style=\"font-size: large;\"> zu diesem Vorhaben: <\/span><\/span><\/span><span style=\"font-family: Asap,serif;\"><span style=\"font-size: large;\">&#8222;\u2026 ich empfehle wegen seiner kulturgeschichtlichen Bedeutung uneingeschr\u00e4nkt eine F\u00f6rderung dieses Filmprojekts. Es ist ein wichtiges und gerade im geplanten umfassenden Blick bislang einmaliges Unternehmen, das weit \u00fcber den Jazz-Aspekt hinaus deutsche Geschichte des 20. Jahrhunderts erz\u00e4hlen hilft &#8230;&#8220; <\/span><\/span><\/p>\n","protected":false},"excerpt":{"rendered":"<p>Die Filmemacher Andreas Heinrich und Reinhard Kungel von rk-film arbeiten an einem Dokumentarfilm \u00fcber Anfang und Verbreitung des Jazz in Deutschland. Einen ersten Eindruck vermittelt ihr Trailer, der auf folgender Internet-Seite frei zug\u00e4nglich ist: http:\/\/jazz2germany.de In der Finanzierung ihres Projektes gehen die Filmemacher neue Wege. Gemeinsam mit der Internetplattform Startnext versucht man den schwierigen Marktbedingungen im Dokumentarfilm zu trotzen: mittels Crowdfunding. http:\/\/startnext.com\/entering-germany Jazz- und Filmliebhaber haben hierbei die M\u00f6glichkeit, das Filmvorhaben direkt und sofort finanziell zu unterst\u00fctzten. Optional winken verschiedene &#8222;Dankesch\u00f6ns&#8220; als Gegenwert &#8211; ganz abgesehen vom ideellen Wert, dieses Projekt mitrealisiert zu haben. ENTERING GERMANY \u2013 WIE DER JAZZ NACH DEUTSCHLAND KAM Ein Filmprojekt von Reinhard Kungel und Andreas Heinrich Kein Dokumentarfilm hat bisher umfassend die Geschichte des deutschen Jazz erz\u00e4hlt. Reinhard Kungel m\u00f6chte dies \u00e4ndern und arbeitet seit sieben Jahren mit seiner Produktionsfirma rk-film an der Realisierung von &#8222;Entering Germany | Wie der Jazz nach Deutschland kam&#8220;. Jazz-Legenden in ausf\u00fchrlichen Interviews festzuhalten, darunter Coco Schumann, Paul Kuhn (\u2020), Rolf K\u00fchn, Max Greger (\u2020), Klaus Doldinger, Hugo Strasser, Peter Thomas und &#8222;DDR-Jazz-Papst&#8220; Karlheinz Drechsel. Hinzu kommen bisher unver\u00f6ffentlichte Konzertaufzeichnungen, darunter das legend\u00e4re letzte Live-Konzert &hellip;<\/p>\n","protected":false},"author":18,"featured_media":0,"comment_status":"open","ping_status":"closed","sticky":false,"template":"","format":"standard","meta":{"_jetpack_memberships_contains_paid_content":false,"footnotes":"","jetpack_publicize_message":"","jetpack_publicize_feature_enabled":true,"jetpack_social_post_already_shared":false,"jetpack_social_options":{"image_generator_settings":{"template":"highway","default_image_id":0,"font":"","enabled":false},"version":2}},"categories":[1053],"tags":[73,129,137,171,184,198,215,1058,277,278,281,317,322,323,327,701,474,562,601],"coauthors":[695],"class_list":["post-7935","post","type-post","status-publish","format-standard","hentry","category-bericht","tag-bigband","tag-ddr","tag-deutschland","tag-facebook","tag-frankfurt","tag-geschichte","tag-hamburg","tag-jazzgeschichte","tag-jazzinstitut","tag-jazzinstitut-darmstadt","tag-jazzmusiker","tag-klaus-doldinger","tag-konzert-2","tag-konzerte","tag-kultur","tag-paul-kuhn","tag-rolf-kuehn","tag-tv","tag-wolfram-knauer"],"yoast_head":"<!-- This site is optimized with the Yoast SEO plugin v27.5 - https:\/\/yoast.com\/product\/yoast-seo-wordpress\/ -->\n<title>Wie der Jazz nach Deutschland kam: ein Filmprojekt - JazzZeitung<\/title>\n<meta name=\"robots\" content=\"index, follow, max-snippet:-1, max-image-preview:large, max-video-preview:-1\" \/>\n<link rel=\"canonical\" href=\"https:\/\/www.jazzzeitung.de\/cms\/2015\/12\/jazz-deutschland-ein-filmprojekt\/\" \/>\n<meta property=\"og:locale\" content=\"de_DE\" \/>\n<meta property=\"og:type\" content=\"article\" \/>\n<meta property=\"og:title\" content=\"Wie der Jazz nach Deutschland kam: ein Filmprojekt - JazzZeitung\" \/>\n<meta property=\"og:description\" content=\"Die Filmemacher Andreas Heinrich und Reinhard Kungel von rk-film arbeiten an einem Dokumentarfilm \u00fcber Anfang und Verbreitung des Jazz in Deutschland. Einen ersten Eindruck vermittelt ihr Trailer, der auf folgender Internet-Seite frei zug\u00e4nglich ist: http:\/\/jazz2germany.de In der Finanzierung ihres Projektes gehen die Filmemacher neue Wege. Gemeinsam mit der Internetplattform Startnext versucht man den schwierigen Marktbedingungen im Dokumentarfilm zu trotzen: mittels Crowdfunding. http:\/\/startnext.com\/entering-germany Jazz- und Filmliebhaber haben hierbei die M\u00f6glichkeit, das Filmvorhaben direkt und sofort finanziell zu unterst\u00fctzten. Optional winken verschiedene &#8222;Dankesch\u00f6ns&#8220; als Gegenwert &#8211; ganz abgesehen vom ideellen Wert, dieses Projekt mitrealisiert zu haben. ENTERING GERMANY \u2013 WIE DER JAZZ NACH DEUTSCHLAND KAM Ein Filmprojekt von Reinhard Kungel und Andreas Heinrich Kein Dokumentarfilm hat bisher umfassend die Geschichte des deutschen Jazz erz\u00e4hlt. Reinhard Kungel m\u00f6chte dies \u00e4ndern und arbeitet seit sieben Jahren mit seiner Produktionsfirma rk-film an der Realisierung von &#8222;Entering Germany | Wie der Jazz nach Deutschland kam&#8220;. Jazz-Legenden in ausf\u00fchrlichen Interviews festzuhalten, darunter Coco Schumann, Paul Kuhn (\u2020), Rolf K\u00fchn, Max Greger (\u2020), Klaus Doldinger, Hugo Strasser, Peter Thomas und &#8222;DDR-Jazz-Papst&#8220; Karlheinz Drechsel. Hinzu kommen bisher unver\u00f6ffentlichte Konzertaufzeichnungen, darunter das legend\u00e4re letzte Live-Konzert &hellip;\" \/>\n<meta property=\"og:url\" content=\"https:\/\/www.jazzzeitung.de\/cms\/2015\/12\/jazz-deutschland-ein-filmprojekt\/\" \/>\n<meta property=\"og:site_name\" content=\"JazzZeitung\" \/>\n<meta property=\"article:publisher\" content=\"https:\/\/www.facebook.com\/JazzZeitung\/\" \/>\n<meta property=\"article:published_time\" content=\"2015-12-12T10:38:27+00:00\" \/>\n<meta property=\"og:image\" content=\"http:\/\/www.jazzzeitung.de\/cms\/wp-content\/uploads\/2015\/12\/Jazz_Titelfoto_3-150x150.jpg\" \/>\n<meta name=\"author\" content=\"Redaktion JazzZeitung\" \/>\n<script type=\"application\/ld+json\" class=\"yoast-schema-graph\">{\"@context\":\"https:\\\/\\\/schema.org\",\"@graph\":[{\"@type\":\"Article\",\"@id\":\"https:\\\/\\\/www.jazzzeitung.de\\\/cms\\\/2015\\\/12\\\/jazz-deutschland-ein-filmprojekt\\\/#article\",\"isPartOf\":{\"@id\":\"https:\\\/\\\/www.jazzzeitung.de\\\/cms\\\/2015\\\/12\\\/jazz-deutschland-ein-filmprojekt\\\/\"},\"author\":{\"name\":\"Redaktion JazzZeitung\",\"@id\":\"https:\\\/\\\/www.jazzzeitung.de\\\/cms\\\/#\\\/schema\\\/person\\\/2245b36b9cd1d24cea10f01c031fb92b\"},\"headline\":\"Wie der Jazz nach Deutschland kam: ein Filmprojekt\",\"datePublished\":\"2015-12-12T10:38:27+00:00\",\"mainEntityOfPage\":{\"@id\":\"https:\\\/\\\/www.jazzzeitung.de\\\/cms\\\/2015\\\/12\\\/jazz-deutschland-ein-filmprojekt\\\/\"},\"wordCount\":310,\"commentCount\":1,\"publisher\":{\"@id\":\"https:\\\/\\\/www.jazzzeitung.de\\\/cms\\\/#organization\"},\"image\":{\"@id\":\"https:\\\/\\\/www.jazzzeitung.de\\\/cms\\\/2015\\\/12\\\/jazz-deutschland-ein-filmprojekt\\\/#primaryimage\"},\"thumbnailUrl\":\"http:\\\/\\\/www.jazzzeitung.de\\\/cms\\\/wp-content\\\/uploads\\\/2015\\\/12\\\/Jazz_Titelfoto_3-150x150.jpg\",\"keywords\":[\"Bigband\",\"ddr\",\"Deutschland\",\"facebook\",\"Frankfurt\",\"Geschichte\",\"Hamburg\",\"Jazzgeschichte\",\"Jazzinstitut\",\"Jazzinstitut Darmstadt\",\"Jazzmusiker\",\"Klaus Doldinger\",\"Konzert\",\"Konzerte\",\"Kultur\",\"Paul Kuhn\",\"Rolf K\u00fchn\",\"TV\",\"Wolfram Knauer\"],\"articleSection\":[\"Bericht\"],\"inLanguage\":\"de\",\"potentialAction\":[{\"@type\":\"CommentAction\",\"name\":\"Comment\",\"target\":[\"https:\\\/\\\/www.jazzzeitung.de\\\/cms\\\/2015\\\/12\\\/jazz-deutschland-ein-filmprojekt\\\/#respond\"]}]},{\"@type\":\"WebPage\",\"@id\":\"https:\\\/\\\/www.jazzzeitung.de\\\/cms\\\/2015\\\/12\\\/jazz-deutschland-ein-filmprojekt\\\/\",\"url\":\"https:\\\/\\\/www.jazzzeitung.de\\\/cms\\\/2015\\\/12\\\/jazz-deutschland-ein-filmprojekt\\\/\",\"name\":\"Wie der Jazz nach Deutschland kam: ein Filmprojekt - JazzZeitung\",\"isPartOf\":{\"@id\":\"https:\\\/\\\/www.jazzzeitung.de\\\/cms\\\/#website\"},\"primaryImageOfPage\":{\"@id\":\"https:\\\/\\\/www.jazzzeitung.de\\\/cms\\\/2015\\\/12\\\/jazz-deutschland-ein-filmprojekt\\\/#primaryimage\"},\"image\":{\"@id\":\"https:\\\/\\\/www.jazzzeitung.de\\\/cms\\\/2015\\\/12\\\/jazz-deutschland-ein-filmprojekt\\\/#primaryimage\"},\"thumbnailUrl\":\"http:\\\/\\\/www.jazzzeitung.de\\\/cms\\\/wp-content\\\/uploads\\\/2015\\\/12\\\/Jazz_Titelfoto_3-150x150.jpg\",\"datePublished\":\"2015-12-12T10:38:27+00:00\",\"breadcrumb\":{\"@id\":\"https:\\\/\\\/www.jazzzeitung.de\\\/cms\\\/2015\\\/12\\\/jazz-deutschland-ein-filmprojekt\\\/#breadcrumb\"},\"inLanguage\":\"de\",\"potentialAction\":[{\"@type\":\"ReadAction\",\"target\":[\"https:\\\/\\\/www.jazzzeitung.de\\\/cms\\\/2015\\\/12\\\/jazz-deutschland-ein-filmprojekt\\\/\"]}]},{\"@type\":\"ImageObject\",\"inLanguage\":\"de\",\"@id\":\"https:\\\/\\\/www.jazzzeitung.de\\\/cms\\\/2015\\\/12\\\/jazz-deutschland-ein-filmprojekt\\\/#primaryimage\",\"url\":\"http:\\\/\\\/www.jazzzeitung.de\\\/cms\\\/wp-content\\\/uploads\\\/2015\\\/12\\\/Jazz_Titelfoto_3-150x150.jpg\",\"contentUrl\":\"http:\\\/\\\/www.jazzzeitung.de\\\/cms\\\/wp-content\\\/uploads\\\/2015\\\/12\\\/Jazz_Titelfoto_3-150x150.jpg\"},{\"@type\":\"BreadcrumbList\",\"@id\":\"https:\\\/\\\/www.jazzzeitung.de\\\/cms\\\/2015\\\/12\\\/jazz-deutschland-ein-filmprojekt\\\/#breadcrumb\",\"itemListElement\":[{\"@type\":\"ListItem\",\"position\":1,\"name\":\"Startseite\",\"item\":\"https:\\\/\\\/www.jazzzeitung.de\\\/cms\\\/\"},{\"@type\":\"ListItem\",\"position\":2,\"name\":\"Wie der Jazz nach Deutschland kam: ein Filmprojekt\"}]},{\"@type\":\"WebSite\",\"@id\":\"https:\\\/\\\/www.jazzzeitung.de\\\/cms\\\/#website\",\"url\":\"https:\\\/\\\/www.jazzzeitung.de\\\/cms\\\/\",\"name\":\"JazzZeitung\",\"description\":\"Jazz-News und Jazz-Kontroverses\",\"publisher\":{\"@id\":\"https:\\\/\\\/www.jazzzeitung.de\\\/cms\\\/#organization\"},\"potentialAction\":[{\"@type\":\"SearchAction\",\"target\":{\"@type\":\"EntryPoint\",\"urlTemplate\":\"https:\\\/\\\/www.jazzzeitung.de\\\/cms\\\/?s={search_term_string}\"},\"query-input\":{\"@type\":\"PropertyValueSpecification\",\"valueRequired\":true,\"valueName\":\"search_term_string\"}}],\"inLanguage\":\"de\"},{\"@type\":\"Organization\",\"@id\":\"https:\\\/\\\/www.jazzzeitung.de\\\/cms\\\/#organization\",\"name\":\"JazzZeitung online\",\"url\":\"https:\\\/\\\/www.jazzzeitung.de\\\/cms\\\/\",\"logo\":{\"@type\":\"ImageObject\",\"inLanguage\":\"de\",\"@id\":\"https:\\\/\\\/www.jazzzeitung.de\\\/cms\\\/#\\\/schema\\\/logo\\\/image\\\/\",\"url\":\"https:\\\/\\\/i0.wp.com\\\/www.jazzzeitung.de\\\/cms\\\/wp-content\\\/uploads\\\/2015\\\/08\\\/JAZZZEITUNGDE_Logo_Neu.png?fit=499%2C200&ssl=1\",\"contentUrl\":\"https:\\\/\\\/i0.wp.com\\\/www.jazzzeitung.de\\\/cms\\\/wp-content\\\/uploads\\\/2015\\\/08\\\/JAZZZEITUNGDE_Logo_Neu.png?fit=499%2C200&ssl=1\",\"width\":499,\"height\":200,\"caption\":\"JazzZeitung online\"},\"image\":{\"@id\":\"https:\\\/\\\/www.jazzzeitung.de\\\/cms\\\/#\\\/schema\\\/logo\\\/image\\\/\"},\"sameAs\":[\"https:\\\/\\\/www.facebook.com\\\/JazzZeitung\\\/\"]},{\"@type\":\"Person\",\"@id\":\"https:\\\/\\\/www.jazzzeitung.de\\\/cms\\\/#\\\/schema\\\/person\\\/2245b36b9cd1d24cea10f01c031fb92b\",\"name\":\"Redaktion JazzZeitung\",\"image\":{\"@type\":\"ImageObject\",\"inLanguage\":\"de\",\"@id\":\"https:\\\/\\\/i0.wp.com\\\/www.jazzzeitung.de\\\/cms\\\/wp-content\\\/uploads\\\/2015\\\/08\\\/JAZZZEITUNGDE_Logo_Neu.png?resize=96%2C96&ssl=159975dcacb611b5700bd619b5daf0a7a\",\"url\":\"https:\\\/\\\/i0.wp.com\\\/www.jazzzeitung.de\\\/cms\\\/wp-content\\\/uploads\\\/2015\\\/08\\\/JAZZZEITUNGDE_Logo_Neu.png?resize=96%2C96&ssl=1\",\"contentUrl\":\"https:\\\/\\\/i0.wp.com\\\/www.jazzzeitung.de\\\/cms\\\/wp-content\\\/uploads\\\/2015\\\/08\\\/JAZZZEITUNGDE_Logo_Neu.png?resize=96%2C96&ssl=1\",\"caption\":\"Redaktion JazzZeitung\"},\"description\":\"Artikel der Redaktion der JazzZeitung.\",\"sameAs\":[\"http:\\\/\\\/www.jazzzeitung.de\\\/cms\\\/\"],\"url\":\"https:\\\/\\\/www.jazzzeitung.de\\\/cms\\\/author\\\/redaktion\\\/\"}]}<\/script>\n<!-- \/ Yoast SEO plugin. -->","yoast_head_json":{"title":"Wie der Jazz nach Deutschland kam: ein Filmprojekt - JazzZeitung","robots":{"index":"index","follow":"follow","max-snippet":"max-snippet:-1","max-image-preview":"max-image-preview:large","max-video-preview":"max-video-preview:-1"},"canonical":"https:\/\/www.jazzzeitung.de\/cms\/2015\/12\/jazz-deutschland-ein-filmprojekt\/","og_locale":"de_DE","og_type":"article","og_title":"Wie der Jazz nach Deutschland kam: ein Filmprojekt - JazzZeitung","og_description":"Die Filmemacher Andreas Heinrich und Reinhard Kungel von rk-film arbeiten an einem Dokumentarfilm \u00fcber Anfang und Verbreitung des Jazz in Deutschland. Einen ersten Eindruck vermittelt ihr Trailer, der auf folgender Internet-Seite frei zug\u00e4nglich ist: http:\/\/jazz2germany.de In der Finanzierung ihres Projektes gehen die Filmemacher neue Wege. Gemeinsam mit der Internetplattform Startnext versucht man den schwierigen Marktbedingungen im Dokumentarfilm zu trotzen: mittels Crowdfunding. http:\/\/startnext.com\/entering-germany Jazz- und Filmliebhaber haben hierbei die M\u00f6glichkeit, das Filmvorhaben direkt und sofort finanziell zu unterst\u00fctzten. Optional winken verschiedene &#8222;Dankesch\u00f6ns&#8220; als Gegenwert &#8211; ganz abgesehen vom ideellen Wert, dieses Projekt mitrealisiert zu haben. ENTERING GERMANY \u2013 WIE DER JAZZ NACH DEUTSCHLAND KAM Ein Filmprojekt von Reinhard Kungel und Andreas Heinrich Kein Dokumentarfilm hat bisher umfassend die Geschichte des deutschen Jazz erz\u00e4hlt. Reinhard Kungel m\u00f6chte dies \u00e4ndern und arbeitet seit sieben Jahren mit seiner Produktionsfirma rk-film an der Realisierung von &#8222;Entering Germany | Wie der Jazz nach Deutschland kam&#8220;. Jazz-Legenden in ausf\u00fchrlichen Interviews festzuhalten, darunter Coco Schumann, Paul Kuhn (\u2020), Rolf K\u00fchn, Max Greger (\u2020), Klaus Doldinger, Hugo Strasser, Peter Thomas und &#8222;DDR-Jazz-Papst&#8220; Karlheinz Drechsel. Hinzu kommen bisher unver\u00f6ffentlichte Konzertaufzeichnungen, darunter das legend\u00e4re letzte Live-Konzert &hellip;","og_url":"https:\/\/www.jazzzeitung.de\/cms\/2015\/12\/jazz-deutschland-ein-filmprojekt\/","og_site_name":"JazzZeitung","article_publisher":"https:\/\/www.facebook.com\/JazzZeitung\/","article_published_time":"2015-12-12T10:38:27+00:00","og_image":[{"url":"http:\/\/www.jazzzeitung.de\/cms\/wp-content\/uploads\/2015\/12\/Jazz_Titelfoto_3-150x150.jpg","type":"","width":"","height":""}],"author":"Redaktion JazzZeitung","schema":{"@context":"https:\/\/schema.org","@graph":[{"@type":"Article","@id":"https:\/\/www.jazzzeitung.de\/cms\/2015\/12\/jazz-deutschland-ein-filmprojekt\/#article","isPartOf":{"@id":"https:\/\/www.jazzzeitung.de\/cms\/2015\/12\/jazz-deutschland-ein-filmprojekt\/"},"author":{"name":"Redaktion JazzZeitung","@id":"https:\/\/www.jazzzeitung.de\/cms\/#\/schema\/person\/2245b36b9cd1d24cea10f01c031fb92b"},"headline":"Wie der Jazz nach Deutschland kam: ein Filmprojekt","datePublished":"2015-12-12T10:38:27+00:00","mainEntityOfPage":{"@id":"https:\/\/www.jazzzeitung.de\/cms\/2015\/12\/jazz-deutschland-ein-filmprojekt\/"},"wordCount":310,"commentCount":1,"publisher":{"@id":"https:\/\/www.jazzzeitung.de\/cms\/#organization"},"image":{"@id":"https:\/\/www.jazzzeitung.de\/cms\/2015\/12\/jazz-deutschland-ein-filmprojekt\/#primaryimage"},"thumbnailUrl":"http:\/\/www.jazzzeitung.de\/cms\/wp-content\/uploads\/2015\/12\/Jazz_Titelfoto_3-150x150.jpg","keywords":["Bigband","ddr","Deutschland","facebook","Frankfurt","Geschichte","Hamburg","Jazzgeschichte","Jazzinstitut","Jazzinstitut Darmstadt","Jazzmusiker","Klaus Doldinger","Konzert","Konzerte","Kultur","Paul Kuhn","Rolf K\u00fchn","TV","Wolfram Knauer"],"articleSection":["Bericht"],"inLanguage":"de","potentialAction":[{"@type":"CommentAction","name":"Comment","target":["https:\/\/www.jazzzeitung.de\/cms\/2015\/12\/jazz-deutschland-ein-filmprojekt\/#respond"]}]},{"@type":"WebPage","@id":"https:\/\/www.jazzzeitung.de\/cms\/2015\/12\/jazz-deutschland-ein-filmprojekt\/","url":"https:\/\/www.jazzzeitung.de\/cms\/2015\/12\/jazz-deutschland-ein-filmprojekt\/","name":"Wie der Jazz nach Deutschland kam: ein Filmprojekt - JazzZeitung","isPartOf":{"@id":"https:\/\/www.jazzzeitung.de\/cms\/#website"},"primaryImageOfPage":{"@id":"https:\/\/www.jazzzeitung.de\/cms\/2015\/12\/jazz-deutschland-ein-filmprojekt\/#primaryimage"},"image":{"@id":"https:\/\/www.jazzzeitung.de\/cms\/2015\/12\/jazz-deutschland-ein-filmprojekt\/#primaryimage"},"thumbnailUrl":"http:\/\/www.jazzzeitung.de\/cms\/wp-content\/uploads\/2015\/12\/Jazz_Titelfoto_3-150x150.jpg","datePublished":"2015-12-12T10:38:27+00:00","breadcrumb":{"@id":"https:\/\/www.jazzzeitung.de\/cms\/2015\/12\/jazz-deutschland-ein-filmprojekt\/#breadcrumb"},"inLanguage":"de","potentialAction":[{"@type":"ReadAction","target":["https:\/\/www.jazzzeitung.de\/cms\/2015\/12\/jazz-deutschland-ein-filmprojekt\/"]}]},{"@type":"ImageObject","inLanguage":"de","@id":"https:\/\/www.jazzzeitung.de\/cms\/2015\/12\/jazz-deutschland-ein-filmprojekt\/#primaryimage","url":"http:\/\/www.jazzzeitung.de\/cms\/wp-content\/uploads\/2015\/12\/Jazz_Titelfoto_3-150x150.jpg","contentUrl":"http:\/\/www.jazzzeitung.de\/cms\/wp-content\/uploads\/2015\/12\/Jazz_Titelfoto_3-150x150.jpg"},{"@type":"BreadcrumbList","@id":"https:\/\/www.jazzzeitung.de\/cms\/2015\/12\/jazz-deutschland-ein-filmprojekt\/#breadcrumb","itemListElement":[{"@type":"ListItem","position":1,"name":"Startseite","item":"https:\/\/www.jazzzeitung.de\/cms\/"},{"@type":"ListItem","position":2,"name":"Wie der Jazz nach Deutschland kam: ein Filmprojekt"}]},{"@type":"WebSite","@id":"https:\/\/www.jazzzeitung.de\/cms\/#website","url":"https:\/\/www.jazzzeitung.de\/cms\/","name":"JazzZeitung","description":"Jazz-News und Jazz-Kontroverses","publisher":{"@id":"https:\/\/www.jazzzeitung.de\/cms\/#organization"},"potentialAction":[{"@type":"SearchAction","target":{"@type":"EntryPoint","urlTemplate":"https:\/\/www.jazzzeitung.de\/cms\/?s={search_term_string}"},"query-input":{"@type":"PropertyValueSpecification","valueRequired":true,"valueName":"search_term_string"}}],"inLanguage":"de"},{"@type":"Organization","@id":"https:\/\/www.jazzzeitung.de\/cms\/#organization","name":"JazzZeitung online","url":"https:\/\/www.jazzzeitung.de\/cms\/","logo":{"@type":"ImageObject","inLanguage":"de","@id":"https:\/\/www.jazzzeitung.de\/cms\/#\/schema\/logo\/image\/","url":"https:\/\/i0.wp.com\/www.jazzzeitung.de\/cms\/wp-content\/uploads\/2015\/08\/JAZZZEITUNGDE_Logo_Neu.png?fit=499%2C200&ssl=1","contentUrl":"https:\/\/i0.wp.com\/www.jazzzeitung.de\/cms\/wp-content\/uploads\/2015\/08\/JAZZZEITUNGDE_Logo_Neu.png?fit=499%2C200&ssl=1","width":499,"height":200,"caption":"JazzZeitung online"},"image":{"@id":"https:\/\/www.jazzzeitung.de\/cms\/#\/schema\/logo\/image\/"},"sameAs":["https:\/\/www.facebook.com\/JazzZeitung\/"]},{"@type":"Person","@id":"https:\/\/www.jazzzeitung.de\/cms\/#\/schema\/person\/2245b36b9cd1d24cea10f01c031fb92b","name":"Redaktion JazzZeitung","image":{"@type":"ImageObject","inLanguage":"de","@id":"https:\/\/i0.wp.com\/www.jazzzeitung.de\/cms\/wp-content\/uploads\/2015\/08\/JAZZZEITUNGDE_Logo_Neu.png?resize=96%2C96&ssl=159975dcacb611b5700bd619b5daf0a7a","url":"https:\/\/i0.wp.com\/www.jazzzeitung.de\/cms\/wp-content\/uploads\/2015\/08\/JAZZZEITUNGDE_Logo_Neu.png?resize=96%2C96&ssl=1","contentUrl":"https:\/\/i0.wp.com\/www.jazzzeitung.de\/cms\/wp-content\/uploads\/2015\/08\/JAZZZEITUNGDE_Logo_Neu.png?resize=96%2C96&ssl=1","caption":"Redaktion JazzZeitung"},"description":"Artikel der Redaktion der JazzZeitung.","sameAs":["http:\/\/www.jazzzeitung.de\/cms\/"],"url":"https:\/\/www.jazzzeitung.de\/cms\/author\/redaktion\/"}]}},"wp-worthy-pixel":{"ignored":false,"public":null,"server":null,"url":null},"wp-worthy-type":"normal","jetpack_publicize_connections":[],"cc_featured_image_caption":{"caption_text":false,"source_text":false,"source_url":false},"jetpack_featured_media_url":"","jetpack_shortlink":"https:\/\/wp.me\/p3KEcT-23Z","jetpack-related-posts":[{"id":8771,"url":"https:\/\/www.jazzzeitung.de\/cms\/2016\/03\/hugo-strasser-gestorben\/","url_meta":{"origin":7935,"position":0},"title":"Zum Tod der Swing-Legende Hugo Strasser","author":"Redaktion JazzZeitung","date":"18. M\u00e4rz 2016","format":false,"excerpt":"\u201eKlarinette spielen ist mein Leben und ich bin sehr dankbar daf\u00fcr\u201c, sagte Hugo Strasser im Jahr 2008 gegen\u00fcber der Jazzzeitung. Jetzt ist der bekannte Jazz-Klarinettist und Swing-Musiker, der bis zuletzt auf der B\u00fchne stand, im Alter von 93 Jahren verstorben. Er war einer der Musiker, der Jazz und Swing in\u2026","rel":"","context":"In &quot;News&quot;","block_context":{"text":"News","link":"https:\/\/www.jazzzeitung.de\/cms\/thema\/nachrichten\/"},"img":{"alt_text":"Hugo Strasser. Foto: Thomas J. Krebs","src":"https:\/\/i0.wp.com\/www.jazzzeitung.de\/cms\/wp-content\/uploads\/2016\/03\/P1140860-Hugo-Strasser-Copyright-by-TJ-Krebs-jazzphotoagency%40web.de_-150x150.jpg?resize=350%2C200","width":350,"height":200},"classes":[]},{"id":4192,"url":"https:\/\/www.jazzzeitung.de\/cms\/2014\/07\/bundeskonferenz-jazz-legt-bericht-zu-jazz-deutschland-vor\/","url_meta":{"origin":7935,"position":1},"title":"Bundeskonferenz Jazz legt Bericht zu Jazz in Deutschland vor","author":"Redaktion JazzZeitung","date":"4. Juli 2014","format":false,"excerpt":"In einem Treffen mit dem Vorsitzenden des Ausschusses f\u00fcr Kultur und Medien im Deutschen Bundestag, Siegmund Ehrmann, hat die Bundeskonferenz Jazz ihren \u201eBericht zur Situation des Jazz in Deutschland\u201c vorgelegt. Erstmalig war die Analyse 2004 auf Wunsch des Ausschusses erstellt worden. Die umfassend aktualisierte Ausgabe geht nun auf die Entwicklungen\u2026","rel":"","context":"In &quot;Redaktionelle Nachrichten&quot;","block_context":{"text":"Redaktionelle Nachrichten","link":"https:\/\/www.jazzzeitung.de\/cms\/thema\/redaktion\/"},"img":{"alt_text":"Microsoft Word - BK Jazz - Konzept Spielst\u00e4tten- und Programmpr","src":"https:\/\/i0.wp.com\/www.jazzzeitung.de\/cms\/wp-content\/uploads\/2014\/07\/logo_bkjazz_viereck-150x150.jpg?resize=350%2C200","width":350,"height":200},"classes":[]},{"id":5164,"url":"https:\/\/www.jazzzeitung.de\/cms\/2015\/01\/arm-aber-gluecklich\/","url_meta":{"origin":7935,"position":2},"title":"Arm, aber gl\u00fccklich?","author":"Peter Ortmann","date":"5. Januar 2015","format":false,"excerpt":"Die Mehrzahl der Musikhochschulen in Deutschland (17 von 23) bieten komplette Studieng\u00e4nge f\u00fcr Jazz und \u00c4hnliches an, darunter mindestens eine Fachhochschule, n\u00e4mlich die in Osnabr\u00fcck. Daraus resultiert ein j\u00e4hrlicher Output vieler hochqualifizierter Jazzmusikerinnen und Jazzmusiker. Was die Zeit \"danach\", also nach dem Studium betrifft, so dr\u00e4ngt sich der Verdacht auf,\u2026","rel":"","context":"In &quot;Blog&quot;","block_context":{"text":"Blog","link":"https:\/\/www.jazzzeitung.de\/cms\/thema\/blog\/"},"img":{"alt_text":"gluecklich","src":"https:\/\/i0.wp.com\/www.jazzzeitung.de\/cms\/wp-content\/uploads\/2015\/01\/gluecklich-150x150.jpg?resize=350%2C200","width":350,"height":200},"classes":[]},{"id":6273,"url":"https:\/\/www.jazzzeitung.de\/cms\/2015\/06\/jazzstudie-2015-gestartet\/","url_meta":{"origin":7935,"position":3},"title":"Jazzstudie 2015 gestartet","author":"Redaktion JazzZeitung","date":"1. Juni 2015","format":false,"excerpt":"Heute startet die Online-Befragung im Rahmen der Studie zu Lebens- und Arbeitsbedingungen von Jazzmusiker\/-innen in Deutschland, die vom Institut f\u00fcr Kulturpolitik der Universit\u00e4t Hildesheim ausgerichtet wird. Zur Teilnahme aufgerufen sind alle Jazzmusikerinnen und -musiker, die in Deutschland leben und\/oder arbeiten. Immer wieder wird die \u00f6konomische Situation von Jazzmusiker\/-innen als prek\u00e4r\u2026","rel":"","context":"In &quot;News&quot;","block_context":{"text":"News","link":"https:\/\/www.jazzzeitung.de\/cms\/thema\/nachrichten\/"},"img":{"alt_text":"","src":"https:\/\/i0.wp.com\/www.jazzzeitung.de\/cms\/wp-content\/uploads\/2015\/06\/jazzstudie2015_PostkarteVS-e1433167940571.jpg?resize=350%2C200","width":350,"height":200,"srcset":"https:\/\/i0.wp.com\/www.jazzzeitung.de\/cms\/wp-content\/uploads\/2015\/06\/jazzstudie2015_PostkarteVS-e1433167940571.jpg?resize=350%2C200 1x, https:\/\/i0.wp.com\/www.jazzzeitung.de\/cms\/wp-content\/uploads\/2015\/06\/jazzstudie2015_PostkarteVS-e1433167940571.jpg?resize=525%2C300 1.5x, https:\/\/i0.wp.com\/www.jazzzeitung.de\/cms\/wp-content\/uploads\/2015\/06\/jazzstudie2015_PostkarteVS-e1433167940571.jpg?resize=700%2C400 2x, https:\/\/i0.wp.com\/www.jazzzeitung.de\/cms\/wp-content\/uploads\/2015\/06\/jazzstudie2015_PostkarteVS-e1433167940571.jpg?resize=1050%2C600 3x, https:\/\/i0.wp.com\/www.jazzzeitung.de\/cms\/wp-content\/uploads\/2015\/06\/jazzstudie2015_PostkarteVS-e1433167940571.jpg?resize=1400%2C800 4x"},"classes":[]},{"id":12029,"url":"https:\/\/www.jazzzeitung.de\/cms\/2017\/03\/isabella-lundgren-statt-camille-osullivan-bei-jazzopen-in-stuttgart\/","url_meta":{"origin":7935,"position":4},"title":"+++Julia H\u00fclsmann auf Deutschland-Tour+++Deutsch-franz\u00f6sischer Jazz-Gipfel+++Isabella Lundgren statt Camille O\u2018Sullivan bei jazzopen in Stuttgart","author":"Redaktion JazzZeitung","date":"30. M\u00e4rz 2017","format":false,"excerpt":"+++Julia H\u00fclsmann in der Unterfahrt und anderswo+++ Am 06.04.2017 um 21:00h gastiert Julia H\u00fclsmann mit ihrem Trio in der M\u00fcnchner Unterfahrt und pr\u00e4sentiert ihr aktuelles, gerade auf ECM erschienenes Album \u201eSooner Or Later\u201c. Nach \u201cEnd of Summer\u201c sowie dem Folgealbum \u201eImprint\u201c folgten zwei Quartett-Aufnahmen, jeweils mit dem Trompeter Tom Arthurs\u2026","rel":"","context":"In &quot;News&quot;","block_context":{"text":"News","link":"https:\/\/www.jazzzeitung.de\/cms\/thema\/nachrichten\/"},"img":{"alt_text":"","src":"https:\/\/i0.wp.com\/www.jazzzeitung.de\/cms\/wp-content\/uploads\/2017\/03\/P1120001-H%C3%BClsmann-Foto-TJ-Krebs-150x150.jpg?resize=350%2C200","width":350,"height":200},"classes":[]},{"id":10223,"url":"https:\/\/www.jazzzeitung.de\/cms\/2016\/10\/23-udj-jazzforum-17-18-november-2016-im-stadtgarten-koeln\/","url_meta":{"origin":7935,"position":5},"title":"23. UDJ-Jazzforum am 17.\/18. November 2016 im Stadtgarten K\u00f6ln","author":"Redaktion JazzZeitung","date":"14. Oktober 2016","format":false,"excerpt":"Am 17. und 18. November 2016 wird das 23. UDJ-Jazzforum MusikerInnen, Kulturschaffende und JazzliebhaberInnen aus ganz Deutschland in den Stadtgarten K\u00f6ln locken. Die Union Deutscher Jazzmusiker ist das Sprachrohr der Jazzmusikerinnen und -musiker in Deutschland. Im Alltag tritt die UDJ als Interessenvereinigung seit \u00fcber 40 Jahren vorrangig bundespolitisch in Erscheinung\u2026","rel":"","context":"In &quot;News&quot;","block_context":{"text":"News","link":"https:\/\/www.jazzzeitung.de\/cms\/thema\/nachrichten\/"},"img":{"alt_text":"","src":"https:\/\/i0.wp.com\/www.jazzzeitung.de\/cms\/wp-content\/uploads\/2016\/10\/JAZZFORUM-WEB_765x1082.jpg?fit=765%2C1082&ssl=1&resize=350%2C200","width":350,"height":200,"srcset":"https:\/\/i0.wp.com\/www.jazzzeitung.de\/cms\/wp-content\/uploads\/2016\/10\/JAZZFORUM-WEB_765x1082.jpg?fit=765%2C1082&ssl=1&resize=350%2C200 1x, https:\/\/i0.wp.com\/www.jazzzeitung.de\/cms\/wp-content\/uploads\/2016\/10\/JAZZFORUM-WEB_765x1082.jpg?fit=765%2C1082&ssl=1&resize=525%2C300 1.5x, https:\/\/i0.wp.com\/www.jazzzeitung.de\/cms\/wp-content\/uploads\/2016\/10\/JAZZFORUM-WEB_765x1082.jpg?fit=765%2C1082&ssl=1&resize=700%2C400 2x"},"classes":[]}],"jetpack_sharing_enabled":true,"_links":{"self":[{"href":"https:\/\/www.jazzzeitung.de\/cms\/wp-json\/wp\/v2\/posts\/7935","targetHints":{"allow":["GET"]}}],"collection":[{"href":"https:\/\/www.jazzzeitung.de\/cms\/wp-json\/wp\/v2\/posts"}],"about":[{"href":"https:\/\/www.jazzzeitung.de\/cms\/wp-json\/wp\/v2\/types\/post"}],"author":[{"embeddable":true,"href":"https:\/\/www.jazzzeitung.de\/cms\/wp-json\/wp\/v2\/users\/18"}],"replies":[{"embeddable":true,"href":"https:\/\/www.jazzzeitung.de\/cms\/wp-json\/wp\/v2\/comments?post=7935"}],"version-history":[{"count":6,"href":"https:\/\/www.jazzzeitung.de\/cms\/wp-json\/wp\/v2\/posts\/7935\/revisions"}],"predecessor-version":[{"id":7942,"href":"https:\/\/www.jazzzeitung.de\/cms\/wp-json\/wp\/v2\/posts\/7935\/revisions\/7942"}],"wp:attachment":[{"href":"https:\/\/www.jazzzeitung.de\/cms\/wp-json\/wp\/v2\/media?parent=7935"}],"wp:term":[{"taxonomy":"category","embeddable":true,"href":"https:\/\/www.jazzzeitung.de\/cms\/wp-json\/wp\/v2\/categories?post=7935"},{"taxonomy":"post_tag","embeddable":true,"href":"https:\/\/www.jazzzeitung.de\/cms\/wp-json\/wp\/v2\/tags?post=7935"},{"taxonomy":"author","embeddable":true,"href":"https:\/\/www.jazzzeitung.de\/cms\/wp-json\/wp\/v2\/coauthors?post=7935"}],"curies":[{"name":"wp","href":"https:\/\/api.w.org\/{rel}","templated":true}]}}