{"id":7920,"date":"2015-12-09T11:46:12","date_gmt":"2015-12-09T10:46:12","guid":{"rendered":"http:\/\/www.jazzzeitung.de\/cms\/?p=7920"},"modified":"2015-12-11T18:54:41","modified_gmt":"2015-12-11T17:54:41","slug":"helge-schneider-rockte-die-piano-buehne-oberthulba","status":"publish","type":"post","link":"https:\/\/www.jazzzeitung.de\/cms\/2015\/12\/helge-schneider-rockte-die-piano-buehne-oberthulba\/","title":{"rendered":"Helge Schneider rockte die Piano-B\u00fchne in Oberthulba"},"content":{"rendered":"<figure id=\"attachment_7922\" aria-describedby=\"caption-attachment-7922\" style=\"width: 150px\" class=\"wp-caption alignright\"><a href=\"https:\/\/i0.wp.com\/www.jazzzeitung.de\/cms\/wp-content\/uploads\/2015\/12\/DSC03037.jpg\"><img data-recalc-dims=\"1\" loading=\"lazy\" decoding=\"async\" data-attachment-id=\"7922\" data-permalink=\"https:\/\/www.jazzzeitung.de\/cms\/2015\/12\/helge-schneider-rockte-die-piano-buehne-oberthulba\/sony-dsc-5\/\" data-orig-file=\"https:\/\/i0.wp.com\/www.jazzzeitung.de\/cms\/wp-content\/uploads\/2015\/12\/DSC03037.jpg?fit=3104%2C2064&amp;ssl=1\" data-orig-size=\"3104,2064\" data-comments-opened=\"1\" data-image-meta=\"{&quot;aperture&quot;:&quot;2.8&quot;,&quot;credit&quot;:&quot;&quot;,&quot;camera&quot;:&quot;DSLR-A700&quot;,&quot;caption&quot;:&quot;SONY DSC&quot;,&quot;created_timestamp&quot;:&quot;1449089595&quot;,&quot;copyright&quot;:&quot;&quot;,&quot;focal_length&quot;:&quot;50&quot;,&quot;iso&quot;:&quot;500&quot;,&quot;shutter_speed&quot;:&quot;0.0125&quot;,&quot;title&quot;:&quot;SONY DSC&quot;,&quot;orientation&quot;:&quot;1&quot;}\" data-image-title=\"SONY DSC\" data-image-description=\"\" data-image-caption=\"&lt;p&gt;SONY DSC&lt;\/p&gt;\n\" data-large-file=\"https:\/\/i0.wp.com\/www.jazzzeitung.de\/cms\/wp-content\/uploads\/2015\/12\/DSC03037.jpg?fit=840%2C558&amp;ssl=1\" class=\"size-thumbnail wp-image-7922\" src=\"https:\/\/i0.wp.com\/www.jazzzeitung.de\/cms\/wp-content\/uploads\/2015\/12\/DSC03037-150x150.jpg?resize=150%2C150\" alt=\"SONY DSC\" width=\"150\" height=\"150\" srcset=\"https:\/\/i0.wp.com\/www.jazzzeitung.de\/cms\/wp-content\/uploads\/2015\/12\/DSC03037.jpg?resize=150%2C150&amp;ssl=1 150w, https:\/\/i0.wp.com\/www.jazzzeitung.de\/cms\/wp-content\/uploads\/2015\/12\/DSC03037.jpg?resize=144%2C144&amp;ssl=1 144w, https:\/\/i0.wp.com\/www.jazzzeitung.de\/cms\/wp-content\/uploads\/2015\/12\/DSC03037.jpg?resize=96%2C96&amp;ssl=1 96w, https:\/\/i0.wp.com\/www.jazzzeitung.de\/cms\/wp-content\/uploads\/2015\/12\/DSC03037.jpg?resize=24%2C24&amp;ssl=1 24w, https:\/\/i0.wp.com\/www.jazzzeitung.de\/cms\/wp-content\/uploads\/2015\/12\/DSC03037.jpg?resize=36%2C36&amp;ssl=1 36w, https:\/\/i0.wp.com\/www.jazzzeitung.de\/cms\/wp-content\/uploads\/2015\/12\/DSC03037.jpg?resize=48%2C48&amp;ssl=1 48w, https:\/\/i0.wp.com\/www.jazzzeitung.de\/cms\/wp-content\/uploads\/2015\/12\/DSC03037.jpg?resize=64%2C64&amp;ssl=1 64w, https:\/\/i0.wp.com\/www.jazzzeitung.de\/cms\/wp-content\/uploads\/2015\/12\/DSC03037.jpg?resize=32%2C32&amp;ssl=1 32w, https:\/\/i0.wp.com\/www.jazzzeitung.de\/cms\/wp-content\/uploads\/2015\/12\/DSC03037.jpg?resize=128%2C128&amp;ssl=1 128w, https:\/\/i0.wp.com\/www.jazzzeitung.de\/cms\/wp-content\/uploads\/2015\/12\/DSC03037.jpg?zoom=2&amp;resize=150%2C150&amp;ssl=1 300w, https:\/\/i0.wp.com\/www.jazzzeitung.de\/cms\/wp-content\/uploads\/2015\/12\/DSC03037.jpg?zoom=3&amp;resize=150%2C150&amp;ssl=1 450w\" sizes=\"auto, (max-width: 150px) 100vw, 150px\" \/><\/a><figcaption id=\"caption-attachment-7922\" class=\"wp-caption-text\">SONY DSC<\/figcaption><\/figure>\n<p><strong>Ein Live-Bericht vom 2.12.2105 des Veranstalters Peter Kleinhenz<\/strong> &#8211; Aus Oberhausen vom Konzert am Vortag\u00a0durch viele Baustellen versp\u00e4tet angereist \u00fcberpr\u00fcfte Helge Schneider erst mal professionell den Fl\u00fcgel, die B\u00fchnenaufstellung und die Mikrofone des BR. Nach mehrfachen Tests wurde dann doch ein gr\u00f6\u00dferer Fl\u00fcgel, n\u00e4mlich ein Steinway D 274, auf die B\u00fchne gebracht. Der vorher bestens gestimmte und mit Mikrofonen des BR genaustens eingestellte fast neue Steinway B 211 gefiel Helge nicht. Der \u201eLast-Minute&#8220;-Umtausch bescherte jedoch eine leichte Verstimmtheit des gro\u00dfen Konzert-Fl\u00fcgels was aber Helge geradezu verz\u00fcckte, da er sich an alte Zeiten erinnert f\u00fchlte. Auch Errol Garner hat bei seinen spektakul\u00e4ren Aufnahmen oft auf leicht verstimmten Instrumenten gespielt.<\/p>\n<p>Die Show begann p\u00fcnktlich um 20 Uhr mit einem in einen Zauberermantel geh\u00fcllten Helge. Das euphorische Publikum der seit Wochen ausverkauften Piano-B\u00fchne brachte die richtige Atmosph\u00e4re in den Konzertraum. Die hervorragenden und geduldigen Techniker des BR schnitten das Konzert f\u00fcr Radio und Online-TV\u00a0dezent\u00a0 mit. Es wird am Mittwoch, den 13. Januar 2016, um 23.05 Uhr\u00a0auf BR Klassik in der Sendung von Beate Sampson, \u201eJazz-Time\u201c\u00a0\u00a0gesendet. Der TV-Mitschnitt wird am 15. Dezember 2015 unter <a href=\"http:\/\/www.klassik.de\">www.klassik.de<\/a> auf der Seite des BR online gestellt und kann komplett eingesehen werden.<\/p>\n<p>Willy Ketzer am Schlagzeug, der \u00fcbrigens am 14. Januar 2016 mit seinem Quartett und Deborah Woodson die Piano-B\u00fchne bespielen wird, begleitete geduldig und hochkonzentriert zusammen mit Kai Struwe am Bass die eigenwilligen, \u00fcberraschenden, teilweise schr\u00e4gen Jazz-Piano-Improvisationen Helges. \u00dcberhaupt bewies er, dass er ein hervorragender Jazzpianist mit genialer Spieltechnik und kreativem Improvisationsfundus ist.<\/p>\n<p>Bei einer Persiflage auf den Free Jazz zeigte Helge Schneider seinen ganzen \u00dcbermut und Antipathie gegen diese Musikrichtung humorvoll verpackt mit stranger Mimik und K\u00f6rperhaltung. Helge spielte voranging bekannte Titel von Cole Porter, Benny Goodman und George Gershwin, die er\u00a0schlitzohrig als Eigenkompositionen verkauft. Kombination von iPhone und Konzertfl\u00fcgel in der Sitzhaltung \u201eDownhead Generation\u201c brachten das teilweise auch sehr junge Publikum zusehends in die typische \u201eHelge-Stimmung\u201c. Jeder Satz von Helge, und war er auch noch so unzutreffend, wurde mit viel Beifall belohnt. Vor- und Nachschusslorbeeren waren ihm garantiert. Helge gab zum Abschluss noch eine Zugabe und bekam dann\u00a0von mir einen Bocksbeutel\u00a0(\u201evon Klitschko\u201c) \u00fcberreicht.\u00a0Zur Nachtzeit gab Helge dann spontan in der Kegelbahn des Gasthof Waldeck (auch hier im Sinne \u201eback to the roots\u201c, Helge hatte als junger Mann\u00a0schon mal eine Kegelbahn)\u00a0noch ein humorvolles, interessantes jazzthematisches TV- &amp; Radi- Interview. Dieses Interview\u00a0gestaltete die\u00a0kompetente Musikredakteurin des Bayerischen Rundfunks, Beate Sampson. Wir bedanken uns bei Helge und seinen Mitstreitern f\u00fcr einen begeisternden, entspannten\u00a0und humorvollen Konzertabend.Wir hoffen auf eine baldige Wiederholung, hoffentlich fr\u00fcher als diesmal und nicht erst nach 12 Jahren.<\/p>\n<p><a href=\"http:\/\/www.piano.de\">www.piano.de<\/a><\/p>\n<p>&nbsp;<\/p>\n<p>&nbsp;<\/p>\n","protected":false},"excerpt":{"rendered":"<p>Ein Live-Bericht vom 2.12.2105 des Veranstalters Peter Kleinhenz &#8211; Aus Oberhausen vom Konzert am Vortag\u00a0durch viele Baustellen versp\u00e4tet angereist \u00fcberpr\u00fcfte Helge Schneider erst mal professionell den Fl\u00fcgel, die B\u00fchnenaufstellung und die Mikrofone des BR. Nach mehrfachen Tests wurde dann doch ein gr\u00f6\u00dferer Fl\u00fcgel, n\u00e4mlich ein Steinway D 274, auf die B\u00fchne gebracht. Der vorher bestens gestimmte und mit Mikrofonen des BR genaustens eingestellte fast neue Steinway B 211 gefiel Helge nicht. Der \u201eLast-Minute&#8220;-Umtausch bescherte jedoch eine leichte Verstimmtheit des gro\u00dfen Konzert-Fl\u00fcgels was aber Helge geradezu verz\u00fcckte, da er sich an alte Zeiten erinnert f\u00fchlte. Auch Errol Garner hat bei seinen spektakul\u00e4ren Aufnahmen oft auf leicht verstimmten Instrumenten gespielt. Die Show begann p\u00fcnktlich um 20 Uhr mit einem in einen Zauberermantel geh\u00fcllten Helge. Das euphorische Publikum der seit Wochen ausverkauften Piano-B\u00fchne brachte die richtige Atmosph\u00e4re in den Konzertraum. Die hervorragenden und geduldigen Techniker des BR schnitten das Konzert f\u00fcr Radio und Online-TV\u00a0dezent\u00a0 mit. Es wird am Mittwoch, den 13. Januar 2016, um 23.05 Uhr\u00a0auf BR Klassik in der Sendung von Beate Sampson, \u201eJazz-Time\u201c\u00a0\u00a0gesendet. Der TV-Mitschnitt wird am 15. Dezember 2015 unter www.klassik.de auf der Seite des &hellip;<\/p>\n","protected":false},"author":18,"featured_media":0,"comment_status":"open","ping_status":"closed","sticky":false,"template":"","format":"standard","meta":{"_jetpack_memberships_contains_paid_content":false,"footnotes":"","jetpack_publicize_message":"","jetpack_publicize_feature_enabled":true,"jetpack_social_post_already_shared":false,"jetpack_social_options":{"image_generator_settings":{"template":"highway","default_image_id":0,"font":"","enabled":false},"version":2}},"categories":[1053],"tags":[61,1197,754,220,245,316,322,442,1240,1193,496,562],"coauthors":[695],"class_list":["post-7920","post","type-post","status-publish","format-standard","hentry","category-bericht","tag-beate-sampson","tag-bericht","tag-free-jazz","tag-helge-schneider","tag-interview-2","tag-klassik","tag-konzert-2","tag-piano","tag-piano-buehne-oberthulba","tag-radio","tag-sendung","tag-tv"],"yoast_head":"<!-- This site is optimized with the Yoast SEO plugin v27.5 - https:\/\/yoast.com\/product\/yoast-seo-wordpress\/ -->\n<title>Helge Schneider rockte die Piano-B\u00fchne in Oberthulba - JazzZeitung<\/title>\n<meta name=\"robots\" content=\"index, follow, max-snippet:-1, max-image-preview:large, max-video-preview:-1\" \/>\n<link rel=\"canonical\" href=\"https:\/\/www.jazzzeitung.de\/cms\/2015\/12\/helge-schneider-rockte-die-piano-buehne-oberthulba\/\" \/>\n<meta property=\"og:locale\" content=\"de_DE\" \/>\n<meta property=\"og:type\" content=\"article\" \/>\n<meta property=\"og:title\" content=\"Helge Schneider rockte die Piano-B\u00fchne in Oberthulba - JazzZeitung\" \/>\n<meta property=\"og:description\" content=\"Ein Live-Bericht vom 2.12.2105 des Veranstalters Peter Kleinhenz &#8211; Aus Oberhausen vom Konzert am Vortag\u00a0durch viele Baustellen versp\u00e4tet angereist \u00fcberpr\u00fcfte Helge Schneider erst mal professionell den Fl\u00fcgel, die B\u00fchnenaufstellung und die Mikrofone des BR. Nach mehrfachen Tests wurde dann doch ein gr\u00f6\u00dferer Fl\u00fcgel, n\u00e4mlich ein Steinway D 274, auf die B\u00fchne gebracht. Der vorher bestens gestimmte und mit Mikrofonen des BR genaustens eingestellte fast neue Steinway B 211 gefiel Helge nicht. Der \u201eLast-Minute&#8220;-Umtausch bescherte jedoch eine leichte Verstimmtheit des gro\u00dfen Konzert-Fl\u00fcgels was aber Helge geradezu verz\u00fcckte, da er sich an alte Zeiten erinnert f\u00fchlte. Auch Errol Garner hat bei seinen spektakul\u00e4ren Aufnahmen oft auf leicht verstimmten Instrumenten gespielt. Die Show begann p\u00fcnktlich um 20 Uhr mit einem in einen Zauberermantel geh\u00fcllten Helge. Das euphorische Publikum der seit Wochen ausverkauften Piano-B\u00fchne brachte die richtige Atmosph\u00e4re in den Konzertraum. Die hervorragenden und geduldigen Techniker des BR schnitten das Konzert f\u00fcr Radio und Online-TV\u00a0dezent\u00a0 mit. Es wird am Mittwoch, den 13. Januar 2016, um 23.05 Uhr\u00a0auf BR Klassik in der Sendung von Beate Sampson, \u201eJazz-Time\u201c\u00a0\u00a0gesendet. Der TV-Mitschnitt wird am 15. Dezember 2015 unter www.klassik.de auf der Seite des &hellip;\" \/>\n<meta property=\"og:url\" content=\"https:\/\/www.jazzzeitung.de\/cms\/2015\/12\/helge-schneider-rockte-die-piano-buehne-oberthulba\/\" \/>\n<meta property=\"og:site_name\" content=\"JazzZeitung\" \/>\n<meta property=\"article:publisher\" content=\"https:\/\/www.facebook.com\/JazzZeitung\/\" \/>\n<meta property=\"article:published_time\" content=\"2015-12-09T10:46:12+00:00\" \/>\n<meta property=\"article:modified_time\" content=\"2015-12-11T17:54:41+00:00\" \/>\n<meta property=\"og:image\" content=\"http:\/\/www.jazzzeitung.de\/cms\/wp-content\/uploads\/2015\/12\/DSC03037-150x150.jpg\" \/>\n<meta name=\"author\" content=\"Redaktion JazzZeitung\" \/>\n<script type=\"application\/ld+json\" class=\"yoast-schema-graph\">{\"@context\":\"https:\\\/\\\/schema.org\",\"@graph\":[{\"@type\":\"Article\",\"@id\":\"https:\\\/\\\/www.jazzzeitung.de\\\/cms\\\/2015\\\/12\\\/helge-schneider-rockte-die-piano-buehne-oberthulba\\\/#article\",\"isPartOf\":{\"@id\":\"https:\\\/\\\/www.jazzzeitung.de\\\/cms\\\/2015\\\/12\\\/helge-schneider-rockte-die-piano-buehne-oberthulba\\\/\"},\"author\":{\"name\":\"Redaktion JazzZeitung\",\"@id\":\"https:\\\/\\\/www.jazzzeitung.de\\\/cms\\\/#\\\/schema\\\/person\\\/2245b36b9cd1d24cea10f01c031fb92b\"},\"headline\":\"Helge Schneider rockte die Piano-B\u00fchne in Oberthulba\",\"datePublished\":\"2015-12-09T10:46:12+00:00\",\"dateModified\":\"2015-12-11T17:54:41+00:00\",\"mainEntityOfPage\":{\"@id\":\"https:\\\/\\\/www.jazzzeitung.de\\\/cms\\\/2015\\\/12\\\/helge-schneider-rockte-die-piano-buehne-oberthulba\\\/\"},\"wordCount\":471,\"commentCount\":0,\"publisher\":{\"@id\":\"https:\\\/\\\/www.jazzzeitung.de\\\/cms\\\/#organization\"},\"image\":{\"@id\":\"https:\\\/\\\/www.jazzzeitung.de\\\/cms\\\/2015\\\/12\\\/helge-schneider-rockte-die-piano-buehne-oberthulba\\\/#primaryimage\"},\"thumbnailUrl\":\"http:\\\/\\\/www.jazzzeitung.de\\\/cms\\\/wp-content\\\/uploads\\\/2015\\\/12\\\/DSC03037-150x150.jpg\",\"keywords\":[\"Beate Sampson\",\"Bericht\",\"Free Jazz\",\"Helge Schneider\",\"Interview\",\"Klassik\",\"Konzert\",\"Piano\",\"Piano-B\u00fchne Oberthulba\",\"Radio\",\"Sendung\",\"TV\"],\"articleSection\":[\"Bericht\"],\"inLanguage\":\"de\",\"potentialAction\":[{\"@type\":\"CommentAction\",\"name\":\"Comment\",\"target\":[\"https:\\\/\\\/www.jazzzeitung.de\\\/cms\\\/2015\\\/12\\\/helge-schneider-rockte-die-piano-buehne-oberthulba\\\/#respond\"]}]},{\"@type\":\"WebPage\",\"@id\":\"https:\\\/\\\/www.jazzzeitung.de\\\/cms\\\/2015\\\/12\\\/helge-schneider-rockte-die-piano-buehne-oberthulba\\\/\",\"url\":\"https:\\\/\\\/www.jazzzeitung.de\\\/cms\\\/2015\\\/12\\\/helge-schneider-rockte-die-piano-buehne-oberthulba\\\/\",\"name\":\"Helge Schneider rockte die Piano-B\u00fchne in Oberthulba - JazzZeitung\",\"isPartOf\":{\"@id\":\"https:\\\/\\\/www.jazzzeitung.de\\\/cms\\\/#website\"},\"primaryImageOfPage\":{\"@id\":\"https:\\\/\\\/www.jazzzeitung.de\\\/cms\\\/2015\\\/12\\\/helge-schneider-rockte-die-piano-buehne-oberthulba\\\/#primaryimage\"},\"image\":{\"@id\":\"https:\\\/\\\/www.jazzzeitung.de\\\/cms\\\/2015\\\/12\\\/helge-schneider-rockte-die-piano-buehne-oberthulba\\\/#primaryimage\"},\"thumbnailUrl\":\"http:\\\/\\\/www.jazzzeitung.de\\\/cms\\\/wp-content\\\/uploads\\\/2015\\\/12\\\/DSC03037-150x150.jpg\",\"datePublished\":\"2015-12-09T10:46:12+00:00\",\"dateModified\":\"2015-12-11T17:54:41+00:00\",\"breadcrumb\":{\"@id\":\"https:\\\/\\\/www.jazzzeitung.de\\\/cms\\\/2015\\\/12\\\/helge-schneider-rockte-die-piano-buehne-oberthulba\\\/#breadcrumb\"},\"inLanguage\":\"de\",\"potentialAction\":[{\"@type\":\"ReadAction\",\"target\":[\"https:\\\/\\\/www.jazzzeitung.de\\\/cms\\\/2015\\\/12\\\/helge-schneider-rockte-die-piano-buehne-oberthulba\\\/\"]}]},{\"@type\":\"ImageObject\",\"inLanguage\":\"de\",\"@id\":\"https:\\\/\\\/www.jazzzeitung.de\\\/cms\\\/2015\\\/12\\\/helge-schneider-rockte-die-piano-buehne-oberthulba\\\/#primaryimage\",\"url\":\"http:\\\/\\\/www.jazzzeitung.de\\\/cms\\\/wp-content\\\/uploads\\\/2015\\\/12\\\/DSC03037-150x150.jpg\",\"contentUrl\":\"http:\\\/\\\/www.jazzzeitung.de\\\/cms\\\/wp-content\\\/uploads\\\/2015\\\/12\\\/DSC03037-150x150.jpg\"},{\"@type\":\"BreadcrumbList\",\"@id\":\"https:\\\/\\\/www.jazzzeitung.de\\\/cms\\\/2015\\\/12\\\/helge-schneider-rockte-die-piano-buehne-oberthulba\\\/#breadcrumb\",\"itemListElement\":[{\"@type\":\"ListItem\",\"position\":1,\"name\":\"Startseite\",\"item\":\"https:\\\/\\\/www.jazzzeitung.de\\\/cms\\\/\"},{\"@type\":\"ListItem\",\"position\":2,\"name\":\"Helge Schneider rockte die Piano-B\u00fchne in Oberthulba\"}]},{\"@type\":\"WebSite\",\"@id\":\"https:\\\/\\\/www.jazzzeitung.de\\\/cms\\\/#website\",\"url\":\"https:\\\/\\\/www.jazzzeitung.de\\\/cms\\\/\",\"name\":\"JazzZeitung\",\"description\":\"Jazz-News und Jazz-Kontroverses\",\"publisher\":{\"@id\":\"https:\\\/\\\/www.jazzzeitung.de\\\/cms\\\/#organization\"},\"potentialAction\":[{\"@type\":\"SearchAction\",\"target\":{\"@type\":\"EntryPoint\",\"urlTemplate\":\"https:\\\/\\\/www.jazzzeitung.de\\\/cms\\\/?s={search_term_string}\"},\"query-input\":{\"@type\":\"PropertyValueSpecification\",\"valueRequired\":true,\"valueName\":\"search_term_string\"}}],\"inLanguage\":\"de\"},{\"@type\":\"Organization\",\"@id\":\"https:\\\/\\\/www.jazzzeitung.de\\\/cms\\\/#organization\",\"name\":\"JazzZeitung online\",\"url\":\"https:\\\/\\\/www.jazzzeitung.de\\\/cms\\\/\",\"logo\":{\"@type\":\"ImageObject\",\"inLanguage\":\"de\",\"@id\":\"https:\\\/\\\/www.jazzzeitung.de\\\/cms\\\/#\\\/schema\\\/logo\\\/image\\\/\",\"url\":\"https:\\\/\\\/i0.wp.com\\\/www.jazzzeitung.de\\\/cms\\\/wp-content\\\/uploads\\\/2015\\\/08\\\/JAZZZEITUNGDE_Logo_Neu.png?fit=499%2C200&ssl=1\",\"contentUrl\":\"https:\\\/\\\/i0.wp.com\\\/www.jazzzeitung.de\\\/cms\\\/wp-content\\\/uploads\\\/2015\\\/08\\\/JAZZZEITUNGDE_Logo_Neu.png?fit=499%2C200&ssl=1\",\"width\":499,\"height\":200,\"caption\":\"JazzZeitung online\"},\"image\":{\"@id\":\"https:\\\/\\\/www.jazzzeitung.de\\\/cms\\\/#\\\/schema\\\/logo\\\/image\\\/\"},\"sameAs\":[\"https:\\\/\\\/www.facebook.com\\\/JazzZeitung\\\/\"]},{\"@type\":\"Person\",\"@id\":\"https:\\\/\\\/www.jazzzeitung.de\\\/cms\\\/#\\\/schema\\\/person\\\/2245b36b9cd1d24cea10f01c031fb92b\",\"name\":\"Redaktion JazzZeitung\",\"image\":{\"@type\":\"ImageObject\",\"inLanguage\":\"de\",\"@id\":\"https:\\\/\\\/i0.wp.com\\\/www.jazzzeitung.de\\\/cms\\\/wp-content\\\/uploads\\\/2015\\\/08\\\/JAZZZEITUNGDE_Logo_Neu.png?resize=96%2C96&ssl=159975dcacb611b5700bd619b5daf0a7a\",\"url\":\"https:\\\/\\\/i0.wp.com\\\/www.jazzzeitung.de\\\/cms\\\/wp-content\\\/uploads\\\/2015\\\/08\\\/JAZZZEITUNGDE_Logo_Neu.png?resize=96%2C96&ssl=1\",\"contentUrl\":\"https:\\\/\\\/i0.wp.com\\\/www.jazzzeitung.de\\\/cms\\\/wp-content\\\/uploads\\\/2015\\\/08\\\/JAZZZEITUNGDE_Logo_Neu.png?resize=96%2C96&ssl=1\",\"caption\":\"Redaktion JazzZeitung\"},\"description\":\"Artikel der Redaktion der JazzZeitung.\",\"sameAs\":[\"http:\\\/\\\/www.jazzzeitung.de\\\/cms\\\/\"],\"url\":\"https:\\\/\\\/www.jazzzeitung.de\\\/cms\\\/author\\\/redaktion\\\/\"}]}<\/script>\n<!-- \/ Yoast SEO plugin. -->","yoast_head_json":{"title":"Helge Schneider rockte die Piano-B\u00fchne in Oberthulba - JazzZeitung","robots":{"index":"index","follow":"follow","max-snippet":"max-snippet:-1","max-image-preview":"max-image-preview:large","max-video-preview":"max-video-preview:-1"},"canonical":"https:\/\/www.jazzzeitung.de\/cms\/2015\/12\/helge-schneider-rockte-die-piano-buehne-oberthulba\/","og_locale":"de_DE","og_type":"article","og_title":"Helge Schneider rockte die Piano-B\u00fchne in Oberthulba - JazzZeitung","og_description":"Ein Live-Bericht vom 2.12.2105 des Veranstalters Peter Kleinhenz &#8211; Aus Oberhausen vom Konzert am Vortag\u00a0durch viele Baustellen versp\u00e4tet angereist \u00fcberpr\u00fcfte Helge Schneider erst mal professionell den Fl\u00fcgel, die B\u00fchnenaufstellung und die Mikrofone des BR. Nach mehrfachen Tests wurde dann doch ein gr\u00f6\u00dferer Fl\u00fcgel, n\u00e4mlich ein Steinway D 274, auf die B\u00fchne gebracht. Der vorher bestens gestimmte und mit Mikrofonen des BR genaustens eingestellte fast neue Steinway B 211 gefiel Helge nicht. Der \u201eLast-Minute&#8220;-Umtausch bescherte jedoch eine leichte Verstimmtheit des gro\u00dfen Konzert-Fl\u00fcgels was aber Helge geradezu verz\u00fcckte, da er sich an alte Zeiten erinnert f\u00fchlte. Auch Errol Garner hat bei seinen spektakul\u00e4ren Aufnahmen oft auf leicht verstimmten Instrumenten gespielt. Die Show begann p\u00fcnktlich um 20 Uhr mit einem in einen Zauberermantel geh\u00fcllten Helge. Das euphorische Publikum der seit Wochen ausverkauften Piano-B\u00fchne brachte die richtige Atmosph\u00e4re in den Konzertraum. Die hervorragenden und geduldigen Techniker des BR schnitten das Konzert f\u00fcr Radio und Online-TV\u00a0dezent\u00a0 mit. Es wird am Mittwoch, den 13. Januar 2016, um 23.05 Uhr\u00a0auf BR Klassik in der Sendung von Beate Sampson, \u201eJazz-Time\u201c\u00a0\u00a0gesendet. Der TV-Mitschnitt wird am 15. Dezember 2015 unter www.klassik.de auf der Seite des &hellip;","og_url":"https:\/\/www.jazzzeitung.de\/cms\/2015\/12\/helge-schneider-rockte-die-piano-buehne-oberthulba\/","og_site_name":"JazzZeitung","article_publisher":"https:\/\/www.facebook.com\/JazzZeitung\/","article_published_time":"2015-12-09T10:46:12+00:00","article_modified_time":"2015-12-11T17:54:41+00:00","og_image":[{"url":"http:\/\/www.jazzzeitung.de\/cms\/wp-content\/uploads\/2015\/12\/DSC03037-150x150.jpg","type":"","width":"","height":""}],"author":"Redaktion JazzZeitung","schema":{"@context":"https:\/\/schema.org","@graph":[{"@type":"Article","@id":"https:\/\/www.jazzzeitung.de\/cms\/2015\/12\/helge-schneider-rockte-die-piano-buehne-oberthulba\/#article","isPartOf":{"@id":"https:\/\/www.jazzzeitung.de\/cms\/2015\/12\/helge-schneider-rockte-die-piano-buehne-oberthulba\/"},"author":{"name":"Redaktion JazzZeitung","@id":"https:\/\/www.jazzzeitung.de\/cms\/#\/schema\/person\/2245b36b9cd1d24cea10f01c031fb92b"},"headline":"Helge Schneider rockte die Piano-B\u00fchne in Oberthulba","datePublished":"2015-12-09T10:46:12+00:00","dateModified":"2015-12-11T17:54:41+00:00","mainEntityOfPage":{"@id":"https:\/\/www.jazzzeitung.de\/cms\/2015\/12\/helge-schneider-rockte-die-piano-buehne-oberthulba\/"},"wordCount":471,"commentCount":0,"publisher":{"@id":"https:\/\/www.jazzzeitung.de\/cms\/#organization"},"image":{"@id":"https:\/\/www.jazzzeitung.de\/cms\/2015\/12\/helge-schneider-rockte-die-piano-buehne-oberthulba\/#primaryimage"},"thumbnailUrl":"http:\/\/www.jazzzeitung.de\/cms\/wp-content\/uploads\/2015\/12\/DSC03037-150x150.jpg","keywords":["Beate Sampson","Bericht","Free Jazz","Helge Schneider","Interview","Klassik","Konzert","Piano","Piano-B\u00fchne Oberthulba","Radio","Sendung","TV"],"articleSection":["Bericht"],"inLanguage":"de","potentialAction":[{"@type":"CommentAction","name":"Comment","target":["https:\/\/www.jazzzeitung.de\/cms\/2015\/12\/helge-schneider-rockte-die-piano-buehne-oberthulba\/#respond"]}]},{"@type":"WebPage","@id":"https:\/\/www.jazzzeitung.de\/cms\/2015\/12\/helge-schneider-rockte-die-piano-buehne-oberthulba\/","url":"https:\/\/www.jazzzeitung.de\/cms\/2015\/12\/helge-schneider-rockte-die-piano-buehne-oberthulba\/","name":"Helge Schneider rockte die Piano-B\u00fchne in Oberthulba - JazzZeitung","isPartOf":{"@id":"https:\/\/www.jazzzeitung.de\/cms\/#website"},"primaryImageOfPage":{"@id":"https:\/\/www.jazzzeitung.de\/cms\/2015\/12\/helge-schneider-rockte-die-piano-buehne-oberthulba\/#primaryimage"},"image":{"@id":"https:\/\/www.jazzzeitung.de\/cms\/2015\/12\/helge-schneider-rockte-die-piano-buehne-oberthulba\/#primaryimage"},"thumbnailUrl":"http:\/\/www.jazzzeitung.de\/cms\/wp-content\/uploads\/2015\/12\/DSC03037-150x150.jpg","datePublished":"2015-12-09T10:46:12+00:00","dateModified":"2015-12-11T17:54:41+00:00","breadcrumb":{"@id":"https:\/\/www.jazzzeitung.de\/cms\/2015\/12\/helge-schneider-rockte-die-piano-buehne-oberthulba\/#breadcrumb"},"inLanguage":"de","potentialAction":[{"@type":"ReadAction","target":["https:\/\/www.jazzzeitung.de\/cms\/2015\/12\/helge-schneider-rockte-die-piano-buehne-oberthulba\/"]}]},{"@type":"ImageObject","inLanguage":"de","@id":"https:\/\/www.jazzzeitung.de\/cms\/2015\/12\/helge-schneider-rockte-die-piano-buehne-oberthulba\/#primaryimage","url":"http:\/\/www.jazzzeitung.de\/cms\/wp-content\/uploads\/2015\/12\/DSC03037-150x150.jpg","contentUrl":"http:\/\/www.jazzzeitung.de\/cms\/wp-content\/uploads\/2015\/12\/DSC03037-150x150.jpg"},{"@type":"BreadcrumbList","@id":"https:\/\/www.jazzzeitung.de\/cms\/2015\/12\/helge-schneider-rockte-die-piano-buehne-oberthulba\/#breadcrumb","itemListElement":[{"@type":"ListItem","position":1,"name":"Startseite","item":"https:\/\/www.jazzzeitung.de\/cms\/"},{"@type":"ListItem","position":2,"name":"Helge Schneider rockte die Piano-B\u00fchne in Oberthulba"}]},{"@type":"WebSite","@id":"https:\/\/www.jazzzeitung.de\/cms\/#website","url":"https:\/\/www.jazzzeitung.de\/cms\/","name":"JazzZeitung","description":"Jazz-News und Jazz-Kontroverses","publisher":{"@id":"https:\/\/www.jazzzeitung.de\/cms\/#organization"},"potentialAction":[{"@type":"SearchAction","target":{"@type":"EntryPoint","urlTemplate":"https:\/\/www.jazzzeitung.de\/cms\/?s={search_term_string}"},"query-input":{"@type":"PropertyValueSpecification","valueRequired":true,"valueName":"search_term_string"}}],"inLanguage":"de"},{"@type":"Organization","@id":"https:\/\/www.jazzzeitung.de\/cms\/#organization","name":"JazzZeitung online","url":"https:\/\/www.jazzzeitung.de\/cms\/","logo":{"@type":"ImageObject","inLanguage":"de","@id":"https:\/\/www.jazzzeitung.de\/cms\/#\/schema\/logo\/image\/","url":"https:\/\/i0.wp.com\/www.jazzzeitung.de\/cms\/wp-content\/uploads\/2015\/08\/JAZZZEITUNGDE_Logo_Neu.png?fit=499%2C200&ssl=1","contentUrl":"https:\/\/i0.wp.com\/www.jazzzeitung.de\/cms\/wp-content\/uploads\/2015\/08\/JAZZZEITUNGDE_Logo_Neu.png?fit=499%2C200&ssl=1","width":499,"height":200,"caption":"JazzZeitung online"},"image":{"@id":"https:\/\/www.jazzzeitung.de\/cms\/#\/schema\/logo\/image\/"},"sameAs":["https:\/\/www.facebook.com\/JazzZeitung\/"]},{"@type":"Person","@id":"https:\/\/www.jazzzeitung.de\/cms\/#\/schema\/person\/2245b36b9cd1d24cea10f01c031fb92b","name":"Redaktion JazzZeitung","image":{"@type":"ImageObject","inLanguage":"de","@id":"https:\/\/i0.wp.com\/www.jazzzeitung.de\/cms\/wp-content\/uploads\/2015\/08\/JAZZZEITUNGDE_Logo_Neu.png?resize=96%2C96&ssl=159975dcacb611b5700bd619b5daf0a7a","url":"https:\/\/i0.wp.com\/www.jazzzeitung.de\/cms\/wp-content\/uploads\/2015\/08\/JAZZZEITUNGDE_Logo_Neu.png?resize=96%2C96&ssl=1","contentUrl":"https:\/\/i0.wp.com\/www.jazzzeitung.de\/cms\/wp-content\/uploads\/2015\/08\/JAZZZEITUNGDE_Logo_Neu.png?resize=96%2C96&ssl=1","caption":"Redaktion JazzZeitung"},"description":"Artikel der Redaktion der JazzZeitung.","sameAs":["http:\/\/www.jazzzeitung.de\/cms\/"],"url":"https:\/\/www.jazzzeitung.de\/cms\/author\/redaktion\/"}]}},"wp-worthy-pixel":{"ignored":false,"public":null,"server":null,"url":null},"wp-worthy-type":"normal","jetpack_publicize_connections":[],"cc_featured_image_caption":{"caption_text":false,"source_text":false,"source_url":false},"jetpack_featured_media_url":"","jetpack_shortlink":"https:\/\/wp.me\/p3KEcT-23K","jetpack-related-posts":[{"id":7805,"url":"https:\/\/www.jazzzeitung.de\/cms\/2015\/11\/helge-kommt-nach-oberthulba\/","url_meta":{"origin":7920,"position":0},"title":"HELGE kommt nach Oberthulba!","author":"Redaktion JazzZeitung","date":"24. November 2015","format":false,"excerpt":"Nach einem Jahr Konzert-Pause und Vorstellung seines Buches \"Orang Utan Klaus\" mit damit verbundener bundesweiter Vorlesereise kommt Helge Schneider vor seiner n\u00e4chsten gro\u00dfen Tournee \"Lass Knacken Oppa\" am Mittwoch, 02. Dezember 2015 um 20 Uhr auf die Piano-B\u00fchne. Bereits im Jahr 2003 gastierte Helge, damals mit Charly Antolini am Schlagzeug\u2026","rel":"","context":"In &quot;News&quot;","block_context":{"text":"News","link":"https:\/\/www.jazzzeitung.de\/cms\/thema\/nachrichten\/"},"img":{"alt_text":"Helge 1,3 M","src":"https:\/\/i0.wp.com\/www.jazzzeitung.de\/cms\/wp-content\/uploads\/2015\/11\/Helge-13-M-150x150.jpg?resize=350%2C200","width":350,"height":200},"classes":[]},{"id":11619,"url":"https:\/\/www.jazzzeitung.de\/cms\/2017\/02\/helge-kommt-nach-oberthulba-2\/","url_meta":{"origin":7920,"position":1},"title":"+++ Helge kommt&#8230; nach Oberthulba +++","author":"Redaktion JazzZeitung","date":"6. Februar 2017","format":false,"excerpt":"Bereits zum dritten Mal gibt sich Helge Schneider die Ehre - am Samstag 18. Februar 2017 um 20 Uhr auf der Piano-B\u00fchne in 97723 Oberthulba: Helge Schneider & Pete York\u00a0 \"the art of swing\". Mit dem bekannten Drummer Pete York, ehemals Spencer Davis Group, wird Helge sein creatives Musikexperiment ,\u2026","rel":"","context":"In &quot;News&quot;","block_context":{"text":"News","link":"https:\/\/www.jazzzeitung.de\/cms\/thema\/nachrichten\/"},"img":{"alt_text":"","src":"https:\/\/i0.wp.com\/www.jazzzeitung.de\/cms\/wp-content\/uploads\/2017\/02\/Helge-14MB-e1486371168740-150x150.jpg?resize=350%2C200","width":350,"height":200},"classes":[]},{"id":8531,"url":"https:\/\/www.jazzzeitung.de\/cms\/2016\/02\/news-boogie-woogie-blues-piano-die-klaenge-der-anderen-neuer-deutscher-jazzpreis-mannheim-2016\/","url_meta":{"origin":7920,"position":2},"title":"+++ News +++ Boogie &#038; Woogie-Blues-Piano +++ Die Kl\u00e4nge der Anderen +++ Neuer Deutscher Jazzpreis Mannheim 2016 +++","author":"Redaktion JazzZeitung","date":"26. Februar 2016","format":false,"excerpt":"+++ Boogie & Woogie-Blues-Piano +++ Der Hamburger Axel Zwingenberger spielt am Freitag, den 11. M\u00e4rz 2016 Blues und Boogie & Woogie auf der Piano-B\u00fchne Oberthulba. Seit 2001 ist der aus Radio und TV bekannte Pianist Stammgast auf dieser B\u00fchne. Er trat unter anderem mit Llionel Hampton, Ray Briant, Charly Watts\u2026","rel":"","context":"In &quot;News&quot;","block_context":{"text":"News","link":"https:\/\/www.jazzzeitung.de\/cms\/thema\/nachrichten\/"},"img":{"alt_text":"","src":"https:\/\/i0.wp.com\/www.jazzzeitung.de\/cms\/wp-content\/uploads\/2016\/02\/Zwingenberger-300x200.jpg?resize=350%2C200","width":350,"height":200},"classes":[]},{"id":31147,"url":"https:\/\/www.jazzzeitung.de\/cms\/2024\/06\/terrence-ngassa-willy-ketzer-trio-auf-piano-buehne-oberthulba\/","url_meta":{"origin":7920,"position":3},"title":"Terrence Ngassa &#038; Willy-Ketzer-Trio auf Piano-B\u00fchne Oberthulba","author":"Redaktion JazzZeitung","date":"5. Juni 2024","format":false,"excerpt":"(Pressemeldung) Am Mittwoch den 3. Juli 2024 ab 20 Uhr findet auf der Piano-B\u00fchne, 97723 Oberthulba wieder ein spektakul\u00e4res Konzert statt. Unter dem Titel \"Funky Louis Armstrong\" musizieren das Terrence Ngassa & Willy-Ketzer-Trio (ehem. Paul-Kuhn-Trio) in der Besetzung Terrence Ngassa (Vocals\/Trumpet), Jan Eschke (Piano), Jens Foltinovicz (Bass) und Willy Ketzer\u2026","rel":"","context":"In &quot;News&quot;","block_context":{"text":"News","link":"https:\/\/www.jazzzeitung.de\/cms\/thema\/nachrichten\/"},"img":{"alt_text":"","src":"https:\/\/i0.wp.com\/www.jazzzeitung.de\/cms\/wp-content\/uploads\/2024\/06\/ngassa-scaled.jpg?fit=1200%2C798&ssl=1&resize=350%2C200","width":350,"height":200,"srcset":"https:\/\/i0.wp.com\/www.jazzzeitung.de\/cms\/wp-content\/uploads\/2024\/06\/ngassa-scaled.jpg?fit=1200%2C798&ssl=1&resize=350%2C200 1x, https:\/\/i0.wp.com\/www.jazzzeitung.de\/cms\/wp-content\/uploads\/2024\/06\/ngassa-scaled.jpg?fit=1200%2C798&ssl=1&resize=525%2C300 1.5x, https:\/\/i0.wp.com\/www.jazzzeitung.de\/cms\/wp-content\/uploads\/2024\/06\/ngassa-scaled.jpg?fit=1200%2C798&ssl=1&resize=700%2C400 2x, https:\/\/i0.wp.com\/www.jazzzeitung.de\/cms\/wp-content\/uploads\/2024\/06\/ngassa-scaled.jpg?fit=1200%2C798&ssl=1&resize=1050%2C600 3x"},"classes":[]},{"id":33477,"url":"https:\/\/www.jazzzeitung.de\/cms\/2025\/12\/piano-buehne-oberthulba-wird-25-konzert-mit-al-jones\/","url_meta":{"origin":7920,"position":4},"title":"Piano-B\u00fchne Oberthulba wird 25, Konzert mit Al Jones","author":"Redaktion JazzZeitung","date":"15. Dezember 2025","format":false,"excerpt":"(PM) Die Piano-B\u00fchne von Peter Kleinhenz wird 2026 nun 25 Jahre alt. Die Genres Jazz, Blues, Funky Soul, R&B und Comedy werden vorrangig gespielt.\u00a0Die B\u00fchne wird von Peter und Beatrix Kleinhenz mit viel Leidenschaft und Einsatz zusammen mit Verwandtschaft und angestellten Helfern betrieben. Finanziert wird sie ausschlie\u00dflich \u00fcber die Ticketpreise,\u2026","rel":"","context":"In &quot;News&quot;","block_context":{"text":"News","link":"https:\/\/www.jazzzeitung.de\/cms\/thema\/nachrichten\/"},"img":{"alt_text":"","src":"https:\/\/i0.wp.com\/www.jazzzeitung.de\/cms\/wp-content\/uploads\/2025\/12\/kleinhenz1-scaled.jpg?fit=1200%2C800&ssl=1&resize=350%2C200","width":350,"height":200,"srcset":"https:\/\/i0.wp.com\/www.jazzzeitung.de\/cms\/wp-content\/uploads\/2025\/12\/kleinhenz1-scaled.jpg?fit=1200%2C800&ssl=1&resize=350%2C200 1x, https:\/\/i0.wp.com\/www.jazzzeitung.de\/cms\/wp-content\/uploads\/2025\/12\/kleinhenz1-scaled.jpg?fit=1200%2C800&ssl=1&resize=525%2C300 1.5x, https:\/\/i0.wp.com\/www.jazzzeitung.de\/cms\/wp-content\/uploads\/2025\/12\/kleinhenz1-scaled.jpg?fit=1200%2C800&ssl=1&resize=700%2C400 2x, https:\/\/i0.wp.com\/www.jazzzeitung.de\/cms\/wp-content\/uploads\/2025\/12\/kleinhenz1-scaled.jpg?fit=1200%2C800&ssl=1&resize=1050%2C600 3x"},"classes":[]},{"id":1056,"url":"https:\/\/www.jazzzeitung.de\/cms\/2011\/06\/helges-heimatabend-in-moers-abgesagt\/","url_meta":{"origin":7920,"position":5},"title":"&#8222;Helge&#8217;s Heimatabend&#8220; in Moers abgesagt","author":"Ursula Gaisa","date":"9. Juni 2011","format":false,"excerpt":"Folgende Pressemitteilung erreichte uns heute aus Moers HELGE'S HEIMATABEND ABGESAGT Sehr geehrte Vertreter der Redaktionen, liebe Journalisten, leider m\u00fcssen wir den f\u00fcr Pfingstmontag geplanten Heimatabend mit Helge Schneider absagen. Nachdem Helge Schneider gestern alle Konzerte bis Ende Juli wegen Ersch\u00f6pfung abgesagt hatte, sind Festivalchef Reiner Michalke und Helge Schneider heute\u2026","rel":"","context":"In &quot;Blog&quot;","block_context":{"text":"Blog","link":"https:\/\/www.jazzzeitung.de\/cms\/thema\/blog\/"},"img":{"alt_text":"","src":"","width":0,"height":0},"classes":[]}],"jetpack_sharing_enabled":true,"_links":{"self":[{"href":"https:\/\/www.jazzzeitung.de\/cms\/wp-json\/wp\/v2\/posts\/7920","targetHints":{"allow":["GET"]}}],"collection":[{"href":"https:\/\/www.jazzzeitung.de\/cms\/wp-json\/wp\/v2\/posts"}],"about":[{"href":"https:\/\/www.jazzzeitung.de\/cms\/wp-json\/wp\/v2\/types\/post"}],"author":[{"embeddable":true,"href":"https:\/\/www.jazzzeitung.de\/cms\/wp-json\/wp\/v2\/users\/18"}],"replies":[{"embeddable":true,"href":"https:\/\/www.jazzzeitung.de\/cms\/wp-json\/wp\/v2\/comments?post=7920"}],"version-history":[{"count":4,"href":"https:\/\/www.jazzzeitung.de\/cms\/wp-json\/wp\/v2\/posts\/7920\/revisions"}],"predecessor-version":[{"id":7941,"href":"https:\/\/www.jazzzeitung.de\/cms\/wp-json\/wp\/v2\/posts\/7920\/revisions\/7941"}],"wp:attachment":[{"href":"https:\/\/www.jazzzeitung.de\/cms\/wp-json\/wp\/v2\/media?parent=7920"}],"wp:term":[{"taxonomy":"category","embeddable":true,"href":"https:\/\/www.jazzzeitung.de\/cms\/wp-json\/wp\/v2\/categories?post=7920"},{"taxonomy":"post_tag","embeddable":true,"href":"https:\/\/www.jazzzeitung.de\/cms\/wp-json\/wp\/v2\/tags?post=7920"},{"taxonomy":"author","embeddable":true,"href":"https:\/\/www.jazzzeitung.de\/cms\/wp-json\/wp\/v2\/coauthors?post=7920"}],"curies":[{"name":"wp","href":"https:\/\/api.w.org\/{rel}","templated":true}]}}